
			
				

					
				

			
		{"items":"\n\t\t\t\t\t\t\t\t\t\t\t\t\t\t<link rel=\"stylesheet\" id=\"wd-post-types-mod-categories-style-bg-css\" href=\"https:\/\/desarrollocristiano.pe\/wp-content\/themes\/woodmart\/css\/parts\/post-types-mod-categories-style-bg.min.css?ver=8.2.7\" type=\"text\/css\" media=\"all\" \/> \t\t\t\n<article id=\"post-59325\" class=\"wd-post blog-design-chess blog-post-loop blog-design-small-images blog-style-bg wd-add-shadow wd-col post-59325 post type-post status-publish format-standard has-post-thumbnail hentry category-reflexionando-en-semana-santa\">\n\t<div class=\"wd-post-inner article-inner\">\n\t\t\t\t\t<div class=\"wd-post-thumb entry-header\">\n\t\t\t\t\t\t\t\t\t<div class=\"wd-post-img post-img-wrapp\">\n\t\t\t\t\t\t<img width=\"320\" height=\"160\" src=\"https:\/\/desarrollocristiano.pe\/wp-content\/uploads\/2021\/03\/corazon-320x160.jpg\" class=\"attachment-large size-large\" alt=\"\" decoding=\"async\" fetchpriority=\"high\" srcset=\"https:\/\/desarrollocristiano.pe\/wp-content\/uploads\/2021\/03\/corazon-320x160.jpg 320w, https:\/\/desarrollocristiano.pe\/wp-content\/uploads\/2021\/03\/corazon-600x300.jpg 600w, https:\/\/desarrollocristiano.pe\/wp-content\/uploads\/2021\/03\/corazon-150x75.jpg 150w, https:\/\/desarrollocristiano.pe\/wp-content\/uploads\/2021\/03\/corazon.jpg 700w\" sizes=\"(max-width: 320px) 100vw, 320px\" \/>\t\t\t\t\t<\/div>\n\t\t\t\t\t<a class=\"wd-fill\" href=\"https:\/\/desarrollocristiano.pe\/no-dejemos-de-celebrar\/\"><\/a>\n\t\t\t\t\n\t\t\t\t\t\t\t\t\t\t\t\t<link rel=\"stylesheet\" id=\"wd-post-types-mod-date-style-bg-css\" href=\"https:\/\/desarrollocristiano.pe\/wp-content\/themes\/woodmart\/css\/parts\/post-types-mod-date-style-bg.min.css?ver=8.2.7\" type=\"text\/css\" media=\"all\" \/> \t\t\t\t\t\t<div class=\"wd-post-date wd-style-with-bg\">\n\t\t\t\t<span class=\"post-date-day\">\n\t\t\t\t\t01\t\t\t\t<\/span>\n\t\t\t\t<span class=\"post-date-month\">\n\t\t\t\t\tAbr\t\t\t\t<\/span>\n\t\t\t<\/div>\n\t\t\t\t\t\t\t\t\t<\/div>\n\t\t\n\t\t<div class=\"wd-post-content article-body-container\">\n\t\t\t\t\t\t\t<div class=\"wd-post-cat wd-style-with-bg meta-post-categories\">\n\t\t\t\t\t<a href=\"https:\/\/desarrollocristiano.pe\/categorias\/reflexionando-en-semana-santa\/\" rel=\"category tag\">Reflexionando en Semana Santa<\/a>\t\t\t\t<\/div>\n\t\t\t\n\t\t\t\t\t\t\t<h3 class=\"wd-post-title wd-entities-title title post-title\">\n\t\t\t\t\t<a href=\"https:\/\/desarrollocristiano.pe\/no-dejemos-de-celebrar\/\" rel=\"bookmark\">No dejemos de celebrar \u2026<\/a>\n\t\t\t\t<\/h3>\n\t\t\t\n\t\t\t\t\t\t\t<div class=\"wd-post-meta\">\n\t\t\t\t\t\t\t\t\t\t\t\t\t<link rel=\"stylesheet\" id=\"wd-blog-mod-author-css\" href=\"https:\/\/desarrollocristiano.pe\/wp-content\/themes\/woodmart\/css\/parts\/blog-mod-author.min.css?ver=8.2.7\" type=\"text\/css\" media=\"all\" \/> \t\t\t\t\t\t\t\t<div class=\"wd-post-author\">\n\t\t\t\t\t\t\t\t\t\t\t<span>Posteado por<\/span>\n\t\t\n\t\t\t\t\t<img alt='author-avatar' src='https:\/\/secure.gravatar.com\/avatar\/8f331515e2139e7ffacac78d5e21bc88ee625065cad5d063ef4da73b7cbcfc2d?s=18&#038;d=mm&#038;r=g' srcset='https:\/\/secure.gravatar.com\/avatar\/8f331515e2139e7ffacac78d5e21bc88ee625065cad5d063ef4da73b7cbcfc2d?s=36&#038;d=mm&#038;r=g 2x' class='avatar avatar-18 photo' height='18' width='18' decoding='async'\/>\t\t\n\t\t\t\t\t<a href=\"https:\/\/desarrollocristiano.pe\/author\/aprnimda7720\/\" class=\"author\" rel=\"author\">Administrador<\/a>\n\t\t\t\t\t\t\t\t\t<\/div>\n\t\t\t\t\t<div class=\"wd-modified-date\">\n\t\t\t\t\t\t\t\t<time class=\"updated\" datetime=\"2021-04-22T16:15:42-05:00\">\n\t\t\t22\/04\/2021\t\t<\/time>\n\t\t\t\t\t\t\t<\/div>\n\n\t\t\t\t\t\t\t\t\t\t\t<div class=\"wd-post-share wd-tltp\">\n\t\t\t\t\t\t\t<div class=\"tooltip top\">\n\t\t\t\t\t\t\t\t<div class=\"tooltip-inner\">\n\t\t\t\t\t\t\t\t\t\t\t\t<link rel=\"stylesheet\" id=\"wd-social-icons-css\" href=\"https:\/\/desarrollocristiano.pe\/wp-content\/themes\/woodmart\/css\/parts\/el-social-icons.min.css?ver=8.2.7\" type=\"text\/css\" media=\"all\" \/> \t\t\t\t\t\t<div\n\t\t\t\t\t\tclass=\" wd-social-icons  wd-style-default wd-size-small social-share wd-shape-circle color-scheme-light text-center\">\n\t\t\t\t\n\t\t\t\t\n\t\t\t\t\t\t\t\t\t<a rel=\"noopener noreferrer nofollow\" href=\"https:\/\/www.facebook.com\/sharer\/sharer.php?u=https:\/\/desarrollocristiano.pe\/articulos-pastorales\/\" target=\"_blank\" class=\" wd-social-icon social-facebook\" aria-label=\"Facebook social link\">\n\t\t\t\t\t\t<span class=\"wd-icon\"><\/span>\n\t\t\t\t\t\t\t\t\t\t\t<\/a>\n\t\t\t\t\n\t\t\t\t\t\t\t\t\t<a rel=\"noopener noreferrer nofollow\" href=\"https:\/\/x.com\/share?url=https:\/\/desarrollocristiano.pe\/articulos-pastorales\/\" target=\"_blank\" class=\" wd-social-icon social-twitter\" aria-label=\"X social link\">\n\t\t\t\t\t\t<span class=\"wd-icon\"><\/span>\n\t\t\t\t\t\t\t\t\t\t\t<\/a>\n\t\t\t\t\n\t\t\t\t\n\t\t\t\t\t\t\t\t\t<a rel=\"noopener noreferrer nofollow\" href=\"mailto:?subject=Check%20this%20https:\/\/desarrollocristiano.pe\/articulos-pastorales\/\" target=\"_blank\" class=\" wd-social-icon social-email\" aria-label=\"Email social link\">\n\t\t\t\t\t\t<span class=\"wd-icon\"><\/span>\n\t\t\t\t\t\t\t\t\t\t\t<\/a>\n\t\t\t\t\n\t\t\t\t\n\t\t\t\t\n\t\t\t\t\n\t\t\t\t\t\t\t\t\t<a rel=\"noopener noreferrer nofollow\" href=\"https:\/\/pinterest.com\/pin\/create\/button\/?url=https:\/\/desarrollocristiano.pe\/articulos-pastorales\/&media=https:\/\/desarrollocristiano.pe\/wp-content\/uploads\/2021\/03\/corazon.jpg&description=No+dejemos+de+celebrar+%E2%80%A6\" target=\"_blank\" class=\" wd-social-icon social-pinterest\" aria-label=\"Pinterest social link\">\n\t\t\t\t\t\t<span class=\"wd-icon\"><\/span>\n\t\t\t\t\t\t\t\t\t\t\t<\/a>\n\t\t\t\t\n\t\t\t\t\n\t\t\t\t\t\t\t\t\t<a rel=\"noopener noreferrer nofollow\" href=\"https:\/\/www.linkedin.com\/shareArticle?mini=true&url=https:\/\/desarrollocristiano.pe\/articulos-pastorales\/\" target=\"_blank\" class=\" wd-social-icon social-linkedin\" aria-label=\"Linkedin social link\">\n\t\t\t\t\t\t<span class=\"wd-icon\"><\/span>\n\t\t\t\t\t\t\t\t\t\t\t<\/a>\n\t\t\t\t\n\t\t\t\t\n\t\t\t\t\n\t\t\t\t\n\t\t\t\t\n\t\t\t\t\n\t\t\t\t\n\t\t\t\t\n\t\t\t\t\n\t\t\t\t\t\t\t\t\t<a rel=\"noopener noreferrer nofollow\" href=\"https:\/\/api.whatsapp.com\/send?text=https%3A%2F%2Fdesarrollocristiano.pe%2Farticulos-pastorales%2F\" target=\"_blank\" class=\"wd-hide-md  wd-social-icon social-whatsapp\" aria-label=\"WhatsApp social link\">\n\t\t\t\t\t\t<span class=\"wd-icon\"><\/span>\n\t\t\t\t\t\t\t\t\t\t\t<\/a>\n\n\t\t\t\t\t<a rel=\"noopener noreferrer nofollow\" href=\"whatsapp:\/\/send?text=https%3A%2F%2Fdesarrollocristiano.pe%2Farticulos-pastorales%2F\" target=\"_blank\" class=\"wd-hide-lg  wd-social-icon social-whatsapp\" aria-label=\"WhatsApp social link\">\n\t\t\t\t\t\t<span class=\"wd-icon\"><\/span>\n\t\t\t\t\t\t\t\t\t\t\t<\/a>\n\t\t\t\t\n\t\t\t\t\n\t\t\t\t\n\t\t\t\t\n\t\t\t\t\n\t\t\t\t\n\t\t\t\t\t\t\t\t\t<a rel=\"noopener noreferrer nofollow\" href=\"https:\/\/telegram.me\/share\/url?url=https:\/\/desarrollocristiano.pe\/articulos-pastorales\/\" target=\"_blank\" class=\" wd-social-icon social-tg\" aria-label=\"Telegram social link\">\n\t\t\t\t\t\t<span class=\"wd-icon\"><\/span>\n\t\t\t\t\t\t\t\t\t\t\t<\/a>\n\t\t\t\t\n\t\t\t\t\n\t\t\t<\/div>\n\n\t\t\t\t\t\t\t\t\t\t<\/div>\n\t\t\t\t\t\t\t\t<div class=\"tooltip-arrow\"><\/div>\n\t\t\t\t\t\t\t<\/div>\n\t\t\t\t\t\t<\/div>\n\t\t\t\t\t\n\t\t\t\t\t\t\t\t\t\t\t\t\t\t<link rel=\"stylesheet\" id=\"wd-blog-mod-comments-button-css\" href=\"https:\/\/desarrollocristiano.pe\/wp-content\/themes\/woodmart\/css\/parts\/blog-mod-comments-button.min.css?ver=8.2.7\" type=\"text\/css\" media=\"all\" \/> \t\t\t\t\t\t\t\t\t<div class=\"wd-post-reply wd-style-1\">\n\t\t\t\t\t\t\t<a href=\"https:\/\/desarrollocristiano.pe\/no-dejemos-de-celebrar\/#respond\"><span class=\"wd-replies-count\">0<\/span><\/a>\t\t\t\t\t\t<\/div>\n\t\t\t\t\t\t\t\t\t<\/div>\n\t\t\t\n\t\t\t\t\t\t\t\t\t\t\t\t<div class=\"wd-post-excerpt entry-content\">\n\t\t\t\t\t\t<div class=\"wpb-content-wrapper\"><div class=\"vc_row wpb_row vc_row-fluid\"><div class=\"wpb_column vc_column_container vc_col-sm-12\"><div class=\"vc_column-inner\"><div class=\"wpb_wrapper\">\n\t<div class=\"wpb_text_column wpb_content_element texto_parrafo text-larger\" >\n\t\t<div class=\"wpb_wrapper\">\n\t\t\t<p>Fuente: <a href=\"http:\/\/desarrollocristiano.com\/no-dejemos-de-celebrar\/\">Desarrollo Cristiano Internacional<\/a><\/p>\n<p align=\"justify\">En los \u00faltimos a\u00f1os he estado observando y preguntando acerca de las pr\u00e1cticas que tienen las diferentes iglesias para celebrar Navidad y Semana Santa. En m\u00e1s de la mitad de las iglesias estos d\u00edas transcurren como cualquier otro, sin aprovecharlos en absoluto.<\/p>\n<p align=\"justify\">\u00ab\u00bfPor qu\u00e9 no creen ustedes que Jes\u00fas muri\u00f3 y resucit\u00f3?\u00bb pregunt\u00f3 un hombre cat\u00f3lico. \u00abUstedes no celebran Semana Santa, \u00bfno es cierto?\u00bb<\/p>\n<p align=\"justify\">Lo cierto es que muchas iglesias cristianas evang\u00e9licas no s\u00f3lo no hacen nada en Navidad y Semana Santa, sino que aun se resisten a casi todas las celebraciones especiales, ritos o ceremonias.<\/p>\n<p align=\"justify\">Para muchos cristianos evang\u00e9licos \u00abSemana Santa\u00bb es, como la llaman en Uruguay, \u00abla semana del turismo\u00bb. En esta \u00faltima Semana Santa, descubr\u00ed que muchos pastores hab\u00edan ido a la playa, otros a visitar a sus familias, y en algunos casos las reuniones fueron canceladas o combinadas con otras iglesias.<\/p>\n<p align=\"justify\">La explicaci\u00f3n m\u00e1s com\u00fan es que estas fiestas ingresaron a la iglesia provenientes del paganismo; entonces como evang\u00e9licos, se supone que no debemos celebrarlas. Hace poco escuch\u00e9 a un conocido predicador decir por la radio que Jes\u00fas realmente no naci\u00f3 un 25 de diciembre (con lo que todos estamos de acuerdo), ni fue crucificado durante el tiempo que llamamos Semana Santa, y que a trav\u00e9s de la historia la iglesia \u00abcristianiz\u00f3\u00bb ciertas fiestas paganas para celebrar el nacimiento y la resurrecci\u00f3n de Cristo. Por lo que, seg\u00fan este predicador, no debemos tener ninguna participaci\u00f3n en ellas.<\/p>\n<p align=\"justify\">Cabe preguntarnos si ese argumento es realmente v\u00e1lido. Utilizando el mismo argumento, podr\u00edamos decir que jam\u00e1s deber\u00edamos construir un edificio para usarlo como iglesia, ya que en los primeros 300 a\u00f1os del cristianismo los creyentes no edificaron ning\u00fan edificio con ese fin. Eran los paganos los que ten\u00edan templos y Dios permiti\u00f3 que el templo en Jerusal\u00e9n fuera destruido.<\/p>\n<p align=\"justify\">Tenemos muchas contradicciones. No encontramos a Jes\u00fas o a sus disc\u00edpulos realizando casamientos como ceremonia religiosa; sin embargo, nosotros s\u00ed lo hacemos. La historia de Juan 2 no es argumento v\u00e1lido para llevar a cabo una ceremonia religiosa. Jes\u00fas solo asisti\u00f3 como invitado a una celebraci\u00f3n al t\u00edpico estilo judaico. Jes\u00fas no intervino dando un mensaje o haciendo una oraci\u00f3n, sino produciendo m\u00e1s vino. (Y si Jes\u00fas repitiera este acto hoy, posiblemente habr\u00eda esc\u00e1ndalo en la mayor\u00eda de nuestras iglesias, y j\u00fabilo en otras).<\/p>\n<p align=\"justify\">Tal vez lo que debi\u00e9ramos preguntarnos es: \u00bfpor qu\u00e9 la iglesia hist\u00f3ricamente comenz\u00f3 a edificar iglesias, a celebrar casamientos y a remarcar ciertas fechas? Necesitamos discernir entre lo que es la violaci\u00f3n de un principio b\u00edblico y lo que es la aplicaci\u00f3n de la sabidur\u00eda que Dios nos ha ordenado buscar.<\/p>\n<p align=\"justify\">Al escribir este art\u00edculo me encuentro en un avi\u00f3n, camino a Per\u00fa. La Biblia en ning\u00fan lugar autoriza el uso del avi\u00f3n; es un invento moderno. \u00bfDebo no volar entonces? \u00bfO debo agradecer a Dios por el gran don de la mente humana, que pudo hacer aviones que me permiten servirle mejor?<\/p>\n<p align=\"justify\">Otro argumento popular es que la ceremonia o rito termina en vanas repeticiones. No hay duda de que toda ceremonia puede terminar siendo repetitiva y vac\u00eda. \u00bfDebo entonces abandonarla? \u00bfDebo dejar de agradecer a Dios por las comidas porque resulta factible que en algunas oraciones yo o alguien en nuestra mesa las considere repetitivas y sin gratitud sincera? Jam\u00e1s. Como cabeza de hogar, mi rol es cultivar la gratitud y el reconocimiento de que Dios es el proveedor de nuestra vida. Abandonar el ritual no es la soluci\u00f3n sino impregnarlo con verdadero sentido.<\/p>\n<p align=\"justify\">Necesitamos reconocer que para bien o para mal hay gran poder en las celebraciones, ritos y ceremonias. En el Antiguo Testamento, Dios instituy\u00f3 ciertas celebraciones nacionales con el fin de ayudar al pueblo a recordar grandes eventos de la historia redentora. En el libro de Los Hechos encontramos a los ap\u00f3stoles a\u00fan recurriendo a ella.<\/p>\n<p align=\"justify\">\u00bfNo ser\u00eda sabio, que en vez de rechazar la religiosidad popular, busc\u00e1ramos formas de llenar su gran vac\u00edo con las verdades y pr\u00e1cticas que llevan a las personas a conocer m\u00e1s profundamente al Dios verdadero? Necesitamos ayudar a la gente a que recuerde los grandes eventos de la obra redentora, y a que se goce de su profundo significado. Debemos ser los que llenamos el vac\u00edo espiritual, no con religiosidad sino con conocimiento.<\/p>\n<p align=\"justify\">\u00bfPor qu\u00e9 no organizar dramatizaciones y actividades como actos de fe y testimonio donde manifestemos a todo el mundo lo que Dios realmente hizo? Hace algunos a\u00f1os, para Semana Santa, unos j\u00f3venes de Mendoza hicieron una representaci\u00f3n que result\u00f3 tan profesional y profunda que se les invit\u00f3 a realizarla en lugares p\u00fablicos y hubo gran respuesta de la poblaci\u00f3n cat\u00f3lica. Como resultado, las personas quedaron profundamente impresionadas y muchas conocieron al Se\u00f1or.<\/p>\n<p align=\"justify\">A la vez, una dramatizaci\u00f3n navide\u00f1a hecha por j\u00f3venes o ni\u00f1os ayudar\u00e1 a que participen en el sentido mismo de la Navidad. El hecho de tener que memorizar sus partes basadas en las Escrituras, y de practicar muchos domingos, los ayudar\u00e1 a comprender su significado. Despu\u00e9s ser\u00e1 de testimonio para las familias y vecinos que puedan asistir al evento.<\/p>\n<p align=\"justify\">Aprovechemos estos eventos, pero requiere planificaci\u00f3n, preparaci\u00f3n y pr\u00e1ctica. No dejemos que la pereza nos lleve a solo buscar unas vacaciones. Es una gran oportunidad para ayudar a las personas a que realmente conozcan a Cristo y puedan ense\u00f1ar a nuestros hijos lo que es vital en nuestra fe. \u00a1Celebremos! \u00a1Adelante!<\/p>\n<p align=\"justify\"><strong><em>Apuntes Pastorales, Volumen XIV \u0096 n\u00famero 2<\/em><\/strong><\/p>\n\n\t\t<\/div>\n\t<\/div>\n<\/div><\/div><\/div><\/div>\n<\/div>\t\t\t\t\t<\/div>\n\t\t\t\t\n\t\t\t\t\t\t\t\t\t<\/div>\n\t<\/div>\n<\/article>\n\n\t\t\t\t\t\t\t\t\t\t\t\n<article id=\"post-59314\" class=\"wd-post blog-design-chess blog-post-loop blog-design-small-images blog-style-bg wd-add-shadow wd-col post-59314 post type-post status-publish format-audio has-post-thumbnail hentry category-el-legado-de-la-lectura post_format-post-format-audio\">\n\t<div class=\"wd-post-inner article-inner\">\n\t\t\t\t\t<div class=\"wd-post-thumb entry-header\">\n\t\t\t\t\t\t\t\t\t<div class=\"wd-post-img post-img-wrapp\">\n\t\t\t\t\t\t<img width=\"320\" height=\"160\" src=\"https:\/\/desarrollocristiano.pe\/wp-content\/uploads\/2021\/03\/BASE-SAMUEL-320x160.jpg\" class=\"attachment-large size-large\" alt=\"\" decoding=\"async\" loading=\"lazy\" srcset=\"https:\/\/desarrollocristiano.pe\/wp-content\/uploads\/2021\/03\/BASE-SAMUEL-320x160.jpg 320w, https:\/\/desarrollocristiano.pe\/wp-content\/uploads\/2021\/03\/BASE-SAMUEL-600x300.jpg 600w, https:\/\/desarrollocristiano.pe\/wp-content\/uploads\/2021\/03\/BASE-SAMUEL-150x75.jpg 150w, https:\/\/desarrollocristiano.pe\/wp-content\/uploads\/2021\/03\/BASE-SAMUEL.jpg 700w\" sizes=\"auto, (max-width: 320px) 100vw, 320px\" \/>\t\t\t\t\t<\/div>\n\t\t\t\t\t<a class=\"wd-fill\" href=\"https:\/\/desarrollocristiano.pe\/conversando-con-don-samuel-escobar\/\"><\/a>\n\t\t\t\t\n\t\t\t\t\t\t\t\t\t\t\t\t<div class=\"wd-post-date wd-style-with-bg\">\n\t\t\t\t<span class=\"post-date-day\">\n\t\t\t\t\t19\t\t\t\t<\/span>\n\t\t\t\t<span class=\"post-date-month\">\n\t\t\t\t\tMar\t\t\t\t<\/span>\n\t\t\t<\/div>\n\t\t\t\t\t\t\t\t\t<\/div>\n\t\t\n\t\t<div class=\"wd-post-content article-body-container\">\n\t\t\t\t\t\t\t<div class=\"wd-post-cat wd-style-with-bg meta-post-categories\">\n\t\t\t\t\t<a href=\"https:\/\/desarrollocristiano.pe\/categorias\/el-legado-de-la-lectura\/\" rel=\"category tag\">El Legado de la Lectura<\/a>\t\t\t\t<\/div>\n\t\t\t\n\t\t\t\t\t\t\t<h3 class=\"wd-post-title wd-entities-title title post-title\">\n\t\t\t\t\t<a href=\"https:\/\/desarrollocristiano.pe\/conversando-con-don-samuel-escobar\/\" rel=\"bookmark\">Conversando con don Samuel Escobar: La importancia del libro en su vida<\/a>\n\t\t\t\t<\/h3>\n\t\t\t\n\t\t\t\t\t\t\t<div class=\"wd-post-meta\">\n\t\t\t\t\t\t\t\t\t\t\t\t\t\t\t<div class=\"wd-post-author\">\n\t\t\t\t\t\t\t\t\t\t\t<span>Posteado por<\/span>\n\t\t\n\t\t\t\t\t<img alt='author-avatar' src='https:\/\/secure.gravatar.com\/avatar\/8f331515e2139e7ffacac78d5e21bc88ee625065cad5d063ef4da73b7cbcfc2d?s=18&#038;d=mm&#038;r=g' srcset='https:\/\/secure.gravatar.com\/avatar\/8f331515e2139e7ffacac78d5e21bc88ee625065cad5d063ef4da73b7cbcfc2d?s=36&#038;d=mm&#038;r=g 2x' class='avatar avatar-18 photo' height='18' width='18' loading='lazy' decoding='async'\/>\t\t\n\t\t\t\t\t<a href=\"https:\/\/desarrollocristiano.pe\/author\/aprnimda7720\/\" class=\"author\" rel=\"author\">Administrador<\/a>\n\t\t\t\t\t\t\t\t\t<\/div>\n\t\t\t\t\t<div class=\"wd-modified-date\">\n\t\t\t\t\t\t\t\t<time class=\"updated\" datetime=\"2023-10-21T10:33:49-05:00\">\n\t\t\t21\/10\/2023\t\t<\/time>\n\t\t\t\t\t\t\t<\/div>\n\n\t\t\t\t\t\t\t\t\t\t\t<div class=\"wd-post-share wd-tltp\">\n\t\t\t\t\t\t\t<div class=\"tooltip top\">\n\t\t\t\t\t\t\t\t<div class=\"tooltip-inner\">\n\t\t\t\t\t\t\t\t\t\t\t\t<div\n\t\t\t\t\t\tclass=\" wd-social-icons  wd-style-default wd-size-small social-share wd-shape-circle color-scheme-light text-center\">\n\t\t\t\t\n\t\t\t\t\n\t\t\t\t\t\t\t\t\t<a rel=\"noopener noreferrer nofollow\" href=\"https:\/\/www.facebook.com\/sharer\/sharer.php?u=https:\/\/desarrollocristiano.pe\/articulos-pastorales\/\" target=\"_blank\" class=\" wd-social-icon social-facebook\" aria-label=\"Facebook social link\">\n\t\t\t\t\t\t<span class=\"wd-icon\"><\/span>\n\t\t\t\t\t\t\t\t\t\t\t<\/a>\n\t\t\t\t\n\t\t\t\t\t\t\t\t\t<a rel=\"noopener noreferrer nofollow\" href=\"https:\/\/x.com\/share?url=https:\/\/desarrollocristiano.pe\/articulos-pastorales\/\" target=\"_blank\" class=\" wd-social-icon social-twitter\" aria-label=\"X social link\">\n\t\t\t\t\t\t<span class=\"wd-icon\"><\/span>\n\t\t\t\t\t\t\t\t\t\t\t<\/a>\n\t\t\t\t\n\t\t\t\t\n\t\t\t\t\t\t\t\t\t<a rel=\"noopener noreferrer nofollow\" href=\"mailto:?subject=Check%20this%20https:\/\/desarrollocristiano.pe\/articulos-pastorales\/\" target=\"_blank\" class=\" wd-social-icon social-email\" aria-label=\"Email social link\">\n\t\t\t\t\t\t<span class=\"wd-icon\"><\/span>\n\t\t\t\t\t\t\t\t\t\t\t<\/a>\n\t\t\t\t\n\t\t\t\t\n\t\t\t\t\n\t\t\t\t\n\t\t\t\t\t\t\t\t\t<a rel=\"noopener noreferrer nofollow\" href=\"https:\/\/pinterest.com\/pin\/create\/button\/?url=https:\/\/desarrollocristiano.pe\/articulos-pastorales\/&media=https:\/\/desarrollocristiano.pe\/wp-content\/uploads\/2021\/03\/BASE-SAMUEL.jpg&description=Conversando+con+don+Samuel+Escobar%3A+La+importancia+del+libro+en+su+vida\" target=\"_blank\" class=\" wd-social-icon social-pinterest\" aria-label=\"Pinterest social link\">\n\t\t\t\t\t\t<span class=\"wd-icon\"><\/span>\n\t\t\t\t\t\t\t\t\t\t\t<\/a>\n\t\t\t\t\n\t\t\t\t\n\t\t\t\t\t\t\t\t\t<a rel=\"noopener noreferrer nofollow\" href=\"https:\/\/www.linkedin.com\/shareArticle?mini=true&url=https:\/\/desarrollocristiano.pe\/articulos-pastorales\/\" target=\"_blank\" class=\" wd-social-icon social-linkedin\" aria-label=\"Linkedin social link\">\n\t\t\t\t\t\t<span class=\"wd-icon\"><\/span>\n\t\t\t\t\t\t\t\t\t\t\t<\/a>\n\t\t\t\t\n\t\t\t\t\n\t\t\t\t\n\t\t\t\t\n\t\t\t\t\n\t\t\t\t\n\t\t\t\t\n\t\t\t\t\n\t\t\t\t\n\t\t\t\t\t\t\t\t\t<a rel=\"noopener noreferrer nofollow\" href=\"https:\/\/api.whatsapp.com\/send?text=https%3A%2F%2Fdesarrollocristiano.pe%2Farticulos-pastorales%2F\" target=\"_blank\" class=\"wd-hide-md  wd-social-icon social-whatsapp\" aria-label=\"WhatsApp social link\">\n\t\t\t\t\t\t<span class=\"wd-icon\"><\/span>\n\t\t\t\t\t\t\t\t\t\t\t<\/a>\n\n\t\t\t\t\t<a rel=\"noopener noreferrer nofollow\" href=\"whatsapp:\/\/send?text=https%3A%2F%2Fdesarrollocristiano.pe%2Farticulos-pastorales%2F\" target=\"_blank\" class=\"wd-hide-lg  wd-social-icon social-whatsapp\" aria-label=\"WhatsApp social link\">\n\t\t\t\t\t\t<span class=\"wd-icon\"><\/span>\n\t\t\t\t\t\t\t\t\t\t\t<\/a>\n\t\t\t\t\n\t\t\t\t\n\t\t\t\t\n\t\t\t\t\n\t\t\t\t\n\t\t\t\t\n\t\t\t\t\t\t\t\t\t<a rel=\"noopener noreferrer nofollow\" href=\"https:\/\/telegram.me\/share\/url?url=https:\/\/desarrollocristiano.pe\/articulos-pastorales\/\" target=\"_blank\" class=\" wd-social-icon social-tg\" aria-label=\"Telegram social link\">\n\t\t\t\t\t\t<span class=\"wd-icon\"><\/span>\n\t\t\t\t\t\t\t\t\t\t\t<\/a>\n\t\t\t\t\n\t\t\t\t\n\t\t\t<\/div>\n\n\t\t\t\t\t\t\t\t\t\t<\/div>\n\t\t\t\t\t\t\t\t<div class=\"tooltip-arrow\"><\/div>\n\t\t\t\t\t\t\t<\/div>\n\t\t\t\t\t\t<\/div>\n\t\t\t\t\t\n\t\t\t\t\t\t\t\t\t<\/div>\n\t\t\t\n\t\t\t\t\t\t\t\t\t\t\t\t<div class=\"wd-post-excerpt entry-content\">\n\t\t\t\t\t\t<div class=\"wpb-content-wrapper\"><div class=\"vc_row wpb_row vc_row-fluid\"><div class=\"wpb_column vc_column_container vc_col-sm-12\"><div class=\"vc_column-inner\"><div class=\"wpb_wrapper\">\n\t<div class=\"wpb_video_widget wpb_content_element vc_clearfix vc_video-aspect-ratio-169 vc_video-el-width-100 vc_video-align-left\" >\n\t\t<div class=\"wpb_wrapper\">\n\t\t\t<h2 class=\"wpb_heading wpb_video_heading\">Conversando con don Samuel Escobar: La importancia del libro en su vida<\/h2>\n\t\t\t<div class=\"wpb_video_wrapper\"><iframe title=\"Conversando con don Samuel Escobar: La importancia del libro en su vida\" width=\"500\" height=\"281\" src=\"https:\/\/www.youtube.com\/embed\/_CPi2p1SHtg?feature=oembed\" frameborder=\"0\" allow=\"accelerometer; autoplay; clipboard-write; encrypted-media; gyroscope; picture-in-picture; web-share\" allowfullscreen><\/iframe><\/div>\n\t\t<\/div>\n\t<\/div>\n\t\t\t<link rel=\"stylesheet\" id=\"wd-responsive-text-css\" href=\"https:\/\/desarrollocristiano.pe\/wp-content\/themes\/woodmart\/css\/parts\/el-responsive-text.min.css?ver=8.2.7\" type=\"text\/css\" media=\"all\" \/> \t\t\t\t\t\t<div id=\"wd-60565ec007cf6\" class=\"wd-text-block-wrapper wd-wpb wd-rs-60565ec007cf6 color-scheme- text-center \">\n\t\t\t\t<div class=\"woodmart-title-container woodmart-text-block reset-last-child font-primary wd-font-weight- wd-fontsize-m\">\n\t\t\t\t\tEn esta entrevista especial, Samuel Escobar, nos narrar\u00e1 que tan importante ha sido la lectura para \u00e9l.\t\t\t\t<\/div>\n\n\t\t\t\t\t\t\t<\/div>\n\t\t<\/div><\/div><\/div><\/div>\n<\/div>\t\t\t\t\t<\/div>\n\t\t\t\t\n\t\t\t\t\t\t\t\t\t<\/div>\n\t<\/div>\n<\/article>\n\n\t\t\t\t\t\t\t\t\t\t\t\n<article id=\"post-59306\" class=\"wd-post blog-design-chess blog-post-loop blog-design-small-images blog-style-bg wd-add-shadow wd-col post-59306 post type-post status-publish format-standard has-post-thumbnail hentry category-mujer-vive-tu-fe\">\n\t<div class=\"wd-post-inner article-inner\">\n\t\t\t\t\t<div class=\"wd-post-thumb entry-header\">\n\t\t\t\t\t\t\t\t\t<div class=\"wd-post-img post-img-wrapp\">\n\t\t\t\t\t\t<img width=\"320\" height=\"160\" src=\"https:\/\/desarrollocristiano.pe\/wp-content\/uploads\/2021\/03\/ser-mujer-es-glorioso-320x160.jpg\" class=\"attachment-large size-large\" alt=\"\" decoding=\"async\" loading=\"lazy\" srcset=\"https:\/\/desarrollocristiano.pe\/wp-content\/uploads\/2021\/03\/ser-mujer-es-glorioso-320x160.jpg 320w, https:\/\/desarrollocristiano.pe\/wp-content\/uploads\/2021\/03\/ser-mujer-es-glorioso-600x300.jpg 600w, https:\/\/desarrollocristiano.pe\/wp-content\/uploads\/2021\/03\/ser-mujer-es-glorioso-150x75.jpg 150w, https:\/\/desarrollocristiano.pe\/wp-content\/uploads\/2021\/03\/ser-mujer-es-glorioso.jpg 700w\" sizes=\"auto, (max-width: 320px) 100vw, 320px\" \/>\t\t\t\t\t<\/div>\n\t\t\t\t\t<a class=\"wd-fill\" href=\"https:\/\/desarrollocristiano.pe\/ser-mujer-es-glorioso-darrow-miller\/\"><\/a>\n\t\t\t\t\n\t\t\t\t\t\t\t\t\t\t\t\t<div class=\"wd-post-date wd-style-with-bg\">\n\t\t\t\t<span class=\"post-date-day\">\n\t\t\t\t\t13\t\t\t\t<\/span>\n\t\t\t\t<span class=\"post-date-month\">\n\t\t\t\t\tMar\t\t\t\t<\/span>\n\t\t\t<\/div>\n\t\t\t\t\t\t\t\t\t<\/div>\n\t\t\n\t\t<div class=\"wd-post-content article-body-container\">\n\t\t\t\t\t\t\t<div class=\"wd-post-cat wd-style-with-bg meta-post-categories\">\n\t\t\t\t\t<a href=\"https:\/\/desarrollocristiano.pe\/categorias\/mujer-vive-tu-fe\/\" rel=\"category tag\">Mujer: Vive tu fe<\/a>\t\t\t\t<\/div>\n\t\t\t\n\t\t\t\t\t\t\t<h3 class=\"wd-post-title wd-entities-title title post-title\">\n\t\t\t\t\t<a href=\"https:\/\/desarrollocristiano.pe\/ser-mujer-es-glorioso-darrow-miller\/\" rel=\"bookmark\">Ser Mujer es Glorioso &#8211; Darrow Miller<\/a>\n\t\t\t\t<\/h3>\n\t\t\t\n\t\t\t\t\t\t\t<div class=\"wd-post-meta\">\n\t\t\t\t\t\t\t\t\t\t\t\t\t\t\t<div class=\"wd-post-author\">\n\t\t\t\t\t\t\t\t\t\t\t<span>Posteado por<\/span>\n\t\t\n\t\t\t\t\t<img alt='author-avatar' src='https:\/\/secure.gravatar.com\/avatar\/8f331515e2139e7ffacac78d5e21bc88ee625065cad5d063ef4da73b7cbcfc2d?s=18&#038;d=mm&#038;r=g' srcset='https:\/\/secure.gravatar.com\/avatar\/8f331515e2139e7ffacac78d5e21bc88ee625065cad5d063ef4da73b7cbcfc2d?s=36&#038;d=mm&#038;r=g 2x' class='avatar avatar-18 photo' height='18' width='18' loading='lazy' decoding='async'\/>\t\t\n\t\t\t\t\t<a href=\"https:\/\/desarrollocristiano.pe\/author\/aprnimda7720\/\" class=\"author\" rel=\"author\">Administrador<\/a>\n\t\t\t\t\t\t\t\t\t<\/div>\n\t\t\t\t\t<div class=\"wd-modified-date\">\n\t\t\t\t\t\t\t\t<time class=\"updated\" datetime=\"2021-03-12T18:59:27-05:00\">\n\t\t\t12\/03\/2021\t\t<\/time>\n\t\t\t\t\t\t\t<\/div>\n\n\t\t\t\t\t\t\t\t\t\t\t<div class=\"wd-post-share wd-tltp\">\n\t\t\t\t\t\t\t<div class=\"tooltip top\">\n\t\t\t\t\t\t\t\t<div class=\"tooltip-inner\">\n\t\t\t\t\t\t\t\t\t\t\t\t<div\n\t\t\t\t\t\tclass=\" wd-social-icons  wd-style-default wd-size-small social-share wd-shape-circle color-scheme-light text-center\">\n\t\t\t\t\n\t\t\t\t\n\t\t\t\t\t\t\t\t\t<a rel=\"noopener noreferrer nofollow\" href=\"https:\/\/www.facebook.com\/sharer\/sharer.php?u=https:\/\/desarrollocristiano.pe\/articulos-pastorales\/\" target=\"_blank\" class=\" wd-social-icon social-facebook\" aria-label=\"Facebook social link\">\n\t\t\t\t\t\t<span class=\"wd-icon\"><\/span>\n\t\t\t\t\t\t\t\t\t\t\t<\/a>\n\t\t\t\t\n\t\t\t\t\t\t\t\t\t<a rel=\"noopener noreferrer nofollow\" href=\"https:\/\/x.com\/share?url=https:\/\/desarrollocristiano.pe\/articulos-pastorales\/\" target=\"_blank\" class=\" wd-social-icon social-twitter\" aria-label=\"X social link\">\n\t\t\t\t\t\t<span class=\"wd-icon\"><\/span>\n\t\t\t\t\t\t\t\t\t\t\t<\/a>\n\t\t\t\t\n\t\t\t\t\n\t\t\t\t\t\t\t\t\t<a rel=\"noopener noreferrer nofollow\" href=\"mailto:?subject=Check%20this%20https:\/\/desarrollocristiano.pe\/articulos-pastorales\/\" target=\"_blank\" class=\" wd-social-icon social-email\" aria-label=\"Email social link\">\n\t\t\t\t\t\t<span class=\"wd-icon\"><\/span>\n\t\t\t\t\t\t\t\t\t\t\t<\/a>\n\t\t\t\t\n\t\t\t\t\n\t\t\t\t\n\t\t\t\t\n\t\t\t\t\t\t\t\t\t<a rel=\"noopener noreferrer nofollow\" href=\"https:\/\/pinterest.com\/pin\/create\/button\/?url=https:\/\/desarrollocristiano.pe\/articulos-pastorales\/&media=https:\/\/desarrollocristiano.pe\/wp-content\/uploads\/2021\/03\/ser-mujer-es-glorioso.jpg&description=Ser+Mujer+es+Glorioso+%26%238211%3B+Darrow+Miller\" target=\"_blank\" class=\" wd-social-icon social-pinterest\" aria-label=\"Pinterest social link\">\n\t\t\t\t\t\t<span class=\"wd-icon\"><\/span>\n\t\t\t\t\t\t\t\t\t\t\t<\/a>\n\t\t\t\t\n\t\t\t\t\n\t\t\t\t\t\t\t\t\t<a rel=\"noopener noreferrer nofollow\" href=\"https:\/\/www.linkedin.com\/shareArticle?mini=true&url=https:\/\/desarrollocristiano.pe\/articulos-pastorales\/\" target=\"_blank\" class=\" wd-social-icon social-linkedin\" aria-label=\"Linkedin social link\">\n\t\t\t\t\t\t<span class=\"wd-icon\"><\/span>\n\t\t\t\t\t\t\t\t\t\t\t<\/a>\n\t\t\t\t\n\t\t\t\t\n\t\t\t\t\n\t\t\t\t\n\t\t\t\t\n\t\t\t\t\n\t\t\t\t\n\t\t\t\t\n\t\t\t\t\n\t\t\t\t\t\t\t\t\t<a rel=\"noopener noreferrer nofollow\" href=\"https:\/\/api.whatsapp.com\/send?text=https%3A%2F%2Fdesarrollocristiano.pe%2Farticulos-pastorales%2F\" target=\"_blank\" class=\"wd-hide-md  wd-social-icon social-whatsapp\" aria-label=\"WhatsApp social link\">\n\t\t\t\t\t\t<span class=\"wd-icon\"><\/span>\n\t\t\t\t\t\t\t\t\t\t\t<\/a>\n\n\t\t\t\t\t<a rel=\"noopener noreferrer nofollow\" href=\"whatsapp:\/\/send?text=https%3A%2F%2Fdesarrollocristiano.pe%2Farticulos-pastorales%2F\" target=\"_blank\" class=\"wd-hide-lg  wd-social-icon social-whatsapp\" aria-label=\"WhatsApp social link\">\n\t\t\t\t\t\t<span class=\"wd-icon\"><\/span>\n\t\t\t\t\t\t\t\t\t\t\t<\/a>\n\t\t\t\t\n\t\t\t\t\n\t\t\t\t\n\t\t\t\t\n\t\t\t\t\n\t\t\t\t\n\t\t\t\t\t\t\t\t\t<a rel=\"noopener noreferrer nofollow\" href=\"https:\/\/telegram.me\/share\/url?url=https:\/\/desarrollocristiano.pe\/articulos-pastorales\/\" target=\"_blank\" class=\" wd-social-icon social-tg\" aria-label=\"Telegram social link\">\n\t\t\t\t\t\t<span class=\"wd-icon\"><\/span>\n\t\t\t\t\t\t\t\t\t\t\t<\/a>\n\t\t\t\t\n\t\t\t\t\n\t\t\t<\/div>\n\n\t\t\t\t\t\t\t\t\t\t<\/div>\n\t\t\t\t\t\t\t\t<div class=\"tooltip-arrow\"><\/div>\n\t\t\t\t\t\t\t<\/div>\n\t\t\t\t\t\t<\/div>\n\t\t\t\t\t\n\t\t\t\t\t\t\t\t\t\t\t\t\t\t\t\t\t<div class=\"wd-post-reply wd-style-1\">\n\t\t\t\t\t\t\t<a href=\"https:\/\/desarrollocristiano.pe\/ser-mujer-es-glorioso-darrow-miller\/#respond\"><span class=\"wd-replies-count\">0<\/span><\/a>\t\t\t\t\t\t<\/div>\n\t\t\t\t\t\t\t\t\t<\/div>\n\t\t\t\n\t\t\t\t\t\t\t\t\t\t\t\t<div class=\"wd-post-excerpt entry-content\">\n\t\t\t\t\t\t<div class=\"wpb-content-wrapper\"><div class=\"vc_row wpb_row vc_row-fluid\"><div class=\"wpb_column vc_column_container vc_col-sm-12\"><div class=\"vc_column-inner\"><div class=\"wpb_wrapper\">\n\t<div class=\"wpb_text_column wpb_content_element texto_parrafo text-larger\" >\n\t\t<div class=\"wpb_wrapper\">\n\t\t\t<p>Por: <a href=\"https:\/\/www.facebook.com\/DarrowMiller\/\" target=\"_blank\" rel=\"noopener noreferrer\">Darrow Miller<\/a><\/p>\n<h3><strong>Ser mujer es glorioso<\/strong><\/h3>\n<p>Hemos tratado de reclamar la concepci\u00f3n b\u00edblica de la dignidad de la mujer. Es necesario examinar un papel importante y espec\u00edfico para el que Dios la ha destinado. \u00bfQu\u00e9 resultado obtendr\u00e1 ella cuando abrace este papel? Aunque lo mejor que la tierra pueda ofrecer a la mujer es imperfecto, el plan de Dios para ella es infinitamente m\u00e1s rico y m\u00e1s satisfactorio; pero \u00abtenemos que escalar y adentrarnos m\u00e1s\u00bb para poder experimentarlo. El elemento b\u00e1sico de este plan es la verdad de que ser mujer es glorioso. La naturaleza cuidadora y sustentadora de la mujer es fundamental para formar familias fuertes, sanas y llenas de vida, y, en \u00faltima instancia, fortalecer naciones. \u00bfNo podemos invitar a la mujer y al hombre a \u00abascender y entrar\u00bb en su propia gloria?<\/p>\n<p>La Biblia, revela la belleza, la estatura y la gloria de la primera mujer. Eva es la contraparte gloriosa de Ad\u00e1n, su equivalencia completa. Aunque el rol principal de la mujer, en las Escrituras, es el de madre, ellas aparecen plenamente involucradas en la vida p\u00fablica. La Palabra de Dios retrata a las mujeres como hero\u00ednas y actrices en el escenario de la historia. He aqu\u00ed algunos ejemplos:<\/p>\n<p>\u2022 Abigail, la hermosa e inteligente esposa de Nabal, fue una pacificadora que salv\u00f3 la vida de todos los varones de su casa (I Samuel 25).<\/p>\n<p>\u2022 Jael concibi\u00f3 y ejecut\u00f3 un plan para matar a S\u00edsara, poderoso jefe de las fuerzas cananeas (Jueces 4:11-22).<\/p>\n<p>\u2022 Rut y Ester fueron mujeres heroicas, protagonistas de los libros de la Biblia que llevan sus nombres. \u2022 La viuda de Sarepta confi\u00f3 en el Se\u00f1or y dio su \u00faltima comida a El\u00edas (I Reyes 17:7-16).<\/p>\n<p>\u2022 Sara, esposa de Abraham, se rio al o\u00edr la profec\u00eda de Dios pero vivi\u00f3 para dar el pecho a su hijo y lleg\u00f3 a ser madre de todas las naciones (G\u00e9nesis 17:15-16)<\/p>\n<p>Y por supuesto, Rebeca, la esposa de Isaac, y Ana, la madre de Samuel. \u00c9stas y muchas otras mujeres hicieron historia. Empezando con Eva, se han contado sus historias, se han cantado sus vidas, sus virtudes y sus haza\u00f1as en muchas canciones. Tales relatos se transmitieron de generaci\u00f3n en generaci\u00f3n, y sirvieron de ejemplo no s\u00f3lo a los ni\u00f1os de Israel, sino tambi\u00e9n a los de hoy. Sus vidas forman parte integral de la historia que Dios ha manifestado al mundo.<\/p>\n<p>El autor cristiano Gene Edwards tambi\u00e9n ha captado esto hermosamente en su libro El divino romance: La m\u00e1s bella historia de amor jam\u00e1s contada. En la primera escena, los \u00e1ngeles contemplan la creaci\u00f3n de Eva: Poco a poco la revelaci\u00f3n se desvaneci\u00f3, lo que dio a los \u00e1ngeles un instante para preguntarse qu\u00e9 pensamiento definitivo habr\u00eda Dios concebido, qu\u00e9 obra maestra podr\u00eda salir de su mano. Por fin, pudieron traspasar esa luz y ver de nuevo el rostro de Dios. Su rostro reflejaba exaltaci\u00f3n y gozo. Un \u00e1ngel susurr\u00f3 dirigi\u00e9ndose tambaleante a su lugar asignado: \u00c9l ha contemplado la compa\u00f1era del hombre. La ha visto desde su \u00f3ptica divina. Pero me parece que en alg\u00fan lugar, m\u00e1s all\u00e1 de esa visi\u00f3n,<\/p>\n<p>ha vislumbrado una revelaci\u00f3n m\u00e1s elevada, mucho mayor. \u00bfQu\u00e9 podr\u00e1 ser? \u2014Es un misterio, escondido en una luz inaccesible \u2014insinu\u00f3 otro. Con manos temblorosas, el Constructor molde\u00f3, plasm\u00f3, form\u00f3 y volvi\u00f3 a moldear. Y mientras aquel ser cobraba forma definitiva, los \u00e1ngeles, extasiados y at\u00f3nitos, se postraron una vez m\u00e1s al contemplar la maravilla que ten\u00edan delante. Un \u00e1ngel exclam\u00f3 irreverentemente, a voz en cuello, los pensamientos de todos: \u00ab\u00c9l no est\u00e1 haciendo otro Ish. \u00c9sta se le parece, pero es diferente. Como la leona es al le\u00f3n, as\u00ed tambi\u00e9n \u00e9sta ha sido sacada del hombre. Pero jam\u00e1s, jam\u00e1s \u2014exclam\u00f3 un \u00e1ngel travieso\u2014 fue la leona tan hermosa como \u00e9sta.<\/p>\n<p>Otro ser ang\u00e9lico cruz\u00f3 el l\u00edmite de la moderaci\u00f3n:<\/p>\n<p>\u00ab\u00a1Tampoco el hombre es tan hermoso como ella!\u00bb \u2014exclam\u00f3.<\/p>\n<p>Entonces, las b\u00f3vedas del cielo se abrieron de par en par, y con grito un\u00e1nime, todos los seres celestiales prorrumpieron:<\/p>\n<p>Nunca hubo ni habr\u00e1 jam\u00e1s cosa tan preciosa como ella.<\/p>\n<p>Ni huestes celestiales<\/p>\n<p>Ni ninguna criatura que pisa terrenal c\u00e9sped,<\/p>\n<p>Sin distinci\u00f3n de tribu ni raza, puede igualarla.<\/p>\n<p>S\u00f3lo hay algo que en hermosura superarla puede:<\/p>\n<p>el rostro de Dios\u00bb.<\/p>\n<h3><strong>Jes\u00fas Y las mujeres<\/strong><\/h3>\n<p>Jes\u00fas no se limit\u00f3 a hablar de la dignidad de la mujer. Ministr\u00f3 sus necesidades f\u00edsicas, sociales, emocionales y espirituales. Lo mismo que trat\u00f3 las necesidades del hombre cuando su vida estaba deshecha, igualmente hizo con la mujer. \u00c9l no mostr\u00f3 favoritismo hacia el var\u00f3n, sino que trat\u00f3 las necesidades del hombre y de la mujer con el mismo cuidado y solicitud. \u2022 Inici\u00f3 un dialogo con la mujer en el pozo, atendiendo a su necesidad de sanidad interior (Juan 4:7-26). \u2022 Trat\u00f3 con compasi\u00f3n a la mujer que sufr\u00eda una hemorragia desde hac\u00eda doce a\u00f1os (Lucas 8:43-48). \u2022 Levant\u00f3 a la hija de Jairo de entre los muertos (Lucas 8:40-42, 49-56). \u2022 Cur\u00f3 a la mujer que hab\u00eda estado paral\u00edtica dieciocho a\u00f1os (Lucas 13:10-13). \u2022 Cur\u00f3 a la hija de una mujer gentil pose\u00edda por un demonio (Mateo 15:21-28). \u2022 Se preocup\u00f3 de una viuda al resucitar a su \u00fanico hijo (Lucas 7:11-15). \u2022 Ense\u00f1\u00f3 a la mujer samaritana (Juan 4:7-26) y a Mar\u00eda, la hermana de Marta (Lucas 10: 38-42). La venida del Esposo | 249 \u2022 Desde la cruz, Jes\u00fas se preocup\u00f3 de atender a su madre (Juan 19:25-27). \u2022 Contraviniendo todas las costumbres sociales, \u00e9l permiti\u00f3 que las mujeres le tocaran, incluso una mujer ceremonialmente impura (Marcos 5:25-34), y una mujer que le lav\u00f3 los pies (Lucas 7:36-50).<\/p>\n<p>Sorprendentemente, para las costumbres de la \u00e9poca, Jes\u00fas llam\u00f3 a las mujeres al ministerio. Las mujeres fueron la primeras en la cuna (Elisabeth, Lucas 1:39- 45) y las \u00faltimas en la cruz (Lucas<\/p>\n<p>23:27,49). Las mujeres formaban parte del equipo que acompa\u00f1aba a Jes\u00fas en sus viajes y atend\u00eda a sus necesidades. Algunas prestaban apoyo econ\u00f3mico al ministerio (Mateo 27:55\u201356; Marcos 15:40\u201341; Lucas 8:1\u20133).<\/p>\n<p>La decisi\u00f3n que toma Jes\u00fas de escoger a la mujer para hacer el primer anuncio de su resurrecci\u00f3n (por no mencionar el trato con que la agasaj\u00f3 todo el tiempo que vivi\u00f3 en la tierra), signific\u00f3 nada menos que un repudio del sexismo galopante que reinaba en el mundo greco-romano, el juda\u00edsmo y, a menudo, el cristianismo y el mundo actual.<\/p>\n<p>\u00a1Lleg\u00f3 la hora! Nuestro reto consiste en recuperar la dignidad de la mujer para edificar y educar naciones. Si no lo hacemos, \u00a1que Dios se apiade de nuestros hogares y naciones!<\/p>\n\n\t\t<\/div>\n\t<\/div>\n<\/div><\/div><\/div><\/div><div class=\"vc_row wpb_row vc_row-fluid vc_custom_1615074577655 vc_row-has-fill\"><div class=\"wpb_column vc_column_container vc_col-sm-12\"><div class=\"vc_column-inner\"><div class=\"wpb_wrapper\">\t\t\t<link rel=\"stylesheet\" id=\"wd-info-box-css\" href=\"https:\/\/desarrollocristiano.pe\/wp-content\/themes\/woodmart\/css\/parts\/el-info-box.min.css?ver=8.2.7\" type=\"text\/css\" media=\"all\" \/> \t\t\t\t\t\t<div class=\"info-box-wrapper\">\n\t\t\t\t<div id=\"wd-604bfd3a73306\" class=\" wd-rs-604bfd3a73306 wd-info-box wd-wpb text-left box-icon-align-left box-style- color-scheme- wd-bg-none wd-items-top \">\n\t\t\t\t\t\t\t\t\t\t\t<div class=\"box-icon-wrapper  box-with-icon box-icon-simple\">\n\t\t\t\t\t\t\t<div class=\"info-box-icon\">\n\n\t\t\t\t\t\t\t\n\t\t\t\t\t\t\t\t\t\t\t\t\t\t\t\t\t<img loading=\"lazy\" decoding=\"async\" width=\"100\" height=\"100\" src=\"https:\/\/desarrollocristiano.pe\/wp-content\/uploads\/2021\/03\/darrow-miller-100x100.jpg\" class=\"attachment-100x100 size-100x100\" alt=\"\" \/>\t\t\t\t\t\t\t\t\t\t\t\t\t\t\t\n\t\t\t\t\t\t\t<\/div>\n\t\t\t\t\t\t<\/div>\n\t\t\t\t\t\t\t\t\t\t<div class=\"info-box-content\">\n\t\t\t\t\t\t<h4 class=\"info-box-title title box-title-style-default wd-fontsize-m\">Sobre el Autor...<\/h4>\t\t\t\t\t\t<div class=\"info-box-inner reset-last-child\"><p>El Doctor\u00a0<b>Darrow Miller<\/b>\u00a0es co-fundador de la Alianza \u00abDiscipulando a las Naciones\u00bb, maestro y autor destacado durante m\u00e1s de 30 a\u00f1os,\u00a0<b>Darrow<\/b>\u00a0recorre el mundo como conferencista en temas que incluyen el cristianismo y la cultura, la apolog\u00e9tica, la cosmovisi\u00f3n, la pobreza y la dignidad de la mujer.<\/p>\n<p>Puedes encontrar a Darrow Miller en:<\/p>\n<ul>\n<li>Facebook: <a href=\"https:\/\/www.facebook.com\/DarrowMiller\/\" target=\"_blank\" rel=\"noopener noreferrer\">Darrow Miller<\/a><\/li>\n<\/ul>\n<p>\n<\/div>\n\n\t\t\t\t\t\t\t\t\t\t\t<\/div>\n\n\t\t\t\t\t\n\t\t\t\t\t\t\t\t\t<\/div>\n\t\t\t<\/div>\n\t\t<\/div><\/div><\/div><\/div><div class=\"vc_row wpb_row vc_row-fluid\"><div class=\"wpb_column vc_column_container vc_col-sm-12\"><div class=\"vc_column-inner\"><div class=\"wpb_wrapper\">\t\t\t<div id=\"\" class=\"wd-products-element wd-wpb with-title\">\n\t\t\t<h4 class=\"wd-el-title title element-title\">Libros de Darrow Miller<\/h4>\n\t\t\n\t\t\t\t\t<link rel=\"stylesheet\" id=\"wd-product-loop-css\" href=\"https:\/\/desarrollocristiano.pe\/wp-content\/themes\/woodmart\/css\/parts\/woo-product-loop.min.css?ver=8.2.7\" type=\"text\/css\" media=\"all\" \/> \t\t\t\t\t\t<link rel=\"stylesheet\" id=\"wd-product-loop-icons-css\" href=\"https:\/\/desarrollocristiano.pe\/wp-content\/themes\/woodmart\/css\/parts\/woo-product-loop-icons.min.css?ver=8.2.7\" type=\"text\/css\" media=\"all\" \/> \t\t\t\t\t\t<div class=\"products wd-products  grid-columns-4 elements-grid wd-grid-g\" data-paged=\"8\" data-atts=\"{&quot;spacing&quot;:&quot;30&quot;,&quot;element_title&quot;:&quot;Libros de Darrow Miller&quot;,&quot;taxonomies&quot;:&quot;3878&quot;,&quot;columns&quot;:&quot;4&quot;,&quot;sale_countdown&quot;:&quot;0&quot;,&quot;stock_progress_bar&quot;:&quot;0&quot;,&quot;highlighted_products&quot;:&quot;0&quot;,&quot;products_bordered_grid&quot;:&quot;0&quot;,&quot;force_not_ajax&quot;:&quot;no&quot;}\" data-source=\"shortcode\" data-columns=\"4\" data-grid-gallery=\"\" style=\"--wd-col-lg:4;--wd-col-md:4;--wd-col-sm:2;--wd-gap-lg:30px;--wd-gap-sm:10px;\">\n\t\t\t<div class=\"wd-product wd-hover-icons wd-col product-grid-item product type-product post-68563 status-publish instock product_cat-herramientas-estudio-biblico product_cat-iglesia product_cat-predicacion-biblica has-post-thumbnail taxable shipping-taxable purchasable product-type-simple\" data-loop=\"85\" data-id=\"68563\">\n\t\n\t<div class=\"product-wrapper\">\n\t<div class=\"product-element-top wd-quick-shop\">\n\t\t<a href=\"https:\/\/desarrollocristiano.pe\/producto\/sermones-de-grandes-personajes-biblicos-gedeon-el-visionario\/\" class=\"product-image-link\" aria-label=\"(SERMONES DE GRANDES PERSONAJES B\u00cdBLICOS) GEDE\u00d3N EL VISIONARIO\">\n\t\t\t<img loading=\"lazy\" decoding=\"async\" width=\"323\" height=\"500\" src=\"https:\/\/desarrollocristiano.pe\/wp-content\/uploads\/2020\/10\/9780825416859-1.jpg\" class=\"attachment-woocommerce_thumbnail size-woocommerce_thumbnail\" alt=\"(SERMONES DE GRANDES PERSONAJES B\u00cdBLICOS) GEDE\u00d3N EL VISIONARIO\" srcset=\"https:\/\/desarrollocristiano.pe\/wp-content\/uploads\/2020\/10\/9780825416859-1.jpg 323w, https:\/\/desarrollocristiano.pe\/wp-content\/uploads\/2020\/10\/9780825416859-1-150x232.jpg 150w, https:\/\/desarrollocristiano.pe\/wp-content\/uploads\/2020\/10\/9780825416859-1-320x495.jpg 320w\" sizes=\"auto, (max-width: 323px) 100vw, 323px\" \/>\t\t<\/a>\n\n\t\t\n\t\t<div class=\"wrapp-buttons\">\n\t\t\t<div class=\"wd-buttons\">\n\t\t\t\t<div class=\"wd-add-btn wd-action-btn wd-style-icon wd-add-cart-icon\"><\/div>\n\t\t\t\t\t\t\t\t\t\t\t\t\t\t\t<link rel=\"stylesheet\" id=\"wd-mfp-popup-css\" href=\"https:\/\/desarrollocristiano.pe\/wp-content\/themes\/woodmart\/css\/parts\/lib-magnific-popup.min.css?ver=8.2.7\" type=\"text\/css\" media=\"all\" \/> \t\t\t\t\t<div class=\"quick-view wd-action-btn wd-style-icon wd-quick-view-icon\">\n\t\t\t<a\n\t\t\t\thref=\"https:\/\/desarrollocristiano.pe\/producto\/sermones-de-grandes-personajes-biblicos-gedeon-el-visionario\/\"\n\t\t\t\tclass=\"open-quick-view quick-view-button\"\n\t\t\t\trel=\"nofollow\"\n\t\t\t\tdata-id=\"68563\"\n\t\t\t\t>Vista r\u00e1pida<\/a>\n\t\t<\/div>\n\t\t\t\t\t\t\t\t\t\t\t\t\t<\/div> \n\t\t<\/div>\n\t<\/div>\n\t\t\t\t\t<h3 class=\"wd-entities-title\"><a href=\"https:\/\/desarrollocristiano.pe\/producto\/sermones-de-grandes-personajes-biblicos-gedeon-el-visionario\/\">(SERMONES DE GRANDES PERSONAJES B\u00cdBLICOS) GEDE\u00d3N EL VISIONARIO<\/a><\/h3>\t\t\t\t\t\t<div class=\"libro-info\" style=\"font-size:small\"><div class=\"libro-autor\"><span class=\"libro-autor-label\">Autor:<\/span> KITTIM SILVA<\/div><div class=\"libro-editorial\"><span class=\"libro-editorial-label\">Editorial:<\/span> PORTAVOZ<\/div><\/div>\n\t<span class=\"price\"><span class=\"woocommerce-Price-amount amount\"><bdi><span class=\"woocommerce-Price-currencySymbol\">S\/<\/span>29.00<\/bdi><\/span><\/span>\n\n\t\t\n\t\t\n\t\t\t<\/div>\n<\/div>\n<div class=\"wd-product wd-hover-icons wd-col product-grid-item product type-product post-68543 status-publish instock product_cat-herramientas-estudio-biblico product_cat-iglesia product_cat-predicacion-biblica has-post-thumbnail taxable shipping-taxable purchasable product-type-simple\" data-loop=\"86\" data-id=\"68543\">\n\t\n\t<div class=\"product-wrapper\">\n\t<div class=\"product-element-top wd-quick-shop\">\n\t\t<a href=\"https:\/\/desarrollocristiano.pe\/producto\/sermones-de-grandes-personajes-biblicos-josue-el-conquistador\/\" class=\"product-image-link\" aria-label=\"(SERMONES DE GRANDES PERSONAJES B\u00cdBLICOS) JOSUE EL CONQUISTADOR\">\n\t\t\t<img loading=\"lazy\" decoding=\"async\" width=\"257\" height=\"400\" src=\"https:\/\/desarrollocristiano.pe\/wp-content\/uploads\/2020\/10\/9780825416323-1.jpg\" class=\"attachment-woocommerce_thumbnail size-woocommerce_thumbnail\" alt=\"(SERMONES DE GRANDES PERSONAJES B\u00cdBLICOS) JOSUE EL CONQUISTADOR\" srcset=\"https:\/\/desarrollocristiano.pe\/wp-content\/uploads\/2020\/10\/9780825416323-1.jpg 257w, https:\/\/desarrollocristiano.pe\/wp-content\/uploads\/2020\/10\/9780825416323-1-150x233.jpg 150w\" sizes=\"auto, (max-width: 257px) 100vw, 257px\" \/>\t\t<\/a>\n\n\t\t\n\t\t<div class=\"wrapp-buttons\">\n\t\t\t<div class=\"wd-buttons\">\n\t\t\t\t<div class=\"wd-add-btn wd-action-btn wd-style-icon wd-add-cart-icon\"><\/div>\n\t\t\t\t\t\t\t\t\t\t\t\t\t\t<div class=\"quick-view wd-action-btn wd-style-icon wd-quick-view-icon\">\n\t\t\t<a\n\t\t\t\thref=\"https:\/\/desarrollocristiano.pe\/producto\/sermones-de-grandes-personajes-biblicos-josue-el-conquistador\/\"\n\t\t\t\tclass=\"open-quick-view quick-view-button\"\n\t\t\t\trel=\"nofollow\"\n\t\t\t\tdata-id=\"68543\"\n\t\t\t\t>Vista r\u00e1pida<\/a>\n\t\t<\/div>\n\t\t\t\t\t\t\t\t\t\t\t\t\t<\/div> \n\t\t<\/div>\n\t<\/div>\n\t\t\t\t\t<h3 class=\"wd-entities-title\"><a href=\"https:\/\/desarrollocristiano.pe\/producto\/sermones-de-grandes-personajes-biblicos-josue-el-conquistador\/\">(SERMONES DE GRANDES PERSONAJES B\u00cdBLICOS) JOSUE EL CONQUISTADOR<\/a><\/h3>\t\t\t\t\t\t<div class=\"libro-info\" style=\"font-size:small\"><div class=\"libro-autor\"><span class=\"libro-autor-label\">Autor:<\/span> KITTIM SILVA<\/div><div class=\"libro-editorial\"><span class=\"libro-editorial-label\">Editorial:<\/span> PORTAVOZ<\/div><\/div>\n\t<span class=\"price\"><span class=\"woocommerce-Price-amount amount\"><bdi><span class=\"woocommerce-Price-currencySymbol\">S\/<\/span>46.00<\/bdi><\/span><\/span>\n\n\t\t\n\t\t\n\t\t\t<\/div>\n<\/div>\n<div class=\"wd-product wd-hover-icons wd-col product-grid-item product type-product post-68575 status-publish last instock product_cat-herramientas-estudio-biblico product_cat-iglesia product_cat-predicacion-biblica has-post-thumbnail taxable shipping-taxable purchasable product-type-simple\" data-loop=\"87\" data-id=\"68575\">\n\t\n\t<div class=\"product-wrapper\">\n\t<div class=\"product-element-top wd-quick-shop\">\n\t\t<a href=\"https:\/\/desarrollocristiano.pe\/producto\/sermones-de-grandes-personajes-biblicos-moises-el-libertador\/\" class=\"product-image-link\" aria-label=\"(SERMONES DE GRANDES PERSONAJES B\u00cdBLICOS) MOISES EL LIBERTADOR\">\n\t\t\t<img loading=\"lazy\" decoding=\"async\" width=\"257\" height=\"400\" src=\"https:\/\/desarrollocristiano.pe\/wp-content\/uploads\/2020\/10\/9780825417726-1.jpg\" class=\"attachment-woocommerce_thumbnail size-woocommerce_thumbnail\" alt=\"(SERMONES DE GRANDES PERSONAJES B\u00cdBLICOS) MOISES EL LIBERTADOR\" srcset=\"https:\/\/desarrollocristiano.pe\/wp-content\/uploads\/2020\/10\/9780825417726-1.jpg 257w, https:\/\/desarrollocristiano.pe\/wp-content\/uploads\/2020\/10\/9780825417726-1-150x233.jpg 150w\" sizes=\"auto, (max-width: 257px) 100vw, 257px\" \/>\t\t<\/a>\n\n\t\t\n\t\t<div class=\"wrapp-buttons\">\n\t\t\t<div class=\"wd-buttons\">\n\t\t\t\t<div class=\"wd-add-btn wd-action-btn wd-style-icon wd-add-cart-icon\"><\/div>\n\t\t\t\t\t\t\t\t\t\t\t\t\t\t<div class=\"quick-view wd-action-btn wd-style-icon wd-quick-view-icon\">\n\t\t\t<a\n\t\t\t\thref=\"https:\/\/desarrollocristiano.pe\/producto\/sermones-de-grandes-personajes-biblicos-moises-el-libertador\/\"\n\t\t\t\tclass=\"open-quick-view quick-view-button\"\n\t\t\t\trel=\"nofollow\"\n\t\t\t\tdata-id=\"68575\"\n\t\t\t\t>Vista r\u00e1pida<\/a>\n\t\t<\/div>\n\t\t\t\t\t\t\t\t\t\t\t\t\t<\/div> \n\t\t<\/div>\n\t<\/div>\n\t\t\t\t\t<h3 class=\"wd-entities-title\"><a href=\"https:\/\/desarrollocristiano.pe\/producto\/sermones-de-grandes-personajes-biblicos-moises-el-libertador\/\">(SERMONES DE GRANDES PERSONAJES B\u00cdBLICOS) MOISES EL LIBERTADOR<\/a><\/h3>\t\t\t\t\t\t<div class=\"libro-info\" style=\"font-size:small\"><div class=\"libro-autor\"><span class=\"libro-autor-label\">Autor:<\/span> KITTIM SILVA<\/div><div class=\"libro-editorial\"><span class=\"libro-editorial-label\">Editorial:<\/span> PORTAVOZ<\/div><\/div>\n\t<span class=\"price\"><span class=\"woocommerce-Price-amount amount\"><bdi><span class=\"woocommerce-Price-currencySymbol\">S\/<\/span>54.00<\/bdi><\/span><\/span>\n\n\t\t\n\t\t\n\t\t\t<\/div>\n<\/div>\n<div class=\"wd-product wd-hover-icons wd-col product-grid-item product type-product post-68557 status-publish first instock product_cat-herramientas-estudio-biblico product_cat-iglesia product_cat-predicacion-biblica has-post-thumbnail taxable shipping-taxable purchasable product-type-simple\" data-loop=\"88\" data-id=\"68557\">\n\t\n\t<div class=\"product-wrapper\">\n\t<div class=\"product-element-top wd-quick-shop\">\n\t\t<a href=\"https:\/\/desarrollocristiano.pe\/producto\/sermones-de-grandes-personajes-biblicos-nehemias-el-constructor\/\" class=\"product-image-link\" aria-label=\"(SERMONES DE GRANDES PERSONAJES B\u00cdBLICOS) NEHEM\u00cdAS EL CONSTRUCTOR\">\n\t\t\t<img loading=\"lazy\" decoding=\"async\" width=\"256\" height=\"400\" src=\"https:\/\/desarrollocristiano.pe\/wp-content\/uploads\/2020\/10\/9780825416767-1.jpg\" class=\"attachment-woocommerce_thumbnail size-woocommerce_thumbnail\" alt=\"(SERMONES DE GRANDES PERSONAJES B\u00cdBLICOS) NEHEM\u00cdAS EL CONSTRUCTOR\" srcset=\"https:\/\/desarrollocristiano.pe\/wp-content\/uploads\/2020\/10\/9780825416767-1.jpg 256w, https:\/\/desarrollocristiano.pe\/wp-content\/uploads\/2020\/10\/9780825416767-1-150x234.jpg 150w\" sizes=\"auto, (max-width: 256px) 100vw, 256px\" \/>\t\t<\/a>\n\n\t\t\n\t\t<div class=\"wrapp-buttons\">\n\t\t\t<div class=\"wd-buttons\">\n\t\t\t\t<div class=\"wd-add-btn wd-action-btn wd-style-icon wd-add-cart-icon\"><\/div>\n\t\t\t\t\t\t\t\t\t\t\t\t\t\t<div class=\"quick-view wd-action-btn wd-style-icon wd-quick-view-icon\">\n\t\t\t<a\n\t\t\t\thref=\"https:\/\/desarrollocristiano.pe\/producto\/sermones-de-grandes-personajes-biblicos-nehemias-el-constructor\/\"\n\t\t\t\tclass=\"open-quick-view quick-view-button\"\n\t\t\t\trel=\"nofollow\"\n\t\t\t\tdata-id=\"68557\"\n\t\t\t\t>Vista r\u00e1pida<\/a>\n\t\t<\/div>\n\t\t\t\t\t\t\t\t\t\t\t\t\t<\/div> \n\t\t<\/div>\n\t<\/div>\n\t\t\t\t\t<h3 class=\"wd-entities-title\"><a href=\"https:\/\/desarrollocristiano.pe\/producto\/sermones-de-grandes-personajes-biblicos-nehemias-el-constructor\/\">(SERMONES DE GRANDES PERSONAJES B\u00cdBLICOS) NEHEM\u00cdAS EL CONSTRUCTOR<\/a><\/h3>\t\t\t\t\t\t<div class=\"libro-info\" style=\"font-size:small\"><div class=\"libro-autor\"><span class=\"libro-autor-label\">Autor:<\/span> KITTIM SILVA<\/div><div class=\"libro-editorial\"><span class=\"libro-editorial-label\">Editorial:<\/span> PORTAVOZ<\/div><\/div>\n\t<span class=\"price\"><span class=\"woocommerce-Price-amount amount\"><bdi><span class=\"woocommerce-Price-currencySymbol\">S\/<\/span>37.00<\/bdi><\/span><\/span>\n\n\t\t\n\t\t\n\t\t\t<\/div>\n<\/div>\n<div class=\"wd-product wd-hover-icons wd-col product-grid-item product type-product post-67581 status-publish instock product_cat-herramientas-estudio-biblico product_cat-iglesia product_cat-predicacion-biblica has-post-thumbnail taxable shipping-taxable purchasable product-type-simple\" data-loop=\"89\" data-id=\"67581\">\n\t\n\t<div class=\"product-wrapper\">\n\t<div class=\"product-element-top wd-quick-shop\">\n\t\t<a href=\"https:\/\/desarrollocristiano.pe\/producto\/sermones-de-grandes-personajes-biblicos-sanson-el-solitario\/\" class=\"product-image-link\" aria-label=\"(SERMONES DE GRANDES PERSONAJES B\u00cdBLICOS) SANSON EL SOLITARIO\">\n\t\t\t<img loading=\"lazy\" decoding=\"async\" width=\"314\" height=\"500\" src=\"https:\/\/desarrollocristiano.pe\/wp-content\/uploads\/2020\/10\/9780825416330-1.jpg\" class=\"attachment-woocommerce_thumbnail size-woocommerce_thumbnail\" alt=\"(SERMONES DE GRANDES PERSONAJES B\u00cdBLICOS) SANSON EL SOLITARIO\" srcset=\"https:\/\/desarrollocristiano.pe\/wp-content\/uploads\/2020\/10\/9780825416330-1.jpg 314w, https:\/\/desarrollocristiano.pe\/wp-content\/uploads\/2020\/10\/9780825416330-1-150x239.jpg 150w\" sizes=\"auto, (max-width: 314px) 100vw, 314px\" \/>\t\t<\/a>\n\n\t\t\t\t\t<div class=\"hover-img\">\n\t\t\t\t<img loading=\"lazy\" decoding=\"async\" width=\"375\" height=\"500\" src=\"https:\/\/desarrollocristiano.pe\/wp-content\/uploads\/2020\/10\/9780825416330-2-1.jpg\" class=\"attachment-woocommerce_thumbnail size-woocommerce_thumbnail\" alt=\"\" srcset=\"https:\/\/desarrollocristiano.pe\/wp-content\/uploads\/2020\/10\/9780825416330-2-1.jpg 375w, https:\/\/desarrollocristiano.pe\/wp-content\/uploads\/2020\/10\/9780825416330-2-1-150x200.jpg 150w, https:\/\/desarrollocristiano.pe\/wp-content\/uploads\/2020\/10\/9780825416330-2-1-320x427.jpg 320w\" sizes=\"auto, (max-width: 375px) 100vw, 375px\" \/>\t\t\t<\/div>\n\t\t\t\n\t\t<div class=\"wrapp-buttons\">\n\t\t\t<div class=\"wd-buttons\">\n\t\t\t\t<div class=\"wd-add-btn wd-action-btn wd-style-icon wd-add-cart-icon\"><\/div>\n\t\t\t\t\t\t\t\t\t\t\t\t\t\t<div class=\"quick-view wd-action-btn wd-style-icon wd-quick-view-icon\">\n\t\t\t<a\n\t\t\t\thref=\"https:\/\/desarrollocristiano.pe\/producto\/sermones-de-grandes-personajes-biblicos-sanson-el-solitario\/\"\n\t\t\t\tclass=\"open-quick-view quick-view-button\"\n\t\t\t\trel=\"nofollow\"\n\t\t\t\tdata-id=\"67581\"\n\t\t\t\t>Vista r\u00e1pida<\/a>\n\t\t<\/div>\n\t\t\t\t\t\t\t\t\t\t\t\t\t<\/div> \n\t\t<\/div>\n\t<\/div>\n\t\t\t\t\t<h3 class=\"wd-entities-title\"><a href=\"https:\/\/desarrollocristiano.pe\/producto\/sermones-de-grandes-personajes-biblicos-sanson-el-solitario\/\">(SERMONES DE GRANDES PERSONAJES B\u00cdBLICOS) SANSON EL SOLITARIO<\/a><\/h3>\t\t\t\t\t\t<div class=\"libro-info\" style=\"font-size:small\"><div class=\"libro-autor\"><span class=\"libro-autor-label\">Autor:<\/span> KITTIM SILVA<\/div><div class=\"libro-editorial\"><span class=\"libro-editorial-label\">Editorial:<\/span> PORTAVOZ<\/div><\/div>\n\t<span class=\"price\"><span class=\"woocommerce-Price-amount amount\"><bdi><span class=\"woocommerce-Price-currencySymbol\">S\/<\/span>29.00<\/bdi><\/span><\/span>\n\n\t\t\n\t\t\n\t\t\t<\/div>\n<\/div>\n<div class=\"wd-product wd-hover-icons wd-col product-grid-item product type-product post-75100 status-publish instock product_cat-biblia product_cat-biblias-general product_cat-nueva-traduccion-viviente-ntv-biblias-general has-post-thumbnail taxable shipping-taxable purchasable product-type-simple\" data-loop=\"90\" data-id=\"75100\">\n\t\n\t<div class=\"product-wrapper\">\n\t<div class=\"product-element-top wd-quick-shop\">\n\t\t<a href=\"https:\/\/desarrollocristiano.pe\/producto\/biblia-de-promesas-ntv-2-tonos-negro-cafe\/\" class=\"product-image-link\" aria-label=\"-Biblia de promesas NTV\/ 2 tonos\/ negro &#038; caf\u00e9\">\n\t\t\t<img loading=\"lazy\" decoding=\"async\" width=\"256\" height=\"400\" src=\"https:\/\/desarrollocristiano.pe\/wp-content\/uploads\/2022\/02\/9780789920799.jpg\" class=\"attachment-woocommerce_thumbnail size-woocommerce_thumbnail\" alt=\"-Biblia de promesas NTV\/ 2 tonos\/ negro &amp; caf\u00e9\" srcset=\"https:\/\/desarrollocristiano.pe\/wp-content\/uploads\/2022\/02\/9780789920799.jpg 256w, https:\/\/desarrollocristiano.pe\/wp-content\/uploads\/2022\/02\/9780789920799-150x234.jpg 150w\" sizes=\"auto, (max-width: 256px) 100vw, 256px\" \/>\t\t<\/a>\n\n\t\t\n\t\t<div class=\"wrapp-buttons\">\n\t\t\t<div class=\"wd-buttons\">\n\t\t\t\t<div class=\"wd-add-btn wd-action-btn wd-style-icon wd-add-cart-icon\"><\/div>\n\t\t\t\t\t\t\t\t\t\t\t\t\t\t<div class=\"quick-view wd-action-btn wd-style-icon wd-quick-view-icon\">\n\t\t\t<a\n\t\t\t\thref=\"https:\/\/desarrollocristiano.pe\/producto\/biblia-de-promesas-ntv-2-tonos-negro-cafe\/\"\n\t\t\t\tclass=\"open-quick-view quick-view-button\"\n\t\t\t\trel=\"nofollow\"\n\t\t\t\tdata-id=\"75100\"\n\t\t\t\t>Vista r\u00e1pida<\/a>\n\t\t<\/div>\n\t\t\t\t\t\t\t\t\t\t\t\t\t<\/div> \n\t\t<\/div>\n\t<\/div>\n\t\t\t\t\t<h3 class=\"wd-entities-title\"><a href=\"https:\/\/desarrollocristiano.pe\/producto\/biblia-de-promesas-ntv-2-tonos-negro-cafe\/\">-Biblia de promesas NTV\/ 2 tonos\/ negro &#038; caf\u00e9<\/a><\/h3>\t\t\t\t\t\t<div class=\"libro-info\" style=\"font-size:small\"><div class=\"libro-editorial\"><span class=\"libro-editorial-label\">Editorial:<\/span> UNILIT<\/div><\/div>\n\t<span class=\"price\"><span class=\"woocommerce-Price-amount amount\"><bdi><span class=\"woocommerce-Price-currencySymbol\">S\/<\/span>91.00<\/bdi><\/span><\/span>\n\n\t\t\n\t\t\n\t\t\t<\/div>\n<\/div>\n<div class=\"wd-product wd-hover-icons wd-col product-grid-item product type-product post-72986 status-publish last instock product_cat-literatura product_cat-vida-cristiana product_cat-vida-cristiana-general has-post-thumbnail taxable shipping-taxable purchasable product-type-simple\" data-loop=\"91\" data-id=\"72986\">\n\t\n\t<div class=\"product-wrapper\">\n\t<div class=\"product-element-top wd-quick-shop\">\n\t\t<a href=\"https:\/\/desarrollocristiano.pe\/producto\/0-1361111111\/\" class=\"product-image-link\" aria-label=\"0.1361111111\">\n\t\t\t<img loading=\"lazy\" decoding=\"async\" width=\"259\" height=\"400\" src=\"https:\/\/desarrollocristiano.pe\/wp-content\/uploads\/2022\/02\/9781602550674.jpg\" class=\"attachment-woocommerce_thumbnail size-woocommerce_thumbnail\" alt=\"0.1361111111\" srcset=\"https:\/\/desarrollocristiano.pe\/wp-content\/uploads\/2022\/02\/9781602550674.jpg 259w, https:\/\/desarrollocristiano.pe\/wp-content\/uploads\/2022\/02\/9781602550674-150x232.jpg 150w\" sizes=\"auto, (max-width: 259px) 100vw, 259px\" \/>\t\t<\/a>\n\n\t\t\n\t\t<div class=\"wrapp-buttons\">\n\t\t\t<div class=\"wd-buttons\">\n\t\t\t\t<div class=\"wd-add-btn wd-action-btn wd-style-icon wd-add-cart-icon\"><\/div>\n\t\t\t\t\t\t\t\t\t\t\t\t\t\t<div class=\"quick-view wd-action-btn wd-style-icon wd-quick-view-icon\">\n\t\t\t<a\n\t\t\t\thref=\"https:\/\/desarrollocristiano.pe\/producto\/0-1361111111\/\"\n\t\t\t\tclass=\"open-quick-view quick-view-button\"\n\t\t\t\trel=\"nofollow\"\n\t\t\t\tdata-id=\"72986\"\n\t\t\t\t>Vista r\u00e1pida<\/a>\n\t\t<\/div>\n\t\t\t\t\t\t\t\t\t\t\t\t\t<\/div> \n\t\t<\/div>\n\t<\/div>\n\t\t\t\t\t<h3 class=\"wd-entities-title\"><a href=\"https:\/\/desarrollocristiano.pe\/producto\/0-1361111111\/\">0.1361111111<\/a><\/h3>\t\t\t\t\t\t<div class=\"libro-info\" style=\"font-size:small\"><div class=\"libro-autor\"><span class=\"libro-autor-label\">Autor:<\/span> MAX LUCADO<\/div><div class=\"libro-editorial\"><span class=\"libro-editorial-label\">Editorial:<\/span> GRUPO NELSON<\/div><\/div>\n\t<span class=\"price\"><span class=\"woocommerce-Price-amount amount\"><bdi><span class=\"woocommerce-Price-currencySymbol\">S\/<\/span>58.00<\/bdi><\/span><\/span>\n\n\t\t\n\t\t\n\t\t\t<\/div>\n<\/div>\n<div class=\"wd-product wd-hover-icons wd-col product-grid-item product type-product post-65681 status-publish first instock product_cat-doctrina product_cat-teologia has-post-thumbnail taxable shipping-taxable purchasable product-type-simple\" data-loop=\"92\" data-id=\"65681\">\n\t\n\t<div class=\"product-wrapper\">\n\t<div class=\"product-element-top wd-quick-shop\">\n\t\t<a href=\"https:\/\/desarrollocristiano.pe\/producto\/01-curso-de-formacion-teologica-evangelica-introduccion-a-la-teologia\/\" class=\"product-image-link\" aria-label=\"01 CURSO DE FORMACI\u00d3N TEOL\u00d3GICA EVANG\u00c9LICA: INTRODUCCI\u00d3N A LA TEOLOG\u00cdA\">\n\t\t\t<img loading=\"lazy\" decoding=\"async\" width=\"600\" height=\"925\" src=\"https:\/\/desarrollocristiano.pe\/wp-content\/uploads\/2020\/10\/9788472280380-1.jpg\" class=\"attachment-woocommerce_thumbnail size-woocommerce_thumbnail\" alt=\"01 CURSO DE FORMACI\u00d3N TEOL\u00d3GICA EVANG\u00c9LICA: INTRODUCCI\u00d3N A LA TEOLOG\u00cdA\" srcset=\"https:\/\/desarrollocristiano.pe\/wp-content\/uploads\/2020\/10\/9788472280380-1.jpg 600w, https:\/\/desarrollocristiano.pe\/wp-content\/uploads\/2020\/10\/9788472280380-1-150x231.jpg 150w, https:\/\/desarrollocristiano.pe\/wp-content\/uploads\/2020\/10\/9788472280380-1-320x493.jpg 320w\" sizes=\"auto, (max-width: 600px) 100vw, 600px\" \/>\t\t<\/a>\n\n\t\t\n\t\t<div class=\"wrapp-buttons\">\n\t\t\t<div class=\"wd-buttons\">\n\t\t\t\t<div class=\"wd-add-btn wd-action-btn wd-style-icon wd-add-cart-icon\"><\/div>\n\t\t\t\t\t\t\t\t\t\t\t\t\t\t<div class=\"quick-view wd-action-btn wd-style-icon wd-quick-view-icon\">\n\t\t\t<a\n\t\t\t\thref=\"https:\/\/desarrollocristiano.pe\/producto\/01-curso-de-formacion-teologica-evangelica-introduccion-a-la-teologia\/\"\n\t\t\t\tclass=\"open-quick-view quick-view-button\"\n\t\t\t\trel=\"nofollow\"\n\t\t\t\tdata-id=\"65681\"\n\t\t\t\t>Vista r\u00e1pida<\/a>\n\t\t<\/div>\n\t\t\t\t\t\t\t\t\t\t\t\t\t<\/div> \n\t\t<\/div>\n\t<\/div>\n\t\t\t\t\t<h3 class=\"wd-entities-title\"><a href=\"https:\/\/desarrollocristiano.pe\/producto\/01-curso-de-formacion-teologica-evangelica-introduccion-a-la-teologia\/\">01 CURSO DE FORMACI\u00d3N TEOL\u00d3GICA EVANG\u00c9LICA: INTRODUCCI\u00d3N A LA TEOLOG\u00cdA<\/a><\/h3>\t\t\t\t\t\t<div class=\"libro-info\" style=\"font-size:small\"><div class=\"libro-autor\"><span class=\"libro-autor-label\">Autor:<\/span> JOSE GRAU<\/div><div class=\"libro-editorial\"><span class=\"libro-editorial-label\">Editorial:<\/span> CLIE<\/div><\/div>\n\t<span class=\"price\"><span class=\"woocommerce-Price-amount amount\"><bdi><span class=\"woocommerce-Price-currencySymbol\">S\/<\/span>66.00<\/bdi><\/span><\/span>\n\n\t\t\n\t\t\n\t\t\t<\/div>\n<\/div>\n<div class=\"wd-product wd-hover-icons wd-col product-grid-item product type-product post-65685 status-publish instock product_cat-teologia product_cat-teologia-dios has-post-thumbnail taxable shipping-taxable purchasable product-type-simple\" data-loop=\"93\" data-id=\"65685\">\n\t\n\t<div class=\"product-wrapper\">\n\t<div class=\"product-element-top wd-quick-shop\">\n\t\t<a href=\"https:\/\/desarrollocristiano.pe\/producto\/02-curso-de-formacion-teologica-evangelica-un-dios-en-tres-personas\/\" class=\"product-image-link\" aria-label=\"02 CURSO DE FORMACI\u00d3N TEOL\u00d3GICA EVANG\u00c9LICA: UN DIOS EN TRES PERSONAS\">\n\t\t\t<img loading=\"lazy\" decoding=\"async\" width=\"591\" height=\"886\" src=\"https:\/\/desarrollocristiano.pe\/wp-content\/uploads\/2020\/10\/9788472281219-1.jpg\" class=\"attachment-woocommerce_thumbnail size-woocommerce_thumbnail\" alt=\"02 CURSO DE FORMACI\u00d3N TEOL\u00d3GICA EVANG\u00c9LICA: UN DIOS EN TRES PERSONAS\" srcset=\"https:\/\/desarrollocristiano.pe\/wp-content\/uploads\/2020\/10\/9788472281219-1.jpg 591w, https:\/\/desarrollocristiano.pe\/wp-content\/uploads\/2020\/10\/9788472281219-1-150x225.jpg 150w, https:\/\/desarrollocristiano.pe\/wp-content\/uploads\/2020\/10\/9788472281219-1-320x480.jpg 320w\" sizes=\"auto, (max-width: 591px) 100vw, 591px\" \/>\t\t<\/a>\n\n\t\t\n\t\t<div class=\"wrapp-buttons\">\n\t\t\t<div class=\"wd-buttons\">\n\t\t\t\t<div class=\"wd-add-btn wd-action-btn wd-style-icon wd-add-cart-icon\"><\/div>\n\t\t\t\t\t\t\t\t\t\t\t\t\t\t<div class=\"quick-view wd-action-btn wd-style-icon wd-quick-view-icon\">\n\t\t\t<a\n\t\t\t\thref=\"https:\/\/desarrollocristiano.pe\/producto\/02-curso-de-formacion-teologica-evangelica-un-dios-en-tres-personas\/\"\n\t\t\t\tclass=\"open-quick-view quick-view-button\"\n\t\t\t\trel=\"nofollow\"\n\t\t\t\tdata-id=\"65685\"\n\t\t\t\t>Vista r\u00e1pida<\/a>\n\t\t<\/div>\n\t\t\t\t\t\t\t\t\t\t\t\t\t<\/div> \n\t\t<\/div>\n\t<\/div>\n\t\t\t\t\t<h3 class=\"wd-entities-title\"><a href=\"https:\/\/desarrollocristiano.pe\/producto\/02-curso-de-formacion-teologica-evangelica-un-dios-en-tres-personas\/\">02 CURSO DE FORMACI\u00d3N TEOL\u00d3GICA EVANG\u00c9LICA: UN DIOS EN TRES PERSONAS<\/a><\/h3>\t\t\t\t\t\t<div class=\"libro-info\" style=\"font-size:small\"><div class=\"libro-autor\"><span class=\"libro-autor-label\">Autor:<\/span> FRANCISCO LACUEVA<\/div><div class=\"libro-editorial\"><span class=\"libro-editorial-label\">Editorial:<\/span> CLIE<\/div><\/div>\n\t<span class=\"price\"><span class=\"woocommerce-Price-amount amount\"><bdi><span class=\"woocommerce-Price-currencySymbol\">S\/<\/span>58.00<\/bdi><\/span><\/span>\n\n\t\t\n\t\t\n\t\t\t<\/div>\n<\/div>\n<div class=\"wd-product wd-hover-icons wd-col product-grid-item product type-product post-65693 status-publish instock product_cat-antropologia product_cat-teologia has-post-thumbnail taxable shipping-taxable purchasable product-type-simple\" data-loop=\"94\" data-id=\"65693\">\n\t\n\t<div class=\"product-wrapper\">\n\t<div class=\"product-element-top wd-quick-shop\">\n\t\t<a href=\"https:\/\/desarrollocristiano.pe\/producto\/03-curso-de-formacion-teologica-evangelica-el-hombre-su-grandeza-y-su-miseria\/\" class=\"product-image-link\" aria-label=\"03 CURSO DE FORMACI\u00d3N TEOL\u00d3GICA EVANG\u00c9LICA: EL HOMBRE, SU GRANDEZA Y SU MISERIA\">\n\t\t\t<img loading=\"lazy\" decoding=\"async\" width=\"500\" height=\"770\" src=\"https:\/\/desarrollocristiano.pe\/wp-content\/uploads\/2020\/10\/9788472282575-1.jpg\" class=\"attachment-woocommerce_thumbnail size-woocommerce_thumbnail\" alt=\"03 CURSO DE FORMACI\u00d3N TEOL\u00d3GICA EVANG\u00c9LICA: EL HOMBRE\" srcset=\"https:\/\/desarrollocristiano.pe\/wp-content\/uploads\/2020\/10\/9788472282575-1.jpg 500w, https:\/\/desarrollocristiano.pe\/wp-content\/uploads\/2020\/10\/9788472282575-1-150x231.jpg 150w, https:\/\/desarrollocristiano.pe\/wp-content\/uploads\/2020\/10\/9788472282575-1-320x493.jpg 320w\" sizes=\"auto, (max-width: 500px) 100vw, 500px\" \/>\t\t<\/a>\n\n\t\t\n\t\t<div class=\"wrapp-buttons\">\n\t\t\t<div class=\"wd-buttons\">\n\t\t\t\t<div class=\"wd-add-btn wd-action-btn wd-style-icon wd-add-cart-icon\"><\/div>\n\t\t\t\t\t\t\t\t\t\t\t\t\t\t<div class=\"quick-view wd-action-btn wd-style-icon wd-quick-view-icon\">\n\t\t\t<a\n\t\t\t\thref=\"https:\/\/desarrollocristiano.pe\/producto\/03-curso-de-formacion-teologica-evangelica-el-hombre-su-grandeza-y-su-miseria\/\"\n\t\t\t\tclass=\"open-quick-view quick-view-button\"\n\t\t\t\trel=\"nofollow\"\n\t\t\t\tdata-id=\"65693\"\n\t\t\t\t>Vista r\u00e1pida<\/a>\n\t\t<\/div>\n\t\t\t\t\t\t\t\t\t\t\t\t\t<\/div> \n\t\t<\/div>\n\t<\/div>\n\t\t\t\t\t<h3 class=\"wd-entities-title\"><a href=\"https:\/\/desarrollocristiano.pe\/producto\/03-curso-de-formacion-teologica-evangelica-el-hombre-su-grandeza-y-su-miseria\/\">03 CURSO DE FORMACI\u00d3N TEOL\u00d3GICA EVANG\u00c9LICA: EL HOMBRE, SU GRANDEZA Y SU MISERIA<\/a><\/h3>\t\t\t\t\t\t<div class=\"libro-info\" style=\"font-size:small\"><div class=\"libro-autor\"><span class=\"libro-autor-label\">Autor:<\/span> FRANCISCO LACUEVA<\/div><div class=\"libro-editorial\"><span class=\"libro-editorial-label\">Editorial:<\/span> CLIE<\/div><\/div>\n\t<span class=\"price\"><span class=\"woocommerce-Price-amount amount\"><bdi><span class=\"woocommerce-Price-currencySymbol\">S\/<\/span>58.00<\/bdi><\/span><\/span>\n\n\t\t\n\t\t\n\t\t\t<\/div>\n<\/div>\n<div class=\"wd-product wd-hover-icons wd-col product-grid-item product type-product post-65999 status-publish last instock product_cat-cristologia product_cat-teologia has-post-thumbnail taxable shipping-taxable purchasable product-type-simple\" data-loop=\"95\" data-id=\"65999\">\n\t\n\t<div class=\"product-wrapper\">\n\t<div class=\"product-element-top wd-quick-shop\">\n\t\t<a href=\"https:\/\/desarrollocristiano.pe\/producto\/04-curso-de-formacion-teologica-la-persona-y-la-obra-de-jesucristo\/\" class=\"product-image-link\" aria-label=\"04 CURSO DE FORMACI\u00d3N TEOL\u00d3GICA: LA PERSONA Y LA OBRA DE JESUCRISTO\">\n\t\t\t<img loading=\"lazy\" decoding=\"async\" width=\"600\" height=\"921\" src=\"https:\/\/desarrollocristiano.pe\/wp-content\/uploads\/2020\/10\/9788482678481-1.jpg\" class=\"attachment-woocommerce_thumbnail size-woocommerce_thumbnail\" alt=\"04 CURSO DE FORMACI\u00d3N TEOL\u00d3GICA: LA PERSONA Y LA OBRA DE JESUCRISTO\" srcset=\"https:\/\/desarrollocristiano.pe\/wp-content\/uploads\/2020\/10\/9788482678481-1.jpg 600w, https:\/\/desarrollocristiano.pe\/wp-content\/uploads\/2020\/10\/9788482678481-1-150x230.jpg 150w, https:\/\/desarrollocristiano.pe\/wp-content\/uploads\/2020\/10\/9788482678481-1-320x491.jpg 320w\" sizes=\"auto, (max-width: 600px) 100vw, 600px\" \/>\t\t<\/a>\n\n\t\t\n\t\t<div class=\"wrapp-buttons\">\n\t\t\t<div class=\"wd-buttons\">\n\t\t\t\t<div class=\"wd-add-btn wd-action-btn wd-style-icon wd-add-cart-icon\"><\/div>\n\t\t\t\t\t\t\t\t\t\t\t\t\t\t<div class=\"quick-view wd-action-btn wd-style-icon wd-quick-view-icon\">\n\t\t\t<a\n\t\t\t\thref=\"https:\/\/desarrollocristiano.pe\/producto\/04-curso-de-formacion-teologica-la-persona-y-la-obra-de-jesucristo\/\"\n\t\t\t\tclass=\"open-quick-view quick-view-button\"\n\t\t\t\trel=\"nofollow\"\n\t\t\t\tdata-id=\"65999\"\n\t\t\t\t>Vista r\u00e1pida<\/a>\n\t\t<\/div>\n\t\t\t\t\t\t\t\t\t\t\t\t\t<\/div> \n\t\t<\/div>\n\t<\/div>\n\t\t\t\t\t<h3 class=\"wd-entities-title\"><a href=\"https:\/\/desarrollocristiano.pe\/producto\/04-curso-de-formacion-teologica-la-persona-y-la-obra-de-jesucristo\/\">04 CURSO DE FORMACI\u00d3N TEOL\u00d3GICA: LA PERSONA Y LA OBRA DE JESUCRISTO<\/a><\/h3>\t\t\t\t\t\t<div class=\"libro-info\" style=\"font-size:small\"><div class=\"libro-autor\"><span class=\"libro-autor-label\">Autor:<\/span> FRANCISCO LACUEVA<\/div><div class=\"libro-editorial\"><span class=\"libro-editorial-label\">Editorial:<\/span> CLIE<\/div><\/div>\n\t<span class=\"price\"><span class=\"woocommerce-Price-amount amount\"><bdi><span class=\"woocommerce-Price-currencySymbol\">S\/<\/span>62.00<\/bdi><\/span><\/span>\n\n\t\t\n\t\t\n\t\t\t<\/div>\n<\/div>\n<div class=\"wd-product wd-hover-icons wd-col product-grid-item product type-product post-65683 status-publish first instock product_cat-eclesiologia product_cat-teologia has-post-thumbnail taxable shipping-taxable purchasable product-type-simple\" data-loop=\"96\" data-id=\"65683\">\n\t\n\t<div class=\"product-wrapper\">\n\t<div class=\"product-element-top wd-quick-shop\">\n\t\t<a href=\"https:\/\/desarrollocristiano.pe\/producto\/06-curso-de-formacion-teologica-evangelica-la-iglesia-cuerpo-de-cristo\/\" class=\"product-image-link\" aria-label=\"06 CURSO DE FORMACI\u00d3N TEOL\u00d3GICA EVANG\u00c9LICA: LA IGLESIA, CUERPO DE CRISTO\">\n\t\t\t<img loading=\"lazy\" decoding=\"async\" width=\"600\" height=\"924\" src=\"https:\/\/desarrollocristiano.pe\/wp-content\/uploads\/2020\/10\/9788472280915-1.jpg\" class=\"attachment-woocommerce_thumbnail size-woocommerce_thumbnail\" alt=\"06 CURSO DE FORMACI\u00d3N TEOL\u00d3GICA EVANG\u00c9LICA: LA IGLESIA\" srcset=\"https:\/\/desarrollocristiano.pe\/wp-content\/uploads\/2020\/10\/9788472280915-1.jpg 600w, https:\/\/desarrollocristiano.pe\/wp-content\/uploads\/2020\/10\/9788472280915-1-150x231.jpg 150w, https:\/\/desarrollocristiano.pe\/wp-content\/uploads\/2020\/10\/9788472280915-1-320x493.jpg 320w\" sizes=\"auto, (max-width: 600px) 100vw, 600px\" \/>\t\t<\/a>\n\n\t\t\n\t\t<div class=\"wrapp-buttons\">\n\t\t\t<div class=\"wd-buttons\">\n\t\t\t\t<div class=\"wd-add-btn wd-action-btn wd-style-icon wd-add-cart-icon\"><\/div>\n\t\t\t\t\t\t\t\t\t\t\t\t\t\t<div class=\"quick-view wd-action-btn wd-style-icon wd-quick-view-icon\">\n\t\t\t<a\n\t\t\t\thref=\"https:\/\/desarrollocristiano.pe\/producto\/06-curso-de-formacion-teologica-evangelica-la-iglesia-cuerpo-de-cristo\/\"\n\t\t\t\tclass=\"open-quick-view quick-view-button\"\n\t\t\t\trel=\"nofollow\"\n\t\t\t\tdata-id=\"65683\"\n\t\t\t\t>Vista r\u00e1pida<\/a>\n\t\t<\/div>\n\t\t\t\t\t\t\t\t\t\t\t\t\t<\/div> \n\t\t<\/div>\n\t<\/div>\n\t\t\t\t\t<h3 class=\"wd-entities-title\"><a href=\"https:\/\/desarrollocristiano.pe\/producto\/06-curso-de-formacion-teologica-evangelica-la-iglesia-cuerpo-de-cristo\/\">06 CURSO DE FORMACI\u00d3N TEOL\u00d3GICA EVANG\u00c9LICA: LA IGLESIA, CUERPO DE CRISTO<\/a><\/h3>\t\t\t\t\t\t<div class=\"libro-info\" style=\"font-size:small\"><div class=\"libro-autor\"><span class=\"libro-autor-label\">Autor:<\/span> FRANCISCO LACUEVA<\/div><div class=\"libro-editorial\"><span class=\"libro-editorial-label\">Editorial:<\/span> CLIE<\/div><\/div>\n\t<span class=\"price\"><span class=\"woocommerce-Price-amount amount\"><bdi><span class=\"woocommerce-Price-currencySymbol\">S\/<\/span>70.00<\/bdi><\/span><\/span>\n\n\t\t\n\t\t\n\t\t\t<\/div>\n<\/div>\n\t\t\t<\/div>\n\t\t\t<\/div><\/div><\/div><\/div><\/div>\n<\/div>\t\t\t\t\t<\/div>\n\t\t\t\t\n\t\t\t\t\t\t\t\t\t<\/div>\n\t<\/div>\n<\/article>\n\n\t\t\t\t\t\t\t\t\t\t\t\n<article id=\"post-59293\" class=\"wd-post blog-design-chess blog-post-loop blog-design-small-images blog-style-bg wd-add-shadow wd-col post-59293 post type-post status-publish format-video has-post-thumbnail hentry category-mujer-vive-tu-fe post_format-post-format-video\">\n\t<div class=\"wd-post-inner article-inner\">\n\t\t\t\t\t<div class=\"wd-post-thumb entry-header\">\n\t\t\t\t\t\t\t\t\t<div class=\"wd-post-img post-img-wrapp\">\n\t\t\t\t\t\t<img width=\"320\" height=\"160\" src=\"https:\/\/desarrollocristiano.pe\/wp-content\/uploads\/2021\/02\/WENDY-BELLO-CAMBIO-DE-TIPOGRAFIA-2-320x160.jpg\" class=\"attachment-large size-large\" alt=\"\" decoding=\"async\" loading=\"lazy\" srcset=\"https:\/\/desarrollocristiano.pe\/wp-content\/uploads\/2021\/02\/WENDY-BELLO-CAMBIO-DE-TIPOGRAFIA-2-320x160.jpg 320w, https:\/\/desarrollocristiano.pe\/wp-content\/uploads\/2021\/02\/WENDY-BELLO-CAMBIO-DE-TIPOGRAFIA-2-600x300.jpg 600w, https:\/\/desarrollocristiano.pe\/wp-content\/uploads\/2021\/02\/WENDY-BELLO-CAMBIO-DE-TIPOGRAFIA-2-150x75.jpg 150w, https:\/\/desarrollocristiano.pe\/wp-content\/uploads\/2021\/02\/WENDY-BELLO-CAMBIO-DE-TIPOGRAFIA-2.jpg 700w\" sizes=\"auto, (max-width: 320px) 100vw, 320px\" \/>\t\t\t\t\t<\/div>\n\t\t\t\t\t<a class=\"wd-fill\" href=\"https:\/\/desarrollocristiano.pe\/un-corazon-nuevo-por-fe\/\"><\/a>\n\t\t\t\t\n\t\t\t\t\t\t\t\t\t\t\t\t<div class=\"wd-post-date wd-style-with-bg\">\n\t\t\t\t<span class=\"post-date-day\">\n\t\t\t\t\t12\t\t\t\t<\/span>\n\t\t\t\t<span class=\"post-date-month\">\n\t\t\t\t\tMar\t\t\t\t<\/span>\n\t\t\t<\/div>\n\t\t\t\t\t\t\t\t\t<\/div>\n\t\t\n\t\t<div class=\"wd-post-content article-body-container\">\n\t\t\t\t\t\t\t<div class=\"wd-post-cat wd-style-with-bg meta-post-categories\">\n\t\t\t\t\t<a href=\"https:\/\/desarrollocristiano.pe\/categorias\/mujer-vive-tu-fe\/\" rel=\"category tag\">Mujer: Vive tu fe<\/a>\t\t\t\t<\/div>\n\t\t\t\n\t\t\t\t\t\t\t<h3 class=\"wd-post-title wd-entities-title title post-title\">\n\t\t\t\t\t<a href=\"https:\/\/desarrollocristiano.pe\/un-corazon-nuevo-por-fe\/\" rel=\"bookmark\">Un Coraz\u00f3n Nuevo por Fe &#8211; Wendy Bello<\/a>\n\t\t\t\t<\/h3>\n\t\t\t\n\t\t\t\t\t\t\t<div class=\"wd-post-meta\">\n\t\t\t\t\t\t\t\t\t\t\t\t\t\t\t<div class=\"wd-post-author\">\n\t\t\t\t\t\t\t\t\t\t\t<span>Posteado por<\/span>\n\t\t\n\t\t\t\t\t<img alt='author-avatar' src='https:\/\/secure.gravatar.com\/avatar\/8f331515e2139e7ffacac78d5e21bc88ee625065cad5d063ef4da73b7cbcfc2d?s=18&#038;d=mm&#038;r=g' srcset='https:\/\/secure.gravatar.com\/avatar\/8f331515e2139e7ffacac78d5e21bc88ee625065cad5d063ef4da73b7cbcfc2d?s=36&#038;d=mm&#038;r=g 2x' class='avatar avatar-18 photo' height='18' width='18' loading='lazy' decoding='async'\/>\t\t\n\t\t\t\t\t<a href=\"https:\/\/desarrollocristiano.pe\/author\/aprnimda7720\/\" class=\"author\" rel=\"author\">Administrador<\/a>\n\t\t\t\t\t\t\t\t\t<\/div>\n\t\t\t\t\t<div class=\"wd-modified-date\">\n\t\t\t\t\t\t\t\t<time class=\"updated\" datetime=\"2021-04-22T16:15:42-05:00\">\n\t\t\t22\/04\/2021\t\t<\/time>\n\t\t\t\t\t\t\t<\/div>\n\n\t\t\t\t\t\t\t\t\t\t\t<div class=\"wd-post-share wd-tltp\">\n\t\t\t\t\t\t\t<div class=\"tooltip top\">\n\t\t\t\t\t\t\t\t<div class=\"tooltip-inner\">\n\t\t\t\t\t\t\t\t\t\t\t\t<div\n\t\t\t\t\t\tclass=\" wd-social-icons  wd-style-default wd-size-small social-share wd-shape-circle color-scheme-light text-center\">\n\t\t\t\t\n\t\t\t\t\n\t\t\t\t\t\t\t\t\t<a rel=\"noopener noreferrer nofollow\" href=\"https:\/\/www.facebook.com\/sharer\/sharer.php?u=https:\/\/desarrollocristiano.pe\/articulos-pastorales\/\" target=\"_blank\" class=\" wd-social-icon social-facebook\" aria-label=\"Facebook social link\">\n\t\t\t\t\t\t<span class=\"wd-icon\"><\/span>\n\t\t\t\t\t\t\t\t\t\t\t<\/a>\n\t\t\t\t\n\t\t\t\t\t\t\t\t\t<a rel=\"noopener noreferrer nofollow\" href=\"https:\/\/x.com\/share?url=https:\/\/desarrollocristiano.pe\/articulos-pastorales\/\" target=\"_blank\" class=\" wd-social-icon social-twitter\" aria-label=\"X social link\">\n\t\t\t\t\t\t<span class=\"wd-icon\"><\/span>\n\t\t\t\t\t\t\t\t\t\t\t<\/a>\n\t\t\t\t\n\t\t\t\t\n\t\t\t\t\t\t\t\t\t<a rel=\"noopener noreferrer nofollow\" href=\"mailto:?subject=Check%20this%20https:\/\/desarrollocristiano.pe\/articulos-pastorales\/\" target=\"_blank\" class=\" wd-social-icon social-email\" aria-label=\"Email social link\">\n\t\t\t\t\t\t<span class=\"wd-icon\"><\/span>\n\t\t\t\t\t\t\t\t\t\t\t<\/a>\n\t\t\t\t\n\t\t\t\t\n\t\t\t\t\n\t\t\t\t\n\t\t\t\t\t\t\t\t\t<a rel=\"noopener noreferrer nofollow\" href=\"https:\/\/pinterest.com\/pin\/create\/button\/?url=https:\/\/desarrollocristiano.pe\/articulos-pastorales\/&media=https:\/\/desarrollocristiano.pe\/wp-content\/uploads\/2021\/02\/WENDY-BELLO-CAMBIO-DE-TIPOGRAFIA-2.jpg&description=Un+Coraz%C3%B3n+Nuevo+por+Fe+%26%238211%3B+Wendy+Bello\" target=\"_blank\" class=\" wd-social-icon social-pinterest\" aria-label=\"Pinterest social link\">\n\t\t\t\t\t\t<span class=\"wd-icon\"><\/span>\n\t\t\t\t\t\t\t\t\t\t\t<\/a>\n\t\t\t\t\n\t\t\t\t\n\t\t\t\t\t\t\t\t\t<a rel=\"noopener noreferrer nofollow\" href=\"https:\/\/www.linkedin.com\/shareArticle?mini=true&url=https:\/\/desarrollocristiano.pe\/articulos-pastorales\/\" target=\"_blank\" class=\" wd-social-icon social-linkedin\" aria-label=\"Linkedin social link\">\n\t\t\t\t\t\t<span class=\"wd-icon\"><\/span>\n\t\t\t\t\t\t\t\t\t\t\t<\/a>\n\t\t\t\t\n\t\t\t\t\n\t\t\t\t\n\t\t\t\t\n\t\t\t\t\n\t\t\t\t\n\t\t\t\t\n\t\t\t\t\n\t\t\t\t\n\t\t\t\t\t\t\t\t\t<a rel=\"noopener noreferrer nofollow\" href=\"https:\/\/api.whatsapp.com\/send?text=https%3A%2F%2Fdesarrollocristiano.pe%2Farticulos-pastorales%2F\" target=\"_blank\" class=\"wd-hide-md  wd-social-icon social-whatsapp\" aria-label=\"WhatsApp social link\">\n\t\t\t\t\t\t<span class=\"wd-icon\"><\/span>\n\t\t\t\t\t\t\t\t\t\t\t<\/a>\n\n\t\t\t\t\t<a rel=\"noopener noreferrer nofollow\" href=\"whatsapp:\/\/send?text=https%3A%2F%2Fdesarrollocristiano.pe%2Farticulos-pastorales%2F\" target=\"_blank\" class=\"wd-hide-lg  wd-social-icon social-whatsapp\" aria-label=\"WhatsApp social link\">\n\t\t\t\t\t\t<span class=\"wd-icon\"><\/span>\n\t\t\t\t\t\t\t\t\t\t\t<\/a>\n\t\t\t\t\n\t\t\t\t\n\t\t\t\t\n\t\t\t\t\n\t\t\t\t\n\t\t\t\t\n\t\t\t\t\t\t\t\t\t<a rel=\"noopener noreferrer nofollow\" href=\"https:\/\/telegram.me\/share\/url?url=https:\/\/desarrollocristiano.pe\/articulos-pastorales\/\" target=\"_blank\" class=\" wd-social-icon social-tg\" aria-label=\"Telegram social link\">\n\t\t\t\t\t\t<span class=\"wd-icon\"><\/span>\n\t\t\t\t\t\t\t\t\t\t\t<\/a>\n\t\t\t\t\n\t\t\t\t\n\t\t\t<\/div>\n\n\t\t\t\t\t\t\t\t\t\t<\/div>\n\t\t\t\t\t\t\t\t<div class=\"tooltip-arrow\"><\/div>\n\t\t\t\t\t\t\t<\/div>\n\t\t\t\t\t\t<\/div>\n\t\t\t\t\t\n\t\t\t\t\t\t\t\t\t\t\t\t\t\t\t\t\t<div class=\"wd-post-reply wd-style-1\">\n\t\t\t\t\t\t\t<a href=\"https:\/\/desarrollocristiano.pe\/un-corazon-nuevo-por-fe\/#respond\"><span class=\"wd-replies-count\">0<\/span><\/a>\t\t\t\t\t\t<\/div>\n\t\t\t\t\t\t\t\t\t<\/div>\n\t\t\t\n\t\t\t\t\t\t\t\t\t\t\t\t<div class=\"wd-post-excerpt entry-content\">\n\t\t\t\t\t\t<div class=\"wpb-content-wrapper\"><div class=\"vc_row wpb_row vc_row-fluid\"><div class=\"wpb_column vc_column_container vc_col-sm-12\"><div class=\"vc_column-inner\"><div class=\"wpb_wrapper\"><div class=\"vc_row wpb_row vc_inner vc_row-fluid\"><div class=\"wpb_column vc_column_container vc_col-sm-12\"><div class=\"vc_column-inner\"><div class=\"wpb_wrapper\">\n\t\t\t<!-- START Preventa  Un Nuevo Corazon REVOLUTION SLIDER 6.7.40 --><p class=\"rs-p-wp-fix\"><\/p>\n\t\t\t<rs-module-wrap id=\"rev_slider_57_1_wrapper\" data-source=\"gallery\" style=\"visibility:hidden;background:transparent;padding:0;margin:0px auto;margin-top:0;margin-bottom:0;\">\n\t\t\t\t<rs-module id=\"rev_slider_57_1\" style=\"\" data-version=\"6.7.40\">\n\t\t\t\t\t<rs-slides style=\"overflow: hidden; position: absolute;\">\n\t\t\t\t\t\t<rs-slide style=\"position: absolute;\" data-key=\"rs-140\" data-title=\"Slide\" data-anim=\"ms:1000;r:0;\" data-in=\"o:0;\" data-out=\"a:false;\">\n\t\t\t\t\t\t\t<img decoding=\"async\" src=\"\/\/desarrollocristiano.pe\/wp-content\/plugins\/revslider\/sr6\/assets\/assets\/dummy.png\" alt=\"Slide\" title=\"Un Coraz\u00f3n Nuevo por Fe &#8211; Wendy Bello\" class=\"rev-slidebg tp-rs-img rs-lazyload\" data-lazyload=\"\/\/desarrollocristiano.pe\/wp-content\/plugins\/revslider\/sr6\/assets\/assets\/transparent.png\" data-no-retina>\n<!--\n\t\t\t\t\t\t\t--><rs-layer\n\t\t\t\t\t\t\t\tid=\"slider-57-slide-140-layer-0\" \n\t\t\t\t\t\t\t\tdata-type=\"shape\"\n\t\t\t\t\t\t\t\tdata-xy=\"xo:-2px;\"\n\t\t\t\t\t\t\t\tdata-text=\"w:normal;\"\n\t\t\t\t\t\t\t\tdata-dim=\"w:702px,702px,702px,352px;h:349px,349px,349px,571px;\"\n\t\t\t\t\t\t\t\tdata-rsp_o=\"off\"\n\t\t\t\t\t\t\t\tdata-rsp_bd=\"off\"\n\t\t\t\t\t\t\t\tdata-frame_999=\"o:0;st:w;sR:8700;\"\n\t\t\t\t\t\t\t\tstyle=\"z-index:5;background-color:#d2f3d4;\"\n\t\t\t\t\t\t\t> \n\t\t\t\t\t\t\t<\/rs-layer><!--\n\n\t\t\t\t\t\t\t--><rs-layer\n\t\t\t\t\t\t\t\tid=\"slider-57-slide-140-layer-1\" \n\t\t\t\t\t\t\t\tdata-type=\"image\"\n\t\t\t\t\t\t\t\tdata-xy=\"x:l,l,l,c;xo:70px,70px,70px,0;yo:26px,26px,26px,29px;\"\n\t\t\t\t\t\t\t\tdata-text=\"w:normal;\"\n\t\t\t\t\t\t\t\tdata-dim=\"w:195px,195px,195px,167px;h:293px,293px,293px,251px;\"\n\t\t\t\t\t\t\t\tdata-rsp_o=\"off\"\n\t\t\t\t\t\t\t\tdata-rsp_bd=\"off\"\n\t\t\t\t\t\t\t\tdata-frame_0=\"sX:0.9;sY:0.9;\"\n\t\t\t\t\t\t\t\tdata-frame_1=\"e:power2.inOut;st:380;sp:1000;sR:380;\"\n\t\t\t\t\t\t\t\tdata-frame_999=\"o:0;st:w;sR:7620;\"\n\t\t\t\t\t\t\t\tstyle=\"z-index:6;\"\n\t\t\t\t\t\t\t><img decoding=\"async\" src=\"\/\/desarrollocristiano.pe\/wp-content\/plugins\/revslider\/sr6\/assets\/assets\/dummy.png\" alt=\"\" class=\"tp-rs-img rs-lazyload\" width=\"195\" height=\"293\" data-lazyload=\"\/\/desarrollocristiano.pe\/wp-content\/uploads\/2021\/02\/libro-corazon-nuevo.jpg\" data-no-retina> \n\t\t\t\t\t\t\t<\/rs-layer><!--\n\n\t\t\t\t\t\t\t--><rs-layer\n\t\t\t\t\t\t\t\tid=\"slider-57-slide-140-layer-2\" \n\t\t\t\t\t\t\t\tdata-type=\"image\"\n\t\t\t\t\t\t\t\tdata-xy=\"x:l,l,l,c;xo:296px,296px,296px,0;yo:49px,49px,49px,278px;\"\n\t\t\t\t\t\t\t\tdata-text=\"w:normal;\"\n\t\t\t\t\t\t\t\tdata-dim=\"w:[&#039;328px&#039;,&#039;328px&#039;,&#039;328px&#039;,&#039;328px&#039;];h:[&#039;193px&#039;,&#039;193px&#039;,&#039;193px&#039;,&#039;193px&#039;];\"\n\t\t\t\t\t\t\t\tdata-rsp_o=\"off\"\n\t\t\t\t\t\t\t\tdata-rsp_bd=\"off\"\n\t\t\t\t\t\t\t\tdata-frame_0=\"y:100%;\"\n\t\t\t\t\t\t\t\tdata-frame_0_mask=\"u:t;\"\n\t\t\t\t\t\t\t\tdata-frame_1=\"st:670;sp:1200;sR:670;\"\n\t\t\t\t\t\t\t\tdata-frame_1_mask=\"u:t;\"\n\t\t\t\t\t\t\t\tdata-frame_999=\"o:0;st:w;sR:7130;\"\n\t\t\t\t\t\t\t\tstyle=\"z-index:7;\"\n\t\t\t\t\t\t\t><img decoding=\"async\" src=\"\/\/desarrollocristiano.pe\/wp-content\/plugins\/revslider\/sr6\/assets\/assets\/dummy.png\" alt=\"\" class=\"tp-rs-img rs-lazyload\" width=\"328\" height=\"193\" data-lazyload=\"\/\/desarrollocristiano.pe\/wp-content\/uploads\/2021\/02\/preventa-corazon-nuevo.jpg\" data-no-retina> \n\t\t\t\t\t\t\t<\/rs-layer><!--\n\n\t\t\t\t\t\t\t--><a\n\t\t\t\t\t\t\t\tid=\"slider-57-slide-140-layer-3\" \n\t\t\t\t\t\t\t\tclass=\"rs-layer rev-btn\"\n\t\t\t\t\t\t\t\thref=\"https:\/\/api.whatsapp.com\/send?phone=51945094168&#038;text=Hola,%20quiero%20informacion%20del%20libro%20Un%20Nuevo%20Corazon%20de%20Wendy%20Bello\" target=\"_blank\" rel=\"noopener\"\n\t\t\t\t\t\t\t\tdata-type=\"button\"\n\t\t\t\t\t\t\t\tdata-xy=\"x:l,l,l,c;xo:346px,346px,346px,0;yo:242px,242px,242px,484px;\"\n\t\t\t\t\t\t\t\tdata-text=\"w:normal,normal,normal,normal;s:17;l:40,40,40,55;fw:500;a:left,left,left,center;\"\n\t\t\t\t\t\t\t\tdata-dim=\"w:231px,231px,231px,224px;h:40px,40px,40px,55px;minh:0px,0px,0px,none;\"\n\t\t\t\t\t\t\t\tdata-rsp_o=\"off\"\n\t\t\t\t\t\t\t\tdata-rsp_bd=\"off\"\n\t\t\t\t\t\t\t\tdata-padding=\"r:50,50,50,25;l:50,50,50,25;\"\n\t\t\t\t\t\t\t\tdata-border=\"bor:3px,3px,3px,3px;\"\n\t\t\t\t\t\t\t\tdata-frame_1=\"e:power4.inOut;st:1330;sp:1500;sR:1330;\"\n\t\t\t\t\t\t\t\tdata-frame_999=\"o:0;st:w;sR:6170;\"\n\t\t\t\t\t\t\t\tdata-frame_hover=\"bgc:#705e38;bor:3px,3px,3px,3px;sp:100;e:power1.inOut;bri:120%;\"\n\t\t\t\t\t\t\t\tstyle=\"z-index:8;background-color:#b69e60;font-family:'Roboto';\"\n\t\t\t\t\t\t\t>Enviar WhatsApp \n\t\t\t\t\t\t\t<\/a><!--\n-->\t\t\t\t\t<\/rs-slide>\n\t\t\t\t\t<\/rs-slides>\n\t\t\t\t<\/rs-module>\n\t\t\t\t<script data-jetpack-boost=\"ignore\">\n\t\t\t\t\tsetREVStartSize({c: 'rev_slider_57_1',rl:[1240,1240,1240,480],el:[350,350,350,700],gw:[700,700,700,350],gh:[350,350,350,700],type:'hero',justify:'',layout:'fullwidth',mh:\"0\"});if (window.RS_MODULES!==undefined && window.RS_MODULES.modules!==undefined && window.RS_MODULES.modules[\"revslider571\"]!==undefined) {window.RS_MODULES.modules[\"revslider571\"].once = false;window.revapi57 = undefined;if (window.RS_MODULES.checkMinimal!==undefined) window.RS_MODULES.checkMinimal()}\n\t\t\t\t<\/script>\n\t\t\t<\/rs-module-wrap>\n\t\t\t<!-- END REVOLUTION SLIDER -->\n<\/div><\/div><\/div><\/div><div class=\"vc_separator wpb_content_element vc_separator_align_center vc_sep_width_100 vc_sep_pos_align_center vc_separator_no_text vc_sep_color_grey\" ><span class=\"vc_sep_holder vc_sep_holder_l\"><span class=\"vc_sep_line\"><\/span><\/span><span class=\"vc_sep_holder vc_sep_holder_r\"><span class=\"vc_sep_line\"><\/span><\/span>\n<\/div>\n\t<div class=\"wpb_text_column wpb_content_element texto_parrafo text-larger\" >\n\t\t<div class=\"wpb_wrapper\">\n\t\t\t<p>Por: <a href=\"https:\/\/www.wendybello.com\/\" target=\"_blank\" rel=\"noopener noreferrer\"><b>Wendy Bello<\/b><\/a><\/p>\n\n\t\t<\/div>\n\t<\/div>\n\n\t<div class=\"wpb_video_widget wpb_content_element vc_clearfix vc_video-aspect-ratio-169 vc_video-el-width-100 vc_video-align-left\" >\n\t\t<div class=\"wpb_wrapper\">\n\t\t\t<h2 class=\"wpb_heading wpb_video_heading\">Un Coraz\u00f3n Nuevo por Fe<\/h2>\n\t\t\t<div class=\"wpb_video_wrapper\"><iframe loading=\"lazy\" title=\"Un coraz\u00f3n nuevo vive por fe\" width=\"500\" height=\"281\" src=\"https:\/\/www.youtube.com\/embed\/XoqDETFXIs8?feature=oembed\" frameborder=\"0\" allow=\"accelerometer; autoplay; clipboard-write; encrypted-media; gyroscope; picture-in-picture; web-share\" allowfullscreen><\/iframe><\/div>\n\t\t<\/div>\n\t<\/div>\n<\/div><\/div><\/div><\/div><div class=\"vc_row wpb_row vc_row-fluid vc_custom_1615293062500 vc_row-has-fill\"><div class=\"wpb_column vc_column_container vc_col-sm-12\"><div class=\"vc_column-inner\"><div class=\"wpb_wrapper\">\t\t\t<div class=\"info-box-wrapper\">\n\t\t\t\t<div id=\"wd-60481b28f1aa3\" class=\" wd-rs-60481b28f1aa3 wd-info-box wd-wpb text-left box-icon-align-left box-style- color-scheme- wd-bg-none wd-items-top \">\n\t\t\t\t\t\t\t\t\t\t\t<div class=\"box-icon-wrapper  box-with-icon box-icon-simple\">\n\t\t\t\t\t\t\t<div class=\"info-box-icon\">\n\n\t\t\t\t\t\t\t\n\t\t\t\t\t\t\t\t\t\t\t\t\t\t\t\t\t<img loading=\"lazy\" decoding=\"async\" width=\"100\" height=\"100\" src=\"https:\/\/desarrollocristiano.pe\/wp-content\/uploads\/2021\/03\/Wendy-Bello-100x100.jpg\" class=\"attachment-100x100 size-100x100\" alt=\"\" \/>\t\t\t\t\t\t\t\t\t\t\t\t\t\t\t\n\t\t\t\t\t\t\t<\/div>\n\t\t\t\t\t\t<\/div>\n\t\t\t\t\t\t\t\t\t\t<div class=\"info-box-content\">\n\t\t\t\t\t\t<h4 class=\"info-box-title title box-title-style-default wd-fontsize-m\">Sobre la Autora...<\/h4>\t\t\t\t\t\t<div class=\"info-box-inner reset-last-child\"><p>Wendy Bello naci\u00f3 en Cuba y actualmente radica en Florida. Est\u00e1 casada con Abel Bello con quien tiene dos hijos. Ha estudiado Literatura en Lengua y Literatura Inglesa. Es escritora de varios libros, como <strong>Un Nuevo Coraz\u00f3n<\/strong> y <strong>Una Mujer Sabia<\/strong>.<\/p>\n<p>Puedes encontrar a Wendy Bello en:<\/p>\n<ul>\n<li>Facebook: <a href=\"https:\/\/www.facebook.com\/wendybelloblog\" target=\"_blank\" rel=\"noopener noreferrer\">@wendybelloblog<\/a><\/li>\n<li>Twitter: <a href=\"https:\/\/twitter.com\/wendybelloblog\" target=\"_blank\" rel=\"noopener noreferrer\">@wendybelloblog<\/a><\/li>\n<\/ul>\n<p>\n<\/div>\n\n\t\t\t\t\t\t\t\t\t\t\t<\/div>\n\n\t\t\t\t\t\n\t\t\t\t\t\t\t\t\t<\/div>\n\t\t\t<\/div>\n\t\t<\/div><\/div><\/div><\/div>\n<\/div>\t\t\t\t\t<\/div>\n\t\t\t\t\n\t\t\t\t\t\t\t\t\t<\/div>\n\t<\/div>\n<\/article>\n\n\t\t\t\t\t\t\t\t\t\t\t\n<article id=\"post-59295\" class=\"wd-post blog-design-chess blog-post-loop blog-design-small-images blog-style-bg wd-add-shadow wd-col post-59295 post type-post status-publish format-standard has-post-thumbnail hentry category-mujer-vive-tu-fe\">\n\t<div class=\"wd-post-inner article-inner\">\n\t\t\t\t\t<div class=\"wd-post-thumb entry-header\">\n\t\t\t\t\t\t\t\t\t<div class=\"wd-post-img post-img-wrapp\">\n\t\t\t\t\t\t<img width=\"320\" height=\"160\" src=\"https:\/\/desarrollocristiano.pe\/wp-content\/uploads\/2021\/03\/mujer-viendo-horizonte-320x160.jpg\" class=\"attachment-large size-large\" alt=\"\" decoding=\"async\" loading=\"lazy\" srcset=\"https:\/\/desarrollocristiano.pe\/wp-content\/uploads\/2021\/03\/mujer-viendo-horizonte-320x160.jpg 320w, https:\/\/desarrollocristiano.pe\/wp-content\/uploads\/2021\/03\/mujer-viendo-horizonte-600x300.jpg 600w, https:\/\/desarrollocristiano.pe\/wp-content\/uploads\/2021\/03\/mujer-viendo-horizonte-150x75.jpg 150w, https:\/\/desarrollocristiano.pe\/wp-content\/uploads\/2021\/03\/mujer-viendo-horizonte.jpg 700w\" sizes=\"auto, (max-width: 320px) 100vw, 320px\" \/>\t\t\t\t\t<\/div>\n\t\t\t\t\t<a class=\"wd-fill\" href=\"https:\/\/desarrollocristiano.pe\/creada-para-ser-recompensada\/\"><\/a>\n\t\t\t\t\n\t\t\t\t\t\t\t\t\t\t\t\t<div class=\"wd-post-date wd-style-with-bg\">\n\t\t\t\t<span class=\"post-date-day\">\n\t\t\t\t\t12\t\t\t\t<\/span>\n\t\t\t\t<span class=\"post-date-month\">\n\t\t\t\t\tMar\t\t\t\t<\/span>\n\t\t\t<\/div>\n\t\t\t\t\t\t\t\t\t<\/div>\n\t\t\n\t\t<div class=\"wd-post-content article-body-container\">\n\t\t\t\t\t\t\t<div class=\"wd-post-cat wd-style-with-bg meta-post-categories\">\n\t\t\t\t\t<a href=\"https:\/\/desarrollocristiano.pe\/categorias\/mujer-vive-tu-fe\/\" rel=\"category tag\">Mujer: Vive tu fe<\/a>\t\t\t\t<\/div>\n\t\t\t\n\t\t\t\t\t\t\t<h3 class=\"wd-post-title wd-entities-title title post-title\">\n\t\t\t\t\t<a href=\"https:\/\/desarrollocristiano.pe\/creada-para-ser-recompensada\/\" rel=\"bookmark\">Creada para ser recompensada &#8211; Ver\u00f3nica Rodas<\/a>\n\t\t\t\t<\/h3>\n\t\t\t\n\t\t\t\t\t\t\t<div class=\"wd-post-meta\">\n\t\t\t\t\t\t\t\t\t\t\t\t\t\t\t<div class=\"wd-post-author\">\n\t\t\t\t\t\t\t\t\t\t\t<span>Posteado por<\/span>\n\t\t\n\t\t\t\t\t<img alt='author-avatar' src='https:\/\/secure.gravatar.com\/avatar\/8f331515e2139e7ffacac78d5e21bc88ee625065cad5d063ef4da73b7cbcfc2d?s=18&#038;d=mm&#038;r=g' srcset='https:\/\/secure.gravatar.com\/avatar\/8f331515e2139e7ffacac78d5e21bc88ee625065cad5d063ef4da73b7cbcfc2d?s=36&#038;d=mm&#038;r=g 2x' class='avatar avatar-18 photo' height='18' width='18' loading='lazy' decoding='async'\/>\t\t\n\t\t\t\t\t<a href=\"https:\/\/desarrollocristiano.pe\/author\/aprnimda7720\/\" class=\"author\" rel=\"author\">Administrador<\/a>\n\t\t\t\t\t\t\t\t\t<\/div>\n\t\t\t\t\t<div class=\"wd-modified-date\">\n\t\t\t\t\t\t\t\t<time class=\"updated\" datetime=\"2021-04-22T16:15:42-05:00\">\n\t\t\t22\/04\/2021\t\t<\/time>\n\t\t\t\t\t\t\t<\/div>\n\n\t\t\t\t\t\t\t\t\t\t\t<div class=\"wd-post-share wd-tltp\">\n\t\t\t\t\t\t\t<div class=\"tooltip top\">\n\t\t\t\t\t\t\t\t<div class=\"tooltip-inner\">\n\t\t\t\t\t\t\t\t\t\t\t\t<div\n\t\t\t\t\t\tclass=\" wd-social-icons  wd-style-default wd-size-small social-share wd-shape-circle color-scheme-light text-center\">\n\t\t\t\t\n\t\t\t\t\n\t\t\t\t\t\t\t\t\t<a rel=\"noopener noreferrer nofollow\" href=\"https:\/\/www.facebook.com\/sharer\/sharer.php?u=https:\/\/desarrollocristiano.pe\/articulos-pastorales\/\" target=\"_blank\" class=\" wd-social-icon social-facebook\" aria-label=\"Facebook social link\">\n\t\t\t\t\t\t<span class=\"wd-icon\"><\/span>\n\t\t\t\t\t\t\t\t\t\t\t<\/a>\n\t\t\t\t\n\t\t\t\t\t\t\t\t\t<a rel=\"noopener noreferrer nofollow\" href=\"https:\/\/x.com\/share?url=https:\/\/desarrollocristiano.pe\/articulos-pastorales\/\" target=\"_blank\" class=\" wd-social-icon social-twitter\" aria-label=\"X social link\">\n\t\t\t\t\t\t<span class=\"wd-icon\"><\/span>\n\t\t\t\t\t\t\t\t\t\t\t<\/a>\n\t\t\t\t\n\t\t\t\t\n\t\t\t\t\t\t\t\t\t<a rel=\"noopener noreferrer nofollow\" href=\"mailto:?subject=Check%20this%20https:\/\/desarrollocristiano.pe\/articulos-pastorales\/\" target=\"_blank\" class=\" wd-social-icon social-email\" aria-label=\"Email social link\">\n\t\t\t\t\t\t<span class=\"wd-icon\"><\/span>\n\t\t\t\t\t\t\t\t\t\t\t<\/a>\n\t\t\t\t\n\t\t\t\t\n\t\t\t\t\n\t\t\t\t\n\t\t\t\t\t\t\t\t\t<a rel=\"noopener noreferrer nofollow\" href=\"https:\/\/pinterest.com\/pin\/create\/button\/?url=https:\/\/desarrollocristiano.pe\/articulos-pastorales\/&media=https:\/\/desarrollocristiano.pe\/wp-content\/uploads\/2021\/03\/mujer-viendo-horizonte.jpg&description=Creada+para+ser+recompensada+%26%238211%3B+Ver%C3%B3nica+Rodas\" target=\"_blank\" class=\" wd-social-icon social-pinterest\" aria-label=\"Pinterest social link\">\n\t\t\t\t\t\t<span class=\"wd-icon\"><\/span>\n\t\t\t\t\t\t\t\t\t\t\t<\/a>\n\t\t\t\t\n\t\t\t\t\n\t\t\t\t\t\t\t\t\t<a rel=\"noopener noreferrer nofollow\" href=\"https:\/\/www.linkedin.com\/shareArticle?mini=true&url=https:\/\/desarrollocristiano.pe\/articulos-pastorales\/\" target=\"_blank\" class=\" wd-social-icon social-linkedin\" aria-label=\"Linkedin social link\">\n\t\t\t\t\t\t<span class=\"wd-icon\"><\/span>\n\t\t\t\t\t\t\t\t\t\t\t<\/a>\n\t\t\t\t\n\t\t\t\t\n\t\t\t\t\n\t\t\t\t\n\t\t\t\t\n\t\t\t\t\n\t\t\t\t\n\t\t\t\t\n\t\t\t\t\n\t\t\t\t\t\t\t\t\t<a rel=\"noopener noreferrer nofollow\" href=\"https:\/\/api.whatsapp.com\/send?text=https%3A%2F%2Fdesarrollocristiano.pe%2Farticulos-pastorales%2F\" target=\"_blank\" class=\"wd-hide-md  wd-social-icon social-whatsapp\" aria-label=\"WhatsApp social link\">\n\t\t\t\t\t\t<span class=\"wd-icon\"><\/span>\n\t\t\t\t\t\t\t\t\t\t\t<\/a>\n\n\t\t\t\t\t<a rel=\"noopener noreferrer nofollow\" href=\"whatsapp:\/\/send?text=https%3A%2F%2Fdesarrollocristiano.pe%2Farticulos-pastorales%2F\" target=\"_blank\" class=\"wd-hide-lg  wd-social-icon social-whatsapp\" aria-label=\"WhatsApp social link\">\n\t\t\t\t\t\t<span class=\"wd-icon\"><\/span>\n\t\t\t\t\t\t\t\t\t\t\t<\/a>\n\t\t\t\t\n\t\t\t\t\n\t\t\t\t\n\t\t\t\t\n\t\t\t\t\n\t\t\t\t\n\t\t\t\t\t\t\t\t\t<a rel=\"noopener noreferrer nofollow\" href=\"https:\/\/telegram.me\/share\/url?url=https:\/\/desarrollocristiano.pe\/articulos-pastorales\/\" target=\"_blank\" class=\" wd-social-icon social-tg\" aria-label=\"Telegram social link\">\n\t\t\t\t\t\t<span class=\"wd-icon\"><\/span>\n\t\t\t\t\t\t\t\t\t\t\t<\/a>\n\t\t\t\t\n\t\t\t\t\n\t\t\t<\/div>\n\n\t\t\t\t\t\t\t\t\t\t<\/div>\n\t\t\t\t\t\t\t\t<div class=\"tooltip-arrow\"><\/div>\n\t\t\t\t\t\t\t<\/div>\n\t\t\t\t\t\t<\/div>\n\t\t\t\t\t\n\t\t\t\t\t\t\t\t\t\t\t\t\t\t\t\t\t<div class=\"wd-post-reply wd-style-1\">\n\t\t\t\t\t\t\t<a href=\"https:\/\/desarrollocristiano.pe\/creada-para-ser-recompensada\/#respond\"><span class=\"wd-replies-count\">0<\/span><\/a>\t\t\t\t\t\t<\/div>\n\t\t\t\t\t\t\t\t\t<\/div>\n\t\t\t\n\t\t\t\t\t\t\t\t\t\t\t\t<div class=\"wd-post-excerpt entry-content\">\n\t\t\t\t\t\t<div class=\"wpb-content-wrapper\"><div class=\"vc_row wpb_row vc_row-fluid\"><div class=\"wpb_column vc_column_container vc_col-sm-12\"><div class=\"vc_column-inner\"><div class=\"wpb_wrapper\">\n\t<div class=\"wpb_text_column wpb_content_element texto_parrafo text-larger\" >\n\t\t<div class=\"wpb_wrapper\">\n\t\t\t<p>Por: <a href=\"https:\/\/www.facebook.com\/veronicarodase?fref=mentions\" target=\"_blank\" rel=\"noopener noreferrer\">Ver\u00f3nica Rodas<\/a><br \/>\nFuente: <a href=\"http:\/\/mujerpiadosa.blogspot.com\/2017\/12\/creada-para-ser-recompensada.html\" target=\"_blank\" rel=\"noopener noreferrer\">mujerpiadosa.blogspot.com<\/a><\/p>\n<p>&nbsp;<\/p>\n<p>Proverbios 31:31\u00a0\u201cDadle del fruto de sus manos, Y al\u00e1benla en las puertas sus hechos\u201d.<\/p>\n<p>Me gustar\u00eda que hoy pudi\u00e9ramos tomar conciencia de la importancia que tiene lo que sembramos con cada cosa que vivimos y hacemos. Cu\u00e1nto afectan a nuestro futuro las decisiones que tomamos HOY. C\u00f3mo nuestra vida construye nuestro futuro, hora a hora, minuto a minuto.<br \/>\nHemos estudiado todo lo que esta mujer es. Esto no lo logr\u00f3 de la noche a la ma\u00f1ana sino con disciplina, con su comportamiento temeroso a Dios y velando todos los d\u00edas. Era una mujer que sab\u00eda que su futuro, el de sus hijos y esposo, depend\u00eda de las decisiones que tomaba.<br \/>\nEsta perseverancia y disciplina provoc\u00f3 en su vida un fruto maravilloso, una vida plena.<\/p>\n<p>Cada d\u00eda tenemos nuevos desaf\u00edos y elecciones que tomar. C\u00f3mo desarrollaremos nuestro d\u00eda y qu\u00e9 haremos hoy, afectar\u00e1 nuestro ma\u00f1ana.<br \/>\nTenemos s\u00f3lo dos formas de edificar bien:<br \/>\nPodemos construir nuestra casa sobre la arena o edificar sobre la palabra de Dios, la roca firme (Mt 7: 24 al 27).<\/p>\n<p><b>\u201cDadle del fruto de sus manos\u201d<\/b><\/p>\n<p>En este vers\u00edculo, vemos dos figuras, primero la palabra\u00a0\u00abfruto\u201d\u00a0implicando lo que ella produce, y despu\u00e9s la palabra\u00a0\u201cmanos\u201d, en relaci\u00f3n al esfuerzo que realiza.<br \/>\nAs\u00ed que esta expresi\u00f3n esencialmente est\u00e1 diciendo: \u00abdadle lo debido\u201d.<br \/>\nEn otras palabras: \u00abrecompensadla por lo que ha hecho, tiene este privilegio\u00bb.<\/p>\n<p><b>\u00abDadle\u00bb<\/b><\/p>\n<p>Una mujer sabia es recompensada. Lo que ella da, lo volver\u00e1 a recibir.<br \/>\nPor devoci\u00f3n a Dios y amor a su familia, ella est\u00e1 dispuesta a entregarse. Al trabajar con perseverancia y abundar en la obra del Se\u00f1or, sabe que su labor no ser\u00e1 en vano.<br \/>\n\u00a1Recon\u00f3zcase lo que ha hecho con sus manos! \u00a1Sea alabada ante todos por sus logros!<\/p>\n<p>1 Corintios 15:58\u00a0\u201cAs\u00ed que, hermanos m\u00edos amados, estad firmes y constantes, creciendo en la obra del Se\u00f1or siempre, sabiendo que vuestro trabajo en el Se\u00f1or no es en vano\u201d.<br \/>\nNada de lo que hacemos es en vano, todo tiene su fruto, bueno o malo. Ella recibe un fruto agradable. Dios es un galardonador muy generoso de aquellos que le buscan con diligencia.<br \/>\nHebreos 11:6\u00a0\u201cPero sin fe es imposible agradar a Dios; porque es necesario que el que se acerca a Dios crea que le hay, y que es galardonador de los que le buscan\u201d.<\/p>\n<p>La fe entonces no s\u00f3lo cree que Dios existe sino conf\u00eda que \u00e9l galardona a aquellos que le buscan.<br \/>\nEntonces debemos saber que Dios recompensar\u00e1 cada acto piadoso que hagamos. Todo el bien que podamos hacer a nuestros esposos, hijos, familias, iglesias, jefe, vecinos, etc, ser\u00e1 reconocido. \u00a1Qu\u00e9 milagro!<br \/>\nEfesios 6:8\u00a0\u201cSabiendo que el bien que cada uno hiciere, \u00e9se recibir\u00e1 del Se\u00f1or, sea siervo o sea libre\u201d.<\/p>\n<p>El Se\u00f1or, que conoce todas nuestras obras, recompensar\u00e1 con exactitud todo lo que fue hecho en Su nombre y para Su gloria. Vale la pena vivir rectamente. Vale la pena temer al Se\u00f1or.<\/p>\n<p><b>\u201cDel fruto de sus manos\u201d<\/b><\/p>\n<p>Es el resultado de su labor. En este pasaje hemos visto que sus manos han estado muy ocupadas haciendo el bien:<br \/>\nProverbios 31:16\u00a0\u201cConsidera la heredad, y la compra, Y planta vi\u00f1a del fruto de sus manos\u201d.<br \/>\nProverbios 31: 19\u00a0\u201cAplica su mano al huso, Y sus manos a la rueca\u201d.<br \/>\nProverbios 31: 20\u00a0\u201cAlarga su mano al pobre, Y extiende sus manos al menesteroso\u201d.<\/p>\n<p><b>\u201cEn las puertas\u201d<\/b><\/p>\n<p>Se refiere a la gente y las actividades que ocurr\u00edan a la puerta de la ciudad. Lo vimos cuando estudiamos Proverbios 31:23.<br \/>\nEn este vers\u00edculo vemos que las propias obras de la mujer virtuosa, sus propios hechos la alabar\u00e1n en las puertas. Es decir, ella fue reconocida p\u00fablicamente por sus buenas obras y resultados.<br \/>\nIsa\u00edas 3:10\u00a0\u00abDecid al justo que le ir\u00e1 bien, porque comer\u00e1 del fruto de sus manos\u201d.<\/p>\n<p>Rut tambien fue una mujer que recibi\u00f3 su alabanza:<\/p>\n<p>Rut 3:11\u00a0\u201cPues toda la gente de mi pueblo sabe que eres mujer virtuosa\u201d.<br \/>\nToda la gente del pueblo alabar\u00eda a la mujer descrita en Proverbios 31, \u00a0por ser una mujer de grandes logros. Esta mujer ganar\u00eda el respeto y alabanza de todos sus vecinos por su conducta.<br \/>\nAnhelemos mostrar la gracia de nuestro Salvador en cada una de nuestras tareas. Con nuestra conducta \u00a0hacemos atractiva la ense\u00f1anza del Se\u00f1or.<br \/>\nTito 2:10\u00a0\u201cNo defraudando, sino mostr\u00e1ndose fieles en todo, para que en todo adornen la doctrina de Dios nuestro Salvador\u201d.<\/p>\n<p>Hemos tomado el compromiso de vivir vidas santas, estamos totalmente comprometidas a hacer buenas obras.<br \/>\nTito 2:14\u00a0\u00abQuien se dio a s\u00ed mismo por nosotros para redimirnos de toda iniquidad y purificar para s\u00ed un pueblo propio, celoso de buenas obras\u201d.<\/p>\n<p>Mateo 5:16\u00a0\u00abAs\u00ed alumbre vuestra luz delante de los hombres, para que vean vuestras buenas obras, y glorifiquen a vuestro Padre que est\u00e1 en los cielos\u201d.<br \/>\nPablo contando de la obra de Dios de \u00e9l escribi\u00f3 en G\u00e1latas 1:23,24:\u00a0\u00abSolamente o\u00edan decir: Aqu\u00e9l que en otro tiempo nos persegu\u00eda, ahora predica la fe que en otro tiempo asolaba. Y glorificaban a Dios en m\u00ed\u201d.<br \/>\nGlorifican a Dios en nosotras cuando le servimos, cuando ven nuestro amor, nuestra entrega.<br \/>\nJuan 13:35\u00a0\u201cEn esto conocer\u00e1n todos que sois mis disc\u00edpulos, si tuviereis amor los unos con los otros\u201d.<\/p>\n<p>Podemos hablar del trabajo que realizan nuestras manos d\u00eda a d\u00eda.<br \/>\n\u00bfQu\u00e9 es lo que sembramos? \u00bfcu\u00e1nto se esfuerzan en hacer las cosas disciplinadamente y con excelencia?<\/p>\n<p>Si leemos Proverbios podemos ver algunos vers\u00edculos que nos hablan de nuestro trabajo y del fruto que tendremos por hacerlo arduamente:<br \/>\nProverbios 14:23\u00a0\u201cEn toda labor hay fruto; Mas las vanas palabras de los labios empobrecen\u201d.<br \/>\nProverbios 27:18\u00a0\u201dQui\u00e9n cuida la higuera comer\u00e1 su fruto, Y el que mira por los intereses de su se\u00f1or, tendr\u00e1 honra\u201d.<br \/>\nProverbios 28:19\u00a0\u201dEl que labra su tierra se saciar\u00e1 de pan;\u00a0Mas el que sigue a los ociosos se llenar\u00e1 de pobreza\u201d.<\/p>\n<p><b>Vidas para Dios<\/b><br \/>\nVivamos nuestras vidas para Dios, digamos \u00a1Basta! a nosotras mismas. \u00a1Basta! a nuestro ego. \u00a1Basta! a nuestro ego\u00edsmo, a estar centradas en nosotras, a decir no quiero, no puedo&#8230;Vivamos para el Se\u00f1or, porque \u00e9l es Digno.<br \/>\nConfiemos en sus promesas y esperemos de \u00e9l la recompensa.<\/p>\n<p>Colosenses 3:23,24\u00a0\u00abY todo lo que hag\u00e1is, hacedlo de coraz\u00f3n, como para el Se\u00f1or y no para los hombres; sabiendo que del Se\u00f1or recibir\u00e9is la recompensa de la herencia, porque a Cristo el Se\u00f1or serv\u00eds\u201d.<\/p>\n\n\t\t<\/div>\n\t<\/div>\n<\/div><\/div><\/div><\/div><div class=\"vc_row wpb_row vc_row-fluid vc_custom_1615074577655 vc_row-has-fill\"><div class=\"wpb_column vc_column_container vc_col-sm-12\"><div class=\"vc_column-inner\"><div class=\"wpb_wrapper\">\t\t\t<div class=\"info-box-wrapper inline-element\">\n\t\t\t\t<div id=\"wd-6049306bd26c9\" class=\" wd-rs-6049306bd26c9 wd-info-box wd-wpb text-left box-icon-align-left box-style- color-scheme- wd-bg-none wd-items-top \">\n\t\t\t\t\t\t\t\t\t\t\t<div class=\"box-icon-wrapper  box-with-icon box-icon-with-border\">\n\t\t\t\t\t\t\t<div class=\"info-box-icon\">\n\n\t\t\t\t\t\t\t\n\t\t\t\t\t\t\t\t\t\t\t\t\t\t\t\t\t<img loading=\"lazy\" decoding=\"async\" width=\"100\" height=\"100\" src=\"https:\/\/desarrollocristiano.pe\/wp-content\/uploads\/2021\/03\/Veronica-Rodas-100x100.jpg\" class=\"attachment-100x100 size-100x100\" alt=\"\" \/>\t\t\t\t\t\t\t\t\t\t\t\t\t\t\t\n\t\t\t\t\t\t\t<\/div>\n\t\t\t\t\t\t<\/div>\n\t\t\t\t\t\t\t\t\t\t<div class=\"info-box-content\">\n\t\t\t\t\t\t<h4 class=\"info-box-title title box-title-style-default wd-fontsize-m\">Sobre la Autora...<\/h4>\t\t\t\t\t\t<div class=\"info-box-inner reset-last-child\"><p><strong>Ver\u00f3nica Rodas<\/strong><\/p>\n<\/div>\n\n\t\t\t\t\t\t\t\t\t\t\t<\/div>\n\n\t\t\t\t\t\n\t\t\t\t\t<style>#wd-6049306bd26c9 .info-box-icon {background-color:  !important;}<\/style>\t\t\t\t<\/div>\n\t\t\t<\/div>\n\t\t<\/div><\/div><\/div><\/div>\n<\/div>\t\t\t\t\t<\/div>\n\t\t\t\t\n\t\t\t\t\t\t\t\t\t<\/div>\n\t<\/div>\n<\/article>\n\n\t\t\t\t\t\t\t\t\t\t\t\n<article id=\"post-59291\" class=\"wd-post blog-design-chess blog-post-loop blog-design-small-images blog-style-bg wd-add-shadow wd-col post-59291 post type-post status-publish format-video has-post-thumbnail hentry category-mujer-vive-tu-fe post_format-post-format-video\">\n\t<div class=\"wd-post-inner article-inner\">\n\t\t\t\t\t<div class=\"wd-post-thumb entry-header\">\n\t\t\t\t\t\t\t\t\t<div class=\"wd-post-img post-img-wrapp\">\n\t\t\t\t\t\t<img width=\"320\" height=\"160\" src=\"https:\/\/desarrollocristiano.pe\/wp-content\/uploads\/2021\/02\/WENDY-BELLO-CAMBIO-DE-TIPOGRAFIA-5-320x160.jpg\" class=\"attachment-large size-large\" alt=\"\" decoding=\"async\" loading=\"lazy\" srcset=\"https:\/\/desarrollocristiano.pe\/wp-content\/uploads\/2021\/02\/WENDY-BELLO-CAMBIO-DE-TIPOGRAFIA-5-320x160.jpg 320w, https:\/\/desarrollocristiano.pe\/wp-content\/uploads\/2021\/02\/WENDY-BELLO-CAMBIO-DE-TIPOGRAFIA-5-600x300.jpg 600w, https:\/\/desarrollocristiano.pe\/wp-content\/uploads\/2021\/02\/WENDY-BELLO-CAMBIO-DE-TIPOGRAFIA-5-150x75.jpg 150w, https:\/\/desarrollocristiano.pe\/wp-content\/uploads\/2021\/02\/WENDY-BELLO-CAMBIO-DE-TIPOGRAFIA-5.jpg 700w\" sizes=\"auto, (max-width: 320px) 100vw, 320px\" \/>\t\t\t\t\t<\/div>\n\t\t\t\t\t<a class=\"wd-fill\" href=\"https:\/\/desarrollocristiano.pe\/no-puedo-limpiar-mi-corazon\/\"><\/a>\n\t\t\t\t\n\t\t\t\t\t\t\t\t\t\t\t\t<div class=\"wd-post-date wd-style-with-bg\">\n\t\t\t\t<span class=\"post-date-day\">\n\t\t\t\t\t11\t\t\t\t<\/span>\n\t\t\t\t<span class=\"post-date-month\">\n\t\t\t\t\tMar\t\t\t\t<\/span>\n\t\t\t<\/div>\n\t\t\t\t\t\t\t\t\t<\/div>\n\t\t\n\t\t<div class=\"wd-post-content article-body-container\">\n\t\t\t\t\t\t\t<div class=\"wd-post-cat wd-style-with-bg meta-post-categories\">\n\t\t\t\t\t<a href=\"https:\/\/desarrollocristiano.pe\/categorias\/mujer-vive-tu-fe\/\" rel=\"category tag\">Mujer: Vive tu fe<\/a>\t\t\t\t<\/div>\n\t\t\t\n\t\t\t\t\t\t\t<h3 class=\"wd-post-title wd-entities-title title post-title\">\n\t\t\t\t\t<a href=\"https:\/\/desarrollocristiano.pe\/no-puedo-limpiar-mi-corazon\/\" rel=\"bookmark\">No Puedo Limpiar mi Coraz\u00f3n &#8211; Wendy Bello<\/a>\n\t\t\t\t<\/h3>\n\t\t\t\n\t\t\t\t\t\t\t<div class=\"wd-post-meta\">\n\t\t\t\t\t\t\t\t\t\t\t\t\t\t\t<div class=\"wd-post-author\">\n\t\t\t\t\t\t\t\t\t\t\t<span>Posteado por<\/span>\n\t\t\n\t\t\t\t\t<img alt='author-avatar' src='https:\/\/secure.gravatar.com\/avatar\/8f331515e2139e7ffacac78d5e21bc88ee625065cad5d063ef4da73b7cbcfc2d?s=18&#038;d=mm&#038;r=g' srcset='https:\/\/secure.gravatar.com\/avatar\/8f331515e2139e7ffacac78d5e21bc88ee625065cad5d063ef4da73b7cbcfc2d?s=36&#038;d=mm&#038;r=g 2x' class='avatar avatar-18 photo' height='18' width='18' loading='lazy' decoding='async'\/>\t\t\n\t\t\t\t\t<a href=\"https:\/\/desarrollocristiano.pe\/author\/aprnimda7720\/\" class=\"author\" rel=\"author\">Administrador<\/a>\n\t\t\t\t\t\t\t\t\t<\/div>\n\t\t\t\t\t<div class=\"wd-modified-date\">\n\t\t\t\t\t\t\t\t<time class=\"updated\" datetime=\"2021-04-22T16:15:42-05:00\">\n\t\t\t22\/04\/2021\t\t<\/time>\n\t\t\t\t\t\t\t<\/div>\n\n\t\t\t\t\t\t\t\t\t\t\t<div class=\"wd-post-share wd-tltp\">\n\t\t\t\t\t\t\t<div class=\"tooltip top\">\n\t\t\t\t\t\t\t\t<div class=\"tooltip-inner\">\n\t\t\t\t\t\t\t\t\t\t\t\t<div\n\t\t\t\t\t\tclass=\" wd-social-icons  wd-style-default wd-size-small social-share wd-shape-circle color-scheme-light text-center\">\n\t\t\t\t\n\t\t\t\t\n\t\t\t\t\t\t\t\t\t<a rel=\"noopener noreferrer nofollow\" href=\"https:\/\/www.facebook.com\/sharer\/sharer.php?u=https:\/\/desarrollocristiano.pe\/articulos-pastorales\/\" target=\"_blank\" class=\" wd-social-icon social-facebook\" aria-label=\"Facebook social link\">\n\t\t\t\t\t\t<span class=\"wd-icon\"><\/span>\n\t\t\t\t\t\t\t\t\t\t\t<\/a>\n\t\t\t\t\n\t\t\t\t\t\t\t\t\t<a rel=\"noopener noreferrer nofollow\" href=\"https:\/\/x.com\/share?url=https:\/\/desarrollocristiano.pe\/articulos-pastorales\/\" target=\"_blank\" class=\" wd-social-icon social-twitter\" aria-label=\"X social link\">\n\t\t\t\t\t\t<span class=\"wd-icon\"><\/span>\n\t\t\t\t\t\t\t\t\t\t\t<\/a>\n\t\t\t\t\n\t\t\t\t\n\t\t\t\t\t\t\t\t\t<a rel=\"noopener noreferrer nofollow\" href=\"mailto:?subject=Check%20this%20https:\/\/desarrollocristiano.pe\/articulos-pastorales\/\" target=\"_blank\" class=\" wd-social-icon social-email\" aria-label=\"Email social link\">\n\t\t\t\t\t\t<span class=\"wd-icon\"><\/span>\n\t\t\t\t\t\t\t\t\t\t\t<\/a>\n\t\t\t\t\n\t\t\t\t\n\t\t\t\t\n\t\t\t\t\n\t\t\t\t\t\t\t\t\t<a rel=\"noopener noreferrer nofollow\" href=\"https:\/\/pinterest.com\/pin\/create\/button\/?url=https:\/\/desarrollocristiano.pe\/articulos-pastorales\/&media=https:\/\/desarrollocristiano.pe\/wp-content\/uploads\/2021\/02\/WENDY-BELLO-CAMBIO-DE-TIPOGRAFIA-5.jpg&description=No+Puedo+Limpiar+mi+Coraz%C3%B3n+%26%238211%3B+Wendy+Bello\" target=\"_blank\" class=\" wd-social-icon social-pinterest\" aria-label=\"Pinterest social link\">\n\t\t\t\t\t\t<span class=\"wd-icon\"><\/span>\n\t\t\t\t\t\t\t\t\t\t\t<\/a>\n\t\t\t\t\n\t\t\t\t\n\t\t\t\t\t\t\t\t\t<a rel=\"noopener noreferrer nofollow\" href=\"https:\/\/www.linkedin.com\/shareArticle?mini=true&url=https:\/\/desarrollocristiano.pe\/articulos-pastorales\/\" target=\"_blank\" class=\" wd-social-icon social-linkedin\" aria-label=\"Linkedin social link\">\n\t\t\t\t\t\t<span class=\"wd-icon\"><\/span>\n\t\t\t\t\t\t\t\t\t\t\t<\/a>\n\t\t\t\t\n\t\t\t\t\n\t\t\t\t\n\t\t\t\t\n\t\t\t\t\n\t\t\t\t\n\t\t\t\t\n\t\t\t\t\n\t\t\t\t\n\t\t\t\t\t\t\t\t\t<a rel=\"noopener noreferrer nofollow\" href=\"https:\/\/api.whatsapp.com\/send?text=https%3A%2F%2Fdesarrollocristiano.pe%2Farticulos-pastorales%2F\" target=\"_blank\" class=\"wd-hide-md  wd-social-icon social-whatsapp\" aria-label=\"WhatsApp social link\">\n\t\t\t\t\t\t<span class=\"wd-icon\"><\/span>\n\t\t\t\t\t\t\t\t\t\t\t<\/a>\n\n\t\t\t\t\t<a rel=\"noopener noreferrer nofollow\" href=\"whatsapp:\/\/send?text=https%3A%2F%2Fdesarrollocristiano.pe%2Farticulos-pastorales%2F\" target=\"_blank\" class=\"wd-hide-lg  wd-social-icon social-whatsapp\" aria-label=\"WhatsApp social link\">\n\t\t\t\t\t\t<span class=\"wd-icon\"><\/span>\n\t\t\t\t\t\t\t\t\t\t\t<\/a>\n\t\t\t\t\n\t\t\t\t\n\t\t\t\t\n\t\t\t\t\n\t\t\t\t\n\t\t\t\t\n\t\t\t\t\t\t\t\t\t<a rel=\"noopener noreferrer nofollow\" href=\"https:\/\/telegram.me\/share\/url?url=https:\/\/desarrollocristiano.pe\/articulos-pastorales\/\" target=\"_blank\" class=\" wd-social-icon social-tg\" aria-label=\"Telegram social link\">\n\t\t\t\t\t\t<span class=\"wd-icon\"><\/span>\n\t\t\t\t\t\t\t\t\t\t\t<\/a>\n\t\t\t\t\n\t\t\t\t\n\t\t\t<\/div>\n\n\t\t\t\t\t\t\t\t\t\t<\/div>\n\t\t\t\t\t\t\t\t<div class=\"tooltip-arrow\"><\/div>\n\t\t\t\t\t\t\t<\/div>\n\t\t\t\t\t\t<\/div>\n\t\t\t\t\t\n\t\t\t\t\t\t\t\t\t\t\t\t\t\t\t\t\t<div class=\"wd-post-reply wd-style-1\">\n\t\t\t\t\t\t\t<a href=\"https:\/\/desarrollocristiano.pe\/no-puedo-limpiar-mi-corazon\/#respond\"><span class=\"wd-replies-count\">0<\/span><\/a>\t\t\t\t\t\t<\/div>\n\t\t\t\t\t\t\t\t\t<\/div>\n\t\t\t\n\t\t\t\t\t\t\t\t\t\t\t\t<div class=\"wd-post-excerpt entry-content\">\n\t\t\t\t\t\t<div class=\"wpb-content-wrapper\"><div class=\"vc_row wpb_row vc_row-fluid\"><div class=\"wpb_column vc_column_container vc_col-sm-12\"><div class=\"vc_column-inner\"><div class=\"wpb_wrapper\"><div class=\"vc_row wpb_row vc_inner vc_row-fluid\"><div class=\"wpb_column vc_column_container vc_col-sm-12\"><div class=\"vc_column-inner\"><div class=\"wpb_wrapper\">\n\t\t\t<!-- START Preventa  Un Nuevo Corazon REVOLUTION SLIDER 6.7.40 --><p class=\"rs-p-wp-fix\"><\/p>\n\t\t\t<rs-module-wrap id=\"rev_slider_57_2_wrapper\" data-source=\"gallery\" style=\"visibility:hidden;background:transparent;padding:0;margin:0px auto;margin-top:0;margin-bottom:0;\">\n\t\t\t\t<rs-module id=\"rev_slider_57_2\" style=\"\" data-version=\"6.7.40\">\n\t\t\t\t\t<rs-slides style=\"overflow: hidden; position: absolute;\">\n\t\t\t\t\t\t<rs-slide style=\"position: absolute;\" data-key=\"rs-140\" data-title=\"Slide\" data-anim=\"ms:1000;r:0;\" data-in=\"o:0;\" data-out=\"a:false;\">\n\t\t\t\t\t\t\t<img decoding=\"async\" src=\"\/\/desarrollocristiano.pe\/wp-content\/plugins\/revslider\/sr6\/assets\/assets\/dummy.png\" alt=\"Slide\" title=\"No Puedo Limpiar mi Coraz\u00f3n &#8211; Wendy Bello\" class=\"rev-slidebg tp-rs-img rs-lazyload\" data-lazyload=\"\/\/desarrollocristiano.pe\/wp-content\/plugins\/revslider\/sr6\/assets\/assets\/transparent.png\" data-no-retina>\n<!--\n\t\t\t\t\t\t\t--><rs-layer\n\t\t\t\t\t\t\t\tid=\"slider-57-slide-140-layer-0\" \n\t\t\t\t\t\t\t\tdata-type=\"shape\"\n\t\t\t\t\t\t\t\tdata-xy=\"xo:-2px;\"\n\t\t\t\t\t\t\t\tdata-text=\"w:normal;\"\n\t\t\t\t\t\t\t\tdata-dim=\"w:702px,702px,702px,352px;h:349px,349px,349px,571px;\"\n\t\t\t\t\t\t\t\tdata-rsp_o=\"off\"\n\t\t\t\t\t\t\t\tdata-rsp_bd=\"off\"\n\t\t\t\t\t\t\t\tdata-frame_999=\"o:0;st:w;sR:8700;\"\n\t\t\t\t\t\t\t\tstyle=\"z-index:5;background-color:#d2f3d4;\"\n\t\t\t\t\t\t\t> \n\t\t\t\t\t\t\t<\/rs-layer><!--\n\n\t\t\t\t\t\t\t--><rs-layer\n\t\t\t\t\t\t\t\tid=\"slider-57-slide-140-layer-1\" \n\t\t\t\t\t\t\t\tdata-type=\"image\"\n\t\t\t\t\t\t\t\tdata-xy=\"x:l,l,l,c;xo:70px,70px,70px,0;yo:26px,26px,26px,29px;\"\n\t\t\t\t\t\t\t\tdata-text=\"w:normal;\"\n\t\t\t\t\t\t\t\tdata-dim=\"w:195px,195px,195px,167px;h:293px,293px,293px,251px;\"\n\t\t\t\t\t\t\t\tdata-rsp_o=\"off\"\n\t\t\t\t\t\t\t\tdata-rsp_bd=\"off\"\n\t\t\t\t\t\t\t\tdata-frame_0=\"sX:0.9;sY:0.9;\"\n\t\t\t\t\t\t\t\tdata-frame_1=\"e:power2.inOut;st:380;sp:1000;sR:380;\"\n\t\t\t\t\t\t\t\tdata-frame_999=\"o:0;st:w;sR:7620;\"\n\t\t\t\t\t\t\t\tstyle=\"z-index:6;\"\n\t\t\t\t\t\t\t><img decoding=\"async\" src=\"\/\/desarrollocristiano.pe\/wp-content\/plugins\/revslider\/sr6\/assets\/assets\/dummy.png\" alt=\"\" class=\"tp-rs-img rs-lazyload\" width=\"195\" height=\"293\" data-lazyload=\"\/\/desarrollocristiano.pe\/wp-content\/uploads\/2021\/02\/libro-corazon-nuevo.jpg\" data-no-retina> \n\t\t\t\t\t\t\t<\/rs-layer><!--\n\n\t\t\t\t\t\t\t--><rs-layer\n\t\t\t\t\t\t\t\tid=\"slider-57-slide-140-layer-2\" \n\t\t\t\t\t\t\t\tdata-type=\"image\"\n\t\t\t\t\t\t\t\tdata-xy=\"x:l,l,l,c;xo:296px,296px,296px,0;yo:49px,49px,49px,278px;\"\n\t\t\t\t\t\t\t\tdata-text=\"w:normal;\"\n\t\t\t\t\t\t\t\tdata-dim=\"w:[&#039;328px&#039;,&#039;328px&#039;,&#039;328px&#039;,&#039;328px&#039;];h:[&#039;193px&#039;,&#039;193px&#039;,&#039;193px&#039;,&#039;193px&#039;];\"\n\t\t\t\t\t\t\t\tdata-rsp_o=\"off\"\n\t\t\t\t\t\t\t\tdata-rsp_bd=\"off\"\n\t\t\t\t\t\t\t\tdata-frame_0=\"y:100%;\"\n\t\t\t\t\t\t\t\tdata-frame_0_mask=\"u:t;\"\n\t\t\t\t\t\t\t\tdata-frame_1=\"st:670;sp:1200;sR:670;\"\n\t\t\t\t\t\t\t\tdata-frame_1_mask=\"u:t;\"\n\t\t\t\t\t\t\t\tdata-frame_999=\"o:0;st:w;sR:7130;\"\n\t\t\t\t\t\t\t\tstyle=\"z-index:7;\"\n\t\t\t\t\t\t\t><img decoding=\"async\" src=\"\/\/desarrollocristiano.pe\/wp-content\/plugins\/revslider\/sr6\/assets\/assets\/dummy.png\" alt=\"\" class=\"tp-rs-img rs-lazyload\" width=\"328\" height=\"193\" data-lazyload=\"\/\/desarrollocristiano.pe\/wp-content\/uploads\/2021\/02\/preventa-corazon-nuevo.jpg\" data-no-retina> \n\t\t\t\t\t\t\t<\/rs-layer><!--\n\n\t\t\t\t\t\t\t--><a\n\t\t\t\t\t\t\t\tid=\"slider-57-slide-140-layer-3\" \n\t\t\t\t\t\t\t\tclass=\"rs-layer rev-btn\"\n\t\t\t\t\t\t\t\thref=\"https:\/\/api.whatsapp.com\/send?phone=51945094168&#038;text=Hola,%20quiero%20informacion%20del%20libro%20Un%20Nuevo%20Corazon%20de%20Wendy%20Bello\" target=\"_blank\" rel=\"noopener\"\n\t\t\t\t\t\t\t\tdata-type=\"button\"\n\t\t\t\t\t\t\t\tdata-xy=\"x:l,l,l,c;xo:346px,346px,346px,0;yo:242px,242px,242px,484px;\"\n\t\t\t\t\t\t\t\tdata-text=\"w:normal,normal,normal,normal;s:17;l:40,40,40,55;fw:500;a:left,left,left,center;\"\n\t\t\t\t\t\t\t\tdata-dim=\"w:231px,231px,231px,224px;h:40px,40px,40px,55px;minh:0px,0px,0px,none;\"\n\t\t\t\t\t\t\t\tdata-rsp_o=\"off\"\n\t\t\t\t\t\t\t\tdata-rsp_bd=\"off\"\n\t\t\t\t\t\t\t\tdata-padding=\"r:50,50,50,25;l:50,50,50,25;\"\n\t\t\t\t\t\t\t\tdata-border=\"bor:3px,3px,3px,3px;\"\n\t\t\t\t\t\t\t\tdata-frame_1=\"e:power4.inOut;st:1330;sp:1500;sR:1330;\"\n\t\t\t\t\t\t\t\tdata-frame_999=\"o:0;st:w;sR:6170;\"\n\t\t\t\t\t\t\t\tdata-frame_hover=\"bgc:#705e38;bor:3px,3px,3px,3px;sp:100;e:power1.inOut;bri:120%;\"\n\t\t\t\t\t\t\t\tstyle=\"z-index:8;background-color:#b69e60;font-family:'Roboto';\"\n\t\t\t\t\t\t\t>Enviar WhatsApp \n\t\t\t\t\t\t\t<\/a><!--\n-->\t\t\t\t\t<\/rs-slide>\n\t\t\t\t\t<\/rs-slides>\n\t\t\t\t<\/rs-module>\n\t\t\t\t<script data-jetpack-boost=\"ignore\">\n\t\t\t\t\tsetREVStartSize({c: 'rev_slider_57_2',rl:[1240,1240,1240,480],el:[350,350,350,700],gw:[700,700,700,350],gh:[350,350,350,700],type:'hero',justify:'',layout:'fullwidth',mh:\"0\"});if (window.RS_MODULES!==undefined && window.RS_MODULES.modules!==undefined && window.RS_MODULES.modules[\"revslider572\"]!==undefined) {window.RS_MODULES.modules[\"revslider572\"].once = false;window.revapi57_2 = undefined;if (window.RS_MODULES.checkMinimal!==undefined) window.RS_MODULES.checkMinimal()}\n\t\t\t\t<\/script>\n\t\t\t<\/rs-module-wrap>\n\t\t\t<!-- END REVOLUTION SLIDER -->\n<\/div><\/div><\/div><\/div><div class=\"vc_separator wpb_content_element vc_separator_align_center vc_sep_width_100 vc_sep_pos_align_center vc_separator_no_text vc_sep_color_grey\" ><span class=\"vc_sep_holder vc_sep_holder_l\"><span class=\"vc_sep_line\"><\/span><\/span><span class=\"vc_sep_holder vc_sep_holder_r\"><span class=\"vc_sep_line\"><\/span><\/span>\n<\/div>\n\t<div class=\"wpb_text_column wpb_content_element texto_parrafo text-larger\" >\n\t\t<div class=\"wpb_wrapper\">\n\t\t\t<p>Por: <a href=\"https:\/\/www.wendybello.com\/\" target=\"_blank\" rel=\"noopener noreferrer\"><b>Wendy Bello<\/b><\/a><\/p>\n\n\t\t<\/div>\n\t<\/div>\n\n\t<div class=\"wpb_video_widget wpb_content_element vc_clearfix vc_video-aspect-ratio-169 vc_video-el-width-100 vc_video-align-left\" >\n\t\t<div class=\"wpb_wrapper\">\n\t\t\t<h2 class=\"wpb_heading wpb_video_heading\">No Puedo Limpiar mi Coraz\u00f3n<\/h2>\n\t\t\t<div class=\"wpb_video_wrapper\"><iframe loading=\"lazy\" title=\"No puedo limpiar mi coraz\u00f3n\" width=\"500\" height=\"281\" src=\"https:\/\/www.youtube.com\/embed\/4GksnR4oet8?feature=oembed\" frameborder=\"0\" allow=\"accelerometer; autoplay; clipboard-write; encrypted-media; gyroscope; picture-in-picture; web-share\" allowfullscreen><\/iframe><\/div>\n\t\t<\/div>\n\t<\/div>\n<\/div><\/div><\/div><\/div><div class=\"vc_row wpb_row vc_row-fluid vc_custom_1615293062500 vc_row-has-fill\"><div class=\"wpb_column vc_column_container vc_col-sm-12\"><div class=\"vc_column-inner\"><div class=\"wpb_wrapper\">\t\t\t<div class=\"info-box-wrapper\">\n\t\t\t\t<div id=\"wd-60481b28f1aa3\" class=\" wd-rs-60481b28f1aa3 wd-info-box wd-wpb text-left box-icon-align-left box-style- color-scheme- wd-bg-none wd-items-top \">\n\t\t\t\t\t\t\t\t\t\t\t<div class=\"box-icon-wrapper  box-with-icon box-icon-simple\">\n\t\t\t\t\t\t\t<div class=\"info-box-icon\">\n\n\t\t\t\t\t\t\t\n\t\t\t\t\t\t\t\t\t\t\t\t\t\t\t\t\t<img loading=\"lazy\" decoding=\"async\" width=\"100\" height=\"100\" src=\"https:\/\/desarrollocristiano.pe\/wp-content\/uploads\/2021\/03\/Wendy-Bello-100x100.jpg\" class=\"attachment-100x100 size-100x100\" alt=\"\" \/>\t\t\t\t\t\t\t\t\t\t\t\t\t\t\t\n\t\t\t\t\t\t\t<\/div>\n\t\t\t\t\t\t<\/div>\n\t\t\t\t\t\t\t\t\t\t<div class=\"info-box-content\">\n\t\t\t\t\t\t<h4 class=\"info-box-title title box-title-style-default wd-fontsize-m\">Sobre la Autora...<\/h4>\t\t\t\t\t\t<div class=\"info-box-inner reset-last-child\"><p>Wendy Bello naci\u00f3 en Cuba y actualmente radica en Florida. Est\u00e1 casada con Abel Bello con quien tiene dos hijos. Ha estudiado Literatura en Lengua y Literatura Inglesa. Es escritora de varios libros, como <strong>Un Nuevo Coraz\u00f3n<\/strong> y <strong>Una Mujer Sabia<\/strong>.<\/p>\n<p>Puedes encontrar a Wendy Bello en:<\/p>\n<ul>\n<li>Facebook: <a href=\"https:\/\/www.facebook.com\/wendybelloblog\" target=\"_blank\" rel=\"noopener noreferrer\">@wendybelloblog<\/a><\/li>\n<li>Twitter: <a href=\"https:\/\/twitter.com\/wendybelloblog\" target=\"_blank\" rel=\"noopener noreferrer\">@wendybelloblog<\/a><\/li>\n<\/ul>\n<p>\n<\/div>\n\n\t\t\t\t\t\t\t\t\t\t\t<\/div>\n\n\t\t\t\t\t\n\t\t\t\t\t\t\t\t\t<\/div>\n\t\t\t<\/div>\n\t\t<\/div><\/div><\/div><\/div>\n<\/div>\t\t\t\t\t<\/div>\n\t\t\t\t\n\t\t\t\t\t\t\t\t\t<\/div>\n\t<\/div>\n<\/article>\n\n\t\t\t\t\t\t\t\t\t\t\t\n<article id=\"post-59255\" class=\"wd-post blog-design-chess blog-post-loop blog-design-small-images blog-style-bg wd-add-shadow wd-col post-59255 post type-post status-publish format-standard has-post-thumbnail hentry category-mujer-vive-tu-fe\">\n\t<div class=\"wd-post-inner article-inner\">\n\t\t\t\t\t<div class=\"wd-post-thumb entry-header\">\n\t\t\t\t\t\t\t\t\t<div class=\"wd-post-img post-img-wrapp\">\n\t\t\t\t\t\t<img width=\"320\" height=\"160\" src=\"https:\/\/desarrollocristiano.pe\/wp-content\/uploads\/2021\/03\/Mujeres-reales-no-virtuales-320x160.jpg\" class=\"attachment-large size-large\" alt=\"\" decoding=\"async\" loading=\"lazy\" srcset=\"https:\/\/desarrollocristiano.pe\/wp-content\/uploads\/2021\/03\/Mujeres-reales-no-virtuales-320x160.jpg 320w, https:\/\/desarrollocristiano.pe\/wp-content\/uploads\/2021\/03\/Mujeres-reales-no-virtuales-600x300.jpg 600w, https:\/\/desarrollocristiano.pe\/wp-content\/uploads\/2021\/03\/Mujeres-reales-no-virtuales-150x75.jpg 150w, https:\/\/desarrollocristiano.pe\/wp-content\/uploads\/2021\/03\/Mujeres-reales-no-virtuales.jpg 700w\" sizes=\"auto, (max-width: 320px) 100vw, 320px\" \/>\t\t\t\t\t<\/div>\n\t\t\t\t\t<a class=\"wd-fill\" href=\"https:\/\/desarrollocristiano.pe\/mujeres-reales-no-virtuales-ana-avila\/\"><\/a>\n\t\t\t\t\n\t\t\t\t\t\t\t\t\t\t\t\t<div class=\"wd-post-date wd-style-with-bg\">\n\t\t\t\t<span class=\"post-date-day\">\n\t\t\t\t\t11\t\t\t\t<\/span>\n\t\t\t\t<span class=\"post-date-month\">\n\t\t\t\t\tMar\t\t\t\t<\/span>\n\t\t\t<\/div>\n\t\t\t\t\t\t\t\t\t<\/div>\n\t\t\n\t\t<div class=\"wd-post-content article-body-container\">\n\t\t\t\t\t\t\t<div class=\"wd-post-cat wd-style-with-bg meta-post-categories\">\n\t\t\t\t\t<a href=\"https:\/\/desarrollocristiano.pe\/categorias\/mujer-vive-tu-fe\/\" rel=\"category tag\">Mujer: Vive tu fe<\/a>\t\t\t\t<\/div>\n\t\t\t\n\t\t\t\t\t\t\t<h3 class=\"wd-post-title wd-entities-title title post-title\">\n\t\t\t\t\t<a href=\"https:\/\/desarrollocristiano.pe\/mujeres-reales-no-virtuales-ana-avila\/\" rel=\"bookmark\">Mujeres reales, no virtuales &#8211; ANA \u00c1VILA<\/a>\n\t\t\t\t<\/h3>\n\t\t\t\n\t\t\t\t\t\t\t<div class=\"wd-post-meta\">\n\t\t\t\t\t\t\t\t\t\t\t\t\t\t\t<div class=\"wd-post-author\">\n\t\t\t\t\t\t\t\t\t\t\t<span>Posteado por<\/span>\n\t\t\n\t\t\t\t\t<img alt='author-avatar' src='https:\/\/secure.gravatar.com\/avatar\/8f331515e2139e7ffacac78d5e21bc88ee625065cad5d063ef4da73b7cbcfc2d?s=18&#038;d=mm&#038;r=g' srcset='https:\/\/secure.gravatar.com\/avatar\/8f331515e2139e7ffacac78d5e21bc88ee625065cad5d063ef4da73b7cbcfc2d?s=36&#038;d=mm&#038;r=g 2x' class='avatar avatar-18 photo' height='18' width='18' loading='lazy' decoding='async'\/>\t\t\n\t\t\t\t\t<a href=\"https:\/\/desarrollocristiano.pe\/author\/aprnimda7720\/\" class=\"author\" rel=\"author\">Administrador<\/a>\n\t\t\t\t\t\t\t\t\t<\/div>\n\t\t\t\t\t<div class=\"wd-modified-date\">\n\t\t\t\t\t\t\t\t<time class=\"updated\" datetime=\"2021-04-22T16:15:42-05:00\">\n\t\t\t22\/04\/2021\t\t<\/time>\n\t\t\t\t\t\t\t<\/div>\n\n\t\t\t\t\t\t\t\t\t\t\t<div class=\"wd-post-share wd-tltp\">\n\t\t\t\t\t\t\t<div class=\"tooltip top\">\n\t\t\t\t\t\t\t\t<div class=\"tooltip-inner\">\n\t\t\t\t\t\t\t\t\t\t\t\t<div\n\t\t\t\t\t\tclass=\" wd-social-icons  wd-style-default wd-size-small social-share wd-shape-circle color-scheme-light text-center\">\n\t\t\t\t\n\t\t\t\t\n\t\t\t\t\t\t\t\t\t<a rel=\"noopener noreferrer nofollow\" href=\"https:\/\/www.facebook.com\/sharer\/sharer.php?u=https:\/\/desarrollocristiano.pe\/articulos-pastorales\/\" target=\"_blank\" class=\" wd-social-icon social-facebook\" aria-label=\"Facebook social link\">\n\t\t\t\t\t\t<span class=\"wd-icon\"><\/span>\n\t\t\t\t\t\t\t\t\t\t\t<\/a>\n\t\t\t\t\n\t\t\t\t\t\t\t\t\t<a rel=\"noopener noreferrer nofollow\" href=\"https:\/\/x.com\/share?url=https:\/\/desarrollocristiano.pe\/articulos-pastorales\/\" target=\"_blank\" class=\" wd-social-icon social-twitter\" aria-label=\"X social link\">\n\t\t\t\t\t\t<span class=\"wd-icon\"><\/span>\n\t\t\t\t\t\t\t\t\t\t\t<\/a>\n\t\t\t\t\n\t\t\t\t\n\t\t\t\t\t\t\t\t\t<a rel=\"noopener noreferrer nofollow\" href=\"mailto:?subject=Check%20this%20https:\/\/desarrollocristiano.pe\/articulos-pastorales\/\" target=\"_blank\" class=\" wd-social-icon social-email\" aria-label=\"Email social link\">\n\t\t\t\t\t\t<span class=\"wd-icon\"><\/span>\n\t\t\t\t\t\t\t\t\t\t\t<\/a>\n\t\t\t\t\n\t\t\t\t\n\t\t\t\t\n\t\t\t\t\n\t\t\t\t\t\t\t\t\t<a rel=\"noopener noreferrer nofollow\" href=\"https:\/\/pinterest.com\/pin\/create\/button\/?url=https:\/\/desarrollocristiano.pe\/articulos-pastorales\/&media=https:\/\/desarrollocristiano.pe\/wp-content\/uploads\/2021\/03\/Mujeres-reales-no-virtuales.jpg&description=Mujeres+reales%2C+no+virtuales+%26%238211%3B+ANA+%C3%81VILA\" target=\"_blank\" class=\" wd-social-icon social-pinterest\" aria-label=\"Pinterest social link\">\n\t\t\t\t\t\t<span class=\"wd-icon\"><\/span>\n\t\t\t\t\t\t\t\t\t\t\t<\/a>\n\t\t\t\t\n\t\t\t\t\n\t\t\t\t\t\t\t\t\t<a rel=\"noopener noreferrer nofollow\" href=\"https:\/\/www.linkedin.com\/shareArticle?mini=true&url=https:\/\/desarrollocristiano.pe\/articulos-pastorales\/\" target=\"_blank\" class=\" wd-social-icon social-linkedin\" aria-label=\"Linkedin social link\">\n\t\t\t\t\t\t<span class=\"wd-icon\"><\/span>\n\t\t\t\t\t\t\t\t\t\t\t<\/a>\n\t\t\t\t\n\t\t\t\t\n\t\t\t\t\n\t\t\t\t\n\t\t\t\t\n\t\t\t\t\n\t\t\t\t\n\t\t\t\t\n\t\t\t\t\n\t\t\t\t\t\t\t\t\t<a rel=\"noopener noreferrer nofollow\" href=\"https:\/\/api.whatsapp.com\/send?text=https%3A%2F%2Fdesarrollocristiano.pe%2Farticulos-pastorales%2F\" target=\"_blank\" class=\"wd-hide-md  wd-social-icon social-whatsapp\" aria-label=\"WhatsApp social link\">\n\t\t\t\t\t\t<span class=\"wd-icon\"><\/span>\n\t\t\t\t\t\t\t\t\t\t\t<\/a>\n\n\t\t\t\t\t<a rel=\"noopener noreferrer nofollow\" href=\"whatsapp:\/\/send?text=https%3A%2F%2Fdesarrollocristiano.pe%2Farticulos-pastorales%2F\" target=\"_blank\" class=\"wd-hide-lg  wd-social-icon social-whatsapp\" aria-label=\"WhatsApp social link\">\n\t\t\t\t\t\t<span class=\"wd-icon\"><\/span>\n\t\t\t\t\t\t\t\t\t\t\t<\/a>\n\t\t\t\t\n\t\t\t\t\n\t\t\t\t\n\t\t\t\t\n\t\t\t\t\n\t\t\t\t\n\t\t\t\t\t\t\t\t\t<a rel=\"noopener noreferrer nofollow\" href=\"https:\/\/telegram.me\/share\/url?url=https:\/\/desarrollocristiano.pe\/articulos-pastorales\/\" target=\"_blank\" class=\" wd-social-icon social-tg\" aria-label=\"Telegram social link\">\n\t\t\t\t\t\t<span class=\"wd-icon\"><\/span>\n\t\t\t\t\t\t\t\t\t\t\t<\/a>\n\t\t\t\t\n\t\t\t\t\n\t\t\t<\/div>\n\n\t\t\t\t\t\t\t\t\t\t<\/div>\n\t\t\t\t\t\t\t\t<div class=\"tooltip-arrow\"><\/div>\n\t\t\t\t\t\t\t<\/div>\n\t\t\t\t\t\t<\/div>\n\t\t\t\t\t\n\t\t\t\t\t\t\t\t\t\t\t\t\t\t\t\t\t<div class=\"wd-post-reply wd-style-1\">\n\t\t\t\t\t\t\t<a href=\"https:\/\/desarrollocristiano.pe\/mujeres-reales-no-virtuales-ana-avila\/#comments\"><span class=\"wd-replies-count\">1<\/span><\/a>\t\t\t\t\t\t<\/div>\n\t\t\t\t\t\t\t\t\t<\/div>\n\t\t\t\n\t\t\t\t\t\t\t\t\t\t\t\t<div class=\"wd-post-excerpt entry-content\">\n\t\t\t\t\t\t<div class=\"wpb-content-wrapper\"><div class=\"vc_row wpb_row vc_row-fluid\"><div class=\"wpb_column vc_column_container vc_col-sm-12\"><div class=\"vc_column-inner\"><div class=\"wpb_wrapper\">\n\t<div class=\"wpb_text_column wpb_content_element texto_parrafo text-larger\" >\n\t\t<div class=\"wpb_wrapper\">\n\t\t\t<p>Por: <a href=\"https:\/\/twitter.com\/@AnaAvilaOsuna\" target=\"_blank\" rel=\"noopener noreferrer\"><b>Ana \u00c1vila<\/b><\/a><br \/>\nFuente: <a href=\"https:\/\/www.coalicionporelevangelio.org\/articulo\/mujeres-reales-no-virtuales\/\" target=\"_blank\" rel=\"noopener noreferrer\">Coalici\u00f3n por el Evangelio<\/a><\/p>\n<p>Hoy es una de esas fechas en las que nuestras redes sociales se llenan de mensajes conmemorativos y toda clase de informaci\u00f3n para compartir: 8 de marzo, d\u00eda de la mujer.<\/p>\n<p>Mires a donde mires, encontrar\u00e1s art\u00edculos, episodios de podcasts, videos, im\u00e1genes y m\u00e1s sobre lo que significa ser mujer. Algunos se\u00f1alar\u00e1n las injusticias que se han perpetrado contra el g\u00e9nero femenino a lo largo de la historia. Otros m\u00e1s celebrar\u00e1n con gratitud a las mujeres importantes en sus vidas. Los ramilletes virtuales y las serenatas v\u00eda YouTube inundar\u00e1n los grupos de WhatsApp y los muros de Facebook.<\/p>\n<p>Desde una perspectiva cristiana, la fecha es una buena oportunidad para recordar que las mujeres hemos sido\u00a0<a href=\"https:\/\/www.coalicionporelevangelio.org\/video\/mujeres-reflejan-la-imagen-dios\/\">hechas a imagen de Dios<\/a>, con un prop\u00f3sito espec\u00edfico y caracter\u00edsticas particulares que nos distinguen de los varones. En nuestras comunidades virtuales evang\u00e9licas, algunos advertir\u00e1n de los peligros del feminismo contempor\u00e1neo, mientras que otros apuntar\u00e1n a las virtudes que debemos cultivar si queremos ser mujeres virtuosas. Tener toda esta informaci\u00f3n disponible es un regalo. Pero no es suficiente.<\/p>\n<p>Compartir im\u00e1genes inspiradoras y leer art\u00edculos del d\u00eda de la mujer \u2014art\u00edculos como este\u2014 no tiene nada de malo. Pero \u00bfqu\u00e9 pasar\u00eda si vamos m\u00e1s all\u00e1? \u00bfQu\u00e9 suceder\u00eda si levant\u00e1ramos la mirada de nuestros dispositivos y examin\u00e1ramos nuestras vidas?<\/p>\n<p>Este 8 de marzo vale la pena preguntarnos: \u201c\u00bfEstoy m\u00e1s ocupada hablando sobre el ser mujer que viviendo como la mujer que Dios me llama a ser?\u201d.<\/p>\n<h3><b>Hablar es f\u00e1cil<\/b><\/h3>\n<p>Hablar sobre ser mujer es relativamente f\u00e1cil. Por supuesto, si hablamos desde una perspectiva b\u00edblica, habr\u00e1 mucha gente que no est\u00e9 de acuerdo con lo que comuniquemos. Pero, protegidas detr\u00e1s de nuestros dispositivos, recibir y transmitir informaci\u00f3n \u2014por impopular que sea\u2014 es todo menos complicado. Con unos cuantos movimientos de los dedos podemos compartir art\u00edculos o podcasts, escribir comentarios, dar me gusta, reenviar un bonito mensaje de WhatsApp sin saber qu\u00e9 significa, decir am\u00e9n, o \u201cconfrontar\u201d a alguien a trav\u00e9s de un mensaje directo por alguna cosa que comparti\u00f3 en redes sociales.<\/p>\n<p>El riesgo m\u00e1s grande de todo esto no se encuentra en las plataformas digitales como tal (aunque hay razones para que estas nos preocupen). M\u00e1s bien, el mayor peligro est\u00e1 en que esta interacci\u00f3n digital se convierta en la manera en que queremos glorificar a Dios como mujeres: compartir art\u00edculos sobre feminidad o frases inspiracionales sobre lo hermoso que es ser ayudas id\u00f3neas. Con la informaci\u00f3n que obtenemos de Internet, construimos una lista sobre todas las caracter\u00edsticas que debe tener una mujer virtuosa; despu\u00e9s, nos aseguramos de que nuestros perfiles p\u00fablicos reflejen esa lista\u2026 Queremos que el mundo sepa que estamos honrando al Se\u00f1or.<\/p>\n<h3><b>Vivir es dif\u00edcil<\/b><\/h3>\n<p>Vivir como la mujer que Dios nos llama a ser es diferente. Es mucho, mucho m\u00e1s dif\u00edcil. Por supuesto, puede incluir usar con discernimiento las herramientas que el Se\u00f1or nos ha dado, y ser ense\u00f1ada a trav\u00e9s de buenos art\u00edculos y podcasts acerca de qui\u00e9n es Dios y lo que \u00c9l nos llama a ser (y hacer) en su Palabra.<\/p>\n<p>Vivir como la mujer que Dios nos llama a ser es llevar esa informaci\u00f3n a la vida real, entendiendo que este mundo ca\u00eddo es mucho m\u00e1s complicado de lo que podemos explicar en un art\u00edculo de 900 palabras.<\/p>\n<p>Es tomar decisiones cotidianas para glorificar a Dios mientras cambiamos pa\u00f1ales o cedemos el paso en el tr\u00e1fico. Es encontrar el gozo de Cristo en lo cotidiano, al esforzarnos en hacer bien la tarea de la universidad o al ofrecer una sonrisa a un paciente aunque estamos cansadas. Es servir como Jes\u00fas nos sirvi\u00f3 al limpiar mocos o levantar la mesa del desayuno, o al escuchar a la disc\u00edpula que sigue confundida con la paciencia que el Padre nos tiene. Es leer la Biblia con un nuevo creyente o recibir a un desconocido en la iglesia aunque te cuesta iniciar la conversaci\u00f3n. Es llevar una comida o pasear un perro sin esperar que alguien te tome una foto y te agradezca por Instagram.<\/p>\n<p>Vivir como una mujer que glorifica a Dios es utilizar todo lo que Dios te ha dado \u2014tu tiempo, tu energ\u00eda, tu inteligencia, tus habilidades, tu atenci\u00f3n, tu dinero\u2014 para exaltar Su nombre y bendecir a otras personas, ah\u00ed en el lugar donde Dios te ha puesto ahora mismo.<\/p>\n<h3><b>De la pantalla a la vida real<\/b><\/h3>\n<p>Pasar de los art\u00edculos en Internet a la vida real es duro. Hay que comprender la manera en que los principios b\u00edblicos aplican a nuestra situaci\u00f3n particular. Hay que tomar decisiones que no nos gustan. Hay que arrepentirnos de nuestro pecado delante de Dios y pedir perd\u00f3n al pr\u00f3jimo que hemos lastimado. Hay que perdonar a aquellos que nos han herido y, si es posible, buscar restauraci\u00f3n.<\/p>\n<p>Ning\u00fan escritor o charlista digital puede hacer eso por ti. El gozo de la obediencia al Se\u00f1or no se encuentra en meramente compartir o dar \u201cme gusta\u201d. Un art\u00edculo puede inspirarte y un podcast puede confrontarte, pero ninguno de los dos puede obligarte a extender tus manos y obedecer, amar, rendirte y servir. Ninguno puede llevarte a hacer esas cosas cotidianas que ser\u00eda muy extra\u00f1o compartir en redes sociales. La clase de cosas que cuando se hacen con coraz\u00f3n genuino uno no desea compartir en las redes sociales, porque se hacen para un p\u00fablico de uno: para el Se\u00f1or.<\/p>\n<p>No te quedes con la informaci\u00f3n de la pantalla. Deja tu tel\u00e9fono a un lado y p\u00eddele sabidur\u00eda al Se\u00f1or para vivir de acuerdo a su Palabra. No ser\u00e1 f\u00e1cil pero valdr\u00e1 la pena. Dios hace resplandecer su evangelio en nuestras comunidades a trav\u00e9s vidas cotidianas\u2026 vidas que podr\u00edan parecer insignificantes para los dem\u00e1s (<a class=\"rtBibleRef\" href=\"https:\/\/biblia.com\/bible\/nblh\/2%20Cor%204.7?culture=es\" target=\"_blank\" rel=\"noopener noreferrer\" data-reference=\"2 Cor 4.7\" data-version=\"nblh\" data-purpose=\"bible-reference\">2 Co 4:7<\/a>).<\/p>\n<p>Que sean nuestras vidas \u2014m\u00e1s que nuestros perfiles de redes sociales\u2014 las que muestren lo bello que es ser mujeres para la gloria de Dios.<\/p>\n\n\t\t<\/div>\n\t<\/div>\n<\/div><\/div><\/div><\/div><div class=\"vc_row wpb_row vc_row-fluid vc_custom_1615074577655 vc_row-has-fill\"><div class=\"wpb_column vc_column_container vc_col-sm-12\"><div class=\"vc_column-inner\"><div class=\"wpb_wrapper\">\t\t\t<div class=\"info-box-wrapper inline-element\">\n\t\t\t\t<div id=\"wd-604812db8c421\" class=\" wd-rs-604812db8c421 wd-info-box wd-wpb text-left box-icon-align-left box-style- color-scheme- wd-bg-none wd-items-top \">\n\t\t\t\t\t\t\t\t\t\t\t<div class=\"box-icon-wrapper  box-with-icon box-icon-with-border\">\n\t\t\t\t\t\t\t<div class=\"info-box-icon\">\n\n\t\t\t\t\t\t\t\n\t\t\t\t\t\t\t\t\t\t\t\t\t\t\t\t\t<img loading=\"lazy\" decoding=\"async\" width=\"100\" height=\"100\" src=\"https:\/\/desarrollocristiano.pe\/wp-content\/uploads\/2021\/03\/Ana-Avila-300x300-1-100x100.jpg\" class=\"attachment-100x100 size-100x100\" alt=\"\" \/>\t\t\t\t\t\t\t\t\t\t\t\t\t\t\t\n\t\t\t\t\t\t\t<\/div>\n\t\t\t\t\t\t<\/div>\n\t\t\t\t\t\t\t\t\t\t<div class=\"info-box-content\">\n\t\t\t\t\t\t<h4 class=\"info-box-title title box-title-style-default wd-fontsize-m\">Sobre la Autora...<\/h4>\t\t\t\t\t\t<div class=\"info-box-inner reset-last-child\"><p><strong>Ana \u00c1vila<\/strong>\u00a0es editora\u00a0<em>senior<\/em>\u00a0en Coalici\u00f3n por el Evangelio, Qu\u00edmica Bi\u00f3loga Cl\u00ednica, y parte de Iglesia Reforma. Es autora de \u201c<a href=\"https:\/\/www.amazon.com\/-\/es\/Ana-Avila-ebook\/dp\/B085XP5W72\/ref=sr_1_1?tag=thegospcoal-20\">Aprovecha bien el tiempo: Una gu\u00eda pr\u00e1ctica para honrar a Dios con tu d\u00eda<\/a>\u201d. Vive en Guatemala junto con su esposo Uriel y el beb\u00e9 Jud\u00e1. Puedes encontrarla en\u00a0<a href=\"https:\/\/www.youtube.com\/channel\/UCRQSAqKXcB1PQdz-tZFQ3EQ\">YouTube<\/a>,\u00a0<a href=\"https:\/\/instagram.com\/anaavilaosuna\/\">Instagram<\/a>, y\u00a0<a href=\"https:\/\/twitter.com\/@AnaAvilaOsuna\">Twitter<\/a>.<\/p>\n<\/div>\n\n\t\t\t\t\t\t\t\t\t\t\t<\/div>\n\n\t\t\t\t\t\n\t\t\t\t\t<style>#wd-604812db8c421 .info-box-icon {background-color:  !important;}<\/style>\t\t\t\t<\/div>\n\t\t\t<\/div>\n\t\t<\/div><\/div><\/div><\/div>\n<\/div>\t\t\t\t\t<\/div>\n\t\t\t\t\n\t\t\t\t\t\t\t\t\t<\/div>\n\t<\/div>\n<\/article>\n\n\t\t\t\t\t\t\t\t\t\t\t\n<article id=\"post-59250\" class=\"wd-post blog-design-chess blog-post-loop blog-design-small-images blog-style-bg wd-add-shadow wd-col post-59250 post type-post status-publish format-video has-post-thumbnail hentry category-mujer-vive-tu-fe post_format-post-format-video\">\n\t<div class=\"wd-post-inner article-inner\">\n\t\t\t\t\t<div class=\"wd-post-thumb entry-header\">\n\t\t\t\t\t\t\t\t\t<div class=\"wd-post-img post-img-wrapp\">\n\t\t\t\t\t\t<img width=\"320\" height=\"160\" src=\"https:\/\/desarrollocristiano.pe\/wp-content\/uploads\/2021\/02\/WENDY-BELLO-CAMBIO-DE-TIPOGRAFIA-6778-320x160.jpg\" class=\"attachment-large size-large\" alt=\"\" decoding=\"async\" loading=\"lazy\" srcset=\"https:\/\/desarrollocristiano.pe\/wp-content\/uploads\/2021\/02\/WENDY-BELLO-CAMBIO-DE-TIPOGRAFIA-6778-320x160.jpg 320w, https:\/\/desarrollocristiano.pe\/wp-content\/uploads\/2021\/02\/WENDY-BELLO-CAMBIO-DE-TIPOGRAFIA-6778-600x300.jpg 600w, https:\/\/desarrollocristiano.pe\/wp-content\/uploads\/2021\/02\/WENDY-BELLO-CAMBIO-DE-TIPOGRAFIA-6778-150x75.jpg 150w, https:\/\/desarrollocristiano.pe\/wp-content\/uploads\/2021\/02\/WENDY-BELLO-CAMBIO-DE-TIPOGRAFIA-6778.jpg 700w\" sizes=\"auto, (max-width: 320px) 100vw, 320px\" \/>\t\t\t\t\t<\/div>\n\t\t\t\t\t<a class=\"wd-fill\" href=\"https:\/\/desarrollocristiano.pe\/el-problema-del-corazon\/\"><\/a>\n\t\t\t\t\n\t\t\t\t\t\t\t\t\t\t\t\t<div class=\"wd-post-date wd-style-with-bg\">\n\t\t\t\t<span class=\"post-date-day\">\n\t\t\t\t\t10\t\t\t\t<\/span>\n\t\t\t\t<span class=\"post-date-month\">\n\t\t\t\t\tMar\t\t\t\t<\/span>\n\t\t\t<\/div>\n\t\t\t\t\t\t\t\t\t<\/div>\n\t\t\n\t\t<div class=\"wd-post-content article-body-container\">\n\t\t\t\t\t\t\t<div class=\"wd-post-cat wd-style-with-bg meta-post-categories\">\n\t\t\t\t\t<a href=\"https:\/\/desarrollocristiano.pe\/categorias\/mujer-vive-tu-fe\/\" rel=\"category tag\">Mujer: Vive tu fe<\/a>\t\t\t\t<\/div>\n\t\t\t\n\t\t\t\t\t\t\t<h3 class=\"wd-post-title wd-entities-title title post-title\">\n\t\t\t\t\t<a href=\"https:\/\/desarrollocristiano.pe\/el-problema-del-corazon\/\" rel=\"bookmark\">El Problema del Coraz\u00f3n &#8211; Wendy Bello<\/a>\n\t\t\t\t<\/h3>\n\t\t\t\n\t\t\t\t\t\t\t<div class=\"wd-post-meta\">\n\t\t\t\t\t\t\t\t\t\t\t\t\t\t\t<div class=\"wd-post-author\">\n\t\t\t\t\t\t\t\t\t\t\t<span>Posteado por<\/span>\n\t\t\n\t\t\t\t\t<img alt='author-avatar' src='https:\/\/secure.gravatar.com\/avatar\/8f331515e2139e7ffacac78d5e21bc88ee625065cad5d063ef4da73b7cbcfc2d?s=18&#038;d=mm&#038;r=g' srcset='https:\/\/secure.gravatar.com\/avatar\/8f331515e2139e7ffacac78d5e21bc88ee625065cad5d063ef4da73b7cbcfc2d?s=36&#038;d=mm&#038;r=g 2x' class='avatar avatar-18 photo' height='18' width='18' loading='lazy' decoding='async'\/>\t\t\n\t\t\t\t\t<a href=\"https:\/\/desarrollocristiano.pe\/author\/aprnimda7720\/\" class=\"author\" rel=\"author\">Administrador<\/a>\n\t\t\t\t\t\t\t\t\t<\/div>\n\t\t\t\t\t<div class=\"wd-modified-date\">\n\t\t\t\t\t\t\t\t<time class=\"updated\" datetime=\"2021-04-22T16:15:43-05:00\">\n\t\t\t22\/04\/2021\t\t<\/time>\n\t\t\t\t\t\t\t<\/div>\n\n\t\t\t\t\t\t\t\t\t\t\t<div class=\"wd-post-share wd-tltp\">\n\t\t\t\t\t\t\t<div class=\"tooltip top\">\n\t\t\t\t\t\t\t\t<div class=\"tooltip-inner\">\n\t\t\t\t\t\t\t\t\t\t\t\t<div\n\t\t\t\t\t\tclass=\" wd-social-icons  wd-style-default wd-size-small social-share wd-shape-circle color-scheme-light text-center\">\n\t\t\t\t\n\t\t\t\t\n\t\t\t\t\t\t\t\t\t<a rel=\"noopener noreferrer nofollow\" href=\"https:\/\/www.facebook.com\/sharer\/sharer.php?u=https:\/\/desarrollocristiano.pe\/articulos-pastorales\/\" target=\"_blank\" class=\" wd-social-icon social-facebook\" aria-label=\"Facebook social link\">\n\t\t\t\t\t\t<span class=\"wd-icon\"><\/span>\n\t\t\t\t\t\t\t\t\t\t\t<\/a>\n\t\t\t\t\n\t\t\t\t\t\t\t\t\t<a rel=\"noopener noreferrer nofollow\" href=\"https:\/\/x.com\/share?url=https:\/\/desarrollocristiano.pe\/articulos-pastorales\/\" target=\"_blank\" class=\" wd-social-icon social-twitter\" aria-label=\"X social link\">\n\t\t\t\t\t\t<span class=\"wd-icon\"><\/span>\n\t\t\t\t\t\t\t\t\t\t\t<\/a>\n\t\t\t\t\n\t\t\t\t\n\t\t\t\t\t\t\t\t\t<a rel=\"noopener noreferrer nofollow\" href=\"mailto:?subject=Check%20this%20https:\/\/desarrollocristiano.pe\/articulos-pastorales\/\" target=\"_blank\" class=\" wd-social-icon social-email\" aria-label=\"Email social link\">\n\t\t\t\t\t\t<span class=\"wd-icon\"><\/span>\n\t\t\t\t\t\t\t\t\t\t\t<\/a>\n\t\t\t\t\n\t\t\t\t\n\t\t\t\t\n\t\t\t\t\n\t\t\t\t\t\t\t\t\t<a rel=\"noopener noreferrer nofollow\" href=\"https:\/\/pinterest.com\/pin\/create\/button\/?url=https:\/\/desarrollocristiano.pe\/articulos-pastorales\/&media=https:\/\/desarrollocristiano.pe\/wp-content\/uploads\/2021\/02\/WENDY-BELLO-CAMBIO-DE-TIPOGRAFIA-6778.jpg&description=El+Problema+del+Coraz%C3%B3n+%26%238211%3B+Wendy+Bello\" target=\"_blank\" class=\" wd-social-icon social-pinterest\" aria-label=\"Pinterest social link\">\n\t\t\t\t\t\t<span class=\"wd-icon\"><\/span>\n\t\t\t\t\t\t\t\t\t\t\t<\/a>\n\t\t\t\t\n\t\t\t\t\n\t\t\t\t\t\t\t\t\t<a rel=\"noopener noreferrer nofollow\" href=\"https:\/\/www.linkedin.com\/shareArticle?mini=true&url=https:\/\/desarrollocristiano.pe\/articulos-pastorales\/\" target=\"_blank\" class=\" wd-social-icon social-linkedin\" aria-label=\"Linkedin social link\">\n\t\t\t\t\t\t<span class=\"wd-icon\"><\/span>\n\t\t\t\t\t\t\t\t\t\t\t<\/a>\n\t\t\t\t\n\t\t\t\t\n\t\t\t\t\n\t\t\t\t\n\t\t\t\t\n\t\t\t\t\n\t\t\t\t\n\t\t\t\t\n\t\t\t\t\n\t\t\t\t\t\t\t\t\t<a rel=\"noopener noreferrer nofollow\" href=\"https:\/\/api.whatsapp.com\/send?text=https%3A%2F%2Fdesarrollocristiano.pe%2Farticulos-pastorales%2F\" target=\"_blank\" class=\"wd-hide-md  wd-social-icon social-whatsapp\" aria-label=\"WhatsApp social link\">\n\t\t\t\t\t\t<span class=\"wd-icon\"><\/span>\n\t\t\t\t\t\t\t\t\t\t\t<\/a>\n\n\t\t\t\t\t<a rel=\"noopener noreferrer nofollow\" href=\"whatsapp:\/\/send?text=https%3A%2F%2Fdesarrollocristiano.pe%2Farticulos-pastorales%2F\" target=\"_blank\" class=\"wd-hide-lg  wd-social-icon social-whatsapp\" aria-label=\"WhatsApp social link\">\n\t\t\t\t\t\t<span class=\"wd-icon\"><\/span>\n\t\t\t\t\t\t\t\t\t\t\t<\/a>\n\t\t\t\t\n\t\t\t\t\n\t\t\t\t\n\t\t\t\t\n\t\t\t\t\n\t\t\t\t\n\t\t\t\t\t\t\t\t\t<a rel=\"noopener noreferrer nofollow\" href=\"https:\/\/telegram.me\/share\/url?url=https:\/\/desarrollocristiano.pe\/articulos-pastorales\/\" target=\"_blank\" class=\" wd-social-icon social-tg\" aria-label=\"Telegram social link\">\n\t\t\t\t\t\t<span class=\"wd-icon\"><\/span>\n\t\t\t\t\t\t\t\t\t\t\t<\/a>\n\t\t\t\t\n\t\t\t\t\n\t\t\t<\/div>\n\n\t\t\t\t\t\t\t\t\t\t<\/div>\n\t\t\t\t\t\t\t\t<div class=\"tooltip-arrow\"><\/div>\n\t\t\t\t\t\t\t<\/div>\n\t\t\t\t\t\t<\/div>\n\t\t\t\t\t\n\t\t\t\t\t\t\t\t\t\t\t\t\t\t\t\t\t<div class=\"wd-post-reply wd-style-1\">\n\t\t\t\t\t\t\t<a href=\"https:\/\/desarrollocristiano.pe\/el-problema-del-corazon\/#respond\"><span class=\"wd-replies-count\">0<\/span><\/a>\t\t\t\t\t\t<\/div>\n\t\t\t\t\t\t\t\t\t<\/div>\n\t\t\t\n\t\t\t\t\t\t\t\t\t\t\t\t<div class=\"wd-post-excerpt entry-content\">\n\t\t\t\t\t\t<div class=\"wpb-content-wrapper\"><div class=\"vc_row wpb_row vc_row-fluid\"><div class=\"wpb_column vc_column_container vc_col-sm-12\"><div class=\"vc_column-inner\"><div class=\"wpb_wrapper\"><div class=\"vc_row wpb_row vc_inner vc_row-fluid\"><div class=\"wpb_column vc_column_container vc_col-sm-12\"><div class=\"vc_column-inner\"><div class=\"wpb_wrapper\">\n\t\t\t<!-- START Preventa  Un Nuevo Corazon REVOLUTION SLIDER 6.7.40 --><p class=\"rs-p-wp-fix\"><\/p>\n\t\t\t<rs-module-wrap id=\"rev_slider_57_3_wrapper\" data-source=\"gallery\" style=\"visibility:hidden;background:transparent;padding:0;margin:0px auto;margin-top:0;margin-bottom:0;\">\n\t\t\t\t<rs-module id=\"rev_slider_57_3\" style=\"\" data-version=\"6.7.40\">\n\t\t\t\t\t<rs-slides style=\"overflow: hidden; position: absolute;\">\n\t\t\t\t\t\t<rs-slide style=\"position: absolute;\" data-key=\"rs-140\" data-title=\"Slide\" data-anim=\"ms:1000;r:0;\" data-in=\"o:0;\" data-out=\"a:false;\">\n\t\t\t\t\t\t\t<img decoding=\"async\" src=\"\/\/desarrollocristiano.pe\/wp-content\/plugins\/revslider\/sr6\/assets\/assets\/dummy.png\" alt=\"Slide\" title=\"El Problema del Coraz\u00f3n &#8211; Wendy Bello\" class=\"rev-slidebg tp-rs-img rs-lazyload\" data-lazyload=\"\/\/desarrollocristiano.pe\/wp-content\/plugins\/revslider\/sr6\/assets\/assets\/transparent.png\" data-no-retina>\n<!--\n\t\t\t\t\t\t\t--><rs-layer\n\t\t\t\t\t\t\t\tid=\"slider-57-slide-140-layer-0\" \n\t\t\t\t\t\t\t\tdata-type=\"shape\"\n\t\t\t\t\t\t\t\tdata-xy=\"xo:-2px;\"\n\t\t\t\t\t\t\t\tdata-text=\"w:normal;\"\n\t\t\t\t\t\t\t\tdata-dim=\"w:702px,702px,702px,352px;h:349px,349px,349px,571px;\"\n\t\t\t\t\t\t\t\tdata-rsp_o=\"off\"\n\t\t\t\t\t\t\t\tdata-rsp_bd=\"off\"\n\t\t\t\t\t\t\t\tdata-frame_999=\"o:0;st:w;sR:8700;\"\n\t\t\t\t\t\t\t\tstyle=\"z-index:5;background-color:#d2f3d4;\"\n\t\t\t\t\t\t\t> \n\t\t\t\t\t\t\t<\/rs-layer><!--\n\n\t\t\t\t\t\t\t--><rs-layer\n\t\t\t\t\t\t\t\tid=\"slider-57-slide-140-layer-1\" \n\t\t\t\t\t\t\t\tdata-type=\"image\"\n\t\t\t\t\t\t\t\tdata-xy=\"x:l,l,l,c;xo:70px,70px,70px,0;yo:26px,26px,26px,29px;\"\n\t\t\t\t\t\t\t\tdata-text=\"w:normal;\"\n\t\t\t\t\t\t\t\tdata-dim=\"w:195px,195px,195px,167px;h:293px,293px,293px,251px;\"\n\t\t\t\t\t\t\t\tdata-rsp_o=\"off\"\n\t\t\t\t\t\t\t\tdata-rsp_bd=\"off\"\n\t\t\t\t\t\t\t\tdata-frame_0=\"sX:0.9;sY:0.9;\"\n\t\t\t\t\t\t\t\tdata-frame_1=\"e:power2.inOut;st:380;sp:1000;sR:380;\"\n\t\t\t\t\t\t\t\tdata-frame_999=\"o:0;st:w;sR:7620;\"\n\t\t\t\t\t\t\t\tstyle=\"z-index:6;\"\n\t\t\t\t\t\t\t><img decoding=\"async\" src=\"\/\/desarrollocristiano.pe\/wp-content\/plugins\/revslider\/sr6\/assets\/assets\/dummy.png\" alt=\"\" class=\"tp-rs-img rs-lazyload\" width=\"195\" height=\"293\" data-lazyload=\"\/\/desarrollocristiano.pe\/wp-content\/uploads\/2021\/02\/libro-corazon-nuevo.jpg\" data-no-retina> \n\t\t\t\t\t\t\t<\/rs-layer><!--\n\n\t\t\t\t\t\t\t--><rs-layer\n\t\t\t\t\t\t\t\tid=\"slider-57-slide-140-layer-2\" \n\t\t\t\t\t\t\t\tdata-type=\"image\"\n\t\t\t\t\t\t\t\tdata-xy=\"x:l,l,l,c;xo:296px,296px,296px,0;yo:49px,49px,49px,278px;\"\n\t\t\t\t\t\t\t\tdata-text=\"w:normal;\"\n\t\t\t\t\t\t\t\tdata-dim=\"w:[&#039;328px&#039;,&#039;328px&#039;,&#039;328px&#039;,&#039;328px&#039;];h:[&#039;193px&#039;,&#039;193px&#039;,&#039;193px&#039;,&#039;193px&#039;];\"\n\t\t\t\t\t\t\t\tdata-rsp_o=\"off\"\n\t\t\t\t\t\t\t\tdata-rsp_bd=\"off\"\n\t\t\t\t\t\t\t\tdata-frame_0=\"y:100%;\"\n\t\t\t\t\t\t\t\tdata-frame_0_mask=\"u:t;\"\n\t\t\t\t\t\t\t\tdata-frame_1=\"st:670;sp:1200;sR:670;\"\n\t\t\t\t\t\t\t\tdata-frame_1_mask=\"u:t;\"\n\t\t\t\t\t\t\t\tdata-frame_999=\"o:0;st:w;sR:7130;\"\n\t\t\t\t\t\t\t\tstyle=\"z-index:7;\"\n\t\t\t\t\t\t\t><img decoding=\"async\" src=\"\/\/desarrollocristiano.pe\/wp-content\/plugins\/revslider\/sr6\/assets\/assets\/dummy.png\" alt=\"\" class=\"tp-rs-img rs-lazyload\" width=\"328\" height=\"193\" data-lazyload=\"\/\/desarrollocristiano.pe\/wp-content\/uploads\/2021\/02\/preventa-corazon-nuevo.jpg\" data-no-retina> \n\t\t\t\t\t\t\t<\/rs-layer><!--\n\n\t\t\t\t\t\t\t--><a\n\t\t\t\t\t\t\t\tid=\"slider-57-slide-140-layer-3\" \n\t\t\t\t\t\t\t\tclass=\"rs-layer rev-btn\"\n\t\t\t\t\t\t\t\thref=\"https:\/\/api.whatsapp.com\/send?phone=51945094168&#038;text=Hola,%20quiero%20informacion%20del%20libro%20Un%20Nuevo%20Corazon%20de%20Wendy%20Bello\" target=\"_blank\" rel=\"noopener\"\n\t\t\t\t\t\t\t\tdata-type=\"button\"\n\t\t\t\t\t\t\t\tdata-xy=\"x:l,l,l,c;xo:346px,346px,346px,0;yo:242px,242px,242px,484px;\"\n\t\t\t\t\t\t\t\tdata-text=\"w:normal,normal,normal,normal;s:17;l:40,40,40,55;fw:500;a:left,left,left,center;\"\n\t\t\t\t\t\t\t\tdata-dim=\"w:231px,231px,231px,224px;h:40px,40px,40px,55px;minh:0px,0px,0px,none;\"\n\t\t\t\t\t\t\t\tdata-rsp_o=\"off\"\n\t\t\t\t\t\t\t\tdata-rsp_bd=\"off\"\n\t\t\t\t\t\t\t\tdata-padding=\"r:50,50,50,25;l:50,50,50,25;\"\n\t\t\t\t\t\t\t\tdata-border=\"bor:3px,3px,3px,3px;\"\n\t\t\t\t\t\t\t\tdata-frame_1=\"e:power4.inOut;st:1330;sp:1500;sR:1330;\"\n\t\t\t\t\t\t\t\tdata-frame_999=\"o:0;st:w;sR:6170;\"\n\t\t\t\t\t\t\t\tdata-frame_hover=\"bgc:#705e38;bor:3px,3px,3px,3px;sp:100;e:power1.inOut;bri:120%;\"\n\t\t\t\t\t\t\t\tstyle=\"z-index:8;background-color:#b69e60;font-family:'Roboto';\"\n\t\t\t\t\t\t\t>Enviar WhatsApp \n\t\t\t\t\t\t\t<\/a><!--\n-->\t\t\t\t\t<\/rs-slide>\n\t\t\t\t\t<\/rs-slides>\n\t\t\t\t<\/rs-module>\n\t\t\t\t<script data-jetpack-boost=\"ignore\">\n\t\t\t\t\tsetREVStartSize({c: 'rev_slider_57_3',rl:[1240,1240,1240,480],el:[350,350,350,700],gw:[700,700,700,350],gh:[350,350,350,700],type:'hero',justify:'',layout:'fullwidth',mh:\"0\"});if (window.RS_MODULES!==undefined && window.RS_MODULES.modules!==undefined && window.RS_MODULES.modules[\"revslider573\"]!==undefined) {window.RS_MODULES.modules[\"revslider573\"].once = false;window.revapi57_3 = undefined;if (window.RS_MODULES.checkMinimal!==undefined) window.RS_MODULES.checkMinimal()}\n\t\t\t\t<\/script>\n\t\t\t<\/rs-module-wrap>\n\t\t\t<!-- END REVOLUTION SLIDER -->\n<\/div><\/div><\/div><\/div><div class=\"vc_separator wpb_content_element vc_separator_align_center vc_sep_width_100 vc_sep_pos_align_center vc_separator_no_text vc_sep_color_grey\" ><span class=\"vc_sep_holder vc_sep_holder_l\"><span class=\"vc_sep_line\"><\/span><\/span><span class=\"vc_sep_holder vc_sep_holder_r\"><span class=\"vc_sep_line\"><\/span><\/span>\n<\/div>\n\t<div class=\"wpb_text_column wpb_content_element texto_parrafo text-larger\" >\n\t\t<div class=\"wpb_wrapper\">\n\t\t\t<p>Por: <a href=\"https:\/\/www.wendybello.com\/\" target=\"_blank\" rel=\"noopener noreferrer\"><b>Wendy Bello<\/b><\/a><\/p>\n\n\t\t<\/div>\n\t<\/div>\n\n\t<div class=\"wpb_video_widget wpb_content_element vc_clearfix vc_video-aspect-ratio-169 vc_video-el-width-100 vc_video-align-left\" >\n\t\t<div class=\"wpb_wrapper\">\n\t\t\t<h2 class=\"wpb_heading wpb_video_heading\">El Problema del Coraz\u00f3n<\/h2>\n\t\t\t<div class=\"wpb_video_wrapper\"><iframe loading=\"lazy\" title=\"El problema del coraz\u00f3n\" width=\"500\" height=\"281\" src=\"https:\/\/www.youtube.com\/embed\/NrNEApviUPI?feature=oembed\" frameborder=\"0\" allow=\"accelerometer; autoplay; clipboard-write; encrypted-media; gyroscope; picture-in-picture; web-share\" allowfullscreen><\/iframe><\/div>\n\t\t<\/div>\n\t<\/div>\n<\/div><\/div><\/div><\/div><div class=\"vc_row wpb_row vc_row-fluid vc_custom_1615293062500 vc_row-has-fill\"><div class=\"wpb_column vc_column_container vc_col-sm-12\"><div class=\"vc_column-inner\"><div class=\"wpb_wrapper\">\t\t\t<div class=\"info-box-wrapper\">\n\t\t\t\t<div id=\"wd-60481b28f1aa3\" class=\" wd-rs-60481b28f1aa3 wd-info-box wd-wpb text-left box-icon-align-left box-style- color-scheme- wd-bg-none wd-items-top \">\n\t\t\t\t\t\t\t\t\t\t\t<div class=\"box-icon-wrapper  box-with-icon box-icon-simple\">\n\t\t\t\t\t\t\t<div class=\"info-box-icon\">\n\n\t\t\t\t\t\t\t\n\t\t\t\t\t\t\t\t\t\t\t\t\t\t\t\t\t<img loading=\"lazy\" decoding=\"async\" width=\"100\" height=\"100\" src=\"https:\/\/desarrollocristiano.pe\/wp-content\/uploads\/2021\/03\/Wendy-Bello-100x100.jpg\" class=\"attachment-100x100 size-100x100\" alt=\"\" \/>\t\t\t\t\t\t\t\t\t\t\t\t\t\t\t\n\t\t\t\t\t\t\t<\/div>\n\t\t\t\t\t\t<\/div>\n\t\t\t\t\t\t\t\t\t\t<div class=\"info-box-content\">\n\t\t\t\t\t\t<h4 class=\"info-box-title title box-title-style-default wd-fontsize-m\">Sobre la Autora...<\/h4>\t\t\t\t\t\t<div class=\"info-box-inner reset-last-child\"><p>Wendy Bello naci\u00f3 en Cuba y actualmente radica en Florida. Est\u00e1 casada con Abel Bello con quien tiene dos hijos. Ha estudiado Literatura en Lengua y Literatura Inglesa. Es escritora de varios libros, como <strong>Un Nuevo Coraz\u00f3n<\/strong> y <strong>Una Mujer Sabia<\/strong>.<\/p>\n<p>Puedes encontrar a Wendy Bello en:<\/p>\n<ul>\n<li>Facebook: <a href=\"https:\/\/www.facebook.com\/wendybelloblog\" target=\"_blank\" rel=\"noopener noreferrer\">@wendybelloblog<\/a><\/li>\n<li>Twitter: <a href=\"https:\/\/twitter.com\/wendybelloblog\" target=\"_blank\" rel=\"noopener noreferrer\">@wendybelloblog<\/a><\/li>\n<\/ul>\n<p>\n<\/div>\n\n\t\t\t\t\t\t\t\t\t\t\t<\/div>\n\n\t\t\t\t\t\n\t\t\t\t\t\t\t\t\t<\/div>\n\t\t\t<\/div>\n\t\t<\/div><\/div><\/div><\/div>\n<\/div>\t\t\t\t\t<\/div>\n\t\t\t\t\n\t\t\t\t\t\t\t\t\t<\/div>\n\t<\/div>\n<\/article>\n\n\t\t\t\t\t\t\t\t\t\t\t\n<article id=\"post-59109\" class=\"wd-post blog-design-chess blog-post-loop blog-design-small-images blog-style-bg wd-add-shadow wd-col post-59109 post type-post status-publish format-standard has-post-thumbnail hentry category-mujer-vive-tu-fe\">\n\t<div class=\"wd-post-inner article-inner\">\n\t\t\t\t\t<div class=\"wd-post-thumb entry-header\">\n\t\t\t\t\t\t\t\t\t<div class=\"wd-post-img post-img-wrapp\">\n\t\t\t\t\t\t<img width=\"320\" height=\"180\" src=\"https:\/\/desarrollocristiano.pe\/wp-content\/uploads\/2021\/03\/no-violencia-mujer-320x180.jpeg\" class=\"attachment-large size-large\" alt=\"\" decoding=\"async\" loading=\"lazy\" srcset=\"https:\/\/desarrollocristiano.pe\/wp-content\/uploads\/2021\/03\/no-violencia-mujer-320x180.jpeg 320w, https:\/\/desarrollocristiano.pe\/wp-content\/uploads\/2021\/03\/no-violencia-mujer-600x338.jpeg 600w, https:\/\/desarrollocristiano.pe\/wp-content\/uploads\/2021\/03\/no-violencia-mujer-150x84.jpeg 150w, https:\/\/desarrollocristiano.pe\/wp-content\/uploads\/2021\/03\/no-violencia-mujer-768x432.jpeg 768w, https:\/\/desarrollocristiano.pe\/wp-content\/uploads\/2021\/03\/no-violencia-mujer.jpeg 1000w\" sizes=\"auto, (max-width: 320px) 100vw, 320px\" \/>\t\t\t\t\t<\/div>\n\t\t\t\t\t<a class=\"wd-fill\" href=\"https:\/\/desarrollocristiano.pe\/violencia-a-la-mujer-que-es-lo-que-la-biblia-ensena-y-por-que-se-habla-muy-poco-de-esto\/\"><\/a>\n\t\t\t\t\n\t\t\t\t\t\t\t\t\t\t\t\t<div class=\"wd-post-date wd-style-with-bg\">\n\t\t\t\t<span class=\"post-date-day\">\n\t\t\t\t\t10\t\t\t\t<\/span>\n\t\t\t\t<span class=\"post-date-month\">\n\t\t\t\t\tMar\t\t\t\t<\/span>\n\t\t\t<\/div>\n\t\t\t\t\t\t\t\t\t<\/div>\n\t\t\n\t\t<div class=\"wd-post-content article-body-container\">\n\t\t\t\t\t\t\t<div class=\"wd-post-cat wd-style-with-bg meta-post-categories\">\n\t\t\t\t\t<a href=\"https:\/\/desarrollocristiano.pe\/categorias\/mujer-vive-tu-fe\/\" rel=\"category tag\">Mujer: Vive tu fe<\/a>\t\t\t\t<\/div>\n\t\t\t\n\t\t\t\t\t\t\t<h3 class=\"wd-post-title wd-entities-title title post-title\">\n\t\t\t\t\t<a href=\"https:\/\/desarrollocristiano.pe\/violencia-a-la-mujer-que-es-lo-que-la-biblia-ensena-y-por-que-se-habla-muy-poco-de-esto\/\" rel=\"bookmark\">Violencia a la mujer: \u00bfQu\u00e9 es lo que la Biblia ense\u00f1a y por qu\u00e9 se habla muy poco de esto? &#8211; Jaime Daniel Caballero<\/a>\n\t\t\t\t<\/h3>\n\t\t\t\n\t\t\t\t\t\t\t<div class=\"wd-post-meta\">\n\t\t\t\t\t\t\t\t\t\t\t\t\t\t\t<div class=\"wd-post-author\">\n\t\t\t\t\t\t\t\t\t\t\t<span>Posteado por<\/span>\n\t\t\n\t\t\t\t\t<img alt='author-avatar' src='https:\/\/secure.gravatar.com\/avatar\/8f331515e2139e7ffacac78d5e21bc88ee625065cad5d063ef4da73b7cbcfc2d?s=18&#038;d=mm&#038;r=g' srcset='https:\/\/secure.gravatar.com\/avatar\/8f331515e2139e7ffacac78d5e21bc88ee625065cad5d063ef4da73b7cbcfc2d?s=36&#038;d=mm&#038;r=g 2x' class='avatar avatar-18 photo' height='18' width='18' loading='lazy' decoding='async'\/>\t\t\n\t\t\t\t\t<a href=\"https:\/\/desarrollocristiano.pe\/author\/aprnimda7720\/\" class=\"author\" rel=\"author\">Administrador<\/a>\n\t\t\t\t\t\t\t\t\t<\/div>\n\t\t\t\t\t<div class=\"wd-modified-date\">\n\t\t\t\t\t\t\t\t<time class=\"updated\" datetime=\"2021-04-22T16:15:43-05:00\">\n\t\t\t22\/04\/2021\t\t<\/time>\n\t\t\t\t\t\t\t<\/div>\n\n\t\t\t\t\t\t\t\t\t\t\t<div class=\"wd-post-share wd-tltp\">\n\t\t\t\t\t\t\t<div class=\"tooltip top\">\n\t\t\t\t\t\t\t\t<div class=\"tooltip-inner\">\n\t\t\t\t\t\t\t\t\t\t\t\t<div\n\t\t\t\t\t\tclass=\" wd-social-icons  wd-style-default wd-size-small social-share wd-shape-circle color-scheme-light text-center\">\n\t\t\t\t\n\t\t\t\t\n\t\t\t\t\t\t\t\t\t<a rel=\"noopener noreferrer nofollow\" href=\"https:\/\/www.facebook.com\/sharer\/sharer.php?u=https:\/\/desarrollocristiano.pe\/articulos-pastorales\/\" target=\"_blank\" class=\" wd-social-icon social-facebook\" aria-label=\"Facebook social link\">\n\t\t\t\t\t\t<span class=\"wd-icon\"><\/span>\n\t\t\t\t\t\t\t\t\t\t\t<\/a>\n\t\t\t\t\n\t\t\t\t\t\t\t\t\t<a rel=\"noopener noreferrer nofollow\" href=\"https:\/\/x.com\/share?url=https:\/\/desarrollocristiano.pe\/articulos-pastorales\/\" target=\"_blank\" class=\" wd-social-icon social-twitter\" aria-label=\"X social link\">\n\t\t\t\t\t\t<span class=\"wd-icon\"><\/span>\n\t\t\t\t\t\t\t\t\t\t\t<\/a>\n\t\t\t\t\n\t\t\t\t\n\t\t\t\t\t\t\t\t\t<a rel=\"noopener noreferrer nofollow\" href=\"mailto:?subject=Check%20this%20https:\/\/desarrollocristiano.pe\/articulos-pastorales\/\" target=\"_blank\" class=\" wd-social-icon social-email\" aria-label=\"Email social link\">\n\t\t\t\t\t\t<span class=\"wd-icon\"><\/span>\n\t\t\t\t\t\t\t\t\t\t\t<\/a>\n\t\t\t\t\n\t\t\t\t\n\t\t\t\t\n\t\t\t\t\n\t\t\t\t\t\t\t\t\t<a rel=\"noopener noreferrer nofollow\" href=\"https:\/\/pinterest.com\/pin\/create\/button\/?url=https:\/\/desarrollocristiano.pe\/articulos-pastorales\/&media=https:\/\/desarrollocristiano.pe\/wp-content\/uploads\/2021\/03\/no-violencia-mujer.jpeg&description=Violencia+a+la+mujer%3A+%C2%BFQu%C3%A9+es+lo+que+la+Biblia+ense%C3%B1a+y+por+qu%C3%A9+se+habla+muy+poco+de+esto%3F+%26%238211%3B+Jaime+Daniel+Caballero\" target=\"_blank\" class=\" wd-social-icon social-pinterest\" aria-label=\"Pinterest social link\">\n\t\t\t\t\t\t<span class=\"wd-icon\"><\/span>\n\t\t\t\t\t\t\t\t\t\t\t<\/a>\n\t\t\t\t\n\t\t\t\t\n\t\t\t\t\t\t\t\t\t<a rel=\"noopener noreferrer nofollow\" href=\"https:\/\/www.linkedin.com\/shareArticle?mini=true&url=https:\/\/desarrollocristiano.pe\/articulos-pastorales\/\" target=\"_blank\" class=\" wd-social-icon social-linkedin\" aria-label=\"Linkedin social link\">\n\t\t\t\t\t\t<span class=\"wd-icon\"><\/span>\n\t\t\t\t\t\t\t\t\t\t\t<\/a>\n\t\t\t\t\n\t\t\t\t\n\t\t\t\t\n\t\t\t\t\n\t\t\t\t\n\t\t\t\t\n\t\t\t\t\n\t\t\t\t\n\t\t\t\t\n\t\t\t\t\t\t\t\t\t<a rel=\"noopener noreferrer nofollow\" href=\"https:\/\/api.whatsapp.com\/send?text=https%3A%2F%2Fdesarrollocristiano.pe%2Farticulos-pastorales%2F\" target=\"_blank\" class=\"wd-hide-md  wd-social-icon social-whatsapp\" aria-label=\"WhatsApp social link\">\n\t\t\t\t\t\t<span class=\"wd-icon\"><\/span>\n\t\t\t\t\t\t\t\t\t\t\t<\/a>\n\n\t\t\t\t\t<a rel=\"noopener noreferrer nofollow\" href=\"whatsapp:\/\/send?text=https%3A%2F%2Fdesarrollocristiano.pe%2Farticulos-pastorales%2F\" target=\"_blank\" class=\"wd-hide-lg  wd-social-icon social-whatsapp\" aria-label=\"WhatsApp social link\">\n\t\t\t\t\t\t<span class=\"wd-icon\"><\/span>\n\t\t\t\t\t\t\t\t\t\t\t<\/a>\n\t\t\t\t\n\t\t\t\t\n\t\t\t\t\n\t\t\t\t\n\t\t\t\t\n\t\t\t\t\n\t\t\t\t\t\t\t\t\t<a rel=\"noopener noreferrer nofollow\" href=\"https:\/\/telegram.me\/share\/url?url=https:\/\/desarrollocristiano.pe\/articulos-pastorales\/\" target=\"_blank\" class=\" wd-social-icon social-tg\" aria-label=\"Telegram social link\">\n\t\t\t\t\t\t<span class=\"wd-icon\"><\/span>\n\t\t\t\t\t\t\t\t\t\t\t<\/a>\n\t\t\t\t\n\t\t\t\t\n\t\t\t<\/div>\n\n\t\t\t\t\t\t\t\t\t\t<\/div>\n\t\t\t\t\t\t\t\t<div class=\"tooltip-arrow\"><\/div>\n\t\t\t\t\t\t\t<\/div>\n\t\t\t\t\t\t<\/div>\n\t\t\t\t\t\n\t\t\t\t\t\t\t\t\t\t\t\t\t\t\t\t\t<div class=\"wd-post-reply wd-style-1\">\n\t\t\t\t\t\t\t<a href=\"https:\/\/desarrollocristiano.pe\/violencia-a-la-mujer-que-es-lo-que-la-biblia-ensena-y-por-que-se-habla-muy-poco-de-esto\/#comments\"><span class=\"wd-replies-count\">2<\/span><\/a>\t\t\t\t\t\t<\/div>\n\t\t\t\t\t\t\t\t\t<\/div>\n\t\t\t\n\t\t\t\t\t\t\t\t\t\t\t\t<div class=\"wd-post-excerpt entry-content\">\n\t\t\t\t\t\t<div class=\"wpb-content-wrapper\"><div class=\"vc_row wpb_row vc_row-fluid\"><div class=\"wpb_column vc_column_container vc_col-sm-12\"><div class=\"vc_column-inner\"><div class=\"wpb_wrapper\">\n\t<div class=\"wpb_text_column wpb_content_element texto_parrafo text-larger\" >\n\t\t<div class=\"wpb_wrapper\">\n\t\t\t<p>Por: <a href=\"https:\/\/www.facebook.com\/danielcaballeroperu\" target=\"_blank\" rel=\"noopener noreferrer\"><b>Jaime Daniel Caballero<\/b><\/a>, director de <a href=\"https:\/\/teologiaparavivir.com\/\" target=\"_blank\" rel=\"noopener noreferrer\">Teolog\u00eda para Vivir<\/a><\/p>\n<p style=\"font-weight: 400;\">Toda persona esta de acuerdo que el maltrato hacia la mujer es un pecado horrible. Sin embargo, aunque la mayor\u00eda sabe que esta mal, no saben hasta que punto. \u00bfNos hemos vuelto ciegos a ciertos males sociales? El Per\u00fa ocupa el segundo lugar de asesinatos de mujeres en Latinoam\u00e9rica, y en el 70% de ellos son cometidos por sus parejas<sup><a href=\"#referencias\">1<\/a><\/sup>.<span style=\"font-weight: 400;\">\u00a0<\/span><\/p>\n<p style=\"font-weight: 400;\">Uno de los puntos esenciales de la relaci\u00f3n entre hombre y mujer es protecci\u00f3n y respeto. Quica el rol mas representativo del esposo para con su esposa es la de protecci\u00f3n y cuidado f\u00edsico, emocional y espiritual. El abuso de un hombre a una mujer representa en su medula misma la inversi\u00f3n del plan de Dios. El var\u00f3n fue puesto para amarla no odiarla, para cuidarla no maltratarla, para proveer no abandonar. \u00bfQu\u00e9 debo hacer entonces?<\/p>\n<h3>\u00bfEvangelio y la cultura? (Evangelio y Cultura)<\/h3>\n<p style=\"font-weight: 400;\">Para muchos evang\u00e9licos, la predicaci\u00f3n del evangelio debe estar \u00fanicamente relacionado con aquellos pecados que est\u00e1n relacionados con mi relaci\u00f3n con Dios, pero no con mi pr\u00f3jimo, o con la sociedad que me rodea. Es cierto que el evangelio no pertenece a una cultura en particular, sino que es una cultura en si misma. Es decir, el mensaje del evangelio no es norteamericano, latino u africano, sino que trasciende a todas las culturas, y diferencias entre los seres humanos. El mensaje el evangelio forma de todas las culturas una nueva sociedad, un nuevo pueblo, una nueva persona en Cristo, \u201c<i><span style=\"font-weight: 400;\">y de ambos pueblos hizo uno<\/span><\/i><span style=\"font-weight: 400;\">\u201d (Ef. 2.14).<\/span><\/p>\n<p style=\"font-weight: 400;\">Sin embargo, las verdades del evangelio son expresadas a trav\u00e9s de una cultura en particular, para hablarle a una sociedad en particular, en un espacio y tiempo especifico. El evangelio pierde su poder cuando los cristianos no confrontan a la sociedad con su pecado, sino que se hacen la vista gorda a los mismos. Una pregunta fundamental que debemos hacernos es \u00bfCu\u00e1les son los pecados m\u00e1s generalizados y aceptados de nuestra sociedad? Sin duda la corrupci\u00f3n en todo nivel es uno de los males mas end\u00e9micos de la sociedad peruana. Sin embargo, \u00bfcuantos sermones ha escuchado sobre la corrupci\u00f3n en el gobierno, las familias y aun las iglesias? Es necesario que la iglesia y sus lideres muestren claramente la ense\u00f1anza b\u00edblica sobre estos temas.<\/p>\n<h3>\u00bfEl coraz\u00f3n de la \u00e9tica cristiana? (El centro de la \u00e9tica cristiana)<\/h3>\n<p style=\"font-weight: 400;\">\u00bfCuales son las implicancias \u00e9ticas del cristianismo? Sin duda, el paradigma del amor al pr\u00f3jimo como uno mismo resume en una oraci\u00f3n la \u00e9tica cristiana.<\/p>\n<p><span style=\"font-weight: 400;\">Miqueas 6.8 lo resume bien:<\/span><i><span style=\"font-weight: 400;\"> \u201cEl te ha declarado, oh hombre, lo que es bueno. \u00bfY qu\u00e9 es lo que demanda el S<\/span><\/i><i><span style=\"font-weight: 400;\">e\u00f1or<\/span><\/i><i><span style=\"font-weight: 400;\"> de ti, sino s\u00f3lo practicar la justicia (el derecho), amar la misericordia (lealtad), y andar humildemente con tu Dios?\u201d\u00a0<\/span><\/i><\/p>\n<p style=\"font-weight: 400;\">Un examen somero de la Ley Mosaica revela que en el centro de lo voluntad de Dios estaba la protecci\u00f3n y cuidado para aquellos que eran socialmente mas vulnerables, \u201cla viuda, el pobre y el extranjero\u201d. Dios mismo se llama a si mismo como <i><span style=\"font-weight: 400;\">\u201cel defensor de la viuda y el pobre.\u201d <\/span><\/i><span style=\"font-weight: 400;\">(Dt. 10.18, Sal. 65.8, etc). La viuda, el pobre y el extranjero en la sociedad Israelita eran aquellos que eran mas vulnerables. Carec\u00edan de recursos y poder para defenderse a si mismos y eran los mas vulnerables a ser explotados. La viuda y el pobre se morir\u00edan de hambre, el migrante era explotado. La Ley Mosaica esta llena de leyes de protecci\u00f3n a personas vulnerables.\u00a0<\/span><\/p>\n<p style=\"font-weight: 400;\">Una de las maneras mas evidentes como la piedad se mostraba era en el cumplimiento de la ley, bondad y amor de Dios justamente para aquellos que eran mas vulnerables en la sociedad.\u00a0 El Pueblo de Dios mostraba su rectitud por hacerle bien a este segmento de la poblaci\u00f3n (ejemplifican esto varones como Abraham, Job, Booz, etc.- Job 29.12, 29.16, etc.). Esta noci\u00f3n ha llevado desde el inicio mismo del cristianismo a que cristianos est\u00e9n activamente involucrados en la adopci\u00f3n de ni\u00f1os desamparados y la fundaci\u00f3n de orfanatos, justamente por la vulnerabilidad de los ni\u00f1os.<\/p>\n<p style=\"font-weight: 400;\">La pregunta que como cristianos latinos en el siglo XXI debemos hacernos es:<\/p>\n<p><i><span style=\"font-weight: 400;\">\u00bfQu\u00e9 segmento de nuestra poblaci\u00f3n son nuestras \u201cviudas, pobres y extranjeros\u201d?<\/span><\/i> <span style=\"font-weight: 400;\">\u00bfQu\u00e9 segmentos es vulnerable, abusado y explotado?: Mujeres, ni\u00f1os y migrantes. El abuso al menor y el aborto son males sociales. Pero tambi\u00e9n lo son la explotaci\u00f3n y racismo que sufren muchos migrantes sufren.<\/span> <span style=\"font-weight: 400;\">Sin embargo, temas como el racismo, la discriminaci\u00f3n social, y el abuso hacia ni\u00f1os, ancianos y mujeres casi no se tocan en nuestras iglesias. \u00bfEs que acaso no hay discriminaci\u00f3n en nuestras Iglesias? \u00bfEs que nunca hemos escuchado un caso de violencia hacia la mujer en nuestras congregaciones? \u00bfO es que acaso preferimos ignorar estos temas porque son estos los que son justamente incomodos para nosotros?<\/span><\/p>\n<h3>El maltrado hacia la mujer en las Escrituras<\/h3>\n<p style=\"font-weight: 400;\">En el Antiguo Testamento no hab\u00eda divorcio por causa de maltrato, tampoco por adulterio. \u00bfPor qu\u00e9? Porque aquel que maltratara a una mujer o cometiera adulterio era apedreado hasta morir. Aquel hombre que golpeara a su pr\u00f3jimo era golpeado por el vengador de la sangre \u201cojo por ojo, y diente por diente\u201d (Ex. 21:24-25). El pr\u00f3jimo inclu\u00eda a la mujer. El vengador de la sangre era un miembro var\u00f3n de la familia de la mujer encargado de ejecutar la pena previamente juzgada por el concilio de ancianos (Nu. 35:19). Si el hombre continuaba con el abuso f\u00edsico era apedreado, y la mujer viuda quedaba libre para volver a casarse (Dt. 24:7 cf. Ex. 21:16).<\/p>\n<p style=\"font-weight: 400;\">Me pregunto, \u00bfCu\u00e1ntos hombres hubieran tenido el deseo para violentar a una mujer despu\u00e9s de haber visto morir a otros hombres por apedreamiento por cometer dicho delito? Muy pocos. Dios se toma muy en serio el matrimonio, y por eso se toma muy enserio aquellos pecados que romp\u00edan el vinculo matrimonial. No estamos bajo la ley mosaica. Las aplicaciones de la ley var\u00edan de contexto a contexto, pero los principios son eternos. El principio es que Dios se toma muy en serio el maltrato a la mujer, y nosotros como iglesia tambi\u00e9n lo debemos hacer. Si no alzamos nuestra voz, \u00bfQui\u00e9n lo har\u00e1 por nosotros?<\/p>\n<h3>\u00bfQu\u00e9 puedo hacer?<\/h3>\n<p style=\"font-weight: 400;\">\u00bfQu\u00e9 debo hacer entonces? Ora mucho. Pero tambi\u00e9n levanta tu voz. Cuando ense\u00f1es sobre la familia menciona que ning\u00fan tipo de maltrato a la mujer debe ser tolerado. Defiendan a las mujeres vulnerables en su congregaci\u00f3n y vecindario. Denuncia p\u00fablicamente cualquier tipo de maltrato. Mujer, Dios te manda a obedecerle a El antes que a tu esposo. Si te sometes a un esposo que te maltrate f\u00edsicamente y no denuncias dicho maltrato, a la iglesia en primer lugar si eras creyente, y luego a las autoridades, est\u00e1n desobedeciendo a Dios quien nos manda a no encubrir pecados. La desobediencia a un marido maltratador no es opcional, sino obligatoria. No solo por ti, sino por tus hermanas.<\/p>\n<p style=\"font-weight: 400;\">Los puritanos (Richard Baxter, William Ames, etc.) escribieron mucho sobre el tema, el maltrato a la mujer como una de las causas licitas de divorcio o separaci\u00f3n temporal: <i><span style=\"font-weight: 400;\">\u201cSi existe un peligro pleno, que no puede ser evitado, no hay duda sobre esto, sino que debes hacerlo (separarte). Debido a que es nuestro deber la preservaci\u00f3n no solo de nuestras propias vidas, sino tambi\u00e9n la de nuestro pr\u00f3jimo.\u201d<sup><a href=\"#referencias\">2<\/a><\/sup> <\/span><\/i><\/p>\n<p>Las palabras de Bonhoeffer a\u00fan tienen relevancia para el d\u00eda de hoy: \u201cSilencio frente a la maldad, es maldad en si misma. No hacer es hacer. No hablar es hablar. Dios no nos tendr\u00e1 por inocentes\u201d.<\/p>\n<hr \/>\n<section id=\"referencias\"><\/section>\n<p><span id=\"uno\" style=\"font-weight: 400;\">\u00a0<sup>1<\/sup> Organizacio\u0301n Mundial de la Salud (OMS), World Report on Violence and Health, editado por Etienne G. Krug, Linda L. Dahlberg, James A. Mercy, Anthony B. Zwi y Rafael Lozano, Ginebra, 2002, p. 118.<\/span><span id=\"dos\" style=\"font-weight: 400;\">\u00a0<\/span><\/p>\n<section><span id=\"dos\" style=\"font-weight: 400;\"><sup>2<\/sup> Richard Baxter y William Orme, <\/span><i><span style=\"font-weight: 400;\">The Practical Works of the Rev. Richard Baxter<\/span><\/i><span style=\"font-weight: 400;\">, vol. 4 (London: James Duncan, 1830), 165.<\/span><\/section>\n<p>\u00a0<\/p>\n\n\t\t<\/div>\n\t<\/div>\n<\/div><\/div><\/div><\/div><div class=\"vc_row wpb_row vc_row-fluid vc_custom_1615339168298 vc_row-has-fill\"><div class=\"wpb_column vc_column_container vc_col-sm-12\"><div class=\"vc_column-inner\"><div class=\"wpb_wrapper\">\t\t\t<div class=\"info-box-wrapper\">\n\t\t\t\t<div id=\"wd-60481e081b7d0\" class=\" wd-rs-60481e081b7d0 wd-info-box wd-wpb text-left box-icon-align-left box-style- color-scheme- wd-bg-none wd-items-top \">\n\t\t\t\t\t\t\t\t\t\t\t<div class=\"box-icon-wrapper  box-with-icon box-icon-simple\">\n\t\t\t\t\t\t\t<div class=\"info-box-icon\">\n\n\t\t\t\t\t\t\t\n\t\t\t\t\t\t\t\t\t\t\t\t\t\t\t\t\t<img loading=\"lazy\" decoding=\"async\" width=\"100\" height=\"100\" src=\"https:\/\/desarrollocristiano.pe\/wp-content\/uploads\/2021\/03\/Daniel-Caballero-cuadrado-100x100.jpg\" class=\"attachment-100x100 size-100x100\" alt=\"\" \/>\t\t\t\t\t\t\t\t\t\t\t\t\t\t\t\n\t\t\t\t\t\t\t<\/div>\n\t\t\t\t\t\t<\/div>\n\t\t\t\t\t\t\t\t\t\t<div class=\"info-box-content\">\n\t\t\t\t\t\t<h4 class=\"info-box-title title box-title-style-default wd-fontsize-m\">Sobre el Autor...<\/h4>\t\t\t\t\t\t<div class=\"info-box-inner reset-last-child\"><p><strong>Daniel Caballero<\/strong> naci\u00f3 en Lima, Per\u00fa. BSc. Universidad Nacional Agraria La Molina. BA, Seminario Teol\u00f3gico Bautista (Lima); Postgrado en Teolog\u00eda, The London Theological Seminary (Londres), ThM-Teologia Hist\u00f3rica., Westminster Theological Seminary (PA-USA). Esta por iniciar estudios doctorales en Inglaterra sobre Historia de la Reforma (siglo XVI) y Post-Reforma (siglo XVII). Especializaci\u00f3n en John Owen y Puritanismo ingles. Daniel ha escrito numerosos art\u00edculos sobre puritanismo, teolog\u00eda b\u00edblica y cultura. Su campo de especializaci\u00f3n es en estudios de la Reforma y Post-Reforma (Puritanismo). Ha vivido por casi doce a\u00f1os en Inglaterra, donde tuvo la oportunidad de profundizar estudios Teol\u00f3gicos. Es misionero enviado de Inglaterra para el servicio en desarrollo de educaci\u00f3n teol\u00f3gica. Actualmente vive en Cork, Irlanda. Tiene experiencia desde muy joven en educaci\u00f3n teol\u00f3gica. Esta casado con Ellie.<\/p>\n<p>Puedes encontrar a Jaime Daniel Caballero en:<\/p>\n<ul>\n<li>Facebook: <a href=\"https:\/\/www.facebook.com\/danielcaballeroperu\" target=\"_blank\" rel=\"noopener noreferrer\">Jaime Daniel Caballero<\/a><\/li>\n<li>Twitter: <a href=\"https:\/\/twitter.com\/asmallpilgrim\" target=\"_blank\" rel=\"noopener noreferrer\">@asmallpilgrim<\/a><\/li>\n<\/ul>\n<\/div>\n\n\t\t\t\t\t\t\t\t\t\t\t<\/div>\n\n\t\t\t\t\t\n\t\t\t\t\t\t\t\t\t<\/div>\n\t\t\t<\/div>\n\t\t<\/div><\/div><\/div><\/div><div class=\"vc_row wpb_row vc_row-fluid\"><div class=\"wpb_column vc_column_container vc_col-sm-12\"><div class=\"vc_column-inner\"><div class=\"wpb_wrapper\">\t\t\t<div id=\"\" class=\"wd-products-element wd-wpb with-title wd-hide\">\n\t\t\t<h4 class=\"wd-el-title title element-title\">Libros de Jaime Daniel Caballero<\/h4>\n\t\t\n\t\t\t\t\t<\/div>\n\t\t\t<\/div><\/div><\/div><\/div><!-- \/wp:post-content --><\/div>\t\t\t\t\t<\/div>\n\t\t\t\t\n\t\t\t\t\t\t\t\t\t<\/div>\n\t<\/div>\n<\/article>\n\n\t\t\t\t\t\t\t\t\t\t\t\n<article id=\"post-59133\" class=\"wd-post blog-design-chess blog-post-loop blog-design-small-images blog-style-bg wd-add-shadow wd-col post-59133 post type-post status-publish format-video has-post-thumbnail hentry category-mujer-vive-tu-fe post_format-post-format-video\">\n\t<div class=\"wd-post-inner article-inner\">\n\t\t\t\t\t<div class=\"wd-post-thumb entry-header\">\n\t\t\t\t\t\t\t\t\t<div class=\"wd-post-img post-img-wrapp\">\n\t\t\t\t\t\t<img width=\"320\" height=\"160\" src=\"https:\/\/desarrollocristiano.pe\/wp-content\/uploads\/2021\/03\/WENDY-BELLO-CAMBIO-DE-TIPOGRAFIA-320x160.jpg\" class=\"attachment-large size-large\" alt=\"\" decoding=\"async\" loading=\"lazy\" srcset=\"https:\/\/desarrollocristiano.pe\/wp-content\/uploads\/2021\/03\/WENDY-BELLO-CAMBIO-DE-TIPOGRAFIA-320x160.jpg 320w, https:\/\/desarrollocristiano.pe\/wp-content\/uploads\/2021\/03\/WENDY-BELLO-CAMBIO-DE-TIPOGRAFIA-600x300.jpg 600w, https:\/\/desarrollocristiano.pe\/wp-content\/uploads\/2021\/03\/WENDY-BELLO-CAMBIO-DE-TIPOGRAFIA-150x75.jpg 150w, https:\/\/desarrollocristiano.pe\/wp-content\/uploads\/2021\/03\/WENDY-BELLO-CAMBIO-DE-TIPOGRAFIA.jpg 700w\" sizes=\"auto, (max-width: 320px) 100vw, 320px\" \/>\t\t\t\t\t<\/div>\n\t\t\t\t\t<a class=\"wd-fill\" href=\"https:\/\/desarrollocristiano.pe\/un-corazon-nuevo\/\"><\/a>\n\t\t\t\t\n\t\t\t\t\t\t\t\t\t\t\t\t<div class=\"wd-post-date wd-style-with-bg\">\n\t\t\t\t<span class=\"post-date-day\">\n\t\t\t\t\t09\t\t\t\t<\/span>\n\t\t\t\t<span class=\"post-date-month\">\n\t\t\t\t\tMar\t\t\t\t<\/span>\n\t\t\t<\/div>\n\t\t\t\t\t\t\t\t\t<\/div>\n\t\t\n\t\t<div class=\"wd-post-content article-body-container\">\n\t\t\t\t\t\t\t<div class=\"wd-post-cat wd-style-with-bg meta-post-categories\">\n\t\t\t\t\t<a href=\"https:\/\/desarrollocristiano.pe\/categorias\/mujer-vive-tu-fe\/\" rel=\"category tag\">Mujer: Vive tu fe<\/a>\t\t\t\t<\/div>\n\t\t\t\n\t\t\t\t\t\t\t<h3 class=\"wd-post-title wd-entities-title title post-title\">\n\t\t\t\t\t<a href=\"https:\/\/desarrollocristiano.pe\/un-corazon-nuevo\/\" rel=\"bookmark\">Un Coraz\u00f3n Nuevo &#8211; Wendy Bello<\/a>\n\t\t\t\t<\/h3>\n\t\t\t\n\t\t\t\t\t\t\t<div class=\"wd-post-meta\">\n\t\t\t\t\t\t\t\t\t\t\t\t\t\t\t<div class=\"wd-post-author\">\n\t\t\t\t\t\t\t\t\t\t\t<span>Posteado por<\/span>\n\t\t\n\t\t\t\t\t<img alt='author-avatar' src='https:\/\/secure.gravatar.com\/avatar\/8f331515e2139e7ffacac78d5e21bc88ee625065cad5d063ef4da73b7cbcfc2d?s=18&#038;d=mm&#038;r=g' srcset='https:\/\/secure.gravatar.com\/avatar\/8f331515e2139e7ffacac78d5e21bc88ee625065cad5d063ef4da73b7cbcfc2d?s=36&#038;d=mm&#038;r=g 2x' class='avatar avatar-18 photo' height='18' width='18' loading='lazy' decoding='async'\/>\t\t\n\t\t\t\t\t<a href=\"https:\/\/desarrollocristiano.pe\/author\/aprnimda7720\/\" class=\"author\" rel=\"author\">Administrador<\/a>\n\t\t\t\t\t\t\t\t\t<\/div>\n\t\t\t\t\t<div class=\"wd-modified-date\">\n\t\t\t\t\t\t\t\t<time class=\"updated\" datetime=\"2021-04-22T16:16:04-05:00\">\n\t\t\t22\/04\/2021\t\t<\/time>\n\t\t\t\t\t\t\t<\/div>\n\n\t\t\t\t\t\t\t\t\t\t\t<div class=\"wd-post-share wd-tltp\">\n\t\t\t\t\t\t\t<div class=\"tooltip top\">\n\t\t\t\t\t\t\t\t<div class=\"tooltip-inner\">\n\t\t\t\t\t\t\t\t\t\t\t\t<div\n\t\t\t\t\t\tclass=\" wd-social-icons  wd-style-default wd-size-small social-share wd-shape-circle color-scheme-light text-center\">\n\t\t\t\t\n\t\t\t\t\n\t\t\t\t\t\t\t\t\t<a rel=\"noopener noreferrer nofollow\" href=\"https:\/\/www.facebook.com\/sharer\/sharer.php?u=https:\/\/desarrollocristiano.pe\/articulos-pastorales\/\" target=\"_blank\" class=\" wd-social-icon social-facebook\" aria-label=\"Facebook social link\">\n\t\t\t\t\t\t<span class=\"wd-icon\"><\/span>\n\t\t\t\t\t\t\t\t\t\t\t<\/a>\n\t\t\t\t\n\t\t\t\t\t\t\t\t\t<a rel=\"noopener noreferrer nofollow\" href=\"https:\/\/x.com\/share?url=https:\/\/desarrollocristiano.pe\/articulos-pastorales\/\" target=\"_blank\" class=\" wd-social-icon social-twitter\" aria-label=\"X social link\">\n\t\t\t\t\t\t<span class=\"wd-icon\"><\/span>\n\t\t\t\t\t\t\t\t\t\t\t<\/a>\n\t\t\t\t\n\t\t\t\t\n\t\t\t\t\t\t\t\t\t<a rel=\"noopener noreferrer nofollow\" href=\"mailto:?subject=Check%20this%20https:\/\/desarrollocristiano.pe\/articulos-pastorales\/\" target=\"_blank\" class=\" wd-social-icon social-email\" aria-label=\"Email social link\">\n\t\t\t\t\t\t<span class=\"wd-icon\"><\/span>\n\t\t\t\t\t\t\t\t\t\t\t<\/a>\n\t\t\t\t\n\t\t\t\t\n\t\t\t\t\n\t\t\t\t\n\t\t\t\t\t\t\t\t\t<a rel=\"noopener noreferrer nofollow\" href=\"https:\/\/pinterest.com\/pin\/create\/button\/?url=https:\/\/desarrollocristiano.pe\/articulos-pastorales\/&media=https:\/\/desarrollocristiano.pe\/wp-content\/uploads\/2021\/03\/WENDY-BELLO-CAMBIO-DE-TIPOGRAFIA.jpg&description=Un+Coraz%C3%B3n+Nuevo+%26%238211%3B+Wendy+Bello\" target=\"_blank\" class=\" wd-social-icon social-pinterest\" aria-label=\"Pinterest social link\">\n\t\t\t\t\t\t<span class=\"wd-icon\"><\/span>\n\t\t\t\t\t\t\t\t\t\t\t<\/a>\n\t\t\t\t\n\t\t\t\t\n\t\t\t\t\t\t\t\t\t<a rel=\"noopener noreferrer nofollow\" href=\"https:\/\/www.linkedin.com\/shareArticle?mini=true&url=https:\/\/desarrollocristiano.pe\/articulos-pastorales\/\" target=\"_blank\" class=\" wd-social-icon social-linkedin\" aria-label=\"Linkedin social link\">\n\t\t\t\t\t\t<span class=\"wd-icon\"><\/span>\n\t\t\t\t\t\t\t\t\t\t\t<\/a>\n\t\t\t\t\n\t\t\t\t\n\t\t\t\t\n\t\t\t\t\n\t\t\t\t\n\t\t\t\t\n\t\t\t\t\n\t\t\t\t\n\t\t\t\t\n\t\t\t\t\t\t\t\t\t<a rel=\"noopener noreferrer nofollow\" href=\"https:\/\/api.whatsapp.com\/send?text=https%3A%2F%2Fdesarrollocristiano.pe%2Farticulos-pastorales%2F\" target=\"_blank\" class=\"wd-hide-md  wd-social-icon social-whatsapp\" aria-label=\"WhatsApp social link\">\n\t\t\t\t\t\t<span class=\"wd-icon\"><\/span>\n\t\t\t\t\t\t\t\t\t\t\t<\/a>\n\n\t\t\t\t\t<a rel=\"noopener noreferrer nofollow\" href=\"whatsapp:\/\/send?text=https%3A%2F%2Fdesarrollocristiano.pe%2Farticulos-pastorales%2F\" target=\"_blank\" class=\"wd-hide-lg  wd-social-icon social-whatsapp\" aria-label=\"WhatsApp social link\">\n\t\t\t\t\t\t<span class=\"wd-icon\"><\/span>\n\t\t\t\t\t\t\t\t\t\t\t<\/a>\n\t\t\t\t\n\t\t\t\t\n\t\t\t\t\n\t\t\t\t\n\t\t\t\t\n\t\t\t\t\n\t\t\t\t\t\t\t\t\t<a rel=\"noopener noreferrer nofollow\" href=\"https:\/\/telegram.me\/share\/url?url=https:\/\/desarrollocristiano.pe\/articulos-pastorales\/\" target=\"_blank\" class=\" wd-social-icon social-tg\" aria-label=\"Telegram social link\">\n\t\t\t\t\t\t<span class=\"wd-icon\"><\/span>\n\t\t\t\t\t\t\t\t\t\t\t<\/a>\n\t\t\t\t\n\t\t\t\t\n\t\t\t<\/div>\n\n\t\t\t\t\t\t\t\t\t\t<\/div>\n\t\t\t\t\t\t\t\t<div class=\"tooltip-arrow\"><\/div>\n\t\t\t\t\t\t\t<\/div>\n\t\t\t\t\t\t<\/div>\n\t\t\t\t\t\n\t\t\t\t\t\t\t\t\t\t\t\t\t\t\t\t\t<div class=\"wd-post-reply wd-style-1\">\n\t\t\t\t\t\t\t<a href=\"https:\/\/desarrollocristiano.pe\/un-corazon-nuevo\/#respond\"><span class=\"wd-replies-count\">0<\/span><\/a>\t\t\t\t\t\t<\/div>\n\t\t\t\t\t\t\t\t\t<\/div>\n\t\t\t\n\t\t\t\t\t\t\t\t\t\t\t\t<div class=\"wd-post-excerpt entry-content\">\n\t\t\t\t\t\t<div class=\"wpb-content-wrapper\"><div class=\"vc_row wpb_row vc_row-fluid\"><div class=\"wpb_column vc_column_container vc_col-sm-12\"><div class=\"vc_column-inner\"><div class=\"wpb_wrapper\"><div class=\"vc_row wpb_row vc_inner vc_row-fluid\"><div class=\"wpb_column vc_column_container vc_col-sm-12\"><div class=\"vc_column-inner\"><div class=\"wpb_wrapper\">\n\t\t\t<!-- START Preventa  Un Nuevo Corazon REVOLUTION SLIDER 6.7.40 --><p class=\"rs-p-wp-fix\"><\/p>\n\t\t\t<rs-module-wrap id=\"rev_slider_57_4_wrapper\" data-source=\"gallery\" style=\"visibility:hidden;background:transparent;padding:0;margin:0px auto;margin-top:0;margin-bottom:0;\">\n\t\t\t\t<rs-module id=\"rev_slider_57_4\" style=\"\" data-version=\"6.7.40\">\n\t\t\t\t\t<rs-slides style=\"overflow: hidden; position: absolute;\">\n\t\t\t\t\t\t<rs-slide style=\"position: absolute;\" data-key=\"rs-140\" data-title=\"Slide\" data-anim=\"ms:1000;r:0;\" data-in=\"o:0;\" data-out=\"a:false;\">\n\t\t\t\t\t\t\t<img decoding=\"async\" src=\"\/\/desarrollocristiano.pe\/wp-content\/plugins\/revslider\/sr6\/assets\/assets\/dummy.png\" alt=\"Slide\" title=\"Un Coraz\u00f3n Nuevo &#8211; Wendy Bello\" class=\"rev-slidebg tp-rs-img rs-lazyload\" data-lazyload=\"\/\/desarrollocristiano.pe\/wp-content\/plugins\/revslider\/sr6\/assets\/assets\/transparent.png\" data-no-retina>\n<!--\n\t\t\t\t\t\t\t--><rs-layer\n\t\t\t\t\t\t\t\tid=\"slider-57-slide-140-layer-0\" \n\t\t\t\t\t\t\t\tdata-type=\"shape\"\n\t\t\t\t\t\t\t\tdata-xy=\"xo:-2px;\"\n\t\t\t\t\t\t\t\tdata-text=\"w:normal;\"\n\t\t\t\t\t\t\t\tdata-dim=\"w:702px,702px,702px,352px;h:349px,349px,349px,571px;\"\n\t\t\t\t\t\t\t\tdata-rsp_o=\"off\"\n\t\t\t\t\t\t\t\tdata-rsp_bd=\"off\"\n\t\t\t\t\t\t\t\tdata-frame_999=\"o:0;st:w;sR:8700;\"\n\t\t\t\t\t\t\t\tstyle=\"z-index:5;background-color:#d2f3d4;\"\n\t\t\t\t\t\t\t> \n\t\t\t\t\t\t\t<\/rs-layer><!--\n\n\t\t\t\t\t\t\t--><rs-layer\n\t\t\t\t\t\t\t\tid=\"slider-57-slide-140-layer-1\" \n\t\t\t\t\t\t\t\tdata-type=\"image\"\n\t\t\t\t\t\t\t\tdata-xy=\"x:l,l,l,c;xo:70px,70px,70px,0;yo:26px,26px,26px,29px;\"\n\t\t\t\t\t\t\t\tdata-text=\"w:normal;\"\n\t\t\t\t\t\t\t\tdata-dim=\"w:195px,195px,195px,167px;h:293px,293px,293px,251px;\"\n\t\t\t\t\t\t\t\tdata-rsp_o=\"off\"\n\t\t\t\t\t\t\t\tdata-rsp_bd=\"off\"\n\t\t\t\t\t\t\t\tdata-frame_0=\"sX:0.9;sY:0.9;\"\n\t\t\t\t\t\t\t\tdata-frame_1=\"e:power2.inOut;st:380;sp:1000;sR:380;\"\n\t\t\t\t\t\t\t\tdata-frame_999=\"o:0;st:w;sR:7620;\"\n\t\t\t\t\t\t\t\tstyle=\"z-index:6;\"\n\t\t\t\t\t\t\t><img decoding=\"async\" src=\"\/\/desarrollocristiano.pe\/wp-content\/plugins\/revslider\/sr6\/assets\/assets\/dummy.png\" alt=\"\" class=\"tp-rs-img rs-lazyload\" width=\"195\" height=\"293\" data-lazyload=\"\/\/desarrollocristiano.pe\/wp-content\/uploads\/2021\/02\/libro-corazon-nuevo.jpg\" data-no-retina> \n\t\t\t\t\t\t\t<\/rs-layer><!--\n\n\t\t\t\t\t\t\t--><rs-layer\n\t\t\t\t\t\t\t\tid=\"slider-57-slide-140-layer-2\" \n\t\t\t\t\t\t\t\tdata-type=\"image\"\n\t\t\t\t\t\t\t\tdata-xy=\"x:l,l,l,c;xo:296px,296px,296px,0;yo:49px,49px,49px,278px;\"\n\t\t\t\t\t\t\t\tdata-text=\"w:normal;\"\n\t\t\t\t\t\t\t\tdata-dim=\"w:[&#039;328px&#039;,&#039;328px&#039;,&#039;328px&#039;,&#039;328px&#039;];h:[&#039;193px&#039;,&#039;193px&#039;,&#039;193px&#039;,&#039;193px&#039;];\"\n\t\t\t\t\t\t\t\tdata-rsp_o=\"off\"\n\t\t\t\t\t\t\t\tdata-rsp_bd=\"off\"\n\t\t\t\t\t\t\t\tdata-frame_0=\"y:100%;\"\n\t\t\t\t\t\t\t\tdata-frame_0_mask=\"u:t;\"\n\t\t\t\t\t\t\t\tdata-frame_1=\"st:670;sp:1200;sR:670;\"\n\t\t\t\t\t\t\t\tdata-frame_1_mask=\"u:t;\"\n\t\t\t\t\t\t\t\tdata-frame_999=\"o:0;st:w;sR:7130;\"\n\t\t\t\t\t\t\t\tstyle=\"z-index:7;\"\n\t\t\t\t\t\t\t><img decoding=\"async\" src=\"\/\/desarrollocristiano.pe\/wp-content\/plugins\/revslider\/sr6\/assets\/assets\/dummy.png\" alt=\"\" class=\"tp-rs-img rs-lazyload\" width=\"328\" height=\"193\" data-lazyload=\"\/\/desarrollocristiano.pe\/wp-content\/uploads\/2021\/02\/preventa-corazon-nuevo.jpg\" data-no-retina> \n\t\t\t\t\t\t\t<\/rs-layer><!--\n\n\t\t\t\t\t\t\t--><a\n\t\t\t\t\t\t\t\tid=\"slider-57-slide-140-layer-3\" \n\t\t\t\t\t\t\t\tclass=\"rs-layer rev-btn\"\n\t\t\t\t\t\t\t\thref=\"https:\/\/api.whatsapp.com\/send?phone=51945094168&#038;text=Hola,%20quiero%20informacion%20del%20libro%20Un%20Nuevo%20Corazon%20de%20Wendy%20Bello\" target=\"_blank\" rel=\"noopener\"\n\t\t\t\t\t\t\t\tdata-type=\"button\"\n\t\t\t\t\t\t\t\tdata-xy=\"x:l,l,l,c;xo:346px,346px,346px,0;yo:242px,242px,242px,484px;\"\n\t\t\t\t\t\t\t\tdata-text=\"w:normal,normal,normal,normal;s:17;l:40,40,40,55;fw:500;a:left,left,left,center;\"\n\t\t\t\t\t\t\t\tdata-dim=\"w:231px,231px,231px,224px;h:40px,40px,40px,55px;minh:0px,0px,0px,none;\"\n\t\t\t\t\t\t\t\tdata-rsp_o=\"off\"\n\t\t\t\t\t\t\t\tdata-rsp_bd=\"off\"\n\t\t\t\t\t\t\t\tdata-padding=\"r:50,50,50,25;l:50,50,50,25;\"\n\t\t\t\t\t\t\t\tdata-border=\"bor:3px,3px,3px,3px;\"\n\t\t\t\t\t\t\t\tdata-frame_1=\"e:power4.inOut;st:1330;sp:1500;sR:1330;\"\n\t\t\t\t\t\t\t\tdata-frame_999=\"o:0;st:w;sR:6170;\"\n\t\t\t\t\t\t\t\tdata-frame_hover=\"bgc:#705e38;bor:3px,3px,3px,3px;sp:100;e:power1.inOut;bri:120%;\"\n\t\t\t\t\t\t\t\tstyle=\"z-index:8;background-color:#b69e60;font-family:'Roboto';\"\n\t\t\t\t\t\t\t>Enviar WhatsApp \n\t\t\t\t\t\t\t<\/a><!--\n-->\t\t\t\t\t<\/rs-slide>\n\t\t\t\t\t<\/rs-slides>\n\t\t\t\t<\/rs-module>\n\t\t\t\t<script data-jetpack-boost=\"ignore\">\n\t\t\t\t\tsetREVStartSize({c: 'rev_slider_57_4',rl:[1240,1240,1240,480],el:[350,350,350,700],gw:[700,700,700,350],gh:[350,350,350,700],type:'hero',justify:'',layout:'fullwidth',mh:\"0\"});if (window.RS_MODULES!==undefined && window.RS_MODULES.modules!==undefined && window.RS_MODULES.modules[\"revslider574\"]!==undefined) {window.RS_MODULES.modules[\"revslider574\"].once = false;window.revapi57_4 = undefined;if (window.RS_MODULES.checkMinimal!==undefined) window.RS_MODULES.checkMinimal()}\n\t\t\t\t<\/script>\n\t\t\t<\/rs-module-wrap>\n\t\t\t<!-- END REVOLUTION SLIDER -->\n<\/div><\/div><\/div><\/div><div class=\"vc_separator wpb_content_element vc_separator_align_center vc_sep_width_100 vc_sep_pos_align_center vc_separator_no_text vc_sep_color_grey\" ><span class=\"vc_sep_holder vc_sep_holder_l\"><span class=\"vc_sep_line\"><\/span><\/span><span class=\"vc_sep_holder vc_sep_holder_r\"><span class=\"vc_sep_line\"><\/span><\/span>\n<\/div>\n\t<div class=\"wpb_text_column wpb_content_element texto_parrafo text-larger\" >\n\t\t<div class=\"wpb_wrapper\">\n\t\t\t<p>Por: <a href=\"https:\/\/www.wendybello.com\/\" target=\"_blank\" rel=\"noopener noreferrer\"><b>Wendy Bello<\/b><\/a><\/p>\n\n\t\t<\/div>\n\t<\/div>\n\n\t<div class=\"wpb_video_widget wpb_content_element vc_clearfix vc_video-aspect-ratio-169 vc_video-el-width-100 vc_video-align-left\" >\n\t\t<div class=\"wpb_wrapper\">\n\t\t\t<h2 class=\"wpb_heading wpb_video_heading\">Un Coraz\u00f3n Nuevo<\/h2>\n\t\t\t<div class=\"wpb_video_wrapper\"><iframe loading=\"lazy\" title=\"Un coraz\u00f3n nuevo por Wendy Bello\" width=\"500\" height=\"281\" src=\"https:\/\/www.youtube.com\/embed\/6Pv7vVW3Ev8?feature=oembed\" frameborder=\"0\" allow=\"accelerometer; autoplay; clipboard-write; encrypted-media; gyroscope; picture-in-picture; web-share\" allowfullscreen><\/iframe><\/div>\n\t\t<\/div>\n\t<\/div>\n<\/div><\/div><\/div><\/div><div class=\"vc_row wpb_row vc_row-fluid vc_custom_1615293062500 vc_row-has-fill\"><div class=\"wpb_column vc_column_container vc_col-sm-12\"><div class=\"vc_column-inner\"><div class=\"wpb_wrapper\">\t\t\t<div class=\"info-box-wrapper\">\n\t\t\t\t<div id=\"wd-60481b0383b38\" class=\" wd-rs-60481b0383b38 wd-info-box wd-wpb text-left box-icon-align-left box-style- color-scheme- wd-bg-none wd-items-top \">\n\t\t\t\t\t\t\t\t\t\t\t<div class=\"box-icon-wrapper  box-with-icon box-icon-simple\">\n\t\t\t\t\t\t\t<div class=\"info-box-icon\">\n\n\t\t\t\t\t\t\t\n\t\t\t\t\t\t\t\t\t\t\t\t\t\t\t\t\t<img loading=\"lazy\" decoding=\"async\" width=\"100\" height=\"100\" src=\"https:\/\/desarrollocristiano.pe\/wp-content\/uploads\/2021\/03\/Wendy-Bello-100x100.jpg\" class=\"attachment-100x100 size-100x100\" alt=\"\" \/>\t\t\t\t\t\t\t\t\t\t\t\t\t\t\t\n\t\t\t\t\t\t\t<\/div>\n\t\t\t\t\t\t<\/div>\n\t\t\t\t\t\t\t\t\t\t<div class=\"info-box-content\">\n\t\t\t\t\t\t<h4 class=\"info-box-title title box-title-style-default wd-fontsize-m\">Sobre la Autora...<\/h4>\t\t\t\t\t\t<div class=\"info-box-inner reset-last-child\"><p>Wendy Bello naci\u00f3 en Cuba y actualmente radica en Florida. Est\u00e1 casada con Abel Bello con quien tiene dos hijos. Ha estudiado Literatura en Lengua y Literatura Inglesa. Es escritora de varios libros, como <strong>Un Nuevo Coraz\u00f3n<\/strong> y <strong>Una Mujer Sabia<\/strong>.<\/p>\n<p>Puedes encontrar a Wendy Bello en:<\/p>\n<ul>\n<li>Facebook: <a href=\"https:\/\/www.facebook.com\/wendybelloblog\" target=\"_blank\" rel=\"noopener noreferrer\">@wendybelloblog<\/a><\/li>\n<li>Twitter: <a href=\"https:\/\/twitter.com\/wendybelloblog\" target=\"_blank\" rel=\"noopener noreferrer\">@wendybelloblog<\/a><\/li>\n<\/ul>\n<p>\n<\/div>\n\n\t\t\t\t\t\t\t\t\t\t\t<\/div>\n\n\t\t\t\t\t\n\t\t\t\t\t\t\t\t\t<\/div>\n\t\t\t<\/div>\n\t\t<\/div><\/div><\/div><\/div>\n<\/div>\t\t\t\t\t<\/div>\n\t\t\t\t\n\t\t\t\t\t\t\t\t\t<\/div>\n\t<\/div>\n<\/article>\n\n\t\t\t\t\t\n\t\t\t\t\t","status":"have-posts","nextPage":"https:\/\/desarrollocristiano.pe\/articulos-pastorales\/page\/9\/?woo_ajax=1","currentPage":"https:\/\/desarrollocristiano.pe\/articulos-pastorales\/page\/8"}