
			
				

					
				

			
		{"items":"\n\t\t\t\t\t\t\t\t\t\t\t\t\t\t<link rel=\"stylesheet\" id=\"wd-post-types-mod-categories-style-bg-css\" href=\"https:\/\/desarrollocristiano.pe\/wp-content\/themes\/woodmart\/css\/parts\/post-types-mod-categories-style-bg.min.css?ver=8.2.7\" type=\"text\/css\" media=\"all\" \/> \t\t\t\n<article id=\"post-59443\" class=\"wd-post blog-design-chess blog-post-loop blog-design-small-images blog-style-bg wd-add-shadow wd-col post-59443 post type-post status-publish format-standard has-post-thumbnail hentry category-edificacion-de-la-iglesia\">\n\t<div class=\"wd-post-inner article-inner\">\n\t\t\t\t\t<div class=\"wd-post-thumb entry-header\">\n\t\t\t\t\t\t\t\t\t<div class=\"wd-post-img post-img-wrapp\">\n\t\t\t\t\t\t<img width=\"320\" height=\"160\" src=\"https:\/\/desarrollocristiano.pe\/wp-content\/uploads\/2021\/04\/nueva-generacion-320x160.jpg\" class=\"attachment-large size-large\" alt=\"\" decoding=\"async\" fetchpriority=\"high\" srcset=\"https:\/\/desarrollocristiano.pe\/wp-content\/uploads\/2021\/04\/nueva-generacion-320x160.jpg 320w, https:\/\/desarrollocristiano.pe\/wp-content\/uploads\/2021\/04\/nueva-generacion-600x300.jpg 600w, https:\/\/desarrollocristiano.pe\/wp-content\/uploads\/2021\/04\/nueva-generacion-150x75.jpg 150w, https:\/\/desarrollocristiano.pe\/wp-content\/uploads\/2021\/04\/nueva-generacion.jpg 700w\" sizes=\"(max-width: 320px) 100vw, 320px\" \/>\t\t\t\t\t<\/div>\n\t\t\t\t\t<a class=\"wd-fill\" href=\"https:\/\/desarrollocristiano.pe\/formar-a-la-nueva-generacion\/\"><\/a>\n\t\t\t\t\n\t\t\t\t\t\t\t\t\t\t\t\t<link rel=\"stylesheet\" id=\"wd-post-types-mod-date-style-bg-css\" href=\"https:\/\/desarrollocristiano.pe\/wp-content\/themes\/woodmart\/css\/parts\/post-types-mod-date-style-bg.min.css?ver=8.2.7\" type=\"text\/css\" media=\"all\" \/> \t\t\t\t\t\t<div class=\"wd-post-date wd-style-with-bg\">\n\t\t\t\t<span class=\"post-date-day\">\n\t\t\t\t\t27\t\t\t\t<\/span>\n\t\t\t\t<span class=\"post-date-month\">\n\t\t\t\t\tAbr\t\t\t\t<\/span>\n\t\t\t<\/div>\n\t\t\t\t\t\t\t\t\t<\/div>\n\t\t\n\t\t<div class=\"wd-post-content article-body-container\">\n\t\t\t\t\t\t\t<div class=\"wd-post-cat wd-style-with-bg meta-post-categories\">\n\t\t\t\t\t<a href=\"https:\/\/desarrollocristiano.pe\/categorias\/edificacion-de-la-iglesia\/\" rel=\"category tag\">Edificaci\u00f3n de la Iglesia<\/a>\t\t\t\t<\/div>\n\t\t\t\n\t\t\t\t\t\t\t<h3 class=\"wd-post-title wd-entities-title title post-title\">\n\t\t\t\t\t<a href=\"https:\/\/desarrollocristiano.pe\/formar-a-la-nueva-generacion\/\" rel=\"bookmark\">Formar a la nueva generaci\u00f3n<\/a>\n\t\t\t\t<\/h3>\n\t\t\t\n\t\t\t\t\t\t\t<div class=\"wd-post-meta\">\n\t\t\t\t\t\t\t\t\t\t\t\t\t<link rel=\"stylesheet\" id=\"wd-blog-mod-author-css\" href=\"https:\/\/desarrollocristiano.pe\/wp-content\/themes\/woodmart\/css\/parts\/blog-mod-author.min.css?ver=8.2.7\" type=\"text\/css\" media=\"all\" \/> \t\t\t\t\t\t\t\t<div class=\"wd-post-author\">\n\t\t\t\t\t\t\t\t\t\t\t<span>Posteado por<\/span>\n\t\t\n\t\t\t\t\t<img alt='author-avatar' src='https:\/\/secure.gravatar.com\/avatar\/8f331515e2139e7ffacac78d5e21bc88ee625065cad5d063ef4da73b7cbcfc2d?s=18&#038;d=mm&#038;r=g' srcset='https:\/\/secure.gravatar.com\/avatar\/8f331515e2139e7ffacac78d5e21bc88ee625065cad5d063ef4da73b7cbcfc2d?s=36&#038;d=mm&#038;r=g 2x' class='avatar avatar-18 photo' height='18' width='18' decoding='async'\/>\t\t\n\t\t\t\t\t<a href=\"https:\/\/desarrollocristiano.pe\/author\/aprnimda7720\/\" class=\"author\" rel=\"author\">Administrador<\/a>\n\t\t\t\t\t\t\t\t\t<\/div>\n\t\t\t\t\t<div class=\"wd-modified-date\">\n\t\t\t\t\t\t\t\t<time class=\"updated\" datetime=\"2021-04-30T20:25:21-05:00\">\n\t\t\t30\/04\/2021\t\t<\/time>\n\t\t\t\t\t\t\t<\/div>\n\n\t\t\t\t\t\t\t\t\t\t\t<div class=\"wd-post-share wd-tltp\">\n\t\t\t\t\t\t\t<div class=\"tooltip top\">\n\t\t\t\t\t\t\t\t<div class=\"tooltip-inner\">\n\t\t\t\t\t\t\t\t\t\t\t\t<link rel=\"stylesheet\" id=\"wd-social-icons-css\" href=\"https:\/\/desarrollocristiano.pe\/wp-content\/themes\/woodmart\/css\/parts\/el-social-icons.min.css?ver=8.2.7\" type=\"text\/css\" media=\"all\" \/> \t\t\t\t\t\t<div\n\t\t\t\t\t\tclass=\" wd-social-icons  wd-style-default wd-size-small social-share wd-shape-circle color-scheme-light text-center\">\n\t\t\t\t\n\t\t\t\t\n\t\t\t\t\t\t\t\t\t<a rel=\"noopener noreferrer nofollow\" href=\"https:\/\/www.facebook.com\/sharer\/sharer.php?u=https:\/\/desarrollocristiano.pe\/articulos-pastorales\/\" target=\"_blank\" class=\" wd-social-icon social-facebook\" aria-label=\"Facebook social link\">\n\t\t\t\t\t\t<span class=\"wd-icon\"><\/span>\n\t\t\t\t\t\t\t\t\t\t\t<\/a>\n\t\t\t\t\n\t\t\t\t\t\t\t\t\t<a rel=\"noopener noreferrer nofollow\" href=\"https:\/\/x.com\/share?url=https:\/\/desarrollocristiano.pe\/articulos-pastorales\/\" target=\"_blank\" class=\" wd-social-icon social-twitter\" aria-label=\"X social link\">\n\t\t\t\t\t\t<span class=\"wd-icon\"><\/span>\n\t\t\t\t\t\t\t\t\t\t\t<\/a>\n\t\t\t\t\n\t\t\t\t\n\t\t\t\t\t\t\t\t\t<a rel=\"noopener noreferrer nofollow\" href=\"mailto:?subject=Check%20this%20https:\/\/desarrollocristiano.pe\/articulos-pastorales\/\" target=\"_blank\" class=\" wd-social-icon social-email\" aria-label=\"Email social link\">\n\t\t\t\t\t\t<span class=\"wd-icon\"><\/span>\n\t\t\t\t\t\t\t\t\t\t\t<\/a>\n\t\t\t\t\n\t\t\t\t\n\t\t\t\t\n\t\t\t\t\n\t\t\t\t\t\t\t\t\t<a rel=\"noopener noreferrer nofollow\" href=\"https:\/\/pinterest.com\/pin\/create\/button\/?url=https:\/\/desarrollocristiano.pe\/articulos-pastorales\/&media=https:\/\/desarrollocristiano.pe\/wp-content\/uploads\/2021\/04\/nueva-generacion.jpg&description=Formar+a+la+nueva+generaci%C3%B3n\" target=\"_blank\" class=\" wd-social-icon social-pinterest\" aria-label=\"Pinterest social link\">\n\t\t\t\t\t\t<span class=\"wd-icon\"><\/span>\n\t\t\t\t\t\t\t\t\t\t\t<\/a>\n\t\t\t\t\n\t\t\t\t\n\t\t\t\t\t\t\t\t\t<a rel=\"noopener noreferrer nofollow\" href=\"https:\/\/www.linkedin.com\/shareArticle?mini=true&url=https:\/\/desarrollocristiano.pe\/articulos-pastorales\/\" target=\"_blank\" class=\" wd-social-icon social-linkedin\" aria-label=\"Linkedin social link\">\n\t\t\t\t\t\t<span class=\"wd-icon\"><\/span>\n\t\t\t\t\t\t\t\t\t\t\t<\/a>\n\t\t\t\t\n\t\t\t\t\n\t\t\t\t\n\t\t\t\t\n\t\t\t\t\n\t\t\t\t\n\t\t\t\t\n\t\t\t\t\n\t\t\t\t\n\t\t\t\t\t\t\t\t\t<a rel=\"noopener noreferrer nofollow\" href=\"https:\/\/api.whatsapp.com\/send?text=https%3A%2F%2Fdesarrollocristiano.pe%2Farticulos-pastorales%2F\" target=\"_blank\" class=\"wd-hide-md  wd-social-icon social-whatsapp\" aria-label=\"WhatsApp social link\">\n\t\t\t\t\t\t<span class=\"wd-icon\"><\/span>\n\t\t\t\t\t\t\t\t\t\t\t<\/a>\n\n\t\t\t\t\t<a rel=\"noopener noreferrer nofollow\" href=\"whatsapp:\/\/send?text=https%3A%2F%2Fdesarrollocristiano.pe%2Farticulos-pastorales%2F\" target=\"_blank\" class=\"wd-hide-lg  wd-social-icon social-whatsapp\" aria-label=\"WhatsApp social link\">\n\t\t\t\t\t\t<span class=\"wd-icon\"><\/span>\n\t\t\t\t\t\t\t\t\t\t\t<\/a>\n\t\t\t\t\n\t\t\t\t\n\t\t\t\t\n\t\t\t\t\n\t\t\t\t\n\t\t\t\t\n\t\t\t\t\t\t\t\t\t<a rel=\"noopener noreferrer nofollow\" href=\"https:\/\/telegram.me\/share\/url?url=https:\/\/desarrollocristiano.pe\/articulos-pastorales\/\" target=\"_blank\" class=\" wd-social-icon social-tg\" aria-label=\"Telegram social link\">\n\t\t\t\t\t\t<span class=\"wd-icon\"><\/span>\n\t\t\t\t\t\t\t\t\t\t\t<\/a>\n\t\t\t\t\n\t\t\t\t\n\t\t\t<\/div>\n\n\t\t\t\t\t\t\t\t\t\t<\/div>\n\t\t\t\t\t\t\t\t<div class=\"tooltip-arrow\"><\/div>\n\t\t\t\t\t\t\t<\/div>\n\t\t\t\t\t\t<\/div>\n\t\t\t\t\t\n\t\t\t\t\t\t\t\t\t\t\t\t\t\t<link rel=\"stylesheet\" id=\"wd-blog-mod-comments-button-css\" href=\"https:\/\/desarrollocristiano.pe\/wp-content\/themes\/woodmart\/css\/parts\/blog-mod-comments-button.min.css?ver=8.2.7\" type=\"text\/css\" media=\"all\" \/> \t\t\t\t\t\t\t\t\t<div class=\"wd-post-reply wd-style-1\">\n\t\t\t\t\t\t\t<a href=\"https:\/\/desarrollocristiano.pe\/formar-a-la-nueva-generacion\/#comments\"><span class=\"wd-replies-count\">1<\/span><\/a>\t\t\t\t\t\t<\/div>\n\t\t\t\t\t\t\t\t\t<\/div>\n\t\t\t\n\t\t\t\t\t\t\t\t\t\t\t\t<div class=\"wd-post-excerpt entry-content\">\n\t\t\t\t\t\t<div class=\"wpb-content-wrapper\"><div class=\"vc_row wpb_row vc_row-fluid\"><div class=\"wpb_column vc_column_container vc_col-sm-12\"><div class=\"vc_column-inner\"><div class=\"wpb_wrapper\">\n\t<div class=\"wpb_text_column wpb_content_element texto_parrafo text-larger\" >\n\t\t<div class=\"wpb_wrapper\">\n\t\t\t<p><i>Seguimos en nuestra conversaci\u00f3n acerca de la formaci\u00f3n b\u00edblica con el tema de la importancia de esta formaci\u00f3n para la nueva generaci\u00f3n de pastores y l\u00edderes.\u00a0<\/i><\/p>\n<p><strong><i>Para muchos pastores, la idea de capacitar otros l\u00edderes es un sue\u00f1o poco realista. Ya de por s\u00ed, es dif\u00edcil que un pastor encuentre tiempo para su propio estudio b\u00edblico, cu\u00e1nto m\u00e1s ser\u00e1 dif\u00edcil que tenga tiempo para formar a otros.<\/i><\/strong><\/p>\n<p>Oh, sin duda. Un pastor tiene que hacer malabares con su familia, su trabajo, y sus responsabilidades cpn la iglesia, su propia vida espiritual y descanso. Es f\u00e1cil leer como pidi\u00f3 Pablo que Timoteo encargara \u2018a hombres fieles que sean id\u00f3neos para ense\u00f1ar tambi\u00e9n a otros\u2019, pero hacerlo es otra cosa. No solo esto. Pocas iglesias y denominaciones tienen acceso a un seminario, aun si los pastores futuros tienen el dinero para invertir en la matr\u00edcula y el tiempo para estudiar. M\u00e1s, \u00bfcu\u00e1l pastor quiere \u2018perder\u2019 una persona activa de su iglesia para dejarlo estudiar? Es un desaf\u00edo grande.<\/p>\n<p><strong><i>Aparte de estos pastores enfrentando este sue\u00f1o poco realista, hay otros que quitan la importancia de tal formaci\u00f3n b\u00edblica para sus l\u00edderes, \u00bfno? \u00bfPuede comentar sobre los que enfatizan que es suficiente con tener el llamamiento y la devoci\u00f3n?<\/i><\/strong><\/p>\n<p>Pues, \u00bfqui\u00e9n puede negar la importancia de estos dos? En el Nuevo Testamento vemos como los doce disc\u00edpulos y los otros disc\u00edpulos predicaban el evangelio desde Pentecost\u00e9s sin tener que aprobar un curso en la homil\u00e9tica. Esto es un papel del Esp\u00edritu Santo, \u00bfno? Adem\u00e1s, todos conocemos a pastores y l\u00edderes con una fe fuerte sin estudios formales. Tengo la bendici\u00f3n de conocer un evangelista y plantador de iglesias as\u00ed en el norte del Per\u00fa, un siervo muy humilde que carece de una preparaci\u00f3n formal. Con raz\u00f3n cuando Pablo le escribi\u00f3 a Timoteo qu\u00e9 cualidades deb\u00eda tener un l\u00edder de la iglesia, nombr\u00f3 el car\u00e1cter cristiano y la piedad. En la vida de un pastor, y de cualquier cristiano,\u00a0 el testimonio es lo m\u00e1s importante.<\/p>\n<p>Al mismo tiempo, los disc\u00edpulos ten\u00edan tres a\u00f1os con Jesus, y todav\u00eda ten\u00edan mucho para aprender como vemos por todo de Hechos. Timoteo pasaba muchos a\u00f1os con Pablo. Apolos ten\u00eda un esp\u00edritu fervoroso y sab\u00eda las escrituras, como lo describe Hechos 18, sin embargo necesit\u00f3 tiempo con Priscila y Aquila para que le expusiera \u2018m\u00e1s exactamente el camino del Se\u00f1or\u2019. La formaci\u00f3n teol\u00f3gica nunca reemplaza el llamamiento y la devoci\u00f3n, pero hay mucha sabidur\u00eda en animar que los pastores y l\u00edderes futuros para que estudien la Biblia.<\/p>\n<p><strong><i>Ser\u00eda el momento perfecto para hablar sobre MOCLAM, \u00bfno?<\/i><\/strong><\/p>\n<p>Pues, es claro que, hablando como misionero de una organizaci\u00f3n involucrada en el \u00e1rea de la formaci\u00f3n y la educaci\u00f3n teol\u00f3gica, ser\u00eda enga\u00f1oso fingir otra cosa. Pero puedo dejar este papel a un lado porque lo importante no es que la pr\u00f3xima generaci\u00f3n de l\u00edderes de la iglesia estudien en MOCLAM, sino que estudien. Punto. No creo que sea una sorpresa para nadie que la pandemia haya resaltado esta necesidad. \u00bfCu\u00e1ntos siervos han perdido sus vidas a causa de COVID-19 y sus complicaciones? En algunas denominaciones las p\u00e9rdidas llegan casi al 10% de los pastores fallecidos \u00bfno? \u00bfQui\u00e9n va a tomar la carga de estas iglesias?<\/p>\n<p>Adem\u00e1s, si fingimos que no hubiera una pandemia, tendr\u00edamos los desaf\u00edos que enfrentan cada iglesia en cada pa\u00eds acerca de la necesidad de formar y capacitar los que van a proclamar el evangelio y predicar la Biblia a la pr\u00f3xima generaci\u00f3n con sus desaf\u00edos nuevos.<\/p>\n<p><strong><i>Esto es una declaraci\u00f3n grande, pero si me permite objetar con la observaci\u00f3n que el mensaje de la Biblia no cambia.\u00a0<\/i><\/strong><\/p>\n<p>Ah s\u00ed, ser\u00eda bueno aclarar esto. La Biblia no cambia, por supuesto. Y lo que pide de nosotros es lo mismo. Pero la sociedad s\u00ed cambia. Y nuestros pensamientos como una sociedad sobre el mundo. Por ejemplo, podemos imaginar a un pastor que empez\u00f3 el ministerio en una generaci\u00f3n de cristianos preocupados por el dinero entonces cuando piensa en la aplicaci\u00f3n del texto b\u00edblico, su perspectiva ser\u00e1 mostrar c\u00f3mo la Biblia desaf\u00eda estas tendencias. Pues, los a\u00f1os pasan e imaginamos que las pr\u00f3ximas generaciones no piensen como sus abuelos, tienen una mentalidad menos enfocada en el dinero. Este pastor sigue predicando la Biblia con fidelidad, pero sus flechas de la aplicaci\u00f3n no dan en el blanco, digamos.<\/p>\n<p><strong><i>Como si fuera la aplicaci\u00f3n peruana para una congregaci\u00f3n tailandesa, \u00bfno?\u00a0<\/i><\/strong><\/p>\n<p>Exacto. Podemos continuar nuestra escena e imaginar que este pastor tambi\u00e9n ha invertido en la formaci\u00f3n de algunos en su iglesia. Ellos van a estar alerta a estos cambios, especialmente si han aprovechado de la disciplina de estudios formales en la Biblia y de ser discipulado por el pastor. Adem\u00e1s, van a poder reconocer el pecado en la mentalidad que la nueva generaci\u00f3n. A primera vista, es una generaci\u00f3n de cristianos menos obsesivos con el dinero, pero quiz\u00e1s tiene poco inter\u00e9s en las misiones, o algo as\u00ed.<\/p>\n<p>Aparte de este desaf\u00edo entre las generaciones,\u00a0 la constituci\u00f3n de nuestras congregaciones manda que seamos intencionados con la pr\u00f3xima generaci\u00f3n de pastores. M\u00e1s que en el pasado, actualmente vivimos en un pa\u00eds en el que los hermanos y las hermanas en nuestras iglesias &#8211; y los visitantes tambi\u00e9n &#8211; tienen un rango de experiencias en cuanto a\u00a0 educaci\u00f3n y trabajo. Estos cambios traen desaf\u00edos distintos para los pastores porque ya hay contraargumentos a las repuestas que satisfac\u00edan la \u00faltima generaci\u00f3n. Creo que estamos de acuerdo que un futuro pastor necesita ahora de empezar a pensar rigurosamente sobre la Biblia para que pueda aplicar la Biblia con sabiduria y inteligencia en su ministerio futuro.<\/p>\n<p>Y no solo los futuros pastores. La pr\u00f3xima generaci\u00f3n necesita l\u00edderes de ministerios de varones y mujeres y j\u00f3venes, profesores de la escuelita dominical. Todos necesitan saber c\u00f3mo usar la Biblia entonces todos pueden aprovechar la formaci\u00f3n teol\u00f3gica.<\/p>\n<p>Antes mencionamos que son muchas las dificultades que tiene que enfrentar un pastor para formar a otros, pero creo que esas dificultades son menos graves que las que traer\u00eda para la iglesia del Per\u00fa la falta de una nueva generaci\u00f3n bien capacitada. La inversi\u00f3n vale la pena.<\/p>\n<p><i>En el \u00faltimo art\u00edculo del pr\u00f3ximo mes, vamos a hablar m\u00e1s sobre algunos opciones para la formaci\u00f3n b\u00edblica, especialmente sobre MOCLAM<\/i><\/p>\n<p><em>Puede ver los dem\u00e1s art\u00edculos de este entrevista desde estos enlaces:<\/em><\/p>\n<ul>\n<li><a href=\"https:\/\/desarrollocristiano.pe\/la-necesidad-del-estudio-biblico\/\">La necesidad del estudio b\u00edblico<\/a><\/li>\n<li><a href=\"https:\/\/desarrollocristiano.pe\/formacion-biblica-para-la-predica\/\">Formaci\u00f3n b\u00edblica para la predica.<\/a><\/li>\n<li><a href=\"https:\/\/desarrollocristiano.pe\/alentar-a-otros-por-la-palabra\/\">Alentar a otros por la Palabra<\/a><\/li>\n<li><a href=\"https:\/\/desarrollocristiano.pe\/formar-a-la-nueva-generacion\/\">Formar a la nueva generaci\u00f3n<\/a><\/li>\n<li><a href=\"https:\/\/desarrollocristiano.pe\/como-estudiar-en-moclam\/\">Como estudiar en MOCLAM<\/a><\/li>\n<\/ul>\n<p><em>\u00a0<\/em><\/p>\n\n\t\t<\/div>\n\t<\/div>\n<\/div><\/div><\/div><\/div>\n<\/div>\t\t\t\t\t<\/div>\n\t\t\t\t\n\t\t\t\t\t\t\t\t\t<\/div>\n\t<\/div>\n<\/article>\n\n\t\t\t\t\t\t\t\t\t\t\t\n<article id=\"post-59446\" class=\"wd-post blog-design-chess blog-post-loop blog-design-small-images blog-style-bg wd-add-shadow wd-col post-59446 post type-post status-publish format-standard has-post-thumbnail hentry category-edificacion-de-la-iglesia\">\n\t<div class=\"wd-post-inner article-inner\">\n\t\t\t\t\t<div class=\"wd-post-thumb entry-header\">\n\t\t\t\t\t\t\t\t\t<div class=\"wd-post-img post-img-wrapp\">\n\t\t\t\t\t\t<img width=\"320\" height=\"160\" src=\"https:\/\/desarrollocristiano.pe\/wp-content\/uploads\/2021\/04\/estudiar-320x160.jpg\" class=\"attachment-large size-large\" alt=\"\" decoding=\"async\" srcset=\"https:\/\/desarrollocristiano.pe\/wp-content\/uploads\/2021\/04\/estudiar-320x160.jpg 320w, https:\/\/desarrollocristiano.pe\/wp-content\/uploads\/2021\/04\/estudiar-600x300.jpg 600w, https:\/\/desarrollocristiano.pe\/wp-content\/uploads\/2021\/04\/estudiar-150x75.jpg 150w, https:\/\/desarrollocristiano.pe\/wp-content\/uploads\/2021\/04\/estudiar.jpg 700w\" sizes=\"(max-width: 320px) 100vw, 320px\" \/>\t\t\t\t\t<\/div>\n\t\t\t\t\t<a class=\"wd-fill\" href=\"https:\/\/desarrollocristiano.pe\/como-estudiar-en-moclam\/\"><\/a>\n\t\t\t\t\n\t\t\t\t\t\t\t\t\t\t\t\t<div class=\"wd-post-date wd-style-with-bg\">\n\t\t\t\t<span class=\"post-date-day\">\n\t\t\t\t\t26\t\t\t\t<\/span>\n\t\t\t\t<span class=\"post-date-month\">\n\t\t\t\t\tAbr\t\t\t\t<\/span>\n\t\t\t<\/div>\n\t\t\t\t\t\t\t\t\t<\/div>\n\t\t\n\t\t<div class=\"wd-post-content article-body-container\">\n\t\t\t\t\t\t\t<div class=\"wd-post-cat wd-style-with-bg meta-post-categories\">\n\t\t\t\t\t<a href=\"https:\/\/desarrollocristiano.pe\/categorias\/edificacion-de-la-iglesia\/\" rel=\"category tag\">Edificaci\u00f3n de la Iglesia<\/a>\t\t\t\t<\/div>\n\t\t\t\n\t\t\t\t\t\t\t<h3 class=\"wd-post-title wd-entities-title title post-title\">\n\t\t\t\t\t<a href=\"https:\/\/desarrollocristiano.pe\/como-estudiar-en-moclam\/\" rel=\"bookmark\">Como estudiar en MOCLAM<\/a>\n\t\t\t\t<\/h3>\n\t\t\t\n\t\t\t\t\t\t\t<div class=\"wd-post-meta\">\n\t\t\t\t\t\t\t\t\t\t\t\t\t\t\t<div class=\"wd-post-author\">\n\t\t\t\t\t\t\t\t\t\t\t<span>Posteado por<\/span>\n\t\t\n\t\t\t\t\t<img alt='author-avatar' src='https:\/\/secure.gravatar.com\/avatar\/8f331515e2139e7ffacac78d5e21bc88ee625065cad5d063ef4da73b7cbcfc2d?s=18&#038;d=mm&#038;r=g' srcset='https:\/\/secure.gravatar.com\/avatar\/8f331515e2139e7ffacac78d5e21bc88ee625065cad5d063ef4da73b7cbcfc2d?s=36&#038;d=mm&#038;r=g 2x' class='avatar avatar-18 photo' height='18' width='18' loading='lazy' decoding='async'\/>\t\t\n\t\t\t\t\t<a href=\"https:\/\/desarrollocristiano.pe\/author\/aprnimda7720\/\" class=\"author\" rel=\"author\">Administrador<\/a>\n\t\t\t\t\t\t\t\t\t<\/div>\n\t\t\t\t\t<div class=\"wd-modified-date\">\n\t\t\t\t\t\t\t\t<time class=\"updated\" datetime=\"2021-04-30T20:24:57-05:00\">\n\t\t\t30\/04\/2021\t\t<\/time>\n\t\t\t\t\t\t\t<\/div>\n\n\t\t\t\t\t\t\t\t\t\t\t<div class=\"wd-post-share wd-tltp\">\n\t\t\t\t\t\t\t<div class=\"tooltip top\">\n\t\t\t\t\t\t\t\t<div class=\"tooltip-inner\">\n\t\t\t\t\t\t\t\t\t\t\t\t<div\n\t\t\t\t\t\tclass=\" wd-social-icons  wd-style-default wd-size-small social-share wd-shape-circle color-scheme-light text-center\">\n\t\t\t\t\n\t\t\t\t\n\t\t\t\t\t\t\t\t\t<a rel=\"noopener noreferrer nofollow\" href=\"https:\/\/www.facebook.com\/sharer\/sharer.php?u=https:\/\/desarrollocristiano.pe\/articulos-pastorales\/\" target=\"_blank\" class=\" wd-social-icon social-facebook\" aria-label=\"Facebook social link\">\n\t\t\t\t\t\t<span class=\"wd-icon\"><\/span>\n\t\t\t\t\t\t\t\t\t\t\t<\/a>\n\t\t\t\t\n\t\t\t\t\t\t\t\t\t<a rel=\"noopener noreferrer nofollow\" href=\"https:\/\/x.com\/share?url=https:\/\/desarrollocristiano.pe\/articulos-pastorales\/\" target=\"_blank\" class=\" wd-social-icon social-twitter\" aria-label=\"X social link\">\n\t\t\t\t\t\t<span class=\"wd-icon\"><\/span>\n\t\t\t\t\t\t\t\t\t\t\t<\/a>\n\t\t\t\t\n\t\t\t\t\n\t\t\t\t\t\t\t\t\t<a rel=\"noopener noreferrer nofollow\" href=\"mailto:?subject=Check%20this%20https:\/\/desarrollocristiano.pe\/articulos-pastorales\/\" target=\"_blank\" class=\" wd-social-icon social-email\" aria-label=\"Email social link\">\n\t\t\t\t\t\t<span class=\"wd-icon\"><\/span>\n\t\t\t\t\t\t\t\t\t\t\t<\/a>\n\t\t\t\t\n\t\t\t\t\n\t\t\t\t\n\t\t\t\t\n\t\t\t\t\t\t\t\t\t<a rel=\"noopener noreferrer nofollow\" href=\"https:\/\/pinterest.com\/pin\/create\/button\/?url=https:\/\/desarrollocristiano.pe\/articulos-pastorales\/&media=https:\/\/desarrollocristiano.pe\/wp-content\/uploads\/2021\/04\/estudiar.jpg&description=Como+estudiar+en+MOCLAM\" target=\"_blank\" class=\" wd-social-icon social-pinterest\" aria-label=\"Pinterest social link\">\n\t\t\t\t\t\t<span class=\"wd-icon\"><\/span>\n\t\t\t\t\t\t\t\t\t\t\t<\/a>\n\t\t\t\t\n\t\t\t\t\n\t\t\t\t\t\t\t\t\t<a rel=\"noopener noreferrer nofollow\" href=\"https:\/\/www.linkedin.com\/shareArticle?mini=true&url=https:\/\/desarrollocristiano.pe\/articulos-pastorales\/\" target=\"_blank\" class=\" wd-social-icon social-linkedin\" aria-label=\"Linkedin social link\">\n\t\t\t\t\t\t<span class=\"wd-icon\"><\/span>\n\t\t\t\t\t\t\t\t\t\t\t<\/a>\n\t\t\t\t\n\t\t\t\t\n\t\t\t\t\n\t\t\t\t\n\t\t\t\t\n\t\t\t\t\n\t\t\t\t\n\t\t\t\t\n\t\t\t\t\n\t\t\t\t\t\t\t\t\t<a rel=\"noopener noreferrer nofollow\" href=\"https:\/\/api.whatsapp.com\/send?text=https%3A%2F%2Fdesarrollocristiano.pe%2Farticulos-pastorales%2F\" target=\"_blank\" class=\"wd-hide-md  wd-social-icon social-whatsapp\" aria-label=\"WhatsApp social link\">\n\t\t\t\t\t\t<span class=\"wd-icon\"><\/span>\n\t\t\t\t\t\t\t\t\t\t\t<\/a>\n\n\t\t\t\t\t<a rel=\"noopener noreferrer nofollow\" href=\"whatsapp:\/\/send?text=https%3A%2F%2Fdesarrollocristiano.pe%2Farticulos-pastorales%2F\" target=\"_blank\" class=\"wd-hide-lg  wd-social-icon social-whatsapp\" aria-label=\"WhatsApp social link\">\n\t\t\t\t\t\t<span class=\"wd-icon\"><\/span>\n\t\t\t\t\t\t\t\t\t\t\t<\/a>\n\t\t\t\t\n\t\t\t\t\n\t\t\t\t\n\t\t\t\t\n\t\t\t\t\n\t\t\t\t\n\t\t\t\t\t\t\t\t\t<a rel=\"noopener noreferrer nofollow\" href=\"https:\/\/telegram.me\/share\/url?url=https:\/\/desarrollocristiano.pe\/articulos-pastorales\/\" target=\"_blank\" class=\" wd-social-icon social-tg\" aria-label=\"Telegram social link\">\n\t\t\t\t\t\t<span class=\"wd-icon\"><\/span>\n\t\t\t\t\t\t\t\t\t\t\t<\/a>\n\t\t\t\t\n\t\t\t\t\n\t\t\t<\/div>\n\n\t\t\t\t\t\t\t\t\t\t<\/div>\n\t\t\t\t\t\t\t\t<div class=\"tooltip-arrow\"><\/div>\n\t\t\t\t\t\t\t<\/div>\n\t\t\t\t\t\t<\/div>\n\t\t\t\t\t\n\t\t\t\t\t\t\t\t\t\t\t\t\t\t\t\t\t<div class=\"wd-post-reply wd-style-1\">\n\t\t\t\t\t\t\t<a href=\"https:\/\/desarrollocristiano.pe\/como-estudiar-en-moclam\/#comments\"><span class=\"wd-replies-count\">3<\/span><\/a>\t\t\t\t\t\t<\/div>\n\t\t\t\t\t\t\t\t\t<\/div>\n\t\t\t\n\t\t\t\t\t\t\t\t\t\t\t\t<div class=\"wd-post-excerpt entry-content\">\n\t\t\t\t\t\t<div class=\"wpb-content-wrapper\"><div class=\"vc_row wpb_row vc_row-fluid\"><div class=\"wpb_column vc_column_container vc_col-sm-12\"><div class=\"vc_column-inner\"><div class=\"wpb_wrapper\">\n\t<div class=\"wpb_text_column wpb_content_element texto_parrafo text-larger\" >\n\t\t<div class=\"wpb_wrapper\">\n\t\t\t<p><i>En los \u00faltimos meses hemos conversado sobre la importancia de la formaci\u00f3n b\u00edblica para pastores. En esta conversaci\u00f3n, hablamos de los cursos de MOCLAM.<\/i><\/p>\n<p><strong><i>Hermano Nicolas, su deseo de animar pastores y l\u00edderes para que hagan estudios b\u00edblicos es parte de su\u00a0 papel como director de MOCLAM en Per\u00fa. \u00bfEs posible explicarnos m\u00e1s sobre MOCLAM?\u00a0<\/i><\/strong><\/p>\n<p>S\u00ed, debo hablar en mi calidad oficial, \u00bfno? MOCLAM es una serie de 18 cursos de estudios b\u00edblicos cortos y muy econ\u00f3micos. Hay panoramas de toda la Biblia, de libros enteros como el curso Nuevo Testamento 1 que explora todo el evangelio de Marcos. Tambi\u00e9n de grupos de libros, como Antiguo Testamento 1 que examina todo el Pentateuco. Hay una pizca de cursos de doctrina y historia tambi\u00e9n. Los 70 soles que cuesta cada curso incluye inscripci\u00f3n, los materiales en formato PDF, y la evaluaci\u00f3n del examen y el ensayo. Nuestro enfoque est\u00e1 en el texto b\u00edblico y la meta es que los que estudian con nosotros (tenemos estudiantes en casi todo latinoam\u00e9rica) tengan un conocimiento mejor de esto al fin de cada curso.<\/p>\n<p><strong><i>\u00bfY el nombre? \u00bfQue significa \u2018MOCLAM\u2019?<\/i><\/strong><\/p>\n<p>Estos cursos fueron desarrollados por un seminario en Australia que se llama Moore College para predicadores laicos en la iglesias. Hace 20 a\u00f1os algunos misioneros ac\u00e1 vieron como algunos pastores y l\u00edderes no pod\u00edan asistir a el semanario por el dinero o el tiempo, entonces tradujeron los cursos para satisfacer esta necesidad. Queremos apoyar a los pastores que tienen ganas de cavar m\u00e1s profundamente en la Palabra de Dios.<\/p>\n<p>La palabra \u2018MOCLAM\u2019 es una versi\u00f3n breve de la frase Moore College en Latino Am\u00e9rica. S\u00ed, es un t\u00edtulo un poco complicado, pero despu\u00e9s de 20 a\u00f1os de historia en muchos pa\u00edses es un nombre que tiene la reputaci\u00f3n de ofrecer cursos bien cristocentricos. En nuestra p\u00e1gina web hay res\u00famenes de todos los cursos.<\/p>\n<p>Y este enfoque en la Biblia es la base de nuestra colaboraci\u00f3n con el Desarrollo Cristiano. Como todos saben, Desarrollo Cristiano tiene casi 40 a\u00f1os apoyando y capacitando a los pastores peruanos de todo el pa\u00eds. Hace algunos a\u00f1os nos dimos cuenta que tenemos la misma visi\u00f3n de animar que los pastores y l\u00edderes se dediquen a los estudios b\u00edblicos profundos y sistem\u00e1ticos como esencial a sus papeles, entonces decidimos colaborar. Y es una gran bendici\u00f3n poder apoyar al ministerio excelente de Desarrollo Cristiano.<\/p>\n<p><strong><i>En algunas conversaciones anteriores, habl\u00f3 de los recursos para estudios b\u00edblicos que no son de MOCLAM.\u00a0 \u00bfEs posible recomendar m\u00e1s de estos?<\/i><\/strong><\/p>\n<p>Con mucho gusto. Ya recomend\u00e9 el <a href=\"https:\/\/desarrollocristiano.pe\/curso-de-formacion-teologica-lacueva\/\" target=\"_blank\" rel=\"noopener\">Curso de Formaci\u00f3n Teol\u00f3gica Evangelio por Francisco Lacueva<\/a>. Si un pastor quiere una serie de libros un poco m\u00e1s sustanciosa, hay la serie se llama CTC, la Coleccion Teologica Contemporanea. Ejemplos de estos son <a href=\"https:\/\/desarrollocristiano.pe\/producto\/ctc-06-monoteismo-y-cristologia-en-el-nuevo-testamento\/\" target=\"_blank\" rel=\"noopener\">Monote\u00edsmo y Cristolog\u00eda en el Nuevo Testamento por Richard Baukham<\/a>, o <a href=\"https:\/\/desarrollocristiano.pe\/producto\/ctc-05-jesus-es-el-cristo\/\" target=\"_blank\" rel=\"noopener\">Jes\u00fas Es el Cristo: Estudios Sobre la Teolog\u00eda de Juan, por Leon Morris<\/a>. M\u00e1s que leer un libro solo, tener una dieta regular de una serie que se enfoque en el texto b\u00edblico resulta en mucha profundidad. Aunque los cursos de ETE,\u00a0 son excelentes tambi\u00e9n, especialmente para los que quieren formar una fuerte base inicial en el texto b\u00edblico.<\/p>\n<p><strong><i>Y para los que est\u00e1n interesados en MOCLAM, \u00bfc\u00f3mo pueden estudiar?<\/i><\/strong><\/p>\n<p>Como dije, hay m\u00e1s informaci\u00f3n en <a href=\"https:\/\/moclam.org\/es\/el-programa\/\" target=\"_blank\" rel=\"noopener\">nuestra p\u00e1gina web<\/a>, y <a href=\"https:\/\/vimeo.com\/497807071\" target=\"_blank\" rel=\"noopener\">un video<\/a> tambi\u00e9n.<\/p>\n<p>Hay varias opciones. Durante el a\u00f1o tenemos cursos online con clases una vez cada semana. La inscripci\u00f3n y pago es todo online y es f\u00e1cil y r\u00e1pido. Publicamos estos cursos en <a href=\"https:\/\/www.facebook.com\/moclamperu\" target=\"_blank\" rel=\"noopener\">nuestro Facebook.<\/a> Si nos siguen all\u00e1 pueden recibir estas noticias. Aparte de este nivel individual, tambi\u00e9n trabajamos con grupos de pastores, organizaciones e iglesias para ayudarles a tener los cursos. Queremos colaborar con grupos e iglesias que quieren formar una cultura en su iglesia o organizaci\u00f3n de estudios b\u00edblicos profundos. No solo en Lima sino en todo el Per\u00fa. Sobre todo, me gustar\u00eda animarles a tener una conversaci\u00f3n conmigo, quiz\u00e1s estudiar un curso online para probar c\u00f3mo son, y luego pensar en formar un grupo.<\/p>\n<p>Si es con MOCLAM, o ETE, o con una serie de libros, lo m\u00e1s importante es que los pastores y l\u00edderes estudien la Biblia de una manera sistem\u00e1tica. La profundidad del conocimiento de la Biblia de una iglesia nunca es superior a la del pastor.\u00a0 Si queremos iglesias con ra\u00edces profundas en el conocimiento de las Escrituras, de tal forma que corran la carrera con fidelidad, entonces debemos empezar con el pastor.<\/p>\n<p><em>Con esto terminamos nuestra entrevista con Nicolas Davies. <\/em><\/p>\n<p><em>Puede revisar las secciones anteriores de esta entrevista desde estos enlaces:<\/em><\/p>\n<ul>\n<li><a href=\"https:\/\/desarrollocristiano.pe\/la-necesidad-del-estudio-biblico\/\">La necesidad del estudio b\u00edblico<\/a><\/li>\n<li><a href=\"https:\/\/desarrollocristiano.pe\/formacion-biblica-para-la-predica\/\">Formaci\u00f3n b\u00edblica para la predica.<\/a><\/li>\n<li><a href=\"https:\/\/desarrollocristiano.pe\/alentar-a-otros-por-la-palabra\/\">Alentar a otros por la Palabra<\/a><\/li>\n<li><a href=\"https:\/\/desarrollocristiano.pe\/formar-a-la-nueva-generacion\/\">Formar a la nueva generaci\u00f3n<\/a><\/li>\n<li><a href=\"https:\/\/desarrollocristiano.pe\/como-estudiar-en-moclam\/\">Como estudiar en MOCLAM<\/a><\/li>\n<\/ul>\n\n\t\t<\/div>\n\t<\/div>\n<\/div><\/div><\/div><\/div>\n<\/div>\t\t\t\t\t<\/div>\n\t\t\t\t\n\t\t\t\t\t\t\t\t\t<\/div>\n\t<\/div>\n<\/article>\n\n\t\t\t\t\t\t\t\t\t\t\t\n<article id=\"post-59384\" class=\"wd-post blog-design-chess blog-post-loop blog-design-small-images blog-style-bg wd-add-shadow wd-col post-59384 post type-post status-publish format-standard has-post-thumbnail hentry category-ministerio-pastoral\">\n\t<div class=\"wd-post-inner article-inner\">\n\t\t\t\t\t<div class=\"wd-post-thumb entry-header\">\n\t\t\t\t\t\t\t\t\t<div class=\"wd-post-img post-img-wrapp\">\n\t\t\t\t\t\t<img width=\"320\" height=\"160\" src=\"https:\/\/desarrollocristiano.pe\/wp-content\/uploads\/2021\/04\/trabajo-320x160.jpg\" class=\"attachment-large size-large\" alt=\"\" decoding=\"async\" loading=\"lazy\" srcset=\"https:\/\/desarrollocristiano.pe\/wp-content\/uploads\/2021\/04\/trabajo-320x160.jpg 320w, https:\/\/desarrollocristiano.pe\/wp-content\/uploads\/2021\/04\/trabajo-600x300.jpg 600w, https:\/\/desarrollocristiano.pe\/wp-content\/uploads\/2021\/04\/trabajo-150x75.jpg 150w, https:\/\/desarrollocristiano.pe\/wp-content\/uploads\/2021\/04\/trabajo.jpg 700w\" sizes=\"auto, (max-width: 320px) 100vw, 320px\" \/>\t\t\t\t\t<\/div>\n\t\t\t\t\t<a class=\"wd-fill\" href=\"https:\/\/desarrollocristiano.pe\/7-maneras-en-que-los-pastores-pueden-ayudar-a-integrar-la-fe-y-el-trabajo\/\"><\/a>\n\t\t\t\t\n\t\t\t\t\t\t\t\t\t\t\t\t<div class=\"wd-post-date wd-style-with-bg\">\n\t\t\t\t<span class=\"post-date-day\">\n\t\t\t\t\t24\t\t\t\t<\/span>\n\t\t\t\t<span class=\"post-date-month\">\n\t\t\t\t\tAbr\t\t\t\t<\/span>\n\t\t\t<\/div>\n\t\t\t\t\t\t\t\t\t<\/div>\n\t\t\n\t\t<div class=\"wd-post-content article-body-container\">\n\t\t\t\t\t\t\t<div class=\"wd-post-cat wd-style-with-bg meta-post-categories\">\n\t\t\t\t\t<a href=\"https:\/\/desarrollocristiano.pe\/categorias\/ministerio-pastoral\/\" rel=\"category tag\">Ministerio pastoral<\/a>\t\t\t\t<\/div>\n\t\t\t\n\t\t\t\t\t\t\t<h3 class=\"wd-post-title wd-entities-title title post-title\">\n\t\t\t\t\t<a href=\"https:\/\/desarrollocristiano.pe\/7-maneras-en-que-los-pastores-pueden-ayudar-a-integrar-la-fe-y-el-trabajo\/\" rel=\"bookmark\">7 maneras en que los pastores pueden ayudar a integrar la fe y el trabajo<\/a>\n\t\t\t\t<\/h3>\n\t\t\t\n\t\t\t\t\t\t\t<div class=\"wd-post-meta\">\n\t\t\t\t\t\t\t\t\t\t\t\t\t\t\t<div class=\"wd-post-author\">\n\t\t\t\t\t\t\t\t\t\t\t<span>Posteado por<\/span>\n\t\t\n\t\t\t\t\t<img alt='author-avatar' src='https:\/\/secure.gravatar.com\/avatar\/8f331515e2139e7ffacac78d5e21bc88ee625065cad5d063ef4da73b7cbcfc2d?s=18&#038;d=mm&#038;r=g' srcset='https:\/\/secure.gravatar.com\/avatar\/8f331515e2139e7ffacac78d5e21bc88ee625065cad5d063ef4da73b7cbcfc2d?s=36&#038;d=mm&#038;r=g 2x' class='avatar avatar-18 photo' height='18' width='18' loading='lazy' decoding='async'\/>\t\t\n\t\t\t\t\t<a href=\"https:\/\/desarrollocristiano.pe\/author\/aprnimda7720\/\" class=\"author\" rel=\"author\">Administrador<\/a>\n\t\t\t\t\t\t\t\t\t<\/div>\n\t\t\t\t\t<div class=\"wd-modified-date\">\n\t\t\t\t\t\t\t\t<time class=\"updated\" datetime=\"2021-04-21T20:34:09-05:00\">\n\t\t\t21\/04\/2021\t\t<\/time>\n\t\t\t\t\t\t\t<\/div>\n\n\t\t\t\t\t\t\t\t\t\t\t<div class=\"wd-post-share wd-tltp\">\n\t\t\t\t\t\t\t<div class=\"tooltip top\">\n\t\t\t\t\t\t\t\t<div class=\"tooltip-inner\">\n\t\t\t\t\t\t\t\t\t\t\t\t<div\n\t\t\t\t\t\tclass=\" wd-social-icons  wd-style-default wd-size-small social-share wd-shape-circle color-scheme-light text-center\">\n\t\t\t\t\n\t\t\t\t\n\t\t\t\t\t\t\t\t\t<a rel=\"noopener noreferrer nofollow\" href=\"https:\/\/www.facebook.com\/sharer\/sharer.php?u=https:\/\/desarrollocristiano.pe\/articulos-pastorales\/\" target=\"_blank\" class=\" wd-social-icon social-facebook\" aria-label=\"Facebook social link\">\n\t\t\t\t\t\t<span class=\"wd-icon\"><\/span>\n\t\t\t\t\t\t\t\t\t\t\t<\/a>\n\t\t\t\t\n\t\t\t\t\t\t\t\t\t<a rel=\"noopener noreferrer nofollow\" href=\"https:\/\/x.com\/share?url=https:\/\/desarrollocristiano.pe\/articulos-pastorales\/\" target=\"_blank\" class=\" wd-social-icon social-twitter\" aria-label=\"X social link\">\n\t\t\t\t\t\t<span class=\"wd-icon\"><\/span>\n\t\t\t\t\t\t\t\t\t\t\t<\/a>\n\t\t\t\t\n\t\t\t\t\n\t\t\t\t\t\t\t\t\t<a rel=\"noopener noreferrer nofollow\" href=\"mailto:?subject=Check%20this%20https:\/\/desarrollocristiano.pe\/articulos-pastorales\/\" target=\"_blank\" class=\" wd-social-icon social-email\" aria-label=\"Email social link\">\n\t\t\t\t\t\t<span class=\"wd-icon\"><\/span>\n\t\t\t\t\t\t\t\t\t\t\t<\/a>\n\t\t\t\t\n\t\t\t\t\n\t\t\t\t\n\t\t\t\t\n\t\t\t\t\t\t\t\t\t<a rel=\"noopener noreferrer nofollow\" href=\"https:\/\/pinterest.com\/pin\/create\/button\/?url=https:\/\/desarrollocristiano.pe\/articulos-pastorales\/&media=https:\/\/desarrollocristiano.pe\/wp-content\/uploads\/2021\/04\/trabajo.jpg&description=7+maneras+en+que+los+pastores+pueden+ayudar+a+integrar+la+fe+y+el+trabajo\" target=\"_blank\" class=\" wd-social-icon social-pinterest\" aria-label=\"Pinterest social link\">\n\t\t\t\t\t\t<span class=\"wd-icon\"><\/span>\n\t\t\t\t\t\t\t\t\t\t\t<\/a>\n\t\t\t\t\n\t\t\t\t\n\t\t\t\t\t\t\t\t\t<a rel=\"noopener noreferrer nofollow\" href=\"https:\/\/www.linkedin.com\/shareArticle?mini=true&url=https:\/\/desarrollocristiano.pe\/articulos-pastorales\/\" target=\"_blank\" class=\" wd-social-icon social-linkedin\" aria-label=\"Linkedin social link\">\n\t\t\t\t\t\t<span class=\"wd-icon\"><\/span>\n\t\t\t\t\t\t\t\t\t\t\t<\/a>\n\t\t\t\t\n\t\t\t\t\n\t\t\t\t\n\t\t\t\t\n\t\t\t\t\n\t\t\t\t\n\t\t\t\t\n\t\t\t\t\n\t\t\t\t\n\t\t\t\t\t\t\t\t\t<a rel=\"noopener noreferrer nofollow\" href=\"https:\/\/api.whatsapp.com\/send?text=https%3A%2F%2Fdesarrollocristiano.pe%2Farticulos-pastorales%2F\" target=\"_blank\" class=\"wd-hide-md  wd-social-icon social-whatsapp\" aria-label=\"WhatsApp social link\">\n\t\t\t\t\t\t<span class=\"wd-icon\"><\/span>\n\t\t\t\t\t\t\t\t\t\t\t<\/a>\n\n\t\t\t\t\t<a rel=\"noopener noreferrer nofollow\" href=\"whatsapp:\/\/send?text=https%3A%2F%2Fdesarrollocristiano.pe%2Farticulos-pastorales%2F\" target=\"_blank\" class=\"wd-hide-lg  wd-social-icon social-whatsapp\" aria-label=\"WhatsApp social link\">\n\t\t\t\t\t\t<span class=\"wd-icon\"><\/span>\n\t\t\t\t\t\t\t\t\t\t\t<\/a>\n\t\t\t\t\n\t\t\t\t\n\t\t\t\t\n\t\t\t\t\n\t\t\t\t\n\t\t\t\t\n\t\t\t\t\t\t\t\t\t<a rel=\"noopener noreferrer nofollow\" href=\"https:\/\/telegram.me\/share\/url?url=https:\/\/desarrollocristiano.pe\/articulos-pastorales\/\" target=\"_blank\" class=\" wd-social-icon social-tg\" aria-label=\"Telegram social link\">\n\t\t\t\t\t\t<span class=\"wd-icon\"><\/span>\n\t\t\t\t\t\t\t\t\t\t\t<\/a>\n\t\t\t\t\n\t\t\t\t\n\t\t\t<\/div>\n\n\t\t\t\t\t\t\t\t\t\t<\/div>\n\t\t\t\t\t\t\t\t<div class=\"tooltip-arrow\"><\/div>\n\t\t\t\t\t\t\t<\/div>\n\t\t\t\t\t\t<\/div>\n\t\t\t\t\t\n\t\t\t\t\t\t\t\t\t\t\t\t\t\t\t\t\t<div class=\"wd-post-reply wd-style-1\">\n\t\t\t\t\t\t\t<a href=\"https:\/\/desarrollocristiano.pe\/7-maneras-en-que-los-pastores-pueden-ayudar-a-integrar-la-fe-y-el-trabajo\/#respond\"><span class=\"wd-replies-count\">0<\/span><\/a>\t\t\t\t\t\t<\/div>\n\t\t\t\t\t\t\t\t\t<\/div>\n\t\t\t\n\t\t\t\t\t\t\t\t\t\t\t\t<div class=\"wd-post-excerpt entry-content\">\n\t\t\t\t\t\t<div class=\"wpb-content-wrapper\"><div class=\"vc_row wpb_row vc_row-fluid\"><div class=\"wpb_column vc_column_container vc_col-sm-12\"><div class=\"vc_column-inner\"><div class=\"wpb_wrapper\">\n\t<div class=\"wpb_text_column wpb_content_element texto_parrafo text-larger\" >\n\t\t<div class=\"wpb_wrapper\">\n\t\t\t<p>Por: <strong>Walter R. Strickland II<\/strong> y <strong>Benjamin T. Quinn<\/strong><br \/>\nFuente: <a href=\"https:\/\/www.coalicionporelevangelio.org\/articulo\/pastores-integrar-fe-trabajo\/\" target=\"_blank\" rel=\"noopener noreferrer\">Coalici\u00f3n por el Evangelio<\/a><\/p>\n<p>Los l\u00edderes de la iglesia juegan un papel importante en ayudar a los cristianos a comprender su papel como ministros en la administraci\u00f3n de Dios sobre todas las cosas.<\/p>\n<p>Estas son siete sugerencias sobre c\u00f3mo los pastores podr\u00edan considerar su rol pastoral en relaci\u00f3n a los trabajadores en la congregaci\u00f3n.<\/p>\n<h3><strong> 1. Reconsidera \u201cequipar a los santos\u201d<\/strong><\/h3>\n<p>Cada miembro es un ministro (<a href=\"https:\/\/biblia.com\/bible\/nblh\/Efe%204.11-12?culture=es\">Ef 4:11-12<\/a>). Tienen dones para los negocios, la educaci\u00f3n, el liderazgo, la carpinter\u00eda, el arte, las tareas dom\u00e9sticas, entre otras; todas las \u00e1reas que caen dentro del \u00e1mbito del reino de Cristo y que necesitan de santos dotados que pongan en pr\u00e1ctica las formas del Rey. \u00bfDebe el pastor convertirse en un experto en las vocaciones de sus miembros? No, pero \u00e9l podr\u00eda considerar \u201cequipar a los santos\u201d teniendo en mente el cub\u00edculo del lunes, no solo el grupo peque\u00f1o del lunes por la noche.<\/p>\n<h3><strong>2. Incluye a todos los creyentes en la lista ministerial<\/strong><\/h3>\n<p>En su carta a los Corintios, Pablo enfatiza que cada miembro es un ministro en el cuerpo de Cristo (<a href=\"https:\/\/biblia.com\/bible\/nblh\/2%20Cor%205.18?culture=es\">2 Co 5:18<\/a>). Sin embargo, en muchas iglesias todav\u00eda hay una brecha entre el p\u00falpito y las sillas. Esta divisi\u00f3n puede y debe reducirse recordando a todos los santos su papel como ministros cristianos en sus lugares de trabajo.<\/p>\n<p>Esto significa que la naturaleza sagrada del domingo se extiende de lunes a s\u00e1bado, dando forma a cada hora del d\u00eda, cada lugar y actividad. Celebramos el trabajo como algo intr\u00ednsecamente bueno y significativo, no simplemente como un medio de evangelizaci\u00f3n y misiones. Compartir a Cristo con los compa\u00f1eros de trabajo es fundamental, pero tambi\u00e9n debemos apreciar la excelencia cristiana, la mayordom\u00eda y la fidelidad en las responsabilidades vocacionales del creyente.<\/p>\n<h3>3. Enfatiza la excelencia en el trabajo<\/h3>\n<p>Considera este pensamiento de Dorothy Sayers en <a href=\"https:\/\/songlight-for-dawn.blogspot.com\/2009\/11\/why-work-by-dorothy-l-sayers.html\"><em>Why Work?<\/em><\/a> (\u00bfPor qu\u00e9 trabajar?):<\/p>\n<p>\u201cDe la carpinter\u00eda de Nazaret nunca sali\u00f3, me atrevo a jurar, patas de mesa torcidas o cajones mal ajustados. Tampoco, si es que hubiera pasado, alguien creer\u00eda que fueron hechos por las mismas manos que hicieron el cielo y la tierra. Ninguna piedad del trabajador compensar\u00e1 el trabajo que no es fiel a s\u00ed mismo, porque cualquier trabajo que no sea fiel a su propia t\u00e9cnica es una mentira viviente\u201d.<\/p>\n<h3>4. Visita a tus miembros en su trabajo<\/h3>\n<p>\u00bfQu\u00e9 puede indicar tanto respeto y aprecio por el trabajo de un miembro como una visita pastoral a la misma aula, concesionario, almac\u00e9n o a la granja? Los pastores est\u00e1n mucho mejor equipados para ofrecer palabras de sabidur\u00eda en circunstancias complicadas cuando conocen los lugares de trabajo de sus miembros. Considera la posibilidad de incluir tiempo en tu horario semanal para visitar un lugar de trabajo por semana y conocer el trabajo y el ministerio de tus santos.<\/p>\n<h3>5. Mira el gran sistema administrativo de Dios<\/h3>\n<p>Si es cierto que los santos, que no son pastores, est\u00e1n <em>en<\/em> el ministerio, y si es cierto que Cristo cre\u00f3 <em>todas<\/em> las cosas y tiene autoridad sobre <em>todas<\/em> las cosas, \u00bfc\u00f3mo est\u00e1n participando en la misi\u00f3n de Dios las diferentes vocaciones representadas en nuestra congregaci\u00f3n? \u00bfC\u00f3mo promueve cada trabajo todas las cosas buenas, verdaderas, hermosas, justas, correctas y sabias, tanto espiritual como f\u00edsicamente? Hacer y responder estas preguntas revela el significado y el valor intr\u00ednseco de las vocaciones. \u00a1Qu\u00e9 servicio ofrecemos a nuestros hermanos en la fe cuando les ayudamos a ver por qu\u00e9 su trabajo es importante!<\/p>\n<h3>6. Ora por los santos en todas las vocaciones<\/h3>\n<p>Las iglesias a menudo oran por los misioneros y los plantadores de iglesias cuando son enviados a servir a otras personas y lugares. Pero, \u00bfpor qu\u00e9 rara vez oramos por el resto de ministros de la congregaci\u00f3n? No estamos sugiriendo que las iglesias suspendan la oraci\u00f3n p\u00fablica por pastores y misioneros, sino que simplemente incluyan la oraci\u00f3n por mec\u00e1nicos, carteros, oficiales de polic\u00eda, bomberos, artistas, pol\u00edticos y educadores mientras ellos tambi\u00e9n cumplen con sus deberes ministeriales. Mientras una iglesia en Carolina del Norte oraba recientemente por los maestros de las escuelas p\u00fablicas, las l\u00e1grimas llenaron los ojos de varios hombres y mujeres fieles que se preparaban para regresar a sus ministerios en el aula.<\/p>\n<h3>7. Ayude a las personas a hacer conexiones<\/h3>\n<p>Existen docenas de buenos libros, sitios web y centros para promover la integraci\u00f3n de la fe y el trabajo. Pero no nos detengamos con recomendaciones. Considera c\u00f3mo infundir estas discusiones en la vida de tu iglesia a trav\u00e9s de la escuela dominical, grupos peque\u00f1os, aplicaciones de sermones y misiones.<\/p>\n<h6><strong>Publicado originalmente en <\/strong><a href=\"https:\/\/www.thegospelcoalition.org\/article\/7-ways-integrate-faith-work\/\"><strong><em>The Gospel Coalition<\/em><\/strong><\/a><strong><em>.<\/em> Traducido por Equipo Coalici\u00f3n.<\/strong><\/h6>\n\n\t\t<\/div>\n\t<\/div>\n<\/div><\/div><\/div><\/div><div class=\"vc_row wpb_row vc_row-fluid vc_custom_1615074577655 vc_row-has-fill\"><div class=\"wpb_column vc_column_container vc_col-sm-12\"><div class=\"vc_column-inner\"><div class=\"wpb_wrapper\">\t\t\t<link rel=\"stylesheet\" id=\"wd-info-box-css\" href=\"https:\/\/desarrollocristiano.pe\/wp-content\/themes\/woodmart\/css\/parts\/el-info-box.min.css?ver=8.2.7\" type=\"text\/css\" media=\"all\" \/> \t\t\t\t\t\t<div class=\"info-box-wrapper inline-element\">\n\t\t\t\t<div id=\"wd-6080d09f0975f\" class=\" wd-rs-6080d09f0975f wd-info-box wd-wpb text-left box-icon-align-left box-style- color-scheme- wd-bg-none wd-items-top \">\n\t\t\t\t\t\t\t\t\t\t<div class=\"info-box-content\">\n\t\t\t\t\t\t<h4 class=\"info-box-title title box-title-style-default wd-fontsize-m\">Sobre los autores<\/h4>\t\t\t\t\t\t<div class=\"info-box-inner reset-last-child\"><p><strong>Walter R. Strickland II<\/strong> es vicepresidente asociado para las iniciativas de diversidad para el reino y profesor asistente de Teolog\u00eda Sistem\u00e1tica y Teolog\u00eda Contextual en el <em>Southeastern Baptist Theological Seminary<\/em> en Carolina del Norte.<\/p>\n<p><strong>Benjamin T. Quinn<\/strong> ense\u00f1a en el <em>Southeastern Baptist Theological Seminary<\/em> y en <em>The College at Southeastern<\/em>. Recibi\u00f3 su PhD en Teolog\u00eda de la Universidad de Bristol en el Reino Unido y vive con su esposa y cuatro hijos en Carolina del Norte. \u00c9l tambi\u00e9n sirve como director acad\u00e9mico del <em>BibleMesh Institute <\/em>y es el pastor senior de la iglesia <em>Holly Grove Baptist Church<\/em>. Es el autor de <em>Walking in God\u2019s Kingdom <\/em>(Caminando en el reino de Dios) y <em>Theology of Wisdom <\/em>(Teolog\u00eda de sabidur\u00eda) los cuales ser\u00e1n publicados en el 2021.<\/p>\n<\/div>\n\n\t\t\t\t\t\t\t\t\t\t\t<\/div>\n\n\t\t\t\t\t\n\t\t\t\t\t<style>#wd-6080d09f0975f .info-box-icon {background-color:  !important;}<\/style>\t\t\t\t<\/div>\n\t\t\t<\/div>\n\t\t<\/div><\/div><\/div><\/div>\n<\/div>\t\t\t\t\t<\/div>\n\t\t\t\t\n\t\t\t\t\t\t\t\t\t<\/div>\n\t<\/div>\n<\/article>\n\n\t\t\t\t\t\t\t\t\t\t\t\n<article id=\"post-59379\" class=\"wd-post blog-design-chess blog-post-loop blog-design-small-images blog-style-bg wd-add-shadow wd-col post-59379 post type-post status-publish format-standard has-post-thumbnail hentry category-autoayuda tag-diezmar tag-diezmo tag-ofrenda tag-ofrendar\">\n\t<div class=\"wd-post-inner article-inner\">\n\t\t\t\t\t<div class=\"wd-post-thumb entry-header\">\n\t\t\t\t\t\t\t\t\t<div class=\"wd-post-img post-img-wrapp\">\n\t\t\t\t\t\t<img width=\"320\" height=\"160\" src=\"https:\/\/desarrollocristiano.pe\/wp-content\/uploads\/2021\/04\/dar-320x160.jpg\" class=\"attachment-large size-large\" alt=\"\" decoding=\"async\" loading=\"lazy\" srcset=\"https:\/\/desarrollocristiano.pe\/wp-content\/uploads\/2021\/04\/dar-320x160.jpg 320w, https:\/\/desarrollocristiano.pe\/wp-content\/uploads\/2021\/04\/dar-600x300.jpg 600w, https:\/\/desarrollocristiano.pe\/wp-content\/uploads\/2021\/04\/dar-150x75.jpg 150w, https:\/\/desarrollocristiano.pe\/wp-content\/uploads\/2021\/04\/dar.jpg 700w\" sizes=\"auto, (max-width: 320px) 100vw, 320px\" \/>\t\t\t\t\t<\/div>\n\t\t\t\t\t<a class=\"wd-fill\" href=\"https:\/\/desarrollocristiano.pe\/el-privilegio-de-dar\/\"><\/a>\n\t\t\t\t\n\t\t\t\t\t\t\t\t\t\t\t\t<div class=\"wd-post-date wd-style-with-bg\">\n\t\t\t\t<span class=\"post-date-day\">\n\t\t\t\t\t21\t\t\t\t<\/span>\n\t\t\t\t<span class=\"post-date-month\">\n\t\t\t\t\tAbr\t\t\t\t<\/span>\n\t\t\t<\/div>\n\t\t\t\t\t\t\t\t\t<\/div>\n\t\t\n\t\t<div class=\"wd-post-content article-body-container\">\n\t\t\t\t\t\t\t<div class=\"wd-post-cat wd-style-with-bg meta-post-categories\">\n\t\t\t\t\t<a href=\"https:\/\/desarrollocristiano.pe\/categorias\/autoayuda\/\" rel=\"category tag\">Autoayuda<\/a>\t\t\t\t<\/div>\n\t\t\t\n\t\t\t\t\t\t\t<h3 class=\"wd-post-title wd-entities-title title post-title\">\n\t\t\t\t\t<a href=\"https:\/\/desarrollocristiano.pe\/el-privilegio-de-dar\/\" rel=\"bookmark\">El privilegio de dar<\/a>\n\t\t\t\t<\/h3>\n\t\t\t\n\t\t\t\t\t\t\t<div class=\"wd-post-meta\">\n\t\t\t\t\t\t\t\t\t\t\t\t\t\t\t<div class=\"wd-post-author\">\n\t\t\t\t\t\t\t\t\t\t\t<span>Posteado por<\/span>\n\t\t\n\t\t\t\t\t<img alt='author-avatar' src='https:\/\/secure.gravatar.com\/avatar\/8f331515e2139e7ffacac78d5e21bc88ee625065cad5d063ef4da73b7cbcfc2d?s=18&#038;d=mm&#038;r=g' srcset='https:\/\/secure.gravatar.com\/avatar\/8f331515e2139e7ffacac78d5e21bc88ee625065cad5d063ef4da73b7cbcfc2d?s=36&#038;d=mm&#038;r=g 2x' class='avatar avatar-18 photo' height='18' width='18' loading='lazy' decoding='async'\/>\t\t\n\t\t\t\t\t<a href=\"https:\/\/desarrollocristiano.pe\/author\/aprnimda7720\/\" class=\"author\" rel=\"author\">Administrador<\/a>\n\t\t\t\t\t\t\t\t\t<\/div>\n\t\t\t\t\t<div class=\"wd-modified-date\">\n\t\t\t\t\t\t\t\t<time class=\"updated\" datetime=\"2021-04-21T16:46:27-05:00\">\n\t\t\t21\/04\/2021\t\t<\/time>\n\t\t\t\t\t\t\t<\/div>\n\n\t\t\t\t\t\t\t\t\t\t\t<div class=\"wd-post-share wd-tltp\">\n\t\t\t\t\t\t\t<div class=\"tooltip top\">\n\t\t\t\t\t\t\t\t<div class=\"tooltip-inner\">\n\t\t\t\t\t\t\t\t\t\t\t\t<div\n\t\t\t\t\t\tclass=\" wd-social-icons  wd-style-default wd-size-small social-share wd-shape-circle color-scheme-light text-center\">\n\t\t\t\t\n\t\t\t\t\n\t\t\t\t\t\t\t\t\t<a rel=\"noopener noreferrer nofollow\" href=\"https:\/\/www.facebook.com\/sharer\/sharer.php?u=https:\/\/desarrollocristiano.pe\/articulos-pastorales\/\" target=\"_blank\" class=\" wd-social-icon social-facebook\" aria-label=\"Facebook social link\">\n\t\t\t\t\t\t<span class=\"wd-icon\"><\/span>\n\t\t\t\t\t\t\t\t\t\t\t<\/a>\n\t\t\t\t\n\t\t\t\t\t\t\t\t\t<a rel=\"noopener noreferrer nofollow\" href=\"https:\/\/x.com\/share?url=https:\/\/desarrollocristiano.pe\/articulos-pastorales\/\" target=\"_blank\" class=\" wd-social-icon social-twitter\" aria-label=\"X social link\">\n\t\t\t\t\t\t<span class=\"wd-icon\"><\/span>\n\t\t\t\t\t\t\t\t\t\t\t<\/a>\n\t\t\t\t\n\t\t\t\t\n\t\t\t\t\t\t\t\t\t<a rel=\"noopener noreferrer nofollow\" href=\"mailto:?subject=Check%20this%20https:\/\/desarrollocristiano.pe\/articulos-pastorales\/\" target=\"_blank\" class=\" wd-social-icon social-email\" aria-label=\"Email social link\">\n\t\t\t\t\t\t<span class=\"wd-icon\"><\/span>\n\t\t\t\t\t\t\t\t\t\t\t<\/a>\n\t\t\t\t\n\t\t\t\t\n\t\t\t\t\n\t\t\t\t\n\t\t\t\t\t\t\t\t\t<a rel=\"noopener noreferrer nofollow\" href=\"https:\/\/pinterest.com\/pin\/create\/button\/?url=https:\/\/desarrollocristiano.pe\/articulos-pastorales\/&media=https:\/\/desarrollocristiano.pe\/wp-content\/uploads\/2021\/04\/dar.jpg&description=El+privilegio+de+dar\" target=\"_blank\" class=\" wd-social-icon social-pinterest\" aria-label=\"Pinterest social link\">\n\t\t\t\t\t\t<span class=\"wd-icon\"><\/span>\n\t\t\t\t\t\t\t\t\t\t\t<\/a>\n\t\t\t\t\n\t\t\t\t\n\t\t\t\t\t\t\t\t\t<a rel=\"noopener noreferrer nofollow\" href=\"https:\/\/www.linkedin.com\/shareArticle?mini=true&url=https:\/\/desarrollocristiano.pe\/articulos-pastorales\/\" target=\"_blank\" class=\" wd-social-icon social-linkedin\" aria-label=\"Linkedin social link\">\n\t\t\t\t\t\t<span class=\"wd-icon\"><\/span>\n\t\t\t\t\t\t\t\t\t\t\t<\/a>\n\t\t\t\t\n\t\t\t\t\n\t\t\t\t\n\t\t\t\t\n\t\t\t\t\n\t\t\t\t\n\t\t\t\t\n\t\t\t\t\n\t\t\t\t\n\t\t\t\t\t\t\t\t\t<a rel=\"noopener noreferrer nofollow\" href=\"https:\/\/api.whatsapp.com\/send?text=https%3A%2F%2Fdesarrollocristiano.pe%2Farticulos-pastorales%2F\" target=\"_blank\" class=\"wd-hide-md  wd-social-icon social-whatsapp\" aria-label=\"WhatsApp social link\">\n\t\t\t\t\t\t<span class=\"wd-icon\"><\/span>\n\t\t\t\t\t\t\t\t\t\t\t<\/a>\n\n\t\t\t\t\t<a rel=\"noopener noreferrer nofollow\" href=\"whatsapp:\/\/send?text=https%3A%2F%2Fdesarrollocristiano.pe%2Farticulos-pastorales%2F\" target=\"_blank\" class=\"wd-hide-lg  wd-social-icon social-whatsapp\" aria-label=\"WhatsApp social link\">\n\t\t\t\t\t\t<span class=\"wd-icon\"><\/span>\n\t\t\t\t\t\t\t\t\t\t\t<\/a>\n\t\t\t\t\n\t\t\t\t\n\t\t\t\t\n\t\t\t\t\n\t\t\t\t\n\t\t\t\t\n\t\t\t\t\t\t\t\t\t<a rel=\"noopener noreferrer nofollow\" href=\"https:\/\/telegram.me\/share\/url?url=https:\/\/desarrollocristiano.pe\/articulos-pastorales\/\" target=\"_blank\" class=\" wd-social-icon social-tg\" aria-label=\"Telegram social link\">\n\t\t\t\t\t\t<span class=\"wd-icon\"><\/span>\n\t\t\t\t\t\t\t\t\t\t\t<\/a>\n\t\t\t\t\n\t\t\t\t\n\t\t\t<\/div>\n\n\t\t\t\t\t\t\t\t\t\t<\/div>\n\t\t\t\t\t\t\t\t<div class=\"tooltip-arrow\"><\/div>\n\t\t\t\t\t\t\t<\/div>\n\t\t\t\t\t\t<\/div>\n\t\t\t\t\t\n\t\t\t\t\t\t\t\t\t\t\t\t\t\t\t\t\t<div class=\"wd-post-reply wd-style-1\">\n\t\t\t\t\t\t\t<a href=\"https:\/\/desarrollocristiano.pe\/el-privilegio-de-dar\/#respond\"><span class=\"wd-replies-count\">0<\/span><\/a>\t\t\t\t\t\t<\/div>\n\t\t\t\t\t\t\t\t\t<\/div>\n\t\t\t\n\t\t\t\t\t\t\t\t\t\t\t\t<div class=\"wd-post-excerpt entry-content\">\n\t\t\t\t\t\t<div class=\"wpb-content-wrapper\"><div class=\"vc_row wpb_row vc_row-fluid\"><div class=\"wpb_column vc_column_container vc_col-sm-12\"><div class=\"vc_column-inner\"><div class=\"wpb_wrapper\">\n\t<div class=\"wpb_text_column wpb_content_element texto_parrafo text-larger\" >\n\t\t<div class=\"wpb_wrapper\">\n\t\t\t<p>Fuente: <a href=\"http:\/\/desarrollocristiano.com\/devocional\/el-privilegio-de-dar\/\" target=\"_blank\" rel=\"noopener noreferrer\">Desarrollo Cristiano Internacional<\/a><\/p>\n<div class=\"entry \">\n<p><a class=\"bible-gateway\" href=\"http:\/\/biblegateway.com\/passage\/?search=Mateo+8%3A1-4&amp;version=RVR1960\" target=\"_blank\" rel=\"noopener\">Mateo 8:1-4<\/a><\/p>\n<p>Quiz\u00e1s ning\u00fan elemento delata tan fielmente el grado de <strong>nuestro compromiso con Cristo<\/strong> como nuestra relaci\u00f3n con el <a title=\"El dinero: \u00bfbendici\u00f3n o maldici\u00f3n?\" href=\"http:\/\/www.desarrollocristiano.com\/articulo.php?id=1176\">dinero<\/a>. Muchos cristianos fieles revelan un verdadero desconocimiento de c\u00f3mo se administran los bienes cuando uno est\u00e1 integrado en el reino de los cielos. Aunque acostumbramos exhortar a la gente de nuestra congregaci\u00f3n con el texto <strong>\u00abDios ama al dador alegre\u00bb,<\/strong> sacado de este cap\u00edtulo, ignoramos las din\u00e1micas que est\u00e1n en juego en <a title=\"Ofrenda aceptable\" href=\"http:\/\/www.desarrollocristiano.com\/devocional.php?id=845\">la ofrenda<\/a> que nace de una acci\u00f3n del Esp\u00edritu en nuestros corazones.<\/p>\n<p>El texto de hoy nos da una buena orientaci\u00f3n con respecto al tema. En primer lugar, es bueno que tomemos nota de que Pablo declara que lo que ocurri\u00f3 en la iglesia de Macedonia es por la gracia de Dios. Es importante resaltar esta verdad porque <strong>el <a title=\"El privilegio de ofrendar\" href=\"http:\/\/www.desarrollocristiano.com\/audio.php?id=12&amp;c=all\">ofrendar<\/a> no es algo natural ni normal en los seres humanos<\/strong>. Al contrario, el hombre natural solamente piensa en sus propias necesidades. A\u00fan despu\u00e9s de que Cristo ha quebrado esa tendencia en nosotros necesitamos de abundante gracia para poder abrir el coraz\u00f3n y la billetera, para empezar a actuar con generosidad hacia los dem\u00e1s.Nadie tuvo que rogarles a ellos que ofrendaran. M\u00e1s bien, ellos sent\u00edan que se iban a perder de una gran bendici\u00f3n si no lo hac\u00edan. En segundo lugar usted observar\u00e1 que la iglesia de Macedonia, que es presentada como un modelo de generosidad en el Nuevo Testamento, estaba atravesando un tiempo de profundas tribulaciones. Es probable que esto fuera resultado de las persecuciones que la iglesia naciente sufr\u00eda, cada vez con mayor violencia, a lo largo y a lo ancho del imperio. De todos modos lo que vale la pena notar aqu\u00ed es que las aflicciones no lograron desviar a la congregaci\u00f3n de su cometido. Quienes hemos pasado por profundas angustias sabemos cu\u00e1n f\u00e1cil es tornarse, en estas circunstancias, completamente ciego a las <a title=\"Siervos\u0085 su \u00f3ptica ante las necesidades de la iglesia\" href=\"http:\/\/www.desarrollocristiano.com\/articulo.php?id=332\">necesidades<\/a> de los dem\u00e1s.<\/p>\n<p>En tercer lugar vemos que ofrendaron en medio de una situaci\u00f3n de <strong>\u00abprofunda pobreza\u00bb<\/strong>. Es en este punto que m\u00e1s notamos la diferencia con nuestras propias tendencias, pues cuando estamos pasando penurias econ\u00f3micas una de las primeras cosas que sacrificamos es nuestra ofrenda. Los Macedonios entend\u00edan que la mejor manera de combatir la amargura y el desaz\u00f3n que acompa\u00f1an a la pobreza era con un esp\u00edritu de absoluta liberalidad. De este modo se aseguraron que el dinero no era lo que controlaba su felicidad ni lo que les proporcionaba seguridad en la vida.<\/p>\n<p>Por \u00faltimo, note que le \u00abrogaron a Pablo les conceda el privilegio de ofrendar\u00bb. \u00a1<strong>Qu\u00e9 tremenda actitud!<\/strong> Nadie tuvo que rogarles a ellos que ofrendaran. M\u00e1s bien, ellos sent\u00edan que se iban a perder de una gran bendici\u00f3n si no lo hac\u00edan. Esto s\u00ed que es una <a title=\"Convicci\u00f3n que no se mueve\" href=\"http:\/\/www.desarrollocristiano.com\/devocional.php?id=800\">convicci\u00f3n<\/a> nacida del Esp\u00edritu, pues siempre luchamos con la idea de que dar es perder. Ellos sab\u00edan que la ofrenda era un medio de gran ganancia.<\/p>\n<p><strong>Para pensar: \u2028\u00abHay quienes reparten y les es a\u00f1adido m\u00e1s, y hay quienes retienen m\u00e1s de lo justo y acaban en la miseria.\u00bb Proverbios 11.24<\/strong><\/p>\n<p>&nbsp;<\/p>\n<p>Autor: Christopher Shaw. Producido y editado por Desarrollo Cristiano Internacional para DesarrolloCristiano.com. Copyright \u00a92003-2009 por Desarrollo Cristiano, todos los derechos reservados.<\/p>\n<\/div>\n\n\t\t<\/div>\n\t<\/div>\n<\/div><\/div><\/div><\/div>\n<\/div>\t\t\t\t\t<\/div>\n\t\t\t\t\n\t\t\t\t\t\t\t\t\t<\/div>\n\t<\/div>\n<\/article>\n\n\t\t\t\t\t\t\t\t\t\t\t\n<article id=\"post-59372\" class=\"wd-post blog-design-chess blog-post-loop blog-design-small-images blog-style-bg wd-add-shadow wd-col post-59372 post type-post status-publish format-standard has-post-thumbnail hentry category-ministerio-pastoral\">\n\t<div class=\"wd-post-inner article-inner\">\n\t\t\t\t\t<div class=\"wd-post-thumb entry-header\">\n\t\t\t\t\t\t\t\t\t<div class=\"wd-post-img post-img-wrapp\">\n\t\t\t\t\t\t<img width=\"320\" height=\"160\" src=\"https:\/\/desarrollocristiano.pe\/wp-content\/uploads\/2021\/04\/salida-320x160.jpg\" class=\"attachment-large size-large\" alt=\"\" decoding=\"async\" loading=\"lazy\" srcset=\"https:\/\/desarrollocristiano.pe\/wp-content\/uploads\/2021\/04\/salida-320x160.jpg 320w, https:\/\/desarrollocristiano.pe\/wp-content\/uploads\/2021\/04\/salida-600x300.jpg 600w, https:\/\/desarrollocristiano.pe\/wp-content\/uploads\/2021\/04\/salida-150x75.jpg 150w, https:\/\/desarrollocristiano.pe\/wp-content\/uploads\/2021\/04\/salida.jpg 700w\" sizes=\"auto, (max-width: 320px) 100vw, 320px\" \/>\t\t\t\t\t<\/div>\n\t\t\t\t\t<a class=\"wd-fill\" href=\"https:\/\/desarrollocristiano.pe\/pastor-que-hacer-cuando-un-miembro-se-va-de-tu-iglesia\/\"><\/a>\n\t\t\t\t\n\t\t\t\t\t\t\t\t\t\t\t\t<div class=\"wd-post-date wd-style-with-bg\">\n\t\t\t\t<span class=\"post-date-day\">\n\t\t\t\t\t17\t\t\t\t<\/span>\n\t\t\t\t<span class=\"post-date-month\">\n\t\t\t\t\tAbr\t\t\t\t<\/span>\n\t\t\t<\/div>\n\t\t\t\t\t\t\t\t\t<\/div>\n\t\t\n\t\t<div class=\"wd-post-content article-body-container\">\n\t\t\t\t\t\t\t<div class=\"wd-post-cat wd-style-with-bg meta-post-categories\">\n\t\t\t\t\t<a href=\"https:\/\/desarrollocristiano.pe\/categorias\/ministerio-pastoral\/\" rel=\"category tag\">Ministerio pastoral<\/a>\t\t\t\t<\/div>\n\t\t\t\n\t\t\t\t\t\t\t<h3 class=\"wd-post-title wd-entities-title title post-title\">\n\t\t\t\t\t<a href=\"https:\/\/desarrollocristiano.pe\/pastor-que-hacer-cuando-un-miembro-se-va-de-tu-iglesia\/\" rel=\"bookmark\">Pastor: qu\u00e9 hacer cuando un miembro se va de tu iglesia<\/a>\n\t\t\t\t<\/h3>\n\t\t\t\n\t\t\t\t\t\t\t<div class=\"wd-post-meta\">\n\t\t\t\t\t\t\t\t\t\t\t\t\t\t\t<div class=\"wd-post-author\">\n\t\t\t\t\t\t\t\t\t\t\t<span>Posteado por<\/span>\n\t\t\n\t\t\t\t\t<img alt='author-avatar' src='https:\/\/secure.gravatar.com\/avatar\/8f331515e2139e7ffacac78d5e21bc88ee625065cad5d063ef4da73b7cbcfc2d?s=18&#038;d=mm&#038;r=g' srcset='https:\/\/secure.gravatar.com\/avatar\/8f331515e2139e7ffacac78d5e21bc88ee625065cad5d063ef4da73b7cbcfc2d?s=36&#038;d=mm&#038;r=g 2x' class='avatar avatar-18 photo' height='18' width='18' loading='lazy' decoding='async'\/>\t\t\n\t\t\t\t\t<a href=\"https:\/\/desarrollocristiano.pe\/author\/aprnimda7720\/\" class=\"author\" rel=\"author\">Administrador<\/a>\n\t\t\t\t\t\t\t\t\t<\/div>\n\t\t\t\t\t<div class=\"wd-modified-date\">\n\t\t\t\t\t\t\t\t<time class=\"updated\" datetime=\"2021-04-15T20:56:52-05:00\">\n\t\t\t15\/04\/2021\t\t<\/time>\n\t\t\t\t\t\t\t<\/div>\n\n\t\t\t\t\t\t\t\t\t\t\t<div class=\"wd-post-share wd-tltp\">\n\t\t\t\t\t\t\t<div class=\"tooltip top\">\n\t\t\t\t\t\t\t\t<div class=\"tooltip-inner\">\n\t\t\t\t\t\t\t\t\t\t\t\t<div\n\t\t\t\t\t\tclass=\" wd-social-icons  wd-style-default wd-size-small social-share wd-shape-circle color-scheme-light text-center\">\n\t\t\t\t\n\t\t\t\t\n\t\t\t\t\t\t\t\t\t<a rel=\"noopener noreferrer nofollow\" href=\"https:\/\/www.facebook.com\/sharer\/sharer.php?u=https:\/\/desarrollocristiano.pe\/articulos-pastorales\/\" target=\"_blank\" class=\" wd-social-icon social-facebook\" aria-label=\"Facebook social link\">\n\t\t\t\t\t\t<span class=\"wd-icon\"><\/span>\n\t\t\t\t\t\t\t\t\t\t\t<\/a>\n\t\t\t\t\n\t\t\t\t\t\t\t\t\t<a rel=\"noopener noreferrer nofollow\" href=\"https:\/\/x.com\/share?url=https:\/\/desarrollocristiano.pe\/articulos-pastorales\/\" target=\"_blank\" class=\" wd-social-icon social-twitter\" aria-label=\"X social link\">\n\t\t\t\t\t\t<span class=\"wd-icon\"><\/span>\n\t\t\t\t\t\t\t\t\t\t\t<\/a>\n\t\t\t\t\n\t\t\t\t\n\t\t\t\t\t\t\t\t\t<a rel=\"noopener noreferrer nofollow\" href=\"mailto:?subject=Check%20this%20https:\/\/desarrollocristiano.pe\/articulos-pastorales\/\" target=\"_blank\" class=\" wd-social-icon social-email\" aria-label=\"Email social link\">\n\t\t\t\t\t\t<span class=\"wd-icon\"><\/span>\n\t\t\t\t\t\t\t\t\t\t\t<\/a>\n\t\t\t\t\n\t\t\t\t\n\t\t\t\t\n\t\t\t\t\n\t\t\t\t\t\t\t\t\t<a rel=\"noopener noreferrer nofollow\" href=\"https:\/\/pinterest.com\/pin\/create\/button\/?url=https:\/\/desarrollocristiano.pe\/articulos-pastorales\/&media=https:\/\/desarrollocristiano.pe\/wp-content\/uploads\/2021\/04\/salida.jpg&description=Pastor%3A+qu%C3%A9+hacer+cuando+un+miembro+se+va+de+tu+iglesia\" target=\"_blank\" class=\" wd-social-icon social-pinterest\" aria-label=\"Pinterest social link\">\n\t\t\t\t\t\t<span class=\"wd-icon\"><\/span>\n\t\t\t\t\t\t\t\t\t\t\t<\/a>\n\t\t\t\t\n\t\t\t\t\n\t\t\t\t\t\t\t\t\t<a rel=\"noopener noreferrer nofollow\" href=\"https:\/\/www.linkedin.com\/shareArticle?mini=true&url=https:\/\/desarrollocristiano.pe\/articulos-pastorales\/\" target=\"_blank\" class=\" wd-social-icon social-linkedin\" aria-label=\"Linkedin social link\">\n\t\t\t\t\t\t<span class=\"wd-icon\"><\/span>\n\t\t\t\t\t\t\t\t\t\t\t<\/a>\n\t\t\t\t\n\t\t\t\t\n\t\t\t\t\n\t\t\t\t\n\t\t\t\t\n\t\t\t\t\n\t\t\t\t\n\t\t\t\t\n\t\t\t\t\n\t\t\t\t\t\t\t\t\t<a rel=\"noopener noreferrer nofollow\" href=\"https:\/\/api.whatsapp.com\/send?text=https%3A%2F%2Fdesarrollocristiano.pe%2Farticulos-pastorales%2F\" target=\"_blank\" class=\"wd-hide-md  wd-social-icon social-whatsapp\" aria-label=\"WhatsApp social link\">\n\t\t\t\t\t\t<span class=\"wd-icon\"><\/span>\n\t\t\t\t\t\t\t\t\t\t\t<\/a>\n\n\t\t\t\t\t<a rel=\"noopener noreferrer nofollow\" href=\"whatsapp:\/\/send?text=https%3A%2F%2Fdesarrollocristiano.pe%2Farticulos-pastorales%2F\" target=\"_blank\" class=\"wd-hide-lg  wd-social-icon social-whatsapp\" aria-label=\"WhatsApp social link\">\n\t\t\t\t\t\t<span class=\"wd-icon\"><\/span>\n\t\t\t\t\t\t\t\t\t\t\t<\/a>\n\t\t\t\t\n\t\t\t\t\n\t\t\t\t\n\t\t\t\t\n\t\t\t\t\n\t\t\t\t\n\t\t\t\t\t\t\t\t\t<a rel=\"noopener noreferrer nofollow\" href=\"https:\/\/telegram.me\/share\/url?url=https:\/\/desarrollocristiano.pe\/articulos-pastorales\/\" target=\"_blank\" class=\" wd-social-icon social-tg\" aria-label=\"Telegram social link\">\n\t\t\t\t\t\t<span class=\"wd-icon\"><\/span>\n\t\t\t\t\t\t\t\t\t\t\t<\/a>\n\t\t\t\t\n\t\t\t\t\n\t\t\t<\/div>\n\n\t\t\t\t\t\t\t\t\t\t<\/div>\n\t\t\t\t\t\t\t\t<div class=\"tooltip-arrow\"><\/div>\n\t\t\t\t\t\t\t<\/div>\n\t\t\t\t\t\t<\/div>\n\t\t\t\t\t\n\t\t\t\t\t\t\t\t\t\t\t\t\t\t\t\t\t<div class=\"wd-post-reply wd-style-1\">\n\t\t\t\t\t\t\t<a href=\"https:\/\/desarrollocristiano.pe\/pastor-que-hacer-cuando-un-miembro-se-va-de-tu-iglesia\/#respond\"><span class=\"wd-replies-count\">0<\/span><\/a>\t\t\t\t\t\t<\/div>\n\t\t\t\t\t\t\t\t\t<\/div>\n\t\t\t\n\t\t\t\t\t\t\t\t\t\t\t\t<div class=\"wd-post-excerpt entry-content\">\n\t\t\t\t\t\t<div class=\"wpb-content-wrapper\"><div class=\"vc_row wpb_row vc_row-fluid\"><div class=\"wpb_column vc_column_container vc_col-sm-12\"><div class=\"vc_column-inner\"><div class=\"wpb_wrapper\">\n\t<div class=\"wpb_text_column wpb_content_element texto_parrafo text-larger\" >\n\t\t<div class=\"wpb_wrapper\">\n\t\t\t<p>Por: <b><span lang=\"es\" tabindex=\"0\"><strong>Bryan Pain<\/strong><\/span><\/b><br \/>\nFuente: <a href=\"https:\/\/www.coalicionporelevangelio.org\/articulo\/mujeres-reales-no-virtuales\/\" target=\"_blank\" rel=\"noopener noreferrer\">Coalici\u00f3n por el Evangelio<\/a><\/p>\n<p>Los pastores abrazan el llamado a plantar una nueva iglesia con alegr\u00eda y entusiasmo por todo lo que Dios puede y har\u00e1 en esa nueva temporada de ministerio. De hecho, muchos pastores tienen sue\u00f1os y visiones para la iglesia: crecimiento exponencial, membres\u00eda como la de Cristo, amistades, alegr\u00eda para su familia, y a\u00f1os de fruct\u00edfero servicio. Pero, \u00bfqu\u00e9 haces cuando la realidad no coincide con tus expectativas? \u00bfQu\u00e9 haces cuando las personas con las que has compartido la vida (personas a las que has llegado a amar sirviendo con ellos y junto a ellos) abandonan la iglesia? \u00bfC\u00f3mo respondes cuando la iglesia comienza a reducir su asistencia en lugar de crecer?<\/p>\n<p>Estas temporadas de decadencia pueden convertirse en tiempos de duda: \u00bfpuedo realmente dirigir la iglesia? \u00bfMe ha abandonado Dios? \u00bfEs todo culpa m\u00eda? A trav\u00e9s de veinte a\u00f1os de ministerio pastoral, y despu\u00e9s de haber atravesado temporadas de crecimiento y declive, ofrezco humildemente seis consejos a considerar cuando veas miembros que se van de la iglesia.<\/p>\n<p><b>1) Ora.<\/b> Ora por las familias que se van y ora por los que se quedan. En muchas congregaciones, los miembros han adorado juntos durante d\u00e9cadas. La realidad es que cuando una familia se va y otra se queda, el dolor y los sentimientos de separaci\u00f3n son similares a un divorcio. Esta es una temporada en la que tu vida de oraci\u00f3n es vital para tu salud y la salud de la congregaci\u00f3n (ve la consideraci\u00f3n seis).<\/p>\n<p>2) <b>Pregunta<\/b>. Cuando sepas que una familia se va (o descubres que se ha ido), programa una hora para sentarte con ellos y preguntar por qu\u00e9. No uses este tiempo para discutir tu posici\u00f3n o tratar de recuperarlos. M\u00e1s bien, pregunta por qu\u00e9 para que puedas saber mejor c\u00f3mo ministrar a los que se quedan. No siempre te gustar\u00e1 la respuesta. Puede que no veas como v\u00e1lidas las razones. Lo m\u00e1s probable es que no est\u00e9s de acuerdo con que irse es una soluci\u00f3n. Y sin embargo, al escuchar la respuesta puedes sentirte humilde y tener los ojos abiertos a los errores que has cometido. Incluso cuando no est\u00e1s de acuerdo con la decisi\u00f3n de irse, puede haber un n\u00facleo de verdad en su razonamiento que te lleve a la confesi\u00f3n y arrepentimiento ante el Se\u00f1or. Esto me lleva a un tercer consejo\u2026<\/p>\n<p>3) <b>Eval\u00faa<\/b>. A menudo las familias se van porque la iglesia ha hecho \u201ccambios\u201d. El cambio es como una maldici\u00f3n en muchas iglesias. Estos cambios pueden ser estil\u00edsticos con respecto al culto, o estructurales con respecto al edificio, o personal con respecto al personal o liderazgo laico. Cuando las personas se van debido a un cambio, es un buen momento para evaluar si has comunicado los cambios claramente y has expresado razones significativas para los cambios. Un cambio significativo puede ocurrir en la iglesia cuando hay una comprensi\u00f3n clara del \u201cpor qu\u00e9\u201d para el cambio.<\/p>\n<p>4) <b>Habla<\/b>. Pasa tiempo reuni\u00e9ndote y hablando con los miembros sobre por qu\u00e9 la gente se va. Hazles saber a tus miembros que te preocupas por este problema y que es doloroso para ti. Expresa tu amor por aquellos que se fueron, por la iglesia, y por aquellos que est\u00e1n sufriendo por la p\u00e9rdida de la membres\u00eda. Al reconocer el problema de las personas que se van, los miembros de la congregaci\u00f3n sabr\u00e1n que t\u00fa est\u00e1s al tanto del problema y que te importa. Tu silencio aqu\u00ed puede comunicar que no te importa o que no lo sabes.<\/p>\n<p>5) <b>Muestra atenci\u00f3n.<\/b> En temporadas de decadencia, enf\u00f3cate en el evangelio y su proclamaci\u00f3n. Recu\u00e9rdate a ti mismo y a los miembros de la iglesia que Dios es fiel y que Jes\u00fas edificar\u00e1 su iglesia. Concentra tu atenci\u00f3n y llama la atenci\u00f3n de la iglesia a aquellos lugares donde Dios est\u00e1 trabajando (nuevos miembros, testimonios de victoria, transformaci\u00f3n en la vida de los miembros, etc.) y celebra esas realidades.<\/p>\n<p>6) <b>Renueva<\/b>. Cuando atravieses una temporada dif\u00edcil de ministerio, recuerda el llamado de Dios. P\u00eddele a Dios que renueve y restaure el gozo de su salvaci\u00f3n y su llamado al ministerio. Pasa m\u00e1s tiempo en su Palabra y en oraci\u00f3n, sabiendo que necesitas estar lleno espiritualmente para derramarte en una congregaci\u00f3n que est\u00e1 sufriendo.<\/p>\n<p>El pastor sigue predicando la Palabra de Dios y llamando a su congregaci\u00f3n a una rendici\u00f3n m\u00e1s profunda y un compromiso renovado con el Se\u00f1or. Oro para que Dios use esta temporada de declive para llevarte a una rendici\u00f3n m\u00e1s profunda y un compromiso renovado tambi\u00e9n.<\/p>\n<hr \/>\n<h6>Publicado originalmente en<a href=\"https:\/\/ftc.co\/resource-library\/1\/4867\"> For the Church<\/a>. Traducido por Equipo Coalici\u00f3n.<\/h6>\n\n\t\t<\/div>\n\t<\/div>\n<\/div><\/div><\/div><\/div><div class=\"vc_row wpb_row vc_row-fluid vc_custom_1615074577655 vc_row-has-fill\"><div class=\"wpb_column vc_column_container vc_col-sm-12\"><div class=\"vc_column-inner\"><div class=\"wpb_wrapper\">\t\t\t<div class=\"info-box-wrapper inline-element\">\n\t\t\t\t<div id=\"wd-6078ec47971b1\" class=\" wd-rs-6078ec47971b1 wd-info-box wd-wpb text-left box-icon-align-left box-style- color-scheme- wd-bg-none wd-items-top \">\n\t\t\t\t\t\t\t\t\t\t<div class=\"info-box-content\">\n\t\t\t\t\t\t<h4 class=\"info-box-title title box-title-style-default wd-fontsize-m\">Sobre el Autor...<\/h4>\t\t\t\t\t\t<div class=\"info-box-inner reset-last-child\"><p><span lang=\"es\" tabindex=\"0\"><strong>Bryan Pain<\/strong> es el pastor principal de la Primera Iglesia Bautista en Duncan, OK. Ha estado en el ministerio pastoral durante veinti\u00fan a\u00f1os. Ha estado casado con su esposa, Shonda, durante veinticinco a\u00f1os. Tienen tres hijos: Raylee (19), Morgan (17) e Isaac (13). \u00c9l tiene un M.Div. de SWBTS (2001) y un D.Min de SBTS (2010). Actualmente es Doctor en Teolog\u00eda Hist\u00f3rica. estudiante en MBTS y tambi\u00e9n sirve como Secretario de la Junta de S\u00edndicos en MBTS.<\/span><\/p>\n<\/div>\n\n\t\t\t\t\t\t\t\t\t\t\t<\/div>\n\n\t\t\t\t\t\n\t\t\t\t\t<style>#wd-6078ec47971b1 .info-box-icon {background-color:  !important;}<\/style>\t\t\t\t<\/div>\n\t\t\t<\/div>\n\t\t<\/div><\/div><\/div><\/div>\n<\/div>\t\t\t\t\t<\/div>\n\t\t\t\t\n\t\t\t\t\t\t\t\t\t<\/div>\n\t<\/div>\n<\/article>\n\n\t\t\t\t\t\t\t\t\t\t\t\n<article id=\"post-59365\" class=\"wd-post blog-design-chess blog-post-loop blog-design-small-images blog-style-bg wd-add-shadow wd-col post-59365 post type-post status-publish format-standard has-post-thumbnail hentry category-matrimonio\">\n\t<div class=\"wd-post-inner article-inner\">\n\t\t\t\t\t<div class=\"wd-post-thumb entry-header\">\n\t\t\t\t\t\t\t\t\t<div class=\"wd-post-img post-img-wrapp\">\n\t\t\t\t\t\t<img width=\"320\" height=\"160\" src=\"https:\/\/desarrollocristiano.pe\/wp-content\/uploads\/2021\/04\/matrimonio-320x160.jpg\" class=\"attachment-large size-large\" alt=\"\" decoding=\"async\" loading=\"lazy\" srcset=\"https:\/\/desarrollocristiano.pe\/wp-content\/uploads\/2021\/04\/matrimonio-320x160.jpg 320w, https:\/\/desarrollocristiano.pe\/wp-content\/uploads\/2021\/04\/matrimonio-600x300.jpg 600w, https:\/\/desarrollocristiano.pe\/wp-content\/uploads\/2021\/04\/matrimonio-150x75.jpg 150w, https:\/\/desarrollocristiano.pe\/wp-content\/uploads\/2021\/04\/matrimonio.jpg 700w\" sizes=\"auto, (max-width: 320px) 100vw, 320px\" \/>\t\t\t\t\t<\/div>\n\t\t\t\t\t<a class=\"wd-fill\" href=\"https:\/\/desarrollocristiano.pe\/a-trabajar\/\"><\/a>\n\t\t\t\t\n\t\t\t\t\t\t\t\t\t\t\t\t<div class=\"wd-post-date wd-style-with-bg\">\n\t\t\t\t<span class=\"post-date-day\">\n\t\t\t\t\t15\t\t\t\t<\/span>\n\t\t\t\t<span class=\"post-date-month\">\n\t\t\t\t\tAbr\t\t\t\t<\/span>\n\t\t\t<\/div>\n\t\t\t\t\t\t\t\t\t<\/div>\n\t\t\n\t\t<div class=\"wd-post-content article-body-container\">\n\t\t\t\t\t\t\t<div class=\"wd-post-cat wd-style-with-bg meta-post-categories\">\n\t\t\t\t\t<a href=\"https:\/\/desarrollocristiano.pe\/categorias\/relaciones\/matrimonio\/\" rel=\"category tag\">Matrimonio<\/a>\t\t\t\t<\/div>\n\t\t\t\n\t\t\t\t\t\t\t<h3 class=\"wd-post-title wd-entities-title title post-title\">\n\t\t\t\t\t<a href=\"https:\/\/desarrollocristiano.pe\/a-trabajar\/\" rel=\"bookmark\">\u00a1A trabajar!<\/a>\n\t\t\t\t<\/h3>\n\t\t\t\n\t\t\t\t\t\t\t<div class=\"wd-post-meta\">\n\t\t\t\t\t\t\t\t\t\t\t\t\t\t\t<div class=\"wd-post-author\">\n\t\t\t\t\t\t\t\t\t\t\t<span>Posteado por<\/span>\n\t\t\n\t\t\t\t\t<img alt='author-avatar' src='https:\/\/secure.gravatar.com\/avatar\/8f331515e2139e7ffacac78d5e21bc88ee625065cad5d063ef4da73b7cbcfc2d?s=18&#038;d=mm&#038;r=g' srcset='https:\/\/secure.gravatar.com\/avatar\/8f331515e2139e7ffacac78d5e21bc88ee625065cad5d063ef4da73b7cbcfc2d?s=36&#038;d=mm&#038;r=g 2x' class='avatar avatar-18 photo' height='18' width='18' loading='lazy' decoding='async'\/>\t\t\n\t\t\t\t\t<a href=\"https:\/\/desarrollocristiano.pe\/author\/aprnimda7720\/\" class=\"author\" rel=\"author\">Administrador<\/a>\n\t\t\t\t\t\t\t\t\t<\/div>\n\t\t\t\t\t<div class=\"wd-modified-date\">\n\t\t\t\t\t\t\t\t<time class=\"updated\" datetime=\"2021-04-15T20:15:59-05:00\">\n\t\t\t15\/04\/2021\t\t<\/time>\n\t\t\t\t\t\t\t<\/div>\n\n\t\t\t\t\t\t\t\t\t\t\t<div class=\"wd-post-share wd-tltp\">\n\t\t\t\t\t\t\t<div class=\"tooltip top\">\n\t\t\t\t\t\t\t\t<div class=\"tooltip-inner\">\n\t\t\t\t\t\t\t\t\t\t\t\t<div\n\t\t\t\t\t\tclass=\" wd-social-icons  wd-style-default wd-size-small social-share wd-shape-circle color-scheme-light text-center\">\n\t\t\t\t\n\t\t\t\t\n\t\t\t\t\t\t\t\t\t<a rel=\"noopener noreferrer nofollow\" href=\"https:\/\/www.facebook.com\/sharer\/sharer.php?u=https:\/\/desarrollocristiano.pe\/articulos-pastorales\/\" target=\"_blank\" class=\" wd-social-icon social-facebook\" aria-label=\"Facebook social link\">\n\t\t\t\t\t\t<span class=\"wd-icon\"><\/span>\n\t\t\t\t\t\t\t\t\t\t\t<\/a>\n\t\t\t\t\n\t\t\t\t\t\t\t\t\t<a rel=\"noopener noreferrer nofollow\" href=\"https:\/\/x.com\/share?url=https:\/\/desarrollocristiano.pe\/articulos-pastorales\/\" target=\"_blank\" class=\" wd-social-icon social-twitter\" aria-label=\"X social link\">\n\t\t\t\t\t\t<span class=\"wd-icon\"><\/span>\n\t\t\t\t\t\t\t\t\t\t\t<\/a>\n\t\t\t\t\n\t\t\t\t\n\t\t\t\t\t\t\t\t\t<a rel=\"noopener noreferrer nofollow\" href=\"mailto:?subject=Check%20this%20https:\/\/desarrollocristiano.pe\/articulos-pastorales\/\" target=\"_blank\" class=\" wd-social-icon social-email\" aria-label=\"Email social link\">\n\t\t\t\t\t\t<span class=\"wd-icon\"><\/span>\n\t\t\t\t\t\t\t\t\t\t\t<\/a>\n\t\t\t\t\n\t\t\t\t\n\t\t\t\t\n\t\t\t\t\n\t\t\t\t\t\t\t\t\t<a rel=\"noopener noreferrer nofollow\" href=\"https:\/\/pinterest.com\/pin\/create\/button\/?url=https:\/\/desarrollocristiano.pe\/articulos-pastorales\/&media=https:\/\/desarrollocristiano.pe\/wp-content\/uploads\/2021\/04\/matrimonio.jpg&description=%C2%A1A+trabajar%21\" target=\"_blank\" class=\" wd-social-icon social-pinterest\" aria-label=\"Pinterest social link\">\n\t\t\t\t\t\t<span class=\"wd-icon\"><\/span>\n\t\t\t\t\t\t\t\t\t\t\t<\/a>\n\t\t\t\t\n\t\t\t\t\n\t\t\t\t\t\t\t\t\t<a rel=\"noopener noreferrer nofollow\" href=\"https:\/\/www.linkedin.com\/shareArticle?mini=true&url=https:\/\/desarrollocristiano.pe\/articulos-pastorales\/\" target=\"_blank\" class=\" wd-social-icon social-linkedin\" aria-label=\"Linkedin social link\">\n\t\t\t\t\t\t<span class=\"wd-icon\"><\/span>\n\t\t\t\t\t\t\t\t\t\t\t<\/a>\n\t\t\t\t\n\t\t\t\t\n\t\t\t\t\n\t\t\t\t\n\t\t\t\t\n\t\t\t\t\n\t\t\t\t\n\t\t\t\t\n\t\t\t\t\n\t\t\t\t\t\t\t\t\t<a rel=\"noopener noreferrer nofollow\" href=\"https:\/\/api.whatsapp.com\/send?text=https%3A%2F%2Fdesarrollocristiano.pe%2Farticulos-pastorales%2F\" target=\"_blank\" class=\"wd-hide-md  wd-social-icon social-whatsapp\" aria-label=\"WhatsApp social link\">\n\t\t\t\t\t\t<span class=\"wd-icon\"><\/span>\n\t\t\t\t\t\t\t\t\t\t\t<\/a>\n\n\t\t\t\t\t<a rel=\"noopener noreferrer nofollow\" href=\"whatsapp:\/\/send?text=https%3A%2F%2Fdesarrollocristiano.pe%2Farticulos-pastorales%2F\" target=\"_blank\" class=\"wd-hide-lg  wd-social-icon social-whatsapp\" aria-label=\"WhatsApp social link\">\n\t\t\t\t\t\t<span class=\"wd-icon\"><\/span>\n\t\t\t\t\t\t\t\t\t\t\t<\/a>\n\t\t\t\t\n\t\t\t\t\n\t\t\t\t\n\t\t\t\t\n\t\t\t\t\n\t\t\t\t\n\t\t\t\t\t\t\t\t\t<a rel=\"noopener noreferrer nofollow\" href=\"https:\/\/telegram.me\/share\/url?url=https:\/\/desarrollocristiano.pe\/articulos-pastorales\/\" target=\"_blank\" class=\" wd-social-icon social-tg\" aria-label=\"Telegram social link\">\n\t\t\t\t\t\t<span class=\"wd-icon\"><\/span>\n\t\t\t\t\t\t\t\t\t\t\t<\/a>\n\t\t\t\t\n\t\t\t\t\n\t\t\t<\/div>\n\n\t\t\t\t\t\t\t\t\t\t<\/div>\n\t\t\t\t\t\t\t\t<div class=\"tooltip-arrow\"><\/div>\n\t\t\t\t\t\t\t<\/div>\n\t\t\t\t\t\t<\/div>\n\t\t\t\t\t\n\t\t\t\t\t\t\t\t\t\t\t\t\t\t\t\t\t<div class=\"wd-post-reply wd-style-1\">\n\t\t\t\t\t\t\t<a href=\"https:\/\/desarrollocristiano.pe\/a-trabajar\/#comments\"><span class=\"wd-replies-count\">1<\/span><\/a>\t\t\t\t\t\t<\/div>\n\t\t\t\t\t\t\t\t\t<\/div>\n\t\t\t\n\t\t\t\t\t\t\t\t\t\t\t\t<div class=\"wd-post-excerpt entry-content\">\n\t\t\t\t\t\t<div class=\"wpb-content-wrapper\"><div class=\"vc_row wpb_row vc_row-fluid\"><div class=\"wpb_column vc_column_container vc_col-sm-12\"><div class=\"vc_column-inner\"><div class=\"wpb_wrapper\">\n\t<div class=\"wpb_text_column wpb_content_element texto_parrafo text-larger\" >\n\t\t<div class=\"wpb_wrapper\">\n\t\t\t<p>Fuente: <a href=\"http:\/\/desarrollocristiano.com\/a-trabajar\/\" target=\"_blank\" rel=\"noopener noreferrer\">Desarrollo Cristiano Internacional<\/a><\/p>\n<p>La comuni\u00f3n exige comunicaci\u00f3n; cuando esta falta, se originan situaciones deplorables en m\u00e1s del 50% de las parejas.<\/p>\n<p>Todas las parejas experimentan conflictos y desacuerdos en su relaci\u00f3n. Los problemas son parte de la vida. El ideal en la relaci\u00f3n matrimonial no es vivir sin conflictos, sino saber c\u00f3mo enfrentarlos e, incluso, utilizarlos convenientemente para el crecimiento de ambos. Para lograrlo se requiere una correcta comunicaci\u00f3n, y la comunicaci\u00f3n sin reservas debe practicarse con perseverancia. Para lograr esto, recomendamos:<\/p>\n<ul>\n<li>No reh\u00fases abordar los temas de fricci\u00f3n o controversia; pero para ello controla los sentimientos de modo positivo.<\/li>\n<li>Encuentra el momento oportuno para conversar. Recuerda que los dos deben lograr el acuerdo.<\/li>\n<li>Ataca el problema, no a la persona.<\/li>\n<li>Intenta siempre mejorar tu propia actitud, pero no intentes cambiar la de la otra persona.<\/li>\n<li>Evita el uso de palabras cargadas de emociones como: \u00aben realidad no me amas\u00bb, \u00absiempre haces tal o cual cosa\u00bb, \u00abnada haces bien\u00bb, \u00abqu\u00e9 me importa\u00bb, \u00abnunca dices algo con sentido\u00bb. Y cu\u00eddate mucho de herir con frases como: \u00aberes una est\u00fapida\u00bb, \u00aberes un tonto\u00bb, \u00ab\u00bfest\u00e1s sordo?\u00bb.<\/li>\n<li>Responsabil\u00edzate de tus propias opiniones, palabras, acciones y reacciones. No eches la culpa a tu pareja de lo que haces o dices.<\/li>\n<li>Evita retomar temas de discusiones pasadas.<\/li>\n<li>Enfrenta un problema a la vez y, luego, encara el siguiente.<\/li>\n<li>Oc\u00fapate del presente y no del pasado, a no ser que te ayude a resolver el problema actual; de otro modo, lo \u00fanico que lograr\u00e1s ser\u00e1 reflotar puntos de desacuerdos.<\/li>\n<li>Expresa tus pensamientos y preocupaciones. Escucha, comprende y responde con amabilidad.<\/li>\n<li>Suaviza el comienzo de una discusi\u00f3n. Separa un tiempo especial del d\u00eda o de la noche, cuando todos se han ido a dormir. Nunca lo trates por tel\u00e9fono o mail.<\/li>\n<li>Esfu\u00e9rzate en comprender con el mismo ah\u00ednco con el que solicitas ser comprendido.<\/li>\n<li>Nunca resuelvas conflictos en p\u00fablico ni reveles cosas privadas a cualquiera.<\/li>\n<li>No mezcles a terceras personas. Una discusi\u00f3n entre dos, exclusivamente, es m\u00e1s f\u00e1cil de terminar que si toma parte en ella todo el pueblo o toda la familia.<\/li>\n<li>No mezcles temas. Algunas personas aprovechan un momento de tensi\u00f3n para descargar rencores secretos.<\/li>\n<li>Perdona y olvida el pasado, no trates de resucitar muertos.<\/li>\n<li>Acepta la posibilidad de que est\u00e9s equivocado. Muestra disposici\u00f3n a reconocer tus propios errores.<\/li>\n<li>Comienza y termina el tema de discusi\u00f3n con una oraci\u00f3n. Dios siempre est\u00e1 presente. Comp\u00f3rtate de una manera que lo honre.<\/li>\n<\/ul>\n<p><strong>Desaf\u00edo para el mes<\/strong><\/p>\n<p>Reflexiona junto a tu c\u00f3nyuge en la siguiente cita:<\/p>\n<p>La comunicaci\u00f3n es m\u00e1s que el deseo de hablar y escuchar; debe incluir la disposici\u00f3n de lograr objetivos y metas comunes. En el matrimonio debemos buscar palabras positivas, abundantes, personales y amorosas. Positivas, porque siempre voy a hablar bien de la persona que amo, en su presencia o ausencia. Abundantes, porque voy a esforzarme en reconocerla con palabras, con miradas y con gestos. Personales, porque existe un c\u00f3digo de comunicaci\u00f3n en cada pareja que debe pertenecer solo a ellos. Un cruce de miradas, un gesto con una mano, un movimiento de pie. Amorosas, porque estas palabras deben partir de un coraz\u00f3n respetuoso, honesto, fiel y perdonador, pues la ira, el enfado, el enojo y el dolor, deben dar paso a la reconciliaci\u00f3n y al perd\u00f3n (Sixto Porras).<\/p>\n<p>Nuestro anhelo es que pueda vivir estos consejos en esta semana y que su familia sea mucho m\u00e1s feliz por ello.<\/p>\n<p>&nbsp;<\/p>\n<p><em>Silvia es m\u00e9dica, especializada en sexualidad humana. Jos\u00e9 Luis es abogado. Son autores de numerosos libros, conferencistas internacionales y directores del sitio placeresperfectos.com.ar (consultas@placeresperfectos.com.ar). Juntos, pastorean la Iglesia \u00abDe la Ciudad\u00bb, en Resistencia, provincia de Chaco, Argentina.<\/em><\/p>\n<p><em>Todos los derechos reservados. Se publica con permiso de los autores.<\/em><\/p>\n\n\t\t<\/div>\n\t<\/div>\n<\/div><\/div><\/div><\/div>\n<\/div>\t\t\t\t\t<\/div>\n\t\t\t\t\n\t\t\t\t\t\t\t\t\t<\/div>\n\t<\/div>\n<\/article>\n\n\t\t\t\t\t\t\t\t\t\t\t\n<article id=\"post-59358\" class=\"wd-post blog-design-chess blog-post-loop blog-design-small-images blog-style-bg wd-add-shadow wd-col post-59358 post type-post status-publish format-standard has-post-thumbnail hentry category-devocionales\">\n\t<div class=\"wd-post-inner article-inner\">\n\t\t\t\t\t<div class=\"wd-post-thumb entry-header\">\n\t\t\t\t\t\t\t\t\t<div class=\"wd-post-img post-img-wrapp\">\n\t\t\t\t\t\t<img width=\"320\" height=\"160\" src=\"https:\/\/desarrollocristiano.pe\/wp-content\/uploads\/2021\/04\/perspectiva-320x160.jpg\" class=\"attachment-large size-large\" alt=\"\" decoding=\"async\" loading=\"lazy\" srcset=\"https:\/\/desarrollocristiano.pe\/wp-content\/uploads\/2021\/04\/perspectiva-320x160.jpg 320w, https:\/\/desarrollocristiano.pe\/wp-content\/uploads\/2021\/04\/perspectiva-600x300.jpg 600w, https:\/\/desarrollocristiano.pe\/wp-content\/uploads\/2021\/04\/perspectiva-150x75.jpg 150w, https:\/\/desarrollocristiano.pe\/wp-content\/uploads\/2021\/04\/perspectiva.jpg 700w\" sizes=\"auto, (max-width: 320px) 100vw, 320px\" \/>\t\t\t\t\t<\/div>\n\t\t\t\t\t<a class=\"wd-fill\" href=\"https:\/\/desarrollocristiano.pe\/nuestra-perspectiva\/\"><\/a>\n\t\t\t\t\n\t\t\t\t\t\t\t\t\t\t\t\t<div class=\"wd-post-date wd-style-with-bg\">\n\t\t\t\t<span class=\"post-date-day\">\n\t\t\t\t\t10\t\t\t\t<\/span>\n\t\t\t\t<span class=\"post-date-month\">\n\t\t\t\t\tAbr\t\t\t\t<\/span>\n\t\t\t<\/div>\n\t\t\t\t\t\t\t\t\t<\/div>\n\t\t\n\t\t<div class=\"wd-post-content article-body-container\">\n\t\t\t\t\t\t\t<div class=\"wd-post-cat wd-style-with-bg meta-post-categories\">\n\t\t\t\t\t<a href=\"https:\/\/desarrollocristiano.pe\/categorias\/devocionales\/\" rel=\"category tag\">Devocionales<\/a>\t\t\t\t<\/div>\n\t\t\t\n\t\t\t\t\t\t\t<h3 class=\"wd-post-title wd-entities-title title post-title\">\n\t\t\t\t\t<a href=\"https:\/\/desarrollocristiano.pe\/nuestra-perspectiva\/\" rel=\"bookmark\">Nuestra perspectiva<\/a>\n\t\t\t\t<\/h3>\n\t\t\t\n\t\t\t\t\t\t\t<div class=\"wd-post-meta\">\n\t\t\t\t\t\t\t\t\t\t\t\t\t\t\t<div class=\"wd-post-author\">\n\t\t\t\t\t\t\t\t\t\t\t<span>Posteado por<\/span>\n\t\t\n\t\t\t\t\t<img alt='author-avatar' src='https:\/\/secure.gravatar.com\/avatar\/8f331515e2139e7ffacac78d5e21bc88ee625065cad5d063ef4da73b7cbcfc2d?s=18&#038;d=mm&#038;r=g' srcset='https:\/\/secure.gravatar.com\/avatar\/8f331515e2139e7ffacac78d5e21bc88ee625065cad5d063ef4da73b7cbcfc2d?s=36&#038;d=mm&#038;r=g 2x' class='avatar avatar-18 photo' height='18' width='18' loading='lazy' decoding='async'\/>\t\t\n\t\t\t\t\t<a href=\"https:\/\/desarrollocristiano.pe\/author\/aprnimda7720\/\" class=\"author\" rel=\"author\">Administrador<\/a>\n\t\t\t\t\t\t\t\t\t<\/div>\n\t\t\t\t\t<div class=\"wd-modified-date\">\n\t\t\t\t\t\t\t\t<time class=\"updated\" datetime=\"2021-04-09T18:08:55-05:00\">\n\t\t\t09\/04\/2021\t\t<\/time>\n\t\t\t\t\t\t\t<\/div>\n\n\t\t\t\t\t\t\t\t\t\t\t<div class=\"wd-post-share wd-tltp\">\n\t\t\t\t\t\t\t<div class=\"tooltip top\">\n\t\t\t\t\t\t\t\t<div class=\"tooltip-inner\">\n\t\t\t\t\t\t\t\t\t\t\t\t<div\n\t\t\t\t\t\tclass=\" wd-social-icons  wd-style-default wd-size-small social-share wd-shape-circle color-scheme-light text-center\">\n\t\t\t\t\n\t\t\t\t\n\t\t\t\t\t\t\t\t\t<a rel=\"noopener noreferrer nofollow\" href=\"https:\/\/www.facebook.com\/sharer\/sharer.php?u=https:\/\/desarrollocristiano.pe\/articulos-pastorales\/\" target=\"_blank\" class=\" wd-social-icon social-facebook\" aria-label=\"Facebook social link\">\n\t\t\t\t\t\t<span class=\"wd-icon\"><\/span>\n\t\t\t\t\t\t\t\t\t\t\t<\/a>\n\t\t\t\t\n\t\t\t\t\t\t\t\t\t<a rel=\"noopener noreferrer nofollow\" href=\"https:\/\/x.com\/share?url=https:\/\/desarrollocristiano.pe\/articulos-pastorales\/\" target=\"_blank\" class=\" wd-social-icon social-twitter\" aria-label=\"X social link\">\n\t\t\t\t\t\t<span class=\"wd-icon\"><\/span>\n\t\t\t\t\t\t\t\t\t\t\t<\/a>\n\t\t\t\t\n\t\t\t\t\n\t\t\t\t\t\t\t\t\t<a rel=\"noopener noreferrer nofollow\" href=\"mailto:?subject=Check%20this%20https:\/\/desarrollocristiano.pe\/articulos-pastorales\/\" target=\"_blank\" class=\" wd-social-icon social-email\" aria-label=\"Email social link\">\n\t\t\t\t\t\t<span class=\"wd-icon\"><\/span>\n\t\t\t\t\t\t\t\t\t\t\t<\/a>\n\t\t\t\t\n\t\t\t\t\n\t\t\t\t\n\t\t\t\t\n\t\t\t\t\t\t\t\t\t<a rel=\"noopener noreferrer nofollow\" href=\"https:\/\/pinterest.com\/pin\/create\/button\/?url=https:\/\/desarrollocristiano.pe\/articulos-pastorales\/&media=https:\/\/desarrollocristiano.pe\/wp-content\/uploads\/2021\/04\/perspectiva.jpg&description=Nuestra+perspectiva\" target=\"_blank\" class=\" wd-social-icon social-pinterest\" aria-label=\"Pinterest social link\">\n\t\t\t\t\t\t<span class=\"wd-icon\"><\/span>\n\t\t\t\t\t\t\t\t\t\t\t<\/a>\n\t\t\t\t\n\t\t\t\t\n\t\t\t\t\t\t\t\t\t<a rel=\"noopener noreferrer nofollow\" href=\"https:\/\/www.linkedin.com\/shareArticle?mini=true&url=https:\/\/desarrollocristiano.pe\/articulos-pastorales\/\" target=\"_blank\" class=\" wd-social-icon social-linkedin\" aria-label=\"Linkedin social link\">\n\t\t\t\t\t\t<span class=\"wd-icon\"><\/span>\n\t\t\t\t\t\t\t\t\t\t\t<\/a>\n\t\t\t\t\n\t\t\t\t\n\t\t\t\t\n\t\t\t\t\n\t\t\t\t\n\t\t\t\t\n\t\t\t\t\n\t\t\t\t\n\t\t\t\t\n\t\t\t\t\t\t\t\t\t<a rel=\"noopener noreferrer nofollow\" href=\"https:\/\/api.whatsapp.com\/send?text=https%3A%2F%2Fdesarrollocristiano.pe%2Farticulos-pastorales%2F\" target=\"_blank\" class=\"wd-hide-md  wd-social-icon social-whatsapp\" aria-label=\"WhatsApp social link\">\n\t\t\t\t\t\t<span class=\"wd-icon\"><\/span>\n\t\t\t\t\t\t\t\t\t\t\t<\/a>\n\n\t\t\t\t\t<a rel=\"noopener noreferrer nofollow\" href=\"whatsapp:\/\/send?text=https%3A%2F%2Fdesarrollocristiano.pe%2Farticulos-pastorales%2F\" target=\"_blank\" class=\"wd-hide-lg  wd-social-icon social-whatsapp\" aria-label=\"WhatsApp social link\">\n\t\t\t\t\t\t<span class=\"wd-icon\"><\/span>\n\t\t\t\t\t\t\t\t\t\t\t<\/a>\n\t\t\t\t\n\t\t\t\t\n\t\t\t\t\n\t\t\t\t\n\t\t\t\t\n\t\t\t\t\n\t\t\t\t\t\t\t\t\t<a rel=\"noopener noreferrer nofollow\" href=\"https:\/\/telegram.me\/share\/url?url=https:\/\/desarrollocristiano.pe\/articulos-pastorales\/\" target=\"_blank\" class=\" wd-social-icon social-tg\" aria-label=\"Telegram social link\">\n\t\t\t\t\t\t<span class=\"wd-icon\"><\/span>\n\t\t\t\t\t\t\t\t\t\t\t<\/a>\n\t\t\t\t\n\t\t\t\t\n\t\t\t<\/div>\n\n\t\t\t\t\t\t\t\t\t\t<\/div>\n\t\t\t\t\t\t\t\t<div class=\"tooltip-arrow\"><\/div>\n\t\t\t\t\t\t\t<\/div>\n\t\t\t\t\t\t<\/div>\n\t\t\t\t\t\n\t\t\t\t\t\t\t\t\t\t\t\t\t\t\t\t\t<div class=\"wd-post-reply wd-style-1\">\n\t\t\t\t\t\t\t<a href=\"https:\/\/desarrollocristiano.pe\/nuestra-perspectiva\/#respond\"><span class=\"wd-replies-count\">0<\/span><\/a>\t\t\t\t\t\t<\/div>\n\t\t\t\t\t\t\t\t\t<\/div>\n\t\t\t\n\t\t\t\t\t\t\t\t\t\t\t\t<div class=\"wd-post-excerpt entry-content\">\n\t\t\t\t\t\t<div class=\"wpb-content-wrapper\"><div class=\"vc_row wpb_row vc_row-fluid\"><div class=\"wpb_column vc_column_container vc_col-sm-12\"><div class=\"vc_column-inner\"><div class=\"wpb_wrapper\">\n\t<div class=\"wpb_text_column wpb_content_element texto_parrafo text-larger\" >\n\t\t<div class=\"wpb_wrapper\">\n\t\t\t<p>Fuente: <a href=\"http:\/\/desarrollocristiano.com\/devocional\/nuestra-perspectiva\/\" target=\"_blank\" rel=\"noopener noreferrer\">Desarrollo Cristiano Internacional<\/a><\/p>\n<div class=\"entry \">\n<p><a class=\"bible-gateway\" href=\"http:\/\/biblegateway.com\/passage\/?search=Miqueas+12%3A22-37&amp;version=RVR1960\" target=\"_blank\" rel=\"noopener\">Miqueas 12:22-37<\/a><\/p>\n<p>El pasaje de hoy se nos presenta con esta escena: \u00abEntonces le llevaron un endemoniado, ciego y mudo; y lo san\u00f3, de tal manera que el <a title=\"\u00bfCeguera colectiva?\" href=\"http:\/\/www.desarrollocristiano.com\/articulo.php?id=2031\">ciego<\/a> y mudo ve\u00eda y hablaba. Toda la gente estaba at\u00f3nita y dec\u00eda: \u201c<strong>\u00bfSer\u00e1 este aquel Hijo de David?<\/strong>\u201d Pero los fariseos, al o\u00edrlo, dec\u00edan: \u201cEste no echa fuera los demonios sino por Beelzeb\u00fa, pr\u00edncipe de los demonios.Las cosas rara vez son como creemos que son y la Palabra est\u00e1 repleta de ilustraciones al respecto. No se nos provee de ning\u00fan detalle acerca de esta extraordinaria sanidad, pero vale la pena detenerse a meditar en ella por un momento. La multitud le trajo una persona endemoniada, que estaba ciego y mudo. Imagine el terrible cuadro que presentaba esta persona. No hablaba ni ve\u00eda, mas daba evidencias de las m\u00e1s extraordinarias manifestaciones diab\u00f3licas. \u00a1Qu\u00e9 cuadro tan pat\u00e9tico!<\/p>\n<p>El evangelio solamente nos dice que Jes\u00fas intervino para sanarlo, produciendo en la persona una dram\u00e1tica <a title=\"Transformaci\u00f3n en Cristo\" href=\"http:\/\/www.desarrollocristiano.com\/articulo.php?id=262&amp;c=23\">transformaci\u00f3n<\/a>. La gente no sal\u00eda del asombro, aunque hab\u00edan sido testigos de un sin fin de se\u00f1ales, milagros y prodigios. At\u00f3nitos, algunos comenzaron a preguntar si no era este el Mes\u00edas que tanto tiempo hab\u00eda esperado Israel. Las obras que ve\u00edan hablaban de una extraordinaria investidura de poder sobre su vida. Los fariseos vieron la misma manifestaci\u00f3n de poder. No obstante, su <a title=\"Sana perspectiva\" href=\"http:\/\/www.desarrollocristiano.com\/audio.php?id=73&amp;c=all\">perspectiva<\/a> no les permit\u00eda aceptar, bajo ning\u00fan concepto, que esto fuera un mover de Dios. Ellos eran, despu\u00e9s de todo, los expertos en explicar y definir c\u00f3mo se manifestaba la genuina espiritualidad. Jes\u00fas definitivamente no encuadraba dentro de estos par\u00e1metros.<\/p>\n<p>La escena nos muestra que la diferencia no est\u00e1 en las circunstancias, sino en los ojos que las contemplan. Ambos grupos vieron el mismo suceso, pero arribaron a conclusiones diametralmente opuestas. Esto debe ser, para nosotros, una seria advertencia. Nuestra <a title=\"Actitud probada\" href=\"http:\/\/www.desarrollocristiano.com\/articulo.php?id=924\">actitud<\/a> tiene un peso decisivo a la hora de analizar el mundo a nuestro alrededor. Para quienes ya decidieron en sus corazones que nada bueno puede darse en determinada situaci\u00f3n, simplemente queda proveer la explicaci\u00f3n necesaria para justificar la postura.<\/p>\n<p>Cuanto m\u00e1s sencillo resulta la vida cuando partimos de la base de que nuestra perspectiva est\u00e1 seriamente distorsionada por nuestro entorno. <strong>No vemos las cosas como son, sino como queremos verlas<\/strong>. Es bueno estar mu\u00f1ido de una desconfianza \u00absanta\u00bb de toda conclusi\u00f3n categ\u00f3rica que podamos efectuar. Las cosas rara vez son como creemos que son y la Palabra est\u00e1 repleta de ilustraciones al respecto.<\/p>\n<p>Cristo utiliza la acusaci\u00f3n como trampol\u00edn para proveer una importante ense\u00f1anza.<strong> Lea los vers\u00edculos 25 al 27.<\/strong><\/p>\n<\/div>\n<p>&nbsp;<\/p>\n<div class=\"entry \">\n<p>Producido y\u00a0editado por Desarrollo Cristiano para www.DesarrolloCristiano.com. \u00a9 Copyright 2010, todos los derechos reservados.<\/p>\n<\/div>\n\n\t\t<\/div>\n\t<\/div>\n<\/div><\/div><\/div><\/div>\n<\/div>\t\t\t\t\t<\/div>\n\t\t\t\t\n\t\t\t\t\t\t\t\t\t<\/div>\n\t<\/div>\n<\/article>\n\n\t\t\t\t\t\t\t\t\t\t\t\n<article id=\"post-59353\" class=\"wd-post blog-design-chess blog-post-loop blog-design-small-images blog-style-bg wd-add-shadow wd-col post-59353 post type-post status-publish format-standard has-post-thumbnail hentry category-predicacion\">\n\t<div class=\"wd-post-inner article-inner\">\n\t\t\t\t\t<div class=\"wd-post-thumb entry-header\">\n\t\t\t\t\t\t\t\t\t<div class=\"wd-post-img post-img-wrapp\">\n\t\t\t\t\t\t<img width=\"320\" height=\"160\" src=\"https:\/\/desarrollocristiano.pe\/wp-content\/uploads\/2021\/04\/excusas-320x160.jpg\" class=\"attachment-large size-large\" alt=\"\" decoding=\"async\" loading=\"lazy\" srcset=\"https:\/\/desarrollocristiano.pe\/wp-content\/uploads\/2021\/04\/excusas-320x160.jpg 320w, https:\/\/desarrollocristiano.pe\/wp-content\/uploads\/2021\/04\/excusas-600x300.jpg 600w, https:\/\/desarrollocristiano.pe\/wp-content\/uploads\/2021\/04\/excusas-150x75.jpg 150w, https:\/\/desarrollocristiano.pe\/wp-content\/uploads\/2021\/04\/excusas.jpg 700w\" sizes=\"auto, (max-width: 320px) 100vw, 320px\" \/>\t\t\t\t\t<\/div>\n\t\t\t\t\t<a class=\"wd-fill\" href=\"https:\/\/desarrollocristiano.pe\/el-rincon-del-predicador-cinco-excusas-frente-al-llamado\/\"><\/a>\n\t\t\t\t\n\t\t\t\t\t\t\t\t\t\t\t\t<div class=\"wd-post-date wd-style-with-bg\">\n\t\t\t\t<span class=\"post-date-day\">\n\t\t\t\t\t05\t\t\t\t<\/span>\n\t\t\t\t<span class=\"post-date-month\">\n\t\t\t\t\tAbr\t\t\t\t<\/span>\n\t\t\t<\/div>\n\t\t\t\t\t\t\t\t\t<\/div>\n\t\t\n\t\t<div class=\"wd-post-content article-body-container\">\n\t\t\t\t\t\t\t<div class=\"wd-post-cat wd-style-with-bg meta-post-categories\">\n\t\t\t\t\t<a href=\"https:\/\/desarrollocristiano.pe\/categorias\/predicacion\/\" rel=\"category tag\">Predicaci\u00f3n<\/a>\t\t\t\t<\/div>\n\t\t\t\n\t\t\t\t\t\t\t<h3 class=\"wd-post-title wd-entities-title title post-title\">\n\t\t\t\t\t<a href=\"https:\/\/desarrollocristiano.pe\/el-rincon-del-predicador-cinco-excusas-frente-al-llamado\/\" rel=\"bookmark\">El Rinc\u00f3n del Predicador: Cinco excusas frente al llamado<\/a>\n\t\t\t\t<\/h3>\n\t\t\t\n\t\t\t\t\t\t\t<div class=\"wd-post-meta\">\n\t\t\t\t\t\t\t\t\t\t\t\t\t\t\t<div class=\"wd-post-author\">\n\t\t\t\t\t\t\t\t\t\t\t<span>Posteado por<\/span>\n\t\t\n\t\t\t\t\t<img alt='author-avatar' src='https:\/\/secure.gravatar.com\/avatar\/8f331515e2139e7ffacac78d5e21bc88ee625065cad5d063ef4da73b7cbcfc2d?s=18&#038;d=mm&#038;r=g' srcset='https:\/\/secure.gravatar.com\/avatar\/8f331515e2139e7ffacac78d5e21bc88ee625065cad5d063ef4da73b7cbcfc2d?s=36&#038;d=mm&#038;r=g 2x' class='avatar avatar-18 photo' height='18' width='18' loading='lazy' decoding='async'\/>\t\t\n\t\t\t\t\t<a href=\"https:\/\/desarrollocristiano.pe\/author\/aprnimda7720\/\" class=\"author\" rel=\"author\">Administrador<\/a>\n\t\t\t\t\t\t\t\t\t<\/div>\n\t\t\t\t\t<div class=\"wd-modified-date\">\n\t\t\t\t\t\t\t\t<time class=\"updated\" datetime=\"2021-04-05T19:01:16-05:00\">\n\t\t\t05\/04\/2021\t\t<\/time>\n\t\t\t\t\t\t\t<\/div>\n\n\t\t\t\t\t\t\t\t\t\t\t<div class=\"wd-post-share wd-tltp\">\n\t\t\t\t\t\t\t<div class=\"tooltip top\">\n\t\t\t\t\t\t\t\t<div class=\"tooltip-inner\">\n\t\t\t\t\t\t\t\t\t\t\t\t<div\n\t\t\t\t\t\tclass=\" wd-social-icons  wd-style-default wd-size-small social-share wd-shape-circle color-scheme-light text-center\">\n\t\t\t\t\n\t\t\t\t\n\t\t\t\t\t\t\t\t\t<a rel=\"noopener noreferrer nofollow\" href=\"https:\/\/www.facebook.com\/sharer\/sharer.php?u=https:\/\/desarrollocristiano.pe\/articulos-pastorales\/\" target=\"_blank\" class=\" wd-social-icon social-facebook\" aria-label=\"Facebook social link\">\n\t\t\t\t\t\t<span class=\"wd-icon\"><\/span>\n\t\t\t\t\t\t\t\t\t\t\t<\/a>\n\t\t\t\t\n\t\t\t\t\t\t\t\t\t<a rel=\"noopener noreferrer nofollow\" href=\"https:\/\/x.com\/share?url=https:\/\/desarrollocristiano.pe\/articulos-pastorales\/\" target=\"_blank\" class=\" wd-social-icon social-twitter\" aria-label=\"X social link\">\n\t\t\t\t\t\t<span class=\"wd-icon\"><\/span>\n\t\t\t\t\t\t\t\t\t\t\t<\/a>\n\t\t\t\t\n\t\t\t\t\n\t\t\t\t\t\t\t\t\t<a rel=\"noopener noreferrer nofollow\" href=\"mailto:?subject=Check%20this%20https:\/\/desarrollocristiano.pe\/articulos-pastorales\/\" target=\"_blank\" class=\" wd-social-icon social-email\" aria-label=\"Email social link\">\n\t\t\t\t\t\t<span class=\"wd-icon\"><\/span>\n\t\t\t\t\t\t\t\t\t\t\t<\/a>\n\t\t\t\t\n\t\t\t\t\n\t\t\t\t\n\t\t\t\t\n\t\t\t\t\t\t\t\t\t<a rel=\"noopener noreferrer nofollow\" href=\"https:\/\/pinterest.com\/pin\/create\/button\/?url=https:\/\/desarrollocristiano.pe\/articulos-pastorales\/&media=https:\/\/desarrollocristiano.pe\/wp-content\/uploads\/2021\/04\/excusas.jpg&description=El+Rinc%C3%B3n+del+Predicador%3A+Cinco+excusas+frente+al+llamado\" target=\"_blank\" class=\" wd-social-icon social-pinterest\" aria-label=\"Pinterest social link\">\n\t\t\t\t\t\t<span class=\"wd-icon\"><\/span>\n\t\t\t\t\t\t\t\t\t\t\t<\/a>\n\t\t\t\t\n\t\t\t\t\n\t\t\t\t\t\t\t\t\t<a rel=\"noopener noreferrer nofollow\" href=\"https:\/\/www.linkedin.com\/shareArticle?mini=true&url=https:\/\/desarrollocristiano.pe\/articulos-pastorales\/\" target=\"_blank\" class=\" wd-social-icon social-linkedin\" aria-label=\"Linkedin social link\">\n\t\t\t\t\t\t<span class=\"wd-icon\"><\/span>\n\t\t\t\t\t\t\t\t\t\t\t<\/a>\n\t\t\t\t\n\t\t\t\t\n\t\t\t\t\n\t\t\t\t\n\t\t\t\t\n\t\t\t\t\n\t\t\t\t\n\t\t\t\t\n\t\t\t\t\n\t\t\t\t\t\t\t\t\t<a rel=\"noopener noreferrer nofollow\" href=\"https:\/\/api.whatsapp.com\/send?text=https%3A%2F%2Fdesarrollocristiano.pe%2Farticulos-pastorales%2F\" target=\"_blank\" class=\"wd-hide-md  wd-social-icon social-whatsapp\" aria-label=\"WhatsApp social link\">\n\t\t\t\t\t\t<span class=\"wd-icon\"><\/span>\n\t\t\t\t\t\t\t\t\t\t\t<\/a>\n\n\t\t\t\t\t<a rel=\"noopener noreferrer nofollow\" href=\"whatsapp:\/\/send?text=https%3A%2F%2Fdesarrollocristiano.pe%2Farticulos-pastorales%2F\" target=\"_blank\" class=\"wd-hide-lg  wd-social-icon social-whatsapp\" aria-label=\"WhatsApp social link\">\n\t\t\t\t\t\t<span class=\"wd-icon\"><\/span>\n\t\t\t\t\t\t\t\t\t\t\t<\/a>\n\t\t\t\t\n\t\t\t\t\n\t\t\t\t\n\t\t\t\t\n\t\t\t\t\n\t\t\t\t\n\t\t\t\t\t\t\t\t\t<a rel=\"noopener noreferrer nofollow\" href=\"https:\/\/telegram.me\/share\/url?url=https:\/\/desarrollocristiano.pe\/articulos-pastorales\/\" target=\"_blank\" class=\" wd-social-icon social-tg\" aria-label=\"Telegram social link\">\n\t\t\t\t\t\t<span class=\"wd-icon\"><\/span>\n\t\t\t\t\t\t\t\t\t\t\t<\/a>\n\t\t\t\t\n\t\t\t\t\n\t\t\t<\/div>\n\n\t\t\t\t\t\t\t\t\t\t<\/div>\n\t\t\t\t\t\t\t\t<div class=\"tooltip-arrow\"><\/div>\n\t\t\t\t\t\t\t<\/div>\n\t\t\t\t\t\t<\/div>\n\t\t\t\t\t\n\t\t\t\t\t\t\t\t\t\t\t\t\t\t\t\t\t<div class=\"wd-post-reply wd-style-1\">\n\t\t\t\t\t\t\t<a href=\"https:\/\/desarrollocristiano.pe\/el-rincon-del-predicador-cinco-excusas-frente-al-llamado\/#comments\"><span class=\"wd-replies-count\">1<\/span><\/a>\t\t\t\t\t\t<\/div>\n\t\t\t\t\t\t\t\t\t<\/div>\n\t\t\t\n\t\t\t\t\t\t\t\t\t\t\t\t<div class=\"wd-post-excerpt entry-content\">\n\t\t\t\t\t\t<div class=\"wpb-content-wrapper\"><div class=\"vc_row wpb_row vc_row-fluid\"><div class=\"wpb_column vc_column_container vc_col-sm-12\"><div class=\"vc_column-inner\"><div class=\"wpb_wrapper\">\n\t<div class=\"wpb_text_column wpb_content_element texto_parrafo text-larger\" >\n\t\t<div class=\"wpb_wrapper\">\n\t\t\t<p>Fuente: <a href=\"http:\/\/desarrollocristiano.com\/el-rincon-del-predicador-cinco-excusas-frente-al-llamado\/\" target=\"_blank\" rel=\"noopener noreferrer\">Desarrollo Cristiano Internacional<\/a><\/p>\n<p><em>Bosquejo de serm\u00f3n<\/em><\/p>\n<p><strong>Compartido por: <\/strong>Marco Vega, pastor de Vida Abundante del Sur, San Jos\u00e9, Costa Rica<\/p>\n<p><strong>Texto b\u00edblico:<\/strong> \u00c9xodo 3 y 4<\/p>\n<p><strong>Contexto<\/strong><\/p>\n<p>Mois\u00e9s llevaba cuarenta a\u00f1os viviendo en el desierto. La vida de lujo y privilegios disfrutada en Egipto hab\u00eda quedado en el olvido. Ahora no era m\u00e1s que un simple pastor n\u00f3made, sin ambiciones ni sue\u00f1os. No obstante, el Se\u00f1or lo hab\u00eda seleccionado para que cumpliera una delicada tarea: volver a Egipto para que pidiera al hombre m\u00e1s poderoso de la tierra, el fara\u00f3n, que dejara volver al pueblo de Israel a su tierra de origen. Para comunicarle este mensaje el Se\u00f1or se le apareci\u00f3 en una zarza que ard\u00eda sin consumirse.<\/p>\n<p>&nbsp;<\/p>\n<p><strong>Introducci\u00f3n<\/strong><\/p>\n<p>Vivimos en el mundo de las excusas. Una excusa por lo general esconde una verdad que no queremos afrontar. De las cinco palabras que utiliza el Nuevo Testamento para referirse al pecado, la que m\u00e1s me llama la atenci\u00f3n es \u00ab<em>hamart\u00eda<\/em>\u00bb. Significa: <em>fallar en ser lo que nos habr\u00eda sido posible y ten\u00edamos la capacidad de ser.<\/em> En la Biblia y la historia de la Iglesia encontramos decenas de ejemplos del llamado de Dios. Del mismo modo abundan las excusas que los llamados presentaron para negarse al pedido del Se\u00f1or. En este sentido, Mois\u00e9s no representa una excepci\u00f3n a lo que, por regla general, ha sido la respuesta m\u00e1s t\u00edpica del ser humano.<\/p>\n<p>&nbsp;<\/p>\n<ol>\n<li><strong> Un llamado radical (\u00c9xodo 2.2\u20139)<\/strong><\/li>\n<\/ol>\n<p>El llamado de Dios puede relacionarse con algunos de nuestros hechos del pasado y que, quiz\u00e1s, revela que \u00e9l ha inquietado nuestro coraz\u00f3n desde hace tiempo. Mois\u00e9s hab\u00eda intentado, con herramientas humanas, hacer justicia por un solo jud\u00edo. Ahora, el Se\u00f1or lo llamaba a liberar a todo un pueblo. Para lograrlo deber\u00e1 renunciar a la vida c\u00f3moda y predecible que lleva en el desierto, y a su entendimiento de lo que le falta para emprender semejante tarea; para esto, deber\u00e1 sumarse a la forma que tiene el Se\u00f1or de llevar a cabo sus obras. Esta renuncia es esencial para responder al llamado, pues el Se\u00f1or dirige solamente a aquellos que han dejado todo atr\u00e1s.<\/p>\n<p>&nbsp;<\/p>\n<ol start=\"2\">\n<li><strong> La excusa de la insignificancia (\u00c9xodo 3.11)<\/strong><\/li>\n<\/ol>\n<p>\u00abPero Mois\u00e9s le dijo a Dios:<\/p>\n<p>\u2014\u00bfY qui\u00e9n soy yo para presentarme ante el fara\u00f3n y sacar de Egipto a los israelitas?\u00bb<\/p>\n<p>La respuesta instintiva del que recibe el llamado es a mirar lo que \u00e9l es, para ver si est\u00e1 a la altura de la tarea que se le demanda. En la mayor\u00eda de los casos de la Biblia las debilidades y los fracasos de la persona reluc\u00edan de tal manera que se ve\u00edan como poco aptos para la misi\u00f3n. Aunque Mois\u00e9s hab\u00eda pasado cuarenta a\u00f1os en el desierto, a\u00fan carec\u00eda de claridad sobre su identidad en Dios. En Egipto hab\u00eda cre\u00eddo que pose\u00eda sobradas aptitudes para liberar a sus hermanos. Ahora, hab\u00eda perdido la confianza, en parte porque hab\u00eda convertido el desierto, el medio para su transformaci\u00f3n, en el fin de su existencia. Ya no le apetec\u00eda una vida de desaf\u00edos y sobresaltos.<\/p>\n<p>El ap\u00f3stol Pablo afirma, en 1 Corintios, que el Se\u00f1or escoge lo vil y despreciado del mundo para glorificar su nombre. Es por esto que los Doce con frecuencia despertaban el desprecio de los l\u00edderes religiosos de su \u00e9poca, porque eran hombres sin letras ni formaci\u00f3n.<\/p>\n<p>La respuesta de Dios (Ex 3.12) revela que no es la aptitud del enviado lo que importa, sino la compa\u00f1\u00eda del que env\u00eda.<\/p>\n<p>&nbsp;<\/p>\n<ol start=\"3\">\n<li><strong> La excusa de la incredulidad (\u00c9xodo 3.13)<\/strong><\/li>\n<\/ol>\n<p>\u00ab\u2014Supongamos que me presento ante los israelitas y les digo: \u201cEl Dios de sus antepasados me ha enviado a ustedes.\u201d \u00bfQu\u00e9 les respondo si me preguntan: \u201c\u00bfY c\u00f3mo se llama?\u201d\u00bb<\/p>\n<p>En la primera excusa duda de su propia identidad. Ahora, duda de la de Dios; y no me extra\u00f1ar\u00eda que tal carencia de claridad proviniera de su falta de comuni\u00f3n \u00edntima con el Se\u00f1or. Quien ha conocido a Dios en la intimidad de la comuni\u00f3n \u2014porque Dios es todo para esa persona\u2014 no duda del poder y la majestad del Se\u00f1or cuando \u00e9l lo llama. No obstante, Mois\u00e9s entend\u00eda que esta falta de conocimiento constitu\u00eda un verdadero obst\u00e1culo para su misi\u00f3n, porque nadie puede representar a una persona que no conoce.<\/p>\n<p>La respuesta de Dios est\u00e1 contenida en \u00c9xodo 3.14\u201318. El Se\u00f1or no solo revela que existe una dimensi\u00f3n eterna y que esta impone un l\u00edmite al alcance de nuestro conocimiento de \u00e9l, sino que tambi\u00e9n muestra que lo ir\u00e1 conociendo en la medida que caminen juntos. Le anticipa que la victoria que le conceder\u00e1 aunque exija trabajo, porque el fara\u00f3n no querr\u00e1 soltar al pueblo. La victoria, sin embargo, ya se la ha concedido. Los procesos por los que alcanzar\u00e1 esa victoria son apenas un detalle de la historia.<\/p>\n<p>&nbsp;<\/p>\n<ol start=\"4\">\n<li><strong> La excusa del rechazo (\u00c9xodo 4.1).<\/strong><\/li>\n<\/ol>\n<p>\u00ab\u2014\u00bfY qu\u00e9 hago si no me creen ni me hacen caso? \u00bfQu\u00e9 hago si me dicen: \u201cEl Se\u00f1or no se te ha aparecido\u201d?\u00bb<\/p>\n<p>Mois\u00e9s no ha olvidado que, en su primer intento por ayudar a los jud\u00edos, estos le dieron la espalda. Conoce el coraz\u00f3n de sus hermanos y no duda de que ahora ocurrir\u00e1 lo mismo. \u00bfCu\u00e1l es el sentido de embarcarse en una misi\u00f3n que no dar\u00e1 resultados? Pareciera que Mois\u00e9s no ha registrado que Dios le ha garantizado un desenlace exitoso para la misi\u00f3n. Las dudas que asaltan nuestra fe por lo general las motiva precisamente este error: la incapacidad de atesorar lo que Dios ha hablado a sus hijos.<\/p>\n<p>La respuesta de Dios en 4.2\u20139 le permite a Mois\u00e9s echar mano de algunas herramientas que le dar\u00e1n un mayor respaldo frente al pueblo. Un l\u00edder no debe olvidar nunca, sin embargo, que la mayor autoridad en su vida procede de la intensidad de su comuni\u00f3n con Dios. Tiempo m\u00e1s adelante, cuando Mois\u00e9s descend\u00eda del monte, los israelitas se llenaron de pavor porque su rostro resplandec\u00eda por haber estado en la presencia del Alt\u00edsimo (\u00c9x 33.11).<\/p>\n<p>&nbsp;<\/p>\n<ol start=\"5\">\n<li><strong> La excusa de la incapacidad (\u00c9xodo 4.10).<\/strong><\/li>\n<\/ol>\n<p>\u00ab\u2014Se\u00f1or, yo nunca me he distinguido por mi facilidad de palabra\u2014\u00bb.<\/p>\n<p>Pareciera que Mois\u00e9s ignorara que habla con alguien que s\u00ed lo conoce. Se siente en la obligaci\u00f3n de explicarle que sufre una discapacidad a la hora de hablar, como si este detalle se le hubiera escapado al Se\u00f1or. La historia del pueblo de Dios abunda en personas carentes de la capacidad de llevar adelante la tarea a la que se les ha llamado. Sin duda, Mois\u00e9s conoc\u00eda la obra extraordinaria del Se\u00f1or en Abraham y Sarah, cuya esterilidad les imped\u00eda concebir hijos. Tambi\u00e9n sabr\u00eda de las experiencias de Jacob y Jos\u00e9, que arribaron a lugares de autoridad por los caminos m\u00e1s extra\u00f1os.<\/p>\n<p>La respuesta de Dios (\u00c9x 3.11) ubica a Mois\u00e9s frente al creador de todo, como lo es tambi\u00e9n de su boca, su lengua, su paladar. El Se\u00f1or, soberano sobre todas las cosas, tambi\u00e9n decide mostrar su gloria a trav\u00e9s de un hombre que no es elocuente a la hora de hablar.<\/p>\n<p>&nbsp;<\/p>\n<ol start=\"6\">\n<li><strong> La excusa de la l\u00f3gica (\u00c9x 4.13)<\/strong><\/li>\n<\/ol>\n<p>\u00ab\u2014Se\u00f1or \u2014insisti\u00f3 Mois\u00e9s\u2014, te ruego que env\u00edes a alguna otra persona\u00bb.<\/p>\n<p>Cuando Mois\u00e9s acaba de enumerar sus propias dudas sale a la luz el verdadero problema: sencillamente no quiere ir. No quiere dejar el lugar ni la vida donde est\u00e1. Todas sus excusas no eran m\u00e1s que una cortina para \u00abesconder\u00bb esta realidad que no quer\u00eda afrontar.\u00a0 Su \u00faltimo pretexto se basa en la l\u00f3gica y la raz\u00f3n. \u00abLa verdad, \u00a1hay gente mejor que yo, m\u00e1s santa, m\u00e1s preparada, m\u00e1s capacitada, menos pecadora, con m\u00e1s fe, con m\u00e1s experiencia!\u00bb El Se\u00f1or, sin embargo, no escoge seg\u00fan nuestros criterios de qui\u00e9n es apropiado, sino los de \u00e9l. En el fondo, es precisamente la debilidad del siervo la que permite que el poder de Dios se manifieste en toda su gloria.<\/p>\n<p>Con su respuesta Dios (\u00c9x 4.14) deja en claro que su paciencia tiene un l\u00edmite. Nuestras interminables excusas pueden encender su ira.<\/p>\n<p><strong>Conclusi\u00f3n<\/strong><\/p>\n<p>La voluntad de Dios prevaleci\u00f3 y Mois\u00e9s termin\u00f3 representando los intereses del Creador del universo ante el fara\u00f3n. Recorri\u00f3 un camino con muchas luchas, pero fue testigo de una de las m\u00e1s asombrosas victorias operadas por el Se\u00f1or en favor de su pueblo. Al final, porque se anim\u00f3 a creer al Se\u00f1or, se convirti\u00f3 en uno de los profetas m\u00e1s distinguidos de la historia de Israel.<\/p>\n\n\t\t<\/div>\n\t<\/div>\n<\/div><\/div><\/div><\/div>\n<\/div>\t\t\t\t\t<\/div>\n\t\t\t\t\n\t\t\t\t\t\t\t\t\t<\/div>\n\t<\/div>\n<\/article>\n\n\t\t\t\t\t\t\t\t\t\t\t\n<article id=\"post-59327\" class=\"wd-post blog-design-chess blog-post-loop blog-design-small-images blog-style-bg wd-add-shadow wd-col post-59327 post type-post status-publish format-standard has-post-thumbnail hentry category-reflexionando-en-semana-santa\">\n\t<div class=\"wd-post-inner article-inner\">\n\t\t\t\t\t<div class=\"wd-post-thumb entry-header\">\n\t\t\t\t\t\t\t\t\t<div class=\"wd-post-img post-img-wrapp\">\n\t\t\t\t\t\t<img width=\"320\" height=\"160\" src=\"https:\/\/desarrollocristiano.pe\/wp-content\/uploads\/2021\/03\/entrada-triunfal-320x160.jpg\" class=\"attachment-large size-large\" alt=\"\" decoding=\"async\" loading=\"lazy\" srcset=\"https:\/\/desarrollocristiano.pe\/wp-content\/uploads\/2021\/03\/entrada-triunfal-320x160.jpg 320w, https:\/\/desarrollocristiano.pe\/wp-content\/uploads\/2021\/03\/entrada-triunfal-600x300.jpg 600w, https:\/\/desarrollocristiano.pe\/wp-content\/uploads\/2021\/03\/entrada-triunfal-150x75.jpg 150w, https:\/\/desarrollocristiano.pe\/wp-content\/uploads\/2021\/03\/entrada-triunfal.jpg 700w\" sizes=\"auto, (max-width: 320px) 100vw, 320px\" \/>\t\t\t\t\t<\/div>\n\t\t\t\t\t<a class=\"wd-fill\" href=\"https:\/\/desarrollocristiano.pe\/en-que-se-parece-el-domingo-de-ramos-al-evangelio-de-la-prosperidad\/\"><\/a>\n\t\t\t\t\n\t\t\t\t\t\t\t\t\t\t\t\t<div class=\"wd-post-date wd-style-with-bg\">\n\t\t\t\t<span class=\"post-date-day\">\n\t\t\t\t\t03\t\t\t\t<\/span>\n\t\t\t\t<span class=\"post-date-month\">\n\t\t\t\t\tAbr\t\t\t\t<\/span>\n\t\t\t<\/div>\n\t\t\t\t\t\t\t\t\t<\/div>\n\t\t\n\t\t<div class=\"wd-post-content article-body-container\">\n\t\t\t\t\t\t\t<div class=\"wd-post-cat wd-style-with-bg meta-post-categories\">\n\t\t\t\t\t<a href=\"https:\/\/desarrollocristiano.pe\/categorias\/reflexionando-en-semana-santa\/\" rel=\"category tag\">Reflexionando en Semana Santa<\/a>\t\t\t\t<\/div>\n\t\t\t\n\t\t\t\t\t\t\t<h3 class=\"wd-post-title wd-entities-title title post-title\">\n\t\t\t\t\t<a href=\"https:\/\/desarrollocristiano.pe\/en-que-se-parece-el-domingo-de-ramos-al-evangelio-de-la-prosperidad\/\" rel=\"bookmark\">\u00bfEn qu\u00e9 se parece el domingo de ramos al evangelio de la prosperidad?<\/a>\n\t\t\t\t<\/h3>\n\t\t\t\n\t\t\t\t\t\t\t<div class=\"wd-post-meta\">\n\t\t\t\t\t\t\t\t\t\t\t\t\t\t\t<div class=\"wd-post-author\">\n\t\t\t\t\t\t\t\t\t\t\t<span>Posteado por<\/span>\n\t\t\n\t\t\t\t\t<img alt='author-avatar' src='https:\/\/secure.gravatar.com\/avatar\/8f331515e2139e7ffacac78d5e21bc88ee625065cad5d063ef4da73b7cbcfc2d?s=18&#038;d=mm&#038;r=g' srcset='https:\/\/secure.gravatar.com\/avatar\/8f331515e2139e7ffacac78d5e21bc88ee625065cad5d063ef4da73b7cbcfc2d?s=36&#038;d=mm&#038;r=g 2x' class='avatar avatar-18 photo' height='18' width='18' loading='lazy' decoding='async'\/>\t\t\n\t\t\t\t\t<a href=\"https:\/\/desarrollocristiano.pe\/author\/aprnimda7720\/\" class=\"author\" rel=\"author\">Administrador<\/a>\n\t\t\t\t\t\t\t\t\t<\/div>\n\t\t\t\t\t<div class=\"wd-modified-date\">\n\t\t\t\t\t\t\t\t<time class=\"updated\" datetime=\"2021-04-22T16:15:42-05:00\">\n\t\t\t22\/04\/2021\t\t<\/time>\n\t\t\t\t\t\t\t<\/div>\n\n\t\t\t\t\t\t\t\t\t\t\t<div class=\"wd-post-share wd-tltp\">\n\t\t\t\t\t\t\t<div class=\"tooltip top\">\n\t\t\t\t\t\t\t\t<div class=\"tooltip-inner\">\n\t\t\t\t\t\t\t\t\t\t\t\t<div\n\t\t\t\t\t\tclass=\" wd-social-icons  wd-style-default wd-size-small social-share wd-shape-circle color-scheme-light text-center\">\n\t\t\t\t\n\t\t\t\t\n\t\t\t\t\t\t\t\t\t<a rel=\"noopener noreferrer nofollow\" href=\"https:\/\/www.facebook.com\/sharer\/sharer.php?u=https:\/\/desarrollocristiano.pe\/articulos-pastorales\/\" target=\"_blank\" class=\" wd-social-icon social-facebook\" aria-label=\"Facebook social link\">\n\t\t\t\t\t\t<span class=\"wd-icon\"><\/span>\n\t\t\t\t\t\t\t\t\t\t\t<\/a>\n\t\t\t\t\n\t\t\t\t\t\t\t\t\t<a rel=\"noopener noreferrer nofollow\" href=\"https:\/\/x.com\/share?url=https:\/\/desarrollocristiano.pe\/articulos-pastorales\/\" target=\"_blank\" class=\" wd-social-icon social-twitter\" aria-label=\"X social link\">\n\t\t\t\t\t\t<span class=\"wd-icon\"><\/span>\n\t\t\t\t\t\t\t\t\t\t\t<\/a>\n\t\t\t\t\n\t\t\t\t\n\t\t\t\t\t\t\t\t\t<a rel=\"noopener noreferrer nofollow\" href=\"mailto:?subject=Check%20this%20https:\/\/desarrollocristiano.pe\/articulos-pastorales\/\" target=\"_blank\" class=\" wd-social-icon social-email\" aria-label=\"Email social link\">\n\t\t\t\t\t\t<span class=\"wd-icon\"><\/span>\n\t\t\t\t\t\t\t\t\t\t\t<\/a>\n\t\t\t\t\n\t\t\t\t\n\t\t\t\t\n\t\t\t\t\n\t\t\t\t\t\t\t\t\t<a rel=\"noopener noreferrer nofollow\" href=\"https:\/\/pinterest.com\/pin\/create\/button\/?url=https:\/\/desarrollocristiano.pe\/articulos-pastorales\/&media=https:\/\/desarrollocristiano.pe\/wp-content\/uploads\/2021\/03\/entrada-triunfal.jpg&description=%C2%BFEn+qu%C3%A9+se+parece+el+domingo+de+ramos+al+evangelio+de+la+prosperidad%3F\" target=\"_blank\" class=\" wd-social-icon social-pinterest\" aria-label=\"Pinterest social link\">\n\t\t\t\t\t\t<span class=\"wd-icon\"><\/span>\n\t\t\t\t\t\t\t\t\t\t\t<\/a>\n\t\t\t\t\n\t\t\t\t\n\t\t\t\t\t\t\t\t\t<a rel=\"noopener noreferrer nofollow\" href=\"https:\/\/www.linkedin.com\/shareArticle?mini=true&url=https:\/\/desarrollocristiano.pe\/articulos-pastorales\/\" target=\"_blank\" class=\" wd-social-icon social-linkedin\" aria-label=\"Linkedin social link\">\n\t\t\t\t\t\t<span class=\"wd-icon\"><\/span>\n\t\t\t\t\t\t\t\t\t\t\t<\/a>\n\t\t\t\t\n\t\t\t\t\n\t\t\t\t\n\t\t\t\t\n\t\t\t\t\n\t\t\t\t\n\t\t\t\t\n\t\t\t\t\n\t\t\t\t\n\t\t\t\t\t\t\t\t\t<a rel=\"noopener noreferrer nofollow\" href=\"https:\/\/api.whatsapp.com\/send?text=https%3A%2F%2Fdesarrollocristiano.pe%2Farticulos-pastorales%2F\" target=\"_blank\" class=\"wd-hide-md  wd-social-icon social-whatsapp\" aria-label=\"WhatsApp social link\">\n\t\t\t\t\t\t<span class=\"wd-icon\"><\/span>\n\t\t\t\t\t\t\t\t\t\t\t<\/a>\n\n\t\t\t\t\t<a rel=\"noopener noreferrer nofollow\" href=\"whatsapp:\/\/send?text=https%3A%2F%2Fdesarrollocristiano.pe%2Farticulos-pastorales%2F\" target=\"_blank\" class=\"wd-hide-lg  wd-social-icon social-whatsapp\" aria-label=\"WhatsApp social link\">\n\t\t\t\t\t\t<span class=\"wd-icon\"><\/span>\n\t\t\t\t\t\t\t\t\t\t\t<\/a>\n\t\t\t\t\n\t\t\t\t\n\t\t\t\t\n\t\t\t\t\n\t\t\t\t\n\t\t\t\t\n\t\t\t\t\t\t\t\t\t<a rel=\"noopener noreferrer nofollow\" href=\"https:\/\/telegram.me\/share\/url?url=https:\/\/desarrollocristiano.pe\/articulos-pastorales\/\" target=\"_blank\" class=\" wd-social-icon social-tg\" aria-label=\"Telegram social link\">\n\t\t\t\t\t\t<span class=\"wd-icon\"><\/span>\n\t\t\t\t\t\t\t\t\t\t\t<\/a>\n\t\t\t\t\n\t\t\t\t\n\t\t\t<\/div>\n\n\t\t\t\t\t\t\t\t\t\t<\/div>\n\t\t\t\t\t\t\t\t<div class=\"tooltip-arrow\"><\/div>\n\t\t\t\t\t\t\t<\/div>\n\t\t\t\t\t\t<\/div>\n\t\t\t\t\t\n\t\t\t\t\t\t\t\t\t\t\t\t\t\t\t\t\t<div class=\"wd-post-reply wd-style-1\">\n\t\t\t\t\t\t\t<a href=\"https:\/\/desarrollocristiano.pe\/en-que-se-parece-el-domingo-de-ramos-al-evangelio-de-la-prosperidad\/#respond\"><span class=\"wd-replies-count\">0<\/span><\/a>\t\t\t\t\t\t<\/div>\n\t\t\t\t\t\t\t\t\t<\/div>\n\t\t\t\n\t\t\t\t\t\t\t\t\t\t\t\t<div class=\"wd-post-excerpt entry-content\">\n\t\t\t\t\t\t<div class=\"wpb-content-wrapper\"><div class=\"vc_row wpb_row vc_row-fluid\"><div class=\"wpb_column vc_column_container vc_col-sm-12\"><div class=\"vc_column-inner\"><div class=\"wpb_wrapper\">\n\t<div class=\"wpb_text_column wpb_content_element texto_parrafo text-larger\" >\n\t\t<div class=\"wpb_wrapper\">\n\t\t\t<p>Por: <b><strong>Nathan D\u00edaz<\/strong><\/b><br \/>\nFuente: <a href=\"https:\/\/www.coalicionporelevangelio.org\/articulo\/en-que-se-parece-el-domingo-de-ramos-al-evangelio-de-la-prosperidad\/\" target=\"_blank\" rel=\"noopener noreferrer\">Coalici\u00f3n por el Evangelio<\/a><\/p>\n<div class=\"content_container\">\n<p>Al comienzo de esta Semana Santa, estuve meditando sobre los eventos que sucedieron cada d\u00eda de la \u00faltima semana del ministerio de Jes\u00fas, con la ayuda del libro \u201c<a href=\"https:\/\/www.amazon.com\/The-Final-Days-Jesus-Important\/dp\/1433535106\/ref=sr_1_1?ie=UTF8&amp;qid=1397583231&amp;sr=8-1&amp;keywords=the+final+days+of+Jesus\" target=\"_blank\" rel=\"noopener noreferrer\">The Final Days of Jesus<\/a>\u201d de Andreas K\u00f6stenberger y Justin Taylor. En este ejercicio, trat\u00e9 de imaginarme lo que pens\u00f3 Jes\u00fas cuando todas las multitudes gritaban: \u201c\u00a1Hosanna al Hijo de David! \u00a1Bendito el que viene en el nombre del Se\u00f1or!\u00a0 \u00a1Hosanna en las alturas!\u201d (<a class=\"rtBibleRef\" href=\"https:\/\/biblia.com\/bible\/nblh\/Mat.%2021.9?culture=es\" target=\"_blank\" rel=\"noopener noreferrer\" data-reference=\"Mat. 21.9\" data-version=\"nblh\" data-purpose=\"bible-reference\">Mt. 21:9<\/a>). \u00c9l sab\u00eda exactamente lo que estar\u00edan gritando unos d\u00edas despu\u00e9s: \u201c\u00a1Sea crucificado!\u201d (<a class=\"rtBibleRef\" href=\"https:\/\/biblia.com\/bible\/nblh\/Mat.%2027.22-23?culture=es\" target=\"_blank\" rel=\"noopener noreferrer\" data-reference=\"Mat. 27.22-23\" data-version=\"nblh\" data-purpose=\"bible-reference\">Mt. 27:22-23<\/a>). S\u00e9 que Jes\u00fas entend\u00eda perfectamente que el entusiasmo era superficial y pasajero. Lo s\u00e9 porque a pesar de la aparente lealtad y del aparente amor que exist\u00eda en la gente por Jes\u00fas, \u00c9l se lament\u00f3 por Jerusal\u00e9n, profetizando los eventos de su propio juicio ante Pilato (\u201cmatan a los profetas\u201d), y profetizando la pr\u00f3xima vez que se escuchar\u00edan las palabras \u201cBendito el que viene en el nombre del Se\u00f1or\u201d (<a class=\"rtBibleRef\" href=\"https:\/\/biblia.com\/bible\/nblh\/Mat.%2023.37-39?culture=es\" target=\"_blank\" rel=\"noopener noreferrer\" data-reference=\"Mat. 23.37-39\" data-version=\"nblh\" data-purpose=\"bible-reference\">Mt. 23:37-39<\/a>): su segunda venida. \u00bfQu\u00e9 hac\u00eda que la gente siguiera a Jes\u00fas de una manera tan fiel en su entrada triunfal a Jerusal\u00e9n? La respuesta es sencilla. Ellos pensaban que Jes\u00fas les dar\u00eda algo que ellos quer\u00edan: la liberaci\u00f3n del imperio romano. Aclamaban a un Jes\u00fas que solucionar\u00eda sus problemas sociales: la opresi\u00f3n y los impuestos. Un Jes\u00fas que apoyara su orgullo nacionalista. El pueblo pensaba que este era el comienzo de su prosperidad. Ellos no entend\u00edan el verdadero prop\u00f3sito del ministerio de Jes\u00fas (<a class=\"rtBibleRef\" href=\"https:\/\/biblia.com\/bible\/nblh\/Juan.%2012.34-36?culture=es\" target=\"_blank\" rel=\"noopener noreferrer\" data-reference=\"Juan. 12.34-36\" data-version=\"nblh\" data-purpose=\"bible-reference\">Jn. 12:34-36<\/a>). Cuando lo vieron humillado, a punto de ser condenado como criminal y en ninguna manera como un Mes\u00edas libertador y revolucionario, le dieron la espalda. Ya no ten\u00eda nada que ofrecerles. \u00bfO s\u00ed?<\/p>\n<h3><strong>Bendito si me bendice<\/strong><\/h3>\n<p>Hoy en d\u00eda encontramos iglesias \u201ccristianas\u201d en toda Latinoam\u00e9rica. Muchas organizan eventos \u201cde bendici\u00f3n\u201d, en los que logran convocar a las multitudes. Multitudes que gritar\u00e1n: \u201c\u00a1Bendito el que viene en el nombre del Se\u00f1or!\u201d Pero, \u00bfqu\u00e9 es lo que provoca esta aparente lealtad a la persona de Cristo? La promesa de un milagro. \u201cVen, y todos tus problemas se solucionar\u00e1n. \u00bfEst\u00e1s enfermo? Jes\u00fas te sanar\u00e1. \u00bfNo tienes dinero? Jes\u00fas te har\u00e1 rico. \u00bfTienes problemas familiares? Cristo restaura relaciones\u201d. No estoy diciendo que Dios no puede hacer estas cosas. Definitivamente \u00c9l es capaz de hacer m\u00e1s all\u00e1 de lo que podemos imaginar. Lo que s\u00ed estoy diciendo es que esa no es la raz\u00f3n principal por la que Cristo vino. Y si vas a usar esas promesas para traer a la gente a tu iglesia, m\u00e1s vale que puedas mantener el estado de tu congregaci\u00f3n en prosperidad y comodidad constantes, porque en el momento que se den cuenta de que el Jes\u00fas que ellos proclamaban no est\u00e1 cumpliendo con sus expectativas, gritar\u00e1n \u201c\u00a1Crucif\u00edcalo!\u201d. Alguna vez le\u00ed un art\u00edculo sobre el \u201cshow\u201d que muchas iglesias tienen que hacer para atraer a la gente a sus servicios. El autor dec\u00eda que lo que hagas para traer a la gente a tu iglesia, es lo que tendr\u00e1s que hacer para mantenerlos <em>en<\/em> la iglesia. Y creo que es lo mismo que pasa en muchas iglesias donde los milagros y la prosperidad son los temas centrales, no el evangelio. La gente seguir\u00e1 asistiendo mientras Jes\u00fas siga cumpliendo sus caprichos. Es el fen\u00f3meno \u201cAladino\u201d. En el momento que las cosas ya no est\u00e9n como ellos quisieran, se manifestar\u00e1 el tipo de tierra que eran (<a class=\"rtBibleRef\" href=\"https:\/\/biblia.com\/bible\/nblh\/Luc.%208.13?culture=es\" target=\"_blank\" rel=\"noopener noreferrer\" data-reference=\"Luc. 8.13\" data-version=\"nblh\" data-purpose=\"bible-reference\">Lc. 8:13<\/a>). Pero no importa: los que se van simplemente ser\u00e1n remplazados por otros que creer\u00e1n que Jes\u00fas resolver\u00e1 todos sus problemas en su pr\u00f3ximo evento de milagros. Multitudes seguir\u00e1n clamando \u201cbendito el que viene en el nombre del Se\u00f1or\u201d.<\/p>\n<h3><strong>Bendici<\/strong><strong>\u00f3<\/strong><strong>n real<\/strong><\/h3>\n<p>No llamemos a la gente a la iglesia con promesas de cosas que ellos quieren. Traig\u00e1moslos a Cristo por lo que necesitan: el perd\u00f3n de los pecados. Despu\u00e9s de todo, de eso se trataban los \u00faltimos tres d\u00edas de vida de Jes\u00fas; y de eso se trataba la pascua que los jud\u00edos hab\u00edan venido celebrando por tantos a\u00f1os. Ese a\u00f1o celebraron la tradici\u00f3n del sacrificio del cordero de Pascua, y al d\u00eda siguiente le gritaron a ese Cordero: \u201c\u00a1No cumpliste con lo que pensamos que nos dar\u00edas!\u00a0 \u00a1Mejor que te crucifiquen!\u201d. En todo esto, pasaron por alto que ese era el punto central de la Pascua: la sangre de un Cordero perfecto para propiciar la ira de Dios, redimir a su pueblo y justificarnos delante de Dios. Sabemos por Hechos 2 que muchos de los que gritaron \u201c\u00a1Hosanna!\u201d, para despu\u00e9s gritar \u201c\u00a1Crucif\u00edcalo!\u201d, luego pausaron a hacer una pregunta que transformar\u00eda sus vidas: \u201cHermanos, \u00bfqu\u00e9 haremos?\u201d (<a class=\"rtBibleRef\" href=\"https:\/\/biblia.com\/bible\/nblh\/Hech.%202.37?culture=es\" target=\"_blank\" rel=\"noopener noreferrer\" data-reference=\"Hech. 2.37\" data-version=\"nblh\" data-purpose=\"bible-reference\">Hch. 2:37<\/a>). Como hizo en ese entonces, Dios sigue rescatando en su misericordia a gente que comienza buscando a Jes\u00fas por sus regalos y termina d\u00e1ndose cuenta de que <em>el Dador<\/em> de los dones es mejor <em>que<\/em> los dones. Si atraes a la gente a la iglesia <em>por<\/em> el evangelio, el evangelio es lo \u00fanico que tendr\u00e1s que seguir predicando para mantenerlos <em>en<\/em> la iglesia.<\/p>\n<\/div>\n\n\t\t<\/div>\n\t<\/div>\n<\/div><\/div><\/div><\/div><div class=\"vc_row wpb_row vc_row-fluid vc_custom_1615074577655 vc_row-has-fill\"><div class=\"wpb_column vc_column_container vc_col-sm-12\"><div class=\"vc_column-inner\"><div class=\"wpb_wrapper\">\t\t\t<div class=\"info-box-wrapper inline-element\">\n\t\t\t\t<div id=\"wd-60622891b8703\" class=\" wd-rs-60622891b8703 wd-info-box wd-wpb text-left box-icon-align-left box-style- color-scheme- wd-bg-none wd-items-top \">\n\t\t\t\t\t\t\t\t\t\t<div class=\"info-box-content\">\n\t\t\t\t\t\t<h4 class=\"info-box-title title box-title-style-default wd-fontsize-m\">Sobre el autor...<\/h4>\t\t\t\t\t\t<div class=\"info-box-inner reset-last-child\"><p><strong>\u200bNathan D\u00edaz<\/strong> es pastor de ense\u00f1anza en la <a title=\"\" href=\"http:\/\/www.iglesiacuajimalpa.org\/\">Iglesia Evang\u00e9lica Cuajimalpa<\/a> en la ciudad de M\u00e9xico y productor del programa de radio \u201c<a title=\"\" href=\"http:\/\/www.clasificaciona.com\/\">Clasificaci\u00f3n A<\/a>\u201d, que se transmite en diversas emisoras a lo largo del mundo hispano. Estudi\u00f3 Biblia y teolog\u00eda en el Instituto B\u00edblico Moody de Chicago. \u00c9l y su esposa Cristin tienen tres hijos, Ian, Cael y Evan.<\/p>\n<\/div>\n\n\t\t\t\t\t\t\t\t\t\t\t<\/div>\n\n\t\t\t\t\t\n\t\t\t\t\t<style>#wd-60622891b8703 .info-box-icon {background-color:  !important;}<\/style>\t\t\t\t<\/div>\n\t\t\t<\/div>\n\t\t<\/div><\/div><\/div><\/div>\n<\/div>\t\t\t\t\t<\/div>\n\t\t\t\t\n\t\t\t\t\t\t\t\t\t<\/div>\n\t<\/div>\n<\/article>\n\n\t\t\t\t\t\t\t\t\t\t\t\n<article id=\"post-59335\" class=\"wd-post blog-design-chess blog-post-loop blog-design-small-images blog-style-bg wd-add-shadow wd-col post-59335 post type-post status-publish format-standard has-post-thumbnail hentry category-reflexionando-en-semana-santa\">\n\t<div class=\"wd-post-inner article-inner\">\n\t\t\t\t\t<div class=\"wd-post-thumb entry-header\">\n\t\t\t\t\t\t\t\t\t<div class=\"wd-post-img post-img-wrapp\">\n\t\t\t\t\t\t<img width=\"320\" height=\"160\" src=\"https:\/\/desarrollocristiano.pe\/wp-content\/uploads\/2021\/03\/biblia-320x160.jpg\" class=\"attachment-large size-large\" alt=\"\" decoding=\"async\" loading=\"lazy\" srcset=\"https:\/\/desarrollocristiano.pe\/wp-content\/uploads\/2021\/03\/biblia-320x160.jpg 320w, https:\/\/desarrollocristiano.pe\/wp-content\/uploads\/2021\/03\/biblia-600x300.jpg 600w, https:\/\/desarrollocristiano.pe\/wp-content\/uploads\/2021\/03\/biblia-150x75.jpg 150w, https:\/\/desarrollocristiano.pe\/wp-content\/uploads\/2021\/03\/biblia.jpg 700w\" sizes=\"auto, (max-width: 320px) 100vw, 320px\" \/>\t\t\t\t\t<\/div>\n\t\t\t\t\t<a class=\"wd-fill\" href=\"https:\/\/desarrollocristiano.pe\/aprovechando-una-semana-santa-diferente\/\"><\/a>\n\t\t\t\t\n\t\t\t\t\t\t\t\t\t\t\t\t<div class=\"wd-post-date wd-style-with-bg\">\n\t\t\t\t<span class=\"post-date-day\">\n\t\t\t\t\t02\t\t\t\t<\/span>\n\t\t\t\t<span class=\"post-date-month\">\n\t\t\t\t\tAbr\t\t\t\t<\/span>\n\t\t\t<\/div>\n\t\t\t\t\t\t\t\t\t<\/div>\n\t\t\n\t\t<div class=\"wd-post-content article-body-container\">\n\t\t\t\t\t\t\t<div class=\"wd-post-cat wd-style-with-bg meta-post-categories\">\n\t\t\t\t\t<a href=\"https:\/\/desarrollocristiano.pe\/categorias\/reflexionando-en-semana-santa\/\" rel=\"category tag\">Reflexionando en Semana Santa<\/a>\t\t\t\t<\/div>\n\t\t\t\n\t\t\t\t\t\t\t<h3 class=\"wd-post-title wd-entities-title title post-title\">\n\t\t\t\t\t<a href=\"https:\/\/desarrollocristiano.pe\/aprovechando-una-semana-santa-diferente\/\" rel=\"bookmark\">Aprovechando una Semana Santa diferente<\/a>\n\t\t\t\t<\/h3>\n\t\t\t\n\t\t\t\t\t\t\t<div class=\"wd-post-meta\">\n\t\t\t\t\t\t\t\t\t\t\t\t\t\t\t<div class=\"wd-post-author\">\n\t\t\t\t\t\t\t\t\t\t\t<span>Posteado por<\/span>\n\t\t\n\t\t\t\t\t<img alt='author-avatar' src='https:\/\/secure.gravatar.com\/avatar\/8f331515e2139e7ffacac78d5e21bc88ee625065cad5d063ef4da73b7cbcfc2d?s=18&#038;d=mm&#038;r=g' srcset='https:\/\/secure.gravatar.com\/avatar\/8f331515e2139e7ffacac78d5e21bc88ee625065cad5d063ef4da73b7cbcfc2d?s=36&#038;d=mm&#038;r=g 2x' class='avatar avatar-18 photo' height='18' width='18' loading='lazy' decoding='async'\/>\t\t\n\t\t\t\t\t<a href=\"https:\/\/desarrollocristiano.pe\/author\/aprnimda7720\/\" class=\"author\" rel=\"author\">Administrador<\/a>\n\t\t\t\t\t\t\t\t\t<\/div>\n\t\t\t\t\t<div class=\"wd-modified-date\">\n\t\t\t\t\t\t\t\t<time class=\"updated\" datetime=\"2023-10-25T17:30:03-05:00\">\n\t\t\t25\/10\/2023\t\t<\/time>\n\t\t\t\t\t\t\t<\/div>\n\n\t\t\t\t\t\t\t\t\t\t\t<div class=\"wd-post-share wd-tltp\">\n\t\t\t\t\t\t\t<div class=\"tooltip top\">\n\t\t\t\t\t\t\t\t<div class=\"tooltip-inner\">\n\t\t\t\t\t\t\t\t\t\t\t\t<div\n\t\t\t\t\t\tclass=\" wd-social-icons  wd-style-default wd-size-small social-share wd-shape-circle color-scheme-light text-center\">\n\t\t\t\t\n\t\t\t\t\n\t\t\t\t\t\t\t\t\t<a rel=\"noopener noreferrer nofollow\" href=\"https:\/\/www.facebook.com\/sharer\/sharer.php?u=https:\/\/desarrollocristiano.pe\/articulos-pastorales\/\" target=\"_blank\" class=\" wd-social-icon social-facebook\" aria-label=\"Facebook social link\">\n\t\t\t\t\t\t<span class=\"wd-icon\"><\/span>\n\t\t\t\t\t\t\t\t\t\t\t<\/a>\n\t\t\t\t\n\t\t\t\t\t\t\t\t\t<a rel=\"noopener noreferrer nofollow\" href=\"https:\/\/x.com\/share?url=https:\/\/desarrollocristiano.pe\/articulos-pastorales\/\" target=\"_blank\" class=\" wd-social-icon social-twitter\" aria-label=\"X social link\">\n\t\t\t\t\t\t<span class=\"wd-icon\"><\/span>\n\t\t\t\t\t\t\t\t\t\t\t<\/a>\n\t\t\t\t\n\t\t\t\t\n\t\t\t\t\t\t\t\t\t<a rel=\"noopener noreferrer nofollow\" href=\"mailto:?subject=Check%20this%20https:\/\/desarrollocristiano.pe\/articulos-pastorales\/\" target=\"_blank\" class=\" wd-social-icon social-email\" aria-label=\"Email social link\">\n\t\t\t\t\t\t<span class=\"wd-icon\"><\/span>\n\t\t\t\t\t\t\t\t\t\t\t<\/a>\n\t\t\t\t\n\t\t\t\t\n\t\t\t\t\n\t\t\t\t\n\t\t\t\t\t\t\t\t\t<a rel=\"noopener noreferrer nofollow\" href=\"https:\/\/pinterest.com\/pin\/create\/button\/?url=https:\/\/desarrollocristiano.pe\/articulos-pastorales\/&media=https:\/\/desarrollocristiano.pe\/wp-content\/uploads\/2021\/03\/biblia.jpg&description=Aprovechando+una+Semana+Santa+diferente\" target=\"_blank\" class=\" wd-social-icon social-pinterest\" aria-label=\"Pinterest social link\">\n\t\t\t\t\t\t<span class=\"wd-icon\"><\/span>\n\t\t\t\t\t\t\t\t\t\t\t<\/a>\n\t\t\t\t\n\t\t\t\t\n\t\t\t\t\t\t\t\t\t<a rel=\"noopener noreferrer nofollow\" href=\"https:\/\/www.linkedin.com\/shareArticle?mini=true&url=https:\/\/desarrollocristiano.pe\/articulos-pastorales\/\" target=\"_blank\" class=\" wd-social-icon social-linkedin\" aria-label=\"Linkedin social link\">\n\t\t\t\t\t\t<span class=\"wd-icon\"><\/span>\n\t\t\t\t\t\t\t\t\t\t\t<\/a>\n\t\t\t\t\n\t\t\t\t\n\t\t\t\t\n\t\t\t\t\n\t\t\t\t\n\t\t\t\t\n\t\t\t\t\n\t\t\t\t\n\t\t\t\t\n\t\t\t\t\t\t\t\t\t<a rel=\"noopener noreferrer nofollow\" href=\"https:\/\/api.whatsapp.com\/send?text=https%3A%2F%2Fdesarrollocristiano.pe%2Farticulos-pastorales%2F\" target=\"_blank\" class=\"wd-hide-md  wd-social-icon social-whatsapp\" aria-label=\"WhatsApp social link\">\n\t\t\t\t\t\t<span class=\"wd-icon\"><\/span>\n\t\t\t\t\t\t\t\t\t\t\t<\/a>\n\n\t\t\t\t\t<a rel=\"noopener noreferrer nofollow\" href=\"whatsapp:\/\/send?text=https%3A%2F%2Fdesarrollocristiano.pe%2Farticulos-pastorales%2F\" target=\"_blank\" class=\"wd-hide-lg  wd-social-icon social-whatsapp\" aria-label=\"WhatsApp social link\">\n\t\t\t\t\t\t<span class=\"wd-icon\"><\/span>\n\t\t\t\t\t\t\t\t\t\t\t<\/a>\n\t\t\t\t\n\t\t\t\t\n\t\t\t\t\n\t\t\t\t\n\t\t\t\t\n\t\t\t\t\n\t\t\t\t\t\t\t\t\t<a rel=\"noopener noreferrer nofollow\" href=\"https:\/\/telegram.me\/share\/url?url=https:\/\/desarrollocristiano.pe\/articulos-pastorales\/\" target=\"_blank\" class=\" wd-social-icon social-tg\" aria-label=\"Telegram social link\">\n\t\t\t\t\t\t<span class=\"wd-icon\"><\/span>\n\t\t\t\t\t\t\t\t\t\t\t<\/a>\n\t\t\t\t\n\t\t\t\t\n\t\t\t<\/div>\n\n\t\t\t\t\t\t\t\t\t\t<\/div>\n\t\t\t\t\t\t\t\t<div class=\"tooltip-arrow\"><\/div>\n\t\t\t\t\t\t\t<\/div>\n\t\t\t\t\t\t<\/div>\n\t\t\t\t\t\n\t\t\t\t\t\t\t\t\t\t\t\t\t\t\t\t\t<div class=\"wd-post-reply wd-style-1\">\n\t\t\t\t\t\t\t<a href=\"https:\/\/desarrollocristiano.pe\/aprovechando-una-semana-santa-diferente\/#respond\"><span class=\"wd-replies-count\">0<\/span><\/a>\t\t\t\t\t\t<\/div>\n\t\t\t\t\t\t\t\t\t<\/div>\n\t\t\t\n\t\t\t\t\t\t\t\t\t\t\t\t<div class=\"wd-post-excerpt entry-content\">\n\t\t\t\t\t\t<div class=\"wpb-content-wrapper\"><div class=\"vc_row wpb_row vc_row-fluid\"><div class=\"wpb_column vc_column_container vc_col-sm-12\"><div class=\"vc_column-inner\"><div class=\"wpb_wrapper\">\n\t<div class=\"wpb_text_column wpb_content_element texto_parrafo text-larger\" >\n\t\t<div class=\"wpb_wrapper\">\n\t\t\t<p>Por: <a href=\"https:\/\/twitter.com\/pepieri\" target=\"_blank\" rel=\"noopener noreferrer\"><b> Jos\u00e9 \u00abPepe\u00bb Mendoza<\/b><\/a><\/p>\n<p><span data-contrast=\"auto\">Es evidente<\/span><span data-contrast=\"auto\">\u00a0que esta Semana Santa ser\u00e1 diferente. No\u00a0<\/span><span data-contrast=\"auto\">habr\u00e1n<\/span><span data-contrast=\"auto\">\u00a0cantatas, retiros y mucho menos viajes de turismo y recreaci\u00f3n que son tan comunes<\/span><span data-contrast=\"auto\">\u00a0y hasta esperados<\/span><span data-contrast=\"auto\">\u00a0en estos d\u00edas. El\u00a0<\/span><span data-contrast=\"auto\">COVID<\/span><span data-contrast=\"auto\">-19\u00a0<\/span><span data-contrast=\"auto\">te<\/span><span data-contrast=\"auto\">\u00a0obliga a no salir y permanecer encerrado en casa todo el fin de semana.\u00a0<\/span><span data-contrast=\"auto\">Estoy seguro que para nadie ser\u00e1 un fin de semana agradable en todo el sentido de la palabra.\u00a0<\/span><span data-ccp-props=\"{&quot;335551550&quot;:6,&quot;335551620&quot;:6}\">\u00a0<\/span><\/p>\n<p><span data-contrast=\"auto\">No podemos negar<\/span><span data-contrast=\"auto\">\u00a0que estas medidas especiales para este fin de semana son necesarias porque\u00a0<\/span><span data-contrast=\"auto\">solemos convertir<\/span><span data-contrast=\"auto\">\u00a0la Semana Santa un tiempo de mucho movimiento, viajes<\/span><span data-contrast=\"auto\">\u00a0<\/span><span data-contrast=\"auto\">y recreaci\u00f3n<\/span><span data-contrast=\"auto\">.\u00a0<\/span><span data-contrast=\"auto\">J<\/span><span data-contrast=\"auto\">ustamente<\/span><span data-contrast=\"auto\">\u00a0las autoridades quieren eliminar<\/span><span data-contrast=\"auto\">\u00a0<\/span><span data-contrast=\"auto\">esas<\/span><span data-contrast=\"auto\">\u00a0reuniones y celebraciones para reducir los contagios.\u00a0<\/span><span data-contrast=\"auto\">Seamos sinceros:<\/span><span data-contrast=\"auto\">\u00a0la Semana Santa\u00a0<\/span><span data-contrast=\"auto\">tiene poco y nada de reflexi\u00f3n<\/span><span data-contrast=\"auto\">\u00a0espiritual<\/span><span data-contrast=\"auto\">. Aun los cristianos nos hemos dejado llevar por el \u201cesp\u00edritu\u201d del tiempo y, m\u00e1s all\u00e1 de alguna ceremonia el viernes o un servicio de resurrecci\u00f3n temprano en la ma\u00f1ana del domingo, no somos muy diferentes al resto de los mortales<\/span><span data-contrast=\"auto\">, \u00bfno es cierto?<\/span><span data-ccp-props=\"{&quot;335551550&quot;:6,&quot;335551620&quot;:6}\">\u00a0<\/span><\/p>\n<p><span data-contrast=\"auto\">E<\/span><span data-contrast=\"auto\">l Nuevo Testamento se\u00f1ala\u00a0<\/span><span data-contrast=\"auto\">la<\/span><span data-contrast=\"auto\">\u00a0urgencia por mantener viva la centralidad de la resurrecci\u00f3n de Cristo en nuestras mentes y corazones.\u00a0<\/span><span data-contrast=\"auto\">S<\/span><span data-contrast=\"auto\">abemos que al mundo le gusta robarse,\u00a0<\/span><span data-contrast=\"auto\">restarle<\/span><span data-contrast=\"auto\">\u00a0valor y brillo a nuestras celebraciones cristianas. Por ejemplo, en Semana Santa viajamos y buscamos huevitos, en Navidad comemos pavo y nos hacemos regalos y hasta los domingos nos ponen partidos de f\u00fatbol para tener la mente\u00a0<\/span><span data-contrast=\"auto\">m\u00e1s\u00a0<\/span><span data-contrast=\"auto\">ocupada\u00a0<\/span><span data-contrast=\"auto\">en<\/span><span data-contrast=\"auto\">\u00a0la tabla de posiciones<\/span><span data-contrast=\"auto\">\u00a0del campeonato<\/span><span data-contrast=\"auto\">\u00a0y menos\u00a0<\/span><span data-contrast=\"auto\">en<\/span><span data-contrast=\"auto\">\u00a0la adoraci\u00f3n y la predicaci\u00f3n<\/span><span data-contrast=\"auto\">\u00a0de nuestra iglesia<\/span><span data-contrast=\"auto\">. Es posible que no lo hayas visto de esta manera, pero\u00a0<\/span><span data-contrast=\"auto\">la realidad es que\u00a0<\/span><span data-contrast=\"auto\">se trata de una batalla\u00a0<\/span><span data-contrast=\"auto\">espiritual que busca<\/span><span data-contrast=\"auto\">\u00a0distraer y debilitar nuestras mentes y corazones.<\/span><span data-ccp-props=\"{&quot;335551550&quot;:6,&quot;335551620&quot;:6}\">\u00a0<\/span><\/p>\n<p><span data-contrast=\"auto\">Yo creo que es posible y hasta necesario que aprovechemos este fin de semana<\/span><span data-contrast=\"auto\">\u00a0diferente<\/span><span data-contrast=\"auto\">\u00a0para hacer algo que quiz\u00e1s no hemos hecho los a\u00f1os anteriores. \u00bfA qu\u00e9 me refiero?\u00a0<\/span><span data-contrast=\"auto\">Pues<\/span><span data-contrast=\"auto\">\u00a0a aprovechar este tiempo para afirmar, revalorar y confirmar en nuestras vidas la obra de Cristo en la cruz del calvario y su resurrecci\u00f3n victoriosa de entre los muertos.<\/span><span data-ccp-props=\"{&quot;335551550&quot;:6,&quot;335551620&quot;:6}\">\u00a0<\/span><\/p>\n<p><span data-contrast=\"auto\">El aspecto central y fundamental del evangelio radica en el pago que Jes\u00fas hizo por nuestros pecados en la cruz del calvario y su victoria suprema al resucitar de entre los muertos. Todo lo dem\u00e1s es accesorio y dependiente de esta obra gloriosa. Esto es tan importante que Pablo le llega a decir a los corintios, \u201cy si Cristo no ha resucitado, vana es entonces predicaci\u00f3n,\u00a0<\/span><span data-contrast=\"auto\">y vana tambi\u00e9n la fe de ustedes\u201d (1 Cor 15:11). Es indudable que\u00a0<\/span><span data-contrast=\"auto\">estas\u00a0<\/span><span data-contrast=\"auto\">son palabras mayores<\/span><span data-contrast=\"auto\">\u00a0porque l<\/span><span data-contrast=\"auto\">a palabra \u201cvano\u201d en el original griego es algo \u201cvac\u00edo\u201d o que no tiene raz\u00f3n de ser o existir.\u00a0<\/span><span data-ccp-props=\"{&quot;335551550&quot;:6,&quot;335551620&quot;:6}\">\u00a0<\/span><\/p>\n<p><span data-contrast=\"auto\">De lo anterior se desprende\u00a0<\/span><span data-contrast=\"auto\">que<\/span><span data-contrast=\"auto\">\u00a0s<\/span><span data-contrast=\"auto\">i pierdes de vista la resurrecci\u00f3n de Jesucristo como elemento central del evangelio, no est\u00e1s simplemente olvidando un detalle de tu religi\u00f3n, lo que est\u00e1s perdiendo es el mismo<\/span><span data-contrast=\"auto\">\u00a0<\/span><span data-contrast=\"auto\">motor que hace posible que tu fe, creencias, pr\u00e1cticas, servicio y dem\u00e1s aspectos del cristianismo operen y tengan sentido. \u00bfSe dan cuenta porque es tan importante aceitar esta verdad continuamente?<\/span><span data-ccp-props=\"{&quot;335551550&quot;:6,&quot;335551620&quot;:6}\">\u00a0<\/span><\/p>\n<p><span data-contrast=\"auto\">Podr\u00edamos este fin de semana empezar leyendo los cuatro relatos de Semana Santa en los cuatro evangelios. La belleza de\u00a0<\/span><span data-contrast=\"auto\">estos<\/span><span data-contrast=\"auto\">\u00a0relato<\/span><span data-contrast=\"auto\">s<\/span><span data-contrast=\"auto\">\u00a0es que\u00a0<\/span><span data-contrast=\"auto\">te puedes<\/span><span data-contrast=\"auto\">\u00a0sumergir en la historia y\u00a0<\/span><span data-contrast=\"auto\">llegar<\/span><span data-contrast=\"auto\">\u00a0<\/span><span data-contrast=\"auto\">a convertirte<\/span><span data-contrast=\"auto\">\u00a0<\/span><span data-contrast=\"auto\">en\u00a0<\/span><span data-contrast=\"auto\">un observador<\/span><span data-contrast=\"auto\">\u00a0cercano de esos sucesos trascendentales.\u00a0<\/span><span data-contrast=\"auto\">Si lo empiezas a ver con detenimiento, quedar\u00e1s impresionado por<\/span><span data-contrast=\"auto\">\u00a0la enorme sorpresa que la resurrecci\u00f3n\u00a0<\/span><span data-contrast=\"auto\">produjo<\/span><span data-contrast=\"auto\">\u00a0en los primeros disc\u00edpulos. Aunque Jes\u00fas repiti\u00f3 en varias oportunidades que esto se dar\u00eda, ellos\u00a0<\/span><span data-contrast=\"auto\">nunca lo comprendieron y por eso\u00a0<\/span><span data-contrast=\"auto\">no\u00a0<\/span><span data-contrast=\"auto\">estuvieron<\/span><span data-contrast=\"auto\">\u00a0preparados para tal evento magn\u00edfico.<\/span><span data-ccp-props=\"{&quot;335551550&quot;:6,&quot;335551620&quot;:6}\">\u00a0<\/span><\/p>\n<p><span data-contrast=\"auto\">Vayamos paso a paso.\u00a0<\/span><span data-contrast=\"auto\">Jes\u00fas hab\u00eda entrado triunfalmente en Jerusal\u00e9n, el apoyo popular era\u00a0<\/span><span data-contrast=\"auto\">multitudinario<\/span><span data-contrast=\"auto\">, pero\u00a0<\/span><span data-contrast=\"auto\">todo se vino abajo\u00a0<\/span><span data-contrast=\"auto\">en\u00a0<\/span><span data-contrast=\"auto\">unas\u00a0<\/span><span data-contrast=\"auto\">pocas horas.\u00a0<\/span><span data-contrast=\"auto\">Fue terrible como todo se fue desmoronando tan r\u00e1pidamente.\u00a0<\/span><span data-contrast=\"auto\">Uno de\u00a0<\/span><span data-contrast=\"auto\">los<\/span><span data-contrast=\"auto\">\u00a0disc\u00edpulos m\u00e1s cercanos se hab\u00eda vendido a los enemigos de Jes\u00fas y lo hab\u00eda entregado con un beso<\/span><span data-contrast=\"auto\">;<\/span><span data-contrast=\"auto\">\u00a0Pedro le hab\u00eda negado en el momento en que m\u00e1s lo necesitaba, todos los dem\u00e1s hab\u00edan<\/span><span data-contrast=\"auto\">\u00a0huido<\/span><span data-contrast=\"auto\">\u00a0<\/span><span data-contrast=\"auto\">dej\u00e1ndolo<\/span><span data-contrast=\"auto\">\u00a0solo<\/span><span data-contrast=\"auto\">.<\/span><span data-contrast=\"auto\">\u00a0<\/span><span data-contrast=\"auto\">E<\/span><span data-contrast=\"auto\">n un juicio sumario<\/span><span data-contrast=\"auto\">,<\/span><span data-contrast=\"auto\">\u00a0que\u00a0<\/span><span data-contrast=\"auto\">cont\u00f3<\/span><span data-contrast=\"auto\">\u00a0<\/span><span data-contrast=\"auto\">con\u00a0<\/span><span data-contrast=\"auto\">el apoyo mayoritario del pueblo<\/span><span data-contrast=\"auto\">\u00a0<\/span><span data-contrast=\"auto\">que\u00a0<\/span><span data-contrast=\"auto\">antes lo alababa<\/span><span data-contrast=\"auto\">,\u00a0<\/span><span data-contrast=\"auto\">Jes\u00fas<\/span><span data-contrast=\"auto\">\u00a0<\/span><span data-contrast=\"auto\">fue<\/span><span data-contrast=\"auto\">\u00a0condenado a muerte. L<\/span><span data-contrast=\"auto\">a<\/span><span data-contrast=\"auto\">\u00a0<\/span><span data-contrast=\"auto\">poca\u00a0<\/span><span data-contrast=\"auto\">esperanza<\/span><span data-contrast=\"auto\">\u00a0<\/span><span data-contrast=\"auto\">que les quedaba a<\/span><span data-contrast=\"auto\">\u00a0los disc\u00edpulos<\/span><span data-contrast=\"auto\">\u00a0se vino abajo.\u00a0<\/span><span data-contrast=\"auto\">Poco tiempo despu\u00e9s<\/span><span data-contrast=\"auto\">\u00a0lo vieron morir en la cruz en medio de un dolor\u00a0<\/span><span data-contrast=\"auto\">insoportable<\/span><span data-contrast=\"auto\">.<\/span><span data-ccp-props=\"{&quot;335551550&quot;:6,&quot;335551620&quot;:6}\">\u00a0<\/span><\/p>\n<p><span data-contrast=\"auto\">Ninguno de ellos\u00a0<\/span><span data-contrast=\"auto\">tuvo<\/span><span data-contrast=\"auto\">\u00a0el valor siquiera de pedir el cad\u00e1ver de Jes\u00fas. Fue Jos\u00e9 de Arimatea<\/span><span data-contrast=\"auto\">, un religioso,<\/span><span data-contrast=\"auto\">\u00a0el que lo reclam\u00f3 y enterr\u00f3.<\/span><span data-contrast=\"auto\">\u00a0Los disc\u00edpulos estaban escondidos y solo dos<\/span><span data-contrast=\"auto\">:<\/span><span data-contrast=\"auto\">\u00a0Mar\u00eda Magdalena y Mar\u00eda, la madre de Jos\u00e9 se percataron de d\u00f3nde hab\u00eda sido enterrado Jes\u00fas. La confusi\u00f3n reinaba, la desesperanza era el sentimiento com\u00fan.\u00a0<\/span><span data-contrast=\"auto\">As\u00ed deb\u00eda acabar la historia sin resurrecci\u00f3n.\u00a0<\/span><span data-contrast=\"auto\">Sin embargo, contra todo pron\u00f3stico y expectativa, \u00a1Jes\u00fas resucit\u00f3!\u00a0<\/span><span data-ccp-props=\"{&quot;335551550&quot;:6,&quot;335551620&quot;:6}\">\u00a0<\/span><\/p>\n<p><span data-contrast=\"auto\">El relato demuestra<\/span><span data-contrast=\"auto\">\u00a0con creces<\/span><span data-contrast=\"auto\">\u00a0la sorpresa y hasta la incredulidad de todos\u00a0<\/span><span data-contrast=\"auto\">los disc\u00edpulos<\/span><span data-contrast=\"auto\">.<\/span><span data-contrast=\"auto\">\u00a0Nadie esperaba algo as\u00ed.\u00a0<\/span><span data-contrast=\"auto\">La resurrecci\u00f3n de Cristo i<\/span><span data-contrast=\"auto\">ba m\u00e1s all\u00e1 de su comprensi\u00f3n o expectativa<\/span><span data-contrast=\"auto\">\u00a0humana<\/span><span data-contrast=\"auto\">. Por eso Pablo al hablar de estos sucesos impresionantes dice, \u201cPorque yo les entregu\u00e9 en primer lugar lo mismo que recib\u00ed: que Cristo muri\u00f3 por nuestros pecados,\u00a0<\/span><b><span data-contrast=\"auto\">conforme a las Escrituras<\/span><\/b><span data-contrast=\"auto\">; que fue sepultado y que resucit\u00f3 al tercer d\u00eda,\u00a0<\/span><b><span data-contrast=\"auto\">conforme a las Escrituras<\/span><\/b><span data-contrast=\"auto\">\u201d (1 Co 15:3<\/span><span data-contrast=\"auto\">-4, \u00e9nfasis a\u00f1adido).<\/span><span data-contrast=\"auto\">\u00a0<\/span><span data-ccp-props=\"{&quot;335551550&quot;:6,&quot;335551620&quot;:6}\">\u00a0<\/span><\/p>\n<p><span data-contrast=\"auto\">Solo las Escrituras y el poder soberano de Dios podr\u00edan\u00a0<\/span><span data-contrast=\"auto\">darle<\/span><span data-contrast=\"auto\">s<\/span><span data-contrast=\"auto\">\u00a0sentido a todos estos sucesos.\u00a0<\/span><span data-contrast=\"auto\">Reflexionar en la obra de Cristo anunciada en el evangelio, su muerte y resurrecci\u00f3n, es una necesidad permanente\u00a0<\/span><span data-contrast=\"auto\">para los cristianos\u00a0<\/span><span data-contrast=\"auto\">porque esa obra divina est\u00e1 infinitamente m\u00e1s all\u00e1 de tu comprensi\u00f3n humana. Requiere que vayas a las Escrituras para poder percibir caminos que son superiores y m\u00e1s altos que los humanos (Is 55:8).\u00a0<\/span><span data-ccp-props=\"{}\">\u00a0<\/span><\/p>\n<p><span data-contrast=\"auto\">Si meditamos en<\/span><span data-contrast=\"auto\">\u00a0<\/span><span data-contrast=\"auto\">estos<\/span><span data-contrast=\"auto\">\u00a0d\u00edas<\/span><span data-contrast=\"auto\">\u00a0en<\/span><span data-contrast=\"auto\">\u00a0la obra de Cristo, su muerte y resurrecci\u00f3n,\u00a0<\/span><span data-contrast=\"auto\">aprenderemos que<\/span><span data-contrast=\"auto\">\u00a0la resurrecci\u00f3n nos ubica en una nueva dimensi\u00f3n espiritual porque<\/span><span data-contrast=\"auto\">, \u201ccon \u00c9l nos resucit\u00f3 y con \u00c9l nos sent\u00f3 en los lugares celestiales en Cristo Jes\u00fas\u201d (Ef 2:6). P<\/span><span data-contrast=\"auto\">odremos<\/span><span data-contrast=\"auto\">\u00a0<\/span><span data-contrast=\"auto\">tambi\u00e9n\u00a0<\/span><span data-contrast=\"auto\">percibir nuestra propia resurrecci\u00f3n y redirigiremos nuestras vidas hacia \u201clas cosas de arriba, donde est\u00e1 Cristo sentado a la diestra de Dios\u201d (Col 3:1b).\u00a0<\/span><span data-contrast=\"auto\">Adem\u00e1s<\/span><span data-contrast=\"auto\">,<\/span><span data-contrast=\"auto\">\u00a0reconoceremos que ya no podremos vivir para nosotros mismos, \u201csino para Aquel que muri\u00f3 y resucit\u00f3 por\u00a0<\/span><span data-contrast=\"auto\">[nosotros]<\/span><span data-contrast=\"auto\">\u201d<\/span><span data-contrast=\"auto\">\u00a0(2 Co 5:15).\u00a0<\/span><span data-ccp-props=\"{}\">\u00a0<\/span><\/p>\n<p><span data-contrast=\"auto\">Finalmente, la resurrecci\u00f3n de nuestro Se\u00f1or nos ayuda a poner nuestra esperanza en su retorno porque, no\u00a0<\/span><span data-contrast=\"auto\">tenemos fe en un\u00a0<\/span><span data-contrast=\"auto\">dios\u00a0<\/span><span data-contrast=\"auto\">que se qued\u00f3 en el<\/span><span data-contrast=\"auto\">\u00a0pasado, sino que servimos \u201cal Dios vivo y verdadero, y espera[<\/span><span data-contrast=\"auto\">mos<\/span><span data-contrast=\"auto\">] de los cielos a Su Hijo, al cual resucit\u00f3 de entre los muertos, es decir, a Jes\u00fas, quien nos libra de la ira venidera\u201d (<\/span><span data-contrast=\"auto\">1 Ts 1:9b-10).<\/span><span data-ccp-props=\"{}\">\u00a0<\/span><\/p>\n<p>\u00a1Bendita resurrecci\u00f3n de nuestro Se\u00f1or Jesucristo!<\/p>\n\n\t\t<\/div>\n\t<\/div>\n<\/div><\/div><\/div><\/div><div class=\"vc_row wpb_row vc_row-fluid vc_custom_1615074577655 vc_row-has-fill\"><div class=\"wpb_column vc_column_container vc_col-sm-12\"><div class=\"vc_column-inner\"><div class=\"wpb_wrapper\">\t\t\t<div class=\"info-box-wrapper\">\n\t\t\t\t<div id=\"wd-653996b8a3004\" class=\" wd-rs-653996b8a3004 wd-info-box wd-wpb text-left box-icon-align-left box-style- color-scheme- wd-bg-none wd-items-top \">\n\t\t\t\t\t\t\t\t\t\t\t<div class=\"box-icon-wrapper  box-with-icon box-icon-simple\">\n\t\t\t\t\t\t\t<div class=\"info-box-icon\">\n\n\t\t\t\t\t\t\t\n\t\t\t\t\t\t\t\t\t\t\t\t\t\t\t\t\t<img loading=\"lazy\" decoding=\"async\" width=\"100\" height=\"100\" src=\"https:\/\/desarrollocristiano.pe\/wp-content\/uploads\/2021\/03\/pepemendoza-100x100.jpg\" class=\"attachment-100x100 size-100x100\" alt=\"\" \/>\t\t\t\t\t\t\t\t\t\t\t\t\t\t\t\n\t\t\t\t\t\t\t<\/div>\n\t\t\t\t\t\t<\/div>\n\t\t\t\t\t\t\t\t\t\t<div class=\"info-box-content\">\n\t\t\t\t\t\t<h4 class=\"info-box-title title box-title-style-default wd-fontsize-m\">Sobre el autor...<\/h4>\t\t\t\t\t\t<div class=\"info-box-inner reset-last-child\"><p><strong>Jos\u00e9<\/strong>\u00a0<strong>\u201cPepe\u201d Mendoza<\/strong> es el Asesor Editorial en Coalici\u00f3n por el Evangelio. Sirvi\u00f3 como pastor asociado en la Iglesia Bautista Internacional, en Rep\u00fablica Dominicana, y actualmente vive en Lima, Per\u00fa. Es profesor en el <a title=\"\" href=\"http:\/\/institutois.org\/\">Instituto\u00a0<\/a><a title=\"\" href=\"http:\/\/institutois.org\/\">Integridad &amp; Sabidur\u00eda<\/a>, colabora con el programa hispano del\u00a0<em><a href=\"https:\/\/www.sbts.edu\/hispanos\/\">Southern Baptist Theological Seminary<\/a><\/em>, y tambi\u00e9n trabaja como editor de libros y recursos cristianos. Est\u00e1 casado con Erika y tienen una hija, Adriana.<\/p>\n<p>Puedes encontrar a Jos\u00e9 \u00abPepe\u00bb Mendoza en:<\/p>\n<ul>\n<li>Twitter: <a href=\"https:\/\/twitter.com\/pepieri\" target=\"_blank\" rel=\"noopener noreferrer\">@pepieri<\/a><\/li>\n<\/ul>\n<p>&nbsp;<\/p>\n<\/div>\n\n\t\t\t\t\t\t\t\t\t\t\t<\/div>\n\n\t\t\t\t\t\n\t\t\t\t\t\t\t\t\t<\/div>\n\t\t\t<\/div>\n\t\t<\/div><\/div><\/div><\/div>\n<\/div>\t\t\t\t\t<\/div>\n\t\t\t\t\n\t\t\t\t\t\t\t\t\t<\/div>\n\t<\/div>\n<\/article>\n\n\t\t\t\t\t\n\t\t\t\t\t","status":"have-posts","nextPage":"https:\/\/desarrollocristiano.pe\/articulos-pastorales\/page\/8\/?woo_ajax=1","currentPage":"https:\/\/desarrollocristiano.pe\/articulos-pastorales\/page\/7"}