
			
				

					
				

			
		{"items":"\n\t\t\t\t\t\t\t\t\t\t\t\t\t\t<link rel=\"stylesheet\" id=\"wd-post-types-mod-categories-style-bg-css\" href=\"https:\/\/desarrollocristiano.pe\/wp-content\/themes\/woodmart\/css\/parts\/post-types-mod-categories-style-bg.min.css?ver=8.2.7\" type=\"text\/css\" media=\"all\" \/> \t\t\t\n<article id=\"post-59618\" class=\"wd-post blog-design-chess blog-post-loop blog-design-small-images blog-style-bg wd-add-shadow wd-col post-59618 post type-post status-publish format-standard has-post-thumbnail hentry category-paternidad\">\n\t<div class=\"wd-post-inner article-inner\">\n\t\t\t\t\t<div class=\"wd-post-thumb entry-header\">\n\t\t\t\t\t\t\t\t\t<div class=\"wd-post-img post-img-wrapp\">\n\t\t\t\t\t\t<img width=\"320\" height=\"160\" src=\"https:\/\/desarrollocristiano.pe\/wp-content\/uploads\/2021\/06\/padres-320x160.jpg\" class=\"attachment-large size-large\" alt=\"\" decoding=\"async\" fetchpriority=\"high\" srcset=\"https:\/\/desarrollocristiano.pe\/wp-content\/uploads\/2021\/06\/padres-320x160.jpg 320w, https:\/\/desarrollocristiano.pe\/wp-content\/uploads\/2021\/06\/padres-600x300.jpg 600w, https:\/\/desarrollocristiano.pe\/wp-content\/uploads\/2021\/06\/padres-150x75.jpg 150w, https:\/\/desarrollocristiano.pe\/wp-content\/uploads\/2021\/06\/padres.jpg 700w\" sizes=\"(max-width: 320px) 100vw, 320px\" \/>\t\t\t\t\t<\/div>\n\t\t\t\t\t<a class=\"wd-fill\" href=\"https:\/\/desarrollocristiano.pe\/un-recordatorio-para-los-padres-en-el-dia-de-los-padres\/\"><\/a>\n\t\t\t\t\n\t\t\t\t\t\t\t\t\t\t\t\t<link rel=\"stylesheet\" id=\"wd-post-types-mod-date-style-bg-css\" href=\"https:\/\/desarrollocristiano.pe\/wp-content\/themes\/woodmart\/css\/parts\/post-types-mod-date-style-bg.min.css?ver=8.2.7\" type=\"text\/css\" media=\"all\" \/> \t\t\t\t\t\t<div class=\"wd-post-date wd-style-with-bg\">\n\t\t\t\t<span class=\"post-date-day\">\n\t\t\t\t\t20\t\t\t\t<\/span>\n\t\t\t\t<span class=\"post-date-month\">\n\t\t\t\t\tJun\t\t\t\t<\/span>\n\t\t\t<\/div>\n\t\t\t\t\t\t\t\t\t<\/div>\n\t\t\n\t\t<div class=\"wd-post-content article-body-container\">\n\t\t\t\t\t\t\t<div class=\"wd-post-cat wd-style-with-bg meta-post-categories\">\n\t\t\t\t\t<a href=\"https:\/\/desarrollocristiano.pe\/categorias\/relaciones\/paternidad\/\" rel=\"category tag\">Paternidad<\/a>\t\t\t\t<\/div>\n\t\t\t\n\t\t\t\t\t\t\t<h3 class=\"wd-post-title wd-entities-title title post-title\">\n\t\t\t\t\t<a href=\"https:\/\/desarrollocristiano.pe\/un-recordatorio-para-los-padres-en-el-dia-de-los-padres\/\" rel=\"bookmark\">Un recordatorio para los padres en el d\u00eda de los padres<\/a>\n\t\t\t\t<\/h3>\n\t\t\t\n\t\t\t\t\t\t\t<div class=\"wd-post-meta\">\n\t\t\t\t\t\t\t\t\t\t\t\t\t<link rel=\"stylesheet\" id=\"wd-blog-mod-author-css\" href=\"https:\/\/desarrollocristiano.pe\/wp-content\/themes\/woodmart\/css\/parts\/blog-mod-author.min.css?ver=8.2.7\" type=\"text\/css\" media=\"all\" \/> \t\t\t\t\t\t\t\t<div class=\"wd-post-author\">\n\t\t\t\t\t\t\t\t\t\t\t<span>Posteado por<\/span>\n\t\t\n\t\t\t\t\t<img alt='author-avatar' src='https:\/\/secure.gravatar.com\/avatar\/8f331515e2139e7ffacac78d5e21bc88ee625065cad5d063ef4da73b7cbcfc2d?s=18&#038;d=mm&#038;r=g' srcset='https:\/\/secure.gravatar.com\/avatar\/8f331515e2139e7ffacac78d5e21bc88ee625065cad5d063ef4da73b7cbcfc2d?s=36&#038;d=mm&#038;r=g 2x' class='avatar avatar-18 photo' height='18' width='18' decoding='async'\/>\t\t\n\t\t\t\t\t<a href=\"https:\/\/desarrollocristiano.pe\/author\/aprnimda7720\/\" class=\"author\" rel=\"author\">Administrador<\/a>\n\t\t\t\t\t\t\t\t\t<\/div>\n\t\t\t\t\t<div class=\"wd-modified-date\">\n\t\t\t\t\t\t\t\t<time class=\"updated\" datetime=\"2021-06-10T16:01:38-05:00\">\n\t\t\t10\/06\/2021\t\t<\/time>\n\t\t\t\t\t\t\t<\/div>\n\n\t\t\t\t\t\t\t\t\t\t\t<div class=\"wd-post-share wd-tltp\">\n\t\t\t\t\t\t\t<div class=\"tooltip top\">\n\t\t\t\t\t\t\t\t<div class=\"tooltip-inner\">\n\t\t\t\t\t\t\t\t\t\t\t\t<link rel=\"stylesheet\" id=\"wd-social-icons-css\" href=\"https:\/\/desarrollocristiano.pe\/wp-content\/themes\/woodmart\/css\/parts\/el-social-icons.min.css?ver=8.2.7\" type=\"text\/css\" media=\"all\" \/> \t\t\t\t\t\t<div\n\t\t\t\t\t\tclass=\" wd-social-icons  wd-style-default wd-size-small social-share wd-shape-circle color-scheme-light text-center\">\n\t\t\t\t\n\t\t\t\t\n\t\t\t\t\t\t\t\t\t<a rel=\"noopener noreferrer nofollow\" href=\"https:\/\/www.facebook.com\/sharer\/sharer.php?u=https:\/\/desarrollocristiano.pe\/articulos-pastorales\/\" target=\"_blank\" class=\" wd-social-icon social-facebook\" aria-label=\"Facebook social link\">\n\t\t\t\t\t\t<span class=\"wd-icon\"><\/span>\n\t\t\t\t\t\t\t\t\t\t\t<\/a>\n\t\t\t\t\n\t\t\t\t\t\t\t\t\t<a rel=\"noopener noreferrer nofollow\" href=\"https:\/\/x.com\/share?url=https:\/\/desarrollocristiano.pe\/articulos-pastorales\/\" target=\"_blank\" class=\" wd-social-icon social-twitter\" aria-label=\"X social link\">\n\t\t\t\t\t\t<span class=\"wd-icon\"><\/span>\n\t\t\t\t\t\t\t\t\t\t\t<\/a>\n\t\t\t\t\n\t\t\t\t\n\t\t\t\t\t\t\t\t\t<a rel=\"noopener noreferrer nofollow\" href=\"mailto:?subject=Check%20this%20https:\/\/desarrollocristiano.pe\/articulos-pastorales\/\" target=\"_blank\" class=\" wd-social-icon social-email\" aria-label=\"Email social link\">\n\t\t\t\t\t\t<span class=\"wd-icon\"><\/span>\n\t\t\t\t\t\t\t\t\t\t\t<\/a>\n\t\t\t\t\n\t\t\t\t\n\t\t\t\t\n\t\t\t\t\n\t\t\t\t\t\t\t\t\t<a rel=\"noopener noreferrer nofollow\" href=\"https:\/\/pinterest.com\/pin\/create\/button\/?url=https:\/\/desarrollocristiano.pe\/articulos-pastorales\/&media=https:\/\/desarrollocristiano.pe\/wp-content\/uploads\/2021\/06\/padres.jpg&description=Un+recordatorio+para+los+padres+en+el+d%C3%ADa+de+los+padres\" target=\"_blank\" class=\" wd-social-icon social-pinterest\" aria-label=\"Pinterest social link\">\n\t\t\t\t\t\t<span class=\"wd-icon\"><\/span>\n\t\t\t\t\t\t\t\t\t\t\t<\/a>\n\t\t\t\t\n\t\t\t\t\n\t\t\t\t\t\t\t\t\t<a rel=\"noopener noreferrer nofollow\" href=\"https:\/\/www.linkedin.com\/shareArticle?mini=true&url=https:\/\/desarrollocristiano.pe\/articulos-pastorales\/\" target=\"_blank\" class=\" wd-social-icon social-linkedin\" aria-label=\"Linkedin social link\">\n\t\t\t\t\t\t<span class=\"wd-icon\"><\/span>\n\t\t\t\t\t\t\t\t\t\t\t<\/a>\n\t\t\t\t\n\t\t\t\t\n\t\t\t\t\n\t\t\t\t\n\t\t\t\t\n\t\t\t\t\n\t\t\t\t\n\t\t\t\t\n\t\t\t\t\n\t\t\t\t\t\t\t\t\t<a rel=\"noopener noreferrer nofollow\" href=\"https:\/\/api.whatsapp.com\/send?text=https%3A%2F%2Fdesarrollocristiano.pe%2Farticulos-pastorales%2F\" target=\"_blank\" class=\"wd-hide-md  wd-social-icon social-whatsapp\" aria-label=\"WhatsApp social link\">\n\t\t\t\t\t\t<span class=\"wd-icon\"><\/span>\n\t\t\t\t\t\t\t\t\t\t\t<\/a>\n\n\t\t\t\t\t<a rel=\"noopener noreferrer nofollow\" href=\"whatsapp:\/\/send?text=https%3A%2F%2Fdesarrollocristiano.pe%2Farticulos-pastorales%2F\" target=\"_blank\" class=\"wd-hide-lg  wd-social-icon social-whatsapp\" aria-label=\"WhatsApp social link\">\n\t\t\t\t\t\t<span class=\"wd-icon\"><\/span>\n\t\t\t\t\t\t\t\t\t\t\t<\/a>\n\t\t\t\t\n\t\t\t\t\n\t\t\t\t\n\t\t\t\t\n\t\t\t\t\n\t\t\t\t\n\t\t\t\t\t\t\t\t\t<a rel=\"noopener noreferrer nofollow\" href=\"https:\/\/telegram.me\/share\/url?url=https:\/\/desarrollocristiano.pe\/articulos-pastorales\/\" target=\"_blank\" class=\" wd-social-icon social-tg\" aria-label=\"Telegram social link\">\n\t\t\t\t\t\t<span class=\"wd-icon\"><\/span>\n\t\t\t\t\t\t\t\t\t\t\t<\/a>\n\t\t\t\t\n\t\t\t\t\n\t\t\t<\/div>\n\n\t\t\t\t\t\t\t\t\t\t<\/div>\n\t\t\t\t\t\t\t\t<div class=\"tooltip-arrow\"><\/div>\n\t\t\t\t\t\t\t<\/div>\n\t\t\t\t\t\t<\/div>\n\t\t\t\t\t\n\t\t\t\t\t\t\t\t\t\t\t\t\t\t<link rel=\"stylesheet\" id=\"wd-blog-mod-comments-button-css\" href=\"https:\/\/desarrollocristiano.pe\/wp-content\/themes\/woodmart\/css\/parts\/blog-mod-comments-button.min.css?ver=8.2.7\" type=\"text\/css\" media=\"all\" \/> \t\t\t\t\t\t\t\t\t<div class=\"wd-post-reply wd-style-1\">\n\t\t\t\t\t\t\t<a href=\"https:\/\/desarrollocristiano.pe\/un-recordatorio-para-los-padres-en-el-dia-de-los-padres\/#respond\"><span class=\"wd-replies-count\">0<\/span><\/a>\t\t\t\t\t\t<\/div>\n\t\t\t\t\t\t\t\t\t<\/div>\n\t\t\t\n\t\t\t\t\t\t\t\t\t\t\t\t<div class=\"wd-post-excerpt entry-content\">\n\t\t\t\t\t\t<div class=\"wpb-content-wrapper\"><div class=\"vc_row wpb_row vc_row-fluid\"><div class=\"wpb_column vc_column_container vc_col-sm-12\"><div class=\"vc_column-inner\"><div class=\"wpb_wrapper\">\n\t<div class=\"wpb_text_column wpb_content_element texto_parrafo text-larger\" >\n\t\t<div class=\"wpb_wrapper\">\n\t\t\t<p>Por: <a href=\"https:\/\/twitter.com\/symichelen\" target=\"_blank\" rel=\"noopener noreferrer\"><b>Sugel Michel\u00e9n<\/b><\/a><br \/>\nFuente: <a href=\"https:\/\/www.coalicionporelevangelio.org\/entradas\/sugel-michelen\/un-recordatorio-para-los-padres-en-el-dia-de-los-padres\/\" target=\"_blank\" rel=\"noopener noreferrer\">Coalici\u00f3n por el Evangelio<\/a><\/p>\n<p>No s\u00e9 cu\u00e1ntos pa\u00edses celebran el d\u00eda de los padres en la misma fecha que nosotros lo hacemos en RD (es decir, el \u00faltimo domingo de Julio). Pero sea cual sea la fecha de este evento en el calendario de cada pa\u00eds, no quise dejar pasar la oportunidad sin traer una nota de recordatorio para todos los que somos padres.<\/p>\n<p>Tanto en <a class=\"rtBibleRef\" href=\"https:\/\/biblia.com\/bible\/nblh\/Efe.%206.1-4?culture=es\" target=\"_blank\" rel=\"noopener\" data-reference=\"Efe. 6.1-4\" data-version=\"nblh\" data-purpose=\"bible-reference\">Ef. 6:1-4<\/a> como en <a class=\"rtBibleRef\" href=\"https:\/\/biblia.com\/bible\/nblh\/Col.%203.20-21?culture=es\" target=\"_blank\" rel=\"noopener\" data-reference=\"Col. 3.20-21\" data-version=\"nblh\" data-purpose=\"bible-reference\">Col. 3:20-21<\/a>, el ap\u00f3stol Pablo escribe unas palabras sobre el deber de los hijos de obedecer a sus padres, y el deber de los padres de criar a sus hijos en el marco del evangelio. El pasaje de Efesios es el m\u00e1s extenso de los dos, as\u00ed que voy a tomarlo como punto de partida:<\/p>\n<p>\u201cHijos, obedeced en el Se\u00f1or a vuestros padres, porque esto es justo. Honra a tu padre y a tu madre, que es el primer mandamiento con promesa;\u00a0para que te vaya bien, y seas de larga vida sobre la tierra. Y vosotros, padres, no provoqu\u00e9is a ira a vuestros hijos, sino criadlos en disciplina y amonestaci\u00f3n del Se\u00f1or\u201d.<\/p>\n<p>Aunque en los vers\u00edculos 1 y 4 aparece la palabra \u201cpadres\u201d en nuestra versi\u00f3n RV60, en el original griego son dos palabras distintas. La del vers\u00edculo 1 puede ser traducida como \u201cprogenitores\u201d, e incluye tanto al padre como a la madre. Es por eso que Pablo se vale del quinto mandamiento del Dec\u00e1logo para recordar a los hijos que deb\u00edan honrar a su padre y a su madre. De manera que ambos padres tienen una responsabilidad en la crianza de sus hijos, y ambos poseen la misma autoridad sobre ellos.<\/p>\n<p>Sin embargo, el t\u00e9rmino que Pablo usa en el vers. 21 es la palabra griega <em>p\u00e1teres<\/em> que parece se\u00f1alar de manera especial a los hombres, a los padres. Ellos son los que tienen la responsabilidad primaria de guiar a la familia, incluyendo a sus esposas en el papel de madres.<\/p>\n<p>Contrario al pensamiento del mundo en ese sentido, Dios coloca sobre los hombres la responsabilidad del liderazgo de su familia. Por supuesto, nosotros sabemos que las madres juegan un papel vital en la crianza de los hijos. Generalmente ellas pasan m\u00e1s tiempo con ellos y ejercen una influencia determinante en sus vidas. Pero el hombre es responsable ante Dios de proveer a su esposa y a sus hijos la gu\u00eda, el sost\u00e9n y la protecci\u00f3n que necesitan en un clima de amor y servicio.<\/p>\n<p>Ser cabeza de la familia no es contemplado en la Biblia como una ventaja, sino como una gran responsabilidad. Nosotros tenemos un trabajo que debemos hacer de manera intencional, procurando el bien espiritual y f\u00edsico de nuestra esposa y nuestros hijos. Dios nos ha llamado a hacer un trabajo, un trabajo que est\u00e1 muy por encima de nuestras capacidades naturales y que solo puede ser hecho en dependencia de \u00c9l. \u00c9l nos contrat\u00f3, \u00c9l nos da los recursos que necesitamos cada momento para poder ser los padres que \u00c9l quiere que seamos, y \u00c9l nos pedir\u00e1 cuentas alg\u00fan d\u00eda por esa mayordom\u00eda que nos fue confiada.<\/p>\n<p>Lamentablemente, la influencia del mundo ha tenido un impacto profundo en la iglesia de Cristo en este asunto. En muchos hogares cristianos es la mujer y no el hombre la que va delante en la vida espiritual de la familia y la crianza de los hijos. Le\u00ed recientemente que un autor cristiano fue a proponerle a una casa publicadora un libro sobre la paternidad. \u00bfSaben lo que el encargado la respondi\u00f3? Que los libros dirigidos a los padres no venden. \u201cNuestros estudios nos han mostrado que el 80% de los libros sobre crianza son comprados por las madres. Ellas los leen y se los pasan a sus maridos, que apenas los leen. Es dif\u00edcil mercadear la paternidad a una audiencia femenina\u201d.<\/p>\n<p>Y el impacto que ese matriarcado est\u00e1 produciendo en las iglesias y en la sociedad es sencillamente devastador, sobre todo para el desarrollo de un verdadero liderazgo. La masculinidad es algo que se produce mayormente en un ambiente en el que las mujeres se comportan como mujeres y los hombres se comportan como hombres (lean bien: no como \u201cmachos\u201d, sino como hombres).<\/p>\n<p>De manera que tanto el padre como la madre tienen la responsabilidad de criar a los hijos en el temor de Dios, pero el padre es el principal responsable de ese deber.<\/p>\n<p>Apreciamos todo comentario que pueda complementar este art\u00edculo para edificaci\u00f3n de los lectores de este blog.<\/p>\n<p>&nbsp;<\/p>\n<p><em>\u00a9 Por Sugel Michel\u00e9n. <a href=\"http:\/\/blogs-es.thegospelcoalition.org\">Todo Pensamiento Cautivo<\/a>. Usted puede reproducir y distribuir este material, siempre que sea sin fines de lucro, sin alterar su contenido y reconociendo su autor y procedencia.<\/em><\/p>\n\n\t\t<\/div>\n\t<\/div>\n<\/div><\/div><\/div><\/div><div class=\"vc_row wpb_row vc_row-fluid vc_custom_1615074577655 vc_row-has-fill\"><div class=\"wpb_column vc_column_container vc_col-sm-12\"><div class=\"vc_column-inner\"><div class=\"wpb_wrapper\">\t\t\t<link rel=\"stylesheet\" id=\"wd-info-box-css\" href=\"https:\/\/desarrollocristiano.pe\/wp-content\/themes\/woodmart\/css\/parts\/el-info-box.min.css?ver=8.2.7\" type=\"text\/css\" media=\"all\" \/> \t\t\t\t\t\t<div class=\"info-box-wrapper inline-element\">\n\t\t\t\t<div id=\"wd-60c2477358a41\" class=\" wd-rs-60c2477358a41 wd-info-box wd-wpb text-left box-icon-align-left box-style- color-scheme- wd-bg-none wd-items-top \">\n\t\t\t\t\t\t\t\t\t\t\t<div class=\"box-icon-wrapper  box-with-icon box-icon-with-border\">\n\t\t\t\t\t\t\t<div class=\"info-box-icon\">\n\n\t\t\t\t\t\t\t\n\t\t\t\t\t\t\t\t\t\t\t\t\t\t\t\t\t<img decoding=\"async\" width=\"100\" height=\"100\" src=\"https:\/\/desarrollocristiano.pe\/wp-content\/uploads\/2021\/06\/Sugel-Michelen-100x100.jpg\" class=\"attachment-100x100 size-100x100\" alt=\"\" \/>\t\t\t\t\t\t\t\t\t\t\t\t\t\t\t\n\t\t\t\t\t\t\t<\/div>\n\t\t\t\t\t\t<\/div>\n\t\t\t\t\t\t\t\t\t\t<div class=\"info-box-content\">\n\t\t\t\t\t\t<h4 class=\"info-box-title title box-title-style-default wd-fontsize-m\">Sobre el autor...<\/h4>\t\t\t\t\t\t<div class=\"info-box-inner reset-last-child\"><p><strong>\u200bSugel Michel\u00e9n<\/strong> (MTS) es miembro del concilio de Coalici\u00f3n por el Evangelio. Ha sido por m\u00e1s 35 a\u00f1os uno de los pastores de <a title=\"\" href=\"http:\/\/www.ibsj.org\/\">Iglesia B\u00edblica del <\/a><a title=\"\" href=\"http:\/\/www.ibsj.org\/\">Se\u00f1or Jesucristo<\/a>, en Rep\u00fablica Dominicana, donde tiene la responsabilidad de predicar regularmente la Palabra de Dios. Es autor de varios libros, incluyendo <a href=\"https:\/\/www.amazon.com\/parte-Dios-delante-predicaci%C3%B3n-expositiva\/dp\/1433691981?tag=thegospcoal-20\"><em>De parte de Dios y delante de Dios <\/em><\/a>y <a href=\"https:\/\/www.amazon.com\/-\/es\/Sugel-Michel%C3%A9n-ebook\/dp\/B07XPVMHSQ\/ref=sr_1_1?tag=thegospcoal-20\"><em>El cuerpo de Cristo<\/em><\/a>. El pastor Michel\u00e9n y su esposa Gloria tienen 3 hijos y 5 nietos. Puedes seguirlo en <a title=\"\" href=\"https:\/\/twitter.com\/symichelen\">Twitter<\/a>.<\/p>\n<\/div>\n\n\t\t\t\t\t\t\t\t\t\t\t<\/div>\n\n\t\t\t\t\t\n\t\t\t\t\t<style>#wd-60c2477358a41 .info-box-icon {background-color:  !important;}<\/style>\t\t\t\t<\/div>\n\t\t\t<\/div>\n\t\t<\/div><\/div><\/div><\/div>\n<\/div>\t\t\t\t\t<\/div>\n\t\t\t\t\n\t\t\t\t\t\t\t\t\t<\/div>\n\t<\/div>\n<\/article>\n\n\t\t\t\t\t\t\t\t\t\t\t\n<article id=\"post-59628\" class=\"wd-post blog-design-chess blog-post-loop blog-design-small-images blog-style-bg wd-add-shadow wd-col post-59628 post type-post status-publish format-standard has-post-thumbnail hentry category-paternidad\">\n\t<div class=\"wd-post-inner article-inner\">\n\t\t\t\t\t<div class=\"wd-post-thumb entry-header\">\n\t\t\t\t\t\t\t\t\t<div class=\"wd-post-img post-img-wrapp\">\n\t\t\t\t\t\t<img width=\"320\" height=\"160\" src=\"https:\/\/desarrollocristiano.pe\/wp-content\/uploads\/2021\/06\/paternidad3-320x160.jpg\" class=\"attachment-large size-large\" alt=\"\" decoding=\"async\" loading=\"lazy\" srcset=\"https:\/\/desarrollocristiano.pe\/wp-content\/uploads\/2021\/06\/paternidad3-320x160.jpg 320w, https:\/\/desarrollocristiano.pe\/wp-content\/uploads\/2021\/06\/paternidad3-600x300.jpg 600w, https:\/\/desarrollocristiano.pe\/wp-content\/uploads\/2021\/06\/paternidad3-150x75.jpg 150w, https:\/\/desarrollocristiano.pe\/wp-content\/uploads\/2021\/06\/paternidad3.jpg 700w\" sizes=\"auto, (max-width: 320px) 100vw, 320px\" \/>\t\t\t\t\t<\/div>\n\t\t\t\t\t<a class=\"wd-fill\" href=\"https:\/\/desarrollocristiano.pe\/10-lecciones-inolvidables-sobre-ser-padre\/\"><\/a>\n\t\t\t\t\n\t\t\t\t\t\t\t\t\t\t\t\t<div class=\"wd-post-date wd-style-with-bg\">\n\t\t\t\t<span class=\"post-date-day\">\n\t\t\t\t\t19\t\t\t\t<\/span>\n\t\t\t\t<span class=\"post-date-month\">\n\t\t\t\t\tJun\t\t\t\t<\/span>\n\t\t\t<\/div>\n\t\t\t\t\t\t\t\t\t<\/div>\n\t\t\n\t\t<div class=\"wd-post-content article-body-container\">\n\t\t\t\t\t\t\t<div class=\"wd-post-cat wd-style-with-bg meta-post-categories\">\n\t\t\t\t\t<a href=\"https:\/\/desarrollocristiano.pe\/categorias\/relaciones\/paternidad\/\" rel=\"category tag\">Paternidad<\/a>\t\t\t\t<\/div>\n\t\t\t\n\t\t\t\t\t\t\t<h3 class=\"wd-post-title wd-entities-title title post-title\">\n\t\t\t\t\t<a href=\"https:\/\/desarrollocristiano.pe\/10-lecciones-inolvidables-sobre-ser-padre\/\" rel=\"bookmark\">10 lecciones inolvidables sobre ser padre<\/a>\n\t\t\t\t<\/h3>\n\t\t\t\n\t\t\t\t\t\t\t<div class=\"wd-post-meta\">\n\t\t\t\t\t\t\t\t\t\t\t\t\t\t\t<div class=\"wd-post-author\">\n\t\t\t\t\t\t\t\t\t\t\t<span>Posteado por<\/span>\n\t\t\n\t\t\t\t\t<img alt='author-avatar' src='https:\/\/secure.gravatar.com\/avatar\/8f331515e2139e7ffacac78d5e21bc88ee625065cad5d063ef4da73b7cbcfc2d?s=18&#038;d=mm&#038;r=g' srcset='https:\/\/secure.gravatar.com\/avatar\/8f331515e2139e7ffacac78d5e21bc88ee625065cad5d063ef4da73b7cbcfc2d?s=36&#038;d=mm&#038;r=g 2x' class='avatar avatar-18 photo' height='18' width='18' loading='lazy' decoding='async'\/>\t\t\n\t\t\t\t\t<a href=\"https:\/\/desarrollocristiano.pe\/author\/aprnimda7720\/\" class=\"author\" rel=\"author\">Administrador<\/a>\n\t\t\t\t\t\t\t\t\t<\/div>\n\t\t\t\t\t<div class=\"wd-modified-date\">\n\t\t\t\t\t\t\t\t<time class=\"updated\" datetime=\"2021-06-19T10:56:25-05:00\">\n\t\t\t19\/06\/2021\t\t<\/time>\n\t\t\t\t\t\t\t<\/div>\n\n\t\t\t\t\t\t\t\t\t\t\t<div class=\"wd-post-share wd-tltp\">\n\t\t\t\t\t\t\t<div class=\"tooltip top\">\n\t\t\t\t\t\t\t\t<div class=\"tooltip-inner\">\n\t\t\t\t\t\t\t\t\t\t\t\t<div\n\t\t\t\t\t\tclass=\" wd-social-icons  wd-style-default wd-size-small social-share wd-shape-circle color-scheme-light text-center\">\n\t\t\t\t\n\t\t\t\t\n\t\t\t\t\t\t\t\t\t<a rel=\"noopener noreferrer nofollow\" href=\"https:\/\/www.facebook.com\/sharer\/sharer.php?u=https:\/\/desarrollocristiano.pe\/articulos-pastorales\/\" target=\"_blank\" class=\" wd-social-icon social-facebook\" aria-label=\"Facebook social link\">\n\t\t\t\t\t\t<span class=\"wd-icon\"><\/span>\n\t\t\t\t\t\t\t\t\t\t\t<\/a>\n\t\t\t\t\n\t\t\t\t\t\t\t\t\t<a rel=\"noopener noreferrer nofollow\" href=\"https:\/\/x.com\/share?url=https:\/\/desarrollocristiano.pe\/articulos-pastorales\/\" target=\"_blank\" class=\" wd-social-icon social-twitter\" aria-label=\"X social link\">\n\t\t\t\t\t\t<span class=\"wd-icon\"><\/span>\n\t\t\t\t\t\t\t\t\t\t\t<\/a>\n\t\t\t\t\n\t\t\t\t\n\t\t\t\t\t\t\t\t\t<a rel=\"noopener noreferrer nofollow\" href=\"mailto:?subject=Check%20this%20https:\/\/desarrollocristiano.pe\/articulos-pastorales\/\" target=\"_blank\" class=\" wd-social-icon social-email\" aria-label=\"Email social link\">\n\t\t\t\t\t\t<span class=\"wd-icon\"><\/span>\n\t\t\t\t\t\t\t\t\t\t\t<\/a>\n\t\t\t\t\n\t\t\t\t\n\t\t\t\t\n\t\t\t\t\n\t\t\t\t\t\t\t\t\t<a rel=\"noopener noreferrer nofollow\" href=\"https:\/\/pinterest.com\/pin\/create\/button\/?url=https:\/\/desarrollocristiano.pe\/articulos-pastorales\/&media=https:\/\/desarrollocristiano.pe\/wp-content\/uploads\/2021\/06\/paternidad3.jpg&description=10+lecciones+inolvidables+sobre+ser+padre\" target=\"_blank\" class=\" wd-social-icon social-pinterest\" aria-label=\"Pinterest social link\">\n\t\t\t\t\t\t<span class=\"wd-icon\"><\/span>\n\t\t\t\t\t\t\t\t\t\t\t<\/a>\n\t\t\t\t\n\t\t\t\t\n\t\t\t\t\t\t\t\t\t<a rel=\"noopener noreferrer nofollow\" href=\"https:\/\/www.linkedin.com\/shareArticle?mini=true&url=https:\/\/desarrollocristiano.pe\/articulos-pastorales\/\" target=\"_blank\" class=\" wd-social-icon social-linkedin\" aria-label=\"Linkedin social link\">\n\t\t\t\t\t\t<span class=\"wd-icon\"><\/span>\n\t\t\t\t\t\t\t\t\t\t\t<\/a>\n\t\t\t\t\n\t\t\t\t\n\t\t\t\t\n\t\t\t\t\n\t\t\t\t\n\t\t\t\t\n\t\t\t\t\n\t\t\t\t\n\t\t\t\t\n\t\t\t\t\t\t\t\t\t<a rel=\"noopener noreferrer nofollow\" href=\"https:\/\/api.whatsapp.com\/send?text=https%3A%2F%2Fdesarrollocristiano.pe%2Farticulos-pastorales%2F\" target=\"_blank\" class=\"wd-hide-md  wd-social-icon social-whatsapp\" aria-label=\"WhatsApp social link\">\n\t\t\t\t\t\t<span class=\"wd-icon\"><\/span>\n\t\t\t\t\t\t\t\t\t\t\t<\/a>\n\n\t\t\t\t\t<a rel=\"noopener noreferrer nofollow\" href=\"whatsapp:\/\/send?text=https%3A%2F%2Fdesarrollocristiano.pe%2Farticulos-pastorales%2F\" target=\"_blank\" class=\"wd-hide-lg  wd-social-icon social-whatsapp\" aria-label=\"WhatsApp social link\">\n\t\t\t\t\t\t<span class=\"wd-icon\"><\/span>\n\t\t\t\t\t\t\t\t\t\t\t<\/a>\n\t\t\t\t\n\t\t\t\t\n\t\t\t\t\n\t\t\t\t\n\t\t\t\t\n\t\t\t\t\n\t\t\t\t\t\t\t\t\t<a rel=\"noopener noreferrer nofollow\" href=\"https:\/\/telegram.me\/share\/url?url=https:\/\/desarrollocristiano.pe\/articulos-pastorales\/\" target=\"_blank\" class=\" wd-social-icon social-tg\" aria-label=\"Telegram social link\">\n\t\t\t\t\t\t<span class=\"wd-icon\"><\/span>\n\t\t\t\t\t\t\t\t\t\t\t<\/a>\n\t\t\t\t\n\t\t\t\t\n\t\t\t<\/div>\n\n\t\t\t\t\t\t\t\t\t\t<\/div>\n\t\t\t\t\t\t\t\t<div class=\"tooltip-arrow\"><\/div>\n\t\t\t\t\t\t\t<\/div>\n\t\t\t\t\t\t<\/div>\n\t\t\t\t\t\n\t\t\t\t\t\t\t\t\t\t\t\t\t\t\t\t\t<div class=\"wd-post-reply wd-style-1\">\n\t\t\t\t\t\t\t<a href=\"https:\/\/desarrollocristiano.pe\/10-lecciones-inolvidables-sobre-ser-padre\/#respond\"><span class=\"wd-replies-count\">0<\/span><\/a>\t\t\t\t\t\t<\/div>\n\t\t\t\t\t\t\t\t\t<\/div>\n\t\t\t\n\t\t\t\t\t\t\t\t\t\t\t\t<div class=\"wd-post-excerpt entry-content\">\n\t\t\t\t\t\t<div class=\"wpb-content-wrapper\"><div class=\"vc_row wpb_row vc_row-fluid\"><div class=\"wpb_column vc_column_container vc_col-sm-12\"><div class=\"vc_column-inner\"><div class=\"wpb_wrapper\">\n\t<div class=\"wpb_text_column wpb_content_element texto_parrafo text-larger\" >\n\t\t<div class=\"wpb_wrapper\">\n\t\t\t<p>Por: <a href=\"https:\/\/twitter.com\/RayOrtlund\"><strong>Ray Ortlund<\/strong><\/a><br \/>\nFuente: <a href=\"https:\/\/www.coalicionporelevangelio.org\/articulo\/10-lecciones-inolvidables-sobre-ser-padre\/\" target=\"_blank\" rel=\"noopener noreferrer\">Coalici\u00f3n por el Evangelio<\/a><\/p>\n<p>P\u00fablicamente, mi pap\u00e1 fue uno de los grandes pastores de su generaci\u00f3n. Sirvi\u00f3 de manera notable durante veinte fruct\u00edferos a\u00f1os en Lake Avenue Congregational Church en Pasadena, donde John y No\u00ebl Piper adoraron durante sus d\u00edas en el seminario Fuller. Pap\u00e1 y John eran amigos muy cercanos.<\/p>\n<p>En privado, mi pap\u00e1 era el mismo que en p\u00fablico. Solo hab\u00eda un don Ray Ortlund, un aut\u00e9ntico cristiano. La distancia entre lo que vi en el Nuevo Testamento y lo que vi en mi pap\u00e1 era corta. Era el hombre m\u00e1s parecido a Cristo que he conocido, la clase de hombre y el tipo de padre que anhelo ser.<\/p>\n<p>Sin ning\u00fan orden en particular, aqu\u00ed diez lecciones sobre ser pap\u00e1 que aprend\u00ed al mirar a mi padre, con cada lecci\u00f3n vivida a partir de los recuerdos de su cuidado por m\u00ed.<\/p>\n<ol>\n<li><strong> Nunca estaba demasiado ocupado<\/strong><\/li>\n<\/ol>\n<p>Mi padre era un pastor muy ocupado, pero nunca estaba demasiado ocupado para m\u00ed. Cuando sent\u00eda que no hab\u00eda tenido tiempo suficiente conmigo, dec\u00eda: \u201cHey Bud, \u00bfquieres faltar a la escuela ma\u00f1ana e ir a la playa?\u201d. \u00a1No tard\u00e9 mucho en estar de acuerdo con eso! As\u00ed que nos fuimos. Surfeamos, hablamos, y nos divertimos juntos. Al d\u00eda siguiente escribi\u00f3 una nota a la escuela para explicar mi ausencia, y cuando la llev\u00e9 a la oficina del director, tacharon mi ausencia de \u201cinexcusable\u201d. Supongo que la raz\u00f3n no contaba; un padre que quiere ponerse al d\u00eda con su hijo. Pero a pap\u00e1 no le importaba. Era yo quien le importaba. Y yo lo sab\u00eda.<\/p>\n<ol start=\"2\">\n<li><strong> Era un hombre de la Biblia<\/strong><\/li>\n<\/ol>\n<p>Mi pap\u00e1 se dedic\u00f3 de todo coraz\u00f3n a Jes\u00fas. En mi cumplea\u00f1os numero diecisiete, \u00e9l y mi mam\u00e1 me dieron una Biblia nueva. En la p\u00e1gina de enfrente escribi\u00f3 lo siguiente:<\/p>\n<p>Bud,<\/p>\n<p>Nada es mayor que tener un hijo, un hijo que ama al Se\u00f1or y camina con \u00c9l. Tu madre y yo hemos encontrado en este libro nuestro tesoro m\u00e1s querido. Te lo damos, y al hacerlo no podemos darte nada mejor. S\u00e9 un estudiante de la Biblia y tu vida estar\u00e1 llena de bendiciones. Te amamos.<\/p>\n<p>Pap\u00e1<\/p>\n<p>9\/7\/66<\/p>\n<p>(<a href=\"https:\/\/biblia.com\/bible\/nblh\/Fil%201.9-11?culture=es\">Filipenses 1:9-11<\/a>)<\/p>\n<p>Cuando le\u00ed eso, sab\u00eda que mi padre dec\u00eda cada palabra en serio. \u00c9l era un hombre de la Biblia, y la bendici\u00f3n de la que escribi\u00f3 era obvia en su propia vida.<\/p>\n<ol start=\"3\">\n<li><strong> Siempre alab\u00f3 a Dios<\/strong><\/li>\n<\/ol>\n<p>Cuando crec\u00eda, la mayor\u00eda de las ma\u00f1anas no necesitaba un reloj despertador. Me despertaba con el sonido de mi pap\u00e1 a trav\u00e9s del pasillo, cantando en la ducha. Todas las ma\u00f1anas, a todo pulm\u00f3n y de manera alegre, cantaba este himno:<\/p>\n<p><em>Cuando la ma\u00f1ana cubre de oro los cielos,\u00a0<\/em><\/p>\n<p><em>Mi despabilado coraz\u00f3n clama:<\/em><\/p>\n<p><em>\u00a1Que Jesucristo sea alabado!<\/em><\/p>\n<p><em>Bien en el trabajo o en la oraci\u00f3n,<\/em><\/p>\n<p><em>A Jes\u00fas yo clamo:<\/em><\/p>\n<p><em>\u00a1Que Jesucristo sea alabado!<\/em><\/p>\n<p>Muchos hombres no son transparentes. No tengo ni idea de lo que creen. Pero con mi padre nunca me cuestion\u00e9 sobre qu\u00e9 le importaba m\u00e1s, o sobre lo que buscaba en la vida. Ni una sola vez. En lo absoluto. Ni siquiera un poco. \u00c9l nunca mantuvo un bajo perfil de la vida. Jes\u00fas era demasiado maravilloso para \u00e9l. Alab\u00f3 al Se\u00f1or a lo largo de su vida, en p\u00fablico y en privado, de una manera clara y maravillosa que no pod\u00eda ser ignorada.<\/p>\n<ol start=\"4\">\n<li><strong> \u00c9l me anim\u00f3<\/strong><\/li>\n<\/ol>\n<p>Mi pap\u00e1 me dio la libertad para que yo pudiera cumplir el llamado de Dios en mi vida. Me gui\u00f3 de manera apropiada, por supuesto, pero nunca se aferr\u00f3 a m\u00ed con temor, ni esperaba que yo siempre viviera cerca. Todo lo contrario. Me inst\u00f3 a seguir a Cristo en cualquier lugar. De vez en cuando me daba este discurso: \u201cEscucha, hijo. Los cristianos de coraz\u00f3n medio son los m\u00e1s miserables de todos. Saben lo suficiente acerca de Dios como para sentirse culpables, pero no han ido lo suficientemente lejos con Cristo para ser felices. \u00a1S\u00e9 completamente incondicional a \u00c9l! No me importa si eres un excavador de zanjas, siempre y cuando ames al Se\u00f1or con todo tu coraz\u00f3n\u201d.<\/p>\n<p>No le impresionaba el \u00e9xito del mundo, o el asistir a las escuelas correctas, y toda esa pretensi\u00f3n y falsedad. \u00c9l quer\u00eda algo mejor para m\u00ed, algo que ten\u00eda que encontrar por mi cuenta. Pero nunca dud\u00e9 de la urgencia con la que deseaba para m\u00ed un claro llamado de Dios en mi vida. Y lo recib\u00ed, en parte porque mi pap\u00e1 no se inmiscuy\u00f3 en \u00e9l, sino que me anim\u00f3 a seguir al Se\u00f1or por mi cuenta.<\/p>\n<ol start=\"5\">\n<li><strong> Caminaba verdaderamente con Dios<\/strong><\/li>\n<\/ol>\n<p>Recuerdo bajar temprano una ma\u00f1ana y caminar a donde mi padre, en la sala de estar. All\u00ed estaba, de rodillas, con el rostro enterrado en las manos, absorto en silenciosa oraci\u00f3n. \u00c9l no sab\u00eda que hab\u00eda alguien m\u00e1s all\u00ed. No era teatro. Era real. Mi pap\u00e1 ten\u00eda un verdadero caminar con Dios. Nunca se me ocurri\u00f3 preguntarme si Jes\u00fas era el Se\u00f1or de su coraz\u00f3n y de nuestro hogar. Pap\u00e1 amaba el evangelio. \u00c9l sirvi\u00f3 a la iglesia. Dio testimonio a nuestros vecinos. Incluso entreg\u00f3 el diezmo cuando no tuvo dinero para hacerlo. Marc\u00f3 la pauta en nuestra casa, y nuestro hogar fue un lugar de alegr\u00eda, honestidad, y consuelo. Jes\u00fas estaba all\u00ed.<\/p>\n<ol start=\"6\">\n<li><strong> Me ense\u00f1\u00f3 teolog\u00eda en el patio<\/strong><\/li>\n<\/ol>\n<p>Un d\u00eda, cuando yo ten\u00eda once o doce a\u00f1os, mientras est\u00e1bamos haciendo trabajos de jardiner\u00eda afuera \u2014no recuerdo el contexto\u2014 mi pap\u00e1 se detuvo, me mir\u00f3 a los ojos y dijo: \u201cSabes, Bud, antes de que el tiempo empezara, Dios te escogi\u00f3\u201d. Yo lo mir\u00e9 perplejo. \u00bfEl Dios Todopoderoso pens\u00f3 en m\u00ed, un ser min\u00fasculo? \u00bfDesde ese entonces? Me sent\u00ed tan amado por Dios. A\u00f1os m\u00e1s tarde, cuando comprend\u00ed mejor la doctrina de la elecci\u00f3n, no tuve problema con ella. Me encant\u00f3. Mi pap\u00e1 hab\u00eda comenzado mi educaci\u00f3n teol\u00f3gica desde mi infancia durante nuestra conversaci\u00f3n cotidiana.<\/p>\n<ol start=\"7\">\n<li><strong> Nos amaba cuando no era f\u00e1cil hacerlo<\/strong><\/li>\n<\/ol>\n<p>Mi madre, una noche antes de que pap\u00e1 llegara a casa, me dijo que \u00e9l practicaba algo todos los d\u00edas. Trabajaba duro durante todo el d\u00eda y llegaba cansado a casa. As\u00ed, mientras sub\u00eda los escalones de la escalera, antes de extender la mano para abrir la puerta trasera de casa, levantaba una sencilla oraci\u00f3n a Dios: \u201cSe\u00f1or, necesito algo de energ\u00eda extra en este momento\u201d. Y Dios respond\u00eda a esa oraci\u00f3n. Nunca vi a mi pap\u00e1 entrar a casa sin emoci\u00f3n positiva para dar. M\u00e1s bien se acercaba a mi mam\u00e1, la besaba con un beso enorme, y luego se volv\u00eda hacia m\u00ed y me dec\u00eda: \u201c\u00a1Vamos, Skip, vamos a luchar!\u201d. Y nos \u00edbamos a la habitaci\u00f3n del frente a luchar en el suelo, junto con una explosi\u00f3n de cosquillas y risas. D\u00eda a d\u00eda, la realidad de Dios en el coraz\u00f3n de mi pap\u00e1 le daba energ\u00eda para amar a su familia cuando no era f\u00e1cil.<\/p>\n<ol start=\"8\">\n<li><strong> Me ayud\u00f3 a amar a la iglesia<\/strong><\/li>\n<\/ol>\n<p>El hecho de que pap\u00e1 fuera pastor me hizo \u201cel hijo del pastor\u201d, obviamente. De vez en cuando la gente bien intencionada de la iglesia me dec\u00eda cosas tontas, como si tuviera que ser perfecto o superior o algo que ellos esperaban. As\u00ed que pap\u00e1 me dijo: \u201cHijo, cuando la gente dice cosas as\u00ed, no tiene intenci\u00f3n de da\u00f1arte. Pero no es justo. No se dan cuenta de eso. Quiero que lo sepas, y trata de ignorarlo\u201d.<\/p>\n<p>Pap\u00e1 ten\u00eda altos est\u00e1ndares de la vida cristiana. Pero era lo suficientemente sabio como para saber que un ni\u00f1o de diez a\u00f1os sigue a Cristo de una manera diferente a la de un ni\u00f1o de cuarenta a\u00f1os. Era realista y compasivo. Me dio permiso para ser un ni\u00f1o cristiano. Y \u00e9l es la principal raz\u00f3n terrenal por la que amo a la iglesia hoy. \u00c9l me mostr\u00f3, sabiamente, c\u00f3mo la vida de la iglesia no necesita ser opresiva.<\/p>\n<ol start=\"9\">\n<li><strong> Vivi\u00f3 su fe de manera simple y pr\u00e1ctica<\/strong><\/li>\n<\/ol>\n<p>Pap\u00e1 me ense\u00f1\u00f3 a caminar con el Se\u00f1or de manera pr\u00e1ctica. Por ejemplo, una declaraci\u00f3n que estableci\u00f3 como una a seguir diariamente fue la siguiente:<\/p>\n<p>Mi declaraci\u00f3n de fe ma\u00f1anera<\/p>\n<p>Creo que hoy:<\/p>\n<ol>\n<li>Dios est\u00e1 dirigiendo soberanamente mi vida mientras me entrego a \u00c9l, y que \u00c9l me ama incondicionalmente, y yo lo amo y lo pongo primero en mi vida.<\/li>\n<li>Cristo es mi Se\u00f1or y maestro, y busco permanecer en \u00c9l y hacer su voluntad inmediatamente y correctamente.<\/li>\n<li>El Esp\u00edritu Santo es mi amigo, maestro, y gu\u00eda, que abrir\u00e1 y cerrar\u00e1 puertas hoy y me llenar\u00e1 de s\u00ed mismo para hacerme un servidor eficaz.<\/li>\n<li>Ahora encomiendo mi esposa y mi familia al Se\u00f1or, quien los ama tanto como a otros a quienes amo. Ellos tambi\u00e9n est\u00e1n bajo su cuidado soberano.<\/li>\n<li>Salgo teniendo una fe audaz, y me relajo en el Se\u00f1or, disfrutando este d\u00eda dado por \u00c9l. Conf\u00edo en que \u00c9l me usar\u00e1 hoy.<\/li>\n<\/ol>\n<p>Era simple, pero v\u00e1lido. Pap\u00e1 ejemplific\u00f3 c\u00f3mo hacer accesible y pr\u00e1ctico el cristianismo diario.<\/p>\n<ol start=\"10\">\n<li><strong> Me dijo que el ministerio no lo es todo<\/strong><\/li>\n<\/ol>\n<p>Ser un \u201chijo de pastor\u201d era a veces dif\u00edcil, como ya he mencionado. Lo que me hizo sobrellevar esta dificultad fue el amor de mi padre por m\u00ed, y mi admiraci\u00f3n por \u00e9l. Yo lo amaba profundamente. Aun lo hago. Incluso mientras escribo esto, se me hace un nudo en la garganta. Lo extra\u00f1o tanto. Ser el hijo de un pastor piadoso fue un privilegio sagrado que me fue dado como un regalo de Dios mismo. Mi respeto por mi pap\u00e1 y su atracci\u00f3n personal \u2014el verdadero cristianismo que vi en \u00e9l, la belleza con la que sirvi\u00f3 como pastor, incluso cuando sufri\u00f3\u2014 el impacto personal de todo esto fue que crec\u00ed para honrar el ministerio pastoral. Y hoy, yo mismo me regocijo en ser pastor. Lo que me lleva a mi escenario final.<\/p>\n<p>Temprano el domingo 22 de julio del 2007, mi pap\u00e1 se despert\u00f3 en su habitaci\u00f3n de hospital en Newport Beach. \u00c9l sab\u00eda que finalmente el d\u00eda de su liberaci\u00f3n de esta vida hab\u00eda llegado. Le pidi\u00f3 a la enfermera que llamara a la familia. Ese d\u00eda mi esposa Jani y yo est\u00e1bamos lejos, en Irlanda, por asuntos ministeriales. No sab\u00edamos lo que estaba sucediendo en casa. Pero la familia se reuni\u00f3 alrededor de la cama de pap\u00e1. Leyeron la Escritura. Cantaron himnos. Pap\u00e1 dio una bendici\u00f3n patriarcal y una amonestaci\u00f3n personal a cada uno, un mensaje adecuado para alentar y guiar. \u00c9l pronunci\u00f3 sobre ellos toda la bendici\u00f3n de Aar\u00f3n: \u201cEl Se\u00f1or te bendiga y te guarde; el Se\u00f1or haga resplandecer su rostro sobre ti y tenga de ti misericordia; el Se\u00f1or alce sobre ti su rostro, y te d\u00e9 paz\u201d (<a href=\"https:\/\/biblia.com\/bible\/nblh\/N%C3%BAm.%206.24-26?culture=es\">Nm. 6:24-26<\/a>).<\/p>\n<p>Y luego, en voz baja, durmi\u00f3.<\/p>\n<p>M\u00e1s tarde le pregunt\u00e9 a mi hermana sobre el mensaje de pap\u00e1 para m\u00ed. Fue este: \u201cDile a Bud: el ministerio no lo es todo. Jes\u00fas lo es\u201d.<\/p>\n<p>Las \u00faltimas palabras de mi padre resumieron su vida como padre, y su vida entera.<\/p>\n<p><strong>Publicado originalmente en <a href=\"http:\/\/www.desiringgod.org\/articles\/10-unforgettable-lessons-from-my-father-on-fatherhood\">Desiring God<\/a>.\u00a0Traducido por Omar Jaramillo.<\/strong><\/p>\n\n\t\t<\/div>\n\t<\/div>\n<\/div><\/div><\/div><\/div><div class=\"vc_row wpb_row vc_row-fluid vc_custom_1615074577655 vc_row-has-fill\"><div class=\"wpb_column vc_column_container vc_col-sm-12\"><div class=\"vc_column-inner\"><div class=\"wpb_wrapper\">\t\t\t<div class=\"info-box-wrapper inline-element\">\n\t\t\t\t<div id=\"wd-60ce12c19b00f\" class=\" wd-rs-60ce12c19b00f wd-info-box wd-wpb text-left box-icon-align-left box-style- color-scheme- wd-bg-none wd-items-top \">\n\t\t\t\t\t\t\t\t\t\t<div class=\"info-box-content\">\n\t\t\t\t\t\t<h4 class=\"info-box-title title box-title-style-default wd-fontsize-m\">Sobre el autor...<\/h4>\t\t\t\t\t\t<div class=\"info-box-inner reset-last-child\"><p><strong>Ray Ortlund<\/strong>\u00a0es el pastor principal de <a href=\"http:\/\/www.immanuelnashville.com\/\">Immanuel Church<\/a>\u00a0en Nashville, Tennessee, y sirve como miembro del Concilio de\u00a0The Gospel Coalition. Puedes seguirlo en <a href=\"https:\/\/twitter.com\/RayOrtlund\">Twitter<\/a>.<\/p>\n<\/div>\n\n\t\t\t\t\t\t\t\t\t\t\t<\/div>\n\n\t\t\t\t\t\n\t\t\t\t\t<style>#wd-60ce12c19b00f .info-box-icon {background-color:  !important;}<\/style>\t\t\t\t<\/div>\n\t\t\t<\/div>\n\t\t<\/div><\/div><\/div><\/div>\n<\/div>\t\t\t\t\t<\/div>\n\t\t\t\t\n\t\t\t\t\t\t\t\t\t<\/div>\n\t<\/div>\n<\/article>\n\n\t\t\t\t\t\t\t\t\t\t\t\n<article id=\"post-59614\" class=\"wd-post blog-design-chess blog-post-loop blog-design-small-images blog-style-bg wd-add-shadow wd-col post-59614 post type-post status-publish format-standard has-post-thumbnail hentry category-edificacion-de-la-iglesia\">\n\t<div class=\"wd-post-inner article-inner\">\n\t\t\t\t\t<div class=\"wd-post-thumb entry-header\">\n\t\t\t\t\t\t\t\t\t<div class=\"wd-post-img post-img-wrapp\">\n\t\t\t\t\t\t<img width=\"320\" height=\"160\" src=\"https:\/\/desarrollocristiano.pe\/wp-content\/uploads\/2021\/06\/consumismo-320x160.jpg\" class=\"attachment-large size-large\" alt=\"\" decoding=\"async\" loading=\"lazy\" srcset=\"https:\/\/desarrollocristiano.pe\/wp-content\/uploads\/2021\/06\/consumismo-320x160.jpg 320w, https:\/\/desarrollocristiano.pe\/wp-content\/uploads\/2021\/06\/consumismo-600x300.jpg 600w, https:\/\/desarrollocristiano.pe\/wp-content\/uploads\/2021\/06\/consumismo-150x75.jpg 150w, https:\/\/desarrollocristiano.pe\/wp-content\/uploads\/2021\/06\/consumismo.jpg 700w\" sizes=\"auto, (max-width: 320px) 100vw, 320px\" \/>\t\t\t\t\t<\/div>\n\t\t\t\t\t<a class=\"wd-fill\" href=\"https:\/\/desarrollocristiano.pe\/la-iglesia-ante-la-sombra-del-consumismo\/\"><\/a>\n\t\t\t\t\n\t\t\t\t\t\t\t\t\t\t\t\t<div class=\"wd-post-date wd-style-with-bg\">\n\t\t\t\t<span class=\"post-date-day\">\n\t\t\t\t\t12\t\t\t\t<\/span>\n\t\t\t\t<span class=\"post-date-month\">\n\t\t\t\t\tJun\t\t\t\t<\/span>\n\t\t\t<\/div>\n\t\t\t\t\t\t\t\t\t<\/div>\n\t\t\n\t\t<div class=\"wd-post-content article-body-container\">\n\t\t\t\t\t\t\t<div class=\"wd-post-cat wd-style-with-bg meta-post-categories\">\n\t\t\t\t\t<a href=\"https:\/\/desarrollocristiano.pe\/categorias\/edificacion-de-la-iglesia\/\" rel=\"category tag\">Edificaci\u00f3n de la Iglesia<\/a>\t\t\t\t<\/div>\n\t\t\t\n\t\t\t\t\t\t\t<h3 class=\"wd-post-title wd-entities-title title post-title\">\n\t\t\t\t\t<a href=\"https:\/\/desarrollocristiano.pe\/la-iglesia-ante-la-sombra-del-consumismo\/\" rel=\"bookmark\">La iglesia ante la sombra del consumismo<\/a>\n\t\t\t\t<\/h3>\n\t\t\t\n\t\t\t\t\t\t\t<div class=\"wd-post-meta\">\n\t\t\t\t\t\t\t\t\t\t\t\t\t\t\t<div class=\"wd-post-author\">\n\t\t\t\t\t\t\t\t\t\t\t<span>Posteado por<\/span>\n\t\t\n\t\t\t\t\t<img alt='author-avatar' src='https:\/\/secure.gravatar.com\/avatar\/8f331515e2139e7ffacac78d5e21bc88ee625065cad5d063ef4da73b7cbcfc2d?s=18&#038;d=mm&#038;r=g' srcset='https:\/\/secure.gravatar.com\/avatar\/8f331515e2139e7ffacac78d5e21bc88ee625065cad5d063ef4da73b7cbcfc2d?s=36&#038;d=mm&#038;r=g 2x' class='avatar avatar-18 photo' height='18' width='18' loading='lazy' decoding='async'\/>\t\t\n\t\t\t\t\t<a href=\"https:\/\/desarrollocristiano.pe\/author\/aprnimda7720\/\" class=\"author\" rel=\"author\">Administrador<\/a>\n\t\t\t\t\t\t\t\t\t<\/div>\n\t\t\t\t\t<div class=\"wd-modified-date\">\n\t\t\t\t\t\t\t\t<time class=\"updated\" datetime=\"2021-06-10T11:53:05-05:00\">\n\t\t\t10\/06\/2021\t\t<\/time>\n\t\t\t\t\t\t\t<\/div>\n\n\t\t\t\t\t\t\t\t\t\t\t<div class=\"wd-post-share wd-tltp\">\n\t\t\t\t\t\t\t<div class=\"tooltip top\">\n\t\t\t\t\t\t\t\t<div class=\"tooltip-inner\">\n\t\t\t\t\t\t\t\t\t\t\t\t<div\n\t\t\t\t\t\tclass=\" wd-social-icons  wd-style-default wd-size-small social-share wd-shape-circle color-scheme-light text-center\">\n\t\t\t\t\n\t\t\t\t\n\t\t\t\t\t\t\t\t\t<a rel=\"noopener noreferrer nofollow\" href=\"https:\/\/www.facebook.com\/sharer\/sharer.php?u=https:\/\/desarrollocristiano.pe\/articulos-pastorales\/\" target=\"_blank\" class=\" wd-social-icon social-facebook\" aria-label=\"Facebook social link\">\n\t\t\t\t\t\t<span class=\"wd-icon\"><\/span>\n\t\t\t\t\t\t\t\t\t\t\t<\/a>\n\t\t\t\t\n\t\t\t\t\t\t\t\t\t<a rel=\"noopener noreferrer nofollow\" href=\"https:\/\/x.com\/share?url=https:\/\/desarrollocristiano.pe\/articulos-pastorales\/\" target=\"_blank\" class=\" wd-social-icon social-twitter\" aria-label=\"X social link\">\n\t\t\t\t\t\t<span class=\"wd-icon\"><\/span>\n\t\t\t\t\t\t\t\t\t\t\t<\/a>\n\t\t\t\t\n\t\t\t\t\n\t\t\t\t\t\t\t\t\t<a rel=\"noopener noreferrer nofollow\" href=\"mailto:?subject=Check%20this%20https:\/\/desarrollocristiano.pe\/articulos-pastorales\/\" target=\"_blank\" class=\" wd-social-icon social-email\" aria-label=\"Email social link\">\n\t\t\t\t\t\t<span class=\"wd-icon\"><\/span>\n\t\t\t\t\t\t\t\t\t\t\t<\/a>\n\t\t\t\t\n\t\t\t\t\n\t\t\t\t\n\t\t\t\t\n\t\t\t\t\t\t\t\t\t<a rel=\"noopener noreferrer nofollow\" href=\"https:\/\/pinterest.com\/pin\/create\/button\/?url=https:\/\/desarrollocristiano.pe\/articulos-pastorales\/&media=https:\/\/desarrollocristiano.pe\/wp-content\/uploads\/2021\/06\/consumismo.jpg&description=La+iglesia+ante+la+sombra+del+consumismo\" target=\"_blank\" class=\" wd-social-icon social-pinterest\" aria-label=\"Pinterest social link\">\n\t\t\t\t\t\t<span class=\"wd-icon\"><\/span>\n\t\t\t\t\t\t\t\t\t\t\t<\/a>\n\t\t\t\t\n\t\t\t\t\n\t\t\t\t\t\t\t\t\t<a rel=\"noopener noreferrer nofollow\" href=\"https:\/\/www.linkedin.com\/shareArticle?mini=true&url=https:\/\/desarrollocristiano.pe\/articulos-pastorales\/\" target=\"_blank\" class=\" wd-social-icon social-linkedin\" aria-label=\"Linkedin social link\">\n\t\t\t\t\t\t<span class=\"wd-icon\"><\/span>\n\t\t\t\t\t\t\t\t\t\t\t<\/a>\n\t\t\t\t\n\t\t\t\t\n\t\t\t\t\n\t\t\t\t\n\t\t\t\t\n\t\t\t\t\n\t\t\t\t\n\t\t\t\t\n\t\t\t\t\n\t\t\t\t\t\t\t\t\t<a rel=\"noopener noreferrer nofollow\" href=\"https:\/\/api.whatsapp.com\/send?text=https%3A%2F%2Fdesarrollocristiano.pe%2Farticulos-pastorales%2F\" target=\"_blank\" class=\"wd-hide-md  wd-social-icon social-whatsapp\" aria-label=\"WhatsApp social link\">\n\t\t\t\t\t\t<span class=\"wd-icon\"><\/span>\n\t\t\t\t\t\t\t\t\t\t\t<\/a>\n\n\t\t\t\t\t<a rel=\"noopener noreferrer nofollow\" href=\"whatsapp:\/\/send?text=https%3A%2F%2Fdesarrollocristiano.pe%2Farticulos-pastorales%2F\" target=\"_blank\" class=\"wd-hide-lg  wd-social-icon social-whatsapp\" aria-label=\"WhatsApp social link\">\n\t\t\t\t\t\t<span class=\"wd-icon\"><\/span>\n\t\t\t\t\t\t\t\t\t\t\t<\/a>\n\t\t\t\t\n\t\t\t\t\n\t\t\t\t\n\t\t\t\t\n\t\t\t\t\n\t\t\t\t\n\t\t\t\t\t\t\t\t\t<a rel=\"noopener noreferrer nofollow\" href=\"https:\/\/telegram.me\/share\/url?url=https:\/\/desarrollocristiano.pe\/articulos-pastorales\/\" target=\"_blank\" class=\" wd-social-icon social-tg\" aria-label=\"Telegram social link\">\n\t\t\t\t\t\t<span class=\"wd-icon\"><\/span>\n\t\t\t\t\t\t\t\t\t\t\t<\/a>\n\t\t\t\t\n\t\t\t\t\n\t\t\t<\/div>\n\n\t\t\t\t\t\t\t\t\t\t<\/div>\n\t\t\t\t\t\t\t\t<div class=\"tooltip-arrow\"><\/div>\n\t\t\t\t\t\t\t<\/div>\n\t\t\t\t\t\t<\/div>\n\t\t\t\t\t\n\t\t\t\t\t\t\t\t\t\t\t\t\t\t\t\t\t<div class=\"wd-post-reply wd-style-1\">\n\t\t\t\t\t\t\t<a href=\"https:\/\/desarrollocristiano.pe\/la-iglesia-ante-la-sombra-del-consumismo\/#respond\"><span class=\"wd-replies-count\">0<\/span><\/a>\t\t\t\t\t\t<\/div>\n\t\t\t\t\t\t\t\t\t<\/div>\n\t\t\t\n\t\t\t\t\t\t\t\t\t\t\t\t<div class=\"wd-post-excerpt entry-content\">\n\t\t\t\t\t\t<div class=\"wpb-content-wrapper\"><div class=\"vc_row wpb_row vc_row-fluid\"><div class=\"wpb_column vc_column_container vc_col-sm-12\"><div class=\"vc_column-inner\"><div class=\"wpb_wrapper\">\n\t<div class=\"wpb_text_column wpb_content_element texto_parrafo text-larger\" >\n\t\t<div class=\"wpb_wrapper\">\n\t\t\t<p>Por: <b>An\u00f3nimo<\/b><br \/>\nFuente: <a href=\"http:\/\/desarrollocristiano.com\/la-iglesia-ante-la-sombra-del-consumismo\/\" target=\"_blank\" rel=\"noopener noreferrer\">Desarrollo Cristiano Internacional<\/a><\/p>\n<p>Todav\u00eda recuerdo esos dos momentos, tan aparentemente sencillos y sin mayor trascendencia, uno en mi iglesia local y otro en una ciudad de un pa\u00eds sudamericano:<\/p>\n<ul>\n<li><em>\u00abPastor, nos estamos cambiando de iglesia porque en la otra congregaci\u00f3n tienen un buen programa para ni\u00f1os que est\u00e1 m\u00e1s a tono con la necesidad de nuestros hijos peque\u00f1os\u2026 y anhelamos que ellos sigan al Se\u00f1or desde su infancia\u00bb.<\/em><\/li>\n<li><em>\u00abPastor, mi visi\u00f3n es que mi iglesia se convierta en la primera mega-iglesia de la ciudad y estoy trabajando en ello\u2026 ya estoy ministrando en la radio y en la televisi\u00f3n\u00bb.<\/em><\/li>\n<\/ul>\n<p>Me tom\u00f3 a\u00f1os darme cuenta que ambas conversaciones reflejaban, m\u00e1s que instancias aisladas, un cambio de actitud y perspectiva que comienza a tomar cada vez m\u00e1s fuerza en la Iglesia Evang\u00e9lica Latinoamericana.<\/p>\n<p>Lo que parecen acciones motivadas por buenas y loables intenciones, m\u00e1s bien proyectan una nueva \u00abcomprensi\u00f3n\u00bb de lo que es ser Iglesia. Tal pareciera que estamos sucumbiendo m\u00e1s y m\u00e1s a la \u00abcultura del consumo\u00bb y a su consecuencia natural, el \u00abconsumismo\u00bb.<\/p>\n<p>El diccionario de la Real Academia Espa\u00f1ola define \u00abconsumismo\u00bb como la \u00abtendencia inmoderada a adquirir, gastar o consumir bienes, no siempre necesarios\u00bb. Pero esto, m\u00e1s bien parece enfocarse en las actitudes y pr\u00e1cticas econ\u00f3micas de la poblaci\u00f3n\u2026 \u00bfo ser\u00e1 que hay algo m\u00e1s detr\u00e1s?<\/p>\n<p>Quisiera enfocarme, si bien brevemente por lo limitado del espacio disponible, en las dos caras de la moneda del movimiento evang\u00e9lico de hoy: en nosotros como creyentes y como l\u00edderes.<\/p>\n<p><strong>\u00bfQu\u00e9 mentalidad comienza a caracterizarnos como creyentes?<\/strong><\/p>\n<p>En primer lugar, no cabe duda que el perfil econ\u00f3mico de la Iglesia en nuestro continente ha cambiado radicalmente. Hace apenas 50 a\u00f1os, nos caracteriz\u00e1bamos por ser iglesias de gente humilde con poca preparaci\u00f3n acad\u00e9mica\u2026 hoy, por la gracia de Dios son cada vez m\u00e1s los creyentes \u2014y sus hijos\u2014 que poseen educaci\u00f3n avanzada. Eso tambi\u00e9n se ha reflejado en el aumento del ingreso del creyente promedio en nuestras iglesias. Pero, \u00bfc\u00f3mo impacta aquello en la obra del Reino?<\/p>\n<p>Muchos de nuestros creyentes han abrazado el patr\u00f3n de consumo de la sociedad en la que estamos inmersos y ahora quieren m\u00e1s y m\u00e1s de lo \u00faltimo. Nuestros j\u00f3venes, aun los m\u00e1s humildes, lucen extravagantes tel\u00e9fonos inteligentes y zapatos deportivos de marca. Nuestros hermanos en la fe luchan por agregarle a sus viviendas todo tipo de lujitos \u00abseg\u00fan sus posibilidades\u00bb. Cada vez m\u00e1s, vemos autos m\u00e1s grandes y nuevos en el estacionamiento o en las \u00e1reas adyacentes al templo. Si bien no siempre nuestros hermanos cuentan con los recursos para adquirir dichos bienes y los servicios resultantes, recurren con frecuencia a las opciones de cr\u00e9dito cada vez m\u00e1s asequibles. Pareci\u00e9ramos ser v\u00edctimas de las mismas campa\u00f1as publicitarias de los medios de comunicaci\u00f3n que afectan al resto de la poblaci\u00f3n.<\/p>\n<p>Sin embargo, como los recursos que cada creyente posee son, en \u00faltima instancia, limitados, entre m\u00e1s gastamos en satisfacer los deseos del coraz\u00f3n, menos quedar\u00e1 disponible para invertir en la obra del Reino. Las ofrendas para misiones y proyectos evangel\u00edsticos parecieran languidecer, al mismo tiempo que mejora la vestimenta y el estatus econ\u00f3mico de nuestra membres\u00eda. Por favor, no me malentienda, no es que nuestra gente haya dejado de dar, sino que dar para el Reino no es prioritario, y mucho menos para una causa que demande sacrificio e incomodidad, como lo fue para nuestros hermanos macedonios del primer siglo (2 Corintios 8.1-4).<\/p>\n<p>Tal vez pensemos que esto solo aplica al creyente com\u00fan, pero no es as\u00ed. Hace unos a\u00f1os, mientras participaba de una reuni\u00f3n de pastores, el predicador invitado comparti\u00f3 un poderoso mensaje prof\u00e9tico en el que nos animaba a pedirle a Dios lo que a\u00f1oraba nuestro coraz\u00f3n. El m\u00edo se quebrant\u00f3 al escuchar el clamor de mis colegas del ministerio levantar oraciones como: \u00abSe\u00f1or, t\u00fa sabes que necesito un auto nuevo\u2026\u00bb, \u00abSe\u00f1or, siempre te he pedido una casita propia para mi familia\u2026\u00bb, etc. En un momento en que el Esp\u00edritu Santo se estaba moviendo, no hubo quien llorase y pidiese por su comunidad y sus flagelos, por la salvaci\u00f3n de familiares, vecinos y amigos, por la restauraci\u00f3n de quienes se hab\u00edan apartado, etc. Todo se centr\u00f3 en nosotros mismos y en nuestras propias necesidades del momento. No me malinterprete, todas eran peticiones v\u00e1lidas\u2026 \u00a1pero cu\u00e1n distintas fueron las del joven rey al que Dios le dio la misma oportunidad (2 Cr\u00f3nicas 1.7-10)!<\/p>\n<p>Claro est\u00e1 que la definici\u00f3n de \u00abconsumismo\u00bb del diccionario siempre enfrentar\u00e1 el problema: lo que para algunos es un gasto innecesario, para otros es de suma importancia\u2026 es un asunto de perspectiva relativa. Y tal vez ese sea el problema, que hemos dejado de fundamentar nuestras decisiones en los valores eternos de la Palabra de Dios y simplemente lo hacemos en base a nuestra opini\u00f3n. \u00a1Y todos sabemos que nuestra \u201copini\u00f3n\u201d puede cambiar muy f\u00e1cilmente\u2026 tan solo basta que cambien las circunstancias que nos rodean! Pero creo que el problema que enfrentamos como creyentes trasciende lo econ\u00f3mico. Tiene que ver con la actitud resultante de darle demasiada importancia a adquirir y poseer aquello que sentimos que \u00abagrega valor\u00bb a nuestras vidas y a la de nuestras familias. Esto me lleva a la primera conversaci\u00f3n citada al principio del escrito.<\/p>\n<p>\u00bfQu\u00e9 mejor actitud que la de unos padres que se preocupan por la salud espiritual de sus hijos? \u00bfPor qu\u00e9 no buscar lo mejor \u2014el mejor programa, los mejores maestros, las mejores instalaciones\u2014 para ellos? Bueno, tal vez esto nos lleve precisamente a concluir que buscamos y examinamos a las iglesias locales con el mismo lente con que examinamos las vitrinas y escaparates de las tiendas por departamento, para encontrar el producto que mejor nos luzca. Si bien la iglesia local tiene la responsabilidad de servir a la comunidad de fe, no es menos cierto que dicho servicio trasciende en mucho la relaci\u00f3n proveedor-cliente del mundo comercial. La iglesia y su liderazgo no est\u00e1n para satisfacer nuestros deseos y anhelos, ni siquiera para respaldar de manera indiscriminada nuestros sue\u00f1os y aspiraciones. Est\u00e1n para promover la causa del Reino de los cielos, para \u00abperfeccionarnos a todos nosotros para la obra del ministerio\u00bb (Efesios 4.11-12).<\/p>\n<p>Esto implica que nos incorporamos a una iglesia local para aprender a ser m\u00e1s como Cristo y servir a la comunidad por la que derram\u00f3 su sangre, de la manera en que \u00c9l nos dirija a hacerlo. Lo sencillo y pr\u00e1ctico de la demanda divina encuentra su mejor expresi\u00f3n en las palabras del Maestro: \u00ab\u00bfPor qu\u00e9 me llaman \u201cSe\u00f1or\u201d y no hacen lo que les digo?\u00bb (Lucas 6.46, parafraseado).<\/p>\n<p>Al enfrentar este problema, como creyentes necesitamos \u00abponernos la mano en el coraz\u00f3n\u00bb y preguntarnos si no ser\u00e1 que nosotros, como pastores y l\u00edderes, hemos propiciado \u2014si bien con las mejores intenciones\u2014 el afianzamiento de esa mentalidad.<\/p>\n<p><strong>\u00bfQu\u00e9 mentalidad pudiera estar influyendo en nosotros como pastores y l\u00edderes?<\/strong><\/p>\n<p>La mentalidad de \u00absociedad de consumo\u00bb que comienza a caracterizar a la Iglesia Latinoamericana depende necesariamente de un liderazgo que la alimente y propicie. Y es que, al comenzar a dar un \u00e9nfasis desmedido al crecimiento de nuestras congregaciones \u2014y con esto hago referencia a la segunda conversaci\u00f3n citada al inicio del escrito\u2014 dejamos de lado un genuino enfoque en el Reino.<\/p>\n<p>Creo que en medio de una cultura que busca la excelencia como medio para promover su producto por encima de los dem\u00e1s, la iglesia local comienza a caer en la trampa de igualarse con su contraparte comercial. Buscamos brindar a la congregaci\u00f3n el programa m\u00e1s excelente posible, acompa\u00f1ado por los mejores m\u00fasicos, cantantes e instrumentos; los mejores predicadores y maestros; las mejores y m\u00e1s c\u00f3modas instalaciones, etc. Si bien nada de esto es malo en s\u00ed mismo, jam\u00e1s reemplazar\u00e1 el claro objetivo de toda iglesia local: formar hombres y mujeres para seguir y servir a Dios donde \u00c9l les coloque, en empresas, instituciones y comunidades. No es extra\u00f1o ver a una iglesia cambiar su equipo de sonido por uno m\u00e1s costoso, remodelar el templo para hacerlo m\u00e1s atractivo y ponerle aire acondicionado o calefacci\u00f3n (seg\u00fan sea el caso), para brindar el mejor ambiente posible. El problema es que todo eso requiere que se priorice el uso de fondos limitados de la iglesia local. Algo se sacrifica cuando invertimos m\u00e1s de la cuenta en mantener a la congregaci\u00f3n con nosotros y en atraer a los creyentes de otras congregaciones a la nuestra.<\/p>\n<p>Estoy seguro de que ning\u00fan pastor o l\u00edder pensar\u00eda conscientemente en perjudicar a otras iglesias hermanas; pero tambi\u00e9n creo que pocos nos preguntamos por qu\u00e9 hacemos lo que hacemos. La reflexi\u00f3n honesta delante de Dios abre la puerta para que el Esp\u00edritu Santo nos confronte con nuestras verdaderas motivaciones, ante lo enga\u00f1oso de nuestro coraz\u00f3n (Jerem\u00edas 17.9-10). Lo que generalmente comienza con una sincera carga por llegar a la comunidad de los no alcanzados, no tarda en sucumbir ante las presiones de una comunidad que cada vez m\u00e1s coloca todo en el altar del \u00e9xito \u2014entendiendo por \u00e9ste una iglesia grande, con recursos y visibilidad en la co\u00acmunidad, con su secuela de beneficios tangibles para su liderazgo.<\/p>\n<p>S\u00ed, tal vez hoy la norma \u2014promovida sin mala intenci\u00f3n por los medios de comunicaci\u00f3n\u2014 sea la de una iglesia que brinda los mejores servicios a su membres\u00eda. Aquello se nos muestra en la televisi\u00f3n o lo escuchamos en la radio cristiana. Todos, como pastores, queremos brindar lo mejor a nuestros feligreses, especialmente ante el temor \u2014a veces inconsciente\u2014 de perderlos y que busquen otra congregaci\u00f3n que s\u00ed lo ofrezca. Pero tanto unos como otros hemos dejado de lado nuestra verdadera vocaci\u00f3n.<\/p>\n<p>En ese ambiente de competencia por mantener miembros que buscan la mejor \u00abiglesia local\u00bb, nos desvivimos por ofrecerles m\u00e1s por menos. Les brindamos genuinos espect\u00e1culos de alabanza y adoraci\u00f3n excelente; y les damos ense\u00f1anzas de calidad en el m\u00ednimo tiempo posible, para evitar cansarlos o interferir con el resto de su d\u00eda. La contraparte de este enfoque es que abraza tambi\u00e9n una mentalidad de especializaci\u00f3n de la mano de una dotaci\u00f3n y capacitaci\u00f3n superiores. Eso convierte a la mayor\u00eda de nuestra membres\u00eda en meros espectadores y cr\u00edticos consumados del culto evang\u00e9lico. Y por ende, cada vez m\u00e1s surgen comparaciones entre iglesias locales, entre equipos de alabanza y entre predicadores. \u00a1Y por supuesto que ninguno de nosotros quiere quedar del lado menos favorecido!<\/p>\n<p><strong>\u00bfQu\u00e9 hacer al respecto?<\/strong><\/p>\n<p>Estoy convencido de que la soluci\u00f3n al problema planteado no es ni complicada ni dif\u00edcil si optamos por preferir la agenda de Dios. Se trata de volver la mirada a la Iglesia Primitiva y a la que ha perdurado por m\u00e1s de dos mil a\u00f1os sobre la Tierra enfrentando todo tipo de persecuciones y desastres \u2014de adentro y de fuera. \u00bfQu\u00e9 tal si consideramos los siguientes pasos?<\/p>\n<ol>\n<li>Ense\u00f1emos todo el consejo de Dios a la congregaci\u00f3n \u2014como lo hiciera el ap\u00f3stol (Hechos 20.26-28)\u2014 y no tan solo los temas que nos gustan m\u00e1s a nosotros como l\u00edderes o que promueven la agenda del momento de la iglesia local, o animen a la gente a ofrendar m\u00e1s.<\/li>\n<li>Enfaticemos lo que est\u00e1 en el coraz\u00f3n del evangelio (lo vital) y no sus periferias (lo secundario): la salvaci\u00f3n del no creyente (Marcos 16.15), el discipulado y la formaci\u00f3n del creyente (Mateo 28.19-20) para la obra del ministerio que, necesariamente, implica ganar a otros para Cristo y no tan s\u00f3lo servir en los confines del templo.<\/li>\n<li>Ense\u00f1emos que solo somos mayordomos, y no due\u00f1os de los bienes y recursos que Dios ha puesto en nuestras manos con prop\u00f3sito eterno: \u00a1que sean de bendici\u00f3n a la comunidad en la que fuimos implantados por Dios\u2026 y m\u00e1s all\u00e1! Esto implicar\u00e1 dar generosamente y aun de manera sacrificial para la obra de Dios (2 Corintios 9.6-8), pero nos corresponder\u00e1 a nosotros, como pastores y l\u00edderes, asegurar que tales ofrendas sean invertidas en expandir el Reino y no en \u00abmantener\u00bb a los creyentes dentro de la comunidad o mejorar la calidad de vida del liderazgo.<\/li>\n<\/ol>\n<p>Asegur\u00e9monos de modelar en nosotros, como pastores y l\u00edderes, una actitud ense\u00f1able ante la Palabra de Dios, permiti\u00e9ndole corregirnos; y estemos dispuestos a compartir tales correcciones con la congregaci\u00f3n a medida que crecemos en ella. Oremos para que podamos ser genuinos ejemplos de hombres y mujeres que colocan la expansi\u00f3n del Reino \u2014y no el crecimiento num\u00e9rico o financiero de nuestra congregaci\u00f3n\u2014 como primera prioridad; y atrev\u00e1monos a convertirnos en los principales dadores de la congregaci\u00f3n.<\/p>\n<p>\u00a1Adelante y que el Se\u00f1or les bendiga!<\/p>\n<p>&nbsp;<\/p>\n<p>\u00a9 Desarrollo Cristiano Internacional, 2013.<\/p>\n\n\t\t<\/div>\n\t<\/div>\n<\/div><\/div><\/div><\/div>\n<\/div>\t\t\t\t\t<\/div>\n\t\t\t\t\n\t\t\t\t\t\t\t\t\t<\/div>\n\t<\/div>\n<\/article>\n\n\t\t\t\t\t\t\t\t\t\t\t\n<article id=\"post-59606\" class=\"wd-post blog-design-chess blog-post-loop blog-design-small-images blog-style-bg wd-add-shadow wd-col post-59606 post type-post status-publish format-standard has-post-thumbnail hentry category-biblia-y-teologia\">\n\t<div class=\"wd-post-inner article-inner\">\n\t\t\t\t\t<div class=\"wd-post-thumb entry-header\">\n\t\t\t\t\t\t\t\t\t<div class=\"wd-post-img post-img-wrapp\">\n\t\t\t\t\t\t<img width=\"320\" height=\"160\" src=\"https:\/\/desarrollocristiano.pe\/wp-content\/uploads\/2021\/06\/Ira-320x160.jpg\" class=\"attachment-large size-large\" alt=\"\" decoding=\"async\" loading=\"lazy\" srcset=\"https:\/\/desarrollocristiano.pe\/wp-content\/uploads\/2021\/06\/Ira-320x160.jpg 320w, https:\/\/desarrollocristiano.pe\/wp-content\/uploads\/2021\/06\/Ira-600x300.jpg 600w, https:\/\/desarrollocristiano.pe\/wp-content\/uploads\/2021\/06\/Ira-150x75.jpg 150w, https:\/\/desarrollocristiano.pe\/wp-content\/uploads\/2021\/06\/Ira.jpg 700w\" sizes=\"auto, (max-width: 320px) 100vw, 320px\" \/>\t\t\t\t\t<\/div>\n\t\t\t\t\t<a class=\"wd-fill\" href=\"https:\/\/desarrollocristiano.pe\/cinco-maneras-en-que-la-ira-de-dios-no-es-como-la-nuestra\/\"><\/a>\n\t\t\t\t\n\t\t\t\t\t\t\t\t\t\t\t\t<div class=\"wd-post-date wd-style-with-bg\">\n\t\t\t\t<span class=\"post-date-day\">\n\t\t\t\t\t05\t\t\t\t<\/span>\n\t\t\t\t<span class=\"post-date-month\">\n\t\t\t\t\tJun\t\t\t\t<\/span>\n\t\t\t<\/div>\n\t\t\t\t\t\t\t\t\t<\/div>\n\t\t\n\t\t<div class=\"wd-post-content article-body-container\">\n\t\t\t\t\t\t\t<div class=\"wd-post-cat wd-style-with-bg meta-post-categories\">\n\t\t\t\t\t<a href=\"https:\/\/desarrollocristiano.pe\/categorias\/biblia-y-teologia\/\" rel=\"category tag\">Biblia y Teolog\u00eda<\/a>\t\t\t\t<\/div>\n\t\t\t\n\t\t\t\t\t\t\t<h3 class=\"wd-post-title wd-entities-title title post-title\">\n\t\t\t\t\t<a href=\"https:\/\/desarrollocristiano.pe\/cinco-maneras-en-que-la-ira-de-dios-no-es-como-la-nuestra\/\" rel=\"bookmark\">Cinco maneras en que la ira de Dios no es como la nuestra<\/a>\n\t\t\t\t<\/h3>\n\t\t\t\n\t\t\t\t\t\t\t<div class=\"wd-post-meta\">\n\t\t\t\t\t\t\t\t\t\t\t\t\t\t\t<div class=\"wd-post-author\">\n\t\t\t\t\t\t\t\t\t\t\t<span>Posteado por<\/span>\n\t\t\n\t\t\t\t\t<img alt='author-avatar' src='https:\/\/secure.gravatar.com\/avatar\/8f331515e2139e7ffacac78d5e21bc88ee625065cad5d063ef4da73b7cbcfc2d?s=18&#038;d=mm&#038;r=g' srcset='https:\/\/secure.gravatar.com\/avatar\/8f331515e2139e7ffacac78d5e21bc88ee625065cad5d063ef4da73b7cbcfc2d?s=36&#038;d=mm&#038;r=g 2x' class='avatar avatar-18 photo' height='18' width='18' loading='lazy' decoding='async'\/>\t\t\n\t\t\t\t\t<a href=\"https:\/\/desarrollocristiano.pe\/author\/aprnimda7720\/\" class=\"author\" rel=\"author\">Administrador<\/a>\n\t\t\t\t\t\t\t\t\t<\/div>\n\t\t\t\t\t<div class=\"wd-modified-date\">\n\t\t\t\t\t\t\t\t<time class=\"updated\" datetime=\"2021-06-05T09:04:02-05:00\">\n\t\t\t05\/06\/2021\t\t<\/time>\n\t\t\t\t\t\t\t<\/div>\n\n\t\t\t\t\t\t\t\t\t\t\t<div class=\"wd-post-share wd-tltp\">\n\t\t\t\t\t\t\t<div class=\"tooltip top\">\n\t\t\t\t\t\t\t\t<div class=\"tooltip-inner\">\n\t\t\t\t\t\t\t\t\t\t\t\t<div\n\t\t\t\t\t\tclass=\" wd-social-icons  wd-style-default wd-size-small social-share wd-shape-circle color-scheme-light text-center\">\n\t\t\t\t\n\t\t\t\t\n\t\t\t\t\t\t\t\t\t<a rel=\"noopener noreferrer nofollow\" href=\"https:\/\/www.facebook.com\/sharer\/sharer.php?u=https:\/\/desarrollocristiano.pe\/articulos-pastorales\/\" target=\"_blank\" class=\" wd-social-icon social-facebook\" aria-label=\"Facebook social link\">\n\t\t\t\t\t\t<span class=\"wd-icon\"><\/span>\n\t\t\t\t\t\t\t\t\t\t\t<\/a>\n\t\t\t\t\n\t\t\t\t\t\t\t\t\t<a rel=\"noopener noreferrer nofollow\" href=\"https:\/\/x.com\/share?url=https:\/\/desarrollocristiano.pe\/articulos-pastorales\/\" target=\"_blank\" class=\" wd-social-icon social-twitter\" aria-label=\"X social link\">\n\t\t\t\t\t\t<span class=\"wd-icon\"><\/span>\n\t\t\t\t\t\t\t\t\t\t\t<\/a>\n\t\t\t\t\n\t\t\t\t\n\t\t\t\t\t\t\t\t\t<a rel=\"noopener noreferrer nofollow\" href=\"mailto:?subject=Check%20this%20https:\/\/desarrollocristiano.pe\/articulos-pastorales\/\" target=\"_blank\" class=\" wd-social-icon social-email\" aria-label=\"Email social link\">\n\t\t\t\t\t\t<span class=\"wd-icon\"><\/span>\n\t\t\t\t\t\t\t\t\t\t\t<\/a>\n\t\t\t\t\n\t\t\t\t\n\t\t\t\t\n\t\t\t\t\n\t\t\t\t\t\t\t\t\t<a rel=\"noopener noreferrer nofollow\" href=\"https:\/\/pinterest.com\/pin\/create\/button\/?url=https:\/\/desarrollocristiano.pe\/articulos-pastorales\/&media=https:\/\/desarrollocristiano.pe\/wp-content\/uploads\/2021\/06\/Ira.jpg&description=Cinco+maneras+en+que+la+ira+de+Dios+no+es+como+la+nuestra\" target=\"_blank\" class=\" wd-social-icon social-pinterest\" aria-label=\"Pinterest social link\">\n\t\t\t\t\t\t<span class=\"wd-icon\"><\/span>\n\t\t\t\t\t\t\t\t\t\t\t<\/a>\n\t\t\t\t\n\t\t\t\t\n\t\t\t\t\t\t\t\t\t<a rel=\"noopener noreferrer nofollow\" href=\"https:\/\/www.linkedin.com\/shareArticle?mini=true&url=https:\/\/desarrollocristiano.pe\/articulos-pastorales\/\" target=\"_blank\" class=\" wd-social-icon social-linkedin\" aria-label=\"Linkedin social link\">\n\t\t\t\t\t\t<span class=\"wd-icon\"><\/span>\n\t\t\t\t\t\t\t\t\t\t\t<\/a>\n\t\t\t\t\n\t\t\t\t\n\t\t\t\t\n\t\t\t\t\n\t\t\t\t\n\t\t\t\t\n\t\t\t\t\n\t\t\t\t\n\t\t\t\t\n\t\t\t\t\t\t\t\t\t<a rel=\"noopener noreferrer nofollow\" href=\"https:\/\/api.whatsapp.com\/send?text=https%3A%2F%2Fdesarrollocristiano.pe%2Farticulos-pastorales%2F\" target=\"_blank\" class=\"wd-hide-md  wd-social-icon social-whatsapp\" aria-label=\"WhatsApp social link\">\n\t\t\t\t\t\t<span class=\"wd-icon\"><\/span>\n\t\t\t\t\t\t\t\t\t\t\t<\/a>\n\n\t\t\t\t\t<a rel=\"noopener noreferrer nofollow\" href=\"whatsapp:\/\/send?text=https%3A%2F%2Fdesarrollocristiano.pe%2Farticulos-pastorales%2F\" target=\"_blank\" class=\"wd-hide-lg  wd-social-icon social-whatsapp\" aria-label=\"WhatsApp social link\">\n\t\t\t\t\t\t<span class=\"wd-icon\"><\/span>\n\t\t\t\t\t\t\t\t\t\t\t<\/a>\n\t\t\t\t\n\t\t\t\t\n\t\t\t\t\n\t\t\t\t\n\t\t\t\t\n\t\t\t\t\n\t\t\t\t\t\t\t\t\t<a rel=\"noopener noreferrer nofollow\" href=\"https:\/\/telegram.me\/share\/url?url=https:\/\/desarrollocristiano.pe\/articulos-pastorales\/\" target=\"_blank\" class=\" wd-social-icon social-tg\" aria-label=\"Telegram social link\">\n\t\t\t\t\t\t<span class=\"wd-icon\"><\/span>\n\t\t\t\t\t\t\t\t\t\t\t<\/a>\n\t\t\t\t\n\t\t\t\t\n\t\t\t<\/div>\n\n\t\t\t\t\t\t\t\t\t\t<\/div>\n\t\t\t\t\t\t\t\t<div class=\"tooltip-arrow\"><\/div>\n\t\t\t\t\t\t\t<\/div>\n\t\t\t\t\t\t<\/div>\n\t\t\t\t\t\n\t\t\t\t\t\t\t\t\t\t\t\t\t\t\t\t\t<div class=\"wd-post-reply wd-style-1\">\n\t\t\t\t\t\t\t<a href=\"https:\/\/desarrollocristiano.pe\/cinco-maneras-en-que-la-ira-de-dios-no-es-como-la-nuestra\/#respond\"><span class=\"wd-replies-count\">0<\/span><\/a>\t\t\t\t\t\t<\/div>\n\t\t\t\t\t\t\t\t\t<\/div>\n\t\t\t\n\t\t\t\t\t\t\t\t\t\t\t\t<div class=\"wd-post-excerpt entry-content\">\n\t\t\t\t\t\t<div class=\"wpb-content-wrapper\"><div class=\"vc_row wpb_row vc_row-fluid\"><div class=\"wpb_column vc_column_container vc_col-sm-12\"><div class=\"vc_column-inner\"><div class=\"wpb_wrapper\">\n\t<div class=\"wpb_text_column wpb_content_element texto_parrafo text-larger\" >\n\t\t<div class=\"wpb_wrapper\">\n\t\t\t<p>Por: <strong>\u200b<a href=\"https:\/\/mobile.twitter.com\/PastorColinS\">Colin Smith<\/a><\/strong><br \/>\nFuente: <a href=\"https:\/\/www.coalicionporelevangelio.org\/articulo\/cinco-maneras-en-que-la-ira-de-dios-no-es-como-la-nuestra\/\" target=\"_blank\" rel=\"noopener noreferrer\">Coalici\u00f3n por el Evangelio<\/a><\/p>\n<p>El tema de la ira (o enojo) de Dios hacia el pecado y hacia los pecadores es claramente y ampliamente ense\u00f1ado en la Biblia. Y esta verdad est\u00e1 tan entrelazada con la esperanza de nuestra paz unos con otros y con Dios que, si perdemos uno, tambi\u00e9n perdemos nuestra esperanza del otro.<\/p>\n<h3><b>La ira de Dios no es como la ira humana<\/b><\/h3>\n<p>Cuando hablamos de la ira de Dios, debemos recordar que es la ira de\u00a0<i>Dios<\/i>. Todo lo que sabemos acerca de \u00c9l, que \u00c9l es justo, que \u00c9l es amor, y que \u00c9l es bueno, necesita ser considerado en nuestro entendimiento de su ira.<\/p>\n<p>Las palabras \u201cenojo\u201d e \u201cira\u201d nos hacen pensar en nuestra propia experiencia de estas cosas. T\u00fa puedes haber sufrido por alguien que habitualmente est\u00e1 enojado. La ira humana a menudo puede ser impredecible, mezquina, y desproporcionada. Estas cosas no son ciertas sobre la ira de Dios. La ira de Dios es la respuesta justa y mesurada de su santidad hacia el mal.<\/p>\n<p>Aqu\u00ed hay cinco maneras en que la ira de Dios es diferente a la nuestra.<\/p>\n<h4><b>1. La ira de Dios es provocada<\/b><\/h4>\n<p>\u201cNo olvides c\u00f3mo provocaste a ira al Se\u00f1or tu Dios en el desierto\u201d,\u00a0<a class=\"rtBibleRef\" href=\"https:\/\/biblia.com\/bible\/nblh\/Deut%209.7?culture=es\" target=\"_blank\" rel=\"noopener\" data-reference=\"Deut 9.7\" data-version=\"nblh\" data-purpose=\"bible-reference\">Deuteronomio 9:7<\/a>.<\/p>\n<p>Este tipo de lenguaje se usa repetidamente en la Biblia. La ira de Dios no es algo que resida en \u00c9l por naturaleza. Es una respuesta al mal. Es provocada.<\/p>\n<p>Hay una diferencia muy importante entre la ira de Dios y su amor. La Biblia dice: \u201cDios es amor\u201d. Esa es su naturaleza. El amor de Dios no es provocado. Dios no nos ama porque ve algo de sabidur\u00eda, belleza, o bondad en nosotros. La raz\u00f3n por la que Dios nos ama radica en su naturaleza, no en la nuestra.<\/p>\n<p>Pero la ira de Dios es diferente. Es su santa respuesta a la intrusi\u00f3n del mal en su mundo. Si no hubiera pecado en el mundo, no habr\u00eda ira en Dios.<\/p>\n<p>A menudo se ha se\u00f1alado que lo contrario del amor no es el odio; es la indiferencia. \u00bfQu\u00e9 esperanza tendr\u00edamos en un mundo acechado por el terror si Dios simplemente mirara con una sonrisa d\u00e9bil o incluso con un ce\u00f1o fruncido? La esperanza de un mundo cuya historia est\u00e1 repleta de violencia reside en un Dios que se opone implacablemente a todo mal, y que tiene el poder, la capacidad, y la voluntad de destruirlo.<\/p>\n<h4><b>2. Dios es lento para la ira<\/b><\/h4>\n<p>\u201cCompasivo y clemente es el Se\u00f1or, lento para la ira y grande en misericordia\u201d,\u00a0<a class=\"rtBibleRef\" href=\"https:\/\/biblia.com\/bible\/nblh\/Sal%20103.8?culture=es\" target=\"_blank\" rel=\"noopener\" data-reference=\"Sal 103.8\" data-version=\"nblh\" data-purpose=\"bible-reference\">Salmos 103:8<\/a>.<\/p>\n<p>Estas cualidades se repiten una y otra vez en el Antiguo Testamento, como si fueran las cosas m\u00e1s importantes que necesitas saber acerca de Dios.<\/p>\n<p>\u00bfPor qu\u00e9 Dios permite que el mal contin\u00fae en el mundo? \u00bfPor qu\u00e9 no regresa ahora y lo borra? En\u00a0<a class=\"rtBibleRef\" href=\"https:\/\/biblia.com\/bible\/nblh\/2%20Ped%203.9?culture=es\" target=\"_blank\" rel=\"noopener\" data-reference=\"2 Ped 3.9\" data-version=\"nblh\" data-purpose=\"bible-reference\">2 Pedro 3:9<\/a>\u00a0se nos recuerda que: \u201cEl Se\u00f1or no se tarda en cumplir su promesa, seg\u00fan algunos entienden la tardanza, sino que es paciente para con ustedes, no queriendo que nadie perezca, sino que todos vengan al arrepentimiento\u201d.<\/p>\n<p>Dios ofrece gracia y perd\u00f3n en Jesucristo. La gente viene a \u00c9l en arrepentimiento y fe todos los d\u00edas y Dios pacientemente mantiene abierta la puerta de gracia. El d\u00eda de la ira de Dios vendr\u00e1, pero \u00c9l no tiene prisa en traerlo, porque entonces ser\u00e1 cerrada la puerta de gracia.<\/p>\n<h4><b>3. La ira de Dios se revela ahora<\/b><\/h4>\n<p>\u201cPorque la ira de Dios se revela desde el cielo contra toda impiedad e injusticia de los hombres, que con injusticia restringen la verdad\u201d,\u00a0<a class=\"rtBibleRef\" href=\"https:\/\/biblia.com\/bible\/nblh\/Rom%201.18?culture=es\" target=\"_blank\" rel=\"noopener\" data-reference=\"Rom 1.18\" data-version=\"nblh\" data-purpose=\"bible-reference\">Romanos 1:18<\/a>.<\/p>\n<p>Cuando lees Romanos 1, encuentras que los pecadores van en una de tres direcciones. Ellos suprimen la verdad acerca de Dios, intercambian la verdad por una mentira, y adoran las cosas creadas en lugar del Creador. \u00bfC\u00f3mo revela Dios su ira cuando los pecadores hacen estas cosas? Dios los entrega a sus pasiones.<\/p>\n<p>\u201cPor lo cual Dios los entreg\u00f3 a la impureza en la lujuria de sus corazones\u201d,\u00a0<a class=\"rtBibleRef\" href=\"https:\/\/biblia.com\/bible\/nblh\/Rom%201.24?culture=es\" target=\"_blank\" rel=\"noopener\" data-reference=\"Rom 1.24\" data-version=\"nblh\" data-purpose=\"bible-reference\">Romanos 1:24<\/a>.<\/p>\n<p>\u201cPor esta raz\u00f3n Dios los entreg\u00f3 a pasiones degradantes\u201d,\u00a0<a class=\"rtBibleRef\" href=\"https:\/\/biblia.com\/bible\/nblh\/Rom%201.26?culture=es\" target=\"_blank\" rel=\"noopener\" data-reference=\"Rom 1.26\" data-version=\"nblh\" data-purpose=\"bible-reference\">Romanos 1:26<\/a>.<\/p>\n<p>Cuando vemos que la estructura moral de nuestra cultura est\u00e1 siendo desgarrada, los cristianos deben clamar a Dios por misericordia sobre la base de Romanos 1: \u201cSe\u00f1or, lo que vemos a nuestro alrededor es un signo de tu ira y juicio. S\u00e9 misericordioso, oh Se\u00f1or, y por favor no nos abandones por completo\u201d.<\/p>\n<h4><b>4. La ira de Dios est\u00e1 almacenada<\/b><\/h4>\n<p>\u201cPero por causa de tu terquedad y de tu coraz\u00f3n no arrepentido, est\u00e1s acumulando ira para ti en el d\u00eda de la ira y de la revelaci\u00f3n del justo juicio de Dios\u201d,\u00a0<a class=\"rtBibleRef\" href=\"https:\/\/biblia.com\/bible\/nblh\/Rom%202.5?culture=es\" target=\"_blank\" rel=\"noopener\" data-reference=\"Rom 2.5\" data-version=\"nblh\" data-purpose=\"bible-reference\">Romanos 2:5<\/a>.<\/p>\n<p>Toda la historia de la Biblia lleva a un d\u00eda en que Dios lidiar\u00e1 con todo el mal de una vez y para siempre. En ese d\u00eda, el juicio de Dios ser\u00e1 completamente revelado. Este ser\u00e1 el d\u00eda de ira en el que Dios recompensar\u00e1 todo mal.<\/p>\n<p>Dios har\u00e1 esto en perfecta justicia. Nadie ser\u00e1 acusado de un solo pecado que no cometi\u00f3, y el castigo por cada pecado coincidir\u00e1 con el crimen. Toda boca ser\u00e1 detenida, porque todos sabr\u00e1n que \u00c9l juzg\u00f3 con justicia. Entonces Dios dar\u00e1 comienzo a un cielo nuevo y tierra nueva que ser\u00e1n el hogar de la justicia.<\/p>\n<h4><b>5. La ira de Dios es sobre los pecadores<\/b><\/h4>\n<p>\u201cEl que cree en el Hijo tiene vida eterna; pero el que no obedece al Hijo no ver\u00e1 la vida, sino que la ira de Dios permanece sobre \u00e9l\u201d,\u00a0<a class=\"rtBibleRef\" href=\"https:\/\/biblia.com\/bible\/nblh\/Juan%203.36?culture=es\" target=\"_blank\" rel=\"noopener\" data-reference=\"Juan 3.36\" data-version=\"nblh\" data-purpose=\"bible-reference\">Juan 3:36<\/a>.<\/p>\n<p>Juan no dice: \u201cLa ira de Dios vendr\u00e1 sobre los desobedientes\u201d. \u00c9l dice: \u201cLa ira de Dios permanece sobre \u00e9l\u201d. Ya est\u00e1 ah\u00ed. \u00bfPor qu\u00e9? Por naturaleza somos hijos de ira (<a class=\"rtBibleRef\" href=\"https:\/\/biblia.com\/bible\/nblh\/Efe.%202.3?culture=es\" target=\"_blank\" rel=\"noopener\" data-reference=\"Efe. 2.3\" data-version=\"nblh\" data-purpose=\"bible-reference\">Ef. 2:3<\/a>). Es el estado en el que nacimos.<\/p>\n<p>Aqu\u00ed nos encontramos cara a cara con el meollo del problema humano. \u00bfCu\u00e1l es? No es que estamos perdidos y necesitamos encontrar nuestro camino en un viaje espiritual. No es que estamos heridos y necesitamos ser sanados. El meollo del problema humano es que somos pecadores bajo el juicio de Dios, y su ira divina est\u00e1 sobre nosotros, a menos que sea quitada.<\/p>\n<blockquote>\n<p><b>El derramamiento de la ira de Dios sobre Jesucristo fue el mayor acto de amor que este mundo jam\u00e1s haya visto<\/b><\/p>\n<\/blockquote>\n<h3><b>La ira de Dios fue derramada<\/b><\/h3>\n<p>Esto nos lleva al coraz\u00f3n de lo que sucedi\u00f3 en la cruz. La ira divina hacia el pecado fue derramada, o aplicada, sobre Jes\u00fas. \u00c9l se convirti\u00f3 en la \u201cpropiciaci\u00f3n\u201d por nuestros pecados (<a class=\"rtBibleRef\" href=\"https:\/\/biblia.com\/bible\/nblh\/Rom.%203.25?culture=es\" target=\"_blank\" rel=\"noopener\" data-reference=\"Rom. 3.25\" data-version=\"nblh\" data-purpose=\"bible-reference\">Ro. 3:25<\/a>) al sacrificarse por nosotros. Esta gran palabra \u201cpropiciaci\u00f3n\u201d significa que la recompensa o el pago por nuestros pecados se derram\u00f3 sobre Jes\u00fas en el Calvario.<\/p>\n<p>El derramamiento de la ira de Dios sobre Jesucristo fue el mayor acto de amor que este mundo jam\u00e1s haya visto. Y Jes\u00fas est\u00e1 ante nosotros hoy, un Salvador vivo. \u00c9l nos ofrece el incalculable regalo de la paz con Dios. \u00c9l est\u00e1 listo para perdonar tus pecados y para llenarte de su Esp\u00edritu. \u00c9l es capaz de salvarte de la ira y reconciliarte con el Padre. \u00c9l ha abierto la puerta del cielo, y es capaz de darte entrada. \u00bfEst\u00e1s listo para encontrar la paz con Dios a trav\u00e9s de \u00c9l?<\/p>\n<hr \/>\n<h6>Publicado originalmente en\u00a0<a href=\"https:\/\/unlockingthebible.org\/2020\/08\/five-ways-gods-anger-not-like-ours\/\"><i>Unlocking The Bible<\/i><\/a><i>.<\/i>\u00a0Traducido por Jenny Midence-Garcia.<\/h6>\n\n\t\t<\/div>\n\t<\/div>\n<\/div><\/div><\/div><\/div><div class=\"vc_row wpb_row vc_row-fluid vc_custom_1615074577655 vc_row-has-fill\"><div class=\"wpb_column vc_column_container vc_col-sm-12\"><div class=\"vc_column-inner\"><div class=\"wpb_wrapper\">\t\t\t<div class=\"info-box-wrapper inline-element\">\n\t\t\t\t<div id=\"wd-60bb843b9b9ce\" class=\" wd-rs-60bb843b9b9ce wd-info-box wd-wpb text-left box-icon-align-left box-style- color-scheme- wd-bg-none wd-items-top \">\n\t\t\t\t\t\t\t\t\t\t<div class=\"info-box-content\">\n\t\t\t\t\t\t<h4 class=\"info-box-title title box-title-style-default wd-fontsize-m\">Sobre el Autor...<\/h4>\t\t\t\t\t\t<div class=\"info-box-inner reset-last-child\"><p><strong>\u200bColin Smith<\/strong>\u00a0(MPhil,\u00a0<em>London School of Theology<\/em>) es el pastor principal de\u00a0<em><a title=\"\" href=\"http:\/\/www.theorchardefc.org\/\">The Orchard Evangelical Free Church<\/a><\/em>\u00a0en los suburbios del noroeste de Chicago, y es un miembro del concilio de\u00a0<em>The Gospel Coalition.<\/em>\u00a0Para m\u00e1s recursos de Colin Smith visite\u00a0<a title=\"\" href=\"http:\/\/www.unlockingthebible.org\/\"><em>Unlocking the Bible<\/em><\/a>. Puedes seguir a Colin en\u00a0<a href=\"https:\/\/twitter.com\/PastorColinS\">Twitter<\/a>.<\/p>\n<\/div>\n\n\t\t\t\t\t\t\t\t\t\t\t<\/div>\n\n\t\t\t\t\t\n\t\t\t\t\t<style>#wd-60bb843b9b9ce .info-box-icon {background-color:  !important;}<\/style>\t\t\t\t<\/div>\n\t\t\t<\/div>\n\t\t<\/div><\/div><\/div><\/div>\n<\/div>\t\t\t\t\t<\/div>\n\t\t\t\t\n\t\t\t\t\t\t\t\t\t<\/div>\n\t<\/div>\n<\/article>\n\n\t\t\t\t\t\t\t\t\t\t\t\n<article id=\"post-59588\" class=\"wd-post blog-design-chess blog-post-loop blog-design-small-images blog-style-bg wd-add-shadow wd-col post-59588 post type-post status-publish format-standard has-post-thumbnail hentry category-autoayuda\">\n\t<div class=\"wd-post-inner article-inner\">\n\t\t\t\t\t<div class=\"wd-post-thumb entry-header\">\n\t\t\t\t\t\t\t\t\t<div class=\"wd-post-img post-img-wrapp\">\n\t\t\t\t\t\t<img width=\"320\" height=\"160\" src=\"https:\/\/desarrollocristiano.pe\/wp-content\/uploads\/2021\/05\/ciencia-320x160.jpg\" class=\"attachment-large size-large\" alt=\"\" decoding=\"async\" loading=\"lazy\" srcset=\"https:\/\/desarrollocristiano.pe\/wp-content\/uploads\/2021\/05\/ciencia-320x160.jpg 320w, https:\/\/desarrollocristiano.pe\/wp-content\/uploads\/2021\/05\/ciencia-600x300.jpg 600w, https:\/\/desarrollocristiano.pe\/wp-content\/uploads\/2021\/05\/ciencia-150x75.jpg 150w, https:\/\/desarrollocristiano.pe\/wp-content\/uploads\/2021\/05\/ciencia.jpg 700w\" sizes=\"auto, (max-width: 320px) 100vw, 320px\" \/>\t\t\t\t\t<\/div>\n\t\t\t\t\t<a class=\"wd-fill\" href=\"https:\/\/desarrollocristiano.pe\/ciencia-y-fe-3-mitos-y-verdades\/\"><\/a>\n\t\t\t\t\n\t\t\t\t\t\t\t\t\t\t\t\t<div class=\"wd-post-date wd-style-with-bg\">\n\t\t\t\t<span class=\"post-date-day\">\n\t\t\t\t\t30\t\t\t\t<\/span>\n\t\t\t\t<span class=\"post-date-month\">\n\t\t\t\t\tMay\t\t\t\t<\/span>\n\t\t\t<\/div>\n\t\t\t\t\t\t\t\t\t<\/div>\n\t\t\n\t\t<div class=\"wd-post-content article-body-container\">\n\t\t\t\t\t\t\t<div class=\"wd-post-cat wd-style-with-bg meta-post-categories\">\n\t\t\t\t\t<a href=\"https:\/\/desarrollocristiano.pe\/categorias\/autoayuda\/\" rel=\"category tag\">Autoayuda<\/a>\t\t\t\t<\/div>\n\t\t\t\n\t\t\t\t\t\t\t<h3 class=\"wd-post-title wd-entities-title title post-title\">\n\t\t\t\t\t<a href=\"https:\/\/desarrollocristiano.pe\/ciencia-y-fe-3-mitos-y-verdades\/\" rel=\"bookmark\">Ciencia y fe: 3 mitos y verdades<\/a>\n\t\t\t\t<\/h3>\n\t\t\t\n\t\t\t\t\t\t\t<div class=\"wd-post-meta\">\n\t\t\t\t\t\t\t\t\t\t\t\t\t\t\t<div class=\"wd-post-author\">\n\t\t\t\t\t\t\t\t\t\t\t<span>Posteado por<\/span>\n\t\t\n\t\t\t\t\t<img alt='author-avatar' src='https:\/\/secure.gravatar.com\/avatar\/8f331515e2139e7ffacac78d5e21bc88ee625065cad5d063ef4da73b7cbcfc2d?s=18&#038;d=mm&#038;r=g' srcset='https:\/\/secure.gravatar.com\/avatar\/8f331515e2139e7ffacac78d5e21bc88ee625065cad5d063ef4da73b7cbcfc2d?s=36&#038;d=mm&#038;r=g 2x' class='avatar avatar-18 photo' height='18' width='18' loading='lazy' decoding='async'\/>\t\t\n\t\t\t\t\t<a href=\"https:\/\/desarrollocristiano.pe\/author\/aprnimda7720\/\" class=\"author\" rel=\"author\">Administrador<\/a>\n\t\t\t\t\t\t\t\t\t<\/div>\n\t\t\t\t\t<div class=\"wd-modified-date\">\n\t\t\t\t\t\t\t\t<time class=\"updated\" datetime=\"2021-05-26T16:40:22-05:00\">\n\t\t\t26\/05\/2021\t\t<\/time>\n\t\t\t\t\t\t\t<\/div>\n\n\t\t\t\t\t\t\t\t\t\t\t<div class=\"wd-post-share wd-tltp\">\n\t\t\t\t\t\t\t<div class=\"tooltip top\">\n\t\t\t\t\t\t\t\t<div class=\"tooltip-inner\">\n\t\t\t\t\t\t\t\t\t\t\t\t<div\n\t\t\t\t\t\tclass=\" wd-social-icons  wd-style-default wd-size-small social-share wd-shape-circle color-scheme-light text-center\">\n\t\t\t\t\n\t\t\t\t\n\t\t\t\t\t\t\t\t\t<a rel=\"noopener noreferrer nofollow\" href=\"https:\/\/www.facebook.com\/sharer\/sharer.php?u=https:\/\/desarrollocristiano.pe\/articulos-pastorales\/\" target=\"_blank\" class=\" wd-social-icon social-facebook\" aria-label=\"Facebook social link\">\n\t\t\t\t\t\t<span class=\"wd-icon\"><\/span>\n\t\t\t\t\t\t\t\t\t\t\t<\/a>\n\t\t\t\t\n\t\t\t\t\t\t\t\t\t<a rel=\"noopener noreferrer nofollow\" href=\"https:\/\/x.com\/share?url=https:\/\/desarrollocristiano.pe\/articulos-pastorales\/\" target=\"_blank\" class=\" wd-social-icon social-twitter\" aria-label=\"X social link\">\n\t\t\t\t\t\t<span class=\"wd-icon\"><\/span>\n\t\t\t\t\t\t\t\t\t\t\t<\/a>\n\t\t\t\t\n\t\t\t\t\n\t\t\t\t\t\t\t\t\t<a rel=\"noopener noreferrer nofollow\" href=\"mailto:?subject=Check%20this%20https:\/\/desarrollocristiano.pe\/articulos-pastorales\/\" target=\"_blank\" class=\" wd-social-icon social-email\" aria-label=\"Email social link\">\n\t\t\t\t\t\t<span class=\"wd-icon\"><\/span>\n\t\t\t\t\t\t\t\t\t\t\t<\/a>\n\t\t\t\t\n\t\t\t\t\n\t\t\t\t\n\t\t\t\t\n\t\t\t\t\t\t\t\t\t<a rel=\"noopener noreferrer nofollow\" href=\"https:\/\/pinterest.com\/pin\/create\/button\/?url=https:\/\/desarrollocristiano.pe\/articulos-pastorales\/&media=https:\/\/desarrollocristiano.pe\/wp-content\/uploads\/2021\/05\/ciencia.jpg&description=Ciencia+y+fe%3A+3+mitos+y+verdades\" target=\"_blank\" class=\" wd-social-icon social-pinterest\" aria-label=\"Pinterest social link\">\n\t\t\t\t\t\t<span class=\"wd-icon\"><\/span>\n\t\t\t\t\t\t\t\t\t\t\t<\/a>\n\t\t\t\t\n\t\t\t\t\n\t\t\t\t\t\t\t\t\t<a rel=\"noopener noreferrer nofollow\" href=\"https:\/\/www.linkedin.com\/shareArticle?mini=true&url=https:\/\/desarrollocristiano.pe\/articulos-pastorales\/\" target=\"_blank\" class=\" wd-social-icon social-linkedin\" aria-label=\"Linkedin social link\">\n\t\t\t\t\t\t<span class=\"wd-icon\"><\/span>\n\t\t\t\t\t\t\t\t\t\t\t<\/a>\n\t\t\t\t\n\t\t\t\t\n\t\t\t\t\n\t\t\t\t\n\t\t\t\t\n\t\t\t\t\n\t\t\t\t\n\t\t\t\t\n\t\t\t\t\n\t\t\t\t\t\t\t\t\t<a rel=\"noopener noreferrer nofollow\" href=\"https:\/\/api.whatsapp.com\/send?text=https%3A%2F%2Fdesarrollocristiano.pe%2Farticulos-pastorales%2F\" target=\"_blank\" class=\"wd-hide-md  wd-social-icon social-whatsapp\" aria-label=\"WhatsApp social link\">\n\t\t\t\t\t\t<span class=\"wd-icon\"><\/span>\n\t\t\t\t\t\t\t\t\t\t\t<\/a>\n\n\t\t\t\t\t<a rel=\"noopener noreferrer nofollow\" href=\"whatsapp:\/\/send?text=https%3A%2F%2Fdesarrollocristiano.pe%2Farticulos-pastorales%2F\" target=\"_blank\" class=\"wd-hide-lg  wd-social-icon social-whatsapp\" aria-label=\"WhatsApp social link\">\n\t\t\t\t\t\t<span class=\"wd-icon\"><\/span>\n\t\t\t\t\t\t\t\t\t\t\t<\/a>\n\t\t\t\t\n\t\t\t\t\n\t\t\t\t\n\t\t\t\t\n\t\t\t\t\n\t\t\t\t\n\t\t\t\t\t\t\t\t\t<a rel=\"noopener noreferrer nofollow\" href=\"https:\/\/telegram.me\/share\/url?url=https:\/\/desarrollocristiano.pe\/articulos-pastorales\/\" target=\"_blank\" class=\" wd-social-icon social-tg\" aria-label=\"Telegram social link\">\n\t\t\t\t\t\t<span class=\"wd-icon\"><\/span>\n\t\t\t\t\t\t\t\t\t\t\t<\/a>\n\t\t\t\t\n\t\t\t\t\n\t\t\t<\/div>\n\n\t\t\t\t\t\t\t\t\t\t<\/div>\n\t\t\t\t\t\t\t\t<div class=\"tooltip-arrow\"><\/div>\n\t\t\t\t\t\t\t<\/div>\n\t\t\t\t\t\t<\/div>\n\t\t\t\t\t\n\t\t\t\t\t\t\t\t\t\t\t\t\t\t\t\t\t<div class=\"wd-post-reply wd-style-1\">\n\t\t\t\t\t\t\t<a href=\"https:\/\/desarrollocristiano.pe\/ciencia-y-fe-3-mitos-y-verdades\/#respond\"><span class=\"wd-replies-count\">0<\/span><\/a>\t\t\t\t\t\t<\/div>\n\t\t\t\t\t\t\t\t\t<\/div>\n\t\t\t\n\t\t\t\t\t\t\t\t\t\t\t\t<div class=\"wd-post-excerpt entry-content\">\n\t\t\t\t\t\t<div class=\"wpb-content-wrapper\"><div class=\"vc_row wpb_row vc_row-fluid\"><div class=\"wpb_column vc_column_container vc_col-sm-12\"><div class=\"vc_column-inner\"><div class=\"wpb_wrapper\">\n\t<div class=\"wpb_text_column wpb_content_element texto_parrafo text-larger\" >\n\t\t<div class=\"wpb_wrapper\">\n\t\t\t<p>Por: <a href=\"https:\/\/twitter.com\/@AnaAvilaOsuna\" target=\"_blank\" rel=\"noopener noreferrer\"><b>Ana \u00c1vila<\/b><\/a><br \/>\nFuente: <a href=\"https:\/\/www.coalicionporelevangelio.org\/articulo\/ciencia-y-fe-mitos-y-verdades\/\" target=\"_blank\" rel=\"noopener noreferrer\">Coalici\u00f3n por el Evangelio<\/a><\/p>\n<p>\u00bfQu\u00e9 te inspira a adorar a Dios?<\/p>\n<p>Quiz\u00e1 el serm\u00f3n del domingo pasado te dej\u00f3 conmovido por la profundidad de tu pecado y lo glorioso de la cruz. Tal vez padec\u00edas una dolorosa enfermedad y tu oraci\u00f3n por sanidad fue respondida. Podr\u00eda ser que tu hijo, quien neg\u00f3 a Dios por mucho tiempo, por fin ha entendido el evangelio y abrazado a Cristo como su Salvador.<\/p>\n<p>Hay tantas ocasiones, cotidianas y extraordinarias, que nos impulsan a exaltar a nuestro Dios por su belleza y su poder.<\/p>\n<p>Para m\u00ed, una de esas ocasiones fue mi clase de biolog\u00eda celular.<\/p>\n<p>Todav\u00eda recuerdo el camino a casa despu\u00e9s de aquellas lecciones. Las figuras que representaban distintas estructuras celulares segu\u00edan impresas en mi mente horas despu\u00e9s de haber terminado de estudiar. Sus detalles perfectamente dise\u00f1ados bailaban delante de mis ojos, movi\u00e9ndose de un lado al otro en un vals bioqu\u00edmico dise\u00f1ado para la vida.<\/p>\n<p>Al peat\u00f3n promedio pudo haberle sido extra\u00f1o ver a esa estudiante universitaria bajando del autob\u00fas con una enorme sonrisa en el rostro, mirando al cielo en adoraci\u00f3n al Dios de las adeninas y las timinas. Pero para m\u00ed era lo m\u00e1s natural del mundo. La ciencia me llevaba a adorar a mi Se\u00f1or cada d\u00eda.<\/p>\n<p>Con m\u00e1s frecuencia, sin embargo, la ciencia y la fe se presentan como enemigas. Como maneras opuestas de ver la realidad. La caricatura de la ciencia mira con desprecio a la fe por su ingenuidad y falta de sentido com\u00fan. La caricatura de la fe da la espalda a la ciencia por su materialismo y fijaci\u00f3n con lo temporal.<\/p>\n<p>Es hora de dejar de tomar partido en una guerra que no existe entre la ciencia y la fe. Dilucidar estos tres mitos puede ayudarte a entender por qu\u00e9:<\/p>\n<h3><b>Mito #1: \u201cLa fe y la ciencia interpretan la realidad de maneras incompatibles\u201d.<\/b><\/h3>\n<p>A veces parece que nos imaginamos a \u201cla fe\u201d y a \u201cla ciencia\u201d como dos imponentes personajes que hacen declaraciones definitivas sobre la realidad. Son figuras que demandan tu lealtad absoluta. Est\u00e1s con ellos o contra ellos. \u00bfPero de d\u00f3nde surgen estos personajes? \u00bfExisten en realidad?<\/p>\n<p>Lo que en esta conversaci\u00f3n solemos llamar \u201cla ciencia\u201d es en realidad un grupo de personas que utilizan metodolog\u00edas de observaci\u00f3n y experimentaci\u00f3n para investigar el universo material. \u201cLa fe\u201d, en este caso, es la teolog\u00eda cristiana. Los te\u00f3logos son otro grupo de personas que estudian la persona y obra de Dios revelada en la Escritura. As\u00ed que \u201cla ciencia\u201d y \u201cla fe\u201d no son entidades homog\u00e9neas que se dedican a hacer declaraciones definitivas acerca del universo. Por supuesto, el objetivo de ambas es la verdad, pero el buen cient\u00edfico y el buen te\u00f3logo admiten que el llegar a ella puede ser complicado. El an\u00e1lisis de estos grupos est\u00e1 en constante desarrollo y el desacuerdo dentro de la comunidad cient\u00edfica o teol\u00f3gica no es poco com\u00fan.<\/p>\n<p>Ambos grupos estudian distintos aspectos de la realidad \u2014uno el universo observable y el otro la <a href=\"https:\/\/www.coalicionporelevangelio.org\/articulo\/la-revelacion-general-especial-dios-preguntas-biblicas\/\">revelaci\u00f3n de Dios<\/a> en la Escritura\u2014 y muchas veces pueden desempe\u00f1ar su trabajo sin toparse el uno con el otro. A trav\u00e9s de sus observaciones, \u201cla ciencia\u201d formula interpretaciones de la realidad que no tienen que ver con las \u00e1reas de estudio de \u201cla fe\u201d y viceversa. Sin embargo, existen ocasiones en las que sus dominios de estudio se acercan y las chispas empiezan a saltar.<\/p>\n<p>Temas como el origen de la vida, la edad del universo y el funcionamiento de la mente humana son asuntos que pueden (\u00a1y deben!) abordarse desde perspectivas teol\u00f3gicas y emp\u00edricas. \u00bfPero qu\u00e9 pasa cuando estas perspectivas ofrecen interpretaciones que se encuentran en conflicto? R. C. Sproul lo <a href=\"https:\/\/vimeo.com\/41386833\">resume<\/a> muy bien:<\/p>\n<div class=\"normal_blockquote\">\n<p>\u201cSi una teor\u00eda de la ciencia \u2014la revelaci\u00f3n natural\u2014 est\u00e1 en conflicto con una teor\u00eda teol\u00f3gica, esto es lo que tengo por seguro: alguien est\u00e1 equivocado. No salto a la conclusi\u00f3n de que debe ser el cient\u00edfico. Puede ser el te\u00f3logo. Pero tampoco salto a la conclusi\u00f3n de que debe ser el te\u00f3logo. Bien podr\u00eda ser el cient\u00edfico. Tenemos seres humanos falibles interpretando la revelaci\u00f3n natural infalible, y seres humanos falibles interpretando la revelaci\u00f3n especial infalible\u201d.<\/p>\n<\/div>\n<p>Los te\u00f3logos y los cient\u00edficos observan y luego interpretan. Estas interpretaciones pueden estar equivocadas. Todos tenemos puntos ciegos. Todos tenemos presuposiciones filos\u00f3ficas. Por esta raz\u00f3n, es preciso que te\u00f3logos y cient\u00edficos est\u00e9n en constante comunicaci\u00f3n para refinar sus interpretaciones.<\/p>\n<p>La verdad es una. Seamos cient\u00edficos o te\u00f3logos, podemos buscarla con fidelidad.<\/p>\n<p><i>Verdad #1: Tanto el te\u00f3logo como el cient\u00edfico son int\u00e9rpretes falibles de revelaciones infalibles de Dios. Ellos pueden y deben conversar para poner a prueba su interpretaci\u00f3n de la verdad.<\/i><\/p>\n<h3><b>Mito #2: \u201cPara ser un cient\u00edfico serio debes dejar la fe a un lado\u201d.<\/b><\/h3>\n<p>Los que deciden ponerse del lado de \u201cla ciencia\u201d suelen afirmar que el m\u00e9todo cient\u00edfico es la \u00fanica manera de obtener informaci\u00f3n confiable acerca de la realidad. Si bien no podemos negar que el m\u00e9todo cient\u00edfico es una herramienta poderosa \u2014herramienta que ha resultado en que nuestro entendimiento del universo avance a saltos agigantados en unos cuantos siglos\u2014 esto no significa que lo \u00fanico que podemos abrazar como cierto es aquello que fue comprobado emp\u00edricamente en un laboratorio.<\/p>\n<p>Es f\u00e1cil afirmar que el \u00fanico conocimiento aut\u00e9ntico es fruto del m\u00e9todo cient\u00edfico\u2026 lo dif\u00edcil es verificar la validez de esa afirmaci\u00f3n. Si decimos que el \u00fanico conocimiento aut\u00e9ntico es fruto del m\u00e9todo cient\u00edfico, \u00bfc\u00f3mo sabemos que esa declaraci\u00f3n representa conocimiento aut\u00e9ntico? \u00bfLa ha demostrado alguien a trav\u00e9s de la investigaci\u00f3n cient\u00edfica? Por supuesto que no; por definici\u00f3n, las afirmaciones metaf\u00edsicas como esta son inaccesibles a la ciencia emp\u00edrica.<\/p>\n<p>La realidad es que todos (cristianos, ateos e incluso agn\u00f3sticos) tenemos fe \u2014todos creemos, al menos funcionalmente\u2014 en ciertos axiomas que no son demostrables a trav\u00e9s del m\u00e9todo cient\u00edfico.<\/p>\n<p>Asumimos que el universo es real y ordenado, y que nuestros sentidos pueden percibirlo de manera relativamente confiable. Para los cristianos, que el universo tenga estas caracter\u00edsticas tiene todo el sentido del mundo. Para el ateo, no hay explicaci\u00f3n\u2026 las cosas simplemente son as\u00ed. Pero el cient\u00edfico ateo las afirma, por fe. No puede comprobarlas en el laboratorio.<\/p>\n<p>Si deseas aprender m\u00e1s sobre si la fe \u2014en particular la fe cristiana\u2014 es un estorbo para la ciencia, escucha <a href=\"https:\/\/www.coalicionporelevangelio.org\/podcasts\/piensa\/es-la-religion-un-estorbo-para-la-ciencia\/\">este episodio<\/a> de Piensa Podcast.<\/p>\n<p><i>Verdad #2: \u201cTodos tenemos fe en cosas que no podemos demostrar, y hay excelentes cient\u00edficos que profesan la fe cristiana\u201d.\u00a0<\/i><\/p>\n<h3><b>Mito #3: \u201cLa ciencia surgi\u00f3 contra la creencia en Dios de la edad media\u201d.<\/b><\/h3>\n<p>Es cierto que la revoluci\u00f3n cient\u00edfica vino al final de la edad media, pero la raz\u00f3n no fue porque los hombres se libraron de Dios\u2026 sino porque los hombres regresaron a la Biblia. Como explica el fil\u00f3sofo Vishal Mangalwadi:<\/p>\n<div class=\"normal_blockquote\">\n<p>\u201cEl \u00e9xito de la Reforma para establecer la autoridad intelectual de la Biblia desat\u00f3 en la cultura popular la ense\u00f1anza de la Biblia en cuanto a Dios, la creaci\u00f3n, el hombre, el pecado, la salvaci\u00f3n, el conocimiento, la educaci\u00f3n y el sacerdocio de todos los creyentes. Estas ideas b\u00edblicas [\u2026] fueron cruciales para el nacimiento de lo que ahora llamamos la revoluci\u00f3n cient\u00edfica\u201d.<sup>1<\/sup><\/p>\n<p>Durante la <a href=\"https:\/\/www.coalicionporelevangelio.org\/articulo\/10-cosas-que-debes-saber-acerca-de-la-reforma\/\">Reforma Protestante<\/a>, los cristianos no solo se dieron cuenta de que ellos eran sacerdotes y pod\u00edan acercarse a la Biblia por ellos mismos. Tambi\u00e9n entendieron que hab\u00eda dos revelaciones, la especial (Escritura) y la general (Creaci\u00f3n), y que <a href=\"https:\/\/www.coalicionporelevangelio.org\/articulo\/la-revelacion-general-especial-dios\/\">ambas pod\u00edan ser estudiadas<\/a>. Esta idea de explorar la creaci\u00f3n de Dios para la gloria de Dios fue lo que motiv\u00f3 al menos en parte a muchas de las grandes figuras de la revoluci\u00f3n cient\u00edfica. Francis Bacon, considerado como padre del m\u00e9todo cient\u00edfico, escribi\u00f3:<\/p>\n<div class=\"normal_blockquote\">\n<p>\u201cPorque nuestro Salvador dijo: \u00abErr\u00e1is, ignorando las escrituras y el poder de Dios\u00bb [<a class=\"rtBibleRef\" href=\"https:\/\/biblia.com\/bible\/nblh\/Mat%2022.29?culture=es\" target=\"_blank\" rel=\"noopener\" data-reference=\"Mat 22.29\" data-version=\"nblh\" data-purpose=\"bible-reference\">Mt 22.29<\/a>], dejando ante nosotros dos libros que estudiar, si queremos estar a salvo del error: primero, las Escrituras, que revelan la voluntad de Dios; y luego, las cosas creadas [la ciencia natural] que expresan su poder, de las cuales, estas \u00faltimas sirven de clave para las primeras: no solo al abrir nuestro entendimiento para captar el verdadero sentido de las Escrituras mediante las nociones generales de la raz\u00f3n y las reglas del habla, sino principalmente al abrir nuestra creencia, al conducirnos a una adecuada meditaci\u00f3n en la omnipotencia de Dios, que est\u00e1 firmada y esculpida principalmente en sus obras\u201d.<sup>2<\/sup><\/p>\n<\/div>\n<p>Resulta que la Ana universitaria, fascinada con el mundo de la biolog\u00eda celular, no estaba sola en su adoraci\u00f3n al Creador. Cient\u00edficos como Newton, Galileo y Kepler vieron su trabajo como algo que glorificaba al Se\u00f1or, no algo que demostraba su inexistencia. No eran cristianos a pesar de su inteligencia. Ellos ve\u00edan claramente la conexi\u00f3n entre su fe y su conocimiento cient\u00edfico.<\/p>\n<p><i>Verdad #3: \u201cLa ciencia surgi\u00f3 para estudiar \u2018el segundo libro de Dios\u2019: la creaci\u00f3n\u201d.<\/i><\/p>\n<hr \/>\n<h6><sup>1 <\/sup>El libro que dio forma al mundo, p. 249.<br \/>\n<sup>2<\/sup> Ibid., p. 255.<\/h6>\n<\/div>\n\n\t\t<\/div>\n\t<\/div>\n<\/div><\/div><\/div><\/div><div class=\"vc_row wpb_row vc_row-fluid vc_custom_1615074577655 vc_row-has-fill\"><div class=\"wpb_column vc_column_container vc_col-sm-12\"><div class=\"vc_column-inner\"><div class=\"wpb_wrapper\">\t\t\t<div class=\"info-box-wrapper inline-element\">\n\t\t\t\t<div id=\"wd-604812db8c421\" class=\" wd-rs-604812db8c421 wd-info-box wd-wpb text-left box-icon-align-left box-style- color-scheme- wd-bg-none wd-items-top \">\n\t\t\t\t\t\t\t\t\t\t\t<div class=\"box-icon-wrapper  box-with-icon box-icon-with-border\">\n\t\t\t\t\t\t\t<div class=\"info-box-icon\">\n\n\t\t\t\t\t\t\t\n\t\t\t\t\t\t\t\t\t\t\t\t\t\t\t\t\t<img loading=\"lazy\" decoding=\"async\" width=\"100\" height=\"100\" src=\"https:\/\/desarrollocristiano.pe\/wp-content\/uploads\/2021\/03\/Ana-Avila-300x300-1-100x100.jpg\" class=\"attachment-100x100 size-100x100\" alt=\"\" \/>\t\t\t\t\t\t\t\t\t\t\t\t\t\t\t\n\t\t\t\t\t\t\t<\/div>\n\t\t\t\t\t\t<\/div>\n\t\t\t\t\t\t\t\t\t\t<div class=\"info-box-content\">\n\t\t\t\t\t\t<h4 class=\"info-box-title title box-title-style-default wd-fontsize-m\">Sobre la Autora...<\/h4>\t\t\t\t\t\t<div class=\"info-box-inner reset-last-child\"><p><strong>Ana \u00c1vila<\/strong>\u00a0es editora\u00a0<em>senior<\/em>\u00a0en Coalici\u00f3n por el Evangelio, Qu\u00edmica Bi\u00f3loga Cl\u00ednica, y parte de Iglesia Reforma. Es autora de \u201c<a href=\"https:\/\/www.amazon.com\/-\/es\/Ana-Avila-ebook\/dp\/B085XP5W72\/ref=sr_1_1?tag=thegospcoal-20\">Aprovecha bien el tiempo: Una gu\u00eda pr\u00e1ctica para honrar a Dios con tu d\u00eda<\/a>\u201d. Vive en Guatemala junto con su esposo Uriel y el beb\u00e9 Jud\u00e1. Puedes encontrarla en\u00a0<a href=\"https:\/\/www.youtube.com\/channel\/UCRQSAqKXcB1PQdz-tZFQ3EQ\">YouTube<\/a>,\u00a0<a href=\"https:\/\/instagram.com\/anaavilaosuna\/\">Instagram<\/a>, y\u00a0<a href=\"https:\/\/twitter.com\/@AnaAvilaOsuna\">Twitter<\/a>.<\/p>\n<\/div>\n\n\t\t\t\t\t\t\t\t\t\t\t<\/div>\n\n\t\t\t\t\t\n\t\t\t\t\t<style>#wd-604812db8c421 .info-box-icon {background-color:  !important;}<\/style>\t\t\t\t<\/div>\n\t\t\t<\/div>\n\t\t<\/div><\/div><\/div><\/div>\n<\/div>\t\t\t\t\t<\/div>\n\t\t\t\t\n\t\t\t\t\t\t\t\t\t<\/div>\n\t<\/div>\n<\/article>\n\n\t\t\t\t\t\t\t\t\t\t\t\n<article id=\"post-59583\" class=\"wd-post blog-design-chess blog-post-loop blog-design-small-images blog-style-bg wd-add-shadow wd-col post-59583 post type-post status-publish format-standard has-post-thumbnail hentry category-edificacion-de-la-iglesia\">\n\t<div class=\"wd-post-inner article-inner\">\n\t\t\t\t\t<div class=\"wd-post-thumb entry-header\">\n\t\t\t\t\t\t\t\t\t<div class=\"wd-post-img post-img-wrapp\">\n\t\t\t\t\t\t<img width=\"320\" height=\"160\" src=\"https:\/\/desarrollocristiano.pe\/wp-content\/uploads\/2021\/05\/pentecostes-320x160.jpg\" class=\"attachment-large size-large\" alt=\"\" decoding=\"async\" loading=\"lazy\" srcset=\"https:\/\/desarrollocristiano.pe\/wp-content\/uploads\/2021\/05\/pentecostes-320x160.jpg 320w, https:\/\/desarrollocristiano.pe\/wp-content\/uploads\/2021\/05\/pentecostes-600x300.jpg 600w, https:\/\/desarrollocristiano.pe\/wp-content\/uploads\/2021\/05\/pentecostes-150x75.jpg 150w, https:\/\/desarrollocristiano.pe\/wp-content\/uploads\/2021\/05\/pentecostes.jpg 700w\" sizes=\"auto, (max-width: 320px) 100vw, 320px\" \/>\t\t\t\t\t<\/div>\n\t\t\t\t\t<a class=\"wd-fill\" href=\"https:\/\/desarrollocristiano.pe\/la-fiesta-de-pentecostes-3-lecciones-para-la-iglesia\/\"><\/a>\n\t\t\t\t\n\t\t\t\t\t\t\t\t\t\t\t\t<div class=\"wd-post-date wd-style-with-bg\">\n\t\t\t\t<span class=\"post-date-day\">\n\t\t\t\t\t23\t\t\t\t<\/span>\n\t\t\t\t<span class=\"post-date-month\">\n\t\t\t\t\tMay\t\t\t\t<\/span>\n\t\t\t<\/div>\n\t\t\t\t\t\t\t\t\t<\/div>\n\t\t\n\t\t<div class=\"wd-post-content article-body-container\">\n\t\t\t\t\t\t\t<div class=\"wd-post-cat wd-style-with-bg meta-post-categories\">\n\t\t\t\t\t<a href=\"https:\/\/desarrollocristiano.pe\/categorias\/edificacion-de-la-iglesia\/\" rel=\"category tag\">Edificaci\u00f3n de la Iglesia<\/a>\t\t\t\t<\/div>\n\t\t\t\n\t\t\t\t\t\t\t<h3 class=\"wd-post-title wd-entities-title title post-title\">\n\t\t\t\t\t<a href=\"https:\/\/desarrollocristiano.pe\/la-fiesta-de-pentecostes-3-lecciones-para-la-iglesia\/\" rel=\"bookmark\">La fiesta de Pentecost\u00e9s: 3 lecciones para la iglesia<\/a>\n\t\t\t\t<\/h3>\n\t\t\t\n\t\t\t\t\t\t\t<div class=\"wd-post-meta\">\n\t\t\t\t\t\t\t\t\t\t\t\t\t\t\t<div class=\"wd-post-author\">\n\t\t\t\t\t\t\t\t\t\t\t<span>Posteado por<\/span>\n\t\t\n\t\t\t\t\t<img alt='author-avatar' src='https:\/\/secure.gravatar.com\/avatar\/8f331515e2139e7ffacac78d5e21bc88ee625065cad5d063ef4da73b7cbcfc2d?s=18&#038;d=mm&#038;r=g' srcset='https:\/\/secure.gravatar.com\/avatar\/8f331515e2139e7ffacac78d5e21bc88ee625065cad5d063ef4da73b7cbcfc2d?s=36&#038;d=mm&#038;r=g 2x' class='avatar avatar-18 photo' height='18' width='18' loading='lazy' decoding='async'\/>\t\t\n\t\t\t\t\t<a href=\"https:\/\/desarrollocristiano.pe\/author\/aprnimda7720\/\" class=\"author\" rel=\"author\">Administrador<\/a>\n\t\t\t\t\t\t\t\t\t<\/div>\n\t\t\t\t\t<div class=\"wd-modified-date\">\n\t\t\t\t\t\t\t\t<time class=\"updated\" datetime=\"2021-05-20T10:08:14-05:00\">\n\t\t\t20\/05\/2021\t\t<\/time>\n\t\t\t\t\t\t\t<\/div>\n\n\t\t\t\t\t\t\t\t\t\t\t<div class=\"wd-post-share wd-tltp\">\n\t\t\t\t\t\t\t<div class=\"tooltip top\">\n\t\t\t\t\t\t\t\t<div class=\"tooltip-inner\">\n\t\t\t\t\t\t\t\t\t\t\t\t<div\n\t\t\t\t\t\tclass=\" wd-social-icons  wd-style-default wd-size-small social-share wd-shape-circle color-scheme-light text-center\">\n\t\t\t\t\n\t\t\t\t\n\t\t\t\t\t\t\t\t\t<a rel=\"noopener noreferrer nofollow\" href=\"https:\/\/www.facebook.com\/sharer\/sharer.php?u=https:\/\/desarrollocristiano.pe\/articulos-pastorales\/\" target=\"_blank\" class=\" wd-social-icon social-facebook\" aria-label=\"Facebook social link\">\n\t\t\t\t\t\t<span class=\"wd-icon\"><\/span>\n\t\t\t\t\t\t\t\t\t\t\t<\/a>\n\t\t\t\t\n\t\t\t\t\t\t\t\t\t<a rel=\"noopener noreferrer nofollow\" href=\"https:\/\/x.com\/share?url=https:\/\/desarrollocristiano.pe\/articulos-pastorales\/\" target=\"_blank\" class=\" wd-social-icon social-twitter\" aria-label=\"X social link\">\n\t\t\t\t\t\t<span class=\"wd-icon\"><\/span>\n\t\t\t\t\t\t\t\t\t\t\t<\/a>\n\t\t\t\t\n\t\t\t\t\n\t\t\t\t\t\t\t\t\t<a rel=\"noopener noreferrer nofollow\" href=\"mailto:?subject=Check%20this%20https:\/\/desarrollocristiano.pe\/articulos-pastorales\/\" target=\"_blank\" class=\" wd-social-icon social-email\" aria-label=\"Email social link\">\n\t\t\t\t\t\t<span class=\"wd-icon\"><\/span>\n\t\t\t\t\t\t\t\t\t\t\t<\/a>\n\t\t\t\t\n\t\t\t\t\n\t\t\t\t\n\t\t\t\t\n\t\t\t\t\t\t\t\t\t<a rel=\"noopener noreferrer nofollow\" href=\"https:\/\/pinterest.com\/pin\/create\/button\/?url=https:\/\/desarrollocristiano.pe\/articulos-pastorales\/&media=https:\/\/desarrollocristiano.pe\/wp-content\/uploads\/2021\/05\/pentecostes.jpg&description=La+fiesta+de+Pentecost%C3%A9s%3A+3+lecciones+para+la+iglesia\" target=\"_blank\" class=\" wd-social-icon social-pinterest\" aria-label=\"Pinterest social link\">\n\t\t\t\t\t\t<span class=\"wd-icon\"><\/span>\n\t\t\t\t\t\t\t\t\t\t\t<\/a>\n\t\t\t\t\n\t\t\t\t\n\t\t\t\t\t\t\t\t\t<a rel=\"noopener noreferrer nofollow\" href=\"https:\/\/www.linkedin.com\/shareArticle?mini=true&url=https:\/\/desarrollocristiano.pe\/articulos-pastorales\/\" target=\"_blank\" class=\" wd-social-icon social-linkedin\" aria-label=\"Linkedin social link\">\n\t\t\t\t\t\t<span class=\"wd-icon\"><\/span>\n\t\t\t\t\t\t\t\t\t\t\t<\/a>\n\t\t\t\t\n\t\t\t\t\n\t\t\t\t\n\t\t\t\t\n\t\t\t\t\n\t\t\t\t\n\t\t\t\t\n\t\t\t\t\n\t\t\t\t\n\t\t\t\t\t\t\t\t\t<a rel=\"noopener noreferrer nofollow\" href=\"https:\/\/api.whatsapp.com\/send?text=https%3A%2F%2Fdesarrollocristiano.pe%2Farticulos-pastorales%2F\" target=\"_blank\" class=\"wd-hide-md  wd-social-icon social-whatsapp\" aria-label=\"WhatsApp social link\">\n\t\t\t\t\t\t<span class=\"wd-icon\"><\/span>\n\t\t\t\t\t\t\t\t\t\t\t<\/a>\n\n\t\t\t\t\t<a rel=\"noopener noreferrer nofollow\" href=\"whatsapp:\/\/send?text=https%3A%2F%2Fdesarrollocristiano.pe%2Farticulos-pastorales%2F\" target=\"_blank\" class=\"wd-hide-lg  wd-social-icon social-whatsapp\" aria-label=\"WhatsApp social link\">\n\t\t\t\t\t\t<span class=\"wd-icon\"><\/span>\n\t\t\t\t\t\t\t\t\t\t\t<\/a>\n\t\t\t\t\n\t\t\t\t\n\t\t\t\t\n\t\t\t\t\n\t\t\t\t\n\t\t\t\t\n\t\t\t\t\t\t\t\t\t<a rel=\"noopener noreferrer nofollow\" href=\"https:\/\/telegram.me\/share\/url?url=https:\/\/desarrollocristiano.pe\/articulos-pastorales\/\" target=\"_blank\" class=\" wd-social-icon social-tg\" aria-label=\"Telegram social link\">\n\t\t\t\t\t\t<span class=\"wd-icon\"><\/span>\n\t\t\t\t\t\t\t\t\t\t\t<\/a>\n\t\t\t\t\n\t\t\t\t\n\t\t\t<\/div>\n\n\t\t\t\t\t\t\t\t\t\t<\/div>\n\t\t\t\t\t\t\t\t<div class=\"tooltip-arrow\"><\/div>\n\t\t\t\t\t\t\t<\/div>\n\t\t\t\t\t\t<\/div>\n\t\t\t\t\t\n\t\t\t\t\t\t\t\t\t\t\t\t\t\t\t\t\t<div class=\"wd-post-reply wd-style-1\">\n\t\t\t\t\t\t\t<a href=\"https:\/\/desarrollocristiano.pe\/la-fiesta-de-pentecostes-3-lecciones-para-la-iglesia\/#respond\"><span class=\"wd-replies-count\">0<\/span><\/a>\t\t\t\t\t\t<\/div>\n\t\t\t\t\t\t\t\t\t<\/div>\n\t\t\t\n\t\t\t\t\t\t\t\t\t\t\t\t<div class=\"wd-post-excerpt entry-content\">\n\t\t\t\t\t\t<div class=\"wpb-content-wrapper\"><div class=\"vc_row wpb_row vc_row-fluid\"><div class=\"wpb_column vc_column_container vc_col-sm-12\"><div class=\"vc_column-inner\"><div class=\"wpb_wrapper\">\n\t<div class=\"wpb_text_column wpb_content_element texto_parrafo text-larger\" >\n\t\t<div class=\"wpb_wrapper\">\n\t\t\t<p>Por: <a href=\"https:\/\/www.twitter.com\/JosiasDlaCruzH\"><strong>Jos\u00edas De La Cruz H<\/strong><\/a><br \/>\nFuente: <a href=\"https:\/\/www.coalicionporelevangelio.org\/articulo\/mujeres-reales-no-virtuales\/\" target=\"_blank\" rel=\"noopener noreferrer\">Coalici\u00f3n por el Evangelio<\/a><\/p>\n<p>Esta semana los jud\u00edos celebran la fiesta b\u00edblica conocida en hebreo como \u05e9\u05b7\u05d1\u05bb\u05d5\u05b9\u05ea (<em>shavuot<\/em>) o \u201csemanas\u201d, t\u00e9rmino que luego fue traducido al griego como <em>Pentecost\u00e9s<\/em>. Medit\u00e9 en las riquezas que pude extraer al recordar dicha fiesta y me pareci\u00f3 oportuno compartirlas en este art\u00edculo. En Lev\u00edtico leemos que el Se\u00f1or instituy\u00f3 esta fiesta e instruy\u00f3 a Su pueblo sobre el tiempo de su celebraci\u00f3n:<\/p>\n<p>\u201cContar\u00e1n para ustedes, desde el d\u00eda despu\u00e9s del D\u00eda de Reposo (desde el d\u00eda que han de traer el Omer de la ofrenda mecida) siete semanas, estas ser\u00e1n completas. Hasta el d\u00eda despu\u00e9s del s\u00e9ptimo D\u00eda de Reposo, contar\u00e1n 50 d\u00edas. Y traer\u00e1n una <em>ofrenda nueva<\/em> al Se\u00f1or\u201d (<a href=\"https:\/\/biblia.com\/bible\/nblh\/Lev%2023.15-16?culture=es\" data-reference=\"Lev 23.15-16\" data-version=\"nblh\" data-purpose=\"bible-reference\">Lv\u00a0 23:15-16<\/a>, traducci\u00f3n personal; \u00e9nfasis a\u00f1adido).<\/p>\n<p>Como ya vimos en dos art\u00edculos previos (sobre la fiesta de <a href=\"https:\/\/www.coalicionporelevangelio.org\/articulo\/la-fiesta-de-purim-y-la-presencia-del-dios-de-ester\/\"><em>Purim<\/em><\/a> y la <a href=\"https:\/\/www.coalicionporelevangelio.org\/articulo\/jesus-pascua-significado\/\"><em>Pascua<\/em><\/a>), es importante recordar dichas fiestas b\u00edblicas, instituidas en el primer pacto, porque a\u00fan contribuyen a la edificaci\u00f3n de la iglesia. Esta fiesta no es la excepci\u00f3n.<\/p>\n<p>Quiz\u00e1 te preguntes, <em>\u00bfqu\u00e9 riquezas se esconden detr\u00e1s de la fiesta b\u00edblica de Shavuot que los cristianos debi\u00e9ramos aprovechar?<\/em> Aqu\u00ed te presento tres lecciones que nos deja la fiesta jud\u00eda de Pentecost\u00e9s.<\/p>\n<h3>1) Nos apunta a la resurrecci\u00f3n de Jes\u00fas<\/h3>\n<p>Esta celebraci\u00f3n b\u00edblica estaba conectada con las <em>primicias <\/em>de la cosecha. La raz\u00f3n del nombre <em>Shavuot<\/em> (Semanas), viene por las siete semanas que se deben contar, empezando desde el domingo despu\u00e9s de la Pascua (<a href=\"https:\/\/biblia.com\/bible\/nblh\/Lev%2023.15?culture=es\" data-reference=\"Lev 23.15\" data-version=\"nblh\" data-purpose=\"bible-reference\">Lv 23:15<\/a>). En dicho domingo, el Omer (una gavilla de los primeros frutos, <a href=\"https:\/\/biblia.com\/bible\/nblh\/Lev%2023.10-11?culture=es\" data-reference=\"Lev 23.10-11\" data-version=\"nblh\" data-purpose=\"bible-reference\">Lv 23:10-11<\/a>) era presentado ante el Se\u00f1or.<\/p>\n<p>Jes\u00fas us\u00f3 la analog\u00eda del grano de trigo para hablar de su muerte y se identific\u00f3 con este grano al decir: \u201cHa llegado la hora\u00a0para que el Hijo del Hombre sea glorificado.\u00a0En verdad les digo que si el grano de trigo no cae en tierra y muere, se queda solo; pero si muere, produce mucho fruto\u201d (<a href=\"https:\/\/biblia.com\/bible\/nblh\/Juan%2012.23-24?culture=es\" data-reference=\"Juan 12.23-24\" data-version=\"nblh\" data-purpose=\"bible-reference\">Jn 12:23-24<\/a>). Desde un punto de vista bot\u00e1nico \u201cya hay un embri\u00f3n creciendo dentro de la semilla de trigo cuando esta cae al suelo; este usualmente quiebra la semilla despu\u00e9s de dos d\u00edas en suelo h\u00famedo\u201d.<a name=\"_ftnref1\"><\/a><a href=\"https:\/\/www.coalicionporelevangelio.org\/articulo\/pentecostes-3-lecciones-iglesia\/#_ftn1\">[1]<\/a> Es decir, Jes\u00fas dijo que a menos que dicho grano no sea \u201cquebrado\u201d (muere) no emanar\u00e1 la vida de \u00e9l. Pablo repite la misma idea en <a href=\"https:\/\/biblia.com\/bible\/nblh\/1%20Cor%2015.36?culture=es\" data-reference=\"1 Cor 15.36\" data-version=\"nblh\" data-purpose=\"bible-reference\">1 Corintios 15:36<\/a>.<\/p>\n<p>De igual forma, Jes\u00fas fue horrendamente quebrado en la cruz y al tercer d\u00eda la vida brot\u00f3 en \u00c9l (<a href=\"https:\/\/biblia.com\/bible\/nblh\/Hech%2013.30?culture=es\" data-reference=\"Hech 13.30\" data-version=\"nblh\" data-purpose=\"bible-reference\">Hch 13:30<\/a>; <a href=\"https:\/\/biblia.com\/bible\/nblh\/Rom%208.11?culture=es\" data-reference=\"Rom 8.11\" data-version=\"nblh\" data-purpose=\"bible-reference\">Ro 8:11<\/a>). Similar a como antes de <em>Shavuot<\/em>, la gavilla de los primeros frutos se presenta a Dios el domingo despu\u00e9s de la Pascua, as\u00ed se present\u00f3 el Mes\u00edas resucitado el domingo despu\u00e9s de su crucifixi\u00f3n. Tal como el pueblo de Dios celebraba el brote de vida de los nuevos frutos \u2014durante las semanas previas a <em>Shavuot<\/em>\u2014 de igual manera, durante esos mismos 49 d\u00edas previos a <em>Shavuot<\/em> (Pentecost\u00e9s), los disc\u00edpulos celebraron la resurrecci\u00f3n de Jes\u00fas (<a href=\"https:\/\/biblia.com\/bible\/nblh\/Hech%201.3?culture=es\" data-reference=\"Hech 1.3\" data-version=\"nblh\" data-purpose=\"bible-reference\">Hch 1:3<\/a>).<\/p>\n<p>Es por esto que Pablo afirma que la fiesta de <em>Shavuot<\/em>, la cual inicia con los primeros frutos de la cosecha en el domingo de resurrecci\u00f3n, realmente nos apunta a la resurrecci\u00f3n misma de Jes\u00fas. \u201cM\u00e1s ahora el Cristo [Mes\u00edas] ha resucitado de entre los muertos, el <em>primer fruto<\/em> de los que durmieron\u201d (<a href=\"https:\/\/biblia.com\/bible\/nblh\/1%20Cor%2015.20?culture=es\" data-reference=\"1 Cor 15.20\" data-version=\"nblh\" data-purpose=\"bible-reference\">1 Co 15:20<\/a>, \u00e9nfasis a\u00f1adido; traducci\u00f3n personal).<a name=\"_ftnref2\"><\/a><a href=\"https:\/\/www.coalicionporelevangelio.org\/articulo\/pentecostes-3-lecciones-iglesia\/#_ftn2\">[2]<\/a><\/p>\n<h3>2) Nos recuerda la obra del Esp\u00edritu Santo<\/h3>\n<p>El Se\u00f1or pudo haber elegido otro d\u00eda para su resurrecci\u00f3n y sus m\u00faltiples apariciones, pero decidi\u00f3 hacerlo todo en conforme a Su prop\u00f3sito en el tiempo que \u00c9l se\u00f1al\u00f3. La promesa del derramamiento del Esp\u00edritu tampoco fue la excepci\u00f3n. El cl\u00edmax de la festividad ocurre \u201cdespu\u00e9s del s\u00e9ptimo D\u00eda de Reposo\u201d (<a href=\"https:\/\/biblia.com\/bible\/nblh\/Lev%2023.16?culture=es\" data-reference=\"Lev 23.16\" data-version=\"nblh\" data-purpose=\"bible-reference\">Lv 23:16<\/a>). De acuerdo con c\u00e1lculos basados en <a href=\"https:\/\/biblia.com\/bible\/nblh\/%C3%89xo%2019.1?culture=es\" data-reference=\"\u00c9xo 19.1\" data-version=\"nblh\" data-purpose=\"bible-reference\">\u00c9xodo 19:1<\/a>, la Tor\u00e1 fue dada tres meses despu\u00e9s del \u00c9xodo de Egipto. Esto nos ubica en el mes de <em>Sivan, <\/em>noveno mes del calendario jud\u00edo moderno.<\/p>\n<p>Ya que tambi\u00e9n este fue el mes en que cay\u00f3 <em>Shavuot<\/em>, ambos eventos terminaron siendo asociados, llegando a conocerse como la \u201cFiesta de la entrega de la Tor\u00e1\u201d.<a name=\"_ftnref3\"><\/a><a href=\"https:\/\/www.coalicionporelevangelio.org\/articulo\/pentecostes-3-lecciones-iglesia\/#_ftn3\">[3]<\/a> En el momento en que Dios entrega la Tor\u00e1 a Mois\u00e9s, \u201ctodo el pueblo presenci\u00f3 <em>las voces<\/em>, <em>las flamas de fuego<\/em>, el sonido de la trompeta y el monte humeando.<a name=\"_ftnref4\"><\/a><a href=\"https:\/\/www.coalicionporelevangelio.org\/articulo\/pentecostes-3-lecciones-iglesia\/#_ftn4\">[4]<\/a> Y viendo el pueblo, temblaban de temor estando de pie a la distancia\u201d (<a href=\"https:\/\/biblia.com\/bible\/nblh\/%C3%89xo%2020.18?culture=es\" data-reference=\"\u00c9xo 20.18\" data-version=\"nblh\" data-purpose=\"bible-reference\">\u00c9x 20:18<\/a>, cursiva a\u00f1adida; traducci\u00f3n personal). Lucas registra sucesos similares con la llegada del Esp\u00edritu Santo, permitiendo ver un paralelismo con un vocabulario gen\u00e9rico entre ambos eventos:<\/p>\n<table width=\"521\">\n<tbody>\n<tr>\n<td>\n<p style=\"text-align: center;\"><strong>Entrega de la<br \/>\nTor\u00e1 a Mois\u00e9s\u00a0<\/strong><\/p>\n<p style=\"text-align: center;\"><strong>(<a href=\"https:\/\/biblia.com\/bible\/nblh\/%C3%89xo%2020.18?culture=es\">\u00c9x 20:18<\/a>)<\/strong><\/p>\n<\/td>\n<td>\n<p style=\"text-align: center;\"><strong>Derramamiento del<br \/>\nEsp\u00edritu Santo\u00a0<\/strong><\/p>\n<p style=\"text-align: center;\"><strong>(<a href=\"https:\/\/biblia.com\/bible\/nblh\/Hech%202.2-6?culture=es\">Hch 2:2-6<\/a>)<\/strong><\/p>\n<\/td>\n<\/tr>\n<tr>\n<td>\n<p style=\"text-align: center;\">\u201csonido de trompeta (viento)<\/p>\n<p style=\"text-align: center;\">y el monte humeando\u2026<\/p>\n<\/td>\n<td>\n<p style=\"text-align: center;\">\u201cvino del cielo un ruido como el de<\/p>\n<p style=\"text-align: center;\">una r\u00e1faga de viento impetuoso\u2026<\/p>\n<\/td>\n<\/tr>\n<tr>\n<td>\n<p style=\"text-align: center;\">voces\u2026<\/p>\n<\/td>\n<td>\n<p style=\"text-align: center;\">se les aparecieron lenguas\u2026<\/p>\n<\/td>\n<\/tr>\n<tr>\n<td>\n<p style=\"text-align: center;\">flamas de fuego<em>\u201d<\/em>.<\/p>\n<\/td>\n<td>\n<p style=\"text-align: center;\">como de fuego que se posaron sobre ellos\u201d.<\/p>\n<\/td>\n<\/tr>\n<\/tbody>\n<\/table>\n<p>Antes de que el Nuevo Testamento fuese redactado, el fil\u00f3sofo jud\u00edo Fil\u00f3n (20 a. C. \u2013 45 d. C.) coment\u00f3 sobre las \u201cflamas de fuego\u201d en <a href=\"https:\/\/biblia.com\/bible\/nblh\/%C3%89xo%2020.18?culture=es\" data-reference=\"\u00c9xo 20.18\" data-version=\"nblh\" data-purpose=\"bible-reference\">\u00c9xodo 20:18<\/a>: \u201clas llamas se convirtieron en un discurso articulado en el lenguaje familiar para la audiencia (Decal. 46)\u201d.<a name=\"_ftnref5\"><\/a><a href=\"https:\/\/www.coalicionporelevangelio.org\/articulo\/pentecostes-3-lecciones-iglesia\/#_ftn5\">[5]<\/a> Sin embargo, esta vez en Hechos 2, de acuerdo a la profec\u00eda, Dios dice \u201cpondr\u00e9 mi Tor\u00e1 (ley) en lo m\u00e1s profundo de ellos y sobre sus corazones la escribir\u00e9\u201d (<a href=\"https:\/\/biblia.com\/bible\/nblh\/Jer%2031.33?culture=es\" data-reference=\"Jer 31.33\" data-version=\"nblh\" data-purpose=\"bible-reference\">Jr 31:33<\/a>, traducci\u00f3n personal).<\/p>\n<p>Es por esto que despu\u00e9s de esta manifestaci\u00f3n del Esp\u00edritu y esta nueva entrega de la ley en el coraz\u00f3n de los creyentes, por medio de Cristo en el Nuevo Pacto (<a href=\"https:\/\/biblia.com\/bible\/nblh\/Heb%208.10?culture=es\" data-reference=\"Heb 8.10\" data-version=\"nblh\" data-purpose=\"bible-reference\">He 8:10<\/a>; <a href=\"https:\/\/biblia.com\/bible\/nblh\/He%2010.16?culture=es\" data-reference=\"He 10.16\" data-version=\"nblh\" data-purpose=\"bible-reference\">10:16<\/a>; cp. <a href=\"https:\/\/biblia.com\/bible\/nblh\/Rom%203.20?culture=es\" data-reference=\"Rom 3.20\" data-version=\"nblh\" data-purpose=\"bible-reference\">Ro 3:20<\/a>), vemos vidas cambiadas. A la persona que neg\u00f3 al Se\u00f1or (<a href=\"https:\/\/biblia.com\/bible\/nblh\/Mat%2026.73-74?culture=es\" data-reference=\"Mat 26.73-74\" data-version=\"nblh\" data-purpose=\"bible-reference\">Mt 26:73-74<\/a>), Cristo la transform\u00f3 en alguien que lo amaba con todo su coraz\u00f3n, mente y fuerza (<a href=\"https:\/\/biblia.com\/bible\/nblh\/Hech%205.29?culture=es\" data-reference=\"Hech 5.29\" data-version=\"nblh\" data-purpose=\"bible-reference\">Hch 5:29<\/a>, <a href=\"https:\/\/biblia.com\/bible\/nblh\/Hch%205.40-41?culture=es\" data-reference=\"Hch 5.40-41\" data-version=\"nblh\" data-purpose=\"bible-reference\">40-41<\/a>). Otra que persegu\u00eda cristianos para matarlos (<a href=\"https:\/\/biblia.com\/bible\/nblh\/Hech%2022.20?culture=es\" data-reference=\"Hech 22.20\" data-version=\"nblh\" data-purpose=\"bible-reference\">Hch 22:20<\/a>), lleg\u00f3 a amar a su pr\u00f3jimo como a s\u00ed mismo por amor a Cristo (<a href=\"https:\/\/biblia.com\/bible\/nblh\/Rom%209.3?culture=es\" data-reference=\"Rom 9.3\" data-version=\"nblh\" data-purpose=\"bible-reference\">Ro 9:3<\/a>), y hay muchos ejemplos m\u00e1s.<\/p>\n<p>En <em>Shavuot<\/em> traemos un regalo nuevo a Dios de nuestras primicias, pero sobre todo, recordamos que el mayor y nuevo regalo ya vino de parte de Dios: el derramamiento de su Santo Esp\u00edritu, por el cual creemos en el evangelio y con quien moraremos para siempre.<\/p>\n<h3>3) Nos brinda oportunidad de evidenciar nuestra fe<\/h3>\n<p>La llenura del Esp\u00edritu Santo en <em>Shavuot<\/em> (Pentecost\u00e9s) sobre los creyentes los capacit\u00f3 para poner en pr\u00e1ctica su fe. <em>Shavuot<\/em> es una de las tres fiestas obligatorias donde Dios requer\u00eda que todo var\u00f3n de 20 a\u00f1os o m\u00e1s del pueblo de Israel peregrinara a Jerusal\u00e9n. Es durante estas \u201csemanas\u201d cuando el Se\u00f1or ordena a su pueblo que no recojan toda la cosecha de los campos para que el pobre, la viuda, el afligido, el necesitado y a\u00fan el gentil, puedan ser suplidos por el Se\u00f1or durante los largos viajes de peregrinaci\u00f3n a Jerusal\u00e9n.<\/p>\n<p>La fiesta de <em>Shavuot<\/em> nos desaf\u00eda a preguntarnos \u00bfcu\u00e1ntos estar\u00edamos dispuesto a dejar, por varias semanas, dinero y comida para los extranjeros necesitados, los pobres y afligidos que rondan en nuestras ciudades? En otras palabras, el mensaje que Dios intenta comunicar en esta fiesta de las \u201csemanas\u201d es claro: Lo que caracterizar\u00e1 la fiesta de Pentecost\u00e9s es la misericordia, compartir con el necesitado y el gozo en el Se\u00f1or al amar al pr\u00f3jimo como a nosotros mismos.<\/p>\n<p>De hecho, es en este contexto de <em>Shavuot<\/em> que Rut, una extranjera afligida y necesitada, llega al campo de Booz por medio de quien Dios provee para ella (<a href=\"https:\/\/biblia.com\/bible\/nblh\/Rut%202.3?culture=es\" data-reference=\"Rut 2.3\" data-version=\"nblh\" data-purpose=\"bible-reference\">Rut 2:3<\/a>). Esta es una de las razones de por qu\u00e9 en la tradici\u00f3n jud\u00eda en <em>Shavuot<\/em> se estudia el libro de Rut que nos sirve para recordar que, si estamos en la condici\u00f3n de Rut, Dios suplir\u00e1 nuestras necesidades.<\/p>\n<p>Pero si tenemos la bendici\u00f3n de estar en una situaci\u00f3n de abundancia como la de Booz, estamos llamados a ser el instrumento de Dios para el necesitado. El hacer obras no es un error, el <em>creer<\/em> que ellas salvan s\u00ed lo es (<a href=\"https:\/\/biblia.com\/bible\/nblh\/Efe%202.8-10?culture=es\" data-reference=\"Efe 2.8-10\" data-version=\"nblh\" data-purpose=\"bible-reference\">Ef 2:8-10<\/a>). Obedecer a Dios es la manifestaci\u00f3n externa de la fe en Dios. Es por eso que la verdadera fe hace obras. En otras palabras, las obras son directamente proporcional a la fe; es decir, voy a obrar si creo (<a href=\"https:\/\/biblia.com\/bible\/nblh\/Sant%202.18?culture=es\" data-reference=\"Sant 2.18\" data-version=\"nblh\" data-purpose=\"bible-reference\">Stg 2:18<\/a>). As\u00ed que, cuando guardamos los mandamientos estamos expresando fe y amor por Dios, que fue exactamente lo que hizo Booz y es tambi\u00e9n a lo que Cristo nos llam\u00f3 (<a href=\"https:\/\/biblia.com\/bible\/nblh\/Lev%2019.9-10?culture=es\" data-reference=\"Lev 19.9-10\" data-version=\"nblh\" data-purpose=\"bible-reference\">Lv 19:9-10<\/a>; <a href=\"https:\/\/biblia.com\/bible\/nblh\/Rut%202.3-9?culture=es\" data-reference=\"Rut 2.3-9\" data-version=\"nblh\" data-purpose=\"bible-reference\">Rut 2:3-9<\/a>; cp. <a href=\"https:\/\/biblia.com\/bible\/nblh\/Juan%2014.15?culture=es\" data-reference=\"Juan 14.15\" data-version=\"nblh\" data-purpose=\"bible-reference\">Jn 14:15<\/a>; <a href=\"https:\/\/biblia.com\/bible\/nblh\/1%20Jn%205.3?culture=es\" data-reference=\"1 Jn 5.3\" data-version=\"nblh\" data-purpose=\"bible-reference\">1 Jn 5:3<\/a>). Queridos hermanos, <em>Shavuot<\/em> nos recuerda que no es suficiente con <em>solo<\/em> hablar de Jes\u00fas, sino que tambi\u00e9n debemos<em> mostrar<\/em> a Jes\u00fas (<a href=\"https:\/\/biblia.com\/bible\/nblh\/Juan%2013.35?culture=es\" data-reference=\"Juan 13.35\" data-version=\"nblh\" data-purpose=\"bible-reference\">Jn 13:35<\/a>).<\/p>\n<h6><a name=\"_ftn1\"><\/a><a href=\"https:\/\/www.coalicionporelevangelio.org\/articulo\/pentecostes-3-lecciones-iglesia\/#_ftnref1\">[1]<\/a> Keener, Craig S., <em>The IVP Bible Background Commentary New Testament<\/em>, 2<sup>nd<\/sup> Edition, (IVP Academic, 2014) p. 286.<\/h6>\n<h6><a name=\"_ftn2\"><\/a><a href=\"https:\/\/www.coalicionporelevangelio.org\/articulo\/pentecostes-3-lecciones-iglesia\/#_ftnref2\">[2]<\/a> \u00a0La palabra griega que Pablo usa para \u201cprimer fruto\u201d en <a href=\"https:\/\/biblia.com\/bible\/nblh\/1%20Cor%2015.20?culture=es\" data-reference=\"1 Cor 15.20\" data-version=\"nblh\" data-purpose=\"bible-reference\">1 Corintios 15:20<\/a> es \u1f00\u03c0\u03b1\u03c1\u03c7\u03ae (<em>aparje<\/em>), que es una traducci\u00f3n del t\u00e9rmino hebreo plural \u05d1\u05b4\u05bc\u05db\u05bc\u05d5\u05bc\u05e8\u05b4\u05d9\u05dd (<em>bicurim<\/em>) \u201cprimeros frutos\u201d. Pero Pablo lo usa aqu\u00ed en griego singular, \u201cprimer fruto\u201d. En <a href=\"https:\/\/biblia.com\/bible\/nblh\/Rom%208.23?culture=es\" data-reference=\"Rom 8.23\" data-version=\"nblh\" data-purpose=\"bible-reference\">Romanos 8:23<\/a>, Pablo tambi\u00e9n usa este mismo t\u00e9rmino griego para ense\u00f1ar que los creyentes tenemos las primicias del Esp\u00edritu Santo.<\/h6>\n<h6><a name=\"_ftn3\"><\/a><a href=\"https:\/\/www.coalicionporelevangelio.org\/articulo\/pentecostes-3-lecciones-iglesia\/#_ftnref3\">[3]<\/a> Joseph Shulam, \u201cFlame Like Fire \u2013 Shavuot.\u201d <em>Teaching From Zion<\/em>, Vol. 24 (May 2009): 5. \u201cLa identificaci\u00f3n de Shavuot con la entrega de la Tor\u00e1\u2026 posiblemente se remonta incluso al periodo b\u00edblico tard\u00edo\u201d (p. 5).<\/h6>\n<h6><a name=\"_ftn4\"><\/a><a href=\"https:\/\/www.coalicionporelevangelio.org\/articulo\/pentecostes-3-lecciones-iglesia\/#_ftnref4\">[4]<\/a> \u00a0Esta palabra \u05e7\u05d5\u05b9\u05dc\u05b9\u05ea (kolot) puede ser traducida como \u201ctruenos,\u201d pero tambi\u00e9n como \u201csonidos\u201d o \u201cvoces\u201d.<\/h6>\n<h6><a name=\"_ftn5\"><\/a><a href=\"https:\/\/www.coalicionporelevangelio.org\/articulo\/pentecostes-3-lecciones-iglesia\/#_ftnref5\">[5]<\/a> Joseph Shulam, <em>Flame Like Fire \u2013 Shavuot<\/em>, p. 6.<\/h6>\n\n\t\t<\/div>\n\t<\/div>\n<\/div><\/div><\/div><\/div><div class=\"vc_row wpb_row vc_row-fluid vc_custom_1615074577655 vc_row-has-fill\"><div class=\"wpb_column vc_column_container vc_col-sm-12\"><div class=\"vc_column-inner\"><div class=\"wpb_wrapper\">\t\t\t<div class=\"info-box-wrapper inline-element\">\n\t\t\t\t<div id=\"wd-60a679c01612c\" class=\" wd-rs-60a679c01612c wd-info-box wd-wpb text-left box-icon-align-left box-style- color-scheme- wd-bg-none wd-items-top \">\n\t\t\t\t\t\t\t\t\t\t\t<div class=\"box-icon-wrapper  box-with-icon box-icon-with-border\">\n\t\t\t\t\t\t\t<div class=\"info-box-icon\">\n\n\t\t\t\t\t\t\t\n\t\t\t\t\t\t\t\t\t\t\t\t\t\t\t\t\t<img loading=\"lazy\" decoding=\"async\" width=\"100\" height=\"100\" src=\"https:\/\/desarrollocristiano.pe\/wp-content\/uploads\/2021\/05\/Josias-De-La-Cruz-H-100x100.jpg\" class=\"attachment-100x100 size-100x100\" alt=\"\" \/>\t\t\t\t\t\t\t\t\t\t\t\t\t\t\t\n\t\t\t\t\t\t\t<\/div>\n\t\t\t\t\t\t<\/div>\n\t\t\t\t\t\t\t\t\t\t<div class=\"info-box-content\">\n\t\t\t\t\t\t<h4 class=\"info-box-title title box-title-style-default wd-fontsize-m\">Sobre el Autor...<\/h4>\t\t\t\t\t\t<div class=\"info-box-inner reset-last-child\"><p><b><span style=\"color: #171717;\">Jos\u00edas De La Cruz H. <\/span><\/b><span style=\"color: #171717;\">es ingeniero civil y estudi\u00f3 Hebreo B\u00edblico en el <i>Instituto Biblical Language Center<\/i>. Tambi\u00e9n tiene estudios teol\u00f3gicos y ministeriales en <i>Southeastern Baptist Theological Seminary<\/i>. Est\u00e1 escribiendo su tesis de Maestr\u00eda en Ciencias B\u00edblicas y Filolog\u00eda en la Universidad Bar-Ilan en Israel, da clases en el Instituto de Estudios B\u00edblicos de Israel y trabaja como Socio de Investigaci\u00f3n en <em>Philos Project.<\/em> Jos\u00edas vive en Israel junto a su esposa Lianny y su hija Hadasa. Puedes <\/span><a href=\"https:\/\/www.twitter.com\/JosiasDlaCruzH\"><span style=\"color: #272727;\">seguirlo en Twitter<\/span><\/a><span style=\"color: #171717;\">.<\/span><\/p>\n<\/div>\n\n\t\t\t\t\t\t\t\t\t\t\t<\/div>\n\n\t\t\t\t\t\n\t\t\t\t\t<style>#wd-60a679c01612c .info-box-icon {background-color:  !important;}<\/style>\t\t\t\t<\/div>\n\t\t\t<\/div>\n\t\t<\/div><\/div><\/div><\/div>\n<\/div>\t\t\t\t\t<\/div>\n\t\t\t\t\n\t\t\t\t\t\t\t\t\t<\/div>\n\t<\/div>\n<\/article>\n\n\t\t\t\t\t\t\t\t\t\t\t\n<article id=\"post-59495\" class=\"wd-post blog-design-chess blog-post-loop blog-design-small-images blog-style-bg wd-add-shadow wd-col post-59495 post type-post status-publish format-standard has-post-thumbnail hentry category-mujer-vive-tu-fe tag-jesus tag-madre tag-oracion\">\n\t<div class=\"wd-post-inner article-inner\">\n\t\t\t\t\t<div class=\"wd-post-thumb entry-header\">\n\t\t\t\t\t\t\t\t\t<div class=\"wd-post-img post-img-wrapp\">\n\t\t\t\t\t\t<img width=\"320\" height=\"160\" src=\"https:\/\/desarrollocristiano.pe\/wp-content\/uploads\/2021\/05\/mujer-oracion2-320x160.jpg\" class=\"attachment-large size-large\" alt=\"\" decoding=\"async\" loading=\"lazy\" srcset=\"https:\/\/desarrollocristiano.pe\/wp-content\/uploads\/2021\/05\/mujer-oracion2-320x160.jpg 320w, https:\/\/desarrollocristiano.pe\/wp-content\/uploads\/2021\/05\/mujer-oracion2-600x300.jpg 600w, https:\/\/desarrollocristiano.pe\/wp-content\/uploads\/2021\/05\/mujer-oracion2-150x75.jpg 150w, https:\/\/desarrollocristiano.pe\/wp-content\/uploads\/2021\/05\/mujer-oracion2.jpg 700w\" sizes=\"auto, (max-width: 320px) 100vw, 320px\" \/>\t\t\t\t\t<\/div>\n\t\t\t\t\t<a class=\"wd-fill\" href=\"https:\/\/desarrollocristiano.pe\/una-oracion-para-una-madre-que-esta-agotada\/\"><\/a>\n\t\t\t\t\n\t\t\t\t\t\t\t\t\t\t\t\t<div class=\"wd-post-date wd-style-with-bg\">\n\t\t\t\t<span class=\"post-date-day\">\n\t\t\t\t\t08\t\t\t\t<\/span>\n\t\t\t\t<span class=\"post-date-month\">\n\t\t\t\t\tMay\t\t\t\t<\/span>\n\t\t\t<\/div>\n\t\t\t\t\t\t\t\t\t<\/div>\n\t\t\n\t\t<div class=\"wd-post-content article-body-container\">\n\t\t\t\t\t\t\t<div class=\"wd-post-cat wd-style-with-bg meta-post-categories\">\n\t\t\t\t\t<a href=\"https:\/\/desarrollocristiano.pe\/categorias\/mujer-vive-tu-fe\/\" rel=\"category tag\">Mujer: Vive tu fe<\/a>\t\t\t\t<\/div>\n\t\t\t\n\t\t\t\t\t\t\t<h3 class=\"wd-post-title wd-entities-title title post-title\">\n\t\t\t\t\t<a href=\"https:\/\/desarrollocristiano.pe\/una-oracion-para-una-madre-que-esta-agotada\/\" rel=\"bookmark\">Una oraci\u00f3n para una madre que est\u00e1 agotada<\/a>\n\t\t\t\t<\/h3>\n\t\t\t\n\t\t\t\t\t\t\t<div class=\"wd-post-meta\">\n\t\t\t\t\t\t\t\t\t\t\t\t\t\t\t<div class=\"wd-post-author\">\n\t\t\t\t\t\t\t\t\t\t\t<span>Posteado por<\/span>\n\t\t\n\t\t\t\t\t<img alt='author-avatar' src='https:\/\/secure.gravatar.com\/avatar\/8f331515e2139e7ffacac78d5e21bc88ee625065cad5d063ef4da73b7cbcfc2d?s=18&#038;d=mm&#038;r=g' srcset='https:\/\/secure.gravatar.com\/avatar\/8f331515e2139e7ffacac78d5e21bc88ee625065cad5d063ef4da73b7cbcfc2d?s=36&#038;d=mm&#038;r=g 2x' class='avatar avatar-18 photo' height='18' width='18' loading='lazy' decoding='async'\/>\t\t\n\t\t\t\t\t<a href=\"https:\/\/desarrollocristiano.pe\/author\/aprnimda7720\/\" class=\"author\" rel=\"author\">Administrador<\/a>\n\t\t\t\t\t\t\t\t\t<\/div>\n\t\t\t\t\t<div class=\"wd-modified-date\">\n\t\t\t\t\t\t\t\t<time class=\"updated\" datetime=\"2021-05-05T17:36:32-05:00\">\n\t\t\t05\/05\/2021\t\t<\/time>\n\t\t\t\t\t\t\t<\/div>\n\n\t\t\t\t\t\t\t\t\t\t\t<div class=\"wd-post-share wd-tltp\">\n\t\t\t\t\t\t\t<div class=\"tooltip top\">\n\t\t\t\t\t\t\t\t<div class=\"tooltip-inner\">\n\t\t\t\t\t\t\t\t\t\t\t\t<div\n\t\t\t\t\t\tclass=\" wd-social-icons  wd-style-default wd-size-small social-share wd-shape-circle color-scheme-light text-center\">\n\t\t\t\t\n\t\t\t\t\n\t\t\t\t\t\t\t\t\t<a rel=\"noopener noreferrer nofollow\" href=\"https:\/\/www.facebook.com\/sharer\/sharer.php?u=https:\/\/desarrollocristiano.pe\/articulos-pastorales\/\" target=\"_blank\" class=\" wd-social-icon social-facebook\" aria-label=\"Facebook social link\">\n\t\t\t\t\t\t<span class=\"wd-icon\"><\/span>\n\t\t\t\t\t\t\t\t\t\t\t<\/a>\n\t\t\t\t\n\t\t\t\t\t\t\t\t\t<a rel=\"noopener noreferrer nofollow\" href=\"https:\/\/x.com\/share?url=https:\/\/desarrollocristiano.pe\/articulos-pastorales\/\" target=\"_blank\" class=\" wd-social-icon social-twitter\" aria-label=\"X social link\">\n\t\t\t\t\t\t<span class=\"wd-icon\"><\/span>\n\t\t\t\t\t\t\t\t\t\t\t<\/a>\n\t\t\t\t\n\t\t\t\t\n\t\t\t\t\t\t\t\t\t<a rel=\"noopener noreferrer nofollow\" href=\"mailto:?subject=Check%20this%20https:\/\/desarrollocristiano.pe\/articulos-pastorales\/\" target=\"_blank\" class=\" wd-social-icon social-email\" aria-label=\"Email social link\">\n\t\t\t\t\t\t<span class=\"wd-icon\"><\/span>\n\t\t\t\t\t\t\t\t\t\t\t<\/a>\n\t\t\t\t\n\t\t\t\t\n\t\t\t\t\n\t\t\t\t\n\t\t\t\t\t\t\t\t\t<a rel=\"noopener noreferrer nofollow\" href=\"https:\/\/pinterest.com\/pin\/create\/button\/?url=https:\/\/desarrollocristiano.pe\/articulos-pastorales\/&media=https:\/\/desarrollocristiano.pe\/wp-content\/uploads\/2021\/05\/mujer-oracion2.jpg&description=Una+oraci%C3%B3n+para+una+madre+que+est%C3%A1+agotada\" target=\"_blank\" class=\" wd-social-icon social-pinterest\" aria-label=\"Pinterest social link\">\n\t\t\t\t\t\t<span class=\"wd-icon\"><\/span>\n\t\t\t\t\t\t\t\t\t\t\t<\/a>\n\t\t\t\t\n\t\t\t\t\n\t\t\t\t\t\t\t\t\t<a rel=\"noopener noreferrer nofollow\" href=\"https:\/\/www.linkedin.com\/shareArticle?mini=true&url=https:\/\/desarrollocristiano.pe\/articulos-pastorales\/\" target=\"_blank\" class=\" wd-social-icon social-linkedin\" aria-label=\"Linkedin social link\">\n\t\t\t\t\t\t<span class=\"wd-icon\"><\/span>\n\t\t\t\t\t\t\t\t\t\t\t<\/a>\n\t\t\t\t\n\t\t\t\t\n\t\t\t\t\n\t\t\t\t\n\t\t\t\t\n\t\t\t\t\n\t\t\t\t\n\t\t\t\t\n\t\t\t\t\n\t\t\t\t\t\t\t\t\t<a rel=\"noopener noreferrer nofollow\" href=\"https:\/\/api.whatsapp.com\/send?text=https%3A%2F%2Fdesarrollocristiano.pe%2Farticulos-pastorales%2F\" target=\"_blank\" class=\"wd-hide-md  wd-social-icon social-whatsapp\" aria-label=\"WhatsApp social link\">\n\t\t\t\t\t\t<span class=\"wd-icon\"><\/span>\n\t\t\t\t\t\t\t\t\t\t\t<\/a>\n\n\t\t\t\t\t<a rel=\"noopener noreferrer nofollow\" href=\"whatsapp:\/\/send?text=https%3A%2F%2Fdesarrollocristiano.pe%2Farticulos-pastorales%2F\" target=\"_blank\" class=\"wd-hide-lg  wd-social-icon social-whatsapp\" aria-label=\"WhatsApp social link\">\n\t\t\t\t\t\t<span class=\"wd-icon\"><\/span>\n\t\t\t\t\t\t\t\t\t\t\t<\/a>\n\t\t\t\t\n\t\t\t\t\n\t\t\t\t\n\t\t\t\t\n\t\t\t\t\n\t\t\t\t\n\t\t\t\t\t\t\t\t\t<a rel=\"noopener noreferrer nofollow\" href=\"https:\/\/telegram.me\/share\/url?url=https:\/\/desarrollocristiano.pe\/articulos-pastorales\/\" target=\"_blank\" class=\" wd-social-icon social-tg\" aria-label=\"Telegram social link\">\n\t\t\t\t\t\t<span class=\"wd-icon\"><\/span>\n\t\t\t\t\t\t\t\t\t\t\t<\/a>\n\t\t\t\t\n\t\t\t\t\n\t\t\t<\/div>\n\n\t\t\t\t\t\t\t\t\t\t<\/div>\n\t\t\t\t\t\t\t\t<div class=\"tooltip-arrow\"><\/div>\n\t\t\t\t\t\t\t<\/div>\n\t\t\t\t\t\t<\/div>\n\t\t\t\t\t\n\t\t\t\t\t\t\t\t\t\t\t\t\t\t\t\t\t<div class=\"wd-post-reply wd-style-1\">\n\t\t\t\t\t\t\t<a href=\"https:\/\/desarrollocristiano.pe\/una-oracion-para-una-madre-que-esta-agotada\/#comments\"><span class=\"wd-replies-count\">1<\/span><\/a>\t\t\t\t\t\t<\/div>\n\t\t\t\t\t\t\t\t\t<\/div>\n\t\t\t\n\t\t\t\t\t\t\t\t\t\t\t\t<div class=\"wd-post-excerpt entry-content\">\n\t\t\t\t\t\t<div class=\"wpb-content-wrapper\"><div class=\"vc_row wpb_row vc_row-fluid\"><div class=\"wpb_column vc_column_container vc_col-sm-12\"><div class=\"vc_column-inner\"><div class=\"wpb_wrapper\">\n\t<div class=\"wpb_text_column wpb_content_element texto_parrafo text-larger\" >\n\t\t<div class=\"wpb_wrapper\">\n\t\t\t<p>Por: <b>\u200bChristina Fox<\/b><br \/>\nFuente: <a href=\"https:\/\/www.coalicionporelevangelio.org\/resenas\/oracion-para-una-madre-agotada\/\" target=\"_blank\" rel=\"noopener noreferrer\">Coalici\u00f3n por el Evangelio<\/a><\/p>\n<p>La maternidad es el mejor trabajo del mundo, y el trabajo m\u00e1s dif\u00edcil que me haya tocado hacer. Me ha llenado de gozo y me ha mostrado un nivel de amor que nunca hab\u00eda conocido. Tambi\u00e9n ha llevado mi mente, mi cuerpo y mis emociones al l\u00edmite. He sobrevivido con menos sue\u00f1o del que es humanamente posible. He aprendido m\u00e1s de lo que quisiera de insectos, de ciencia y de c\u00f3mo funcionan las m\u00e1quinas (tener un par de varones le hace eso a cualquiera). Las marcas f\u00edsicas puedan desvanecerse, pero hay marcas en mi coraz\u00f3n que quedar\u00e1n para siempre.<\/p>\n<p>Aunque el gozo es abundante, hay d\u00edas donde la maternidad me agota hasta los huesos. Hay veces que no estoy segura de si voy a aguantar hasta el final del d\u00eda. Cuando por fin llega la noche, mi cabeza se hunde en mi almohada, y no estoy segura de qu\u00e9 logr\u00e9 en todo el d\u00eda. Mi coraz\u00f3n suspira porque s\u00e9 que ma\u00f1ana probablemente sea igual.<\/p>\n<p>Como el trabajo nunca termina, s\u00e9 que me levantar\u00e9 ma\u00f1ana a una casa que arreglar y platos que lavar. Y por los estornudos que he estado escuchando, puedo ver una enfermedad que se avecina.<\/p>\n<p>Algunas temporadas se sienten m\u00e1s intensas que otras. Es f\u00e1cil sentirme desanimada luego de un ciclo sin fin de desastres, f\u00edsicos y emocionales. El gozo puede llegar a sentirse como algo del pasado y que est\u00e1 fuera de mi alcance. Podemos sentirnos aisladas y solas. Pudi\u00e9ramos poner en duda nuestras cualidades como madres o llegar a pensar que le hemos fallado a nuestros hijos.<\/p>\n<p>Es cierto: la maternidad es dif\u00edcil, y no podemos solas. Como dijo John Piper en su libro\u00a0 <a href=\"https:\/\/www.amazon.com\/Godward-Life-Savoring-Supremacy-ebook\/dp\/B00309SCT4\/?tag=thegospcoal-20\"><em>A Godward Life<\/em><\/a> <em>(Una vida que va hacia Dios): \u201cNecesito ayuda. Siempre. En todo. Me estoy enga\u00f1ando a m\u00ed mismo si creo que puedo moverme una pulgada sin la ayuda de Dios\u201d. <\/em>As\u00ed como no podemos vivir sin agua, no podemos hacer nada apartados de Cristo, incluyendo el ser madres. \u201cYo soy la vid, ustedes los sarmientos; el que permanece en M\u00ed y Yo en \u00e9l, \u00e9se da mucho fruto, porque separados de M\u00ed nada pueden hacer\u201d (<a class=\"rtBibleRef\" href=\"https:\/\/biblia.com\/bible\/nblh\/Juan%2015.5?culture=es\" target=\"_blank\" rel=\"noopener\" data-reference=\"Juan 15.5\" data-version=\"nblh\" data-purpose=\"bible-reference\">Juan 15:5<\/a>).<\/p>\n<p>En vez de nadar en un mar de culpabilidad o desear que la vida sea diferente, debemos ir a la Fuente de nuestra fuerza, gozo y paz. Debemos beber del agua viva que solo Cristo provee. All\u00ed encontraremos que las verdades del evangelio est\u00e1n siempre a nuestro alcance, siempre listas para refrescar, recordar y restaurar. Jes\u00fas muri\u00f3 para liberarnos de tratar de vivir por nuestra cuenta. \u00c9l vino a redimirnos de la esclavitud al pecado y a restaurar nuestra relaci\u00f3n con el Padre. \u00c9l enfrent\u00f3 toda tentaci\u00f3n y angustia que nosotros podamos enfrentar, pero a la vez vivi\u00f3 una vida sin pecado. La muerte no lo pudo contener, garantizando una futura resurrecci\u00f3n para todo el que conf\u00ede en Cristo.<\/p>\n<p>Cuando estas verdades saturen nuestra alma sedienta, encontraremos el alimento y la fuerza que desesperadamente necesitamos. Y es por Cristo que podemos venir ante el trono de la gracia para encontrar la ayuda que necesitamos (<a class=\"rtBibleRef\" href=\"https:\/\/biblia.com\/bible\/nblh\/Heb%204.16?culture=es\" target=\"_blank\" rel=\"noopener\" data-reference=\"Heb 4.16\" data-version=\"nblh\" data-purpose=\"bible-reference\">Hebreos 4:16<\/a>). Si t\u00fa, al igual que yo, te sientes agotada, esta oraci\u00f3n es para ti:<\/p>\n<p>*********************<\/p>\n<blockquote><p>\nAmado Padre que est\u00e1s en los cielos: Vengo a ti cansada y abatida en este d\u00eda tan largo. Ser una madre puede ser tan dif\u00edcil. Tantas veces me siento impotente e inadecuada. Una parte de m\u00ed se quiere quejar, pero entonces recuerdo hasta qu\u00e9 punto fuiste abatido y s\u00e9 que no puedo hablar. Recuerdo que eres el Var\u00f3n de Dolores y que entiendes qu\u00e9 tan dif\u00edcil puede ser la vida. Tambi\u00e9n recuerdo que T\u00fa guardas cada una de mis l\u00e1grimas y que te importan mis problemas, mis pruebas y mis temores.<\/p>\n<p>El libro de Hebreos me dice que puedo acercarme con confianza y encontrar la gracia y la misericordia que necesito. As\u00ed que vengo donde ti para entregar estas cargas a tus pies. Me siento sobrecogida por tantas cosas en mi vida. Siento como que nunca puedo avanzar. Desde que limpio un desorden por un lado, encuentro otro por otro lado. Algunos d\u00edas me pregunto si es que no estoy hecha para ser mam\u00e1. Yo s\u00e9 que hoy no te he glorificado como es debido. He fallado en amar como t\u00fa me amas. He fallado en extender a otros la gracia que me has extendido. Perd\u00f3name por luchar con mis propias fuerzas. Perd\u00f3name por no encontrar mi satisfacci\u00f3n completa solo en ti y estar busc\u00e1ndola en otro lugar.<\/p>\n<p>Cada una de estas fallas me recuerdan cu\u00e1nto necesito de un Salvador. El d\u00eda de hoy me recuerda que necesito a Jes\u00fas m\u00e1s de lo que lo necesit\u00e9 ayer, y ma\u00f1ana lo necesitar\u00e9 m\u00e1s todav\u00eda. Estoy tan agradecida de todo lo que me das. T\u00fa nunca te cansas ni desmayas. Aun mientras estoy dormida, T\u00fa sigues trabajando. Nada pasa fuera de tu conocimiento y voluntad. T\u00fa nunca est\u00e1s en el punto que no puedes aguantar m\u00e1s. Y el pozo de tu gracia nunca se seca. Por lo que Cristo hizo por m\u00ed, yo te pido que pongas en m\u00ed un coraz\u00f3n limpio. Renueva mi alma dentro de m\u00ed. Dame la fuerza del evangelio para cada d\u00eda. Abre mis ojos para que pueda ver tu mano obrando en los desastres de mi vida. S\u00e9 t\u00fa mi constante en medio de mis fluctuaciones. Mant\u00e9n al evangelio siempre delante de m\u00ed y hazlo realidad en mi vida como madre. Yo oro que ma\u00f1ana est\u00e9s conmigo en el medio del lodo y el fango de la maternidad. Ay\u00fadame a encontrar mi gozo en ti y no en mis circunstancias. Que yo pueda recordar que aun cuando no lo sienta, t\u00fa est\u00e1s conmigo, nunca me dejar\u00e1s ni me desampararas.<\/p>\n<p>Esta noche dormir\u00e9 en paz sabiendo que cuando yo no pueda m\u00e1s, tu me sostienes en tu mano. Y abrir\u00e9 mis ojos en la ma\u00f1ana encontrando misericordia, nueva y fresca, lista para m\u00ed.<\/p>\n<p>Es por Cristo y en Cristo que oro. Am\u00e9n.\n<\/p><\/blockquote>\n\n\t\t<\/div>\n\t<\/div>\n<\/div><\/div><\/div><\/div><div class=\"vc_row wpb_row vc_row-fluid vc_custom_1615074577655 vc_row-has-fill\"><div class=\"wpb_column vc_column_container vc_col-sm-12\"><div class=\"vc_column-inner\"><div class=\"wpb_wrapper\">\t\t\t<div class=\"info-box-wrapper inline-element\">\n\t\t\t\t<div id=\"wd-609306e5e8fef\" class=\" wd-rs-609306e5e8fef wd-info-box wd-wpb text-left box-icon-align-left box-style- color-scheme- wd-bg-none wd-items-top \">\n\t\t\t\t\t\t\t\t\t\t<div class=\"info-box-content\">\n\t\t\t\t\t\t<h4 class=\"info-box-title title box-title-style-default wd-fontsize-m\">Sobre la Autora...<\/h4>\t\t\t\t\t\t<div class=\"info-box-inner reset-last-child\"><p><strong>\u200bChristina Fox<\/strong> es una consejera, escritora y madre, no necesariamente en ese orden. Vive con su esposo y sus dos hijos en el sur de la Florida. Puedes leer sobre su caminar en la fe en <a title=\"\" href=\"http:\/\/toshowthemjesus.com\/\">su blog<\/a> y en <a title=\"\" href=\"https:\/\/www.facebook.com\/ToShowThemJesus\">Facebook<\/a>.<\/p>\n<\/div>\n\n\t\t\t\t\t\t\t\t\t\t\t<\/div>\n\n\t\t\t\t\t\n\t\t\t\t\t<style>#wd-609306e5e8fef .info-box-icon {background-color:  !important;}<\/style>\t\t\t\t<\/div>\n\t\t\t<\/div>\n\t\t<\/div><\/div><\/div><\/div>\n<\/div>\t\t\t\t\t<\/div>\n\t\t\t\t\n\t\t\t\t\t\t\t\t\t<\/div>\n\t<\/div>\n<\/article>\n\n\t\t\t\t\t\t\t\t\t\t\t\n<article id=\"post-59429\" class=\"wd-post blog-design-chess blog-post-loop blog-design-small-images blog-style-bg wd-add-shadow wd-col post-59429 post type-post status-publish format-standard has-post-thumbnail hentry category-edificacion-de-la-iglesia\">\n\t<div class=\"wd-post-inner article-inner\">\n\t\t\t\t\t<div class=\"wd-post-thumb entry-header\">\n\t\t\t\t\t\t\t\t\t<div class=\"wd-post-img post-img-wrapp\">\n\t\t\t\t\t\t<img width=\"320\" height=\"160\" src=\"https:\/\/desarrollocristiano.pe\/wp-content\/uploads\/2021\/04\/estudio-biblico-320x160.jpg\" class=\"attachment-large size-large\" alt=\"\" decoding=\"async\" loading=\"lazy\" srcset=\"https:\/\/desarrollocristiano.pe\/wp-content\/uploads\/2021\/04\/estudio-biblico-320x160.jpg 320w, https:\/\/desarrollocristiano.pe\/wp-content\/uploads\/2021\/04\/estudio-biblico-600x300.jpg 600w, https:\/\/desarrollocristiano.pe\/wp-content\/uploads\/2021\/04\/estudio-biblico-150x75.jpg 150w, https:\/\/desarrollocristiano.pe\/wp-content\/uploads\/2021\/04\/estudio-biblico.jpg 700w\" sizes=\"auto, (max-width: 320px) 100vw, 320px\" \/>\t\t\t\t\t<\/div>\n\t\t\t\t\t<a class=\"wd-fill\" href=\"https:\/\/desarrollocristiano.pe\/la-necesidad-del-estudio-biblico\/\"><\/a>\n\t\t\t\t\n\t\t\t\t\t\t\t\t\t\t\t\t<div class=\"wd-post-date wd-style-with-bg\">\n\t\t\t\t<span class=\"post-date-day\">\n\t\t\t\t\t30\t\t\t\t<\/span>\n\t\t\t\t<span class=\"post-date-month\">\n\t\t\t\t\tAbr\t\t\t\t<\/span>\n\t\t\t<\/div>\n\t\t\t\t\t\t\t\t\t<\/div>\n\t\t\n\t\t<div class=\"wd-post-content article-body-container\">\n\t\t\t\t\t\t\t<div class=\"wd-post-cat wd-style-with-bg meta-post-categories\">\n\t\t\t\t\t<a href=\"https:\/\/desarrollocristiano.pe\/categorias\/edificacion-de-la-iglesia\/\" rel=\"category tag\">Edificaci\u00f3n de la Iglesia<\/a>\t\t\t\t<\/div>\n\t\t\t\n\t\t\t\t\t\t\t<h3 class=\"wd-post-title wd-entities-title title post-title\">\n\t\t\t\t\t<a href=\"https:\/\/desarrollocristiano.pe\/la-necesidad-del-estudio-biblico\/\" rel=\"bookmark\">La necesidad del estudio b\u00edblico<\/a>\n\t\t\t\t<\/h3>\n\t\t\t\n\t\t\t\t\t\t\t<div class=\"wd-post-meta\">\n\t\t\t\t\t\t\t\t\t\t\t\t\t\t\t<div class=\"wd-post-author\">\n\t\t\t\t\t\t\t\t\t\t\t<span>Posteado por<\/span>\n\t\t\n\t\t\t\t\t<img alt='author-avatar' src='https:\/\/secure.gravatar.com\/avatar\/8f331515e2139e7ffacac78d5e21bc88ee625065cad5d063ef4da73b7cbcfc2d?s=18&#038;d=mm&#038;r=g' srcset='https:\/\/secure.gravatar.com\/avatar\/8f331515e2139e7ffacac78d5e21bc88ee625065cad5d063ef4da73b7cbcfc2d?s=36&#038;d=mm&#038;r=g 2x' class='avatar avatar-18 photo' height='18' width='18' loading='lazy' decoding='async'\/>\t\t\n\t\t\t\t\t<a href=\"https:\/\/desarrollocristiano.pe\/author\/aprnimda7720\/\" class=\"author\" rel=\"author\">Administrador<\/a>\n\t\t\t\t\t\t\t\t\t<\/div>\n\t\t\t\t\t<div class=\"wd-modified-date\">\n\t\t\t\t\t\t\t\t<time class=\"updated\" datetime=\"2021-04-30T20:22:52-05:00\">\n\t\t\t30\/04\/2021\t\t<\/time>\n\t\t\t\t\t\t\t<\/div>\n\n\t\t\t\t\t\t\t\t\t\t\t<div class=\"wd-post-share wd-tltp\">\n\t\t\t\t\t\t\t<div class=\"tooltip top\">\n\t\t\t\t\t\t\t\t<div class=\"tooltip-inner\">\n\t\t\t\t\t\t\t\t\t\t\t\t<div\n\t\t\t\t\t\tclass=\" wd-social-icons  wd-style-default wd-size-small social-share wd-shape-circle color-scheme-light text-center\">\n\t\t\t\t\n\t\t\t\t\n\t\t\t\t\t\t\t\t\t<a rel=\"noopener noreferrer nofollow\" href=\"https:\/\/www.facebook.com\/sharer\/sharer.php?u=https:\/\/desarrollocristiano.pe\/articulos-pastorales\/\" target=\"_blank\" class=\" wd-social-icon social-facebook\" aria-label=\"Facebook social link\">\n\t\t\t\t\t\t<span class=\"wd-icon\"><\/span>\n\t\t\t\t\t\t\t\t\t\t\t<\/a>\n\t\t\t\t\n\t\t\t\t\t\t\t\t\t<a rel=\"noopener noreferrer nofollow\" href=\"https:\/\/x.com\/share?url=https:\/\/desarrollocristiano.pe\/articulos-pastorales\/\" target=\"_blank\" class=\" wd-social-icon social-twitter\" aria-label=\"X social link\">\n\t\t\t\t\t\t<span class=\"wd-icon\"><\/span>\n\t\t\t\t\t\t\t\t\t\t\t<\/a>\n\t\t\t\t\n\t\t\t\t\n\t\t\t\t\t\t\t\t\t<a rel=\"noopener noreferrer nofollow\" href=\"mailto:?subject=Check%20this%20https:\/\/desarrollocristiano.pe\/articulos-pastorales\/\" target=\"_blank\" class=\" wd-social-icon social-email\" aria-label=\"Email social link\">\n\t\t\t\t\t\t<span class=\"wd-icon\"><\/span>\n\t\t\t\t\t\t\t\t\t\t\t<\/a>\n\t\t\t\t\n\t\t\t\t\n\t\t\t\t\n\t\t\t\t\n\t\t\t\t\t\t\t\t\t<a rel=\"noopener noreferrer nofollow\" href=\"https:\/\/pinterest.com\/pin\/create\/button\/?url=https:\/\/desarrollocristiano.pe\/articulos-pastorales\/&media=https:\/\/desarrollocristiano.pe\/wp-content\/uploads\/2021\/04\/estudio-biblico.jpg&description=La+necesidad+del+estudio+b%C3%ADblico\" target=\"_blank\" class=\" wd-social-icon social-pinterest\" aria-label=\"Pinterest social link\">\n\t\t\t\t\t\t<span class=\"wd-icon\"><\/span>\n\t\t\t\t\t\t\t\t\t\t\t<\/a>\n\t\t\t\t\n\t\t\t\t\n\t\t\t\t\t\t\t\t\t<a rel=\"noopener noreferrer nofollow\" href=\"https:\/\/www.linkedin.com\/shareArticle?mini=true&url=https:\/\/desarrollocristiano.pe\/articulos-pastorales\/\" target=\"_blank\" class=\" wd-social-icon social-linkedin\" aria-label=\"Linkedin social link\">\n\t\t\t\t\t\t<span class=\"wd-icon\"><\/span>\n\t\t\t\t\t\t\t\t\t\t\t<\/a>\n\t\t\t\t\n\t\t\t\t\n\t\t\t\t\n\t\t\t\t\n\t\t\t\t\n\t\t\t\t\n\t\t\t\t\n\t\t\t\t\n\t\t\t\t\n\t\t\t\t\t\t\t\t\t<a rel=\"noopener noreferrer nofollow\" href=\"https:\/\/api.whatsapp.com\/send?text=https%3A%2F%2Fdesarrollocristiano.pe%2Farticulos-pastorales%2F\" target=\"_blank\" class=\"wd-hide-md  wd-social-icon social-whatsapp\" aria-label=\"WhatsApp social link\">\n\t\t\t\t\t\t<span class=\"wd-icon\"><\/span>\n\t\t\t\t\t\t\t\t\t\t\t<\/a>\n\n\t\t\t\t\t<a rel=\"noopener noreferrer nofollow\" href=\"whatsapp:\/\/send?text=https%3A%2F%2Fdesarrollocristiano.pe%2Farticulos-pastorales%2F\" target=\"_blank\" class=\"wd-hide-lg  wd-social-icon social-whatsapp\" aria-label=\"WhatsApp social link\">\n\t\t\t\t\t\t<span class=\"wd-icon\"><\/span>\n\t\t\t\t\t\t\t\t\t\t\t<\/a>\n\t\t\t\t\n\t\t\t\t\n\t\t\t\t\n\t\t\t\t\n\t\t\t\t\n\t\t\t\t\n\t\t\t\t\t\t\t\t\t<a rel=\"noopener noreferrer nofollow\" href=\"https:\/\/telegram.me\/share\/url?url=https:\/\/desarrollocristiano.pe\/articulos-pastorales\/\" target=\"_blank\" class=\" wd-social-icon social-tg\" aria-label=\"Telegram social link\">\n\t\t\t\t\t\t<span class=\"wd-icon\"><\/span>\n\t\t\t\t\t\t\t\t\t\t\t<\/a>\n\t\t\t\t\n\t\t\t\t\n\t\t\t<\/div>\n\n\t\t\t\t\t\t\t\t\t\t<\/div>\n\t\t\t\t\t\t\t\t<div class=\"tooltip-arrow\"><\/div>\n\t\t\t\t\t\t\t<\/div>\n\t\t\t\t\t\t<\/div>\n\t\t\t\t\t\n\t\t\t\t\t\t\t\t\t\t\t\t\t\t\t\t\t<div class=\"wd-post-reply wd-style-1\">\n\t\t\t\t\t\t\t<a href=\"https:\/\/desarrollocristiano.pe\/la-necesidad-del-estudio-biblico\/#comments\"><span class=\"wd-replies-count\">1<\/span><\/a>\t\t\t\t\t\t<\/div>\n\t\t\t\t\t\t\t\t\t<\/div>\n\t\t\t\n\t\t\t\t\t\t\t\t\t\t\t\t<div class=\"wd-post-excerpt entry-content\">\n\t\t\t\t\t\t<div class=\"wpb-content-wrapper\"><div class=\"vc_row wpb_row vc_row-fluid\"><div class=\"wpb_column vc_column_container vc_col-sm-12\"><div class=\"vc_column-inner\"><div class=\"wpb_wrapper\">\n\t<div class=\"wpb_text_column wpb_content_element texto_parrafo text-larger\" >\n\t\t<div class=\"wpb_wrapper\">\n\t\t\t<p><strong><em>Para este articulo sobre <\/em><em>los desaf\u00edos para los pastores tenemos una entrevista con hermano Nicol\u00e1s Davies, un misionero quien colabora con Desarrollo Cristiano. Hermano, \u00bfes posible presentarse?<\/em><\/strong><\/p>\n<p><em>\u00a0<\/em>\u00a1Por supuesto! Me llamo Nicol\u00e1s Davies, y mi esposa Kysha y yo somos misioneros australianos ac\u00e1 en Per\u00fa. Trabajamos con una organizaci\u00f3n que brinda cursos teol\u00f3gicos a toda Latinoam\u00e9rica. <a href=\"https:\/\/moclam.org\/\" target=\"_blank\" rel=\"noopener\"><u>Se llama MOCLAM<\/u><\/a>. Y hemos tenido la bendici\u00f3n de colaborar con Desarrollo Cristiano\u00a0durante los \u00faltimos tres a\u00f1os.<\/p>\n<p><strong><em>Con todas las presiones y las necesidades que enfrentan los pastores, \u00bfQu\u00e9 es lo m\u00e1s olvidado?<\/em><\/strong><\/p>\n<p>Es verdad que los pastores tienen muchos desaf\u00edos y que cada semana hay una lista extensa de responsabilidades normales y eventos urgentes que luchan por su atenci\u00f3n. Esto ha sido especialmente verdad durante el \u00faltimo a\u00f1o de la pandemia. He hablado con varios pastores en apuros. Dan, dan y dan con toda dedicaci\u00f3n, por el amor que tienen por su gente, pero la pandemia ha tenido un efecto grave. Hacen malabares con la iglesia, su familia, su trabajo, y la necesidad de tener el culto por internet, por WhatsApp, o por transmisi\u00f3n de radio. Adem\u00e1s, \u00bfHay alguien que no haya perdido familia o consiervos? La carga en los hombros de los pastores es fuerte.<\/p>\n<p>Entonces, es razonable que dejen atr\u00e1s sus estudios b\u00edblicos, que considero como la necesidad m\u00e1s olvidada en este tiempo. No solo los de ellos, sino de sus l\u00edderes tambi\u00e9n.<\/p>\n<p><strong><em>\u00bfEstudios b\u00edblicos? Hablando de todos los desaf\u00edos que los pastores enfrentan en su ministerio \u00bfno ser\u00e1 que necesitan algo que les motive para seguir con las disciplinas espirituales, como un curso sobre la oraci\u00f3n, por ejemplo?<\/em><\/strong><\/p>\n<p>No hay duda alguna que los pastores necesitan la oraci\u00f3n. Pero no quiero distinguir tanto entre la vida espiritual de los pastores y la formaci\u00f3n b\u00edblica continua. Por toda la Biblia vemos la relaci\u00f3n \u00edntima entre el \u00e1nimo y la consolaci\u00f3n del Se\u00f1or, y su palabra. En Salmo 119 vers\u00edculo 52 el salmista declara \u201cMe acord\u00e9, oh Jehov\u00e1, de tus juicios antiguos,\u00a0y me consol\u00e9.\u201d En Juan 8, Jes\u00fas les advirti\u00f3 que sus disc\u00edpulos tienen que permanecer en su palabra, y en su segunda carta a Timoteo, Pablo le exhorta que fuera un obrero que usa bien la palabra de verdad. \u00a1Y Pablo escribi\u00f3 esto desde la c\u00e1rcel!<\/p>\n<p><strong><em>\u00bfEntonces los estudios b\u00edblicos de un pastor no compiten con las disciplinas espirituales?<\/em><\/strong><\/p>\n<p>En el sentido de ocupar parte de su d\u00eda que pudieran usar para orar o ayunar, claro que hay competencia. Pero en el sentido de que uno sea m\u00e1s importante que el otro, creo que no.<\/p>\n<p>No solo porque ser disc\u00edpulo de Jes\u00fas es profundizar en la palabra como expliqu\u00e9, sino porque para dar hay que llenarse. Ser un pastor es dar mucho a la gente de su iglesia. El pastor normalmente es la parada obligada para los que buscan a otro con quien puede llorar. Como dije antes, ser pastor es dar, dar, y dar. Pero cuando Pablo pidi\u00f3 que lloremos con los que lloran, es interesante ver que la raz\u00f3n de este amor en Romanos cap\u00edtulo 12 se basa en la teolog\u00eda profunda de Romanos cap\u00edtulos 1 al 11.<\/p>\n<p>Obviamente no quiero decir que con este pasaje Pablo manda que todos los pastores tengan que estudiar teolog\u00eda continuamente. Sin embargo, si la motivaci\u00f3n del amor de todos los cristianos es el conocimiento profundo de quien es Jes\u00fas y lo que ha hecho por nosotros (como lo desarrolla Pablo en la primera mitad de Romanos), con mayor raz\u00f3n a\u00fan para los pastores. Para alentar a los dem\u00e1s, sea en la pr\u00e9dica o en la conversaci\u00f3n pastoral, los pastores necesitan alentarse por un conocimiento profundo de la palabra.<\/p>\n<p>Por esta raz\u00f3n MOCLAM y Desarrollo Cristiano colaboramos: compartimos la misma visi\u00f3n de la importancia del estudio profundo y riguroso de la Biblia como parte fundamental a la obra del pastor.<\/p>\n<p><strong><em>Digo que esta necesidad de los estudios b\u00edblicos existe para los l\u00edderes tambi\u00e9n. Me imagino que, dado a que es dif\u00edcil encontrar tiempo para estudiar para un pastor, todav\u00eda es m\u00e1s dif\u00edcil que este mismo pastor encuentre el tiempo para formar a los l\u00edderes de esta manera tambi\u00e9n, \u00bfcierto?<\/em><\/strong><\/p>\n<p>Sin duda. Especialmente durante el \u00faltimo a\u00f1o tambi\u00e9n. Pero nuestro ejemplo es Pablo y Timoteo. A pesar de las dificultades en esa iglesia, en su segunda carta, Pablo quer\u00eda que Timoteo tambi\u00e9n se esforzara en encargar sus ense\u00f1anzas a hombres fieles para ense\u00f1ar a otros tambi\u00e9n.<\/p>\n<p>Es necesario tener el objetivo de capacitar a la pr\u00f3xima generaci\u00f3n, aunque esto puede ser dif\u00edcil dadas las circunstancias, pero necesitamos proclamar el evangelio de Cristo de nuevo en cada generaci\u00f3n.<\/p>\n<p>Y los pastores no tienen que &#8216;reinventar la rueda&#8217;, si me permite una expresi\u00f3n inglesa. Hay un mont\u00f3n de recursos excelentes para pastores que quieren tener la capacitaci\u00f3n o formaci\u00f3n para sus l\u00edderes, entonces no tienen que empezar desde cero. Hay muchos pastores que usan los recursos de Desarrollo Cristiano y los cursos de MOCLAM para ayudar con esto.<\/p>\n<p><strong><em>Entonces para terminar, \u00bfcomo quiere animar a los pastores?\u00a0<\/em><\/strong><\/p>\n<p>Nadie va a fingir que ser pastor es f\u00e1cil. Y hay muchos que tratan de no hundirse en este tiempo, haciendo lo que pueden, a veces sin mucho apoyo. Hermanos, Dios es nuestra fuerza y su Esp\u00edritu nos est\u00e1 transformando cada vez m\u00e1s como Jes\u00fas, d\u00eda a d\u00eda. Aunque sea poco y signifique el sacrificio de algo en una lista larga de cosas buenas, para continuar en la obra pastoral, hay que estudiar la palabra tanto como orar, y formar a los l\u00edderes. El autor de Hebreos retrata ricamente a Jes\u00fas en su carta con la meta de animar la fe de esa congregaci\u00f3n, \u201cMantengamos firme, sin fluctuar, la profesi\u00f3n de nuestra esperanza, porque fiel es el que prometi\u00f3.\u201d Que imitemos su ejemplo para alentar a nuestras congregaciones y preparar la pr\u00f3xima generaci\u00f3n.<\/p>\n<p><em>Nicol\u00e1s Davies ha contribuido una serie de art\u00edculos desarrollando temas que surgieron en esta conversaci\u00f3n. Puede ver los otros art\u00edculos en los siguientes enlaces.<\/em><\/p>\n<ul>\n<li><a href=\"https:\/\/desarrollocristiano.pe\/la-necesidad-del-estudio-biblico\/\">La necesidad del estudio b\u00edblico<\/a><\/li>\n<li><a href=\"https:\/\/desarrollocristiano.pe\/formacion-biblica-para-la-predica\/\">Formaci\u00f3n b\u00edblica para la predica.<\/a><\/li>\n<li><a href=\"https:\/\/desarrollocristiano.pe\/alentar-a-otros-por-la-palabra\/\">Alentar a otros por la Palabra<\/a><\/li>\n<li><a href=\"https:\/\/desarrollocristiano.pe\/formar-a-la-nueva-generacion\/\">Formar a la nueva generaci\u00f3n<\/a><\/li>\n<li><a href=\"https:\/\/desarrollocristiano.pe\/como-estudiar-en-moclam\/\">Como estudiar en MOCLAM<\/a><\/li>\n<\/ul>\n\n\t\t<\/div>\n\t<\/div>\n<\/div><\/div><\/div><\/div>\n<\/div>\t\t\t\t\t<\/div>\n\t\t\t\t\n\t\t\t\t\t\t\t\t\t<\/div>\n\t<\/div>\n<\/article>\n\n\t\t\t\t\t\t\t\t\t\t\t\n<article id=\"post-59434\" class=\"wd-post blog-design-chess blog-post-loop blog-design-small-images blog-style-bg wd-add-shadow wd-col post-59434 post type-post status-publish format-standard has-post-thumbnail hentry category-edificacion-de-la-iglesia\">\n\t<div class=\"wd-post-inner article-inner\">\n\t\t\t\t\t<div class=\"wd-post-thumb entry-header\">\n\t\t\t\t\t\t\t\t\t<div class=\"wd-post-img post-img-wrapp\">\n\t\t\t\t\t\t<img width=\"320\" height=\"160\" src=\"https:\/\/desarrollocristiano.pe\/wp-content\/uploads\/2021\/04\/predicacion-320x160.jpg\" class=\"attachment-large size-large\" alt=\"\" decoding=\"async\" loading=\"lazy\" srcset=\"https:\/\/desarrollocristiano.pe\/wp-content\/uploads\/2021\/04\/predicacion-320x160.jpg 320w, https:\/\/desarrollocristiano.pe\/wp-content\/uploads\/2021\/04\/predicacion-600x300.jpg 600w, https:\/\/desarrollocristiano.pe\/wp-content\/uploads\/2021\/04\/predicacion-150x75.jpg 150w, https:\/\/desarrollocristiano.pe\/wp-content\/uploads\/2021\/04\/predicacion.jpg 700w\" sizes=\"auto, (max-width: 320px) 100vw, 320px\" \/>\t\t\t\t\t<\/div>\n\t\t\t\t\t<a class=\"wd-fill\" href=\"https:\/\/desarrollocristiano.pe\/formacion-biblica-para-la-predica\/\"><\/a>\n\t\t\t\t\n\t\t\t\t\t\t\t\t\t\t\t\t<div class=\"wd-post-date wd-style-with-bg\">\n\t\t\t\t<span class=\"post-date-day\">\n\t\t\t\t\t29\t\t\t\t<\/span>\n\t\t\t\t<span class=\"post-date-month\">\n\t\t\t\t\tAbr\t\t\t\t<\/span>\n\t\t\t<\/div>\n\t\t\t\t\t\t\t\t\t<\/div>\n\t\t\n\t\t<div class=\"wd-post-content article-body-container\">\n\t\t\t\t\t\t\t<div class=\"wd-post-cat wd-style-with-bg meta-post-categories\">\n\t\t\t\t\t<a href=\"https:\/\/desarrollocristiano.pe\/categorias\/edificacion-de-la-iglesia\/\" rel=\"category tag\">Edificaci\u00f3n de la Iglesia<\/a>\t\t\t\t<\/div>\n\t\t\t\n\t\t\t\t\t\t\t<h3 class=\"wd-post-title wd-entities-title title post-title\">\n\t\t\t\t\t<a href=\"https:\/\/desarrollocristiano.pe\/formacion-biblica-para-la-predica\/\" rel=\"bookmark\">Formaci\u00f3n b\u00edblica para la predica<\/a>\n\t\t\t\t<\/h3>\n\t\t\t\n\t\t\t\t\t\t\t<div class=\"wd-post-meta\">\n\t\t\t\t\t\t\t\t\t\t\t\t\t\t\t<div class=\"wd-post-author\">\n\t\t\t\t\t\t\t\t\t\t\t<span>Posteado por<\/span>\n\t\t\n\t\t\t\t\t<img alt='author-avatar' src='https:\/\/secure.gravatar.com\/avatar\/8f331515e2139e7ffacac78d5e21bc88ee625065cad5d063ef4da73b7cbcfc2d?s=18&#038;d=mm&#038;r=g' srcset='https:\/\/secure.gravatar.com\/avatar\/8f331515e2139e7ffacac78d5e21bc88ee625065cad5d063ef4da73b7cbcfc2d?s=36&#038;d=mm&#038;r=g 2x' class='avatar avatar-18 photo' height='18' width='18' loading='lazy' decoding='async'\/>\t\t\n\t\t\t\t\t<a href=\"https:\/\/desarrollocristiano.pe\/author\/aprnimda7720\/\" class=\"author\" rel=\"author\">Administrador<\/a>\n\t\t\t\t\t\t\t\t\t<\/div>\n\t\t\t\t\t<div class=\"wd-modified-date\">\n\t\t\t\t\t\t\t\t<time class=\"updated\" datetime=\"2021-04-30T20:26:07-05:00\">\n\t\t\t30\/04\/2021\t\t<\/time>\n\t\t\t\t\t\t\t<\/div>\n\n\t\t\t\t\t\t\t\t\t\t\t<div class=\"wd-post-share wd-tltp\">\n\t\t\t\t\t\t\t<div class=\"tooltip top\">\n\t\t\t\t\t\t\t\t<div class=\"tooltip-inner\">\n\t\t\t\t\t\t\t\t\t\t\t\t<div\n\t\t\t\t\t\tclass=\" wd-social-icons  wd-style-default wd-size-small social-share wd-shape-circle color-scheme-light text-center\">\n\t\t\t\t\n\t\t\t\t\n\t\t\t\t\t\t\t\t\t<a rel=\"noopener noreferrer nofollow\" href=\"https:\/\/www.facebook.com\/sharer\/sharer.php?u=https:\/\/desarrollocristiano.pe\/articulos-pastorales\/\" target=\"_blank\" class=\" wd-social-icon social-facebook\" aria-label=\"Facebook social link\">\n\t\t\t\t\t\t<span class=\"wd-icon\"><\/span>\n\t\t\t\t\t\t\t\t\t\t\t<\/a>\n\t\t\t\t\n\t\t\t\t\t\t\t\t\t<a rel=\"noopener noreferrer nofollow\" href=\"https:\/\/x.com\/share?url=https:\/\/desarrollocristiano.pe\/articulos-pastorales\/\" target=\"_blank\" class=\" wd-social-icon social-twitter\" aria-label=\"X social link\">\n\t\t\t\t\t\t<span class=\"wd-icon\"><\/span>\n\t\t\t\t\t\t\t\t\t\t\t<\/a>\n\t\t\t\t\n\t\t\t\t\n\t\t\t\t\t\t\t\t\t<a rel=\"noopener noreferrer nofollow\" href=\"mailto:?subject=Check%20this%20https:\/\/desarrollocristiano.pe\/articulos-pastorales\/\" target=\"_blank\" class=\" wd-social-icon social-email\" aria-label=\"Email social link\">\n\t\t\t\t\t\t<span class=\"wd-icon\"><\/span>\n\t\t\t\t\t\t\t\t\t\t\t<\/a>\n\t\t\t\t\n\t\t\t\t\n\t\t\t\t\n\t\t\t\t\n\t\t\t\t\t\t\t\t\t<a rel=\"noopener noreferrer nofollow\" href=\"https:\/\/pinterest.com\/pin\/create\/button\/?url=https:\/\/desarrollocristiano.pe\/articulos-pastorales\/&media=https:\/\/desarrollocristiano.pe\/wp-content\/uploads\/2021\/04\/predicacion.jpg&description=Formaci%C3%B3n+b%C3%ADblica+para+la+predica\" target=\"_blank\" class=\" wd-social-icon social-pinterest\" aria-label=\"Pinterest social link\">\n\t\t\t\t\t\t<span class=\"wd-icon\"><\/span>\n\t\t\t\t\t\t\t\t\t\t\t<\/a>\n\t\t\t\t\n\t\t\t\t\n\t\t\t\t\t\t\t\t\t<a rel=\"noopener noreferrer nofollow\" href=\"https:\/\/www.linkedin.com\/shareArticle?mini=true&url=https:\/\/desarrollocristiano.pe\/articulos-pastorales\/\" target=\"_blank\" class=\" wd-social-icon social-linkedin\" aria-label=\"Linkedin social link\">\n\t\t\t\t\t\t<span class=\"wd-icon\"><\/span>\n\t\t\t\t\t\t\t\t\t\t\t<\/a>\n\t\t\t\t\n\t\t\t\t\n\t\t\t\t\n\t\t\t\t\n\t\t\t\t\n\t\t\t\t\n\t\t\t\t\n\t\t\t\t\n\t\t\t\t\n\t\t\t\t\t\t\t\t\t<a rel=\"noopener noreferrer nofollow\" href=\"https:\/\/api.whatsapp.com\/send?text=https%3A%2F%2Fdesarrollocristiano.pe%2Farticulos-pastorales%2F\" target=\"_blank\" class=\"wd-hide-md  wd-social-icon social-whatsapp\" aria-label=\"WhatsApp social link\">\n\t\t\t\t\t\t<span class=\"wd-icon\"><\/span>\n\t\t\t\t\t\t\t\t\t\t\t<\/a>\n\n\t\t\t\t\t<a rel=\"noopener noreferrer nofollow\" href=\"whatsapp:\/\/send?text=https%3A%2F%2Fdesarrollocristiano.pe%2Farticulos-pastorales%2F\" target=\"_blank\" class=\"wd-hide-lg  wd-social-icon social-whatsapp\" aria-label=\"WhatsApp social link\">\n\t\t\t\t\t\t<span class=\"wd-icon\"><\/span>\n\t\t\t\t\t\t\t\t\t\t\t<\/a>\n\t\t\t\t\n\t\t\t\t\n\t\t\t\t\n\t\t\t\t\n\t\t\t\t\n\t\t\t\t\n\t\t\t\t\t\t\t\t\t<a rel=\"noopener noreferrer nofollow\" href=\"https:\/\/telegram.me\/share\/url?url=https:\/\/desarrollocristiano.pe\/articulos-pastorales\/\" target=\"_blank\" class=\" wd-social-icon social-tg\" aria-label=\"Telegram social link\">\n\t\t\t\t\t\t<span class=\"wd-icon\"><\/span>\n\t\t\t\t\t\t\t\t\t\t\t<\/a>\n\t\t\t\t\n\t\t\t\t\n\t\t\t<\/div>\n\n\t\t\t\t\t\t\t\t\t\t<\/div>\n\t\t\t\t\t\t\t\t<div class=\"tooltip-arrow\"><\/div>\n\t\t\t\t\t\t\t<\/div>\n\t\t\t\t\t\t<\/div>\n\t\t\t\t\t\n\t\t\t\t\t\t\t\t\t\t\t\t\t\t\t\t\t<div class=\"wd-post-reply wd-style-1\">\n\t\t\t\t\t\t\t<a href=\"https:\/\/desarrollocristiano.pe\/formacion-biblica-para-la-predica\/#comments\"><span class=\"wd-replies-count\">1<\/span><\/a>\t\t\t\t\t\t<\/div>\n\t\t\t\t\t\t\t\t\t<\/div>\n\t\t\t\n\t\t\t\t\t\t\t\t\t\t\t\t<div class=\"wd-post-excerpt entry-content\">\n\t\t\t\t\t\t<div class=\"wpb-content-wrapper\"><div class=\"vc_row wpb_row vc_row-fluid\"><div class=\"wpb_column vc_column_container vc_col-sm-12\"><div class=\"vc_column-inner\"><div class=\"wpb_wrapper\">\n\t<div class=\"wpb_text_column wpb_content_element texto_parrafo text-larger\" >\n\t\t<div class=\"wpb_wrapper\">\n\t\t\t<p><em>En este art\u00edculo continuamos nuestra conversaci\u00f3n sobre la importancia de la formaci\u00f3n b\u00edblica, pensando especialmente en la predica. Si no ha le\u00eddo el art\u00edculo anterior, <u>puede leerlo ac\u00e1<\/u>.\u00a0\u00a0<\/em><\/p>\n<p><strong>\u00a0<em>\u00bfC\u00f3mo podemos reconocer una buena pr\u00e9dica?<\/em><\/strong><\/p>\n<p>Es una buena pregunta porque invertimos hasta diez o quince horas, quiz\u00e1s m\u00e1s, en su preparaci\u00f3n, entonces queremos saber que lo que resulta edifica la gente en la congregaci\u00f3n. Obviamente se puede evaluar una pr\u00e9dica en muchas maneras, pero para m\u00ed una pregunta \u00fatil es, \u201cal final del culto, cuando sale la congregaci\u00f3n para almorzar con la familia, \u00bfen que debe pensar como resultado de la predica?<\/p>\n<p>Obviamente queremos que Jes\u00fas est\u00e9 en la mente y los labios de la congregaci\u00f3n despu\u00e9s de escuchar nuestra predica. De todos modos, toda la Biblia habla de Jes\u00fas como vemos en la conversaci\u00f3n en el camino a Ema\u00fas en Lucas 24. \u201cY comenzando desde Mois\u00e9s, y siguiendo por todos los profetas, les declaraba en todas las Escrituras lo que de \u00e9l dec\u00edan.\u201d<\/p>\n<p>Mejorando lo que puedo decir, en su libro\u00a0<em>Comunicaci\u00f3n por medio de la Predicaci\u00f3n<\/em>\u00a0el pastor Orlando Costas enfatiza la necesidad de predicaci\u00f3n cristoc\u00e9ntrica.<\/p>\n<p><strong><em>\u201cLa predicaci\u00f3n es, finalmente, un acto din\u00e1mico en el cual Dios se dirige a hombres y mujeres fuera y dentro de su pueblo, para confrontarlos con las profundas implicaciones de su obra redentora en Cristo.\u201d<\/em><\/strong><\/p>\n<p>Vemos que el pastor subraya dos cosas:<\/p>\n<ul>\n<li>Que Dios usa la predicaci\u00f3n para comunicar a la iglesia y al mundo.<\/li>\n<li>Y que la predicaci\u00f3n es una proclamaci\u00f3n de lo que el Padre hace en el mundo a trav\u00e9s de la muerte redentora y la resurrecci\u00f3n de Jes\u00fas.<\/li>\n<\/ul>\n<p>&nbsp;<\/p>\n<p><strong><em>Y los dos son necesarios, \u00bfno?<\/em><\/strong><\/p>\n<p>\u00a1Claro que s\u00ed! No es que el formato de la pr\u00e9dica resuene m\u00edsticamente con las verdades de Dios m\u00e1s que la canci\u00f3n o un letrero. Lo que hace a una pr\u00e9dica una comunicaci\u00f3n de Dios al mundo es el contenido: el evangelio. La misi\u00f3n, la muerte, y la resurrecci\u00f3n de Jes\u00fas es el poder. Por esta proclamaci\u00f3n cristoc\u00e9ntrica, Dios nos confronta a nosotros y al mundo.<\/p>\n<p>De hecho, si seguimos esta l\u00f3gica, quiz\u00e1s podemos atrevernos a decir que una pr\u00e9dica que no es cristoc\u00e9ntrica no es una pr\u00e9dica. \u00a1Pero no quisiera poner palabras en la boca del pastor Orlando!<\/p>\n<p><strong><em>Creo que todos estar\u00edan de acuerdo con la importancia de que la pr\u00e9dica deber\u00eda ser cristoc\u00e9ntrica, es una imagen bonita que, al final del culto, la congregaci\u00f3n est\u00e9 pensando en Jes\u00fas, renovados para la semana que viene. Pero repetir el evangelio cada semana puede resultar en pr\u00e9dicas repetitivas sin mucha aplicaci\u00f3n.\u00a0<\/em><\/strong><\/p>\n<p>Si la pr\u00e9dica solo es un repaso del evangelio, entonces s\u00ed. Pero me acuerdo la observaci\u00f3n del director de mi seminario: \u201csi la pr\u00e9dica aburre o es repetitiva, es por la falta de estudio del texto b\u00edblico.\u201d<\/p>\n<p>Porque lo que es emocionante es que este \u00e9nfasis cristoc\u00e9ntrico nos ayuda a tener la aplicaci\u00f3n. La Biblia es una fuente que refleja la complejidad de la vida humana. Y por supuesto porque es la historia de Dios revel\u00e1ndose s\u00ed mismo y relacion\u00e1ndose con la humanidad en todos los altibajos de la vida, como parte de su plan de anular los efectos del pecado que nos contaminan. Si invertimos el esfuerzo, cavando en el pasaje, en su contexto &#8211; especialmente pensando en su conexi\u00f3n con Jes\u00fas \u2013 pues, \u00a1imag\u00ednese la iglesia con una dieta as\u00ed!<\/p>\n<p>La pr\u00e9dica cristoc\u00e9ntrica no solo levanta los corazones al entender mejor al Salvador, sino que abre la puerta para hacer real este mismo evangelio en la vida de los hermanos y las hermanas.<\/p>\n<p><strong><em>\u00bfUno resulta en el otro, entonces?<\/em><\/strong><\/p>\n<p>Vemos esto en la Biblia. En el Nuevo Testamento hay un patr\u00f3n general que muestra que la aplicaci\u00f3n siempre es resultado de la implicaci\u00f3n de la teolog\u00eda cristoc\u00e9ntrica. Vimos as\u00ed el ejemplo de Romanos en nuestra \u00faltima conversaci\u00f3n, \u00bfno? En los cap\u00edtulos 1 al 11 de la teolog\u00eda resaltando Cristo y la gracia, y los cap\u00edtulos 12 al 16 mostrando las implicaciones de esto en la vida de esta iglesia.<\/p>\n<p>Hay m\u00e1s. En Efesios Pablo elabora tres cap\u00edtulos explicando c\u00f3mo Jes\u00fas, resucitado y exaltado, reina con autoridad.\u00a0Escribe, \u201c\u2026el poder de su fuerza,\u00a0la cual oper\u00f3 en Cristo, resucit\u00e1ndole de los muertos y sent\u00e1ndole a su diestra\u00a0en los lugares celestiales,\u00a0sobre todo principado y autoridad y poder y se\u00f1or\u00edo\u2026\u201d(1:19-21)<\/p>\n<p>Y Pablo examina esta idea en estos tres cap\u00edtulos, conect\u00e1ndola con nuestra salvaci\u00f3n y uni\u00f3n con Cristo en un solo cuerpo. Solo despu\u00e9s de esta teolog\u00eda cristoc\u00e9ntrica profunda, llega Pablo a las implicaciones en el principio del cap\u00edtulo 4, \u201cYo pues, preso en el Se\u00f1or, os ruego que and\u00e9is como es digno de la vocaci\u00f3n con que fuisteis llamados\u2026\u201d, y luego explica la aplicaci\u00f3n de las verdades de los cap\u00edtulos 1 al 3 para las vidas de esta iglesia en los cap\u00edtulos 3 al 6.<\/p>\n<p>Pedro hace lo mismo, dentro del primer cap\u00edtulo en su primera carta, el ap\u00f3stol explica la esperanza viva que tenemos en Cristo (1:3-9), prometido de antemano por los profetas (1:10-12), y luego les anima a una vida de santidad (1:13-25), la frase \u2018por tanto\u2019 marca la relaci\u00f3n entre estos temas, \u201cpor tanto, ce\u00f1id los lomos de vuestro entendimiento, sed sobrios, y esperad por completo en la gracia que se os traer\u00e1 cuando Jesucristo sea manifestado\u201d (1:13)<\/p>\n<p>Para los autores b\u00edblicos es s\u00f3lo al proclamar como es Jes\u00fas en toda su profundidad que es posible entender las implicaciones para la vida diaria. La aplicaci\u00f3n rica sale de la exposici\u00f3n profunda de Cristo y su obra.<\/p>\n<p><strong><em>Es muy obvio que estas argumentando a favor del estudio b\u00edblico para la predica.\u00a0<\/em><\/strong><\/p>\n<p>S\u00ed. Predicar as\u00ed requiere el estudio continuo de la Biblia. Si tenemos la visi\u00f3n de que nuestra gente salga del culto reflexionando en la grandeza de todo lo que el Padre hace por Jes\u00fas y qu\u00e9 significa para sus vidas, entonces es necesario que nos profundicemos en el estudio b\u00edblico. Antiguo Testamento y Nuevo Testamento sistem\u00e1ticamente. Es necesario que veamos las partes de un libro en el contexto de todo el libro, y dentro del contexto m\u00e1s amplio de la historia de salvaci\u00f3n en Cristo. Es necesario que entendamos como un salmo es diferente que una carta. Es necesario pelearse con pasajes dif\u00edciles. Que Cristo sea grande en la vida de nuestra iglesia por nuestras predicas requiere el estudio cuidadoso, diligente, y humilde de la Biblia.<\/p>\n<p>Gracias a Dios, nos ha dado la gente en la comunidad global de Cristo de quien podemos aprender: en estos d\u00edas hay un mont\u00f3n de recursos. Para estudios m\u00e1s doctrinales, en Desarrollo Cristiano puede obtener el <a href=\"https:\/\/desarrollocristiano.pe\/curso-de-formacion-teologica-lacueva\/\" target=\"_blank\" rel=\"noopener\"><u>Curso de Formaci\u00f3n Teol\u00f3gica Evangelio por Francisco Lacueva<\/u><\/a>. Para estudiar el texto b\u00edblico voy a recomendar (\u00a1por supuesto!) <a href=\"https:\/\/moclam.org\/es\/el-programa\/\" target=\"_blank\" rel=\"noopener\"><u>los cursos de MOCLAM<\/u><\/a> que examinan libros de Biblia sistem\u00e1ticamente.<\/p>\n<p>La predicaci\u00f3n es un arte con muchos aspectos claves: la obra del Esp\u00edritu Santo, el car\u00e1cter y la vida del predicador, el testimonio personal. Pero si queremos participar realmente en este acto din\u00e1mico de Dios de confrontar a los hombres y mujeres con las profundas implicaciones de su obra redentora en Cristo, es necesario que cavemos en la palabra de Dios para que mostremos su luz desde el p\u00falpito. Y dado que la Palabra de Dios es m\u00e1s cortante que toda espada de dos filos, cuando muestra su luz, resaltando a Cristo, Dios cambia vidas.<\/p>\n<p><em>En el pr\u00f3ximo mes, vamos a continuar la conversaci\u00f3n por explorar como el estudio b\u00edblico ayuda en la obra pastoral de alentar y animar. <\/em><\/p>\n<p><em>Puede ver los dem\u00e1s art\u00edculos de este entrevista desde estos enlaces:<\/em><\/p>\n<ul>\n<li><a href=\"https:\/\/desarrollocristiano.pe\/la-necesidad-del-estudio-biblico\/\">La necesidad del estudio b\u00edblico<\/a><\/li>\n<li><a href=\"https:\/\/desarrollocristiano.pe\/formacion-biblica-para-la-predica\/\">Formaci\u00f3n b\u00edblica para la predica.<\/a><\/li>\n<li><a href=\"https:\/\/desarrollocristiano.pe\/alentar-a-otros-por-la-palabra\/\">Alentar a otros por la Palabra<\/a><\/li>\n<li><a href=\"https:\/\/desarrollocristiano.pe\/formar-a-la-nueva-generacion\/\">Formar a la nueva generaci\u00f3n<\/a><\/li>\n<li><a href=\"https:\/\/desarrollocristiano.pe\/como-estudiar-en-moclam\/\">Como estudiar en MOCLAM<\/a><\/li>\n<\/ul>\n<p><em>\u00a0<\/em><\/p>\n\n\t\t<\/div>\n\t<\/div>\n<\/div><\/div><\/div><\/div>\n<\/div>\t\t\t\t\t<\/div>\n\t\t\t\t\n\t\t\t\t\t\t\t\t\t<\/div>\n\t<\/div>\n<\/article>\n\n\t\t\t\t\t\t\t\t\t\t\t\n<article id=\"post-59440\" class=\"wd-post blog-design-chess blog-post-loop blog-design-small-images blog-style-bg wd-add-shadow wd-col post-59440 post type-post status-publish format-standard has-post-thumbnail hentry category-edificacion-de-la-iglesia\">\n\t<div class=\"wd-post-inner article-inner\">\n\t\t\t\t\t<div class=\"wd-post-thumb entry-header\">\n\t\t\t\t\t\t\t\t\t<div class=\"wd-post-img post-img-wrapp\">\n\t\t\t\t\t\t<img width=\"320\" height=\"160\" src=\"https:\/\/desarrollocristiano.pe\/wp-content\/uploads\/2021\/04\/alentar-ayudar-320x160.jpg\" class=\"attachment-large size-large\" alt=\"\" decoding=\"async\" loading=\"lazy\" srcset=\"https:\/\/desarrollocristiano.pe\/wp-content\/uploads\/2021\/04\/alentar-ayudar-320x160.jpg 320w, https:\/\/desarrollocristiano.pe\/wp-content\/uploads\/2021\/04\/alentar-ayudar-600x300.jpg 600w, https:\/\/desarrollocristiano.pe\/wp-content\/uploads\/2021\/04\/alentar-ayudar-150x75.jpg 150w, https:\/\/desarrollocristiano.pe\/wp-content\/uploads\/2021\/04\/alentar-ayudar.jpg 700w\" sizes=\"auto, (max-width: 320px) 100vw, 320px\" \/>\t\t\t\t\t<\/div>\n\t\t\t\t\t<a class=\"wd-fill\" href=\"https:\/\/desarrollocristiano.pe\/alentar-a-otros-por-la-palabra\/\"><\/a>\n\t\t\t\t\n\t\t\t\t\t\t\t\t\t\t\t\t<div class=\"wd-post-date wd-style-with-bg\">\n\t\t\t\t<span class=\"post-date-day\">\n\t\t\t\t\t28\t\t\t\t<\/span>\n\t\t\t\t<span class=\"post-date-month\">\n\t\t\t\t\tAbr\t\t\t\t<\/span>\n\t\t\t<\/div>\n\t\t\t\t\t\t\t\t\t<\/div>\n\t\t\n\t\t<div class=\"wd-post-content article-body-container\">\n\t\t\t\t\t\t\t<div class=\"wd-post-cat wd-style-with-bg meta-post-categories\">\n\t\t\t\t\t<a href=\"https:\/\/desarrollocristiano.pe\/categorias\/edificacion-de-la-iglesia\/\" rel=\"category tag\">Edificaci\u00f3n de la Iglesia<\/a>\t\t\t\t<\/div>\n\t\t\t\n\t\t\t\t\t\t\t<h3 class=\"wd-post-title wd-entities-title title post-title\">\n\t\t\t\t\t<a href=\"https:\/\/desarrollocristiano.pe\/alentar-a-otros-por-la-palabra\/\" rel=\"bookmark\">Alentar a otros por la Palabra<\/a>\n\t\t\t\t<\/h3>\n\t\t\t\n\t\t\t\t\t\t\t<div class=\"wd-post-meta\">\n\t\t\t\t\t\t\t\t\t\t\t\t\t\t\t<div class=\"wd-post-author\">\n\t\t\t\t\t\t\t\t\t\t\t<span>Posteado por<\/span>\n\t\t\n\t\t\t\t\t<img alt='author-avatar' src='https:\/\/secure.gravatar.com\/avatar\/8f331515e2139e7ffacac78d5e21bc88ee625065cad5d063ef4da73b7cbcfc2d?s=18&#038;d=mm&#038;r=g' srcset='https:\/\/secure.gravatar.com\/avatar\/8f331515e2139e7ffacac78d5e21bc88ee625065cad5d063ef4da73b7cbcfc2d?s=36&#038;d=mm&#038;r=g 2x' class='avatar avatar-18 photo' height='18' width='18' loading='lazy' decoding='async'\/>\t\t\n\t\t\t\t\t<a href=\"https:\/\/desarrollocristiano.pe\/author\/aprnimda7720\/\" class=\"author\" rel=\"author\">Administrador<\/a>\n\t\t\t\t\t\t\t\t\t<\/div>\n\t\t\t\t\t<div class=\"wd-modified-date\">\n\t\t\t\t\t\t\t\t<time class=\"updated\" datetime=\"2021-04-30T20:25:46-05:00\">\n\t\t\t30\/04\/2021\t\t<\/time>\n\t\t\t\t\t\t\t<\/div>\n\n\t\t\t\t\t\t\t\t\t\t\t<div class=\"wd-post-share wd-tltp\">\n\t\t\t\t\t\t\t<div class=\"tooltip top\">\n\t\t\t\t\t\t\t\t<div class=\"tooltip-inner\">\n\t\t\t\t\t\t\t\t\t\t\t\t<div\n\t\t\t\t\t\tclass=\" wd-social-icons  wd-style-default wd-size-small social-share wd-shape-circle color-scheme-light text-center\">\n\t\t\t\t\n\t\t\t\t\n\t\t\t\t\t\t\t\t\t<a rel=\"noopener noreferrer nofollow\" href=\"https:\/\/www.facebook.com\/sharer\/sharer.php?u=https:\/\/desarrollocristiano.pe\/articulos-pastorales\/\" target=\"_blank\" class=\" wd-social-icon social-facebook\" aria-label=\"Facebook social link\">\n\t\t\t\t\t\t<span class=\"wd-icon\"><\/span>\n\t\t\t\t\t\t\t\t\t\t\t<\/a>\n\t\t\t\t\n\t\t\t\t\t\t\t\t\t<a rel=\"noopener noreferrer nofollow\" href=\"https:\/\/x.com\/share?url=https:\/\/desarrollocristiano.pe\/articulos-pastorales\/\" target=\"_blank\" class=\" wd-social-icon social-twitter\" aria-label=\"X social link\">\n\t\t\t\t\t\t<span class=\"wd-icon\"><\/span>\n\t\t\t\t\t\t\t\t\t\t\t<\/a>\n\t\t\t\t\n\t\t\t\t\n\t\t\t\t\t\t\t\t\t<a rel=\"noopener noreferrer nofollow\" href=\"mailto:?subject=Check%20this%20https:\/\/desarrollocristiano.pe\/articulos-pastorales\/\" target=\"_blank\" class=\" wd-social-icon social-email\" aria-label=\"Email social link\">\n\t\t\t\t\t\t<span class=\"wd-icon\"><\/span>\n\t\t\t\t\t\t\t\t\t\t\t<\/a>\n\t\t\t\t\n\t\t\t\t\n\t\t\t\t\n\t\t\t\t\n\t\t\t\t\t\t\t\t\t<a rel=\"noopener noreferrer nofollow\" href=\"https:\/\/pinterest.com\/pin\/create\/button\/?url=https:\/\/desarrollocristiano.pe\/articulos-pastorales\/&media=https:\/\/desarrollocristiano.pe\/wp-content\/uploads\/2021\/04\/alentar-ayudar.jpg&description=Alentar+a+otros+por+la+Palabra\" target=\"_blank\" class=\" wd-social-icon social-pinterest\" aria-label=\"Pinterest social link\">\n\t\t\t\t\t\t<span class=\"wd-icon\"><\/span>\n\t\t\t\t\t\t\t\t\t\t\t<\/a>\n\t\t\t\t\n\t\t\t\t\n\t\t\t\t\t\t\t\t\t<a rel=\"noopener noreferrer nofollow\" href=\"https:\/\/www.linkedin.com\/shareArticle?mini=true&url=https:\/\/desarrollocristiano.pe\/articulos-pastorales\/\" target=\"_blank\" class=\" wd-social-icon social-linkedin\" aria-label=\"Linkedin social link\">\n\t\t\t\t\t\t<span class=\"wd-icon\"><\/span>\n\t\t\t\t\t\t\t\t\t\t\t<\/a>\n\t\t\t\t\n\t\t\t\t\n\t\t\t\t\n\t\t\t\t\n\t\t\t\t\n\t\t\t\t\n\t\t\t\t\n\t\t\t\t\n\t\t\t\t\n\t\t\t\t\t\t\t\t\t<a rel=\"noopener noreferrer nofollow\" href=\"https:\/\/api.whatsapp.com\/send?text=https%3A%2F%2Fdesarrollocristiano.pe%2Farticulos-pastorales%2F\" target=\"_blank\" class=\"wd-hide-md  wd-social-icon social-whatsapp\" aria-label=\"WhatsApp social link\">\n\t\t\t\t\t\t<span class=\"wd-icon\"><\/span>\n\t\t\t\t\t\t\t\t\t\t\t<\/a>\n\n\t\t\t\t\t<a rel=\"noopener noreferrer nofollow\" href=\"whatsapp:\/\/send?text=https%3A%2F%2Fdesarrollocristiano.pe%2Farticulos-pastorales%2F\" target=\"_blank\" class=\"wd-hide-lg  wd-social-icon social-whatsapp\" aria-label=\"WhatsApp social link\">\n\t\t\t\t\t\t<span class=\"wd-icon\"><\/span>\n\t\t\t\t\t\t\t\t\t\t\t<\/a>\n\t\t\t\t\n\t\t\t\t\n\t\t\t\t\n\t\t\t\t\n\t\t\t\t\n\t\t\t\t\n\t\t\t\t\t\t\t\t\t<a rel=\"noopener noreferrer nofollow\" href=\"https:\/\/telegram.me\/share\/url?url=https:\/\/desarrollocristiano.pe\/articulos-pastorales\/\" target=\"_blank\" class=\" wd-social-icon social-tg\" aria-label=\"Telegram social link\">\n\t\t\t\t\t\t<span class=\"wd-icon\"><\/span>\n\t\t\t\t\t\t\t\t\t\t\t<\/a>\n\t\t\t\t\n\t\t\t\t\n\t\t\t<\/div>\n\n\t\t\t\t\t\t\t\t\t\t<\/div>\n\t\t\t\t\t\t\t\t<div class=\"tooltip-arrow\"><\/div>\n\t\t\t\t\t\t\t<\/div>\n\t\t\t\t\t\t<\/div>\n\t\t\t\t\t\n\t\t\t\t\t\t\t\t\t\t\t\t\t\t\t\t\t<div class=\"wd-post-reply wd-style-1\">\n\t\t\t\t\t\t\t<a href=\"https:\/\/desarrollocristiano.pe\/alentar-a-otros-por-la-palabra\/#respond\"><span class=\"wd-replies-count\">0<\/span><\/a>\t\t\t\t\t\t<\/div>\n\t\t\t\t\t\t\t\t\t<\/div>\n\t\t\t\n\t\t\t\t\t\t\t\t\t\t\t\t<div class=\"wd-post-excerpt entry-content\">\n\t\t\t\t\t\t<div class=\"wpb-content-wrapper\"><div class=\"vc_row wpb_row vc_row-fluid\"><div class=\"wpb_column vc_column_container vc_col-sm-12\"><div class=\"vc_column-inner\"><div class=\"wpb_wrapper\">\n\t<div class=\"wpb_text_column wpb_content_element texto_parrafo text-larger\" >\n\t\t<div class=\"wpb_wrapper\">\n\t\t\t<p><em>Continuando la conversaci\u00f3n sobre la formaci\u00f3n b\u00edblica, hablamos de su uso para animar a los hermanos.<\/em><\/p>\n<p><strong><em>\u00a0<\/em><em>En mi Biblia, y creo que en las de muchos, hay una lista de vers\u00edculos para varios problemas y dificultades que enfrentamos. Como una concordancia de pasajes pastorales. \u2018Si esta triste, lea Juan 16:33\u2019, por ejemplo. Si me permite una pregunta capciosa, esto es suficiente, \u00bfno? \u00bfQu\u00e9 puede contribuir m\u00e1s la formaci\u00f3n b\u00edblica al tema de alentar a los otros?<\/em><\/strong><\/p>\n<p>Pues, \u00a1nunca quisiera negar la utilidad de estas listas! En los momentos dif\u00edciles de la vida poder encontrar un pasaje para fortalecernos es una bendici\u00f3n, como una venda en el momento de una herida.<\/p>\n<p>Pero como pastores y l\u00edderes sabemos que la variedad de problemas y dificultades que enfrentan la gente son m\u00faltiples, \u00bfno? Entonces esperamos que nuestra gente tenga sus ra\u00edces profundamente en lo que Dios nos ha revelado en las Escrituras para que aguanten las tormentas, no que sigan coloc\u00e1ndose solo vendas, momificados con vers\u00edculos individuales. Como dice el salmista en 119:28, \u201cSe deshace mi alma de ansiedad; Sust\u00e9ntame seg\u00fan tu palabra.\u201d<\/p>\n<p>Sabemos que la Biblia habla del rango completo de la experiencia humana en todos sus altibajos, y si vamos a aplicar estas riquezas para animar y fortalecer a nuestra gente, necesitamos estudiarlo. Cada libro de la Biblia tiene una contribuci\u00f3n a la obra de alentar si tenemos la paciencia y el cuidado. Como observ\u00f3 el Dr. Dominick Hern\u00e1ndez, el director del programa hisp\u00e1nico de Southern Baptist Theological Seminary, \u201cLa importancia de Romanos y G\u00e1latas es completamente igual a la de Lev\u00edtico y N\u00fameros. Estudiar y aplicar toda la Palabra de Dios nos hace poner en pr\u00e1ctica lo que decimos creer acerca de la autoridad b\u00edblica.\u201d<\/p>\n<p><strong><em>Entonces un ejemplo ser\u00eda que podemos usar las historias de las mujeres inf\u00e9rtiles en la Biblia, como Ana, como un recurso para nuestras hermanas que enfrentan este mismo desaf\u00edo, \u00bfno?<\/em><\/strong><\/p>\n<p>Esto tiene su papel. Pero con estas riquezas pastorales que la Biblia nos da, viene tambi\u00e9n la responsabilidad de no imponer en nuestra gente una carga il\u00edcita.<\/p>\n<p><strong><em>\u00bf\u201cUna carga il\u00edcita\u201d? \u00bfEn que sentido?<\/em><\/strong><\/p>\n<p>La carga del legalismo, especialmente a los que est\u00e1n pasando por desaf\u00edos. En este ejemplo de imitar a Ana nos arriesgamos al aconsejar a una persona que su respuesta a las dificultades sea depender de sus propios esfuerzos en vez de mirar a Jes\u00fas. Es decir, si no tenemos cuidado, podemos decir a una pareja quien ha intentado tener hijos sin \u00e9xito por muchos a\u00f1os que necesitan ser m\u00e1s como Ana, mostrando m\u00e1s dedicaci\u00f3n en la oraci\u00f3n. En otras palabras, les damos como una f\u00f3rmula: \u201cAna hizo esto, entonces ustedes tambi\u00e9n.\u201d<\/p>\n<p>Pero, vemos en la canci\u00f3n de alegr\u00eda de Ana en 1 Samuel 2 que Ana sab\u00eda que su embarazo no fue para ella, sino para Israel, un hecho enfatizado en la \u00faltima frase del vers\u00edculo 11. En el contexto, aquel hijo &#8211; dado en el tiempo de apostas\u00eda de aquella \u00e9poca &#8211; iba a hacer volver a Israel al Se\u00f1or. Obviamente, Jes\u00fas es el cumplimiento al embarazo de Ana, no nosotros. El Esp\u00edritu no quiere que usemos las Escrituras para animar la confianza en nuestros propios esfuerzos y dedicaci\u00f3n, sino en Cristo.\u00a0 La carga il\u00edcita es alentar a la gente con un legalismo de buenas intenciones, en vez de recordarles quienes son en Cristo y las bendiciones que hemos recibido por \u00e9l.<\/p>\n<p>Para hacer esto necesitamos estudiar toda la Biblia, invirtiendo tiempo en la interpretaci\u00f3n que resalta a Jes\u00fas primero. Y con esta conexi\u00f3n con Cristo y la gracia establecida, podemos reflexionar en el car\u00e1cter de Dios, visto tambi\u00e9n en Jes\u00fas, con respecto a la tristeza y la frustraci\u00f3n de la infertilidad. Tambi\u00e9n podemos reflexionar en la naturaleza humana a la luz de la mancha del pecado y de la encarnaci\u00f3n que afirma nuestra naturaleza. Adem\u00e1s, podemos aconsejar sobre la infertilidad sobre la base de la gracia que tenemos en la cruz, y la esperanza de la nueva creaci\u00f3n.<\/p>\n<p><strong><em>Si puedo resumir todo esto, quiere decir que la formaci\u00f3n b\u00edblica le da a un pastor herramientas mas amplias para animar su gente en dificultades.<\/em><\/strong><\/p>\n<p>\u201cM\u00e1s amplias\u201d en el sentido, primero, de ser herramientas Cristoc\u00e9ntricas\u00a0 basadas en la gracia, no las obras.\u00a0 Y segundo, en el sentido de que el uso Cristoc\u00e9ntrico abre m\u00e1s de la Biblia a las situaciones pastorales. El libro de Rut no es solo para mujeres, sino para varones tambi\u00e9n. Las historias de Saulo son tanto para mujeres como para varones.<\/p>\n<p>Y hasta este punto hemos hablado sobre la formaci\u00f3n b\u00edblica para alentar en una forma reactiva. Pero no queremos olvidar su papel preventivo tambi\u00e9n. Si predicamos sistem\u00e1ticamente por todas partes de la Biblia, con un ojo abierto a las riquezas pastorales que hay, podemos armar nuestra gente con un banco de conocimiento b\u00edblico al que podemos referir para animarlos en sus momentos de dificultad. Les podemos decir \u201c\u00bfSe acuerdan lo que vimos en la historia de Ana?\u201d<\/p>\n<p>No s\u00e9 usted, pero mi impresi\u00f3n del salmo 119 es que el sustento de la Palabra de Dios que pidi\u00f3 el salmista no es nada ligero. \u00a1Sustentar es comida que llena para continuar, de todos modos! Y si puedo continuar esta met\u00e1fora, para preparar esta comida sustanciosa para alentar, hay que preparar con los estudios cuidadosos de la Biblia.<\/p>\n<p><em>En el pr\u00f3ximo mes, vamos a explorar el rol del estudio b\u00edblico en la formaci\u00f3n de los l\u00edderes futuros de la iglesia.<\/em><\/p>\n<p><em>Puede ver los dem\u00e1s art\u00edculos de este entrevista desde estos enlaces:<\/em><\/p>\n<ul>\n<li><a href=\"https:\/\/desarrollocristiano.pe\/la-necesidad-del-estudio-biblico\/\">La necesidad del estudio b\u00edblico<\/a><\/li>\n<li><a href=\"https:\/\/desarrollocristiano.pe\/formacion-biblica-para-la-predica\/\">Formaci\u00f3n b\u00edblica para la predica.<\/a><\/li>\n<li><a href=\"https:\/\/desarrollocristiano.pe\/alentar-a-otros-por-la-palabra\/\">Alentar a otros por la Palabra<\/a><\/li>\n<li><a href=\"https:\/\/desarrollocristiano.pe\/formar-a-la-nueva-generacion\/\">Formar a la nueva generaci\u00f3n<\/a><\/li>\n<li><a href=\"https:\/\/desarrollocristiano.pe\/como-estudiar-en-moclam\/\">Como estudiar en MOCLAM<\/a><\/li>\n<\/ul>\n<p><em>\u00a0<\/em><\/p>\n\n\t\t<\/div>\n\t<\/div>\n<\/div><\/div><\/div><\/div>\n<\/div>\t\t\t\t\t<\/div>\n\t\t\t\t\n\t\t\t\t\t\t\t\t\t<\/div>\n\t<\/div>\n<\/article>\n\n\t\t\t\t\t\n\t\t\t\t\t","status":"have-posts","nextPage":"https:\/\/desarrollocristiano.pe\/articulos-pastorales\/page\/7\/?woo_ajax=1","currentPage":"https:\/\/desarrollocristiano.pe\/articulos-pastorales\/page\/6"}