
			
				

					
				

			
		{"items":"\n\t\t\t\t\t\t\t\t\t\t\t\t\t\t<link rel=\"stylesheet\" id=\"wd-post-types-mod-categories-style-bg-css\" href=\"https:\/\/desarrollocristiano.pe\/wp-content\/themes\/woodmart\/css\/parts\/post-types-mod-categories-style-bg.min.css?ver=8.2.7\" type=\"text\/css\" media=\"all\" \/> \t\t\t\n<article id=\"post-59777\" class=\"wd-post blog-design-chess blog-post-loop blog-design-small-images blog-style-bg wd-add-shadow wd-col post-59777 post type-post status-publish format-standard has-post-thumbnail hentry category-vida-cristiana\">\n\t<div class=\"wd-post-inner article-inner\">\n\t\t\t\t\t<div class=\"wd-post-thumb entry-header\">\n\t\t\t\t\t\t\t\t\t<div class=\"wd-post-img post-img-wrapp\">\n\t\t\t\t\t\t<img width=\"320\" height=\"160\" src=\"https:\/\/desarrollocristiano.pe\/wp-content\/uploads\/2021\/10\/oracion-320x160.jpg\" class=\"attachment-large size-large\" alt=\"\" decoding=\"async\" fetchpriority=\"high\" srcset=\"https:\/\/desarrollocristiano.pe\/wp-content\/uploads\/2021\/10\/oracion-320x160.jpg 320w, https:\/\/desarrollocristiano.pe\/wp-content\/uploads\/2021\/10\/oracion-600x300.jpg 600w, https:\/\/desarrollocristiano.pe\/wp-content\/uploads\/2021\/10\/oracion-150x75.jpg 150w, https:\/\/desarrollocristiano.pe\/wp-content\/uploads\/2021\/10\/oracion-400x200.jpg 400w, https:\/\/desarrollocristiano.pe\/wp-content\/uploads\/2021\/10\/oracion.jpg 700w\" sizes=\"(max-width: 320px) 100vw, 320px\" \/>\t\t\t\t\t<\/div>\n\t\t\t\t\t<a class=\"wd-fill\" href=\"https:\/\/desarrollocristiano.pe\/las-cuatro-partes-de-la-oracion\/\"><\/a>\n\t\t\t\t\n\t\t\t\t\t\t\t\t\t\t\t\t<link rel=\"stylesheet\" id=\"wd-post-types-mod-date-style-bg-css\" href=\"https:\/\/desarrollocristiano.pe\/wp-content\/themes\/woodmart\/css\/parts\/post-types-mod-date-style-bg.min.css?ver=8.2.7\" type=\"text\/css\" media=\"all\" \/> \t\t\t\t\t\t<div class=\"wd-post-date wd-style-with-bg\">\n\t\t\t\t<span class=\"post-date-day\">\n\t\t\t\t\t16\t\t\t\t<\/span>\n\t\t\t\t<span class=\"post-date-month\">\n\t\t\t\t\tOct\t\t\t\t<\/span>\n\t\t\t<\/div>\n\t\t\t\t\t\t\t\t\t<\/div>\n\t\t\n\t\t<div class=\"wd-post-content article-body-container\">\n\t\t\t\t\t\t\t<div class=\"wd-post-cat wd-style-with-bg meta-post-categories\">\n\t\t\t\t\t<a href=\"https:\/\/desarrollocristiano.pe\/categorias\/vida-cristiana\/\" rel=\"category tag\">Vida Cristiana<\/a>\t\t\t\t<\/div>\n\t\t\t\n\t\t\t\t\t\t\t<h3 class=\"wd-post-title wd-entities-title title post-title\">\n\t\t\t\t\t<a href=\"https:\/\/desarrollocristiano.pe\/las-cuatro-partes-de-la-oracion\/\" rel=\"bookmark\">Las cuatro partes de la Oraci\u00f3n<\/a>\n\t\t\t\t<\/h3>\n\t\t\t\n\t\t\t\t\t\t\t<div class=\"wd-post-meta\">\n\t\t\t\t\t\t\t\t\t\t\t\t\t<link rel=\"stylesheet\" id=\"wd-blog-mod-author-css\" href=\"https:\/\/desarrollocristiano.pe\/wp-content\/themes\/woodmart\/css\/parts\/blog-mod-author.min.css?ver=8.2.7\" type=\"text\/css\" media=\"all\" \/> \t\t\t\t\t\t\t\t<div class=\"wd-post-author\">\n\t\t\t\t\t\t\t\t\t\t\t<span>Posteado por<\/span>\n\t\t\n\t\t\t\t\t<img alt='author-avatar' src='https:\/\/secure.gravatar.com\/avatar\/8f331515e2139e7ffacac78d5e21bc88ee625065cad5d063ef4da73b7cbcfc2d?s=18&#038;d=mm&#038;r=g' srcset='https:\/\/secure.gravatar.com\/avatar\/8f331515e2139e7ffacac78d5e21bc88ee625065cad5d063ef4da73b7cbcfc2d?s=36&#038;d=mm&#038;r=g 2x' class='avatar avatar-18 photo' height='18' width='18' decoding='async'\/>\t\t\n\t\t\t\t\t<a href=\"https:\/\/desarrollocristiano.pe\/author\/aprnimda7720\/\" class=\"author\" rel=\"author\">Administrador<\/a>\n\t\t\t\t\t\t\t\t\t<\/div>\n\t\t\t\t\t<div class=\"wd-modified-date\">\n\t\t\t\t\t\t\t\t<time class=\"updated\" datetime=\"2021-10-15T17:18:54-05:00\">\n\t\t\t15\/10\/2021\t\t<\/time>\n\t\t\t\t\t\t\t<\/div>\n\n\t\t\t\t\t\t\t\t\t\t\t<div class=\"wd-post-share wd-tltp\">\n\t\t\t\t\t\t\t<div class=\"tooltip top\">\n\t\t\t\t\t\t\t\t<div class=\"tooltip-inner\">\n\t\t\t\t\t\t\t\t\t\t\t\t<link rel=\"stylesheet\" id=\"wd-social-icons-css\" href=\"https:\/\/desarrollocristiano.pe\/wp-content\/themes\/woodmart\/css\/parts\/el-social-icons.min.css?ver=8.2.7\" type=\"text\/css\" media=\"all\" \/> \t\t\t\t\t\t<div\n\t\t\t\t\t\tclass=\" wd-social-icons  wd-style-default wd-size-small social-share wd-shape-circle color-scheme-light text-center\">\n\t\t\t\t\n\t\t\t\t\n\t\t\t\t\t\t\t\t\t<a rel=\"noopener noreferrer nofollow\" href=\"https:\/\/www.facebook.com\/sharer\/sharer.php?u=https:\/\/desarrollocristiano.pe\/articulos-pastorales\/\" target=\"_blank\" class=\" wd-social-icon social-facebook\" aria-label=\"Facebook social link\">\n\t\t\t\t\t\t<span class=\"wd-icon\"><\/span>\n\t\t\t\t\t\t\t\t\t\t\t<\/a>\n\t\t\t\t\n\t\t\t\t\t\t\t\t\t<a rel=\"noopener noreferrer nofollow\" href=\"https:\/\/x.com\/share?url=https:\/\/desarrollocristiano.pe\/articulos-pastorales\/\" target=\"_blank\" class=\" wd-social-icon social-twitter\" aria-label=\"X social link\">\n\t\t\t\t\t\t<span class=\"wd-icon\"><\/span>\n\t\t\t\t\t\t\t\t\t\t\t<\/a>\n\t\t\t\t\n\t\t\t\t\n\t\t\t\t\t\t\t\t\t<a rel=\"noopener noreferrer nofollow\" href=\"mailto:?subject=Check%20this%20https:\/\/desarrollocristiano.pe\/articulos-pastorales\/\" target=\"_blank\" class=\" wd-social-icon social-email\" aria-label=\"Email social link\">\n\t\t\t\t\t\t<span class=\"wd-icon\"><\/span>\n\t\t\t\t\t\t\t\t\t\t\t<\/a>\n\t\t\t\t\n\t\t\t\t\n\t\t\t\t\n\t\t\t\t\n\t\t\t\t\t\t\t\t\t<a rel=\"noopener noreferrer nofollow\" href=\"https:\/\/pinterest.com\/pin\/create\/button\/?url=https:\/\/desarrollocristiano.pe\/articulos-pastorales\/&media=https:\/\/desarrollocristiano.pe\/wp-content\/uploads\/2021\/10\/oracion.jpg&description=Las+cuatro+partes+de+la+Oraci%C3%B3n\" target=\"_blank\" class=\" wd-social-icon social-pinterest\" aria-label=\"Pinterest social link\">\n\t\t\t\t\t\t<span class=\"wd-icon\"><\/span>\n\t\t\t\t\t\t\t\t\t\t\t<\/a>\n\t\t\t\t\n\t\t\t\t\n\t\t\t\t\t\t\t\t\t<a rel=\"noopener noreferrer nofollow\" href=\"https:\/\/www.linkedin.com\/shareArticle?mini=true&url=https:\/\/desarrollocristiano.pe\/articulos-pastorales\/\" target=\"_blank\" class=\" wd-social-icon social-linkedin\" aria-label=\"Linkedin social link\">\n\t\t\t\t\t\t<span class=\"wd-icon\"><\/span>\n\t\t\t\t\t\t\t\t\t\t\t<\/a>\n\t\t\t\t\n\t\t\t\t\n\t\t\t\t\n\t\t\t\t\n\t\t\t\t\n\t\t\t\t\n\t\t\t\t\n\t\t\t\t\n\t\t\t\t\n\t\t\t\t\t\t\t\t\t<a rel=\"noopener noreferrer nofollow\" href=\"https:\/\/api.whatsapp.com\/send?text=https%3A%2F%2Fdesarrollocristiano.pe%2Farticulos-pastorales%2F\" target=\"_blank\" class=\"wd-hide-md  wd-social-icon social-whatsapp\" aria-label=\"WhatsApp social link\">\n\t\t\t\t\t\t<span class=\"wd-icon\"><\/span>\n\t\t\t\t\t\t\t\t\t\t\t<\/a>\n\n\t\t\t\t\t<a rel=\"noopener noreferrer nofollow\" href=\"whatsapp:\/\/send?text=https%3A%2F%2Fdesarrollocristiano.pe%2Farticulos-pastorales%2F\" target=\"_blank\" class=\"wd-hide-lg  wd-social-icon social-whatsapp\" aria-label=\"WhatsApp social link\">\n\t\t\t\t\t\t<span class=\"wd-icon\"><\/span>\n\t\t\t\t\t\t\t\t\t\t\t<\/a>\n\t\t\t\t\n\t\t\t\t\n\t\t\t\t\n\t\t\t\t\n\t\t\t\t\n\t\t\t\t\n\t\t\t\t\t\t\t\t\t<a rel=\"noopener noreferrer nofollow\" href=\"https:\/\/telegram.me\/share\/url?url=https:\/\/desarrollocristiano.pe\/articulos-pastorales\/\" target=\"_blank\" class=\" wd-social-icon social-tg\" aria-label=\"Telegram social link\">\n\t\t\t\t\t\t<span class=\"wd-icon\"><\/span>\n\t\t\t\t\t\t\t\t\t\t\t<\/a>\n\t\t\t\t\n\t\t\t\t\n\t\t\t<\/div>\n\n\t\t\t\t\t\t\t\t\t\t<\/div>\n\t\t\t\t\t\t\t\t<div class=\"tooltip-arrow\"><\/div>\n\t\t\t\t\t\t\t<\/div>\n\t\t\t\t\t\t<\/div>\n\t\t\t\t\t\n\t\t\t\t\t\t\t\t\t\t\t\t\t\t<link rel=\"stylesheet\" id=\"wd-blog-mod-comments-button-css\" href=\"https:\/\/desarrollocristiano.pe\/wp-content\/themes\/woodmart\/css\/parts\/blog-mod-comments-button.min.css?ver=8.2.7\" type=\"text\/css\" media=\"all\" \/> \t\t\t\t\t\t\t\t\t<div class=\"wd-post-reply wd-style-1\">\n\t\t\t\t\t\t\t<a href=\"https:\/\/desarrollocristiano.pe\/las-cuatro-partes-de-la-oracion\/#respond\"><span class=\"wd-replies-count\">0<\/span><\/a>\t\t\t\t\t\t<\/div>\n\t\t\t\t\t\t\t\t\t<\/div>\n\t\t\t\n\t\t\t\t\t\t\t\t\t\t\t\t<div class=\"wd-post-excerpt entry-content\">\n\t\t\t\t\t\t<div class=\"wpb-content-wrapper\"><div class=\"vc_row wpb_row vc_row-fluid\"><div class=\"wpb_column vc_column_container vc_col-sm-12\"><div class=\"vc_column-inner\"><div class=\"wpb_wrapper\">\n\t<div class=\"wpb_text_column wpb_content_element texto_parrafo text-larger\" >\n\t\t<div class=\"wpb_wrapper\">\n\t\t\t<p>Por: <b>J.I. Packer<\/b><br \/>\nFuente: <a href=\"https:\/\/semperreformandaperu.org\/2018\/06\/09\/las-cuatro-partes-de-la-oracion-por-j-i-packer\/\" target=\"_blank\" rel=\"noopener noreferrer\">Blog Teolog\u00eda para Vivir<\/a><\/p>\n<p><strong>LA ORACI\u00d3N<\/strong>: LOS CRISTIANOS PRACTICAN LA COMUNI\u00d3N CON DIOS<\/p>\n<p><em>\u00a0Y les dijo: cuando or\u00e9is, decid: Padre nuestro que est\u00e1s en los cielos, santificado sea tu nombre. Venga tu reino. H\u00e1gase tu voluntad, como en el cielo, as\u00ed tambi\u00e9n en la tierra. El pan nuestro de cada d\u00eda, d\u00e1noslo hoy. Y perd\u00f3nanos nuestros pecados, porque tambi\u00e9n nosotros perdonamos a todos los que nos deben. Y no nos metas en tentaci\u00f3n, mas l\u00edbranos del mal.<\/em>Lucas 11:2\u20134<\/p>\n<p>Dios nos hizo y nos ha redimido para que tengamos comuni\u00f3n con \u00c9l, y eso es la oraci\u00f3n. Dios nos habla en el contenido de la Biblia y a trav\u00e9s de \u00e9l; su Santo Esp\u00edritu lo abre para nosotros y nos lo aplica, capacit\u00e1ndonos para comprenderlo. Nosotros le hablamos a Dios entonces acerca de \u00c9l mismo, de nosotros y de la gente de su mundo, d\u00e1ndole a lo que decimos la forma de respuesta a lo que \u00c9l ha dicho. Esta forma \u00fanica de conversaci\u00f3n en ambos sentidos contin\u00faa mientras perdura la vida.<\/p>\n<p><strong>Las cuatro partes de la oraci\u00f3n.<\/strong><\/p>\n<p>La Biblia ense\u00f1a y ejemplifica la oraci\u00f3n como una actividad cu\u00e1druple que han de realizar los miembros del pueblo de Dios de manera individual, tanto en privado (Mateo 6:5\u20138) como en mutua compa\u00f1\u00eda (Hechos 1:14; 4:24). Debemos:<\/p>\n<ol>\n<li>Expresar adoraci\u00f3n y alabanza;<\/li>\n<li>Debemos hacer una contrita confesi\u00f3n del pecado y buscar el perd\u00f3n;<\/li>\n<li>Hemos de manifestar gratitud por los beneficios recibidos,<\/li>\n<li>Hemos de expresar peticiones y s\u00faplicas, tanto por nosotros como por los dem\u00e1s.<\/li>\n<\/ol>\n<p>El Padrenuestro (Mateo 6:9\u201313; Lucas 11:2\u20134) manifiesta adoraci\u00f3n, petici\u00f3n y confesi\u00f3n; el Salterio contiene modelos de los cuatro elementos de la oraci\u00f3n.<\/p>\n<p><strong><em>Mateo 6:9\u201313\u00a0<\/em><\/strong><em>Vosotros, pues, orar\u00e9is as\u00ed: Padre nuestro que est\u00e1s en los cielos, santificado sea tu nombre. Venga tu reino. H\u00e1gase tu voluntad, como en el cielo, as\u00ed tambi\u00e9n en la tierra. El pan nuestro de cada d\u00eda, d\u00e1noslo hoy. Y perd\u00f3nanos nuestras deudas, como tambi\u00e9n nosotros perdonamos a nuestros deudores. Y no nos metas en tentaci\u00f3n, mas l\u00edbranos del mal; porque tuyo es el reino, y el poder, y la gloria, por todos los siglos. Am\u00e9n.<\/em><\/p>\n<p>La petici\u00f3n, en la cual la persona que ora reconoce con humildad su necesidad y expresa su confianza total en que Dios la atender\u00e1, usando sus recursos soberanos de sabidur\u00eda y bondad, es la dimensi\u00f3n de la oraci\u00f3n que se destaca con mayor constancia en la Biblia (por ejemplo, G\u00e9nesis 18:16\u201333; \u00c9xodo 32:3133:17; Esdras 9:5\u201315; Nehem\u00edas 1:5\u201311; 4:4\u20135, 9;6:9. 14; Daniel 9:4\u201319; Juan 17; Santiago 5:16\u201318; Mateo 7:7\u201311; Juan 16:23\u201324;Efesios 6:18\u201320; 1 Juan 5:14\u201316. La petici\u00f3n, junto con las otras formas de oraci\u00f3n, debe ir dirigida de ordinario al Padre, como nos muestra el Padrenuestro, pero se puede clamar a Cristo para pedir salvaci\u00f3n y sanidad, como en los d\u00edas de su carne (Romanos 10:8\u201313; 2 Corintios 12:7\u20139), y al Esp\u00edritu Santo para pedirle gracia y paz (Apocalipsis 1:4). No es posible que sea incorrecto presentarle nuestras peticiones a Dios como uno y trino, o solicitar una bendici\u00f3n espiritual de cualquiera de las tres Personas, pero es prudente seguir la pauta marcada por el Nuevo Testamento.<\/p>\n<p><strong>Oraci\u00f3n en el Nombre de Cristo Jes\u00fas.<\/strong><\/p>\n<p>Jes\u00fas ense\u00f1a que las peticiones al Padre se han de hacer en su nombre (Juan 14:13\u201314; 15:16; 16:23\u201324). Esto significa que invocamos su mediaci\u00f3n, como el que nos consigue el acceso al Padre, y buscamos su apoyo, como intercesor nuestro en la presencia del Padre. No obstante, s\u00f3lo podemos buscar apoyo en \u00c9l cuando pedimos de acuerdo con la voluntad revelada de Dios (1 Juan 5:14) y nuestros propios motivos para pedir son correctos (Santiago 4:3).<\/p>\n<p>Jes\u00fas ense\u00f1a que es correcto que presionemos a Dios con fervorosa insistencia cuando le presentamos nuestras necesidades (Lucas 11:5\u201313; 18:1\u20138), y que \u00c9l va a responder una oraci\u00f3n as\u00ed de manera positiva. Sin embargo, debemos recordar que Dios, quien sabe lo que es mejor de una forma que nosotros no lo sabemos, nos puede negar nuestra petici\u00f3n concreta en cuanto a la forma en que se van a satisfacer las necesidades. Con todo, si lo hace, es porque tiene algo mejor que darnos, que aquello que le hemos pedido, como era el caso cuando Cristo le negaba a Pablo la sanidad con respecto al aguij\u00f3n en su carne (2 Corintios 12:7\u20139). Decir \u201cH\u00e1gase tu voluntad\u201d, rindiendo la preferencia que hemos expresado a la sabidur\u00eda del Padre, tal como hizo Jes\u00fas en Getseman\u00ed (Mateo 26:39\u201344) es la forma m\u00e1s expl\u00edcita de expresar fe en la bondad de lo que Dios tiene planificado.<\/p>\n<p>No hay tensi\u00f3n ni falta de coherencia entre la ense\u00f1anza de las Escrituras sobre la preordenaci\u00f3n soberana de todas las cosas por Dios y la relacionada con la eficacia de la oraci\u00f3n. Dios preordena tanto los medios como el fin, y nuestra oraci\u00f3n ha sido preordenada como el medio a trav\u00e9s del cual \u00c9l hace que se cumpla su soberana voluntad.<\/p>\n<p><strong><em>Mateo 26:39\u201344\u00a0<\/em><\/strong><em>Yendo un poco adelante, se postr\u00f3 sobre su rostro, orando y diciendo: Padre m\u00edo, si es posible, pase de m\u00ed esta copa; pero no sea como yo quiero, sino como t\u00fa. Vino luego a sus disc\u00edpulos, y los hall\u00f3 durmiendo, y dijo a Pedro: \u00bfAs\u00ed que no hab\u00e9is podido velar conmigo una hora? Velad y orad, para que no entr\u00e9is en tentaci\u00f3n; el esp\u00edritu a la verdad est\u00e1 dispuesto, pero la carne es d\u00e9bil. Otra vez fue, y or\u00f3 por segunda vez, diciendo: Padre m\u00edo, si no puede pasar de m\u00ed esta copa sin que yo la beba, h\u00e1gase tu voluntad. Vino otra vez y los hall\u00f3 durmiendo, porque los ojos de ellos estaban cargados de sue\u00f1o. Y dej\u00e1ndolos, se fue de nuevo, y or\u00f3 por tercera vez, diciendo las mismas palabras.<\/em><\/p>\n<p><strong>Conclusi\u00f3n.<\/strong><\/p>\n<p>Los cristianos que oran con sinceridad, con reverencia y humildad, con la sensaci\u00f3n de que son privilegiados y con un coraz\u00f3n puro (es decir, purificado, penitente), encuentran dentro de s\u00ed un instinto filial puesto all\u00ed por el Esp\u00edritu que los impulsa a dirigir su oraci\u00f3n al Padre celestial y a confiar en \u00c9l (G\u00e1latas 4:6; Romanos 8:15), as\u00ed como un anhelo de orar que supera su incertidumbre sobre los pensamientos que deben expresar (Romanos 8:26\u201327). La misteriosa realidad de la ayuda del Esp\u00edritu Santo en la oraci\u00f3n s\u00f3lo llega a ser conocida por los que realmente oran.<a name=\"_ftnref1\"><\/a><a href=\"https:\/\/518979d0-f1ba-4b64-8f7e-49a2ac5d3071\/#_ftn1\"><sup>[1]<\/sup><\/a><\/p>\n<p>Tomado de:\u00a0J. I. Packer,\u00a0<em>Teolog<\/em><em>\u0131<\/em><em>\u0301a Concisa: Una Gu<\/em><em>\u0131<\/em><em>\u0301a a Las Creencias Del Cristianismo Hist<\/em><em>\u00f3<\/em><em>rico<\/em>\u00a0(Miami, FL: Editorial Unilit, 1998), 195-197.<\/p>\n\n\t\t<\/div>\n\t<\/div>\n<\/div><\/div><\/div><\/div><div class=\"vc_row wpb_row vc_row-fluid vc_custom_1615074577655 vc_row-has-fill\"><div class=\"wpb_column vc_column_container vc_col-sm-12\"><div class=\"vc_column-inner\"><div class=\"wpb_wrapper\">\t\t\t<link rel=\"stylesheet\" id=\"wd-info-box-css\" href=\"https:\/\/desarrollocristiano.pe\/wp-content\/themes\/woodmart\/css\/parts\/el-info-box.min.css?ver=8.2.7\" type=\"text\/css\" media=\"all\" \/> \t\t\t\t\t\t<div class=\"info-box-wrapper inline-element\">\n\t\t\t\t<div id=\"wd-6169fc9a41c28\" class=\" wd-rs-6169fc9a41c28 wd-info-box wd-wpb text-left box-icon-align-left box-style- color-scheme- wd-bg-none wd-items-top \">\n\t\t\t\t\t\t\t\t\t\t\t<div class=\"box-icon-wrapper  box-with-icon box-icon-with-border\">\n\t\t\t\t\t\t\t<div class=\"info-box-icon\">\n\n\t\t\t\t\t\t\t\n\t\t\t\t\t\t\t\t\t\t\t\t\t\t\t\t\t<img decoding=\"async\" width=\"100\" height=\"100\" src=\"https:\/\/desarrollocristiano.pe\/wp-content\/uploads\/2021\/10\/pic_full_packer_ji-100x100.jpg\" class=\"attachment-100x100 size-100x100\" alt=\"J I Packer\" \/>\t\t\t\t\t\t\t\t\t\t\t\t\t\t\t\n\t\t\t\t\t\t\t<\/div>\n\t\t\t\t\t\t<\/div>\n\t\t\t\t\t\t\t\t\t\t<div class=\"info-box-content\">\n\t\t\t\t\t\t<h4 class=\"info-box-title title box-title-style-default wd-fontsize-m\">Sobre el autor...<\/h4>\t\t\t\t\t\t<div class=\"info-box-inner reset-last-child\"><p><strong>James Innell Packer, J.I. Packer<\/strong>(1926-), es un teologo ingles, perteneciente a la Iglesia Anglicana. Ha servido como profesor de Teologia en \u2018Regent College\u2019 en Canada. Es considerado como uno de los Teologos de mayor influencia en el siglo XX, y quiz\u00e1 de todos los tiempos. Realizo estudios en la Universidad de Oxford (MA, PhD). Fue profesor de Griego en el Seminario anglicano \u2018Oak Hill\u2019 en Londres, antes de ser profesor en \u2018Regents\u2019. Ha escrito decenas de libros entre los cuales se cuenta:\u00a0<em>\u201cUna b\u00fasqueda de la piedad: La vision puritana de la vida cristiana\u201d, \u201cConociendo a Dios\u201d, \u201cLa vida en el Esp\u00edritu\u201d, \u201cAfirmado el credo de los Ap\u00f3stoles\u201d<\/em>, entre muchos otros.<\/p>\n<\/div>\n\n\t\t\t\t\t\t\t\t\t\t\t<\/div>\n\n\t\t\t\t\t\n\t\t\t\t\t<style>#wd-6169fc9a41c28 .info-box-icon {background-color:  !important;}<\/style>\t\t\t\t<\/div>\n\t\t\t<\/div>\n\t\t<\/div><\/div><\/div><\/div>\n<\/div>\t\t\t\t\t<\/div>\n\t\t\t\t\n\t\t\t\t\t\t\t\t\t<\/div>\n\t<\/div>\n<\/article>\n\n\t\t\t\t\t\t\t\t\t\t\t\n<article id=\"post-59770\" class=\"wd-post blog-design-chess blog-post-loop blog-design-small-images blog-style-bg wd-add-shadow wd-col post-59770 post type-post status-publish format-standard has-post-thumbnail hentry category-liderazgo\">\n\t<div class=\"wd-post-inner article-inner\">\n\t\t\t\t\t<div class=\"wd-post-thumb entry-header\">\n\t\t\t\t\t\t\t\t\t<div class=\"wd-post-img post-img-wrapp\">\n\t\t\t\t\t\t<img width=\"320\" height=\"160\" src=\"https:\/\/desarrollocristiano.pe\/wp-content\/uploads\/2021\/10\/huellas-320x160.jpg\" class=\"attachment-large size-large\" alt=\"\" decoding=\"async\" loading=\"lazy\" srcset=\"https:\/\/desarrollocristiano.pe\/wp-content\/uploads\/2021\/10\/huellas-320x160.jpg 320w, https:\/\/desarrollocristiano.pe\/wp-content\/uploads\/2021\/10\/huellas-600x300.jpg 600w, https:\/\/desarrollocristiano.pe\/wp-content\/uploads\/2021\/10\/huellas-150x75.jpg 150w, https:\/\/desarrollocristiano.pe\/wp-content\/uploads\/2021\/10\/huellas-400x200.jpg 400w, https:\/\/desarrollocristiano.pe\/wp-content\/uploads\/2021\/10\/huellas.jpg 700w\" sizes=\"auto, (max-width: 320px) 100vw, 320px\" \/>\t\t\t\t\t<\/div>\n\t\t\t\t\t<a class=\"wd-fill\" href=\"https:\/\/desarrollocristiano.pe\/llena-tu-cuerno\/\"><\/a>\n\t\t\t\t\n\t\t\t\t\t\t\t\t\t\t\t\t<div class=\"wd-post-date wd-style-with-bg\">\n\t\t\t\t<span class=\"post-date-day\">\n\t\t\t\t\t09\t\t\t\t<\/span>\n\t\t\t\t<span class=\"post-date-month\">\n\t\t\t\t\tOct\t\t\t\t<\/span>\n\t\t\t<\/div>\n\t\t\t\t\t\t\t\t\t<\/div>\n\t\t\n\t\t<div class=\"wd-post-content article-body-container\">\n\t\t\t\t\t\t\t<div class=\"wd-post-cat wd-style-with-bg meta-post-categories\">\n\t\t\t\t\t<a href=\"https:\/\/desarrollocristiano.pe\/categorias\/liderazgo\/\" rel=\"category tag\">Liderazgo<\/a>\t\t\t\t<\/div>\n\t\t\t\n\t\t\t\t\t\t\t<h3 class=\"wd-post-title wd-entities-title title post-title\">\n\t\t\t\t\t<a href=\"https:\/\/desarrollocristiano.pe\/llena-tu-cuerno\/\" rel=\"bookmark\">LLENA TU CUERNO<\/a>\n\t\t\t\t<\/h3>\n\t\t\t\n\t\t\t\t\t\t\t<div class=\"wd-post-meta\">\n\t\t\t\t\t\t\t\t\t\t\t\t\t\t\t<div class=\"wd-post-author\">\n\t\t\t\t\t\t\t\t\t\t\t<span>Posteado por<\/span>\n\t\t\n\t\t\t\t\t<img alt='author-avatar' src='https:\/\/secure.gravatar.com\/avatar\/8f331515e2139e7ffacac78d5e21bc88ee625065cad5d063ef4da73b7cbcfc2d?s=18&#038;d=mm&#038;r=g' srcset='https:\/\/secure.gravatar.com\/avatar\/8f331515e2139e7ffacac78d5e21bc88ee625065cad5d063ef4da73b7cbcfc2d?s=36&#038;d=mm&#038;r=g 2x' class='avatar avatar-18 photo' height='18' width='18' loading='lazy' decoding='async'\/>\t\t\n\t\t\t\t\t<a href=\"https:\/\/desarrollocristiano.pe\/author\/aprnimda7720\/\" class=\"author\" rel=\"author\">Administrador<\/a>\n\t\t\t\t\t\t\t\t\t<\/div>\n\t\t\t\t\t<div class=\"wd-modified-date\">\n\t\t\t\t\t\t\t\t<time class=\"updated\" datetime=\"2021-10-07T19:35:55-05:00\">\n\t\t\t07\/10\/2021\t\t<\/time>\n\t\t\t\t\t\t\t<\/div>\n\n\t\t\t\t\t\t\t\t\t\t\t<div class=\"wd-post-share wd-tltp\">\n\t\t\t\t\t\t\t<div class=\"tooltip top\">\n\t\t\t\t\t\t\t\t<div class=\"tooltip-inner\">\n\t\t\t\t\t\t\t\t\t\t\t\t<div\n\t\t\t\t\t\tclass=\" wd-social-icons  wd-style-default wd-size-small social-share wd-shape-circle color-scheme-light text-center\">\n\t\t\t\t\n\t\t\t\t\n\t\t\t\t\t\t\t\t\t<a rel=\"noopener noreferrer nofollow\" href=\"https:\/\/www.facebook.com\/sharer\/sharer.php?u=https:\/\/desarrollocristiano.pe\/articulos-pastorales\/\" target=\"_blank\" class=\" wd-social-icon social-facebook\" aria-label=\"Facebook social link\">\n\t\t\t\t\t\t<span class=\"wd-icon\"><\/span>\n\t\t\t\t\t\t\t\t\t\t\t<\/a>\n\t\t\t\t\n\t\t\t\t\t\t\t\t\t<a rel=\"noopener noreferrer nofollow\" href=\"https:\/\/x.com\/share?url=https:\/\/desarrollocristiano.pe\/articulos-pastorales\/\" target=\"_blank\" class=\" wd-social-icon social-twitter\" aria-label=\"X social link\">\n\t\t\t\t\t\t<span class=\"wd-icon\"><\/span>\n\t\t\t\t\t\t\t\t\t\t\t<\/a>\n\t\t\t\t\n\t\t\t\t\n\t\t\t\t\t\t\t\t\t<a rel=\"noopener noreferrer nofollow\" href=\"mailto:?subject=Check%20this%20https:\/\/desarrollocristiano.pe\/articulos-pastorales\/\" target=\"_blank\" class=\" wd-social-icon social-email\" aria-label=\"Email social link\">\n\t\t\t\t\t\t<span class=\"wd-icon\"><\/span>\n\t\t\t\t\t\t\t\t\t\t\t<\/a>\n\t\t\t\t\n\t\t\t\t\n\t\t\t\t\n\t\t\t\t\n\t\t\t\t\t\t\t\t\t<a rel=\"noopener noreferrer nofollow\" href=\"https:\/\/pinterest.com\/pin\/create\/button\/?url=https:\/\/desarrollocristiano.pe\/articulos-pastorales\/&media=https:\/\/desarrollocristiano.pe\/wp-content\/uploads\/2021\/10\/huellas.jpg&description=LLENA+TU+CUERNO\" target=\"_blank\" class=\" wd-social-icon social-pinterest\" aria-label=\"Pinterest social link\">\n\t\t\t\t\t\t<span class=\"wd-icon\"><\/span>\n\t\t\t\t\t\t\t\t\t\t\t<\/a>\n\t\t\t\t\n\t\t\t\t\n\t\t\t\t\t\t\t\t\t<a rel=\"noopener noreferrer nofollow\" href=\"https:\/\/www.linkedin.com\/shareArticle?mini=true&url=https:\/\/desarrollocristiano.pe\/articulos-pastorales\/\" target=\"_blank\" class=\" wd-social-icon social-linkedin\" aria-label=\"Linkedin social link\">\n\t\t\t\t\t\t<span class=\"wd-icon\"><\/span>\n\t\t\t\t\t\t\t\t\t\t\t<\/a>\n\t\t\t\t\n\t\t\t\t\n\t\t\t\t\n\t\t\t\t\n\t\t\t\t\n\t\t\t\t\n\t\t\t\t\n\t\t\t\t\n\t\t\t\t\n\t\t\t\t\t\t\t\t\t<a rel=\"noopener noreferrer nofollow\" href=\"https:\/\/api.whatsapp.com\/send?text=https%3A%2F%2Fdesarrollocristiano.pe%2Farticulos-pastorales%2F\" target=\"_blank\" class=\"wd-hide-md  wd-social-icon social-whatsapp\" aria-label=\"WhatsApp social link\">\n\t\t\t\t\t\t<span class=\"wd-icon\"><\/span>\n\t\t\t\t\t\t\t\t\t\t\t<\/a>\n\n\t\t\t\t\t<a rel=\"noopener noreferrer nofollow\" href=\"whatsapp:\/\/send?text=https%3A%2F%2Fdesarrollocristiano.pe%2Farticulos-pastorales%2F\" target=\"_blank\" class=\"wd-hide-lg  wd-social-icon social-whatsapp\" aria-label=\"WhatsApp social link\">\n\t\t\t\t\t\t<span class=\"wd-icon\"><\/span>\n\t\t\t\t\t\t\t\t\t\t\t<\/a>\n\t\t\t\t\n\t\t\t\t\n\t\t\t\t\n\t\t\t\t\n\t\t\t\t\n\t\t\t\t\n\t\t\t\t\t\t\t\t\t<a rel=\"noopener noreferrer nofollow\" href=\"https:\/\/telegram.me\/share\/url?url=https:\/\/desarrollocristiano.pe\/articulos-pastorales\/\" target=\"_blank\" class=\" wd-social-icon social-tg\" aria-label=\"Telegram social link\">\n\t\t\t\t\t\t<span class=\"wd-icon\"><\/span>\n\t\t\t\t\t\t\t\t\t\t\t<\/a>\n\t\t\t\t\n\t\t\t\t\n\t\t\t<\/div>\n\n\t\t\t\t\t\t\t\t\t\t<\/div>\n\t\t\t\t\t\t\t\t<div class=\"tooltip-arrow\"><\/div>\n\t\t\t\t\t\t\t<\/div>\n\t\t\t\t\t\t<\/div>\n\t\t\t\t\t\n\t\t\t\t\t\t\t\t\t\t\t\t\t\t\t\t\t<div class=\"wd-post-reply wd-style-1\">\n\t\t\t\t\t\t\t<a href=\"https:\/\/desarrollocristiano.pe\/llena-tu-cuerno\/#respond\"><span class=\"wd-replies-count\">0<\/span><\/a>\t\t\t\t\t\t<\/div>\n\t\t\t\t\t\t\t\t\t<\/div>\n\t\t\t\n\t\t\t\t\t\t\t\t\t\t\t\t<div class=\"wd-post-excerpt entry-content\">\n\t\t\t\t\t\t<div class=\"wpb-content-wrapper\"><div class=\"vc_row wpb_row vc_row-fluid\"><div class=\"wpb_column vc_column_container vc_col-sm-12\"><div class=\"vc_column-inner\"><div class=\"wpb_wrapper\">\n\t<div class=\"wpb_text_column wpb_content_element texto_parrafo text-larger\" >\n\t\t<div class=\"wpb_wrapper\">\n\t\t\t<p>Fuente: <a href=\"https:\/\/desarrollocristiano.com\/llena-tu-cuerno\/\" target=\"_blank\" rel=\"noopener noreferrer\">Desarrollo Cristiano Internacional<\/a><\/p>\n<p style=\"font-weight: 400;\">\u00a0<span style=\"font-style: inherit; font-weight: inherit;\">A lo largo del texto b\u00edblico encontramos una gran variedad de llamamientos, en diferentes situaciones, con distintas personalidades y para cometidos diversos. Por todo este panorama no es posible y tampoco deseable sistematizar exhaustivamente esta cuesti\u00f3n.<\/span><\/p>\n<p style=\"font-weight: 400;\"><span style=\"font-style: inherit; font-weight: inherit;\">\u00a0<\/span><span style=\"font-style: inherit; font-weight: inherit;\">A pesar de ello, y siendo consciente de ese riesgo, en el presente art\u00edculo, he seleccionado uno de estos llamamientos, concretamente el de David. De este caso singular trataremos de elaborar una serie de principios que por su nivel de generalizaci\u00f3n podr\u00edan aplicarse a un buen n\u00famero de llamamientos.<\/span><\/p>\n<p style=\"font-weight: 400;\"><span style=\"font-style: inherit; font-weight: inherit;\">\u00a0<\/span><span style=\"font-style: inherit; font-weight: inherit;\">El texto b\u00edblico que he seleccionado es el de 1 Samuel 16.1\u201313. En este pasaje David se nos presenta como el hijo menor de una familia de Bel\u00e9n; su ocupaci\u00f3n es la de pastor de ovejas, el cual era uno de los oficios m\u00e1s frecuentes en aquella regi\u00f3n. El contexto hist\u00f3rico es el reinado de Sa\u00fal.<\/span><\/p>\n<p style=\"font-weight: 400;\"><span style=\"font-style: inherit; font-weight: inherit;\">\u00a0<\/span><span style=\"font-style: inherit; font-weight: inherit;\">Me gustar\u00eda destacar ocho aspectos caracter\u00edsticos de este llamamiento:<\/span><\/p>\n<ol>\n<li style=\"font-weight: 400;\"><em><span style=\"font-style: inherit; font-weight: inherit;\">Dios toma la iniciativa (16.1)<\/span><\/em><\/li>\n<\/ol>\n<p style=\"font-weight: 400;\"><span style=\"font-style: inherit; font-weight: inherit;\">\u00abDijo el Se\u00f1or a Samuel\u2026\u00bb<em>\u00a0<\/em>Surge una necesidad: El Se\u00f1or a desechado a Sa\u00fal por una grave desobediencia. El Se\u00f1or conoce la necesidad de reemplazarlo y en su sabidur\u00eda \u00e9l prepara y llama. Es interesante notar la forma tan clara en la que comunica a Samuel la urgencia de un nuevo llamamiento: \u00abTe enviar\u00e9 [\u2026] porque de sus hijos me he provisto rey\u00bb.<\/span><\/p>\n<ol start=\"2\">\n<li style=\"font-weight: 400;\"><em><span style=\"font-style: inherit; font-weight: inherit;\">Dios usa instrumentos humanos (16.1\u20132)<\/span><\/em><\/li>\n<\/ol>\n<p style=\"font-weight: 400;\"><span style=\"font-style: inherit; font-weight: inherit;\">En este contexto lo vemos actuar en un doble sentido. Usa a Samuel con toda su experiencia como profeta y juez, ya que ha rechazado al actual responsable, Sa\u00fal. Y Dios va a llamar a un joven, un hijo de Isa\u00ed de Bel\u00e9n. Dios ha querido involucrar a hombres y mujeres para cumplir sus prop\u00f3sitos.<\/span><\/p>\n<p style=\"font-weight: 400;\"><span style=\"font-style: inherit; font-weight: inherit;\">Por lo general Dios no nos llama de forma espectacular o misteriosa<\/span><span style=\"font-style: inherit; font-weight: inherit;\">, lo hace como en el pasado, vali\u00e9ndose de siervos probados y con experiencia en su obra. Esa es la gran responsabilidad de aquellos que sirven en la obra, como ancianos, pastores y otros l\u00edderes (2Ti 2.2). En segundo lugar, Dios sigue llamando a hombres y mujeres para que lo sirvan, ya sea de forma personal o por medio de otros.<\/span><\/p>\n<ol start=\"3\">\n<li style=\"font-weight: 400;\"><em><span style=\"font-style: inherit; font-weight: inherit;\">Dios se revela a trav\u00e9s de la obediencia (16.2\u20134)<\/span><\/em><\/li>\n<\/ol>\n<p style=\"font-weight: 400;\"><span style=\"font-style: inherit; font-weight: inherit;\">El llamamiento<\/span><span style=\"font-style: inherit; font-weight: inherit;\">\u00a0en este caso\u00a0es un proceso en el que Dios se revela de manera progresiva\u00a0y en el que demanda\u00a0<em>obediencia<\/em>. Aunque la obediencia a Dios puede suponer correr ciertos riesgos, esta no es sin\u00f3nimo de\u00a0<em>imprudencia\u00a0<\/em>(16.2b). Por otro lado, la obediencia a Dios puede conducirnos a situaciones inc\u00f3modas, de soledad, de incomprensi\u00f3n (16.4).<\/span><\/p>\n<p style=\"font-weight: 400;\"><span style=\"font-style: inherit; font-weight: inherit;\">Pero llegando a este punto tal vez te preguntes \u00bfqu\u00e9 tomamos en consideraci\u00f3n ac\u00e1, el llamamiento de David o el de Samuel? La respuesta que nos proporciona el mismo texto es clara, es el de David. Pero todo lo escrito hasta aqu\u00ed expone otro punto muy importante: el hecho de que Dios usa a gente responsable ya involucrada en su obra para comunicar y afianzar un llamamiento. Este punto aparecer\u00e1 todav\u00eda de forma m\u00e1s clara en el Nuevo Testamento. As\u00ed pues, Samuel desempe\u00f1a un papel clave en el proceso del llamamiento de David y su actitud de obediencia es imprescindible, y todo ello porque la norma b\u00edblica no es la del\u00a0<em>autonombramiento<\/em>\u00a0sino la del llamamiento.<\/span><\/p>\n<ol start=\"4\">\n<li style=\"font-weight: 400;\"><em><span style=\"font-style: inherit; font-weight: inherit;\">Dios demanda santidad (6.5)<\/span><\/em><\/li>\n<\/ol>\n<p style=\"font-weight: 400;\"><span style=\"font-style: inherit; font-weight: inherit;\">Otro aspecto importante que nos muestra este texto es la necesidad de limpieza y\u00a0<em>santidad<\/em>. Por ello todos las participantes en este proceso de llamamiento: Samuel, los ancianos de Bel\u00e9n e Isa\u00ed, junto con sus hijos, participan del sacrificio de santificaci\u00f3n.<\/span><\/p>\n<p style=\"font-weight: 400;\"><span style=\"font-style: inherit; font-weight: inherit;\">Es notable que la ceremonia de ungimiento no la llevara a cabo en\u00a0<em>secreto,<\/em>\u00a0aunque s\u00ed procedi\u00f3 con\u00a0<em>discreci\u00f3n;<\/em>\u00a0el momento hist\u00f3rico lo requer\u00eda.\u00a0Dios no nos pide perfecci\u00f3n moral,\u00a0esa ser\u00eda una demanda imposible de satisfacer;\u00a0pero s\u00ed busca santidad, es decir vida de arrepentimiento.<\/span><\/p>\n<ol start=\"5\">\n<li style=\"font-weight: 400;\"><em><span style=\"font-style: inherit; font-weight: inherit;\">Dios no sigue criterios humanos (16.6\u20137)<\/span><\/em><\/li>\n<\/ol>\n<p style=\"font-weight: 400;\"><span style=\"font-style: inherit; font-weight: inherit;\">Samuel vio a Eliab y le caus\u00f3 una grata impresi\u00f3n: era el primog\u00e9nito, bien parecido, fuerte, de porte adecuado, etc\u00e9tera. Humanamente la cosa estaba muy clara. Pero Dios tiene que reconvenirlo y corregirlo exponiendo las diferencias de criterio entre los suyos y los de Samuel: \u00abJehov\u00e1 no mira lo que mira el hombre\u00bb. Esto puede ser un motivo de reflexi\u00f3n. Nuestra tendencia nos lleva a valorar cualidades\u00a0<em>externas<\/em>, son las m\u00e1s obvias, tenemos m\u00e1s facilidad y capacidad para ello. Pero no son las esenciales. Dios valora las cualidades<em>\u00a0internas<\/em>, mira el coraz\u00f3n (1Cr 28.9).<\/span><\/p>\n<ol start=\"6\">\n<li style=\"font-weight: 400;\"><em><span style=\"font-style: inherit; font-weight: inherit;\">Dios es exigente pero a la vez paciente (16.8\u201311)<\/span><\/em><\/li>\n<\/ol>\n<p style=\"font-weight: 400;\"><span style=\"font-style: inherit; font-weight: inherit;\">Aunque parecieran dos rasgos contradictorios, no lo son; es un reflejo del car\u00e1cter perfecto de nuestro Dios. Esta combinaci\u00f3n de exigencia y paciencia nos previene de la precipitaci\u00f3n y de la fiebre por lo instant\u00e1neo. La\u00a0<em>selecci\u00f3n fue cuidadosa<\/em>\u00a0hasta al extremo en que se terminaron los candidatos. Samuel, para sorpresa de los presentes, tuvo que preguntar: \u00bfestos son todos? Faltaba el menor, el \u00faltimo en quien pensar; pero Samuel, guiado por Dios, lo mand\u00f3 llamar y esper\u00f3. \u00c9l, a pesar de su experiencia, era sensible a la direcci\u00f3n del Se\u00f1or.<\/span><\/p>\n<ol start=\"7\">\n<li style=\"font-weight: 400;\"><em><span style=\"font-style: inherit; font-weight: inherit;\">Dios conoce a la persona a la que \u00e9l escoge<\/span><\/em><\/li>\n<\/ol>\n<p style=\"font-weight: 400;\"><span style=\"font-style: inherit; font-weight: inherit;\">David es el hombre de Dios para esta nueva etapa. Es un hombre conforme al coraz\u00f3n de Dios, as\u00ed lo defini\u00f3 el Se\u00f1or mismo. Nuestro Dios no es caprichoso, si \u00e9l esper\u00f3 el proceso de selecci\u00f3n hasta que llegaron a David, fue porque lo conoc\u00eda y sab\u00eda que, a pesar de sus debilidades,\u00a0<em>era la persona adecuada.<\/em><\/span><\/p>\n<p style=\"font-weight: 400;\"><span style=\"font-style: inherit; font-weight: inherit;\">En este mismo orden de situaciones David no necesit\u00f3 hacer nada espectacular para que Dios se fijara en \u00e9l. El fue fiel en su cometido: cuidar el reba\u00f1o de ovejas que pose\u00eda su familia. Dios lo llam\u00f3 de en medio del cumplimiento de sus obligaciones laborales. De seguro que en el desempe\u00f1o de esta tarea se forjar\u00edan muchas de las cualidades que el mismo Se\u00f1or estim\u00f3 como necesarias para su futuro ministerio.<\/span><\/p>\n<p style=\"font-weight: 400;\"><span style=\"font-style: inherit; font-weight: inherit;\">Nuestra vocaci\u00f3n no consiste en hacer nada espectacular; m\u00e1s bien, como en el caso de David, debemos ser fieles en aquello que es nuestra tarea cotidiana: \u00abcuidar del reba\u00f1o\u00bb. Aunque a los ojos humanos este planteamiento no impresiona, es el que Dios ha escogido, \u00abser fieles en lo poco antes de recibir llamamientos a extraordinarias tareas\u00bb.<\/span><\/p>\n<ol start=\"8\">\n<li style=\"font-weight: 400;\"><em><span style=\"font-style: inherit; font-weight: inherit;\">Dios capacita (16.13\u201318)<\/span><\/em><\/li>\n<\/ol>\n<p style=\"font-weight: 400;\"><span style=\"font-style: inherit; font-weight: inherit;\">Samuel era ya mayor, Sa\u00fal hab\u00eda sido desechado, David estaba empezando a ser preparado por Dios. \u00abDesde aquel d\u00eda el Esp\u00edritu de Dios vino sobre David\u00bb (vv.13 y 18).\u00a0<em>Dios a quien llama capacita<\/em>: la experiencia de David fue tambi\u00e9n la de Abraham, Jos\u00e9, Mois\u00e9s, y muchos m\u00e1s. David, luego de aquella experiencia tan importante, volvi\u00f3 a su tarea. Llama la atenci\u00f3n este detalle. Dios no se precipita. Su concepto del tiempo no es el nuestro.<\/span><\/p>\n<p style=\"font-weight: 400;\"><span style=\"font-style: inherit; font-weight: inherit;\">Siempre me ha impresionado la afirmaci\u00f3n del ap\u00f3stol Pablo a los corintios: \u00abnuestra competencia proviene de Dios\u00bb (1Co 3.5).\u00a0Si Dios nos llama podemos estar seguros de que tambi\u00e9n nos capacitar\u00e1.\u00a0Una de las constantes que aparece en la mayor\u00eda de los llamamientos registrados en la Palabra es el sentimiento de incapacidad que los llamados expresan; es sano, sabio y realista reconocer que resulta imposible llevar a cabo la obra sin que \u00e9l nos capacite.<\/span><\/p>\n<p><sub style=\"font-weight: 400;\">Se tom\u00f3 de revista Andamio IV, 1996, publicaci\u00f3n de Grupos B\u00edblicos Universitarios de Espa\u00f1a. Se usa con permiso.<\/sub><\/p>\n\n\t\t<\/div>\n\t<\/div>\n<\/div><\/div><\/div><\/div>\n<\/div>\t\t\t\t\t<\/div>\n\t\t\t\t\n\t\t\t\t\t\t\t\t\t<\/div>\n\t<\/div>\n<\/article>\n\n\t\t\t\t\t\t\t\t\t\t\t\n<article id=\"post-59756\" class=\"wd-post blog-design-chess blog-post-loop blog-design-small-images blog-style-bg wd-add-shadow wd-col post-59756 post type-post status-publish format-standard has-post-thumbnail hentry category-paternidad\">\n\t<div class=\"wd-post-inner article-inner\">\n\t\t\t\t\t<div class=\"wd-post-thumb entry-header\">\n\t\t\t\t\t\t\t\t\t<div class=\"wd-post-img post-img-wrapp\">\n\t\t\t\t\t\t<img width=\"320\" height=\"160\" src=\"https:\/\/desarrollocristiano.pe\/wp-content\/uploads\/2021\/09\/paternidad-320x160.jpg\" class=\"attachment-large size-large\" alt=\"\" decoding=\"async\" loading=\"lazy\" srcset=\"https:\/\/desarrollocristiano.pe\/wp-content\/uploads\/2021\/09\/paternidad-320x160.jpg 320w, https:\/\/desarrollocristiano.pe\/wp-content\/uploads\/2021\/09\/paternidad-600x300.jpg 600w, https:\/\/desarrollocristiano.pe\/wp-content\/uploads\/2021\/09\/paternidad-150x75.jpg 150w, https:\/\/desarrollocristiano.pe\/wp-content\/uploads\/2021\/09\/paternidad-400x200.jpg 400w, https:\/\/desarrollocristiano.pe\/wp-content\/uploads\/2021\/09\/paternidad.jpg 700w\" sizes=\"auto, (max-width: 320px) 100vw, 320px\" \/>\t\t\t\t\t<\/div>\n\t\t\t\t\t<a class=\"wd-fill\" href=\"https:\/\/desarrollocristiano.pe\/5-mentiras-populares-sobre-el-discipulado-familiar\/\"><\/a>\n\t\t\t\t\n\t\t\t\t\t\t\t\t\t\t\t\t<div class=\"wd-post-date wd-style-with-bg\">\n\t\t\t\t<span class=\"post-date-day\">\n\t\t\t\t\t02\t\t\t\t<\/span>\n\t\t\t\t<span class=\"post-date-month\">\n\t\t\t\t\tOct\t\t\t\t<\/span>\n\t\t\t<\/div>\n\t\t\t\t\t\t\t\t\t<\/div>\n\t\t\n\t\t<div class=\"wd-post-content article-body-container\">\n\t\t\t\t\t\t\t<div class=\"wd-post-cat wd-style-with-bg meta-post-categories\">\n\t\t\t\t\t<a href=\"https:\/\/desarrollocristiano.pe\/categorias\/relaciones\/paternidad\/\" rel=\"category tag\">Paternidad<\/a>\t\t\t\t<\/div>\n\t\t\t\n\t\t\t\t\t\t\t<h3 class=\"wd-post-title wd-entities-title title post-title\">\n\t\t\t\t\t<a href=\"https:\/\/desarrollocristiano.pe\/5-mentiras-populares-sobre-el-discipulado-familiar\/\" rel=\"bookmark\">5 mentiras populares sobre el discipulado familiar<\/a>\n\t\t\t\t<\/h3>\n\t\t\t\n\t\t\t\t\t\t\t<div class=\"wd-post-meta\">\n\t\t\t\t\t\t\t\t\t\t\t\t\t\t\t<div class=\"wd-post-author\">\n\t\t\t\t\t\t\t\t\t\t\t<span>Posteado por<\/span>\n\t\t\n\t\t\t\t\t<img alt='author-avatar' src='https:\/\/secure.gravatar.com\/avatar\/8f331515e2139e7ffacac78d5e21bc88ee625065cad5d063ef4da73b7cbcfc2d?s=18&#038;d=mm&#038;r=g' srcset='https:\/\/secure.gravatar.com\/avatar\/8f331515e2139e7ffacac78d5e21bc88ee625065cad5d063ef4da73b7cbcfc2d?s=36&#038;d=mm&#038;r=g 2x' class='avatar avatar-18 photo' height='18' width='18' loading='lazy' decoding='async'\/>\t\t\n\t\t\t\t\t<a href=\"https:\/\/desarrollocristiano.pe\/author\/aprnimda7720\/\" class=\"author\" rel=\"author\">Administrador<\/a>\n\t\t\t\t\t\t\t\t\t<\/div>\n\t\t\t\t\t<div class=\"wd-modified-date\">\n\t\t\t\t\t\t\t\t<time class=\"updated\" datetime=\"2021-09-30T11:15:27-05:00\">\n\t\t\t30\/09\/2021\t\t<\/time>\n\t\t\t\t\t\t\t<\/div>\n\n\t\t\t\t\t\t\t\t\t\t\t<div class=\"wd-post-share wd-tltp\">\n\t\t\t\t\t\t\t<div class=\"tooltip top\">\n\t\t\t\t\t\t\t\t<div class=\"tooltip-inner\">\n\t\t\t\t\t\t\t\t\t\t\t\t<div\n\t\t\t\t\t\tclass=\" wd-social-icons  wd-style-default wd-size-small social-share wd-shape-circle color-scheme-light text-center\">\n\t\t\t\t\n\t\t\t\t\n\t\t\t\t\t\t\t\t\t<a rel=\"noopener noreferrer nofollow\" href=\"https:\/\/www.facebook.com\/sharer\/sharer.php?u=https:\/\/desarrollocristiano.pe\/articulos-pastorales\/\" target=\"_blank\" class=\" wd-social-icon social-facebook\" aria-label=\"Facebook social link\">\n\t\t\t\t\t\t<span class=\"wd-icon\"><\/span>\n\t\t\t\t\t\t\t\t\t\t\t<\/a>\n\t\t\t\t\n\t\t\t\t\t\t\t\t\t<a rel=\"noopener noreferrer nofollow\" href=\"https:\/\/x.com\/share?url=https:\/\/desarrollocristiano.pe\/articulos-pastorales\/\" target=\"_blank\" class=\" wd-social-icon social-twitter\" aria-label=\"X social link\">\n\t\t\t\t\t\t<span class=\"wd-icon\"><\/span>\n\t\t\t\t\t\t\t\t\t\t\t<\/a>\n\t\t\t\t\n\t\t\t\t\n\t\t\t\t\t\t\t\t\t<a rel=\"noopener noreferrer nofollow\" href=\"mailto:?subject=Check%20this%20https:\/\/desarrollocristiano.pe\/articulos-pastorales\/\" target=\"_blank\" class=\" wd-social-icon social-email\" aria-label=\"Email social link\">\n\t\t\t\t\t\t<span class=\"wd-icon\"><\/span>\n\t\t\t\t\t\t\t\t\t\t\t<\/a>\n\t\t\t\t\n\t\t\t\t\n\t\t\t\t\n\t\t\t\t\n\t\t\t\t\t\t\t\t\t<a rel=\"noopener noreferrer nofollow\" href=\"https:\/\/pinterest.com\/pin\/create\/button\/?url=https:\/\/desarrollocristiano.pe\/articulos-pastorales\/&media=https:\/\/desarrollocristiano.pe\/wp-content\/uploads\/2021\/09\/paternidad.jpg&description=5+mentiras+populares+sobre+el+discipulado+familiar\" target=\"_blank\" class=\" wd-social-icon social-pinterest\" aria-label=\"Pinterest social link\">\n\t\t\t\t\t\t<span class=\"wd-icon\"><\/span>\n\t\t\t\t\t\t\t\t\t\t\t<\/a>\n\t\t\t\t\n\t\t\t\t\n\t\t\t\t\t\t\t\t\t<a rel=\"noopener noreferrer nofollow\" href=\"https:\/\/www.linkedin.com\/shareArticle?mini=true&url=https:\/\/desarrollocristiano.pe\/articulos-pastorales\/\" target=\"_blank\" class=\" wd-social-icon social-linkedin\" aria-label=\"Linkedin social link\">\n\t\t\t\t\t\t<span class=\"wd-icon\"><\/span>\n\t\t\t\t\t\t\t\t\t\t\t<\/a>\n\t\t\t\t\n\t\t\t\t\n\t\t\t\t\n\t\t\t\t\n\t\t\t\t\n\t\t\t\t\n\t\t\t\t\n\t\t\t\t\n\t\t\t\t\n\t\t\t\t\t\t\t\t\t<a rel=\"noopener noreferrer nofollow\" href=\"https:\/\/api.whatsapp.com\/send?text=https%3A%2F%2Fdesarrollocristiano.pe%2Farticulos-pastorales%2F\" target=\"_blank\" class=\"wd-hide-md  wd-social-icon social-whatsapp\" aria-label=\"WhatsApp social link\">\n\t\t\t\t\t\t<span class=\"wd-icon\"><\/span>\n\t\t\t\t\t\t\t\t\t\t\t<\/a>\n\n\t\t\t\t\t<a rel=\"noopener noreferrer nofollow\" href=\"whatsapp:\/\/send?text=https%3A%2F%2Fdesarrollocristiano.pe%2Farticulos-pastorales%2F\" target=\"_blank\" class=\"wd-hide-lg  wd-social-icon social-whatsapp\" aria-label=\"WhatsApp social link\">\n\t\t\t\t\t\t<span class=\"wd-icon\"><\/span>\n\t\t\t\t\t\t\t\t\t\t\t<\/a>\n\t\t\t\t\n\t\t\t\t\n\t\t\t\t\n\t\t\t\t\n\t\t\t\t\n\t\t\t\t\n\t\t\t\t\t\t\t\t\t<a rel=\"noopener noreferrer nofollow\" href=\"https:\/\/telegram.me\/share\/url?url=https:\/\/desarrollocristiano.pe\/articulos-pastorales\/\" target=\"_blank\" class=\" wd-social-icon social-tg\" aria-label=\"Telegram social link\">\n\t\t\t\t\t\t<span class=\"wd-icon\"><\/span>\n\t\t\t\t\t\t\t\t\t\t\t<\/a>\n\t\t\t\t\n\t\t\t\t\n\t\t\t<\/div>\n\n\t\t\t\t\t\t\t\t\t\t<\/div>\n\t\t\t\t\t\t\t\t<div class=\"tooltip-arrow\"><\/div>\n\t\t\t\t\t\t\t<\/div>\n\t\t\t\t\t\t<\/div>\n\t\t\t\t\t\n\t\t\t\t\t\t\t\t\t\t\t\t\t\t\t\t\t<div class=\"wd-post-reply wd-style-1\">\n\t\t\t\t\t\t\t<a href=\"https:\/\/desarrollocristiano.pe\/5-mentiras-populares-sobre-el-discipulado-familiar\/#respond\"><span class=\"wd-replies-count\">0<\/span><\/a>\t\t\t\t\t\t<\/div>\n\t\t\t\t\t\t\t\t\t<\/div>\n\t\t\t\n\t\t\t\t\t\t\t\t\t\t\t\t<div class=\"wd-post-excerpt entry-content\">\n\t\t\t\t\t\t<div class=\"wpb-content-wrapper\"><div class=\"vc_row wpb_row vc_row-fluid\"><div class=\"wpb_column vc_column_container vc_col-sm-12\"><div class=\"vc_column-inner\"><div class=\"wpb_wrapper\">\n\t<div class=\"wpb_text_column wpb_content_element texto_parrafo text-larger\" >\n\t\t<div class=\"wpb_wrapper\">\n\t\t\t<p>Por: <strong>Matt Chandler <\/strong>y <strong><b>Adam Griffin<\/b><\/strong><br \/>\nFuente: <a href=\"https:\/\/www.coalicionporelevangelio.org\/articulo\/mentiras-sobre-el-discipulado-familiar\/\" target=\"_blank\" rel=\"noopener noreferrer\">Coalici\u00f3n por el Evangelio<\/a><\/p>\n<p>El discipulado familiar es el muy importante, pero mayormente com\u00fan, liderazgo espiritual de tu hogar. En pocas palabras, el discipulado familiar significa dirigir tu hogar haciendo todo lo que puedas, cada vez que puedas, para ayudar a tu familia a convertirse en amigos y seguidores de Jes\u00fas. Ciertamente, hay puntos altos y bajos en la vida que crean grandes oportunidades para que los padres se\u00f1alen la fidelidad de Dios, pero la mayor\u00eda del liderazgo espiritual ocurre en las interacciones cotidianas con tu familia.<\/p>\n<p>Mientras piensas en lo que el discipulado familiar\u00a0<i>es<\/i>\u00a0para tu familia, estos son cinco recordatorios importantes, cinco mentiras que somos tentados a abrazar, sobre lo que\u00a0<i>no<\/i>\u00a0es el discipulado familiar.<\/p>\n<h3><b>1. El discipulado familiar no es exploraci\u00f3n espiritual de forma libre<\/b><\/h3>\n<p>El discipulado familiar\u00a0<i>es<\/i>\u00a0adoctrinamiento, ense\u00f1ando las doctrinas y cosmovisi\u00f3n de Dios tal como se establecen en su Palabra, sin ceder a las opiniones contrarias del mundo o disculparse por la potencial ofensa que esa verdad pudiera ocasionar.<\/p>\n<p>En una cultura que ama la idea de dejar que los ni\u00f1os elijan por s\u00ed mismos lo que\u00a0<i>ellos<\/i>\u00a0piensan que es verdad, el \u201cadoctrinamiento\u201d se ha convertido en una mala palabra. \u00a1Qu\u00e9 decepci\u00f3n tan desastrosa! No decirle a tus hijos lo que es verdad es lo opuesto al amor. Estamos ayudando a la pr\u00f3xima generaci\u00f3n a transitar por un camino de vida peligroso a trav\u00e9s de tentaciones y desinformaci\u00f3n maliciosa.<\/p>\n<p>No dejes a tus hijos a la deriva en el desierto de este mundo, mientras cruzas los dedos con la esperanza de que encuentren el estrecho camino hacia el \u00fanico oasis.<\/p>\n<h3><b>2. El discipulado familiar no es usar la Palabra de Dios para salirte con las tuyas<\/b><\/h3>\n<p>No es usar la amenaza del descontento de Dios para hacer que tus hijos guarden silencio, se queden quietos o dejen de molestarse el uno al otro. La manipulaci\u00f3n del comportamiento es impulsada por el miedo, pero la obediencia a Dios es impulsada por la gratitud y el amor sincero. Un ni\u00f1o bien portado no es lo mismo que un ni\u00f1o discipulado.<\/p>\n<p>Mientras que la Biblia tiene mucho que decir sobre el comportamiento piadoso, y la obediencia es un aspecto importante del discipulado, la modificaci\u00f3n del comportamiento no es nuestra meta principal. Es demasiado f\u00e1cil instruir a un fariseo: un ni\u00f1o que conoce y sigue las reglas de Dios, pero cuyo coraz\u00f3n est\u00e1 lejos de \u00c9l. Queremos que nuestros hijos sean obedientes a Dios, no porque se sientan intimidados por \u00c9l (o por nosotros), sino porque realmente aman la obediencia y conf\u00edan en el amor y cuidado de Dios por ellos. El discipulado familiar persigue un cambio sincero de coraz\u00f3n en los ni\u00f1os; una verdadera transformaci\u00f3n cristiana.<\/p>\n<h3><b>3. El discipulado familiar no es una forma de criar a ni\u00f1os populares<\/b><\/h3>\n<p>Criar a ni\u00f1os que sigan a Cristo significa que est\u00e1s preparando una generaci\u00f3n dispuesta a sentirse c\u00f3moda siendo diferente y aun despreciada por una cultura que piensa que sabe qu\u00e9 es mejor.<\/p>\n<p>Aunque el objetivo no es criar ni\u00f1os que sean deliberadamente irritantes para el mundo, debe ser tu absoluta esperanza tener hijos que no se aparten de lo que es verdad solo porque irrita a alguien. Lo que crees como cristiano es ofensivo para las sensibilidades modernas. Que esto se te quede grabado: si Dios en su gracia salva a tu hijo, muchos en la cultura sentir\u00e1n repulsi\u00f3n hacia tu hijo. Por lo menos, los ni\u00f1os discipulados ser\u00e1n considerados \u201craros\u201d.<\/p>\n<p>La fe de tu hijo o hija no impresionar\u00e1 al mundo. Tus hijos ser\u00e1n odiados por qui\u00e9n es tu Dios y c\u00f3mo \u00c9l es (<a class=\"rtBibleRef\" href=\"https:\/\/biblia.com\/bible\/nblh\/Mar%2013.13?culture=es\" target=\"_blank\" rel=\"noopener\" data-reference=\"Mar 13.13\" data-version=\"nblh\" data-purpose=\"bible-reference\">Mr 13:13<\/a>;\u00a0<a class=\"rtBibleRef\" href=\"https:\/\/biblia.com\/bible\/nblh\/Juan%2015.19?culture=es\" target=\"_blank\" rel=\"noopener\" data-reference=\"Juan 15.19\" data-version=\"nblh\" data-purpose=\"bible-reference\">Jn 15:19<\/a>). Necesitamos levantar una generaci\u00f3n preparada para ser claramente diferentes de sus compa\u00f1eros, \u201canormales\u201d por su rectitud moral. En muchos sentidos, eso es lo\u00a0<i>opuesto<\/i>\u00a0a nuestra inclinaci\u00f3n natural sobre c\u00f3mo criar a nuestros hijos. Criar hijos que est\u00e1n preparados para ser odiados significa criar ni\u00f1os que amen a Dios sin verg\u00fcenza, incluso ante el odio y la alienaci\u00f3n.<\/p>\n<h3><b>4. El discipulado familiar no es una estrategia para convertirse en un padre admirado<\/b><\/h3>\n<p>Resiste la tentaci\u00f3n de liderar para convertirte en una madre o un padre impresionante. En cambio, imprime en tus hijos la necesidad desesperada por un Padre celestial. Tu identidad est\u00e1 arraigada en el hecho de que eres un hijo de Dios, no en que eres el padre de tu hijo. Esto no se trata de encontrar tu afirmaci\u00f3n en el afecto o admiraci\u00f3n de los dem\u00e1s. Esto no se trata de construir tu legado personal o de hacer versiones junior de ti mismo.<\/p>\n<p>El discipulado familiar transforma a los ni\u00f1os en la imagen de Cristo, no en la imagen de su madre o padre. No est\u00e1s dise\u00f1ando a un ni\u00f1o para que se ajuste a un molde de perfecci\u00f3n para conseguir la admiraci\u00f3n humana y el orgullo de los padres. Este entrenamiento en rectitud no es una competencia o una v\u00eda para despliegues egoc\u00e9ntricos de superioridad familiar.<\/p>\n<h3><b>5. El discipulado familiar no siempre es el camino m\u00e1s atractivo<\/b><\/h3>\n<p>El discipulado familiar no es el camino de menor resistencia. Para los ni\u00f1os, la autoridad, el entrenamiento y las reglas parecen adversarios de la libertad y del placer. \u201cAl presente ninguna disciplina parece ser causa de gozo, sino de tristeza. Sin embargo, a los que han sido ejercitados por medio de ella, despu\u00e9s les da fruto apacible de justicia\u201d (<a class=\"rtBibleRef\" href=\"https:\/\/biblia.com\/bible\/nblh\/Heb%2012.11?culture=es\" target=\"_blank\" rel=\"noopener\" data-reference=\"Heb 12.11\" data-version=\"nblh\" data-purpose=\"bible-reference\">Heb 12:11<\/a>).<\/p>\n<p>El vi\u00f1edo sin podar no es el que produce el mejor fruto. No discipulamos porque no trae ning\u00fan dolor. T\u00fa discipulas porque crees que es mejor servir y obedecer al Dios que sabe lo que es mejor y quien es lo mejor.<\/p>\n<h3><b>Siempre estamos discipulando<\/b><\/h3>\n<p>De manera intencionada o no, todos los padres est\u00e1n discipulando a los peque\u00f1os a su alrededor. Los ni\u00f1os nos observan y escuchan mientras formamos sus impresiones del mundo, de la fe y de lo que significa ser un adulto.<\/p>\n<p>Es mucho mejor tener un plan que confiar en nuestros instintos. Dado que cada padre y cada hijo es \u00fanico, debemos tener un plan y una visi\u00f3n para el discipulado familiar adecuado para nuestra familia \u00fanica.<\/p>\n<p>Seamos intencionales con nuestra influencia.<\/p>\n<hr \/>\n<h6>Publicado originalmente en\u00a0<a href=\"https:\/\/www.thegospelcoalition.org\/article\/5-lies-family-discipleship\/\"><i>The Gospel Coalition<\/i><\/a><i>.<\/i>\u00a0Traducido por Sol Acu\u00f1a Flores.<\/h6>\n\n\t\t<\/div>\n\t<\/div>\n<\/div><\/div><\/div><\/div><div class=\"vc_row wpb_row vc_row-fluid vc_custom_1615074577655 vc_row-has-fill\"><div class=\"wpb_column vc_column_container vc_col-sm-12\"><div class=\"vc_column-inner\"><div class=\"wpb_wrapper\">\t\t\t<div class=\"info-box-wrapper inline-element\">\n\t\t\t\t<div id=\"wd-6155e23411a32\" class=\" wd-rs-6155e23411a32 wd-info-box wd-wpb text-left box-icon-align-left box-style- color-scheme- wd-bg-none wd-items-top \">\n\t\t\t\t\t\t\t\t\t\t<div class=\"info-box-content\">\n\t\t\t\t\t\t<h4 class=\"info-box-title title box-title-style-default wd-fontsize-m\">Sobre los autores<\/h4>\t\t\t\t\t\t<div class=\"info-box-inner reset-last-child\"><p><strong>Matt Chandler<\/strong>\u00a0es el pastor encargado de ense\u00f1anza en la iglesia\u00a0<em>The Village<\/em>\u00a0en el \u00e1rea metropolitana de Dallas\/Fort Worth. Es presidente de\u00a0<em>Acts 29<\/em>\u00a0(Hechos 29), una organizaci\u00f3n mundial que planta iglesias. Est\u00e1 casado con Lauren y es padre de Audrey, Reid, y Norah.<\/p>\n<p><b>Adam Griffin<\/b>\u00a0(DEdMin, Seminario Teol\u00f3gico Bautista del Sur) es el pastor principal de la iglesia\u00a0<i>Eastside Community Church<\/i>\u00a0en Texas, Estados Unidos. Previamente, \u00e9l sirvi\u00f3 como di\u00e1cono y pastor de formaci\u00f3n espiritual en la iglesia\u00a0<i>Village Church<\/i>. Adam vive en Dallas con su esposa Chelsea y sus tres hijos: Oscar, Gus y Theodore.<\/p>\n<\/div>\n\n\t\t\t\t\t\t\t\t\t\t\t<\/div>\n\n\t\t\t\t\t\n\t\t\t\t\t<style>#wd-6155e23411a32 .info-box-icon {background-color:  !important;}<\/style>\t\t\t\t<\/div>\n\t\t\t<\/div>\n\t\t<\/div><\/div><\/div><\/div>\n<\/div>\t\t\t\t\t<\/div>\n\t\t\t\t\n\t\t\t\t\t\t\t\t\t<\/div>\n\t<\/div>\n<\/article>\n\n\t\t\t\t\t\t\t\t\t\t\t\n<article id=\"post-59737\" class=\"wd-post blog-design-chess blog-post-loop blog-design-small-images blog-style-bg wd-add-shadow wd-col post-59737 post type-post status-publish format-standard has-post-thumbnail hentry category-vida-cristiana\">\n\t<div class=\"wd-post-inner article-inner\">\n\t\t\t\t\t<div class=\"wd-post-thumb entry-header\">\n\t\t\t\t\t\t\t\t\t<div class=\"wd-post-img post-img-wrapp\">\n\t\t\t\t\t\t<img width=\"320\" height=\"160\" src=\"https:\/\/desarrollocristiano.pe\/wp-content\/uploads\/2021\/09\/biblia2-320x160.jpg\" class=\"attachment-large size-large\" alt=\"\" decoding=\"async\" loading=\"lazy\" srcset=\"https:\/\/desarrollocristiano.pe\/wp-content\/uploads\/2021\/09\/biblia2-320x160.jpg 320w, https:\/\/desarrollocristiano.pe\/wp-content\/uploads\/2021\/09\/biblia2-600x300.jpg 600w, https:\/\/desarrollocristiano.pe\/wp-content\/uploads\/2021\/09\/biblia2-150x75.jpg 150w, https:\/\/desarrollocristiano.pe\/wp-content\/uploads\/2021\/09\/biblia2-400x200.jpg 400w, https:\/\/desarrollocristiano.pe\/wp-content\/uploads\/2021\/09\/biblia2.jpg 700w\" sizes=\"auto, (max-width: 320px) 100vw, 320px\" \/>\t\t\t\t\t<\/div>\n\t\t\t\t\t<a class=\"wd-fill\" href=\"https:\/\/desarrollocristiano.pe\/por-que-la-biblia-es-tan-importante-para-los-cristianos-2\/\"><\/a>\n\t\t\t\t\n\t\t\t\t\t\t\t\t\t\t\t\t<div class=\"wd-post-date wd-style-with-bg\">\n\t\t\t\t<span class=\"post-date-day\">\n\t\t\t\t\t18\t\t\t\t<\/span>\n\t\t\t\t<span class=\"post-date-month\">\n\t\t\t\t\tSep\t\t\t\t<\/span>\n\t\t\t<\/div>\n\t\t\t\t\t\t\t\t\t<\/div>\n\t\t\n\t\t<div class=\"wd-post-content article-body-container\">\n\t\t\t\t\t\t\t<div class=\"wd-post-cat wd-style-with-bg meta-post-categories\">\n\t\t\t\t\t<a href=\"https:\/\/desarrollocristiano.pe\/categorias\/vida-cristiana\/\" rel=\"category tag\">Vida Cristiana<\/a>\t\t\t\t<\/div>\n\t\t\t\n\t\t\t\t\t\t\t<h3 class=\"wd-post-title wd-entities-title title post-title\">\n\t\t\t\t\t<a href=\"https:\/\/desarrollocristiano.pe\/por-que-la-biblia-es-tan-importante-para-los-cristianos-2\/\" rel=\"bookmark\">\u00bfPor qu\u00e9 la Biblia es tan importante para los cristianos?<\/a>\n\t\t\t\t<\/h3>\n\t\t\t\n\t\t\t\t\t\t\t<div class=\"wd-post-meta\">\n\t\t\t\t\t\t\t\t\t\t\t\t\t\t\t<div class=\"wd-post-author\">\n\t\t\t\t\t\t\t\t\t\t\t<span>Posteado por<\/span>\n\t\t\n\t\t\t\t\t<img alt='author-avatar' src='https:\/\/secure.gravatar.com\/avatar\/8f331515e2139e7ffacac78d5e21bc88ee625065cad5d063ef4da73b7cbcfc2d?s=18&#038;d=mm&#038;r=g' srcset='https:\/\/secure.gravatar.com\/avatar\/8f331515e2139e7ffacac78d5e21bc88ee625065cad5d063ef4da73b7cbcfc2d?s=36&#038;d=mm&#038;r=g 2x' class='avatar avatar-18 photo' height='18' width='18' loading='lazy' decoding='async'\/>\t\t\n\t\t\t\t\t<a href=\"https:\/\/desarrollocristiano.pe\/author\/aprnimda7720\/\" class=\"author\" rel=\"author\">Administrador<\/a>\n\t\t\t\t\t\t\t\t\t<\/div>\n\t\t\t\t\t<div class=\"wd-modified-date\">\n\t\t\t\t\t\t\t\t<time class=\"updated\" datetime=\"2023-10-25T17:28:45-05:00\">\n\t\t\t25\/10\/2023\t\t<\/time>\n\t\t\t\t\t\t\t<\/div>\n\n\t\t\t\t\t\t\t\t\t\t\t<div class=\"wd-post-share wd-tltp\">\n\t\t\t\t\t\t\t<div class=\"tooltip top\">\n\t\t\t\t\t\t\t\t<div class=\"tooltip-inner\">\n\t\t\t\t\t\t\t\t\t\t\t\t<div\n\t\t\t\t\t\tclass=\" wd-social-icons  wd-style-default wd-size-small social-share wd-shape-circle color-scheme-light text-center\">\n\t\t\t\t\n\t\t\t\t\n\t\t\t\t\t\t\t\t\t<a rel=\"noopener noreferrer nofollow\" href=\"https:\/\/www.facebook.com\/sharer\/sharer.php?u=https:\/\/desarrollocristiano.pe\/articulos-pastorales\/\" target=\"_blank\" class=\" wd-social-icon social-facebook\" aria-label=\"Facebook social link\">\n\t\t\t\t\t\t<span class=\"wd-icon\"><\/span>\n\t\t\t\t\t\t\t\t\t\t\t<\/a>\n\t\t\t\t\n\t\t\t\t\t\t\t\t\t<a rel=\"noopener noreferrer nofollow\" href=\"https:\/\/x.com\/share?url=https:\/\/desarrollocristiano.pe\/articulos-pastorales\/\" target=\"_blank\" class=\" wd-social-icon social-twitter\" aria-label=\"X social link\">\n\t\t\t\t\t\t<span class=\"wd-icon\"><\/span>\n\t\t\t\t\t\t\t\t\t\t\t<\/a>\n\t\t\t\t\n\t\t\t\t\n\t\t\t\t\t\t\t\t\t<a rel=\"noopener noreferrer nofollow\" href=\"mailto:?subject=Check%20this%20https:\/\/desarrollocristiano.pe\/articulos-pastorales\/\" target=\"_blank\" class=\" wd-social-icon social-email\" aria-label=\"Email social link\">\n\t\t\t\t\t\t<span class=\"wd-icon\"><\/span>\n\t\t\t\t\t\t\t\t\t\t\t<\/a>\n\t\t\t\t\n\t\t\t\t\n\t\t\t\t\n\t\t\t\t\n\t\t\t\t\t\t\t\t\t<a rel=\"noopener noreferrer nofollow\" href=\"https:\/\/pinterest.com\/pin\/create\/button\/?url=https:\/\/desarrollocristiano.pe\/articulos-pastorales\/&media=https:\/\/desarrollocristiano.pe\/wp-content\/uploads\/2021\/09\/biblia2.jpg&description=%C2%BFPor+qu%C3%A9+la+Biblia+es+tan+importante+para+los+cristianos%3F\" target=\"_blank\" class=\" wd-social-icon social-pinterest\" aria-label=\"Pinterest social link\">\n\t\t\t\t\t\t<span class=\"wd-icon\"><\/span>\n\t\t\t\t\t\t\t\t\t\t\t<\/a>\n\t\t\t\t\n\t\t\t\t\n\t\t\t\t\t\t\t\t\t<a rel=\"noopener noreferrer nofollow\" href=\"https:\/\/www.linkedin.com\/shareArticle?mini=true&url=https:\/\/desarrollocristiano.pe\/articulos-pastorales\/\" target=\"_blank\" class=\" wd-social-icon social-linkedin\" aria-label=\"Linkedin social link\">\n\t\t\t\t\t\t<span class=\"wd-icon\"><\/span>\n\t\t\t\t\t\t\t\t\t\t\t<\/a>\n\t\t\t\t\n\t\t\t\t\n\t\t\t\t\n\t\t\t\t\n\t\t\t\t\n\t\t\t\t\n\t\t\t\t\n\t\t\t\t\n\t\t\t\t\n\t\t\t\t\t\t\t\t\t<a rel=\"noopener noreferrer nofollow\" href=\"https:\/\/api.whatsapp.com\/send?text=https%3A%2F%2Fdesarrollocristiano.pe%2Farticulos-pastorales%2F\" target=\"_blank\" class=\"wd-hide-md  wd-social-icon social-whatsapp\" aria-label=\"WhatsApp social link\">\n\t\t\t\t\t\t<span class=\"wd-icon\"><\/span>\n\t\t\t\t\t\t\t\t\t\t\t<\/a>\n\n\t\t\t\t\t<a rel=\"noopener noreferrer nofollow\" href=\"whatsapp:\/\/send?text=https%3A%2F%2Fdesarrollocristiano.pe%2Farticulos-pastorales%2F\" target=\"_blank\" class=\"wd-hide-lg  wd-social-icon social-whatsapp\" aria-label=\"WhatsApp social link\">\n\t\t\t\t\t\t<span class=\"wd-icon\"><\/span>\n\t\t\t\t\t\t\t\t\t\t\t<\/a>\n\t\t\t\t\n\t\t\t\t\n\t\t\t\t\n\t\t\t\t\n\t\t\t\t\n\t\t\t\t\n\t\t\t\t\t\t\t\t\t<a rel=\"noopener noreferrer nofollow\" href=\"https:\/\/telegram.me\/share\/url?url=https:\/\/desarrollocristiano.pe\/articulos-pastorales\/\" target=\"_blank\" class=\" wd-social-icon social-tg\" aria-label=\"Telegram social link\">\n\t\t\t\t\t\t<span class=\"wd-icon\"><\/span>\n\t\t\t\t\t\t\t\t\t\t\t<\/a>\n\t\t\t\t\n\t\t\t\t\n\t\t\t<\/div>\n\n\t\t\t\t\t\t\t\t\t\t<\/div>\n\t\t\t\t\t\t\t\t<div class=\"tooltip-arrow\"><\/div>\n\t\t\t\t\t\t\t<\/div>\n\t\t\t\t\t\t<\/div>\n\t\t\t\t\t\n\t\t\t\t\t\t\t\t\t\t\t\t\t\t\t\t\t<div class=\"wd-post-reply wd-style-1\">\n\t\t\t\t\t\t\t<a href=\"https:\/\/desarrollocristiano.pe\/por-que-la-biblia-es-tan-importante-para-los-cristianos-2\/#respond\"><span class=\"wd-replies-count\">0<\/span><\/a>\t\t\t\t\t\t<\/div>\n\t\t\t\t\t\t\t\t\t<\/div>\n\t\t\t\n\t\t\t\t\t\t\t\t\t\t\t\t<div class=\"wd-post-excerpt entry-content\">\n\t\t\t\t\t\t<div class=\"wpb-content-wrapper\"><div class=\"vc_row wpb_row vc_row-fluid\"><div class=\"wpb_column vc_column_container vc_col-sm-12\"><div class=\"vc_column-inner\"><div class=\"wpb_wrapper\">\n\t<div class=\"wpb_text_column wpb_content_element texto_parrafo text-larger\" >\n\t\t<div class=\"wpb_wrapper\">\n\t\t\t<p>Por: <a href=\"https:\/\/twitter.com\/pepieri\" target=\"_blank\" rel=\"noopener noreferrer\"><b>Pepe Mendoza<\/b><\/a><\/p>\n<p>Antes de responder la pregunta, es importante se\u00f1alar la diferencia entre las palabras \u201cimportante\u201d y \u201cnecesario\u201d. Algo es \u201cimportante\u201d cuando es conveniente, interesante o se considera superior o influyente. Se habla, por ejemplo, de la importancia de cederle el paso a los ancianos o de la importancia de tener educaci\u00f3n universitaria. Ambas situaciones son consideradas importantes por los beneficios que traen consigo, pero no podr\u00edamos decir que son absolutamente obligatorias.<\/p>\n<p>Por el contrario, cuando se\u00f1alamos que algo es \u201cnecesario\u201d, estamos diciendo que se trata de algo esencial, indispensable, obligatorio y opuesto a lo voluntario o espont\u00e1neo. Por ejemplo, necesitas del aire para vivir; no existe un individuo que diga que el aire le es indiferente. Entonces, podr\u00edamos decir que algo es importante en relaci\u00f3n con su valor y sus posibles resultados, mientras que algo es necesario porque es absolutamente indispensable e ineludible.<\/p>\n<p>La Biblia no solo es importante, valiosa y \u00fatil para el cristiano, sino que tambi\u00e9n es absolutamente necesaria, indispensable e ineludible. Esto podr\u00eda sonar extra\u00f1o en tiempos en que la espiritualidad est\u00e1 marcada o definida por un sentimiento subjetivo y por supuestas premisas individuales aut\u00f3nomas marcadas por el \u201cesto es lo que creo yo\u2026 y punto\u201d. Hoy muchas personas se dicen cristianas y hasta muy devotas sin tener siquiera un entendimiento b\u00e1sico o un contacto m\u00ednimo con la Biblia. Por eso quisi\u00e9ramos dejar en claro que la Biblia no solo es\u00a0<em>importante<\/em>, sino que es\u00a0<em>necesaria<\/em>\u00a0para los cristianos.<\/p>\n<p><strong>La Biblia no solo es importante, valiosa y \u00fatil para el cristiano, sino que tambi\u00e9n es absolutamente necesaria, indispensable e ineludible<\/strong><\/p>\n<h3>Dios se ha revelado<\/h3>\n<p>La fe judeocristiana afirma que el Dios Soberano se ha revelado, es decir, que \u00c9l mismo ha descubierto, manifestado y dado a conocer su persona y voluntad. \u00bfPor qu\u00e9 es necesaria la revelaci\u00f3n de Dios mismo? Isa\u00edas responde a esta pregunta cuando afirma que los pensamientos y los caminos de Dios son superiores y diferentes a los nuestros. Desde nuestra perspectiva humana y debido a nuestra condici\u00f3n ca\u00edda no podemos percibir a Dios y sus asuntos (Is 55:9; Ro 3:10-12). La revelaci\u00f3n de Dios en la Biblia es importante y necesaria porque si \u00c9l no se hubiera dado a conocer, entonces no habr\u00eda posibilidad alguna de que pudi\u00e9ramos conocerle por nosotros mismos.<\/p>\n<p>Mois\u00e9s clarifica que el Se\u00f1or se ha revelado en las Escrituras (otro nombre para la Biblia) para que le conozcamos, le sigamos y as\u00ed podamos obedecerle (Dt 29:29). El ap\u00f3stol Pablo nos dice que su predicaci\u00f3n era el resultado de la revelaci\u00f3n del \u201cmisterio que ha estado oculto desde los siglos y generaciones\u2026 [que] ahora ha sido manifestado a sus santos\u201d (Col 1:26). La Biblia es importante y necesaria porque es la revelaci\u00f3n que Dios hace de s\u00ed mismo y sin ella \u00a1no podr\u00edas conocer a Dios!<\/p>\n<h3>La Biblia transforma<\/h3>\n<p>La importancia y necesidad de la Biblia no queda reducida al conocimiento revelado de Dios, algo que ya es maravilloso y sublime. Adem\u00e1s, la Biblia tiene un poder sobrenatural y transformador; ning\u00fan libro humano posee esta cualidad.<\/p>\n<p>Jerem\u00edas afirma por revelaci\u00f3n de Dios, \u201c\u2018\u00bfNo es Mi palabra como fuego\u2019, declara el Se\u00f1or, \u2018y como martillo que despedaza la roca?\u2019\u201d (Jr 23:29). Ese inmenso poder inherente transforma, alimenta y convierte tu coraz\u00f3n. David compuso un salmo para mostrar todos los beneficios de la Palabra de Dios: \u201crestaura el alma\u2026 hace sabio al sencillo\u2026 alegran el coraz\u00f3n\u2026alumbra los ojos\u2026\u201d (Sal 19:7-8). La Biblia es importante y necesaria porque es el \u00fanico alimento que fortalece tu vida espiritual y es, como dice Pedro, algo que debemos anhelar: \u201cdeseen como ni\u00f1os reci\u00e9n nacidos, la leche pura de la palabra, para que por ella crezcan para salvaci\u00f3n\u201d (1 P 2:2).<\/p>\n<p><strong>Si Dios no se hubiera dado a conocer, entonces no habr\u00eda posibilidad alguna de que pudi\u00e9ramos conocerle por nosotros mismos<\/strong><\/p>\n<p>Muchos quieren saber sinceramente qu\u00e9 es lo que Dios espera de ellos. Lo malo es que tienden a buscar la voluntad de Dios de forma m\u00edstica y hasta un tanto esot\u00e9rica, como si se esperase la llegada de una voz audible desde el cielo o alguna se\u00f1al sobrenatural que muestre una luminosa flecha con la direcci\u00f3n para la vida. Sin embargo, el Se\u00f1or ha dejado la Biblia como un medio espectacular para mostrar su voluntad, revelando lo que espera de nosotros de forma clara, abundante e ineludible.<\/p>\n<p>Por ejemplo, si te preguntaras,\u00a0<em>\u00bfqu\u00e9 es lo que demanda Dios de m\u00ed?<\/em>\u00a0En la Biblia puedes encontrar la respuesta: \u201c\u00c9l te ha declarado, oh hombre, lo que es bueno. \u00bfY qu\u00e9 es lo que demanda el Se\u00f1or de ti, Sino solo practicar la justicia, amar la misericordia, y andar humildemente con tu Dios?\u201d (Mi 6:8).<\/p>\n<p>La Biblia es importante y necesaria porque all\u00ed podemos encontrar luz para nuestro camino (Sal 119:105), la verdad que nos hace libres (Jn 8:31-32) y la forma de vida que le agrada a Dios y le da gloria a su nombre (Tit 3:8).<\/p>\n<p>La Biblia es importante y necesaria para los cristianos porque all\u00ed se nos presentan las buenas noticias de salvaci\u00f3n en Cristo Jes\u00fas (2 Ti 3:15). El evangelio nos anuncia primero la realidad de nuestra condici\u00f3n de separaci\u00f3n de Dios, una realidad sin esperanza y con solo la muerte como destino final. Sin embargo, Dios se revel\u00f3 para mostrar un plan de salvaci\u00f3n amoroso, en donde el mism\u00edsimo Hijo de Dios vino para rescatarnos y liberarnos de nuestra condici\u00f3n mortal por su sola y absoluta gracia. Ahora en \u00c9l somos nuevas criaturas y tenemos esperanza porque esperamos su retorno anunciado con precisi\u00f3n en la Biblia.<\/p>\n<p>\u00bfPodr\u00e1 un cristiano tener una relaci\u00f3n distante y superficial con la Biblia? Por lo que hemos visto ahora, podemos decir como Pablo, \u00a1de ninguna manera!<\/p>\n<p><sub>Nota: Este art\u00edculo fue publicado primero en Coalici\u00f3n por el Evangelio: <a href=\"https:\/\/tinyurl.com\/2nahedzw\">https:\/\/tinyurl.com\/2nahedzw<\/a><\/sub><\/p>\n\n\t\t<\/div>\n\t<\/div>\n<\/div><\/div><\/div><\/div><div class=\"vc_row wpb_row vc_row-fluid vc_custom_1615074577655 vc_row-has-fill\"><div class=\"wpb_column vc_column_container vc_col-sm-12\"><div class=\"vc_column-inner\"><div class=\"wpb_wrapper\">\t\t\t<div class=\"info-box-wrapper\">\n\t\t\t\t<div id=\"wd-65399667dd682\" class=\" wd-rs-65399667dd682 wd-info-box wd-wpb text-left box-icon-align-left box-style- color-scheme- wd-bg-none wd-items-top \">\n\t\t\t\t\t\t\t\t\t\t\t<div class=\"box-icon-wrapper  box-with-icon box-icon-simple\">\n\t\t\t\t\t\t\t<div class=\"info-box-icon\">\n\n\t\t\t\t\t\t\t\n\t\t\t\t\t\t\t\t\t\t\t\t\t\t\t\t\t<img loading=\"lazy\" decoding=\"async\" width=\"100\" height=\"100\" src=\"https:\/\/desarrollocristiano.pe\/wp-content\/uploads\/2021\/03\/pepemendoza-100x100.jpg\" class=\"attachment-100x100 size-100x100\" alt=\"\" \/>\t\t\t\t\t\t\t\t\t\t\t\t\t\t\t\n\t\t\t\t\t\t\t<\/div>\n\t\t\t\t\t\t<\/div>\n\t\t\t\t\t\t\t\t\t\t<div class=\"info-box-content\">\n\t\t\t\t\t\t\t\t\t\t\t\t<div class=\"info-box-inner reset-last-child\"><p><strong>Jos\u00e9<\/strong>\u00a0<strong>\u201cPepe\u201d Mendoza<\/strong> es el Asesor Editorial en Coalici\u00f3n por el Evangelio. Sirvi\u00f3 como pastor asociado en la Iglesia Bautista Internacional, en Rep\u00fablica Dominicana, y actualmente vive en Lima, Per\u00fa. Es profesor en el <a title=\"\" href=\"http:\/\/institutois.org\/\">Instituto\u00a0<\/a><a title=\"\" href=\"http:\/\/institutois.org\/\">Integridad &amp; Sabidur\u00eda<\/a>, colabora con el programa hispano del\u00a0<em><a href=\"https:\/\/www.sbts.edu\/hispanos\/\">Southern Baptist Theological Seminary<\/a><\/em>, y tambi\u00e9n trabaja como editor de libros y recursos cristianos. Est\u00e1 casado con Erika y tienen una hija, Adriana.<\/p>\n<p>Puedes encontrar a Jos\u00e9 \u00abPepe\u00bb Mendoza en:<\/p>\n<ul>\n<li>Twitter: <a href=\"https:\/\/twitter.com\/pepieri\" target=\"_blank\" rel=\"noopener noreferrer\">@pepieri<\/a><\/li>\n<\/ul>\n<p>&nbsp;<\/p>\n<\/div>\n\n\t\t\t\t\t\t\t\t\t\t\t<\/div>\n\n\t\t\t\t\t\n\t\t\t\t\t\t\t\t\t<\/div>\n\t\t\t<\/div>\n\t\t<\/div><\/div><\/div><\/div>\n<\/div>\t\t\t\t\t<\/div>\n\t\t\t\t\n\t\t\t\t\t\t\t\t\t<\/div>\n\t<\/div>\n<\/article>\n\n\t\t\t\t\t\t\t\t\t\t\t\n<article id=\"post-59725\" class=\"wd-post blog-design-chess blog-post-loop blog-design-small-images blog-style-bg wd-add-shadow wd-col post-59725 post type-post status-publish format-standard has-post-thumbnail hentry category-paternidad\">\n\t<div class=\"wd-post-inner article-inner\">\n\t\t\t\t\t<div class=\"wd-post-thumb entry-header\">\n\t\t\t\t\t\t\t\t\t<div class=\"wd-post-img post-img-wrapp\">\n\t\t\t\t\t\t<img width=\"320\" height=\"160\" src=\"https:\/\/desarrollocristiano.pe\/wp-content\/uploads\/2021\/09\/nino-grito-320x160.jpg\" class=\"attachment-large size-large\" alt=\"\" decoding=\"async\" loading=\"lazy\" srcset=\"https:\/\/desarrollocristiano.pe\/wp-content\/uploads\/2021\/09\/nino-grito-320x160.jpg 320w, https:\/\/desarrollocristiano.pe\/wp-content\/uploads\/2021\/09\/nino-grito-600x300.jpg 600w, https:\/\/desarrollocristiano.pe\/wp-content\/uploads\/2021\/09\/nino-grito-150x75.jpg 150w, https:\/\/desarrollocristiano.pe\/wp-content\/uploads\/2021\/09\/nino-grito.jpg 700w\" sizes=\"auto, (max-width: 320px) 100vw, 320px\" \/>\t\t\t\t\t<\/div>\n\t\t\t\t\t<a class=\"wd-fill\" href=\"https:\/\/desarrollocristiano.pe\/ayuda-a-mis-hijos-no-les-gusta-la-iglesia\/\"><\/a>\n\t\t\t\t\n\t\t\t\t\t\t\t\t\t\t\t\t<div class=\"wd-post-date wd-style-with-bg\">\n\t\t\t\t<span class=\"post-date-day\">\n\t\t\t\t\t08\t\t\t\t<\/span>\n\t\t\t\t<span class=\"post-date-month\">\n\t\t\t\t\tSep\t\t\t\t<\/span>\n\t\t\t<\/div>\n\t\t\t\t\t\t\t\t\t<\/div>\n\t\t\n\t\t<div class=\"wd-post-content article-body-container\">\n\t\t\t\t\t\t\t<div class=\"wd-post-cat wd-style-with-bg meta-post-categories\">\n\t\t\t\t\t<a href=\"https:\/\/desarrollocristiano.pe\/categorias\/relaciones\/paternidad\/\" rel=\"category tag\">Paternidad<\/a>\t\t\t\t<\/div>\n\t\t\t\n\t\t\t\t\t\t\t<h3 class=\"wd-post-title wd-entities-title title post-title\">\n\t\t\t\t\t<a href=\"https:\/\/desarrollocristiano.pe\/ayuda-a-mis-hijos-no-les-gusta-la-iglesia\/\" rel=\"bookmark\">\u00a1Ayuda! A mis hijos no les gusta la iglesia<\/a>\n\t\t\t\t<\/h3>\n\t\t\t\n\t\t\t\t\t\t\t<div class=\"wd-post-meta\">\n\t\t\t\t\t\t\t\t\t\t\t\t\t\t\t<div class=\"wd-post-author\">\n\t\t\t\t\t\t\t\t\t\t\t<span>Posteado por<\/span>\n\t\t\n\t\t\t\t\t<img alt='author-avatar' src='https:\/\/secure.gravatar.com\/avatar\/8f331515e2139e7ffacac78d5e21bc88ee625065cad5d063ef4da73b7cbcfc2d?s=18&#038;d=mm&#038;r=g' srcset='https:\/\/secure.gravatar.com\/avatar\/8f331515e2139e7ffacac78d5e21bc88ee625065cad5d063ef4da73b7cbcfc2d?s=36&#038;d=mm&#038;r=g 2x' class='avatar avatar-18 photo' height='18' width='18' loading='lazy' decoding='async'\/>\t\t\n\t\t\t\t\t<a href=\"https:\/\/desarrollocristiano.pe\/author\/aprnimda7720\/\" class=\"author\" rel=\"author\">Administrador<\/a>\n\t\t\t\t\t\t\t\t\t<\/div>\n\t\t\t\t\t<div class=\"wd-modified-date\">\n\t\t\t\t\t\t\t\t<time class=\"updated\" datetime=\"2021-09-08T16:18:51-05:00\">\n\t\t\t08\/09\/2021\t\t<\/time>\n\t\t\t\t\t\t\t<\/div>\n\n\t\t\t\t\t\t\t\t\t\t\t<div class=\"wd-post-share wd-tltp\">\n\t\t\t\t\t\t\t<div class=\"tooltip top\">\n\t\t\t\t\t\t\t\t<div class=\"tooltip-inner\">\n\t\t\t\t\t\t\t\t\t\t\t\t<div\n\t\t\t\t\t\tclass=\" wd-social-icons  wd-style-default wd-size-small social-share wd-shape-circle color-scheme-light text-center\">\n\t\t\t\t\n\t\t\t\t\n\t\t\t\t\t\t\t\t\t<a rel=\"noopener noreferrer nofollow\" href=\"https:\/\/www.facebook.com\/sharer\/sharer.php?u=https:\/\/desarrollocristiano.pe\/articulos-pastorales\/\" target=\"_blank\" class=\" wd-social-icon social-facebook\" aria-label=\"Facebook social link\">\n\t\t\t\t\t\t<span class=\"wd-icon\"><\/span>\n\t\t\t\t\t\t\t\t\t\t\t<\/a>\n\t\t\t\t\n\t\t\t\t\t\t\t\t\t<a rel=\"noopener noreferrer nofollow\" href=\"https:\/\/x.com\/share?url=https:\/\/desarrollocristiano.pe\/articulos-pastorales\/\" target=\"_blank\" class=\" wd-social-icon social-twitter\" aria-label=\"X social link\">\n\t\t\t\t\t\t<span class=\"wd-icon\"><\/span>\n\t\t\t\t\t\t\t\t\t\t\t<\/a>\n\t\t\t\t\n\t\t\t\t\n\t\t\t\t\t\t\t\t\t<a rel=\"noopener noreferrer nofollow\" href=\"mailto:?subject=Check%20this%20https:\/\/desarrollocristiano.pe\/articulos-pastorales\/\" target=\"_blank\" class=\" wd-social-icon social-email\" aria-label=\"Email social link\">\n\t\t\t\t\t\t<span class=\"wd-icon\"><\/span>\n\t\t\t\t\t\t\t\t\t\t\t<\/a>\n\t\t\t\t\n\t\t\t\t\n\t\t\t\t\n\t\t\t\t\n\t\t\t\t\t\t\t\t\t<a rel=\"noopener noreferrer nofollow\" href=\"https:\/\/pinterest.com\/pin\/create\/button\/?url=https:\/\/desarrollocristiano.pe\/articulos-pastorales\/&media=https:\/\/desarrollocristiano.pe\/wp-content\/uploads\/2021\/09\/nino-grito.jpg&description=%C2%A1Ayuda%21+A+mis+hijos+no+les+gusta+la+iglesia\" target=\"_blank\" class=\" wd-social-icon social-pinterest\" aria-label=\"Pinterest social link\">\n\t\t\t\t\t\t<span class=\"wd-icon\"><\/span>\n\t\t\t\t\t\t\t\t\t\t\t<\/a>\n\t\t\t\t\n\t\t\t\t\n\t\t\t\t\t\t\t\t\t<a rel=\"noopener noreferrer nofollow\" href=\"https:\/\/www.linkedin.com\/shareArticle?mini=true&url=https:\/\/desarrollocristiano.pe\/articulos-pastorales\/\" target=\"_blank\" class=\" wd-social-icon social-linkedin\" aria-label=\"Linkedin social link\">\n\t\t\t\t\t\t<span class=\"wd-icon\"><\/span>\n\t\t\t\t\t\t\t\t\t\t\t<\/a>\n\t\t\t\t\n\t\t\t\t\n\t\t\t\t\n\t\t\t\t\n\t\t\t\t\n\t\t\t\t\n\t\t\t\t\n\t\t\t\t\n\t\t\t\t\n\t\t\t\t\t\t\t\t\t<a rel=\"noopener noreferrer nofollow\" href=\"https:\/\/api.whatsapp.com\/send?text=https%3A%2F%2Fdesarrollocristiano.pe%2Farticulos-pastorales%2F\" target=\"_blank\" class=\"wd-hide-md  wd-social-icon social-whatsapp\" aria-label=\"WhatsApp social link\">\n\t\t\t\t\t\t<span class=\"wd-icon\"><\/span>\n\t\t\t\t\t\t\t\t\t\t\t<\/a>\n\n\t\t\t\t\t<a rel=\"noopener noreferrer nofollow\" href=\"whatsapp:\/\/send?text=https%3A%2F%2Fdesarrollocristiano.pe%2Farticulos-pastorales%2F\" target=\"_blank\" class=\"wd-hide-lg  wd-social-icon social-whatsapp\" aria-label=\"WhatsApp social link\">\n\t\t\t\t\t\t<span class=\"wd-icon\"><\/span>\n\t\t\t\t\t\t\t\t\t\t\t<\/a>\n\t\t\t\t\n\t\t\t\t\n\t\t\t\t\n\t\t\t\t\n\t\t\t\t\n\t\t\t\t\n\t\t\t\t\t\t\t\t\t<a rel=\"noopener noreferrer nofollow\" href=\"https:\/\/telegram.me\/share\/url?url=https:\/\/desarrollocristiano.pe\/articulos-pastorales\/\" target=\"_blank\" class=\" wd-social-icon social-tg\" aria-label=\"Telegram social link\">\n\t\t\t\t\t\t<span class=\"wd-icon\"><\/span>\n\t\t\t\t\t\t\t\t\t\t\t<\/a>\n\t\t\t\t\n\t\t\t\t\n\t\t\t<\/div>\n\n\t\t\t\t\t\t\t\t\t\t<\/div>\n\t\t\t\t\t\t\t\t<div class=\"tooltip-arrow\"><\/div>\n\t\t\t\t\t\t\t<\/div>\n\t\t\t\t\t\t<\/div>\n\t\t\t\t\t\n\t\t\t\t\t\t\t\t\t\t\t\t\t\t\t\t\t<div class=\"wd-post-reply wd-style-1\">\n\t\t\t\t\t\t\t<a href=\"https:\/\/desarrollocristiano.pe\/ayuda-a-mis-hijos-no-les-gusta-la-iglesia\/#respond\"><span class=\"wd-replies-count\">0<\/span><\/a>\t\t\t\t\t\t<\/div>\n\t\t\t\t\t\t\t\t\t<\/div>\n\t\t\t\n\t\t\t\t\t\t\t\t\t\t\t\t<div class=\"wd-post-excerpt entry-content\">\n\t\t\t\t\t\t<div class=\"wpb-content-wrapper\"><div class=\"vc_row wpb_row vc_row-fluid\"><div class=\"wpb_column vc_column_container vc_col-sm-12\"><div class=\"vc_column-inner\"><div class=\"wpb_wrapper\">\n\t<div class=\"wpb_text_column wpb_content_element texto_parrafo text-larger\" >\n\t\t<div class=\"wpb_wrapper\">\n\t\t\t<p>Por: <strong>Megan Hill<\/strong><br \/>\nFuente: <a href=\"https:\/\/www.coalicionporelevangelio.org\/articulo\/hijos-no-les-gusta-iglesia\/\" target=\"_blank\" rel=\"noopener noreferrer\">Coalici\u00f3n por el Evangelio<\/a><\/p>\n<p>Para las familias con ni\u00f1os, los domingos por la ma\u00f1ana pueden ser un teatro para el drama espiritual. Ya sea que tengas ni\u00f1os peque\u00f1os que gritan porque sus zapatos de la iglesia le aprietan o adolescentes que salen 15 minutos tarde con toda su calma, no es f\u00e1cil llegar a la iglesia. La lucha no se detiene necesariamente una vez que est\u00e1s en el carro. Los ni\u00f1os a menudo se quejan de sus clases de escuela dominical, se quejan del tiempo de koinon\u00eda, balbucean los himnos y est\u00e1n intranquilos durante el serm\u00f3n. Sus objeciones son muchas y las expresan con franqueza: muy largo, muy silencioso, muy inc\u00f3modo, muy aburrido. A veces, a nuestros hijos simplemente no les gusta ir a la iglesia.<\/p>\n<p>Como adulta que fue criada en la iglesia y que ahora es madre de un ni\u00f1o peque\u00f1o y un adolescente (m\u00e1s dos ni\u00f1os en el medio), estoy muy familiarizada con estos obst\u00e1culos. Sin embargo, estoy convencida de que vale la pena superarlos.<\/p>\n<p>Cuando nuestros hijos se resisten a la iglesia, nuestra primera inclinaci\u00f3n puede ser escapar del inc\u00f3modo ritual semanal. Todos conocemos a padres que han exigido que su iglesia modifique la adoraci\u00f3n para adaptarla a sus hijos o que comienzan a buscar otra iglesia, una con un horario o estilo que entienden ser\u00e1 m\u00e1s atractiva. O simplemente dejan de ir por completo. Quiz\u00e1s hayas tenido la tentaci\u00f3n de hacer lo mismo (no me refiero a personas impedidas de asistir debido a restricciones o preocupaciones por la\u00a0<a href=\"https:\/\/www.coalicionporelevangelio.org\/temas\/coronavirus-covid-19\/\">COVID-19<\/a>).<\/p>\n<p>Una de las principales responsabilidades de los padres es capacitar a nuestros hijos para que sean adoradores. Llevar a nuestros hijos a la iglesia, les guste o no, es un acto esencial de discipulado. La iglesia local puede no parecer emocionante, pero cuando los miembros del pueblo de Dios adoran juntos en esp\u00edritu y en verdad, estamos obedeciendo al Padre y tenemos comuni\u00f3n con Cristo (<a class=\"rtBibleRef\" href=\"https:\/\/biblia.com\/bible\/nblh\/Juan%204.23-26?culture=es\" target=\"_blank\" rel=\"noopener\" data-reference=\"Juan 4.23-26\" data-version=\"nblh\" data-purpose=\"bible-reference\">Jn 4:23-26<\/a>). Cuando los padres se comprometen a ser fieles semanalmente en las iglesias que proclaman el evangelio, les ense\u00f1amos a nuestros hijos que no hay nada m\u00e1s importante para sus almas.<\/p>\n<p>Entonces, cuando tus ni\u00f1os peque\u00f1os o adolescentes no quieran ir a la iglesia, ora pidiendo la ayuda del Esp\u00edritu Santo. Despu\u00e9s involucra sus corazones de cinco maneras.<\/p>\n<h3><b>1. Reconoce las experiencias de los ni\u00f1os<\/b><\/h3>\n<p>La iglesia no siempre es f\u00e1cil para los ni\u00f1os y est\u00e1 bien reconocerlo. Si son adolescentes, la iglesia puede parecer aburrida o restrictiva (<i>\u00a1tengo que quedarme quieto! \u00a1Tengo que estar callado y escuchar!<\/i>); si son j\u00f3venes, a\u00fan puede parecerles aburrida o restrictiva (<i>\u00a1se parece demasiado a la escuela! \u00a1Preferir\u00eda estar haciendo otra cosa!<\/i>). Podemos escuchar las experiencias de nuestros hijos e incluso mostrar empat\u00eda. La iglesia local, una reuni\u00f3n sin pretensiones de gente com\u00fan involucrada en pr\u00e1cticas predecibles, tampoco es siempre f\u00e1cil para los adultos. Podemos confesar que a veces nos sentimos igual que ellos.<\/p>\n<h3><b>2. Elimina los obst\u00e1culos pr\u00e1cticos<\/b><\/h3>\n<p>Habiendo escuchado las inquietudes de nuestros hijos, podemos evaluar los problemas subyacentes. A veces, a nuestros hijos no les gusta la iglesia por razones que no son necesariamente espirituales y, en su mayor\u00eda, se pueden arreglar. Tambi\u00e9n podemos ser comprensivos aqu\u00ed. Como adulto, es probable que hayas descubierto algunas estrategias pr\u00e1cticas (caf\u00e9, zapatos c\u00f3modos, almuerzos hechos en ollas el\u00e9ctricas de cocci\u00f3n lenta) que te ayudar\u00e1n a participar los domingos o, al menos, evitar\u00e1n que te desconectes. Podemos ayudar a nuestros hijos a hacer lo mismo.<\/p>\n<p>Los ni\u00f1os peque\u00f1os, por ejemplo, pueden poner resistencia a tener que sentarse en el culto porque les da hambre a las 11 am. Darles un bocadillo antes del culto demuestra tu preocupaci\u00f3n por sus cuerpos y calma sus est\u00f3magos quejumbrosos. De igual manera, los bol\u00edgrafos y el papel para tomar notas de los sermones pueden darle algo que hacer a las manos inquietas y las mentes distra\u00eddas. Usar ropa c\u00f3moda de iglesia puede evitar la inevitable picaz\u00f3n y la inquietud provocada por las etiquetas y las corbatas.<\/p>\n<p>Los ni\u00f1os mayores y los adolescentes pueden tropezar con otros obst\u00e1culos: cansancio, timidez, miedo a perderse algo. Los padres pueden ayudarlos. Establecer una hora razonable para ir a la cama el s\u00e1bado por la noche har\u00e1 que el despertador del domingo por la ma\u00f1ana sea menos discordante. Llegar temprano a la iglesia evitar\u00e1 que un p\u00fablico vergonzoso camine por el pasillo hacia los \u00fanicos asientos vac\u00edos. Establecer h\u00e1bitos familiares claros, consistentes y alegres para los domingos ayudar\u00e1 a aliviar el dolor de las actividades perdidas.<\/p>\n<h3><b>3. Ense\u00f1a a los ni\u00f1os que la iglesia es buena<\/b><\/h3>\n<p>Por supuesto, no podemos eliminar todas las dificultades. Las personas espec\u00edficas que componen nuestra iglesia, los elementos de nuestra adoraci\u00f3n colectiva e incluso el objeto divino de nuestra adoraci\u00f3n pueden ser obst\u00e1culos para nuestros hijos, pero son obst\u00e1culos que no podemos cambiar simplemente para adaptarlos a ellos.<\/p>\n<p>Aqu\u00ed es donde hacemos exactamente lo que siempre hemos hecho como padres: instruimos con amor a nuestros hijos. Cuando los ni\u00f1os peque\u00f1os exigen helado y dulces para la cena, les decimos que el pollo y el br\u00f3coli son mucho mejores para sus cuerpos, e insistimos en que los coman con regularidad. Cuando se trata de la iglesia, a nuestros ni\u00f1os tampoco les gusta siempre lo bueno. Nuestro trabajo es instruirlos.<\/p>\n<p>Primero, damos el ejemplo con nuestras propias acciones y actitudes. Los ni\u00f1os deben escuchar a sus padres orar por la iglesia: dar gracias por los ancianos, pedirle a Dios que bendiga la adoraci\u00f3n e interceder por las necesidades de los miembros de la iglesia. Los viernes y s\u00e1bados, debemos comenzar a prepararnos para el domingo con una actitud de gozosa anticipaci\u00f3n. Los domingos por la tarde, podemos hablar sobre c\u00f3mo el serm\u00f3n de la ma\u00f1ana nos convenci\u00f3 de pecado y nos ayud\u00f3 a amar m\u00e1s a Cristo. Nuestro propio amor genuino por la iglesia es un testimonio convincente para nuestros hijos.<\/p>\n<p>Por encima de eso, debemos ayudar a nuestros hijos a entender la adoraci\u00f3n. A lo largo de la semana o a trav\u00e9s de susurros en las sillas, les explicamos que la adoraci\u00f3n es nuestra oportunidad de escuchar a Dios hablarnos (cuando se lee y predica la Biblia) y de hablar con Dios (en oraci\u00f3n y canci\u00f3n). Tambi\u00e9n les decimos por qu\u00e9 hacemos estas cosas. Independientemente de lo que pueda suponer un ni\u00f1o de 4 o 14 a\u00f1os, la adoraci\u00f3n en la iglesia no es algo que la gente haya inventado.\u00a0<i>Dios<\/i>\u00a0nos manda a reunirnos para adorar (<a class=\"rtBibleRef\" href=\"https:\/\/biblia.com\/bible\/nblh\/Heb%2010.24-25?culture=es\" target=\"_blank\" rel=\"noopener\" data-reference=\"Heb 10.24-25\" data-version=\"nblh\" data-purpose=\"bible-reference\">He 10:24-25<\/a>), cantar alabanzas juntos (<a class=\"rtBibleRef\" href=\"https:\/\/biblia.com\/bible\/nblh\/Col%203.16?culture=es\" target=\"_blank\" rel=\"noopener\" data-reference=\"Col 3.16\" data-version=\"nblh\" data-purpose=\"bible-reference\">Col 3:16<\/a>), escuchar la predicaci\u00f3n (<a class=\"rtBibleRef\" href=\"https:\/\/biblia.com\/bible\/nblh\/1%20Ts%202.13?culture=es\" target=\"_blank\" rel=\"noopener\" data-reference=\"1 Ts 2.13\" data-version=\"nblh\" data-purpose=\"bible-reference\">1 Ts 2:13<\/a>), orar juntos (<a class=\"rtBibleRef\" href=\"https:\/\/biblia.com\/bible\/nblh\/Efe%206.18?culture=es\" target=\"_blank\" rel=\"noopener\" data-reference=\"Efe 6.18\" data-version=\"nblh\" data-purpose=\"bible-reference\">Ef 6:18<\/a>) y dar generosamente (<a class=\"rtBibleRef\" href=\"https:\/\/biblia.com\/bible\/nblh\/2%20Cor%209.7?culture=es\" target=\"_blank\" rel=\"noopener\" data-reference=\"2 Cor 9.7\" data-version=\"nblh\" data-purpose=\"bible-reference\">2 Co 9:7<\/a>).<\/p>\n<p>Luego aprovechamos cada oportunidad para mostrarles a partir de las Escrituras que pertenecer a la iglesia es esencial para los creyentes. Cuando ense\u00f1amos historias b\u00edblicas a los peque\u00f1os, destacamos el hecho de que Ad\u00e1n, No\u00e9 y Abraham adoraron con el resto del pueblo de Dios. Reunirse para adorar es simplemente lo que\u00a0<i>hacen<\/i>\u00a0los seguidores de Dios. A los ni\u00f1os mayores les ense\u00f1amos que las ep\u00edstolas del Nuevo Testamento no fueron escritas principalmente para individuos sino para iglesias del primer siglo. Esos vers\u00edculos que frecuentemente memorizamos con mandatos de orar (<a class=\"rtBibleRef\" href=\"https:\/\/biblia.com\/bible\/nblh\/1%20Ts%205.17?culture=es\" target=\"_blank\" rel=\"noopener\" data-reference=\"1 Ts 5.17\" data-version=\"nblh\" data-purpose=\"bible-reference\">1 Ts 5:17<\/a>) o buscar la santidad (<a class=\"rtBibleRef\" href=\"https:\/\/biblia.com\/bible\/nblh\/1%20Ped%201.15?culture=es\" target=\"_blank\" rel=\"noopener\" data-reference=\"1 Ped 1.15\" data-version=\"nblh\" data-purpose=\"bible-reference\">1 P 1:15<\/a>) son en realidad tareas que toda la iglesia debe hacer junta. A los adolescentes les recordamos que su futuro principal no est\u00e1 en formar parte del equipo de baloncesto o entrar en esa universidad de \u00e9lite; su futuro principal es como adorador en la iglesia celestial (<a class=\"rtBibleRef\" href=\"https:\/\/biblia.com\/bible\/nblh\/Apoc%207.9?culture=es\" target=\"_blank\" rel=\"noopener\" data-reference=\"Apoc 7.9\" data-version=\"nblh\" data-purpose=\"bible-reference\">Ap 7:9<\/a>).<\/p>\n<p>Meditar en estas verdades puede impulsar a toda la familia a amar a la iglesia que Dios ama, a\u00fan cuando es dif\u00edcil quedarse quieto.<\/p>\n<h3><b>4. Afirma el valor de los ni\u00f1os en el reino de Dios<\/b><\/h3>\n<p>A veces a los ni\u00f1os no les gusta la iglesia porque sienten que no pertenecen. Asumen que el serm\u00f3n no est\u00e1 dirigido a ellos, que nadie en la iglesia se preocupa por ellos y que los domingos por la ma\u00f1ana simplemente est\u00e1n calentando asientos. Los padres debemos contrarrestar intencional y regularmente estas suposiciones falsas afirmando el valor del reino para los ni\u00f1os.<\/p>\n<p>El mismo Cristo que dio la bienvenida a los ni\u00f1os en sus brazos y su reino les da la bienvenida a nuestros hijos en su iglesia hoy (<a class=\"rtBibleRef\" href=\"https:\/\/biblia.com\/bible\/nblh\/Mat%2019.13-15?culture=es\" target=\"_blank\" rel=\"noopener\" data-reference=\"Mat 19.13-15\" data-version=\"nblh\" data-purpose=\"bible-reference\">Mt 19:13-15<\/a>). Las congregaciones del Antiguo Testamento (por ejemplo,\u00a0<a class=\"rtBibleRef\" href=\"https:\/\/biblia.com\/bible\/nblh\/Esd%2010.1?culture=es\" target=\"_blank\" rel=\"noopener\" data-reference=\"Esd 10.1\" data-version=\"nblh\" data-purpose=\"bible-reference\">Esd 10:1<\/a>) y las iglesias del Nuevo Testamento (por ejemplo,\u00a0<a class=\"rtBibleRef\" href=\"https:\/\/biblia.com\/bible\/nblh\/Col%203.20?culture=es\" target=\"_blank\" rel=\"noopener\" data-reference=\"Col 3.20\" data-version=\"nblh\" data-purpose=\"bible-reference\">Col 3:20<\/a>) inclu\u00edan ni\u00f1os, por lo que las palabras de la Biblia, ya sea que se lean o se prediquen, est\u00e1n destinadas a los ni\u00f1os. Sus oraciones son armas espirituales (<a class=\"rtBibleRef\" href=\"https:\/\/biblia.com\/bible\/nblh\/Sal%208.2?culture=es\" target=\"_blank\" rel=\"noopener\" data-reference=\"Sal 8.2\" data-version=\"nblh\" data-purpose=\"bible-reference\">Sal 8:2<\/a>), sus alabanzas son adoraci\u00f3n importante (<a class=\"rtBibleRef\" href=\"https:\/\/biblia.com\/bible\/nblh\/Mat%2021.9-11?culture=es\" target=\"_blank\" rel=\"noopener\" data-reference=\"Mat 21.9-11\" data-version=\"nblh\" data-purpose=\"bible-reference\">Mt 21:9-11<\/a>,\u00a0<a class=\"rtBibleRef\" href=\"https:\/\/biblia.com\/bible\/nblh\/Mt%2021.15-16?culture=es\" target=\"_blank\" rel=\"noopener\" data-reference=\"Mt 21.15-16\" data-version=\"nblh\" data-purpose=\"bible-reference\">15-16<\/a>), y su ejemplo piadoso anima a toda la congregaci\u00f3n en santidad (<a class=\"rtBibleRef\" href=\"https:\/\/biblia.com\/bible\/nblh\/1%20Tim%204.12?culture=es\" target=\"_blank\" rel=\"noopener\" data-reference=\"1 Tim 4.12\" data-version=\"nblh\" data-purpose=\"bible-reference\">1 Ti 4:12<\/a>). Lejos de ser un elemento secundario de la iglesia local, los ni\u00f1os son vitales.<\/p>\n<h3><b>5. Invita a los ni\u00f1os a participar<\/b><\/h3>\n<p>Finalmente, invitamos a nuestros hijos a colaborar. No les pedimos que amen a la iglesia de manera abstracta; les pedimos que amen a su propia iglesia de manera concreta. A su vez, estos actos de amor obediente son herramientas que el Esp\u00edritu usa para unir a nuestros hijos con la iglesia y cultivar sentimientos de amor en sus corazones.<\/p>\n<p>Los llamamos a estar presentes en la adoraci\u00f3n, a escuchar activamente la Palabra y a cantar con entusiasmo sin importar cu\u00e1n desafinadas sean sus voces.<\/p>\n<p>Tambi\u00e9n los llamamos a servir. A\u00fan los ni\u00f1os m\u00e1s peque\u00f1os pueden acompa\u00f1arnos cuando visitamos a las viudas de la iglesia. Los ni\u00f1os pueden orar por los creyentes perseguidos en todo el mundo y por los incr\u00e9dulos de su propia comunidad. Pueden dar monedas de sus alcanc\u00edas para apoyar el ministerio del evangelio. Pueden limpiar las mesas, trapear los pisos y recoger la basura. Pueden sonre\u00edr y hacer amigos. Con nuestro apoyo y \u00e1nimo, nuestros ni\u00f1os pueden usar sus dones para el beneficio del cuerpo de Cristo.<\/p>\n<p>Me gustar\u00eda poder decir que estas cinco pr\u00e1cticas tendr\u00e1n un efecto inmediato en la vida de hijos reacios. Podr\u00edan. Pero, de nuevo, es posible que no. Por eso buscamos la ayuda del Esp\u00edritu Santo y perseveramos. A nuestros hijos puede que no les guste la iglesia este domingo, el pr\u00f3ximo domingo o dentro de cinco a\u00f1os. Pero ense\u00f1arles a amar \u201cla iglesia de Dios, la cual \u00c9l compr\u00f3 con Su propia sangre\u201d (<a class=\"rtBibleRef\" href=\"https:\/\/biblia.com\/bible\/nblh\/Hech%2020.28?culture=es\" target=\"_blank\" rel=\"noopener\" data-reference=\"Hech 20.28\" data-version=\"nblh\" data-purpose=\"bible-reference\">Hch 20:28<\/a>) vale cada sacrificio que hagamos.<\/p>\n<hr \/>\n<h6>Publicado originalmente en\u00a0<a href=\"https:\/\/www.thegospelcoalition.org\/article\/kids-dont-like-church\/\"><i>The Gospel Coalition<\/i><\/a><i>.<\/i>\u00a0Traducido por Equipo Coalici\u00f3n.<\/h6>\n\n\t\t<\/div>\n\t<\/div>\n<\/div><\/div><\/div><\/div><div class=\"vc_row wpb_row vc_row-fluid vc_custom_1615074577655 vc_row-has-fill\"><div class=\"wpb_column vc_column_container vc_col-sm-12\"><div class=\"vc_column-inner\"><div class=\"wpb_wrapper\">\t\t\t<div class=\"info-box-wrapper inline-element\">\n\t\t\t\t<div id=\"wd-6139217638744\" class=\" wd-rs-6139217638744 wd-info-box wd-wpb text-left box-icon-align-left box-style- color-scheme- wd-bg-none wd-items-top \">\n\t\t\t\t\t\t\t\t\t\t<div class=\"info-box-content\">\n\t\t\t\t\t\t<h4 class=\"info-box-title title box-title-style-default wd-fontsize-m\">Sobre la autora...<\/h4>\t\t\t\t\t\t<div class=\"info-box-inner reset-last-child\"><p><strong>Megan Hill<\/strong>\u00a0es esposa de pastor, vive en Massachussets. Es editora para\u00a0<em>The Gospel Coalition<\/em>\u00a0y autora de tres libros:\u00a0<a href=\"https:\/\/www.amazon.com\/Praying-Together-Priority-Privilege-Communities\/dp\/1433550512\/?tag=thegospcoal-20\"><em>Praying Together: The Priority and Privilege of Prayer: In Our Homes, Communities, and Churches<\/em><\/a>\u00a0[Orando juntos: La prioridad y el privilegio de la oraci\u00f3n: en nuestros hogares, comunidades, e iglesias] (Crossway\/TGC, 2016),\u00a0<em><a href=\"https:\/\/www.amazon.com\/Contentment-Seeing-Goodness-31-Day-Devotionals\/dp\/1629954888\/?tag=thegospcoal-20\">Contentment: Seeing God\u2019s Goodness<\/a>\u00a0<\/em>[Contentamiento: Viendo la bondad de Dios] (P&amp;R, 2018) y\u00a0<a href=\"https:\/\/www.amazon.com\/Place-Belong-Learning-Local-Church\/dp\/1433563738\/?tag=thegospcoal-20\"><em>A Place to Belong: Learning to Love the Local Church\u00a0<\/em><\/a>[Un lugar al que pertenecer: Aprendiendo a amar la iglesia local] (Crossway, May 2020).<\/p>\n<\/div>\n\n\t\t\t\t\t\t\t\t\t\t\t<\/div>\n\n\t\t\t\t\t\n\t\t\t\t\t<style>#wd-6139217638744 .info-box-icon {background-color:  !important;}<\/style>\t\t\t\t<\/div>\n\t\t\t<\/div>\n\t\t<\/div><\/div><\/div><\/div>\n<\/div>\t\t\t\t\t<\/div>\n\t\t\t\t\n\t\t\t\t\t\t\t\t\t<\/div>\n\t<\/div>\n<\/article>\n\n\t\t\t\t\t\t\t\t\t\t\t\n<article id=\"post-59671\" class=\"wd-post blog-design-chess blog-post-loop blog-design-small-images blog-style-bg wd-add-shadow wd-col post-59671 post type-post status-publish format-standard has-post-thumbnail hentry category-edificacion-de-la-iglesia\">\n\t<div class=\"wd-post-inner article-inner\">\n\t\t\t\t\t<div class=\"wd-post-thumb entry-header\">\n\t\t\t\t\t\t\t\t\t<div class=\"wd-post-img post-img-wrapp\">\n\t\t\t\t\t\t<img width=\"320\" height=\"160\" src=\"https:\/\/desarrollocristiano.pe\/wp-content\/uploads\/2021\/07\/peru-320x160.jpg\" class=\"attachment-large size-large\" alt=\"\" decoding=\"async\" loading=\"lazy\" srcset=\"https:\/\/desarrollocristiano.pe\/wp-content\/uploads\/2021\/07\/peru-320x160.jpg 320w, https:\/\/desarrollocristiano.pe\/wp-content\/uploads\/2021\/07\/peru-600x300.jpg 600w, https:\/\/desarrollocristiano.pe\/wp-content\/uploads\/2021\/07\/peru-150x75.jpg 150w, https:\/\/desarrollocristiano.pe\/wp-content\/uploads\/2021\/07\/peru.jpg 700w\" sizes=\"auto, (max-width: 320px) 100vw, 320px\" \/>\t\t\t\t\t<\/div>\n\t\t\t\t\t<a class=\"wd-fill\" href=\"https:\/\/desarrollocristiano.pe\/somos-libres-seamoslo-siempre\/\"><\/a>\n\t\t\t\t\n\t\t\t\t\t\t\t\t\t\t\t\t<div class=\"wd-post-date wd-style-with-bg\">\n\t\t\t\t<span class=\"post-date-day\">\n\t\t\t\t\t28\t\t\t\t<\/span>\n\t\t\t\t<span class=\"post-date-month\">\n\t\t\t\t\tJul\t\t\t\t<\/span>\n\t\t\t<\/div>\n\t\t\t\t\t\t\t\t\t<\/div>\n\t\t\n\t\t<div class=\"wd-post-content article-body-container\">\n\t\t\t\t\t\t\t<div class=\"wd-post-cat wd-style-with-bg meta-post-categories\">\n\t\t\t\t\t<a href=\"https:\/\/desarrollocristiano.pe\/categorias\/edificacion-de-la-iglesia\/\" rel=\"category tag\">Edificaci\u00f3n de la Iglesia<\/a>\t\t\t\t<\/div>\n\t\t\t\n\t\t\t\t\t\t\t<h3 class=\"wd-post-title wd-entities-title title post-title\">\n\t\t\t\t\t<a href=\"https:\/\/desarrollocristiano.pe\/somos-libres-seamoslo-siempre\/\" rel=\"bookmark\">\u00bfSOMOS LIBRES, SE\u00c1MOSLO SIEMPRE?<\/a>\n\t\t\t\t<\/h3>\n\t\t\t\n\t\t\t\t\t\t\t<div class=\"wd-post-meta\">\n\t\t\t\t\t\t\t\t\t\t\t\t\t\t\t<div class=\"wd-post-author\">\n\t\t\t\t\t\t\t\t\t\t\t<span>Posteado por<\/span>\n\t\t\n\t\t\t\t\t<img alt='author-avatar' src='https:\/\/secure.gravatar.com\/avatar\/8f331515e2139e7ffacac78d5e21bc88ee625065cad5d063ef4da73b7cbcfc2d?s=18&#038;d=mm&#038;r=g' srcset='https:\/\/secure.gravatar.com\/avatar\/8f331515e2139e7ffacac78d5e21bc88ee625065cad5d063ef4da73b7cbcfc2d?s=36&#038;d=mm&#038;r=g 2x' class='avatar avatar-18 photo' height='18' width='18' loading='lazy' decoding='async'\/>\t\t\n\t\t\t\t\t<a href=\"https:\/\/desarrollocristiano.pe\/author\/aprnimda7720\/\" class=\"author\" rel=\"author\">Administrador<\/a>\n\t\t\t\t\t\t\t\t\t<\/div>\n\t\t\t\t\t<div class=\"wd-modified-date\">\n\t\t\t\t\t\t\t\t<time class=\"updated\" datetime=\"2021-07-27T19:48:34-05:00\">\n\t\t\t27\/07\/2021\t\t<\/time>\n\t\t\t\t\t\t\t<\/div>\n\n\t\t\t\t\t\t\t\t\t\t\t<div class=\"wd-post-share wd-tltp\">\n\t\t\t\t\t\t\t<div class=\"tooltip top\">\n\t\t\t\t\t\t\t\t<div class=\"tooltip-inner\">\n\t\t\t\t\t\t\t\t\t\t\t\t<div\n\t\t\t\t\t\tclass=\" wd-social-icons  wd-style-default wd-size-small social-share wd-shape-circle color-scheme-light text-center\">\n\t\t\t\t\n\t\t\t\t\n\t\t\t\t\t\t\t\t\t<a rel=\"noopener noreferrer nofollow\" href=\"https:\/\/www.facebook.com\/sharer\/sharer.php?u=https:\/\/desarrollocristiano.pe\/articulos-pastorales\/\" target=\"_blank\" class=\" wd-social-icon social-facebook\" aria-label=\"Facebook social link\">\n\t\t\t\t\t\t<span class=\"wd-icon\"><\/span>\n\t\t\t\t\t\t\t\t\t\t\t<\/a>\n\t\t\t\t\n\t\t\t\t\t\t\t\t\t<a rel=\"noopener noreferrer nofollow\" href=\"https:\/\/x.com\/share?url=https:\/\/desarrollocristiano.pe\/articulos-pastorales\/\" target=\"_blank\" class=\" wd-social-icon social-twitter\" aria-label=\"X social link\">\n\t\t\t\t\t\t<span class=\"wd-icon\"><\/span>\n\t\t\t\t\t\t\t\t\t\t\t<\/a>\n\t\t\t\t\n\t\t\t\t\n\t\t\t\t\t\t\t\t\t<a rel=\"noopener noreferrer nofollow\" href=\"mailto:?subject=Check%20this%20https:\/\/desarrollocristiano.pe\/articulos-pastorales\/\" target=\"_blank\" class=\" wd-social-icon social-email\" aria-label=\"Email social link\">\n\t\t\t\t\t\t<span class=\"wd-icon\"><\/span>\n\t\t\t\t\t\t\t\t\t\t\t<\/a>\n\t\t\t\t\n\t\t\t\t\n\t\t\t\t\n\t\t\t\t\n\t\t\t\t\t\t\t\t\t<a rel=\"noopener noreferrer nofollow\" href=\"https:\/\/pinterest.com\/pin\/create\/button\/?url=https:\/\/desarrollocristiano.pe\/articulos-pastorales\/&media=https:\/\/desarrollocristiano.pe\/wp-content\/uploads\/2021\/07\/peru.jpg&description=%C2%BFSOMOS+LIBRES%2C+SE%C3%81MOSLO+SIEMPRE%3F\" target=\"_blank\" class=\" wd-social-icon social-pinterest\" aria-label=\"Pinterest social link\">\n\t\t\t\t\t\t<span class=\"wd-icon\"><\/span>\n\t\t\t\t\t\t\t\t\t\t\t<\/a>\n\t\t\t\t\n\t\t\t\t\n\t\t\t\t\t\t\t\t\t<a rel=\"noopener noreferrer nofollow\" href=\"https:\/\/www.linkedin.com\/shareArticle?mini=true&url=https:\/\/desarrollocristiano.pe\/articulos-pastorales\/\" target=\"_blank\" class=\" wd-social-icon social-linkedin\" aria-label=\"Linkedin social link\">\n\t\t\t\t\t\t<span class=\"wd-icon\"><\/span>\n\t\t\t\t\t\t\t\t\t\t\t<\/a>\n\t\t\t\t\n\t\t\t\t\n\t\t\t\t\n\t\t\t\t\n\t\t\t\t\n\t\t\t\t\n\t\t\t\t\n\t\t\t\t\n\t\t\t\t\n\t\t\t\t\t\t\t\t\t<a rel=\"noopener noreferrer nofollow\" href=\"https:\/\/api.whatsapp.com\/send?text=https%3A%2F%2Fdesarrollocristiano.pe%2Farticulos-pastorales%2F\" target=\"_blank\" class=\"wd-hide-md  wd-social-icon social-whatsapp\" aria-label=\"WhatsApp social link\">\n\t\t\t\t\t\t<span class=\"wd-icon\"><\/span>\n\t\t\t\t\t\t\t\t\t\t\t<\/a>\n\n\t\t\t\t\t<a rel=\"noopener noreferrer nofollow\" href=\"whatsapp:\/\/send?text=https%3A%2F%2Fdesarrollocristiano.pe%2Farticulos-pastorales%2F\" target=\"_blank\" class=\"wd-hide-lg  wd-social-icon social-whatsapp\" aria-label=\"WhatsApp social link\">\n\t\t\t\t\t\t<span class=\"wd-icon\"><\/span>\n\t\t\t\t\t\t\t\t\t\t\t<\/a>\n\t\t\t\t\n\t\t\t\t\n\t\t\t\t\n\t\t\t\t\n\t\t\t\t\n\t\t\t\t\n\t\t\t\t\t\t\t\t\t<a rel=\"noopener noreferrer nofollow\" href=\"https:\/\/telegram.me\/share\/url?url=https:\/\/desarrollocristiano.pe\/articulos-pastorales\/\" target=\"_blank\" class=\" wd-social-icon social-tg\" aria-label=\"Telegram social link\">\n\t\t\t\t\t\t<span class=\"wd-icon\"><\/span>\n\t\t\t\t\t\t\t\t\t\t\t<\/a>\n\t\t\t\t\n\t\t\t\t\n\t\t\t<\/div>\n\n\t\t\t\t\t\t\t\t\t\t<\/div>\n\t\t\t\t\t\t\t\t<div class=\"tooltip-arrow\"><\/div>\n\t\t\t\t\t\t\t<\/div>\n\t\t\t\t\t\t<\/div>\n\t\t\t\t\t\n\t\t\t\t\t\t\t\t\t\t\t\t\t\t\t\t\t<div class=\"wd-post-reply wd-style-1\">\n\t\t\t\t\t\t\t<a href=\"https:\/\/desarrollocristiano.pe\/somos-libres-seamoslo-siempre\/#respond\"><span class=\"wd-replies-count\">0<\/span><\/a>\t\t\t\t\t\t<\/div>\n\t\t\t\t\t\t\t\t\t<\/div>\n\t\t\t\n\t\t\t\t\t\t\t\t\t\t\t\t<div class=\"wd-post-excerpt entry-content\">\n\t\t\t\t\t\t<div class=\"wpb-content-wrapper\"><div class=\"vc_row wpb_row vc_row-fluid\"><div class=\"wpb_column vc_column_container vc_col-sm-12\"><div class=\"vc_column-inner\"><div class=\"wpb_wrapper\">\n\t<div class=\"wpb_text_column wpb_content_element texto_parrafo text-larger\" >\n\t\t<div class=\"wpb_wrapper\">\n\t\t\t<p>Por: <a href=\"https:\/\/www.facebook.com\/francisco.vergara.5836711\"><b>Francisco Vergara<\/b><\/a><b><\/b><\/p>\n<p>En el Per\u00fa se celebra la independencia el 28 de julio. Este significativo momento ocurri\u00f3 hace 200 a\u00f1os. Para conmemorar la independencia se realiz\u00f3 un concurso p\u00fablico para establecer el Himno Nacional del Per\u00fa (llamado originalmente Marcha Nacional del Per\u00fa), el mismo que fue estrenado el 23 de setiembre de 1821. La letra es de Jos\u00e9 de la Torre Ugarte y la m\u00fasica fue compuesta por Jos\u00e9 Bernardo Alcedo. La primera int\u00e9rprete fue Rosa Merino en la fecha indicada. Durante algunos a\u00f1os, desde 1840, se introdujo una estrofa ap\u00f3crifa y an\u00f3nima, que se entonaba como primera, aludiendo al sufrimiento silencioso de los peruanos. Al descubrirse su car\u00e1cter ap\u00f3crifo se discuti\u00f3 y, despu\u00e9s de muchas idas y venidas en 2005, el Tribunal Constitucional establece que la estrofa espuria, aunque tal, debe continuar consider\u00e1ndose como s\u00edmbolo patrio. Reci\u00e9n a partir del a\u00f1o 2009 se decidi\u00f3 que en las ceremonias oficiales debe entonarse el coro y la \u00faltima estrofa, que a continuaci\u00f3n mencionamos:<\/p>\n<blockquote><p>\nCoro:\u00a0<em>Somos libres, se\u00e1moslo siempre, \/ se\u00e1moslo siempre \/ y antes niegue sus luces, \/ sus luces, sus luces el Sol \/ que faltemos al voto solemne \/ que la Patria al Eterno elev\u00f3 \/ que faltemos al voto solemne \/ que la Patria al Eterno elev\u00f3 \/ que faltemos al voto solemne \/ que la Patria al Eterno elev\u00f3.<\/em>\n<\/p><\/blockquote>\n<blockquote><p>\nEstrofa VI:\u00a0<em>En su cima los andes sostengan \/ la bandera o pend\u00f3n bicolor \/ que a los siglos anuncie el esfuerzo \/ que ser libres, que ser libres, \/ que ser libres por siempre nos dio \/ a su sombra vivamos tranquilos \/ y al nacer por sus cumbres el sol \/ renovemos el gran juramento \/ que rendimos, que rendimos, \/ que rendimos al Dios de Jacob, \/ que rendimos al Dios de Jacob, \/ al Dios de Jacob.<\/em>\n<\/p><\/blockquote>\n<p>Como se aprecia, tanto el coro como la sexta estrofa, hacen una referencia al Dios Eterno, al Dios de Jacob. Eso, sin duda, alude a la experiencia cultural de un pa\u00eds dominado por la religiosidad, algo que nos acompa\u00f1a hasta nuestros d\u00edas. Pero, podemos cantar sin ruborizarnos: Somos libres, se\u00e1moslo siempre. Nuestra pregunta no es pol\u00edtica, como podr\u00eda suponerse dado el contexto de cambio de gobierno en el que estamos inmersos, con las controversias propias de una situaci\u00f3n como ella.<\/p>\n<p>\u00bfSomos libres, se\u00e1moslo siempre? Aunque la letra del himno nacional del Per\u00fa es entonada con mucho fervor y sentimiento patri\u00f3tico en las ceremonias oficiales, y aunque al terminar de entonarse se grite con mucha fuerza tambi\u00e9n: \u00a1Viva el Per\u00fa!, como cristianos nos podemos preguntar con total legitimidad: \u00bfSomos libres?, \u00bfde qu\u00e9 somos libres? El himno alude solamente a una realidad pol\u00edtica: la independencia de Espa\u00f1a; pero hay otra dependencia o esclavitud mucho m\u00e1s sutil, pero igualmente real y nociva para la vida social, en comunidad, la esclavitud del pecado.<\/p>\n<p>La \u00fanica salida para esa dependencia es venir a Cristo: As\u00ed que, si el Hijo os libertare, ser\u00e9is verdaderamente libres (Jn. 8:36). El contexto de esa afirmaci\u00f3n es un di\u00e1logo entre el Se\u00f1or Jes\u00fas y los jud\u00edos que le segu\u00edan. Al parecer quer\u00edan desconocer su historia: Linaje de Abraham somos, y jam\u00e1s hemos sido esclavos de nadie (Jn. 8:33). Ellos hab\u00edan estado bajo el yugo egipcio m\u00e1s de 400 a\u00f1os, luego de manera intermitente y sucesiva fueron dominados por una serie de potencias mundiales que emergieron, y en ese mismo instante estaban bajo el yugo del poder romano. \u00bfC\u00f3mo pod\u00edan decir que no hab\u00edan sido esclavos de nadie?<\/p>\n<p>No obstante, la intervenci\u00f3n del Se\u00f1or apuntaba en otra direcci\u00f3n: Conocer\u00e9is la verdad, y la verdad os har\u00e1 libres (Jn. 8:32). No se trataba de consideraciones pol\u00edticas, que pueden ser superadas mediante procesos sociales. Se trata de una esclavitud o dependencia espiritual, que es muy grave, porque la mayor\u00eda de las veces no se acepta f\u00e1cilmente (Jn. 8:34). Esta realidad espiritual solo puede ser superada por procesos espirituales. Vivimos una ficci\u00f3n, una ilusi\u00f3n, de ser libres cuando en realidad vivimos en esclavitud de nuestros deseos pecaminosos o de los pecados consuetudinarios. Salir de esa condici\u00f3n y llegar a ser hijos de Dios requiere una intervenci\u00f3n del Esp\u00edritu de Dios, que nos convenza de pecado, de justicia y de juicio; y nos haga venir a Cristo en arrepentimiento y fe.<\/p>\n<p>La verdad, seg\u00fan la Biblia, no la encontramos en una proposici\u00f3n racional, l\u00f3gica, inteligente, coherente; se puede (y debe) expresar en esos t\u00e9rminos, pero est\u00e1 referida a una persona concreta: Jesucristo. Fue \u00c9l quien dijo: Yo soy la verdad (Jn. 14:6). No es solamente que transmite o comunica la verdad, \u00c9l mismo personifica la verdad. Si queremos ser verdaderamente libres debemos venir a Cristo.<\/p>\n<p>Pablo dice en Ro. 6:16-18:<\/p>\n<blockquote><p>\n<sup>16\u00a0<\/sup>\u00bfNo sab\u00e9is que si os somet\u00e9is a alguien como esclavos para obedecerle, sois esclavos de aquel a quien obedec\u00e9is, sea del pecado para muerte, o sea de la obediencia para justicia? <strong><sup>17\u00a0<\/sup><\/strong>Pero gracias a Dios, que aunque erais esclavos del pecado, hab\u00e9is obedecido de coraz\u00f3n a aquella forma de doctrina a la cual fuisteis entregados; <strong><sup>18\u00a0<\/sup><\/strong>y libertados del pecado, vinisteis a ser siervos de la justicia.\n<\/p><\/blockquote>\n<p>De modo que ahora en Cristo somos siervos de la justicia que es en \u00c9l, por la libertad de la esclavitud del pecado. Luego de experimentar esa libertad en Cristo podremos cantar con verdadera convicci\u00f3n: Somos libres, se\u00e1moslo siempre. Dios bendiga a nuestra patria y que los cristianos seamos de bendici\u00f3n para nuestros coterr\u00e1neos y todos aquellos que se albergan en esta tierra.<\/p>\n\n\t\t<\/div>\n\t<\/div>\n<\/div><\/div><\/div><\/div>\n<\/div>\t\t\t\t\t<\/div>\n\t\t\t\t\n\t\t\t\t\t\t\t\t\t<\/div>\n\t<\/div>\n<\/article>\n\n\t\t\t\t\t\t\t\t\t\t\t\n<article id=\"post-59664\" class=\"wd-post blog-design-chess blog-post-loop blog-design-small-images blog-style-bg wd-add-shadow wd-col post-59664 post type-post status-publish format-standard has-post-thumbnail hentry category-vida-cristiana\">\n\t<div class=\"wd-post-inner article-inner\">\n\t\t\t\t\t<div class=\"wd-post-thumb entry-header\">\n\t\t\t\t\t\t\t\t\t<div class=\"wd-post-img post-img-wrapp\">\n\t\t\t\t\t\t<img width=\"320\" height=\"160\" src=\"https:\/\/desarrollocristiano.pe\/wp-content\/uploads\/2021\/07\/cuba-320x160.jpg\" class=\"attachment-large size-large\" alt=\"\" decoding=\"async\" loading=\"lazy\" srcset=\"https:\/\/desarrollocristiano.pe\/wp-content\/uploads\/2021\/07\/cuba-320x160.jpg 320w, https:\/\/desarrollocristiano.pe\/wp-content\/uploads\/2021\/07\/cuba-600x300.jpg 600w, https:\/\/desarrollocristiano.pe\/wp-content\/uploads\/2021\/07\/cuba-150x75.jpg 150w, https:\/\/desarrollocristiano.pe\/wp-content\/uploads\/2021\/07\/cuba.jpg 700w\" sizes=\"auto, (max-width: 320px) 100vw, 320px\" \/>\t\t\t\t\t<\/div>\n\t\t\t\t\t<a class=\"wd-fill\" href=\"https:\/\/desarrollocristiano.pe\/oremos-por-cuba-5-motivos-para-clamar-ante-nuestro-dios\/\"><\/a>\n\t\t\t\t\n\t\t\t\t\t\t\t\t\t\t\t\t<div class=\"wd-post-date wd-style-with-bg\">\n\t\t\t\t<span class=\"post-date-day\">\n\t\t\t\t\t18\t\t\t\t<\/span>\n\t\t\t\t<span class=\"post-date-month\">\n\t\t\t\t\tJul\t\t\t\t<\/span>\n\t\t\t<\/div>\n\t\t\t\t\t\t\t\t\t<\/div>\n\t\t\n\t\t<div class=\"wd-post-content article-body-container\">\n\t\t\t\t\t\t\t<div class=\"wd-post-cat wd-style-with-bg meta-post-categories\">\n\t\t\t\t\t<a href=\"https:\/\/desarrollocristiano.pe\/categorias\/vida-cristiana\/\" rel=\"category tag\">Vida Cristiana<\/a>\t\t\t\t<\/div>\n\t\t\t\n\t\t\t\t\t\t\t<h3 class=\"wd-post-title wd-entities-title title post-title\">\n\t\t\t\t\t<a href=\"https:\/\/desarrollocristiano.pe\/oremos-por-cuba-5-motivos-para-clamar-ante-nuestro-dios\/\" rel=\"bookmark\">Oremos por Cuba: 5 motivos para clamar ante nuestro Dios<\/a>\n\t\t\t\t<\/h3>\n\t\t\t\n\t\t\t\t\t\t\t<div class=\"wd-post-meta\">\n\t\t\t\t\t\t\t\t\t\t\t\t\t\t\t<div class=\"wd-post-author\">\n\t\t\t\t\t\t\t\t\t\t\t<span>Posteado por<\/span>\n\t\t\n\t\t\t\t\t<img alt='author-avatar' src='https:\/\/secure.gravatar.com\/avatar\/8f331515e2139e7ffacac78d5e21bc88ee625065cad5d063ef4da73b7cbcfc2d?s=18&#038;d=mm&#038;r=g' srcset='https:\/\/secure.gravatar.com\/avatar\/8f331515e2139e7ffacac78d5e21bc88ee625065cad5d063ef4da73b7cbcfc2d?s=36&#038;d=mm&#038;r=g 2x' class='avatar avatar-18 photo' height='18' width='18' loading='lazy' decoding='async'\/>\t\t\n\t\t\t\t\t<a href=\"https:\/\/desarrollocristiano.pe\/author\/aprnimda7720\/\" class=\"author\" rel=\"author\">Administrador<\/a>\n\t\t\t\t\t\t\t\t\t<\/div>\n\t\t\t\t\t<div class=\"wd-modified-date\">\n\t\t\t\t\t\t\t\t<time class=\"updated\" datetime=\"2021-07-18T16:33:17-05:00\">\n\t\t\t18\/07\/2021\t\t<\/time>\n\t\t\t\t\t\t\t<\/div>\n\n\t\t\t\t\t\t\t\t\t\t\t<div class=\"wd-post-share wd-tltp\">\n\t\t\t\t\t\t\t<div class=\"tooltip top\">\n\t\t\t\t\t\t\t\t<div class=\"tooltip-inner\">\n\t\t\t\t\t\t\t\t\t\t\t\t<div\n\t\t\t\t\t\tclass=\" wd-social-icons  wd-style-default wd-size-small social-share wd-shape-circle color-scheme-light text-center\">\n\t\t\t\t\n\t\t\t\t\n\t\t\t\t\t\t\t\t\t<a rel=\"noopener noreferrer nofollow\" href=\"https:\/\/www.facebook.com\/sharer\/sharer.php?u=https:\/\/desarrollocristiano.pe\/articulos-pastorales\/\" target=\"_blank\" class=\" wd-social-icon social-facebook\" aria-label=\"Facebook social link\">\n\t\t\t\t\t\t<span class=\"wd-icon\"><\/span>\n\t\t\t\t\t\t\t\t\t\t\t<\/a>\n\t\t\t\t\n\t\t\t\t\t\t\t\t\t<a rel=\"noopener noreferrer nofollow\" href=\"https:\/\/x.com\/share?url=https:\/\/desarrollocristiano.pe\/articulos-pastorales\/\" target=\"_blank\" class=\" wd-social-icon social-twitter\" aria-label=\"X social link\">\n\t\t\t\t\t\t<span class=\"wd-icon\"><\/span>\n\t\t\t\t\t\t\t\t\t\t\t<\/a>\n\t\t\t\t\n\t\t\t\t\n\t\t\t\t\t\t\t\t\t<a rel=\"noopener noreferrer nofollow\" href=\"mailto:?subject=Check%20this%20https:\/\/desarrollocristiano.pe\/articulos-pastorales\/\" target=\"_blank\" class=\" wd-social-icon social-email\" aria-label=\"Email social link\">\n\t\t\t\t\t\t<span class=\"wd-icon\"><\/span>\n\t\t\t\t\t\t\t\t\t\t\t<\/a>\n\t\t\t\t\n\t\t\t\t\n\t\t\t\t\n\t\t\t\t\n\t\t\t\t\t\t\t\t\t<a rel=\"noopener noreferrer nofollow\" href=\"https:\/\/pinterest.com\/pin\/create\/button\/?url=https:\/\/desarrollocristiano.pe\/articulos-pastorales\/&media=https:\/\/desarrollocristiano.pe\/wp-content\/uploads\/2021\/07\/cuba.jpg&description=Oremos+por+Cuba%3A+5+motivos+para+clamar+ante+nuestro+Dios\" target=\"_blank\" class=\" wd-social-icon social-pinterest\" aria-label=\"Pinterest social link\">\n\t\t\t\t\t\t<span class=\"wd-icon\"><\/span>\n\t\t\t\t\t\t\t\t\t\t\t<\/a>\n\t\t\t\t\n\t\t\t\t\n\t\t\t\t\t\t\t\t\t<a rel=\"noopener noreferrer nofollow\" href=\"https:\/\/www.linkedin.com\/shareArticle?mini=true&url=https:\/\/desarrollocristiano.pe\/articulos-pastorales\/\" target=\"_blank\" class=\" wd-social-icon social-linkedin\" aria-label=\"Linkedin social link\">\n\t\t\t\t\t\t<span class=\"wd-icon\"><\/span>\n\t\t\t\t\t\t\t\t\t\t\t<\/a>\n\t\t\t\t\n\t\t\t\t\n\t\t\t\t\n\t\t\t\t\n\t\t\t\t\n\t\t\t\t\n\t\t\t\t\n\t\t\t\t\n\t\t\t\t\n\t\t\t\t\t\t\t\t\t<a rel=\"noopener noreferrer nofollow\" href=\"https:\/\/api.whatsapp.com\/send?text=https%3A%2F%2Fdesarrollocristiano.pe%2Farticulos-pastorales%2F\" target=\"_blank\" class=\"wd-hide-md  wd-social-icon social-whatsapp\" aria-label=\"WhatsApp social link\">\n\t\t\t\t\t\t<span class=\"wd-icon\"><\/span>\n\t\t\t\t\t\t\t\t\t\t\t<\/a>\n\n\t\t\t\t\t<a rel=\"noopener noreferrer nofollow\" href=\"whatsapp:\/\/send?text=https%3A%2F%2Fdesarrollocristiano.pe%2Farticulos-pastorales%2F\" target=\"_blank\" class=\"wd-hide-lg  wd-social-icon social-whatsapp\" aria-label=\"WhatsApp social link\">\n\t\t\t\t\t\t<span class=\"wd-icon\"><\/span>\n\t\t\t\t\t\t\t\t\t\t\t<\/a>\n\t\t\t\t\n\t\t\t\t\n\t\t\t\t\n\t\t\t\t\n\t\t\t\t\n\t\t\t\t\n\t\t\t\t\t\t\t\t\t<a rel=\"noopener noreferrer nofollow\" href=\"https:\/\/telegram.me\/share\/url?url=https:\/\/desarrollocristiano.pe\/articulos-pastorales\/\" target=\"_blank\" class=\" wd-social-icon social-tg\" aria-label=\"Telegram social link\">\n\t\t\t\t\t\t<span class=\"wd-icon\"><\/span>\n\t\t\t\t\t\t\t\t\t\t\t<\/a>\n\t\t\t\t\n\t\t\t\t\n\t\t\t<\/div>\n\n\t\t\t\t\t\t\t\t\t\t<\/div>\n\t\t\t\t\t\t\t\t<div class=\"tooltip-arrow\"><\/div>\n\t\t\t\t\t\t\t<\/div>\n\t\t\t\t\t\t<\/div>\n\t\t\t\t\t\n\t\t\t\t\t\t\t\t\t\t\t\t\t\t\t\t\t<div class=\"wd-post-reply wd-style-1\">\n\t\t\t\t\t\t\t<a href=\"https:\/\/desarrollocristiano.pe\/oremos-por-cuba-5-motivos-para-clamar-ante-nuestro-dios\/#respond\"><span class=\"wd-replies-count\">0<\/span><\/a>\t\t\t\t\t\t<\/div>\n\t\t\t\t\t\t\t\t\t<\/div>\n\t\t\t\n\t\t\t\t\t\t\t\t\t\t\t\t<div class=\"wd-post-excerpt entry-content\">\n\t\t\t\t\t\t<div class=\"wpb-content-wrapper\"><div class=\"vc_row wpb_row vc_row-fluid\"><div class=\"wpb_column vc_column_container vc_col-sm-12\"><div class=\"vc_column-inner\"><div class=\"wpb_wrapper\">\n\t<div class=\"wpb_text_column wpb_content_element texto_parrafo text-larger\" >\n\t\t<div class=\"wpb_wrapper\">\n\t\t\t<p>Por: <a class=\"fn\" href=\"https:\/\/facebook.com\/josuebarrios\">JOSU\u00c9 BARRIOS<\/a><br \/>\nFuente: <a href=\"https:\/\/www.coalicionporelevangelio.org\/articulo\/oremos-cuba-motivos\/\" target=\"_blank\" rel=\"noopener noreferrer\">Coalici\u00f3n por el Evangelio<\/a><\/p>\n<p>Cuba atraviesa una situaci\u00f3n delicada a medida que se realizan una serie de protestas contra el gobierno. Mientras las \u00faltimas protestas masivas anteriores ocurrieron en agosto de 1994 y se concentraron en el malec\u00f3n de La Habana, estas nuevas manifestaciones est\u00e1n abarcando toda la isla y resultan ser las m\u00e1s grandes en los \u00faltimos 60 a\u00f1os.<\/p>\n<p>La hora es crucial para la naci\u00f3n y la incertidumbre parece reinar, pero como Iglesia creemos en un Dios que es soberano sobre todo y al mismo tiempo es pronto para escuchar nuestro clamor.<\/p>\n<p>Sin importar d\u00f3nde te encuentres, aqu\u00ed hay cinco oraciones por Cuba que podemos elevar hoy por el pa\u00eds y la iglesia:<\/p>\n<ul>\n<li>Oramos para que Dios tenga misericordia de la Isla y preserve las vidas humanas, en medio de una gran tensi\u00f3n que podr\u00eda convertirse en un enfrentamiento entre cubanos con un mayor n\u00famero de muertes (<a class=\"rtBibleRef\" href=\"https:\/\/biblia.com\/bible\/nblh\/1%20Tim%202.1?culture=es\" target=\"_blank\" rel=\"noopener\" data-reference=\"1 Tim 2.1\" data-version=\"nblh\" data-purpose=\"bible-reference\">1 Ti 2:1<\/a>).<\/li>\n<li>Oramos para que los gobernantes sean responsables, sabios y justos ante las demandas y el clamor del pueblo (<a class=\"rtBibleRef\" href=\"https:\/\/biblia.com\/bible\/nblh\/Prov%2029.2?culture=es\" target=\"_blank\" rel=\"noopener\" data-reference=\"Prov 29.2\" data-version=\"nblh\" data-purpose=\"bible-reference\">Pr 29:2<\/a>).<\/li>\n<li>Oramos por la econom\u00eda en el pa\u00eds, que desde el comienzo de la pandemia se ha deprimido m\u00e1s a\u00fan, elevando el costo de la vida. Esto afecta la distribuci\u00f3n de alimentos, medicinas y servicios (tales como la luz y el agua) en la isla (<a class=\"rtBibleRef\" href=\"https:\/\/biblia.com\/bible\/nblh\/1%20Tim.%206.8?culture=es\" target=\"_blank\" rel=\"noopener\" data-reference=\"1 Tim. 6.8\" data-version=\"nblh\" data-purpose=\"bible-reference\">1 Ti. 6:8<\/a>).<\/li>\n<li>Oramos para que la iglesia pueda ser luz en este tiempo y conducirse con sabidur\u00eda, firme en sus convicciones b\u00edblicas, reflejando un Reino que no es de este mundo, y que pueda llevar a otros la esperanza del evangelio (<a class=\"rtBibleRef\" href=\"https:\/\/biblia.com\/bible\/nblh\/Mat%205.14-16?culture=es\" target=\"_blank\" rel=\"noopener\" data-reference=\"Mat 5.14-16\" data-version=\"nblh\" data-purpose=\"bible-reference\">Mt 5:14-16<\/a>;\u00a0<a class=\"rtBibleRef\" href=\"https:\/\/biblia.com\/bible\/nblh\/1%20Ped.%202.9?culture=es\" target=\"_blank\" rel=\"noopener\" data-reference=\"1 Ped. 2.9\" data-version=\"nblh\" data-purpose=\"bible-reference\">1 P. 2:9<\/a>).<\/li>\n<li>Oramos para que el Se\u00f1or guarde la integridad f\u00edsica y espiritual de Su pueblo y sus pastores, mientras nuestros hermanos creyentes esperan en \u00c9l. Que tanto la iglesia como el resto del pa\u00eds puedan gozar de mayor paz en este lado de la eternidad (<a class=\"rtBibleRef\" href=\"https:\/\/biblia.com\/bible\/nblh\/1%20Tim.%202.2?culture=es\" target=\"_blank\" rel=\"noopener\" data-reference=\"1 Tim. 2.2\" data-version=\"nblh\" data-purpose=\"bible-reference\">1 Ti. 2:2<\/a>).<\/li>\n<\/ul>\n<p>Nuestro Dios es \u201cAquel que es poderoso para hacer todo mucho m\u00e1s abundantemente de lo que pedimos o entendemos\u201d (<a class=\"rtBibleRef\" href=\"https:\/\/biblia.com\/bible\/nblh\/Efe%203.20?culture=es\" target=\"_blank\" rel=\"noopener\" data-reference=\"Efe 3.20\" data-version=\"nblh\" data-purpose=\"bible-reference\">Ef 3:20<\/a>). Acomp\u00e1\u00f1anos a orar por Cuba.<\/p>\n\n\t\t<\/div>\n\t<\/div>\n<\/div><\/div><\/div><\/div><div class=\"vc_row wpb_row vc_row-fluid vc_custom_1615074577655 vc_row-has-fill\"><div class=\"wpb_column vc_column_container vc_col-sm-12\"><div class=\"vc_column-inner\"><div class=\"wpb_wrapper\">\t\t\t<div class=\"info-box-wrapper inline-element\">\n\t\t\t\t<div id=\"wd-60f49dd39654a\" class=\" wd-rs-60f49dd39654a wd-info-box wd-wpb text-left box-icon-align-left box-style- color-scheme- wd-bg-none wd-items-top \">\n\t\t\t\t\t\t\t\t\t\t<div class=\"info-box-content\">\n\t\t\t\t\t\t<h4 class=\"info-box-title title box-title-style-default wd-fontsize-m\">Sobre el autor...<\/h4>\t\t\t\t\t\t<div class=\"info-box-inner reset-last-child\"><p><strong>Josu\u00e9 Barrios<\/strong>\u00a0sirve como Coordinador Editorial en Coalici\u00f3n por el Evangelio. Posee una licenciatura en periodismo y cursa una maestr\u00eda en el\u00a0<em>Southern Baptist Theological Seminary<\/em>. Vive con su esposa Arianny en C\u00f3rdoba, Argentina, y sirve en la Iglesia B\u00edblica Bautista Crecer, donde realiza una pasant\u00eda ministerial. Puedes leerlo en\u00a0<a title=\"\" href=\"http:\/\/josuebarrios.com\/\">josuebarrios.com<\/a>\u00a0y seguirlo en\u00a0<a href=\"https:\/\/instagram.com\/Josbarrios\">Instagram<\/a>,\u00a0<a title=\"\" href=\"https:\/\/twitter.com\/josbarrios\">Twitter<\/a>\u00a0y\u00a0<a href=\"https:\/\/facebook.com\/josuebarrios\">Facebook<\/a>.<\/p>\n<\/div>\n\n\t\t\t\t\t\t\t\t\t\t\t<\/div>\n\n\t\t\t\t\t\n\t\t\t\t\t<style>#wd-60f49dd39654a .info-box-icon {background-color:  !important;}<\/style>\t\t\t\t<\/div>\n\t\t\t<\/div>\n\t\t<\/div><\/div><\/div><\/div>\n<\/div>\t\t\t\t\t<\/div>\n\t\t\t\t\n\t\t\t\t\t\t\t\t\t<\/div>\n\t<\/div>\n<\/article>\n\n\t\t\t\t\t\t\t\t\t\t\t\n<article id=\"post-59659\" class=\"wd-post blog-design-chess blog-post-loop blog-design-small-images blog-style-bg wd-add-shadow wd-col post-59659 post type-post status-publish format-standard has-post-thumbnail hentry category-matrimonio\">\n\t<div class=\"wd-post-inner article-inner\">\n\t\t\t\t\t<div class=\"wd-post-thumb entry-header\">\n\t\t\t\t\t\t\t\t\t<div class=\"wd-post-img post-img-wrapp\">\n\t\t\t\t\t\t<img width=\"320\" height=\"160\" src=\"https:\/\/desarrollocristiano.pe\/wp-content\/uploads\/2021\/07\/esposos-320x160.jpg\" class=\"attachment-large size-large\" alt=\"\" decoding=\"async\" loading=\"lazy\" srcset=\"https:\/\/desarrollocristiano.pe\/wp-content\/uploads\/2021\/07\/esposos-320x160.jpg 320w, https:\/\/desarrollocristiano.pe\/wp-content\/uploads\/2021\/07\/esposos-600x300.jpg 600w, https:\/\/desarrollocristiano.pe\/wp-content\/uploads\/2021\/07\/esposos-150x75.jpg 150w, https:\/\/desarrollocristiano.pe\/wp-content\/uploads\/2021\/07\/esposos.jpg 700w\" sizes=\"auto, (max-width: 320px) 100vw, 320px\" \/>\t\t\t\t\t<\/div>\n\t\t\t\t\t<a class=\"wd-fill\" href=\"https:\/\/desarrollocristiano.pe\/la-sumision-comienza-en-casa\/\"><\/a>\n\t\t\t\t\n\t\t\t\t\t\t\t\t\t\t\t\t<div class=\"wd-post-date wd-style-with-bg\">\n\t\t\t\t<span class=\"post-date-day\">\n\t\t\t\t\t10\t\t\t\t<\/span>\n\t\t\t\t<span class=\"post-date-month\">\n\t\t\t\t\tJul\t\t\t\t<\/span>\n\t\t\t<\/div>\n\t\t\t\t\t\t\t\t\t<\/div>\n\t\t\n\t\t<div class=\"wd-post-content article-body-container\">\n\t\t\t\t\t\t\t<div class=\"wd-post-cat wd-style-with-bg meta-post-categories\">\n\t\t\t\t\t<a href=\"https:\/\/desarrollocristiano.pe\/categorias\/relaciones\/matrimonio\/\" rel=\"category tag\">Matrimonio<\/a>\t\t\t\t<\/div>\n\t\t\t\n\t\t\t\t\t\t\t<h3 class=\"wd-post-title wd-entities-title title post-title\">\n\t\t\t\t\t<a href=\"https:\/\/desarrollocristiano.pe\/la-sumision-comienza-en-casa\/\" rel=\"bookmark\">La sumisi\u00f3n comienza en casa<\/a>\n\t\t\t\t<\/h3>\n\t\t\t\n\t\t\t\t\t\t\t<div class=\"wd-post-meta\">\n\t\t\t\t\t\t\t\t\t\t\t\t\t\t\t<div class=\"wd-post-author\">\n\t\t\t\t\t\t\t\t\t\t\t<span>Posteado por<\/span>\n\t\t\n\t\t\t\t\t<img alt='author-avatar' src='https:\/\/secure.gravatar.com\/avatar\/8f331515e2139e7ffacac78d5e21bc88ee625065cad5d063ef4da73b7cbcfc2d?s=18&#038;d=mm&#038;r=g' srcset='https:\/\/secure.gravatar.com\/avatar\/8f331515e2139e7ffacac78d5e21bc88ee625065cad5d063ef4da73b7cbcfc2d?s=36&#038;d=mm&#038;r=g 2x' class='avatar avatar-18 photo' height='18' width='18' loading='lazy' decoding='async'\/>\t\t\n\t\t\t\t\t<a href=\"https:\/\/desarrollocristiano.pe\/author\/aprnimda7720\/\" class=\"author\" rel=\"author\">Administrador<\/a>\n\t\t\t\t\t\t\t\t\t<\/div>\n\t\t\t\t\t<div class=\"wd-modified-date\">\n\t\t\t\t\t\t\t\t<time class=\"updated\" datetime=\"2021-07-08T16:16:47-05:00\">\n\t\t\t08\/07\/2021\t\t<\/time>\n\t\t\t\t\t\t\t<\/div>\n\n\t\t\t\t\t\t\t\t\t\t\t<div class=\"wd-post-share wd-tltp\">\n\t\t\t\t\t\t\t<div class=\"tooltip top\">\n\t\t\t\t\t\t\t\t<div class=\"tooltip-inner\">\n\t\t\t\t\t\t\t\t\t\t\t\t<div\n\t\t\t\t\t\tclass=\" wd-social-icons  wd-style-default wd-size-small social-share wd-shape-circle color-scheme-light text-center\">\n\t\t\t\t\n\t\t\t\t\n\t\t\t\t\t\t\t\t\t<a rel=\"noopener noreferrer nofollow\" href=\"https:\/\/www.facebook.com\/sharer\/sharer.php?u=https:\/\/desarrollocristiano.pe\/articulos-pastorales\/\" target=\"_blank\" class=\" wd-social-icon social-facebook\" aria-label=\"Facebook social link\">\n\t\t\t\t\t\t<span class=\"wd-icon\"><\/span>\n\t\t\t\t\t\t\t\t\t\t\t<\/a>\n\t\t\t\t\n\t\t\t\t\t\t\t\t\t<a rel=\"noopener noreferrer nofollow\" href=\"https:\/\/x.com\/share?url=https:\/\/desarrollocristiano.pe\/articulos-pastorales\/\" target=\"_blank\" class=\" wd-social-icon social-twitter\" aria-label=\"X social link\">\n\t\t\t\t\t\t<span class=\"wd-icon\"><\/span>\n\t\t\t\t\t\t\t\t\t\t\t<\/a>\n\t\t\t\t\n\t\t\t\t\n\t\t\t\t\t\t\t\t\t<a rel=\"noopener noreferrer nofollow\" href=\"mailto:?subject=Check%20this%20https:\/\/desarrollocristiano.pe\/articulos-pastorales\/\" target=\"_blank\" class=\" wd-social-icon social-email\" aria-label=\"Email social link\">\n\t\t\t\t\t\t<span class=\"wd-icon\"><\/span>\n\t\t\t\t\t\t\t\t\t\t\t<\/a>\n\t\t\t\t\n\t\t\t\t\n\t\t\t\t\n\t\t\t\t\n\t\t\t\t\t\t\t\t\t<a rel=\"noopener noreferrer nofollow\" href=\"https:\/\/pinterest.com\/pin\/create\/button\/?url=https:\/\/desarrollocristiano.pe\/articulos-pastorales\/&media=https:\/\/desarrollocristiano.pe\/wp-content\/uploads\/2021\/07\/esposos.jpg&description=La+sumisi%C3%B3n+comienza+en+casa\" target=\"_blank\" class=\" wd-social-icon social-pinterest\" aria-label=\"Pinterest social link\">\n\t\t\t\t\t\t<span class=\"wd-icon\"><\/span>\n\t\t\t\t\t\t\t\t\t\t\t<\/a>\n\t\t\t\t\n\t\t\t\t\n\t\t\t\t\t\t\t\t\t<a rel=\"noopener noreferrer nofollow\" href=\"https:\/\/www.linkedin.com\/shareArticle?mini=true&url=https:\/\/desarrollocristiano.pe\/articulos-pastorales\/\" target=\"_blank\" class=\" wd-social-icon social-linkedin\" aria-label=\"Linkedin social link\">\n\t\t\t\t\t\t<span class=\"wd-icon\"><\/span>\n\t\t\t\t\t\t\t\t\t\t\t<\/a>\n\t\t\t\t\n\t\t\t\t\n\t\t\t\t\n\t\t\t\t\n\t\t\t\t\n\t\t\t\t\n\t\t\t\t\n\t\t\t\t\n\t\t\t\t\n\t\t\t\t\t\t\t\t\t<a rel=\"noopener noreferrer nofollow\" href=\"https:\/\/api.whatsapp.com\/send?text=https%3A%2F%2Fdesarrollocristiano.pe%2Farticulos-pastorales%2F\" target=\"_blank\" class=\"wd-hide-md  wd-social-icon social-whatsapp\" aria-label=\"WhatsApp social link\">\n\t\t\t\t\t\t<span class=\"wd-icon\"><\/span>\n\t\t\t\t\t\t\t\t\t\t\t<\/a>\n\n\t\t\t\t\t<a rel=\"noopener noreferrer nofollow\" href=\"whatsapp:\/\/send?text=https%3A%2F%2Fdesarrollocristiano.pe%2Farticulos-pastorales%2F\" target=\"_blank\" class=\"wd-hide-lg  wd-social-icon social-whatsapp\" aria-label=\"WhatsApp social link\">\n\t\t\t\t\t\t<span class=\"wd-icon\"><\/span>\n\t\t\t\t\t\t\t\t\t\t\t<\/a>\n\t\t\t\t\n\t\t\t\t\n\t\t\t\t\n\t\t\t\t\n\t\t\t\t\n\t\t\t\t\n\t\t\t\t\t\t\t\t\t<a rel=\"noopener noreferrer nofollow\" href=\"https:\/\/telegram.me\/share\/url?url=https:\/\/desarrollocristiano.pe\/articulos-pastorales\/\" target=\"_blank\" class=\" wd-social-icon social-tg\" aria-label=\"Telegram social link\">\n\t\t\t\t\t\t<span class=\"wd-icon\"><\/span>\n\t\t\t\t\t\t\t\t\t\t\t<\/a>\n\t\t\t\t\n\t\t\t\t\n\t\t\t<\/div>\n\n\t\t\t\t\t\t\t\t\t\t<\/div>\n\t\t\t\t\t\t\t\t<div class=\"tooltip-arrow\"><\/div>\n\t\t\t\t\t\t\t<\/div>\n\t\t\t\t\t\t<\/div>\n\t\t\t\t\t\n\t\t\t\t\t\t\t\t\t\t\t\t\t\t\t\t\t<div class=\"wd-post-reply wd-style-1\">\n\t\t\t\t\t\t\t<a href=\"https:\/\/desarrollocristiano.pe\/la-sumision-comienza-en-casa\/#respond\"><span class=\"wd-replies-count\">0<\/span><\/a>\t\t\t\t\t\t<\/div>\n\t\t\t\t\t\t\t\t\t<\/div>\n\t\t\t\n\t\t\t\t\t\t\t\t\t\t\t\t<div class=\"wd-post-excerpt entry-content\">\n\t\t\t\t\t\t<div class=\"wpb-content-wrapper\"><div class=\"vc_row wpb_row vc_row-fluid\"><div class=\"wpb_column vc_column_container vc_col-sm-12\"><div class=\"vc_column-inner\"><div class=\"wpb_wrapper\">\n\t<div class=\"wpb_text_column wpb_content_element texto_parrafo text-larger\" >\n\t\t<div class=\"wpb_wrapper\">\n\t\t\t<p>Fuente: <a href=\"http:\/\/desarrollocristiano.com\/la-sumision-comienza-en-casa\/\" target=\"_blank\" rel=\"noopener noreferrer\">Desarrollo Cristiano Internacional<\/a><\/p>\n<p>En la vida matrimonial, si cada c\u00f3nyuge obedece las Escrituras, cultivando una relaci\u00f3n de mutua sumisi\u00f3n y de servicio rec\u00edproco, refrenar\u00e1 la corriente de matrimonios marchitos o rotos. De este modo los esposos y las esposas ir\u00e1n aprendiendo a compartir juntos las responsabilidades del liderazgo en sus hogares. Resulta inevitable que surja la pregunta de c\u00f3mo resolver las situaciones sin salida que se dan en la toma de decisiones cuando las opiniones difieren.<\/p>\n<p>La pr\u00e1ctica constante de depositar sobre el var\u00f3n la responsabilidad de pronunciar la \u00faltima palabra es la soluci\u00f3n que menos honra a Dios. Esta coloca una carga poco realista sobre el marido para que tome siempre la decisi\u00f3n correcta y en la esposa fomenta una mentalidad de escape, quien, entonces, o se resigna a la posici\u00f3n de derrota permanente o se vuelve una manipuladora del macho que maneja el poder.<\/p>\n<p>A continuaci\u00f3n presento algunas sugerencias alternativas para resolver decisiones conflictivas de manera honrada y pr\u00e1ctica.<\/p>\n<ol>\n<li>C\u00e9danse el lugar el uno al otro, denle la ventaja a la otra persona, esfu\u00e9rcense por agradarla, opten por lo que la otra prefiere. Esto es lo que significa ser siervo y someterse mutuamente (Fil 2.3\u20134). Si los mandatos de someterse (Ef 5.21) y de ser siervos unos de otros (G\u00e1 5.13) no se aplican, ante todo, al sometimiento de uno mismo a la persona que est\u00e1 m\u00e1s cerca, sea esposa o esposo, \u00bfa qui\u00e9n m\u00e1s deber\u00e1n aplicarse? Al igual que la caridad, el sometimiento comienza en casa.<\/li>\n<li>Rep\u00e1rtanse las responsabilidades con base en las capacidades, la experiencia y la habilidad de cada uno. Las \u00e1reas de servicio pueden acordarse de antemano para que cada c\u00f3nyuge sea responsable de presentar decisiones finales en las \u00e1reas espec\u00edficas en las que muestra capacidad.<\/li>\n<li>Perm\u00edtanse concesiones. Busquen el t\u00e9rmino medio porque es un procedimiento con base b\u00edblica (Lc 14.31\u201332; Hch 6.1\u20136; 15.37\u201340).<\/li>\n<li>Definan los principios b\u00edblicos que se relacionan con el tema en discusi\u00f3n y tomen sus decisiones sobre la base de una evaluaci\u00f3n.<\/li>\n<li>Pidan juntos la direcci\u00f3n de Dios y esp\u00e9renla. Pospongan la decisi\u00f3n para beneficiarse de la perspectiva que les da el tiempo, porque Dios usa tanto la oraci\u00f3n como el tiempo para resolver diferencias y conflictos.<\/li>\n<li>Mant\u00e9nganse a la expectativa de la direcci\u00f3n que Dios les proveer\u00e1 mediante las circunstancias. La historia tiene sus maneras.<\/li>\n<li>Cuando una decisi\u00f3n afecte a un c\u00f3nyuge m\u00e1s que a otro, pesar\u00e1 m\u00e1s la opini\u00f3n de aquel a quien m\u00e1s le concierne la decisi\u00f3n. Esto es lo que significa la vida en comunidad. Por ejemplo, un esposo quiere tener m\u00e1s hijos porque le gustan los ni\u00f1os, pero su esposa sabe que est\u00e1 balance\u00e1ndose al borde de una crisis nerviosa debido al peso que para ella representa su hogar. La voz de ella debe ser la que determine esta decisi\u00f3n, a menos que, por supuesto, \u00e9l est\u00e9 dispuesto a quedarse en casa y criar a sus hijos.<\/li>\n<li>Lleven a cabo juntos proyectos de investigaci\u00f3n sobre el tema que propici\u00f3 el conflicto. Lean, vayan a conferencias, tomen cursos para edificar la base de una buena decisi\u00f3n (Ef 5.17; Stg 1.5\u20136). Por ejemplo, el uso del castigo f\u00edsico con los hijos es un tema delicado que puede convertirse en una fuente de graves conflictos en las parejas j\u00f3venes. En vez de actuar por impulsos emocionales o canfiando en socializaciones del pasado, la pareja deber\u00e1 investigar ambas caras del tema y llegar a un consenso.<\/li>\n<li>Decidan remitir la cuesti\u00f3n a una tercera persona que sea confiable y objetiva, luego de acordar que ambos se sujetar\u00e1n a lo que ella determine (1Co 6.5).<\/li>\n<li>Ejecuten un cambio de roles. Ambos c\u00f3nyuges pueden por turno articular su posici\u00f3n respectiva de la manera m\u00e1s clara posible. Luego ocupen el rol del otro c\u00f3nyuge por un per\u00edodo de tiempo para identificarse con su manera de pensar. La empat\u00eda que genera este intercambio por lo general provee una salida.<\/li>\n<\/ol>\n<p>Bajo la direcci\u00f3n del Esp\u00edritu Santo, tambi\u00e9n pueden encontrarse otros m\u00e9todos creativos para resolver las diferencias sin recurrir a la horrible pr\u00e1ctica pagana en la que un c\u00f3nyuge ejerce control sobre el otro. Seg\u00fan el principio de \u00abuna sola persona\u00bb, cuanto m\u00e1s dominante sea uno con su c\u00f3nyuge, m\u00e1s da\u00f1a su matrimonio y empobrece su propia vida. A la inversa, seg\u00fan el mismo principio de \u00abuna sola persona\u00bb, cuanto m\u00e1s uno afirma y edifica a su c\u00f3nyuge y estimula su crecimiento independiente, m\u00e1s aporta a su matrimonio y enriquece su propia vida, sin mencionar la simple obediencia a Dios, quien desea que ninguno de sus hijos caiga bajo el yugo de la esclavitud (Ef 5.28).<\/p>\n<p>Las palabras del ap\u00f3stol Pablo resuenan hoy d\u00eda con un realismo convincente: \u00abCristo nos dio libertad para que seamos libres. Por tanto, mant\u00e9nganse ustedes firmes en esa libertad y no se sometan otra vez al yudo de la esclavitud\u00bb (G\u00e1 5.1).<\/p>\n<p>Cada generaci\u00f3n de cristianos debe examinar sus creencias y sus pr\u00e1cticas bajo el microscopio de las Escrituras, tanto para indetificar aquellos desechos del mundo que con tanta facilidad nos acosan, como para purificarse de ellos y proteger con mucho celo la libertad adquirida a tan alto costo para nosotros \u2014tanto hombres como mujeres\u2014 en la cruz del Calvario.<\/p>\n<p><strong>\u00a0<\/strong><\/p>\n<p><strong>Preguntas para estudiar el texto en grupo<\/strong><\/p>\n<ol>\n<li>Seg\u00fan el autor, \u00bfcu\u00e1l es la mejor manera de frenar la corriente de matrimonios marchitos y rotos? \u00bfDe qu\u00e9 manera consigue usted y su c\u00f3nyuge florecer su propio matrimonio?<\/li>\n<li>\u00bfCu\u00e1les de las sugerencias del autor para resolver conflictos le parecen m\u00e1s factibles de aplicar en su matrimonio?, \u00bfcu\u00e1les le gustar\u00eda implementar con su c\u00f3nyuge?<\/li>\n<li>\u00bfQu\u00e9 otros m\u00e9todos creativos sugerir\u00eda usted aplicar para solucionar diferencias de opini\u00f3n?<\/li>\n<li>\u00bfEn qu\u00e9 se fundamenta el autor para afirmar que la pr\u00e1ctica en la que un c\u00f3nyuge ejerce control sobre el otro es horrible y pagana? \u00bfQu\u00e9 consecuencias sufren los matrimonios que la aplican?<\/li>\n<\/ol>\n<p>Se tom\u00f3 y adapt\u00f3 de El lugar de la mujer en la iglesia y la familia, lo que la Biblia dice, 1985, segunda edici\u00f3n, Nueva Creaci\u00f3n. Se publica con permiso del autor.<\/p>\n<p>El autor, nacido y criado en Francia, se doctor\u00f3 en estudios b\u00edblicos por la Universidad de Boston, por siete a\u00f1os se integr\u00f3 a un programa de posdoctorado en la Sorbona de Par\u00eds bajo la mentor\u00eda del profesor Oscar Cullmann. Es autor de varios libros e innumerables art\u00edculos. Fue l\u00edder fundador de Willow Creek Community Church, una iglesia cerca de Chicago. Est\u00e1 casado con Mar\u00eda. Tienen cuatro hijos adultos y dos nietos.<\/p>\n\n\t\t<\/div>\n\t<\/div>\n<\/div><\/div><\/div><\/div>\n<\/div>\t\t\t\t\t<\/div>\n\t\t\t\t\n\t\t\t\t\t\t\t\t\t<\/div>\n\t<\/div>\n<\/article>\n\n\t\t\t\t\t\t\t\t\t\t\t\n<article id=\"post-59655\" class=\"wd-post blog-design-chess blog-post-loop blog-design-small-images blog-style-bg wd-add-shadow wd-col post-59655 post type-post status-publish format-standard has-post-thumbnail hentry category-vida-cristiana\">\n\t<div class=\"wd-post-inner article-inner\">\n\t\t\t\t\t<div class=\"wd-post-thumb entry-header\">\n\t\t\t\t\t\t\t\t\t<div class=\"wd-post-img post-img-wrapp\">\n\t\t\t\t\t\t<img width=\"320\" height=\"160\" src=\"https:\/\/desarrollocristiano.pe\/wp-content\/uploads\/2021\/07\/cristianismo-320x160.jpg\" class=\"attachment-large size-large\" alt=\"\" decoding=\"async\" loading=\"lazy\" srcset=\"https:\/\/desarrollocristiano.pe\/wp-content\/uploads\/2021\/07\/cristianismo-320x160.jpg 320w, https:\/\/desarrollocristiano.pe\/wp-content\/uploads\/2021\/07\/cristianismo-600x300.jpg 600w, https:\/\/desarrollocristiano.pe\/wp-content\/uploads\/2021\/07\/cristianismo-150x75.jpg 150w, https:\/\/desarrollocristiano.pe\/wp-content\/uploads\/2021\/07\/cristianismo.jpg 700w\" sizes=\"auto, (max-width: 320px) 100vw, 320px\" \/>\t\t\t\t\t<\/div>\n\t\t\t\t\t<a class=\"wd-fill\" href=\"https:\/\/desarrollocristiano.pe\/no-lo-olvides-el-evangelio-es-aun-para-cristianos\/\"><\/a>\n\t\t\t\t\n\t\t\t\t\t\t\t\t\t\t\t\t<div class=\"wd-post-date wd-style-with-bg\">\n\t\t\t\t<span class=\"post-date-day\">\n\t\t\t\t\t03\t\t\t\t<\/span>\n\t\t\t\t<span class=\"post-date-month\">\n\t\t\t\t\tJul\t\t\t\t<\/span>\n\t\t\t<\/div>\n\t\t\t\t\t\t\t\t\t<\/div>\n\t\t\n\t\t<div class=\"wd-post-content article-body-container\">\n\t\t\t\t\t\t\t<div class=\"wd-post-cat wd-style-with-bg meta-post-categories\">\n\t\t\t\t\t<a href=\"https:\/\/desarrollocristiano.pe\/categorias\/vida-cristiana\/\" rel=\"category tag\">Vida Cristiana<\/a>\t\t\t\t<\/div>\n\t\t\t\n\t\t\t\t\t\t\t<h3 class=\"wd-post-title wd-entities-title title post-title\">\n\t\t\t\t\t<a href=\"https:\/\/desarrollocristiano.pe\/no-lo-olvides-el-evangelio-es-aun-para-cristianos\/\" rel=\"bookmark\">No lo olvides, el evangelio es (a\u00fan) para cristianos<\/a>\n\t\t\t\t<\/h3>\n\t\t\t\n\t\t\t\t\t\t\t<div class=\"wd-post-meta\">\n\t\t\t\t\t\t\t\t\t\t\t\t\t\t\t<div class=\"wd-post-author\">\n\t\t\t\t\t\t\t\t\t\t\t<span>Posteado por<\/span>\n\t\t\n\t\t\t\t\t<img alt='author-avatar' src='https:\/\/secure.gravatar.com\/avatar\/8f331515e2139e7ffacac78d5e21bc88ee625065cad5d063ef4da73b7cbcfc2d?s=18&#038;d=mm&#038;r=g' srcset='https:\/\/secure.gravatar.com\/avatar\/8f331515e2139e7ffacac78d5e21bc88ee625065cad5d063ef4da73b7cbcfc2d?s=36&#038;d=mm&#038;r=g 2x' class='avatar avatar-18 photo' height='18' width='18' loading='lazy' decoding='async'\/>\t\t\n\t\t\t\t\t<a href=\"https:\/\/desarrollocristiano.pe\/author\/aprnimda7720\/\" class=\"author\" rel=\"author\">Administrador<\/a>\n\t\t\t\t\t\t\t\t\t<\/div>\n\t\t\t\t\t<div class=\"wd-modified-date\">\n\t\t\t\t\t\t\t\t<time class=\"updated\" datetime=\"2021-07-01T14:30:44-05:00\">\n\t\t\t01\/07\/2021\t\t<\/time>\n\t\t\t\t\t\t\t<\/div>\n\n\t\t\t\t\t\t\t\t\t\t\t<div class=\"wd-post-share wd-tltp\">\n\t\t\t\t\t\t\t<div class=\"tooltip top\">\n\t\t\t\t\t\t\t\t<div class=\"tooltip-inner\">\n\t\t\t\t\t\t\t\t\t\t\t\t<div\n\t\t\t\t\t\tclass=\" wd-social-icons  wd-style-default wd-size-small social-share wd-shape-circle color-scheme-light text-center\">\n\t\t\t\t\n\t\t\t\t\n\t\t\t\t\t\t\t\t\t<a rel=\"noopener noreferrer nofollow\" href=\"https:\/\/www.facebook.com\/sharer\/sharer.php?u=https:\/\/desarrollocristiano.pe\/articulos-pastorales\/\" target=\"_blank\" class=\" wd-social-icon social-facebook\" aria-label=\"Facebook social link\">\n\t\t\t\t\t\t<span class=\"wd-icon\"><\/span>\n\t\t\t\t\t\t\t\t\t\t\t<\/a>\n\t\t\t\t\n\t\t\t\t\t\t\t\t\t<a rel=\"noopener noreferrer nofollow\" href=\"https:\/\/x.com\/share?url=https:\/\/desarrollocristiano.pe\/articulos-pastorales\/\" target=\"_blank\" class=\" wd-social-icon social-twitter\" aria-label=\"X social link\">\n\t\t\t\t\t\t<span class=\"wd-icon\"><\/span>\n\t\t\t\t\t\t\t\t\t\t\t<\/a>\n\t\t\t\t\n\t\t\t\t\n\t\t\t\t\t\t\t\t\t<a rel=\"noopener noreferrer nofollow\" href=\"mailto:?subject=Check%20this%20https:\/\/desarrollocristiano.pe\/articulos-pastorales\/\" target=\"_blank\" class=\" wd-social-icon social-email\" aria-label=\"Email social link\">\n\t\t\t\t\t\t<span class=\"wd-icon\"><\/span>\n\t\t\t\t\t\t\t\t\t\t\t<\/a>\n\t\t\t\t\n\t\t\t\t\n\t\t\t\t\n\t\t\t\t\n\t\t\t\t\t\t\t\t\t<a rel=\"noopener noreferrer nofollow\" href=\"https:\/\/pinterest.com\/pin\/create\/button\/?url=https:\/\/desarrollocristiano.pe\/articulos-pastorales\/&media=https:\/\/desarrollocristiano.pe\/wp-content\/uploads\/2021\/07\/cristianismo.jpg&description=No+lo+olvides%2C+el+evangelio+es+%28a%C3%BAn%29+para+cristianos\" target=\"_blank\" class=\" wd-social-icon social-pinterest\" aria-label=\"Pinterest social link\">\n\t\t\t\t\t\t<span class=\"wd-icon\"><\/span>\n\t\t\t\t\t\t\t\t\t\t\t<\/a>\n\t\t\t\t\n\t\t\t\t\n\t\t\t\t\t\t\t\t\t<a rel=\"noopener noreferrer nofollow\" href=\"https:\/\/www.linkedin.com\/shareArticle?mini=true&url=https:\/\/desarrollocristiano.pe\/articulos-pastorales\/\" target=\"_blank\" class=\" wd-social-icon social-linkedin\" aria-label=\"Linkedin social link\">\n\t\t\t\t\t\t<span class=\"wd-icon\"><\/span>\n\t\t\t\t\t\t\t\t\t\t\t<\/a>\n\t\t\t\t\n\t\t\t\t\n\t\t\t\t\n\t\t\t\t\n\t\t\t\t\n\t\t\t\t\n\t\t\t\t\n\t\t\t\t\n\t\t\t\t\n\t\t\t\t\t\t\t\t\t<a rel=\"noopener noreferrer nofollow\" href=\"https:\/\/api.whatsapp.com\/send?text=https%3A%2F%2Fdesarrollocristiano.pe%2Farticulos-pastorales%2F\" target=\"_blank\" class=\"wd-hide-md  wd-social-icon social-whatsapp\" aria-label=\"WhatsApp social link\">\n\t\t\t\t\t\t<span class=\"wd-icon\"><\/span>\n\t\t\t\t\t\t\t\t\t\t\t<\/a>\n\n\t\t\t\t\t<a rel=\"noopener noreferrer nofollow\" href=\"whatsapp:\/\/send?text=https%3A%2F%2Fdesarrollocristiano.pe%2Farticulos-pastorales%2F\" target=\"_blank\" class=\"wd-hide-lg  wd-social-icon social-whatsapp\" aria-label=\"WhatsApp social link\">\n\t\t\t\t\t\t<span class=\"wd-icon\"><\/span>\n\t\t\t\t\t\t\t\t\t\t\t<\/a>\n\t\t\t\t\n\t\t\t\t\n\t\t\t\t\n\t\t\t\t\n\t\t\t\t\n\t\t\t\t\n\t\t\t\t\t\t\t\t\t<a rel=\"noopener noreferrer nofollow\" href=\"https:\/\/telegram.me\/share\/url?url=https:\/\/desarrollocristiano.pe\/articulos-pastorales\/\" target=\"_blank\" class=\" wd-social-icon social-tg\" aria-label=\"Telegram social link\">\n\t\t\t\t\t\t<span class=\"wd-icon\"><\/span>\n\t\t\t\t\t\t\t\t\t\t\t<\/a>\n\t\t\t\t\n\t\t\t\t\n\t\t\t<\/div>\n\n\t\t\t\t\t\t\t\t\t\t<\/div>\n\t\t\t\t\t\t\t\t<div class=\"tooltip-arrow\"><\/div>\n\t\t\t\t\t\t\t<\/div>\n\t\t\t\t\t\t<\/div>\n\t\t\t\t\t\n\t\t\t\t\t\t\t\t\t\t\t\t\t\t\t\t\t<div class=\"wd-post-reply wd-style-1\">\n\t\t\t\t\t\t\t<a href=\"https:\/\/desarrollocristiano.pe\/no-lo-olvides-el-evangelio-es-aun-para-cristianos\/#respond\"><span class=\"wd-replies-count\">0<\/span><\/a>\t\t\t\t\t\t<\/div>\n\t\t\t\t\t\t\t\t\t<\/div>\n\t\t\t\n\t\t\t\t\t\t\t\t\t\t\t\t<div class=\"wd-post-excerpt entry-content\">\n\t\t\t\t\t\t<div class=\"wpb-content-wrapper\"><div class=\"vc_row wpb_row vc_row-fluid\"><div class=\"wpb_column vc_column_container vc_col-sm-12\"><div class=\"vc_column-inner\"><div class=\"wpb_wrapper\">\n\t<div class=\"wpb_text_column wpb_content_element texto_parrafo text-larger\" >\n\t\t<div class=\"wpb_wrapper\">\n\t\t\t<p>Por: <b><\/b><b><a class=\"fn\" href=\"https:\/\/www.coalicionporelevangelio.org\/autor\/mitch-chase\/\">Mitch Chase <\/a><\/b><br \/>\nFuente: <a href=\"https:\/\/www.coalicionporelevangelio.org\/articulo\/no-lo-olvides-el-evangelio-es-aun-para-cristianos\/\" target=\"_blank\" rel=\"noopener noreferrer\">Coalici\u00f3n por el Evangelio<\/a><\/p>\n<p>Los no cristianos que llegan a creer en el evangelio se convierten en santos que siguen creyendo en el evangelio. Este evangelio, o \u201cbuenas nuevas\u201d, se trata de lo que Dios ha hecho por nosotros en Jes\u00fas.<\/p>\n<p>Las buenas nuevas acerca de la persona y la obra de Cristo eran el plan de Dios desde antes que \u00c9l fundara la Tierra. En la sabidur\u00eda eterna y los decretos de la Trinidad, el Hijo entrar\u00eda en el mundo de las criaturas de Dios de tal manera que uniera la verdadera humanidad a la verdadera divinidad. La encarnaci\u00f3n no era el plan B.<\/p>\n<p>El plan de redenci\u00f3n previo a la creaci\u00f3n revela cu\u00e1n profundas son las ra\u00edces del amor de Dios para su pueblo. Los creyentes est\u00e1n seguros en el amor de Dios porque su amor no es algo que haya tenido un comienzo. Antes de que fu\u00e9ramos, su amor ya era.<\/p>\n<h3><b>Cristo y Se\u00f1or<\/b><\/h3>\n<p>La buena noticia es que la Palabra\/Amor\/Gracia\/Sabidur\u00eda de Dios se hizo carne y habit\u00f3 entre las personas. Jes\u00fas es el Cristo prometido o el Hijo de David (ver <a class=\"rtBibleRef\" href=\"https:\/\/biblia.com\/bible\/nblh\/2%20Sam.%207.12-13?culture=es\" target=\"_blank\" rel=\"noopener\" data-reference=\"2 Sam. 7.12-13\" data-version=\"nblh\" data-purpose=\"bible-reference\">2 S. 7:12-13<\/a>; <a class=\"rtBibleRef\" href=\"https:\/\/biblia.com\/bible\/nblh\/Mat.%201.1-17?culture=es\" target=\"_blank\" rel=\"noopener\" data-reference=\"Mat. 1.1-17\" data-version=\"nblh\" data-purpose=\"bible-reference\">Mt. 1:1-17<\/a>). La creaci\u00f3n ca\u00edda puso los ojos en el gobernante y redentor que traer\u00eda <em>shalom<\/em> y renovaci\u00f3n, y a\u00fan ahora este mundo gime para que todas las cosas sean hechas nuevas.<\/p>\n<p>Los creyentes son seguidores del que aplasta la serpiente (<a class=\"rtBibleRef\" href=\"https:\/\/biblia.com\/bible\/nblh\/G%C3%A9n.%203.15?culture=es\" target=\"_blank\" rel=\"noopener\" data-reference=\"G\u00e9n. 3.15\" data-version=\"nblh\" data-purpose=\"bible-reference\">Gn. 3:15<\/a>). Son s\u00fabditos del Rey que vino, vivi\u00f3, sufri\u00f3, muri\u00f3, resucit\u00f3, y ascendi\u00f3 por ellos. Jes\u00fas es el Cristo porque es el gobernante prometido que ser\u00e1 entronizado para siempre, conquistando a sus enemigos y reivindicando a su pueblo. Y Jes\u00fas es tambi\u00e9n Se\u00f1or porque su reinado lo abarca todo, con total autoridad en el cielo y en la tierra que le pertenece. As\u00ed que los cristianos proclaman que Jes\u00fas es el Cristo y que Cristo es el Se\u00f1or de todos.<\/p>\n<p>El camino del disc\u00edpulo es trazado bajo el reinado del soberano Jes\u00fas. Necesitamos el evangelio porque vuelve nuestra mirada hacia el reino interminable del Ungido de Dios. El evangelio nos ayuda a ver por qu\u00e9 los \u00eddolos no pueden salvarnos. El reinado de Jes\u00fas,\u00a0 ya inaugurado pero todav\u00eda no consumado, es un fundamento firme en un mundo que construye sobre la arena.<\/p>\n<h3><b>El Abogado que necesitamos<\/b><\/h3>\n<p>Los cristianos son aquellos que confiesan la verdad acerca de Jes\u00fas, buscan seguir los mandamientos de Jes\u00fas, y aman al pueblo de Jes\u00fas (ver toda la carta de 1 Juan). Pero, \u00bfqui\u00e9n de nosotros es un seguidor perfecto? Somos disc\u00edpulos imperfectos, y esos son los \u00fanicos disc\u00edpulos que siguen a Jes\u00fas de todos modos. El evangelio nos recuerda que Jes\u00fas cumpli\u00f3 la promesa de un nuevo pacto contenida en el Antiguo Testamento (<a class=\"rtBibleRef\" href=\"https:\/\/biblia.com\/bible\/nblh\/Jer.%2031.31%20-34?culture=es\" target=\"_blank\" rel=\"noopener\" data-reference=\"Jer. 31.31 -34\" data-version=\"nblh\" data-purpose=\"bible-reference\">Jer. 31:31 -34<\/a>; <a class=\"rtBibleRef\" href=\"https:\/\/biblia.com\/bible\/nblh\/Luc.%2022.20?culture=es\" target=\"_blank\" rel=\"noopener\" data-reference=\"Luc. 22.20\" data-version=\"nblh\" data-purpose=\"bible-reference\">Lc. 22:20<\/a>). Debido a que su vida sin pecado y su muerte como pecador sell\u00f3 un nuevo pacto para pecadores como nosotros, nuestros fracasos y pecados no anulan nuestra posici\u00f3n para con Dios, ni disminuyen su amor por nosotros.<\/p>\n<p>A trav\u00e9s de la fe en Jes\u00fas, estamos unidos a \u00c9l. En nuestra uni\u00f3n con \u00c9l, \u00c9l es nuestro Abogado. En Cristo, hay perd\u00f3n y purificaci\u00f3n. Renovaci\u00f3n y fuerza. S\u00faplica y seguridad. Somos santos que luchan, pero Jes\u00fas es nuestro amigo que nunca falla y que nos lleva al Padre por los m\u00e9ritos de su vida obediente. Podemos ir confiadamente ante el trono de la gracia porque nuestro Salvador se sienta confiadamente a la diestra de Dios.<\/p>\n<h3><b>Creciendo dentro de una vida en el evangelio<\/b><\/h3>\n<p>Pablo no quer\u00eda que los colosenses se apartaran de la esperanza del evangelio (<a class=\"rtBibleRef\" href=\"https:\/\/biblia.com\/bible\/nblh\/Col.%201.23?culture=es\" target=\"_blank\" rel=\"noopener\" data-reference=\"Col. 1.23\" data-version=\"nblh\" data-purpose=\"bible-reference\">Col. 1:23<\/a>), quer\u00eda que los g\u00e1latas anduvieran por el Esp\u00edritu que hab\u00eda comenzado una obra de salvaci\u00f3n en ellos (<a class=\"rtBibleRef\" href=\"https:\/\/biblia.com\/bible\/nblh\/G%C3%A1l.%203.1-3?culture=es\" target=\"_blank\" rel=\"noopener\" data-reference=\"G\u00e1l. 3.1-3\" data-version=\"nblh\" data-purpose=\"bible-reference\">G\u00e1. 3:1-3<\/a>; <a class=\"rtBibleRef\" href=\"https:\/\/biblia.com\/bible\/nblh\/G%C3%A1%205.16-26?culture=es\" target=\"_blank\" rel=\"noopener\" data-reference=\"G\u00e1 5.16-26\" data-version=\"nblh\" data-purpose=\"bible-reference\">5:16-26<\/a>), y hab\u00eda predicado a los corintios las buenas nuevas \u201cen el cual tambi\u00e9n est\u00e1n firmes\u201d (<a class=\"rtBibleRef\" href=\"https:\/\/biblia.com\/bible\/nblh\/1%20Cor.%2015.1-2?culture=es\" target=\"_blank\" rel=\"noopener\" data-reference=\"1 Cor. 15.1-2\" data-version=\"nblh\" data-purpose=\"bible-reference\">1 Co. 15:1-2<\/a>). Para Pablo, los cristianos nunca dejan atr\u00e1s el evangelio para algo m\u00e1s grande, mejor, o m\u00e1s profundo. El evangelio es el poder de Dios para salvar, santificar, perdonar, y preservar. El evangelio es una noticia anclada en el consejo eterno de Dios. Este es un mensaje con profundidad, dimensi\u00f3n, y grandeza que no podemos comprender. El evangelio nunca nos queda peque\u00f1o; simplemente crecemos en nuestra comprensi\u00f3n del mismo.<\/p>\n<p>Nuestro peregrinaje como cristianos es por un camino de gracia. La obra expiatoria de Jes\u00fas en la cruz asegura no solo que la pena del pecado ha sido pagada, sino tambi\u00e9n que el poder del pecado ha sido derrotado. Podemos caminar en la luz y por el Esp\u00edritu. Jes\u00fas, el Rey salvador, ha venido a libertarnos. El coraz\u00f3n del cristiano se ha arrepentido, se sigue arrepintiendo, ha cre\u00eddo, y sigue creyendo. La vida cristiana es una vida centrada en el evangelio (<a class=\"rtBibleRef\" href=\"https:\/\/biblia.com\/bible\/nblh\/G%C3%A1l.%202.20?culture=es\" target=\"_blank\" rel=\"noopener\" data-reference=\"G\u00e1l. 2.20\" data-version=\"nblh\" data-purpose=\"bible-reference\">G\u00e1. 2:20<\/a>; <a class=\"rtBibleRef\" href=\"https:\/\/biblia.com\/bible\/nblh\/Fil.%201.21?culture=es\" target=\"_blank\" rel=\"noopener\" data-reference=\"Fil. 1.21\" data-version=\"nblh\" data-purpose=\"bible-reference\">Fil. 1:21<\/a>). Jes\u00fas tom\u00f3 su cruz hasta la muerte y despu\u00e9s vino la resurrecci\u00f3n y gloria. Ahora Jes\u00fas nos llama a tomar nuestra cruz diariamente (<a class=\"rtBibleRef\" href=\"https:\/\/biblia.com\/bible\/nblh\/Luc.%209.23?culture=es\" target=\"_blank\" rel=\"noopener\" data-reference=\"Luc. 9.23\" data-version=\"nblh\" data-purpose=\"bible-reference\">Lc. 9:23<\/a>) para que podamos seguirlo con fe y hacia la gloria (<a class=\"rtBibleRef\" href=\"https:\/\/biblia.com\/bible\/nblh\/Mat.%2025.34?culture=es\" target=\"_blank\" rel=\"noopener\" data-reference=\"Mat. 25.34\" data-version=\"nblh\" data-purpose=\"bible-reference\">Mt. 25:34<\/a>; <a class=\"rtBibleRef\" href=\"https:\/\/biblia.com\/bible\/nblh\/2%20Cor.%204.17-18?culture=es\" target=\"_blank\" rel=\"noopener\" data-reference=\"2 Cor. 4.17-18\" data-version=\"nblh\" data-purpose=\"bible-reference\">2 Co. 4:17-18<\/a>).<\/p>\n<h3><b>Un futuro lleno de buenas noticias<\/b><\/h3>\n<p>Si eres seguidor de Cristo, me pregunto qu\u00e9 ves en tu futuro. \u00bfVes, con ojos de fe, a Dios obrando todas las cosas para tu bien y conform\u00e1ndote a la imagen de su Hijo amado (<a class=\"rtBibleRef\" href=\"https:\/\/biblia.com\/bible\/nblh\/Rom.%208.28-30?culture=es\" target=\"_blank\" rel=\"noopener\" data-reference=\"Rom. 8.28-30\" data-version=\"nblh\" data-purpose=\"bible-reference\">Ro. 8:28-30<\/a>)? \u00bfPercibes, como a trav\u00e9s de un espejo velado, que tus sufrimientos actuales dar\u00e1n paso a una gloria venidera que es incomparable y duradera (<a class=\"rtBibleRef\" href=\"https:\/\/biblia.com\/bible\/nblh\/Rom.%208.18-25?culture=es\" target=\"_blank\" rel=\"noopener\" data-reference=\"Rom. 8.18-25\" data-version=\"nblh\" data-purpose=\"bible-reference\">Ro. 8:18-25<\/a>)? Estas esperanzas son buenas nuevas y por lo tanto evangelio, porque el evangelio no es solo lo que Jes\u00fas ha hecho, sino lo que <i>har\u00e1<\/i>.<\/p>\n<p>La vida del verdadero disc\u00edpulo se est\u00e1 desarrollando, d\u00eda a d\u00eda, en el amor de Dios. Y debido a que nuestra uni\u00f3n con Cristo nunca ser\u00e1 cortada (<a class=\"rtBibleRef\" href=\"https:\/\/biblia.com\/bible\/nblh\/Rom.%208.31-39?culture=es\" target=\"_blank\" rel=\"noopener\" data-reference=\"Rom. 8.31-39\" data-version=\"nblh\" data-purpose=\"bible-reference\">Ro. 8:31-39<\/a>), nuestro futuro est\u00e1 lleno de buenas nuevas las cuales son eternas. El nuevo pacto es para siempre, y as\u00ed el evangelio es para siempre. Jes\u00fas es el Rey redentor quien compr\u00f3 de las naciones un pueblo para s\u00ed mismo por medio de su sangre (<a class=\"rtBibleRef\" href=\"https:\/\/biblia.com\/bible\/nblh\/Apoc.%205.9-10?culture=es\" target=\"_blank\" rel=\"noopener\" data-reference=\"Apoc. 5.9-10\" data-version=\"nblh\" data-purpose=\"bible-reference\">Ap. 5:9-10<\/a>). La gracia divina que nos persigui\u00f3 ahora nos mantendr\u00e1 firmes, y el Cristo del evangelio satisfar\u00e1 nuestros corazones con el pan vivo y el agua viva que solo \u00c9l puede dar.<\/p>\n<hr \/>\n<h6>Publicado originalmente en <a href=\"https:\/\/www.thegospelcoalition.org\/article\/gospel-still-christians\/\"><i>The Gospel Coalition<\/i><\/a><i>.<\/i> Traducido por Jenny Midence Garc\u00eda.<\/h6>\n\n\t\t<\/div>\n\t<\/div>\n<\/div><\/div><\/div><\/div><div class=\"vc_row wpb_row vc_row-fluid vc_custom_1615074577655 vc_row-has-fill\"><div class=\"wpb_column vc_column_container vc_col-sm-12\"><div class=\"vc_column-inner\"><div class=\"wpb_wrapper\">\t\t\t<div class=\"info-box-wrapper inline-element\">\n\t\t\t\t<div id=\"wd-60ddf21b4faac\" class=\" wd-rs-60ddf21b4faac wd-info-box wd-wpb text-left box-icon-align-left box-style- color-scheme- wd-bg-none wd-items-top \">\n\t\t\t\t\t\t\t\t\t\t<div class=\"info-box-content\">\n\t\t\t\t\t\t<h4 class=\"info-box-title title box-title-style-default wd-fontsize-m\">Sobre el autor...<\/h4>\t\t\t\t\t\t<div class=\"info-box-inner reset-last-child\"><\/p>\n<div class=\"article_author_bio\">\n<div class=\"row\">\n<div class=\" col-12 align-self-center\">\n<p><b>Mitch Chase<\/b> (PhD, Seminario Teol\u00f3gico Bautista del Sur) es pastor de la Iglesia Bautista de Kosmosdale y profesor adjunto en el Boyce College en Louisville, Kentucky. Es el autor de <a href=\"https:\/\/www.amazon.com\/Behold-Our-Sovereign-Mitchell-Chase\/dp\/1935909525\/?tag=thegospcoal-20\"><i>Behold Our Sovereign God <\/i><\/a>(Contempla a nuestro soberano Dios), <a href=\"https:\/\/www.amazon.com\/Gospel-Christians-Mitchell-L-Chase\/dp\/1632962977\/?tag=thegospcoal-20\"><i>The Gospel Is for Christians<\/i><\/a> (El evangelio es para creyentes), y <a href=\"https:\/\/www.amazon.com\/40-Questions-About-Typology-Allegory\/dp\/0825446384\/?tag=thegospcoal-20\"><i>40 Questions About Typology and Allegory <\/i><\/a>(40 preguntas sobre tipolog\u00eda y alegor\u00eda). Est\u00e1 casado con Stacie, y tienen cuatro hijos. Puedes seguirlo en <a href=\"https:\/\/twitter.com\/@mitchellchase\">Twitter<\/a>.<\/p>\n<\/div>\n<\/div>\n<\/div>\n<p>\n<\/div>\n\n\t\t\t\t\t\t\t\t\t\t\t<\/div>\n\n\t\t\t\t\t\n\t\t\t\t\t<style>#wd-60ddf21b4faac .info-box-icon {background-color:  !important;}<\/style>\t\t\t\t<\/div>\n\t\t\t<\/div>\n\t\t<\/div><\/div><\/div><\/div>\n<\/div>\t\t\t\t\t<\/div>\n\t\t\t\t\n\t\t\t\t\t\t\t\t\t<\/div>\n\t<\/div>\n<\/article>\n\n\t\t\t\t\t\t\t\t\t\t\t\n<article id=\"post-59633\" class=\"wd-post blog-design-chess blog-post-loop blog-design-small-images blog-style-bg wd-add-shadow wd-col post-59633 post type-post status-publish format-standard has-post-thumbnail hentry category-biblia-y-teologia\">\n\t<div class=\"wd-post-inner article-inner\">\n\t\t\t\t\t<div class=\"wd-post-thumb entry-header\">\n\t\t\t\t\t\t\t\t\t<div class=\"wd-post-img post-img-wrapp\">\n\t\t\t\t\t\t<img width=\"320\" height=\"160\" src=\"https:\/\/desarrollocristiano.pe\/wp-content\/uploads\/2021\/06\/misiones-320x160.jpg\" class=\"attachment-large size-large\" alt=\"\" decoding=\"async\" loading=\"lazy\" srcset=\"https:\/\/desarrollocristiano.pe\/wp-content\/uploads\/2021\/06\/misiones-320x160.jpg 320w, https:\/\/desarrollocristiano.pe\/wp-content\/uploads\/2021\/06\/misiones-600x300.jpg 600w, https:\/\/desarrollocristiano.pe\/wp-content\/uploads\/2021\/06\/misiones-150x75.jpg 150w, https:\/\/desarrollocristiano.pe\/wp-content\/uploads\/2021\/06\/misiones.jpg 700w\" sizes=\"auto, (max-width: 320px) 100vw, 320px\" \/>\t\t\t\t\t<\/div>\n\t\t\t\t\t<a class=\"wd-fill\" href=\"https:\/\/desarrollocristiano.pe\/mision-y-apocalipsis\/\"><\/a>\n\t\t\t\t\n\t\t\t\t\t\t\t\t\t\t\t\t<div class=\"wd-post-date wd-style-with-bg\">\n\t\t\t\t<span class=\"post-date-day\">\n\t\t\t\t\t26\t\t\t\t<\/span>\n\t\t\t\t<span class=\"post-date-month\">\n\t\t\t\t\tJun\t\t\t\t<\/span>\n\t\t\t<\/div>\n\t\t\t\t\t\t\t\t\t<\/div>\n\t\t\n\t\t<div class=\"wd-post-content article-body-container\">\n\t\t\t\t\t\t\t<div class=\"wd-post-cat wd-style-with-bg meta-post-categories\">\n\t\t\t\t\t<a href=\"https:\/\/desarrollocristiano.pe\/categorias\/biblia-y-teologia\/\" rel=\"category tag\">Biblia y Teolog\u00eda<\/a>\t\t\t\t<\/div>\n\t\t\t\n\t\t\t\t\t\t\t<h3 class=\"wd-post-title wd-entities-title title post-title\">\n\t\t\t\t\t<a href=\"https:\/\/desarrollocristiano.pe\/mision-y-apocalipsis\/\" rel=\"bookmark\">MISI\u00d3N Y APOCALIPSIS<\/a>\n\t\t\t\t<\/h3>\n\t\t\t\n\t\t\t\t\t\t\t<div class=\"wd-post-meta\">\n\t\t\t\t\t\t\t\t\t\t\t\t\t\t\t<div class=\"wd-post-author\">\n\t\t\t\t\t\t\t\t\t\t\t<span>Posteado por<\/span>\n\t\t\n\t\t\t\t\t<img alt='author-avatar' src='https:\/\/secure.gravatar.com\/avatar\/8f331515e2139e7ffacac78d5e21bc88ee625065cad5d063ef4da73b7cbcfc2d?s=18&#038;d=mm&#038;r=g' srcset='https:\/\/secure.gravatar.com\/avatar\/8f331515e2139e7ffacac78d5e21bc88ee625065cad5d063ef4da73b7cbcfc2d?s=36&#038;d=mm&#038;r=g 2x' class='avatar avatar-18 photo' height='18' width='18' loading='lazy' decoding='async'\/>\t\t\n\t\t\t\t\t<a href=\"https:\/\/desarrollocristiano.pe\/author\/aprnimda7720\/\" class=\"author\" rel=\"author\">Administrador<\/a>\n\t\t\t\t\t\t\t\t\t<\/div>\n\t\t\t\t\t<div class=\"wd-modified-date\">\n\t\t\t\t\t\t\t\t<time class=\"updated\" datetime=\"2021-06-26T10:53:50-05:00\">\n\t\t\t26\/06\/2021\t\t<\/time>\n\t\t\t\t\t\t\t<\/div>\n\n\t\t\t\t\t\t\t\t\t\t\t<div class=\"wd-post-share wd-tltp\">\n\t\t\t\t\t\t\t<div class=\"tooltip top\">\n\t\t\t\t\t\t\t\t<div class=\"tooltip-inner\">\n\t\t\t\t\t\t\t\t\t\t\t\t<div\n\t\t\t\t\t\tclass=\" wd-social-icons  wd-style-default wd-size-small social-share wd-shape-circle color-scheme-light text-center\">\n\t\t\t\t\n\t\t\t\t\n\t\t\t\t\t\t\t\t\t<a rel=\"noopener noreferrer nofollow\" href=\"https:\/\/www.facebook.com\/sharer\/sharer.php?u=https:\/\/desarrollocristiano.pe\/articulos-pastorales\/\" target=\"_blank\" class=\" wd-social-icon social-facebook\" aria-label=\"Facebook social link\">\n\t\t\t\t\t\t<span class=\"wd-icon\"><\/span>\n\t\t\t\t\t\t\t\t\t\t\t<\/a>\n\t\t\t\t\n\t\t\t\t\t\t\t\t\t<a rel=\"noopener noreferrer nofollow\" href=\"https:\/\/x.com\/share?url=https:\/\/desarrollocristiano.pe\/articulos-pastorales\/\" target=\"_blank\" class=\" wd-social-icon social-twitter\" aria-label=\"X social link\">\n\t\t\t\t\t\t<span class=\"wd-icon\"><\/span>\n\t\t\t\t\t\t\t\t\t\t\t<\/a>\n\t\t\t\t\n\t\t\t\t\n\t\t\t\t\t\t\t\t\t<a rel=\"noopener noreferrer nofollow\" href=\"mailto:?subject=Check%20this%20https:\/\/desarrollocristiano.pe\/articulos-pastorales\/\" target=\"_blank\" class=\" wd-social-icon social-email\" aria-label=\"Email social link\">\n\t\t\t\t\t\t<span class=\"wd-icon\"><\/span>\n\t\t\t\t\t\t\t\t\t\t\t<\/a>\n\t\t\t\t\n\t\t\t\t\n\t\t\t\t\n\t\t\t\t\n\t\t\t\t\t\t\t\t\t<a rel=\"noopener noreferrer nofollow\" href=\"https:\/\/pinterest.com\/pin\/create\/button\/?url=https:\/\/desarrollocristiano.pe\/articulos-pastorales\/&media=https:\/\/desarrollocristiano.pe\/wp-content\/uploads\/2021\/06\/misiones.jpg&description=MISI%C3%93N+Y+APOCALIPSIS\" target=\"_blank\" class=\" wd-social-icon social-pinterest\" aria-label=\"Pinterest social link\">\n\t\t\t\t\t\t<span class=\"wd-icon\"><\/span>\n\t\t\t\t\t\t\t\t\t\t\t<\/a>\n\t\t\t\t\n\t\t\t\t\n\t\t\t\t\t\t\t\t\t<a rel=\"noopener noreferrer nofollow\" href=\"https:\/\/www.linkedin.com\/shareArticle?mini=true&url=https:\/\/desarrollocristiano.pe\/articulos-pastorales\/\" target=\"_blank\" class=\" wd-social-icon social-linkedin\" aria-label=\"Linkedin social link\">\n\t\t\t\t\t\t<span class=\"wd-icon\"><\/span>\n\t\t\t\t\t\t\t\t\t\t\t<\/a>\n\t\t\t\t\n\t\t\t\t\n\t\t\t\t\n\t\t\t\t\n\t\t\t\t\n\t\t\t\t\n\t\t\t\t\n\t\t\t\t\n\t\t\t\t\n\t\t\t\t\t\t\t\t\t<a rel=\"noopener noreferrer nofollow\" href=\"https:\/\/api.whatsapp.com\/send?text=https%3A%2F%2Fdesarrollocristiano.pe%2Farticulos-pastorales%2F\" target=\"_blank\" class=\"wd-hide-md  wd-social-icon social-whatsapp\" aria-label=\"WhatsApp social link\">\n\t\t\t\t\t\t<span class=\"wd-icon\"><\/span>\n\t\t\t\t\t\t\t\t\t\t\t<\/a>\n\n\t\t\t\t\t<a rel=\"noopener noreferrer nofollow\" href=\"whatsapp:\/\/send?text=https%3A%2F%2Fdesarrollocristiano.pe%2Farticulos-pastorales%2F\" target=\"_blank\" class=\"wd-hide-lg  wd-social-icon social-whatsapp\" aria-label=\"WhatsApp social link\">\n\t\t\t\t\t\t<span class=\"wd-icon\"><\/span>\n\t\t\t\t\t\t\t\t\t\t\t<\/a>\n\t\t\t\t\n\t\t\t\t\n\t\t\t\t\n\t\t\t\t\n\t\t\t\t\n\t\t\t\t\n\t\t\t\t\t\t\t\t\t<a rel=\"noopener noreferrer nofollow\" href=\"https:\/\/telegram.me\/share\/url?url=https:\/\/desarrollocristiano.pe\/articulos-pastorales\/\" target=\"_blank\" class=\" wd-social-icon social-tg\" aria-label=\"Telegram social link\">\n\t\t\t\t\t\t<span class=\"wd-icon\"><\/span>\n\t\t\t\t\t\t\t\t\t\t\t<\/a>\n\t\t\t\t\n\t\t\t\t\n\t\t\t<\/div>\n\n\t\t\t\t\t\t\t\t\t\t<\/div>\n\t\t\t\t\t\t\t\t<div class=\"tooltip-arrow\"><\/div>\n\t\t\t\t\t\t\t<\/div>\n\t\t\t\t\t\t<\/div>\n\t\t\t\t\t\n\t\t\t\t\t\t\t\t\t\t\t\t\t\t\t\t\t<div class=\"wd-post-reply wd-style-1\">\n\t\t\t\t\t\t\t<a href=\"https:\/\/desarrollocristiano.pe\/mision-y-apocalipsis\/#respond\"><span class=\"wd-replies-count\">0<\/span><\/a>\t\t\t\t\t\t<\/div>\n\t\t\t\t\t\t\t\t\t<\/div>\n\t\t\t\n\t\t\t\t\t\t\t\t\t\t\t\t<div class=\"wd-post-excerpt entry-content\">\n\t\t\t\t\t\t<div class=\"wpb-content-wrapper\"><div class=\"vc_row wpb_row vc_row-fluid\"><div class=\"wpb_column vc_column_container vc_col-sm-12\"><div class=\"vc_column-inner\"><div class=\"wpb_wrapper\">\n\t<div class=\"wpb_text_column wpb_content_element texto_parrafo text-larger\" >\n\t\t<div class=\"wpb_wrapper\">\n\t\t\t<p>Por: <a href=\"https:\/\/twitter.com\/@AnaAvilaOsuna\" target=\"_blank\" rel=\"noopener noreferrer\"><b>Ana \u00c1vila<\/b><\/a><br \/>\nFuente: <a href=\"https:\/\/desarrollocristiano.com\/mision-y-apocalipsis\/\" target=\"_blank\" rel=\"noopener noreferrer\">Desarrollo Cristiano Internacional<\/a><\/p>\n<p style=\"font-weight: 400;\"><span style=\"font-style: inherit; font-weight: inherit;\">Es com\u00fan asegurar que la Biblia es un libro misionero, la revelaci\u00f3n de un Dios misionero. Por eso esperar\u00edamos de manera muy especial que el \u00faltimo libro del canon sea tambi\u00e9n un libro misionero. Pero\u00a0<\/span><span style=\"font-style: inherit; font-weight: inherit;\">la lectura cuidadosa de Apocalipsis bajo una lupa misionera nos desconcierta mucho<\/span><span style=\"font-style: inherit; font-weight: inherit;\">. \u00bfD\u00f3nde est\u00e1n la Gran Comisi\u00f3n y la tarea evangelizadora aqu\u00ed? \u00bfSe puede realmente encontrar un enfoque misionero en este libro? A primera vista resulta dif\u00edcil afirmar que s\u00ed. Entonces, \u00bftendr\u00edamos que decir que la Biblia termina con un libro que no es misionero? \u00bfO tendr\u00edamos que enfocar de otra manera lo que entendemos por \u00abmisionero\u00bb?<b><a style=\"font-style: inherit;\" href=\"#_edn1\" name=\"_ednref1\">1<\/a><\/b><\/span><\/p>\n<p style=\"font-weight: 400;\"><span style=\"font-style: inherit; font-weight: inherit;\">\u00a0\u00a0\u00a0\u00a0\u00a0\u00a0\u00a0\u00a0\u00a0\u00a0\u00a0 \u00a0\u00a0\u00a0\u00a0\u00a0\u00a0\u00a0\u00a0\u00a0\u00a0\u00a0 \u00a0\u00a0\u00a0\u00a0\u00a0\u00a0\u00a0\u00a0\u00a0\u00a0<\/span><\/p>\n<p style=\"font-weight: 400;\"><span style=\"font-style: inherit; font-weight: inherit;\">En este art\u00edculo intentaremos analizar este tema por medio de un estudio de los t\u00e9rminos propios del lenguaje misionero y, en art\u00edculos posteriores, por medio de los principales temas del Apocalipsis que parecieran constituir su visi\u00f3n de la misi\u00f3n.<\/span><\/p>\n<p style=\"font-weight: 400;\"><span style=\"font-style: inherit; font-weight: inherit;\">\u00a0<\/span><\/p>\n<p style=\"font-weight: 400;\"><strong><span style=\"font-style: inherit; font-weight: inherit;\">Misi\u00f3n como env\u00edo<\/span><\/strong><\/p>\n<p style=\"font-weight: 400;\"><span style=\"font-style: inherit; font-weight: inherit;\">En Apocalipsis nunca se usa la palabra \u00abenv\u00edo\u00bb para referirse a la misi\u00f3n de los cristianos. En tres pasajes alude a Jes\u00fas, quien env\u00eda a su \u00e1ngel para dar la revelaci\u00f3n a los fieles (1.1 y 22.6 con [p. 352]\u00a0<em>apost\u00e9llo<\/em>; 22.16 con\u00a0<em>p\u00e9mpo<\/em>). Seg\u00fan 5.6 (con\u00a0<em>apost\u00e9llo<\/em>) y 11.10 (con\u00a0<em>p\u00e9mpo<\/em>), Dios env\u00eda al esp\u00edritu de vida por toda la tierra. En 1.11 se le manda a Juan enviar (<em>p\u00e9mpson<\/em>) su libro a las siete iglesias y, en 14.15 y 18, se les manda a los \u00e1ngeles meter (<em>p\u00e9mpson<\/em>) su hoz para la cosecha. Ni\u00a0<em>pore\u00faomai<\/em>\u00a0(\u00abir\u00bb) ni\u00a0<em>mathete\u00fao<\/em>\u00a0(\u00abhacer disc\u00edpulos\u00bb), que se encuentran en Mateo 28.19, aparecen en el Apocalipsis.<\/span><\/p>\n<p style=\"font-weight: 400;\"><span style=\"font-style: inherit; font-weight: inherit;\">\u00a0<\/span><\/p>\n<p style=\"font-weight: 400;\"><span style=\"font-style: inherit; font-weight: inherit;\">En realidad,\u00a0<\/span><span style=\"font-style: inherit; font-weight: inherit;\">el concepto del \u00abenv\u00edo\u00bb de la iglesia brilla por su ausencia en el \u00faltimo libro del canon.<\/span><span style=\"font-style: inherit; font-weight: inherit;\">\u00a0Nada se\u00f1ala claramente un llamado de los fieles a evangelizar a los incr\u00e9dulos (la posible excepci\u00f3n de 11.3\u201313 se analizar\u00e1 bajo \u00abMisi\u00f3n como testimonio\u00bb). En los mensajes a las siete congregaciones, a ninguna se le felicita por haber evangelizado con \u00e9xito, ni se le culpa por no haberlo hecho. En el contexto de la aparente ausencia general de lo que se suele considerar como el \u00abmensaje misionero\u00bb en Apocalipsis, la ausencia del tema en los dos cap\u00edtulos m\u00e1s espec\u00edficamente pastorales no deja de sorprendernos.<b><a style=\"font-style: inherit;\" href=\"#_edn2\" name=\"_ednref2\">2<\/a><\/b><\/span><\/p>\n<p style=\"font-weight: 400;\"><span style=\"font-style: inherit; font-weight: inherit;\">\u00a0<\/span><\/p>\n<p style=\"font-weight: 400;\"><strong><span style=\"font-style: inherit; font-weight: inherit;\">Misi\u00f3n como anuncio de buenas nuevas<\/span><\/strong><\/p>\n<p style=\"font-weight: 400;\"><span style=\"font-style: inherit; font-weight: inherit;\">Este tema tambi\u00e9n nos depara algunas sorpresas. El verbo\u00a0<em>euvaggel\u00edzo<\/em>\u00a0se usa solo dos veces en todo el libro (10.7; 14.6). En 10.7 el \u00e1ngel fuerte se refiere al \u00abmisterio de Dios\u00bb que Dios \u00abevangeliz\u00f3\u00bb (\u00abanunci\u00f3\u00bb) a los profetas y que ahora va a consumarse con la s\u00e9ptima trompeta; en 14.6 el sujeto del verbo es un \u00e1ngel que \u00abevangeliza\u00bb (\u00abpredica\u00bb) el evangelio eterno a toda [p. 353] naci\u00f3n.<b><a style=\"font-style: inherit;\" href=\"#_edn3\" name=\"_ednref3\">3<\/a><\/b><\/span><span style=\"font-style: inherit; font-weight: inherit;\">\u00a0<\/span><span style=\"font-style: inherit; font-weight: inherit;\">En ambos casos, se trata de un mensaje de juicio a partir de la creaci\u00f3n m\u00e1s que de la \u00abbuena nueva\u00bb de salvaci\u00f3n a partir de la muerte de Cristo, y el verbo se traduce com\u00fanmente \u00abanunciar\u00bb o \u00abpredicar\u00bb. De manera similar, el verbo\u00a0<em>ker\u00fasso<\/em>\u00a0aparece una sola vez (5.2) y se aplica tambi\u00e9n a un \u00e1ngel, cuya pregunta ret\u00f3rica no se relaciona en nada con la proclamaci\u00f3n del evangelio.<b><a style=\"font-style: inherit;\" href=\"#_edn4\" name=\"_ednref4\">4<\/a><\/b><\/span><span style=\"font-style: inherit; font-weight: inherit;\">\u00a0<\/span><span style=\"font-style: inherit; font-weight: inherit;\">Aunque el verbo\u00a0<em>s\u00f3zo<\/em>\u00a0(salvar) y el sustantivo\u00a0<em>s\u00f3ter<\/em>\u00a0(salvador) no aparecen en el libro,\u00a0<em>soter\u00eda<\/em>\u00a0(salvaci\u00f3n) se encuentra tres veces en himnos de alabanza por la redenci\u00f3n (7.10, por los m\u00e1rtires; 12.10 y 19.1, por \u00abuna gran voz del cielo\u00bb). Tampoco aparece en el libro ning\u00fan verbo que signifique \u00abcreer\u00bb (<em>piste\u00fao<\/em>,\u00a0<em>pe\u00edtho<\/em>, etc.): en las cuatro veces que aparece\u00a0<em>p\u00edstis<\/em>\u00a0(2.13, 19; 13.10; 14.12) el \u00e9nfasis cae en la fidelidad y no en el acto de fe, de creer. El perd\u00f3n de los pecados y la justificaci\u00f3n por la fe no parecen ser tan centrales aqu\u00ed como en las cartas paulinas.<b><a style=\"font-style: inherit;\" href=\"#_edn5\" name=\"_ednref5\">5<\/a><\/b><\/span><span style=\"font-style: inherit; font-weight: inherit;\">\u00a0<\/span><span style=\"font-style: inherit; font-weight: inherit;\">No se encuentran referencias en Apocalipsis que apunten espec\u00edficamente a una tarea evangelizadora de la iglesia.<\/span><\/p>\n<p style=\"font-weight: 400;\"><span style=\"font-style: inherit; font-weight: inherit;\">Aunque desde esta perspectiva casi nada se refiere expl\u00edcitamente a la evangelizaci\u00f3n, puede aparecer informaci\u00f3n impl\u00edcita o bajo otra terminolog\u00eda. Aqu\u00ed nos interesa averiguar dos asuntos: (1) \u00bfqu\u00e9 pasajes podr\u00edan referirse a la labor evangelizadora sin usar el lenguaje cl\u00e1sico del tema?, y (2) en t\u00e9rminos m\u00e1s [p. 354] generales, \u00bfc\u00f3mo entiende Apocalipsis \u00abla buena nueva\u00bb, es decir, cu\u00e1l es el \u00abevangelio\u00bb del \u00faltimo libro de la Biblia?<\/span><\/p>\n<p style=\"font-weight: 400;\"><span style=\"font-style: inherit; font-weight: inherit;\">\u00a0<\/span><\/p>\n<p style=\"font-weight: 400;\"><strong><span style=\"font-style: inherit; font-weight: inherit;\">Pasajes que podr\u00edan referirse a la evangelizaci\u00f3n<\/span><\/strong><\/p>\n<p style=\"font-weight: 400;\"><span style=\"font-style: inherit; font-weight: inherit;\">Tres pasajes podr\u00edan relacionarse con la proclamaci\u00f3n del evangelio a cargo de la iglesia: 11.3\u201313 (lo analizaremos, en un futuro art\u00edculo, bajo \u00abMisi\u00f3n como testimonio\u00bb); 3.8 (la \u00abpuerta abierta\u00bb de la carta a la congregaci\u00f3n de Filadelfia), y 6.1\u20132 (la figura del caballo blanco y su jinete).<\/span><\/p>\n<p style=\"font-weight: 400;\"><span style=\"font-style: inherit; font-weight: inherit;\">\u00a0<\/span><\/p>\n<p style=\"font-weight: 400;\"><span style=\"font-style: inherit; font-weight: inherit;\">El mensaje de la carta a Filadelfia se construye alrededor del s\u00edmbolo de la puerta. Cristo lleva las llaves de la casa de David, y abre y nadie cierra, cierra y nadie abre (3.7). En seguida anuncia a los filadelfinos que \u00e9l ha colocado ante ellos \u00abuna puerta abierta, la cual nadie puede cerrar\u00bb (3.8). Agrega que \u00e9l provocar\u00e1 que los jud\u00edos de la \u00absinagoga de Satan\u00e1s\u00bb un d\u00eda \u00abvengan y se postren a tus pies, y reconozcan que yo te he amado\u00bb (3.9). Muchos interpretan la \u00abpuerta abierta\u00bb como una oportunidad de evangelizar, similar al sentido frecuente de dicha figura en Pablo (1Co 16.9; 2Co 2.12; Col 4.3) y en Hechos (14.27). Algunos tambi\u00e9n interpretan la \u00abconversi\u00f3n\u00bb de los jud\u00edos (3.9) como fruto de dichos esfuerzos evangelizadores. Pero otros, con igual raz\u00f3n, interpretan la \u00abpuerta abierta\u00bb como la entrada al reino escatol\u00f3gico (casa de David; cf. 3.20) y se\u00f1alan que la \u00abconversi\u00f3n\u00bb de los jud\u00edos se representa m\u00e1s bien como una sumisi\u00f3n (como un eco del sue\u00f1o de Jos\u00e9; Gn 37.9s.). La ambig\u00fcedad hermen\u00e9utica del pasaje no nos permite sacar conclusiones firmes en cuanto a la misi\u00f3n de la iglesia.<\/span><\/p>\n<p style=\"font-weight: 400;\"><span style=\"font-style: inherit; font-weight: inherit;\">\u00a0<\/span><\/p>\n<p style=\"font-weight: 400;\"><span style=\"font-style: inherit; font-weight: inherit;\">La interpretaci\u00f3n del caballo blanco (6.1s.) es a\u00fan m\u00e1s discutible. Serios ex\u00e9getas han visto en este simbolismo desde Cristo hasta el Anticristo, pasando por el evangelio mismo, los temibles partos (feroces arqueros montados en corceles blancos), el Imperio Romano o uno de los emperadores. La verdad es que los datos del texto no sientan una s\u00f3lida base exeg\u00e9tica para ninguna conclusi\u00f3n y no permiten sacar inferencias en cuanto a la [p. 355] misionolog\u00eda del libro. Quiz\u00e1 se observe cierta preferencia por la interpretaci\u00f3n de Cullmann, Ladd, Boer y otros, que sostienen que este primer sello corresponde a Mateo 24.14 (Mr 13.10) y se\u00f1ala la marcha triunfante del evangelio por todo el mundo. Sin embargo, en dicho caso el s\u00edmbolo podr\u00eda referirse a la misi\u00f3n de la iglesia durante toda su historia, en correspondencia con los \u00abprincipios de dolores\u00bb del discurso del monte de los Olivos, y no espec\u00edficamente durante el tiempo apocal\u00edptico.<\/span><\/p>\n<p style=\"font-weight: 400;\"><span style=\"font-style: inherit; font-weight: inherit;\">\u00a0<\/span><\/p>\n<p style=\"font-weight: 400;\"><span style=\"font-style: inherit; font-weight: inherit;\">Si el jinete del caballo blanco expresa el recorrido victorioso del evangelio del Reino frente a todas las fuerzas del mal y de la muerte (6.3\u20138), ser\u00eda un s\u00edmbolo muy poderoso de esperanza en medio del conflicto y la persecuci\u00f3n. Pero, debido a que su interpretaci\u00f3n es muy discutible, ser\u00eda peligroso derivar conclusiones espec\u00edficas en cuanto al concepto de la misi\u00f3n de la iglesia seg\u00fan Juan de Patmos. Como ocurre con Mateo 24.14, el pasaje tendr\u00eda que ver m\u00e1s con el resultado que con el proceso: la evangelizaci\u00f3n de las naciones como se\u00f1al escatol\u00f3gica del reino.<b><a style=\"font-style: inherit;\" href=\"#_edn6\" name=\"_ednref6\">6<\/a><\/b><\/span><\/p>\n<p style=\"font-weight: 400;\"><span style=\"font-style: inherit; font-weight: inherit;\">Con este art\u00edculo iniciamos una serie sobre el tema de la misi\u00f3n de la iglesia en Apocalipsis. Busque en los pr\u00f3ximos n\u00fameros en un art\u00edculo nuevo.<\/span><\/p>\n<p style=\"font-style: inherit; font-weight: inherit;\"><b><a style=\"font-style: inherit;\" href=\"#_ednref1\" name=\"_edn1\"><span style=\"font-style: inherit; font-weight: inherit;\">1<\/span><\/a><\/b><span style=\"font-style: inherit; font-weight: inherit;\">\u00a0<\/span><span style=\"font-style: inherit; font-weight: inherit;\">Llama la atenci\u00f3n, por otra parte, que los libros de misionolog\u00eda se refieran tan poco al Apocalipsis. Aparentemente, la misionolog\u00eda se ha elaborado mayormente a espaldas del \u00faltimo libro de la Biblia. Una notable excepci\u00f3n es Donald Senior y Carroll Stuhlmueller,\u00a0<em>Biblia y misi\u00f3n<\/em>, Verbo Divino, Navarra, 1985, pp. 402\u2013410, 422, 432, 444, 454.<\/span><\/p>\n<p style=\"font-style: inherit; font-weight: inherit;\"><b><a style=\"font-style: inherit;\" href=\"#_ednref2\" name=\"_edn2\"><span style=\"font-style: inherit; font-weight: inherit;\">2<\/span><\/a><\/b><span style=\"font-style: inherit; font-weight: inherit;\">\u00a0<\/span><span style=\"font-style: inherit; font-weight: inherit;\">Aunque las varias referencias al \u00abtrabajo arduo\u00bb de las congregaciones (2.2s.) o sus \u00abobras\u00bb (2.2, 5s., 19, 22, 26; 3:1s., 8, 15)\u2423podr\u00edan\u00a0 aludir te\u00f3ricamente a labores de evangelizaci\u00f3n, el contexto nunca especifica ese aspecto, sino, m\u00e1s bien, la pr\u00e1ctica \u00e9tica (2.5, 26) y\u2423la\u00a0 Resistencia al culto imperial (2.2s., 13). Del contexto de 3.14\u201322 tampoco parece que la tibieza de los laodicenses fuera una falta de celo evangelizador.<\/span><\/p>\n<p style=\"font-style: inherit; font-weight: inherit;\"><b><a style=\"font-style: inherit;\" href=\"#_ednref3\" name=\"_edn3\"><span style=\"font-style: inherit; font-weight: inherit;\">3<\/span><\/a><\/b><span style=\"font-style: inherit; font-weight: inherit;\">\u00a0<\/span><span style=\"font-style: inherit; font-weight: inherit;\">Ap. 14.6 es tambi\u00e9n el \u00fanico pasaje en el libro que emplea el sustantivo\u00a0<em>euagg\u00e9lion<\/em>. Aqu\u00ed \u00abevangelio eterno\u00bb (sin art\u00edculo) es tambi\u00e9n esencialmente un mensaje de juicio y una \u00faltima llamada al arrepentimiento, sobre la base de la creaci\u00f3n y de la justicia divina. El esfuerzo de Bauckham (<em>The Climax of Prophecy<\/em>, T. &amp; T. Clark, Edimburgo, 1993) por dar un sentido evangelizador a 14.6 impresiona por su erudici\u00f3n, pero no convence.<\/span><\/p>\n<p style=\"font-style: inherit; font-weight: inherit;\"><b><a style=\"font-style: inherit;\" href=\"#_ednref4\" name=\"_edn4\"><span style=\"font-style: inherit; font-weight: inherit;\">4<\/span><\/a><\/b><span style=\"font-style: inherit; font-weight: inherit;\">\u00a0<\/span><span style=\"font-style: inherit; font-weight: inherit;\">Los sustantivos\u00a0<em>k\u00e9rux<\/em>\u00a0y\u00a0<em>kerugma<\/em>\u00a0no aparecen en el Apocalipsis.<\/span><\/p>\n<p style=\"font-style: inherit; font-weight: inherit;\"><b><a style=\"font-style: inherit;\" href=\"#_ednref5\" name=\"_edn5\"><span style=\"font-style: inherit; font-weight: inherit;\">5<\/span><\/a><\/b><span style=\"font-style: inherit; font-weight: inherit;\">\u00a0<\/span><span style=\"font-style: inherit; font-weight: inherit;\">Muchos han visto una tendencia arminiana en el Apocalipsis, ya que solo el \u00abvencedor\u00bb, (2.7) que es \u00abfiel hasta la muerte\u00bb, (2.10; Mr 13.13) ser\u00e1 salvo.<\/span><\/p>\n<p style=\"font-style: inherit; font-weight: inherit;\"><b><a style=\"font-style: inherit;\" href=\"#_ednref6\" name=\"_edn6\"><span style=\"font-style: inherit; font-weight: inherit;\">6<\/span><\/a><\/b><span style=\"font-style: inherit; font-weight: inherit;\">\u00a0<\/span><span style=\"font-style: inherit; font-weight: inherit;\">Debe notarse aqu\u00ed tambi\u00e9n que algunos autores, no sin sus razones, interpretan Mr 13.10\/Mt 24.14 y Ap. 6.1s. como la proclamaci\u00f3n escatol\u00f3gica del evangelio llevada a cabo por los \u00e1ngeles (cf 14.6) y no por la iglesia.<\/span><\/p>\n<p style=\"font-style: inherit; font-weight: inherit;\"><strong><span style=\"font-style: inherit; font-weight: inherit;\">Preguntas para estudiar el texto en grupo<\/span><\/strong><\/p>\n<p style=\"font-style: inherit; font-weight: inherit;\"><span style=\"font-style: inherit; font-weight: inherit;\">\u00a0<\/span><\/p>\n<ol>\n<li style=\"font-style: inherit; font-weight: inherit;\"><span style=\"font-style: inherit; font-weight: inherit;\">\u00bfCu\u00e1les son los dos concetos que el autor utiliza para examinar en Apocalipsis la posibilidad de que Juan tuviera un enfoque misionero en este libro? \u00bfQu\u00e9 sorpresas dejan estos dos conceptos con respecto al abordaje del tema de la misi\u00f3n en el libro?<\/span><\/li>\n<li style=\"font-style: inherit; font-weight: inherit;\"><span style=\"font-style: inherit; font-weight: inherit;\">\u00bfQu\u00e9 pasajes aborda el autor que probablemente se refieran a la evangelizaci\u00f3n? \u00bfCu\u00e1l es el aporte de cada pasaje a la discusi\u00f3n por la que se escribe el art\u00edculo?<\/span><\/li>\n<li style=\"font-style: inherit; font-weight: inherit;\"><span style=\"font-style: inherit; font-weight: inherit;\">\u00bfPor qu\u00e9 resulta tan importante discutir el tema de la misi\u00f3n en Apocalipsis? \u00bfEn qu\u00e9 nos afecta a la iglesia latinoamericana de ahora?<\/span><\/li>\n<\/ol>\n<p style=\"font-weight: 400;\">Se tom\u00f3 de \u00abLa misi\u00f3n de la iglesia en el Apocalipsis\u00bb, Bases b\u00edblicas de la misi\u00f3n, perspectivas latinoamericanas, Ren\u00e9 Padilla, editor, Nueva Creaci\u00f3n. Todos los derechos reservados. Se usa con permiso del autor.<\/p>\n<p style=\"font-weight: 400;\">El autor, costarricense por adopci\u00f3n, se doctor\u00f3 en teolog\u00eda por la Universidad de Basilea, Suiza. Ha ejercido la docencia en varias instituciones teol\u00f3gicas y universidades de Am\u00e9rica Central y de otros lugares del mundo. Es miembro de la Fraternidad Teol\u00f3gica Latinoamericana (FTL) y ha escrito varios libros y numerosos art\u00edculos.<\/p>\n\n\t\t<\/div>\n\t<\/div>\n<\/div><\/div><\/div><\/div><div class=\"vc_row wpb_row vc_row-fluid\"><div class=\"wpb_column vc_column_container vc_col-sm-12\"><div class=\"vc_column-inner\"><div class=\"wpb_wrapper\"><\/div><\/div><\/div><\/div>\n<\/div>\t\t\t\t\t<\/div>\n\t\t\t\t\n\t\t\t\t\t\t\t\t\t<\/div>\n\t<\/div>\n<\/article>\n\n\t\t\t\t\t\n\t\t\t\t\t","status":"have-posts","nextPage":"https:\/\/desarrollocristiano.pe\/articulos-pastorales\/page\/6\/?woo_ajax=1","currentPage":"https:\/\/desarrollocristiano.pe\/articulos-pastorales\/page\/5"}