
			
				

					
				

			
		{"items":"\n\t\t\t\t\t\t\t\t\t\t\t\t\t\t<link rel=\"stylesheet\" id=\"wd-post-types-mod-categories-style-bg-css\" href=\"https:\/\/desarrollocristiano.pe\/wp-content\/themes\/woodmart\/css\/parts\/post-types-mod-categories-style-bg.min.css?ver=8.2.7\" type=\"text\/css\" media=\"all\" \/> \t\t\t\n<article id=\"post-75586\" class=\"wd-post blog-design-chess blog-post-loop blog-design-small-images blog-style-bg wd-add-shadow wd-col post-75586 post type-post status-publish format-standard has-post-thumbnail hentry category-paternidad\">\n\t<div class=\"wd-post-inner article-inner\">\n\t\t\t\t\t<div class=\"wd-post-thumb entry-header\">\n\t\t\t\t\t\t\t\t\t<div class=\"wd-post-img post-img-wrapp\">\n\t\t\t\t\t\t<img width=\"320\" height=\"160\" src=\"https:\/\/desarrollocristiano.pe\/wp-content\/uploads\/2022\/06\/padres-320x160.jpg\" class=\"attachment-large size-large\" alt=\"\" decoding=\"async\" loading=\"lazy\" srcset=\"https:\/\/desarrollocristiano.pe\/wp-content\/uploads\/2022\/06\/padres-320x160.jpg 320w, https:\/\/desarrollocristiano.pe\/wp-content\/uploads\/2022\/06\/padres-600x300.jpg 600w, https:\/\/desarrollocristiano.pe\/wp-content\/uploads\/2022\/06\/padres-150x75.jpg 150w, https:\/\/desarrollocristiano.pe\/wp-content\/uploads\/2022\/06\/padres-200x100.jpg 200w, https:\/\/desarrollocristiano.pe\/wp-content\/uploads\/2022\/06\/padres-400x200.jpg 400w, https:\/\/desarrollocristiano.pe\/wp-content\/uploads\/2022\/06\/padres.jpg 699w\" sizes=\"auto, (max-width: 320px) 100vw, 320px\" \/>\t\t\t\t\t<\/div>\n\t\t\t\t\t<a class=\"wd-fill\" href=\"https:\/\/desarrollocristiano.pe\/9-verdades-que-cada-padre-debe-recordar\/\"><\/a>\n\t\t\t\t\n\t\t\t\t\t\t\t\t\t\t\t\t<link rel=\"stylesheet\" id=\"wd-post-types-mod-date-style-bg-css\" href=\"https:\/\/desarrollocristiano.pe\/wp-content\/themes\/woodmart\/css\/parts\/post-types-mod-date-style-bg.min.css?ver=8.2.7\" type=\"text\/css\" media=\"all\" \/> \t\t\t\t\t\t<div class=\"wd-post-date wd-style-with-bg\">\n\t\t\t\t<span class=\"post-date-day\">\n\t\t\t\t\t15\t\t\t\t<\/span>\n\t\t\t\t<span class=\"post-date-month\">\n\t\t\t\t\tJun\t\t\t\t<\/span>\n\t\t\t<\/div>\n\t\t\t\t\t\t\t\t\t<\/div>\n\t\t\n\t\t<div class=\"wd-post-content article-body-container\">\n\t\t\t\t\t\t\t<div class=\"wd-post-cat wd-style-with-bg meta-post-categories\">\n\t\t\t\t\t<a href=\"https:\/\/desarrollocristiano.pe\/categorias\/relaciones\/paternidad\/\" rel=\"category tag\">Paternidad<\/a>\t\t\t\t<\/div>\n\t\t\t\n\t\t\t\t\t\t\t<h3 class=\"wd-post-title wd-entities-title title post-title\">\n\t\t\t\t\t<a href=\"https:\/\/desarrollocristiano.pe\/9-verdades-que-cada-padre-debe-recordar\/\" rel=\"bookmark\">9 verdades que cada padre debe recordar<\/a>\n\t\t\t\t<\/h3>\n\t\t\t\n\t\t\t\t\t\t\t<div class=\"wd-post-meta\">\n\t\t\t\t\t\t\t\t\t\t\t\t\t<link rel=\"stylesheet\" id=\"wd-blog-mod-author-css\" href=\"https:\/\/desarrollocristiano.pe\/wp-content\/themes\/woodmart\/css\/parts\/blog-mod-author.min.css?ver=8.2.7\" type=\"text\/css\" media=\"all\" \/> \t\t\t\t\t\t\t\t<div class=\"wd-post-author\">\n\t\t\t\t\t\t\t\t\t\t\t<span>Posteado por<\/span>\n\t\t\n\t\t\t\t\t<img alt='author-avatar' src='https:\/\/secure.gravatar.com\/avatar\/8f331515e2139e7ffacac78d5e21bc88ee625065cad5d063ef4da73b7cbcfc2d?s=18&#038;d=mm&#038;r=g' srcset='https:\/\/secure.gravatar.com\/avatar\/8f331515e2139e7ffacac78d5e21bc88ee625065cad5d063ef4da73b7cbcfc2d?s=36&#038;d=mm&#038;r=g 2x' class='avatar avatar-18 photo' height='18' width='18' loading='lazy' decoding='async'\/>\t\t\n\t\t\t\t\t<a href=\"https:\/\/desarrollocristiano.pe\/author\/aprnimda7720\/\" class=\"author\" rel=\"author\">Administrador<\/a>\n\t\t\t\t\t\t\t\t\t<\/div>\n\t\t\t\t\t<div class=\"wd-modified-date\">\n\t\t\t\t\t\t\t\t<time class=\"updated\" datetime=\"2022-06-15T18:47:07-05:00\">\n\t\t\t15\/06\/2022\t\t<\/time>\n\t\t\t\t\t\t\t<\/div>\n\n\t\t\t\t\t\t\t\t\t\t\t<div class=\"wd-post-share wd-tltp\">\n\t\t\t\t\t\t\t<div class=\"tooltip top\">\n\t\t\t\t\t\t\t\t<div class=\"tooltip-inner\">\n\t\t\t\t\t\t\t\t\t\t\t\t<link rel=\"stylesheet\" id=\"wd-social-icons-css\" href=\"https:\/\/desarrollocristiano.pe\/wp-content\/themes\/woodmart\/css\/parts\/el-social-icons.min.css?ver=8.2.7\" type=\"text\/css\" media=\"all\" \/> \t\t\t\t\t\t<div\n\t\t\t\t\t\tclass=\" wd-social-icons  wd-style-default wd-size-small social-share wd-shape-circle color-scheme-light text-center\">\n\t\t\t\t\n\t\t\t\t\n\t\t\t\t\t\t\t\t\t<a rel=\"noopener noreferrer nofollow\" href=\"https:\/\/www.facebook.com\/sharer\/sharer.php?u=https:\/\/desarrollocristiano.pe\/articulos-pastorales\/\" target=\"_blank\" class=\" wd-social-icon social-facebook\" aria-label=\"Facebook social link\">\n\t\t\t\t\t\t<span class=\"wd-icon\"><\/span>\n\t\t\t\t\t\t\t\t\t\t\t<\/a>\n\t\t\t\t\n\t\t\t\t\t\t\t\t\t<a rel=\"noopener noreferrer nofollow\" href=\"https:\/\/x.com\/share?url=https:\/\/desarrollocristiano.pe\/articulos-pastorales\/\" target=\"_blank\" class=\" wd-social-icon social-twitter\" aria-label=\"X social link\">\n\t\t\t\t\t\t<span class=\"wd-icon\"><\/span>\n\t\t\t\t\t\t\t\t\t\t\t<\/a>\n\t\t\t\t\n\t\t\t\t\n\t\t\t\t\t\t\t\t\t<a rel=\"noopener noreferrer nofollow\" href=\"mailto:?subject=Check%20this%20https:\/\/desarrollocristiano.pe\/articulos-pastorales\/\" target=\"_blank\" class=\" wd-social-icon social-email\" aria-label=\"Email social link\">\n\t\t\t\t\t\t<span class=\"wd-icon\"><\/span>\n\t\t\t\t\t\t\t\t\t\t\t<\/a>\n\t\t\t\t\n\t\t\t\t\n\t\t\t\t\n\t\t\t\t\n\t\t\t\t\t\t\t\t\t<a rel=\"noopener noreferrer nofollow\" href=\"https:\/\/pinterest.com\/pin\/create\/button\/?url=https:\/\/desarrollocristiano.pe\/articulos-pastorales\/&media=https:\/\/desarrollocristiano.pe\/wp-content\/uploads\/2022\/06\/padres.jpg&description=9+verdades+que+cada+padre+debe+recordar\" target=\"_blank\" class=\" wd-social-icon social-pinterest\" aria-label=\"Pinterest social link\">\n\t\t\t\t\t\t<span class=\"wd-icon\"><\/span>\n\t\t\t\t\t\t\t\t\t\t\t<\/a>\n\t\t\t\t\n\t\t\t\t\n\t\t\t\t\t\t\t\t\t<a rel=\"noopener noreferrer nofollow\" href=\"https:\/\/www.linkedin.com\/shareArticle?mini=true&url=https:\/\/desarrollocristiano.pe\/articulos-pastorales\/\" target=\"_blank\" class=\" wd-social-icon social-linkedin\" aria-label=\"Linkedin social link\">\n\t\t\t\t\t\t<span class=\"wd-icon\"><\/span>\n\t\t\t\t\t\t\t\t\t\t\t<\/a>\n\t\t\t\t\n\t\t\t\t\n\t\t\t\t\n\t\t\t\t\n\t\t\t\t\n\t\t\t\t\n\t\t\t\t\n\t\t\t\t\n\t\t\t\t\n\t\t\t\t\t\t\t\t\t<a rel=\"noopener noreferrer nofollow\" href=\"https:\/\/api.whatsapp.com\/send?text=https%3A%2F%2Fdesarrollocristiano.pe%2Farticulos-pastorales%2F\" target=\"_blank\" class=\"wd-hide-md  wd-social-icon social-whatsapp\" aria-label=\"WhatsApp social link\">\n\t\t\t\t\t\t<span class=\"wd-icon\"><\/span>\n\t\t\t\t\t\t\t\t\t\t\t<\/a>\n\n\t\t\t\t\t<a rel=\"noopener noreferrer nofollow\" href=\"whatsapp:\/\/send?text=https%3A%2F%2Fdesarrollocristiano.pe%2Farticulos-pastorales%2F\" target=\"_blank\" class=\"wd-hide-lg  wd-social-icon social-whatsapp\" aria-label=\"WhatsApp social link\">\n\t\t\t\t\t\t<span class=\"wd-icon\"><\/span>\n\t\t\t\t\t\t\t\t\t\t\t<\/a>\n\t\t\t\t\n\t\t\t\t\n\t\t\t\t\n\t\t\t\t\n\t\t\t\t\n\t\t\t\t\n\t\t\t\t\t\t\t\t\t<a rel=\"noopener noreferrer nofollow\" href=\"https:\/\/telegram.me\/share\/url?url=https:\/\/desarrollocristiano.pe\/articulos-pastorales\/\" target=\"_blank\" class=\" wd-social-icon social-tg\" aria-label=\"Telegram social link\">\n\t\t\t\t\t\t<span class=\"wd-icon\"><\/span>\n\t\t\t\t\t\t\t\t\t\t\t<\/a>\n\t\t\t\t\n\t\t\t\t\n\t\t\t<\/div>\n\n\t\t\t\t\t\t\t\t\t\t<\/div>\n\t\t\t\t\t\t\t\t<div class=\"tooltip-arrow\"><\/div>\n\t\t\t\t\t\t\t<\/div>\n\t\t\t\t\t\t<\/div>\n\t\t\t\t\t\n\t\t\t\t\t\t\t\t\t\t\t\t\t\t<link rel=\"stylesheet\" id=\"wd-blog-mod-comments-button-css\" href=\"https:\/\/desarrollocristiano.pe\/wp-content\/themes\/woodmart\/css\/parts\/blog-mod-comments-button.min.css?ver=8.2.7\" type=\"text\/css\" media=\"all\" \/> \t\t\t\t\t\t\t\t\t<div class=\"wd-post-reply wd-style-1\">\n\t\t\t\t\t\t\t<a href=\"https:\/\/desarrollocristiano.pe\/9-verdades-que-cada-padre-debe-recordar\/#respond\"><span class=\"wd-replies-count\">0<\/span><\/a>\t\t\t\t\t\t<\/div>\n\t\t\t\t\t\t\t\t\t<\/div>\n\t\t\t\n\t\t\t\t\t\t\t\t\t\t\t\t<div class=\"wd-post-excerpt entry-content\">\n\t\t\t\t\t\t<div class=\"wpb-content-wrapper\"><div class=\"vc_row wpb_row vc_row-fluid\"><div class=\"wpb_column vc_column_container vc_col-sm-12\"><div class=\"vc_column-inner\"><div class=\"wpb_wrapper\">\n\t<div class=\"wpb_text_column wpb_content_element texto_parrafo text-larger\" >\n\t\t<div class=\"wpb_wrapper\">\n\t\t\t<p>Por: Tim Challies<br \/>\nFuente: <a href=\"https:\/\/www.coalicionporelevangelio.org\/articulo\/9-verdades-cada-padre-debe-recordar-john-piper\/\" target=\"_blank\" rel=\"noopener noreferrer\">Coalici\u00f3n por el Evangelio<\/a><\/p>\n<div class=\"content_container\">\n<p><span id=\"goog-gtc-unit-2\"><span dir=\"ltr\">\u00bfPromete Proverbios que mi hijo no se descarriar\u00e1?<\/span><\/span>\u00a0Hace poco algui\u00e9<span id=\"goog-gtc-unit-3\"><span dir=\"ltr\">n le\u00a0hizo esta pregunta a John Piper en\u00a0un <a href=\"http:\/\/www.desiringgod.org\/interviews\/does-proverbs-promise-my-child-will-not-stray\">episodio<\/a> reciente del podcast <em>Ask Pastor John<\/em>.<\/span><\/span>\u00a0<span id=\"goog-gtc-unit-4\"><span dir=\"ltr\">La pregunta estaba basada en <a class=\"rtBibleRef\" href=\"https:\/\/biblia.com\/bible\/nblh\/Prov%2022.6?culture=es\" target=\"_blank\" rel=\"noopener\" data-reference=\"Prov 22.6\" data-version=\"nblh\" data-purpose=\"bible-reference\">Proverbios 22:6<\/a>: \u201cEnse\u00f1a al ni\u00f1o el camino en que debe andar, y aun cuando sea viejo no se apartar\u00e1 de \u00e9l\u201d. Piper termin\u00f3 ese episodio<\/span><\/span><span id=\"goog-gtc-unit-5\"><span dir=\"ltr\">\u00a0compartiendo\u00a0las siguientes 9 verdades que los\u00a0padres deben recordar al criar a sus hijos:<\/span><\/span><\/p>\n<p><span id=\"goog-gtc-unit-6\"><span dir=\"ltr\">1.\u00a0En general, educar a los hijos a la manera de Dios los guiar\u00e1 hacia la vida eterna.<\/span><\/span>\u00a0<span id=\"goog-gtc-unit-7\"><span dir=\"ltr\">En general, esto es cierto.<\/span><\/span><\/p>\n<p><span dir=\"ltr\">2.\u00a0<\/span><span id=\"goog-gtc-unit-8\"><span dir=\"ltr\">Esta realidad incluye poner nuestra esperanza en Dios y orar fervientemente por sabidur\u00eda y por Su salvaci\u00f3n hasta el d\u00eda en que muramos.<\/span><\/span>\u00a0<span id=\"goog-gtc-unit-9\"><span dir=\"ltr\">No oren solo hasta que se conviertan a los 6 a\u00f1os.<\/span><\/span>\u00a0<span id=\"goog-gtc-unit-10\"><span dir=\"ltr\">Oren hasta el d\u00eda de la muerte por la conversi\u00f3n de sus hijos y por la perseverancia de su aparente conversi\u00f3n.<\/span><\/span><\/p>\n<p><span dir=\"ltr\">3.\u00a0<\/span><span id=\"goog-gtc-unit-11\"><span dir=\"ltr\">Sat\u00faralos con la Palabra de Dios.<\/span><\/span>\u00a0<span id=\"goog-gtc-unit-12\"><span dir=\"ltr\">La fe viene por el o\u00edr y el o\u00edr por la Palabra de Dios (<a class=\"rtBibleRef\" href=\"https:\/\/biblia.com\/bible\/nblh\/Rom%2010.17?culture=es\" target=\"_blank\" rel=\"noopener\" data-reference=\"Rom 10.17\" data-version=\"nblh\" data-purpose=\"bible-reference\">Romanos 10:17<\/a>).<\/span><\/span><\/p>\n<p><span dir=\"ltr\">4.\u00a0<\/span><span id=\"goog-gtc-unit-13\"><span dir=\"ltr\">S\u00e9 radicalmente consistente y aut\u00e9ntico en tu propia fe. No solo en el comportamiento, sino tambi\u00e9n en tus afectos.<\/span><\/span>\u00a0<span id=\"goog-gtc-unit-14\"><span dir=\"ltr\">Los ni\u00f1os necesitan ver lo precioso que es Jes\u00fas para mam\u00e1 y pap\u00e1, no solamente c\u00f3mo se obedece, o c\u00f3mo se va a la iglesia, o c\u00f3mo se leen devocionales o c\u00f3mo se cumplen los deberes, deberes y deberes.<\/span><\/span>\u00a0<span id=\"goog-gtc-unit-15\"><span dir=\"ltr\">Necesitan ver, en el coraz\u00f3n de mam\u00e1 y pap\u00e1, el gozo y la satisfacci\u00f3n de que Jes\u00fas es el mejor amigo del mundo.<\/span><\/span><\/p>\n<p><span dir=\"ltr\">5.\u00a0<\/span><span id=\"goog-gtc-unit-16\"><span dir=\"ltr\">Modela la preciosidad del evangelio.<\/span><\/span>\u00a0<span id=\"goog-gtc-unit-17\"><span dir=\"ltr\">Cuando nosotros los padres confesamos nuestros propios pecados y dependemos de la gracia, nuestros ni\u00f1os dir\u00e1n: \u201cAh, no tienes que ser perfecto.<\/span><\/span>\u00a0<span id=\"goog-gtc-unit-18\"><span dir=\"ltr\">Mam\u00e1 y pap\u00e1 no son perfectos.<\/span><\/span>\u00a0<span id=\"goog-gtc-unit-19\"><span dir=\"ltr\">A ellos les encanta la gracia.<\/span><\/span>\u00a0<span id=\"goog-gtc-unit-20\"><span dir=\"ltr\">Aman el evangelio porque Jes\u00fas perdona sus pecados.<\/span><\/span>\u00a0<span id=\"goog-gtc-unit-21\"><span dir=\"ltr\">Entonces s\u00e9 que \u00c9l puede perdonar tambi\u00e9n mis pecados\u201d.<\/span><\/span><\/p>\n<p><span dir=\"ltr\">6.\u00a0<\/span><span id=\"goog-gtc-unit-22\"><span dir=\"ltr\">Forma parte de una iglesia amorosa saturada de la Biblia.<\/span><\/span>\u00a0<span id=\"goog-gtc-unit-23\"><span dir=\"ltr\">Los ni\u00f1os necesitan estar rodeados de otros creyentes,\u00a0no solo de mam\u00e1 y pap\u00e1.<\/span><\/span><\/p>\n<p><span dir=\"ltr\">7.\u00a0<\/span><span id=\"goog-gtc-unit-24\"><span dir=\"ltr\">Exije obediencia.<\/span><\/span>\u00a0<span id=\"goog-gtc-unit-25\"><span dir=\"ltr\">No seas perezoso.<\/span><\/span>\u00a0<span id=\"goog-gtc-unit-26\"><span dir=\"ltr\">Hay muchos padres j\u00f3venes hoy d\u00eda que parecen tan perezosos.<\/span><\/span>\u00a0<span id=\"goog-gtc-unit-27\"><span dir=\"ltr\">No est\u00e1n dispuestos a levantarse y hacer lo que se necesita hacer para corregir al ni\u00f1o.<\/span><\/span>\u00a0<span id=\"goog-gtc-unit-28\"><span dir=\"ltr\">Por eso debemos ser consistentes con nuestros castigos y especialmente con todas nuestras promesas de cosas buenas que decimos que vamos a hacer por ellos.<\/span><\/span><\/p>\n<p><span dir=\"ltr\">8.\u00a0<\/span><span id=\"goog-gtc-unit-29\"><span dir=\"ltr\">Dios salva a ni\u00f1os de una paternidad fracasada o incr\u00e9dula.<\/span><\/span>\u00a0<span id=\"goog-gtc-unit-30\"><span dir=\"ltr\">Dios es soberano.<\/span><\/span>\u00a0<span id=\"goog-gtc-unit-31\"><span dir=\"ltr\">Al final, no somos nosotros los que salvamos a nuestros ni\u00f1os.<\/span><\/span>\u00a0<span id=\"goog-gtc-unit-32\"><span dir=\"ltr\">Dios salva ni\u00f1os, y apenas habr\u00eda cristianos en el mundo si no los salvase de familias fracasadas.<\/span><\/span><\/p>\n<p><span dir=\"ltr\">9.\u00a0<\/span><span id=\"goog-gtc-unit-34\"><span dir=\"ltr\">Descansa en la soberan\u00eda de Dios sobre tus hijos.<\/span><\/span>\u00a0<span id=\"goog-gtc-unit-35\"><span dir=\"ltr\">No podemos soportar el peso de Su eternidad.<\/span><\/span>\u00a0<span id=\"goog-gtc-unit-36\"><span dir=\"ltr\">Eso es asunto de Dios, y debemos dejarle todo eso a \u00c9l.<\/span><\/span><\/p>\n<hr \/>\n<h6>Publicado originalmente para el <a href=\"http:\/\/www.challies.com\/articles\/9-parenting-truths-from-john-piper\">blog<\/a> de Tim Challies. Traducido por\u00a0Manuel Bento.<\/h6>\n<\/div>\n<p>&nbsp;<\/p>\n\n\t\t<\/div>\n\t<\/div>\n<\/div><\/div><\/div><\/div><div class=\"vc_row wpb_row vc_row-fluid vc_custom_1615074577655 vc_row-has-fill\"><div class=\"wpb_column vc_column_container vc_col-sm-12\"><div class=\"vc_column-inner\"><div class=\"wpb_wrapper\">\t\t\t<link rel=\"stylesheet\" id=\"wd-info-box-css\" href=\"https:\/\/desarrollocristiano.pe\/wp-content\/themes\/woodmart\/css\/parts\/el-info-box.min.css?ver=8.2.7\" type=\"text\/css\" media=\"all\" \/> \t\t\t\t\t\t<div class=\"info-box-wrapper inline-element\">\n\t\t\t\t<div id=\"wd-62aa6b3a5db07\" class=\" wd-rs-62aa6b3a5db07 wd-info-box wd-wpb text-left box-icon-align-left box-style- color-scheme- wd-bg-none wd-items-top \">\n\t\t\t\t\t\t\t\t\t\t<div class=\"info-box-content\">\n\t\t\t\t\t\t<h4 class=\"info-box-title title box-title-style-default wd-fontsize-m\">Sobre el autor<\/h4>\t\t\t\t\t\t<div class=\"info-box-inner reset-last-child\"><\/p>\n<div class=\"col-md-10 col-12 align-self-center\">\n<p>Tim Challies es un seguidor de Cristo, esposo de Aileen y padre de tres ni\u00f1os. Es pastor de\u00a0<a title=\"\" href=\"http:\/\/www.gfcto.com\/\">Grace Fellowship Church<\/a>\u00a0en Toronto, Ontario, y cofundador de\u00a0<a title=\"\" href=\"http:\/\/www.cruciformpress.com\/\">Cruciform Press<\/a>.<\/p>\n<\/div>\n<p>\n<\/div>\n\n\t\t\t\t\t\t\t\t\t\t\t<\/div>\n\n\t\t\t\t\t\n\t\t\t\t\t<style>#wd-62aa6b3a5db07 .info-box-icon {background-color:  !important;}<\/style>\t\t\t\t<\/div>\n\t\t\t<\/div>\n\t\t<\/div><\/div><\/div><\/div><div class=\"vc_row wpb_row vc_row-fluid\"><div class=\"wpb_column vc_column_container vc_col-sm-12\"><div class=\"vc_column-inner\"><div class=\"wpb_wrapper\"><div class=\"vc_row wpb_row vc_inner vc_row-fluid\"><div class=\"wpb_column vc_column_container vc_col-sm-12\"><div class=\"vc_column-inner\"><div class=\"wpb_wrapper\">\t\t\t<link rel=\"stylesheet\" id=\"wd-section-title-css\" href=\"https:\/\/desarrollocristiano.pe\/wp-content\/themes\/woodmart\/css\/parts\/el-section-title.min.css?ver=8.2.7\" type=\"text\/css\" media=\"all\" \/> \t\t\t\t\t\t<link rel=\"stylesheet\" id=\"wd-mod-highlighted-text-css\" href=\"https:\/\/desarrollocristiano.pe\/wp-content\/themes\/woodmart\/css\/parts\/mod-highlighted-text.min.css?ver=8.2.7\" type=\"text\/css\" media=\"all\" \/> \t\t\t\n\t\t<div id=\"wd-6296826c864a3\" class=\"title-wrapper wd-wpb wd-set-mb reset-last-child  wd-rs-6296826c864a3 wd-title-color-default wd-title-style-default text-left vc_custom_1654030977032 wd-underline-colored\">\n\t\t\t\n\t\t\t<div class=\"liner-continer\">\n\t\t\t\t<h4 class=\"woodmart-title-container title  wd-font-weight- wd-fontsize-l\" >Libros relacionados recomendados<\/h4>\n\t\t\t\t\t\t\t<\/div>\n\t\t\t\n\t\t\t\n\t\t\t\n\t\t<\/div>\n\t\t\n\t\t<div class=\"woocommerce columns-4 \"><div class=\"wd-products-element\">\t\t\t<link rel=\"stylesheet\" id=\"wd-product-loop-css\" href=\"https:\/\/desarrollocristiano.pe\/wp-content\/themes\/woodmart\/css\/parts\/woo-product-loop.min.css?ver=8.2.7\" type=\"text\/css\" media=\"all\" \/> \t\t\t\t\t\t<link rel=\"stylesheet\" id=\"wd-product-loop-icons-css\" href=\"https:\/\/desarrollocristiano.pe\/wp-content\/themes\/woodmart\/css\/parts\/woo-product-loop-icons.min.css?ver=8.2.7\" type=\"text\/css\" media=\"all\" \/> \t\t\t\t\t\t<link rel=\"stylesheet\" id=\"wd-categories-loop-default-css\" href=\"https:\/\/desarrollocristiano.pe\/wp-content\/themes\/woodmart\/css\/parts\/woo-categories-loop-default-old.min.css?ver=8.2.7\" type=\"text\/css\" media=\"all\" \/> \t\t\t\t\t\t<link rel=\"stylesheet\" id=\"wd-woo-categories-loop-css\" href=\"https:\/\/desarrollocristiano.pe\/wp-content\/themes\/woodmart\/css\/parts\/woo-categories-loop.min.css?ver=8.2.7\" type=\"text\/css\" media=\"all\" \/> \t\t\t\t\t\t<link rel=\"stylesheet\" id=\"wd-categories-loop-css\" href=\"https:\/\/desarrollocristiano.pe\/wp-content\/themes\/woodmart\/css\/parts\/woo-categories-loop-old.min.css?ver=8.2.7\" type=\"text\/css\" media=\"all\" \/> \t\t\t\t\t\t\t<link rel=\"stylesheet\" id=\"wd-sticky-loader-css\" href=\"https:\/\/desarrollocristiano.pe\/wp-content\/themes\/woodmart\/css\/parts\/mod-sticky-loader.min.css?ver=8.2.7\" type=\"text\/css\" media=\"all\" \/> \t\t\t\t\t<div class=\"wd-sticky-loader wd-content-loader\"><span class=\"wd-loader\"><\/span><\/div>\n\t\t\n<div class=\"products wd-products wd-grid-g grid-columns-4 elements-grid pagination-pagination\" data-source=\"main_loop\" data-min_price=\"\" data-max_price=\"\" data-columns=\"4\" style=\"--wd-col-lg:4;--wd-col-md:4;--wd-col-sm:2;--wd-gap-lg:30px;--wd-gap-sm:10px;\">\n<div class=\"wd-product wd-hover-icons wd-col product-grid-item product type-product post-71702 status-publish instock product_cat-familia product_cat-hombre product_cat-literatura has-post-thumbnail taxable shipping-taxable purchasable product-type-simple\" data-loop=\"1\" data-id=\"71702\">\n\t\n\t<div class=\"product-wrapper\">\n\t<div class=\"product-element-top wd-quick-shop\">\n\t\t<a href=\"https:\/\/desarrollocristiano.pe\/producto\/7-disciplinas-espirituales-para-el-hombre\/\" class=\"product-image-link\" aria-label=\"7 DISCIPLINAS ESPIRITUALES PARA EL HOMBRE\">\n\t\t\t<img fetchpriority=\"high\" decoding=\"async\" width=\"259\" height=\"400\" src=\"https:\/\/desarrollocristiano.pe\/wp-content\/uploads\/2022\/01\/9781535997201.jpg\" class=\"attachment-woocommerce_thumbnail size-woocommerce_thumbnail\" alt=\"7 DISCIPLINAS ESPIRITUALES PARA EL HOMBRE\" srcset=\"https:\/\/desarrollocristiano.pe\/wp-content\/uploads\/2022\/01\/9781535997201.jpg 259w, https:\/\/desarrollocristiano.pe\/wp-content\/uploads\/2022\/01\/9781535997201-150x232.jpg 150w\" sizes=\"(max-width: 259px) 100vw, 259px\" \/>\t\t<\/a>\n\n\t\t\n\t\t<div class=\"wrapp-buttons\">\n\t\t\t<div class=\"wd-buttons\">\n\t\t\t\t<div class=\"wd-add-btn wd-action-btn wd-style-icon wd-add-cart-icon\"><\/div>\n\t\t\t\t\t\t\t\t\t\t\t\t\t\t\t<link rel=\"stylesheet\" id=\"wd-mfp-popup-css\" href=\"https:\/\/desarrollocristiano.pe\/wp-content\/themes\/woodmart\/css\/parts\/lib-magnific-popup.min.css?ver=8.2.7\" type=\"text\/css\" media=\"all\" \/> \t\t\t\t\t<div class=\"quick-view wd-action-btn wd-style-icon wd-quick-view-icon\">\n\t\t\t<a\n\t\t\t\thref=\"https:\/\/desarrollocristiano.pe\/producto\/7-disciplinas-espirituales-para-el-hombre\/\"\n\t\t\t\tclass=\"open-quick-view quick-view-button\"\n\t\t\t\trel=\"nofollow\"\n\t\t\t\tdata-id=\"71702\"\n\t\t\t\t>Vista r\u00e1pida<\/a>\n\t\t<\/div>\n\t\t\t\t\t\t\t\t\t\t\t\t\t<\/div> \n\t\t<\/div>\n\t<\/div>\n\t\t\t\t\t<h3 class=\"wd-entities-title\"><a href=\"https:\/\/desarrollocristiano.pe\/producto\/7-disciplinas-espirituales-para-el-hombre\/\">7 DISCIPLINAS ESPIRITUALES PARA EL HOMBRE<\/a><\/h3>\t\t\t\t\t\t<div class=\"libro-info\" style=\"font-size:small\"><div class=\"libro-autor\"><span class=\"libro-autor-label\">Autor:<\/span> CARLOS LLAMB\u00c9S<\/div><div class=\"libro-editorial\"><span class=\"libro-editorial-label\">Editorial:<\/span> BROADMAN AND HOLMAN<\/div><\/div>\n\t<span class=\"price\"><span class=\"woocommerce-Price-amount amount\"><bdi><span class=\"woocommerce-Price-currencySymbol\">S\/<\/span>62.00<\/bdi><\/span><\/span>\n\n\t\t\n\t\t\n\t\t\t<\/div>\n<\/div>\n<div class=\"wd-product wd-hover-icons wd-col product-grid-item product type-product post-74699 status-publish instock product_cat-familia product_cat-hombre product_cat-literatura has-post-thumbnail taxable shipping-taxable purchasable product-type-simple\" data-loop=\"2\" data-id=\"74699\">\n\t\n\t<div class=\"product-wrapper\">\n\t<div class=\"product-element-top wd-quick-shop\">\n\t\t<a href=\"https:\/\/desarrollocristiano.pe\/producto\/el-silencio-de-adan\/\" class=\"product-image-link\" aria-label=\"EL SILENCIO DE ADAN\">\n\t\t\t<img decoding=\"async\" width=\"266\" height=\"400\" src=\"https:\/\/desarrollocristiano.pe\/wp-content\/uploads\/2022\/02\/9789589149942.jpg\" class=\"attachment-woocommerce_thumbnail size-woocommerce_thumbnail\" alt=\"EL SILENCIO DE ADAN\" srcset=\"https:\/\/desarrollocristiano.pe\/wp-content\/uploads\/2022\/02\/9789589149942.jpg 266w, https:\/\/desarrollocristiano.pe\/wp-content\/uploads\/2022\/02\/9789589149942-150x226.jpg 150w\" sizes=\"(max-width: 266px) 100vw, 266px\" \/>\t\t<\/a>\n\n\t\t\n\t\t<div class=\"wrapp-buttons\">\n\t\t\t<div class=\"wd-buttons\">\n\t\t\t\t<div class=\"wd-add-btn wd-action-btn wd-style-icon wd-add-cart-icon\"><\/div>\n\t\t\t\t\t\t\t\t\t\t\t\t\t\t<div class=\"quick-view wd-action-btn wd-style-icon wd-quick-view-icon\">\n\t\t\t<a\n\t\t\t\thref=\"https:\/\/desarrollocristiano.pe\/producto\/el-silencio-de-adan\/\"\n\t\t\t\tclass=\"open-quick-view quick-view-button\"\n\t\t\t\trel=\"nofollow\"\n\t\t\t\tdata-id=\"74699\"\n\t\t\t\t>Vista r\u00e1pida<\/a>\n\t\t<\/div>\n\t\t\t\t\t\t\t\t\t\t\t\t\t<\/div> \n\t\t<\/div>\n\t<\/div>\n\t\t\t\t\t<h3 class=\"wd-entities-title\"><a href=\"https:\/\/desarrollocristiano.pe\/producto\/el-silencio-de-adan\/\">EL SILENCIO DE ADAN<\/a><\/h3>\t\t\t\t\t\t<div class=\"libro-info\" style=\"font-size:small\"><div class=\"libro-autor\"><span class=\"libro-autor-label\">Autores:<\/span> AL ANDREWS, DON HUDSON, LARRY CRABB<\/div><div class=\"libro-editorial\"><span class=\"libro-editorial-label\">Editorial:<\/span> CLC<\/div><\/div>\n\t<span class=\"price\"><span class=\"woocommerce-Price-amount amount\"><bdi><span class=\"woocommerce-Price-currencySymbol\">S\/<\/span>46.00<\/bdi><\/span><\/span>\n\n\t\t\n\t\t\n\t\t\t<\/div>\n<\/div>\n<div class=\"wd-product wd-hover-icons wd-col product-grid-item product type-product post-68635 status-publish last instock product_cat-familia product_cat-hombre product_cat-literatura has-post-thumbnail taxable shipping-taxable purchasable product-type-simple\" data-loop=\"3\" data-id=\"68635\">\n\t\n\t<div class=\"product-wrapper\">\n\t<div class=\"product-element-top wd-quick-shop\">\n\t\t<a href=\"https:\/\/desarrollocristiano.pe\/producto\/la-medida-de-un-hombre\/\" class=\"product-image-link\" aria-label=\"LA MEDIDA DE UN HOMBRE\">\n\t\t\t<img decoding=\"async\" width=\"278\" height=\"430\" src=\"https:\/\/desarrollocristiano.pe\/wp-content\/uploads\/2020\/10\/9780825419935-1.jpg\" class=\"attachment-woocommerce_thumbnail size-woocommerce_thumbnail\" alt=\"LA MEDIDA DE UN HOMBRE\" srcset=\"https:\/\/desarrollocristiano.pe\/wp-content\/uploads\/2020\/10\/9780825419935-1.jpg 278w, https:\/\/desarrollocristiano.pe\/wp-content\/uploads\/2020\/10\/9780825419935-1-150x232.jpg 150w\" sizes=\"(max-width: 278px) 100vw, 278px\" \/>\t\t<\/a>\n\n\t\t\n\t\t<div class=\"wrapp-buttons\">\n\t\t\t<div class=\"wd-buttons\">\n\t\t\t\t<div class=\"wd-add-btn wd-action-btn wd-style-icon wd-add-cart-icon\"><\/div>\n\t\t\t\t\t\t\t\t\t\t\t\t\t\t<div class=\"quick-view wd-action-btn wd-style-icon wd-quick-view-icon\">\n\t\t\t<a\n\t\t\t\thref=\"https:\/\/desarrollocristiano.pe\/producto\/la-medida-de-un-hombre\/\"\n\t\t\t\tclass=\"open-quick-view quick-view-button\"\n\t\t\t\trel=\"nofollow\"\n\t\t\t\tdata-id=\"68635\"\n\t\t\t\t>Vista r\u00e1pida<\/a>\n\t\t<\/div>\n\t\t\t\t\t\t\t\t\t\t\t\t\t<\/div> \n\t\t<\/div>\n\t<\/div>\n\t\t\t\t\t<h3 class=\"wd-entities-title\"><a href=\"https:\/\/desarrollocristiano.pe\/producto\/la-medida-de-un-hombre\/\">LA MEDIDA DE UN HOMBRE<\/a><\/h3>\t\t\t\t\t\t<div class=\"libro-info\" style=\"font-size:small\"><div class=\"libro-autor\"><span class=\"libro-autor-label\">Autor:<\/span> GENE A. GETZ<\/div><div class=\"libro-editorial\"><span class=\"libro-editorial-label\">Editorial:<\/span> PORTAVOZ<\/div><\/div>\n\t<span class=\"price\"><span class=\"woocommerce-Price-amount amount\"><bdi><span class=\"woocommerce-Price-currencySymbol\">S\/<\/span>58.00<\/bdi><\/span><\/span>\n\n\t\t\n\t\t\n\t\t\t<\/div>\n<\/div>\n<div class=\"wd-product wd-hover-icons wd-col product-grid-item product type-product post-66033 status-publish first instock product_cat-consejeria product_cat-iglesia product_cat-pastoral has-post-thumbnail taxable shipping-taxable purchasable product-type-simple\" data-loop=\"4\" data-id=\"66033\">\n\t\n\t<div class=\"product-wrapper\">\n\t<div class=\"product-element-top wd-quick-shop\">\n\t\t<a href=\"https:\/\/desarrollocristiano.pe\/producto\/tu-identidad-si-importa\/\" class=\"product-image-link\" aria-label=\"TU IDENTIDAD SI IMPORTA\">\n\t\t\t<img loading=\"lazy\" decoding=\"async\" width=\"591\" height=\"874\" src=\"https:\/\/desarrollocristiano.pe\/wp-content\/uploads\/2020\/10\/9788482678757-1.jpg\" class=\"attachment-woocommerce_thumbnail size-woocommerce_thumbnail\" alt=\"TU IDENTIDAD SI IMPORTA\" srcset=\"https:\/\/desarrollocristiano.pe\/wp-content\/uploads\/2020\/10\/9788482678757-1.jpg 591w, https:\/\/desarrollocristiano.pe\/wp-content\/uploads\/2020\/10\/9788482678757-1-150x222.jpg 150w, https:\/\/desarrollocristiano.pe\/wp-content\/uploads\/2020\/10\/9788482678757-1-320x473.jpg 320w\" sizes=\"auto, (max-width: 591px) 100vw, 591px\" \/>\t\t<\/a>\n\n\t\t\n\t\t<div class=\"wrapp-buttons\">\n\t\t\t<div class=\"wd-buttons\">\n\t\t\t\t<div class=\"wd-add-btn wd-action-btn wd-style-icon wd-add-cart-icon\"><\/div>\n\t\t\t\t\t\t\t\t\t\t\t\t\t\t<div class=\"quick-view wd-action-btn wd-style-icon wd-quick-view-icon\">\n\t\t\t<a\n\t\t\t\thref=\"https:\/\/desarrollocristiano.pe\/producto\/tu-identidad-si-importa\/\"\n\t\t\t\tclass=\"open-quick-view quick-view-button\"\n\t\t\t\trel=\"nofollow\"\n\t\t\t\tdata-id=\"66033\"\n\t\t\t\t>Vista r\u00e1pida<\/a>\n\t\t<\/div>\n\t\t\t\t\t\t\t\t\t\t\t\t\t<\/div> \n\t\t<\/div>\n\t<\/div>\n\t\t\t\t\t<h3 class=\"wd-entities-title\"><a href=\"https:\/\/desarrollocristiano.pe\/producto\/tu-identidad-si-importa\/\">TU IDENTIDAD SI IMPORTA<\/a><\/h3>\t\t\t\t\t\t<div class=\"libro-info\" style=\"font-size:small\"><div class=\"libro-autor\"><span class=\"libro-autor-label\">Autor:<\/span> JUAN VARELA<\/div><div class=\"libro-editorial\"><span class=\"libro-editorial-label\">Editorial:<\/span> CLIE<\/div><\/div>\n\t<span class=\"price\"><span class=\"woocommerce-Price-amount amount\"><bdi><span class=\"woocommerce-Price-currencySymbol\">S\/<\/span>66.00<\/bdi><\/span><\/span>\n\n\t\t\n\t\t\n\t\t\t<\/div>\n<\/div>\n<\/div>\n<\/div><\/div><\/div><\/div><\/div><\/div><\/div><\/div><\/div><\/div>\n<\/div>\t\t\t\t\t<\/div>\n\t\t\t\t\n\t\t\t\t\t\t\t\t\t<\/div>\n\t<\/div>\n<\/article>\n\n\t\t\t\t\t\t\t\t\t\t\t\n<article id=\"post-75568\" class=\"wd-post blog-design-chess blog-post-loop blog-design-small-images blog-style-bg wd-add-shadow wd-col post-75568 post type-post status-publish format-standard has-post-thumbnail hentry category-vida-cristiana tag-cosmovision tag-cristianismo tag-trabajo\">\n\t<div class=\"wd-post-inner article-inner\">\n\t\t\t\t\t<div class=\"wd-post-thumb entry-header\">\n\t\t\t\t\t\t\t\t\t<div class=\"wd-post-img post-img-wrapp\">\n\t\t\t\t\t\t<img width=\"320\" height=\"160\" src=\"https:\/\/desarrollocristiano.pe\/wp-content\/uploads\/2022\/06\/trabajo-320x160.jpg\" class=\"attachment-large size-large\" alt=\"Hombre trabajando\" decoding=\"async\" loading=\"lazy\" srcset=\"https:\/\/desarrollocristiano.pe\/wp-content\/uploads\/2022\/06\/trabajo-320x160.jpg 320w, https:\/\/desarrollocristiano.pe\/wp-content\/uploads\/2022\/06\/trabajo-600x300.jpg 600w, https:\/\/desarrollocristiano.pe\/wp-content\/uploads\/2022\/06\/trabajo-150x75.jpg 150w, https:\/\/desarrollocristiano.pe\/wp-content\/uploads\/2022\/06\/trabajo-200x100.jpg 200w, https:\/\/desarrollocristiano.pe\/wp-content\/uploads\/2022\/06\/trabajo-400x200.jpg 400w, https:\/\/desarrollocristiano.pe\/wp-content\/uploads\/2022\/06\/trabajo.jpg 700w\" sizes=\"auto, (max-width: 320px) 100vw, 320px\" \/>\t\t\t\t\t<\/div>\n\t\t\t\t\t<a class=\"wd-fill\" href=\"https:\/\/desarrollocristiano.pe\/3-razones-para-trabajar-de-buena-gana\/\"><\/a>\n\t\t\t\t\n\t\t\t\t\t\t\t\t\t\t\t\t<div class=\"wd-post-date wd-style-with-bg\">\n\t\t\t\t<span class=\"post-date-day\">\n\t\t\t\t\t06\t\t\t\t<\/span>\n\t\t\t\t<span class=\"post-date-month\">\n\t\t\t\t\tJun\t\t\t\t<\/span>\n\t\t\t<\/div>\n\t\t\t\t\t\t\t\t\t<\/div>\n\t\t\n\t\t<div class=\"wd-post-content article-body-container\">\n\t\t\t\t\t\t\t<div class=\"wd-post-cat wd-style-with-bg meta-post-categories\">\n\t\t\t\t\t<a href=\"https:\/\/desarrollocristiano.pe\/categorias\/vida-cristiana\/\" rel=\"category tag\">Vida Cristiana<\/a>\t\t\t\t<\/div>\n\t\t\t\n\t\t\t\t\t\t\t<h3 class=\"wd-post-title wd-entities-title title post-title\">\n\t\t\t\t\t<a href=\"https:\/\/desarrollocristiano.pe\/3-razones-para-trabajar-de-buena-gana\/\" rel=\"bookmark\">3 razones para trabajar de buena gana<\/a>\n\t\t\t\t<\/h3>\n\t\t\t\n\t\t\t\t\t\t\t<div class=\"wd-post-meta\">\n\t\t\t\t\t\t\t\t\t\t\t\t\t\t\t<div class=\"wd-post-author\">\n\t\t\t\t\t\t\t\t\t\t\t<span>Posteado por<\/span>\n\t\t\n\t\t\t\t\t<img alt='author-avatar' src='https:\/\/secure.gravatar.com\/avatar\/8f331515e2139e7ffacac78d5e21bc88ee625065cad5d063ef4da73b7cbcfc2d?s=18&#038;d=mm&#038;r=g' srcset='https:\/\/secure.gravatar.com\/avatar\/8f331515e2139e7ffacac78d5e21bc88ee625065cad5d063ef4da73b7cbcfc2d?s=36&#038;d=mm&#038;r=g 2x' class='avatar avatar-18 photo' height='18' width='18' loading='lazy' decoding='async'\/>\t\t\n\t\t\t\t\t<a href=\"https:\/\/desarrollocristiano.pe\/author\/aprnimda7720\/\" class=\"author\" rel=\"author\">Administrador<\/a>\n\t\t\t\t\t\t\t\t\t<\/div>\n\t\t\t\t\t<div class=\"wd-modified-date\">\n\t\t\t\t\t\t\t\t<time class=\"updated\" datetime=\"2022-06-06T19:17:03-05:00\">\n\t\t\t06\/06\/2022\t\t<\/time>\n\t\t\t\t\t\t\t<\/div>\n\n\t\t\t\t\t\t\t\t\t\t\t<div class=\"wd-post-share wd-tltp\">\n\t\t\t\t\t\t\t<div class=\"tooltip top\">\n\t\t\t\t\t\t\t\t<div class=\"tooltip-inner\">\n\t\t\t\t\t\t\t\t\t\t\t\t<div\n\t\t\t\t\t\tclass=\" wd-social-icons  wd-style-default wd-size-small social-share wd-shape-circle color-scheme-light text-center\">\n\t\t\t\t\n\t\t\t\t\n\t\t\t\t\t\t\t\t\t<a rel=\"noopener noreferrer nofollow\" href=\"https:\/\/www.facebook.com\/sharer\/sharer.php?u=https:\/\/desarrollocristiano.pe\/articulos-pastorales\/\" target=\"_blank\" class=\" wd-social-icon social-facebook\" aria-label=\"Facebook social link\">\n\t\t\t\t\t\t<span class=\"wd-icon\"><\/span>\n\t\t\t\t\t\t\t\t\t\t\t<\/a>\n\t\t\t\t\n\t\t\t\t\t\t\t\t\t<a rel=\"noopener noreferrer nofollow\" href=\"https:\/\/x.com\/share?url=https:\/\/desarrollocristiano.pe\/articulos-pastorales\/\" target=\"_blank\" class=\" wd-social-icon social-twitter\" aria-label=\"X social link\">\n\t\t\t\t\t\t<span class=\"wd-icon\"><\/span>\n\t\t\t\t\t\t\t\t\t\t\t<\/a>\n\t\t\t\t\n\t\t\t\t\n\t\t\t\t\t\t\t\t\t<a rel=\"noopener noreferrer nofollow\" href=\"mailto:?subject=Check%20this%20https:\/\/desarrollocristiano.pe\/articulos-pastorales\/\" target=\"_blank\" class=\" wd-social-icon social-email\" aria-label=\"Email social link\">\n\t\t\t\t\t\t<span class=\"wd-icon\"><\/span>\n\t\t\t\t\t\t\t\t\t\t\t<\/a>\n\t\t\t\t\n\t\t\t\t\n\t\t\t\t\n\t\t\t\t\n\t\t\t\t\t\t\t\t\t<a rel=\"noopener noreferrer nofollow\" href=\"https:\/\/pinterest.com\/pin\/create\/button\/?url=https:\/\/desarrollocristiano.pe\/articulos-pastorales\/&media=https:\/\/desarrollocristiano.pe\/wp-content\/uploads\/2022\/06\/trabajo.jpg&description=3+razones+para+trabajar+de+buena+gana\" target=\"_blank\" class=\" wd-social-icon social-pinterest\" aria-label=\"Pinterest social link\">\n\t\t\t\t\t\t<span class=\"wd-icon\"><\/span>\n\t\t\t\t\t\t\t\t\t\t\t<\/a>\n\t\t\t\t\n\t\t\t\t\n\t\t\t\t\t\t\t\t\t<a rel=\"noopener noreferrer nofollow\" href=\"https:\/\/www.linkedin.com\/shareArticle?mini=true&url=https:\/\/desarrollocristiano.pe\/articulos-pastorales\/\" target=\"_blank\" class=\" wd-social-icon social-linkedin\" aria-label=\"Linkedin social link\">\n\t\t\t\t\t\t<span class=\"wd-icon\"><\/span>\n\t\t\t\t\t\t\t\t\t\t\t<\/a>\n\t\t\t\t\n\t\t\t\t\n\t\t\t\t\n\t\t\t\t\n\t\t\t\t\n\t\t\t\t\n\t\t\t\t\n\t\t\t\t\n\t\t\t\t\n\t\t\t\t\t\t\t\t\t<a rel=\"noopener noreferrer nofollow\" href=\"https:\/\/api.whatsapp.com\/send?text=https%3A%2F%2Fdesarrollocristiano.pe%2Farticulos-pastorales%2F\" target=\"_blank\" class=\"wd-hide-md  wd-social-icon social-whatsapp\" aria-label=\"WhatsApp social link\">\n\t\t\t\t\t\t<span class=\"wd-icon\"><\/span>\n\t\t\t\t\t\t\t\t\t\t\t<\/a>\n\n\t\t\t\t\t<a rel=\"noopener noreferrer nofollow\" href=\"whatsapp:\/\/send?text=https%3A%2F%2Fdesarrollocristiano.pe%2Farticulos-pastorales%2F\" target=\"_blank\" class=\"wd-hide-lg  wd-social-icon social-whatsapp\" aria-label=\"WhatsApp social link\">\n\t\t\t\t\t\t<span class=\"wd-icon\"><\/span>\n\t\t\t\t\t\t\t\t\t\t\t<\/a>\n\t\t\t\t\n\t\t\t\t\n\t\t\t\t\n\t\t\t\t\n\t\t\t\t\n\t\t\t\t\n\t\t\t\t\t\t\t\t\t<a rel=\"noopener noreferrer nofollow\" href=\"https:\/\/telegram.me\/share\/url?url=https:\/\/desarrollocristiano.pe\/articulos-pastorales\/\" target=\"_blank\" class=\" wd-social-icon social-tg\" aria-label=\"Telegram social link\">\n\t\t\t\t\t\t<span class=\"wd-icon\"><\/span>\n\t\t\t\t\t\t\t\t\t\t\t<\/a>\n\t\t\t\t\n\t\t\t\t\n\t\t\t<\/div>\n\n\t\t\t\t\t\t\t\t\t\t<\/div>\n\t\t\t\t\t\t\t\t<div class=\"tooltip-arrow\"><\/div>\n\t\t\t\t\t\t\t<\/div>\n\t\t\t\t\t\t<\/div>\n\t\t\t\t\t\n\t\t\t\t\t\t\t\t\t\t\t\t\t\t\t\t\t<div class=\"wd-post-reply wd-style-1\">\n\t\t\t\t\t\t\t<a href=\"https:\/\/desarrollocristiano.pe\/3-razones-para-trabajar-de-buena-gana\/#respond\"><span class=\"wd-replies-count\">0<\/span><\/a>\t\t\t\t\t\t<\/div>\n\t\t\t\t\t\t\t\t\t<\/div>\n\t\t\t\n\t\t\t\t\t\t\t\t\t\t\t\t<div class=\"wd-post-excerpt entry-content\">\n\t\t\t\t\t\t<div class=\"wpb-content-wrapper\"><div class=\"vc_row wpb_row vc_row-fluid\"><div class=\"wpb_column vc_column_container vc_col-sm-12\"><div class=\"vc_column-inner\"><div class=\"wpb_wrapper\">\n\t<div class=\"wpb_text_column wpb_content_element texto_parrafo text-larger\" >\n\t\t<div class=\"wpb_wrapper\">\n\t\t\t<p>Por: <a href=\"https:\/\/instagram.com\/karievaristo\"><strong>Karina Evaristo<\/strong><\/a><br \/>\nFuente: <a href=\"https:\/\/www.coalicionporelevangelio.org\/articulo\/trabajar-de-buena-gana\/\" target=\"_blank\" rel=\"noopener noreferrer\">Coalici\u00f3n por el Evangelio<\/a><\/p>\n<p>Es com\u00fan considerar el trabajo como algo desagradable o esclavizante. Frases como: \u00abMa\u00f1ana es lunes otra vez\u00bb, expresadas en un tono de profunda decepci\u00f3n, son usuales cada reuni\u00f3n de domingo. Nos quejamos de nuestro trabajo y esperamos con ansias que llegue nuevamente el fin de semana. Pareciera que aquello en lo que pasamos la mayor parte de nuestro tiempo se ha convertido en algo que no disfrutamos en lo m\u00e1s m\u00ednimo.<\/p>\n<p>Incluso puede ser que tratemos de ser optimistas y a\u00fan as\u00ed el trabajo nos resulte tedioso. Hace algunos a\u00f1os trabaj\u00e9 en una ONG reclutando al personal de campo y de oficina. Para este \u00faltimo grupo se hac\u00eda una inducci\u00f3n que inclu\u00eda una visita a un proyecto social en una zona alejada de la capital. El prop\u00f3sito era que los trabajadores contables y de sistemas pudieran ver c\u00f3mo su labor impactaba positivamente a cientos de ni\u00f1os. Muchos regresaban motivados a la oficina despu\u00e9s de la visita. Sin embargo, este sentimiento se manten\u00eda solo durante un tiempo. Con el pasar de los meses y en medio de las arduas jornadas de trabajo, la emoci\u00f3n se evaporaba.<\/p>\n<p>Algo queda claro: somos prontos para olvidar el prop\u00f3sito de nuestro llamado y tardos para darnos cuenta de que el dise\u00f1o de Dios para nuestras vidas incluye el trabajo.<\/p>\n<p>Como cristianos, estamos llamados a honrar a Dios con toda nuestra vida, pero a veces parece que solo estamos disponibles para hacerlo cuando vamos a la iglesia. \u00bfAcaso lo que hacemos en lo cotidiano, de lunes a viernes, no forma parte de nuestra vida? \u00bfPor qu\u00e9 insistimos en separar nuestra vida laboral o acad\u00e9mica de nuestra vida consagrada al Se\u00f1or? Pareciera que somos expertos en desconectar nuestra adoraci\u00f3n del domingo con nuestras labores del lunes.<\/p>\n<p>Nuestras vidas como creyentes funcionan en sentido vertical con Dios y en sentido horizontal con nuestro pr\u00f3jimo y el mundo que nos rodea. Estamos llamados a trabajar para la gloria de Dios y para promover el bien com\u00fan. Como Lutero dec\u00eda: \u00abDios no necesita nuestras buenas obras, pero nuestro pr\u00f3jimo s\u00ed\u00bb.<sup>[1]<\/sup><\/p>\n<p>Para trabajar de buena gana es crucial que comprendamos que nuestras labores \u00abseculares\u00bb est\u00e1n \u00edntimamente relacionadas con nuestra profesi\u00f3n de fe. \u00bfC\u00f3mo? Aqu\u00ed hay tres verdades b\u00edblicas que nos ayudan a entenderlo.<\/p>\n<h3><b>1) Fuimos creados para trabajar.<\/b><\/h3>\n<p>Estamos hechos a la imagen de un Dios que trabaja. Desde el inicio de las Escrituras podemos apreciar este concepto fundamental. Los primeros humanos recibieron instrucciones de trabajo inmediatamente despu\u00e9s de su creaci\u00f3n y antes de la ca\u00edda; el trabajo no es el resultado del pecado. De hecho, Dios mismo trabaja por el puro placer de hacerlo. Por lo tanto, al trabajar nos identificamos con nuestro Creador y con Su hijo Jes\u00fas, quien dedic\u00f3 la mayor parte de Su vida trabajando como carpintero. Ser portador de la imagen de Dios incluye, entre otras cosas, ser un trabajador.<\/p>\n<p>Mientras que <a href=\"https:\/\/www.coalicionporelevangelio.org\/articulo\/existe-algun-trabajo-cristiano-no-pueda-coalicionresponde\/\">tu trabajo no sea deshonesto ni resulte denigrante<\/a> hacia tu pr\u00f3jimo, es trabajo de Dios. Toda labor puede ser un servicio hacia el pr\u00f3jimo que Dios te ha llamado a amar (<a class=\"rtBibleRef\" href=\"https:\/\/biblia.com\/bible\/nblh\/Mat%2022.36-40?culture=es\" target=\"_blank\" rel=\"noopener\" data-reference=\"Mat 22.36-40\" data-version=\"nblh\" data-purpose=\"bible-reference\">Mt 22:36-40<\/a>). Si tu trabajo es un trabajo que necesita ser hecho, entonces est\u00e1s haciendo el trabajo de Dios.<\/p>\n<p>Dios cre\u00f3 al hombre a imagen Suya, a imagen de Dios lo cre\u00f3; var\u00f3n y hembra los cre\u00f3. Dios los bendijo y les dijo: \u00abSean fecundos y multipl\u00edquense. Llenen la tierra y som\u00e9tanla. Ejerzan dominio sobre los peces del mar, sobre las aves del cielo y sobre todo ser viviente que se mueve sobre la tierra\u00bb (<a class=\"rtBibleRef\" href=\"https:\/\/biblia.com\/bible\/nblh\/G%C3%A9n%201.27-28?culture=es\" target=\"_blank\" rel=\"noopener\" data-reference=\"G\u00e9n 1.27-28\" data-version=\"nblh\" data-purpose=\"bible-reference\">Gn 1:27-28<\/a>).<\/p>\n<h3><b>2) El evangelio transforma el trabajo.<\/b><\/h3>\n<p>Como todo lo que ha sido corrompido por causa del pecado, nuestro trabajo necesita ser redimido por el evangelio.<\/p>\n<p>En este mundo ca\u00eddo, donde nuestras relaciones est\u00e1n da\u00f1adas y la envidia parece ser el ADN de cualquier ambiente laboral, nuestro llamado como cristianos es a ser compasivos y bondadosos. Despu\u00e9s de la ca\u00edda el trabajo se volvi\u00f3 frustrante (<a class=\"rtBibleRef\" href=\"https:\/\/biblia.com\/bible\/nblh\/G%C3%A9n%203.16-19?culture=es\" target=\"_blank\" rel=\"noopener\" data-reference=\"G\u00e9n 3.16-19\" data-version=\"nblh\" data-purpose=\"bible-reference\">Gn 3:16-19<\/a>), pero por causa del evangelio, el trabajo recupera su prop\u00f3sito debido a que hemos sido redimidos y recuperamos nuestra comuni\u00f3n con Dios.<\/p>\n<p>Ahora laboramos para contribuir con el bien com\u00fan y recordando la esperanza de que Jes\u00fas volver\u00e1 y restaurar\u00e1 el estado ca\u00eddo de todas las cosas; en la eternidad, el amor, la justicia y la verdad reinar\u00e1n.<\/p>\n<p>Cuando entiendes que la naturaleza del evangelio es cambiar la forma en que hacemos las cosas, dejas de ver tu trabajo como una maldici\u00f3n y comienzas a verlo como un medio para glorificar a Dios y bendecir a tu pr\u00f3jimo con tus labores. \u00abTodo lo que hagan, h\u00e1ganlo de coraz\u00f3n, como para el Se\u00f1or y no para los hombres\u00bb (<a class=\"rtBibleRef\" href=\"https:\/\/biblia.com\/bible\/nblh\/Col%203.23?culture=es\" target=\"_blank\" rel=\"noopener\" data-reference=\"Col 3.23\" data-version=\"nblh\" data-purpose=\"bible-reference\">Col 3:23<\/a>).<\/p>\n<h3><b>3) El trabajo es un medio para ser luz.<\/b><\/h3>\n<p>Los frutos de tu trabajo pueden ser muchos: a trav\u00e9s de \u00e9l puedes proveer a tu casa, puedes adquirir conocimiento y desarrollar tu car\u00e1cter para crecer en madurez; puedes encontrar amistades con las que crecer laboralmente y a quienes compartir el evangelio.<\/p>\n<p>Desde los que hacen el trabajo m\u00e1s sencillo hasta el m\u00e1s complejo, todos podemos ser colaboradores de Dios a trav\u00e9s de nuestras labores para cumplir con Su misi\u00f3n en este mundo. Nuestros trabajos nos proveen una plataforma de servicio e influencia.<\/p>\n<p>Ad\u00e1n labraba la tierra y la cultivaba. Jos\u00e9 pas\u00f3 de ser un esclavo a gobernar; a los treinta a\u00f1os se convirti\u00f3 en el segundo al mando de Egipto. Daniel gan\u00f3 un puesto de honor entre los gentiles y pudo mostrar el poder de Dios frente al Rey Belsasar. Rut, siendo moabita, acompa\u00f1\u00f3 a su suegra anciana y viuda y no dud\u00f3 en trabajar de forma incansable por su sustento. Pablo y Bernab\u00e9 hac\u00edan tiendas. El mismo Jes\u00fas trabaj\u00f3 como carpintero gran parte de su vida; su trabajo ayudaba para el sustento de su familia.<\/p>\n<p>\u00bfQui\u00e9n sabe lo que Dios har\u00e1 a trav\u00e9s de ti en el lugar al que te ha enviado a trabajar? \u00abAs\u00ed brille la luz de ustedes delante de los hombres, para que vean sus buenas acciones y glorifiquen a su Padre que est\u00e1 en los cielos\u00bb (<a class=\"rtBibleRef\" href=\"https:\/\/biblia.com\/bible\/nblh\/Mat%205.16?culture=es\" target=\"_blank\" rel=\"noopener\" data-reference=\"Mat 5.16\" data-version=\"nblh\" data-purpose=\"bible-reference\">Mt 5:16<\/a>).<\/p>\n<h3><b>Tu trabajo importa<\/b><\/h3>\n<p>No es casualidad que hayas llegado al trabajo en el que te encuentras; Dios te puso all\u00ed para que seas sal y luz y finalmente, como dec\u00eda Pablo, realizamos nuestro trabajo \u00abcomo al Se\u00f1or y no a los hombres\u00bb (<a class=\"rtBibleRef\" href=\"https:\/\/biblia.com\/bible\/nblh\/Efe%206.7?culture=es\" target=\"_blank\" rel=\"noopener\" data-reference=\"Efe 6.7\" data-version=\"nblh\" data-purpose=\"bible-reference\">Ef 6:7<\/a>).<\/p>\n<p>Trabajemos de buena gana sabiendo que todo lo que hacemos como creyentes puede ser un reflejo de la obra de Dios en nosotros y una forma de adorarlo. Pong\u00e1monos los lentes del evangelio y miremos a trav\u00e9s de ellos sabiendo que todo buen esfuerzo, incluso el m\u00e1s sencillo, tiene un eco para la eternidad.<\/p>\n<p>Derribemos la falsa dicotom\u00eda entre lo \u00absecular\u00bb y lo \u00absagrado\u00bb y dejemos de pensar que solo somos cristianos dentro de las cuatro paredes de la iglesia. Que nuestra adoraci\u00f3n sea un olor fragante las 24 horas del d\u00eda, 7 d\u00edas a la semana.<\/p>\n<hr \/>\n<h6><sup>[1] <\/sup>Gustaf Wingren, <i>Luther on Vocation<\/i> [Lutero sobre la vocaci\u00f3n], p. 38.<\/h6>\n\n\t\t<\/div>\n\t<\/div>\n<\/div><\/div><\/div><\/div><div class=\"vc_row wpb_row vc_row-fluid vc_custom_1615074577655 vc_row-has-fill\"><div class=\"wpb_column vc_column_container vc_col-sm-12\"><div class=\"vc_column-inner\"><div class=\"wpb_wrapper\">\t\t\t<div class=\"info-box-wrapper inline-element\">\n\t\t\t\t<div id=\"wd-629e96c25c4e5\" class=\" wd-rs-629e96c25c4e5 wd-info-box wd-wpb text-left box-icon-align-left box-style- color-scheme- wd-bg-none wd-items-top \">\n\t\t\t\t\t\t\t\t\t\t<div class=\"info-box-content\">\n\t\t\t\t\t\t<h4 class=\"info-box-title title box-title-style-default wd-fontsize-m\">Sobre el autor<\/h4>\t\t\t\t\t\t<div class=\"info-box-inner reset-last-child\"><\/p>\n<div class=\"col-md-10 col-12 align-self-center\">\n<p><strong>Karina Evaristo<\/strong> tiene 27 a\u00f1os y, sirve desde hace m\u00e1s de 10 a\u00f1os como l\u00edder de j\u00f3venes en la Alianza Cristiana y Misionera de Comas en Lima, Per\u00fa. Es licenciada en psicolog\u00eda, especializada en recursos humanos, y culmin\u00f3 una MBA. Karina est\u00e1 cursando un diplomado en estudios b\u00edblicos en el Instituto Integridad y Sabidur\u00eda. Trabaja para una compa\u00f1\u00eda internacional de <i>software<\/i> y experiencia digital. Estudi\u00f3 en el Seminario B\u00edblico Alianza del Per\u00fa. Puedes seguirla en Instagram: <a href=\"https:\/\/instagram.com\/karievaristo\">@<\/a><a href=\"https:\/\/instagram.com\/karievaristo\">karievaristo.<\/a><\/p>\n<\/div>\n<p>\n<\/div>\n\n\t\t\t\t\t\t\t\t\t\t\t<\/div>\n\n\t\t\t\t\t\n\t\t\t\t\t<style>#wd-629e96c25c4e5 .info-box-icon {background-color:  !important;}<\/style>\t\t\t\t<\/div>\n\t\t\t<\/div>\n\t\t<\/div><\/div><\/div><\/div><div class=\"vc_row wpb_row vc_row-fluid\"><div class=\"wpb_column vc_column_container vc_col-sm-12\"><div class=\"vc_column-inner\"><div class=\"wpb_wrapper\"><div class=\"vc_row wpb_row vc_inner vc_row-fluid\"><div class=\"wpb_column vc_column_container vc_col-sm-12\"><div class=\"vc_column-inner\"><div class=\"wpb_wrapper\">\n\t\t<div id=\"wd-6296826c864a3\" class=\"title-wrapper wd-wpb wd-set-mb reset-last-child  wd-rs-6296826c864a3 wd-title-color-default wd-title-style-default text-left vc_custom_1654030977032 wd-underline-colored\">\n\t\t\t\n\t\t\t<div class=\"liner-continer\">\n\t\t\t\t<h4 class=\"woodmart-title-container title  wd-font-weight- wd-fontsize-l\" >Libros relacionados recomendados<\/h4>\n\t\t\t\t\t\t\t<\/div>\n\t\t\t\n\t\t\t\n\t\t\t\n\t\t<\/div>\n\t\t\n\t\t<div class=\"woocommerce columns-4 \"><div class=\"wd-products-element\">\t\t\t<div class=\"wd-sticky-loader wd-content-loader\"><span class=\"wd-loader\"><\/span><\/div>\n\t\t\n<div class=\"products wd-products wd-grid-g grid-columns-4 elements-grid pagination-pagination\" data-source=\"main_loop\" data-min_price=\"\" data-max_price=\"\" data-columns=\"4\" style=\"--wd-col-lg:4;--wd-col-md:4;--wd-col-sm:2;--wd-gap-lg:30px;--wd-gap-sm:10px;\">\n<div class=\"wd-product wd-hover-icons wd-col product-grid-item product type-product post-72901 status-publish instock product_cat-cosmovision product_cat-iglesia product_cat-teologia-contemporanea has-post-thumbnail taxable shipping-taxable purchasable product-type-simple\" data-loop=\"5\" data-id=\"72901\">\n\t\n\t<div class=\"product-wrapper\">\n\t<div class=\"product-element-top wd-quick-shop\">\n\t\t<a href=\"https:\/\/desarrollocristiano.pe\/producto\/diez-en-el-trabajo\/\" class=\"product-image-link\" aria-label=\"Diez en el trabajo\">\n\t\t\t<img loading=\"lazy\" decoding=\"async\" width=\"345\" height=\"500\" src=\"https:\/\/desarrollocristiano.pe\/wp-content\/uploads\/2022\/02\/9788412069426.jpg\" class=\"attachment-woocommerce_thumbnail size-woocommerce_thumbnail\" alt=\"Diez en el trabajo\" srcset=\"https:\/\/desarrollocristiano.pe\/wp-content\/uploads\/2022\/02\/9788412069426.jpg 345w, https:\/\/desarrollocristiano.pe\/wp-content\/uploads\/2022\/02\/9788412069426-150x217.jpg 150w, https:\/\/desarrollocristiano.pe\/wp-content\/uploads\/2022\/02\/9788412069426-320x464.jpg 320w\" sizes=\"auto, (max-width: 345px) 100vw, 345px\" \/>\t\t<\/a>\n\n\t\t\n\t\t<div class=\"wrapp-buttons\">\n\t\t\t<div class=\"wd-buttons\">\n\t\t\t\t<div class=\"wd-add-btn wd-action-btn wd-style-icon wd-add-cart-icon\"><\/div>\n\t\t\t\t\t\t\t\t\t\t\t\t\t\t<div class=\"quick-view wd-action-btn wd-style-icon wd-quick-view-icon\">\n\t\t\t<a\n\t\t\t\thref=\"https:\/\/desarrollocristiano.pe\/producto\/diez-en-el-trabajo\/\"\n\t\t\t\tclass=\"open-quick-view quick-view-button\"\n\t\t\t\trel=\"nofollow\"\n\t\t\t\tdata-id=\"72901\"\n\t\t\t\t>Vista r\u00e1pida<\/a>\n\t\t<\/div>\n\t\t\t\t\t\t\t\t\t\t\t\t\t<\/div> \n\t\t<\/div>\n\t<\/div>\n\t\t\t\t\t<h3 class=\"wd-entities-title\"><a href=\"https:\/\/desarrollocristiano.pe\/producto\/diez-en-el-trabajo\/\">Diez en el trabajo<\/a><\/h3>\t\t\t\t\t\t<div class=\"libro-info\" style=\"font-size:small\"><div class=\"libro-autor\"><span class=\"libro-autor-label\">Autor:<\/span> JOHN PARMITER<\/div><div class=\"libro-editorial\"><span class=\"libro-editorial-label\">Editorial:<\/span> LIBROS DESAFIO<\/div><\/div>\n\t<span class=\"price\"><span class=\"woocommerce-Price-amount amount\"><bdi><span class=\"woocommerce-Price-currencySymbol\">S\/<\/span>58.00<\/bdi><\/span><\/span>\n\n\t\t\n\t\t\n\t\t\t<\/div>\n<\/div>\n<div class=\"wd-product wd-hover-icons wd-col product-grid-item product type-product post-70665 status-publish instock product_cat-finanzas product_cat-literatura product_cat-vida-cristiana has-post-thumbnail taxable shipping-taxable purchasable product-type-simple\" data-loop=\"6\" data-id=\"70665\">\n\t\n\t<div class=\"product-wrapper\">\n\t<div class=\"product-element-top wd-quick-shop\">\n\t\t<a href=\"https:\/\/desarrollocristiano.pe\/producto\/diostu-y-tu-trabajo\/\" class=\"product-image-link\" aria-label=\"DIOS,TU Y TU TRABAJO\">\n\t\t\t<img loading=\"lazy\" decoding=\"async\" width=\"333\" height=\"500\" src=\"https:\/\/desarrollocristiano.pe\/wp-content\/uploads\/2020\/10\/9788415189060-1.jpg\" class=\"attachment-woocommerce_thumbnail size-woocommerce_thumbnail\" alt=\"DIOS\" srcset=\"https:\/\/desarrollocristiano.pe\/wp-content\/uploads\/2020\/10\/9788415189060-1.jpg 333w, https:\/\/desarrollocristiano.pe\/wp-content\/uploads\/2020\/10\/9788415189060-1-150x225.jpg 150w, https:\/\/desarrollocristiano.pe\/wp-content\/uploads\/2020\/10\/9788415189060-1-320x480.jpg 320w\" sizes=\"auto, (max-width: 333px) 100vw, 333px\" \/>\t\t<\/a>\n\n\t\t\t\t\t<div class=\"hover-img\">\n\t\t\t\t<img loading=\"lazy\" decoding=\"async\" width=\"333\" height=\"500\" src=\"https:\/\/desarrollocristiano.pe\/wp-content\/uploads\/2020\/10\/9788415189060-2-1.jpg\" class=\"attachment-woocommerce_thumbnail size-woocommerce_thumbnail\" alt=\"TU Y TU TRABAJO\" srcset=\"https:\/\/desarrollocristiano.pe\/wp-content\/uploads\/2020\/10\/9788415189060-2-1.jpg 333w, https:\/\/desarrollocristiano.pe\/wp-content\/uploads\/2020\/10\/9788415189060-2-1-150x225.jpg 150w, https:\/\/desarrollocristiano.pe\/wp-content\/uploads\/2020\/10\/9788415189060-2-1-320x480.jpg 320w\" sizes=\"auto, (max-width: 333px) 100vw, 333px\" \/>\t\t\t<\/div>\n\t\t\t\n\t\t<div class=\"wrapp-buttons\">\n\t\t\t<div class=\"wd-buttons\">\n\t\t\t\t<div class=\"wd-add-btn wd-action-btn wd-style-icon wd-add-cart-icon\"><\/div>\n\t\t\t\t\t\t\t\t\t\t\t\t\t\t<div class=\"quick-view wd-action-btn wd-style-icon wd-quick-view-icon\">\n\t\t\t<a\n\t\t\t\thref=\"https:\/\/desarrollocristiano.pe\/producto\/diostu-y-tu-trabajo\/\"\n\t\t\t\tclass=\"open-quick-view quick-view-button\"\n\t\t\t\trel=\"nofollow\"\n\t\t\t\tdata-id=\"70665\"\n\t\t\t\t>Vista r\u00e1pida<\/a>\n\t\t<\/div>\n\t\t\t\t\t\t\t\t\t\t\t\t\t<\/div> \n\t\t<\/div>\n\t<\/div>\n\t\t\t\t\t<h3 class=\"wd-entities-title\"><a href=\"https:\/\/desarrollocristiano.pe\/producto\/diostu-y-tu-trabajo\/\">DIOS,TU Y TU TRABAJO<\/a><\/h3>\t\t\t\t\t\t<div class=\"libro-info\" style=\"font-size:small\"><div class=\"libro-autor\"><span class=\"libro-autor-label\">Autor:<\/span> IAN COFFEY<\/div><div class=\"libro-editorial\"><span class=\"libro-editorial-label\">Editorial:<\/span> EDITORIAL ANDAMIO<\/div><\/div>\n\t<span class=\"price\"><span class=\"woocommerce-Price-amount amount\"><bdi><span class=\"woocommerce-Price-currencySymbol\">S\/<\/span>62.00<\/bdi><\/span><\/span>\n\n\t\t\n\t\t\n\t\t\t<\/div>\n<\/div>\n<div class=\"wd-product wd-hover-icons wd-col product-grid-item product type-product post-67999 status-publish last instock product_cat-cosmovision product_cat-cosmovision-biblica product_cat-iglesia has-post-thumbnail taxable shipping-taxable purchasable product-type-simple\" data-loop=\"7\" data-id=\"67999\">\n\t\n\t<div class=\"product-wrapper\">\n\t<div class=\"product-element-top wd-quick-shop\">\n\t\t<a href=\"https:\/\/desarrollocristiano.pe\/producto\/el-trabajo-centrado-en-el-evangelio\/\" class=\"product-image-link\" aria-label=\"EL TRABAJO CENTRADO EN EL EVANGELIO\">\n\t\t\t<img loading=\"lazy\" decoding=\"async\" width=\"600\" height=\"902\" src=\"https:\/\/desarrollocristiano.pe\/wp-content\/uploads\/2020\/10\/9781944586089-1-600x902.jpg\" class=\"attachment-woocommerce_thumbnail size-woocommerce_thumbnail\" alt=\"EL TRABAJO CENTRADO EN EL EVANGELIO\" srcset=\"https:\/\/desarrollocristiano.pe\/wp-content\/uploads\/2020\/10\/9781944586089-1-600x902.jpg 600w, https:\/\/desarrollocristiano.pe\/wp-content\/uploads\/2020\/10\/9781944586089-1-150x226.jpg 150w, https:\/\/desarrollocristiano.pe\/wp-content\/uploads\/2020\/10\/9781944586089-1-320x480.jpg 320w, https:\/\/desarrollocristiano.pe\/wp-content\/uploads\/2020\/10\/9781944586089-1-768x1155.jpg 768w, https:\/\/desarrollocristiano.pe\/wp-content\/uploads\/2020\/10\/9781944586089-1.jpg 800w\" sizes=\"auto, (max-width: 600px) 100vw, 600px\" \/>\t\t<\/a>\n\n\t\t\t\t\t<div class=\"hover-img\">\n\t\t\t\t<img loading=\"lazy\" decoding=\"async\" width=\"600\" height=\"902\" src=\"https:\/\/desarrollocristiano.pe\/wp-content\/uploads\/2020\/10\/9781944586089-2-1-600x902.jpg\" class=\"attachment-woocommerce_thumbnail size-woocommerce_thumbnail\" alt=\"\" srcset=\"https:\/\/desarrollocristiano.pe\/wp-content\/uploads\/2020\/10\/9781944586089-2-1-600x902.jpg 600w, https:\/\/desarrollocristiano.pe\/wp-content\/uploads\/2020\/10\/9781944586089-2-1-150x226.jpg 150w, https:\/\/desarrollocristiano.pe\/wp-content\/uploads\/2020\/10\/9781944586089-2-1-320x480.jpg 320w, https:\/\/desarrollocristiano.pe\/wp-content\/uploads\/2020\/10\/9781944586089-2-1-768x1155.jpg 768w, https:\/\/desarrollocristiano.pe\/wp-content\/uploads\/2020\/10\/9781944586089-2-1.jpg 800w\" sizes=\"auto, (max-width: 600px) 100vw, 600px\" \/>\t\t\t<\/div>\n\t\t\t\n\t\t<div class=\"wrapp-buttons\">\n\t\t\t<div class=\"wd-buttons\">\n\t\t\t\t<div class=\"wd-add-btn wd-action-btn wd-style-icon wd-add-cart-icon\"><\/div>\n\t\t\t\t\t\t\t\t\t\t\t\t\t\t<div class=\"quick-view wd-action-btn wd-style-icon wd-quick-view-icon\">\n\t\t\t<a\n\t\t\t\thref=\"https:\/\/desarrollocristiano.pe\/producto\/el-trabajo-centrado-en-el-evangelio\/\"\n\t\t\t\tclass=\"open-quick-view quick-view-button\"\n\t\t\t\trel=\"nofollow\"\n\t\t\t\tdata-id=\"67999\"\n\t\t\t\t>Vista r\u00e1pida<\/a>\n\t\t<\/div>\n\t\t\t\t\t\t\t\t\t\t\t\t\t<\/div> \n\t\t<\/div>\n\t<\/div>\n\t\t\t\t\t<h3 class=\"wd-entities-title\"><a href=\"https:\/\/desarrollocristiano.pe\/producto\/el-trabajo-centrado-en-el-evangelio\/\">EL TRABAJO CENTRADO EN EL EVANGELIO<\/a><\/h3>\t\t\t\t\t\t<div class=\"libro-info\" style=\"font-size:small\"><div class=\"libro-autor\"><span class=\"libro-autor-label\">Autor:<\/span> TIM CHESTER<\/div><div class=\"libro-editorial\"><span class=\"libro-editorial-label\">Editorial:<\/span> POIEMA<\/div><\/div>\n\t<span class=\"price\"><span class=\"woocommerce-Price-amount amount\"><bdi><span class=\"woocommerce-Price-currencySymbol\">S\/<\/span>37.00<\/bdi><\/span><\/span>\n\n\t\t\n\t\t\n\t\t\t<\/div>\n<\/div>\n<div class=\"wd-product wd-hover-icons wd-col product-grid-item product type-product post-74297 status-publish first instock product_cat-cosmovision product_cat-etica-cristiana product_cat-iglesia has-post-thumbnail taxable shipping-taxable purchasable product-type-simple\" data-loop=\"8\" data-id=\"74297\">\n\t\n\t<div class=\"product-wrapper\">\n\t<div class=\"product-element-top wd-quick-shop\">\n\t\t<a href=\"https:\/\/desarrollocristiano.pe\/producto\/etica-en-el-lugar-de-trabajo\/\" class=\"product-image-link\" aria-label=\"ETICA EN EL LUGAR DE TRABAJO\">\n\t\t\t<img loading=\"lazy\" decoding=\"async\" width=\"265\" height=\"400\" src=\"https:\/\/desarrollocristiano.pe\/wp-content\/uploads\/2022\/02\/9781588021557.jpg\" class=\"attachment-woocommerce_thumbnail size-woocommerce_thumbnail\" alt=\"ETICA EN EL LUGAR DE TRABAJO\" srcset=\"https:\/\/desarrollocristiano.pe\/wp-content\/uploads\/2022\/02\/9781588021557.jpg 265w, https:\/\/desarrollocristiano.pe\/wp-content\/uploads\/2022\/02\/9781588021557-150x226.jpg 150w\" sizes=\"auto, (max-width: 265px) 100vw, 265px\" \/>\t\t<\/a>\n\n\t\t\n\t\t<div class=\"wrapp-buttons\">\n\t\t\t<div class=\"wd-buttons\">\n\t\t\t\t<div class=\"wd-add-btn wd-action-btn wd-style-icon wd-add-cart-icon\"><\/div>\n\t\t\t\t\t\t\t\t\t\t\t\t\t\t<div class=\"quick-view wd-action-btn wd-style-icon wd-quick-view-icon\">\n\t\t\t<a\n\t\t\t\thref=\"https:\/\/desarrollocristiano.pe\/producto\/etica-en-el-lugar-de-trabajo\/\"\n\t\t\t\tclass=\"open-quick-view quick-view-button\"\n\t\t\t\trel=\"nofollow\"\n\t\t\t\tdata-id=\"74297\"\n\t\t\t\t>Vista r\u00e1pida<\/a>\n\t\t<\/div>\n\t\t\t\t\t\t\t\t\t\t\t\t\t<\/div> \n\t\t<\/div>\n\t<\/div>\n\t\t\t\t\t<h3 class=\"wd-entities-title\"><a href=\"https:\/\/desarrollocristiano.pe\/producto\/etica-en-el-lugar-de-trabajo\/\">ETICA EN EL LUGAR DE TRABAJO<\/a><\/h3>\t\t\t\t\t\t<div class=\"libro-info\" style=\"font-size:small\"><div class=\"libro-autor\"><span class=\"libro-autor-label\">Autor:<\/span> MARK S PUTNAM<\/div><div class=\"libro-editorial\"><span class=\"libro-editorial-label\">Editorial:<\/span> PATMOS<\/div><\/div>\n\t<span class=\"price\"><span class=\"woocommerce-Price-amount amount\"><bdi><span class=\"woocommerce-Price-currencySymbol\">S\/<\/span>29.00<\/bdi><\/span><\/span>\n\n\t\t\n\t\t\n\t\t\t<\/div>\n<\/div>\n<div class=\"wd-product wd-hover-icons wd-col product-grid-item product type-product post-68437 status-publish instock product_cat-libros-de-bolsillo product_cat-literatura product_cat-vida-cristana has-post-thumbnail taxable shipping-taxable purchasable product-type-simple\" data-loop=\"9\" data-id=\"68437\">\n\t\n\t<div class=\"product-wrapper\">\n\t<div class=\"product-element-top wd-quick-shop\">\n\t\t<a href=\"https:\/\/desarrollocristiano.pe\/producto\/supera-un-lugar-de-trabajo-toxico-bolsillo\/\" class=\"product-image-link\" aria-label=\"SUPERA UN LUGAR DE TRABAJO TOXICO (BOLSILLO)\">\n\t\t\t<img loading=\"lazy\" decoding=\"async\" width=\"600\" height=\"936\" src=\"https:\/\/desarrollocristiano.pe\/wp-content\/uploads\/2020\/10\/9780789923547-1-600x936.jpg\" class=\"attachment-woocommerce_thumbnail size-woocommerce_thumbnail\" alt=\"SUPERA UN LUGAR DE TRABAJO TOXICO (BOLSILLO)\" srcset=\"https:\/\/desarrollocristiano.pe\/wp-content\/uploads\/2020\/10\/9780789923547-1-600x936.jpg 600w, https:\/\/desarrollocristiano.pe\/wp-content\/uploads\/2020\/10\/9780789923547-1-150x234.jpg 150w, https:\/\/desarrollocristiano.pe\/wp-content\/uploads\/2020\/10\/9780789923547-1-320x499.jpg 320w, https:\/\/desarrollocristiano.pe\/wp-content\/uploads\/2020\/10\/9780789923547-1-768x1198.jpg 768w, https:\/\/desarrollocristiano.pe\/wp-content\/uploads\/2020\/10\/9780789923547-1.jpg 900w\" sizes=\"auto, (max-width: 600px) 100vw, 600px\" \/>\t\t<\/a>\n\n\t\t\n\t\t<div class=\"wrapp-buttons\">\n\t\t\t<div class=\"wd-buttons\">\n\t\t\t\t<div class=\"wd-add-btn wd-action-btn wd-style-icon wd-add-cart-icon\"><\/div>\n\t\t\t\t\t\t\t\t\t\t\t\t\t\t<div class=\"quick-view wd-action-btn wd-style-icon wd-quick-view-icon\">\n\t\t\t<a\n\t\t\t\thref=\"https:\/\/desarrollocristiano.pe\/producto\/supera-un-lugar-de-trabajo-toxico-bolsillo\/\"\n\t\t\t\tclass=\"open-quick-view quick-view-button\"\n\t\t\t\trel=\"nofollow\"\n\t\t\t\tdata-id=\"68437\"\n\t\t\t\t>Vista r\u00e1pida<\/a>\n\t\t<\/div>\n\t\t\t\t\t\t\t\t\t\t\t\t\t<\/div> \n\t\t<\/div>\n\t<\/div>\n\t\t\t\t\t<h3 class=\"wd-entities-title\"><a href=\"https:\/\/desarrollocristiano.pe\/producto\/supera-un-lugar-de-trabajo-toxico-bolsillo\/\">SUPERA UN LUGAR DE TRABAJO TOXICO (BOLSILLO)<\/a><\/h3>\t\t\t\t\t\t<div class=\"libro-info\" style=\"font-size:small\"><div class=\"libro-autor\"><span class=\"libro-autor-label\">Autor:<\/span> GARY CHAPMAN<\/div><div class=\"libro-editorial\"><span class=\"libro-editorial-label\">Editorial:<\/span> UNILIT<\/div><\/div>\n\t<span class=\"price\"><span class=\"woocommerce-Price-amount amount\"><bdi><span class=\"woocommerce-Price-currencySymbol\">S\/<\/span>25.00<\/bdi><\/span><\/span>\n\n\t\t\n\t\t\n\t\t\t<\/div>\n<\/div>\n<div class=\"wd-product wd-hover-icons wd-col product-grid-item product type-product post-73847 status-publish instock product_cat-literatura product_cat-vida-cristiana product_cat-vida-cristiana-general has-post-thumbnail taxable shipping-taxable purchasable product-type-simple\" data-loop=\"10\" data-id=\"73847\">\n\t\n\t<div class=\"product-wrapper\">\n\t<div class=\"product-element-top wd-quick-shop\">\n\t\t<a href=\"https:\/\/desarrollocristiano.pe\/producto\/trabajo-y-redencion\/\" class=\"product-image-link\" aria-label=\"TRABAJO Y REDENCION\">\n\t\t\t<img loading=\"lazy\" decoding=\"async\" width=\"262\" height=\"400\" src=\"https:\/\/desarrollocristiano.pe\/wp-content\/uploads\/2022\/02\/9781944586164.jpg\" class=\"attachment-woocommerce_thumbnail size-woocommerce_thumbnail\" alt=\"TRABAJO Y REDENCION\" srcset=\"https:\/\/desarrollocristiano.pe\/wp-content\/uploads\/2022\/02\/9781944586164.jpg 262w, https:\/\/desarrollocristiano.pe\/wp-content\/uploads\/2022\/02\/9781944586164-150x229.jpg 150w\" sizes=\"auto, (max-width: 262px) 100vw, 262px\" \/>\t\t<\/a>\n\n\t\t\n\t\t<div class=\"wrapp-buttons\">\n\t\t\t<div class=\"wd-buttons\">\n\t\t\t\t<div class=\"wd-add-btn wd-action-btn wd-style-icon wd-add-cart-icon\"><\/div>\n\t\t\t\t\t\t\t\t\t\t\t\t\t\t<div class=\"quick-view wd-action-btn wd-style-icon wd-quick-view-icon\">\n\t\t\t<a\n\t\t\t\thref=\"https:\/\/desarrollocristiano.pe\/producto\/trabajo-y-redencion\/\"\n\t\t\t\tclass=\"open-quick-view quick-view-button\"\n\t\t\t\trel=\"nofollow\"\n\t\t\t\tdata-id=\"73847\"\n\t\t\t\t>Vista r\u00e1pida<\/a>\n\t\t<\/div>\n\t\t\t\t\t\t\t\t\t\t\t\t\t<\/div> \n\t\t<\/div>\n\t<\/div>\n\t\t\t\t\t<h3 class=\"wd-entities-title\"><a href=\"https:\/\/desarrollocristiano.pe\/producto\/trabajo-y-redencion\/\">TRABAJO Y REDENCION<\/a><\/h3>\t\t\t\t\t\t<div class=\"libro-info\" style=\"font-size:small\"><div class=\"libro-autor\"><span class=\"libro-autor-label\">Autor:<\/span> TOM NELSON<\/div><div class=\"libro-editorial\"><span class=\"libro-editorial-label\">Editorial:<\/span> POIEMA<\/div><\/div>\n\t<span class=\"price\"><span class=\"woocommerce-Price-amount amount\"><bdi><span class=\"woocommerce-Price-currencySymbol\">S\/<\/span>50.00<\/bdi><\/span><\/span>\n\n\t\t\n\t\t\n\t\t\t<\/div>\n<\/div>\n<div class=\"wd-product wd-hover-icons wd-col product-grid-item product type-product post-66393 status-publish last instock product_cat-cosmovision product_cat-cosmovision-biblica product_cat-cosmovision-cristiana-en-la-educacion product_cat-economia-empresa product_cat-formacion-docente product_cat-iglesia product_cat-secundaria-cosmovision-cristiana-en-la-educacion product_cat-secundaria-5-docente has-post-thumbnail taxable shipping-taxable purchasable product-type-simple\" data-loop=\"11\" data-id=\"66393\">\n\t\n\t<div class=\"product-wrapper\">\n\t<div class=\"product-element-top wd-quick-shop\">\n\t\t<a href=\"https:\/\/desarrollocristiano.pe\/producto\/vida-trabajo-y-vocacion\/\" class=\"product-image-link\" aria-label=\"VIDA, TRABAJO Y VOCACION\">\n\t\t\t<img loading=\"lazy\" decoding=\"async\" width=\"600\" height=\"852\" src=\"https:\/\/desarrollocristiano.pe\/wp-content\/uploads\/2020\/10\/9781576585429-1-600x852.jpg\" class=\"attachment-woocommerce_thumbnail size-woocommerce_thumbnail\" alt=\"VIDA\" srcset=\"https:\/\/desarrollocristiano.pe\/wp-content\/uploads\/2020\/10\/9781576585429-1-600x852.jpg 600w, https:\/\/desarrollocristiano.pe\/wp-content\/uploads\/2020\/10\/9781576585429-1-150x213.jpg 150w, https:\/\/desarrollocristiano.pe\/wp-content\/uploads\/2020\/10\/9781576585429-1-1200x1704.jpg 1200w, https:\/\/desarrollocristiano.pe\/wp-content\/uploads\/2020\/10\/9781576585429-1-320x454.jpg 320w, https:\/\/desarrollocristiano.pe\/wp-content\/uploads\/2020\/10\/9781576585429-1-768x1091.jpg 768w, https:\/\/desarrollocristiano.pe\/wp-content\/uploads\/2020\/10\/9781576585429-1-1082x1536.jpg 1082w, https:\/\/desarrollocristiano.pe\/wp-content\/uploads\/2020\/10\/9781576585429-1-1442x2048.jpg 1442w, https:\/\/desarrollocristiano.pe\/wp-content\/uploads\/2020\/10\/9781576585429-1.jpg 1531w\" sizes=\"auto, (max-width: 600px) 100vw, 600px\" \/>\t\t<\/a>\n\n\t\t\t\t\t<div class=\"hover-img\">\n\t\t\t\t<img loading=\"lazy\" decoding=\"async\" width=\"600\" height=\"850\" src=\"https:\/\/desarrollocristiano.pe\/wp-content\/uploads\/2020\/10\/9781576585429-2-1-600x850.jpg\" class=\"attachment-woocommerce_thumbnail size-woocommerce_thumbnail\" alt=\"TRABAJO Y VOCACION\" srcset=\"https:\/\/desarrollocristiano.pe\/wp-content\/uploads\/2020\/10\/9781576585429-2-1-600x850.jpg 600w, https:\/\/desarrollocristiano.pe\/wp-content\/uploads\/2020\/10\/9781576585429-2-1-150x212.jpg 150w, https:\/\/desarrollocristiano.pe\/wp-content\/uploads\/2020\/10\/9781576585429-2-1-1200x1699.jpg 1200w, https:\/\/desarrollocristiano.pe\/wp-content\/uploads\/2020\/10\/9781576585429-2-1-320x453.jpg 320w, https:\/\/desarrollocristiano.pe\/wp-content\/uploads\/2020\/10\/9781576585429-2-1-768x1087.jpg 768w, https:\/\/desarrollocristiano.pe\/wp-content\/uploads\/2020\/10\/9781576585429-2-1-1085x1536.jpg 1085w, https:\/\/desarrollocristiano.pe\/wp-content\/uploads\/2020\/10\/9781576585429-2-1-1446x2048.jpg 1446w, https:\/\/desarrollocristiano.pe\/wp-content\/uploads\/2020\/10\/9781576585429-2-1.jpg 1539w\" sizes=\"auto, (max-width: 600px) 100vw, 600px\" \/>\t\t\t<\/div>\n\t\t\t\n\t\t<div class=\"wrapp-buttons\">\n\t\t\t<div class=\"wd-buttons\">\n\t\t\t\t<div class=\"wd-add-btn wd-action-btn wd-style-icon wd-add-cart-icon\"><\/div>\n\t\t\t\t\t\t\t\t\t\t\t\t\t\t<div class=\"quick-view wd-action-btn wd-style-icon wd-quick-view-icon\">\n\t\t\t<a\n\t\t\t\thref=\"https:\/\/desarrollocristiano.pe\/producto\/vida-trabajo-y-vocacion\/\"\n\t\t\t\tclass=\"open-quick-view quick-view-button\"\n\t\t\t\trel=\"nofollow\"\n\t\t\t\tdata-id=\"66393\"\n\t\t\t\t>Vista r\u00e1pida<\/a>\n\t\t<\/div>\n\t\t\t\t\t\t\t\t\t\t\t\t\t<\/div> \n\t\t<\/div>\n\t<\/div>\n\t\t\t\t\t<h3 class=\"wd-entities-title\"><a href=\"https:\/\/desarrollocristiano.pe\/producto\/vida-trabajo-y-vocacion\/\">VIDA, TRABAJO Y VOCACION<\/a><\/h3>\t\t\t\t\t\t<div class=\"libro-info\" style=\"font-size:small\"><div class=\"libro-autor\"><span class=\"libro-autor-label\">Autores:<\/span> DARROW MILLER, MARIT NEWTON<\/div><div class=\"libro-editorial\"><span class=\"libro-editorial-label\">Editorial:<\/span> JUCUM<\/div><\/div>\n\t<span class=\"price\"><span class=\"woocommerce-Price-amount amount\"><bdi><span class=\"woocommerce-Price-currencySymbol\">S\/<\/span>74.00<\/bdi><\/span><\/span>\n\n\t\t\n\t\t\n\t\t\t<\/div>\n<\/div>\n<\/div>\n<\/div><\/div><\/div><\/div><\/div><\/div><\/div><\/div><\/div><\/div>\n<\/div>\t\t\t\t\t<\/div>\n\t\t\t\t\n\t\t\t\t\t\t\t\t\t<\/div>\n\t<\/div>\n<\/article>\n\n\t\t\t\t\t\t\t\t\t\t\t\n<article id=\"post-75563\" class=\"wd-post blog-design-chess blog-post-loop blog-design-small-images blog-style-bg wd-add-shadow wd-col post-75563 post type-post status-publish format-standard has-post-thumbnail hentry category-vida-cristiana\">\n\t<div class=\"wd-post-inner article-inner\">\n\t\t\t\t\t<div class=\"wd-post-thumb entry-header\">\n\t\t\t\t\t\t\t\t\t<div class=\"wd-post-img post-img-wrapp\">\n\t\t\t\t\t\t<img width=\"320\" height=\"160\" src=\"https:\/\/desarrollocristiano.pe\/wp-content\/uploads\/2022\/05\/estoy-pecando-320x160.jpg\" class=\"attachment-large size-large\" alt=\"Persona dudando\" decoding=\"async\" loading=\"lazy\" srcset=\"https:\/\/desarrollocristiano.pe\/wp-content\/uploads\/2022\/05\/estoy-pecando-320x160.jpg 320w, https:\/\/desarrollocristiano.pe\/wp-content\/uploads\/2022\/05\/estoy-pecando-600x300.jpg 600w, https:\/\/desarrollocristiano.pe\/wp-content\/uploads\/2022\/05\/estoy-pecando-150x75.jpg 150w, https:\/\/desarrollocristiano.pe\/wp-content\/uploads\/2022\/05\/estoy-pecando-200x100.jpg 200w, https:\/\/desarrollocristiano.pe\/wp-content\/uploads\/2022\/05\/estoy-pecando-400x200.jpg 400w, https:\/\/desarrollocristiano.pe\/wp-content\/uploads\/2022\/05\/estoy-pecando.jpg 700w\" sizes=\"auto, (max-width: 320px) 100vw, 320px\" \/>\t\t\t\t\t<\/div>\n\t\t\t\t\t<a class=\"wd-fill\" href=\"https:\/\/desarrollocristiano.pe\/estoy-pecando-6-preguntas-para-las-areas-grises\/\"><\/a>\n\t\t\t\t\n\t\t\t\t\t\t\t\t\t\t\t\t<div class=\"wd-post-date wd-style-with-bg\">\n\t\t\t\t<span class=\"post-date-day\">\n\t\t\t\t\t31\t\t\t\t<\/span>\n\t\t\t\t<span class=\"post-date-month\">\n\t\t\t\t\tMay\t\t\t\t<\/span>\n\t\t\t<\/div>\n\t\t\t\t\t\t\t\t\t<\/div>\n\t\t\n\t\t<div class=\"wd-post-content article-body-container\">\n\t\t\t\t\t\t\t<div class=\"wd-post-cat wd-style-with-bg meta-post-categories\">\n\t\t\t\t\t<a href=\"https:\/\/desarrollocristiano.pe\/categorias\/vida-cristiana\/\" rel=\"category tag\">Vida Cristiana<\/a>\t\t\t\t<\/div>\n\t\t\t\n\t\t\t\t\t\t\t<h3 class=\"wd-post-title wd-entities-title title post-title\">\n\t\t\t\t\t<a href=\"https:\/\/desarrollocristiano.pe\/estoy-pecando-6-preguntas-para-las-areas-grises\/\" rel=\"bookmark\">\u00bfEstoy pecando? 6 preguntas para las \u00e1reas grises.<\/a>\n\t\t\t\t<\/h3>\n\t\t\t\n\t\t\t\t\t\t\t<div class=\"wd-post-meta\">\n\t\t\t\t\t\t\t\t\t\t\t\t\t\t\t<div class=\"wd-post-author\">\n\t\t\t\t\t\t\t\t\t\t\t<span>Posteado por<\/span>\n\t\t\n\t\t\t\t\t<img alt='author-avatar' src='https:\/\/secure.gravatar.com\/avatar\/8f331515e2139e7ffacac78d5e21bc88ee625065cad5d063ef4da73b7cbcfc2d?s=18&#038;d=mm&#038;r=g' srcset='https:\/\/secure.gravatar.com\/avatar\/8f331515e2139e7ffacac78d5e21bc88ee625065cad5d063ef4da73b7cbcfc2d?s=36&#038;d=mm&#038;r=g 2x' class='avatar avatar-18 photo' height='18' width='18' loading='lazy' decoding='async'\/>\t\t\n\t\t\t\t\t<a href=\"https:\/\/desarrollocristiano.pe\/author\/aprnimda7720\/\" class=\"author\" rel=\"author\">Administrador<\/a>\n\t\t\t\t\t\t\t\t\t<\/div>\n\t\t\t\t\t<div class=\"wd-modified-date\">\n\t\t\t\t\t\t\t\t<time class=\"updated\" datetime=\"2022-05-31T16:09:52-05:00\">\n\t\t\t31\/05\/2022\t\t<\/time>\n\t\t\t\t\t\t\t<\/div>\n\n\t\t\t\t\t\t\t\t\t\t\t<div class=\"wd-post-share wd-tltp\">\n\t\t\t\t\t\t\t<div class=\"tooltip top\">\n\t\t\t\t\t\t\t\t<div class=\"tooltip-inner\">\n\t\t\t\t\t\t\t\t\t\t\t\t<div\n\t\t\t\t\t\tclass=\" wd-social-icons  wd-style-default wd-size-small social-share wd-shape-circle color-scheme-light text-center\">\n\t\t\t\t\n\t\t\t\t\n\t\t\t\t\t\t\t\t\t<a rel=\"noopener noreferrer nofollow\" href=\"https:\/\/www.facebook.com\/sharer\/sharer.php?u=https:\/\/desarrollocristiano.pe\/articulos-pastorales\/\" target=\"_blank\" class=\" wd-social-icon social-facebook\" aria-label=\"Facebook social link\">\n\t\t\t\t\t\t<span class=\"wd-icon\"><\/span>\n\t\t\t\t\t\t\t\t\t\t\t<\/a>\n\t\t\t\t\n\t\t\t\t\t\t\t\t\t<a rel=\"noopener noreferrer nofollow\" href=\"https:\/\/x.com\/share?url=https:\/\/desarrollocristiano.pe\/articulos-pastorales\/\" target=\"_blank\" class=\" wd-social-icon social-twitter\" aria-label=\"X social link\">\n\t\t\t\t\t\t<span class=\"wd-icon\"><\/span>\n\t\t\t\t\t\t\t\t\t\t\t<\/a>\n\t\t\t\t\n\t\t\t\t\n\t\t\t\t\t\t\t\t\t<a rel=\"noopener noreferrer nofollow\" href=\"mailto:?subject=Check%20this%20https:\/\/desarrollocristiano.pe\/articulos-pastorales\/\" target=\"_blank\" class=\" wd-social-icon social-email\" aria-label=\"Email social link\">\n\t\t\t\t\t\t<span class=\"wd-icon\"><\/span>\n\t\t\t\t\t\t\t\t\t\t\t<\/a>\n\t\t\t\t\n\t\t\t\t\n\t\t\t\t\n\t\t\t\t\n\t\t\t\t\t\t\t\t\t<a rel=\"noopener noreferrer nofollow\" href=\"https:\/\/pinterest.com\/pin\/create\/button\/?url=https:\/\/desarrollocristiano.pe\/articulos-pastorales\/&media=https:\/\/desarrollocristiano.pe\/wp-content\/uploads\/2022\/05\/estoy-pecando.jpg&description=%C2%BFEstoy+pecando%3F+6+preguntas+para+las+%C3%A1reas+grises.\" target=\"_blank\" class=\" wd-social-icon social-pinterest\" aria-label=\"Pinterest social link\">\n\t\t\t\t\t\t<span class=\"wd-icon\"><\/span>\n\t\t\t\t\t\t\t\t\t\t\t<\/a>\n\t\t\t\t\n\t\t\t\t\n\t\t\t\t\t\t\t\t\t<a rel=\"noopener noreferrer nofollow\" href=\"https:\/\/www.linkedin.com\/shareArticle?mini=true&url=https:\/\/desarrollocristiano.pe\/articulos-pastorales\/\" target=\"_blank\" class=\" wd-social-icon social-linkedin\" aria-label=\"Linkedin social link\">\n\t\t\t\t\t\t<span class=\"wd-icon\"><\/span>\n\t\t\t\t\t\t\t\t\t\t\t<\/a>\n\t\t\t\t\n\t\t\t\t\n\t\t\t\t\n\t\t\t\t\n\t\t\t\t\n\t\t\t\t\n\t\t\t\t\n\t\t\t\t\n\t\t\t\t\n\t\t\t\t\t\t\t\t\t<a rel=\"noopener noreferrer nofollow\" href=\"https:\/\/api.whatsapp.com\/send?text=https%3A%2F%2Fdesarrollocristiano.pe%2Farticulos-pastorales%2F\" target=\"_blank\" class=\"wd-hide-md  wd-social-icon social-whatsapp\" aria-label=\"WhatsApp social link\">\n\t\t\t\t\t\t<span class=\"wd-icon\"><\/span>\n\t\t\t\t\t\t\t\t\t\t\t<\/a>\n\n\t\t\t\t\t<a rel=\"noopener noreferrer nofollow\" href=\"whatsapp:\/\/send?text=https%3A%2F%2Fdesarrollocristiano.pe%2Farticulos-pastorales%2F\" target=\"_blank\" class=\"wd-hide-lg  wd-social-icon social-whatsapp\" aria-label=\"WhatsApp social link\">\n\t\t\t\t\t\t<span class=\"wd-icon\"><\/span>\n\t\t\t\t\t\t\t\t\t\t\t<\/a>\n\t\t\t\t\n\t\t\t\t\n\t\t\t\t\n\t\t\t\t\n\t\t\t\t\n\t\t\t\t\n\t\t\t\t\t\t\t\t\t<a rel=\"noopener noreferrer nofollow\" href=\"https:\/\/telegram.me\/share\/url?url=https:\/\/desarrollocristiano.pe\/articulos-pastorales\/\" target=\"_blank\" class=\" wd-social-icon social-tg\" aria-label=\"Telegram social link\">\n\t\t\t\t\t\t<span class=\"wd-icon\"><\/span>\n\t\t\t\t\t\t\t\t\t\t\t<\/a>\n\t\t\t\t\n\t\t\t\t\n\t\t\t<\/div>\n\n\t\t\t\t\t\t\t\t\t\t<\/div>\n\t\t\t\t\t\t\t\t<div class=\"tooltip-arrow\"><\/div>\n\t\t\t\t\t\t\t<\/div>\n\t\t\t\t\t\t<\/div>\n\t\t\t\t\t\n\t\t\t\t\t\t\t\t\t\t\t\t\t\t\t\t\t<div class=\"wd-post-reply wd-style-1\">\n\t\t\t\t\t\t\t<a href=\"https:\/\/desarrollocristiano.pe\/estoy-pecando-6-preguntas-para-las-areas-grises\/#respond\"><span class=\"wd-replies-count\">0<\/span><\/a>\t\t\t\t\t\t<\/div>\n\t\t\t\t\t\t\t\t\t<\/div>\n\t\t\t\n\t\t\t\t\t\t\t\t\t\t\t\t<div class=\"wd-post-excerpt entry-content\">\n\t\t\t\t\t\t<div class=\"wpb-content-wrapper\"><div class=\"vc_row wpb_row vc_row-fluid\"><div class=\"wpb_column vc_column_container vc_col-sm-12\"><div class=\"vc_column-inner\"><div class=\"wpb_wrapper\">\n\t<div class=\"wpb_text_column wpb_content_element texto_parrafo text-larger\" >\n\t\t<div class=\"wpb_wrapper\">\n\t\t\t<p>Por: <b>Blake Glosson<\/b><br \/>\nFuente: <a href=\"https:\/\/www.coalicionporelevangelio.org\/articulo\/preguntas-areas-grises\/\" target=\"_blank\" rel=\"noopener noreferrer\">Coalici\u00f3n por el Evangelio<\/a><\/p>\n<p>A continuaci\u00f3n encontrar\u00e1s quince acciones que algunas personas consideran pecaminosas y otras no. Cuenta cu\u00e1ntas de las siguientes las considerar\u00edas pecaminosas.<\/p>\n<p>1. Besos con tu novio\/novia<\/p>\n<p>2. Ver pel\u00edculas clasificadas R (para p\u00fablico adulto)<\/p>\n<p>3. Escuchar m\u00fasica no cristiana<\/p>\n<p>4. Consumir alcohol<\/p>\n<p>5. Decir malas palabras<\/p>\n<p>6. Tatuarse<\/p>\n<p>7. Asistir a un evento de Halloween<\/p>\n<p>8. Usar las redes sociales<\/p>\n<p>9. Darte un \u201catrac\u00f3n\u201d de Netflix.<\/p>\n<p>10. Conducir unos cuantos kil\u00f3metros por hora por encima del l\u00edmite de velocidad<\/p>\n<p>11. Faltar a la iglesia un domingo para asistir a un evento deportivo<\/p>\n<p>12. Enviar a los hijos a la escuela p\u00fablica<\/p>\n<p>13. Apostar en eventos deportivos<\/p>\n<p>14. Gastar dinero en art\u00edculos de lujo<\/p>\n<p>15. Jugar a videojuegos que contengan violencia.<\/p>\n<p>BONUS: Permitir que tus hijos hagan cualquiera de las anteriores.<\/p>\n<h3><b>Interpretando tu puntuaci\u00f3n<\/b><\/h3>\n<p>\u00bfA cu\u00e1ntas has respondido con un \u00abs\u00ed\u00bb?<\/p>\n<p>Si has conseguido 10 o m\u00e1s, \u00a1eres un legalista!<\/p>\n<p>Si has sacado 5 o menos, \u00a1eres un antinomiano!<\/p>\n<p>Es broma.<\/p>\n<p>Si te cost\u00f3 responder estas preguntas y respondiste \u00abdepende\u00bb a muchas de ellas, puede que eso no sea malo.<\/p>\n<p>Muchos cristianos catalogan algunos de estos temas como \u00ab\u00e1reas grises\u00bb, una categor\u00eda que podr\u00edamos definir como<i> acciones que la Escritura no identifica claramente como \u00abpecaminosas\u00bb o \u00abno pecaminosas\u00bb para todas las personas en todos los lugares y en todo momento.<\/i><\/p>\n<p>Dicho de otra manera, un \u00e1rea gris (b\u00edblicamente hablando) es cualquier asunto que no est\u00e1 claramente ordenado, prohibido o permitido en las Escrituras.<\/p>\n<h3><b>Desarrollando discernimiento<\/b><\/h3>\n<p>Las \u00e1reas grises en cuestiones morales siempre han existido para los creyentes (ver <a class=\"rtBibleRef\" href=\"https:\/\/biblia.com\/bible\/nblh\/Rom%2014.1-23?culture=es\" target=\"_blank\" rel=\"noopener\" data-reference=\"Rom 14.1-23\" data-version=\"nblh\" data-purpose=\"bible-reference\">Ro 14:1-23<\/a>). Las nuevas tecnolog\u00edas y los problemas sociales modernos ofrecen ciertamente manifestaciones \u00fanicas de \u00e1reas grises, pero los cristianos siempre han necesitado ejercer sabidur\u00eda y discernimiento en innumerables situaciones de la vida.<\/p>\n<p>Mi prop\u00f3sito en este escrito no es presentar mi opini\u00f3n sobre la moralidad de estas posibles \u00e1reas grises, sino proveer preguntas que te ayuden a tomar decisiones morales respecto a las \u00e1reas grises en tu propia vida, de una manera b\u00edblica y que honre a Dios.<\/p>\n<p>Cuando no est\u00e9s seguro de si una determinada acci\u00f3n es pecaminosa, hazte estas preguntas antes de proceder:<\/p>\n<p><b> <\/b><strong>1. <\/strong>\u00bfEst\u00e1 el Esp\u00edritu Santo convenci\u00e9ndome de que esto est\u00e1 mal?<b> (<a class=\"rtBibleRef\" href=\"https:\/\/biblia.com\/bible\/nblh\/Rom%2014.23?culture=es\" target=\"_blank\" rel=\"noopener\" data-reference=\"Rom 14.23\" data-version=\"nblh\" data-purpose=\"bible-reference\">Ro 14:23<\/a>; <a class=\"rtBibleRef\" href=\"https:\/\/biblia.com\/bible\/nblh\/Sant%204.17?culture=es\" target=\"_blank\" rel=\"noopener\" data-reference=\"Sant 4.17\" data-version=\"nblh\" data-purpose=\"bible-reference\">Stg 4:17<\/a>).<\/b><\/p>\n<p><b><\/b><strong>2.<\/strong> \u00bfEsta acci\u00f3n hace tropezar a un hermano o hermana? <b>(<a class=\"rtBibleRef\" href=\"https:\/\/biblia.com\/bible\/nblh\/Rom%2014.20?culture=es\" target=\"_blank\" rel=\"noopener\" data-reference=\"Rom 14.20\" data-version=\"nblh\" data-purpose=\"bible-reference\">Ro 14:20<\/a>; <a class=\"rtBibleRef\" href=\"https:\/\/biblia.com\/bible\/nblh\/1%20Cor%208.9-13?culture=es\" target=\"_blank\" rel=\"noopener\" data-reference=\"1 Cor 8.9-13\" data-version=\"nblh\" data-purpose=\"bible-reference\">1 Co 8:9-13<\/a>).<\/b><\/p>\n<p><b><\/b><strong>3.<\/strong> \u00bfEs esta acci\u00f3n perjudicial en lugar de beneficiosa para mi fe?<b> (<a class=\"rtBibleRef\" href=\"https:\/\/biblia.com\/bible\/nblh\/1%20Cor%206.12?culture=es\" target=\"_blank\" rel=\"noopener\" data-reference=\"1 Cor 6.12\" data-version=\"nblh\" data-purpose=\"bible-reference\">1 Co 6:12<\/a>; <a class=\"rtBibleRef\" href=\"https:\/\/biblia.com\/bible\/nblh\/1%20Co%2010.23?culture=es\" target=\"_blank\" rel=\"noopener\" data-reference=\"1 Co 10.23\" data-version=\"nblh\" data-purpose=\"bible-reference\">10:23<\/a>).<\/b><\/p>\n<p><b><\/b><strong>4.<\/strong> \u00bfEsta acci\u00f3n me domina o me controla?<b> (<a class=\"rtBibleRef\" href=\"https:\/\/biblia.com\/bible\/nblh\/1%20Cor%206.12?culture=es\" target=\"_blank\" rel=\"noopener\" data-reference=\"1 Cor 6.12\" data-version=\"nblh\" data-purpose=\"bible-reference\">1 Co 6:12<\/a>; <a class=\"rtBibleRef\" href=\"https:\/\/biblia.com\/bible\/nblh\/1%20Co%209.27?culture=es\" target=\"_blank\" rel=\"noopener\" data-reference=\"1 Co 9.27\" data-version=\"nblh\" data-purpose=\"bible-reference\">9:27<\/a>).<\/b><\/p>\n<p><b><\/b><strong>5.<\/strong> \u00bfEsta acci\u00f3n me hace ser desobediente a alguien que Dios ha puesto en autoridad sobre m\u00ed?<b> (<a class=\"rtBibleRef\" href=\"https:\/\/biblia.com\/bible\/nblh\/Efe%206.1?culture=es\" target=\"_blank\" rel=\"noopener\" data-reference=\"Efe 6.1\" data-version=\"nblh\" data-purpose=\"bible-reference\">Ef 6:1<\/a>; <a class=\"rtBibleRef\" href=\"https:\/\/biblia.com\/bible\/nblh\/Heb%2013.17?culture=es\" target=\"_blank\" rel=\"noopener\" data-reference=\"Heb 13.17\" data-version=\"nblh\" data-purpose=\"bible-reference\">He 13:17<\/a>)<\/b><\/p>\n<p><b><\/b><strong>6.<\/strong> \u00bfEstoy juzgando a otros que no est\u00e1n de acuerdo conmigo en esta \u00e1rea gris?<b> (<a class=\"rtBibleRef\" href=\"https:\/\/biblia.com\/bible\/nblh\/Mat%207.1-5?culture=es\" target=\"_blank\" rel=\"noopener\" data-reference=\"Mat 7.1-5\" data-version=\"nblh\" data-purpose=\"bible-reference\">Mt 7:1-5<\/a>; <a class=\"rtBibleRef\" href=\"https:\/\/biblia.com\/bible\/nblh\/Rom%2014.13?culture=es\" target=\"_blank\" rel=\"noopener\" data-reference=\"Rom 14.13\" data-version=\"nblh\" data-purpose=\"bible-reference\">Ro 14:13<\/a>).<\/b><\/p>\n<p>Si respondiste \u00abs\u00ed\u00bb a una o m\u00e1s de estas preguntas, es probable que este comportamiento sea pecaminoso o al menos imprudente. Por supuesto, esta no es una lista exhaustiva de todo lo que la Biblia dice sobre las \u00e1reas grises y hay innumerables advertencias que podr\u00edamos a\u00f1adir (por ejemplo, c\u00f3mo distinguir la diferencia entre la convicci\u00f3n guiada por el Esp\u00edritu y una culpa legalista o c\u00f3mo responder a la autoridad abusiva). Sin embargo, esta lista sirve como punto de partida.<\/p>\n<h3><b>\u00bfC\u00f3mo ser\u00e9 juzgado?<\/b><\/h3>\n<p>Dios tiene dos tipos de \u00abvoluntad\u00bb: <a href=\"https:\/\/www.coalicionporelevangelio.org\/articulo\/la-voluntad-dios-vida-mas-obvia-lo-piensas\/\">Su voluntad <i>oculta <\/i>y Su voluntad <i>revelada<\/i><\/a> (cp. <a class=\"rtBibleRef\" href=\"https:\/\/biblia.com\/bible\/nblh\/Deut%2029.29?culture=es\" target=\"_blank\" rel=\"noopener\" data-reference=\"Deut 29.29\" data-version=\"nblh\" data-purpose=\"bible-reference\">Dt 29:29<\/a>). Hay un sentido real en el que Dios nos ha ocultado parte de Su voluntad soberana (por ejemplo, si nos casamos con la persona cristiana A o B, o si vivimos en Greenville o en Dallas), mientras que nos ha revelado claramente otros aspectos de Su voluntad (por ejemplo, debes amar a tu pr\u00f3jimo y arrepentirte de tu pecado).<\/p>\n<p>Entonces, \u00bfsobre qu\u00e9 aspecto de la <a href=\"https:\/\/www.coalicionporelevangelio.org\/temas\/voluntad-de-dios\/\">voluntad de Dios<\/a> vamos a ser llamados a rendir cuentas por nuestra obediencia?<\/p>\n<p>El Catecismo Menor de Westminster (pregunta 39) nos ayuda aqu\u00ed:<\/p>\n<div class=\"normal_blockquote\">\n<p>Pregunta: \u00bfCu\u00e1l es el deber que Dios exige al hombre?<\/p>\n<p>Respuesta: El deber que Dios exige al hombre es la obediencia a Su voluntad revelada<\/p>\n<\/div>\n<p>Las dos \u00faltimas palabras son clave: Dios exige obediencia a Su voluntad <i>revelada<\/i>.<\/p>\n<p><a class=\"rtBibleRef\" href=\"https:\/\/biblia.com\/bible\/nblh\/Deut%2029.29?culture=es\" target=\"_blank\" rel=\"noopener\" data-reference=\"Deut 29.29\" data-version=\"nblh\" data-purpose=\"bible-reference\">Deuteronomio 29:29<\/a> presenta tanto el lenguaje como la justificaci\u00f3n de la afirmaci\u00f3n de los te\u00f3logos de Westminster: \u00abLas cosas secretas pertenecen al Se\u00f1or nuestro Dios, mas las cosas <i>reveladas <\/i>nos pertenecen a nosotros y a nuestros hijos para siempre, a fin de que guardemos todas las palabras de <i>esta <\/i>ley\u00bb.<\/p>\n<p>Dios no est\u00e1 jugando contigo, viendo si puedes \u00abadivinar bajo cu\u00e1l sombrero\u00bb est\u00e1 el pecado y, si adivinas mal, pierdes. No est\u00e1 deseando secretamente que compres el carro rojo \u2014sin dec\u00edrtelo\u2014 y luego te castiga por comprar el carro azul. Ese no es el tipo de Padre que es nuestro Dios.<\/p>\n<p>Dios quiere que obedezcamos sus mandamientos en las \u00e1reas blancas y negras y que busquemos su sabidur\u00eda en las \u00e1reas grises. \u00c9l sabe que no conocemos Su voluntad oculta (<a class=\"rtBibleRef\" href=\"https:\/\/biblia.com\/bible\/nblh\/Sal%20103.14?culture=es\" target=\"_blank\" rel=\"noopener\" data-reference=\"Sal 103.14\" data-version=\"nblh\" data-purpose=\"bible-reference\">Sal 103:14<\/a>), y no nos condena por ello. Pero con lo que sabemos de Su voluntad revelada en las Escrituras, estamos bien equipados para tomar decisiones sabias que honren a Dios, incluso en las \u00e1reas m\u00e1s grises (<a class=\"rtBibleRef\" href=\"https:\/\/biblia.com\/bible\/nblh\/2%20Tim%203.16-17?culture=es\" target=\"_blank\" rel=\"noopener\" data-reference=\"2 Tim 3.16-17\" data-version=\"nblh\" data-purpose=\"bible-reference\">2 Ti 3:16-17<\/a>).<\/p>\n<hr \/>\n<h6>Publicado originalmente en <a href=\"https:\/\/www.thegospelcoalition.org\/article\/6-questions-moral-gray-areas\/\"><i>The Gospel Coalition<\/i><\/a><i>. <\/i>Traducido por Equipo Coalici\u00f3n.<\/h6>\n\n\t\t<\/div>\n\t<\/div>\n<\/div><\/div><\/div><\/div><div class=\"vc_row wpb_row vc_row-fluid vc_custom_1615074577655 vc_row-has-fill\"><div class=\"wpb_column vc_column_container vc_col-sm-12\"><div class=\"vc_column-inner\"><div class=\"wpb_wrapper\">\t\t\t<div class=\"info-box-wrapper inline-element\">\n\t\t\t\t<div id=\"wd-62967e3db7135\" class=\" wd-rs-62967e3db7135 wd-info-box wd-wpb text-left box-icon-align-left box-style- color-scheme- wd-bg-none wd-items-top \">\n\t\t\t\t\t\t\t\t\t\t<div class=\"info-box-content\">\n\t\t\t\t\t\t<h4 class=\"info-box-title title box-title-style-default wd-fontsize-m\">Sobre el autor<\/h4>\t\t\t\t\t\t<div class=\"info-box-inner reset-last-child\"><\/p>\n<div class=\"col-md-10 col-12 align-self-center\">\n<p><b>Blake Glosson <\/b>es estudiante del Seminario Teol\u00f3gico Reformado. Anteriormente, sirvi\u00f3 como director de adultos j\u00f3venes en la iglesia <i>New Covenant Bible Church<\/i> en St. Charles, Illinois.<\/p>\n<\/div>\n<p>\n<\/div>\n\n\t\t\t\t\t\t\t\t\t\t\t<\/div>\n\n\t\t\t\t\t\n\t\t\t\t\t<style>#wd-62967e3db7135 .info-box-icon {background-color:  !important;}<\/style>\t\t\t\t<\/div>\n\t\t\t<\/div>\n\t\t<\/div><\/div><\/div><\/div><div class=\"vc_row wpb_row vc_row-fluid\"><div class=\"wpb_column vc_column_container vc_col-sm-12\"><div class=\"vc_column-inner\"><div class=\"wpb_wrapper\"><div class=\"vc_row wpb_row vc_inner vc_row-fluid\"><div class=\"wpb_column vc_column_container vc_col-sm-12\"><div class=\"vc_column-inner\"><div class=\"wpb_wrapper\">\n\t\t<div id=\"wd-6296826c864a3\" class=\"title-wrapper wd-wpb wd-set-mb reset-last-child  wd-rs-6296826c864a3 wd-title-color-default wd-title-style-default text-left vc_custom_1654030977032 wd-underline-colored\">\n\t\t\t\n\t\t\t<div class=\"liner-continer\">\n\t\t\t\t<h4 class=\"woodmart-title-container title  wd-font-weight- wd-fontsize-l\" >Libros relacionados recomendados<\/h4>\n\t\t\t\t\t\t\t<\/div>\n\t\t\t\n\t\t\t\n\t\t\t\n\t\t<\/div>\n\t\t\n\t\t<div class=\"woocommerce columns-4 \"><div class=\"wd-products-element\">\t\t\t<div class=\"wd-sticky-loader wd-content-loader\"><span class=\"wd-loader\"><\/span><\/div>\n\t\t\n<div class=\"products wd-products wd-grid-g grid-columns-4 elements-grid pagination-pagination\" data-source=\"main_loop\" data-min_price=\"\" data-max_price=\"\" data-columns=\"4\" style=\"--wd-col-lg:4;--wd-col-md:4;--wd-col-sm:2;--wd-gap-lg:30px;--wd-gap-sm:10px;\">\n<div class=\"wd-product wd-hover-icons wd-col product-grid-item product type-product post-71213 status-publish first instock product_cat-literatura product_cat-vida-cristiana product_cat-vida-cristiana-general has-post-thumbnail taxable shipping-taxable purchasable product-type-simple\" data-loop=\"12\" data-id=\"71213\">\n\t\n\t<div class=\"product-wrapper\">\n\t<div class=\"product-element-top wd-quick-shop\">\n\t\t<a href=\"https:\/\/desarrollocristiano.pe\/producto\/creciendo-en-santidad\/\" class=\"product-image-link\" aria-label=\"Creciendo en santidad\">\n\t\t\t<img loading=\"lazy\" decoding=\"async\" width=\"600\" height=\"928\" src=\"https:\/\/desarrollocristiano.pe\/wp-content\/uploads\/2021\/12\/9780825459610-1-600x928.jpg\" class=\"attachment-woocommerce_thumbnail size-woocommerce_thumbnail\" alt=\"Creciendo en santidad\" srcset=\"https:\/\/desarrollocristiano.pe\/wp-content\/uploads\/2021\/12\/9780825459610-1-600x928.jpg 600w, https:\/\/desarrollocristiano.pe\/wp-content\/uploads\/2021\/12\/9780825459610-1-150x232.jpg 150w, https:\/\/desarrollocristiano.pe\/wp-content\/uploads\/2021\/12\/9780825459610-1-320x495.jpg 320w, https:\/\/desarrollocristiano.pe\/wp-content\/uploads\/2021\/12\/9780825459610-1-768x1187.jpg 768w, https:\/\/desarrollocristiano.pe\/wp-content\/uploads\/2021\/12\/9780825459610-1.jpg 936w\" sizes=\"auto, (max-width: 600px) 100vw, 600px\" \/>\t\t<\/a>\n\n\t\t\n\t\t<div class=\"wrapp-buttons\">\n\t\t\t<div class=\"wd-buttons\">\n\t\t\t\t<div class=\"wd-add-btn wd-action-btn wd-style-icon wd-add-cart-icon\"><\/div>\n\t\t\t\t\t\t\t\t\t\t\t\t\t\t<div class=\"quick-view wd-action-btn wd-style-icon wd-quick-view-icon\">\n\t\t\t<a\n\t\t\t\thref=\"https:\/\/desarrollocristiano.pe\/producto\/creciendo-en-santidad\/\"\n\t\t\t\tclass=\"open-quick-view quick-view-button\"\n\t\t\t\trel=\"nofollow\"\n\t\t\t\tdata-id=\"71213\"\n\t\t\t\t>Vista r\u00e1pida<\/a>\n\t\t<\/div>\n\t\t\t\t\t\t\t\t\t\t\t\t\t<\/div> \n\t\t<\/div>\n\t<\/div>\n\t\t\t\t\t<h3 class=\"wd-entities-title\"><a href=\"https:\/\/desarrollocristiano.pe\/producto\/creciendo-en-santidad\/\">Creciendo en santidad<\/a><\/h3>\t\t\t\t\t\t<div class=\"libro-info\" style=\"font-size:small\"><div class=\"libro-autor\"><span class=\"libro-autor-label\">Autor:<\/span> R.C SPROUL<\/div><div class=\"libro-editorial\"><span class=\"libro-editorial-label\">Editorial:<\/span> PORTAVOZ<\/div><\/div>\n\t<span class=\"price\"><span class=\"woocommerce-Price-amount amount\"><bdi><span class=\"woocommerce-Price-currencySymbol\">S\/<\/span>46.00<\/bdi><\/span><\/span>\n\n\t\t\n\t\t\n\t\t\t<\/div>\n<\/div>\n<div class=\"wd-product wd-hover-icons wd-col product-grid-item product type-product post-70623 status-publish instock product_cat-familia product_cat-hombre product_cat-literatura has-post-thumbnail taxable shipping-taxable purchasable product-type-simple\" data-loop=\"13\" data-id=\"70623\">\n\t\n\t<div class=\"product-wrapper\">\n\t<div class=\"product-element-top wd-quick-shop\">\n\t\t<a href=\"https:\/\/desarrollocristiano.pe\/producto\/las-disciplinas-de-un-hombre-piadoso\/\" class=\"product-image-link\" aria-label=\"LAS DISCIPLINAS DE UN HOMBRE PIADOSO\">\n\t\t\t<img loading=\"lazy\" decoding=\"async\" width=\"265\" height=\"400\" src=\"https:\/\/desarrollocristiano.pe\/wp-content\/uploads\/2020\/12\/9781588027573-1.jpg\" class=\"attachment-woocommerce_thumbnail size-woocommerce_thumbnail\" alt=\"LAS DISCIPLINAS DE UN HOMBRE PIADOSO\" srcset=\"https:\/\/desarrollocristiano.pe\/wp-content\/uploads\/2020\/12\/9781588027573-1.jpg 265w, https:\/\/desarrollocristiano.pe\/wp-content\/uploads\/2020\/12\/9781588027573-1-150x226.jpg 150w\" sizes=\"auto, (max-width: 265px) 100vw, 265px\" \/>\t\t<\/a>\n\n\t\t\n\t\t<div class=\"wrapp-buttons\">\n\t\t\t<div class=\"wd-buttons\">\n\t\t\t\t<div class=\"wd-add-btn wd-action-btn wd-style-icon wd-add-cart-icon\"><\/div>\n\t\t\t\t\t\t\t\t\t\t\t\t\t\t<div class=\"quick-view wd-action-btn wd-style-icon wd-quick-view-icon\">\n\t\t\t<a\n\t\t\t\thref=\"https:\/\/desarrollocristiano.pe\/producto\/las-disciplinas-de-un-hombre-piadoso\/\"\n\t\t\t\tclass=\"open-quick-view quick-view-button\"\n\t\t\t\trel=\"nofollow\"\n\t\t\t\tdata-id=\"70623\"\n\t\t\t\t>Vista r\u00e1pida<\/a>\n\t\t<\/div>\n\t\t\t\t\t\t\t\t\t\t\t\t\t<\/div> \n\t\t<\/div>\n\t<\/div>\n\t\t\t\t\t<h3 class=\"wd-entities-title\"><a href=\"https:\/\/desarrollocristiano.pe\/producto\/las-disciplinas-de-un-hombre-piadoso\/\">LAS DISCIPLINAS DE UN HOMBRE PIADOSO<\/a><\/h3>\t\t\t\t\t\t<div class=\"libro-info\" style=\"font-size:small\"><div class=\"libro-autor\"><span class=\"libro-autor-label\">Autor:<\/span> KENT HUGHES<\/div><div class=\"libro-editorial\"><span class=\"libro-editorial-label\">Editorial:<\/span> PATMOS<\/div><\/div>\n\t<span class=\"price\"><span class=\"woocommerce-Price-amount amount\"><bdi><span class=\"woocommerce-Price-currencySymbol\">S\/<\/span>41.00<\/bdi><\/span><\/span>\n\n\t\t\n\t\t\n\t\t\t<\/div>\n<\/div>\n<div class=\"wd-product wd-hover-icons wd-col product-grid-item product type-product post-71922 status-publish instock product_cat-literatura product_cat-vida-cristiana product_cat-vida-cristiana-general has-post-thumbnail taxable shipping-taxable purchasable product-type-simple\" data-loop=\"14\" data-id=\"71922\">\n\t\n\t<div class=\"product-wrapper\">\n\t<div class=\"product-element-top wd-quick-shop\">\n\t\t<a href=\"https:\/\/desarrollocristiano.pe\/producto\/santidad-incluye-guia-de-estudio\/\" class=\"product-image-link\" aria-label=\"SANTIDAD &#8211; INCLUYE GUIA DE ESTUDIO\">\n\t\t\t<img loading=\"lazy\" decoding=\"async\" width=\"277\" height=\"430\" src=\"https:\/\/desarrollocristiano.pe\/wp-content\/uploads\/2022\/01\/9780825459498.jpg\" class=\"attachment-woocommerce_thumbnail size-woocommerce_thumbnail\" alt=\"SANTIDAD - INCLUYE GUIA DE ESTUDIO\" srcset=\"https:\/\/desarrollocristiano.pe\/wp-content\/uploads\/2022\/01\/9780825459498.jpg 277w, https:\/\/desarrollocristiano.pe\/wp-content\/uploads\/2022\/01\/9780825459498-150x233.jpg 150w\" sizes=\"auto, (max-width: 277px) 100vw, 277px\" \/>\t\t<\/a>\n\n\t\t\n\t\t<div class=\"wrapp-buttons\">\n\t\t\t<div class=\"wd-buttons\">\n\t\t\t\t<div class=\"wd-add-btn wd-action-btn wd-style-icon wd-add-cart-icon\"><\/div>\n\t\t\t\t\t\t\t\t\t\t\t\t\t\t<div class=\"quick-view wd-action-btn wd-style-icon wd-quick-view-icon\">\n\t\t\t<a\n\t\t\t\thref=\"https:\/\/desarrollocristiano.pe\/producto\/santidad-incluye-guia-de-estudio\/\"\n\t\t\t\tclass=\"open-quick-view quick-view-button\"\n\t\t\t\trel=\"nofollow\"\n\t\t\t\tdata-id=\"71922\"\n\t\t\t\t>Vista r\u00e1pida<\/a>\n\t\t<\/div>\n\t\t\t\t\t\t\t\t\t\t\t\t\t<\/div> \n\t\t<\/div>\n\t<\/div>\n\t\t\t\t\t<h3 class=\"wd-entities-title\"><a href=\"https:\/\/desarrollocristiano.pe\/producto\/santidad-incluye-guia-de-estudio\/\">SANTIDAD &#8211; INCLUYE GUIA DE ESTUDIO<\/a><\/h3>\t\t\t\t\t\t<div class=\"libro-info\" style=\"font-size:small\"><div class=\"libro-autor\"><span class=\"libro-autor-label\">Autor:<\/span> NANCY LEIGH DEMOSS<\/div><div class=\"libro-editorial\"><span class=\"libro-editorial-label\">Editorial:<\/span> PORTAVOZ<\/div><\/div>\n\t<span class=\"price\"><span class=\"woocommerce-Price-amount amount\"><bdi><span class=\"woocommerce-Price-currencySymbol\">S\/<\/span>41.00<\/bdi><\/span><\/span>\n\n\t\t\n\t\t\n\t\t\t<\/div>\n<\/div>\n<\/div>\n<\/div><\/div><\/div><\/div><\/div><\/div><\/div><\/div><\/div><\/div>\n<\/div>\t\t\t\t\t<\/div>\n\t\t\t\t\n\t\t\t\t\t\t\t\t\t<\/div>\n\t<\/div>\n<\/article>\n\n\t\t\t\t\t\t\t\t\t\t\t\n<article id=\"post-59814\" class=\"wd-post blog-design-chess blog-post-loop blog-design-small-images blog-style-bg wd-add-shadow wd-col post-59814 post type-post status-publish format-standard has-post-thumbnail hentry category-paternidad\">\n\t<div class=\"wd-post-inner article-inner\">\n\t\t\t\t\t<div class=\"wd-post-thumb entry-header\">\n\t\t\t\t\t\t\t\t\t<div class=\"wd-post-img post-img-wrapp\">\n\t\t\t\t\t\t<img width=\"320\" height=\"160\" src=\"https:\/\/desarrollocristiano.pe\/wp-content\/uploads\/2021\/11\/Dios-320x160.jpg\" class=\"attachment-large size-large\" alt=\"\" decoding=\"async\" loading=\"lazy\" srcset=\"https:\/\/desarrollocristiano.pe\/wp-content\/uploads\/2021\/11\/Dios-320x160.jpg 320w, https:\/\/desarrollocristiano.pe\/wp-content\/uploads\/2021\/11\/Dios-600x300.jpg 600w, https:\/\/desarrollocristiano.pe\/wp-content\/uploads\/2021\/11\/Dios-150x75.jpg 150w, https:\/\/desarrollocristiano.pe\/wp-content\/uploads\/2021\/11\/Dios-200x100.jpg 200w, https:\/\/desarrollocristiano.pe\/wp-content\/uploads\/2021\/11\/Dios-400x200.jpg 400w, https:\/\/desarrollocristiano.pe\/wp-content\/uploads\/2021\/11\/Dios.jpg 700w\" sizes=\"auto, (max-width: 320px) 100vw, 320px\" \/>\t\t\t\t\t<\/div>\n\t\t\t\t\t<a class=\"wd-fill\" href=\"https:\/\/desarrollocristiano.pe\/conoce-al-padre-perfecto-y-al-hijo-perfecto\/\"><\/a>\n\t\t\t\t\n\t\t\t\t\t\t\t\t\t\t\t\t<div class=\"wd-post-date wd-style-with-bg\">\n\t\t\t\t<span class=\"post-date-day\">\n\t\t\t\t\t27\t\t\t\t<\/span>\n\t\t\t\t<span class=\"post-date-month\">\n\t\t\t\t\tNov\t\t\t\t<\/span>\n\t\t\t<\/div>\n\t\t\t\t\t\t\t\t\t<\/div>\n\t\t\n\t\t<div class=\"wd-post-content article-body-container\">\n\t\t\t\t\t\t\t<div class=\"wd-post-cat wd-style-with-bg meta-post-categories\">\n\t\t\t\t\t<a href=\"https:\/\/desarrollocristiano.pe\/categorias\/relaciones\/paternidad\/\" rel=\"category tag\">Paternidad<\/a>\t\t\t\t<\/div>\n\t\t\t\n\t\t\t\t\t\t\t<h3 class=\"wd-post-title wd-entities-title title post-title\">\n\t\t\t\t\t<a href=\"https:\/\/desarrollocristiano.pe\/conoce-al-padre-perfecto-y-al-hijo-perfecto\/\" rel=\"bookmark\">Conoce al padre perfecto y al hijo perfecto<\/a>\n\t\t\t\t<\/h3>\n\t\t\t\n\t\t\t\t\t\t\t<div class=\"wd-post-meta\">\n\t\t\t\t\t\t\t\t\t\t\t\t\t\t\t<div class=\"wd-post-author\">\n\t\t\t\t\t\t\t\t\t\t\t<span>Posteado por<\/span>\n\t\t\n\t\t\t\t\t<img alt='author-avatar' src='https:\/\/secure.gravatar.com\/avatar\/8f331515e2139e7ffacac78d5e21bc88ee625065cad5d063ef4da73b7cbcfc2d?s=18&#038;d=mm&#038;r=g' srcset='https:\/\/secure.gravatar.com\/avatar\/8f331515e2139e7ffacac78d5e21bc88ee625065cad5d063ef4da73b7cbcfc2d?s=36&#038;d=mm&#038;r=g 2x' class='avatar avatar-18 photo' height='18' width='18' loading='lazy' decoding='async'\/>\t\t\n\t\t\t\t\t<a href=\"https:\/\/desarrollocristiano.pe\/author\/aprnimda7720\/\" class=\"author\" rel=\"author\">Administrador<\/a>\n\t\t\t\t\t\t\t\t\t<\/div>\n\t\t\t\t\t<div class=\"wd-modified-date\">\n\t\t\t\t\t\t\t\t<time class=\"updated\" datetime=\"2021-11-27T21:45:41-05:00\">\n\t\t\t27\/11\/2021\t\t<\/time>\n\t\t\t\t\t\t\t<\/div>\n\n\t\t\t\t\t\t\t\t\t\t\t<div class=\"wd-post-share wd-tltp\">\n\t\t\t\t\t\t\t<div class=\"tooltip top\">\n\t\t\t\t\t\t\t\t<div class=\"tooltip-inner\">\n\t\t\t\t\t\t\t\t\t\t\t\t<div\n\t\t\t\t\t\tclass=\" wd-social-icons  wd-style-default wd-size-small social-share wd-shape-circle color-scheme-light text-center\">\n\t\t\t\t\n\t\t\t\t\n\t\t\t\t\t\t\t\t\t<a rel=\"noopener noreferrer nofollow\" href=\"https:\/\/www.facebook.com\/sharer\/sharer.php?u=https:\/\/desarrollocristiano.pe\/articulos-pastorales\/\" target=\"_blank\" class=\" wd-social-icon social-facebook\" aria-label=\"Facebook social link\">\n\t\t\t\t\t\t<span class=\"wd-icon\"><\/span>\n\t\t\t\t\t\t\t\t\t\t\t<\/a>\n\t\t\t\t\n\t\t\t\t\t\t\t\t\t<a rel=\"noopener noreferrer nofollow\" href=\"https:\/\/x.com\/share?url=https:\/\/desarrollocristiano.pe\/articulos-pastorales\/\" target=\"_blank\" class=\" wd-social-icon social-twitter\" aria-label=\"X social link\">\n\t\t\t\t\t\t<span class=\"wd-icon\"><\/span>\n\t\t\t\t\t\t\t\t\t\t\t<\/a>\n\t\t\t\t\n\t\t\t\t\n\t\t\t\t\t\t\t\t\t<a rel=\"noopener noreferrer nofollow\" href=\"mailto:?subject=Check%20this%20https:\/\/desarrollocristiano.pe\/articulos-pastorales\/\" target=\"_blank\" class=\" wd-social-icon social-email\" aria-label=\"Email social link\">\n\t\t\t\t\t\t<span class=\"wd-icon\"><\/span>\n\t\t\t\t\t\t\t\t\t\t\t<\/a>\n\t\t\t\t\n\t\t\t\t\n\t\t\t\t\n\t\t\t\t\n\t\t\t\t\t\t\t\t\t<a rel=\"noopener noreferrer nofollow\" href=\"https:\/\/pinterest.com\/pin\/create\/button\/?url=https:\/\/desarrollocristiano.pe\/articulos-pastorales\/&media=https:\/\/desarrollocristiano.pe\/wp-content\/uploads\/2021\/11\/Dios.jpg&description=Conoce+al+padre+perfecto+y+al+hijo+perfecto\" target=\"_blank\" class=\" wd-social-icon social-pinterest\" aria-label=\"Pinterest social link\">\n\t\t\t\t\t\t<span class=\"wd-icon\"><\/span>\n\t\t\t\t\t\t\t\t\t\t\t<\/a>\n\t\t\t\t\n\t\t\t\t\n\t\t\t\t\t\t\t\t\t<a rel=\"noopener noreferrer nofollow\" href=\"https:\/\/www.linkedin.com\/shareArticle?mini=true&url=https:\/\/desarrollocristiano.pe\/articulos-pastorales\/\" target=\"_blank\" class=\" wd-social-icon social-linkedin\" aria-label=\"Linkedin social link\">\n\t\t\t\t\t\t<span class=\"wd-icon\"><\/span>\n\t\t\t\t\t\t\t\t\t\t\t<\/a>\n\t\t\t\t\n\t\t\t\t\n\t\t\t\t\n\t\t\t\t\n\t\t\t\t\n\t\t\t\t\n\t\t\t\t\n\t\t\t\t\n\t\t\t\t\n\t\t\t\t\t\t\t\t\t<a rel=\"noopener noreferrer nofollow\" href=\"https:\/\/api.whatsapp.com\/send?text=https%3A%2F%2Fdesarrollocristiano.pe%2Farticulos-pastorales%2F\" target=\"_blank\" class=\"wd-hide-md  wd-social-icon social-whatsapp\" aria-label=\"WhatsApp social link\">\n\t\t\t\t\t\t<span class=\"wd-icon\"><\/span>\n\t\t\t\t\t\t\t\t\t\t\t<\/a>\n\n\t\t\t\t\t<a rel=\"noopener noreferrer nofollow\" href=\"whatsapp:\/\/send?text=https%3A%2F%2Fdesarrollocristiano.pe%2Farticulos-pastorales%2F\" target=\"_blank\" class=\"wd-hide-lg  wd-social-icon social-whatsapp\" aria-label=\"WhatsApp social link\">\n\t\t\t\t\t\t<span class=\"wd-icon\"><\/span>\n\t\t\t\t\t\t\t\t\t\t\t<\/a>\n\t\t\t\t\n\t\t\t\t\n\t\t\t\t\n\t\t\t\t\n\t\t\t\t\n\t\t\t\t\n\t\t\t\t\t\t\t\t\t<a rel=\"noopener noreferrer nofollow\" href=\"https:\/\/telegram.me\/share\/url?url=https:\/\/desarrollocristiano.pe\/articulos-pastorales\/\" target=\"_blank\" class=\" wd-social-icon social-tg\" aria-label=\"Telegram social link\">\n\t\t\t\t\t\t<span class=\"wd-icon\"><\/span>\n\t\t\t\t\t\t\t\t\t\t\t<\/a>\n\t\t\t\t\n\t\t\t\t\n\t\t\t<\/div>\n\n\t\t\t\t\t\t\t\t\t\t<\/div>\n\t\t\t\t\t\t\t\t<div class=\"tooltip-arrow\"><\/div>\n\t\t\t\t\t\t\t<\/div>\n\t\t\t\t\t\t<\/div>\n\t\t\t\t\t\n\t\t\t\t\t\t\t\t\t\t\t\t\t\t\t\t\t<div class=\"wd-post-reply wd-style-1\">\n\t\t\t\t\t\t\t<a href=\"https:\/\/desarrollocristiano.pe\/conoce-al-padre-perfecto-y-al-hijo-perfecto\/#respond\"><span class=\"wd-replies-count\">0<\/span><\/a>\t\t\t\t\t\t<\/div>\n\t\t\t\t\t\t\t\t\t<\/div>\n\t\t\t\n\t\t\t\t\t\t\t\t\t\t\t\t<div class=\"wd-post-excerpt entry-content\">\n\t\t\t\t\t\t<div class=\"wpb-content-wrapper\"><div class=\"vc_row wpb_row vc_row-fluid\"><div class=\"wpb_column vc_column_container vc_col-sm-12\"><div class=\"vc_column-inner\"><div class=\"wpb_wrapper\">\n\t<div class=\"wpb_text_column wpb_content_element texto_parrafo text-larger\" >\n\t\t<div class=\"wpb_wrapper\">\n\t\t\t<p>Por: <a class=\"fn\" href=\"http:\/\/www.nancyguthrie.com\/\">NANCY GUTHRIE<\/a><br \/>\nFuente: <a href=\"https:\/\/www.coalicionporelevangelio.org\/articulo\/conoce-al-padre-perfecto-y-al-hijo-perfecto\/\" target=\"_blank\" rel=\"noopener noreferrer\">Coalici\u00f3n por el Evangelio<\/a><\/p>\n<p>Solamente dos personas ten\u00edan el potencial de ser padres perfectos. Creados a imagen de Dios, se les dio el gran encargo de \u201cfructificar y multiplicarse, llenar la tierra y se\u00f1orearla\u201d. Deb\u00edan criar hijos que llevaran la misma imagen, viviendo en gozosa obediencia a Dios. Al crecer su familia, tambi\u00e9n los l\u00edmites del Ed\u00e9n. Toda la tierra se convertir\u00eda en un jard\u00edn lleno de descendencia que reflejar\u00eda\u00a0la gloria divina.<\/p>\n<p>Pero Ad\u00e1n y Eva fallaron en ser aquello para lo que fueron creados. Su desobediencia les llev\u00f3 a la realidad del dolor de la maternidad \u2013el dolor de los pecadores dando a luz a pecadores.<\/p>\n<p>Ad\u00e1n y Eva no fueron solamente los primeros padres en la humanidad; fueron los primeros en experimentar el criar hijos en la misma casa y que cada uno resultara diferente. Fueron los primeros en medio de disputas por la rivalidad entre hermanos. Fueron los primeros en experimentar luto. Seguramente fueron los primeros en preguntarse qu\u00e9 podr\u00edan haber hecho diferente para que las cosas no hubieran resultado tan terriblemente mal.<\/p>\n<p>Pero ciertamente no fueron los \u00faltimos.<\/p>\n<h3 style=\"background: white; box-sizing: border-box; margin: 0cm 0cm 19.5pt 0cm;\"><span style=\"font-size: 24.0pt; line-height: 107%; font-family: 'Arial',sans-serif; color: #272727;\">Incontables padres imperfectos<\/span><\/h3>\n<p>Al multiplicarse la gente, la maldad se multiplic\u00f3. Entonces Dios comenz\u00f3 de nuevo con No\u00e9 y sus hijos. No\u00e9 y su esposa dieron a sus hijos escuela en casa en la seguridad del arca; y cuando salieron, no exist\u00eda ninguna cultura que los descarriara. Cam se convirti\u00f3 en el padre de los Cananeos, mientras que los descendientes de Sem incluyeron a Abraham.<\/p>\n<p>Al rastrear la historia desde Abraham\u00a0\u2014quien fue padre de Ismael e Isaac\u2014,\u00a0a trav\u00e9s de Isaac\u00a0\u2014que engendr\u00f3 a Esa\u00fa y Jacob\u2014, y luego a trav\u00e9s de Jacob\u00a0quien tuvo 12 hijos (algunos de los cuales hicieron cosas despreciables que desear\u00edamos que no se mencionaran en la Biblia) vemos ni\u00f1os criados en el mismo hogar tomar decisiones diferentes y seguir caminos diferentes. Para cuando llegamos al final del Antiguo Testamento, hemos le\u00eddo las fallas paternas de Aar\u00f3n el sumo sacerdote, Samuel el gran juez, y David el rey ungido. Nos preguntamos \u00bfRealmente esta es la familia que Dios planea usar para bendecir a todas las familias sobre la tierra (<a style=\"box-sizing: border-box; outline: none; transition: all 0.3s cubic-bezier(0.19, 1, 0.22, 1) 50ms; backface-visibility: hidden;\" href=\"https:\/\/biblia.com\/bible\/nblh\/G%C3%A9n%2012.3?culture=es\" target=\"_blank\" rel=\"noopener\" data-reference=\"G\u00e9n 12.3\" data-version=\"nblh\" data-purpose=\"bible-reference\"><span style=\"color: #272727;\">G\u00e9nesis 12:3<\/span><\/a>)?<\/p>\n<h3 style=\"background: white; box-sizing: border-box; margin: 0cm 0cm 19.5pt 0cm;\"><span style=\"font-size: 24.0pt; line-height: 107%; font-family: 'Arial',sans-serif; color: #272727;\">Un padre perfecto<\/span><\/h3>\n<p>Mientras que el Antiguo Testamento nos habla\u00a0de muchos padres imperfectos, tambi\u00e9n narra el historia de un Padre perfecto \u2013un Padre perfecto que tiene hijos rebeldes. Ad\u00e1n y Eva creyeron la mentira de la serpiente de que Dios les hab\u00eda negado algo bueno. Ellos se rebelaron y fueron forzados a dejar el amoroso hogar que \u00c9l hab\u00eda preparado para ellos en el Ed\u00e9n.<\/p>\n<p>Luego Dios tuvo otro hijo, la naci\u00f3n de Israel. Les sac\u00f3 de esclavitud y les dio su amorosa ley para que pudieran vivir como su posesi\u00f3n valiosa en el hogar que \u00c9l les hab\u00eda provisto en Cana\u00e1n. Pero ellos tambi\u00e9n se negaron a obedecer. Como un padre que con anhelo rememora lo que pudo haber sido, a trav\u00e9s del profeta Oseas, escuchamos al Se\u00f1or hablar de su amor por su hijo:<\/p>\n<p>Cuando Israel era ni\u00f1o, yo lo am\u00e9,<br style=\"box-sizing: border-box;\" \/>y de Egipto llam\u00e9 a mi hijo.<br style=\"box-sizing: border-box;\" \/>Cuanto m\u00e1s los llamaban los profetas,<br style=\"box-sizing: border-box;\" \/>tanto m\u00e1s se alejaban de ellos;<br style=\"box-sizing: border-box;\" \/>segu\u00edan sacrificando a los Baales y<br style=\"box-sizing: border-box;\" \/>quemando incienso a los \u00eddolos.<\/p>\n<p>Sin embargo yo ense\u00f1\u00e9 a andar a Efra\u00edn,<br style=\"box-sizing: border-box;\" \/>yo lo llev\u00e9 en mis brazos;<br style=\"box-sizing: border-box;\" \/>pero ellos no comprendieron que yo los sanaba. (<a style=\"box-sizing: border-box; outline: none; transition: all 0.3s cubic-bezier(0.19, 1, 0.22, 1) 50ms; backface-visibility: hidden;\" href=\"https:\/\/biblia.com\/bible\/nblh\/Ose%2011.1-3?culture=es\" target=\"_blank\" rel=\"noopener\" data-reference=\"Ose 11.1-3\" data-version=\"nblh\" data-purpose=\"bible-reference\"><span style=\"color: #272727;\">Oseas 11:1-3<\/span><\/a>)<\/p>\n<p>Como un padre con el coraz\u00f3n roto, el Se\u00f1or habla a trav\u00e9s de su profeta: \u201cHijos cri\u00e9 y los hice crecer; mas ellos se han rebelado contra m\u00ed\u2026 mi pueblo no conoce no tiene entendimiento de mi cuidado de ellos\u2026 generaci\u00f3n de malvados, hijos corrompidos han abandonado al SE\u00d1OR\u201d (<a style=\"box-sizing: border-box; outline: none; transition: all 0.3s cubic-bezier(0.19, 1, 0.22, 1) 50ms; backface-visibility: hidden;\" href=\"https:\/\/biblia.com\/bible\/nblh\/Isa%201.2-4?culture=es\" target=\"_blank\" rel=\"noopener\" data-reference=\"Isa 1.2-4\" data-version=\"nblh\" data-purpose=\"bible-reference\"><span style=\"color: #272727;\">Isa\u00edas 1:2-4<\/span><\/a>).<\/p>\n<p>Ad\u00e1n y Eva habitaron un ambiente perfecto.\u00a0<em style=\"box-sizing: border-box;\"><span style=\"font-family: 'Charter',serif;\">Pero a\u00fan el hogar m\u00e1s ideal no protege a los hijos de la atracci\u00f3n a la maldad.<\/span><\/em><\/p>\n<p>Ad\u00e1n y Eva sab\u00edan lo que suceder\u00eda si com\u00edan del \u00e1rbol del conocimiento del bien y del mal.\u00a0<em style=\"box-sizing: border-box;\"><span style=\"font-family: 'Charter',serif;\">O\u00edr las advertencias de Dios no asegura que los hijos har\u00e1n caso.<\/span><\/em><\/p>\n<p>Ad\u00e1n y Eva estaban desnudos y sin avergonzarse uno frente al otro y delante de Dios.\u00a0<em style=\"box-sizing: border-box;\"><span style=\"font-family: 'Charter',serif;\">Las relaciones de intimidad, saludables, no garantizan que los hijos no se alejar\u00e1n del amor paterno.<\/span><\/em>&lt;<\/p>\n<p>El Padre de Israel les dio su buena ley.\u00a0<em style=\"box-sizing: border-box;\"><span style=\"font-family: 'Charter',serif;\">Tener la palabra de Dios comunicada claramente\u00a0no le da a un hijo el poder para obedecerla.<\/span><\/em><\/p>\n<p>El Padre de Israel les dio un hogar y una tierra de abundancia y seguridad.<em style=\"box-sizing: border-box;\"><span style=\"font-family: 'Charter',serif;\">\u00a0La provisi\u00f3n generosa no siempre inspira a una devoci\u00f3n agradecida.<\/span><\/em><\/p>\n<p>Ad\u00e1n y Eva fallaron en obedecer la palabra que Dios les hab\u00eda hablado. Israel fallo en obedecer la palabra de Dios escrita para ellos. Cada uno desperdici\u00f3 la bendici\u00f3n y oportunidad. Cada uno subestim\u00f3 la gracia que se les otorgaba.<\/p>\n<p>Y en ocasiones nuestros hijos hacen lo mismo. La responsabilidad por fallar en prestar atenci\u00f3n a lo que fue dicho, dado y prometido pertenec\u00eda a Ad\u00e1n y Eva y a Israel, no a Aqu\u00e9l que habl\u00f3 y dio y prometi\u00f3.<\/p>\n<p>Mam\u00e1 y pap\u00e1, no asuman que es un fracaso de su parte\u00a0el que su hijo no se haya arraigado a aquello que se le ha extendido en Cristo.<\/p>\n<h3 style=\"background: white; box-sizing: border-box; margin: 0cm 0cm 19.5pt 0cm;\"><span style=\"font-size: 24.0pt; line-height: 107%; font-family: 'Arial',sans-serif; color: #272727;\">Un hijo perfecto<\/span><\/h3>\n<p>Al final del Antiguo Testamento, es obvio que era necesario otro Hijo \u2014un hijo que desplegara la imagen de su Padre y cumpliera el prop\u00f3sito del Padre. Finalmente lleg\u00f3 el d\u00eda cuando un \u00e1ngel le dijo a Mar\u00eda que iba a tener un hijo que ser\u00eda \u201cSanto, y ser\u00e1 llamado el Hijo de Dios\u201d.<\/p>\n<p>Desde temprana edad, Jes\u00fas comprendi\u00f3 su condici\u00f3n y prop\u00f3sito \u00fanicos como Hijo de Dios. Cuando, a la edad de 12, sus padres lo encontrar en la sinagoga , \u201c\u00c9l les dijo: \u2018\u00bfPor qu\u00e9 me buscaban? \u00bfAcaso no sab\u00edan que me era necesario estar en la casa\u00a0de mi Padre?\u2019\u00a0(<a style=\"box-sizing: border-box; outline: none; transition: all 0.3s cubic-bezier(0.19, 1, 0.22, 1) 50ms; backface-visibility: hidden;\" href=\"https:\/\/biblia.com\/bible\/nblh\/Luc%202.49?culture=es\" target=\"_blank\" rel=\"noopener\" data-reference=\"Luc 2.49\" data-version=\"nblh\" data-purpose=\"bible-reference\"><span style=\"color: #272727;\">Lucas\u00a02:49<\/span><\/a>).<\/p>\n<p>Jes\u00fas personific\u00f3 todo lo que Israel estaba destinado a ser. \u00c9l era todo lo que Dios quer\u00eda en un Hijo. En su obediencia perfecta, \u00c9l hizo aquello en lo que Ad\u00e1n fall\u00f3, e Israel nunca pudo hacer.<\/p>\n<h3 style=\"background: white; box-sizing: border-box; margin: 0cm 0cm 19.5pt 0cm;\"><span style=\"font-size: 24.0pt; line-height: 107%; font-family: 'Arial',sans-serif; color: #272727;\">El refugio de los padres imperfectos<\/span><\/h3>\n<p>\u00bfQu\u00e9 significa esto para padres como nosotros? Significa que encontramos compa\u00f1erismo con nuestro Padre en los cielos. \u00c9l conoce el gran gozo de tener un hijo que es todo lo que \u00c9l siempre quiso \u2013uno que obedece perfectamente, ama sacrificialmente y lo refleja gloriosamente.<\/p>\n<p>Pero Dios tambi\u00e9n sabe el gran dolor de tener hijos que se niegan a obedecer, que fracasan en amar, y que est\u00e1n destituidos de su gloria. \u00c9l no apunta su dedo hacia los padres o hijo que luchan. \u00c9l se acerca. \u00c9l es un refugio seguro cuando la crianza se vuelve y permanece dif\u00edcil. \u00c9l comprende.<\/p>\n<p>Como padres, encontramos esperanza en el Hijo, creyendo que su r\u00e9cord de perfecci\u00f3n cubrir\u00e1 todas nuestras imperfecciones. En \u00c9l experimentamos una abundancia de gracia que se derrama sobre nuestros hijos. Al morar en \u00c9l, nos vamos conformando cada vez m\u00e1s a su imagen, de manera que podamos pastorear a nuestros hijos como nosotros somos pastoreados por \u00c9l. Y debido a que sabemos que todo el juicio que merecemos fue cumplido en \u00c9l, podemos ser honestos en nuestras fallas como padres, confiados en que no hay condenaci\u00f3n para aquellos escondidos en Cristo.<\/p>\n<p>Como padres, no tenemos el poder para crear vida espiritual en nuestros hijos. Pero el Esp\u00edritu s\u00ed lo tiene.<\/p>\n<p>Con frecuencia no tenemos la voluntad o las palabras para orar por nuestros hijos. Pero el Esp\u00edritu s\u00ed lo hace. \u00c9l ora por nosotros y por ellos con gemidos indecibles.<\/p>\n<p>La traves\u00eda de los padres dura toda una vida, y no se trata de hacer todo correctamente. En lugar de eso, trata de una dependencia en la gracia del \u00danico que ha ejercido la paternidad perfectamente.<\/p>\n\n\t\t<\/div>\n\t<\/div>\n<\/div><\/div><\/div><\/div><div class=\"vc_row wpb_row vc_row-fluid vc_custom_1615074577655 vc_row-has-fill\"><div class=\"wpb_column vc_column_container vc_col-sm-12\"><div class=\"vc_column-inner\"><div class=\"wpb_wrapper\">\t\t\t<div class=\"info-box-wrapper inline-element\">\n\t\t\t\t<div id=\"wd-61a2e45accfdb\" class=\" wd-rs-61a2e45accfdb wd-info-box wd-wpb text-left box-icon-align-left box-style- color-scheme- wd-bg-none wd-items-top \">\n\t\t\t\t\t\t\t\t\t\t<div class=\"info-box-content\">\n\t\t\t\t\t\t<h4 class=\"info-box-title title box-title-style-default wd-fontsize-m\">Sobre la autora<\/h4>\t\t\t\t\t\t<div class=\"info-box-inner reset-last-child\"><p><strong>\u200bNancy Guthrie<\/strong>, vive en Nashville, Tennessee, con su marido David, y su hijo Matt. Ella y David son los co-anfitriones de la serie de v\u00eddeos\u00a0<em>GriefShare<\/em>\u00a0utilizados en m\u00e1s de 8500 iglesias en todo el pa\u00eds y anfitriones de\u00a0<em><a title=\"\" href=\"http:\/\/www.nancyguthrie.com\/retreats\/\">Respite Retreats<\/a>,<\/em>\u00a0retiros para parejas que han experimentado la muerte de un hijo. Nancy es la autora de numerosos libros, entre ellos\u00a0<i><a title=\"\" href=\"https:\/\/www.amazon.com\/Holding-Hope-Pathway-through-Suffering\/dp\/1414312962\/?tag=thegospcoal-20\">Aferr\u00e1ndose a la Esperanza<\/a><\/i>\u00a0y\u00a0<a title=\"\" href=\"https:\/\/www.amazon.com\/Hearing-Jesus-Speak-into-Sorrow\/dp\/1414325487\/?tag=thegospcoal-20\"><i>Escuchando a Jes\u00fas Hablar a su Dolor<\/i><\/a>\u00a0y\u00a0<a title=\"\" href=\"http:\/\/seeingjesusintheoldtestament.com\/\"><i>Viendo a Jes\u00fas en el Antiguo Testamento<\/i><\/a>. Puedes leer m\u00e1s de sus escritos en su\u00a0<a href=\"http:\/\/www.nancyguthrie.com\/\">sitio web<\/a>.<\/p>\n<\/div>\n\n\t\t\t\t\t\t\t\t\t\t\t<\/div>\n\n\t\t\t\t\t\n\t\t\t\t\t<style>#wd-61a2e45accfdb .info-box-icon {background-color:  !important;}<\/style>\t\t\t\t<\/div>\n\t\t\t<\/div>\n\t\t<\/div><\/div><\/div><\/div>\n<\/div>\t\t\t\t\t<\/div>\n\t\t\t\t\n\t\t\t\t\t\t\t\t\t<\/div>\n\t<\/div>\n<\/article>\n\n\t\t\t\t\t\t\t\t\t\t\t\n<article id=\"post-59811\" class=\"wd-post blog-design-chess blog-post-loop blog-design-small-images blog-style-bg wd-add-shadow wd-col post-59811 post type-post status-publish format-standard has-post-thumbnail hentry category-paternidad\">\n\t<div class=\"wd-post-inner article-inner\">\n\t\t\t\t\t<div class=\"wd-post-thumb entry-header\">\n\t\t\t\t\t\t\t\t\t<div class=\"wd-post-img post-img-wrapp\">\n\t\t\t\t\t\t<img width=\"320\" height=\"160\" src=\"https:\/\/desarrollocristiano.pe\/wp-content\/uploads\/2021\/11\/familia-320x160.jpg\" class=\"attachment-large size-large\" alt=\"\" decoding=\"async\" loading=\"lazy\" srcset=\"https:\/\/desarrollocristiano.pe\/wp-content\/uploads\/2021\/11\/familia-320x160.jpg 320w, https:\/\/desarrollocristiano.pe\/wp-content\/uploads\/2021\/11\/familia-600x300.jpg 600w, https:\/\/desarrollocristiano.pe\/wp-content\/uploads\/2021\/11\/familia-150x75.jpg 150w, https:\/\/desarrollocristiano.pe\/wp-content\/uploads\/2021\/11\/familia-200x100.jpg 200w, https:\/\/desarrollocristiano.pe\/wp-content\/uploads\/2021\/11\/familia-400x200.jpg 400w, https:\/\/desarrollocristiano.pe\/wp-content\/uploads\/2021\/11\/familia.jpg 700w\" sizes=\"auto, (max-width: 320px) 100vw, 320px\" \/>\t\t\t\t\t<\/div>\n\t\t\t\t\t<a class=\"wd-fill\" href=\"https:\/\/desarrollocristiano.pe\/padres-no-necesitan-ser-geniales\/\"><\/a>\n\t\t\t\t\n\t\t\t\t\t\t\t\t\t\t\t\t<div class=\"wd-post-date wd-style-with-bg\">\n\t\t\t\t<span class=\"post-date-day\">\n\t\t\t\t\t27\t\t\t\t<\/span>\n\t\t\t\t<span class=\"post-date-month\">\n\t\t\t\t\tNov\t\t\t\t<\/span>\n\t\t\t<\/div>\n\t\t\t\t\t\t\t\t\t<\/div>\n\t\t\n\t\t<div class=\"wd-post-content article-body-container\">\n\t\t\t\t\t\t\t<div class=\"wd-post-cat wd-style-with-bg meta-post-categories\">\n\t\t\t\t\t<a href=\"https:\/\/desarrollocristiano.pe\/categorias\/relaciones\/paternidad\/\" rel=\"category tag\">Paternidad<\/a>\t\t\t\t<\/div>\n\t\t\t\n\t\t\t\t\t\t\t<h3 class=\"wd-post-title wd-entities-title title post-title\">\n\t\t\t\t\t<a href=\"https:\/\/desarrollocristiano.pe\/padres-no-necesitan-ser-geniales\/\" rel=\"bookmark\">Padres, no necesitan ser \u00abgeniales\u00bb<\/a>\n\t\t\t\t<\/h3>\n\t\t\t\n\t\t\t\t\t\t\t<div class=\"wd-post-meta\">\n\t\t\t\t\t\t\t\t\t\t\t\t\t\t\t<div class=\"wd-post-author\">\n\t\t\t\t\t\t\t\t\t\t\t<span>Posteado por<\/span>\n\t\t\n\t\t\t\t\t<img alt='author-avatar' src='https:\/\/secure.gravatar.com\/avatar\/8f331515e2139e7ffacac78d5e21bc88ee625065cad5d063ef4da73b7cbcfc2d?s=18&#038;d=mm&#038;r=g' srcset='https:\/\/secure.gravatar.com\/avatar\/8f331515e2139e7ffacac78d5e21bc88ee625065cad5d063ef4da73b7cbcfc2d?s=36&#038;d=mm&#038;r=g 2x' class='avatar avatar-18 photo' height='18' width='18' loading='lazy' decoding='async'\/>\t\t\n\t\t\t\t\t<a href=\"https:\/\/desarrollocristiano.pe\/author\/aprnimda7720\/\" class=\"author\" rel=\"author\">Administrador<\/a>\n\t\t\t\t\t\t\t\t\t<\/div>\n\t\t\t\t\t<div class=\"wd-modified-date\">\n\t\t\t\t\t\t\t\t<time class=\"updated\" datetime=\"2022-05-31T15:35:23-05:00\">\n\t\t\t31\/05\/2022\t\t<\/time>\n\t\t\t\t\t\t\t<\/div>\n\n\t\t\t\t\t\t\t\t\t\t\t<div class=\"wd-post-share wd-tltp\">\n\t\t\t\t\t\t\t<div class=\"tooltip top\">\n\t\t\t\t\t\t\t\t<div class=\"tooltip-inner\">\n\t\t\t\t\t\t\t\t\t\t\t\t<div\n\t\t\t\t\t\tclass=\" wd-social-icons  wd-style-default wd-size-small social-share wd-shape-circle color-scheme-light text-center\">\n\t\t\t\t\n\t\t\t\t\n\t\t\t\t\t\t\t\t\t<a rel=\"noopener noreferrer nofollow\" href=\"https:\/\/www.facebook.com\/sharer\/sharer.php?u=https:\/\/desarrollocristiano.pe\/articulos-pastorales\/\" target=\"_blank\" class=\" wd-social-icon social-facebook\" aria-label=\"Facebook social link\">\n\t\t\t\t\t\t<span class=\"wd-icon\"><\/span>\n\t\t\t\t\t\t\t\t\t\t\t<\/a>\n\t\t\t\t\n\t\t\t\t\t\t\t\t\t<a rel=\"noopener noreferrer nofollow\" href=\"https:\/\/x.com\/share?url=https:\/\/desarrollocristiano.pe\/articulos-pastorales\/\" target=\"_blank\" class=\" wd-social-icon social-twitter\" aria-label=\"X social link\">\n\t\t\t\t\t\t<span class=\"wd-icon\"><\/span>\n\t\t\t\t\t\t\t\t\t\t\t<\/a>\n\t\t\t\t\n\t\t\t\t\n\t\t\t\t\t\t\t\t\t<a rel=\"noopener noreferrer nofollow\" href=\"mailto:?subject=Check%20this%20https:\/\/desarrollocristiano.pe\/articulos-pastorales\/\" target=\"_blank\" class=\" wd-social-icon social-email\" aria-label=\"Email social link\">\n\t\t\t\t\t\t<span class=\"wd-icon\"><\/span>\n\t\t\t\t\t\t\t\t\t\t\t<\/a>\n\t\t\t\t\n\t\t\t\t\n\t\t\t\t\n\t\t\t\t\n\t\t\t\t\t\t\t\t\t<a rel=\"noopener noreferrer nofollow\" href=\"https:\/\/pinterest.com\/pin\/create\/button\/?url=https:\/\/desarrollocristiano.pe\/articulos-pastorales\/&media=https:\/\/desarrollocristiano.pe\/wp-content\/uploads\/2021\/11\/familia.jpg&description=Padres%2C+no+necesitan+ser+%C2%ABgeniales%C2%BB\" target=\"_blank\" class=\" wd-social-icon social-pinterest\" aria-label=\"Pinterest social link\">\n\t\t\t\t\t\t<span class=\"wd-icon\"><\/span>\n\t\t\t\t\t\t\t\t\t\t\t<\/a>\n\t\t\t\t\n\t\t\t\t\n\t\t\t\t\t\t\t\t\t<a rel=\"noopener noreferrer nofollow\" href=\"https:\/\/www.linkedin.com\/shareArticle?mini=true&url=https:\/\/desarrollocristiano.pe\/articulos-pastorales\/\" target=\"_blank\" class=\" wd-social-icon social-linkedin\" aria-label=\"Linkedin social link\">\n\t\t\t\t\t\t<span class=\"wd-icon\"><\/span>\n\t\t\t\t\t\t\t\t\t\t\t<\/a>\n\t\t\t\t\n\t\t\t\t\n\t\t\t\t\n\t\t\t\t\n\t\t\t\t\n\t\t\t\t\n\t\t\t\t\n\t\t\t\t\n\t\t\t\t\n\t\t\t\t\t\t\t\t\t<a rel=\"noopener noreferrer nofollow\" href=\"https:\/\/api.whatsapp.com\/send?text=https%3A%2F%2Fdesarrollocristiano.pe%2Farticulos-pastorales%2F\" target=\"_blank\" class=\"wd-hide-md  wd-social-icon social-whatsapp\" aria-label=\"WhatsApp social link\">\n\t\t\t\t\t\t<span class=\"wd-icon\"><\/span>\n\t\t\t\t\t\t\t\t\t\t\t<\/a>\n\n\t\t\t\t\t<a rel=\"noopener noreferrer nofollow\" href=\"whatsapp:\/\/send?text=https%3A%2F%2Fdesarrollocristiano.pe%2Farticulos-pastorales%2F\" target=\"_blank\" class=\"wd-hide-lg  wd-social-icon social-whatsapp\" aria-label=\"WhatsApp social link\">\n\t\t\t\t\t\t<span class=\"wd-icon\"><\/span>\n\t\t\t\t\t\t\t\t\t\t\t<\/a>\n\t\t\t\t\n\t\t\t\t\n\t\t\t\t\n\t\t\t\t\n\t\t\t\t\n\t\t\t\t\n\t\t\t\t\t\t\t\t\t<a rel=\"noopener noreferrer nofollow\" href=\"https:\/\/telegram.me\/share\/url?url=https:\/\/desarrollocristiano.pe\/articulos-pastorales\/\" target=\"_blank\" class=\" wd-social-icon social-tg\" aria-label=\"Telegram social link\">\n\t\t\t\t\t\t<span class=\"wd-icon\"><\/span>\n\t\t\t\t\t\t\t\t\t\t\t<\/a>\n\t\t\t\t\n\t\t\t\t\n\t\t\t<\/div>\n\n\t\t\t\t\t\t\t\t\t\t<\/div>\n\t\t\t\t\t\t\t\t<div class=\"tooltip-arrow\"><\/div>\n\t\t\t\t\t\t\t<\/div>\n\t\t\t\t\t\t<\/div>\n\t\t\t\t\t\n\t\t\t\t\t\t\t\t\t\t\t\t\t\t\t\t\t<div class=\"wd-post-reply wd-style-1\">\n\t\t\t\t\t\t\t<a href=\"https:\/\/desarrollocristiano.pe\/padres-no-necesitan-ser-geniales\/#respond\"><span class=\"wd-replies-count\">0<\/span><\/a>\t\t\t\t\t\t<\/div>\n\t\t\t\t\t\t\t\t\t<\/div>\n\t\t\t\n\t\t\t\t\t\t\t\t\t\t\t\t<div class=\"wd-post-excerpt entry-content\">\n\t\t\t\t\t\t<div class=\"wpb-content-wrapper\"><div class=\"vc_row wpb_row vc_row-fluid\"><div class=\"wpb_column vc_column_container vc_col-sm-12\"><div class=\"vc_column-inner\"><div class=\"wpb_wrapper\">\n\t<div class=\"wpb_text_column wpb_content_element texto_parrafo text-larger\" >\n\t\t<div class=\"wpb_wrapper\">\n\t\t\t<p>Por: <a href=\"https:\/\/www.facebook.com\/ToShowThemJesus\">Christina Fox<\/a><br \/>\nFuente: <a href=\"https:\/\/www.coalicionporelevangelio.org\/articulo\/padres-no-necesitan-ser-geniales\/\">Coalici\u00f3n por el Evangelio<\/a><\/p>\n<p>\u00abMam\u00e1 no es genial\u00bb.<\/p>\n<p>Uno de mis hijos hizo este comentario mientras est\u00e1bamos reunidos una noche alrededor de la mesa. Inmediatamente me sent\u00ed obligada a demostrar lo contrario y proced\u00ed a compartir historias \u00abgeniales\u00bb de mi vida. Le dije: \u00ab\u00bfTe he contado la vez que\u2026?\u00bb y \u00e9l me miraba sin impresionarse y se encog\u00eda de hombros. El resto de la familia se re\u00eda de mis esfuerzos por elevarme a los ojos de mi hijo.<\/p>\n<p>Pronto se me acabaron las historias y me sent\u00ed desinflada, condenada a llevar el t\u00edtulo de \u00abmam\u00e1 no genial\u00bb.<\/p>\n<p>Lo que olvid\u00e9 en ese momento fue que mi labor como madre no es ser \u00abgenial\u00bb a los ojos de mis hijos. Mi labor no es brillar con luz propia ni mucho menos. M\u00e1s bien, mi labor es dirigir a mis hijos hacia otra persona: Dios.<\/p>\n<h3><b>Reflejando a Dios ante nuestros hijos<\/b><\/h3>\n<p>Como seres creados, fuimos hechos para reflejar la imagen de Aquel que nos hizo. \u00abDios cre\u00f3 al hombre a imagen Suya, a imagen de Dios lo cre\u00f3; var\u00f3n y hembra los cre\u00f3\u00bb (<a class=\"rtBibleRef\" href=\"https:\/\/biblia.com\/bible\/nblh\/G%C3%A9n%201.27?culture=es\" target=\"_blank\" rel=\"noopener\" data-reference=\"G\u00e9n 1.27\" data-version=\"nblh\" data-purpose=\"bible-reference\">Gn 1:27<\/a>). As\u00ed como la luna no tiene luz propia, sino que refleja la luz del sol, nosotros reflejamos la imagen de Dios al mundo que nos rodea. Lo representamos en este mundo, mostrando a los dem\u00e1s qui\u00e9n es \u00c9l mientras hacemos lo que \u00c9l hace.<\/p>\n<p>Reflejamos la imagen de Dios cuando inventamos creativamente nuevas formas de hacer las cosas o producimos una obra maestra art\u00edstica. Lo reflejamos cuando descansamos de nuestras labores cada semana, as\u00ed como Dios descans\u00f3 en el s\u00e9ptimo d\u00eda de la creaci\u00f3n. Mostramos a los dem\u00e1s qui\u00e9n es Dios cuando somos pacientes, amables y generosos. En todos los \u00e1mbitos de la vida, desde nuestro trabajo hasta nuestras relaciones, desde la manera en que utilizamos nuestro tiempo hasta la forma en que respondemos a los dem\u00e1s, desde nuestras palabras hasta nuestra adoraci\u00f3n, se\u00f1alamos a los dem\u00e1s a Dios en la forma en que vivimos nuestras vidas.<\/p>\n<p>Como padres, somos la imagen de nuestro Padre en el cielo cuando formamos a nuestros hijos como Dios nos forma a nosotros.<\/p>\n<p>La Biblia nos dice que Dios es nuestro Padre. A trav\u00e9s de la justificaci\u00f3n por la fe en Cristo Jes\u00fas, entramos en relaci\u00f3n con Dios Padre. \u00c9l nos adopta como Suyos. Jes\u00fas es nuestro hermano mayor y somos coherederos con \u00c9l. Como nuestro Padre, Dios provee a nuestras necesidades. Nos instruye, entrena y disciplina. Nos ama y nos sustenta.<\/p>\n<p>T\u00f3mate un momento para considerar las formas en que Dios ejerce su paternidad sobre ti. Como tu Padre, te ense\u00f1a lo que significa ser Su hijo. Seguramente te ha repetido las mismas lecciones una y otra vez con paciencia y gracia. Te consuela en tus miedos. Cuando te desv\u00edas hacia el pecado, te disciplina y te muestra el camino de vuelta a la senda estrecha de la vida.<\/p>\n<h3><b>4 maneras en que podemos reflejar a Dios en la crianza de los hijos<\/b><\/h3>\n<p>Cuando criamos a nuestros hijos como Dios nos cr\u00eda a nosotros, les presentamos qui\u00e9n es Dios. \u00a1Qu\u00e9 glorioso privilegio! Padres, podemos ser los primeros en presentar a nuestros hijos al Dios que los ama. Considera cuatro maneras de hacerlo.<\/p>\n<h4><b>1. Consistencia<\/b><\/h4>\n<p>Nuestro Dios es un Dios consistente. Nunca cambia; es el mismo ayer, hoy y siempre. Cumple lo que dice. Sabemos lo que podemos esperar de \u00c9l. Como padres, cuando nos esforzamos por ser consistentes con nuestros hijos, les reflejamos el car\u00e1cter de Dios. Podemos ser consistentes en nuestras rutinas diarias, en las expectativas que establecemos y en nuestras respuestas a nuestros hijos. Cuanto m\u00e1s sepan nuestros hijos qu\u00e9 esperar de nosotros, m\u00e1s les mostraremos al Padre.<\/p>\n<h4><b>2. Formaci\u00f3n<\/b><\/h4>\n<p>Nuestro Padre nos ense\u00f1a y nos forma en el camino de la justicia. Nos dice c\u00f3mo vivir para \u00c9l en este mundo. Nos muestra el camino de la sabidur\u00eda y nos advierte del camino de la insensatez. Cuando formamos a nuestros hijos en la Palabra de Dios, cuando nos tomamos el tiempo de ense\u00f1arles a amar a Dios y a los dem\u00e1s, reflejamos al Padre ante ellos. Cuando les ense\u00f1amos lo que est\u00e1 bien y lo que est\u00e1 mal, y lo que es verdadero y falso, les mostramos qui\u00e9n es Dios.<\/p>\n<h4><b>3. Disciplina<\/b><\/h4>\n<p>Si somos de los que conf\u00edan en Cristo para la salvaci\u00f3n, Jes\u00fas tom\u00f3 nuestro castigo por el pecado en la cruz cuando llev\u00f3 la ira de Dios. Cuando pecamos, Dios no nos castiga, pues derram\u00f3 su ira sobre Cristo, pero s\u00ed nos disciplina. Nos corrige. Nos muestra nuestro pecado y nos llama al arrepentimiento. Nos da consecuencias para que odiemos el pecado y amemos la justicia. Del mismo modo, cuando disciplinamos a nuestros hijos por sus malas acciones, cuando establecemos l\u00edmites y cumplimos con las consecuencias, se\u00f1alamos a nuestros hijos su necesidad del evangelio de la gracia.<\/p>\n<h4><b>4. Paciencia<\/b><\/h4>\n<p>Nuestro Dios es paciente con nosotros. Tropezamos con el pecado y nos perdona una y otra vez. Aunque nos olvidamos r\u00e1pidamente de qui\u00e9n es y de lo que ha hecho, y respondemos a los problemas con preocupaci\u00f3n y miedo, Dios nos recuerda pacientemente su bondad y fidelidad. Representamos a Dios ante nuestros hijos cuando somos pacientes con su inmadurez. Reflejamos a Dios ante ellos cuando les recordamos las reglas y las consecuencias por romperlas. Se\u00f1alamos a nuestros hijos a su Padre celestial cuando les respondemos con paciencia en lugar de irritaci\u00f3n o frustraci\u00f3n.<\/p>\n<p>De todas estas maneras y m\u00e1s, mostramos a nuestros hijos qui\u00e9n es Dios.<\/p>\n<p>Mi hijo ten\u00eda raz\u00f3n: no soy una madre genial. Ahora estoy bien con eso. Lo que m\u00e1s importa es que yo refleje a Dios ante mis hijos. Nuestros hijos no necesitan padres con una imagen \u00abgenial\u00bb. Necesitan padres que reflejen la imagen de Dios.<\/p>\n<hr \/>\n<h6>Publicado originalmente en <a href=\"https:\/\/www.thegospelcoalition.org\/article\/parents-cool\/\"><i>The Gospel Coalition<\/i><\/a><i>. <\/i>Traducido por Equipo Coalici\u00f3n.<\/h6>\n\n\t\t<\/div>\n\t<\/div>\n<\/div><\/div><\/div><\/div><div class=\"vc_row wpb_row vc_row-fluid vc_custom_1615074577655 vc_row-has-fill\"><div class=\"wpb_column vc_column_container vc_col-sm-12\"><div class=\"vc_column-inner\"><div class=\"wpb_wrapper\">\t\t\t<div class=\"info-box-wrapper inline-element\">\n\t\t\t\t<div id=\"wd-62967b9bc37d7\" class=\" wd-rs-62967b9bc37d7 wd-info-box wd-wpb text-left box-icon-align-left box-style- color-scheme- wd-bg-none wd-items-top \">\n\t\t\t\t\t\t\t\t\t\t<div class=\"info-box-content\">\n\t\t\t\t\t\t<h4 class=\"info-box-title title box-title-style-default wd-fontsize-m\">Sobre la autora<\/h4>\t\t\t\t\t\t<div class=\"info-box-inner reset-last-child\"><p>\u200bChristina Fox es una consejera, escritora y madre, no necesariamente en ese orden. Vive con su esposo y sus dos hijos en el sur de la Florida. Puedes leer sobre su caminar en la fe en <a title=\"\" href=\"http:\/\/toshowthemjesus.com\/\">su blog<\/a> y en <a title=\"\" href=\"https:\/\/www.facebook.com\/ToShowThemJesus\">Facebook<\/a>.<\/p>\n<\/div>\n\n\t\t\t\t\t\t\t\t\t\t\t<\/div>\n\n\t\t\t\t\t\n\t\t\t\t\t<style>#wd-62967b9bc37d7 .info-box-icon {background-color:  !important;}<\/style>\t\t\t\t<\/div>\n\t\t\t<\/div>\n\t\t<\/div><\/div><\/div><\/div>\n<\/div>\t\t\t\t\t<\/div>\n\t\t\t\t\n\t\t\t\t\t\t\t\t\t<\/div>\n\t<\/div>\n<\/article>\n\n\t\t\t\t\t\t\t\t\t\t\t\n<article id=\"post-59807\" class=\"wd-post blog-design-chess blog-post-loop blog-design-small-images blog-style-bg wd-add-shadow wd-col post-59807 post type-post status-publish format-standard has-post-thumbnail hentry category-predicacion\">\n\t<div class=\"wd-post-inner article-inner\">\n\t\t\t\t\t<div class=\"wd-post-thumb entry-header\">\n\t\t\t\t\t\t\t\t\t<div class=\"wd-post-img post-img-wrapp\">\n\t\t\t\t\t\t<img width=\"320\" height=\"160\" src=\"https:\/\/desarrollocristiano.pe\/wp-content\/uploads\/2021\/11\/predicador-320x160.jpg\" class=\"attachment-large size-large\" alt=\"\" decoding=\"async\" loading=\"lazy\" srcset=\"https:\/\/desarrollocristiano.pe\/wp-content\/uploads\/2021\/11\/predicador-320x160.jpg 320w, https:\/\/desarrollocristiano.pe\/wp-content\/uploads\/2021\/11\/predicador-600x300.jpg 600w, https:\/\/desarrollocristiano.pe\/wp-content\/uploads\/2021\/11\/predicador-150x75.jpg 150w, https:\/\/desarrollocristiano.pe\/wp-content\/uploads\/2021\/11\/predicador-200x100.jpg 200w, https:\/\/desarrollocristiano.pe\/wp-content\/uploads\/2021\/11\/predicador-400x200.jpg 400w, https:\/\/desarrollocristiano.pe\/wp-content\/uploads\/2021\/11\/predicador.jpg 700w\" sizes=\"auto, (max-width: 320px) 100vw, 320px\" \/>\t\t\t\t\t<\/div>\n\t\t\t\t\t<a class=\"wd-fill\" href=\"https:\/\/desarrollocristiano.pe\/como-desarrollar-el-bosquejo-de-un-sermon\/\"><\/a>\n\t\t\t\t\n\t\t\t\t\t\t\t\t\t\t\t\t<div class=\"wd-post-date wd-style-with-bg\">\n\t\t\t\t<span class=\"post-date-day\">\n\t\t\t\t\t20\t\t\t\t<\/span>\n\t\t\t\t<span class=\"post-date-month\">\n\t\t\t\t\tNov\t\t\t\t<\/span>\n\t\t\t<\/div>\n\t\t\t\t\t\t\t\t\t<\/div>\n\t\t\n\t\t<div class=\"wd-post-content article-body-container\">\n\t\t\t\t\t\t\t<div class=\"wd-post-cat wd-style-with-bg meta-post-categories\">\n\t\t\t\t\t<a href=\"https:\/\/desarrollocristiano.pe\/categorias\/predicacion\/\" rel=\"category tag\">Predicaci\u00f3n<\/a>\t\t\t\t<\/div>\n\t\t\t\n\t\t\t\t\t\t\t<h3 class=\"wd-post-title wd-entities-title title post-title\">\n\t\t\t\t\t<a href=\"https:\/\/desarrollocristiano.pe\/como-desarrollar-el-bosquejo-de-un-sermon\/\" rel=\"bookmark\">C\u00f3mo desarrollar el bosquejo de un serm\u00f3n<\/a>\n\t\t\t\t<\/h3>\n\t\t\t\n\t\t\t\t\t\t\t<div class=\"wd-post-meta\">\n\t\t\t\t\t\t\t\t\t\t\t\t\t\t\t<div class=\"wd-post-author\">\n\t\t\t\t\t\t\t\t\t\t\t<span>Posteado por<\/span>\n\t\t\n\t\t\t\t\t<img alt='author-avatar' src='https:\/\/secure.gravatar.com\/avatar\/8f331515e2139e7ffacac78d5e21bc88ee625065cad5d063ef4da73b7cbcfc2d?s=18&#038;d=mm&#038;r=g' srcset='https:\/\/secure.gravatar.com\/avatar\/8f331515e2139e7ffacac78d5e21bc88ee625065cad5d063ef4da73b7cbcfc2d?s=36&#038;d=mm&#038;r=g 2x' class='avatar avatar-18 photo' height='18' width='18' loading='lazy' decoding='async'\/>\t\t\n\t\t\t\t\t<a href=\"https:\/\/desarrollocristiano.pe\/author\/aprnimda7720\/\" class=\"author\" rel=\"author\">Administrador<\/a>\n\t\t\t\t\t\t\t\t\t<\/div>\n\t\t\t\t\t<div class=\"wd-modified-date\">\n\t\t\t\t\t\t\t\t<time class=\"updated\" datetime=\"2021-11-20T17:11:36-05:00\">\n\t\t\t20\/11\/2021\t\t<\/time>\n\t\t\t\t\t\t\t<\/div>\n\n\t\t\t\t\t\t\t\t\t\t\t<div class=\"wd-post-share wd-tltp\">\n\t\t\t\t\t\t\t<div class=\"tooltip top\">\n\t\t\t\t\t\t\t\t<div class=\"tooltip-inner\">\n\t\t\t\t\t\t\t\t\t\t\t\t<div\n\t\t\t\t\t\tclass=\" wd-social-icons  wd-style-default wd-size-small social-share wd-shape-circle color-scheme-light text-center\">\n\t\t\t\t\n\t\t\t\t\n\t\t\t\t\t\t\t\t\t<a rel=\"noopener noreferrer nofollow\" href=\"https:\/\/www.facebook.com\/sharer\/sharer.php?u=https:\/\/desarrollocristiano.pe\/articulos-pastorales\/\" target=\"_blank\" class=\" wd-social-icon social-facebook\" aria-label=\"Facebook social link\">\n\t\t\t\t\t\t<span class=\"wd-icon\"><\/span>\n\t\t\t\t\t\t\t\t\t\t\t<\/a>\n\t\t\t\t\n\t\t\t\t\t\t\t\t\t<a rel=\"noopener noreferrer nofollow\" href=\"https:\/\/x.com\/share?url=https:\/\/desarrollocristiano.pe\/articulos-pastorales\/\" target=\"_blank\" class=\" wd-social-icon social-twitter\" aria-label=\"X social link\">\n\t\t\t\t\t\t<span class=\"wd-icon\"><\/span>\n\t\t\t\t\t\t\t\t\t\t\t<\/a>\n\t\t\t\t\n\t\t\t\t\n\t\t\t\t\t\t\t\t\t<a rel=\"noopener noreferrer nofollow\" href=\"mailto:?subject=Check%20this%20https:\/\/desarrollocristiano.pe\/articulos-pastorales\/\" target=\"_blank\" class=\" wd-social-icon social-email\" aria-label=\"Email social link\">\n\t\t\t\t\t\t<span class=\"wd-icon\"><\/span>\n\t\t\t\t\t\t\t\t\t\t\t<\/a>\n\t\t\t\t\n\t\t\t\t\n\t\t\t\t\n\t\t\t\t\n\t\t\t\t\t\t\t\t\t<a rel=\"noopener noreferrer nofollow\" href=\"https:\/\/pinterest.com\/pin\/create\/button\/?url=https:\/\/desarrollocristiano.pe\/articulos-pastorales\/&media=https:\/\/desarrollocristiano.pe\/wp-content\/uploads\/2021\/11\/predicador.jpg&description=C%C3%B3mo+desarrollar+el+bosquejo+de+un+serm%C3%B3n\" target=\"_blank\" class=\" wd-social-icon social-pinterest\" aria-label=\"Pinterest social link\">\n\t\t\t\t\t\t<span class=\"wd-icon\"><\/span>\n\t\t\t\t\t\t\t\t\t\t\t<\/a>\n\t\t\t\t\n\t\t\t\t\n\t\t\t\t\t\t\t\t\t<a rel=\"noopener noreferrer nofollow\" href=\"https:\/\/www.linkedin.com\/shareArticle?mini=true&url=https:\/\/desarrollocristiano.pe\/articulos-pastorales\/\" target=\"_blank\" class=\" wd-social-icon social-linkedin\" aria-label=\"Linkedin social link\">\n\t\t\t\t\t\t<span class=\"wd-icon\"><\/span>\n\t\t\t\t\t\t\t\t\t\t\t<\/a>\n\t\t\t\t\n\t\t\t\t\n\t\t\t\t\n\t\t\t\t\n\t\t\t\t\n\t\t\t\t\n\t\t\t\t\n\t\t\t\t\n\t\t\t\t\n\t\t\t\t\t\t\t\t\t<a rel=\"noopener noreferrer nofollow\" href=\"https:\/\/api.whatsapp.com\/send?text=https%3A%2F%2Fdesarrollocristiano.pe%2Farticulos-pastorales%2F\" target=\"_blank\" class=\"wd-hide-md  wd-social-icon social-whatsapp\" aria-label=\"WhatsApp social link\">\n\t\t\t\t\t\t<span class=\"wd-icon\"><\/span>\n\t\t\t\t\t\t\t\t\t\t\t<\/a>\n\n\t\t\t\t\t<a rel=\"noopener noreferrer nofollow\" href=\"whatsapp:\/\/send?text=https%3A%2F%2Fdesarrollocristiano.pe%2Farticulos-pastorales%2F\" target=\"_blank\" class=\"wd-hide-lg  wd-social-icon social-whatsapp\" aria-label=\"WhatsApp social link\">\n\t\t\t\t\t\t<span class=\"wd-icon\"><\/span>\n\t\t\t\t\t\t\t\t\t\t\t<\/a>\n\t\t\t\t\n\t\t\t\t\n\t\t\t\t\n\t\t\t\t\n\t\t\t\t\n\t\t\t\t\n\t\t\t\t\t\t\t\t\t<a rel=\"noopener noreferrer nofollow\" href=\"https:\/\/telegram.me\/share\/url?url=https:\/\/desarrollocristiano.pe\/articulos-pastorales\/\" target=\"_blank\" class=\" wd-social-icon social-tg\" aria-label=\"Telegram social link\">\n\t\t\t\t\t\t<span class=\"wd-icon\"><\/span>\n\t\t\t\t\t\t\t\t\t\t\t<\/a>\n\t\t\t\t\n\t\t\t\t\n\t\t\t<\/div>\n\n\t\t\t\t\t\t\t\t\t\t<\/div>\n\t\t\t\t\t\t\t\t<div class=\"tooltip-arrow\"><\/div>\n\t\t\t\t\t\t\t<\/div>\n\t\t\t\t\t\t<\/div>\n\t\t\t\t\t\n\t\t\t\t\t\t\t\t\t\t\t\t\t\t\t\t\t<div class=\"wd-post-reply wd-style-1\">\n\t\t\t\t\t\t\t<a href=\"https:\/\/desarrollocristiano.pe\/como-desarrollar-el-bosquejo-de-un-sermon\/#respond\"><span class=\"wd-replies-count\">0<\/span><\/a>\t\t\t\t\t\t<\/div>\n\t\t\t\t\t\t\t\t\t<\/div>\n\t\t\t\n\t\t\t\t\t\t\t\t\t\t\t\t<div class=\"wd-post-excerpt entry-content\">\n\t\t\t\t\t\t<div class=\"wpb-content-wrapper\"><div class=\"vc_row wpb_row vc_row-fluid\"><div class=\"wpb_column vc_column_container vc_col-sm-12\"><div class=\"vc_column-inner\"><div class=\"wpb_wrapper\">\n\t<div class=\"wpb_text_column wpb_content_element texto_parrafo text-larger\" >\n\t\t<div class=\"wpb_wrapper\">\n\t\t\t<p>Por: <a class=\"fn\" href=\"https:\/\/twitter.com\/Joncolombia75\">JONATHAN BOYD<\/a><br \/>\nFuente: <a href=\"https:\/\/www.coalicionporelevangelio.org\/articulo\/como-desarrollar-el-bosquejo-de-un-sermon\/\" target=\"_blank\" rel=\"noopener noreferrer\">Coalici\u00f3n por el Evangelio<\/a><\/p>\n<p>Recuerdo algo que me pasaba cuando no ten\u00eda mucha experiencia en la predicaci\u00f3n. Estudiaba el pasaje profundamente y lograba escribir la idea central del serm\u00f3n con algunos encabezados s\u00f3lidos.<\/p>\n<p>Me sent\u00eda feliz con eso, pero despu\u00e9s me bloqueaba y me preguntaba:\u00a0<em>\u00bfQu\u00e9 hago ahora? \u00bfC\u00f3mo desarrollo este bosquejo?<\/em>\u00a0En ese entonces, escrib\u00eda en papel el serm\u00f3n y esos espacios blancos entre los encabezados me angustiaban.<\/p>\n<p>Gracias al Se\u00f1or, eso cambi\u00f3 cuando estudi\u00e9 con Elvin K. Mattison en el seminario\u00a0<em>Faith Baptist Theological Seminary<\/em>. \u00c9l ten\u00eda un doctorado en comunicaci\u00f3n y hab\u00eda estudiado la ret\u00f3rica por muchos a\u00f1os. Mattison nos ofreci\u00f3 un m\u00e9todo f\u00e1cil de aprender, presentado como\u00a0<em>el proceso ret\u00f3rico<\/em>, el cual sirve para ponerle \u201ccarne\u201d al bosquejo de cualquier serm\u00f3n expositivo.<\/p>\n<h3>Un poco de teor\u00eda<\/h3>\n<p>En su libro\u00a0<a href=\"https:\/\/www.amazon.com\/-\/es\/Arist%C3%B3teles-ebook\/dp\/B01H1WROH6\/ref=sr_1_1?__mk_es_US=%C3%85M%C3%85%C5%BD%C3%95%C3%91&amp;dchild=1&amp;keywords=la+retorica&amp;qid=1603309619&amp;sr=8-1?tag=thegospcoal-20\"><em>Ret\u00f3rica<\/em><\/a>, Arist\u00f3teles explica lo que es sentido com\u00fan sobre la comunicaci\u00f3n: la efectividad de cualquier discurso depende del car\u00e1cter del orador (<em>ethos<\/em>), la l\u00f3gica o el razonamiento de lo que se dice (<em>logos<\/em>), y de las emociones que sienten los oyentes al escuchar (<em>pathos<\/em>).<a href=\"https:\/\/www.coalicionporelevangelio.org\/articulo\/como-desarrollar-el-bosquejo-de-un-sermon\/#_ftn1\" name=\"_ftnref1\"><sup>[1]<\/sup><\/a><\/p>\n<p>El proceso ret\u00f3rico nos ayuda a tener un equilibrio entre los tres elementos que menciona Arist\u00f3teles. Nos permite mantener la atenci\u00f3n de la audiencia y llevar a cada oyente a la aplicaci\u00f3n de la Palabra de Dios para que sea un hacedor de ella (<a class=\"rtBibleRef\" href=\"https:\/\/biblia.com\/bible\/nblh\/Sant.%201.22?culture=es\" target=\"_blank\" rel=\"noopener\" data-reference=\"Sant. 1.22\" data-version=\"nblh\" data-purpose=\"bible-reference\">Stg. 1:22<\/a>).<\/p>\n<h3>Los pasos del proceso ret\u00f3rico<\/h3>\n<p>Ahora se\u00f1alar\u00e9 brevemente los pasos del proceso ret\u00f3rico y despu\u00e9s dar\u00e9 un ejemplo de c\u00f3mo lo podemos usar. Cuando ya tengo la idea central del serm\u00f3n y los encabezados escritos en el bosquejo, pongo los siguientes puntos debajo de cada encabezado:<\/p>\n<p><em>A. Observaci\u00f3n<br \/>\n<\/em><em>B. Interpretaci\u00f3n<br \/>\n<\/em><em>C. Ilustraci\u00f3n<br \/>\n<\/em><em>D. Aplicaci\u00f3n<br \/>\n<\/em><em>E. Exhortaci\u00f3n<\/em><\/p>\n<p>Estos son los cinco pasos del proceso ret\u00f3rico. Ahora, \u00bfc\u00f3mo los desarrollamos?<\/p>\n<h3>Un ejemplo con Romanos 8:18-25<\/h3>\n<p>Ilustrar\u00e9 el proceso ret\u00f3rico utilizando uno de mis sermones del libro de Romanos. La idea central del serm\u00f3n era: \u201cDebemos esperar con ansias la gloria futura\u201d. Habl\u00e9 de tres razones para esperar con ansias esa gloria y as\u00ed desarroll\u00e9 la primera:<\/p>\n<p><em>I. Porque la gloria futura es much\u00edsimo mejor que las aflicciones presentes (v. 18)<\/em><\/p>\n<h4><strong>A. Observaci\u00f3n:<\/strong><\/h4>\n<p>El primer punto del proceso ret\u00f3rico es la observaci\u00f3n. Esto concuerda con una buena\u00a0<a href=\"https:\/\/www.coalicionporelevangelio.org\/articulo\/que-dice-la-biblia-sobre-la-hermeneutica-preguntas-biblicas\">hermen\u00e9utica<\/a>\u00a0 en donde tenemos que observar antes de interpretar. En la pr\u00e9dica como tal, primero no leo el encabezado del punto, sino que digo algo as\u00ed: \u201cHermanos, vamos a ver la primera raz\u00f3n por la cual debemos esperar con ansias la gloria futura. Lean conmigo el vers\u00edculo 18\u201d. Leo el vers\u00edculo y solo despu\u00e9s digo el encabezado. \u00bfPor qu\u00e9? Porque quiero que mis oyentes vean\u00a0<em>primero<\/em>\u00a0la Escritura y de d\u00f3nde surge el encabezado. No nace en mi mente, sino que surge del texto de manera natural.<\/p>\n<p>Entiendo que algunos predicadores excelentes pueden leer un encabezado primero y despu\u00e9s explicar de d\u00f3nde lo sacaron, pero me parece m\u00e1s fiel al texto hacerlo de la manera que explico aqu\u00ed. Con respecto a la ret\u00f3rica, tambi\u00e9n reforzamos nuestra credibilidad (<em>ethos<\/em>) cuando la audiencia puede ver de d\u00f3nde vienen nuestras ideas.<\/p>\n<p>Este paso dura poco tiempo pero es importante. Si el pasaje es m\u00e1s largo, se puede leer el vers\u00edculo m\u00e1s importante o todos los vers\u00edculos relacionados con el encabezado. Lo importante es que la audiencia vea el respaldo b\u00edblico para el encabezado.<\/p>\n<h4>B. Interpretaci\u00f3n:<\/h4>\n<p>Aqu\u00ed empiezo a interpretar el texto b\u00edblico relacionado. En mi serm\u00f3n sobre Romanos 8, expliqu\u00e9 qu\u00e9 significaba para Pablo \u201clos sufrimientos de este tiempo presente\u201d, especialmente con referencia a las dificultades que menciona en\u00a0<a class=\"rtBibleRef\" href=\"https:\/\/biblia.com\/bible\/nblh\/2%20Cor%2011.23-28?culture=es\" target=\"_blank\" rel=\"noopener\" data-reference=\"2 Cor 11.23-28\" data-version=\"nblh\" data-purpose=\"bible-reference\">2 Corintios 11:23-28<\/a>.<\/p>\n<p>Por supuesto, los\u00a0<a href=\"https:\/\/www.coalicionporelevangelio.org\/series\/como-leer-tu-biblila\/\">elementos de la\u00a0<\/a><a href=\"https:\/\/www.coalicionporelevangelio.org\/series\/como-leer-tu-biblila\/\">interpretaci\u00f3n<\/a>\u00a0de cada encabezado ser\u00e1n diferentes. Tratamos temas como los contextos hist\u00f3rico y literario, el significado de las palabras, pasajes paralelos, y gram\u00e1tica, entre otros. De los cinco puntos del proceso ret\u00f3rico, este es que el requiere m\u00e1s tiempo.<\/p>\n<p>En t\u00e9rminos de ret\u00f3rica, este paso tiene mucho que ver con el componente l\u00f3gico (<em>logos<\/em>). Nuestra interpretaci\u00f3n debe ser razonable y coherente, lo cual har\u00e1 que el serm\u00f3n sea m\u00e1s persuasivo en cuanto dependa de nosotros.<sup><a href=\"https:\/\/www.coalicionporelevangelio.org\/articulo\/como-desarrollar-el-bosquejo-de-un-sermon\/#_ftn2\" name=\"_ftnref2\">[2]<\/a><\/sup><\/p>\n<h4><strong>C. Ilustraci\u00f3n:<\/strong><\/h4>\n<p>Despu\u00e9s de interpretar el pasaje, comparto una ilustraci\u00f3n para iluminar el contenido del paso anterior. Otros han escrito sobre\u00a0<a href=\"https:\/\/www.coalicionporelevangelio.org\/articulo\/la-necesidad-de-ilustraciones-en-la-predicacion\/\">la importancia de las ilustraciones<\/a>\u00a0o\u00a0<a href=\"https:\/\/www.coalicionporelevangelio.org\/articulo\/8-maneras-encontrar-ilustraciones-sermones\/\">c\u00f3mo encontrarlas<\/a>. Por eso no hablar\u00e9 mucho sobre eso aqu\u00ed.<\/p>\n<p>Las ilustraciones contribuyen al poder ret\u00f3rico del serm\u00f3n porque ayudan a la audiencia a entender mejor las verdades expuestas (<em>logos<\/em>) y tambi\u00e9n fomentan un ambiente emocional propicio (<em>pathos<\/em>) para que el Esp\u00edritu obre.<\/p>\n<p>En el serm\u00f3n que prediqu\u00e9 habl\u00e9 de los atletas de alto rendimiento, y c\u00f3mo perseveran en medio de la aflicci\u00f3n de los entrenamientos porque esperan la gloria de una victoria. Si ganarse una medalla de oro es glorioso, imagina la gloria venidera que nos espera como cristianos si perseveramos como Dios quiere.<\/p>\n<p>Si usamos ilustraciones con las cuales la audiencia puede relacionarse, nuestra credibilidad (<em>ethos<\/em>) aumenta porque los oyentes ven que no pasamos todo nuestro tiempo metidos en los siglos pasados, sino que podemos relacionar las verdades eternas de la Palabra a la vida cotidiana en el siglo XXI.<\/p>\n<h4><strong>D. Aplicaci\u00f3n:<\/strong><\/h4>\n<p>Despu\u00e9s de la ilustraci\u00f3n, comparto algunas aplicaciones. La aplicaci\u00f3n de las Escrituras surge f\u00e1cilmente de una buena ilustraci\u00f3n. Es m\u00e1s, en muchos casos la misma ilustraci\u00f3n pasa directamente a una aplicaci\u00f3n concreta de la verdad estudiada.<\/p>\n<p>Quiz\u00e1s algunos creen que solo el Esp\u00edritu Santo deber\u00eda aplicar la Palabra, pero Jes\u00fas (p. ej.\u00a0<a class=\"rtBibleRef\" href=\"https:\/\/biblia.com\/bible\/nblh\/Mat.%205.27-29?culture=es\" target=\"_blank\" rel=\"noopener\" data-reference=\"Mat. 5.27-29\" data-version=\"nblh\" data-purpose=\"bible-reference\">Mt. 5:27-29<\/a>) y Pablo (p. ej.\u00a0<a class=\"rtBibleRef\" href=\"https:\/\/biblia.com\/bible\/nblh\/Efe.%204.25?culture=es\" target=\"_blank\" rel=\"noopener\" data-reference=\"Efe. 4.25\" data-version=\"nblh\" data-purpose=\"bible-reference\">Ef. 4:25<\/a>) nos ense\u00f1an que debemos presentar aplicaciones espec\u00edficas de los principios generales que ense\u00f1amos.<\/p>\n<p>As\u00ed que es indispensable ofrecer aplicaciones claras a la congregaci\u00f3n. Como dec\u00eda un profesor de consejer\u00eda b\u00edblica: no crecemos espiritualmente en \u201cun mundo borroso de ideas abstractas\u201d, sino que crecemos cuando aplicamos concretamente la Palabra de Dios. No podemos mencionar aplicaciones espec\u00edficas para cada oyente, pero s\u00ed podemos dar ideas que ayuden a todos a pensar en c\u00f3mo aplicar el pasaje.<\/p>\n<p>Algunas preguntas que pueden ayudarnos a proveer aplicaciones son las siguientes:<\/p>\n<ul>\n<li>\u00bfC\u00f3mo aplicar\u00eda esta verdad a personas de diferentes edades?<\/li>\n<li>\u00bfC\u00f3mo aplica esta verdad a los no creyentes?<\/li>\n<li>\u00bfC\u00f3mo aplica a personas de diferentes niveles de madurez espiritual?<\/li>\n<\/ul>\n<p>He escuchado pr\u00e9dicas en las cuales ninguna aplicaci\u00f3n aparece hasta la oraci\u00f3n final y creo que eso es lamentable. Al usar el m\u00e9todo ret\u00f3rico incluiremos diferentes aplicaciones en cada secci\u00f3n del serm\u00f3n. Creo que esto contribuye a los tres aspectos del tri\u00e1ngulo ret\u00f3rico porque muestran que el predicador entiende c\u00f3mo la verdad de Dios puede plasmarse en la vida de la congregaci\u00f3n (<em>ethos<\/em>); las aplicaciones se conectan con las emociones de la congregaci\u00f3n (<em>pathos<\/em>) y apoyan la l\u00f3gica de la pr\u00e9dica (<em>logos<\/em>), ya que si entendemos c\u00f3mo aplicar un pasaje entendemos mejor su significado.<sup><a href=\"https:\/\/www.coalicionporelevangelio.org\/articulo\/como-desarrollar-el-bosquejo-de-un-sermon\/#_ftn3\" name=\"_ftnref3\">[3]<\/a><\/sup><\/p>\n<h4><strong>E. Exhortaci\u00f3n:<\/strong><\/h4>\n<p>Si la predicaci\u00f3n es hablar \u201c<a href=\"https:\/\/www.amazon.com\/-\/es\/Sugel-Michel%C3%A9n\/dp\/1433691981\/?tag=thegospcoal-20\">de parte de Dios y delante de Dios<\/a>\u201d, como dice Sugel Michel\u00e9n, no podemos dejar a un lado la exhortaci\u00f3n. Entiendo la exhortaci\u00f3n de una manera amplia. Toma m\u00faltiples formas: el predicador anima, advierte, consuela, o hasta ruega (<a class=\"rtBibleRef\" href=\"https:\/\/biblia.com\/bible\/nblh\/2%20Cor.%205.20?culture=es\" target=\"_blank\" rel=\"noopener\" data-reference=\"2 Cor. 5.20\" data-version=\"nblh\" data-purpose=\"bible-reference\">2 Co. 5:20<\/a>).<\/p>\n<p>A veces no incluyo la exhortaci\u00f3n en todos los encabezados, pero la pongo inicialmente en el bosquejo hasta determinar si voy a incluirla o no en esa secci\u00f3n de la pr\u00e9dica. De todas maneras, es imprescindible incluirla al final del mensaje. Toda pr\u00e9dica debe llevar a la audiencia a responder ante la Palabra. Como El\u00edas, debemos exhortar a los oyentes a tomar una decisi\u00f3n clara (<a class=\"rtBibleRef\" href=\"https:\/\/biblia.com\/bible\/nblh\/1%20Rey.%2018.21?culture=es\" target=\"_blank\" rel=\"noopener\" data-reference=\"1 Rey. 18.21\" data-version=\"nblh\" data-purpose=\"bible-reference\">1 R. 18:21<\/a>).<\/p>\n<p>En este paso, la audiencia debe poder ver nuestra pasi\u00f3n por la gloria de Dios y su evangelio. Las emociones (<em>pathos<\/em>) bien dirigidas por la verdad de Dios (<em>logos<\/em>) son leg\u00edtimas y buenas. Conocer al Se\u00f1or Jesucristo produce gozo y esto debe palparse en la predicaci\u00f3n. Si los oyentes salen de la reuni\u00f3n pensando que han escuchado una buena lecci\u00f3n de historia o interpretaci\u00f3n b\u00edblica, no hemos logrado el prop\u00f3sito principal de la predicaci\u00f3n porque la predicaci\u00f3n verdadera apunta a la transformaci\u00f3n espiritual de los oyentes a trav\u00e9s de la salvaci\u00f3n y la santificaci\u00f3n (<a class=\"rtBibleRef\" href=\"https:\/\/biblia.com\/bible\/nblh\/Rom.%2011.33-12.3?culture=es\" target=\"_blank\" rel=\"noopener\" data-reference=\"Rom. 11.33-12.3\" data-version=\"nblh\" data-purpose=\"bible-reference\">Rom. 11:33-12:3<\/a>). La vida transformada del predicador le da credibilidad (<em>ethos<\/em>) para exhortar a la audiencia.<\/p>\n<p>Espero que este proceso ret\u00f3rico pueda ayudarte en la predicaci\u00f3n expositiva para la gloria de nuestro Dios, la santificaci\u00f3n de los creyentes, y la salvaci\u00f3n de los que no conocen a nuestro Salvador.<\/p>\n<hr \/>\n<h6><a href=\"https:\/\/www.coalicionporelevangelio.org\/articulo\/como-desarrollar-el-bosquejo-de-un-sermon\/#_ftnref1\" name=\"_ftn1\"><sup>[1]<\/sup><\/a>\u00a0Sobre el cristiano y la filosof\u00eda, v\u00e9ase:\u00a0<a href=\"https:\/\/www.coalicionporelevangelio.org\/articulo\/por-que-estudiar-filosofia\/\">\u00bfPor qu\u00e9 estudiar filosof\u00eda?<\/a><\/h6>\n<h6><a href=\"https:\/\/www.coalicionporelevangelio.org\/articulo\/como-desarrollar-el-bosquejo-de-un-sermon\/#_ftnref2\" name=\"_ftn2\"><sup>[2]<\/sup><\/a>\u00a0Solo el Esp\u00edritu Santo puede efectuar cambios espirituales en los oyentes (<a class=\"rtBibleRef\" href=\"https:\/\/biblia.com\/bible\/nblh\/Juan.%2016.8-11?culture=es\" target=\"_blank\" rel=\"noopener\" data-reference=\"Juan. 16.8-11\" data-version=\"nblh\" data-purpose=\"bible-reference\">Jn. 16:8-11<\/a>). Sin embargo, la buena organizaci\u00f3n del serm\u00f3n apoya su obra.<\/h6>\n<h6><a href=\"https:\/\/www.coalicionporelevangelio.org\/articulo\/como-desarrollar-el-bosquejo-de-un-sermon\/#_ftnref3\" name=\"_ftn3\"><sup>[3]<\/sup><\/a>\u00a0Michel\u00e9n, S. (2016).\u00a0<em>De parte de Dios y delante de Dios: una gu\u00eda de predicaci\u00f3n expositiva.\u00a0<\/em>Nashville, TN: B&amp;H Espa\u00f1ol. Cap. 12. Loc. 2928. Edici\u00f3n de Kindle.<\/h6>\n\n\t\t<\/div>\n\t<\/div>\n<\/div><\/div><\/div><\/div><div class=\"vc_row wpb_row vc_row-fluid vc_custom_1615074577655 vc_row-has-fill\"><div class=\"wpb_column vc_column_container vc_col-sm-12\"><div class=\"vc_column-inner\"><div class=\"wpb_wrapper\">\t\t\t<div class=\"info-box-wrapper inline-element\">\n\t\t\t\t<div id=\"wd-619970b2ecf5f\" class=\" wd-rs-619970b2ecf5f wd-info-box wd-wpb text-left box-icon-align-left box-style- color-scheme- wd-bg-none wd-items-top \">\n\t\t\t\t\t\t\t\t\t\t\t<div class=\"box-icon-wrapper  box-with-icon box-icon-with-border\">\n\t\t\t\t\t\t\t<div class=\"info-box-icon\">\n\n\t\t\t\t\t\t\t\n\t\t\t\t\t\t\t\t\t\t\t\t\t\t\t\t\t<img loading=\"lazy\" decoding=\"async\" width=\"100\" height=\"100\" src=\"https:\/\/desarrollocristiano.pe\/wp-content\/uploads\/2021\/11\/jonathan-boyd-100x100.webp\" class=\"attachment-100x100 size-100x100\" alt=\"\" \/>\t\t\t\t\t\t\t\t\t\t\t\t\t\t\t\n\t\t\t\t\t\t\t<\/div>\n\t\t\t\t\t\t<\/div>\n\t\t\t\t\t\t\t\t\t\t<div class=\"info-box-content\">\n\t\t\t\t\t\t<h4 class=\"info-box-title title box-title-style-default wd-fontsize-m\">Sobre el autor<\/h4>\t\t\t\t\t\t<div class=\"info-box-inner reset-last-child\"><p><strong>Jonathan Boyd<\/strong>\u00a0es misionero con ABWE (<em>Association of Baptists for World Evangelism<\/em>) y uno de los pastores en la\u00a0<a href=\"http:\/\/impactobiblico.com\/\">Iglesia Cristiana Bautista Impacto B\u00edblico<\/a>, en Santa Marta, Colombia. Es casado y padre de cuatro hijos. Tiene dos maestr\u00edas de\u00a0<em>Faith Baptist Theological Seminary<\/em>\u00a0(Ankeny, Iowa, Estados Unidos) y una de la Universidad de Birmingham (Reino Unido). Puedes seguirlo en Twitter\u00a0<a href=\"https:\/\/twitter.com\/Joncolombia75\">@Joncolombia75<\/a>.<\/p>\n<\/div>\n\n\t\t\t\t\t\t\t\t\t\t\t<\/div>\n\n\t\t\t\t\t\n\t\t\t\t\t<style>#wd-619970b2ecf5f .info-box-icon {background-color:  !important;}<\/style>\t\t\t\t<\/div>\n\t\t\t<\/div>\n\t\t<\/div><\/div><\/div><\/div>\n<\/div>\t\t\t\t\t<\/div>\n\t\t\t\t\n\t\t\t\t\t\t\t\t\t<\/div>\n\t<\/div>\n<\/article>\n\n\t\t\t\t\t\t\t\t\t\t\t\n<article id=\"post-59801\" class=\"wd-post blog-design-chess blog-post-loop blog-design-small-images blog-style-bg wd-add-shadow wd-col post-59801 post type-post status-publish format-standard has-post-thumbnail hentry category-liderazgo\">\n\t<div class=\"wd-post-inner article-inner\">\n\t\t\t\t\t<div class=\"wd-post-thumb entry-header\">\n\t\t\t\t\t\t\t\t\t<div class=\"wd-post-img post-img-wrapp\">\n\t\t\t\t\t\t<img width=\"320\" height=\"160\" src=\"https:\/\/desarrollocristiano.pe\/wp-content\/uploads\/2021\/11\/ensenable-320x160.jpg\" class=\"attachment-large size-large\" alt=\"\" decoding=\"async\" loading=\"lazy\" srcset=\"https:\/\/desarrollocristiano.pe\/wp-content\/uploads\/2021\/11\/ensenable-320x160.jpg 320w, https:\/\/desarrollocristiano.pe\/wp-content\/uploads\/2021\/11\/ensenable-600x300.jpg 600w, https:\/\/desarrollocristiano.pe\/wp-content\/uploads\/2021\/11\/ensenable-150x75.jpg 150w, https:\/\/desarrollocristiano.pe\/wp-content\/uploads\/2021\/11\/ensenable-400x200.jpg 400w, https:\/\/desarrollocristiano.pe\/wp-content\/uploads\/2021\/11\/ensenable.jpg 700w\" sizes=\"auto, (max-width: 320px) 100vw, 320px\" \/>\t\t\t\t\t<\/div>\n\t\t\t\t\t<a class=\"wd-fill\" href=\"https:\/\/desarrollocristiano.pe\/necesitas-un-corazon-ensenable\/\"><\/a>\n\t\t\t\t\n\t\t\t\t\t\t\t\t\t\t\t\t<div class=\"wd-post-date wd-style-with-bg\">\n\t\t\t\t<span class=\"post-date-day\">\n\t\t\t\t\t13\t\t\t\t<\/span>\n\t\t\t\t<span class=\"post-date-month\">\n\t\t\t\t\tNov\t\t\t\t<\/span>\n\t\t\t<\/div>\n\t\t\t\t\t\t\t\t\t<\/div>\n\t\t\n\t\t<div class=\"wd-post-content article-body-container\">\n\t\t\t\t\t\t\t<div class=\"wd-post-cat wd-style-with-bg meta-post-categories\">\n\t\t\t\t\t<a href=\"https:\/\/desarrollocristiano.pe\/categorias\/liderazgo\/\" rel=\"category tag\">Liderazgo<\/a>\t\t\t\t<\/div>\n\t\t\t\n\t\t\t\t\t\t\t<h3 class=\"wd-post-title wd-entities-title title post-title\">\n\t\t\t\t\t<a href=\"https:\/\/desarrollocristiano.pe\/necesitas-un-corazon-ensenable\/\" rel=\"bookmark\">Necesitas un coraz\u00f3n ense\u00f1able<\/a>\n\t\t\t\t<\/h3>\n\t\t\t\n\t\t\t\t\t\t\t<div class=\"wd-post-meta\">\n\t\t\t\t\t\t\t\t\t\t\t\t\t\t\t<div class=\"wd-post-author\">\n\t\t\t\t\t\t\t\t\t\t\t<span>Posteado por<\/span>\n\t\t\n\t\t\t\t\t<img alt='author-avatar' src='https:\/\/secure.gravatar.com\/avatar\/8f331515e2139e7ffacac78d5e21bc88ee625065cad5d063ef4da73b7cbcfc2d?s=18&#038;d=mm&#038;r=g' srcset='https:\/\/secure.gravatar.com\/avatar\/8f331515e2139e7ffacac78d5e21bc88ee625065cad5d063ef4da73b7cbcfc2d?s=36&#038;d=mm&#038;r=g 2x' class='avatar avatar-18 photo' height='18' width='18' loading='lazy' decoding='async'\/>\t\t\n\t\t\t\t\t<a href=\"https:\/\/desarrollocristiano.pe\/author\/aprnimda7720\/\" class=\"author\" rel=\"author\">Administrador<\/a>\n\t\t\t\t\t\t\t\t\t<\/div>\n\t\t\t\t\t<div class=\"wd-modified-date\">\n\t\t\t\t\t\t\t\t<time class=\"updated\" datetime=\"2021-11-13T19:20:08-05:00\">\n\t\t\t13\/11\/2021\t\t<\/time>\n\t\t\t\t\t\t\t<\/div>\n\n\t\t\t\t\t\t\t\t\t\t\t<div class=\"wd-post-share wd-tltp\">\n\t\t\t\t\t\t\t<div class=\"tooltip top\">\n\t\t\t\t\t\t\t\t<div class=\"tooltip-inner\">\n\t\t\t\t\t\t\t\t\t\t\t\t<div\n\t\t\t\t\t\tclass=\" wd-social-icons  wd-style-default wd-size-small social-share wd-shape-circle color-scheme-light text-center\">\n\t\t\t\t\n\t\t\t\t\n\t\t\t\t\t\t\t\t\t<a rel=\"noopener noreferrer nofollow\" href=\"https:\/\/www.facebook.com\/sharer\/sharer.php?u=https:\/\/desarrollocristiano.pe\/articulos-pastorales\/\" target=\"_blank\" class=\" wd-social-icon social-facebook\" aria-label=\"Facebook social link\">\n\t\t\t\t\t\t<span class=\"wd-icon\"><\/span>\n\t\t\t\t\t\t\t\t\t\t\t<\/a>\n\t\t\t\t\n\t\t\t\t\t\t\t\t\t<a rel=\"noopener noreferrer nofollow\" href=\"https:\/\/x.com\/share?url=https:\/\/desarrollocristiano.pe\/articulos-pastorales\/\" target=\"_blank\" class=\" wd-social-icon social-twitter\" aria-label=\"X social link\">\n\t\t\t\t\t\t<span class=\"wd-icon\"><\/span>\n\t\t\t\t\t\t\t\t\t\t\t<\/a>\n\t\t\t\t\n\t\t\t\t\n\t\t\t\t\t\t\t\t\t<a rel=\"noopener noreferrer nofollow\" href=\"mailto:?subject=Check%20this%20https:\/\/desarrollocristiano.pe\/articulos-pastorales\/\" target=\"_blank\" class=\" wd-social-icon social-email\" aria-label=\"Email social link\">\n\t\t\t\t\t\t<span class=\"wd-icon\"><\/span>\n\t\t\t\t\t\t\t\t\t\t\t<\/a>\n\t\t\t\t\n\t\t\t\t\n\t\t\t\t\n\t\t\t\t\n\t\t\t\t\t\t\t\t\t<a rel=\"noopener noreferrer nofollow\" href=\"https:\/\/pinterest.com\/pin\/create\/button\/?url=https:\/\/desarrollocristiano.pe\/articulos-pastorales\/&media=https:\/\/desarrollocristiano.pe\/wp-content\/uploads\/2021\/11\/ensenable.jpg&description=Necesitas+un+coraz%C3%B3n+ense%C3%B1able\" target=\"_blank\" class=\" wd-social-icon social-pinterest\" aria-label=\"Pinterest social link\">\n\t\t\t\t\t\t<span class=\"wd-icon\"><\/span>\n\t\t\t\t\t\t\t\t\t\t\t<\/a>\n\t\t\t\t\n\t\t\t\t\n\t\t\t\t\t\t\t\t\t<a rel=\"noopener noreferrer nofollow\" href=\"https:\/\/www.linkedin.com\/shareArticle?mini=true&url=https:\/\/desarrollocristiano.pe\/articulos-pastorales\/\" target=\"_blank\" class=\" wd-social-icon social-linkedin\" aria-label=\"Linkedin social link\">\n\t\t\t\t\t\t<span class=\"wd-icon\"><\/span>\n\t\t\t\t\t\t\t\t\t\t\t<\/a>\n\t\t\t\t\n\t\t\t\t\n\t\t\t\t\n\t\t\t\t\n\t\t\t\t\n\t\t\t\t\n\t\t\t\t\n\t\t\t\t\n\t\t\t\t\n\t\t\t\t\t\t\t\t\t<a rel=\"noopener noreferrer nofollow\" href=\"https:\/\/api.whatsapp.com\/send?text=https%3A%2F%2Fdesarrollocristiano.pe%2Farticulos-pastorales%2F\" target=\"_blank\" class=\"wd-hide-md  wd-social-icon social-whatsapp\" aria-label=\"WhatsApp social link\">\n\t\t\t\t\t\t<span class=\"wd-icon\"><\/span>\n\t\t\t\t\t\t\t\t\t\t\t<\/a>\n\n\t\t\t\t\t<a rel=\"noopener noreferrer nofollow\" href=\"whatsapp:\/\/send?text=https%3A%2F%2Fdesarrollocristiano.pe%2Farticulos-pastorales%2F\" target=\"_blank\" class=\"wd-hide-lg  wd-social-icon social-whatsapp\" aria-label=\"WhatsApp social link\">\n\t\t\t\t\t\t<span class=\"wd-icon\"><\/span>\n\t\t\t\t\t\t\t\t\t\t\t<\/a>\n\t\t\t\t\n\t\t\t\t\n\t\t\t\t\n\t\t\t\t\n\t\t\t\t\n\t\t\t\t\n\t\t\t\t\t\t\t\t\t<a rel=\"noopener noreferrer nofollow\" href=\"https:\/\/telegram.me\/share\/url?url=https:\/\/desarrollocristiano.pe\/articulos-pastorales\/\" target=\"_blank\" class=\" wd-social-icon social-tg\" aria-label=\"Telegram social link\">\n\t\t\t\t\t\t<span class=\"wd-icon\"><\/span>\n\t\t\t\t\t\t\t\t\t\t\t<\/a>\n\t\t\t\t\n\t\t\t\t\n\t\t\t<\/div>\n\n\t\t\t\t\t\t\t\t\t\t<\/div>\n\t\t\t\t\t\t\t\t<div class=\"tooltip-arrow\"><\/div>\n\t\t\t\t\t\t\t<\/div>\n\t\t\t\t\t\t<\/div>\n\t\t\t\t\t\n\t\t\t\t\t\t\t\t\t\t\t\t\t\t\t\t\t<div class=\"wd-post-reply wd-style-1\">\n\t\t\t\t\t\t\t<a href=\"https:\/\/desarrollocristiano.pe\/necesitas-un-corazon-ensenable\/#respond\"><span class=\"wd-replies-count\">0<\/span><\/a>\t\t\t\t\t\t<\/div>\n\t\t\t\t\t\t\t\t\t<\/div>\n\t\t\t\n\t\t\t\t\t\t\t\t\t\t\t\t<div class=\"wd-post-excerpt entry-content\">\n\t\t\t\t\t\t<div class=\"wpb-content-wrapper\"><div class=\"vc_row wpb_row vc_row-fluid\"><div class=\"wpb_column vc_column_container vc_col-sm-12\"><div class=\"vc_column-inner\"><div class=\"wpb_wrapper\">\n\t<div class=\"wpb_text_column wpb_content_element texto_parrafo text-larger\" >\n\t\t<div class=\"wpb_wrapper\">\n\t\t\t<p>Por: <a class=\"fn\" href=\"https:\/\/twitter.com\/pspliniorozco\">PLINIO OROZCO<\/a><br \/>\nFuente: <a href=\"https:\/\/www.coalicionporelevangelio.org\/articulo\/corazon-ensenable\/\" target=\"_blank\" rel=\"noopener noreferrer\">Coalici\u00f3n por el Evangelio<\/a><\/p>\n<p>Los reformados nos caracterizamos por un amor profundo por la verdad. Siempre estamos dispuestos a evaluar todo seg\u00fan el est\u00e1ndar de la Escritura, pero en medio de esta preciosa tarea podemos olvidar que tenemos limitaciones. Profesamos algunas doctrinas que son dif\u00edciles de explicar y otras en las que nos quedamos cortos a la hora de aplicar. \u00bfSabemos completamente como se unen la soberan\u00eda divina y la responsabilidad humana? \u00bfSabemos explicar a plenitud la Trinidad? \u00bfPodemos describir perfectamente en palabras humanas la realidad de la humillaci\u00f3n de Cristo?<\/p>\n<p>Fui ordenado al ministerio en 2012. Ese mismo a\u00f1o Dios, por su gracia, me permiti\u00f3 conocer las doctrinas de la reforma. Escuch\u00e9 una gran cantidad de sermones cada semana y le\u00ed muchos libros en poco tiempo; llegu\u00e9 a pensar que conoc\u00eda todo lo que deb\u00eda conocer y que estaba listo para ense\u00f1ar a otros sin necesidad de que nadie me instruyera sobre estas y otras verdades. Todas estas son evidencias de orgullo: olvid\u00e9 que ten\u00eda limitaciones y manifest\u00e9 poca gracia a pesar de profesar las doctrinas que\u00a0<i>exaltan<\/i>\u00a0la gracia.<\/p>\n<p>Afortunadamente, Dios fue muy bueno conmigo al concederme un grupo de ovejas que me amaban, oraban por m\u00ed y me ense\u00f1aban con amor. Yo solo ten\u00eda 25 a\u00f1os y la mayor\u00eda de mis ovejas eran mucho mayores que yo. Hombres y mujeres temerosos del Se\u00f1or.<\/p>\n<p>En algunas ocasiones, cuando bajaba del p\u00falpito, ciertos hermanos me correg\u00edan con mucha gracia cuando lo consideraban necesario. Comenc\u00e9 a entender que la cr\u00edtica era un instrumento santificador en las manos del Se\u00f1or. Dios us\u00f3 todo esto para el crecimiento de ellos y para mi propio crecimiento.<\/p>\n<h3><b>Humildad sobrenatural<\/b><\/h3>\n<p>El orgullo es natural en nosotros, pero la humildad es una virtud del Esp\u00edritu y, por lo tanto, es sobrenatural. Cada uno de nosotros necesitamos crecer en ella.<\/p>\n<p>La humildad nos permite ser ense\u00f1ables, elimina la arrogancia que existe en nosotros, acaba con nuestro deseo de siempre tener la raz\u00f3n y golpea fuertemente nuestro anhelo de protagonismo para que, al final, solo Cristo sea admirado. Como escribi\u00f3 Pablo:<\/p>\n<div class=\"normal_blockquote\">\n<p>\u00abPorque en virtud de la gracia que me ha sido dada, digo a cada uno de ustedes que no piense de s\u00ed mismo m\u00e1s de lo que debe pensar, sino que piense con buen juicio, seg\u00fan la medida de fe que Dios ha distribuido a cada uno\u00bb (<a class=\"rtBibleRef\" href=\"https:\/\/biblia.com\/bible\/nblh\/Rom%2012.3?culture=es\" target=\"_blank\" rel=\"noopener\" data-reference=\"Rom 12.3\" data-version=\"nblh\" data-purpose=\"bible-reference\">Romanos 12:3<\/a>).<\/p>\n<\/div>\n<p>En el libro\u00a0<a href=\"https:\/\/www.amazon.com\/-\/es\/John-Charles-Ryle-ebook\/dp\/B011M6Z3VQ\/ref=sr_1_1?tag=thegospcoal-20\"><i>Pensamientos para hombres j\u00f3venes<\/i><\/a>, J.C Ryle expres\u00f3:<\/p>\n<div class=\"normal_blockquote\">\n<p>\u00abEl orgullo se asienta en el coraz\u00f3n de todos nosotros por naturaleza. Nacimos ya orgullosos. El orgullo nos hace confiar en nosotros mismos, haci\u00e9ndonos creer que somos suficientemente buenos as\u00ed como estamos, tapa nuestros o\u00eddos para que no escuchemos consejo, nos impulsa a rechazar el evangelio de Cristo, a andar por nuestro propio camino. Pero el orgullo nunca reina con m\u00e1s poder que cuando reina en el coraz\u00f3n de un joven\u00bb.<a href=\"https:\/\/www.coalicionporelevangelio.org\/articulo\/corazon-ensenable\/#_ftn1\" name=\"_ftnref1\"><sup>[1]<\/sup><\/a><\/p>\n<\/div>\n<p>El orgullo nos invita a abrazar la tendencia de hablar sobre todos los asuntos para que luzcamos inteligentes, pero la humildad nos invita a reconocer que no lo sabemos todo (<a class=\"rtBibleRef\" href=\"https:\/\/biblia.com\/bible\/nblh\/1%20Cor%208.2?culture=es\" target=\"_blank\" rel=\"noopener\" data-reference=\"1 Cor 8.2\" data-version=\"nblh\" data-purpose=\"bible-reference\">1 Co 8:2<\/a>).<\/p>\n<h3><b>La cr\u00edtica es inevitable<\/b><\/h3>\n<p>Vivimos en un mundo marcado por el pecado y nadie podr\u00e1 escapar de la cr\u00edtica, mucho menos los l\u00edderes j\u00f3venes. Estamos a la vista de todos y, debido a nuestra juventud, son muchas las cosas que necesitamos aprender. Si no poseemos un coraz\u00f3n ense\u00f1able le causaremos mucho da\u00f1o a nuestra alma y a todos los que est\u00e9n a nuestro alrededor. Que la cr\u00edtica no nos sorprenda. M\u00e1s bien, \u00a1preocup\u00e9monos cuando nadie nos corrija! Debemos alarmarnos cuando todos nos adulen y siempre hablen bien de nosotros (<a class=\"rtBibleRef\" href=\"https:\/\/biblia.com\/bible\/nblh\/Luc%206.26?culture=es\" target=\"_blank\" rel=\"noopener\" data-reference=\"Luc 6.26\" data-version=\"nblh\" data-purpose=\"bible-reference\">Lc 6:26<\/a>).<\/p>\n<p>Para desarrollar un coraz\u00f3n ense\u00f1able, considera cuatro elementos importantes:<\/p>\n<p>Primero,\u00a0<b>reconoce tus limitaciones<\/b>. Fue S\u00f3crates quien dijo: \u00abTodo lo que s\u00e9 es que nada s\u00e9\u00bb. Reconocer que no lo sabemos todo nos guardar\u00e1 de apoyarnos en nuestra propia sabidur\u00eda y nos permitir\u00e1 escuchar el consejo de otros. \u00abNo seas sabio a tus propios ojos; teme al Se\u00f1or y ap\u00e1rtate del mal\u00bb (<a class=\"rtBibleRef\" href=\"https:\/\/biblia.com\/bible\/nblh\/Prov%203.7?culture=es\" target=\"_blank\" rel=\"noopener\" data-reference=\"Prov 3.7\" data-version=\"nblh\" data-purpose=\"bible-reference\">Pr 3:7<\/a>).<\/p>\n<p>Segundo,<b>\u00a0que tu meta sea exaltar a Dios\u00a0<\/b>y no la imagen que deseas proyectar a otros. Cuando hagamos esto evitaremos resistirnos a las cr\u00edticas. Las cr\u00edticas nos recuerdan nuestras imperfecciones y pecados. Al escuchar, reconociendo honestamente que existen \u00e1reas que necesitamos cambiar, mostraremos a los dem\u00e1s nuestra profunda necesidad de gracia y la realidad de que la excelencia solo est\u00e1 en Cristo.<\/p>\n<p>Tercero,\u00a0<b>odia el orgullo y ama la humildad<\/b>. Todo verdadero cristiano est\u00e1 siendo transformado por el poder del Esp\u00edritu Santo. En esa transformaci\u00f3n Dios nos conduce a amar lo que \u00c9l ama y a odiar lo que \u00c9l odia (<a class=\"rtBibleRef\" href=\"https:\/\/biblia.com\/bible\/nblh\/Prov%208.13?culture=es\" target=\"_blank\" rel=\"noopener\" data-reference=\"Prov 8.13\" data-version=\"nblh\" data-purpose=\"bible-reference\">Pr 8:13<\/a>). No es en vano que alguien dijo muy sabiamente: \u00abEl orgullo y la piedad no caminan juntos\u00bb.<\/p>\n<p>Finalmente,\u00a0<b>ora a Dios<\/b>\u00a0para que te conceda m\u00e1s de su gracia transformadora para tener un coraz\u00f3n humilde, que es lo mismo que tener un coraz\u00f3n ense\u00f1able.<\/p>\n<p>Despu\u00e9s de nueve a\u00f1os en el ministerio, contin\u00fao inclin\u00e1ndome hacia el orgullo. Necesito seguir creciendo en esta virtud cristiana conocida como humildad. \u00a1Gloria a Dios por su gracia, que nos muestra nuestra debilidad y nos transforma a la imagen de Cristo!<\/p>\n<hr \/>\n<p><a href=\"https:\/\/www.coalicionporelevangelio.org\/articulo\/corazon-ensenable\/#_ftn1\" name=\"_ftnref1\"><sup>[1]<\/sup><\/a>\u00a0<i>Pensamientos para hombres j\u00f3venes<\/i>, p. 10.<\/p>\n\n\t\t<\/div>\n\t<\/div>\n<\/div><\/div><\/div><\/div><div class=\"vc_row wpb_row vc_row-fluid vc_custom_1615074577655 vc_row-has-fill\"><div class=\"wpb_column vc_column_container vc_col-sm-12\"><div class=\"vc_column-inner\"><div class=\"wpb_wrapper\">\t\t\t<div class=\"info-box-wrapper inline-element\">\n\t\t\t\t<div id=\"wd-619055b0e83cc\" class=\" wd-rs-619055b0e83cc wd-info-box wd-wpb text-left box-icon-align-left box-style- color-scheme- wd-bg-none wd-items-top \">\n\t\t\t\t\t\t\t\t\t\t<div class=\"info-box-content\">\n\t\t\t\t\t\t<h4 class=\"info-box-title title box-title-style-default wd-fontsize-m\">Sobre el Autor...<\/h4>\t\t\t\t\t\t<div class=\"info-box-inner reset-last-child\"><p><strong>Plinio Orozco<\/strong>\u00a0es uno de los pastores de Iglesia Bautista Reformada Trono de Gracia, en Caracas, Venezuela, donde tiene la responsabilidad de predicar regularmente la Palabra de Dios. Esta casado con Katherine desde el a\u00f1o 2010. Puedes encontrarlo en\u00a0<a href=\"https:\/\/twitter.com\/pspliniorozco\">Twitter<\/a>\u00a0e\u00a0<a href=\"https:\/\/instagram.com\/pliniorozco\">Instagram<\/a>.<\/p>\n<\/div>\n\n\t\t\t\t\t\t\t\t\t\t\t<\/div>\n\n\t\t\t\t\t\n\t\t\t\t\t<style>#wd-619055b0e83cc .info-box-icon {background-color:  !important;}<\/style>\t\t\t\t<\/div>\n\t\t\t<\/div>\n\t\t<\/div><\/div><\/div><\/div>\n<\/div>\t\t\t\t\t<\/div>\n\t\t\t\t\n\t\t\t\t\t\t\t\t\t<\/div>\n\t<\/div>\n<\/article>\n\n\t\t\t\t\t\t\t\t\t\t\t\n<article id=\"post-59794\" class=\"wd-post blog-design-chess blog-post-loop blog-design-small-images blog-style-bg wd-add-shadow wd-col post-59794 post type-post status-publish format-standard has-post-thumbnail hentry category-vida-cristiana\">\n\t<div class=\"wd-post-inner article-inner\">\n\t\t\t\t\t<div class=\"wd-post-thumb entry-header\">\n\t\t\t\t\t\t\t\t\t<div class=\"wd-post-img post-img-wrapp\">\n\t\t\t\t\t\t<img width=\"320\" height=\"160\" src=\"https:\/\/desarrollocristiano.pe\/wp-content\/uploads\/2021\/11\/justicia-320x160.jpg\" class=\"attachment-large size-large\" alt=\"\" decoding=\"async\" loading=\"lazy\" srcset=\"https:\/\/desarrollocristiano.pe\/wp-content\/uploads\/2021\/11\/justicia-320x160.jpg 320w, https:\/\/desarrollocristiano.pe\/wp-content\/uploads\/2021\/11\/justicia-600x300.jpg 600w, https:\/\/desarrollocristiano.pe\/wp-content\/uploads\/2021\/11\/justicia-150x75.jpg 150w, https:\/\/desarrollocristiano.pe\/wp-content\/uploads\/2021\/11\/justicia-400x200.jpg 400w, https:\/\/desarrollocristiano.pe\/wp-content\/uploads\/2021\/11\/justicia.jpg 700w\" sizes=\"auto, (max-width: 320px) 100vw, 320px\" \/>\t\t\t\t\t<\/div>\n\t\t\t\t\t<a class=\"wd-fill\" href=\"https:\/\/desarrollocristiano.pe\/nuestro-abogado-y-defensor-jesucristo-1-juan-21-2-por-howard-marshall\/\"><\/a>\n\t\t\t\t\n\t\t\t\t\t\t\t\t\t\t\t\t<div class=\"wd-post-date wd-style-with-bg\">\n\t\t\t\t<span class=\"post-date-day\">\n\t\t\t\t\t06\t\t\t\t<\/span>\n\t\t\t\t<span class=\"post-date-month\">\n\t\t\t\t\tNov\t\t\t\t<\/span>\n\t\t\t<\/div>\n\t\t\t\t\t\t\t\t\t<\/div>\n\t\t\n\t\t<div class=\"wd-post-content article-body-container\">\n\t\t\t\t\t\t\t<div class=\"wd-post-cat wd-style-with-bg meta-post-categories\">\n\t\t\t\t\t<a href=\"https:\/\/desarrollocristiano.pe\/categorias\/vida-cristiana\/\" rel=\"category tag\">Vida Cristiana<\/a>\t\t\t\t<\/div>\n\t\t\t\n\t\t\t\t\t\t\t<h3 class=\"wd-post-title wd-entities-title title post-title\">\n\t\t\t\t\t<a href=\"https:\/\/desarrollocristiano.pe\/nuestro-abogado-y-defensor-jesucristo-1-juan-21-2-por-howard-marshall\/\" rel=\"bookmark\">Nuestro Abogado y Defensor Jesucristo: 1 Juan 2:1-2, por Howard Marshall<\/a>\n\t\t\t\t<\/h3>\n\t\t\t\n\t\t\t\t\t\t\t<div class=\"wd-post-meta\">\n\t\t\t\t\t\t\t\t\t\t\t\t\t\t\t<div class=\"wd-post-author\">\n\t\t\t\t\t\t\t\t\t\t\t<span>Posteado por<\/span>\n\t\t\n\t\t\t\t\t<img alt='author-avatar' src='https:\/\/secure.gravatar.com\/avatar\/8f331515e2139e7ffacac78d5e21bc88ee625065cad5d063ef4da73b7cbcfc2d?s=18&#038;d=mm&#038;r=g' srcset='https:\/\/secure.gravatar.com\/avatar\/8f331515e2139e7ffacac78d5e21bc88ee625065cad5d063ef4da73b7cbcfc2d?s=36&#038;d=mm&#038;r=g 2x' class='avatar avatar-18 photo' height='18' width='18' loading='lazy' decoding='async'\/>\t\t\n\t\t\t\t\t<a href=\"https:\/\/desarrollocristiano.pe\/author\/aprnimda7720\/\" class=\"author\" rel=\"author\">Administrador<\/a>\n\t\t\t\t\t\t\t\t\t<\/div>\n\t\t\t\t\t<div class=\"wd-modified-date\">\n\t\t\t\t\t\t\t\t<time class=\"updated\" datetime=\"2021-11-04T16:29:59-05:00\">\n\t\t\t04\/11\/2021\t\t<\/time>\n\t\t\t\t\t\t\t<\/div>\n\n\t\t\t\t\t\t\t\t\t\t\t<div class=\"wd-post-share wd-tltp\">\n\t\t\t\t\t\t\t<div class=\"tooltip top\">\n\t\t\t\t\t\t\t\t<div class=\"tooltip-inner\">\n\t\t\t\t\t\t\t\t\t\t\t\t<div\n\t\t\t\t\t\tclass=\" wd-social-icons  wd-style-default wd-size-small social-share wd-shape-circle color-scheme-light text-center\">\n\t\t\t\t\n\t\t\t\t\n\t\t\t\t\t\t\t\t\t<a rel=\"noopener noreferrer nofollow\" href=\"https:\/\/www.facebook.com\/sharer\/sharer.php?u=https:\/\/desarrollocristiano.pe\/articulos-pastorales\/\" target=\"_blank\" class=\" wd-social-icon social-facebook\" aria-label=\"Facebook social link\">\n\t\t\t\t\t\t<span class=\"wd-icon\"><\/span>\n\t\t\t\t\t\t\t\t\t\t\t<\/a>\n\t\t\t\t\n\t\t\t\t\t\t\t\t\t<a rel=\"noopener noreferrer nofollow\" href=\"https:\/\/x.com\/share?url=https:\/\/desarrollocristiano.pe\/articulos-pastorales\/\" target=\"_blank\" class=\" wd-social-icon social-twitter\" aria-label=\"X social link\">\n\t\t\t\t\t\t<span class=\"wd-icon\"><\/span>\n\t\t\t\t\t\t\t\t\t\t\t<\/a>\n\t\t\t\t\n\t\t\t\t\n\t\t\t\t\t\t\t\t\t<a rel=\"noopener noreferrer nofollow\" href=\"mailto:?subject=Check%20this%20https:\/\/desarrollocristiano.pe\/articulos-pastorales\/\" target=\"_blank\" class=\" wd-social-icon social-email\" aria-label=\"Email social link\">\n\t\t\t\t\t\t<span class=\"wd-icon\"><\/span>\n\t\t\t\t\t\t\t\t\t\t\t<\/a>\n\t\t\t\t\n\t\t\t\t\n\t\t\t\t\n\t\t\t\t\n\t\t\t\t\t\t\t\t\t<a rel=\"noopener noreferrer nofollow\" href=\"https:\/\/pinterest.com\/pin\/create\/button\/?url=https:\/\/desarrollocristiano.pe\/articulos-pastorales\/&media=https:\/\/desarrollocristiano.pe\/wp-content\/uploads\/2021\/11\/justicia.jpg&description=Nuestro+Abogado+y+Defensor+Jesucristo%3A+1+Juan+2%3A1-2%2C+por+Howard+Marshall\" target=\"_blank\" class=\" wd-social-icon social-pinterest\" aria-label=\"Pinterest social link\">\n\t\t\t\t\t\t<span class=\"wd-icon\"><\/span>\n\t\t\t\t\t\t\t\t\t\t\t<\/a>\n\t\t\t\t\n\t\t\t\t\n\t\t\t\t\t\t\t\t\t<a rel=\"noopener noreferrer nofollow\" href=\"https:\/\/www.linkedin.com\/shareArticle?mini=true&url=https:\/\/desarrollocristiano.pe\/articulos-pastorales\/\" target=\"_blank\" class=\" wd-social-icon social-linkedin\" aria-label=\"Linkedin social link\">\n\t\t\t\t\t\t<span class=\"wd-icon\"><\/span>\n\t\t\t\t\t\t\t\t\t\t\t<\/a>\n\t\t\t\t\n\t\t\t\t\n\t\t\t\t\n\t\t\t\t\n\t\t\t\t\n\t\t\t\t\n\t\t\t\t\n\t\t\t\t\n\t\t\t\t\n\t\t\t\t\t\t\t\t\t<a rel=\"noopener noreferrer nofollow\" href=\"https:\/\/api.whatsapp.com\/send?text=https%3A%2F%2Fdesarrollocristiano.pe%2Farticulos-pastorales%2F\" target=\"_blank\" class=\"wd-hide-md  wd-social-icon social-whatsapp\" aria-label=\"WhatsApp social link\">\n\t\t\t\t\t\t<span class=\"wd-icon\"><\/span>\n\t\t\t\t\t\t\t\t\t\t\t<\/a>\n\n\t\t\t\t\t<a rel=\"noopener noreferrer nofollow\" href=\"whatsapp:\/\/send?text=https%3A%2F%2Fdesarrollocristiano.pe%2Farticulos-pastorales%2F\" target=\"_blank\" class=\"wd-hide-lg  wd-social-icon social-whatsapp\" aria-label=\"WhatsApp social link\">\n\t\t\t\t\t\t<span class=\"wd-icon\"><\/span>\n\t\t\t\t\t\t\t\t\t\t\t<\/a>\n\t\t\t\t\n\t\t\t\t\n\t\t\t\t\n\t\t\t\t\n\t\t\t\t\n\t\t\t\t\n\t\t\t\t\t\t\t\t\t<a rel=\"noopener noreferrer nofollow\" href=\"https:\/\/telegram.me\/share\/url?url=https:\/\/desarrollocristiano.pe\/articulos-pastorales\/\" target=\"_blank\" class=\" wd-social-icon social-tg\" aria-label=\"Telegram social link\">\n\t\t\t\t\t\t<span class=\"wd-icon\"><\/span>\n\t\t\t\t\t\t\t\t\t\t\t<\/a>\n\t\t\t\t\n\t\t\t\t\n\t\t\t<\/div>\n\n\t\t\t\t\t\t\t\t\t\t<\/div>\n\t\t\t\t\t\t\t\t<div class=\"tooltip-arrow\"><\/div>\n\t\t\t\t\t\t\t<\/div>\n\t\t\t\t\t\t<\/div>\n\t\t\t\t\t\n\t\t\t\t\t\t\t\t\t\t\t\t\t\t\t\t\t<div class=\"wd-post-reply wd-style-1\">\n\t\t\t\t\t\t\t<a href=\"https:\/\/desarrollocristiano.pe\/nuestro-abogado-y-defensor-jesucristo-1-juan-21-2-por-howard-marshall\/#respond\"><span class=\"wd-replies-count\">0<\/span><\/a>\t\t\t\t\t\t<\/div>\n\t\t\t\t\t\t\t\t\t<\/div>\n\t\t\t\n\t\t\t\t\t\t\t\t\t\t\t\t<div class=\"wd-post-excerpt entry-content\">\n\t\t\t\t\t\t<div class=\"wpb-content-wrapper\"><div class=\"vc_row wpb_row vc_row-fluid\"><div class=\"wpb_column vc_column_container vc_col-sm-12\"><div class=\"vc_column-inner\"><div class=\"wpb_wrapper\">\n\t<div class=\"wpb_text_column wpb_content_element texto_parrafo text-larger\" >\n\t\t<div class=\"wpb_wrapper\">\n\t\t\t<p>Por: <strong>Howard Marshall<\/strong><br \/>\nFuente: <a href=\"https:\/\/semperreformandaperu.org\/2018\/01\/03\/nuestro-abogado-y-defensor-jesucristo-1-juan-21-2-por-howard-marshall\/\">Teolog\u00eda para Vivir<\/a><\/p>\n<p>Hace unas semanas el ministerio \u2018Teolog\u00eda para Vivir\u2019, en colaboraci\u00f3n con la Iglesia \u2018La Capilla de la Roca\u2019, comenzaron una serie de sermones expositivos en 1 Juan. Cada serm\u00f3n est\u00e1 acompa\u00f1ado de una exposici\u00f3n de la Palabra en video, el bosquejo y contenido del serm\u00f3n preparado por el expositor, as\u00ed como un comentario adicional de acuerdo al pasaje en cuesti\u00f3n. La finalidad de esto es poder ayudar y motivar a los predicadores a predicar expositivamente de las Escrituras. El comentario que se presenta a continuaci\u00f3n, esperamos que sirva como un complemento al serm\u00f3n y el bosquejo, a fin de facilitar a\u00fan m\u00e1s a los predicadores la preparaci\u00f3n de sus sermones expositivos.<\/p>\n<p><strong>Nuestro abogado y defensor Jesucristo: 1 Juan 2:1-2<\/strong><\/p>\n<blockquote>\n<ul>\n<li>Para ver el video del serm\u00f3n,\u00a0<a href=\"https:\/\/www.facebook.com\/teologiaparavivir\/videos\/vl.1658986587494122\/1951378241741619\/?type=1\" target=\"_blank\" rel=\"noopener\">aqu\u00ed.<\/a><\/li>\n<li>Para ver el bosquejo del serm\u00f3n,\u00a0<a href=\"https:\/\/semperreformandaperu.org\/2017\/12\/13\/vida-santa-en-cristo-1-juan-21-2-por-daniel-calle\/\" target=\"_blank\" rel=\"noopener\">aqu\u00ed.<\/a><\/li>\n<li>Para ver el comentario exeg\u00e9tico del serm\u00f3n,\u00a0<a href=\"https:\/\/semperreformandaperu.org\/2018\/01\/03\/nuestro-abogado-y-defensor-jesucristo-1-juan-21-2-por-howard-marshall\/\" target=\"_blank\" rel=\"noopener\">aqu\u00ed.<\/a><\/li>\n<\/ul>\n<\/blockquote>\n<p><strong>Nuestro abogado y defensor Jesucristo: 1 Juan 2:1-2<\/strong><\/p>\n<p><strong>1 Juan 2:1\u20132<\/strong><\/p>\n<blockquote><p>\n<em>Verso 1. Hijitos m\u00edos, les escribo estas cosas para que no pequen. Y si alguien peca, tenemos Abogado (Intercesor) para con el Padre, a Jesucristo el Justo.<\/em>\n<\/p><\/blockquote>\n<p>&nbsp;<\/p>\n<blockquote><p>\n<em>Verso 2. El mismo es la propiciaci\u00f3n por nuestros pecados, y no s\u00f3lo por los nuestros, sino tambi\u00e9n por los del mundo entero.<\/em>\n<\/p><\/blockquote>\n<p><strong>Comentario.<\/strong><\/p>\n<p><strong><em>Verso 1. Hijitos m\u00edos, les escribo estas cosas para que no pequen. Y si alguien peca, tenemos Abogado (Intercesor) para con el Padre, a Jesucristo el Justo.<\/em><\/strong><\/p>\n<p>En este punto hay una breve pausa en el pensamiento, indicada por el \u00abhijitos m\u00edos\u00bb dirigido por el autor a sus lectores.<sup>1<a href=\"https:\/\/semperreformandaperu.org\/2018\/01\/03\/nuestro-abogado-y-defensor-jesucristo-1-juan-21-2-por-howard-marshall\/#_ftn1\" name=\"_ftnref1\">9<\/a><\/sup>\u00a0En los vers\u00edculos anteriores ha tenido muy presentes a sus opositores, y ha citado la clase de afirmaciones que hacen, por las cuales otros miembros de la iglesia podr\u00edan ser desviados. Ahora dirige su atenci\u00f3n m\u00e1s espec\u00edficamente a los miembros de la iglesia y les hace una exhortaci\u00f3n. El que haya escogido la palabra \u00abhijitos\u00bb indica la cari\u00f1osa preocupaci\u00f3n que tiene por ellos. Cuando los describe como hijos de Dios, emplea otra palabra griega (3:1).<sup>2<a href=\"https:\/\/semperreformandaperu.org\/2018\/01\/03\/nuestro-abogado-y-defensor-jesucristo-1-juan-21-2-por-howard-marshall\/#_ftn2\" name=\"_ftnref2\">0<\/a><\/sup>\u00a0Es interesante notar que, aunque Jes\u00fas orden\u00f3 a sus disc\u00edpulos no llamarse \u00abpadre\u00bb unos a otros (Mt. 23:9), a menudo se compara la relaci\u00f3n del pastor con su congregaci\u00f3n con la de un padre con sus hijos, y los pastores no ten\u00edan reparos en dirigirse a sus congregaciones como \u00abhijos\u00bb (e.g., 1 Co. 4:14, 17; G\u00e1. 4:19; 1 Ti. 1:2; Flm. 10; 3 Jn. 4).<\/p>\n<p>En los vers\u00edculos anteriores Juan hab\u00eda hecho hincapi\u00e9 en el hecho de que los cristianos no estaban libres del pecado. Era posible que sus lectores interpretaran esto<sup>2<a href=\"https:\/\/semperreformandaperu.org\/2018\/01\/03\/nuestro-abogado-y-defensor-jesucristo-1-juan-21-2-por-howard-marshall\/#_ftn3\" name=\"_ftnref3\">1<\/a><\/sup>\u00a0como una licencia para pecar. Si una de las caracter\u00edsticas de los cristianos era el pecado, y se pod\u00eda conseguir el perd\u00f3n gratuitamente, los lectores bien pod\u00edan reaccionar como aquellos que dec\u00edan: \u00ab\u00bfPerseveraremos en el pecado para que la gracia abunde?\u00bb (Ro. 6:1). Juan, por tanto, ten\u00eda que poner muy en claro que lo que \u00e9l buscaba era que los cristianos no pecaran. El pecado no confesado era incompatible con la comuni\u00f3n con Dios. El prop\u00f3sito de Juan, por tanto, era que sus lectores reconocieran su pecado y lo confesaran, y tambi\u00e9n que se esforzaran por vivir sin pecado. Es f\u00e1cil vivir sin pecado si uno niega que sus actos son realmente pecaminosos. Juan desea que sus lectores se den cuenta del hecho de que el pecado lo penetra todo \u2026 y que, sin embargo, vivan sin pecar.<\/p>\n<p>Luego de insertar esta nota casi parent\u00e9tica, regresa por tercera vez al tema del perd\u00f3n. Existe un remedio para aquellos que pecan y lo confiesan, y consiste en el hecho de que \u00abtenemos a uno que habla ante el Padre en defensa nuestra.\u00bb As\u00ed parafrasea la NI<a href=\"https:\/\/semperreformandaperu.org\/2018\/01\/03\/nuestro-abogado-y-defensor-jesucristo-1-juan-21-2-por-howard-marshall\/#_ftn4\" name=\"_ftnref4\">V<\/a>\u00a0la palabra griega que generalmente se traduce como \u00ababogado\u00bb. La palabra castellana se basa en el lat\u00edn\u00a0<em>advocatus<\/em>, que a su vez corresponde al griego\u00a0<em>parakl\u0113tos<\/em>, y significa literalmente \u00abuno llamado al lado (para ayudar)\u00bb. En este contexto, indudablemente significa un \u00ababogado\u00bb o \u00abdefensor\u00bb, en un contexto legal. Significa una persona que intercede en favor de otro. Hay buena evidencia de que \u00e9ste era uno de los significados de la palabra griega, y era com\u00fan en el Antiguo Testamento y en el trasfondo jud\u00edo del Nuevo Testamento. Pablo tambi\u00e9n habla de Jes\u00fas como el que est\u00e1 a la diestra de Dios e intercede por nosotros (Ro. 8:34). Esta es la idea que se encuentra aqu\u00ed. No tenemos nada que argumentar ante Dios para ganar el perd\u00f3n por nuestros pecados, pero Jesucristo act\u00faa como nuestro abogado y presenta su defensa en favor nuestro.<sup>2<a href=\"https:\/\/semperreformandaperu.org\/2018\/01\/03\/nuestro-abogado-y-defensor-jesucristo-1-juan-21-2-por-howard-marshall\/#_ftn5\" name=\"_ftnref5\">2<\/a><\/sup>\u00a0Se lo describe como justo. A Juan le gusta emplear este adjetivo con respecto a Jes\u00fas, especialmente cuando piensa en Jes\u00fas como un ejemplo que deben seguir los cristianos (2:29; 3:7). Tambi\u00e9n Pedro describe a Jes\u00fas en esta forma cuando contrasta la inocencia de Jes\u00fas con la maldad de los que lo mataron (Hch. 3:14; cf. 7:52), pero sobre todo se refer\u00eda a Jes\u00fas como el Justo que muri\u00f3 por los injustos, para llevarnos a Dios (1 P. 3:18).<sup>2<a href=\"https:\/\/semperreformandaperu.org\/2018\/01\/03\/nuestro-abogado-y-defensor-jesucristo-1-juan-21-2-por-howard-marshall\/#_ftn6\" name=\"_ftnref6\">3<\/a><\/sup>\u00a0Esta es la idea que se encuentra aqu\u00ed. Jesucristo no solamente no tiene pecados propios por los cuales deba sufrir, sino que tiene la capacidad de interceder por otros, por cuanto no ha sido contaminado por el pecado. Puede, por as\u00ed decirlo, presentar su propia justicia ante Dios y pedirle que perdone a los pecadores en base a su acto justo.<sup>2<a href=\"https:\/\/semperreformandaperu.org\/2018\/01\/03\/nuestro-abogado-y-defensor-jesucristo-1-juan-21-2-por-howard-marshall\/#_ftn7\" name=\"_ftnref7\">4<\/a><\/sup><\/p>\n<p><strong><em>Verso 2. El mismo es la propiciaci\u00f3n por nuestros pecados, y no s\u00f3lo por los nuestros, sino tambi\u00e9n por los del mundo entero.\u00a0<\/em><\/strong><strong>\u00a0<\/strong><\/p>\n<p>Pero \u00bfcu\u00e1l es precisamente el fundamento sobre el cual el abogado basa su caso? Juan pasa a elucidar el pensamiento describiendo a Jes\u00fas como \u00abla propiciaci\u00f3n\u00bb (<em>hilasmos<\/em>) por nuestros pecados. El \u00fanico otro lugar del Nuevo Testamento donde se encuentra esta palabra es 4:10,<sup>2<a href=\"https:\/\/semperreformandaperu.org\/2018\/01\/03\/nuestro-abogado-y-defensor-jesucristo-1-juan-21-2-por-howard-marshall\/#_ftn8\" name=\"_ftnref8\">5<\/a><\/sup>\u00a0y ha dado lugar a considerable debate, por no decir controversia. Cuando la palabra aparece fuera de la Biblia, transmite la idea de una ofrenda presentada por el hombre con el fin de aplacar la ira de un dios a quien ha ofendido. Era un medio de hacer cambiar al dios de una actitud de ira a una actitud favorable d\u00e1ndole algo para compensar por la ofensa que hab\u00eda sufrido. En la versi\u00f3n griega del Antiguo Testamento, sin embargo, el significado es debatible. Westcott y Dodd afirman que, mientras en el griego secular el objeto de la acci\u00f3n del verbo correspondiente es el dios ofendido, en el Antiguo Testamento el objeto es la ofensa misma, y de all\u00ed concluyen que \u00abel concepto de la Escritura \u2026 no es el de apaciguar a alguien que est\u00e1 airado y que tiene un sentimiento personal contra el ofensor, sino el de cambiar el car\u00e1cter de aquello que ocasiona desde fuera una necesaria separaci\u00f3n y coloca un obst\u00e1culo inevitable a la comuni\u00f3n.\u00bb<sup>2<a href=\"https:\/\/semperreformandaperu.org\/2018\/01\/03\/nuestro-abogado-y-defensor-jesucristo-1-juan-21-2-por-howard-marshall\/#_ftn9\" name=\"_ftnref9\">6<\/a><\/sup>\u00a0Esta opini\u00f3n fue fortalecida al hacer notar que Dios mismo puede ser el que provee el sacrificio. La conclusi\u00f3n era que en las fuentes seculares la palabra significa \u00abpropiciaci\u00f3n\u00bb, i.e., un medio para aplacar a una persona ofendida, pero en la Biblia significa \u00abexpiaci\u00f3n\u00bb, i.e., un medio para neutralizar el pecado y anularlo. Como ninguna de estas palabras es de uso com\u00fan hoy d\u00eda, algunas versiones modernas ofrecen una par\u00e1frasis. La Versi\u00f3n Ecum\u00e9nica combina las dos ideas al traducir \u00absacrificio de purificaci\u00f3n\u00bb, ya que el \u00absacrificio\u00bb es algo que se ofrece a Dios y la \u00abpurificaci\u00f3n\u00bb es algo que se hace debido al pecado. La Versi\u00f3n Popular dice: \u00abJesucristo se ofreci\u00f3 para que nuestros pecados sean perdonados\u00bb; mientras que la Biblia para Latinoam\u00e9rica traduce: \u00abEl es la v\u00edctima por nuestros pecados\u00bb.<\/p>\n<p>La interpretaci\u00f3n de la evidencia de Westcott y Dodd ha sido fuertemente cuestionada por L. Morris y D. Hill.<sup>2<a href=\"https:\/\/semperreformandaperu.org\/2018\/01\/03\/nuestro-abogado-y-defensor-jesucristo-1-juan-21-2-por-howard-marshall\/#_ftn10\" name=\"_ftnref10\">7<\/a><\/sup>\u00a0Estos dos eruditos han demostrado que a menudo en el Antiguo Testamento est\u00e1 presente la idea de aplacar la ira de Dios cuando se usa el grupo de palabras en cuesti\u00f3n, y concluyen que lo mismo es verdad en el Nuevo Testamento. El sentido del pasaje en 1 Juan, entonces, ser\u00eda que Jes\u00fas propicia a Dios con respecto a nuestros pecados.<sup>2<a href=\"https:\/\/semperreformandaperu.org\/2018\/01\/03\/nuestro-abogado-y-defensor-jesucristo-1-juan-21-2-por-howard-marshall\/#_ftn11\" name=\"_ftnref11\">8<\/a><\/sup>\u00a0No cabe duda de que \u00e9ste es el significado. En el vers\u00edculo anterior Jes\u00fas act\u00faa ante Dios como nuestro abogado. La imagen que contin\u00faa en este vers\u00edculo es la de Jes\u00fas abogando por la causa de los pecadores culpables ante un juez a quien se le pide el perd\u00f3n de una culpa que ellos reconocen. No se le est\u00e1 pidiendo que los declare inocentes, i.e., que diga que no hay evidencia de que hayan pecado, sino m\u00e1s bien que les conceda el perd\u00f3n por el pecado que reconocen. Para que se conceda el perd\u00f3n, se realiza una acci\u00f3n con respecto a los pecados que tiene el efecto de volver a Dios en favor del pecador. Si deseamos, podemos decir que los pecados son cancelados por dicha acci\u00f3n. Esto significa que una acci\u00f3n tiene el doble efecto de expiar el pecado y as\u00ed propiciar a Dios. Estos dos aspectos son inseparables, y una buena traducci\u00f3n tratar\u00e1 de transmitir los dos.<sup>2<a href=\"https:\/\/semperreformandaperu.org\/2018\/01\/03\/nuestro-abogado-y-defensor-jesucristo-1-juan-21-2-por-howard-marshall\/#_ftn12\" name=\"_ftnref12\">9<\/a><\/sup><\/p>\n<p>El sacrificio propiciatorio, naturalmente, es la muerte de Jes\u00fas. Esto es evidente por el hecho de que en la afirmaci\u00f3n paralela de 1:7 es la sangre de Jes\u00fas la que nos limpia de todo pecado. La sangre es una met\u00e1fora de la muerte sacrificial.<\/p>\n<p>Se deben notar dos puntos importantes. El primero es que Jes\u00fas es tanto el abogado como el sacrificio propiciatorio. Lo que ruega por los pecadores es lo que \u00e9l mismo ha hecho a su favor. Esto es lo que lo hace para ellos un abogado justo. El segundo punto es que los t\u00e9rminos de abogado y sacrificio parecen colocar a Jes\u00fas en contraste con Dios como si Dios tuviera que ser persuadido por un tercero de que nos perdone. Una debilidad inherente a la imagen que se emplea aqu\u00ed es que corre el peligro de presentar a Dios como un juez reacio, a quien el abogado tiene que arrancar el perd\u00f3n para los pecadores. Pero \u00e9sta ser\u00eda una conclusi\u00f3n falsa. Ya en 1:9 Juan ha hecho hincapi\u00e9 en que Dios es fiel y justo para perdonarnos nuestros pecados, y en 4:9s. une su poderosa voz al coro del Nuevo Testamento que declara que fue Dios el Padre quien dio a Jes\u00fas su Hijo para que fuera el sacrificio propiciatorio por nuestros pecados. Es Dios mismo quien provee el medio de nuestro perd\u00f3n y paga el costo. El t\u00e9rmino \u00ababogado\u00bb, en \u00faltima instancia es inadecuado para expresar la paradoja del Dios ofendido que perdona por s\u00ed mismo nuestras ofensas dando a su propio Hijo para que sea nuestro Salvador.<\/p>\n<p>Pero no es esto lo \u00fanico de lo cual debemos admirarnos.<sup>3<a href=\"https:\/\/semperreformandaperu.org\/2018\/01\/03\/nuestro-abogado-y-defensor-jesucristo-1-juan-21-2-por-howard-marshall\/#_ftn13\" name=\"_ftnref13\">0<\/a><\/sup>\u00a0En una de las t\u00edpicas ideas que agrega, Juan a\u00f1ade que la eficacia de este sacrificio no se limita a los pecados del grupo particular de sus lectores, sino que alcanza a toda la humanidad.<sup>3<a href=\"https:\/\/semperreformandaperu.org\/2018\/01\/03\/nuestro-abogado-y-defensor-jesucristo-1-juan-21-2-por-howard-marshall\/#_ftn14\" name=\"_ftnref14\">1<\/a><\/sup>\u00a0La provisi\u00f3n universal implica que todos los hombres la necesitan. No hay camino a la comuni\u00f3n con Dios excepto por el perd\u00f3n de nuestros pecados por medio del sacrificio de Jes\u00fas. Al mismo tiempo, Juan descarta la idea de que la muerte de Jes\u00fas sea de eficacia limitada: la posibilidad del perd\u00f3n es c\u00f3smica y universal. Como suele suceder, Carlos Wesley capt\u00f3 la idea admirablemente cuando escribi\u00f3:<\/p>\n<blockquote><p>\n<em>Sufri\u00f3 para al mundo redimir;\u00a0Propiciaci\u00f3n por todos realiz\u00f3;\u00a0Por los que no vendr\u00e1n a \u00e9l\u00a0El precio de su vida dio.<sup>3<a href=\"https:\/\/semperreformandaperu.org\/2018\/01\/03\/nuestro-abogado-y-defensor-jesucristo-1-juan-21-2-por-howard-marshall\/#_ftn15\" name=\"_ftnref15\">2<\/a><\/sup><\/em>\n<\/p><\/blockquote>\n<p>La ense\u00f1anza de Juan en esta secci\u00f3n se levanta contra los errores de la iglesia de hoy que reflejan los del siglo i. Uno de estos errores es la idea de que los actos pecaminosos no nos privan del acceso a Dios. Los hombres modernos tratan el pecado con ligereza, y en la medida en que creen en Dios, tienen la convicci\u00f3n de que \u00e9l es bastante tolerante con nuestras flaquezas y faltas. No se toma con la suficiente seriedad el mensaje de que Dios es luz. Probablemente pocas personas negar\u00e1n que las acciones deliberada y claramente malas son incompatibles con la religi\u00f3n verdadera. Lo que niegan es que alguno de sus propios actos caiga en esa categor\u00eda. Hay un rechazo a medir las acciones por las normas de Dios. El otro error es la pretensi\u00f3n de no tener pecado. Sea lo que fuere que se diga posteriormente en esta ep\u00edstola, aqu\u00ed Juan se muestra muy firme contra cualquier pretensi\u00f3n de perfecci\u00f3n que puedan tener los cristianos. Ninguno de nosotros est\u00e1 libre de pecado; ninguno de nosotros puede pretender que no necesita la limpieza ofrecida por Jes\u00fas a los pecadores.<a href=\"https:\/\/semperreformandaperu.org\/2018\/01\/03\/nuestro-abogado-y-defensor-jesucristo-1-juan-21-2-por-howard-marshall\/#_ftn16\" name=\"_ftnref16\"><sup>[1]<\/sup><\/a><\/p>\n<blockquote><p>\nAdaptado de: I. Howard Marshall,\u00a0<em>Las Cartas de Juan<\/em>\u00a0(Buenos Aires; Grand Rapids, MI: Nueva Creaci\u00f3n; William B. Eerdmans Publishing Company, 1991), 111-116.\n<\/p><\/blockquote>\n<p>&nbsp;<\/p>\n<p><strong>Notas:<\/strong><\/p>\n<p><a href=\"https:\/\/semperreformandaperu.org\/2018\/01\/03\/nuestro-abogado-y-defensor-jesucristo-1-juan-21-2-por-howard-marshall\/#_ftnref1\" name=\"_ftn1\"><sup>19<\/sup><\/a>\u00a0Las versiones castellanas traducen bien el griego\u00a0<em>teknion<\/em>, literalmente \u00abni\u00f1ito\u00bb, una forma diminutiva que expresa afecto.<\/p>\n<p><a href=\"https:\/\/semperreformandaperu.org\/2018\/01\/03\/nuestro-abogado-y-defensor-jesucristo-1-juan-21-2-por-howard-marshall\/#_ftnref2\" name=\"_ftn2\"><sup>20<\/sup><\/a>\u00a0Respecto a\u00a0<em>teknion<\/em>, ver 2:12, 28; 3:7, 18; 4:4; 5:21. Juan usa tambi\u00e9n\u00a0<em>paidion<\/em>\u00a0(2:14, 18) en el mismo sentido.<\/p>\n<p><a href=\"https:\/\/semperreformandaperu.org\/2018\/01\/03\/nuestro-abogado-y-defensor-jesucristo-1-juan-21-2-por-howard-marshall\/#_ftnref3\" name=\"_ftn3\"><sup>21<\/sup><\/a>\u00a0<em>Tauta<\/em>\u00a0se refiere a lo que acaba de escribir, pero el autor puede estar pensando en la ep\u00edstola en su totalidad; cf. 5:13.<\/p>\n<p><a href=\"https:\/\/semperreformandaperu.org\/2018\/01\/03\/nuestro-abogado-y-defensor-jesucristo-1-juan-21-2-por-howard-marshall\/#_ftnref4\" name=\"_ftn4\">NIV<\/a>\u00a0<em>New International Version<\/em><\/p>\n<p><a href=\"https:\/\/semperreformandaperu.org\/2018\/01\/03\/nuestro-abogado-y-defensor-jesucristo-1-juan-21-2-por-howard-marshall\/#_ftnref5\" name=\"_ftn5\"><sup>22<\/sup><\/a>\u00a0El significado de\u00a0<em>parakl\u0113tos<\/em>\u00a0en Juan 14\u201316 puede ser diferente del de este pasaje. No es necesario tratarlo aqu\u00ed. Ver J. Behm, TDNT V, 800\u2013814; R. E. Brown,\u00a0<em>The Gospel according to John<\/em>, Nueva York, 1967, y Londres, 1971, II, 1135\u20131144; O. Betz,\u00a0<em>Der Paraklet<\/em>, Leiden, 1963.<\/p>\n<p><a href=\"https:\/\/semperreformandaperu.org\/2018\/01\/03\/nuestro-abogado-y-defensor-jesucristo-1-juan-21-2-por-howard-marshall\/#_ftnref6\" name=\"_ftn6\"><sup>23<\/sup><\/a>\u00a0J. Jeremias, TDNT V, 707, sostiene que lo que aqu\u00ed tenemos es un t\u00edtulo mesi\u00e1nico tradicional que se remonta a Isa\u00edas 53:11; cf. Enoc 38.2; 53.6<\/p>\n<p><a href=\"https:\/\/semperreformandaperu.org\/2018\/01\/03\/nuestro-abogado-y-defensor-jesucristo-1-juan-21-2-por-howard-marshall\/#_ftnref7\" name=\"_ftn7\"><sup>24<\/sup><\/a>\u00a0Posiblemente el pensamiento sea que su defensa no se basa en una vana pretensi\u00f3n.<\/p>\n<p><a href=\"https:\/\/semperreformandaperu.org\/2018\/01\/03\/nuestro-abogado-y-defensor-jesucristo-1-juan-21-2-por-howard-marshall\/#_ftnref8\" name=\"_ftn8\"><sup>25<\/sup><\/a>\u00a0Se emplean otras palabras de la misma ra\u00edz:\u00a0<em>hilaskomai<\/em>\u00a0en Lc. 18:13 y He. 2:17;\u00a0<em>hilast\u0113rion<\/em>\u00a0en Ro. 3:25 y He. 9:5; y\u00a0<em>hile\u014ds<\/em>\u00a0en Mt. 16:22 y He. 8:12.<\/p>\n<p><a href=\"https:\/\/semperreformandaperu.org\/2018\/01\/03\/nuestro-abogado-y-defensor-jesucristo-1-juan-21-2-por-howard-marshall\/#_ftnref9\" name=\"_ftn9\"><sup>26<\/sup><\/a>\u00a0Westcott, 85\u201387; C. H. Dodd, \u00ab<em>Hilaskomai, its cognates, derivatives and synonyms in the Septuagint<\/em>\u00bb, JTS 32, 1931, 352\u2013360; reimpreso en\u00a0<em>The Bible and the Greeks<\/em>, Londres, 1935, 82\u201395.<\/p>\n<p><a href=\"https:\/\/semperreformandaperu.org\/2018\/01\/03\/nuestro-abogado-y-defensor-jesucristo-1-juan-21-2-por-howard-marshall\/#_ftnref10\" name=\"_ftn10\"><sup>27<\/sup><\/a>\u00a0Ver L. Morris,\u00a0<em>The Apostolic Preaching of the Cross<\/em>, London, 1965<sup>3<\/sup>, caps. 5 y 6; D. Hill,\u00a0<em>Greek Words and Hebrew Meanings<\/em>, Cambridge, 1967, cap. 2. Ver adem\u00e1s R. R. Nicole, \u00abC. H. Dodd and the Doctrine of Propitiation\u00bb,\u00a0<em>Westminster Theological Journal<\/em>\u00a017, 1954\u20131955, 117\u2013157;\u00a0<em>\u00eddem<\/em>, \u00ab\u2018Hilaskesthai\u2019 Revisited\u00bb, EQ 49, 1977, 173\u2013177; N. H. Young, \u00abC. H. Dodd, \u2018Hilaskesthai\u2019 and his critics,\u00bb EQ 48, 1976, 67\u201378.<\/p>\n<p><a href=\"https:\/\/semperreformandaperu.org\/2018\/01\/03\/nuestro-abogado-y-defensor-jesucristo-1-juan-21-2-por-howard-marshall\/#_ftnref11\" name=\"_ftn11\"><sup>28<\/sup><\/a>\u00a0El griego\u00a0<em>peri<\/em>; cf. 4:10; 1P. 3:18. Ver tambi\u00e9n He. 5:3; 10:6, 8, 18, 26; 13:11; Riesenfeld, TDNT VI, 53\u201356.<\/p>\n<p><a href=\"https:\/\/semperreformandaperu.org\/2018\/01\/03\/nuestro-abogado-y-defensor-jesucristo-1-juan-21-2-por-howard-marshall\/#_ftnref12\" name=\"_ftn12\"><sup>29<\/sup><\/a>\u00a0El problema es si la acci\u00f3n tiene principalmente el prop\u00f3sito de expiar el pecado o de propiciar a Dios. El argumento com\u00fan de que no puede estar presente la idea de propiciaci\u00f3n porque es Dios quien provee el medio no puede aplicarse a este pasaje, ya que es Dios ante quien aboga el Hijo. (Por esta raz\u00f3n H. Clavier se equivoca al interpretar el pasaje en el sentido de que Dios ofrece la propiciaci\u00f3n a los hombres con el fin de ganarlos y de que abandonen la oposici\u00f3n a \u00e9l: \u00abNotes sur un mot-clef du johannisme et de la sot\u00e9riologie biblique:\u00a0<em>hilasmos<\/em>\u00bb, NovT 10, 1968, 287\u2013304.) El hecho ser\u00eda que el grupo de palabras puede tener diferentes matices en diversos contextos, y en algunos casos tiene el sentido de expiaci\u00f3n (cf. 2 R. 5:18; Sal. 25:11; Sir. 5:5s.), mientras que en otros tiene el sentido de propiciaci\u00f3n. Ver adem\u00e1s J. D. G. Dunn, \u00abPaul\u2019s Understanding of the Death of Jesus\u00bb, en R. J. Banks (ed.),\u00a0<em>Reconciliation and Hope<\/em>, Grand Rapids\/Exeter, 1974, 125\u2013141, especialmente 137\u2013139.<\/p>\n<p><a href=\"https:\/\/semperreformandaperu.org\/2018\/01\/03\/nuestro-abogado-y-defensor-jesucristo-1-juan-21-2-por-howard-marshall\/#_ftnref13\" name=\"_ftn13\"><sup>30<\/sup><\/a>\u00a0N\u00f3tese el extra\u00f1o empleo de\u00a0<em>de<\/em>\u00a0tan avanzada la oraci\u00f3n (BD 475<sup>2<\/sup>).<\/p>\n<p><a href=\"https:\/\/semperreformandaperu.org\/2018\/01\/03\/nuestro-abogado-y-defensor-jesucristo-1-juan-21-2-por-howard-marshall\/#_ftnref14\" name=\"_ftn14\"><sup>31<\/sup><\/a>\u00a0Cf. Jn. 1:29. La opini\u00f3n de Westcott (44s.) de que debemos traducir \u00absino por todo el mundo\u00bb parece demasiado sutil.<\/p>\n<p><a href=\"https:\/\/semperreformandaperu.org\/2018\/01\/03\/nuestro-abogado-y-defensor-jesucristo-1-juan-21-2-por-howard-marshall\/#_ftnref15\" name=\"_ftn15\"><sup>32<\/sup><\/a>\u00a0<em>The world He suffered to redeem<\/em>;<\/p>\n<p><em>For all He hath the atonement made<\/em>;<\/p>\n<p><em>For those that will not come to Him<\/em><\/p>\n<p><em>the ransom of His life was paid<\/em>.<\/p>\n<p>\u00abFather, whose everlasting love.\u00bb (<em>The Methodist Hymnbook<\/em>, Londres, 1933, No. 75).<\/p>\n<p><a href=\"https:\/\/semperreformandaperu.org\/2018\/01\/03\/nuestro-abogado-y-defensor-jesucristo-1-juan-21-2-por-howard-marshall\/#_ftnref16\" name=\"_ftn16\"><sup>[1]<\/sup><\/a>\u00a0I. Howard Marshall,\u00a0<em>Las Cartas de Juan<\/em>\u00a0(Buenos Aires; Grand Rapids, MI: Nueva Creaci\u00f3n; William B. Eerdmans Publishing Company, 1991), 111\u2013116.<\/p>\n\n\t\t<\/div>\n\t<\/div>\n<\/div><\/div><\/div><\/div><div class=\"vc_row wpb_row vc_row-fluid vc_custom_1615074577655 vc_row-has-fill\"><div class=\"wpb_column vc_column_container vc_col-sm-12\"><div class=\"vc_column-inner\"><div class=\"wpb_wrapper\">\t\t\t<div class=\"info-box-wrapper inline-element\">\n\t\t\t\t<div id=\"wd-61844aac934b2\" class=\" wd-rs-61844aac934b2 wd-info-box wd-wpb text-left box-icon-align-left box-style- color-scheme- wd-bg-none wd-items-top \">\n\t\t\t\t\t\t\t\t\t\t\t<div class=\"box-icon-wrapper  box-with-icon box-icon-with-border\">\n\t\t\t\t\t\t\t<div class=\"info-box-icon\">\n\n\t\t\t\t\t\t\t\n\t\t\t\t\t\t\t\t\t\t\t\t\t\t\t\t\t<img loading=\"lazy\" decoding=\"async\" width=\"100\" height=\"100\" src=\"https:\/\/desarrollocristiano.pe\/wp-content\/uploads\/2021\/11\/11_i-howard-marshall-e1512362062156-100x100.jpg\" class=\"attachment-100x100 size-100x100\" alt=\"\" \/>\t\t\t\t\t\t\t\t\t\t\t\t\t\t\t\n\t\t\t\t\t\t\t<\/div>\n\t\t\t\t\t\t<\/div>\n\t\t\t\t\t\t\t\t\t\t<div class=\"info-box-content\">\n\t\t\t\t\t\t<h4 class=\"info-box-title title box-title-style-default wd-fontsize-m\">Sobre el autor...<\/h4>\t\t\t\t\t\t<div class=\"info-box-inner reset-last-child\"><p><strong>Howard Marshall (1934-2015),<\/strong>D.D.\u00a0<em>(Ashbury University<\/em>); BA (<em>Cambridge University);<\/em>\u00a0MA; BD; PhD (<em>University of Aberdeen),<\/em>ministro metodista Escoces, es considerado uno de los eruditos del Nuevo Testamento m\u00e1s importantes del siglo XX. Fue profesor em\u00e9rito de Nuevo Testamento y Exegesis de la Universidad de Aberdeen en Escocia. Marshall tambi\u00e9n ocupo la catedra principal de la Asociaci\u00f3n para la Investigaci\u00f3n B\u00edblica y Teol\u00f3gica Tyndale, as\u00ed tambi\u00e9n fue el presidente de la Sociedad Brit\u00e1nica del Nuevo Testamento, entre otros muchos. Marshall tuvo un largo y fruct\u00edfero matrimonio con Joyce, de quien tuvo cuatro hijos. Joyce fue con el Se\u00f1or en 1996. Entre sus numerosas publicaciones tenemos;\u00a0<em>\u2018Lucas: Historiador y Te\u00f3logo\u2019<\/em>(1989);\u00a0<em>\u2018Los or\u00edgenes de la Cristolog\u00eda del Nuevo Testamento\u2019\u00a0<\/em>(1990),\u00a0<em>\u2018Hechos\u2019,\u00a0<\/em>(1980),\u00a0<em>\u2018Jes\u00fas el Salvador: Estudios en la Teolog\u00eda del Nuevo Testamento\u2019<\/em>\u00a0(1990);\u00a0<em>\u2018Un Comentario Cr\u00edtico Exeg\u00e9tico a las Ep\u00edstolas Pastorales\u2019<\/em>, (1999);\u00a0<em>\u2018Concordancia al Texto Griego del Nuevo Testamento\u2019,\u00a0<\/em>(2002);\u00a0<em>\u2018Mas all\u00e1 de la Biblia: Pasando de la Escritura a la Teolog\u00eda\u2019,<\/em>\u00a0(2004);\u00a0<em>\u2018Teolog\u00eda del Nuevo Testamento: Muchos Testigos, un solo Evangelio\u2019\u00a0<\/em>(1994);\u00a0<em>\u2018Perspectivas sobre la Expiaci\u00f3n\u2019<\/em>\u00a0(2007), etc.<\/p>\n<\/div>\n\n\t\t\t\t\t\t\t\t\t\t\t<\/div>\n\n\t\t\t\t\t\n\t\t\t\t\t<style>#wd-61844aac934b2 .info-box-icon {background-color:  !important;}<\/style>\t\t\t\t<\/div>\n\t\t\t<\/div>\n\t\t<\/div><\/div><\/div><\/div>\n<\/div>\t\t\t\t\t<\/div>\n\t\t\t\t\n\t\t\t\t\t\t\t\t\t<\/div>\n\t<\/div>\n<\/article>\n\n\t\t\t\t\t\t\t\t\t\t\t\n<article id=\"post-59791\" class=\"wd-post blog-design-chess blog-post-loop blog-design-small-images blog-style-bg wd-add-shadow wd-col post-59791 post type-post status-publish format-standard has-post-thumbnail hentry category-biblia-y-teologia\">\n\t<div class=\"wd-post-inner article-inner\">\n\t\t\t\t\t<div class=\"wd-post-thumb entry-header\">\n\t\t\t\t\t\t\t\t\t<div class=\"wd-post-img post-img-wrapp\">\n\t\t\t\t\t\t<img width=\"320\" height=\"160\" src=\"https:\/\/desarrollocristiano.pe\/wp-content\/uploads\/2021\/10\/Biblia4-320x160.jpg\" class=\"attachment-large size-large\" alt=\"\" decoding=\"async\" loading=\"lazy\" srcset=\"https:\/\/desarrollocristiano.pe\/wp-content\/uploads\/2021\/10\/Biblia4-320x160.jpg 320w, https:\/\/desarrollocristiano.pe\/wp-content\/uploads\/2021\/10\/Biblia4-600x300.jpg 600w, https:\/\/desarrollocristiano.pe\/wp-content\/uploads\/2021\/10\/Biblia4-150x75.jpg 150w, https:\/\/desarrollocristiano.pe\/wp-content\/uploads\/2021\/10\/Biblia4-400x200.jpg 400w, https:\/\/desarrollocristiano.pe\/wp-content\/uploads\/2021\/10\/Biblia4.jpg 700w\" sizes=\"auto, (max-width: 320px) 100vw, 320px\" \/>\t\t\t\t\t<\/div>\n\t\t\t\t\t<a class=\"wd-fill\" href=\"https:\/\/desarrollocristiano.pe\/la-reforma-protestante-3-mitos-y-verdades\/\"><\/a>\n\t\t\t\t\n\t\t\t\t\t\t\t\t\t\t\t\t<div class=\"wd-post-date wd-style-with-bg\">\n\t\t\t\t<span class=\"post-date-day\">\n\t\t\t\t\t31\t\t\t\t<\/span>\n\t\t\t\t<span class=\"post-date-month\">\n\t\t\t\t\tOct\t\t\t\t<\/span>\n\t\t\t<\/div>\n\t\t\t\t\t\t\t\t\t<\/div>\n\t\t\n\t\t<div class=\"wd-post-content article-body-container\">\n\t\t\t\t\t\t\t<div class=\"wd-post-cat wd-style-with-bg meta-post-categories\">\n\t\t\t\t\t<a href=\"https:\/\/desarrollocristiano.pe\/categorias\/biblia-y-teologia\/\" rel=\"category tag\">Biblia y Teolog\u00eda<\/a>\t\t\t\t<\/div>\n\t\t\t\n\t\t\t\t\t\t\t<h3 class=\"wd-post-title wd-entities-title title post-title\">\n\t\t\t\t\t<a href=\"https:\/\/desarrollocristiano.pe\/la-reforma-protestante-3-mitos-y-verdades\/\" rel=\"bookmark\">La Reforma Protestante: 3 mitos y verdades<\/a>\n\t\t\t\t<\/h3>\n\t\t\t\n\t\t\t\t\t\t\t<div class=\"wd-post-meta\">\n\t\t\t\t\t\t\t\t\t\t\t\t\t\t\t<div class=\"wd-post-author\">\n\t\t\t\t\t\t\t\t\t\t\t<span>Posteado por<\/span>\n\t\t\n\t\t\t\t\t<img alt='author-avatar' src='https:\/\/secure.gravatar.com\/avatar\/8f331515e2139e7ffacac78d5e21bc88ee625065cad5d063ef4da73b7cbcfc2d?s=18&#038;d=mm&#038;r=g' srcset='https:\/\/secure.gravatar.com\/avatar\/8f331515e2139e7ffacac78d5e21bc88ee625065cad5d063ef4da73b7cbcfc2d?s=36&#038;d=mm&#038;r=g 2x' class='avatar avatar-18 photo' height='18' width='18' loading='lazy' decoding='async'\/>\t\t\n\t\t\t\t\t<a href=\"https:\/\/desarrollocristiano.pe\/author\/aprnimda7720\/\" class=\"author\" rel=\"author\">Administrador<\/a>\n\t\t\t\t\t\t\t\t\t<\/div>\n\t\t\t\t\t<div class=\"wd-modified-date\">\n\t\t\t\t\t\t\t\t<time class=\"updated\" datetime=\"2021-10-30T19:44:43-05:00\">\n\t\t\t30\/10\/2021\t\t<\/time>\n\t\t\t\t\t\t\t<\/div>\n\n\t\t\t\t\t\t\t\t\t\t\t<div class=\"wd-post-share wd-tltp\">\n\t\t\t\t\t\t\t<div class=\"tooltip top\">\n\t\t\t\t\t\t\t\t<div class=\"tooltip-inner\">\n\t\t\t\t\t\t\t\t\t\t\t\t<div\n\t\t\t\t\t\tclass=\" wd-social-icons  wd-style-default wd-size-small social-share wd-shape-circle color-scheme-light text-center\">\n\t\t\t\t\n\t\t\t\t\n\t\t\t\t\t\t\t\t\t<a rel=\"noopener noreferrer nofollow\" href=\"https:\/\/www.facebook.com\/sharer\/sharer.php?u=https:\/\/desarrollocristiano.pe\/articulos-pastorales\/\" target=\"_blank\" class=\" wd-social-icon social-facebook\" aria-label=\"Facebook social link\">\n\t\t\t\t\t\t<span class=\"wd-icon\"><\/span>\n\t\t\t\t\t\t\t\t\t\t\t<\/a>\n\t\t\t\t\n\t\t\t\t\t\t\t\t\t<a rel=\"noopener noreferrer nofollow\" href=\"https:\/\/x.com\/share?url=https:\/\/desarrollocristiano.pe\/articulos-pastorales\/\" target=\"_blank\" class=\" wd-social-icon social-twitter\" aria-label=\"X social link\">\n\t\t\t\t\t\t<span class=\"wd-icon\"><\/span>\n\t\t\t\t\t\t\t\t\t\t\t<\/a>\n\t\t\t\t\n\t\t\t\t\n\t\t\t\t\t\t\t\t\t<a rel=\"noopener noreferrer nofollow\" href=\"mailto:?subject=Check%20this%20https:\/\/desarrollocristiano.pe\/articulos-pastorales\/\" target=\"_blank\" class=\" wd-social-icon social-email\" aria-label=\"Email social link\">\n\t\t\t\t\t\t<span class=\"wd-icon\"><\/span>\n\t\t\t\t\t\t\t\t\t\t\t<\/a>\n\t\t\t\t\n\t\t\t\t\n\t\t\t\t\n\t\t\t\t\n\t\t\t\t\t\t\t\t\t<a rel=\"noopener noreferrer nofollow\" href=\"https:\/\/pinterest.com\/pin\/create\/button\/?url=https:\/\/desarrollocristiano.pe\/articulos-pastorales\/&media=https:\/\/desarrollocristiano.pe\/wp-content\/uploads\/2021\/10\/Biblia4.jpg&description=La+Reforma+Protestante%3A+3+mitos+y+verdades\" target=\"_blank\" class=\" wd-social-icon social-pinterest\" aria-label=\"Pinterest social link\">\n\t\t\t\t\t\t<span class=\"wd-icon\"><\/span>\n\t\t\t\t\t\t\t\t\t\t\t<\/a>\n\t\t\t\t\n\t\t\t\t\n\t\t\t\t\t\t\t\t\t<a rel=\"noopener noreferrer nofollow\" href=\"https:\/\/www.linkedin.com\/shareArticle?mini=true&url=https:\/\/desarrollocristiano.pe\/articulos-pastorales\/\" target=\"_blank\" class=\" wd-social-icon social-linkedin\" aria-label=\"Linkedin social link\">\n\t\t\t\t\t\t<span class=\"wd-icon\"><\/span>\n\t\t\t\t\t\t\t\t\t\t\t<\/a>\n\t\t\t\t\n\t\t\t\t\n\t\t\t\t\n\t\t\t\t\n\t\t\t\t\n\t\t\t\t\n\t\t\t\t\n\t\t\t\t\n\t\t\t\t\n\t\t\t\t\t\t\t\t\t<a rel=\"noopener noreferrer nofollow\" href=\"https:\/\/api.whatsapp.com\/send?text=https%3A%2F%2Fdesarrollocristiano.pe%2Farticulos-pastorales%2F\" target=\"_blank\" class=\"wd-hide-md  wd-social-icon social-whatsapp\" aria-label=\"WhatsApp social link\">\n\t\t\t\t\t\t<span class=\"wd-icon\"><\/span>\n\t\t\t\t\t\t\t\t\t\t\t<\/a>\n\n\t\t\t\t\t<a rel=\"noopener noreferrer nofollow\" href=\"whatsapp:\/\/send?text=https%3A%2F%2Fdesarrollocristiano.pe%2Farticulos-pastorales%2F\" target=\"_blank\" class=\"wd-hide-lg  wd-social-icon social-whatsapp\" aria-label=\"WhatsApp social link\">\n\t\t\t\t\t\t<span class=\"wd-icon\"><\/span>\n\t\t\t\t\t\t\t\t\t\t\t<\/a>\n\t\t\t\t\n\t\t\t\t\n\t\t\t\t\n\t\t\t\t\n\t\t\t\t\n\t\t\t\t\n\t\t\t\t\t\t\t\t\t<a rel=\"noopener noreferrer nofollow\" href=\"https:\/\/telegram.me\/share\/url?url=https:\/\/desarrollocristiano.pe\/articulos-pastorales\/\" target=\"_blank\" class=\" wd-social-icon social-tg\" aria-label=\"Telegram social link\">\n\t\t\t\t\t\t<span class=\"wd-icon\"><\/span>\n\t\t\t\t\t\t\t\t\t\t\t<\/a>\n\t\t\t\t\n\t\t\t\t\n\t\t\t<\/div>\n\n\t\t\t\t\t\t\t\t\t\t<\/div>\n\t\t\t\t\t\t\t\t<div class=\"tooltip-arrow\"><\/div>\n\t\t\t\t\t\t\t<\/div>\n\t\t\t\t\t\t<\/div>\n\t\t\t\t\t\n\t\t\t\t\t\t\t\t\t\t\t\t\t\t\t\t\t<div class=\"wd-post-reply wd-style-1\">\n\t\t\t\t\t\t\t<a href=\"https:\/\/desarrollocristiano.pe\/la-reforma-protestante-3-mitos-y-verdades\/#respond\"><span class=\"wd-replies-count\">0<\/span><\/a>\t\t\t\t\t\t<\/div>\n\t\t\t\t\t\t\t\t\t<\/div>\n\t\t\t\n\t\t\t\t\t\t\t\t\t\t\t\t<div class=\"wd-post-excerpt entry-content\">\n\t\t\t\t\t\t<div class=\"wpb-content-wrapper\"><div class=\"vc_row wpb_row vc_row-fluid\"><div class=\"wpb_column vc_column_container vc_col-sm-12\"><div class=\"vc_column-inner\"><div class=\"wpb_wrapper\">\n\t<div class=\"wpb_text_column wpb_content_element texto_parrafo text-larger\" >\n\t\t<div class=\"wpb_wrapper\">\n\t\t\t<p>Por: <a class=\"fn\" href=\"https:\/\/twitter.com\/ArturoPerezPena\">ARTURO P\u00c9REZ<\/a><br \/>\nFuente: <a href=\"https:\/\/www.coalicionporelevangelio.org\/autor\/arturoperez\/\" target=\"_blank\" rel=\"noopener noreferrer\">Coalici\u00f3n por el Evangelio<\/a><\/p>\n<p>Recuerdo cuando, siendo un ni\u00f1o en la escuela, vi por primera vez el retrato de\u00a0<a href=\"https:\/\/www.coalicionporelevangelio.org\/articulo\/martin-lutero-confianza-en-el-poder-de-la-palabra\/\">Mart\u00edn Lutero<\/a>\u00a0en un libro de historia. Le\u00ed que este monje alem\u00e1n inici\u00f3 la llamada Reforma Protestante en el siglo XVI, al clavar sus 95 tesis en las puertas de la Catedral de Wittenberg (Alemania) el 31 de octubre de 1517.<\/p>\n<p>En ese momento yo no comprend\u00eda de qu\u00e9 se trataba esta Reforma, por qu\u00e9 protestaban, y mucho menos c\u00f3mo podr\u00edan clavar 95 tesis en una puerta, pues en mi mente infantil pensaba que una \u201ctesis\u201d era un volumen muy extenso de informaci\u00f3n que se presentaba para lograr un grado acad\u00e9mico en la universidad.<\/p>\n<p>En mi adolescencia me explicaron que, en este contexto, una tesis no es m\u00e1s que una declaraci\u00f3n o proposici\u00f3n a ser demostrada, y que estas 95 tesis eran oraciones de pocas l\u00edneas. Con el tiempo tuve la oportunidad de leerlas por m\u00ed mismo, incluso en el idioma original en que Lutero las escribi\u00f3. As\u00ed entend\u00ed mejor la preocupaci\u00f3n de este monje \u2014quien tambi\u00e9n fue doctor en teolog\u00eda y profesor en la Universidad de Wittenberg\u2014 por lo que pasaba en la iglesia de la \u00e9poca que le toc\u00f3 vivir.<\/p>\n<p>Pero luego descubr\u00ed que no todo lo que aprend\u00ed en la escuela sobre Lutero y la Reforma Protestante fue de acuerdo a los hechos. En los \u00faltimos 500 a\u00f1os surgieron algunos mitos y leyendas, o m\u00e1s bien imprecisiones sobre el origen de este movimiento que cambi\u00f3 al mundo. Estos son tres mitos y verdades sobre la Reforma Protestante:<\/p>\n<h3><strong>Mito #1: \u201cLutero clav\u00f3 sus tesis en Wittenberg el 31 de octubre de 1517\u201d.<\/strong><\/h3>\n<p>Lutero no clav\u00f3 ning\u00fan documento en las puertas de Wittenberg el 31 de octubre de 1517. M\u00e1s bien, envi\u00f3 una importante carta, escrita de manera respetuosa y apropiada, dirigida al arzobispo Albrecht de Mainz, en Magdeburg (Alemania), incluyendo las 95 tesis para su consideraci\u00f3n.<a href=\"https:\/\/www.coalicionporelevangelio.org\/articulo\/la-reforma-protestante-3-mitos-y-verdades\/#_ftn1\" name=\"_ftnref1\"><sup>[1]<\/sup><\/a><\/p>\n<p>El motivo de la carta y las tesis fue la venta de indulgencias en Wittenberg que buscaban recaudar fondos para la construcci\u00f3n de la bas\u00edlica de San Pedro. Estas indulgencias eran mercadeadas con la autoridad de Albrecht de Mainz. Lutero quer\u00eda hacerle saber su punto de vista teol\u00f3gico al arzobispo para evitar que los feligreses tropezaran ante este error, ya que solo Cristo, y no el papa, tiene el poder de perdonar pecados.<\/p>\n<p>La idea de las indulgencias ven\u00eda del concepto del \u201ctesoro del m\u00e9rito\u201d. La iglesia de Roma dec\u00eda que Mar\u00eda y otros santos \u201cllenos de gracia\u201d pose\u00edan tantos m\u00e9ritos en exceso, que hab\u00eda un \u201ctesoro del m\u00e9rito\u201d en el cielo disponible para los pecadores que los necesitaran. Sin embargo, para poder apropiarse de tales m\u00e9ritos, el pecador no tiene otra v\u00eda que la iglesia, la cual posee \u201clas llaves del tesoro del m\u00e9rito\u201d para aplicarlos a trav\u00e9s de los sacramentos.<\/p>\n<p>De ah\u00ed que la Iglesia Cat\u00f3lica Romana sigue ense\u00f1ando que, aunque la justificaci\u00f3n es recibida en los m\u00e9ritos de Cristo por medio del sacramento del bautismo como instrumento de salvaci\u00f3n, los pecados mortales nos hacen caer del estado de justificaci\u00f3n. Para mantener ese estado de gracia, es necesario el ejercicio del sacramento de la reconciliaci\u00f3n mediante penitencias, esto es, ciertas oraciones y sacrificios que el penitente deb\u00eda ejercitar para mantener y lograr su estado de justificaci\u00f3n por medio de estos \u201cm\u00e9ritos adecuados\u201d\u00a0<em>(de congruo)<\/em>. De esta manera, Roma niega la ense\u00f1anza b\u00edblica de la\u00a0<a href=\"https:\/\/www.coalicionporelevangelio.org\/articulo\/la-fe-toda-la-vida\/\">justificaci\u00f3n por la fe sola<\/a>.<\/p>\n<p>Roma reafirm\u00f3 su posici\u00f3n en el Concilio de Trento (1545-1563) en respuesta a la Reforma.<a href=\"https:\/\/www.coalicionporelevangelio.org\/articulo\/la-reforma-protestante-3-mitos-y-verdades\/#_ftn2\" name=\"_ftnref2\"><sup>[2]<\/sup><\/a>\u00a0La idea de Roma era que estas indulgencias vendidas servir\u00edan al penitente como un certificado de que ejercitaba la penitencia debida, tomada del \u201ctesoro del m\u00e9rito\u201d, bajo la insignia del papa, para obtener el perd\u00f3n de pecados y la liberaci\u00f3n del alma del purgatorio despu\u00e9s de la muerte.<\/p>\n<p>Hoy celebramos la Reforma el 31 de octubre porque en esa fecha Lutero envi\u00f3 la carta mencionada. Pero las 95 tesis no fueron clavadas por Lutero en las puertas de Wittenberg sino por alg\u00fan custodio del edificio, que lo har\u00eda en el transcurso de las siguientes dos semanas, como parte de sus funciones de publicar este tipo de documentos de inter\u00e9s para los estudiantes de la universidad. Las puertas de la iglesia serv\u00edan como tablero de boletines para publicaci\u00f3n de anuncios.<a href=\"https:\/\/www.coalicionporelevangelio.org\/articulo\/la-reforma-protestante-3-mitos-y-verdades\/#_ftn3\" name=\"_ftnref3\"><sup>[3]<\/sup><\/a><\/p>\n<p>La imagen de Lutero clavando sus tesis en Wittenberg fue una figura usada por Philip Melanchthon, un colaborador de Lutero que no estaba presente en Wittenberg para esa \u00e9poca. Al pasar los a\u00f1os, Melanchthon quiso ilustrar el poder de Dios prosperando lo que cualquier maestro responsable, que ense\u00f1a la verdad de Dios, deber\u00eda hacer: exaltar la verdad del evangelio p\u00fablicamente.<\/p>\n<p><strong><em>Verdad #1: \u00a1Lutero no clav\u00f3 las tesis en las puertas de la catedral de Wittenberg!<\/em><\/strong><\/p>\n<h3><strong>Mito #2: \u201c<\/strong><strong>La Reforma Protestante se llam\u00f3 as\u00ed desde el inicio porque busc\u00f3 protestar contra la iglesia\u201d.<\/strong><\/h3>\n<p>Cuando Lutero escribi\u00f3 sus tesis no tuvo intenci\u00f3n de entregarlas al p\u00fablico para \u201cprotestar\u201d contra la iglesia. De hecho, \u00e9l pensaba que tanto el arzobispo como el papa estaban ajenos a esta situaci\u00f3n de la venta de indulgencias en Wittenberg, y m\u00e1s bien quer\u00eda alertarlos del error teol\u00f3gico. \u00c9l tambi\u00e9n quer\u00eda discutir las tesis entre sus estudiantes, pero lo primero que sucedi\u00f3 fue que los estudiantes que vieron la publicaci\u00f3n tradujeron el documento del lat\u00edn al alem\u00e1n, y en la providencia de Dios se difundi\u00f3 r\u00e1pidamente.<\/p>\n<p>Si queremos identificar un momento cuando el movimiento de la Reforma Luterana se declara p\u00fablicamente en contra de Roma, podr\u00edamos sugerir el instante cuando Lutero, en 1520, recibe una bula papal llamada\u00a0<em>Exsurge Domine<\/em>\u00a0(\u201clev\u00e1ntate, Se\u00f1or\u201d). El papa Le\u00f3n X dec\u00eda en ella que \u201cun cerdo salvaje ha entrado en la vi\u00f1a del Se\u00f1or\u201d, y ordenaba que las obras literarias de Lutero fueran quemadas, d\u00e1ndole al monje 60 d\u00edas para retractarse y someterse a la autoridad de Roma. En respuesta, Lutero quem\u00f3 esta bula p\u00fablicamente con otros libros que eran considerados \u201clos peores proponentes de las doctrinas papistas\u201d.<a href=\"https:\/\/www.coalicionporelevangelio.org\/articulo\/la-reforma-protestante-3-mitos-y-verdades\/#_ftn4\" name=\"_ftnref4\"><sup>[4]<\/sup><\/a>\u00a0Luego Lutero comparecer\u00eda ante la Dieta Imperial reunida en Worms (Alemania) en 1521 donde no se retract\u00f3.<\/p>\n<p>Entonces, \u00bfc\u00f3mo surgi\u00f3 el t\u00e9rmino \u201cprotestante\u201d? Vino a surgir en 1529, alrededor de un tema pol\u00edtico en Alemania en cuanto a la libertad de cultos. Para 1526 se hab\u00eda dado libertad a los estados alemanes para elegir su propia preferencia religiosa. Austria y algunos estados del sur de Alemania optaron por el catolicismo romano, mientras que otros comenzaron a implementar la Reforma Luterana. Para 1529 hubo una Segunda Dieta en Espira (Alemania), con una gran oposici\u00f3n de los cat\u00f3licos romanos reconfirmando el edicto de Worms contra las ense\u00f1anzas de Lutero, lo cual fue una amenaza de intervenci\u00f3n imperial (de Roma) contra Alemania. \u201cEsto llev\u00f3 a los pr\u00edncipes luteranos a presentar una protesta formal, recibiendo as\u00ed el nombre de \u2018protestantes\u2019\u201d.<a href=\"https:\/\/www.coalicionporelevangelio.org\/articulo\/la-reforma-protestante-3-mitos-y-verdades\/#_ftn5\" name=\"_ftnref5\"><sup>[5]<\/sup><\/a><\/p>\n<p>De hecho, en el sentido estrictamente hist\u00f3rico, la Reforma se compone de cuatro movimientos: luteranos, reformados (<a href=\"https:\/\/www.coalicionporelevangelio.org\/articulo\/juan-calvino-corazon-sacrificio-senor\/\">Calvino<\/a>), Radicales (<a href=\"https:\/\/www.coalicionporelevangelio.org\/curso\/el-anabaptismo\/#que-es-y-como-nacio-el-anabaptismo\">anabaptistas<\/a>), y la contrarreforma de Roma. El t\u00e9rmino \u201cReforma Protestante\u201d trata de identificar solo el pensamiento teol\u00f3gico de los primeros dos movimientos; esto es, los reformadores seguidores del pensamiento de Lutero (ubicados principalmente en Alemania y otros lugares) y, por otro lado, los reformadores en Suiza y el resto de Europa (que siguieron el pensamiento de Zuinglio, Bucer, Calvino, Beza, etc.). Por tanto, utilizar el t\u00e9rmino \u201cprotestante\u201d en los inicios de la reforma, es \u201cen un sentido estricto, un anacronismo\u201d.<a href=\"https:\/\/www.coalicionporelevangelio.org\/articulo\/la-reforma-protestante-3-mitos-y-verdades\/#_ftn6\" name=\"_ftnref6\"><sup>[6]<\/sup><\/a><\/p>\n<p><strong><em>Verdad #2: Lutero y sus seguidores en un principio no protestaron contra Roma.<\/em><\/strong><\/p>\n<h3><strong>Mito #3:\u00a0<\/strong><strong>\u201cLa reforma inici\u00f3 y concluy\u00f3 durante el siglo XVI\u201d.<\/strong><\/h3>\n<p>Jes\u00fas cit\u00f3 al profeta Isa\u00edas para se\u00f1alar un mal presente en medio de los creyentes que han profesado la fe a trav\u00e9s de los tiempos: \u201cEste pueblo con los labios me honra, pero su coraz\u00f3n est\u00e1 muy lejos de m\u00ed\u201d (<a class=\"rtBibleRef\" href=\"https:\/\/biblia.com\/bible\/nblh\/Mat.15.8?culture=es\" target=\"_blank\" rel=\"noopener\" data-reference=\"Mat.15.8\" data-version=\"nblh\" data-purpose=\"bible-reference\">Mt.15:8<\/a>). De hecho, pilares de la iglesia como el ap\u00f3stol Pedro y Bernab\u00e9 cayeron en hipocres\u00eda debiendo ser confrontados p\u00fablicamente para preservar la pureza del evangelio (<a class=\"rtBibleRef\" href=\"https:\/\/biblia.com\/bible\/nblh\/G%C3%A1l.%202.11-14?culture=es\" target=\"_blank\" rel=\"noopener\" data-reference=\"G\u00e1l. 2.11-14\" data-version=\"nblh\" data-purpose=\"bible-reference\">G\u00e1. 2:11-14<\/a>\u00a0cf.\u00a0<a class=\"rtBibleRef\" href=\"https:\/\/biblia.com\/bible\/nblh\/Hech.%2015.7-9?culture=es\" target=\"_blank\" rel=\"noopener\" data-reference=\"Hech. 15.7-9\" data-version=\"nblh\" data-purpose=\"bible-reference\">Hch. 15:7-9<\/a>).<\/p>\n<p>As\u00ed podr\u00edamos citar ejemplos anteriores a la Reforma del siglo XVI, como el caso de Agust\u00edn de Hipona (354 \u2013 430) quien denunci\u00f3 la\u00a0<a href=\"https:\/\/www.coalicionporelevangelio.org\/articulo\/falsos-maestros-pelagio\/\">herej\u00eda de Pelagio<\/a>; o el caso de\u00a0<a href=\"https:\/\/www.coalicionporelevangelio.org\/curso\/pre-reformadores\/#john-wycliffe\">John Wycliffe<\/a>\u00a0(1320 \u2013 1384) y\u00a0<a href=\"https:\/\/www.coalicionporelevangelio.org\/curso\/pre-reformadores\/#jan-huss\">Jan Hus<\/a>\u00a0(1369 \u2013 1415), quienes llamaron la atenci\u00f3n a la iglesia de su tiempo afirmando que la Escritura (y no el papa ni la Iglesia) es la suprema autoridad para la vida del creyente\u00a0<em>(<\/em><a href=\"https:\/\/www.coalicionporelevangelio.org\/articulo\/sola-scripture-una-definicion1\/\"><em>S<\/em><\/a><a href=\"https:\/\/www.coalicionporelevangelio.org\/articulo\/sola-scripture-una-definicion1\/\"><em>ola\u00a0<\/em><\/a><a href=\"https:\/\/www.coalicionporelevangelio.org\/articulo\/sola-scripture-una-definicion1\/\"><em>S<\/em><\/a><a href=\"https:\/\/www.coalicionporelevangelio.org\/articulo\/sola-scripture-una-definicion1\/\"><em>criptura<\/em><\/a><em>).<\/em>\u00a0En otras palabras, el esp\u00edritu de la Reforma ni comenz\u00f3 ni concluy\u00f3 en el siglo XVI. En cambio, siempre ha estado y estar\u00e1 presente en tanto que el Esp\u00edritu de Cristo contin\u00faa obrando en medio de su pueblo.<\/p>\n<p>La frase\u00a0\u00a0<em>ecclesia reformata, semper reformanda<\/em>\u00a0(\u201cla iglesia reformada siempre se est\u00e1 reformando\u201d) aparece en un libro escrito por Jodocus van Lodenstein en 1674. Van Lodenstein era un ministro de la Iglesia Reformada de las Provincias Unidas (hoy Pa\u00edses Bajos). Van Lodenstein fue testigo de muchos cambios en la iglesia reformada, entre ellos el desarrollo de la teolog\u00eda del pacto y las batallas internas de iglesias locales en cuanto al uso del \u00f3rgano como instrumento musical en la adoraci\u00f3n p\u00fablica.<\/p>\n<p>\u00bfA qu\u00e9 se refer\u00eda entonces Jodocus van Lodenstein con su frase \u201cla iglesia reformada siempre se est\u00e1 reformando\u201d? El te\u00f3logo Robert Godfrey dice que Lodenstein \u201ccre\u00eda que la Biblia era clara en temas de doctrina, adoraci\u00f3n, y gobierno, y que las iglesias reformadas hab\u00edan reformado estos asuntos correctamente\u201d.<a href=\"https:\/\/www.coalicionporelevangelio.org\/articulo\/la-reforma-protestante-3-mitos-y-verdades\/#_ftn7\" name=\"_ftnref7\"><sup>[7]<\/sup><\/a>\u00a0Van Lodenstein pertenec\u00eda a una corriente de reformados pietistas de los Pa\u00edses Bajos, similar a\u00a0<a href=\"https:\/\/www.coalicionporelevangelio.org\/articulo\/los-puritanos-vivir-centrados-cristo\/\">los\u00a0<\/a><a href=\"https:\/\/www.coalicionporelevangelio.org\/articulo\/los-puritanos-vivir-centrados-cristo\/\">p<\/a><a href=\"https:\/\/www.coalicionporelevangelio.org\/articulo\/los-puritanos-vivir-centrados-cristo\/\">uritanos de Inglaterra<\/a>. El sentir y la preocupaci\u00f3n de estos grupos era que, luego de que las iglesias pasan por un proceso de reforma al regresar a la Escritura, la cual nos redarguye de pecado por medio de la Ley de Dios, debemos anunciar a la gente la Palabra de Cristo (el evangelio), la cual contin\u00faa creando fe en nuestro coraz\u00f3n. En otras palabras, lo que siempre necesita reformarse en la iglesia es el coraz\u00f3n humano por medio del evangelio.<\/p>\n<p>Debido al pecado remanente en el creyente, es f\u00e1cil llegar a confiar en nuestras propias pr\u00e1cticas religiosas y obras imperfectas, antes que en la obra perfecta de Cristo. Todos caemos en alg\u00fan momento en honrar a Dios de labios mientras nuestro coraz\u00f3n se aparta de \u00c9l (<a class=\"rtBibleRef\" href=\"https:\/\/biblia.com\/bible\/nblh\/Mat.%2015.8?culture=es\" target=\"_blank\" rel=\"noopener\" data-reference=\"Mat. 15.8\" data-version=\"nblh\" data-purpose=\"bible-reference\">Mt. 15:8<\/a>). En nuestro af\u00e1n de \u201cagradar a Dios\u201d dejamos a Cristo atr\u00e1s. Sin darnos cuenta, hacemos un \u00eddolo de la plataforma religiosa con el fin de buscar beneficios personales: fama, poder, vanagloria, riquezas, justicia propia, o cualquiera que sea la lista de \u00eddolos de nuestro coraz\u00f3n.<\/p>\n<p>A pesar de nosotros mismos, la buena noticia es que la Iglesia sigue siendo reformada por la acci\u00f3n del Esp\u00edritu de Cristo obrando en nosotros, de manera constante, una y otra vez. El Esp\u00edritu nos ilumina, reform\u00e1ndonos y mostr\u00e1ndonos nuestro pecado por medio de la Ley de Dios, al tiempo que sigue creando fe y transformando nuestro coraz\u00f3n por medio del evangelio de Cristo. \u201cLa fe viene del o\u00edr, y el o\u00edr, por la palabra de Cristo\u201d (<a class=\"rtBibleRef\" href=\"https:\/\/biblia.com\/bible\/nblh\/Rom.10.17?culture=es\" target=\"_blank\" rel=\"noopener\" data-reference=\"Rom.10.17\" data-version=\"nblh\" data-purpose=\"bible-reference\">Ro.10:17<\/a>). En tanto haya mensajeros de Dios predicando la Palabra de Cristo, la iglesia reformada siempre se est\u00e1 reformando.<\/p>\n<p><strong><em>Verdad #3: La Reforma no empez\u00f3 con Lutero y contin\u00faa en nuestros d\u00edas.<\/em><\/strong><\/p>\n<hr \/>\n<h6><a href=\"https:\/\/www.coalicionporelevangelio.org\/articulo\/la-reforma-protestante-3-mitos-y-verdades\/#_ftnref1\" name=\"_ftn1\"><sup>[1]<\/sup><\/a>\u00a0Eric Metaxas,\u00a0<em>Martin Luther: The man Who Rediscovered God and Changed the World<\/em>\u00a0(New York: Penguin Books, 2018), 107.<\/h6>\n<h6><a href=\"https:\/\/www.coalicionporelevangelio.org\/articulo\/la-reforma-protestante-3-mitos-y-verdades\/#_ftnref2\" name=\"_ftn2\"><sup>[2]<\/sup><\/a>\u00a0Theodore Alois Buckley B.A.,\u00a0<em>The Canons and Decrees of the Council of Trent\u00a0<\/em>(London: Aeterna Press, 2014), Kindle, Loc.1032. (\u201cOn Justification,\u201d Canon XXIV).<\/h6>\n<h6><a href=\"https:\/\/www.coalicionporelevangelio.org\/articulo\/la-reforma-protestante-3-mitos-y-verdades\/#_ftnref3\" name=\"_ftn3\"><sup>[3]<\/sup><\/a>\u00a0Es posible que un n\u00famero de copias fueran publicadas en las puertas de otras seis iglesias del pueblo de Wittenberg para ese mismo prop\u00f3sito.<\/h6>\n<h6><a href=\"https:\/\/www.coalicionporelevangelio.org\/articulo\/la-reforma-protestante-3-mitos-y-verdades\/#_ftnref4\" name=\"_ftn4\"><sup>[4]<\/sup><\/a>\u00a0Justo Gonz\u00e1lez,\u00a0<em>The Story of Christianity, Volume II: The Reformation to the Present Day<\/em>\u00a0(New York: HarperCollins, 2014), 33.<\/h6>\n<h6><a href=\"https:\/\/www.coalicionporelevangelio.org\/articulo\/la-reforma-protestante-3-mitos-y-verdades\/#_ftnref5\" name=\"_ftn5\"><sup>[5]<\/sup><\/a>\u00a0Justo Gonz\u00e1lez,\u00a0<em>The Story of Christianity, Volume II<\/em>, 44.<\/h6>\n<h6><a href=\"https:\/\/www.coalicionporelevangelio.org\/articulo\/la-reforma-protestante-3-mitos-y-verdades\/#_ftnref6\" name=\"_ftn6\"><sup>[6]<\/sup><\/a>\u00a0Alister McGrath,\u00a0<em>Reformation Thought<\/em>\u00a0(Oxford, UK: Wiley-Blackwell, 2012), 6.<\/h6>\n<h6><a href=\"https:\/\/www.coalicionporelevangelio.org\/articulo\/la-reforma-protestante-3-mitos-y-verdades\/#_ftnref7\" name=\"_ftn7\"><sup>[7]<\/sup><\/a>\u00a0Robert Godfrey, \u201c<a href=\"https:\/\/www.ligonier.org\/blog\/what-does-semper-reformanda-mean\/\">What Does Semper Reformanda Mean?<\/a>\u201d en la revista TableTalk, marzo 24, 2017.<\/h6>\n\n\t\t<\/div>\n\t<\/div>\n<\/div><\/div><\/div><\/div><div class=\"vc_row wpb_row vc_row-fluid vc_custom_1615074577655 vc_row-has-fill\"><div class=\"wpb_column vc_column_container vc_col-sm-12\"><div class=\"vc_column-inner\"><div class=\"wpb_wrapper\">\t\t\t<div class=\"info-box-wrapper inline-element\">\n\t\t\t\t<div id=\"wd-617de40111077\" class=\" wd-rs-617de40111077 wd-info-box wd-wpb text-left box-icon-align-left box-style- color-scheme- wd-bg-none wd-items-top \">\n\t\t\t\t\t\t\t\t\t\t<div class=\"info-box-content\">\n\t\t\t\t\t\t<h4 class=\"info-box-title title box-title-style-default wd-fontsize-m\">Sobre el autor...<\/h4>\t\t\t\t\t\t<div class=\"info-box-inner reset-last-child\"><p><strong>Arturo P\u00e9rez<\/strong>\u00a0es miembro del board de directores de\u00a0<em><a href=\"https:\/\/knoxseminary.edu\/\">Knox Theological Seminary<\/a><\/em>\u00a0donde obtuvo su grado de Maestr\u00eda en Estudios B\u00edblicos y Teol\u00f3gicos. Es autor de\u00a0<em><a href=\"https:\/\/www.amazon.com\/SINTESIS-DEL-NUEVO-TESTAMENTO-Spanish-ebook\/dp\/B007ETN444\/ref=sr_1_6?ie=UTF8&amp;qid=1537542390&amp;sr=8-6&amp;keywords=sintesis\">S\u00edntesis del Nuevo Testamento<\/a><\/em>\u00a0(Xulon, 2012) y\u00a0<em><a href=\"https:\/\/www.amazon.com\/SINTESIS-DEL-ANTIGUO-TESTAMENTO-Antiguo-ebook\/dp\/B00IEO2DJ0\/ref=sr_1_3?ie=UTF8&amp;qid=1537542390&amp;sr=8-3&amp;keywords=sintesis\">S\u00edntesis del Antiguo Testamento<\/a><\/em>\u00a0(Xulon, 2014). Como vocaci\u00f3n profesional, Arturo es Ingeniero Industrial enfocado en la Industria de Tecnolog\u00eda y ha estado trabajando en Microsoft Corp por los \u00faltimos 20 a\u00f1os. Vive en el sur de la Florida junto a su esposa Jeannie y su hija Priscilla, sirviendo en la iglesia de su comunidad. Puedes encontrarlo en\u00a0<a href=\"https:\/\/www.linkedin.com\/in\/arturo-perez-4471121\/\">LinkedIn<\/a>\u00a0o en\u00a0<a href=\"https:\/\/twitter.com\/ArturoPerezPena\">Twitter<\/a>.<\/p>\n<\/div>\n\n\t\t\t\t\t\t\t\t\t\t\t<\/div>\n\n\t\t\t\t\t\n\t\t\t\t\t<style>#wd-617de40111077 .info-box-icon {background-color:  !important;}<\/style>\t\t\t\t<\/div>\n\t\t\t<\/div>\n\t\t<\/div><\/div><\/div><\/div>\n<\/div>\t\t\t\t\t<\/div>\n\t\t\t\t\n\t\t\t\t\t\t\t\t\t<\/div>\n\t<\/div>\n<\/article>\n\n\t\t\t\t\t\t\t\t\t\t\t\n<article id=\"post-59786\" class=\"wd-post blog-design-chess blog-post-loop blog-design-small-images blog-style-bg wd-add-shadow wd-col post-59786 post type-post status-publish format-standard has-post-thumbnail hentry category-noviazgo\">\n\t<div class=\"wd-post-inner article-inner\">\n\t\t\t\t\t<div class=\"wd-post-thumb entry-header\">\n\t\t\t\t\t\t\t\t\t<div class=\"wd-post-img post-img-wrapp\">\n\t\t\t\t\t\t<img width=\"320\" height=\"160\" src=\"https:\/\/desarrollocristiano.pe\/wp-content\/uploads\/2021\/10\/noviazgo-320x160.jpg\" class=\"attachment-large size-large\" alt=\"\" decoding=\"async\" loading=\"lazy\" srcset=\"https:\/\/desarrollocristiano.pe\/wp-content\/uploads\/2021\/10\/noviazgo-320x160.jpg 320w, https:\/\/desarrollocristiano.pe\/wp-content\/uploads\/2021\/10\/noviazgo-600x300.jpg 600w, https:\/\/desarrollocristiano.pe\/wp-content\/uploads\/2021\/10\/noviazgo-150x75.jpg 150w, https:\/\/desarrollocristiano.pe\/wp-content\/uploads\/2021\/10\/noviazgo-400x200.jpg 400w, https:\/\/desarrollocristiano.pe\/wp-content\/uploads\/2021\/10\/noviazgo.jpg 700w\" sizes=\"auto, (max-width: 320px) 100vw, 320px\" \/>\t\t\t\t\t<\/div>\n\t\t\t\t\t<a class=\"wd-fill\" href=\"https:\/\/desarrollocristiano.pe\/4-rasgos-que-debes-buscar-en-una-pareja\/\"><\/a>\n\t\t\t\t\n\t\t\t\t\t\t\t\t\t\t\t\t<div class=\"wd-post-date wd-style-with-bg\">\n\t\t\t\t<span class=\"post-date-day\">\n\t\t\t\t\t23\t\t\t\t<\/span>\n\t\t\t\t<span class=\"post-date-month\">\n\t\t\t\t\tOct\t\t\t\t<\/span>\n\t\t\t<\/div>\n\t\t\t\t\t\t\t\t\t<\/div>\n\t\t\n\t\t<div class=\"wd-post-content article-body-container\">\n\t\t\t\t\t\t\t<div class=\"wd-post-cat wd-style-with-bg meta-post-categories\">\n\t\t\t\t\t<a href=\"https:\/\/desarrollocristiano.pe\/categorias\/relaciones\/noviazgo\/\" rel=\"category tag\">Noviazgo<\/a>\t\t\t\t<\/div>\n\t\t\t\n\t\t\t\t\t\t\t<h3 class=\"wd-post-title wd-entities-title title post-title\">\n\t\t\t\t\t<a href=\"https:\/\/desarrollocristiano.pe\/4-rasgos-que-debes-buscar-en-una-pareja\/\" rel=\"bookmark\">4 rasgos que debes buscar en una pareja<\/a>\n\t\t\t\t<\/h3>\n\t\t\t\n\t\t\t\t\t\t\t<div class=\"wd-post-meta\">\n\t\t\t\t\t\t\t\t\t\t\t\t\t\t\t<div class=\"wd-post-author\">\n\t\t\t\t\t\t\t\t\t\t\t<span>Posteado por<\/span>\n\t\t\n\t\t\t\t\t<img alt='author-avatar' src='https:\/\/secure.gravatar.com\/avatar\/8f331515e2139e7ffacac78d5e21bc88ee625065cad5d063ef4da73b7cbcfc2d?s=18&#038;d=mm&#038;r=g' srcset='https:\/\/secure.gravatar.com\/avatar\/8f331515e2139e7ffacac78d5e21bc88ee625065cad5d063ef4da73b7cbcfc2d?s=36&#038;d=mm&#038;r=g 2x' class='avatar avatar-18 photo' height='18' width='18' loading='lazy' decoding='async'\/>\t\t\n\t\t\t\t\t<a href=\"https:\/\/desarrollocristiano.pe\/author\/aprnimda7720\/\" class=\"author\" rel=\"author\">Administrador<\/a>\n\t\t\t\t\t\t\t\t\t<\/div>\n\t\t\t\t\t<div class=\"wd-modified-date\">\n\t\t\t\t\t\t\t\t<time class=\"updated\" datetime=\"2021-10-21T16:21:15-05:00\">\n\t\t\t21\/10\/2021\t\t<\/time>\n\t\t\t\t\t\t\t<\/div>\n\n\t\t\t\t\t\t\t\t\t\t\t<div class=\"wd-post-share wd-tltp\">\n\t\t\t\t\t\t\t<div class=\"tooltip top\">\n\t\t\t\t\t\t\t\t<div class=\"tooltip-inner\">\n\t\t\t\t\t\t\t\t\t\t\t\t<div\n\t\t\t\t\t\tclass=\" wd-social-icons  wd-style-default wd-size-small social-share wd-shape-circle color-scheme-light text-center\">\n\t\t\t\t\n\t\t\t\t\n\t\t\t\t\t\t\t\t\t<a rel=\"noopener noreferrer nofollow\" href=\"https:\/\/www.facebook.com\/sharer\/sharer.php?u=https:\/\/desarrollocristiano.pe\/articulos-pastorales\/\" target=\"_blank\" class=\" wd-social-icon social-facebook\" aria-label=\"Facebook social link\">\n\t\t\t\t\t\t<span class=\"wd-icon\"><\/span>\n\t\t\t\t\t\t\t\t\t\t\t<\/a>\n\t\t\t\t\n\t\t\t\t\t\t\t\t\t<a rel=\"noopener noreferrer nofollow\" href=\"https:\/\/x.com\/share?url=https:\/\/desarrollocristiano.pe\/articulos-pastorales\/\" target=\"_blank\" class=\" wd-social-icon social-twitter\" aria-label=\"X social link\">\n\t\t\t\t\t\t<span class=\"wd-icon\"><\/span>\n\t\t\t\t\t\t\t\t\t\t\t<\/a>\n\t\t\t\t\n\t\t\t\t\n\t\t\t\t\t\t\t\t\t<a rel=\"noopener noreferrer nofollow\" href=\"mailto:?subject=Check%20this%20https:\/\/desarrollocristiano.pe\/articulos-pastorales\/\" target=\"_blank\" class=\" wd-social-icon social-email\" aria-label=\"Email social link\">\n\t\t\t\t\t\t<span class=\"wd-icon\"><\/span>\n\t\t\t\t\t\t\t\t\t\t\t<\/a>\n\t\t\t\t\n\t\t\t\t\n\t\t\t\t\n\t\t\t\t\n\t\t\t\t\t\t\t\t\t<a rel=\"noopener noreferrer nofollow\" href=\"https:\/\/pinterest.com\/pin\/create\/button\/?url=https:\/\/desarrollocristiano.pe\/articulos-pastorales\/&media=https:\/\/desarrollocristiano.pe\/wp-content\/uploads\/2021\/10\/noviazgo.jpg&description=4+rasgos+que+debes+buscar+en+una+pareja\" target=\"_blank\" class=\" wd-social-icon social-pinterest\" aria-label=\"Pinterest social link\">\n\t\t\t\t\t\t<span class=\"wd-icon\"><\/span>\n\t\t\t\t\t\t\t\t\t\t\t<\/a>\n\t\t\t\t\n\t\t\t\t\n\t\t\t\t\t\t\t\t\t<a rel=\"noopener noreferrer nofollow\" href=\"https:\/\/www.linkedin.com\/shareArticle?mini=true&url=https:\/\/desarrollocristiano.pe\/articulos-pastorales\/\" target=\"_blank\" class=\" wd-social-icon social-linkedin\" aria-label=\"Linkedin social link\">\n\t\t\t\t\t\t<span class=\"wd-icon\"><\/span>\n\t\t\t\t\t\t\t\t\t\t\t<\/a>\n\t\t\t\t\n\t\t\t\t\n\t\t\t\t\n\t\t\t\t\n\t\t\t\t\n\t\t\t\t\n\t\t\t\t\n\t\t\t\t\n\t\t\t\t\n\t\t\t\t\t\t\t\t\t<a rel=\"noopener noreferrer nofollow\" href=\"https:\/\/api.whatsapp.com\/send?text=https%3A%2F%2Fdesarrollocristiano.pe%2Farticulos-pastorales%2F\" target=\"_blank\" class=\"wd-hide-md  wd-social-icon social-whatsapp\" aria-label=\"WhatsApp social link\">\n\t\t\t\t\t\t<span class=\"wd-icon\"><\/span>\n\t\t\t\t\t\t\t\t\t\t\t<\/a>\n\n\t\t\t\t\t<a rel=\"noopener noreferrer nofollow\" href=\"whatsapp:\/\/send?text=https%3A%2F%2Fdesarrollocristiano.pe%2Farticulos-pastorales%2F\" target=\"_blank\" class=\"wd-hide-lg  wd-social-icon social-whatsapp\" aria-label=\"WhatsApp social link\">\n\t\t\t\t\t\t<span class=\"wd-icon\"><\/span>\n\t\t\t\t\t\t\t\t\t\t\t<\/a>\n\t\t\t\t\n\t\t\t\t\n\t\t\t\t\n\t\t\t\t\n\t\t\t\t\n\t\t\t\t\n\t\t\t\t\t\t\t\t\t<a rel=\"noopener noreferrer nofollow\" href=\"https:\/\/telegram.me\/share\/url?url=https:\/\/desarrollocristiano.pe\/articulos-pastorales\/\" target=\"_blank\" class=\" wd-social-icon social-tg\" aria-label=\"Telegram social link\">\n\t\t\t\t\t\t<span class=\"wd-icon\"><\/span>\n\t\t\t\t\t\t\t\t\t\t\t<\/a>\n\t\t\t\t\n\t\t\t\t\n\t\t\t<\/div>\n\n\t\t\t\t\t\t\t\t\t\t<\/div>\n\t\t\t\t\t\t\t\t<div class=\"tooltip-arrow\"><\/div>\n\t\t\t\t\t\t\t<\/div>\n\t\t\t\t\t\t<\/div>\n\t\t\t\t\t\n\t\t\t\t\t\t\t\t\t\t\t\t\t\t\t\t\t<div class=\"wd-post-reply wd-style-1\">\n\t\t\t\t\t\t\t<a href=\"https:\/\/desarrollocristiano.pe\/4-rasgos-que-debes-buscar-en-una-pareja\/#respond\"><span class=\"wd-replies-count\">0<\/span><\/a>\t\t\t\t\t\t<\/div>\n\t\t\t\t\t\t\t\t\t<\/div>\n\t\t\t\n\t\t\t\t\t\t\t\t\t\t\t\t<div class=\"wd-post-excerpt entry-content\">\n\t\t\t\t\t\t<div class=\"wpb-content-wrapper\"><div class=\"vc_row wpb_row vc_row-fluid\"><div class=\"wpb_column vc_column_container vc_col-sm-12\"><div class=\"vc_column-inner\"><div class=\"wpb_wrapper\">\n\t<div class=\"wpb_text_column wpb_content_element texto_parrafo text-larger\" >\n\t\t<div class=\"wpb_wrapper\">\n\t\t\t<p>Por: <strong>David Qaoud<\/strong><br \/>\nFuente: <a href=\"https:\/\/www.coalicionporelevangelio.org\/articulo\/que-buscar-en-una-pareja\/\" target=\"_blank\" rel=\"noopener noreferrer\">Coalici\u00f3n por el Evangelio<\/a><\/p>\n<p>Recientemente mi esposa y yo celebramos otro aniversario de bodas. Intercambiamos regalos, vimos el video de nuestra boda y disfrutamos juntos de una cena rom\u00e1ntica. Pasamos tiempo en oraci\u00f3n, agradeciendo a Dios por nuestro matrimonio y pidiendo muchas d\u00e9cadas m\u00e1s juntos.<\/p>\n<p>Reflexionamos sobre lo bueno y lo malo del d\u00eda de nuestra boda, as\u00ed como lo gracioso, como por ejemplo la forma en que el pastor se burl\u00f3 de m\u00ed por citar a Charles Spurgeon en mis votos matrimoniales. Nuestro aniversario es un d\u00eda para regocijarnos en la bondad de Dios.<\/p>\n<p>Me gustar\u00eda poder decir que esto es lo que cada pareja cristiana experimenta.<\/p>\n<p>Como pastor, he visto y escuchado mucho sobre la dura realidad de lo que muchos cristianos soportan en el matrimonio. Me rompe el coraz\u00f3n. Pero parte del dolor probablemente se puede evitar si los solteros que desean casarse tuvieran una mejor comprensi\u00f3n de qu\u00e9 buscar en un c\u00f3nyuge.<\/p>\n<h3><b>Lo que alguna vez pens\u00e9<\/b><\/h3>\n<p>Sol\u00eda \u200b\u200bdar consejos matrimoniales como este:<\/p>\n<ol>\n<li>C\u00e1sate con alguien que sea cristiano.<\/li>\n<li>Ten en mente la atracci\u00f3n mutua a la hora de casarte.<\/li>\n<li>Si hay fe y atracci\u00f3n mutua, entonces considera el matrimonio.<\/li>\n<\/ol>\n<p>Mi objetivo al dar este tipo de consejo era evitar la \u201chiperespiritualizaci\u00f3n\u201d que a menudo caracteriza al cortejo cristiano. Quer\u00eda animar a los hombres a ser hombres y pedirle una cita a una de las muchas mujeres valiosas entre ellos.<\/p>\n<p>Pero ahora veo cu\u00e1n simplista era ese consejo.<\/p>\n<p>Aunque algunos no est\u00e9n de acuerdo, todav\u00eda no creo que debas casarte con alguien que no te parezca atractivo. Eso har\u00e1 que la intimidad en el matrimonio sea muy decepcionante. Pero si bien la fe mutua y la atracci\u00f3n rom\u00e1ntica (en ese orden) son requisitos previos para el matrimonio cristiano, ahora veo que hay m\u00e1s rasgos que buscar en un c\u00f3nyuge si no quieres sentirte miserable despu\u00e9s de decir: \u201cS\u00ed, acepto\u201d.<\/p>\n<p>\u00bfCu\u00e1les son?<\/p>\n<h4><b>1. Mira hacia el futuro, no hacia el pasado<\/b><\/h4>\n<p>\u00c9l era miembro activo de una pandilla en Los \u00c1ngeles por varios a\u00f1os. Rob\u00f3, agredi\u00f3 y ocasion\u00f3 muchas injusticias. Sin embargo, ahora es un pastor presbiteriano, un maravilloso esposo y padre y abuelo nuevo. Mi amigo es un buen recordatorio de que Jes\u00fas puede cambiar la vida de cualquier persona y que el pasado de alguien no es tan importante como su futuro.<\/p>\n<p>La vida de alguien antes de caminar con Dios no es tan importante como hacia d\u00f3nde se dirige ahora que\u00a0<i>est\u00e1<\/i>\u00a0caminando con Dios.<\/p>\n<p>Esto puede significar que tu futuro c\u00f3nyuge tendr\u00e1 antecedentes sexuales o hasta un hijo. Hay muchos hombres solteros en la iglesia que descartan parejas incre\u00edbles porque ella tuvo una relaci\u00f3n sexual no cristiana en el pasado.<\/p>\n<p>Muchos cristianos se guardan para el matrimonio (lo que es correcto), pero son presumidos y tibios (lo que est\u00e1 mal). Por el contrario, muchos para quienes el sexo prematrimonial forma parte de su historia, son personas incre\u00edblemente piadosas. La segunda persona ser\u00e1 un mejor c\u00f3nyuge, siempre.<\/p>\n<p>Cuando la mujer pecadora demostr\u00f3 su fe en Jes\u00fas besando y ungiendo sus pies despu\u00e9s de llorar en su presencia, un fariseo cuestion\u00f3 el conocimiento de Jes\u00fas de la mujer (<a class=\"rtBibleRef\" href=\"https:\/\/biblia.com\/bible\/nblh\/Luc%207.%2036%E2%80%9350?culture=es\" target=\"_blank\" rel=\"noopener\" data-reference=\"Luc 7. 36\u201350\" data-version=\"nblh\" data-purpose=\"bible-reference\">Lc 7: 36\u201350<\/a>). Pero Jes\u00fas sab\u00eda todo sobre su pasado pecaminoso y eligi\u00f3, gustosamente, perdonarla.<\/p>\n<p>A menudo, aquellos que tienen el \u201cpeor\u201d pasado son los mejores cristianos y c\u00f3nyuges.<\/p>\n<h4><b>2. Busca autocontrol<\/b><\/h4>\n<p>El autocontrol, con el prop\u00f3sito de glorificar a Dios y servir a los dem\u00e1s, es uno de los indicadores m\u00e1s fuertes del car\u00e1cter cristiano.<\/p>\n<p>Todo el mundo comete un error y dice algo malo (me declaro culpable) o come demasiadas bolas de helado despu\u00e9s de la cena (culpable de nuevo). Sin embargo, en el espectro de \u00e1reas de car\u00e1cter, un patr\u00f3n de falta de autocontrol deber\u00eda ser una se\u00f1al de alerta. Pi\u00e9nsalo dos veces antes de casarte con alguien que no pueda controlar su lengua, su apetito o sus deseos sexuales.<\/p>\n<p>Considera estas dos \u00e1reas.<\/p>\n<p><b>Pornograf\u00eda:<\/b>\u00a0los hombres o mujeres cristianos adictos a la pornograf\u00eda necesitan saber que son amados por el Dios trino, que hay decenas de consejeros, pastores y recursos listos para ayudarlos y que pueden matar este pecado autodestructivo a trav\u00e9s del esfuerzo impulsado por la gracia y el poder del Esp\u00edritu Santo.<\/p>\n<p>Pero por ahora, no est\u00e1n listos para casarse.<\/p>\n<p>No te cases con alguien que sea adicto a la pornograf\u00eda y no le creas si prometen dejar de verla una vez que se casen.<\/p>\n<p><b>Ira injusta:<\/b>\u00a0el cortejo y el compromiso traen un nivel rid\u00edculo de incomodidad y tensi\u00f3n, por lo que es normal mostrar molestia o irritaci\u00f3n de vez en cuando. No lo tomes en cuenta y sigue adelante. \u00bfPero si te alza la voz repetidamente? Eso es una historia diferente. Considera terminar la relaci\u00f3n. Por lo general, nos comportamos de la mejor manera cuando estamos en la etapa del noviazgo y luego empiezan las peleas en el matrimonio. Cualquier preocupaci\u00f3n con la elecci\u00f3n de palabras que escuchas ahora solo se magnificar\u00e1 cuando est\u00e9n casado.<\/p>\n<p>Una persona que lucha perpetuamente con el autocontrol en m\u00faltiples \u00e1reas no est\u00e1 lista para el matrimonio.<\/p>\n<h4><b>3. Busca a alguien que camine con Dios<\/b><\/h4>\n<p>Los sitios web de citas cristianas son una forma viable de conocer a un c\u00f3nyuge. Palabras claves en su biograf\u00eda como \u201ccristiana\u201d o \u201camo a Jes\u00fas\u201d pueden iniciar un di\u00e1logo sobre el cortejo, pero no entres en una relaci\u00f3n con alguien solo porque esa persona\u00a0<i>dice<\/i>\u00a0que es cristiana. Aseg\u00farate de ver evidencia de fruto espiritual antes de una segunda cita.<\/p>\n<p>La santidad personal parece obvia, pero una raz\u00f3n menos obvia para casarte con una persona piadosa es que, para bien o para mal, las personas casadas se contagian entre s\u00ed.<\/p>\n<p>Si eres activo en la oraci\u00f3n, la iglesia y la lectura de la Biblia cuando est\u00e1s soltero, pero te casas con alguien que no lo es, tu vida espiritual se ver\u00e1 afectada. Las personas en nuestros hogares moldean lo que hacemos.<\/p>\n<p>Por otro lado, si te casas con alguien que obviamente ama a Jes\u00fas y quiere crecer en santificaci\u00f3n, entonces la devoci\u00f3n de tu c\u00f3nyuge har\u00e1 crecer la tuya.<\/p>\n<h4><b>4. Busca una persona gozosa<\/b><\/h4>\n<p>La autocompasi\u00f3n es una enfermedad. Todos conocemos a personas que juegan el papel de v\u00edctimas, que est\u00e1n convencidas de que merecen una vida mejor. Tal autodesprecio le quita el gozo a la vida y le quitar\u00e1 el gozo a la tuya.<\/p>\n<p>Una vez, un pastor le dio un consejo a su hija el d\u00eda de su boda: \u201cNo dejes que las tristezas de la vida te impidan tener gozo\u201d. Este consejo vale oro.<\/p>\n<p>El pecado personal, el drama familiar, la crianza de los hijos, las luchas financieras y todos los dem\u00e1s efectos de vivir en un mundo ca\u00eddo significan que hay cientos de enemigos diferentes que intentan acabar con tu gozo. La depresi\u00f3n es real. El lamento y el dolor no son solo normales; son sanos.\u00a0<i>Hay<\/i>\u00a0momentos para clamar a Dios y ayudarnos unos a otros a sufrir bien. Pero aun en el dolor m\u00e1s profundo, los cristianos tienen miles de razones para regocijarse en Dios.<\/p>\n<p>El pueblo de Dios no deber\u00eda caracterizarse por la tristeza durante todo el a\u00f1o. C\u00e1sate con una persona que tenga algo de resiliencia, que sepa celebrar. C\u00e1sate con una persona que te d\u00e9 energ\u00eda y con quien sea divertido estar cerca. Tu c\u00f3nyuge debe tomar a Jes\u00fas en serio, pero no tomarse a s\u00ed mismo de esa forma.<\/p>\n<h3><b>Siempre te casas con la persona equivocada<\/b><\/h3>\n<p>\u00bfTe preocupa que vayas a tomar la decisi\u00f3n equivocada? An\u00edmate: lo har\u00e1s.<\/p>\n<p>Todo el mundo se casa con la persona equivocada. Todos est\u00e1n equivocados producto del pecado. Sin embargo, una visi\u00f3n s\u00f3lida de la depravaci\u00f3n total y una comprensi\u00f3n firme de la providencia no significa que debas bajar tus est\u00e1ndares sobre con qui\u00e9n te casas. Busca el consejo de personas casadas, piadosas y de confianza. No permitas que un buen deseo de casarte te impida pensar racionalmente sobre las debilidades (y sus posibles consecuencias) en un posible c\u00f3nyuge.<\/p>\n<hr \/>\n<h6>Publicado originalmente en\u00a0<a href=\"https:\/\/www.thegospelcoalition.org\/article\/traits-seek-spouse\/\"><i>The Gospel Coalition<\/i><\/a><i>.<\/i>\u00a0Traducido por Equipo Coalici\u00f3n.<\/h6>\n\n\t\t<\/div>\n\t<\/div>\n<\/div><\/div><\/div><\/div><div class=\"vc_row wpb_row vc_row-fluid vc_custom_1615074577655 vc_row-has-fill\"><div class=\"wpb_column vc_column_container vc_col-sm-12\"><div class=\"vc_column-inner\"><div class=\"wpb_wrapper\">\t\t\t<div class=\"info-box-wrapper inline-element\">\n\t\t\t\t<div id=\"wd-6171d6ef5117a\" class=\" wd-rs-6171d6ef5117a wd-info-box wd-wpb text-left box-icon-align-left box-style- color-scheme- wd-bg-none wd-items-top \">\n\t\t\t\t\t\t\t\t\t\t<div class=\"info-box-content\">\n\t\t\t\t\t\t<h4 class=\"info-box-title title box-title-style-default wd-fontsize-m\">Sobre el autor...<\/h4>\t\t\t\t\t\t<div class=\"info-box-inner reset-last-child\"><p><strong>David Qaoud<\/strong>\u00a0(MDiv, Covenant Theological Seminary) es pastor asociado de la Iglesia Evang\u00e9lica Bethesda en St. Louis, Missouri, EE. UU. y fundador de\u00a0<a href=\"http:\/\/gospelrelevance.com\/\">gospelrelevance.com<\/a>. Su trabajo ha aparecido en\u00a0<i>The Gospel Coalition<\/i>,\u00a0<i>For the Church<\/i>\u00a0y\u00a0<i>Banner of Truth<\/i>. Vive en Saint Louis (Estados Unidos) con su esposa e hijo.<\/p>\n<\/div>\n\n\t\t\t\t\t\t\t\t\t\t\t<\/div>\n\n\t\t\t\t\t\n\t\t\t\t\t<style>#wd-6171d6ef5117a .info-box-icon {background-color:  !important;}<\/style>\t\t\t\t<\/div>\n\t\t\t<\/div>\n\t\t<\/div><\/div><\/div><\/div>\n<\/div>\t\t\t\t\t<\/div>\n\t\t\t\t\n\t\t\t\t\t\t\t\t\t<\/div>\n\t<\/div>\n<\/article>\n\n\t\t\t\t\t\n\t\t\t\t\t","status":"have-posts","nextPage":"https:\/\/desarrollocristiano.pe\/articulos-pastorales\/page\/5\/?woo_ajax=1","currentPage":"https:\/\/desarrollocristiano.pe\/articulos-pastorales\/page\/4"}