
			
				

					
				

			
		{"items":"\n\t\t\t\t\t\t\t\t\t\t\t\t\t\t<link rel=\"stylesheet\" id=\"wd-post-types-mod-categories-style-bg-css\" href=\"https:\/\/desarrollocristiano.pe\/wp-content\/themes\/woodmart\/css\/parts\/post-types-mod-categories-style-bg.min.css?ver=8.2.7\" type=\"text\/css\" media=\"all\" \/> \t\t\t\n<article id=\"post-83215\" class=\"wd-post blog-design-chess blog-post-loop blog-design-small-images blog-style-bg wd-add-shadow wd-col post-83215 post type-post status-publish format-standard has-post-thumbnail hentry category-noviazgo\">\n\t<div class=\"wd-post-inner article-inner\">\n\t\t\t\t\t<div class=\"wd-post-thumb entry-header\">\n\t\t\t\t\t\t\t\t\t<div class=\"wd-post-img post-img-wrapp\">\n\t\t\t\t\t\t<img width=\"320\" height=\"160\" src=\"https:\/\/desarrollocristiano.pe\/wp-content\/uploads\/2024\/02\/AMOR-REAL-O-ATRACCION-FATAL-320x160.jpg\" class=\"attachment-large size-large\" alt=\"\" decoding=\"async\" srcset=\"https:\/\/desarrollocristiano.pe\/wp-content\/uploads\/2024\/02\/AMOR-REAL-O-ATRACCION-FATAL-320x160.jpg 320w, https:\/\/desarrollocristiano.pe\/wp-content\/uploads\/2024\/02\/AMOR-REAL-O-ATRACCION-FATAL-600x300.jpg 600w, https:\/\/desarrollocristiano.pe\/wp-content\/uploads\/2024\/02\/AMOR-REAL-O-ATRACCION-FATAL-150x75.jpg 150w, https:\/\/desarrollocristiano.pe\/wp-content\/uploads\/2024\/02\/AMOR-REAL-O-ATRACCION-FATAL-400x200.jpg 400w, https:\/\/desarrollocristiano.pe\/wp-content\/uploads\/2024\/02\/AMOR-REAL-O-ATRACCION-FATAL.jpg 700w\" sizes=\"(max-width: 320px) 100vw, 320px\" \/>\t\t\t\t\t<\/div>\n\t\t\t\t\t<a class=\"wd-fill\" href=\"https:\/\/desarrollocristiano.pe\/amor-real-o-atraccion-fatal\/\"><\/a>\n\t\t\t\t\n\t\t\t\t\t\t\t\t\t\t\t\t<link rel=\"stylesheet\" id=\"wd-post-types-mod-date-style-bg-css\" href=\"https:\/\/desarrollocristiano.pe\/wp-content\/themes\/woodmart\/css\/parts\/post-types-mod-date-style-bg.min.css?ver=8.2.7\" type=\"text\/css\" media=\"all\" \/> \t\t\t\t\t\t<div class=\"wd-post-date wd-style-with-bg\">\n\t\t\t\t<span class=\"post-date-day\">\n\t\t\t\t\t13\t\t\t\t<\/span>\n\t\t\t\t<span class=\"post-date-month\">\n\t\t\t\t\tFeb\t\t\t\t<\/span>\n\t\t\t<\/div>\n\t\t\t\t\t\t\t\t\t<\/div>\n\t\t\n\t\t<div class=\"wd-post-content article-body-container\">\n\t\t\t\t\t\t\t<div class=\"wd-post-cat wd-style-with-bg meta-post-categories\">\n\t\t\t\t\t<a href=\"https:\/\/desarrollocristiano.pe\/categorias\/relaciones\/noviazgo\/\" rel=\"category tag\">Noviazgo<\/a>\t\t\t\t<\/div>\n\t\t\t\n\t\t\t\t\t\t\t<h3 class=\"wd-post-title wd-entities-title title post-title\">\n\t\t\t\t\t<a href=\"https:\/\/desarrollocristiano.pe\/amor-real-o-atraccion-fatal\/\" rel=\"bookmark\">AMOR REAL O ATRACCI\u00d3N FATAL<\/a>\n\t\t\t\t<\/h3>\n\t\t\t\n\t\t\t\t\t\t\t<div class=\"wd-post-meta\">\n\t\t\t\t\t\t\t\t\t\t\t\t\t<link rel=\"stylesheet\" id=\"wd-blog-mod-author-css\" href=\"https:\/\/desarrollocristiano.pe\/wp-content\/themes\/woodmart\/css\/parts\/blog-mod-author.min.css?ver=8.2.7\" type=\"text\/css\" media=\"all\" \/> \t\t\t\t\t\t\t\t<div class=\"wd-post-author\">\n\t\t\t\t\t\t\t\t\t\t\t<span>Posteado por<\/span>\n\t\t\n\t\t\t\t\t<img alt='author-avatar' src='https:\/\/secure.gravatar.com\/avatar\/8f331515e2139e7ffacac78d5e21bc88ee625065cad5d063ef4da73b7cbcfc2d?s=18&#038;d=mm&#038;r=g' srcset='https:\/\/secure.gravatar.com\/avatar\/8f331515e2139e7ffacac78d5e21bc88ee625065cad5d063ef4da73b7cbcfc2d?s=36&#038;d=mm&#038;r=g 2x' class='avatar avatar-18 photo' height='18' width='18' loading='lazy' decoding='async'\/>\t\t\n\t\t\t\t\t<a href=\"https:\/\/desarrollocristiano.pe\/author\/aprnimda7720\/\" class=\"author\" rel=\"author\">Administrador<\/a>\n\t\t\t\t\t\t\t\t\t<\/div>\n\t\t\t\t\t<div class=\"wd-modified-date\">\n\t\t\t\t\t\t\t\t<time class=\"updated\" datetime=\"2024-02-13T15:42:55-05:00\">\n\t\t\t13\/02\/2024\t\t<\/time>\n\t\t\t\t\t\t\t<\/div>\n\n\t\t\t\t\t\t\t\t\t\t\t<div class=\"wd-post-share wd-tltp\">\n\t\t\t\t\t\t\t<div class=\"tooltip top\">\n\t\t\t\t\t\t\t\t<div class=\"tooltip-inner\">\n\t\t\t\t\t\t\t\t\t\t\t\t<link rel=\"stylesheet\" id=\"wd-social-icons-css\" href=\"https:\/\/desarrollocristiano.pe\/wp-content\/themes\/woodmart\/css\/parts\/el-social-icons.min.css?ver=8.2.7\" type=\"text\/css\" media=\"all\" \/> \t\t\t\t\t\t<div\n\t\t\t\t\t\tclass=\" wd-social-icons  wd-style-default wd-size-small social-share wd-shape-circle color-scheme-light text-center\">\n\t\t\t\t\n\t\t\t\t\n\t\t\t\t\t\t\t\t\t<a rel=\"noopener noreferrer nofollow\" href=\"https:\/\/www.facebook.com\/sharer\/sharer.php?u=https:\/\/desarrollocristiano.pe\/articulos-pastorales\/\" target=\"_blank\" class=\" wd-social-icon social-facebook\" aria-label=\"Facebook social link\">\n\t\t\t\t\t\t<span class=\"wd-icon\"><\/span>\n\t\t\t\t\t\t\t\t\t\t\t<\/a>\n\t\t\t\t\n\t\t\t\t\t\t\t\t\t<a rel=\"noopener noreferrer nofollow\" href=\"https:\/\/x.com\/share?url=https:\/\/desarrollocristiano.pe\/articulos-pastorales\/\" target=\"_blank\" class=\" wd-social-icon social-twitter\" aria-label=\"X social link\">\n\t\t\t\t\t\t<span class=\"wd-icon\"><\/span>\n\t\t\t\t\t\t\t\t\t\t\t<\/a>\n\t\t\t\t\n\t\t\t\t\n\t\t\t\t\t\t\t\t\t<a rel=\"noopener noreferrer nofollow\" href=\"mailto:?subject=Check%20this%20https:\/\/desarrollocristiano.pe\/articulos-pastorales\/\" target=\"_blank\" class=\" wd-social-icon social-email\" aria-label=\"Email social link\">\n\t\t\t\t\t\t<span class=\"wd-icon\"><\/span>\n\t\t\t\t\t\t\t\t\t\t\t<\/a>\n\t\t\t\t\n\t\t\t\t\n\t\t\t\t\n\t\t\t\t\n\t\t\t\t\t\t\t\t\t<a rel=\"noopener noreferrer nofollow\" href=\"https:\/\/pinterest.com\/pin\/create\/button\/?url=https:\/\/desarrollocristiano.pe\/articulos-pastorales\/&media=https:\/\/desarrollocristiano.pe\/wp-content\/uploads\/2024\/02\/AMOR-REAL-O-ATRACCION-FATAL.jpg&description=AMOR+REAL+O+ATRACCI%C3%93N+FATAL\" target=\"_blank\" class=\" wd-social-icon social-pinterest\" aria-label=\"Pinterest social link\">\n\t\t\t\t\t\t<span class=\"wd-icon\"><\/span>\n\t\t\t\t\t\t\t\t\t\t\t<\/a>\n\t\t\t\t\n\t\t\t\t\n\t\t\t\t\t\t\t\t\t<a rel=\"noopener noreferrer nofollow\" href=\"https:\/\/www.linkedin.com\/shareArticle?mini=true&url=https:\/\/desarrollocristiano.pe\/articulos-pastorales\/\" target=\"_blank\" class=\" wd-social-icon social-linkedin\" aria-label=\"Linkedin social link\">\n\t\t\t\t\t\t<span class=\"wd-icon\"><\/span>\n\t\t\t\t\t\t\t\t\t\t\t<\/a>\n\t\t\t\t\n\t\t\t\t\n\t\t\t\t\n\t\t\t\t\n\t\t\t\t\n\t\t\t\t\n\t\t\t\t\n\t\t\t\t\n\t\t\t\t\n\t\t\t\t\t\t\t\t\t<a rel=\"noopener noreferrer nofollow\" href=\"https:\/\/api.whatsapp.com\/send?text=https%3A%2F%2Fdesarrollocristiano.pe%2Farticulos-pastorales%2F\" target=\"_blank\" class=\"wd-hide-md  wd-social-icon social-whatsapp\" aria-label=\"WhatsApp social link\">\n\t\t\t\t\t\t<span class=\"wd-icon\"><\/span>\n\t\t\t\t\t\t\t\t\t\t\t<\/a>\n\n\t\t\t\t\t<a rel=\"noopener noreferrer nofollow\" href=\"whatsapp:\/\/send?text=https%3A%2F%2Fdesarrollocristiano.pe%2Farticulos-pastorales%2F\" target=\"_blank\" class=\"wd-hide-lg  wd-social-icon social-whatsapp\" aria-label=\"WhatsApp social link\">\n\t\t\t\t\t\t<span class=\"wd-icon\"><\/span>\n\t\t\t\t\t\t\t\t\t\t\t<\/a>\n\t\t\t\t\n\t\t\t\t\n\t\t\t\t\n\t\t\t\t\n\t\t\t\t\n\t\t\t\t\n\t\t\t\t\t\t\t\t\t<a rel=\"noopener noreferrer nofollow\" href=\"https:\/\/telegram.me\/share\/url?url=https:\/\/desarrollocristiano.pe\/articulos-pastorales\/\" target=\"_blank\" class=\" wd-social-icon social-tg\" aria-label=\"Telegram social link\">\n\t\t\t\t\t\t<span class=\"wd-icon\"><\/span>\n\t\t\t\t\t\t\t\t\t\t\t<\/a>\n\t\t\t\t\n\t\t\t\t\n\t\t\t<\/div>\n\n\t\t\t\t\t\t\t\t\t\t<\/div>\n\t\t\t\t\t\t\t\t<div class=\"tooltip-arrow\"><\/div>\n\t\t\t\t\t\t\t<\/div>\n\t\t\t\t\t\t<\/div>\n\t\t\t\t\t\n\t\t\t\t\t\t\t\t\t\t\t\t\t\t<link rel=\"stylesheet\" id=\"wd-blog-mod-comments-button-css\" href=\"https:\/\/desarrollocristiano.pe\/wp-content\/themes\/woodmart\/css\/parts\/blog-mod-comments-button.min.css?ver=8.2.7\" type=\"text\/css\" media=\"all\" \/> \t\t\t\t\t\t\t\t\t<div class=\"wd-post-reply wd-style-1\">\n\t\t\t\t\t\t\t<a href=\"https:\/\/desarrollocristiano.pe\/amor-real-o-atraccion-fatal\/#respond\"><span class=\"wd-replies-count\">0<\/span><\/a>\t\t\t\t\t\t<\/div>\n\t\t\t\t\t\t\t\t\t<\/div>\n\t\t\t\n\t\t\t\t\t\t\t\t\t\t\t\t<div class=\"wd-post-excerpt entry-content\">\n\t\t\t\t\t\t<div class=\"wpb-content-wrapper\"><div class=\"vc_row wpb_row vc_row-fluid\"><div class=\"wpb_column vc_column_container vc_col-sm-12\"><div class=\"vc_column-inner\"><div class=\"wpb_wrapper\">\n\t<div class=\"wpb_text_column wpb_content_element texto_parrafo text-larger\" >\n\t\t<div class=\"wpb_wrapper\">\n\t\t\t<p>Por: Carlos Mesones y Abby Arru\u00e9<\/p>\n<p><strong><strong>1. HISTORIAS FATALES, Y M\u00c1S DIVORCIOS<br \/>\n<\/strong><\/strong><br \/>\nA lo largo de la vida de mi esposa y de la m\u00eda, hemos visto diferentes historias que reflejan como los j\u00f3venes viven en sus relaciones amorosas, en sus veintes y en sus treintas; y hay s\u00edntomas que se notan cuando una relaci\u00f3n no va bien.<\/p>\n<p>Lo que podemos identificar en esas historias son 3 s\u00edntomas de atracci\u00f3n fatal:<\/p>\n<ul>\n<li>CARNAL, es decir relaciones basadas en la atracci\u00f3n f\u00edsica y sexual\n<ul>\n<li>Cuando la Biblia habla de pasiones sensuales describe justamente lo carnal; como dice un autor : \u201cla pasi\u00f3n es la caricatura del amor, se parece mucho al amor, pero no tiene su potencial, no tiene el poder de construir una relaci\u00f3n duradera y significativa, que permita a la pareja experimentar un profundo sentido de realizaci\u00f3n personal.\u201d<\/li>\n<\/ul>\n<\/li>\n<li>OCULTO, con inseguridades y desafiando todo c\u00f3digo de \u00e9tica.\n<ul>\n<li>Hay quienes salen a conversar inicialmente y luego se besan, elevando el tono fuerte en las conversaciones, pero acuerdan no admitir que salen para evitar sospechas. Se llaman \u00abmi amor\u00bb por WhatsApp o celular, pero siguen manteni\u00e9ndolo en secreto y eventualmente lo niegan. Esto puede ser debido a inseguridad, verg\u00fcenza de la pareja, inmadurez o falta de fe. G\u00e9nesis 20:1-18<\/li>\n<\/ul>\n<\/li>\n<li>T\u00d3XICO, haci\u00e9ndose da\u00f1o progresivo al punto de romper un compromiso\n<ul>\n<li>Las relaciones t\u00f3xicas son aquellas en las que\u00a0una de las partes, o ambas,se ven\u00a0afectadas\u00a0por la conducta y\/o actitudes del otro.\u00a0Lo t\u00f3xico busca destruir a la persona. Juan 10:10<\/li>\n<\/ul>\n<\/li>\n<\/ul>\n<p>Y muchas veces en las historias de la iglesia hay un s\u00edntoma m\u00e1s:<\/p>\n<ul>\n<li>RELIGIOSIDAD, af\u00e1n por ser b\u00edblico, pero los dem\u00e1s ven falta de frutos.<\/li>\n<\/ul>\n<p>Para que un \u00e1rbol est\u00e9 seco es porque la ra\u00edz est\u00e1 seca, por eso siempre la ra\u00edz de una atracci\u00f3n fatal ser\u00e1 nuestra sequedad espiritual. En algunos casos hay heridas del alma no sanadas que contribuye como terreno inf\u00e9rtil a que no prosperen relaciones sanas. Pero, sin duda siempre el problema central ser\u00e1 la ausencia de Dios en una pareja.<\/p>\n<p>Es muy cierto que hoy en d\u00eda hay una presi\u00f3n medi\u00e1tica sobre los j\u00f3venes y sobre todo en los j\u00f3venes profesionales a tener una pareja estable y casarse, como si fuera parte de un ciclo que hay que cumplir socialmente, y a veces ante la presi\u00f3n se toman decisiones inmaduras sobre el empezar una relaci\u00f3n sentimental e incluso dar el paso del matrimonio sin pensar realmente si eso tiene futuro o no.<\/p>\n<p>Las estad\u00edsticas de Lima metropolitana nos dicen que la mayor\u00eda de las chicas se casan entre los 25 y 29 a\u00f1os de edad y la mayor\u00eda de los chicos se casan entre los 30 a 34. Pero recuerda que tu vida es personal, y debes confiar en los planes de Dios y no tratar\u00e1 de perseguir lo que todo el mundo que no lo conoce persigue.<\/p>\n<p>Justamente porque muchos j\u00f3venes no maduros y sin Cristo se casan, sin mayor prop\u00f3sito, es que en los \u00faltimos 5 a\u00f1os el ratio de divorcios ha pasado de 30% a 38%.<\/p>\n<p>La tendencia nacional es 2 divorcios por cada 5 matrimonios, y en Europa ya es 3.<\/p>\n<p>El divorcio = matrimonio inmaduro (personas inmaduras, afectadas por divorcios).<\/p>\n<h3><strong><strong>2. ETAPAS DE RELACI\u00d3N BAJO \u00c9TICA CRISTIANA<\/strong><\/strong><\/h3>\n<p><a href=\"https:\/\/desarrollocristiano.pe\/wp-content\/uploads\/2024\/02\/etapas-de-relacion-bajo-etica-cristiana.png\"><img fetchpriority=\"high\" decoding=\"async\" class=\"aligncenter wp-image-83217\" src=\"https:\/\/desarrollocristiano.pe\/wp-content\/uploads\/2024\/02\/etapas-de-relacion-bajo-etica-cristiana-320x76.png\" alt=\"\" width=\"700\" height=\"167\" srcset=\"https:\/\/desarrollocristiano.pe\/wp-content\/uploads\/2024\/02\/etapas-de-relacion-bajo-etica-cristiana-320x76.png 320w, https:\/\/desarrollocristiano.pe\/wp-content\/uploads\/2024\/02\/etapas-de-relacion-bajo-etica-cristiana-150x36.png 150w, https:\/\/desarrollocristiano.pe\/wp-content\/uploads\/2024\/02\/etapas-de-relacion-bajo-etica-cristiana.png 567w\" sizes=\"(max-width: 700px) 100vw, 700px\" \/><\/a><\/p>\n<p>La vida cristiana es una vida de procesos. Y en el \u00e1mbito sentimental, aunque no hay reglas r\u00edgidas, hay consejo b\u00edblico para ir por etapas, y evitar un da\u00f1o emocional en el camino. Por eso las etapas aconsejables, en una relaci\u00f3n sentimental, son: amistad, enamoramiento, noviazgo, y matrimonio. Como bien dice ese dicho entre pastores: \u201camistades largas, noviazgos cortos, matrimonios para toda la vida\u201d. Al mismo tiempo la vida cristiana es como un iceberg, donde importa tanto lo que se ve como lo que est\u00e1 debajo de lo visible, pues all\u00ed es donde ocurren pasiones desbordadas como el sexting, pornograf\u00eda, entre otras, de las cuales solo el Se\u00f1or puede liberarnos si lo dejamos tomar el control de nuestra vida y nuestras relaciones.<\/p>\n\n\t\t<\/div>\n\t<\/div>\n\n\t<div class=\"wpb_text_column wpb_content_element texto_parrafo text-larger\" >\n\t\t<div class=\"wpb_wrapper\">\n\t\t\t<h3><strong>3. SANS\u00d3N: SOLO ATRACCI\u00d3N FATAL<\/strong><\/h3>\n<p>La historia de Sans\u00f3n curiosamente empieza con la historia de sus padres, quienes adoraron genuinamente Dios. Sans\u00f3n recibi\u00f3 un buen ejemplo, pero eso no implica que tomemos buenas decisiones. Jueces 13:8-22<\/p>\n<p>Sin embargo, luego vemos en la historia de Sans\u00f3n que fue movido m\u00e1s por sus pasiones y emociones, que por la fe que ten\u00edan sus padres.<\/p>\n<p>Hoy en d\u00eda, justamente, parte del problema con la idea del \u00abenamoramiento\u00bb, es la distorsi\u00f3n que el mundo hace respecto a lo que es el amor. A menudo ser\u00eda m\u00e1s exacto decir que aquellos que se \u00abenamoran\u00bb, en realidad \u00abcaen en la lujuria\u00bb o \u00abcaen en el encaprichamiento\u00bb o \u00abcaen en la co-dependencia\u00bb.<\/p>\n<p>La historia nos lleva al cap\u00edtulo 14 de Jueces. El texto dice:<\/p>\n<blockquote><p>\nSans\u00f3n fue al pueblo de Timn\u00e1, y al ver a una joven filistea <strong>se enamor\u00f3 de ella<\/strong>.\u00a0<strong><sup>2\u00a0<\/sup><\/strong>Cuando volvi\u00f3, le dijo a sus padres:<\/p>\n<p>\u2014He visto en Timn\u00e1 a una joven filistea, y quiero casarme con ella. Hagan ustedes los arreglos necesarios para la boda.<\/p>\n<p><strong><sup>3\u00a0<\/sup><\/strong>Sus padres, entonces, le preguntaron:<\/p>\n<p>\u2014\u00bfPor qu\u00e9 tienes que elegir como esposa a una mujer de esos filisteos, que no conocen a Dios? \u2026.<\/p>\n<p>Pero Sans\u00f3n insisti\u00f3:<\/p>\n<p>\u2014<strong>Esa muchacha es la que me gusta<\/strong>. <em><u>Vayan a pedirla<\/u><\/em> para que sea mi esposa.\n<\/p><\/blockquote>\n<p>\u00bfQui\u00e9n le puso el pare? \u00bfY hoy qui\u00e9n le pone el pare a j\u00f3venes encaprichados?<\/p>\n<p>Padres, mentores y l\u00edderes deben ser consientes de su responsabilidad como iglesia. Como amigos sean sinceros cuando vean algo mal, y d\u00edganselo a quien lo necesite.<\/p>\n<p><strong>Enamorarse fuera de Dios\u2026 es solo carnal, sensual<\/strong><\/p>\n<p>Sans\u00f3n se hab\u00eda acostumbrado a complacer sus caprichos, a mentir, y cre\u00eda que todo eso nunca tendr\u00eda consecuencias. Ca\u00eda en relaciones t\u00f3xicas, como vemos en sus 2 relaciones m\u00e1s detalladas, sin considerar que tuvo sexo con una prostituta.<\/p>\n<p>Sans\u00f3n tuvo una prometida, y ella le estuvo llorando durante toda una semana, en una din\u00e1mica s\u00faper t\u00f3xica, para obtener informaci\u00f3n. \u00bfQu\u00e9 curioso que la biblia ya nos hable de estos temas a\u00fan en medio de quienes Dios escoge con planes divinos no?<\/p>\n<p>El chantaje emocional es t\u00f3xico\u2026 siempre.<\/p>\n<p>En el cap\u00edtulo 15 vemos haza\u00f1as de Sans\u00f3n, y al mismo tiempo se nos dice que \u201cDurante veinte a\u00f1os, Sans\u00f3n fue jefe de los israelitas\u201d. Pero, aunque hab\u00edan pasado 2 d\u00e9cadas, el coraz\u00f3n de Sans\u00f3n no hab\u00eda madurado, por eso un d\u00eda \u201cvio a una prostituta, y entr\u00f3 a su casa para pasar la noche.\u201d<\/p>\n<p>Tiempo despu\u00e9s el relato nos muestra la din\u00e1mica t\u00f3xica en la que cay\u00f3 con Dalila:<\/p>\n<blockquote><p>\n<strong><sup>16: 4\u00a0<\/sup><\/strong>Despu\u00e9s Sans\u00f3n <strong>se enamor\u00f3 <\/strong>de una mujer llamada Dalila, que viv\u00eda en el valle de Sorec.<\/p>\n<p>\u2014\u00bfC\u00f3mo puedes decir que me amas, si me sigues enga\u00f1ando? \u2026todav\u00eda no me dices cu\u00e1l es el secreto de tu gran fuerza!<\/p>\n<p><strong><sup>16: 16\u00a0<\/sup><\/strong>Todos los d\u00edas Dalila segu\u00eda insistiendo con la misma pregunta, y tanto se hart\u00f3 Sans\u00f3n <strong>que se quer\u00eda morir<\/strong>.<\/p>\n<p><strong><sup>17\u00a0<\/sup><\/strong>Finalmente, Sans\u00f3n le confes\u00f3 a Dalila su secreto.<\/p>\n<p><strong><sup>20 <\/sup><\/strong>Sans\u00f3n despert\u00f3 pensando que iba a librarse como antes, pero no sab\u00eda que <strong>Dios ya lo hab\u00eda abandonado<\/strong>.<\/p>\n<p><strong><sup>21\u00a0<\/sup><\/strong>Los filisteos lo sujetaron y <strong>le sacaron los ojos.<\/strong>\n<\/p><\/blockquote>\n<p><strong>Una relaci\u00f3n que empieza mal, termina mal, te aleja de Dios, y te hace da\u00f1o.<\/strong><\/p>\n\n\t\t<\/div>\n\t<\/div>\n\n\t<div class=\"wpb_text_column wpb_content_element texto_parrafo text-larger\" >\n\t\t<div class=\"wpb_wrapper\">\n\t\t\t<h3><strong>4. ISAAC Y REBECA: UN AMOR REAL<\/strong><\/h3>\n<p>Antes de entrar a otro modelo b\u00edblico positivo me gustar\u00eda que conozcamos la teor\u00eda triangular del amor de Robert Stemberg, que se basa en 3 componentes:<\/p>\n<ul>\n<li>INTIMIDAD\n<ul>\n<li>Conexi\u00f3n y el v\u00ednculo entre la pareja<\/li>\n<li>Comunicaci\u00f3n, respecto y bienestar<\/li>\n<\/ul>\n<\/li>\n<\/ul>\n<ul>\n<li>PASI\u00d3N\n<ul>\n<li>Atracci\u00f3n sexual<\/li>\n<li>Excitaci\u00f3n emocional \/experiencias<\/li>\n<\/ul>\n<\/li>\n<\/ul>\n<ul>\n<li>COMPROMISO\n<ul>\n<li>Deseo de mantener la uni\u00f3n<\/li>\n<li>Compartir un proyecto de vida<\/li>\n<\/ul>\n<\/li>\n<\/ul>\n<p>&nbsp;<\/p>\n<p><a href=\"https:\/\/desarrollocristiano.pe\/wp-content\/uploads\/2024\/02\/pasion-intimidad-y-compromiso.png\"><img decoding=\"async\" class=\"aligncenter wp-image-83218\" src=\"https:\/\/desarrollocristiano.pe\/wp-content\/uploads\/2024\/02\/pasion-intimidad-y-compromiso-320x215.png\" alt=\"\" width=\"600\" height=\"402\" srcset=\"https:\/\/desarrollocristiano.pe\/wp-content\/uploads\/2024\/02\/pasion-intimidad-y-compromiso-320x215.png 320w, https:\/\/desarrollocristiano.pe\/wp-content\/uploads\/2024\/02\/pasion-intimidad-y-compromiso-150x101.png 150w, https:\/\/desarrollocristiano.pe\/wp-content\/uploads\/2024\/02\/pasion-intimidad-y-compromiso.png 434w\" sizes=\"(max-width: 600px) 100vw, 600px\" \/><\/a><\/p>\n<p>Ahora s\u00ed vamos de lleno con una historia muy positiva como la de Isaac y Rebeca, en G\u00e9nesis 24. Vemos en este relato 2 principios claves para la elecci\u00f3n de la pareja:<\/p>\n<ul>\n<li>Fe en com\u00fan [ <strong><sup>24: 3-4\u00a0<\/sup><\/strong>\u2026no casar\u00e1s a mi hijo\u2026 con ninguna mujer de Cana\u00e1n.]<\/li>\n<li>Actitud y vocaci\u00f3n de servicio [<strong><sup>14\u00a0<\/sup><\/strong>permite que la muchacha a quien le pida\u2026 no s\u00f3lo me d\u00e9 agua a m\u00ed&#8230; As\u00ed sabr\u00e9\u2026]<\/li>\n<li>Obediencia el Se\u00f1or [<strong><sup>14\u00a0<\/sup><\/strong> \u2026 que ella es la mujer que has elegido para Isaac, quien siempre te obedece en todo\u00bb]<\/li>\n<\/ul>\n<p>Isaac ten\u00eda claro su prop\u00f3sito, que era el mismo que hab\u00eda recibido su padre, de que Dios los usar\u00eda para una nueva naci\u00f3n, Isaac era obediente a lo que Dios le ordenaba. Con fe, intercesi\u00f3n en oracion y en obediencia se escoge bien.<\/p>\n<p>Si no comparte la misma fe en Jes\u00fas mejor ni lo intentes.<\/p>\n<p>Escoge familiares, amigos y mentores que te apoyen en un proceso tan importante y complejo como es una pareja para toda la vida, t\u00fa escoges esos consejeros.<\/p>\n<p><u>Si es de Dios<\/u>, lo reconoce la familia, los amigos y la iglesia. Ser parte de la Iglesia tambi\u00e9n es compartir tu vida sentimental con esa Comunidad de fe siempre que est\u00e9s dispuesto a vivir bajo la \u00e9tica cristiana qu\u00e9 ense\u00f1a Jes\u00fas.<\/p>\n<p><strong>Yugo desigual<\/strong><\/p>\n<p>Un asunto muy distorsionado dentro de la Iglesia es el concepto del yugo desigual. muchos han crecido presuponiendo que cuando la Biblia dice que no se unan en yugo desigual con los incr\u00e9dulos se est\u00e1 refiriendo a la relaci\u00f3n sentimental entre un evang\u00e9lico y un cat\u00f3lico, y eso no es preciso. El concepto del yugo desigual no se refiere a la religi\u00f3n de procedencia de cada persona, sino se refiere al origen de la fe personal que cada uno ha decidido tener. Debe responder a preguntas como: \u00bfHas nacido de nuevo, te has arrepentido? \u00bfo pecar es normal para ti?<\/p>\n<p>Incluso con el tiempo no solo se refiere a la fe sino tambi\u00e9n al prop\u00f3sito de vida en Dios que cada persona ha asumido en su propia vida. Algo claro de parte de Dios. \u00bfTienes prop\u00f3sito en tu vida para unirte a alguien?<\/p>\n\n\t\t<\/div>\n\t<\/div>\n\n\t<div class=\"wpb_text_column wpb_content_element texto_parrafo text-larger\" >\n\t\t<div class=\"wpb_wrapper\">\n\t\t\t<h3><strong>4.TESTIMONIO PERSONAL: ABY Y CARLOS\u00a0<\/strong><\/h3>\n<p>Nuestra historia de amor como cualquier otra es bien particular, pues a\u00fan a pesar de estar ambos sirviendo al Se\u00f1or cada uno trae su propia historia personal de decepciones amorosas y ciertos fracasos.<\/p>\n<p>Nos conocimos en abril del 2018, luego fuimos sirviendo juntos en el ministerio, nos hicimos amigos, y con el paso de tiempo surgi\u00f3 una amistad especial, pero que nunca cruz\u00f3 la l\u00ednea de una amistad por el respecto que ambos nos ten\u00edamos el uno al otro, y porque ella se encontraba en una relaci\u00f3n. Solo cuando ella estuvo nuevamente libre, con los sentimientos m\u00e1s claros, y una convicci\u00f3n definida de parte de Dios, es que me atrev\u00ed a decirle para salir y mostrarle lo que hab\u00eda en mi coraz\u00f3n, esperando por fe que ella dijera lo mismo. Eso fue en diciembre del 2019. Y luego de unos meses de orar, y que nos apoyaran en oraci\u00f3n, decidimos empezar nuestra relaci\u00f3n en marzo del 2020, previo a la pandemia.<\/p>\n<p>Fue un proceso dif\u00edcil, pero logramos en el Se\u00f1or sobrellevar la relaci\u00f3n a distancia por 4 meses, y en ese a\u00f1o nos comprometimos, y al a\u00f1o siguiente, el 3 de julio del 2021 nos casamos delante de Dios, nuestra familia y amigos. Fue un d\u00eda de gran bendici\u00f3n, y una de las mejores vacaciones que hemos disfrutado con Aby.<\/p>\n<p>&nbsp;<\/p>\n<h3><strong>Conclusi\u00f3n<\/strong><\/h3>\n<p>Finalmente, para evitar relaciones fatales debemos reemplazar esos s\u00edntomas de los que hablamos enfoc\u00e1ndonos en Jes\u00fas, y lo que \u00e9l representa para nosotros. Es evidente que las decisiones impulsivas basadas en la atracci\u00f3n f\u00edsica, la falta de transparencia y las din\u00e1micas t\u00f3xicas llevan al dolor, nublarnos y alejarnos de Dios.<\/p>\n<p>Sin embargo, al seguir los principios de amistad, fe compartida y servicio mutuo, como vimos en la historia de Isaac y Rebeca, podemos construir relaciones s\u00f3lidas y significativas que honren a Dios.<\/p>\n<p>Nuestro testimonio personal nos recuerda que la b\u00fasqueda de la voluntad de Dios y la confianza en Su gu\u00eda pueden llevarnos a una relaci\u00f3n llena de prop\u00f3sito y bendici\u00f3n.<\/p>\n<p>Por lo tanto, te invito reflexionar sobre sus propias relaciones y dejar que Dios audite tu coraz\u00f3n, mente y las decisiones que est\u00e1s tomando.<\/p>\n<p><strong>\u00bfDejar\u00e1s que Dios \u201cgu\u00ede\u201d tu relaci\u00f3n, actual o futura?<\/strong><\/p>\n\n\t\t<\/div>\n\t<\/div>\n<\/div><\/div><\/div><\/div><div class=\"vc_row wpb_row vc_row-fluid vc_custom_1615074577655 vc_row-has-fill\"><div class=\"wpb_column vc_column_container vc_col-sm-12\"><div class=\"vc_column-inner vc_custom_1615070652059\"><div class=\"wpb_wrapper\">\t\t\t<link rel=\"stylesheet\" id=\"wd-info-box-css\" href=\"https:\/\/desarrollocristiano.pe\/wp-content\/themes\/woodmart\/css\/parts\/el-info-box.min.css?ver=8.2.7\" type=\"text\/css\" media=\"all\" \/> \t\t\t\t\t\t<div class=\"info-box-wrapper\">\n\t\t\t\t<div id=\"wd-65cbd1c8b3f4d\" class=\" wd-rs-65cbd1c8b3f4d wd-info-box wd-wpb text-left box-icon-align-left box-style- color-scheme- wd-bg-none wd-items-top \">\n\t\t\t\t\t\t\t\t\t\t<div class=\"info-box-content\">\n\t\t\t\t\t\t\t\t\t\t\t\t<div class=\"info-box-inner reset-last-child\"><p>Carlos Mesones y Abby Arru\u00e9 son pareja pastoral de j\u00f3venes en la IAC y M de Monterrico<\/p>\n<\/div>\n\n\t\t\t\t\t\t\t\t\t\t\t<\/div>\n\n\t\t\t\t\t\n\t\t\t\t\t\t\t\t\t<\/div>\n\t\t\t<\/div>\n\t\t<\/div><\/div><\/div><\/div>\n<\/div>\t\t\t\t\t<\/div>\n\t\t\t\t\n\t\t\t\t\t\t\t\t\t<\/div>\n\t<\/div>\n<\/article>\n\n\t\t\t\t\t\t\t\t\t\t\t\n<article id=\"post-83205\" class=\"wd-post blog-design-chess blog-post-loop blog-design-small-images blog-style-bg wd-add-shadow wd-col post-83205 post type-post status-publish format-standard has-post-thumbnail hentry category-noviazgo\">\n\t<div class=\"wd-post-inner article-inner\">\n\t\t\t\t\t<div class=\"wd-post-thumb entry-header\">\n\t\t\t\t\t\t\t\t\t<div class=\"wd-post-img post-img-wrapp\">\n\t\t\t\t\t\t<img width=\"320\" height=\"160\" src=\"https:\/\/desarrollocristiano.pe\/wp-content\/uploads\/2024\/02\/amor-320x160.jpg\" class=\"attachment-large size-large\" alt=\"\" decoding=\"async\" loading=\"lazy\" srcset=\"https:\/\/desarrollocristiano.pe\/wp-content\/uploads\/2024\/02\/amor-320x160.jpg 320w, https:\/\/desarrollocristiano.pe\/wp-content\/uploads\/2024\/02\/amor-600x300.jpg 600w, https:\/\/desarrollocristiano.pe\/wp-content\/uploads\/2024\/02\/amor-150x75.jpg 150w, https:\/\/desarrollocristiano.pe\/wp-content\/uploads\/2024\/02\/amor-400x200.jpg 400w, https:\/\/desarrollocristiano.pe\/wp-content\/uploads\/2024\/02\/amor.jpg 700w\" sizes=\"auto, (max-width: 320px) 100vw, 320px\" \/>\t\t\t\t\t<\/div>\n\t\t\t\t\t<a class=\"wd-fill\" href=\"https:\/\/desarrollocristiano.pe\/amistad-y-enamoramiento\/\"><\/a>\n\t\t\t\t\n\t\t\t\t\t\t\t\t\t\t\t\t<div class=\"wd-post-date wd-style-with-bg\">\n\t\t\t\t<span class=\"post-date-day\">\n\t\t\t\t\t12\t\t\t\t<\/span>\n\t\t\t\t<span class=\"post-date-month\">\n\t\t\t\t\tFeb\t\t\t\t<\/span>\n\t\t\t<\/div>\n\t\t\t\t\t\t\t\t\t<\/div>\n\t\t\n\t\t<div class=\"wd-post-content article-body-container\">\n\t\t\t\t\t\t\t<div class=\"wd-post-cat wd-style-with-bg meta-post-categories\">\n\t\t\t\t\t<a href=\"https:\/\/desarrollocristiano.pe\/categorias\/relaciones\/noviazgo\/\" rel=\"category tag\">Noviazgo<\/a>\t\t\t\t<\/div>\n\t\t\t\n\t\t\t\t\t\t\t<h3 class=\"wd-post-title wd-entities-title title post-title\">\n\t\t\t\t\t<a href=\"https:\/\/desarrollocristiano.pe\/amistad-y-enamoramiento\/\" rel=\"bookmark\">Amistad y enamoramiento<\/a>\n\t\t\t\t<\/h3>\n\t\t\t\n\t\t\t\t\t\t\t<div class=\"wd-post-meta\">\n\t\t\t\t\t\t\t\t\t\t\t\t\t\t\t<div class=\"wd-post-author\">\n\t\t\t\t\t\t\t\t\t\t\t<span>Posteado por<\/span>\n\t\t\n\t\t\t\t\t<img alt='author-avatar' src='https:\/\/secure.gravatar.com\/avatar\/8f331515e2139e7ffacac78d5e21bc88ee625065cad5d063ef4da73b7cbcfc2d?s=18&#038;d=mm&#038;r=g' srcset='https:\/\/secure.gravatar.com\/avatar\/8f331515e2139e7ffacac78d5e21bc88ee625065cad5d063ef4da73b7cbcfc2d?s=36&#038;d=mm&#038;r=g 2x' class='avatar avatar-18 photo' height='18' width='18' loading='lazy' decoding='async'\/>\t\t\n\t\t\t\t\t<a href=\"https:\/\/desarrollocristiano.pe\/author\/aprnimda7720\/\" class=\"author\" rel=\"author\">Administrador<\/a>\n\t\t\t\t\t\t\t\t\t<\/div>\n\t\t\t\t\t<div class=\"wd-modified-date\">\n\t\t\t\t\t\t\t\t<time class=\"updated\" datetime=\"2024-02-13T15:42:20-05:00\">\n\t\t\t13\/02\/2024\t\t<\/time>\n\t\t\t\t\t\t\t<\/div>\n\n\t\t\t\t\t\t\t\t\t\t\t<div class=\"wd-post-share wd-tltp\">\n\t\t\t\t\t\t\t<div class=\"tooltip top\">\n\t\t\t\t\t\t\t\t<div class=\"tooltip-inner\">\n\t\t\t\t\t\t\t\t\t\t\t\t<div\n\t\t\t\t\t\tclass=\" wd-social-icons  wd-style-default wd-size-small social-share wd-shape-circle color-scheme-light text-center\">\n\t\t\t\t\n\t\t\t\t\n\t\t\t\t\t\t\t\t\t<a rel=\"noopener noreferrer nofollow\" href=\"https:\/\/www.facebook.com\/sharer\/sharer.php?u=https:\/\/desarrollocristiano.pe\/articulos-pastorales\/\" target=\"_blank\" class=\" wd-social-icon social-facebook\" aria-label=\"Facebook social link\">\n\t\t\t\t\t\t<span class=\"wd-icon\"><\/span>\n\t\t\t\t\t\t\t\t\t\t\t<\/a>\n\t\t\t\t\n\t\t\t\t\t\t\t\t\t<a rel=\"noopener noreferrer nofollow\" href=\"https:\/\/x.com\/share?url=https:\/\/desarrollocristiano.pe\/articulos-pastorales\/\" target=\"_blank\" class=\" wd-social-icon social-twitter\" aria-label=\"X social link\">\n\t\t\t\t\t\t<span class=\"wd-icon\"><\/span>\n\t\t\t\t\t\t\t\t\t\t\t<\/a>\n\t\t\t\t\n\t\t\t\t\n\t\t\t\t\t\t\t\t\t<a rel=\"noopener noreferrer nofollow\" href=\"mailto:?subject=Check%20this%20https:\/\/desarrollocristiano.pe\/articulos-pastorales\/\" target=\"_blank\" class=\" wd-social-icon social-email\" aria-label=\"Email social link\">\n\t\t\t\t\t\t<span class=\"wd-icon\"><\/span>\n\t\t\t\t\t\t\t\t\t\t\t<\/a>\n\t\t\t\t\n\t\t\t\t\n\t\t\t\t\n\t\t\t\t\n\t\t\t\t\t\t\t\t\t<a rel=\"noopener noreferrer nofollow\" href=\"https:\/\/pinterest.com\/pin\/create\/button\/?url=https:\/\/desarrollocristiano.pe\/articulos-pastorales\/&media=https:\/\/desarrollocristiano.pe\/wp-content\/uploads\/2024\/02\/amor.jpg&description=Amistad+y+enamoramiento\" target=\"_blank\" class=\" wd-social-icon social-pinterest\" aria-label=\"Pinterest social link\">\n\t\t\t\t\t\t<span class=\"wd-icon\"><\/span>\n\t\t\t\t\t\t\t\t\t\t\t<\/a>\n\t\t\t\t\n\t\t\t\t\n\t\t\t\t\t\t\t\t\t<a rel=\"noopener noreferrer nofollow\" href=\"https:\/\/www.linkedin.com\/shareArticle?mini=true&url=https:\/\/desarrollocristiano.pe\/articulos-pastorales\/\" target=\"_blank\" class=\" wd-social-icon social-linkedin\" aria-label=\"Linkedin social link\">\n\t\t\t\t\t\t<span class=\"wd-icon\"><\/span>\n\t\t\t\t\t\t\t\t\t\t\t<\/a>\n\t\t\t\t\n\t\t\t\t\n\t\t\t\t\n\t\t\t\t\n\t\t\t\t\n\t\t\t\t\n\t\t\t\t\n\t\t\t\t\n\t\t\t\t\n\t\t\t\t\t\t\t\t\t<a rel=\"noopener noreferrer nofollow\" href=\"https:\/\/api.whatsapp.com\/send?text=https%3A%2F%2Fdesarrollocristiano.pe%2Farticulos-pastorales%2F\" target=\"_blank\" class=\"wd-hide-md  wd-social-icon social-whatsapp\" aria-label=\"WhatsApp social link\">\n\t\t\t\t\t\t<span class=\"wd-icon\"><\/span>\n\t\t\t\t\t\t\t\t\t\t\t<\/a>\n\n\t\t\t\t\t<a rel=\"noopener noreferrer nofollow\" href=\"whatsapp:\/\/send?text=https%3A%2F%2Fdesarrollocristiano.pe%2Farticulos-pastorales%2F\" target=\"_blank\" class=\"wd-hide-lg  wd-social-icon social-whatsapp\" aria-label=\"WhatsApp social link\">\n\t\t\t\t\t\t<span class=\"wd-icon\"><\/span>\n\t\t\t\t\t\t\t\t\t\t\t<\/a>\n\t\t\t\t\n\t\t\t\t\n\t\t\t\t\n\t\t\t\t\n\t\t\t\t\n\t\t\t\t\n\t\t\t\t\t\t\t\t\t<a rel=\"noopener noreferrer nofollow\" href=\"https:\/\/telegram.me\/share\/url?url=https:\/\/desarrollocristiano.pe\/articulos-pastorales\/\" target=\"_blank\" class=\" wd-social-icon social-tg\" aria-label=\"Telegram social link\">\n\t\t\t\t\t\t<span class=\"wd-icon\"><\/span>\n\t\t\t\t\t\t\t\t\t\t\t<\/a>\n\t\t\t\t\n\t\t\t\t\n\t\t\t<\/div>\n\n\t\t\t\t\t\t\t\t\t\t<\/div>\n\t\t\t\t\t\t\t\t<div class=\"tooltip-arrow\"><\/div>\n\t\t\t\t\t\t\t<\/div>\n\t\t\t\t\t\t<\/div>\n\t\t\t\t\t\n\t\t\t\t\t\t\t\t\t\t\t\t\t\t\t\t\t<div class=\"wd-post-reply wd-style-1\">\n\t\t\t\t\t\t\t<a href=\"https:\/\/desarrollocristiano.pe\/amistad-y-enamoramiento\/#respond\"><span class=\"wd-replies-count\">0<\/span><\/a>\t\t\t\t\t\t<\/div>\n\t\t\t\t\t\t\t\t\t<\/div>\n\t\t\t\n\t\t\t\t\t\t\t\t\t\t\t\t<div class=\"wd-post-excerpt entry-content\">\n\t\t\t\t\t\t<div class=\"wpb-content-wrapper\"><div class=\"vc_row wpb_row vc_row-fluid\"><div class=\"wpb_column vc_column_container vc_col-sm-12\"><div class=\"vc_column-inner\"><div class=\"wpb_wrapper\">\n\t<div class=\"wpb_text_column wpb_content_element texto_parrafo text-larger\" >\n\t\t<div class=\"wpb_wrapper\">\n\t\t\t<p>Por: <a href=\"https:\/\/www.facebook.com\/nick.davies.180\"><b>Nick Davies<\/b><\/a><\/p>\n<p>\u00bfD\u00f3nde est\u00e1 la l\u00ednea entre amigos y enamorados? \u00bfC\u00f3mo sabes si ya son &#8216;amigos con compromiso&#8217;?<\/p>\n<p>Establezcamos los datos sencillos sobre la diferencia entre nosotros y los tiempos b\u00edblicos. En aquel entonces:<\/p>\n<ul>\n<li>El enamoramiento no exist\u00eda.<\/li>\n<li>Las amistades entre g\u00e9neros fuera de la familia eran raras.<\/li>\n<li>Las que exist\u00edan eran \u00abamistades de reciprocidad\u00bb &#8211; patrones y clientes.<\/li>\n<\/ul>\n<p>Sin embargo, actualmente vivimos en una cultura muy diferente, con nuestra educaci\u00f3n de masas, mayor movimiento social, redes sociales m\u00e1s amplias y diferente ritmo de relaciones rom\u00e1nticas. La diferencia entre una o dos generaciones es bastante grande, por no hablar de hace 2000 a\u00f1os. Debemos tener cuidado con c\u00f3mo aplicamos fielmente la Biblia a nuestros tiempos cuando pensamos en la amistad y el enamoramiento.<\/p>\n<p>Empecemos por ver c\u00f3mo Jes\u00fas define la amistad como amor mutuo sacrificial, y luego pensaremos en lo que esto significa para el enamoramiento.<\/p>\n<p>&nbsp;<\/p>\n<h2><strong>El ADN de todas las relaciones cristianas: amigos de Jes\u00fas y entre s\u00ed.<\/strong><\/h2>\n<p>En Juan 15, poco antes de la cruz, Jes\u00fas llama por fin amigos a sus disc\u00edpulos.* T\u00f3mate un momento para leer estos tres vers\u00edculos:<\/p>\n<blockquote><p>\n12 Este es mi mandamiento: Que os am\u00e9is unos a otros, como yo os he amado. 13 Nadie tiene mayor amor que este, que uno ponga su vida por sus amigos. 14 Vosotros sois mis amigos, si hac\u00e9is lo que yo os mando. 15 Ya no os llamar\u00e9 siervos, porque el siervo no sabe lo que hace su se\u00f1or; pero os he llamado amigos, porque todas las cosas que o\u00ed de mi Padre, os las he dado a conocer.\n<\/p><\/blockquote>\n<p>La amistad en este sentido cristiano es algo m\u00e1s que la comprensi\u00f3n normal de una mera historia compartida, experiencias e intereses comunes. Es amor sacrificial, modelado por Jes\u00fas dando su vida por sus disc\u00edpulos. Saber esto los clasifica en una categor\u00eda diferente: de siervos a amigos (v. 15). Ahora est\u00e1n en el c\u00edrculo \u00edntimo, saben de qu\u00e9 se ocupan el Padre y el Hijo.<\/p>\n<p>Esto era bastante contracultural en dos frentes. Es el lenguaje de la familia redirigido para referirse a personas que no son familia. Adem\u00e1s, esto es muy diferente a las \u00abamistades de reciprocidad\u00bb de patronos y clientes. Sus disc\u00edpulos, y nosotros, debemos seguir su ritmo de amistad, de amor sacrificado a los dem\u00e1s. Lo deja claro en los dos vers\u00edculos siguientes:<\/p>\n<blockquote><p>\n16 No me elegisteis vosotros a m\u00ed, sino que yo os eleg\u00ed a vosotros, y os he puesto para que vay\u00e1is y llev\u00e9is fruto, y vuestro fruto permanezca; para que todo lo que pidiereis al Padre en mi nombre, \u00e9l os lo d\u00e9. 17 Esto os mando: Que os am\u00e9is unos a otros.\n<\/p><\/blockquote>\n<p>La relaci\u00f3n b\u00e1sica entre todos los cristianos es esta amistad mutuamente sacrificial, basada en el maravilloso acto de gracia de Jes\u00fas declar\u00e1ndonos sus amigos, muriendo por nosotros. Entre ancianos y j\u00f3venes, l\u00edderes y laicos, hombres y mujeres, la forma predeterminada de relacionarse es como amigos en la forma en que Jes\u00fas describe all\u00ed en el vers\u00edculo 13. Cualquiera que sea la funci\u00f3n de la reuni\u00f3n eclesial -un culto, una reuni\u00f3n de j\u00f3venes, de j\u00f3venes adultos, de hombres y mujeres-, todas ellas son, ante todo, reuniones de amigos que se aman mutuamente. Este fuerte v\u00ednculo horizontal es el ADN de todas las relaciones cristianas. Si se me permite ser un poco provocador, cuando se piensa en ello, la amistad es m\u00e1s importante que el matrimonio porque es nuestra amistad juntos lo que continuar\u00e1 en la eternidad, no los matrimonios (Mateo 22:30).<\/p>\n<p>&nbsp;<\/p>\n<h2><strong>Amistad y enamoramiento<\/strong><\/h2>\n<p>\u00bfQu\u00e9 tiene que ver esta pl\u00e1tica sobre la amistad con el enamoramiento? Como soltero o soltera, cuando pienses en los otros solteros y solteras de tu iglesia, tienes que pensar en ellos como tus amigos que se sirven mutuamente con sacrificio, como Jes\u00fas. As\u00ed es como toda la iglesia deber\u00eda relacionarse entre s\u00ed todo el tiempo.<\/p>\n<p>Desafortunadamente, algunos cristianos est\u00e1n atrapados en la misma mentalidad que el mundo sexualizado en el que vivimos. Al igual que el mundo, se ven a s\u00ed mismos principalmente como objetos sexuales, pero desde el punto de vista cristiano como tentaciones o amenazas para el matrimonio. Es la misma cosificaci\u00f3n sexual de la sociedad, s\u00f3lo que con un gran \u00abno\u00bb en lugar de un gran \u00abs\u00ed\u00bb, dejando a Jes\u00fas fuera de juego. Estos cristianos y la sociedad son solo dos planetas orbitando el mismo sol enfocado en el sexo.<\/p>\n<p>Y as\u00ed, sin esta mentalidad de relacionarse unos con otros como amigos, como quiere Jes\u00fas, todas las relaciones entre hombres y mujeres solteros se centran en el matrimonio, vi\u00e9ndose unos a otros como potenciales parejas sexuales mon\u00f3gamas, o tentaciones sexuales. Entonces:<\/p>\n<ul>\n<li>Los consejos cristianos sobre las relaciones se reducen a una pl\u00e9tora de gu\u00edas legalistas de lo que se debe y no se debe hacer, de normas que advierten a los hombres y mujeres cristianos sobre c\u00f3mo no deben relacionarse entre s\u00ed, o bajo qu\u00e9 l\u00edmites casi farisaicos pueden hacerlo, todo ello etiquetado como \u00absabidur\u00eda b\u00edblica\u00bb.<\/li>\n<li>Los ministerios juveniles se convierten en mercados de carne, que separan a los cristianos solteros del resto de la iglesia hasta que se casan (\u00a1como si el matrimonio resolviera todos los problemas!)<\/li>\n<li>A los hombres casados se les anima a temer a otras mujeres como tentaciones, y a sus esposas se les ense\u00f1a a ver a sus hermanas en Cristo como amenazas. (Por alguna raz\u00f3n, siempre son las mujeres las que parecen ser el problema. Qu\u00e9 extra\u00f1o&#8230;)<\/li>\n<\/ul>\n<p>En lugar de las profundas amistades contraculturales de fraternidad sacrificial de la familia de Cristo, nos vemos reducidos a una an\u00e9mica red de ligeras conexiones entre hombres y mujeres centradas en prepararse para el sexo, o en evitarlo.<\/p>\n<p>No es de extra\u00f1ar que, desde este punto de partida, los consejos cristianos sobre el enamoramiento, aunque bienintencionados, coqueteen todos demasiado cerca del legalismo. Por el contrario, debemos partir de lo que Jes\u00fas dice de nosotros, y de c\u00f3mo quiere que nos relacionemos unos con otros. Como amigos suyos a los que \u00c9l ama sacrificadamente, juntos, hombres y mujeres, somos amigos que se aman sacrificadamente unos a otros. Este es el ambiente de gracia en el que nos enamoramos.<\/p>\n<p>Al vivir as\u00ed, habr\u00e1 brotes de emoci\u00f3n, preguntas del tipo \u00ab\u00bfle gusto?\u00bb o \u00abme gusta m\u00e1s de lo que pensaba\u00bb. \u00a1Genial! Son los buenos deseos de intimidad y sexo que Dios nos ha dado. Pero como nos vemos como amigos en la forma en que Jes\u00fas habla de ello, por lo tanto no seguimos ciegamente tales emociones, sino que hablamos con nuestros amigos m\u00e1s sabios (familia o amigos cristianos) para ayudar a equilibrar los qu\u00edmicos locos que impulsan nuestros deseos. Interrogamos nuestros motivos que pueden llevarnos a ver al otro principalmente como un objeto sexual.<\/p>\n<p>No hay reglas de oro, ni marcadores claros, ni indicadores f\u00e1ciles para saber cu\u00e1l es la l\u00ednea que separa a los amigos de los amigos con compromiso, porque la atenci\u00f3n no se centra en el proceso, sino en las relaciones que buscan servir a los dem\u00e1s como Cristo se entreg\u00f3 por nosotros, y ellos por nosotros.<\/p>\n<p>El paso de esto a una relaci\u00f3n rom\u00e1ntica es complicado y s\u00f3lo se ve claro en retrospectiva. Esa es la naturaleza de las relaciones. Bajo la gracia, con el poder del Esp\u00edritu, no hay reglas farisaicas. S\u00f3lo hay sabidur\u00eda guiada por el Esp\u00edritu, centrada en la relaci\u00f3n que Jes\u00fas nos ha dado con el sexo opuesto: la familia fraterna.<\/p>\n<p>En este D\u00eda de los Enamorados, recuerda que Jes\u00fas te llama su amigo, por el que dio la vida, para hacerte parte de una familia de amigos, cada uno sacrific\u00e1ndose como \u00c9l. Esa mujer que te gusta, ese hombre que te gusta, es tu amigo, una relaci\u00f3n profunda que s\u00f3lo existe gracias a Jes\u00fas. No pienses como el mundo, vi\u00e9ndolo a \u00e9l o a ella como un objeto o una meta para el placer, m\u00e1s bien sigue una mentalidad diferente. Es la mentalidad de un amigo de Cristo, la mentalidad de ver a los otros amigos de Cristo como oportunidad de servir en vez de pareja o tentaci\u00f3n potencial. Es la mentalidad de amar como amigos en Cristo, sin temor, que es la base para cualquier direcci\u00f3n rom\u00e1ntica que puede suceder.<\/p>\n<p>&nbsp;<\/p>\n<p>&nbsp;<\/p>\n<p>&nbsp;<\/p>\n<p>&nbsp;<\/p>\n<p>*Estoy en deuda hacia el hermano Andrew Bunt y su art\u00edculo <em>Jesus on Friendship <\/em>por el recordatorio de Juan 15 y el tema de amistad. Recomiendo la lectura con Google Translate\u00a0<a href=\"https:\/\/www.livingout.org\/resources\/articles\/113\/jesus-on-friendship\">https:\/\/www.livingout.org\/resources\/articles\/113\/jesus-on-friendship<\/a><\/p>\n\n\t\t<\/div>\n\t<\/div>\n<\/div><\/div><\/div><\/div><div class=\"vc_row wpb_row vc_row-fluid vc_custom_1615074577655 vc_row-has-fill\"><div class=\"wpb_column vc_column_container vc_col-sm-12\"><div class=\"vc_column-inner vc_custom_1615070652059\"><div class=\"wpb_wrapper\">\t\t\t<div class=\"info-box-wrapper\">\n\t\t\t\t<div id=\"wd-65ca8df646d1e\" class=\" wd-rs-65ca8df646d1e wd-info-box wd-wpb text-left box-icon-align-left box-style- color-scheme- wd-bg-none wd-items-top \">\n\t\t\t\t\t\t\t\t\t\t\t<div class=\"box-icon-wrapper  box-with-icon box-icon-simple\">\n\t\t\t\t\t\t\t<div class=\"info-box-icon\">\n\n\t\t\t\t\t\t\t\n\t\t\t\t\t\t\t\t\t\t\t\t\t\t\t\t\t<img loading=\"lazy\" decoding=\"async\" width=\"100\" height=\"150\" src=\"https:\/\/desarrollocristiano.pe\/wp-content\/uploads\/2023\/10\/Nick-Davies-100x150.png\" class=\"attachment-100x150 size-100x150\" alt=\"\" \/>\t\t\t\t\t\t\t\t\t\t\t\t\t\t\t\n\t\t\t\t\t\t\t<\/div>\n\t\t\t\t\t\t<\/div>\n\t\t\t\t\t\t\t\t\t\t<div class=\"info-box-content\">\n\t\t\t\t\t\t\t\t\t\t\t\t<div class=\"info-box-inner reset-last-child\"><p>Nicolas Davies es misionero de CMS Australia en Per\u00fa.<\/p>\n<\/div>\n\n\t\t\t\t\t\t\t\t\t\t\t<\/div>\n\n\t\t\t\t\t\n\t\t\t\t\t\t\t\t\t<\/div>\n\t\t\t<\/div>\n\t\t<\/div><\/div><\/div><\/div>\n<\/div>\t\t\t\t\t<\/div>\n\t\t\t\t\n\t\t\t\t\t\t\t\t\t<\/div>\n\t<\/div>\n<\/article>\n\n\t\t\t\t\t\t\t\t\t\t\t\n<article id=\"post-81822\" class=\"wd-post blog-design-chess blog-post-loop blog-design-small-images blog-style-bg wd-add-shadow wd-col post-81822 post type-post status-publish format-standard has-post-thumbnail hentry category-vida-cristiana\">\n\t<div class=\"wd-post-inner article-inner\">\n\t\t\t\t\t<div class=\"wd-post-thumb entry-header\">\n\t\t\t\t\t\t\t\t\t<div class=\"wd-post-img post-img-wrapp\">\n\t\t\t\t\t\t<img width=\"320\" height=\"160\" src=\"https:\/\/desarrollocristiano.pe\/wp-content\/uploads\/2023\/12\/pesebre-320x160.jpg\" class=\"attachment-large size-large\" alt=\"\" decoding=\"async\" loading=\"lazy\" srcset=\"https:\/\/desarrollocristiano.pe\/wp-content\/uploads\/2023\/12\/pesebre-320x160.jpg 320w, https:\/\/desarrollocristiano.pe\/wp-content\/uploads\/2023\/12\/pesebre-600x300.jpg 600w, https:\/\/desarrollocristiano.pe\/wp-content\/uploads\/2023\/12\/pesebre-150x75.jpg 150w, https:\/\/desarrollocristiano.pe\/wp-content\/uploads\/2023\/12\/pesebre-400x200.jpg 400w, https:\/\/desarrollocristiano.pe\/wp-content\/uploads\/2023\/12\/pesebre.jpg 700w\" sizes=\"auto, (max-width: 320px) 100vw, 320px\" \/>\t\t\t\t\t<\/div>\n\t\t\t\t\t<a class=\"wd-fill\" href=\"https:\/\/desarrollocristiano.pe\/navidad-cual-es-su-importancia\/\"><\/a>\n\t\t\t\t\n\t\t\t\t\t\t\t\t\t\t\t\t<div class=\"wd-post-date wd-style-with-bg\">\n\t\t\t\t<span class=\"post-date-day\">\n\t\t\t\t\t20\t\t\t\t<\/span>\n\t\t\t\t<span class=\"post-date-month\">\n\t\t\t\t\tDic\t\t\t\t<\/span>\n\t\t\t<\/div>\n\t\t\t\t\t\t\t\t\t<\/div>\n\t\t\n\t\t<div class=\"wd-post-content article-body-container\">\n\t\t\t\t\t\t\t<div class=\"wd-post-cat wd-style-with-bg meta-post-categories\">\n\t\t\t\t\t<a href=\"https:\/\/desarrollocristiano.pe\/categorias\/vida-cristiana\/\" rel=\"category tag\">Vida Cristiana<\/a>\t\t\t\t<\/div>\n\t\t\t\n\t\t\t\t\t\t\t<h3 class=\"wd-post-title wd-entities-title title post-title\">\n\t\t\t\t\t<a href=\"https:\/\/desarrollocristiano.pe\/navidad-cual-es-su-importancia\/\" rel=\"bookmark\">Navidad, \u00bfCu\u00e1l es su importancia?<\/a>\n\t\t\t\t<\/h3>\n\t\t\t\n\t\t\t\t\t\t\t<div class=\"wd-post-meta\">\n\t\t\t\t\t\t\t\t\t\t\t\t\t\t\t<div class=\"wd-post-author\">\n\t\t\t\t\t\t\t\t\t\t\t<span>Posteado por<\/span>\n\t\t\n\t\t\t\t\t<img alt='author-avatar' src='https:\/\/secure.gravatar.com\/avatar\/8f331515e2139e7ffacac78d5e21bc88ee625065cad5d063ef4da73b7cbcfc2d?s=18&#038;d=mm&#038;r=g' srcset='https:\/\/secure.gravatar.com\/avatar\/8f331515e2139e7ffacac78d5e21bc88ee625065cad5d063ef4da73b7cbcfc2d?s=36&#038;d=mm&#038;r=g 2x' class='avatar avatar-18 photo' height='18' width='18' loading='lazy' decoding='async'\/>\t\t\n\t\t\t\t\t<a href=\"https:\/\/desarrollocristiano.pe\/author\/aprnimda7720\/\" class=\"author\" rel=\"author\">Administrador<\/a>\n\t\t\t\t\t\t\t\t\t<\/div>\n\t\t\t\t\t<div class=\"wd-modified-date\">\n\t\t\t\t\t\t\t\t<time class=\"updated\" datetime=\"2023-12-20T17:24:24-05:00\">\n\t\t\t20\/12\/2023\t\t<\/time>\n\t\t\t\t\t\t\t<\/div>\n\n\t\t\t\t\t\t\t\t\t\t\t<div class=\"wd-post-share wd-tltp\">\n\t\t\t\t\t\t\t<div class=\"tooltip top\">\n\t\t\t\t\t\t\t\t<div class=\"tooltip-inner\">\n\t\t\t\t\t\t\t\t\t\t\t\t<div\n\t\t\t\t\t\tclass=\" wd-social-icons  wd-style-default wd-size-small social-share wd-shape-circle color-scheme-light text-center\">\n\t\t\t\t\n\t\t\t\t\n\t\t\t\t\t\t\t\t\t<a rel=\"noopener noreferrer nofollow\" href=\"https:\/\/www.facebook.com\/sharer\/sharer.php?u=https:\/\/desarrollocristiano.pe\/articulos-pastorales\/\" target=\"_blank\" class=\" wd-social-icon social-facebook\" aria-label=\"Facebook social link\">\n\t\t\t\t\t\t<span class=\"wd-icon\"><\/span>\n\t\t\t\t\t\t\t\t\t\t\t<\/a>\n\t\t\t\t\n\t\t\t\t\t\t\t\t\t<a rel=\"noopener noreferrer nofollow\" href=\"https:\/\/x.com\/share?url=https:\/\/desarrollocristiano.pe\/articulos-pastorales\/\" target=\"_blank\" class=\" wd-social-icon social-twitter\" aria-label=\"X social link\">\n\t\t\t\t\t\t<span class=\"wd-icon\"><\/span>\n\t\t\t\t\t\t\t\t\t\t\t<\/a>\n\t\t\t\t\n\t\t\t\t\n\t\t\t\t\t\t\t\t\t<a rel=\"noopener noreferrer nofollow\" href=\"mailto:?subject=Check%20this%20https:\/\/desarrollocristiano.pe\/articulos-pastorales\/\" target=\"_blank\" class=\" wd-social-icon social-email\" aria-label=\"Email social link\">\n\t\t\t\t\t\t<span class=\"wd-icon\"><\/span>\n\t\t\t\t\t\t\t\t\t\t\t<\/a>\n\t\t\t\t\n\t\t\t\t\n\t\t\t\t\n\t\t\t\t\n\t\t\t\t\t\t\t\t\t<a rel=\"noopener noreferrer nofollow\" href=\"https:\/\/pinterest.com\/pin\/create\/button\/?url=https:\/\/desarrollocristiano.pe\/articulos-pastorales\/&media=https:\/\/desarrollocristiano.pe\/wp-content\/uploads\/2023\/12\/pesebre.jpg&description=Navidad%2C+%C2%BFCu%C3%A1l+es+su+importancia%3F\" target=\"_blank\" class=\" wd-social-icon social-pinterest\" aria-label=\"Pinterest social link\">\n\t\t\t\t\t\t<span class=\"wd-icon\"><\/span>\n\t\t\t\t\t\t\t\t\t\t\t<\/a>\n\t\t\t\t\n\t\t\t\t\n\t\t\t\t\t\t\t\t\t<a rel=\"noopener noreferrer nofollow\" href=\"https:\/\/www.linkedin.com\/shareArticle?mini=true&url=https:\/\/desarrollocristiano.pe\/articulos-pastorales\/\" target=\"_blank\" class=\" wd-social-icon social-linkedin\" aria-label=\"Linkedin social link\">\n\t\t\t\t\t\t<span class=\"wd-icon\"><\/span>\n\t\t\t\t\t\t\t\t\t\t\t<\/a>\n\t\t\t\t\n\t\t\t\t\n\t\t\t\t\n\t\t\t\t\n\t\t\t\t\n\t\t\t\t\n\t\t\t\t\n\t\t\t\t\n\t\t\t\t\n\t\t\t\t\t\t\t\t\t<a rel=\"noopener noreferrer nofollow\" href=\"https:\/\/api.whatsapp.com\/send?text=https%3A%2F%2Fdesarrollocristiano.pe%2Farticulos-pastorales%2F\" target=\"_blank\" class=\"wd-hide-md  wd-social-icon social-whatsapp\" aria-label=\"WhatsApp social link\">\n\t\t\t\t\t\t<span class=\"wd-icon\"><\/span>\n\t\t\t\t\t\t\t\t\t\t\t<\/a>\n\n\t\t\t\t\t<a rel=\"noopener noreferrer nofollow\" href=\"whatsapp:\/\/send?text=https%3A%2F%2Fdesarrollocristiano.pe%2Farticulos-pastorales%2F\" target=\"_blank\" class=\"wd-hide-lg  wd-social-icon social-whatsapp\" aria-label=\"WhatsApp social link\">\n\t\t\t\t\t\t<span class=\"wd-icon\"><\/span>\n\t\t\t\t\t\t\t\t\t\t\t<\/a>\n\t\t\t\t\n\t\t\t\t\n\t\t\t\t\n\t\t\t\t\n\t\t\t\t\n\t\t\t\t\n\t\t\t\t\t\t\t\t\t<a rel=\"noopener noreferrer nofollow\" href=\"https:\/\/telegram.me\/share\/url?url=https:\/\/desarrollocristiano.pe\/articulos-pastorales\/\" target=\"_blank\" class=\" wd-social-icon social-tg\" aria-label=\"Telegram social link\">\n\t\t\t\t\t\t<span class=\"wd-icon\"><\/span>\n\t\t\t\t\t\t\t\t\t\t\t<\/a>\n\t\t\t\t\n\t\t\t\t\n\t\t\t<\/div>\n\n\t\t\t\t\t\t\t\t\t\t<\/div>\n\t\t\t\t\t\t\t\t<div class=\"tooltip-arrow\"><\/div>\n\t\t\t\t\t\t\t<\/div>\n\t\t\t\t\t\t<\/div>\n\t\t\t\t\t\n\t\t\t\t\t\t\t\t\t\t\t\t\t\t\t\t\t<div class=\"wd-post-reply wd-style-1\">\n\t\t\t\t\t\t\t<a href=\"https:\/\/desarrollocristiano.pe\/navidad-cual-es-su-importancia\/#respond\"><span class=\"wd-replies-count\">0<\/span><\/a>\t\t\t\t\t\t<\/div>\n\t\t\t\t\t\t\t\t\t<\/div>\n\t\t\t\n\t\t\t\t\t\t\t\t\t\t\t\t<div class=\"wd-post-excerpt entry-content\">\n\t\t\t\t\t\t<div class=\"wpb-content-wrapper\"><div class=\"vc_row wpb_row vc_row-fluid\"><div class=\"wpb_column vc_column_container vc_col-sm-12\"><div class=\"vc_column-inner\"><div class=\"wpb_wrapper\">\n\t<div class=\"wpb_text_column wpb_content_element texto_parrafo text-larger\" >\n\t\t<div class=\"wpb_wrapper\">\n\t\t\t<p>Por <a href=\"https:\/\/www.facebook.com\/francisco.vergara.5836711\">Francisco Vergara<\/a><\/p>\n<p><strong>Introducci\u00f3n <\/strong><\/p>\n<p>Todos los a\u00f1os el mes de diciembre es muy agitado. Los comercios esperan hacer una venta significativa, los trabajadores tienen expectativa de recibir alg\u00fan bono, gratificaci\u00f3n o estipendio adicional, los ni\u00f1os esperan que sus padres est\u00e9n listos para darles alg\u00fan regalo, etc. Las familias est\u00e1n saturadas de reuniones en distintos lugares, quiz\u00e1s con parientes a los que no han visto por largo tiempo, recordando a los que ya partieron, extra\u00f1ando a los que est\u00e1n lejos, etc. Todo ello por la temporada: es navidad. Pero, \u00bfQu\u00e9 es la navidad? \u00bfCu\u00e1l es su significado para la humanidad? \u00bfQu\u00e9 esperan los cristianos que ocurra en esta \u00e9poca? \u00bfCu\u00e1les son las noticias que resultan m\u00e1s importantes y urgentes en nuestra vida en este tiempo?<\/p>\n<p><strong>\u00bfQu\u00e9 es la navidad?<\/strong><\/p>\n<p>El mundo occidental y cristiano ha establecido como una fecha importante el 25 de Diciembre: se recuerda el nacimiento del Salvador. Es necesario mencionar que la fecha no es correcta, de acuerdo a los datos proporcionados por las Escrituras; pero se se\u00f1al\u00f3, no obstante, que m\u00e1s all\u00e1 de la precisi\u00f3n de la fecha del natalicio, lo importante es lo que se recuerda. La Encarnaci\u00f3n tiene como prop\u00f3sito que el mensaje salv\u00edfico se difunda, que se establezca un pueblo de Dios, compuesto por todos aquellos que reconocen a Dios como Creador y a Jesucristo como su Salvador (Is. 7:14 cf. Mt. 1:21-23). La roca s\u00f3lida sobre la cual se levanta la iglesia es la afirmaci\u00f3n o reconocimiento de que Cristo es el Hijo de Dios, nuestro Salvador, y quien le brinda todo el soporte es la Escritura (Mt. 16:16).<\/p>\n<p>Lo que los cristianos esperan que ocurra en estas fechas, de tanta sensibilidad emocional, es que muchos puedan, al escuchar la Palabra de Dios, volver a \u00c9l, por medio de Jesucristo y el poder transformador del Esp\u00edritu Santo. En medio de una sociedad dominada por el esp\u00edritu comercial es importante recordar que la Navidad tiene que ver con algo m\u00e1s trascendente. La situaci\u00f3n del ser humano delante de Dios est\u00e1 signada por el rechazo deliberado a Su autoridad. Este rechazo o negativa a someterse a \u00c9l se produce no por razones intelectuales, fallas en el razonamiento l\u00f3gico o problemas de comprensi\u00f3n. Los seres humanos no quieren reconocer a Dios porque eso llevar\u00eda como consecuencia el sometimiento a \u00c9l como Aquel que puede ordenar y a Quien tenemos que obedecer. El problema es moral, \u00e9tico, espiritual.<\/p>\n<p>La navidad es el recuerdo del prodigio m\u00e1s grande de la historia de la humanidad. Navidad significa el momento en que Dios se hace un ser humano, para en esa condici\u00f3n dar la salvaci\u00f3n a Sus elegidos. Navidad es la fecha en que se inicia la operaci\u00f3n rescate; Dios se hace un hombre para que el hombre pueda llegar a estar en una relaci\u00f3n armoniosa con su Creador. Es la fiesta del perd\u00f3n.<\/p>\n<p><strong>\u00bfQu\u00e9 noticias hemos recibido hoy?<\/strong><\/p>\n<p>Las noticias de nuestros d\u00edas son cada una m\u00e1s espeluznante que la otra. La situaci\u00f3n en el pa\u00eds es de correr. La corrupci\u00f3n se ha evidenciado en todo nivel de las personas que ejercen \u201cautoridad\u201d, que pueden ser legales, pero no leg\u00edtimas. Entonces, \u00bfQu\u00e9 noticia nos puede ser de aliciente? \u00bfQu\u00e9 deber\u00edamos escuchar para que tengamos un fin de a\u00f1o m\u00e1s llevadero y con esperanza?<\/p>\n<p>La navidad es la mejor noticia que podemos recibir. Algunos dir\u00e1n que esto no es correcto, pues los problemas que nos aquejan son tan arraigados en la sociedad que no hay soluci\u00f3n posible. Es la noticia de que Dios ha visto nuestra miseria y dispuso que Cristo, el Hijo de Dios, venga para que la humanidad cambie. Si Dios ha venido hasta nosotros debemos atender el mensaje suyo y cambiar nuestra comprensi\u00f3n y conducta. La comprensi\u00f3n correcta del amor de Dios, quien viendo a los hombres tan perdidos y sin rumbo ha querido ingresar en la historia para cambiarla. Nuestra conducta debe ser regulada por la Palabra suya.<\/p>\n<p>Este cambio no debe ser solo en el individuo, sino en la comunidad de la que la persona forma parte. Y es que Dios vino a convocar un pueblo, no individuos aislados. Todos los escogidos de Dios se deben integrar en una comunidad de fe, en la que se ponga en ejercicio los valores del Reino de Dios que hizo su irrupci\u00f3n en la historia en la noche de navidad.<\/p>\n<p>Esa es la mejor noticia que podemos recibir en estos d\u00edas de incertidumbre, desaliento y fastidio. La primera necesidad del hombre es estar en una relaci\u00f3n buena con Dios, algo que no podemos lograr por nuestra iniciativa ni actuaci\u00f3n, sino por la misericordia de \u00c9l, quien a pesar de nuestra condici\u00f3n perdida y rebelde nos vio con ojos de misericordia y derram\u00f3 su gracia para nuestra recuperaci\u00f3n y salvaci\u00f3n.<\/p>\n<p>Pero al mismo tiempo, con la noticia buena que recibimos, tambi\u00e9n se hace notar la tragedia de muchos cientos de millones de personas que siguen, con obstinaci\u00f3n, dando la espalda a Dios. El evangelio es precedido por una mala noticia: los que dan la espalda a Dios est\u00e1n condenados por rechazar la acci\u00f3n misericordiosa de Dios. Los cristianos estamos llamados a difundir la buena noticia a todos aquellos que viven rechazando a Dios para que, en medio de su desvar\u00edo, el Esp\u00edritu Santo los toque salv\u00edficamente y vengan a integrarse en la avanzada del reino de Dios.<\/p>\n<p><strong>Conclusi\u00f3n <\/strong><\/p>\n<p>Lo que usualmente hacemos al recordar un cumplea\u00f1os es, adem\u00e1s de saludar al festejado, llevarle alg\u00fan obsequio que exprese nuestro afecto. Si lo que recordamos en la navidad es la Encarnaci\u00f3n, y lo que aquella obra portentosa trajo como consecuencia para los hombres, entonces bien valdr\u00eda la pena que tengamos presente que el regalo de Dios para nosotros es la salvaci\u00f3n. Entonces, \u00bfQu\u00e9 estamos haciendo para festejar el nacimiento de Cristo? \u00bfQu\u00e9 obsequio pondremos a sus pies? \u00bfCu\u00e1l es la noticia que vamos a difundir?<\/p>\n<p>\u00a1Que Dios nos ayude a dedicarnos con esfuerzo y valent\u00eda a anunciar que el amor de Dios vence al mundo!<\/p>\n\n\t\t<\/div>\n\t<\/div>\n<\/div><\/div><\/div><\/div>\n<\/div>\t\t\t\t\t<\/div>\n\t\t\t\t\n\t\t\t\t\t\t\t\t\t<\/div>\n\t<\/div>\n<\/article>\n\n\t\t\t\t\t\t\t\t\t\t\t\n<article id=\"post-81797\" class=\"wd-post blog-design-chess blog-post-loop blog-design-small-images blog-style-bg wd-add-shadow wd-col post-81797 post type-post status-publish format-standard has-post-thumbnail hentry category-vida-cristiana\">\n\t<div class=\"wd-post-inner article-inner\">\n\t\t\t\t\t<div class=\"wd-post-thumb entry-header\">\n\t\t\t\t\t\t\t\t\t<div class=\"wd-post-img post-img-wrapp\">\n\t\t\t\t\t\t<img width=\"320\" height=\"160\" src=\"https:\/\/desarrollocristiano.pe\/wp-content\/uploads\/2023\/12\/planeta-Tierra-320x160.jpg\" class=\"attachment-large size-large\" alt=\"Planeta Tierra\" decoding=\"async\" loading=\"lazy\" srcset=\"https:\/\/desarrollocristiano.pe\/wp-content\/uploads\/2023\/12\/planeta-Tierra-320x160.jpg 320w, https:\/\/desarrollocristiano.pe\/wp-content\/uploads\/2023\/12\/planeta-Tierra-600x300.jpg 600w, https:\/\/desarrollocristiano.pe\/wp-content\/uploads\/2023\/12\/planeta-Tierra-150x75.jpg 150w, https:\/\/desarrollocristiano.pe\/wp-content\/uploads\/2023\/12\/planeta-Tierra-200x100.jpg 200w, https:\/\/desarrollocristiano.pe\/wp-content\/uploads\/2023\/12\/planeta-Tierra-400x200.jpg 400w, https:\/\/desarrollocristiano.pe\/wp-content\/uploads\/2023\/12\/planeta-Tierra.jpg 700w\" sizes=\"auto, (max-width: 320px) 100vw, 320px\" \/>\t\t\t\t\t<\/div>\n\t\t\t\t\t<a class=\"wd-fill\" href=\"https:\/\/desarrollocristiano.pe\/feliz-navidad-feliz-fin-del-mundo\/\"><\/a>\n\t\t\t\t\n\t\t\t\t\t\t\t\t\t\t\t\t<div class=\"wd-post-date wd-style-with-bg\">\n\t\t\t\t<span class=\"post-date-day\">\n\t\t\t\t\t19\t\t\t\t<\/span>\n\t\t\t\t<span class=\"post-date-month\">\n\t\t\t\t\tDic\t\t\t\t<\/span>\n\t\t\t<\/div>\n\t\t\t\t\t\t\t\t\t<\/div>\n\t\t\n\t\t<div class=\"wd-post-content article-body-container\">\n\t\t\t\t\t\t\t<div class=\"wd-post-cat wd-style-with-bg meta-post-categories\">\n\t\t\t\t\t<a href=\"https:\/\/desarrollocristiano.pe\/categorias\/vida-cristiana\/\" rel=\"category tag\">Vida Cristiana<\/a>\t\t\t\t<\/div>\n\t\t\t\n\t\t\t\t\t\t\t<h3 class=\"wd-post-title wd-entities-title title post-title\">\n\t\t\t\t\t<a href=\"https:\/\/desarrollocristiano.pe\/feliz-navidad-feliz-fin-del-mundo\/\" rel=\"bookmark\">\u00a1Feliz Navidad! \u00a1Feliz fin del mundo!<\/a>\n\t\t\t\t<\/h3>\n\t\t\t\n\t\t\t\t\t\t\t<div class=\"wd-post-meta\">\n\t\t\t\t\t\t\t\t\t\t\t\t\t\t\t<div class=\"wd-post-author\">\n\t\t\t\t\t\t\t\t\t\t\t<span>Posteado por<\/span>\n\t\t\n\t\t\t\t\t<img alt='author-avatar' src='https:\/\/secure.gravatar.com\/avatar\/8f331515e2139e7ffacac78d5e21bc88ee625065cad5d063ef4da73b7cbcfc2d?s=18&#038;d=mm&#038;r=g' srcset='https:\/\/secure.gravatar.com\/avatar\/8f331515e2139e7ffacac78d5e21bc88ee625065cad5d063ef4da73b7cbcfc2d?s=36&#038;d=mm&#038;r=g 2x' class='avatar avatar-18 photo' height='18' width='18' loading='lazy' decoding='async'\/>\t\t\n\t\t\t\t\t<a href=\"https:\/\/desarrollocristiano.pe\/author\/aprnimda7720\/\" class=\"author\" rel=\"author\">Administrador<\/a>\n\t\t\t\t\t\t\t\t\t<\/div>\n\t\t\t\t\t<div class=\"wd-modified-date\">\n\t\t\t\t\t\t\t\t<time class=\"updated\" datetime=\"2024-02-12T16:38:51-05:00\">\n\t\t\t12\/02\/2024\t\t<\/time>\n\t\t\t\t\t\t\t<\/div>\n\n\t\t\t\t\t\t\t\t\t\t\t<div class=\"wd-post-share wd-tltp\">\n\t\t\t\t\t\t\t<div class=\"tooltip top\">\n\t\t\t\t\t\t\t\t<div class=\"tooltip-inner\">\n\t\t\t\t\t\t\t\t\t\t\t\t<div\n\t\t\t\t\t\tclass=\" wd-social-icons  wd-style-default wd-size-small social-share wd-shape-circle color-scheme-light text-center\">\n\t\t\t\t\n\t\t\t\t\n\t\t\t\t\t\t\t\t\t<a rel=\"noopener noreferrer nofollow\" href=\"https:\/\/www.facebook.com\/sharer\/sharer.php?u=https:\/\/desarrollocristiano.pe\/articulos-pastorales\/\" target=\"_blank\" class=\" wd-social-icon social-facebook\" aria-label=\"Facebook social link\">\n\t\t\t\t\t\t<span class=\"wd-icon\"><\/span>\n\t\t\t\t\t\t\t\t\t\t\t<\/a>\n\t\t\t\t\n\t\t\t\t\t\t\t\t\t<a rel=\"noopener noreferrer nofollow\" href=\"https:\/\/x.com\/share?url=https:\/\/desarrollocristiano.pe\/articulos-pastorales\/\" target=\"_blank\" class=\" wd-social-icon social-twitter\" aria-label=\"X social link\">\n\t\t\t\t\t\t<span class=\"wd-icon\"><\/span>\n\t\t\t\t\t\t\t\t\t\t\t<\/a>\n\t\t\t\t\n\t\t\t\t\n\t\t\t\t\t\t\t\t\t<a rel=\"noopener noreferrer nofollow\" href=\"mailto:?subject=Check%20this%20https:\/\/desarrollocristiano.pe\/articulos-pastorales\/\" target=\"_blank\" class=\" wd-social-icon social-email\" aria-label=\"Email social link\">\n\t\t\t\t\t\t<span class=\"wd-icon\"><\/span>\n\t\t\t\t\t\t\t\t\t\t\t<\/a>\n\t\t\t\t\n\t\t\t\t\n\t\t\t\t\n\t\t\t\t\n\t\t\t\t\t\t\t\t\t<a rel=\"noopener noreferrer nofollow\" href=\"https:\/\/pinterest.com\/pin\/create\/button\/?url=https:\/\/desarrollocristiano.pe\/articulos-pastorales\/&media=https:\/\/desarrollocristiano.pe\/wp-content\/uploads\/2023\/12\/planeta-Tierra.jpg&description=%C2%A1Feliz+Navidad%21+%C2%A1Feliz+fin+del+mundo%21\" target=\"_blank\" class=\" wd-social-icon social-pinterest\" aria-label=\"Pinterest social link\">\n\t\t\t\t\t\t<span class=\"wd-icon\"><\/span>\n\t\t\t\t\t\t\t\t\t\t\t<\/a>\n\t\t\t\t\n\t\t\t\t\n\t\t\t\t\t\t\t\t\t<a rel=\"noopener noreferrer nofollow\" href=\"https:\/\/www.linkedin.com\/shareArticle?mini=true&url=https:\/\/desarrollocristiano.pe\/articulos-pastorales\/\" target=\"_blank\" class=\" wd-social-icon social-linkedin\" aria-label=\"Linkedin social link\">\n\t\t\t\t\t\t<span class=\"wd-icon\"><\/span>\n\t\t\t\t\t\t\t\t\t\t\t<\/a>\n\t\t\t\t\n\t\t\t\t\n\t\t\t\t\n\t\t\t\t\n\t\t\t\t\n\t\t\t\t\n\t\t\t\t\n\t\t\t\t\n\t\t\t\t\n\t\t\t\t\t\t\t\t\t<a rel=\"noopener noreferrer nofollow\" href=\"https:\/\/api.whatsapp.com\/send?text=https%3A%2F%2Fdesarrollocristiano.pe%2Farticulos-pastorales%2F\" target=\"_blank\" class=\"wd-hide-md  wd-social-icon social-whatsapp\" aria-label=\"WhatsApp social link\">\n\t\t\t\t\t\t<span class=\"wd-icon\"><\/span>\n\t\t\t\t\t\t\t\t\t\t\t<\/a>\n\n\t\t\t\t\t<a rel=\"noopener noreferrer nofollow\" href=\"whatsapp:\/\/send?text=https%3A%2F%2Fdesarrollocristiano.pe%2Farticulos-pastorales%2F\" target=\"_blank\" class=\"wd-hide-lg  wd-social-icon social-whatsapp\" aria-label=\"WhatsApp social link\">\n\t\t\t\t\t\t<span class=\"wd-icon\"><\/span>\n\t\t\t\t\t\t\t\t\t\t\t<\/a>\n\t\t\t\t\n\t\t\t\t\n\t\t\t\t\n\t\t\t\t\n\t\t\t\t\n\t\t\t\t\n\t\t\t\t\t\t\t\t\t<a rel=\"noopener noreferrer nofollow\" href=\"https:\/\/telegram.me\/share\/url?url=https:\/\/desarrollocristiano.pe\/articulos-pastorales\/\" target=\"_blank\" class=\" wd-social-icon social-tg\" aria-label=\"Telegram social link\">\n\t\t\t\t\t\t<span class=\"wd-icon\"><\/span>\n\t\t\t\t\t\t\t\t\t\t\t<\/a>\n\t\t\t\t\n\t\t\t\t\n\t\t\t<\/div>\n\n\t\t\t\t\t\t\t\t\t\t<\/div>\n\t\t\t\t\t\t\t\t<div class=\"tooltip-arrow\"><\/div>\n\t\t\t\t\t\t\t<\/div>\n\t\t\t\t\t\t<\/div>\n\t\t\t\t\t\n\t\t\t\t\t\t\t\t\t\t\t\t\t\t\t\t\t<div class=\"wd-post-reply wd-style-1\">\n\t\t\t\t\t\t\t<a href=\"https:\/\/desarrollocristiano.pe\/feliz-navidad-feliz-fin-del-mundo\/#respond\"><span class=\"wd-replies-count\">0<\/span><\/a>\t\t\t\t\t\t<\/div>\n\t\t\t\t\t\t\t\t\t<\/div>\n\t\t\t\n\t\t\t\t\t\t\t\t\t\t\t\t<div class=\"wd-post-excerpt entry-content\">\n\t\t\t\t\t\t<div class=\"wpb-content-wrapper\"><div class=\"vc_row wpb_row vc_row-fluid\"><div class=\"wpb_column vc_column_container vc_col-sm-12\"><div class=\"vc_column-inner\"><div class=\"wpb_wrapper\">\n\t<div class=\"wpb_text_column wpb_content_element\" >\n\t\t<div class=\"wpb_wrapper\">\n\t\t\t<figure class=\"wp-block-audio\"><audio src=\"https:\/\/desarrollocristiano.pe\/wp-content\/uploads\/2023\/12\/Feliz-navidad-feliz-fin-del-mundo.mp3\" controls=\"controls\"><\/audio><\/figure>\n\n\t\t<\/div>\n\t<\/div>\n<\/div><\/div><\/div><\/div><div class=\"vc_row wpb_row vc_row-fluid\"><div class=\"wpb_column vc_column_container vc_col-sm-12\"><div class=\"vc_column-inner\"><div class=\"wpb_wrapper\">\n\t<div class=\"wpb_text_column wpb_content_element texto_parrafo text-larger\" >\n\t\t<div class=\"wpb_wrapper\">\n\t\t\t<p>Por: <a href=\"https:\/\/www.facebook.com\/nick.davies.180\"><b>Nick Davies<\/b><\/a><\/p>\n<p>La Navidad es la ocasi\u00f3n en que celebramos la llegada de Dios mismo. Jesucristo, el Hijo eterno, se encarn\u00f3 para ser nuestro salvador. El ni\u00f1o en el pesebre es el Dios que nos salva del castigo por nuestra rebeli\u00f3n contra \u00e9l. En Navidad celebramos el mayor regalo de una relaci\u00f3n restaurada con \u00e9l por su gran amor por nosotros. Pero tambi\u00e9n celebramos el fin del mundo.<\/p>\n<p>No me disculpo por ser dram\u00e1tico e hiperb\u00f3lico, porque esta es la historia de las Escrituras.<\/p>\n<p>Preparemos la escena. Durante siglos y siglos. Israel estaba atrapado en un ciclo terrible de arriba hacia abajo. Los reyes eran injustos e id\u00f3latras. Los sacerdotes de Dios eran blasfemos e ignoraron la Pascua durante siglos. La palabra de Dios se hab\u00eda perdido f\u00edsicamente durante qui\u00e9n sabe cu\u00e1nto tiempo. Y al pueblo de Dios no le importaba nada su Dios, viviendo vidas ego\u00edstas e injustas. Incluso la destrucci\u00f3n de las 10 tribus del reino del norte en 722 a.C no fue suficiente advertencia. Despu\u00e9s de siglos, hab\u00eda llegado la hora del juicio. As\u00ed que, en 586 a.C, Dios envi\u00f3 a Babilonia para arrasar Jud\u00e1, Jerusal\u00e9n y el templo, reduciendo al rey de Israel a nada m\u00e1s que una mascota real.<\/p>\n<p>Pero Dios es fiel y promete restaurar Israel con un pueblo renovado en una tierra renovada. Y a trav\u00e9s de esto, Dios juzgar\u00e1 al mundo. Juicio y restauraci\u00f3n a un mundo perdido y manchado por el pecado.<\/p>\n<p>Isa\u00edas 49 es un cl\u00e1sico:<\/p>\n<blockquote>\n<p><em>As\u00ed ha dicho Jehov\u00e1, Redentor de Israel, el Santo suyo, al menospreciado de alma, al abominado de las naciones, al siervo de los tiranos: Ver\u00e1n reyes, y se levantar\u00e1n pr\u00edncipes, y adorar\u00e1n por Jehov\u00e1; porque fiel es el Santo de Israel, el cual te escogi\u00f3. (49:7)<\/em><\/p>\n<p><em>Pero as\u00ed dice Jehov\u00e1: Ciertamente el cautivo ser\u00e1 rescatado del valiente, y el bot\u00edn ser\u00e1 arrebatado al tirano; y tu pleito yo lo defender\u00e9, y yo salvar\u00e9 a tus hijos. Y a los que te despojaron har\u00e9 comer sus propias carnes, y con su sangre ser\u00e1n embriagados como con vino; y conocer\u00e1 todo hombre que yo Jehov\u00e1 soy Salvador tuyo y Redentor tuyo, el Fuerte de Jacob. (49:25-26)<\/em><\/p>\n<\/blockquote>\n<p>El remanente del pueblo de Dios se aferr\u00f3 a esta promesa, por lo que no es de extra\u00f1ar que Mar\u00eda y Elizabet se emocionen, Mar\u00eda se pone un poco apocal\u00edptica, equiparando la llegada de su beb\u00e9 al gran cambio prometido por Dios:<\/p>\n<blockquote>\n<p><em>Quit\u00f3 de los tronos a los poderosos, y exalt\u00f3 a los humildes. A los hambrientos colm\u00f3 de bienes, y a los ricos envi\u00f3 vac\u00edos. Socorri\u00f3 a Israel su siervo, acord\u00e1ndose de la misericordia de la cual habl\u00f3 a nuestros padres, para con Abraham y su descendencia para siempre. (Lucas 1:52-56)<\/em><\/p>\n<\/blockquote>\n<p>Y cuando Jes\u00fas es presentado en el Templo, Sime\u00f3n, comprendiendo lo que significa este nacimiento, recuerda Isa\u00edas 49 (que vimos antes), el canto de la llegada del siervo a trav\u00e9s del cual Dios restaurar\u00e1 y vindicar\u00e1 a Israel. \u00abEl rey est\u00e1 aqu\u00ed. Ahora es el momento de que Dios juzgue y restaure el mundo\u00bb.<\/p>\n<p>Ese rey, Jes\u00fas, es el ni\u00f1o que celebramos en Navidad. El rey del mundo que juzga y restaura.<\/p>\n<p>Pero este rey era diferente. El juicio y la restauraci\u00f3n no comenzaron con un poderoso ej\u00e9rcito, sino en la cruz. El rey mismo fue juzgado en nuestro nombre para que pudi\u00e9ramos ser restaurados como anticipo del juicio final y la restauraci\u00f3n cuando venga de nuevo a terminar lo que empez\u00f3:<\/p>\n<blockquote>\n<p><em>\u00abAhora es el juicio de este mundo; ahora el pr\u00edncipe de este mundo ser\u00e1 echado fuera. Y yo, si fuere levantado de la tierra, a todos atraer\u00e9 a m\u00ed mismo.\u00bb (Juan 12:31-32)<\/em><\/p>\n<\/blockquote>\n<p>\u00bfQu\u00e9 se siente al celebrar el principio del fin del mundo? \u00abCelebrar\u00bb es la palabra adecuada porque el beb\u00e9 cuyo nacimiento reconocemos, cuya llegada cumple la promesa de juzgarlo y restaurarlo todo, es el mismo beb\u00e9 cuya muerte y resurrecci\u00f3n significa que no tenemos lo que nos merecemos. Es el mismo beb\u00e9 cuyo regreso como rey resucitado y justo para restaurar todas las cosas es lo que esperamos.<\/p>\n<p>\u00a1Feliz Navidad! \u00a1Feliz fin del mundo!<\/p>\n\n\t\t<\/div>\n\t<\/div>\n<\/div><\/div><\/div><\/div><div class=\"vc_row wpb_row vc_row-fluid vc_custom_1615074577655 vc_row-has-fill\"><div class=\"wpb_column vc_column_container vc_col-sm-12\"><div class=\"vc_column-inner vc_custom_1615070652059\"><div class=\"wpb_wrapper\">\t\t\t<div class=\"info-box-wrapper\">\n\t\t\t\t<div id=\"wd-65ca8fe143d5f\" class=\" wd-rs-65ca8fe143d5f wd-info-box wd-wpb text-left box-icon-align-left box-style- color-scheme- wd-bg-none wd-items-top \">\n\t\t\t\t\t\t\t\t\t\t\t<div class=\"box-icon-wrapper  box-with-icon box-icon-simple\">\n\t\t\t\t\t\t\t<div class=\"info-box-icon\">\n\n\t\t\t\t\t\t\t\n\t\t\t\t\t\t\t\t\t\t\t\t\t\t\t\t\t<img loading=\"lazy\" decoding=\"async\" width=\"100\" height=\"150\" src=\"https:\/\/desarrollocristiano.pe\/wp-content\/uploads\/2023\/10\/Nick-Davies-100x150.png\" class=\"attachment-100x150 size-100x150\" alt=\"\" \/>\t\t\t\t\t\t\t\t\t\t\t\t\t\t\t\n\t\t\t\t\t\t\t<\/div>\n\t\t\t\t\t\t<\/div>\n\t\t\t\t\t\t\t\t\t\t<div class=\"info-box-content\">\n\t\t\t\t\t\t\t\t\t\t\t\t<div class=\"info-box-inner reset-last-child\"><\/p>\n<p>Nicolas Davies es misionero de CMS Australia en Per\u00fa.<\/p>\n<p>\n<\/div>\n\n\t\t\t\t\t\t\t\t\t\t\t<\/div>\n\n\t\t\t\t\t\n\t\t\t\t\t\t\t\t\t<\/div>\n\t\t\t<\/div>\n\t\t<\/div><\/div><\/div><\/div><\/div>\t\t\t\t\t<\/div>\n\t\t\t\t\n\t\t\t\t\t\t\t\t\t<\/div>\n\t<\/div>\n<\/article>\n\n\t\t\t\t\t\t\t\t\t\t\t\n<article id=\"post-81601\" class=\"wd-post blog-design-chess blog-post-loop blog-design-small-images blog-style-bg wd-add-shadow wd-col post-81601 post type-post status-publish format-standard has-post-thumbnail hentry category-biblia-y-teologia\">\n\t<div class=\"wd-post-inner article-inner\">\n\t\t\t\t\t<div class=\"wd-post-thumb entry-header\">\n\t\t\t\t\t\t\t\t\t<div class=\"wd-post-img post-img-wrapp\">\n\t\t\t\t\t\t<img width=\"320\" height=\"160\" src=\"https:\/\/desarrollocristiano.pe\/wp-content\/uploads\/2023\/11\/Antiguo-Testamento-320x160.jpg\" class=\"attachment-large size-large\" alt=\"\" decoding=\"async\" loading=\"lazy\" srcset=\"https:\/\/desarrollocristiano.pe\/wp-content\/uploads\/2023\/11\/Antiguo-Testamento-320x160.jpg 320w, https:\/\/desarrollocristiano.pe\/wp-content\/uploads\/2023\/11\/Antiguo-Testamento-600x300.jpg 600w, https:\/\/desarrollocristiano.pe\/wp-content\/uploads\/2023\/11\/Antiguo-Testamento-150x75.jpg 150w, https:\/\/desarrollocristiano.pe\/wp-content\/uploads\/2023\/11\/Antiguo-Testamento-200x100.jpg 200w, https:\/\/desarrollocristiano.pe\/wp-content\/uploads\/2023\/11\/Antiguo-Testamento-400x200.jpg 400w, https:\/\/desarrollocristiano.pe\/wp-content\/uploads\/2023\/11\/Antiguo-Testamento.jpg 700w\" sizes=\"auto, (max-width: 320px) 100vw, 320px\" \/>\t\t\t\t\t<\/div>\n\t\t\t\t\t<a class=\"wd-fill\" href=\"https:\/\/desarrollocristiano.pe\/tu-puedes-entender-el-antiguo-testamento-mejor-que-quienes-lo-vivieron\/\"><\/a>\n\t\t\t\t\n\t\t\t\t\t\t\t\t\t\t\t\t<div class=\"wd-post-date wd-style-with-bg\">\n\t\t\t\t<span class=\"post-date-day\">\n\t\t\t\t\t09\t\t\t\t<\/span>\n\t\t\t\t<span class=\"post-date-month\">\n\t\t\t\t\tNov\t\t\t\t<\/span>\n\t\t\t<\/div>\n\t\t\t\t\t\t\t\t\t<\/div>\n\t\t\n\t\t<div class=\"wd-post-content article-body-container\">\n\t\t\t\t\t\t\t<div class=\"wd-post-cat wd-style-with-bg meta-post-categories\">\n\t\t\t\t\t<a href=\"https:\/\/desarrollocristiano.pe\/categorias\/biblia-y-teologia\/\" rel=\"category tag\">Biblia y Teolog\u00eda<\/a>\t\t\t\t<\/div>\n\t\t\t\n\t\t\t\t\t\t\t<h3 class=\"wd-post-title wd-entities-title title post-title\">\n\t\t\t\t\t<a href=\"https:\/\/desarrollocristiano.pe\/tu-puedes-entender-el-antiguo-testamento-mejor-que-quienes-lo-vivieron\/\" rel=\"bookmark\">T\u00fa puedes entender el Antiguo Testamento mejor que quienes lo vivieron<\/a>\n\t\t\t\t<\/h3>\n\t\t\t\n\t\t\t\t\t\t\t<div class=\"wd-post-meta\">\n\t\t\t\t\t\t\t\t\t\t\t\t\t\t\t<div class=\"wd-post-author\">\n\t\t\t\t\t\t\t\t\t\t\t<span>Posteado por<\/span>\n\t\t\n\t\t\t\t\t<img alt='author-avatar' src='https:\/\/secure.gravatar.com\/avatar\/8f331515e2139e7ffacac78d5e21bc88ee625065cad5d063ef4da73b7cbcfc2d?s=18&#038;d=mm&#038;r=g' srcset='https:\/\/secure.gravatar.com\/avatar\/8f331515e2139e7ffacac78d5e21bc88ee625065cad5d063ef4da73b7cbcfc2d?s=36&#038;d=mm&#038;r=g 2x' class='avatar avatar-18 photo' height='18' width='18' loading='lazy' decoding='async'\/>\t\t\n\t\t\t\t\t<a href=\"https:\/\/desarrollocristiano.pe\/author\/aprnimda7720\/\" class=\"author\" rel=\"author\">Administrador<\/a>\n\t\t\t\t\t\t\t\t\t<\/div>\n\t\t\t\t\t<div class=\"wd-modified-date\">\n\t\t\t\t\t\t\t\t<time class=\"updated\" datetime=\"2023-11-09T15:24:05-05:00\">\n\t\t\t09\/11\/2023\t\t<\/time>\n\t\t\t\t\t\t\t<\/div>\n\n\t\t\t\t\t\t\t\t\t\t\t<div class=\"wd-post-share wd-tltp\">\n\t\t\t\t\t\t\t<div class=\"tooltip top\">\n\t\t\t\t\t\t\t\t<div class=\"tooltip-inner\">\n\t\t\t\t\t\t\t\t\t\t\t\t<div\n\t\t\t\t\t\tclass=\" wd-social-icons  wd-style-default wd-size-small social-share wd-shape-circle color-scheme-light text-center\">\n\t\t\t\t\n\t\t\t\t\n\t\t\t\t\t\t\t\t\t<a rel=\"noopener noreferrer nofollow\" href=\"https:\/\/www.facebook.com\/sharer\/sharer.php?u=https:\/\/desarrollocristiano.pe\/articulos-pastorales\/\" target=\"_blank\" class=\" wd-social-icon social-facebook\" aria-label=\"Facebook social link\">\n\t\t\t\t\t\t<span class=\"wd-icon\"><\/span>\n\t\t\t\t\t\t\t\t\t\t\t<\/a>\n\t\t\t\t\n\t\t\t\t\t\t\t\t\t<a rel=\"noopener noreferrer nofollow\" href=\"https:\/\/x.com\/share?url=https:\/\/desarrollocristiano.pe\/articulos-pastorales\/\" target=\"_blank\" class=\" wd-social-icon social-twitter\" aria-label=\"X social link\">\n\t\t\t\t\t\t<span class=\"wd-icon\"><\/span>\n\t\t\t\t\t\t\t\t\t\t\t<\/a>\n\t\t\t\t\n\t\t\t\t\n\t\t\t\t\t\t\t\t\t<a rel=\"noopener noreferrer nofollow\" href=\"mailto:?subject=Check%20this%20https:\/\/desarrollocristiano.pe\/articulos-pastorales\/\" target=\"_blank\" class=\" wd-social-icon social-email\" aria-label=\"Email social link\">\n\t\t\t\t\t\t<span class=\"wd-icon\"><\/span>\n\t\t\t\t\t\t\t\t\t\t\t<\/a>\n\t\t\t\t\n\t\t\t\t\n\t\t\t\t\n\t\t\t\t\n\t\t\t\t\t\t\t\t\t<a rel=\"noopener noreferrer nofollow\" href=\"https:\/\/pinterest.com\/pin\/create\/button\/?url=https:\/\/desarrollocristiano.pe\/articulos-pastorales\/&media=https:\/\/desarrollocristiano.pe\/wp-content\/uploads\/2023\/11\/Antiguo-Testamento.jpg&description=T%C3%BA+puedes+entender+el+Antiguo+Testamento+mejor+que+quienes+lo+vivieron\" target=\"_blank\" class=\" wd-social-icon social-pinterest\" aria-label=\"Pinterest social link\">\n\t\t\t\t\t\t<span class=\"wd-icon\"><\/span>\n\t\t\t\t\t\t\t\t\t\t\t<\/a>\n\t\t\t\t\n\t\t\t\t\n\t\t\t\t\t\t\t\t\t<a rel=\"noopener noreferrer nofollow\" href=\"https:\/\/www.linkedin.com\/shareArticle?mini=true&url=https:\/\/desarrollocristiano.pe\/articulos-pastorales\/\" target=\"_blank\" class=\" wd-social-icon social-linkedin\" aria-label=\"Linkedin social link\">\n\t\t\t\t\t\t<span class=\"wd-icon\"><\/span>\n\t\t\t\t\t\t\t\t\t\t\t<\/a>\n\t\t\t\t\n\t\t\t\t\n\t\t\t\t\n\t\t\t\t\n\t\t\t\t\n\t\t\t\t\n\t\t\t\t\n\t\t\t\t\n\t\t\t\t\n\t\t\t\t\t\t\t\t\t<a rel=\"noopener noreferrer nofollow\" href=\"https:\/\/api.whatsapp.com\/send?text=https%3A%2F%2Fdesarrollocristiano.pe%2Farticulos-pastorales%2F\" target=\"_blank\" class=\"wd-hide-md  wd-social-icon social-whatsapp\" aria-label=\"WhatsApp social link\">\n\t\t\t\t\t\t<span class=\"wd-icon\"><\/span>\n\t\t\t\t\t\t\t\t\t\t\t<\/a>\n\n\t\t\t\t\t<a rel=\"noopener noreferrer nofollow\" href=\"whatsapp:\/\/send?text=https%3A%2F%2Fdesarrollocristiano.pe%2Farticulos-pastorales%2F\" target=\"_blank\" class=\"wd-hide-lg  wd-social-icon social-whatsapp\" aria-label=\"WhatsApp social link\">\n\t\t\t\t\t\t<span class=\"wd-icon\"><\/span>\n\t\t\t\t\t\t\t\t\t\t\t<\/a>\n\t\t\t\t\n\t\t\t\t\n\t\t\t\t\n\t\t\t\t\n\t\t\t\t\n\t\t\t\t\n\t\t\t\t\t\t\t\t\t<a rel=\"noopener noreferrer nofollow\" href=\"https:\/\/telegram.me\/share\/url?url=https:\/\/desarrollocristiano.pe\/articulos-pastorales\/\" target=\"_blank\" class=\" wd-social-icon social-tg\" aria-label=\"Telegram social link\">\n\t\t\t\t\t\t<span class=\"wd-icon\"><\/span>\n\t\t\t\t\t\t\t\t\t\t\t<\/a>\n\t\t\t\t\n\t\t\t\t\n\t\t\t<\/div>\n\n\t\t\t\t\t\t\t\t\t\t<\/div>\n\t\t\t\t\t\t\t\t<div class=\"tooltip-arrow\"><\/div>\n\t\t\t\t\t\t\t<\/div>\n\t\t\t\t\t\t<\/div>\n\t\t\t\t\t\n\t\t\t\t\t\t\t\t\t\t\t\t\t\t\t\t\t<div class=\"wd-post-reply wd-style-1\">\n\t\t\t\t\t\t\t<a href=\"https:\/\/desarrollocristiano.pe\/tu-puedes-entender-el-antiguo-testamento-mejor-que-quienes-lo-vivieron\/#respond\"><span class=\"wd-replies-count\">0<\/span><\/a>\t\t\t\t\t\t<\/div>\n\t\t\t\t\t\t\t\t\t<\/div>\n\t\t\t\n\t\t\t\t\t\t\t\t\t\t\t\t<div class=\"wd-post-excerpt entry-content\">\n\t\t\t\t\t\t<div class=\"wpb-content-wrapper\"><div class=\"vc_row wpb_row vc_row-fluid\"><div class=\"wpb_column vc_column_container vc_col-sm-12\"><div class=\"vc_column-inner\"><div class=\"wpb_wrapper\">\n\t<div class=\"wpb_text_column wpb_content_element texto_parrafo text-larger\" >\n\t\t<div class=\"wpb_wrapper\">\n\t\t\t<div class=\"normal_blockquote\">\n<p>Por <a class=\"fn\" href=\"https:\/\/www.coalicionporelevangelio.org\/autor\/jason-s-derouchie\/\">JASON S. DEROUCHIE<\/a><\/p>\n<p>Fuente: <a href=\"https:\/\/www.coalicionporelevangelio.org\/articulo\/reflexiones-nuevo-antiguo-testamento\/\">Coalici\u00f3n por el Evangelio<\/a><\/p>\n<blockquote><p>\n\u00abNo se serv\u00edan a s\u00ed mismos\u00bb (<a class=\"rtBibleRef\" href=\"https:\/\/biblia.com\/bible\/nblh\/1%20Ped%201.12?culture=es\" target=\"_blank\" rel=\"noopener\" data-reference=\"1 Ped 1.12\" data-version=\"nblh\" data-purpose=\"bible-reference\">1 Pedro 1:12<\/a>).\n<\/p><\/blockquote>\n<\/div>\n<p>Seg\u00fan los autores del Nuevo Testamento, los autores del Antiguo Testamento sab\u00edan que estaban hablando y escribiendo para los creyentes del nuevo pacto, y tambi\u00e9n ten\u00edan cierto nivel de conciencia sobre qui\u00e9n ser\u00eda Cristo y cu\u00e1ndo aparecer\u00eda. Con la venida de Cristo, la anticipaci\u00f3n da lugar al cumplimiento y los tipos encuentran su antitipo, lo que significa que los miembros del nuevo pacto pueden comprender la plenitud del significado del Antiguo Testamento mejor que los rebeldes y el remanente del antiguo pacto.<\/p>\n<h3><b>La audiencia del Antiguo Testamento<\/b><\/h3>\n<p><a class=\"rtBibleRef\" href=\"https:\/\/biblia.com\/bible\/nblh\/Rom%204.23-24?culture=es\" target=\"_blank\" rel=\"noopener\" data-reference=\"Rom 4.23-24\" data-version=\"nblh\" data-purpose=\"bible-reference\">Romanos 4:23-24<\/a>,\u00a0<a class=\"rtBibleRef\" href=\"https:\/\/biblia.com\/bible\/nblh\/Romanos%2015.4?culture=es\" target=\"_blank\" rel=\"noopener\" data-reference=\"Romanos 15.4\" data-version=\"nblh\" data-purpose=\"bible-reference\">15:4<\/a>\u00a0y\u00a0<a class=\"rtBibleRef\" href=\"https:\/\/biblia.com\/bible\/nblh\/1%20Cor%2010.11?culture=es\" target=\"_blank\" rel=\"noopener\" data-reference=\"1 Cor 10.11\" data-version=\"nblh\" data-purpose=\"bible-reference\">1 Corintios 10:11<\/a>\u00a0resaltan que el autor del Antiguo Testamento escribi\u00f3 su texto en beneficio de los creyentes que viven a este lado de la cruz. Para Pablo, el Antiguo Testamento\u00a0<i>es<\/i>\u00a0Escritura cristiana y plenamente aplicable a los creyentes cuando se lee a trav\u00e9s de Cristo.<\/p>\n<p>El ap\u00f3stol tambi\u00e9n se lo dijo a Timoteo. Hablando de las Escrituras jud\u00edas, escribi\u00f3 que las \u00abSagradas Escrituras\u2026 te pueden dar la sabidur\u00eda que lleva a la salvaci\u00f3n mediante la fe en Cristo Jes\u00fas\u00bb (<a class=\"rtBibleRef\" href=\"https:\/\/biblia.com\/bible\/nblh\/2%20Tim%203.15?culture=es\" target=\"_blank\" rel=\"noopener\" data-reference=\"2 Tim 3.15\" data-version=\"nblh\" data-purpose=\"bible-reference\">2 Ti 3:15<\/a>). As\u00ed, Pablo afirma: \u00abToda la Escritura es\u2026 \u00fatil para ense\u00f1ar, para reprender, para corregir, para instruir en justicia, a fin de que el hombre de Dios sea perfecto, equipado para toda buena obra\u00bb (<a class=\"rtBibleRef\" href=\"https:\/\/biblia.com\/bible\/nblh\/2%20Tim%203.16-17?culture=es\" target=\"_blank\" rel=\"noopener\" data-reference=\"2 Tim 3.16-17\" data-version=\"nblh\" data-purpose=\"bible-reference\">2 Ti 3:16-17<\/a>).<\/p>\n<p>Bas\u00e1ndose en este hecho, los autores del Nuevo Testamento citan con frecuencia instrucciones del Antiguo Testamento, asumiendo su relevancia para los creyentes de hoy. Por ejemplo, Pablo recurre a los Diez Mandamientos cuando se dirige a los hijos (<a class=\"rtBibleRef\" href=\"https:\/\/biblia.com\/bible\/nblh\/Efe%206.2-3?culture=es\" target=\"_blank\" rel=\"noopener\" data-reference=\"Efe 6.2-3\" data-version=\"nblh\" data-purpose=\"bible-reference\">Ef 6:2-3<\/a>;\u00a0<a class=\"rtBibleRef\" href=\"https:\/\/biblia.com\/bible\/nblh\/%C3%89xo%2020.12?culture=es\" target=\"_blank\" rel=\"noopener\" data-reference=\"\u00c9xo 20.12\" data-version=\"nblh\" data-purpose=\"bible-reference\">\u00c9x 20:12<\/a>;\u00a0<a class=\"rtBibleRef\" href=\"https:\/\/biblia.com\/bible\/nblh\/Deut%205.16?culture=es\" target=\"_blank\" rel=\"noopener\" data-reference=\"Deut 5.16\" data-version=\"nblh\" data-purpose=\"bible-reference\">Dt 5:16<\/a>) y toma de textos sobre ejecuci\u00f3n de Deuteronomio cuando habla sobre la excomuni\u00f3n (<a class=\"rtBibleRef\" href=\"https:\/\/biblia.com\/bible\/nblh\/1%20Cor%205.13?culture=es\" target=\"_blank\" rel=\"noopener\" data-reference=\"1 Cor 5.13\" data-version=\"nblh\" data-purpose=\"bible-reference\">1 Co 5:13<\/a>;\u00a0<a class=\"rtBibleRef\" href=\"https:\/\/biblia.com\/bible\/nblh\/Deut%2022.21?culture=es\" target=\"_blank\" rel=\"noopener\" data-reference=\"Deut 22.21\" data-version=\"nblh\" data-purpose=\"bible-reference\">Dt 22:21<\/a>,\u00a0<a class=\"rtBibleRef\" href=\"https:\/\/biblia.com\/bible\/nblh\/Dt%2022.22?culture=es\" target=\"_blank\" rel=\"noopener\" data-reference=\"Dt 22.22\" data-version=\"nblh\" data-purpose=\"bible-reference\">22<\/a>,\u00a0<a class=\"rtBibleRef\" href=\"https:\/\/biblia.com\/bible\/nblh\/Dt%2022.24?culture=es\" target=\"_blank\" rel=\"noopener\" data-reference=\"Dt 22.24\" data-version=\"nblh\" data-purpose=\"bible-reference\">24<\/a>). Pedro tambi\u00e9n recuerda el estribillo de Lev\u00edtico cuando escribe: \u00absean ustedes santos en toda su manera de vivir. Porque escrito est\u00e1: \u201cSean santos, porque Yo soy santo\u201d\u00bb (<a class=\"rtBibleRef\" href=\"https:\/\/biblia.com\/bible\/nblh\/1%20Ped%201.15-16?culture=es\" target=\"_blank\" rel=\"noopener\" data-reference=\"1 Ped 1.15-16\" data-version=\"nblh\" data-purpose=\"bible-reference\">1 P 1:15-16<\/a>;\u00a0<a class=\"rtBibleRef\" href=\"https:\/\/biblia.com\/bible\/nblh\/Lev%2011.44-45?culture=es\" target=\"_blank\" rel=\"noopener\" data-reference=\"Lev 11.44-45\" data-version=\"nblh\" data-purpose=\"bible-reference\">Lv 11:44-45<\/a>;\u00a0<a class=\"rtBibleRef\" href=\"https:\/\/biblia.com\/bible\/nblh\/Lv%2011.19?culture=es\" target=\"_blank\" rel=\"noopener\" data-reference=\"Lv 11.19\" data-version=\"nblh\" data-purpose=\"bible-reference\">19<\/a>,<a class=\"rtBibleRef\" href=\"https:\/\/biblia.com\/bible\/nblh\/Lv%2011.2?culture=es\" target=\"_blank\" rel=\"noopener\" data-reference=\"Lv 11.2\" data-version=\"nblh\" data-purpose=\"bible-reference\">2<\/a>,\u00a0<a class=\"rtBibleRef\" href=\"https:\/\/biblia.com\/bible\/nblh\/Lv%2011.20?culture=es\" target=\"_blank\" rel=\"noopener\" data-reference=\"Lv 11.20\" data-version=\"nblh\" data-purpose=\"bible-reference\">20<\/a>,\u00a0<a class=\"rtBibleRef\" href=\"https:\/\/biblia.com\/bible\/nblh\/Lv%2011.26?culture=es\" target=\"_blank\" rel=\"noopener\" data-reference=\"Lv 11.26\" data-version=\"nblh\" data-purpose=\"bible-reference\">26<\/a>).<\/p>\n<p>Dado que ahora formamos parte del nuevo pacto y no del antiguo, es natural que surjan preguntas sobre c\u00f3mo debe relacionarse exactamente el cristiano con determinadas leyes o promesas del antiguo pacto. Sin embargo, el punto es que Dios dio el Antiguo Testamento para la instrucci\u00f3n cristiana.<\/p>\n<p>Pablo no fue expl\u00edcito en cuanto a si era solo intenci\u00f3n de Dios, como Autor supremo, escribir el Antiguo Testamento para nuestra instrucci\u00f3n, o si esa era tambi\u00e9n la intenci\u00f3n de los autores humanos. Pedro, sin embargo, lo dej\u00f3 claro cuando escribi\u00f3 que \u00aba ellos les fue revelado que no se serv\u00edan a s\u00ed mismos, sino a ustedes\u00bb (<a class=\"rtBibleRef\" href=\"https:\/\/biblia.com\/bible\/nblh\/1%20Ped%201.12?culture=es\" target=\"_blank\" rel=\"noopener\" data-reference=\"1 Ped 1.12\" data-version=\"nblh\" data-purpose=\"bible-reference\">1 P 1:12<\/a>). Enfatiz\u00f3 que los propios autores humanos sab\u00edan que sus palabras en el Antiguo Testamento<i>\u00a0no eran principalmente para ellos<\/i>, sino para los que vivir\u00edan despu\u00e9s de la venida de Cristo. Por tanto, el Antiguo Testamento es\u00a0<i>m\u00e1s<\/i>\u00a0<i>relevante\u00a0<\/i>para los cristianos de hoy que para la mayor\u00eda en la \u00e9poca del antiguo pacto.<\/p>\n<h3><b>La interpretaci\u00f3n de los profetas del Antiguo Testamento sobre la persona y el tiempo de Cristo<\/b><\/h3>\n<p>En\u00a0<a class=\"rtBibleRef\" href=\"https:\/\/biblia.com\/bible\/nblh\/Juan%208.56?culture=es\" target=\"_blank\" rel=\"noopener\" data-reference=\"Juan 8.56\" data-version=\"nblh\" data-purpose=\"bible-reference\">Juan 8:56<\/a>, Jes\u00fas declar\u00f3 que Abraham esperaba ansiosamente la venida del Mes\u00edas. Del mismo modo, Pedro cre\u00eda que el propio David anticip\u00f3 la venida de Cristo en el Salmo 16\u00a0(<a class=\"rtBibleRef\" href=\"https:\/\/biblia.com\/bible\/nblh\/Hech%202.30-31?culture=es\" target=\"_blank\" rel=\"noopener\" data-reference=\"Hech 2.30-31\" data-version=\"nblh\" data-purpose=\"bible-reference\">Hch 2:30-31<\/a>), y las \u00faltimas palabras de David afirman que esperaba un gobernante justo, quien vencer\u00eda la maldici\u00f3n e iniciar\u00eda una nueva creaci\u00f3n (<a class=\"rtBibleRef\" href=\"https:\/\/biblia.com\/bible\/nblh\/2%20Sam%2023.3-7?culture=es\" target=\"_blank\" rel=\"noopener\" data-reference=\"2 Sam 23.3-7\" data-version=\"nblh\" data-purpose=\"bible-reference\">2 S 23:3-7<\/a>). Asimismo, el escritor de Hebreos enfatiz\u00f3: \u00abTodos estos murieron en fe, sin haber recibido las promesas, pero habi\u00e9ndolas visto desde lejos\u00bb (<a class=\"rtBibleRef\" href=\"https:\/\/biblia.com\/bible\/nblh\/Heb%2011.13?culture=es\" target=\"_blank\" rel=\"noopener\" data-reference=\"Heb 11.13\" data-version=\"nblh\" data-purpose=\"bible-reference\">He 11:13<\/a>). El remanente del Antiguo Testamento disfrut\u00f3 de cierta luz; ellos mismos escribieron sobre el Cristo y esperaron en \u00c9l.<\/p>\n<p>Por otra parte, Jes\u00fas tambi\u00e9n declar\u00f3 que \u00abmuchos profetas y reyes desearon ver lo que ustedes ven, y no lo vieron\u00bb (<a class=\"rtBibleRef\" href=\"https:\/\/biblia.com\/bible\/nblh\/Luc%2010.24?culture=es\" target=\"_blank\" rel=\"noopener\" data-reference=\"Luc 10.24\" data-version=\"nblh\" data-purpose=\"bible-reference\">Lc 10:24<\/a>). Parece que debemos entender que los antiguos profetas de Yahv\u00e9 ve\u00edan realmente la belleza y los prop\u00f3sitos de Dios y la esperanza que les aguardaba, aunque tambi\u00e9n afirmamos que no experimentaron y, por tanto, no comprendieron todo lo que nosotros experimentamos en Cristo. Para ellos, la revelaci\u00f3n plena aguardaba un d\u00eda posterior.<\/p>\n<p><a class=\"rtBibleRef\" href=\"https:\/\/biblia.com\/bible\/nblh\/1%20Ped%201.10-12?culture=es\" target=\"_blank\" rel=\"noopener\" data-reference=\"1 Ped 1.10-12\" data-version=\"nblh\" data-purpose=\"bible-reference\">1 Pedro 1:10-12<\/a>\u00a0refleja las dos vertientes de este marco interpretativo. Seg\u00fan Pedro, los profetas eran estudiosos de la revelaci\u00f3n previa. Bajo la gu\u00eda del Esp\u00edritu (<a class=\"rtBibleRef\" href=\"https:\/\/biblia.com\/bible\/nblh\/2%20Ped%201.21?culture=es\" target=\"_blank\" rel=\"noopener\" data-reference=\"2 Ped 1.21\" data-version=\"nblh\" data-purpose=\"bible-reference\">2 P 1:21<\/a>), \u00abdiligentemente inquirieron y averiguaron\u00bb para saber\u00a0<i>qui\u00e9n\u00a0<\/i>ser\u00eda el Mes\u00edas y\u00a0<i>cu\u00e1ndo\u00a0<\/i>aparecer\u00eda. Aunque tal vez no supieran el nombre de Jes\u00fas, ten\u00edan una idea general del tipo de persona que ser\u00eda y de cu\u00e1ndo vendr\u00eda, y a menudo lo aprend\u00edan estudiando las Escrituras (p. ej.,\u00a0<a class=\"rtBibleRef\" href=\"https:\/\/biblia.com\/bible\/nblh\/Sal%20119.2?culture=es\" target=\"_blank\" rel=\"noopener\" data-reference=\"Sal 119.2\" data-version=\"nblh\" data-purpose=\"bible-reference\">Sal 119:2<\/a>;\u00a0<a class=\"rtBibleRef\" href=\"https:\/\/biblia.com\/bible\/nblh\/Dan%209.2?culture=es\" target=\"_blank\" rel=\"noopener\" data-reference=\"Dan 9.2\" data-version=\"nblh\" data-purpose=\"bible-reference\">Dan 9:2<\/a>). En efecto, la revelaci\u00f3n progres\u00f3 del Antiguo al Nuevo Testamento, pero el desarrollo fue a menudo de la predicci\u00f3n consciente al cumplimiento realizado, no simplemente una predicci\u00f3n de la que solo Dios era consciente originalmente y que ahora reconocemos retrospectivamente.<\/p>\n<p>Como en el caso de Daniel (<a class=\"rtBibleRef\" href=\"https:\/\/biblia.com\/bible\/nblh\/Dan%2012.8-10?culture=es\" target=\"_blank\" rel=\"noopener\" data-reference=\"Dan 12.8-10\" data-version=\"nblh\" data-purpose=\"bible-reference\">Dn 12:8-10<\/a>), el significado completo de algunos textos del Antiguo Testamento trasciende la comprensi\u00f3n de los autores humanos. No obstante, el Nuevo Testamento da testimonio de que estos autores sol\u00edan comprender sus visiones del final de los tiempos, esperaban verdaderamente al Mes\u00edas y sab\u00edan algo de cu\u00e1ndo vendr\u00eda. Adem\u00e1s, los int\u00e9rpretes deben esperar que el uso que los autores b\u00edblicos hacen de la Escritura antecedente surja org\u00e1nicamente de los materiales anteriores, sin contradecirlos nunca, porque toda la Escritura viene de Dios (<a class=\"rtBibleRef\" href=\"https:\/\/biblia.com\/bible\/nblh\/2%20Tim%203.16?culture=es\" target=\"_blank\" rel=\"noopener\" data-reference=\"2 Tim 3.16\" data-version=\"nblh\" data-purpose=\"bible-reference\">2 Ti 3:16<\/a>) y los profetas \u00abdiligentemente inquirieron y averiguaron\u00bb (<a class=\"rtBibleRef\" href=\"https:\/\/biblia.com\/bible\/nblh\/1%20Ped%201.10?culture=es\" target=\"_blank\" rel=\"noopener\" data-reference=\"1 Ped 1.10\" data-version=\"nblh\" data-purpose=\"bible-reference\">1 P 1:10<\/a>) e hicieron interpretaciones guiadas por el Esp\u00edritu (<a class=\"rtBibleRef\" href=\"https:\/\/biblia.com\/bible\/nblh\/2%20Ped%201.20-21?culture=es\" target=\"_blank\" rel=\"noopener\" data-reference=\"2 Ped 1.20-21\" data-version=\"nblh\" data-purpose=\"bible-reference\">2 P 1:20-21<\/a>).<\/p>\n<h3><b>La incapacidad de los rebeldes para comprender el Antiguo Testamento<\/b><\/h3>\n<p>El Nuevo Testamento deja claro que la ceguera asociada a la mayor\u00eda incr\u00e9dula del antiguo pacto continu\u00f3 en tiempos de Cristo. Vemos esta incapacidad, por ejemplo, en los l\u00edderes religiosos a los que Jes\u00fas se enfrent\u00f3 en numerosas ocasiones (p. ej.,\u00a0<a class=\"rtBibleRef\" href=\"https:\/\/biblia.com\/bible\/nblh\/Mat%2012.3-7?culture=es\" target=\"_blank\" rel=\"noopener\" data-reference=\"Mat 12.3-7\" data-version=\"nblh\" data-purpose=\"bible-reference\">Mt 12:3-7<\/a>;\u00a0<a class=\"rtBibleRef\" href=\"https:\/\/biblia.com\/bible\/nblh\/Luc%2016.31?culture=es\" target=\"_blank\" rel=\"noopener\" data-reference=\"Luc 16.31\" data-version=\"nblh\" data-purpose=\"bible-reference\">Lc 16:31<\/a>;\u00a0<a class=\"rtBibleRef\" href=\"https:\/\/biblia.com\/bible\/nblh\/Juan%205.39-40?culture=es\" target=\"_blank\" rel=\"noopener\" data-reference=\"Juan 5.39-40\" data-version=\"nblh\" data-purpose=\"bible-reference\">Jn 5:39-40<\/a>). Los l\u00edderes jud\u00edos estaban espiritualmente ciegos, incapaces de ver c\u00f3mo el Antiguo Testamento mismo se\u00f1alaba a Cristo.<\/p>\n<p>Los evangelios indican las ra\u00edces de esa ceguera. En resumen, hablan de una maldad innata hostil a Dios, de corazones duros, de deseos alineados con el diablo y de una pasi\u00f3n por la alabanza de los hombres por encima de la gloria de Dios (<a class=\"rtBibleRef\" href=\"https:\/\/biblia.com\/bible\/nblh\/Mat%2016.3-4?culture=es\" target=\"_blank\" rel=\"noopener\" data-reference=\"Mat 16.3-4\" data-version=\"nblh\" data-purpose=\"bible-reference\">Mt 16:3-4<\/a>;\u00a0<a class=\"rtBibleRef\" href=\"https:\/\/biblia.com\/bible\/nblh\/Mt%2023.6?culture=es\" target=\"_blank\" rel=\"noopener\" data-reference=\"Mt 23.6\" data-version=\"nblh\" data-purpose=\"bible-reference\">23:6<\/a>;\u00a0<a class=\"rtBibleRef\" href=\"https:\/\/biblia.com\/bible\/nblh\/Mar%203.5?culture=es\" target=\"_blank\" rel=\"noopener\" data-reference=\"Mar 3.5\" data-version=\"nblh\" data-purpose=\"bible-reference\">Mc 3:5<\/a>;\u00a0<a class=\"rtBibleRef\" href=\"https:\/\/biblia.com\/bible\/nblh\/Luc%2011.43?culture=es\" target=\"_blank\" rel=\"noopener\" data-reference=\"Luc 11.43\" data-version=\"nblh\" data-purpose=\"bible-reference\">Lc 11:43<\/a>;\u00a0<a class=\"rtBibleRef\" href=\"https:\/\/biblia.com\/bible\/nblh\/Lc%2020.46?culture=es\" target=\"_blank\" rel=\"noopener\" data-reference=\"Lc 20.46\" data-version=\"nblh\" data-purpose=\"bible-reference\">20:46<\/a>;\u00a0<a class=\"rtBibleRef\" href=\"https:\/\/biblia.com\/bible\/nblh\/Juan%208.42-44?culture=es\" target=\"_blank\" rel=\"noopener\" data-reference=\"Juan 8.42-44\" data-version=\"nblh\" data-purpose=\"bible-reference\">Jn 8:42-44<\/a>). El resultado fue que no pod\u00edan o\u00edr la voz de Dios ni saborear la belleza y los prop\u00f3sitos de Dios en las Escrituras. All\u00ed donde iban los l\u00edderes, iba tambi\u00e9n el resto de la naci\u00f3n (<a class=\"rtBibleRef\" href=\"https:\/\/biblia.com\/bible\/nblh\/Juan%2012.37-41?culture=es\" target=\"_blank\" rel=\"noopener\" data-reference=\"Juan 12.37-41\" data-version=\"nblh\" data-purpose=\"bible-reference\">Juan 12:37-41<\/a>).<\/p>\n<p>Asimismo, otros pasajes del Nuevo Testamento ense\u00f1an que la era del antiguo pacto era una era de ignorancia y dureza (<a class=\"rtBibleRef\" href=\"https:\/\/biblia.com\/bible\/nblh\/Hech%2017.30?culture=es\" target=\"_blank\" rel=\"noopener\" data-reference=\"Hech 17.30\" data-version=\"nblh\" data-purpose=\"bible-reference\">Hch 17:30<\/a>;\u00a0<a class=\"rtBibleRef\" href=\"https:\/\/biblia.com\/bible\/nblh\/Efe%204.18?culture=es\" target=\"_blank\" rel=\"noopener\" data-reference=\"Efe 4.18\" data-version=\"nblh\" data-purpose=\"bible-reference\">Ef 4:18<\/a>;\u00a0<a class=\"rtBibleRef\" href=\"https:\/\/biblia.com\/bible\/nblh\/1%20Ped%201.14?culture=es\" target=\"_blank\" rel=\"noopener\" data-reference=\"1 Ped 1.14\" data-version=\"nblh\" data-purpose=\"bible-reference\">1 Pe 1:14<\/a>), en la que el diablo manten\u00eda ciega a la mayor parte del mundo ante las glorias de Dios que culminaban en Cristo (<a class=\"rtBibleRef\" href=\"https:\/\/biblia.com\/bible\/nblh\/2%20Cor%204.3-4?culture=es\" target=\"_blank\" rel=\"noopener\" data-reference=\"2 Cor 4.3-4\" data-version=\"nblh\" data-purpose=\"bible-reference\">2 Co 4:3-4<\/a>). Pero en Jes\u00fas amanece la nueva creaci\u00f3n, con la luz del evangelio rompiendo el horizonte y dispersando las tinieblas y las sombras (4:6).<\/p>\n<p>\u00bfPor qu\u00e9 prolongar\u00eda Dios tal temporada de dureza, ignorancia y ceguera? Si\u00a0<a class=\"rtBibleRef\" href=\"https:\/\/biblia.com\/bible\/nblh\/Rom%209.22-24?culture=es\" target=\"_blank\" rel=\"noopener\" data-reference=\"Rom 9.22-24\" data-version=\"nblh\" data-purpose=\"bible-reference\">Romanos 9:22-24<\/a>\u00a0nos sirve de indicaci\u00f3n, Pablo cree que Dios se propuso mover a los que recib\u00edan Su misericordia a maravillarse m\u00e1s de Su multiforme gloria en Cristo. El Se\u00f1or hizo las tinieblas tan profundas y la noche tan larga, para que nosotros, sobre los que ha amanecido la luz, podamos saborear a\u00fan m\u00e1s el calor, el brillo y la gloria misericordiosa de Dios envuelta en el don de Cristo.<\/p>\n<h3><b>El retraso del remanente en comprender el Antiguo Testamento<\/b><\/h3>\n<p>El Nuevo Testamento deja claro que algunos, como Sime\u00f3n, anticipaban la venida de Cristo y comprend\u00edan correctamente Su persona y Su obra, incluida Su misi\u00f3n de sufrimiento (<a class=\"rtBibleRef\" href=\"https:\/\/biblia.com\/bible\/nblh\/Luc%202.25-35?culture=es\" target=\"_blank\" rel=\"noopener\" data-reference=\"Luc 2.25-35\" data-version=\"nblh\" data-purpose=\"bible-reference\">Lc 2:25-35<\/a>). Sin embargo, muchos de los disc\u00edpulos m\u00e1s cercanos a Jes\u00fas no reconocieron plenamente qui\u00e9n era ni todo lo que las Escrituras anticipaban sobre \u00c9l (ver, p. ej.,\u00a0<a class=\"rtBibleRef\" href=\"https:\/\/biblia.com\/bible\/nblh\/Mar%204.13?culture=es\" target=\"_blank\" rel=\"noopener\" data-reference=\"Mar 4.13\" data-version=\"nblh\" data-purpose=\"bible-reference\">Mr 4:13<\/a>;\u00a0<a class=\"rtBibleRef\" href=\"https:\/\/biblia.com\/bible\/nblh\/Mr%208.31-33?culture=es\" target=\"_blank\" rel=\"noopener\" data-reference=\"Mr 8.31-33\" data-version=\"nblh\" data-purpose=\"bible-reference\">8:31-33<\/a>).<\/p>\n<p>Lucas enfatiz\u00f3 especialmente el desconocimiento del Antiguo Testamento por parte de los disc\u00edpulos. Despu\u00e9s de Su resurrecci\u00f3n, Jes\u00fas desafi\u00f3 a aquellos dos en el camino de Ema\u00fas por no haber \u00abcre\u00eddo todo lo que los profetas han dicho\u00bb (<a class=\"rtBibleRef\" href=\"https:\/\/biblia.com\/bible\/nblh\/Luc%2024.25?culture=es\" target=\"_blank\" rel=\"noopener\" data-reference=\"Luc 24.25\" data-version=\"nblh\" data-purpose=\"bible-reference\">Lc 24:25<\/a>). Sin embargo, les hizo comprender el significado del Antiguo Testamento (v. 27), cumpliendo as\u00ed lo que Isa\u00edas y Daniel dijeron que suceder\u00eda (<a class=\"rtBibleRef\" href=\"https:\/\/biblia.com\/bible\/nblh\/Isa%2029.18?culture=es\" target=\"_blank\" rel=\"noopener\" data-reference=\"Isa 29.18\" data-version=\"nblh\" data-purpose=\"bible-reference\">Is 29:18<\/a>;\u00a0<a class=\"rtBibleRef\" href=\"https:\/\/biblia.com\/bible\/nblh\/Dan%2012.10?culture=es\" target=\"_blank\" rel=\"noopener\" data-reference=\"Dan 12.10\" data-version=\"nblh\" data-purpose=\"bible-reference\">Dn 12:10<\/a>). Del mismo modo, Cristo se apareci\u00f3 m\u00e1s tarde a los seguidores que le quedaban y \u00ables abri\u00f3 la mente para que comprendieran las Escrituras\u00bb (<a class=\"rtBibleRef\" href=\"https:\/\/biblia.com\/bible\/nblh\/Luc%2024.45?culture=es\" target=\"_blank\" rel=\"noopener\" data-reference=\"Luc 24.45\" data-version=\"nblh\" data-purpose=\"bible-reference\">Lc 24:45<\/a>). El Cristo resucitado permite ahora a Sus seguidores ver en la Biblia cosas que siempre estuvieron ah\u00ed, pero que eran inaprehensibles sin la luz y la lente correctas (ver\u00a0<a class=\"rtBibleRef\" href=\"https:\/\/biblia.com\/bible\/nblh\/Rom%2016.25-26?culture=es\" target=\"_blank\" rel=\"noopener\" data-reference=\"Rom 16.25-26\" data-version=\"nblh\" data-purpose=\"bible-reference\">Ro 16:25-26<\/a>;\u00a0<a class=\"rtBibleRef\" href=\"https:\/\/biblia.com\/bible\/nblh\/2%20Cor%203.14?culture=es\" target=\"_blank\" rel=\"noopener\" data-reference=\"2 Cor 3.14\" data-version=\"nblh\" data-purpose=\"bible-reference\">2 Co 3:14<\/a>). En Cristo, Dios \u00abilumina\u00bb los ojos de nuestros corazones (<a class=\"rtBibleRef\" href=\"https:\/\/biblia.com\/bible\/nblh\/Efe%201.18?culture=es\" target=\"_blank\" rel=\"noopener\" data-reference=\"Efe 1.18\" data-version=\"nblh\" data-purpose=\"bible-reference\">Ef 1:18<\/a>).<\/p>\n<p>El Evangelio de Juan, en particular, destaca c\u00f3mo la resurrecci\u00f3n y glorificaci\u00f3n de Cristo marcan un punto de inflexi\u00f3n en la comprensi\u00f3n de la Escritura por parte de los disc\u00edpulos. En\u00a0<a class=\"rtBibleRef\" href=\"https:\/\/biblia.com\/bible\/nblh\/Juan%202.20-22?culture=es\" target=\"_blank\" rel=\"noopener\" data-reference=\"Juan 2.20-22\" data-version=\"nblh\" data-purpose=\"bible-reference\">Juan 2:20-22<\/a>, por ejemplo, la resurrecci\u00f3n de Jes\u00fas movi\u00f3 a los disc\u00edpulos a abrazar de una forma nueva \u00abla Escritura y la palabra que Jes\u00fas hab\u00eda hablado\u00bb. Asimismo, como deja claro\u00a0<a class=\"rtBibleRef\" href=\"https:\/\/biblia.com\/bible\/nblh\/Juan%2012.13-16?culture=es\" target=\"_blank\" rel=\"noopener\" data-reference=\"Juan 12.13-16\" data-version=\"nblh\" data-purpose=\"bible-reference\">Juan 12:13-16<\/a>, solo cuando el Padre glorific\u00f3 a Su Hijo, los seguidores de Cristo relacionaron el modo en que las Escrituras del Antiguo Testamento daban testimonio de la entrada triunfal de Cristo.<\/p>\n<h3><b>Conclusi\u00f3n<\/b><\/h3>\n<p>Los autores del Nuevo Testamento afirman que el Antiguo Testamento fue escrito para los cristianos y que los profetas sab\u00edan que escrib\u00edan para nuestro provecho. Los profetas tambi\u00e9n sab\u00edan algo sobre Cristo y el momento de Su venida, pero el significado completo de sus textos a veces trascend\u00eda su entendimiento.<\/p>\n<p>Cumpliendo la profec\u00eda de Isa\u00edas (<a class=\"rtBibleRef\" href=\"https:\/\/biblia.com\/bible\/nblh\/Isa%206.10?culture=es\" target=\"_blank\" rel=\"noopener\" data-reference=\"Isa 6.10\" data-version=\"nblh\" data-purpose=\"bible-reference\">Is 6:10<\/a>;\u00a0<a class=\"rtBibleRef\" href=\"https:\/\/biblia.com\/bible\/nblh\/Is%2053.1?culture=es\" target=\"_blank\" rel=\"noopener\" data-reference=\"Is 53.1\" data-version=\"nblh\" data-purpose=\"bible-reference\">53:1<\/a>), la maldad innata y la dureza de coraz\u00f3n de la mayor\u00eda de la poblaci\u00f3n jud\u00eda los incapacit\u00f3 espiritualmente. En juicio, Dios los endureci\u00f3, de modo que fueron incapaces de entender Su Palabra o ver Sus prop\u00f3sitos culminando en Jes\u00fas (<a class=\"rtBibleRef\" href=\"https:\/\/biblia.com\/bible\/nblh\/Rom%2011.7-8?culture=es\" target=\"_blank\" rel=\"noopener\" data-reference=\"Rom 11.7-8\" data-version=\"nblh\" data-purpose=\"bible-reference\">Ro 11:7-8<\/a>). Solo \u00abpor medio de Cristo\u00bb esta ceguera es quitada (<a class=\"rtBibleRef\" href=\"https:\/\/biblia.com\/bible\/nblh\/2%20Cor%203.14?culture=es\" target=\"_blank\" rel=\"noopener\" data-reference=\"2 Cor 3.14\" data-version=\"nblh\" data-purpose=\"bible-reference\">2 Co 3:14<\/a>).<\/p>\n<p>Desde el nacimiento de Jes\u00fas, algunos como Sime\u00f3n comprendieron correctamente que el triunfo de Cristo solo llegar\u00eda a trav\u00e9s de sufrimientos. Sin embargo, la mayor\u00eda de los disc\u00edpulos no comprendieron plenamente el testimonio de las Escrituras sobre la muerte, resurrecci\u00f3n y misi\u00f3n global de Jes\u00fas hasta despu\u00e9s de Su resurrecci\u00f3n.<\/p>\n<hr \/>\n<h6>Publicado originalmente en\u00a0<a href=\"https:\/\/ftc.co\/resource-library\/articles\/01-new-testament-reflections-on-grasping-the-old-testaments-message\/\"><i>For the Church<\/i><\/a><i>.\u00a0<\/i>Traducido por Eduardo Fergusson.<\/h6>\n\n\t\t<\/div>\n\t<\/div>\n<\/div><\/div><\/div><\/div><div class=\"vc_row wpb_row vc_row-fluid vc_custom_1615074577655 vc_row-has-fill\"><div class=\"wpb_column vc_column_container vc_col-sm-12\"><div class=\"vc_column-inner\"><div class=\"wpb_wrapper\">\t\t\t<div class=\"info-box-wrapper\">\n\t\t\t\t<div id=\"wd-654d3fca97ed8\" class=\" wd-rs-654d3fca97ed8 wd-info-box wd-wpb text-left box-icon-align-left box-style- color-scheme- wd-bg-none wd-items-top \">\n\t\t\t\t\t\t\t\t\t\t<div class=\"info-box-content\">\n\t\t\t\t\t\t<h4 class=\"info-box-title title box-title-style-default wd-fontsize-m\">Sobre el autor<\/h4>\t\t\t\t\t\t<div class=\"info-box-inner reset-last-child\"><p><b>Jason S. DeRouchie<\/b>\u00a0(PhD,\u00a0<i>The Southern Baptist Theological Seminary<\/i>) es profesor de investigaci\u00f3n del Antiguo Testamento y teolog\u00eda b\u00edblica en el\u00a0<i>Midwestern Baptist Theological Seminary<\/i>\u00a0en Kansas City, Missouri. \u00c9l editor contribuyente en\u00a0<i>What the Old Testament Authors Really Cared About: A Survey of Jesus\u2019 Bible<\/i>\u00a0(Grand Rapids: Kregel, 2013) y el autor de H<i>ow to Understand and Apply the Old Testament: Twelve Steps from Exegesis to Theology<\/i>\u00a0(P&amp;R, 2017). Su sitio web de recursos es\u00a0<a href=\"http:\/\/jasonderouchie.com\/\">jasonderouchie.com<\/a>.<\/p>\n<\/div>\n\n\t\t\t\t\t\t\t\t\t\t\t<\/div>\n\n\t\t\t\t\t\n\t\t\t\t\t\t\t\t\t<\/div>\n\t\t\t<\/div>\n\t\t<\/div><\/div><\/div><\/div>\n<\/div>\t\t\t\t\t<\/div>\n\t\t\t\t\n\t\t\t\t\t\t\t\t\t<\/div>\n\t<\/div>\n<\/article>\n\n\t\t\t\t\t\t\t\t\t\t\t\n<article id=\"post-81587\" class=\"wd-post blog-design-chess blog-post-loop blog-design-small-images blog-style-bg wd-add-shadow wd-col post-81587 post type-post status-publish format-standard has-post-thumbnail hentry category-biblia-y-teologia\">\n\t<div class=\"wd-post-inner article-inner\">\n\t\t\t\t\t<div class=\"wd-post-thumb entry-header\">\n\t\t\t\t\t\t\t\t\t<div class=\"wd-post-img post-img-wrapp\">\n\t\t\t\t\t\t<img width=\"320\" height=\"160\" src=\"https:\/\/desarrollocristiano.pe\/wp-content\/uploads\/2023\/10\/biblia2-1-320x160.jpg\" class=\"attachment-large size-large\" alt=\"\" decoding=\"async\" loading=\"lazy\" srcset=\"https:\/\/desarrollocristiano.pe\/wp-content\/uploads\/2023\/10\/biblia2-1-320x160.jpg 320w, https:\/\/desarrollocristiano.pe\/wp-content\/uploads\/2023\/10\/biblia2-1-600x300.jpg 600w, https:\/\/desarrollocristiano.pe\/wp-content\/uploads\/2023\/10\/biblia2-1-150x75.jpg 150w, https:\/\/desarrollocristiano.pe\/wp-content\/uploads\/2023\/10\/biblia2-1-200x100.jpg 200w, https:\/\/desarrollocristiano.pe\/wp-content\/uploads\/2023\/10\/biblia2-1-400x200.jpg 400w, https:\/\/desarrollocristiano.pe\/wp-content\/uploads\/2023\/10\/biblia2-1.jpg 700w\" sizes=\"auto, (max-width: 320px) 100vw, 320px\" \/>\t\t\t\t\t<\/div>\n\t\t\t\t\t<a class=\"wd-fill\" href=\"https:\/\/desarrollocristiano.pe\/la-reforma\/\"><\/a>\n\t\t\t\t\n\t\t\t\t\t\t\t\t\t\t\t\t<div class=\"wd-post-date wd-style-with-bg\">\n\t\t\t\t<span class=\"post-date-day\">\n\t\t\t\t\t30\t\t\t\t<\/span>\n\t\t\t\t<span class=\"post-date-month\">\n\t\t\t\t\tOct\t\t\t\t<\/span>\n\t\t\t<\/div>\n\t\t\t\t\t\t\t\t\t<\/div>\n\t\t\n\t\t<div class=\"wd-post-content article-body-container\">\n\t\t\t\t\t\t\t<div class=\"wd-post-cat wd-style-with-bg meta-post-categories\">\n\t\t\t\t\t<a href=\"https:\/\/desarrollocristiano.pe\/categorias\/biblia-y-teologia\/\" rel=\"category tag\">Biblia y Teolog\u00eda<\/a>\t\t\t\t<\/div>\n\t\t\t\n\t\t\t\t\t\t\t<h3 class=\"wd-post-title wd-entities-title title post-title\">\n\t\t\t\t\t<a href=\"https:\/\/desarrollocristiano.pe\/la-reforma\/\" rel=\"bookmark\">La Reforma<\/a>\n\t\t\t\t<\/h3>\n\t\t\t\n\t\t\t\t\t\t\t<div class=\"wd-post-meta\">\n\t\t\t\t\t\t\t\t\t\t\t\t\t\t\t<div class=\"wd-post-author\">\n\t\t\t\t\t\t\t\t\t\t\t<span>Posteado por<\/span>\n\t\t\n\t\t\t\t\t<img alt='author-avatar' src='https:\/\/secure.gravatar.com\/avatar\/8f331515e2139e7ffacac78d5e21bc88ee625065cad5d063ef4da73b7cbcfc2d?s=18&#038;d=mm&#038;r=g' srcset='https:\/\/secure.gravatar.com\/avatar\/8f331515e2139e7ffacac78d5e21bc88ee625065cad5d063ef4da73b7cbcfc2d?s=36&#038;d=mm&#038;r=g 2x' class='avatar avatar-18 photo' height='18' width='18' loading='lazy' decoding='async'\/>\t\t\n\t\t\t\t\t<a href=\"https:\/\/desarrollocristiano.pe\/author\/aprnimda7720\/\" class=\"author\" rel=\"author\">Administrador<\/a>\n\t\t\t\t\t\t\t\t\t<\/div>\n\t\t\t\t\t<div class=\"wd-modified-date\">\n\t\t\t\t\t\t\t\t<time class=\"updated\" datetime=\"2024-02-12T16:37:54-05:00\">\n\t\t\t12\/02\/2024\t\t<\/time>\n\t\t\t\t\t\t\t<\/div>\n\n\t\t\t\t\t\t\t\t\t\t\t<div class=\"wd-post-share wd-tltp\">\n\t\t\t\t\t\t\t<div class=\"tooltip top\">\n\t\t\t\t\t\t\t\t<div class=\"tooltip-inner\">\n\t\t\t\t\t\t\t\t\t\t\t\t<div\n\t\t\t\t\t\tclass=\" wd-social-icons  wd-style-default wd-size-small social-share wd-shape-circle color-scheme-light text-center\">\n\t\t\t\t\n\t\t\t\t\n\t\t\t\t\t\t\t\t\t<a rel=\"noopener noreferrer nofollow\" href=\"https:\/\/www.facebook.com\/sharer\/sharer.php?u=https:\/\/desarrollocristiano.pe\/articulos-pastorales\/\" target=\"_blank\" class=\" wd-social-icon social-facebook\" aria-label=\"Facebook social link\">\n\t\t\t\t\t\t<span class=\"wd-icon\"><\/span>\n\t\t\t\t\t\t\t\t\t\t\t<\/a>\n\t\t\t\t\n\t\t\t\t\t\t\t\t\t<a rel=\"noopener noreferrer nofollow\" href=\"https:\/\/x.com\/share?url=https:\/\/desarrollocristiano.pe\/articulos-pastorales\/\" target=\"_blank\" class=\" wd-social-icon social-twitter\" aria-label=\"X social link\">\n\t\t\t\t\t\t<span class=\"wd-icon\"><\/span>\n\t\t\t\t\t\t\t\t\t\t\t<\/a>\n\t\t\t\t\n\t\t\t\t\n\t\t\t\t\t\t\t\t\t<a rel=\"noopener noreferrer nofollow\" href=\"mailto:?subject=Check%20this%20https:\/\/desarrollocristiano.pe\/articulos-pastorales\/\" target=\"_blank\" class=\" wd-social-icon social-email\" aria-label=\"Email social link\">\n\t\t\t\t\t\t<span class=\"wd-icon\"><\/span>\n\t\t\t\t\t\t\t\t\t\t\t<\/a>\n\t\t\t\t\n\t\t\t\t\n\t\t\t\t\n\t\t\t\t\n\t\t\t\t\t\t\t\t\t<a rel=\"noopener noreferrer nofollow\" href=\"https:\/\/pinterest.com\/pin\/create\/button\/?url=https:\/\/desarrollocristiano.pe\/articulos-pastorales\/&media=https:\/\/desarrollocristiano.pe\/wp-content\/uploads\/2023\/10\/biblia2-1.jpg&description=La+Reforma\" target=\"_blank\" class=\" wd-social-icon social-pinterest\" aria-label=\"Pinterest social link\">\n\t\t\t\t\t\t<span class=\"wd-icon\"><\/span>\n\t\t\t\t\t\t\t\t\t\t\t<\/a>\n\t\t\t\t\n\t\t\t\t\n\t\t\t\t\t\t\t\t\t<a rel=\"noopener noreferrer nofollow\" href=\"https:\/\/www.linkedin.com\/shareArticle?mini=true&url=https:\/\/desarrollocristiano.pe\/articulos-pastorales\/\" target=\"_blank\" class=\" wd-social-icon social-linkedin\" aria-label=\"Linkedin social link\">\n\t\t\t\t\t\t<span class=\"wd-icon\"><\/span>\n\t\t\t\t\t\t\t\t\t\t\t<\/a>\n\t\t\t\t\n\t\t\t\t\n\t\t\t\t\n\t\t\t\t\n\t\t\t\t\n\t\t\t\t\n\t\t\t\t\n\t\t\t\t\n\t\t\t\t\n\t\t\t\t\t\t\t\t\t<a rel=\"noopener noreferrer nofollow\" href=\"https:\/\/api.whatsapp.com\/send?text=https%3A%2F%2Fdesarrollocristiano.pe%2Farticulos-pastorales%2F\" target=\"_blank\" class=\"wd-hide-md  wd-social-icon social-whatsapp\" aria-label=\"WhatsApp social link\">\n\t\t\t\t\t\t<span class=\"wd-icon\"><\/span>\n\t\t\t\t\t\t\t\t\t\t\t<\/a>\n\n\t\t\t\t\t<a rel=\"noopener noreferrer nofollow\" href=\"whatsapp:\/\/send?text=https%3A%2F%2Fdesarrollocristiano.pe%2Farticulos-pastorales%2F\" target=\"_blank\" class=\"wd-hide-lg  wd-social-icon social-whatsapp\" aria-label=\"WhatsApp social link\">\n\t\t\t\t\t\t<span class=\"wd-icon\"><\/span>\n\t\t\t\t\t\t\t\t\t\t\t<\/a>\n\t\t\t\t\n\t\t\t\t\n\t\t\t\t\n\t\t\t\t\n\t\t\t\t\n\t\t\t\t\n\t\t\t\t\t\t\t\t\t<a rel=\"noopener noreferrer nofollow\" href=\"https:\/\/telegram.me\/share\/url?url=https:\/\/desarrollocristiano.pe\/articulos-pastorales\/\" target=\"_blank\" class=\" wd-social-icon social-tg\" aria-label=\"Telegram social link\">\n\t\t\t\t\t\t<span class=\"wd-icon\"><\/span>\n\t\t\t\t\t\t\t\t\t\t\t<\/a>\n\t\t\t\t\n\t\t\t\t\n\t\t\t<\/div>\n\n\t\t\t\t\t\t\t\t\t\t<\/div>\n\t\t\t\t\t\t\t\t<div class=\"tooltip-arrow\"><\/div>\n\t\t\t\t\t\t\t<\/div>\n\t\t\t\t\t\t<\/div>\n\t\t\t\t\t\n\t\t\t\t\t\t\t\t\t\t\t\t\t\t\t\t\t<div class=\"wd-post-reply wd-style-1\">\n\t\t\t\t\t\t\t<a href=\"https:\/\/desarrollocristiano.pe\/la-reforma\/#respond\"><span class=\"wd-replies-count\">0<\/span><\/a>\t\t\t\t\t\t<\/div>\n\t\t\t\t\t\t\t\t\t<\/div>\n\t\t\t\n\t\t\t\t\t\t\t\t\t\t\t\t<div class=\"wd-post-excerpt entry-content\">\n\t\t\t\t\t\t<div class=\"wpb-content-wrapper\"><div class=\"vc_row wpb_row vc_row-fluid\"><div class=\"wpb_column vc_column_container vc_col-sm-12\"><div class=\"vc_column-inner\"><div class=\"wpb_wrapper\">\n\t<div class=\"wpb_text_column wpb_content_element texto_parrafo text-larger\" >\n\t\t<div class=\"wpb_wrapper\">\n\t\t\t<p>Por: <a href=\"https:\/\/www.facebook.com\/nick.davies.180\"><b>Nick Davies<\/b><\/a><\/p>\n<p>Celebramos la reforma cada a\u00f1o porque la vemos como nuestro nacimiento como evang\u00e9licos, recordando el d\u00eda en el que Lutero clav\u00f3 95 temas de debate en la puerta de una iglesia. Afirmamos las cinco solas, y contamos la historia de Lutero en la dieta de Worms, \u201c&#8230;me mantengo firme en las Escrituras a las que he adoptado como mi gu\u00eda&#8230;\u201d Fortalecemos este v\u00ednculo por declararnos como hijos de la reforma, y pronunciarnos que siempre estamos reformando.<\/p>\n<p>Pero algunos han observado con precisi\u00f3n que a veces podemos estar enamorados m\u00e1s con la idea de la reforma que con la reforma misma. Simplificamos esta \u00e9poca de casi 400 a\u00f1os entre aquel d\u00eda en 1517 hasta el siglo 20 cuando esta idea de las cinco solas, tan emblem\u00e1ticas de la reforma, fue formulada finalmente. Podemos querer una versi\u00f3n refinada de la reforma para poder se\u00f1alar a nuestro origen como linaje, usando la reforma como un espejo para vernos reflejado en las caras de Lutero, Calvino, Zwinglio.<\/p>\n<p>Sin embargo, nuestro linaje es m\u00e1s rico que la idea que celebramos cada a\u00f1o, y quiero animarlo profundizar en ello. Entre los reformadores hubo desacuerdos, a veces vehemente, sobre la cena del Se\u00f1or, la relaci\u00f3n entre la iglesia y el poder pol\u00edtica, lo que sucede en el bautismo, como deben ser los cultos, como interpretar y aplicar la Biblia a la vida cristiana, el alcance de la uniformidad de doctrina en la iglesia, la funci\u00f3n de la Ley en la vida cristiana&#8230;y esto es solo entre los tres arriba de las primeras dos generaciones de reformadores, sin tocar a Beza, Bucero, Simmons, Cranmer, Melanchthon, Denti\u00e8re, Knox, Morata, Bucero, y m\u00e1s figuras antes y despu\u00e9s. La reforma es liosa, pero \u00a1hay oro y joyas all\u00e1 esperandole descubrir!<\/p>\n<p>El d\u00eda de la reforma es una oportunidad de recordarnos de la riqueza de la ense\u00f1anza y doctrina de las primeras d\u00e9cadas de la reforma y los siglos despu\u00e9s. Antes de leer uno de los varios \u201cUn nuevo 95 tesis para este siglo\u201d, lea un libro por los reformadores para empezar de conocer de verdad nuestro linaje. Antes de publicar en Facebook o Instagram un meme con las cinco solas, primero lea un credo o libro de la reforma. No va a estar de acuerdo con ellos en todo, pero lo van a desafiar de pensar m\u00e1s profundo sobre la Biblia y nuestra pr\u00e1ctica.<\/p>\n<p>En Desarrollo Cristiano hay:<\/p>\n<ul>\n<li><a href=\"https:\/\/desarrollocristiano.pe\/producto\/bcc-libro-9-las-95-tesis-comentario-a-galatas\/\">Las 95 Tesis \/Comentario a G\u00e1latas, por Martin Lutero<\/a><\/li>\n<li><a href=\"https:\/\/desarrollocristiano.pe\/producto\/la-predestinacion-y-la-providencia-de-dios\/\">La Predestinaci\u00f3n y la Providencia de Dios, por Juan Calvino<\/a><\/li>\n<li><a href=\"https:\/\/desarrollocristiano.pe\/producto\/oracion-el-ejercicio-continuo-de-la-fe\/\">Oraci\u00f3n: El Ejercicio Continuo de la Fe, por Juan Calvino<\/a><\/li>\n<\/ul>\n<p>Tambi\u00e9n se puede encontrar online transcripciones los credos y documentos claves de la reforma, como Las Confesiones de Augsburgo (Melanchthon con Lutero), Los 67 tesis de Zwinglio, La Confesi\u00f3n Escocesa (Knox), el Libro de Oraci\u00f3n Com\u00fan (Cranmer con ayuda por Bucero).<\/p>\n<p>Que Dios siga fortaleciendo su iglesia en la proclamaci\u00f3n de su Hijo, Jesucristo, para su gloria Sola Scriptura, Sola Fide, Sola Gratia, Solus Christus, Soli Deo Gloria<\/p>\n\n\t\t<\/div>\n\t<\/div>\n<\/div><\/div><\/div><\/div><div class=\"vc_row wpb_row vc_row-fluid vc_custom_1615074577655 vc_row-has-fill\"><div class=\"wpb_column vc_column_container vc_col-sm-12\"><div class=\"vc_column-inner vc_custom_1615070652059\"><div class=\"wpb_wrapper\">\t\t\t<div class=\"info-box-wrapper\">\n\t\t\t\t<div id=\"wd-65ca8fa868c5a\" class=\" wd-rs-65ca8fa868c5a wd-info-box wd-wpb text-left box-icon-align-left box-style- color-scheme- wd-bg-none wd-items-top \">\n\t\t\t\t\t\t\t\t\t\t\t<div class=\"box-icon-wrapper  box-with-icon box-icon-simple\">\n\t\t\t\t\t\t\t<div class=\"info-box-icon\">\n\n\t\t\t\t\t\t\t\n\t\t\t\t\t\t\t\t\t\t\t\t\t\t\t\t\t<img loading=\"lazy\" decoding=\"async\" width=\"100\" height=\"150\" src=\"https:\/\/desarrollocristiano.pe\/wp-content\/uploads\/2023\/10\/Nick-Davies-100x150.png\" class=\"attachment-100x150 size-100x150\" alt=\"\" \/>\t\t\t\t\t\t\t\t\t\t\t\t\t\t\t\n\t\t\t\t\t\t\t<\/div>\n\t\t\t\t\t\t<\/div>\n\t\t\t\t\t\t\t\t\t\t<div class=\"info-box-content\">\n\t\t\t\t\t\t\t\t\t\t\t\t<div class=\"info-box-inner reset-last-child\"><p>Nicolas Davies es misionero de CMS Australia en Per\u00fa.<\/p>\n<\/div>\n\n\t\t\t\t\t\t\t\t\t\t\t<\/div>\n\n\t\t\t\t\t\n\t\t\t\t\t\t\t\t\t<\/div>\n\t\t\t<\/div>\n\t\t<\/div><\/div><\/div><\/div><div class=\"vc_row wpb_row vc_row-fluid\"><div class=\"wpb_column vc_column_container vc_col-sm-12\"><div class=\"vc_column-inner\"><div class=\"wpb_wrapper\">\t\t\t<div id=\"\" class=\"wd-products-element wd-wpb with-title wd-hide\">\n\t\t\t<h4 class=\"wd-el-title title element-title\">Libros sugeridos<\/h4>\n\t\t\n\t\t\t\t\t<link rel=\"stylesheet\" id=\"wd-product-loop-css\" href=\"https:\/\/desarrollocristiano.pe\/wp-content\/themes\/woodmart\/css\/parts\/woo-product-loop.min.css?ver=8.2.7\" type=\"text\/css\" media=\"all\" \/> \t\t\t\t\t\t<link rel=\"stylesheet\" id=\"wd-product-loop-icons-css\" href=\"https:\/\/desarrollocristiano.pe\/wp-content\/themes\/woodmart\/css\/parts\/woo-product-loop-icons.min.css?ver=8.2.7\" type=\"text\/css\" media=\"all\" \/> \t\t\t\t\t\t<\/div>\n\t\t\t<\/div><\/div><\/div><\/div>\n<\/div>\t\t\t\t\t<\/div>\n\t\t\t\t\n\t\t\t\t\t\t\t\t\t<\/div>\n\t<\/div>\n<\/article>\n\n\t\t\t\t\t\t\t\t\t\t\t\n<article id=\"post-81575\" class=\"wd-post blog-design-chess blog-post-loop blog-design-small-images blog-style-bg wd-add-shadow wd-col post-81575 post type-post status-publish format-standard has-post-thumbnail hentry category-vida-cristiana\">\n\t<div class=\"wd-post-inner article-inner\">\n\t\t\t\t\t<div class=\"wd-post-thumb entry-header\">\n\t\t\t\t\t\t\t\t\t<div class=\"wd-post-img post-img-wrapp\">\n\t\t\t\t\t\t<img width=\"320\" height=\"160\" src=\"https:\/\/desarrollocristiano.pe\/wp-content\/uploads\/2023\/10\/Biblia-320x160.jpg\" class=\"attachment-large size-large\" alt=\"\" decoding=\"async\" loading=\"lazy\" srcset=\"https:\/\/desarrollocristiano.pe\/wp-content\/uploads\/2023\/10\/Biblia-320x160.jpg 320w, https:\/\/desarrollocristiano.pe\/wp-content\/uploads\/2023\/10\/Biblia-768x384.jpg 768w, https:\/\/desarrollocristiano.pe\/wp-content\/uploads\/2023\/10\/Biblia-1536x768.jpg 1536w, https:\/\/desarrollocristiano.pe\/wp-content\/uploads\/2023\/10\/Biblia-1200x600.jpg 1200w, https:\/\/desarrollocristiano.pe\/wp-content\/uploads\/2023\/10\/Biblia-600x300.jpg 600w, https:\/\/desarrollocristiano.pe\/wp-content\/uploads\/2023\/10\/Biblia-150x75.jpg 150w, https:\/\/desarrollocristiano.pe\/wp-content\/uploads\/2023\/10\/Biblia-200x100.jpg 200w, https:\/\/desarrollocristiano.pe\/wp-content\/uploads\/2023\/10\/Biblia-400x200.jpg 400w, https:\/\/desarrollocristiano.pe\/wp-content\/uploads\/2023\/10\/Biblia.jpg 1920w\" sizes=\"auto, (max-width: 320px) 100vw, 320px\" \/>\t\t\t\t\t<\/div>\n\t\t\t\t\t<a class=\"wd-fill\" href=\"https:\/\/desarrollocristiano.pe\/reforma-protestante\/\"><\/a>\n\t\t\t\t\n\t\t\t\t\t\t\t\t\t\t\t\t<div class=\"wd-post-date wd-style-with-bg\">\n\t\t\t\t<span class=\"post-date-day\">\n\t\t\t\t\t25\t\t\t\t<\/span>\n\t\t\t\t<span class=\"post-date-month\">\n\t\t\t\t\tOct\t\t\t\t<\/span>\n\t\t\t<\/div>\n\t\t\t\t\t\t\t\t\t<\/div>\n\t\t\n\t\t<div class=\"wd-post-content article-body-container\">\n\t\t\t\t\t\t\t<div class=\"wd-post-cat wd-style-with-bg meta-post-categories\">\n\t\t\t\t\t<a href=\"https:\/\/desarrollocristiano.pe\/categorias\/vida-cristiana\/\" rel=\"category tag\">Vida Cristiana<\/a>\t\t\t\t<\/div>\n\t\t\t\n\t\t\t\t\t\t\t<h3 class=\"wd-post-title wd-entities-title title post-title\">\n\t\t\t\t\t<a href=\"https:\/\/desarrollocristiano.pe\/reforma-protestante\/\" rel=\"bookmark\">REFORMA PROTESTANTE<\/a>\n\t\t\t\t<\/h3>\n\t\t\t\n\t\t\t\t\t\t\t<div class=\"wd-post-meta\">\n\t\t\t\t\t\t\t\t\t\t\t\t\t\t\t<div class=\"wd-post-author\">\n\t\t\t\t\t\t\t\t\t\t\t<span>Posteado por<\/span>\n\t\t\n\t\t\t\t\t<img alt='author-avatar' src='https:\/\/secure.gravatar.com\/avatar\/8f331515e2139e7ffacac78d5e21bc88ee625065cad5d063ef4da73b7cbcfc2d?s=18&#038;d=mm&#038;r=g' srcset='https:\/\/secure.gravatar.com\/avatar\/8f331515e2139e7ffacac78d5e21bc88ee625065cad5d063ef4da73b7cbcfc2d?s=36&#038;d=mm&#038;r=g 2x' class='avatar avatar-18 photo' height='18' width='18' loading='lazy' decoding='async'\/>\t\t\n\t\t\t\t\t<a href=\"https:\/\/desarrollocristiano.pe\/author\/aprnimda7720\/\" class=\"author\" rel=\"author\">Administrador<\/a>\n\t\t\t\t\t\t\t\t\t<\/div>\n\t\t\t\t\t<div class=\"wd-modified-date\">\n\t\t\t\t\t\t\t\t<time class=\"updated\" datetime=\"2023-12-20T17:24:09-05:00\">\n\t\t\t20\/12\/2023\t\t<\/time>\n\t\t\t\t\t\t\t<\/div>\n\n\t\t\t\t\t\t\t\t\t\t\t<div class=\"wd-post-share wd-tltp\">\n\t\t\t\t\t\t\t<div class=\"tooltip top\">\n\t\t\t\t\t\t\t\t<div class=\"tooltip-inner\">\n\t\t\t\t\t\t\t\t\t\t\t\t<div\n\t\t\t\t\t\tclass=\" wd-social-icons  wd-style-default wd-size-small social-share wd-shape-circle color-scheme-light text-center\">\n\t\t\t\t\n\t\t\t\t\n\t\t\t\t\t\t\t\t\t<a rel=\"noopener noreferrer nofollow\" href=\"https:\/\/www.facebook.com\/sharer\/sharer.php?u=https:\/\/desarrollocristiano.pe\/articulos-pastorales\/\" target=\"_blank\" class=\" wd-social-icon social-facebook\" aria-label=\"Facebook social link\">\n\t\t\t\t\t\t<span class=\"wd-icon\"><\/span>\n\t\t\t\t\t\t\t\t\t\t\t<\/a>\n\t\t\t\t\n\t\t\t\t\t\t\t\t\t<a rel=\"noopener noreferrer nofollow\" href=\"https:\/\/x.com\/share?url=https:\/\/desarrollocristiano.pe\/articulos-pastorales\/\" target=\"_blank\" class=\" wd-social-icon social-twitter\" aria-label=\"X social link\">\n\t\t\t\t\t\t<span class=\"wd-icon\"><\/span>\n\t\t\t\t\t\t\t\t\t\t\t<\/a>\n\t\t\t\t\n\t\t\t\t\n\t\t\t\t\t\t\t\t\t<a rel=\"noopener noreferrer nofollow\" href=\"mailto:?subject=Check%20this%20https:\/\/desarrollocristiano.pe\/articulos-pastorales\/\" target=\"_blank\" class=\" wd-social-icon social-email\" aria-label=\"Email social link\">\n\t\t\t\t\t\t<span class=\"wd-icon\"><\/span>\n\t\t\t\t\t\t\t\t\t\t\t<\/a>\n\t\t\t\t\n\t\t\t\t\n\t\t\t\t\n\t\t\t\t\n\t\t\t\t\t\t\t\t\t<a rel=\"noopener noreferrer nofollow\" href=\"https:\/\/pinterest.com\/pin\/create\/button\/?url=https:\/\/desarrollocristiano.pe\/articulos-pastorales\/&media=https:\/\/desarrollocristiano.pe\/wp-content\/uploads\/2023\/10\/Biblia.jpg&description=REFORMA+PROTESTANTE\" target=\"_blank\" class=\" wd-social-icon social-pinterest\" aria-label=\"Pinterest social link\">\n\t\t\t\t\t\t<span class=\"wd-icon\"><\/span>\n\t\t\t\t\t\t\t\t\t\t\t<\/a>\n\t\t\t\t\n\t\t\t\t\n\t\t\t\t\t\t\t\t\t<a rel=\"noopener noreferrer nofollow\" href=\"https:\/\/www.linkedin.com\/shareArticle?mini=true&url=https:\/\/desarrollocristiano.pe\/articulos-pastorales\/\" target=\"_blank\" class=\" wd-social-icon social-linkedin\" aria-label=\"Linkedin social link\">\n\t\t\t\t\t\t<span class=\"wd-icon\"><\/span>\n\t\t\t\t\t\t\t\t\t\t\t<\/a>\n\t\t\t\t\n\t\t\t\t\n\t\t\t\t\n\t\t\t\t\n\t\t\t\t\n\t\t\t\t\n\t\t\t\t\n\t\t\t\t\n\t\t\t\t\n\t\t\t\t\t\t\t\t\t<a rel=\"noopener noreferrer nofollow\" href=\"https:\/\/api.whatsapp.com\/send?text=https%3A%2F%2Fdesarrollocristiano.pe%2Farticulos-pastorales%2F\" target=\"_blank\" class=\"wd-hide-md  wd-social-icon social-whatsapp\" aria-label=\"WhatsApp social link\">\n\t\t\t\t\t\t<span class=\"wd-icon\"><\/span>\n\t\t\t\t\t\t\t\t\t\t\t<\/a>\n\n\t\t\t\t\t<a rel=\"noopener noreferrer nofollow\" href=\"whatsapp:\/\/send?text=https%3A%2F%2Fdesarrollocristiano.pe%2Farticulos-pastorales%2F\" target=\"_blank\" class=\"wd-hide-lg  wd-social-icon social-whatsapp\" aria-label=\"WhatsApp social link\">\n\t\t\t\t\t\t<span class=\"wd-icon\"><\/span>\n\t\t\t\t\t\t\t\t\t\t\t<\/a>\n\t\t\t\t\n\t\t\t\t\n\t\t\t\t\n\t\t\t\t\n\t\t\t\t\n\t\t\t\t\n\t\t\t\t\t\t\t\t\t<a rel=\"noopener noreferrer nofollow\" href=\"https:\/\/telegram.me\/share\/url?url=https:\/\/desarrollocristiano.pe\/articulos-pastorales\/\" target=\"_blank\" class=\" wd-social-icon social-tg\" aria-label=\"Telegram social link\">\n\t\t\t\t\t\t<span class=\"wd-icon\"><\/span>\n\t\t\t\t\t\t\t\t\t\t\t<\/a>\n\t\t\t\t\n\t\t\t\t\n\t\t\t<\/div>\n\n\t\t\t\t\t\t\t\t\t\t<\/div>\n\t\t\t\t\t\t\t\t<div class=\"tooltip-arrow\"><\/div>\n\t\t\t\t\t\t\t<\/div>\n\t\t\t\t\t\t<\/div>\n\t\t\t\t\t\n\t\t\t\t\t\t\t\t\t\t\t\t\t\t\t\t\t<div class=\"wd-post-reply wd-style-1\">\n\t\t\t\t\t\t\t<a href=\"https:\/\/desarrollocristiano.pe\/reforma-protestante\/#respond\"><span class=\"wd-replies-count\">0<\/span><\/a>\t\t\t\t\t\t<\/div>\n\t\t\t\t\t\t\t\t\t<\/div>\n\t\t\t\n\t\t\t\t\t\t\t\t\t\t\t\t<div class=\"wd-post-excerpt entry-content\">\n\t\t\t\t\t\t<div class=\"wpb-content-wrapper\"><div class=\"vc_row wpb_row vc_row-fluid\"><div class=\"wpb_column vc_column_container vc_col-sm-12\"><div class=\"vc_column-inner\"><div class=\"wpb_wrapper\">\n\t<div class=\"wpb_text_column wpb_content_element texto_parrafo text-larger\" >\n\t\t<div class=\"wpb_wrapper\">\n\t\t\t<p>Por <a href=\"https:\/\/www.facebook.com\/francisco.vergara.5836711\">Francisco Vergara<\/a><\/p>\n<p><strong>INTRODUCCI\u00d3N<\/strong><\/p>\n<p>Hay fechas que siempre recordamos, por distintas razones personales: cumplea\u00f1os, aniversario de bodas, etc. Hay otras que, siendo universales, tambi\u00e9n son personales por otros motivos. Una de ellas es el d\u00eda de inicio de la Reforma Protestante en el siglo XVI. Y es que para todos aquellos que hemos conocido a Jesucristo y hemos experimentado la salvaci\u00f3n que \u00c9l obr\u00f3 en nuestro favor, esa fecha es crucial. Signific\u00f3 el redescubrimiento de la verdad b\u00edblica (salvaci\u00f3n por fe solamente) que estuvo escondida por siglos en la ense\u00f1anza y pr\u00e1ctica de la iglesia romana.<\/p>\n<p>La ense\u00f1anza b\u00edblica de la justificaci\u00f3n por fe solamente fue el principio material que impuls\u00f3 la Reforma Protestante. Siendo la pregunta crucial: \u00bfc\u00f3mo es posible que el pecador reciba la salvaci\u00f3n que necesita? Lutero, redescubriendo Ro. 1:17, afirm\u00f3 que la doctrina de la justificaci\u00f3n por la fe solo es el art\u00edculo sobre el cual se sostiene o se cae la Iglesia. Esta doctrina de la justificaci\u00f3n por la sola fe es la verdad central del cristianismo y la verdadera prueba de la fidelidad de una iglesia al Evangelio.<\/p>\n<p><strong>JUSTIFICACI\u00d3N<\/strong><\/p>\n<p>Justificaci\u00f3n es un t\u00e9rmino legal, que pertenece propiamente a la esfera del derecho y los tribunales de justicia. Estrictamente hablando es la declaraci\u00f3n emitida, por una persona encargada de la administraci\u00f3n de justicia, de que alguien que hab\u00eda sido acusado por infracci\u00f3n de la ley es justo ante los ojos de la ley; adem\u00e1s, ese veredicto es inapelable.<\/p>\n<p>La controversia con el romanismo se dio por el significado de la palabra justificaci\u00f3n. Como sabemos el romanismo se basa en el lat\u00edn (justificare) mientras que el protestantismo lo hace en el griego (dikaioo). Desde el lat\u00edn la palabra justificaci\u00f3n tendr\u00eda como significado hacer justo, mientras que desde el griego ser\u00eda declarar justo. Es como decir que no se ha encontrado suficiente evidencia para probar la culpabilidad, por tanto, el imputado no es inocente, sino que es declarado justo por falta de pruebas. Eso en base a la obra de Cristo en la cruz.<\/p>\n<p>Perm\u00edtanme poner esta analog\u00eda. Es como si Dios, aparte de Cristo no viera en toda nuestra indignidad, somos culpables por no glorificarlo. El sacrificio vicario de Cristo logra que nuestras culpas sean cubiertas por su sangre y, entonces, cuando Dios nos ve no est\u00e1n nuestras miserias a la vista sino la sangre de Cristo, en virtud de ello no somos considerados culpables. Cristo lo hizo todo, nosotros recibimos los beneficios de su obra en la medida que el Esp\u00edritu Santo nos mueve al reconocimiento del pecado y al arrepentimiento. Cuando Dios justifica a los pecadores &#8211; y eso es lo que \u00c9l hace &#8211; los declara exentos de castigo y con derecho a ser recompensados s\u00f3lo sobre la base de lo que Cristo ha hecho por ellos.<\/p>\n<p>El lema Sola fide, define cual es el \u00fanico medio por el que se puede alcanzar salvaci\u00f3n; esto es cuando Dios por Su gracia da fe al pecador para creer en Cristo y ser justificado por \u00c9l, y en consecuencia ser salvo. La fe es un don de Dios (Ef. 2:8), no es autogenerada. Solo la fe salva, y esa fe es en Cristo; el objeto de la fe es Cristo; las obras son la respuesta de amor a lo que Cristo hizo en nuestro favor (Ef. 2:10). Para el romanismo la fe no es suficiente, tiene que ser suplementada con las obras; una forma de decir que es gracia m\u00e1s m\u00e9rito.<\/p>\n<p>El cristianismo b\u00edblico no es autosot\u00e9rico; es decir que cada uno puede lograr la salvaci\u00f3n por s\u00ed mismo, en base a obras meritorias o por pago \/ compra de indulgencias. Tampoco es sacerdotal o lit\u00fargico, en tanto la salvaci\u00f3n no se logra por la intermediaci\u00f3n de alg\u00fan hombre que realiza ciertos ritos particulares. Ni es universalista, por cuanto no ense\u00f1a que todos los seres humanos han de ser salvos, no se es cristiano en autom\u00e1tico. El cristianismo b\u00edblico hist\u00f3rico, neotestamentario, ense\u00f1a que la salvaci\u00f3n solo es posible por la fe en Jesucristo.<\/p>\n<p>Mart\u00edn Lutero, quien fue un monje agustino, fue liberado de su angustia existencial, de sus tormentos de conciencia cuando estaba ense\u00f1ando la ep\u00edstola a los romanos. De nada serv\u00eda su sacrificio, su flagelaci\u00f3n, si no ten\u00eda fe. Los castigos autoinfligidos no pod\u00edan justificarlo, no pod\u00edan salvarlo. Solo la fe en Jesucristo pod\u00eda hacerlo. El pecado es un agravio a la majestad de Dios, por tanto, para recibir la exoneraci\u00f3n del castigo merecido, debemos sujetarnos a la disposici\u00f3n divina. \u201cSin derramamiento de sangre no se hace remisi\u00f3n de pecados\u201d dice He. 9:22; pero el sacrificio debe ser consistente con la dignidad del ofendido, no seg\u00fan lo considere el ofensor. No hay hombre alguno que pueda ofrecer un sacrificio digno, solo Dios hecho hombre (Mt. 1:21-23). Solo Jesucristo fue capaz de ofrecer el sacrificio que Dios estableci\u00f3 (Hch. 4:11-12).<\/p>\n<p>Este fue el aspecto crucial de la Reforma Protestante en oposici\u00f3n a la ense\u00f1anza del catolicismo romano. Mart\u00edn Lutero fue el personaje central del inicio de la Reforma Protestante, que recordamos todos los a\u00f1os el 31 de Octubre. No fue el \u00fanico, por supuesto hay otros nombres que lo siguieron: Juan Calvino, Ulrico Zuinglio, John Knox, etc. y hubo otros nombres de los precursores de la reforma: John Wycliffe, Jan Hus. Todos ellos se caracterizaron no solo por su respeto a las Escrituras sino por el reconocimiento que la justificaci\u00f3n, la salvaci\u00f3n es recibida solo por fe.<\/p>\n<p>Leamos, finalmente, esta declaraci\u00f3n del gestor de la Reforma Protestante:<\/p>\n<blockquote>\n<p>Yo, Mart\u00edn Lutero, un indigno predicador del Evangelio de nuestro Se\u00f1or Jesucristo, de esta manera profesa y cree; que este art\u00edculo, que la fe sola, sin obras, puede justificar ante Dios, nunca ser\u00e1 derribado&#8230; Este es el verdadero Evangelio&#8230; \u00c9sta es la doctrina que ense\u00f1ar\u00e9; y esto el Esp\u00edritu Santo y la Iglesia de los fieles han declarado. En esto permanecer\u00e9. Am\u00e9n<\/p>\n<\/blockquote>\n<p style=\"text-align: right;\">Mart\u00edn Lutero<br \/>\n1483-1546<\/p>\n\n\t\t<\/div>\n\t<\/div>\n<\/div><\/div><\/div><\/div>\n<\/div>\t\t\t\t\t<\/div>\n\t\t\t\t\n\t\t\t\t\t\t\t\t\t<\/div>\n\t<\/div>\n<\/article>\n\n\t\t\t\t\t\t\t\t\t\t\t\n<article id=\"post-81567\" class=\"wd-post blog-design-chess blog-post-loop blog-design-small-images blog-style-bg wd-add-shadow wd-col post-81567 post type-post status-publish format-standard has-post-thumbnail hentry category-biblia-y-teologia\">\n\t<div class=\"wd-post-inner article-inner\">\n\t\t\t\t\t<div class=\"wd-post-thumb entry-header\">\n\t\t\t\t\t\t\t\t\t<div class=\"wd-post-img post-img-wrapp\">\n\t\t\t\t\t\t<img width=\"320\" height=\"160\" src=\"https:\/\/desarrollocristiano.pe\/wp-content\/uploads\/2023\/10\/Martin-Lutero-320x160.jpg\" class=\"attachment-large size-large\" alt=\"Estatua de Martin Lutero\" decoding=\"async\" loading=\"lazy\" srcset=\"https:\/\/desarrollocristiano.pe\/wp-content\/uploads\/2023\/10\/Martin-Lutero-320x160.jpg 320w, https:\/\/desarrollocristiano.pe\/wp-content\/uploads\/2023\/10\/Martin-Lutero-768x384.jpg 768w, https:\/\/desarrollocristiano.pe\/wp-content\/uploads\/2023\/10\/Martin-Lutero-1536x768.jpg 1536w, https:\/\/desarrollocristiano.pe\/wp-content\/uploads\/2023\/10\/Martin-Lutero-1200x600.jpg 1200w, https:\/\/desarrollocristiano.pe\/wp-content\/uploads\/2023\/10\/Martin-Lutero-600x300.jpg 600w, https:\/\/desarrollocristiano.pe\/wp-content\/uploads\/2023\/10\/Martin-Lutero-150x75.jpg 150w, https:\/\/desarrollocristiano.pe\/wp-content\/uploads\/2023\/10\/Martin-Lutero-200x100.jpg 200w, https:\/\/desarrollocristiano.pe\/wp-content\/uploads\/2023\/10\/Martin-Lutero-400x200.jpg 400w, https:\/\/desarrollocristiano.pe\/wp-content\/uploads\/2023\/10\/Martin-Lutero.jpg 1920w\" sizes=\"auto, (max-width: 320px) 100vw, 320px\" \/>\t\t\t\t\t<\/div>\n\t\t\t\t\t<a class=\"wd-fill\" href=\"https:\/\/desarrollocristiano.pe\/quinientos-seis-anos-despues\/\"><\/a>\n\t\t\t\t\n\t\t\t\t\t\t\t\t\t\t\t\t<div class=\"wd-post-date wd-style-with-bg\">\n\t\t\t\t<span class=\"post-date-day\">\n\t\t\t\t\t21\t\t\t\t<\/span>\n\t\t\t\t<span class=\"post-date-month\">\n\t\t\t\t\tOct\t\t\t\t<\/span>\n\t\t\t<\/div>\n\t\t\t\t\t\t\t\t\t<\/div>\n\t\t\n\t\t<div class=\"wd-post-content article-body-container\">\n\t\t\t\t\t\t\t<div class=\"wd-post-cat wd-style-with-bg meta-post-categories\">\n\t\t\t\t\t<a href=\"https:\/\/desarrollocristiano.pe\/categorias\/biblia-y-teologia\/\" rel=\"category tag\">Biblia y Teolog\u00eda<\/a>\t\t\t\t<\/div>\n\t\t\t\n\t\t\t\t\t\t\t<h3 class=\"wd-post-title wd-entities-title title post-title\">\n\t\t\t\t\t<a href=\"https:\/\/desarrollocristiano.pe\/quinientos-seis-anos-despues\/\" rel=\"bookmark\">QUINIENTOS SEIS A\u00d1OS DESPU\u00c9S\u2026<\/a>\n\t\t\t\t<\/h3>\n\t\t\t\n\t\t\t\t\t\t\t<div class=\"wd-post-meta\">\n\t\t\t\t\t\t\t\t\t\t\t\t\t\t\t<div class=\"wd-post-author\">\n\t\t\t\t\t\t\t\t\t\t\t<span>Posteado por<\/span>\n\t\t\n\t\t\t\t\t<img alt='author-avatar' src='https:\/\/secure.gravatar.com\/avatar\/8f331515e2139e7ffacac78d5e21bc88ee625065cad5d063ef4da73b7cbcfc2d?s=18&#038;d=mm&#038;r=g' srcset='https:\/\/secure.gravatar.com\/avatar\/8f331515e2139e7ffacac78d5e21bc88ee625065cad5d063ef4da73b7cbcfc2d?s=36&#038;d=mm&#038;r=g 2x' class='avatar avatar-18 photo' height='18' width='18' loading='lazy' decoding='async'\/>\t\t\n\t\t\t\t\t<a href=\"https:\/\/desarrollocristiano.pe\/author\/aprnimda7720\/\" class=\"author\" rel=\"author\">Administrador<\/a>\n\t\t\t\t\t\t\t\t\t<\/div>\n\t\t\t\t\t<div class=\"wd-modified-date\">\n\t\t\t\t\t\t\t\t<time class=\"updated\" datetime=\"2023-10-25T17:27:20-05:00\">\n\t\t\t25\/10\/2023\t\t<\/time>\n\t\t\t\t\t\t\t<\/div>\n\n\t\t\t\t\t\t\t\t\t\t\t<div class=\"wd-post-share wd-tltp\">\n\t\t\t\t\t\t\t<div class=\"tooltip top\">\n\t\t\t\t\t\t\t\t<div class=\"tooltip-inner\">\n\t\t\t\t\t\t\t\t\t\t\t\t<div\n\t\t\t\t\t\tclass=\" wd-social-icons  wd-style-default wd-size-small social-share wd-shape-circle color-scheme-light text-center\">\n\t\t\t\t\n\t\t\t\t\n\t\t\t\t\t\t\t\t\t<a rel=\"noopener noreferrer nofollow\" href=\"https:\/\/www.facebook.com\/sharer\/sharer.php?u=https:\/\/desarrollocristiano.pe\/articulos-pastorales\/\" target=\"_blank\" class=\" wd-social-icon social-facebook\" aria-label=\"Facebook social link\">\n\t\t\t\t\t\t<span class=\"wd-icon\"><\/span>\n\t\t\t\t\t\t\t\t\t\t\t<\/a>\n\t\t\t\t\n\t\t\t\t\t\t\t\t\t<a rel=\"noopener noreferrer nofollow\" href=\"https:\/\/x.com\/share?url=https:\/\/desarrollocristiano.pe\/articulos-pastorales\/\" target=\"_blank\" class=\" wd-social-icon social-twitter\" aria-label=\"X social link\">\n\t\t\t\t\t\t<span class=\"wd-icon\"><\/span>\n\t\t\t\t\t\t\t\t\t\t\t<\/a>\n\t\t\t\t\n\t\t\t\t\n\t\t\t\t\t\t\t\t\t<a rel=\"noopener noreferrer nofollow\" href=\"mailto:?subject=Check%20this%20https:\/\/desarrollocristiano.pe\/articulos-pastorales\/\" target=\"_blank\" class=\" wd-social-icon social-email\" aria-label=\"Email social link\">\n\t\t\t\t\t\t<span class=\"wd-icon\"><\/span>\n\t\t\t\t\t\t\t\t\t\t\t<\/a>\n\t\t\t\t\n\t\t\t\t\n\t\t\t\t\n\t\t\t\t\n\t\t\t\t\t\t\t\t\t<a rel=\"noopener noreferrer nofollow\" href=\"https:\/\/pinterest.com\/pin\/create\/button\/?url=https:\/\/desarrollocristiano.pe\/articulos-pastorales\/&media=https:\/\/desarrollocristiano.pe\/wp-content\/uploads\/2023\/10\/Martin-Lutero.jpg&description=QUINIENTOS+SEIS+A%C3%91OS+DESPU%C3%89S%E2%80%A6\" target=\"_blank\" class=\" wd-social-icon social-pinterest\" aria-label=\"Pinterest social link\">\n\t\t\t\t\t\t<span class=\"wd-icon\"><\/span>\n\t\t\t\t\t\t\t\t\t\t\t<\/a>\n\t\t\t\t\n\t\t\t\t\n\t\t\t\t\t\t\t\t\t<a rel=\"noopener noreferrer nofollow\" href=\"https:\/\/www.linkedin.com\/shareArticle?mini=true&url=https:\/\/desarrollocristiano.pe\/articulos-pastorales\/\" target=\"_blank\" class=\" wd-social-icon social-linkedin\" aria-label=\"Linkedin social link\">\n\t\t\t\t\t\t<span class=\"wd-icon\"><\/span>\n\t\t\t\t\t\t\t\t\t\t\t<\/a>\n\t\t\t\t\n\t\t\t\t\n\t\t\t\t\n\t\t\t\t\n\t\t\t\t\n\t\t\t\t\n\t\t\t\t\n\t\t\t\t\n\t\t\t\t\n\t\t\t\t\t\t\t\t\t<a rel=\"noopener noreferrer nofollow\" href=\"https:\/\/api.whatsapp.com\/send?text=https%3A%2F%2Fdesarrollocristiano.pe%2Farticulos-pastorales%2F\" target=\"_blank\" class=\"wd-hide-md  wd-social-icon social-whatsapp\" aria-label=\"WhatsApp social link\">\n\t\t\t\t\t\t<span class=\"wd-icon\"><\/span>\n\t\t\t\t\t\t\t\t\t\t\t<\/a>\n\n\t\t\t\t\t<a rel=\"noopener noreferrer nofollow\" href=\"whatsapp:\/\/send?text=https%3A%2F%2Fdesarrollocristiano.pe%2Farticulos-pastorales%2F\" target=\"_blank\" class=\"wd-hide-lg  wd-social-icon social-whatsapp\" aria-label=\"WhatsApp social link\">\n\t\t\t\t\t\t<span class=\"wd-icon\"><\/span>\n\t\t\t\t\t\t\t\t\t\t\t<\/a>\n\t\t\t\t\n\t\t\t\t\n\t\t\t\t\n\t\t\t\t\n\t\t\t\t\n\t\t\t\t\n\t\t\t\t\t\t\t\t\t<a rel=\"noopener noreferrer nofollow\" href=\"https:\/\/telegram.me\/share\/url?url=https:\/\/desarrollocristiano.pe\/articulos-pastorales\/\" target=\"_blank\" class=\" wd-social-icon social-tg\" aria-label=\"Telegram social link\">\n\t\t\t\t\t\t<span class=\"wd-icon\"><\/span>\n\t\t\t\t\t\t\t\t\t\t\t<\/a>\n\t\t\t\t\n\t\t\t\t\n\t\t\t<\/div>\n\n\t\t\t\t\t\t\t\t\t\t<\/div>\n\t\t\t\t\t\t\t\t<div class=\"tooltip-arrow\"><\/div>\n\t\t\t\t\t\t\t<\/div>\n\t\t\t\t\t\t<\/div>\n\t\t\t\t\t\n\t\t\t\t\t\t\t\t\t\t\t\t\t\t\t\t\t<div class=\"wd-post-reply wd-style-1\">\n\t\t\t\t\t\t\t<a href=\"https:\/\/desarrollocristiano.pe\/quinientos-seis-anos-despues\/#respond\"><span class=\"wd-replies-count\">0<\/span><\/a>\t\t\t\t\t\t<\/div>\n\t\t\t\t\t\t\t\t\t<\/div>\n\t\t\t\n\t\t\t\t\t\t\t\t\t\t\t\t<div class=\"wd-post-excerpt entry-content\">\n\t\t\t\t\t\t<div class=\"wpb-content-wrapper\"><div class=\"vc_row wpb_row vc_row-fluid\"><div class=\"wpb_column vc_column_container vc_col-sm-12\"><div class=\"vc_column-inner\"><div class=\"wpb_wrapper\">\n\t<div class=\"wpb_text_column wpb_content_element texto_parrafo text-larger\" >\n\t\t<div class=\"wpb_wrapper\">\n\t\t\t<p>Por: <a href=\"https:\/\/twitter.com\/pepieri\">Pepe Mendoza<\/a><\/p>\n<p>El tiempo pasa volando. Algunos no lo ven pasar tan r\u00e1pido y solo dicen que pasa \u00absin prisa, pero sin pausas\u00bb. Lo cierto es que el tiempo no se detiene y en nuestra sociedad contempor\u00e1nea pareciera que todo tiene fecha de caducidad casi inmediata. La tecnolog\u00eda, por ejemplo, nos lleva a descartar un avance tras otro a una velocidad incre\u00edble. En el plano de las ideas ocurre lo mismo. Hace poco me sorprend\u00ed a m\u00ed mismo descartando algunos libros porque me parec\u00edan anticuados y solo ten\u00edan m\u00e1s de una d\u00e9cada de publicados.<\/p>\n<p>Sin embargo, en medio de estos cambios cada vez m\u00e1s acelerados y de estas declaraciones de obsolescencia cada vez m\u00e1s inmediatas, tambi\u00e9n es cierto que hay ciertos ejemplos, y sucesos de la vida humana que son inconmovibles porque son fundamentales y representan las bases imperturbables de nuestro entendimiento de la realidad humana. Podremos estar de acuerdo o en desacuerdo con ellos, pero no podremos obviarlos ni pasarlos por alto. Uno de ellos ocurri\u00f3 el 31 de octubre de 1517.<\/p>\n<p>Mart\u00edn Lutero, un joven monje agustino alem\u00e1n, decidi\u00f3 hacer p\u00fablica su oposici\u00f3n a la pr\u00e1ctica de venta de indulgencias papales que ofrec\u00edan salvaci\u00f3n espiritual a cambio de dinero. \u00c9l monje no dud\u00f3 en clavar el documento con sus 95 tesis o argumentos en contra de tal pr\u00e1ctica en la puerta de la iglesia en Wittenberg en esa fecha memorable. Ese documento corri\u00f3 como reguero de p\u00f3lvora en la sociedad de la \u00e9poca y pronto fue publicado, difundido y discutido en toda Alemania y luego por toda Europa.<\/p>\n<p>Lutero no tuvo la intenci\u00f3n de rebelarse contra la iglesia, sino buscar el di\u00e1logo y un posible cambio necesario en las estructuras y pr\u00e1cticas de la iglesia que consideraba contrarias a las Escrituras. Sin embargo, sin desearlo se vio inmerso en una profunda oposici\u00f3n y persecuci\u00f3n oficial inesperada que termin\u00f3 con el cisma de la iglesia y la creaci\u00f3n de la Iglesia protestante.<\/p>\n<p>No quisiera entrar en los detalles particulares de las discrepancias doctrinales y teol\u00f3gicas que son conocidas y de las que se han escrito innumerables obras. Solo quisiera resaltar algunos aspectos del car\u00e1cter de Mart\u00edn Lutero que es importante recordar y emular en nuestros d\u00edas.<\/p>\n<p>En primer lugar, Lutero fue un hombre que am\u00f3 y estudi\u00f3 profundamente las Escrituras. \u00c9l no se caracteriz\u00f3 por ser un lector pasivo o superficial de la Biblia. Por el contrario, a trav\u00e9s de su biograf\u00eda descubrimos que Lutero busc\u00f3 con pasi\u00f3n comprender el mensaje de Dios y, m\u00e1s importante a\u00fan, Mart\u00edn busc\u00f3 ser impactado por esa verdad al contemplar c\u00f3mo Dios percibe y considera su creaci\u00f3n y a la humanidad. El reconocimiento de la autoridad suprema de la Escritura es notable en su vida y a lo largo de todas sus ense\u00f1anzas.<\/p>\n<p>El 18 de abril de 1521, ya algunos a\u00f1os despu\u00e9s de su famosa publicaci\u00f3n de las tesis, Lutero estaba frente al mism\u00edsimo Emperador Carlos V, quien lo hab\u00eda convocado para responder los cargos que se hab\u00edan levantado contra \u00e9l debido a la profusa difusi\u00f3n de sus ense\u00f1anzas. Se pusieron en una mesa sus libros y panfletos y se le pregunt\u00f3 si eran suyos. Luego de afirmar su autor\u00eda, el fiscal Eck lo conmin\u00f3 a retractarse de sus ense\u00f1anzas. Su respuesta es una de las frases m\u00e1s profundas jam\u00e1s dichas sobre el sometimiento a la autoridad de las Escrituras en la vida de un hombre. \u00c9l dijo:<\/p>\n<blockquote><p>\n\u00abA menos que se me convenza por el testimonio de las Escrituras o por una raz\u00f3n clara, pues no conf\u00edo ni en el Papa ni en los concilios por s\u00ed solos, ya que es bien sabido que a menudo han errado y se han contradicho, estoy obligado por las Escrituras que he citado, y mi conciencia es cautiva de la palabra de Dios. No puedo y no me retractar\u00e9 de nada ya que no es seguro ni correcto ir en contra de la conciencia. No puedo hacer otra cosa. Aqu\u00ed estoy, que Dios me ayude\u00bb.\n<\/p><\/blockquote>\n<p>La supremac\u00eda de las Escrituras y su sujeci\u00f3n a la verdad inalterable de Dios se demuestra en cada una de sus palabras. \u00c9l sab\u00eda que su vida estaba en juego e imagino que no fueron f\u00e1ciles de pronunciar. Era como si estuviera declarando su propia declaraci\u00f3n de muerte en ese mismo momento. Sin embargo, \u00e9l sab\u00eda que estaba hablando de un libro \u00fanico porque estaba convencido de que se trataba de la Palabra de Dios, viva, eficaz y revelada de forma inspirada e inerrante a la humanidad. Tal era su pasi\u00f3n y dedicaci\u00f3n por conocer y difundir las Escrituras que tradujo el Nuevo Testamento del griego al alem\u00e1n en solo once semanas. No se trataba de un plazo de entrega editorial, sino de la necesidad urgente de que sus contempor\u00e1neos pudieran tambi\u00e9n decir con el salmista: \u00ab\u00a1Cu\u00e1nto amo Tu ley! Todo el d\u00eda es ella mi meditaci\u00f3n\u00bb (Sal 119:97).<\/p>\n<p>Se le atribuyen a Lutero las siguientes palabras: \u00abLa Biblia est\u00e1 viva; me habla. Tiene pies; corre detr\u00e1s de m\u00ed. Tiene manos; se apodera de m\u00ed\u00bb. Ese amor por la Palabra y esa sujeci\u00f3n a ella no son caracter\u00edsticas particulares y especiales del reformador, sino que deben caracterizar naturalmente a los cristianos de todos los tiempos. Son de esos aspectos de la vida cristiana que el tiempo, la tecnolog\u00eda o la cultura no pueden cambiar porque son fundamentales para ser simplemente cristianos. Si perdemos esa pasi\u00f3n por profundizar en nuestro conocimiento de las Escrituras y vivirlo en nuestro tiempo, pues simplemente tendremos una etiqueta vac\u00eda que no tendr\u00e1 la m\u00e1s m\u00ednima repercusi\u00f3n en nuestras vidas. No debemos olvidar que nuestra espiritualidad es auditiva, crecemos espiritualmente oyendo, maduramos como cristianos al prestar atenci\u00f3n a todo el consejo de Dios revelado en su Palabra.<\/p>\n<p>En segundo lugar, Lutero fue un hombre sincero. Quiz\u00e1s esta caracter\u00edstica te tome por sorpresa, pero es una gran virtud muy necesaria, pero bastante olvidada en nuestro tiempo. Mucho se ha hablado de la personalidad abierta, transparente y hasta extrovertida de Lutero. Aunque era un acad\u00e9mico y un gran pensador, \u00e9l no se dedic\u00f3 a solo teorizar alrededor de la teolog\u00eda y la doctrina, simplemente buscando diferencias, aciertos o estableciendo nuevas teor\u00edas eclesi\u00e1sticas.<\/p>\n<p>Por lo que sabemos de su vida, es evidente que su preocupaci\u00f3n principal era encontrar respuestas para la propia salud de su alma. Es cierto que sus pensamientos movilizaron un cambio may\u00fasculo en el mundo entero, pero me parece que el cambio may\u00fasculo que \u00e9l realmente anhelaba y se esforzaba por alcanzar era en fortalecer su relaci\u00f3n personal con Dios. No es algo inusual porque se trata de la misma actitud que encontramos en el ap\u00f3stol Pablo:<\/p>\n<blockquote><p>\n\u00abPorque nuestra satisfacci\u00f3n\u00a0es esta: el testimonio de nuestra conciencia\u00a0que en la santidad\u00a0y en la sinceridad\u00a0que viene\u00a0de Dios, no en sabidur\u00eda carnal\u00a0sino en la gracia de Dios, nos hemos conducido en el mundo y especialmente hacia ustedes\u00bb (2 Corintios 1:12).\n<\/p><\/blockquote>\n<p>Encontrar satisfacci\u00f3n en la sinceridad no es f\u00e1cil porque requiere de la determinaci\u00f3n an\u00edmica que nos permitir\u00e1 reconocernos vulnerables, meros humanos y, como dice Pablo, inmensamente necesitados de la gracia de Dios. Adem\u00e1s, no se trata de una sinceridad humana que puede ser enga\u00f1osa, sino de una que \u00abviene de Dios\u00bb. Mart\u00edn sufri\u00f3 al tratar de observar una religi\u00f3n que no le prove\u00eda esperanza y menos sanidad a la realidad de un alma muerta en sus delitos y pecados. Los rituales, las confesiones y hasta la vida monacal no le dieron paz a su alma afligida. Quiz\u00e1s esa sinceridad es lo que hizo que le afectara tanto la venta de indulgencias. Tal vez se hac\u00eda estas preguntas: \u00ab\u00bfGanar el cielo por dinero?\u00bb \u00ab\u00bfC\u00f3mo el Dios de Abraham, Isaac y Jacob, el Padre de Jesucristo podr\u00eda avalar una pr\u00e1ctica tan despreciable?\u00bb<\/p>\n<p>Lutero era sincero delante de Dios y no dud\u00f3 en evidenciar la realidad de su vida sin Dios y la necesidad abrumadora de la salvaci\u00f3n que solo se encuentra en Jesucristo. Alguna vez escribi\u00f3 una oraci\u00f3n con las siguientes palabras:<\/p>\n<blockquote><p>\n\u00abSe\u00f1or Jes\u00fas,<br \/>\neres mi justicia, yo soy tu pecado.<br \/>\nTomaste sobre ti lo que era m\u00edo;<br \/>\npero pusiste en m\u00ed lo que era tuyo.<br \/>\nTe convertiste en lo que no eras,<br \/>\npara que yo pudiera convertirme en lo que no era\u00bb.\n<\/p><\/blockquote>\n<p>Mart\u00edn Lutero no quiso demostrarle a nadie que era mejor que los dem\u00e1s, tampoco que estaba m\u00e1s cerca de Dios que la gran mayor\u00eda o m\u00e1s piadoso que el com\u00fan de los mortales. No, Lutero vivi\u00f3 en carne propia la realidad del evangelio y se goz\u00f3 en la obra de Jesucristo a su favor. Simplemente crey\u00f3 lo que Dios revela del ser humano en las Escrituras y acept\u00f3 la \u00fanica soluci\u00f3n que Dios plantea en la Escritura para pasar de muerte a vida: La cruz de Jesucristo.<\/p>\n<p>Como dijimos al inicio de esta breve reflexi\u00f3n, hay ciertos aspectos inconmovibles dentro de la realidad humana que son fundamentales e inconmovibles. Quinientos seis a\u00f1os despu\u00e9s de que Mart\u00edn Lutero clavara las 95 tesis en la iglesia de Wittenberg, todav\u00eda resuena la claridad meridiana con que Lutero redescubre en las Escrituras la intensidad del evangelio: \u00abPorque no me averg\u00fcenzo del evangelio, pues el poder de Dios para la salvaci\u00f3n de todo el que cree\u2026 Porque en el evangelio la justicia de Dios se revela por fe y para fe, como est\u00e1 escrito: MAS EL JUSTO POR LA FE VIVIR\u00c1\u00bb (Ro 1:16-17). Sin embargo, tambi\u00e9n resuena y nos llama a mantener inmodificable entre los protestantes contempor\u00e1neos la pasi\u00f3n de Lutero por conocer y sujetarse a las Escrituras y la sinceridad vulnerable con la que demostr\u00f3 que no quer\u00eda simplemente convertirse en una autoridad en la nueva iglesia, sino realmente en un redimido salvado por gracia con la sangre de Jesucristo.<\/p>\n<p>Es muy probable que los cristianos del 31 de octubre de 2023 no clavaremos ninguna tesis nueva en la puerta de alguna red social, pero s\u00ed podremos reflexionar en estas palabras de Lutero que, como dije al inicio, no necesitan cambiarse, sino preservarse para mantener genuina la fe en una iglesia saludable y proclamadora de la verdad del evangelio y que se nutre por la Palabra de Dios:<\/p>\n<p>\u00ab\u00a1Que el Dios misericordioso me preserve de una Iglesia cristiana en la que todos sean santos! Quiero ser y permanecer en la iglesia y el peque\u00f1o reba\u00f1o de los d\u00e9biles, los fr\u00e1giles y los enfermos, que sienten y reconocen la miseria de sus pecados, que suspiran y claman a Dios sin cesar pidiendo consuelo y ayuda, aquellos que creen en el perd\u00f3n de pecados\u00bb.<\/p>\n\n\t\t<\/div>\n\t<\/div>\n<\/div><\/div><\/div><\/div><div class=\"vc_row wpb_row vc_row-fluid vc_custom_1615074577655 vc_row-has-fill\"><div class=\"wpb_column vc_column_container vc_col-sm-12\"><div class=\"vc_column-inner\"><div class=\"wpb_wrapper\">\t\t\t<div class=\"info-box-wrapper\">\n\t\t\t\t<div id=\"wd-653995e9ef02b\" class=\" wd-rs-653995e9ef02b wd-info-box wd-wpb text-left box-icon-align-left box-style- color-scheme- wd-bg-none wd-items-top \">\n\t\t\t\t\t\t\t\t\t\t\t<div class=\"box-icon-wrapper  box-with-icon box-icon-simple\">\n\t\t\t\t\t\t\t<div class=\"info-box-icon\">\n\n\t\t\t\t\t\t\t\n\t\t\t\t\t\t\t\t\t\t\t\t\t\t\t\t\t<img loading=\"lazy\" decoding=\"async\" width=\"100\" height=\"100\" src=\"https:\/\/desarrollocristiano.pe\/wp-content\/uploads\/2021\/03\/pepemendoza-100x100.jpg\" class=\"attachment-100x100 size-100x100\" alt=\"\" \/>\t\t\t\t\t\t\t\t\t\t\t\t\t\t\t\n\t\t\t\t\t\t\t<\/div>\n\t\t\t\t\t\t<\/div>\n\t\t\t\t\t\t\t\t\t\t<div class=\"info-box-content\">\n\t\t\t\t\t\t\t\t\t\t\t\t<div class=\"info-box-inner reset-last-child\"><p><strong>Jos\u00e9<\/strong>\u00a0<strong>\u201cPepe\u201d Mendoza<\/strong> es el Asesor Editorial en Coalici\u00f3n por el Evangelio. Sirvi\u00f3 como pastor asociado en la Iglesia Bautista Internacional, en Rep\u00fablica Dominicana, y actualmente vive en Lima, Per\u00fa. Es profesor en el\u00a0<a title=\"\" href=\"http:\/\/institutois.org\/\">Instituto\u00a0Integridad &amp; Sabidur\u00eda<\/a>, colabora con el programa hispano del\u00a0<em><a href=\"https:\/\/www.sbts.edu\/hispanos\/\">Southern Baptist Theological Seminary<\/a><\/em>, y tambi\u00e9n trabaja como editor de libros y recursos cristianos. Est\u00e1 casado con Erika y tienen una hija, Adriana.<\/p>\n<p>Puedes encontrar a Jos\u00e9 \u00abPepe\u00bb Mendoza en:<\/p>\n<ul>\n<li>Twitter: <a href=\"https:\/\/twitter.com\/pepieri\" target=\"_blank\" rel=\"noopener noreferrer\">@pepieri<\/a><\/li>\n<\/ul>\n<p>\n<\/div>\n\n\t\t\t\t\t\t\t\t\t\t\t<\/div>\n\n\t\t\t\t\t\n\t\t\t\t\t\t\t\t\t<\/div>\n\t\t\t<\/div>\n\t\t<\/div><\/div><\/div><\/div>\n<\/div>\t\t\t\t\t<\/div>\n\t\t\t\t\n\t\t\t\t\t\t\t\t\t<\/div>\n\t<\/div>\n<\/article>\n\n\t\t\t\t\t\t\t\t\t\t\t\n<article id=\"post-81353\" class=\"wd-post blog-design-chess blog-post-loop blog-design-small-images blog-style-bg wd-add-shadow wd-col post-81353 post type-post status-publish format-standard has-post-thumbnail hentry category-biblia-y-teologia\">\n\t<div class=\"wd-post-inner article-inner\">\n\t\t\t\t\t<div class=\"wd-post-thumb entry-header\">\n\t\t\t\t\t\t\t\t\t<div class=\"wd-post-img post-img-wrapp\">\n\t\t\t\t\t\t<img width=\"320\" height=\"160\" src=\"https:\/\/desarrollocristiano.pe\/wp-content\/uploads\/2023\/10\/biblia2-320x160.jpg\" class=\"attachment-large size-large\" alt=\"\" decoding=\"async\" loading=\"lazy\" srcset=\"https:\/\/desarrollocristiano.pe\/wp-content\/uploads\/2023\/10\/biblia2-320x160.jpg 320w, https:\/\/desarrollocristiano.pe\/wp-content\/uploads\/2023\/10\/biblia2-600x300.jpg 600w, https:\/\/desarrollocristiano.pe\/wp-content\/uploads\/2023\/10\/biblia2-150x75.jpg 150w, https:\/\/desarrollocristiano.pe\/wp-content\/uploads\/2023\/10\/biblia2-200x100.jpg 200w, https:\/\/desarrollocristiano.pe\/wp-content\/uploads\/2023\/10\/biblia2-400x200.jpg 400w, https:\/\/desarrollocristiano.pe\/wp-content\/uploads\/2023\/10\/biblia2.jpg 700w\" sizes=\"auto, (max-width: 320px) 100vw, 320px\" \/>\t\t\t\t\t<\/div>\n\t\t\t\t\t<a class=\"wd-fill\" href=\"https:\/\/desarrollocristiano.pe\/10-razones-para-leer-la-biblia-todos-los-dias\/\"><\/a>\n\t\t\t\t\n\t\t\t\t\t\t\t\t\t\t\t\t<div class=\"wd-post-date wd-style-with-bg\">\n\t\t\t\t<span class=\"post-date-day\">\n\t\t\t\t\t11\t\t\t\t<\/span>\n\t\t\t\t<span class=\"post-date-month\">\n\t\t\t\t\tOct\t\t\t\t<\/span>\n\t\t\t<\/div>\n\t\t\t\t\t\t\t\t\t<\/div>\n\t\t\n\t\t<div class=\"wd-post-content article-body-container\">\n\t\t\t\t\t\t\t<div class=\"wd-post-cat wd-style-with-bg meta-post-categories\">\n\t\t\t\t\t<a href=\"https:\/\/desarrollocristiano.pe\/categorias\/biblia-y-teologia\/\" rel=\"category tag\">Biblia y Teolog\u00eda<\/a>\t\t\t\t<\/div>\n\t\t\t\n\t\t\t\t\t\t\t<h3 class=\"wd-post-title wd-entities-title title post-title\">\n\t\t\t\t\t<a href=\"https:\/\/desarrollocristiano.pe\/10-razones-para-leer-la-biblia-todos-los-dias\/\" rel=\"bookmark\">10 razones para leer la Biblia todos los d\u00edas<\/a>\n\t\t\t\t<\/h3>\n\t\t\t\n\t\t\t\t\t\t\t<div class=\"wd-post-meta\">\n\t\t\t\t\t\t\t\t\t\t\t\t\t\t\t<div class=\"wd-post-author\">\n\t\t\t\t\t\t\t\t\t\t\t<span>Posteado por<\/span>\n\t\t\n\t\t\t\t\t<img alt='author-avatar' src='https:\/\/secure.gravatar.com\/avatar\/8f331515e2139e7ffacac78d5e21bc88ee625065cad5d063ef4da73b7cbcfc2d?s=18&#038;d=mm&#038;r=g' srcset='https:\/\/secure.gravatar.com\/avatar\/8f331515e2139e7ffacac78d5e21bc88ee625065cad5d063ef4da73b7cbcfc2d?s=36&#038;d=mm&#038;r=g 2x' class='avatar avatar-18 photo' height='18' width='18' loading='lazy' decoding='async'\/>\t\t\n\t\t\t\t\t<a href=\"https:\/\/desarrollocristiano.pe\/author\/aprnimda7720\/\" class=\"author\" rel=\"author\">Administrador<\/a>\n\t\t\t\t\t\t\t\t\t<\/div>\n\t\t\t\t\t<div class=\"wd-modified-date\">\n\t\t\t\t\t\t\t\t<time class=\"updated\" datetime=\"2023-10-11T17:21:18-05:00\">\n\t\t\t11\/10\/2023\t\t<\/time>\n\t\t\t\t\t\t\t<\/div>\n\n\t\t\t\t\t\t\t\t\t\t\t<div class=\"wd-post-share wd-tltp\">\n\t\t\t\t\t\t\t<div class=\"tooltip top\">\n\t\t\t\t\t\t\t\t<div class=\"tooltip-inner\">\n\t\t\t\t\t\t\t\t\t\t\t\t<div\n\t\t\t\t\t\tclass=\" wd-social-icons  wd-style-default wd-size-small social-share wd-shape-circle color-scheme-light text-center\">\n\t\t\t\t\n\t\t\t\t\n\t\t\t\t\t\t\t\t\t<a rel=\"noopener noreferrer nofollow\" href=\"https:\/\/www.facebook.com\/sharer\/sharer.php?u=https:\/\/desarrollocristiano.pe\/articulos-pastorales\/\" target=\"_blank\" class=\" wd-social-icon social-facebook\" aria-label=\"Facebook social link\">\n\t\t\t\t\t\t<span class=\"wd-icon\"><\/span>\n\t\t\t\t\t\t\t\t\t\t\t<\/a>\n\t\t\t\t\n\t\t\t\t\t\t\t\t\t<a rel=\"noopener noreferrer nofollow\" href=\"https:\/\/x.com\/share?url=https:\/\/desarrollocristiano.pe\/articulos-pastorales\/\" target=\"_blank\" class=\" wd-social-icon social-twitter\" aria-label=\"X social link\">\n\t\t\t\t\t\t<span class=\"wd-icon\"><\/span>\n\t\t\t\t\t\t\t\t\t\t\t<\/a>\n\t\t\t\t\n\t\t\t\t\n\t\t\t\t\t\t\t\t\t<a rel=\"noopener noreferrer nofollow\" href=\"mailto:?subject=Check%20this%20https:\/\/desarrollocristiano.pe\/articulos-pastorales\/\" target=\"_blank\" class=\" wd-social-icon social-email\" aria-label=\"Email social link\">\n\t\t\t\t\t\t<span class=\"wd-icon\"><\/span>\n\t\t\t\t\t\t\t\t\t\t\t<\/a>\n\t\t\t\t\n\t\t\t\t\n\t\t\t\t\n\t\t\t\t\n\t\t\t\t\t\t\t\t\t<a rel=\"noopener noreferrer nofollow\" href=\"https:\/\/pinterest.com\/pin\/create\/button\/?url=https:\/\/desarrollocristiano.pe\/articulos-pastorales\/&media=https:\/\/desarrollocristiano.pe\/wp-content\/uploads\/2023\/10\/biblia2.jpg&description=10+razones+para+leer+la+Biblia+todos+los+d%C3%ADas\" target=\"_blank\" class=\" wd-social-icon social-pinterest\" aria-label=\"Pinterest social link\">\n\t\t\t\t\t\t<span class=\"wd-icon\"><\/span>\n\t\t\t\t\t\t\t\t\t\t\t<\/a>\n\t\t\t\t\n\t\t\t\t\n\t\t\t\t\t\t\t\t\t<a rel=\"noopener noreferrer nofollow\" href=\"https:\/\/www.linkedin.com\/shareArticle?mini=true&url=https:\/\/desarrollocristiano.pe\/articulos-pastorales\/\" target=\"_blank\" class=\" wd-social-icon social-linkedin\" aria-label=\"Linkedin social link\">\n\t\t\t\t\t\t<span class=\"wd-icon\"><\/span>\n\t\t\t\t\t\t\t\t\t\t\t<\/a>\n\t\t\t\t\n\t\t\t\t\n\t\t\t\t\n\t\t\t\t\n\t\t\t\t\n\t\t\t\t\n\t\t\t\t\n\t\t\t\t\n\t\t\t\t\n\t\t\t\t\t\t\t\t\t<a rel=\"noopener noreferrer nofollow\" href=\"https:\/\/api.whatsapp.com\/send?text=https%3A%2F%2Fdesarrollocristiano.pe%2Farticulos-pastorales%2F\" target=\"_blank\" class=\"wd-hide-md  wd-social-icon social-whatsapp\" aria-label=\"WhatsApp social link\">\n\t\t\t\t\t\t<span class=\"wd-icon\"><\/span>\n\t\t\t\t\t\t\t\t\t\t\t<\/a>\n\n\t\t\t\t\t<a rel=\"noopener noreferrer nofollow\" href=\"whatsapp:\/\/send?text=https%3A%2F%2Fdesarrollocristiano.pe%2Farticulos-pastorales%2F\" target=\"_blank\" class=\"wd-hide-lg  wd-social-icon social-whatsapp\" aria-label=\"WhatsApp social link\">\n\t\t\t\t\t\t<span class=\"wd-icon\"><\/span>\n\t\t\t\t\t\t\t\t\t\t\t<\/a>\n\t\t\t\t\n\t\t\t\t\n\t\t\t\t\n\t\t\t\t\n\t\t\t\t\n\t\t\t\t\n\t\t\t\t\t\t\t\t\t<a rel=\"noopener noreferrer nofollow\" href=\"https:\/\/telegram.me\/share\/url?url=https:\/\/desarrollocristiano.pe\/articulos-pastorales\/\" target=\"_blank\" class=\" wd-social-icon social-tg\" aria-label=\"Telegram social link\">\n\t\t\t\t\t\t<span class=\"wd-icon\"><\/span>\n\t\t\t\t\t\t\t\t\t\t\t<\/a>\n\t\t\t\t\n\t\t\t\t\n\t\t\t<\/div>\n\n\t\t\t\t\t\t\t\t\t\t<\/div>\n\t\t\t\t\t\t\t\t<div class=\"tooltip-arrow\"><\/div>\n\t\t\t\t\t\t\t<\/div>\n\t\t\t\t\t\t<\/div>\n\t\t\t\t\t\n\t\t\t\t\t\t\t\t\t\t\t\t\t\t\t\t\t<div class=\"wd-post-reply wd-style-1\">\n\t\t\t\t\t\t\t<a href=\"https:\/\/desarrollocristiano.pe\/10-razones-para-leer-la-biblia-todos-los-dias\/#respond\"><span class=\"wd-replies-count\">0<\/span><\/a>\t\t\t\t\t\t<\/div>\n\t\t\t\t\t\t\t\t\t<\/div>\n\t\t\t\n\t\t\t\t\t\t\t\t\t\t\t\t<div class=\"wd-post-excerpt entry-content\">\n\t\t\t\t\t\t<div class=\"wpb-content-wrapper\"><div class=\"vc_row wpb_row vc_row-fluid\"><div class=\"wpb_column vc_column_container vc_col-sm-12\"><div class=\"vc_column-inner\"><div class=\"wpb_wrapper\">\n\t<div class=\"wpb_text_column wpb_content_element texto_parrafo text-larger\" >\n\t\t<div class=\"wpb_wrapper\">\n\t\t\t<p>Por: <a href=\"https:\/\/twitter.com\/JohnPiper\">JOHN PIPER<\/a><\/p>\n<p>Fuente: <a href=\"https:\/\/www.coalicionporelevangelio.org\/articulo\/razones-leer-biblia\/\">Coalici\u00f3n por el Evangelio<\/a><\/p>\n<p>Al comienzo de la semana, en el\u00a0<a href=\"https:\/\/www.desiringgod.org\/interviews\/how-do-i-lead-someone-to-christ\">episodio 1510<\/a>\u00a0(en ingl\u00e9s), hablamos de llevar a alguien a Cristo y el pastor John nos gui\u00f3 a trav\u00e9s de cuatro cofres de tesoro. Hoy hablamos con nuevos creyentes, y esto proviene de un correo electr\u00f3nico de un oyente an\u00f3nimo que es nuevo creyente. \u00abPastor John, gracias por este podcast. Estoy abrumado por lo mucho que no conozco de la Biblia. Quiero tener conocimiento de las Escrituras para que puedan guiarme y poder utilizarlas para guiar a otros en el futuro. Pero es demasiado y no s\u00e9 por d\u00f3nde empezar. Si estuviera estudiando para un examen en una clase, comenzar\u00eda con una lista de temas esenciales que ser\u00e1n evaluados. Pero con la Biblia, siento que la prueba es la vida y no s\u00e9 lo que necesito saber para estar preparado, si eso tiene sentido. En otras palabras, \u00bfpor d\u00f3nde empiezo? \u00bfCu\u00e1l es la primera y m\u00e1s esencial cosa que necesito saber para seguir a Cristo leyendo su Palabra?\u00bb.<\/p>\n<p>Bueno, es muy probable que mi respuesta sea un poco frustrante, porque \u00e9l est\u00e1 pidiendo una verdad particular en la Biblia y yo voy a responder: \u00abBiblia, Biblia, Biblia, Biblia\u00bb.<\/p>\n<h3><b>Absolutamente esencial<\/b><\/h3>\n<p>Nunca he conocido a un cristiano maduro, fruct\u00edfero, fuerte y con discernimiento espiritual que no est\u00e9 lleno de las Escrituras, dedicado a la meditaci\u00f3n regular de la Biblia y con tendencia a almacenarlas en el coraz\u00f3n a trav\u00e9s de la memorizaci\u00f3n. Eso no es una coincidencia. Por lo tanto, lo que quiero hacer es convencer a nuestro nuevo amigo creyente de que, despu\u00e9s de haber llegado a la fe en Cristo, es absolutamente esencial estar dedicado de una manera radical, profunda y experiencial, permaneciendo firme e inquebrantablemente persuadido de que leer, meditar, comprender, memorizar y disfrutar de las Escrituras es absolutamente esencial para la vida cristiana. Esto incluye estar en la Palabra todos los d\u00edas con el objetivo de encontrarnos all\u00ed con Dios y, poco a poco, la gloria de su verdad llenar\u00e1 y transformar\u00e1 nuestras vidas.<\/p>\n<p>Eso puede parecer obvio para algunos, pero no lo es. Conozco bastante bien a cristianos que no hacen esto y no lo hacen aunque han sido cristianos durante a\u00f1os; son ap\u00e1ticos. Piensan que es opcional porque ya saben mucho y leen tantos otros libros. No lo considero un h\u00e1bito muy bueno en absoluto. Creo que es peligroso.<\/p>\n<h3><b>Diez razones para leer todos los d\u00edas<\/b><\/h3>\n<p>Por lo tanto, tengo diez razones por las que creo esto; diez razones para hacer de la lectura, comprensi\u00f3n y memorizaci\u00f3n b\u00edblica aspectos esenciales para la vida cristiana. Resiste los sentimientos de autosuficiencia que dicen: \u00abNo necesito la Escritura todos los d\u00edas\u00bb. Estas son mis diez razones.<\/p>\n<h4><b>1. La Escritura salva<\/b><\/h4>\n<p>\u00abTen cuidado de ti mismo y de la ense\u00f1anza. Persevera en estas cosas, porque haci\u00e9ndolo asegurar\u00e1s la salvaci\u00f3n tanto para ti mismo como para los que te escuchan\u00bb (<a class=\"rtBibleRef\" href=\"https:\/\/biblia.com\/bible\/nblh\/1%20Tim%204.16?culture=es\" target=\"_blank\" rel=\"noopener\" data-reference=\"1 Tim 4.16\" data-version=\"nblh\" data-purpose=\"bible-reference\">1 Timoteo 4:16<\/a>).<\/p>\n<p>La salvaci\u00f3n\u00a0<i>le ha sucedido<\/i>\u00a0al pueblo de Dios, la salvaci\u00f3n le\u00a0<i>est\u00e1 sucediendo<\/i>\u00a0en este momento al pueblo de Dios y la salvaci\u00f3n\u00a0<i>suceder\u00e1<\/i>\u00a0completamente en la resurrecci\u00f3n del pueblo de Dios. Est\u00e1 sucediendo ahora a trav\u00e9s de un medio. Pablo dice que hay que aferrarse a la ense\u00f1anza para\u00a0<i>asegurar la salvaci\u00f3n de s\u00ed mismo<\/i>. Dios nos salva d\u00eda tras d\u00eda a trav\u00e9s de las Escrituras.<\/p>\n<h4><b>2. Las Escrituras liberan de Satan\u00e1s<\/b><\/h4>\n<p>\u00abY conocer\u00e1n la verdad, y la verdad los har\u00e1 libres\u00bb (<a class=\"rtBibleRef\" href=\"https:\/\/biblia.com\/bible\/nblh\/Juan%208.32?culture=es\" target=\"_blank\" rel=\"noopener\" data-reference=\"Juan 8.32\" data-version=\"nblh\" data-purpose=\"bible-reference\">Juan 8:32<\/a>)<\/p>\n<p>El contexto aqu\u00ed es que Jes\u00fas est\u00e1 mostrando a los l\u00edderes jud\u00edos que, aunque piensen que no son esclavos, \u00abUstedes son de su padre el diablo y quieren hacer los deseos de su padre\u00bb (<a class=\"rtBibleRef\" href=\"https:\/\/biblia.com\/bible\/nblh\/Juan%208.44?culture=es\" target=\"_blank\" rel=\"noopener\" data-reference=\"Juan 8.44\" data-version=\"nblh\" data-purpose=\"bible-reference\">Jn 8:44<\/a>). Satan\u00e1s es tu enemigo, joven cristiano. \u00c9l es mil veces m\u00e1s fuerte que t\u00fa. Por lo tanto, Juan escribe a los creyentes j\u00f3venes:<\/p>\n<p>\u00abLes he escrito a ustedes, j\u00f3venes, porque son fuertes y la\u00a0<i>palabra de Dios permanece en ustedes<\/i>\u00a0y han vencido al maligno\u00bb (<a class=\"rtBibleRef\" href=\"https:\/\/biblia.com\/bible\/nblh\/1%20Jn%202.14?culture=es\" target=\"_blank\" rel=\"noopener\" data-reference=\"1 Jn 2.14\" data-version=\"nblh\" data-purpose=\"bible-reference\">1 Juan 2:14<\/a>).<\/p>\n<p>Esta es nuestra \u00fanica esperanza de derrotar a un enemigo sobrenatural. Cada vez que Jes\u00fas era tentado por el diablo (<a class=\"rtBibleRef\" href=\"https:\/\/biblia.com\/bible\/nblh\/Mat%204.1-11?culture=es\" target=\"_blank\" rel=\"noopener\" data-reference=\"Mat 4.1-11\" data-version=\"nblh\" data-purpose=\"bible-reference\">Mt 4:1-11<\/a>;\u00a0<a class=\"rtBibleRef\" href=\"https:\/\/biblia.com\/bible\/nblh\/Mar%201.12-13?culture=es\" target=\"_blank\" rel=\"noopener\" data-reference=\"Mar 1.12-13\" data-version=\"nblh\" data-purpose=\"bible-reference\">Mr 1:12-13<\/a>;\u00a0<a class=\"rtBibleRef\" href=\"https:\/\/biblia.com\/bible\/nblh\/Luc%204.1-13?culture=es\" target=\"_blank\" rel=\"noopener\" data-reference=\"Luc 4.1-13\" data-version=\"nblh\" data-purpose=\"bible-reference\">Lc 4:1-13<\/a>), golpeaba con \u00abla espada del Esp\u00edritu que es la palabra de Dios\u00bb (<a class=\"rtBibleRef\" href=\"https:\/\/biblia.com\/bible\/nblh\/Efe%206.17?culture=es\" target=\"_blank\" rel=\"noopener\" data-reference=\"Efe 6.17\" data-version=\"nblh\" data-purpose=\"bible-reference\">Ef 6:17<\/a>). \u00c9l la ten\u00eda memorizada, por lo que no ten\u00eda que llevar un libro en el desierto.<\/p>\n<h4><b>3. Las Escrituras imparten gracia y paz<\/b><\/h4>\n<p>\u00abGracia y paz les sean multiplicadas a ustedes en el conocimiento de Dios y de Jes\u00fas nuestro Se\u00f1or\u00bb (<a class=\"rtBibleRef\" href=\"https:\/\/biblia.com\/bible\/nblh\/2%20Ped%201.2?culture=es\" target=\"_blank\" rel=\"noopener\" data-reference=\"2 Ped 1.2\" data-version=\"nblh\" data-purpose=\"bible-reference\">2 Pedro 1:2<\/a>).<\/p>\n<p>El conocimiento de Dios obtenido a trav\u00e9s de las Escrituras no es id\u00e9ntico a la gracia, pero Pedro dice que es un medio de gracia. Pedro dice que si queremos tener paz y poder a trav\u00e9s de la gracia divina, esto sucede \u00aben el conocimiento de Dios y de Jes\u00fas nuestro Se\u00f1or\u00bb. Ese conocimiento se encuentra en un solo lugar: la Escritura.<\/p>\n<h4><b>4. Las Escrituras santifican<\/b><\/h4>\n<p>Jes\u00fas or\u00f3:<\/p>\n<p>\u00abSantif\u00edcalos en la verdad; Tu palabra es verdad\u00bb (<a class=\"rtBibleRef\" href=\"https:\/\/biblia.com\/bible\/nblh\/Juan%2017.17?culture=es\" target=\"_blank\" rel=\"noopener\" data-reference=\"Juan 17.17\" data-version=\"nblh\" data-purpose=\"bible-reference\">Juan 17:17<\/a>).<\/p>\n<p>La santificaci\u00f3n es el proceso de hacerse santo, es decir, llegar a ser m\u00e1s semejante a Cristo y como Dios, que es perfectamente santo. Esto no es opcional.\u00a0<a class=\"rtBibleRef\" href=\"https:\/\/biblia.com\/bible\/nblh\/Heb%2012.14?culture=es\" target=\"_blank\" rel=\"noopener\" data-reference=\"Heb 12.14\" data-version=\"nblh\" data-purpose=\"bible-reference\">Hebreos 12:14<\/a>\u00a0dice: \u00abBusquen\u2026 la santidad, sin la cual nadie ver\u00e1 al Se\u00f1or\u00bb.<\/p>\n<p>No nos volvemos perfectos en esta vida, pero s\u00ed nos volvemos santos. Dios santifica a su pueblo. Jes\u00fas ora a su Padre: \u00abSantif\u00edcalos en la verdad; Tu palabra es verdad\u00bb (<a class=\"rtBibleRef\" href=\"https:\/\/biblia.com\/bible\/nblh\/Juan%2017.17?culture=es\" target=\"_blank\" rel=\"noopener\" data-reference=\"Juan 17.17\" data-version=\"nblh\" data-purpose=\"bible-reference\">Jn 17:17<\/a>). No podr\u00eda ser m\u00e1s claro o m\u00e1s importante.<\/p>\n<h4><b>5. Las Escrituras dan gozo<\/b><\/h4>\n<p>\u00ab\u2026 habiendo recibido la palabra, en medio de mucha tribulaci\u00f3n, con el gozo del Esp\u00edritu Santo\u00bb (<a class=\"rtBibleRef\" href=\"https:\/\/biblia.com\/bible\/nblh\/1%20Ts%201.6?culture=es\" target=\"_blank\" rel=\"noopener\" data-reference=\"1 Ts 1.6\" data-version=\"nblh\" data-purpose=\"bible-reference\">1 Tesalonicenses 1:6<\/a>)<\/p>\n<p>\u00abEn la ley del Se\u00f1or est\u00e1 su deleite, y en Su ley medita de d\u00eda y de noche\u00bb (<a class=\"rtBibleRef\" href=\"https:\/\/biblia.com\/bible\/nblh\/Sal%201.2?culture=es\" target=\"_blank\" rel=\"noopener\" data-reference=\"Sal 1.2\" data-version=\"nblh\" data-purpose=\"bible-reference\">Salmo 1:2<\/a>).<\/p>\n<p>La vida sin gozo es insoportable. La vida cristiana es una vida de muchas aflicciones. Pero en todas ellas, Dios sostiene el gozo y lo hace por las Escrituras.<\/p>\n<h4><b>6. Las Escrituras nos protegen del error destructivo<\/b><\/h4>\n<p>\u00abHasta que todos lleguemos a la unidad de la fe y del pleno conocimiento del Hijo de Dios\u2026 Entonces ya no seremos ni\u00f1os, sacudidos por las olas y llevados de aqu\u00ed para all\u00e1 por todo viento de doctrina\u00bb\u00a0 (<a class=\"rtBibleRef\" href=\"https:\/\/biblia.com\/bible\/nblh\/Efe%204.13-14?culture=es\" target=\"_blank\" rel=\"noopener\" data-reference=\"Efe 4.13-14\" data-version=\"nblh\" data-purpose=\"bible-reference\">Efesios 4:13-14<\/a>).<\/p>\n<p>\u00bfC\u00f3mo pueden los j\u00f3venes cristianos dejar de ser hojas sacudidas por los vientos y opiniones culturales y teol\u00f3gicas? Respuesta: \u00abla unidad de la fe y del pleno conocimiento del Hijo de Dios\u00bb; conocimiento que experimentan no como la opini\u00f3n del hombre, sino como la Palabra de Dios. Eso se encuentra en un solo lugar: las Escrituras.<\/p>\n<h4><b>7. La Escritura es la esperanza del cielo<\/b><\/h4>\n<p>Lo que quiero decir con esto es que la comprensi\u00f3n plena, el goce pleno de la verdad de las Escrituras, solo se experimentar\u00e1 en el cielo.<\/p>\n<p>\u00abAhora conozco en parte, pero entonces conocer\u00e9 plenamente, como he sido conocido\u00bb (<a class=\"rtBibleRef\" href=\"https:\/\/biblia.com\/bible\/nblh\/1%20Cor%2013.12?culture=es\" target=\"_blank\" rel=\"noopener\" data-reference=\"1 Cor 13.12\" data-version=\"nblh\" data-purpose=\"bible-reference\">1 Corintios 13:12<\/a>).<\/p>\n<p>El conocimiento de Dios \u2014toda la plenitud que un ser creado puede comprender y disfrutar con toda propiedad\u2014 no nos ser\u00e1 retenido de manera indefinida. Las frustraciones de nuestras actuales limitaciones de comprensi\u00f3n y disfrute ser\u00e1n eliminadas. Qu\u00e9 apropiado es, entonces, que estemos creciendo siempre en lo que ser\u00e1 nuestra alegr\u00eda final en la era venidera.<\/p>\n<h4><b>8. La Escritura ser\u00e1 resistida por algunos<\/b><\/h4>\n<p>\u00abPorque vendr\u00e1 tiempo cuando no soportar\u00e1n la sana doctrina, sino que teniendo comez\u00f3n de o\u00eddos, conforme a sus propios deseos, acumular\u00e1n para s\u00ed maestros\u00bb (<a class=\"rtBibleRef\" href=\"https:\/\/biblia.com\/bible\/nblh\/2%20Tim%204.3?culture=es\" target=\"_blank\" rel=\"noopener\" data-reference=\"2 Tim 4.3\" data-version=\"nblh\" data-purpose=\"bible-reference\">2 Timoteo 4:3<\/a>).<\/p>\n<p>En otras palabras, necesitamos conocer las Escrituras para que no seamos tomados desprevenidos o desorientados por falsos maestros. Necesitamos recibir las Escrituras con regularidad para estar listos para encontrarnos con aquellos que se niegan a recibirlas.<\/p>\n<h4><b>9. El manejo correcto de las Escrituras es aprobado por Dios.<\/b><\/h4>\n<p>\u00abProcura con diligencia presentarte a Dios aprobado, como obrero que no tiene de qu\u00e9 avergonzarse, que maneja con precisi\u00f3n la palabra de verdad\u00bb (<a class=\"rtBibleRef\" href=\"https:\/\/biblia.com\/bible\/nblh\/2%20Tim%202.15?culture=es\" target=\"_blank\" rel=\"noopener\" data-reference=\"2 Tim 2.15\" data-version=\"nblh\" data-purpose=\"bible-reference\">2 Timoteo 2:15<\/a>).<\/p>\n<p>Ser asignado a hacer una tarea muy importante y luego encontrar al maestro dando su aprobaci\u00f3n a lo que \u00c9l te ha pedido que hagas es algo precioso. Todos hemos sido asignados, en cierta medida, a manejar la Palabra de Dios. Qu\u00e9 maravillosa oportunidad de agradar al Se\u00f1or.<\/p>\n<h4><b>10. La Escritura da y sostiene la vida<\/b><\/h4>\n<p>\u00abNo solo de pan vivir\u00e1 el hombre, sino de toda palabra que sale de la boca de Dios\u00bb\u00a0 (<a class=\"rtBibleRef\" href=\"https:\/\/biblia.com\/bible\/nblh\/Mat%204.4?culture=es\" target=\"_blank\" rel=\"noopener\" data-reference=\"Mat 4.4\" data-version=\"nblh\" data-purpose=\"bible-reference\">Mateo 4:4<\/a>)<\/p>\n<p>La vida espiritual, la vida eterna, al igual que la vida f\u00edsica, debe alimentarse, no con pan, sino con la Palabra de Dios. Si piensas que tienes la vida eterna como una especie de vacunaci\u00f3n contra el infierno y que no necesitas alimento, no sabes lo que es la vida espiritual.<\/p>\n<p>Por lo tanto, estas son diez razones por las que los j\u00f3venes creyentes deben desear con todas sus fuerzas \u2014con todo el poder que Dios les da\u2014 hacer que la lectura, la meditaci\u00f3n, la comprensi\u00f3n y la memorizaci\u00f3n de las Escrituras sean esenciales, no negociables, en su vida cristiana.<\/p>\n<hr \/>\n<h6>Publicado originalmente en\u00a0<a href=\"https:\/\/www.desiringgod.org\/interviews\/ten-reasons-to-read-the-bible-every-day\"><i>Desiring God<\/i><\/a><i>.<\/i>\u00a0Traducido por Sergio Paz.<\/h6>\n<p><strong><span class=\"editor_note_pre-text\">Nota del editor:\u00a0<\/span><\/strong><\/p>\n<p>El pastor John Piper recibe preguntas de algunos de sus oyentes de su programa\u00a0<i>Ask Pastor John<\/i>. A continuaci\u00f3n est\u00e1 su respuesta a una de esas preguntas.<\/p>\n\n\t\t<\/div>\n\t<\/div>\n<\/div><\/div><\/div><\/div><div class=\"vc_row wpb_row vc_row-fluid vc_custom_1615074577655 vc_row-has-fill\"><div class=\"wpb_column vc_column_container vc_col-sm-3\"><div class=\"vc_column-inner\"><div class=\"wpb_wrapper\"><\/div><\/div><\/div><div class=\"wpb_column vc_column_container vc_col-sm-6\"><div class=\"vc_column-inner vc_custom_1615070652059\"><div class=\"wpb_wrapper\">\n\t\t\t<div class=\"author-area wd-set-mb reset-last-child text-left color-scheme-dark  wd-rs- \">\n\n\t\t\t\t\t\t\t\t\t<h3 class=\"title author-title\">\n\t\t\t\t\t\tSobre el autor...\t\t\t\t\t<\/h3>\n\t\t\t\t\n\t\t\t\t\t\t\t\t\t<div class=\"author-avatar\">\n\t\t\t\t\t\t<img loading=\"lazy\" decoding=\"async\" width=\"150\" height=\"150\" src=\"https:\/\/desarrollocristiano.pe\/wp-content\/uploads\/2020\/07\/piper-150x150.jpg\" class=\"author-area-image\" alt=\"John Piper\" \/>\t\t\t\t\t<\/div>\n\t\t\t\t\n\t\t\t\t\t\t\t\t\t<h4 class=\"title author-name\">\n\t\t\t\t\t\tJohn Piper\t\t\t\t\t<\/h4>\n\t\t\t\t\n\t\t\t\t\t\t\t\t\t<div class=\"author-area-info\">\n\t\t\t\t\t\t<strong>\u200bJohn Piper<\/strong>\u00a0(<a href=\"https:\/\/twitter.com\/JohnPiper\">@JohnPiper<\/a>) es fundador y maestro de desiringGod.org y ministro del Colegio y Seminario Bel\u00e9n. Durante 33 a\u00f1os, trabaj\u00f3 como pastor de la Iglesia Bautista Bel\u00e9n en Minneapolis, Minnesota. Es autor de m\u00e1s de 50 libros.<\/p>\n<p>\t\t\t\t\t<\/div>\n\t\t\t\t\n\t\t\t\t\n\t\t\t<\/div>\n\n\t\t<\/div><\/div><\/div><div class=\"wpb_column vc_column_container vc_col-sm-3\"><div class=\"vc_column-inner\"><div class=\"wpb_wrapper\"><\/div><\/div><\/div><div class=\"wpb_column vc_column_container vc_col-sm-12\"><div class=\"vc_column-inner\"><div class=\"wpb_wrapper\"><\/div><\/div><\/div><\/div>\n<\/div>\t\t\t\t\t<\/div>\n\t\t\t\t\n\t\t\t\t\t\t\t\t\t<\/div>\n\t<\/div>\n<\/article>\n\n\t\t\t\t\t\t\t\t\t\t\t\n<article id=\"post-81338\" class=\"wd-post blog-design-chess blog-post-loop blog-design-small-images blog-style-bg wd-add-shadow wd-col post-81338 post type-post status-publish format-standard has-post-thumbnail hentry category-biblia-y-teologia\">\n\t<div class=\"wd-post-inner article-inner\">\n\t\t\t\t\t<div class=\"wd-post-thumb entry-header\">\n\t\t\t\t\t\t\t\t\t<div class=\"wd-post-img post-img-wrapp\">\n\t\t\t\t\t\t<img width=\"320\" height=\"160\" src=\"https:\/\/desarrollocristiano.pe\/wp-content\/uploads\/2023\/09\/biblia-320x160.jpg\" class=\"attachment-large size-large\" alt=\"\" decoding=\"async\" loading=\"lazy\" srcset=\"https:\/\/desarrollocristiano.pe\/wp-content\/uploads\/2023\/09\/biblia-320x160.jpg 320w, https:\/\/desarrollocristiano.pe\/wp-content\/uploads\/2023\/09\/biblia-600x300.jpg 600w, https:\/\/desarrollocristiano.pe\/wp-content\/uploads\/2023\/09\/biblia-150x75.jpg 150w, https:\/\/desarrollocristiano.pe\/wp-content\/uploads\/2023\/09\/biblia-200x100.jpg 200w, https:\/\/desarrollocristiano.pe\/wp-content\/uploads\/2023\/09\/biblia-400x200.jpg 400w, https:\/\/desarrollocristiano.pe\/wp-content\/uploads\/2023\/09\/biblia.jpg 700w\" sizes=\"auto, (max-width: 320px) 100vw, 320px\" \/>\t\t\t\t\t<\/div>\n\t\t\t\t\t<a class=\"wd-fill\" href=\"https:\/\/desarrollocristiano.pe\/gratitud-hacia-dios-hoy\/\"><\/a>\n\t\t\t\t\n\t\t\t\t\t\t\t\t\t\t\t\t<div class=\"wd-post-date wd-style-with-bg\">\n\t\t\t\t<span class=\"post-date-day\">\n\t\t\t\t\t29\t\t\t\t<\/span>\n\t\t\t\t<span class=\"post-date-month\">\n\t\t\t\t\tSep\t\t\t\t<\/span>\n\t\t\t<\/div>\n\t\t\t\t\t\t\t\t\t<\/div>\n\t\t\n\t\t<div class=\"wd-post-content article-body-container\">\n\t\t\t\t\t\t\t<div class=\"wd-post-cat wd-style-with-bg meta-post-categories\">\n\t\t\t\t\t<a href=\"https:\/\/desarrollocristiano.pe\/categorias\/biblia-y-teologia\/\" rel=\"category tag\">Biblia y Teolog\u00eda<\/a>\t\t\t\t<\/div>\n\t\t\t\n\t\t\t\t\t\t\t<h3 class=\"wd-post-title wd-entities-title title post-title\">\n\t\t\t\t\t<a href=\"https:\/\/desarrollocristiano.pe\/gratitud-hacia-dios-hoy\/\" rel=\"bookmark\">GRATITUD HACIA DIOS HOY<\/a>\n\t\t\t\t<\/h3>\n\t\t\t\n\t\t\t\t\t\t\t<div class=\"wd-post-meta\">\n\t\t\t\t\t\t\t\t\t\t\t\t\t\t\t<div class=\"wd-post-author\">\n\t\t\t\t\t\t\t\t\t\t\t<span>Posteado por<\/span>\n\t\t\n\t\t\t\t\t<img alt='author-avatar' src='https:\/\/secure.gravatar.com\/avatar\/8f331515e2139e7ffacac78d5e21bc88ee625065cad5d063ef4da73b7cbcfc2d?s=18&#038;d=mm&#038;r=g' srcset='https:\/\/secure.gravatar.com\/avatar\/8f331515e2139e7ffacac78d5e21bc88ee625065cad5d063ef4da73b7cbcfc2d?s=36&#038;d=mm&#038;r=g 2x' class='avatar avatar-18 photo' height='18' width='18' loading='lazy' decoding='async'\/>\t\t\n\t\t\t\t\t<a href=\"https:\/\/desarrollocristiano.pe\/author\/aprnimda7720\/\" class=\"author\" rel=\"author\">Administrador<\/a>\n\t\t\t\t\t\t\t\t\t<\/div>\n\t\t\t\t\t<div class=\"wd-modified-date\">\n\t\t\t\t\t\t\t\t<time class=\"updated\" datetime=\"2023-09-29T10:05:13-05:00\">\n\t\t\t29\/09\/2023\t\t<\/time>\n\t\t\t\t\t\t\t<\/div>\n\n\t\t\t\t\t\t\t\t\t\t\t<div class=\"wd-post-share wd-tltp\">\n\t\t\t\t\t\t\t<div class=\"tooltip top\">\n\t\t\t\t\t\t\t\t<div class=\"tooltip-inner\">\n\t\t\t\t\t\t\t\t\t\t\t\t<div\n\t\t\t\t\t\tclass=\" wd-social-icons  wd-style-default wd-size-small social-share wd-shape-circle color-scheme-light text-center\">\n\t\t\t\t\n\t\t\t\t\n\t\t\t\t\t\t\t\t\t<a rel=\"noopener noreferrer nofollow\" href=\"https:\/\/www.facebook.com\/sharer\/sharer.php?u=https:\/\/desarrollocristiano.pe\/articulos-pastorales\/\" target=\"_blank\" class=\" wd-social-icon social-facebook\" aria-label=\"Facebook social link\">\n\t\t\t\t\t\t<span class=\"wd-icon\"><\/span>\n\t\t\t\t\t\t\t\t\t\t\t<\/a>\n\t\t\t\t\n\t\t\t\t\t\t\t\t\t<a rel=\"noopener noreferrer nofollow\" href=\"https:\/\/x.com\/share?url=https:\/\/desarrollocristiano.pe\/articulos-pastorales\/\" target=\"_blank\" class=\" wd-social-icon social-twitter\" aria-label=\"X social link\">\n\t\t\t\t\t\t<span class=\"wd-icon\"><\/span>\n\t\t\t\t\t\t\t\t\t\t\t<\/a>\n\t\t\t\t\n\t\t\t\t\n\t\t\t\t\t\t\t\t\t<a rel=\"noopener noreferrer nofollow\" href=\"mailto:?subject=Check%20this%20https:\/\/desarrollocristiano.pe\/articulos-pastorales\/\" target=\"_blank\" class=\" wd-social-icon social-email\" aria-label=\"Email social link\">\n\t\t\t\t\t\t<span class=\"wd-icon\"><\/span>\n\t\t\t\t\t\t\t\t\t\t\t<\/a>\n\t\t\t\t\n\t\t\t\t\n\t\t\t\t\n\t\t\t\t\n\t\t\t\t\t\t\t\t\t<a rel=\"noopener noreferrer nofollow\" href=\"https:\/\/pinterest.com\/pin\/create\/button\/?url=https:\/\/desarrollocristiano.pe\/articulos-pastorales\/&media=https:\/\/desarrollocristiano.pe\/wp-content\/uploads\/2023\/09\/biblia.jpg&description=GRATITUD+HACIA+DIOS+HOY\" target=\"_blank\" class=\" wd-social-icon social-pinterest\" aria-label=\"Pinterest social link\">\n\t\t\t\t\t\t<span class=\"wd-icon\"><\/span>\n\t\t\t\t\t\t\t\t\t\t\t<\/a>\n\t\t\t\t\n\t\t\t\t\n\t\t\t\t\t\t\t\t\t<a rel=\"noopener noreferrer nofollow\" href=\"https:\/\/www.linkedin.com\/shareArticle?mini=true&url=https:\/\/desarrollocristiano.pe\/articulos-pastorales\/\" target=\"_blank\" class=\" wd-social-icon social-linkedin\" aria-label=\"Linkedin social link\">\n\t\t\t\t\t\t<span class=\"wd-icon\"><\/span>\n\t\t\t\t\t\t\t\t\t\t\t<\/a>\n\t\t\t\t\n\t\t\t\t\n\t\t\t\t\n\t\t\t\t\n\t\t\t\t\n\t\t\t\t\n\t\t\t\t\n\t\t\t\t\n\t\t\t\t\n\t\t\t\t\t\t\t\t\t<a rel=\"noopener noreferrer nofollow\" href=\"https:\/\/api.whatsapp.com\/send?text=https%3A%2F%2Fdesarrollocristiano.pe%2Farticulos-pastorales%2F\" target=\"_blank\" class=\"wd-hide-md  wd-social-icon social-whatsapp\" aria-label=\"WhatsApp social link\">\n\t\t\t\t\t\t<span class=\"wd-icon\"><\/span>\n\t\t\t\t\t\t\t\t\t\t\t<\/a>\n\n\t\t\t\t\t<a rel=\"noopener noreferrer nofollow\" href=\"whatsapp:\/\/send?text=https%3A%2F%2Fdesarrollocristiano.pe%2Farticulos-pastorales%2F\" target=\"_blank\" class=\"wd-hide-lg  wd-social-icon social-whatsapp\" aria-label=\"WhatsApp social link\">\n\t\t\t\t\t\t<span class=\"wd-icon\"><\/span>\n\t\t\t\t\t\t\t\t\t\t\t<\/a>\n\t\t\t\t\n\t\t\t\t\n\t\t\t\t\n\t\t\t\t\n\t\t\t\t\n\t\t\t\t\n\t\t\t\t\t\t\t\t\t<a rel=\"noopener noreferrer nofollow\" href=\"https:\/\/telegram.me\/share\/url?url=https:\/\/desarrollocristiano.pe\/articulos-pastorales\/\" target=\"_blank\" class=\" wd-social-icon social-tg\" aria-label=\"Telegram social link\">\n\t\t\t\t\t\t<span class=\"wd-icon\"><\/span>\n\t\t\t\t\t\t\t\t\t\t\t<\/a>\n\t\t\t\t\n\t\t\t\t\n\t\t\t<\/div>\n\n\t\t\t\t\t\t\t\t\t\t<\/div>\n\t\t\t\t\t\t\t\t<div class=\"tooltip-arrow\"><\/div>\n\t\t\t\t\t\t\t<\/div>\n\t\t\t\t\t\t<\/div>\n\t\t\t\t\t\n\t\t\t\t\t\t\t\t\t\t\t\t\t\t\t\t\t<div class=\"wd-post-reply wd-style-1\">\n\t\t\t\t\t\t\t<a href=\"https:\/\/desarrollocristiano.pe\/gratitud-hacia-dios-hoy\/#respond\"><span class=\"wd-replies-count\">0<\/span><\/a>\t\t\t\t\t\t<\/div>\n\t\t\t\t\t\t\t\t\t<\/div>\n\t\t\t\n\t\t\t\t\t\t\t\t\t\t\t\t<div class=\"wd-post-excerpt entry-content\">\n\t\t\t\t\t\t<div class=\"wpb-content-wrapper\"><div class=\"vc_row wpb_row vc_row-fluid\"><div class=\"wpb_column vc_column_container vc_col-sm-12\"><div class=\"vc_column-inner\"><div class=\"wpb_wrapper\">\n\t<div class=\"wpb_text_column wpb_content_element texto_parrafo text-larger\" >\n\t\t<div class=\"wpb_wrapper\">\n\t\t\t<p>Es probable que en muchos hogares encontremos al menos un ejemplar de la Biblia. Algunas veces producto del trasfondo religioso cultural de nuestra patria, otras por convicci\u00f3n de que su mensaje es pertinente para la vida cotidiana, sea a nivel personal, familiar o social. Podr\u00edamos decir que es el libro m\u00e1s vendido a lo largo de la historia en los pa\u00edses occidentales, \u2026pero no quiere decir que sea el m\u00e1s le\u00eddo, y mucho menos que su mensaje sea puesto en pr\u00e1ctica en la vida de sus lectores.<\/p>\n<p>Nos debemos preguntar: \u00bfcu\u00e1l es la raz\u00f3n por la que la Biblia sea un libro tan vendido? Para algunos es un libro que nos provee de sabidur\u00eda oriental: libro de Proverbios. Para otros puede ser un libro que nos plantea una filosof\u00eda de vida centrada en Dios: libro de Eclesiast\u00e9s. Otros pueden pensar que nos permite contar historias magn\u00edficas de personas incre\u00edbles: libro de Jueces (Sans\u00f3n y Dalila), Ruth o Jon\u00e1s (por ejemplo). Y otros m\u00e1s pueden pensar en otro personaje del libro: Jesucristo.<\/p>\n<p>En muchos pa\u00edses en el mes de Setiembre se celebra el mes de la Biblia. \u00bfPor qu\u00e9 Setiembre es el mes de la Biblia? Trataremos de acercarnos a la raz\u00f3n de esa celebraci\u00f3n, esa conmemoraci\u00f3n, pero primero intentaremos presentar las razones de porque la Biblia ha sido y es objeto de una celebraci\u00f3n de esa dimensi\u00f3n.<\/p>\n<p><strong>\u00bfQu\u00e9 es la Biblia?<\/strong><\/p>\n<p>En t\u00e9rminos puramente materiales la Biblia es una colecci\u00f3n de escritos, con distintos g\u00e9neros literarios, con distintos contribuyentes humanos en un horizonte temporal aproximado de 1550 a\u00f1os. Pero esos elementos no son los m\u00e1s determinantes ni importantes para recordarla una fecha especial. Algunos podr\u00edan pedir la misma consideraci\u00f3n hacia Miguel de Cervantes Saavedra y su obra El ingenioso hidalgo don Quijote de la Mancha (tambi\u00e9n se celebra su efem\u00e9ride).<\/p>\n<p>La importancia de la Biblia se debe a que es la Palabra de Dios expresada en palabras humanas. Si el solo hecho de ser una obra compuesta, en un rango temporal muy grande, no es suficiente para llamar nuestra atenci\u00f3n a la Biblia, la afirmaci\u00f3n de ser el mensaje de Dios a la humanidad deber\u00eda serlo. Y se trata de una afirmaci\u00f3n que no surge de mentes religiosas, sino de una naci\u00f3n (Israel) que tuvo una vivencia espiritual muy cercana con Dios a lo largo de su historia.<\/p>\n<p>En sus dos partes principales (Antiguo Pacto y Nuevo Pacto), compuesta por 66 libros re\u00fane el \u00fanico mensaje de Dios para la humanidad: los seres humanos pueden alcanzar salvaci\u00f3n en Jesucristo, \u00fanicamente en \u00c9l. La Biblia es un libro salv\u00edfico, esa es la particularidad. La singularidad del libro es que nos muestra la condici\u00f3n humana y la obra de Dios en nuestro favor: condenados por el pecado, salvados por Cristo.<\/p>\n<p><strong>\u00bfC\u00f3mo se escribi\u00f3 la Biblia?<\/strong><\/p>\n<p>La Biblia es un libro \u00fanico en el mundo. Tiene un autor: Dios. Pero a lo largo de 1550 a\u00f1os (aprox.) los autores humanos suman unos 40, provenientes de distintos trasfondos personales, familiares, sociales o pol\u00edticos. Adem\u00e1s, se escribi\u00f3 en diferentes idiomas: hebreo el antiguo pacto (con algo de arameo) y en griego el nuevo pacto. Tenemos en ella tambi\u00e9n distintos g\u00e9neros literarios donde predominan la prosa y la poes\u00eda con distintos subg\u00e9neros. Y habiendo sido escrita materialmente por los hombres, su origen est\u00e1 en Dios mismo, quien la inspir\u00f3.<\/p>\n<p>Siendo escrita en tres continentes por diversas personas a lo largo de diecis\u00e9is siglos fue preservada por Dios de manera providencial y asombrosa. Por ello, a pesar del tiempo transcurrido desde la primera revelaci\u00f3n hasta la \u00faltima, los distintos materiales en los que fue escrita, fue preservada de manera extraordinaria para que la humanidad pudiese tener acceso a su mensaje y responder a \u00e9l, en la medida que el Esp\u00edritu Santo obre en el lector u oyente.<\/p>\n<p><strong>\u00bfC\u00f3mo lleg\u00f3 a nosotros?<\/strong><\/p>\n<p>La iglesia en sus primeros siglos reconoci\u00f3 el canon de la Escritura. Muchas veces se dice que estableci\u00f3 el canon, como si tuviese mayor poder; la iglesia no hizo sino reconocer el car\u00e1cter autoritativo y divinamente inspirado de los escritos que dieron sustento y sustancia a la existencia de la propia iglesia. La Iglesia existe por las Escrituras, no al rev\u00e9s.<\/p>\n<p>El canon del antiguo pacto fue \u201cheredado\u201d de los jud\u00edos, los escritos del nuevo pacto fueron coleccionados para instrucci\u00f3n de la iglesia. Y eso tiene origen en el propio mandato misionero del Se\u00f1or: para hacer disc\u00edpulos de Cristo deb\u00eda tenerse el material para usar en el discipulado. En la medida del transcurrir del tiempo y la aparici\u00f3n de otros idiomas se hizo necesaria la traducci\u00f3n de los textos del hebreo y griego a las lenguas vern\u00e1culas. Ese fue uno de los logros principales de la Reforma Protestante; recordemos que los reformadores impulsaron esa tarea.<\/p>\n<p>Celebramos el mes de la Biblia en Setiembre, porque el 28 de Setiembre de 1569 los hispano hablantes tuvimos la Biblia en nuestro idioma, obra de Casiodoro de Reina, revisada en 1602 por Cipriano de Valera (la denominada Biblia del oso, por el dise\u00f1o de la car\u00e1tula). Antes de esa fecha la Escritura se ten\u00eda en lat\u00edn solamente, de manera que el pueblo no ten\u00eda acceso directo a la Biblia, sino a trav\u00e9s de la mediaci\u00f3n sacerdotal.<\/p>\n<p>La traducci\u00f3n a los idiomas vern\u00e1culos permiti\u00f3 que los pueblos pudiesen tener acceso directo al mensaje de Dios; el libre examen de las Escrituras fue posible gracias a ese esfuerzo enorme. Hoy tenemos variedad de traducciones, versiones y presentaciones. Podemos decir con gratitud a Dios que el trabajo iniciado por Casiodoro de Reina y Cipriano de Valera ha dado frutos abundantes para la gloria de Dios.<\/p>\n<p><strong>Conclusi\u00f3n <\/strong><\/p>\n<p>Palabra de Dios en palabras humanas, as\u00ed se podr\u00eda resumir lo que es la Biblia; esa es una buena raz\u00f3n para expresar nuestro j\u00fabilo por disponer de un ejemplar de ella para nuestra nutrici\u00f3n y desarrollo espiritual. A pesar de la distancia temporal entre el primero de los autores (Mois\u00e9s) y el \u00faltimo (Juan) el mensaje es uno s\u00f3lo: Cristo es la soluci\u00f3n a la tragedia humana.<\/p>\n<p>Podemos terminar parafraseando una frase que circula por redes sociales: Si no lees la Biblia no pasa nada, pero si la lees tu vida cambiar\u00e1; ya no vivir\u00e1s la vida que Dios te dio en relaci\u00f3n a tus deseos sino para la gloria de Dios.<\/p>\n<p>\u00a1Dios tenga misericordia de nosotros y Su Palabra siga sirviendo a Sus prop\u00f3sitos salv\u00edficos!<\/p>\n\n\t\t<\/div>\n\t<\/div>\n<\/div><\/div><\/div><\/div>\n<\/div>\t\t\t\t\t<\/div>\n\t\t\t\t\n\t\t\t\t\t\t\t\t\t<\/div>\n\t<\/div>\n<\/article>\n\n\t\t\t\t\t\n\t\t\t\t\t","status":"have-posts","nextPage":"https:\/\/desarrollocristiano.pe\/articulos-pastorales\/page\/4\/?woo_ajax=1","currentPage":"https:\/\/desarrollocristiano.pe\/articulos-pastorales\/page\/3"}