
			
				

					
				

			
		{"items":"\n\t\t\t\t\t\t\t\t\t\t\t\t\t\t<link rel=\"stylesheet\" id=\"wd-post-types-mod-categories-style-bg-css\" href=\"https:\/\/desarrollocristiano.pe\/wp-content\/themes\/woodmart\/css\/parts\/post-types-mod-categories-style-bg.min.css?ver=8.2.7\" type=\"text\/css\" media=\"all\" \/> \t\t\t\n<article id=\"post-90291\" class=\"wd-post blog-design-chess blog-post-loop blog-design-small-images blog-style-bg wd-add-shadow wd-col post-90291 post type-post status-publish format-standard has-post-thumbnail hentry category-vida-cristiana\">\n\t<div class=\"wd-post-inner article-inner\">\n\t\t\t\t\t<div class=\"wd-post-thumb entry-header\">\n\t\t\t\t\t\t\t\t\t<div class=\"wd-post-img post-img-wrapp\">\n\t\t\t\t\t\t<img width=\"320\" height=\"183\" src=\"https:\/\/desarrollocristiano.pe\/wp-content\/uploads\/2024\/12\/La-navidad-la-familia-y-Cristo-320x183.jpg\" class=\"attachment-large size-large\" alt=\"\" decoding=\"async\" fetchpriority=\"high\" srcset=\"https:\/\/desarrollocristiano.pe\/wp-content\/uploads\/2024\/12\/La-navidad-la-familia-y-Cristo-320x183.jpg 320w, https:\/\/desarrollocristiano.pe\/wp-content\/uploads\/2024\/12\/La-navidad-la-familia-y-Cristo-768x439.jpg 768w, https:\/\/desarrollocristiano.pe\/wp-content\/uploads\/2024\/12\/La-navidad-la-familia-y-Cristo-1536x878.jpg 1536w, https:\/\/desarrollocristiano.pe\/wp-content\/uploads\/2024\/12\/La-navidad-la-familia-y-Cristo-1200x686.jpg 1200w, https:\/\/desarrollocristiano.pe\/wp-content\/uploads\/2024\/12\/La-navidad-la-familia-y-Cristo-600x343.jpg 600w, https:\/\/desarrollocristiano.pe\/wp-content\/uploads\/2024\/12\/La-navidad-la-familia-y-Cristo-150x86.jpg 150w, https:\/\/desarrollocristiano.pe\/wp-content\/uploads\/2024\/12\/La-navidad-la-familia-y-Cristo.jpg 1792w\" sizes=\"(max-width: 320px) 100vw, 320px\" \/>\t\t\t\t\t<\/div>\n\t\t\t\t\t<a class=\"wd-fill\" href=\"https:\/\/desarrollocristiano.pe\/la-navidad-la-familia-y-cristo\/\"><\/a>\n\t\t\t\t\n\t\t\t\t\t\t\t\t\t\t\t\t<link rel=\"stylesheet\" id=\"wd-post-types-mod-date-style-bg-css\" href=\"https:\/\/desarrollocristiano.pe\/wp-content\/themes\/woodmart\/css\/parts\/post-types-mod-date-style-bg.min.css?ver=8.2.7\" type=\"text\/css\" media=\"all\" \/> \t\t\t\t\t\t<div class=\"wd-post-date wd-style-with-bg\">\n\t\t\t\t<span class=\"post-date-day\">\n\t\t\t\t\t21\t\t\t\t<\/span>\n\t\t\t\t<span class=\"post-date-month\">\n\t\t\t\t\tDic\t\t\t\t<\/span>\n\t\t\t<\/div>\n\t\t\t\t\t\t\t\t\t<\/div>\n\t\t\n\t\t<div class=\"wd-post-content article-body-container\">\n\t\t\t\t\t\t\t<div class=\"wd-post-cat wd-style-with-bg meta-post-categories\">\n\t\t\t\t\t<a href=\"https:\/\/desarrollocristiano.pe\/categorias\/vida-cristiana\/\" rel=\"category tag\">Vida Cristiana<\/a>\t\t\t\t<\/div>\n\t\t\t\n\t\t\t\t\t\t\t<h3 class=\"wd-post-title wd-entities-title title post-title\">\n\t\t\t\t\t<a href=\"https:\/\/desarrollocristiano.pe\/la-navidad-la-familia-y-cristo\/\" rel=\"bookmark\">La navidad, la familia, y Cristo<\/a>\n\t\t\t\t<\/h3>\n\t\t\t\n\t\t\t\t\t\t\t<div class=\"wd-post-meta\">\n\t\t\t\t\t\t\t\t\t\t\t\t\t<link rel=\"stylesheet\" id=\"wd-blog-mod-author-css\" href=\"https:\/\/desarrollocristiano.pe\/wp-content\/themes\/woodmart\/css\/parts\/blog-mod-author.min.css?ver=8.2.7\" type=\"text\/css\" media=\"all\" \/> \t\t\t\t\t\t\t\t<div class=\"wd-post-author\">\n\t\t\t\t\t\t\t\t\t\t\t<span>Posteado por<\/span>\n\t\t\n\t\t\t\t\t<img alt='author-avatar' src='https:\/\/secure.gravatar.com\/avatar\/8f331515e2139e7ffacac78d5e21bc88ee625065cad5d063ef4da73b7cbcfc2d?s=18&#038;d=mm&#038;r=g' srcset='https:\/\/secure.gravatar.com\/avatar\/8f331515e2139e7ffacac78d5e21bc88ee625065cad5d063ef4da73b7cbcfc2d?s=36&#038;d=mm&#038;r=g 2x' class='avatar avatar-18 photo' height='18' width='18' decoding='async'\/>\t\t\n\t\t\t\t\t<a href=\"https:\/\/desarrollocristiano.pe\/author\/aprnimda7720\/\" class=\"author\" rel=\"author\">Administrador<\/a>\n\t\t\t\t\t\t\t\t\t<\/div>\n\t\t\t\t\t<div class=\"wd-modified-date\">\n\t\t\t\t\t\t\t\t<time class=\"updated\" datetime=\"2024-12-21T10:43:23-05:00\">\n\t\t\t21\/12\/2024\t\t<\/time>\n\t\t\t\t\t\t\t<\/div>\n\n\t\t\t\t\t\t\t\t\t\t\t<div class=\"wd-post-share wd-tltp\">\n\t\t\t\t\t\t\t<div class=\"tooltip top\">\n\t\t\t\t\t\t\t\t<div class=\"tooltip-inner\">\n\t\t\t\t\t\t\t\t\t\t\t\t<link rel=\"stylesheet\" id=\"wd-social-icons-css\" href=\"https:\/\/desarrollocristiano.pe\/wp-content\/themes\/woodmart\/css\/parts\/el-social-icons.min.css?ver=8.2.7\" type=\"text\/css\" media=\"all\" \/> \t\t\t\t\t\t<div\n\t\t\t\t\t\tclass=\" wd-social-icons  wd-style-default wd-size-small social-share wd-shape-circle color-scheme-light text-center\">\n\t\t\t\t\n\t\t\t\t\n\t\t\t\t\t\t\t\t\t<a rel=\"noopener noreferrer nofollow\" href=\"https:\/\/www.facebook.com\/sharer\/sharer.php?u=https:\/\/desarrollocristiano.pe\/articulos-pastorales\/\" target=\"_blank\" class=\" wd-social-icon social-facebook\" aria-label=\"Facebook social link\">\n\t\t\t\t\t\t<span class=\"wd-icon\"><\/span>\n\t\t\t\t\t\t\t\t\t\t\t<\/a>\n\t\t\t\t\n\t\t\t\t\t\t\t\t\t<a rel=\"noopener noreferrer nofollow\" href=\"https:\/\/x.com\/share?url=https:\/\/desarrollocristiano.pe\/articulos-pastorales\/\" target=\"_blank\" class=\" wd-social-icon social-twitter\" aria-label=\"X social link\">\n\t\t\t\t\t\t<span class=\"wd-icon\"><\/span>\n\t\t\t\t\t\t\t\t\t\t\t<\/a>\n\t\t\t\t\n\t\t\t\t\n\t\t\t\t\t\t\t\t\t<a rel=\"noopener noreferrer nofollow\" href=\"mailto:?subject=Check%20this%20https:\/\/desarrollocristiano.pe\/articulos-pastorales\/\" target=\"_blank\" class=\" wd-social-icon social-email\" aria-label=\"Email social link\">\n\t\t\t\t\t\t<span class=\"wd-icon\"><\/span>\n\t\t\t\t\t\t\t\t\t\t\t<\/a>\n\t\t\t\t\n\t\t\t\t\n\t\t\t\t\n\t\t\t\t\n\t\t\t\t\t\t\t\t\t<a rel=\"noopener noreferrer nofollow\" href=\"https:\/\/pinterest.com\/pin\/create\/button\/?url=https:\/\/desarrollocristiano.pe\/articulos-pastorales\/&media=https:\/\/desarrollocristiano.pe\/wp-content\/uploads\/2024\/12\/La-navidad-la-familia-y-Cristo.jpg&description=La+navidad%2C+la+familia%2C+y+Cristo\" target=\"_blank\" class=\" wd-social-icon social-pinterest\" aria-label=\"Pinterest social link\">\n\t\t\t\t\t\t<span class=\"wd-icon\"><\/span>\n\t\t\t\t\t\t\t\t\t\t\t<\/a>\n\t\t\t\t\n\t\t\t\t\n\t\t\t\t\t\t\t\t\t<a rel=\"noopener noreferrer nofollow\" href=\"https:\/\/www.linkedin.com\/shareArticle?mini=true&url=https:\/\/desarrollocristiano.pe\/articulos-pastorales\/\" target=\"_blank\" class=\" wd-social-icon social-linkedin\" aria-label=\"Linkedin social link\">\n\t\t\t\t\t\t<span class=\"wd-icon\"><\/span>\n\t\t\t\t\t\t\t\t\t\t\t<\/a>\n\t\t\t\t\n\t\t\t\t\n\t\t\t\t\n\t\t\t\t\n\t\t\t\t\n\t\t\t\t\n\t\t\t\t\n\t\t\t\t\n\t\t\t\t\n\t\t\t\t\t\t\t\t\t<a rel=\"noopener noreferrer nofollow\" href=\"https:\/\/api.whatsapp.com\/send?text=https%3A%2F%2Fdesarrollocristiano.pe%2Farticulos-pastorales%2F\" target=\"_blank\" class=\"wd-hide-md  wd-social-icon social-whatsapp\" aria-label=\"WhatsApp social link\">\n\t\t\t\t\t\t<span class=\"wd-icon\"><\/span>\n\t\t\t\t\t\t\t\t\t\t\t<\/a>\n\n\t\t\t\t\t<a rel=\"noopener noreferrer nofollow\" href=\"whatsapp:\/\/send?text=https%3A%2F%2Fdesarrollocristiano.pe%2Farticulos-pastorales%2F\" target=\"_blank\" class=\"wd-hide-lg  wd-social-icon social-whatsapp\" aria-label=\"WhatsApp social link\">\n\t\t\t\t\t\t<span class=\"wd-icon\"><\/span>\n\t\t\t\t\t\t\t\t\t\t\t<\/a>\n\t\t\t\t\n\t\t\t\t\n\t\t\t\t\n\t\t\t\t\n\t\t\t\t\n\t\t\t\t\n\t\t\t\t\t\t\t\t\t<a rel=\"noopener noreferrer nofollow\" href=\"https:\/\/telegram.me\/share\/url?url=https:\/\/desarrollocristiano.pe\/articulos-pastorales\/\" target=\"_blank\" class=\" wd-social-icon social-tg\" aria-label=\"Telegram social link\">\n\t\t\t\t\t\t<span class=\"wd-icon\"><\/span>\n\t\t\t\t\t\t\t\t\t\t\t<\/a>\n\t\t\t\t\n\t\t\t\t\n\t\t\t<\/div>\n\n\t\t\t\t\t\t\t\t\t\t<\/div>\n\t\t\t\t\t\t\t\t<div class=\"tooltip-arrow\"><\/div>\n\t\t\t\t\t\t\t<\/div>\n\t\t\t\t\t\t<\/div>\n\t\t\t\t\t\n\t\t\t\t\t\t\t\t\t\t\t\t\t\t<link rel=\"stylesheet\" id=\"wd-blog-mod-comments-button-css\" href=\"https:\/\/desarrollocristiano.pe\/wp-content\/themes\/woodmart\/css\/parts\/blog-mod-comments-button.min.css?ver=8.2.7\" type=\"text\/css\" media=\"all\" \/> \t\t\t\t\t\t\t\t\t<div class=\"wd-post-reply wd-style-1\">\n\t\t\t\t\t\t\t<a href=\"https:\/\/desarrollocristiano.pe\/la-navidad-la-familia-y-cristo\/#respond\"><span class=\"wd-replies-count\">0<\/span><\/a>\t\t\t\t\t\t<\/div>\n\t\t\t\t\t\t\t\t\t<\/div>\n\t\t\t\n\t\t\t\t\t\t\t\t\t\t\t\t<div class=\"wd-post-excerpt entry-content\">\n\t\t\t\t\t\t<div class=\"wpb-content-wrapper\"><div class=\"vc_row wpb_row vc_row-fluid\"><div class=\"wpb_column vc_column_container vc_col-sm-12\"><div class=\"vc_column-inner\"><div class=\"wpb_wrapper\">\n\t<div class=\"wpb_text_column wpb_content_element\" >\n\t\t<div class=\"wpb_wrapper\">\n\t\t\t<figure class=\"wp-block-audio\"><audio src=\"https:\/\/desarrollocristiano.pe\/wp-content\/uploads\/2024\/12\/La-navidad-la-familia-y-Cristo.ogg\" controls=\"controls\"><\/audio><\/figure>\n<p>&nbsp;<\/p>\n\n\t\t<\/div>\n\t<\/div>\n<\/div><\/div><\/div><\/div><div class=\"vc_row wpb_row vc_row-fluid\"><div class=\"wpb_column vc_column_container vc_col-sm-12\"><div class=\"vc_column-inner\"><div class=\"wpb_wrapper\">\n\t<div class=\"wpb_text_column wpb_content_element texto_parrafo text-larger\" >\n\t\t<div class=\"wpb_wrapper\">\n\t\t\t<p>Por: <a href=\"https:\/\/www.facebook.com\/nick.davies.180\"><b>Nick Davies.<\/b><\/a><\/p>\n<p>La navidad es un tiempo para la familia. Pero el mensaje b\u00edblico no solo afirma esto, lo desaf\u00eda, desafi\u00e1ndonos pensar en la familia y la navidad de manera diferente que la sociedad.<\/p>\n<h2><strong>En Cristo, tu familia es importante.<\/strong><\/h2>\n<p>Con la familia bajo m\u00e1s presi\u00f3n que muchos podemos recordar, nuestro instinto de la prioridad de la familia es correcto. A trav\u00e9s de una familia, la de Abraham, Dios prometi\u00f3 bendecir toda la creaci\u00f3n.<\/p>\n<p>Una prioridad en la Ley y Mandamientos recibidos despu\u00e9s del \u00c9xodo es proteger la familia y los linajes de las 12 tribus, lo que era esencial en la monarqu\u00eda. Sin embargo, la vida pecaminosa del pueblo de Dios se expresaba tambi\u00e9n en las relaciones familiares: los padres animaron la idolatr\u00eda en sus hijos (Isa\u00edas 57), y los hijos rebelaron contra sus padres (Deut. 21), reflejando en conflicto y abuso de autoridad en la familia desde la ca\u00edda (Gen. 3) Entonces, una indicaci\u00f3n de la renovaci\u00f3n prometida por Dios, dada por los profetas es la renovaci\u00f3n de relaciones familiares cuando Dios mismo llegar\u00eda para juzgar y renovar su pueblo (Mal 4).<\/p>\n<p>Si terminamos ac\u00e1, tenemos un buen mensaje del deseo de Dios para la familia, un mensaje moralista para una pel\u00edcula navide\u00f1a, pero no un mensaje centrado en Cristo y la cruz, que es el prop\u00f3sito de la navidad de todos modos.<\/p>\n<h2><strong>En Cristo, tu familia no es importante.<\/strong><\/h2>\n<p>Como siempre, cuando llegamos a la cruz, hay continuaci\u00f3n y descontinuaci\u00f3n. No hay conflicto entre partes de la Biblia, sino un desarrollo como parte de la revelaci\u00f3n que llega a su cima en Cristo.<\/p>\n<p>Pablo nota que la semilla de Abraham es singular: la esperanza de la promesa de la familia de Abraham tiene su cumplimiento en Cristo, no nuestras familias. La bendici\u00f3n del mundo vendr\u00e1 por Cristo (Gal 3). Esto nos muestra que no podemos copiar y pegar la prioridad familiar desde la historia de Israel a nosotros sin la cruz como clave interpretativa.<\/p>\n<p>No hay duda que Cristo cumple la promesa de restaurar familias. Vemos esto en las instrucciones de Pablo de amor y obediencia familiar como expresi\u00f3n de la transferencia desde la muerte a la vida por la cruz de Cristo (Efe. 2 y 5). Liberado del ego\u00edsmo y dependencia en las apariencias a trav\u00e9s del perd\u00f3n gratis de la cruz, podemos amar a nuestros esposos, esposas, hijos, hijas, padres, y madres con el amor escandaloso de Cristo, sacrific\u00e1ndose y lavando los pies.<\/p>\n<p>Pero el cumplimiento en Cristo tambi\u00e9n se\u00f1ala hacia la descontinuaci\u00f3n, reflejando c\u00f3mo el pueblo de Dios no es de sangre sino Esp\u00edritu por la cruz.<\/p>\n<p>La familia de Jes\u00fas no es su madre ni hermanos, sino los que hagan la voluntad de Dios en reconocer qui\u00e9n es Jes\u00fas realmente. Ser disc\u00edpulos de Cristo es arriesgar romper con nuestra familia, \u201cEl que ama a padre o madre m\u00e1s que a m\u00ed, no es digno de m\u00ed; el que ama a hijo o hija m\u00e1s que a m\u00ed, no es digno de m\u00ed\u201d (Mat. 10). Es su muerte en la cruz lo que define qui\u00e9n es el pueblo de Dios, quien es en su familia. Pablo, promotor de buenas relaciones sanas en la familia, al mismo tiempo nota que no es la m\u00e1s importante, recordando los corintios \u201cque bueno les fuera quedarse [soltero] como yo\u201d (1 Cor 7), reflejando la ense\u00f1anza de Cristo sobre la falta de matrimonio la nueva creaci\u00f3n, \u201cen la resurrecci\u00f3n ni se casar\u00e1n ni se dar\u00e1n en casamiento\u201d (Mat. 22). Por eso, entre las met\u00e1foras para la iglesia no aparece \u2018familia\u2019 sino \u2018reba\u00f1o\u2019, \u2018huerto\u2019, \u2018ciudad\u2019, \u2018templo\u2019, \u2018esposa\u2019, y \u2018cuerpo\u2019. Cristo ampl\u00eda la definici\u00f3n de qui\u00e9n es nuestra familia.<\/p>\n<p>Para estar absolutamente claro, el segundo grupo de pasajes no borra el primero, ni es el primer grupo m\u00e1s fundamental que el segundo. Nunca enfrentamos una parte de la Biblia contra otra. La buena teolog\u00eda b\u00edblica es ver c\u00f3mo los dos fluyen juntos, sin resolver lo que la Biblia deja en tensi\u00f3n porque vivimos entre la cruz y el retorno de Cristo. En Cristo, tu familia es importante. En Cristo, tu familia no es importante.<\/p>\n<h2><strong>\u00bfHabr\u00e1 solo tu familia en tu navidad, o reflejar\u00e1 de verdad el amor de Cristo?<\/strong><\/h2>\n<p>Piensa en esta navidad. Si tu cena de nochebuena solo va a ser tus padres, hermanos, e hijos \u00bfrealmente celebras la venida del Cristo que ampli\u00f3 tu familia? En nuestras iglesias hay viudas sin familia, inmigrantes y extranjeros lejos de su tierra, solteros y parejas aisladas de sus familias, las madres y padres solteros que simplemente no tienen la capacidad para dar una cena. Ellos y otros son tu familia tambi\u00e9n. No permitamos que la tradici\u00f3n y el marketing de empresas tengan m\u00e1s influencia sobre nosotros que el evangelio. Mostramos a nuestros hijos que somos disc\u00edpulos de Cristo, \u201cQue os am\u00e9is unos a otros; como yo os he amado, que tambi\u00e9n os am\u00e9is unos a otros.\u201d (Juan 13)<\/p>\n\n\t\t<\/div>\n\t<\/div>\n<\/div><\/div><\/div><\/div><div class=\"vc_row wpb_row vc_row-fluid vc_custom_1615074577655 vc_row-has-fill\"><div class=\"wpb_column vc_column_container vc_col-sm-12\"><div class=\"vc_column-inner vc_custom_1615070652059\"><div class=\"wpb_wrapper\">\t\t\t<link rel=\"stylesheet\" id=\"wd-info-box-css\" href=\"https:\/\/desarrollocristiano.pe\/wp-content\/themes\/woodmart\/css\/parts\/el-info-box.min.css?ver=8.2.7\" type=\"text\/css\" media=\"all\" \/> \t\t\t\t\t\t<div class=\"info-box-wrapper\">\n\t\t\t\t<div id=\"wd-6766e1eb715a0\" class=\" wd-rs-6766e1eb715a0 wd-info-box wd-wpb text-left box-icon-align-left box-style- color-scheme- wd-bg-none wd-items-top \">\n\t\t\t\t\t\t\t\t\t\t\t<div class=\"box-icon-wrapper  box-with-icon box-icon-simple\">\n\t\t\t\t\t\t\t<div class=\"info-box-icon\">\n\n\t\t\t\t\t\t\t\n\t\t\t\t\t\t\t\t\t\t\t\t\t\t\t\t\t<img decoding=\"async\" width=\"100\" height=\"150\" src=\"https:\/\/desarrollocristiano.pe\/wp-content\/uploads\/2023\/10\/Nick-Davies-100x150.png\" class=\"attachment-100x150 size-100x150\" alt=\"\" \/>\t\t\t\t\t\t\t\t\t\t\t\t\t\t\t\n\t\t\t\t\t\t\t<\/div>\n\t\t\t\t\t\t<\/div>\n\t\t\t\t\t\t\t\t\t\t<div class=\"info-box-content\">\n\t\t\t\t\t\t\t\t\t\t\t\t<div class=\"info-box-inner reset-last-child\"><\/p>\n<p>Nicolas Davies es misionero de CMS Australia (Sociedad Misionera de la Iglesia, por sus siglas en ingl\u00e9s), en Per\u00fa.<\/p>\n<p>\n<\/div>\n\n\t\t\t\t\t\t\t\t\t\t\t<\/div>\n\n\t\t\t\t\t\n\t\t\t\t\t\t\t\t\t<\/div>\n\t\t\t<\/div>\n\t\t<\/div><\/div><\/div><\/div>\n<\/div>\t\t\t\t\t<\/div>\n\t\t\t\t\n\t\t\t\t\t\t\t\t\t<\/div>\n\t<\/div>\n<\/article>\n\n\t\t\t\t\t\t\t\t\t\t\t\n<article id=\"post-90264\" class=\"wd-post blog-design-chess blog-post-loop blog-design-small-images blog-style-bg wd-add-shadow wd-col post-90264 post type-post status-publish format-standard has-post-thumbnail hentry category-vida-cristiana tag-acciones-de-amor-en-navidad tag-ayuda-a-los-pobres-en-navidad tag-celebracion-biblica-de-la-navidad tag-celebrar-la-navidad-como-cristianos tag-como-celebrar-la-navidad-cristianamente tag-consumismo-y-navidad tag-encarnacion-de-cristo tag-generosidad-en-navidad tag-glorificar-a-dios-en-navidad tag-jesus-y-la-navidad tag-libertad-en-cristo tag-navidad-cristiana tag-navidad-y-evangelio tag-reflexion-cristiana-sobre-la-navidad tag-significado-de-la-navidad\">\n\t<div class=\"wd-post-inner article-inner\">\n\t\t\t\t\t<div class=\"wd-post-thumb entry-header\">\n\t\t\t\t\t\t\t\t\t<div class=\"wd-post-img post-img-wrapp\">\n\t\t\t\t\t\t<img width=\"320\" height=\"160\" src=\"https:\/\/desarrollocristiano.pe\/wp-content\/uploads\/2024\/12\/navidad-y-la-libertad-cristiana-320x160.jpg\" class=\"attachment-large size-large\" alt=\"\" decoding=\"async\" loading=\"lazy\" srcset=\"https:\/\/desarrollocristiano.pe\/wp-content\/uploads\/2024\/12\/navidad-y-la-libertad-cristiana-320x160.jpg 320w, https:\/\/desarrollocristiano.pe\/wp-content\/uploads\/2024\/12\/navidad-y-la-libertad-cristiana-600x300.jpg 600w, https:\/\/desarrollocristiano.pe\/wp-content\/uploads\/2024\/12\/navidad-y-la-libertad-cristiana-150x75.jpg 150w, https:\/\/desarrollocristiano.pe\/wp-content\/uploads\/2024\/12\/navidad-y-la-libertad-cristiana-400x200.jpg 400w, https:\/\/desarrollocristiano.pe\/wp-content\/uploads\/2024\/12\/navidad-y-la-libertad-cristiana.jpg 700w\" sizes=\"auto, (max-width: 320px) 100vw, 320px\" \/>\t\t\t\t\t<\/div>\n\t\t\t\t\t<a class=\"wd-fill\" href=\"https:\/\/desarrollocristiano.pe\/la-navidad-y-la-libertad-en-cristo\/\"><\/a>\n\t\t\t\t\n\t\t\t\t\t\t\t\t\t\t\t\t<div class=\"wd-post-date wd-style-with-bg\">\n\t\t\t\t<span class=\"post-date-day\">\n\t\t\t\t\t17\t\t\t\t<\/span>\n\t\t\t\t<span class=\"post-date-month\">\n\t\t\t\t\tDic\t\t\t\t<\/span>\n\t\t\t<\/div>\n\t\t\t\t\t\t\t\t\t<\/div>\n\t\t\n\t\t<div class=\"wd-post-content article-body-container\">\n\t\t\t\t\t\t\t<div class=\"wd-post-cat wd-style-with-bg meta-post-categories\">\n\t\t\t\t\t<a href=\"https:\/\/desarrollocristiano.pe\/categorias\/vida-cristiana\/\" rel=\"category tag\">Vida Cristiana<\/a>\t\t\t\t<\/div>\n\t\t\t\n\t\t\t\t\t\t\t<h3 class=\"wd-post-title wd-entities-title title post-title\">\n\t\t\t\t\t<a href=\"https:\/\/desarrollocristiano.pe\/la-navidad-y-la-libertad-en-cristo\/\" rel=\"bookmark\">La Navidad y la Libertad en Cristo: Glorificar a Dios con Acciones de Amor<\/a>\n\t\t\t\t<\/h3>\n\t\t\t\n\t\t\t\t\t\t\t<div class=\"wd-post-meta\">\n\t\t\t\t\t\t\t\t\t\t\t\t\t\t\t<div class=\"wd-post-author\">\n\t\t\t\t\t\t\t\t\t\t\t<span>Posteado por<\/span>\n\t\t\n\t\t\t\t\t<img alt='author-avatar' src='https:\/\/secure.gravatar.com\/avatar\/8f331515e2139e7ffacac78d5e21bc88ee625065cad5d063ef4da73b7cbcfc2d?s=18&#038;d=mm&#038;r=g' srcset='https:\/\/secure.gravatar.com\/avatar\/8f331515e2139e7ffacac78d5e21bc88ee625065cad5d063ef4da73b7cbcfc2d?s=36&#038;d=mm&#038;r=g 2x' class='avatar avatar-18 photo' height='18' width='18' loading='lazy' decoding='async'\/>\t\t\n\t\t\t\t\t<a href=\"https:\/\/desarrollocristiano.pe\/author\/aprnimda7720\/\" class=\"author\" rel=\"author\">Administrador<\/a>\n\t\t\t\t\t\t\t\t\t<\/div>\n\t\t\t\t\t<div class=\"wd-modified-date\">\n\t\t\t\t\t\t\t\t<time class=\"updated\" datetime=\"2024-12-17T18:56:21-05:00\">\n\t\t\t17\/12\/2024\t\t<\/time>\n\t\t\t\t\t\t\t<\/div>\n\n\t\t\t\t\t\t\t\t\t\t\t<div class=\"wd-post-share wd-tltp\">\n\t\t\t\t\t\t\t<div class=\"tooltip top\">\n\t\t\t\t\t\t\t\t<div class=\"tooltip-inner\">\n\t\t\t\t\t\t\t\t\t\t\t\t<div\n\t\t\t\t\t\tclass=\" wd-social-icons  wd-style-default wd-size-small social-share wd-shape-circle color-scheme-light text-center\">\n\t\t\t\t\n\t\t\t\t\n\t\t\t\t\t\t\t\t\t<a rel=\"noopener noreferrer nofollow\" href=\"https:\/\/www.facebook.com\/sharer\/sharer.php?u=https:\/\/desarrollocristiano.pe\/articulos-pastorales\/\" target=\"_blank\" class=\" wd-social-icon social-facebook\" aria-label=\"Facebook social link\">\n\t\t\t\t\t\t<span class=\"wd-icon\"><\/span>\n\t\t\t\t\t\t\t\t\t\t\t<\/a>\n\t\t\t\t\n\t\t\t\t\t\t\t\t\t<a rel=\"noopener noreferrer nofollow\" href=\"https:\/\/x.com\/share?url=https:\/\/desarrollocristiano.pe\/articulos-pastorales\/\" target=\"_blank\" class=\" wd-social-icon social-twitter\" aria-label=\"X social link\">\n\t\t\t\t\t\t<span class=\"wd-icon\"><\/span>\n\t\t\t\t\t\t\t\t\t\t\t<\/a>\n\t\t\t\t\n\t\t\t\t\n\t\t\t\t\t\t\t\t\t<a rel=\"noopener noreferrer nofollow\" href=\"mailto:?subject=Check%20this%20https:\/\/desarrollocristiano.pe\/articulos-pastorales\/\" target=\"_blank\" class=\" wd-social-icon social-email\" aria-label=\"Email social link\">\n\t\t\t\t\t\t<span class=\"wd-icon\"><\/span>\n\t\t\t\t\t\t\t\t\t\t\t<\/a>\n\t\t\t\t\n\t\t\t\t\n\t\t\t\t\n\t\t\t\t\n\t\t\t\t\t\t\t\t\t<a rel=\"noopener noreferrer nofollow\" href=\"https:\/\/pinterest.com\/pin\/create\/button\/?url=https:\/\/desarrollocristiano.pe\/articulos-pastorales\/&media=https:\/\/desarrollocristiano.pe\/wp-content\/uploads\/2024\/12\/navidad-y-la-libertad-cristiana.jpg&description=La+Navidad+y+la+Libertad+en+Cristo%3A+Glorificar+a+Dios+con+Acciones+de+Amor\" target=\"_blank\" class=\" wd-social-icon social-pinterest\" aria-label=\"Pinterest social link\">\n\t\t\t\t\t\t<span class=\"wd-icon\"><\/span>\n\t\t\t\t\t\t\t\t\t\t\t<\/a>\n\t\t\t\t\n\t\t\t\t\n\t\t\t\t\t\t\t\t\t<a rel=\"noopener noreferrer nofollow\" href=\"https:\/\/www.linkedin.com\/shareArticle?mini=true&url=https:\/\/desarrollocristiano.pe\/articulos-pastorales\/\" target=\"_blank\" class=\" wd-social-icon social-linkedin\" aria-label=\"Linkedin social link\">\n\t\t\t\t\t\t<span class=\"wd-icon\"><\/span>\n\t\t\t\t\t\t\t\t\t\t\t<\/a>\n\t\t\t\t\n\t\t\t\t\n\t\t\t\t\n\t\t\t\t\n\t\t\t\t\n\t\t\t\t\n\t\t\t\t\n\t\t\t\t\n\t\t\t\t\n\t\t\t\t\t\t\t\t\t<a rel=\"noopener noreferrer nofollow\" href=\"https:\/\/api.whatsapp.com\/send?text=https%3A%2F%2Fdesarrollocristiano.pe%2Farticulos-pastorales%2F\" target=\"_blank\" class=\"wd-hide-md  wd-social-icon social-whatsapp\" aria-label=\"WhatsApp social link\">\n\t\t\t\t\t\t<span class=\"wd-icon\"><\/span>\n\t\t\t\t\t\t\t\t\t\t\t<\/a>\n\n\t\t\t\t\t<a rel=\"noopener noreferrer nofollow\" href=\"whatsapp:\/\/send?text=https%3A%2F%2Fdesarrollocristiano.pe%2Farticulos-pastorales%2F\" target=\"_blank\" class=\"wd-hide-lg  wd-social-icon social-whatsapp\" aria-label=\"WhatsApp social link\">\n\t\t\t\t\t\t<span class=\"wd-icon\"><\/span>\n\t\t\t\t\t\t\t\t\t\t\t<\/a>\n\t\t\t\t\n\t\t\t\t\n\t\t\t\t\n\t\t\t\t\n\t\t\t\t\n\t\t\t\t\n\t\t\t\t\t\t\t\t\t<a rel=\"noopener noreferrer nofollow\" href=\"https:\/\/telegram.me\/share\/url?url=https:\/\/desarrollocristiano.pe\/articulos-pastorales\/\" target=\"_blank\" class=\" wd-social-icon social-tg\" aria-label=\"Telegram social link\">\n\t\t\t\t\t\t<span class=\"wd-icon\"><\/span>\n\t\t\t\t\t\t\t\t\t\t\t<\/a>\n\t\t\t\t\n\t\t\t\t\n\t\t\t<\/div>\n\n\t\t\t\t\t\t\t\t\t\t<\/div>\n\t\t\t\t\t\t\t\t<div class=\"tooltip-arrow\"><\/div>\n\t\t\t\t\t\t\t<\/div>\n\t\t\t\t\t\t<\/div>\n\t\t\t\t\t\n\t\t\t\t\t\t\t\t\t\t\t\t\t\t\t\t\t<div class=\"wd-post-reply wd-style-1\">\n\t\t\t\t\t\t\t<a href=\"https:\/\/desarrollocristiano.pe\/la-navidad-y-la-libertad-en-cristo\/#respond\"><span class=\"wd-replies-count\">0<\/span><\/a>\t\t\t\t\t\t<\/div>\n\t\t\t\t\t\t\t\t\t<\/div>\n\t\t\t\n\t\t\t\t\t\t\t\t\t\t\t\t<div class=\"wd-post-excerpt entry-content\">\n\t\t\t\t\t\t<div class=\"wpb-content-wrapper\"><div class=\"vc_row wpb_row vc_row-fluid\"><div class=\"wpb_column vc_column_container vc_col-sm-12\"><div class=\"vc_column-inner\"><div class=\"wpb_wrapper\">\n\t<div class=\"wpb_text_column wpb_content_element texto_parrafo text-larger\" >\n\t\t<div class=\"wpb_wrapper\">\n\t\t\t<p>Por: <strong>Redacci\u00f3n DCP<\/strong><\/p>\n<p>La celebraci\u00f3n de la Navidad ha sido un tema de debate entre cristianos a lo largo de los siglos. Algunos han cuestionado su origen y validez como una festividad cristiana debido a sus posibles ra\u00edces paganas, mientras que otros la han defendido como una oportunidad para reflexionar sobre el nacimiento de Cristo. En este art\u00edculo exploraremos la libertad que tenemos en Cristo para celebrar la Navidad, c\u00f3mo dicha libertad debe estar sujeta a la glorificaci\u00f3n de Dios y c\u00f3mo esta festividad puede ser una oportunidad para manifestar nuestra fe a trav\u00e9s de acciones concretas de amor y justicia.<\/p>\n<ol>\n<li><strong> Libertad cristiana y la celebraci\u00f3n de la Navidad<\/strong><\/li>\n<\/ol>\n<p>La libertad cristiana es un principio fundamental del Evangelio. Pablo escribe en <strong>Colosenses 2:16-17<\/strong>:<br \/>\n<em>\u00abPor tanto, nadie os juzgue en comida o en bebida, o en cuanto a d\u00edas de fiesta, luna nueva o d\u00edas de reposo; todo lo cual es sombra de lo que ha de venir; pero el cuerpo es de Cristo.\u00bb<\/em><\/p>\n<p>Este texto enfatiza que los creyentes ya no est\u00e1n sujetos a regulaciones legales sobre d\u00edas festivos u observancias espec\u00edficas. Nuestra libertad en Cristo nos permite participar o abstenernos de ciertas celebraciones, siempre que nuestra conciencia est\u00e9 limpia delante de Dios. Sin embargo, esta libertad no es una licencia para la indiferencia espiritual ni para satisfacer los deseos ego\u00edstas del coraz\u00f3n, sino una herramienta para glorificar a Dios en todo lo que hacemos (<strong>1 Corintios 10:31<\/strong>).<\/p>\n<p>Celebrar la Navidad como un recuerdo del nacimiento de Cristo es v\u00e1lido siempre y cuando la motivaci\u00f3n principal sea exaltar al Salvador y no sucumbir a las presiones culturales del materialismo y el consumismo que suelen dominar esta \u00e9poca.<\/p>\n<p>Para el creyente, toda \u00e9poca del a\u00f1o es Navidad en un sentido espiritual, porque cada d\u00eda celebramos a Jes\u00fas, su encarnaci\u00f3n, muerte y resurrecci\u00f3n. Sin embargo, dedicar un tiempo espec\u00edfico para recordar su nacimiento puede ser una oportunidad especial para proclamar el Evangelio y reflexionar sobre la gracia de Dios manifestada en Cristo.<\/p>\n<ol start=\"2\">\n<li><strong> Navidad: Una oportunidad para glorificar a Cristo<\/strong><\/li>\n<\/ol>\n<p>Aunque la Escritura no ordena expl\u00edcitamente la celebraci\u00f3n del nacimiento de Cristo, los evangelios dan un testimonio glorioso de su encarnaci\u00f3n. <strong>Lucas 2:10-14<\/strong> narra c\u00f3mo los \u00e1ngeles celebraron este evento proclamando:<br \/>\n<em>\u00abGloria a Dios en las alturas, y en la tierra paz, buena voluntad para con los hombres.\u00bb<\/em><\/p>\n<p>Siguiendo este ejemplo, la Navidad puede ser una ocasi\u00f3n para glorificar a Dios por su gracia manifestada en la encarnaci\u00f3n de su Hijo. La pregunta clave es: \u00bfC\u00f3mo glorificamos a Cristo en nuestra celebraci\u00f3n?<\/p>\n<p><strong>Evitar el ego\u00edsmo y el consumismo<\/strong><\/p>\n<p>La cultura moderna ha transformado la Navidad en un periodo de consumismo extremo. Las campa\u00f1as publicitarias nos invitan a gastar excesivamente en regalos y a centrar nuestra atenci\u00f3n en el entretenimiento, dejando de lado el verdadero significado de la festividad. Para los creyentes, esto es una trampa peligrosa, ya que Jes\u00fas mismo nos advierte contra el materialismo:<br \/>\n<em>\u00abMirad, y guardaos de toda avaricia; porque la vida del hombre no consiste en la abundancia de los bienes que posee.\u00bb<\/em> (<strong>Lucas 12:15<\/strong>).<\/p>\n<p>En lugar de centrarnos en la adquisici\u00f3n de bienes materiales, debemos redirigir nuestra atenci\u00f3n hacia la generosidad y la compasi\u00f3n, siguiendo el ejemplo de Cristo, quien vino no para ser servido, sino para servir (<strong>Mateo 20:28<\/strong>).<\/p>\n<p><strong>Pr\u00e1cticas que glorifican a Cristo en Navidad<\/strong><\/p>\n<ol>\n<li><strong>Ayuda a los pobres<\/strong>: La Escritura nos llama a recordar a los necesitados. <strong>Proverbios 19:17<\/strong> dice:<br \/>\n<em>\u00abA Jehov\u00e1 presta el que da al pobre, y el bien que ha hecho, se lo volver\u00e1 a pagar.\u00bb<\/em><\/li>\n<\/ol>\n<p>En Navidad, una forma concreta de glorificar a Cristo es dedicando recursos y tiempo a ayudar a quienes viven en pobreza. Esto puede incluir preparar canastas de alimentos, donar a organizaciones ben\u00e9ficas cristianas o participar en actividades de servicio comunitario.<\/p>\n<ol>\n<li><strong>Generosidad hacia los dem\u00e1s<\/strong>: Ser generoso no se limita a dar bienes materiales. Incluye el dar tiempo, atenci\u00f3n y palabras de consuelo. <strong>2 Corintios 9:7<\/strong> nos recuerda:<br \/>\n<em>\u00abCada uno d\u00e9 como propuso en su coraz\u00f3n: no con tristeza, ni por necesidad, porque Dios ama al dador alegre.\u00bb<\/em><\/li>\n<\/ol>\n<p>La generosidad refleja el car\u00e1cter de Cristo, quien dio su vida por nosotros.<\/p>\n<ol>\n<li><strong>Consuelo al sufriente<\/strong>: Durante la Navidad, muchas personas enfrentan soledad, p\u00e9rdida o depresi\u00f3n. Como cristianos, estamos llamados a ser instrumentos de consuelo y esperanza. <strong>2 Corintios 1:3-4<\/strong> dice que Dios nos consuela en nuestras tribulaciones para que podamos consolar a otros con el mismo consuelo que hemos recibido.<\/li>\n<\/ol>\n<ol start=\"3\">\n<li><strong> Navidad y el ejemplo de Cristo<\/strong><\/li>\n<\/ol>\n<p>El mensaje central de la Navidad es la encarnaci\u00f3n de Cristo, el Hijo de Dios, quien se humill\u00f3 al hacerse hombre para salvarnos. <strong>Filipenses 2:5-8<\/strong> describe esta humildad:<br \/>\n<em>\u00abHaya, pues, en vosotros este sentir que hubo tambi\u00e9n en Cristo Jes\u00fas, el cual, siendo en forma de Dios, no estim\u00f3 el ser igual a Dios como cosa a que aferrarse, sino que se despoj\u00f3 a s\u00ed mismo, tomando forma de siervo, hecho semejante a los hombres; y estando en la condici\u00f3n de hombre, se humill\u00f3 a s\u00ed mismo, haci\u00e9ndose obediente hasta la muerte, y muerte de cruz.\u00bb<\/em><\/p>\n<p>La humildad de Cristo es un modelo para nuestra vida diaria y para nuestra celebraci\u00f3n de la Navidad. Esto significa abandonar actitudes de orgullo, ego\u00edsmo o superioridad, y adoptar un coraz\u00f3n humilde que busque servir a los dem\u00e1s.<\/p>\n<ol start=\"4\">\n<li><strong> Navidad: Reflexi\u00f3n y acci\u00f3n<\/strong><\/li>\n<\/ol>\n<p>La verdadera celebraci\u00f3n de la Navidad debe ir m\u00e1s all\u00e1 de las palabras y los rituales. Santiago nos recuerda que la fe sin obras es muerta (<strong>Santiago 2:17<\/strong>). En este contexto, la Navidad puede ser un tiempo para poner en pr\u00e1ctica nuestra fe.<\/p>\n<ul>\n<li><strong>Reflexionar sobre el Evangelio<\/strong>: Dedicar tiempo a leer y meditar en los relatos del nacimiento de Cristo en los evangelios puede ayudarnos a centrar nuestra mente y coraz\u00f3n en lo esencial.<\/li>\n<li><strong>Reuniones familiares centradas en Cristo<\/strong>: Las reuniones navide\u00f1as son una oportunidad para compartir el Evangelio con amigos y familiares. Esto puede incluir la lectura de la Biblia, el canto de himnos cristianos y el testimonio personal.<\/li>\n<li><strong>Obras de amor<\/strong>: Planificar actividades pr\u00e1cticas para bendecir a otros, como visitar a los enfermos, escribir cartas de \u00e1nimo o preparar una comida especial para una familia necesitada.<\/li>\n<\/ul>\n<p><strong>Conclusi\u00f3n<\/strong><\/p>\n<p>La libertad que tenemos en Cristo nos permite celebrar la Navidad con gratitud y gozo, siempre y cuando nuestra motivaci\u00f3n sea glorificar a Dios y no complacernos en los deseos ego\u00edstas o en el consumismo. M\u00e1s all\u00e1 de los regalos y las decoraciones, la Navidad nos ofrece una oportunidad para manifestar el amor de Cristo al mundo, especialmente a trav\u00e9s de la ayuda a los pobres, la generosidad y el consuelo a los que sufren.<\/p>\n<p>Que este tiempo sea una ocasi\u00f3n para recordar el incre\u00edble regalo de la gracia de Dios en Cristo Jes\u00fas y para vivir como reflejo de su amor, llevando luz a un mundo en tinieblas. As\u00ed como los \u00e1ngeles proclamaron gloria a Dios en el nacimiento del Salvador, que nuestra celebraci\u00f3n tambi\u00e9n sea un testimonio que exalte a Cristo en todo lo que hacemos.<\/p>\n<p><em>\u00abPorque un ni\u00f1o nos es nacido, hijo nos es dado, y el principado sobre su hombro; y se llamar\u00e1 su nombre Admirable, Consejero, Dios Fuerte, Padre Eterno, Pr\u00edncipe de Paz.\u00bb<\/em> (<strong>Isa\u00edas 9:6<\/strong>).<\/p>\n\n\t\t<\/div>\n\t<\/div>\n<\/div><\/div><\/div><\/div><div class=\"vc_row wpb_row vc_row-fluid\"><div class=\"wpb_column vc_column_container vc_col-sm-12\"><div class=\"vc_column-inner\"><div class=\"wpb_wrapper\"><div class=\"vc_row wpb_row vc_inner vc_row-fluid\"><div class=\"wpb_column vc_column_container vc_col-sm-12\"><div class=\"vc_column-inner\"><div class=\"wpb_wrapper\">\t\t\t<link rel=\"stylesheet\" id=\"wd-section-title-css\" href=\"https:\/\/desarrollocristiano.pe\/wp-content\/themes\/woodmart\/css\/parts\/el-section-title.min.css?ver=8.2.7\" type=\"text\/css\" media=\"all\" \/> \t\t\t\t\t\t<link rel=\"stylesheet\" id=\"wd-mod-highlighted-text-css\" href=\"https:\/\/desarrollocristiano.pe\/wp-content\/themes\/woodmart\/css\/parts\/mod-highlighted-text.min.css?ver=8.2.7\" type=\"text\/css\" media=\"all\" \/> \t\t\t\n\t\t<div id=\"wd-6296826c864a3\" class=\"title-wrapper wd-wpb wd-set-mb reset-last-child  wd-rs-6296826c864a3 wd-title-color-default wd-title-style-default text-left vc_custom_1654030977032 wd-underline-colored\">\n\t\t\t\n\t\t\t<div class=\"liner-continer\">\n\t\t\t\t<h4 class=\"woodmart-title-container title  wd-font-weight- wd-fontsize-l\" >Libros relacionados recomendados<\/h4>\n\t\t\t\t\t\t\t<\/div>\n\t\t\t\n\t\t\t\n\t\t\t\n\t\t<\/div>\n\t\t\n\t\t<div class=\"woocommerce columns-4 \"><div class=\"wd-products-element\">\t\t\t<link rel=\"stylesheet\" id=\"wd-product-loop-css\" href=\"https:\/\/desarrollocristiano.pe\/wp-content\/themes\/woodmart\/css\/parts\/woo-product-loop.min.css?ver=8.2.7\" type=\"text\/css\" media=\"all\" \/> \t\t\t\t\t\t<link rel=\"stylesheet\" id=\"wd-product-loop-icons-css\" href=\"https:\/\/desarrollocristiano.pe\/wp-content\/themes\/woodmart\/css\/parts\/woo-product-loop-icons.min.css?ver=8.2.7\" type=\"text\/css\" media=\"all\" \/> \t\t\t\t\t\t<link rel=\"stylesheet\" id=\"wd-categories-loop-default-css\" href=\"https:\/\/desarrollocristiano.pe\/wp-content\/themes\/woodmart\/css\/parts\/woo-categories-loop-default-old.min.css?ver=8.2.7\" type=\"text\/css\" media=\"all\" \/> \t\t\t\t\t\t<link rel=\"stylesheet\" id=\"wd-woo-categories-loop-css\" href=\"https:\/\/desarrollocristiano.pe\/wp-content\/themes\/woodmart\/css\/parts\/woo-categories-loop.min.css?ver=8.2.7\" type=\"text\/css\" media=\"all\" \/> \t\t\t\t\t\t<link rel=\"stylesheet\" id=\"wd-categories-loop-css\" href=\"https:\/\/desarrollocristiano.pe\/wp-content\/themes\/woodmart\/css\/parts\/woo-categories-loop-old.min.css?ver=8.2.7\" type=\"text\/css\" media=\"all\" \/> \t\t\t\t\t\t\t<link rel=\"stylesheet\" id=\"wd-sticky-loader-css\" href=\"https:\/\/desarrollocristiano.pe\/wp-content\/themes\/woodmart\/css\/parts\/mod-sticky-loader.min.css?ver=8.2.7\" type=\"text\/css\" media=\"all\" \/> \t\t\t\t\t<div class=\"wd-sticky-loader wd-content-loader\"><span class=\"wd-loader\"><\/span><\/div>\n\t\t\n<div class=\"products wd-products wd-grid-g grid-columns-4 elements-grid pagination-pagination\" data-source=\"main_loop\" data-min_price=\"\" data-max_price=\"\" data-columns=\"4\" style=\"--wd-col-lg:4;--wd-col-md:4;--wd-col-sm:2;--wd-gap-lg:30px;--wd-gap-sm:10px;\">\n<div class=\"wd-product wd-hover-icons wd-col product-grid-item product type-product post-68109 status-publish instock product_cat-literatura product_cat-vida-cristiana product_cat-vida-cristiana-general has-post-thumbnail taxable shipping-taxable purchasable product-type-simple\" data-loop=\"1\" data-id=\"68109\">\n\t\n\t<div class=\"product-wrapper\">\n\t<div class=\"product-element-top wd-quick-shop\">\n\t\t<a href=\"https:\/\/desarrollocristiano.pe\/producto\/el-gozo-verdadero-de-la-navidad\/\" class=\"product-image-link\" aria-label=\"EL GOZO VERDADERO DE LA NAVIDAD\">\n\t\t\t<img loading=\"lazy\" decoding=\"async\" width=\"600\" height=\"852\" src=\"https:\/\/desarrollocristiano.pe\/wp-content\/uploads\/2020\/10\/9789585909625-1-600x852.jpg\" class=\"attachment-woocommerce_thumbnail size-woocommerce_thumbnail\" alt=\"EL GOZO VERDADERO DE LA NAVIDAD\" srcset=\"https:\/\/desarrollocristiano.pe\/wp-content\/uploads\/2020\/10\/9789585909625-1-600x852.jpg 600w, https:\/\/desarrollocristiano.pe\/wp-content\/uploads\/2020\/10\/9789585909625-1-150x213.jpg 150w, https:\/\/desarrollocristiano.pe\/wp-content\/uploads\/2020\/10\/9789585909625-1-320x454.jpg 320w, https:\/\/desarrollocristiano.pe\/wp-content\/uploads\/2020\/10\/9789585909625-1-768x1091.jpg 768w, https:\/\/desarrollocristiano.pe\/wp-content\/uploads\/2020\/10\/9789585909625-1.jpg 800w\" sizes=\"auto, (max-width: 600px) 100vw, 600px\" \/>\t\t<\/a>\n\n\t\t\t\t\t<div class=\"hover-img\">\n\t\t\t\t<img loading=\"lazy\" decoding=\"async\" width=\"600\" height=\"856\" src=\"https:\/\/desarrollocristiano.pe\/wp-content\/uploads\/2020\/10\/9789585909625-2-1-600x856.jpg\" class=\"attachment-woocommerce_thumbnail size-woocommerce_thumbnail\" alt=\"\" srcset=\"https:\/\/desarrollocristiano.pe\/wp-content\/uploads\/2020\/10\/9789585909625-2-1-600x856.jpg 600w, https:\/\/desarrollocristiano.pe\/wp-content\/uploads\/2020\/10\/9789585909625-2-1-150x214.jpg 150w, https:\/\/desarrollocristiano.pe\/wp-content\/uploads\/2020\/10\/9789585909625-2-1-320x456.jpg 320w, https:\/\/desarrollocristiano.pe\/wp-content\/uploads\/2020\/10\/9789585909625-2-1-768x1095.jpg 768w, https:\/\/desarrollocristiano.pe\/wp-content\/uploads\/2020\/10\/9789585909625-2-1.jpg 800w\" sizes=\"auto, (max-width: 600px) 100vw, 600px\" \/>\t\t\t<\/div>\n\t\t\t\n\t\t<div class=\"wrapp-buttons\">\n\t\t\t<div class=\"wd-buttons\">\n\t\t\t\t<div class=\"wd-add-btn wd-action-btn wd-style-icon wd-add-cart-icon\"><\/div>\n\t\t\t\t\t\t\t\t\t\t\t\t\t\t\t<link rel=\"stylesheet\" id=\"wd-mfp-popup-css\" href=\"https:\/\/desarrollocristiano.pe\/wp-content\/themes\/woodmart\/css\/parts\/lib-magnific-popup.min.css?ver=8.2.7\" type=\"text\/css\" media=\"all\" \/> \t\t\t\t\t<div class=\"quick-view wd-action-btn wd-style-icon wd-quick-view-icon\">\n\t\t\t<a\n\t\t\t\thref=\"https:\/\/desarrollocristiano.pe\/producto\/el-gozo-verdadero-de-la-navidad\/\"\n\t\t\t\tclass=\"open-quick-view quick-view-button\"\n\t\t\t\trel=\"nofollow\"\n\t\t\t\tdata-id=\"68109\"\n\t\t\t\t>Vista r\u00e1pida<\/a>\n\t\t<\/div>\n\t\t\t\t\t\t\t\t\t\t\t\t\t<\/div> \n\t\t<\/div>\n\t<\/div>\n\t\t\t\t\t<h3 class=\"wd-entities-title\"><a href=\"https:\/\/desarrollocristiano.pe\/producto\/el-gozo-verdadero-de-la-navidad\/\">EL GOZO VERDADERO DE LA NAVIDAD<\/a><\/h3>\t\t\t\t\t\t<div class=\"libro-info\" style=\"font-size:small\"><div class=\"libro-autor\"><span class=\"libro-autor-label\">Autor:<\/span> JOHN PIPER<\/div><div class=\"libro-editorial\"><span class=\"libro-editorial-label\">Editorial:<\/span> POIEMA<\/div><\/div>\n\t<span class=\"price\"><span class=\"woocommerce-Price-amount amount\"><bdi><span class=\"woocommerce-Price-currencySymbol\">S\/<\/span>13.00<\/bdi><\/span><\/span>\n\n\t\t\n\t\t\n\t\t\t<\/div>\n<\/div>\n<div class=\"wd-product wd-hover-icons wd-col product-grid-item product type-product post-71764 status-publish instock product_cat-literatura product_cat-vida-cristiana product_cat-vida-cristiana-general has-post-thumbnail taxable shipping-taxable purchasable product-type-simple\" data-loop=\"2\" data-id=\"71764\">\n\t\n\t<div class=\"product-wrapper\">\n\t<div class=\"product-element-top wd-quick-shop\">\n\t\t<a href=\"https:\/\/desarrollocristiano.pe\/producto\/la-navidad-oculta\/\" class=\"product-image-link\" aria-label=\"La Navidad oculta\">\n\t\t\t<img loading=\"lazy\" decoding=\"async\" width=\"247\" height=\"400\" src=\"https:\/\/desarrollocristiano.pe\/wp-content\/uploads\/2022\/01\/9781462765522.jpg\" class=\"attachment-woocommerce_thumbnail size-woocommerce_thumbnail\" alt=\"La Navidad oculta\" srcset=\"https:\/\/desarrollocristiano.pe\/wp-content\/uploads\/2022\/01\/9781462765522.jpg 247w, https:\/\/desarrollocristiano.pe\/wp-content\/uploads\/2022\/01\/9781462765522-150x243.jpg 150w\" sizes=\"auto, (max-width: 247px) 100vw, 247px\" \/>\t\t<\/a>\n\n\t\t\n\t\t<div class=\"wrapp-buttons\">\n\t\t\t<div class=\"wd-buttons\">\n\t\t\t\t<div class=\"wd-add-btn wd-action-btn wd-style-icon wd-add-cart-icon\"><\/div>\n\t\t\t\t\t\t\t\t\t\t\t\t\t\t<div class=\"quick-view wd-action-btn wd-style-icon wd-quick-view-icon\">\n\t\t\t<a\n\t\t\t\thref=\"https:\/\/desarrollocristiano.pe\/producto\/la-navidad-oculta\/\"\n\t\t\t\tclass=\"open-quick-view quick-view-button\"\n\t\t\t\trel=\"nofollow\"\n\t\t\t\tdata-id=\"71764\"\n\t\t\t\t>Vista r\u00e1pida<\/a>\n\t\t<\/div>\n\t\t\t\t\t\t\t\t\t\t\t\t\t<\/div> \n\t\t<\/div>\n\t<\/div>\n\t\t\t\t\t<h3 class=\"wd-entities-title\"><a href=\"https:\/\/desarrollocristiano.pe\/producto\/la-navidad-oculta\/\">La Navidad oculta<\/a><\/h3>\t\t\t\t\t\t<div class=\"libro-info\" style=\"font-size:small\"><div class=\"libro-autor\"><span class=\"libro-autor-label\">Autor:<\/span> TIMOTHY KELLER<\/div><div class=\"libro-editorial\"><span class=\"libro-editorial-label\">Editorial:<\/span> BROADMAN AND HOLMAN<\/div><\/div>\n\t<span class=\"price\"><span class=\"woocommerce-Price-amount amount\"><bdi><span class=\"woocommerce-Price-currencySymbol\">S\/<\/span>54.00<\/bdi><\/span><\/span>\n\n\t\t\n\t\t\n\t\t\t<\/div>\n<\/div>\n<div class=\"wd-product wd-hover-icons wd-col product-grid-item product type-product post-70461 status-publish last instock product_cat-familia product_cat-literatura product_cat-ninos has-post-thumbnail taxable shipping-taxable purchasable product-type-simple\" data-loop=\"3\" data-id=\"70461\">\n\t\n\t<div class=\"product-wrapper\">\n\t<div class=\"product-element-top wd-quick-shop\">\n\t\t<a href=\"https:\/\/desarrollocristiano.pe\/producto\/mi-pequena-historia-de-la-navidad\/\" class=\"product-image-link\" aria-label=\"MI PEQUE\u00d1A HISTORIA DE LA NAVIDAD\">\n\t\t\t<img loading=\"lazy\" decoding=\"async\" width=\"372\" height=\"400\" src=\"https:\/\/desarrollocristiano.pe\/wp-content\/uploads\/2020\/10\/9781558831711-1.jpg\" class=\"attachment-woocommerce_thumbnail size-woocommerce_thumbnail\" alt=\"MI PEQUE\u00d1A HISTORIA DE LA NAVIDAD\" srcset=\"https:\/\/desarrollocristiano.pe\/wp-content\/uploads\/2020\/10\/9781558831711-1.jpg 372w, https:\/\/desarrollocristiano.pe\/wp-content\/uploads\/2020\/10\/9781558831711-1-150x161.jpg 150w, https:\/\/desarrollocristiano.pe\/wp-content\/uploads\/2020\/10\/9781558831711-1-320x344.jpg 320w\" sizes=\"auto, (max-width: 372px) 100vw, 372px\" \/>\t\t<\/a>\n\n\t\t\n\t\t<div class=\"wrapp-buttons\">\n\t\t\t<div class=\"wd-buttons\">\n\t\t\t\t<div class=\"wd-add-btn wd-action-btn wd-style-icon wd-add-cart-icon\"><\/div>\n\t\t\t\t\t\t\t\t\t\t\t\t\t\t<div class=\"quick-view wd-action-btn wd-style-icon wd-quick-view-icon\">\n\t\t\t<a\n\t\t\t\thref=\"https:\/\/desarrollocristiano.pe\/producto\/mi-pequena-historia-de-la-navidad\/\"\n\t\t\t\tclass=\"open-quick-view quick-view-button\"\n\t\t\t\trel=\"nofollow\"\n\t\t\t\tdata-id=\"70461\"\n\t\t\t\t>Vista r\u00e1pida<\/a>\n\t\t<\/div>\n\t\t\t\t\t\t\t\t\t\t\t\t\t<\/div> \n\t\t<\/div>\n\t<\/div>\n\t\t\t\t\t<h3 class=\"wd-entities-title\"><a href=\"https:\/\/desarrollocristiano.pe\/producto\/mi-pequena-historia-de-la-navidad\/\">MI PEQUE\u00d1A HISTORIA DE LA NAVIDAD<\/a><\/h3>\t\t\t\t\t\t<div class=\"libro-info\" style=\"font-size:small\"><div class=\"libro-autor\"><span class=\"libro-autor-label\">Autores:<\/span> AMANDA GULLIVER, CHRISTINA GOODINGS<\/div><div class=\"libro-editorial\"><span class=\"libro-editorial-label\">Editorial:<\/span> LIBROS DESAFIO<\/div><\/div>\n\t<span class=\"price\"><span class=\"woocommerce-Price-amount amount\"><bdi><span class=\"woocommerce-Price-currencySymbol\">S\/<\/span>29.00<\/bdi><\/span><\/span>\n\n\t\t\n\t\t\n\t\t\t<\/div>\n<\/div>\n<\/div>\n<\/div><\/div><\/div><\/div><\/div><\/div><\/div><\/div><\/div><\/div>\n<\/div>\t\t\t\t\t<\/div>\n\t\t\t\t\n\t\t\t\t\t\t\t\t\t<\/div>\n\t<\/div>\n<\/article>\n\n\t\t\t\t\t\t\t\t\t\t\t\n<article id=\"post-90212\" class=\"wd-post blog-design-chess blog-post-loop blog-design-small-images blog-style-bg wd-add-shadow wd-col post-90212 post type-post status-publish format-standard has-post-thumbnail hentry category-vida-cristiana\">\n\t<div class=\"wd-post-inner article-inner\">\n\t\t\t\t\t<div class=\"wd-post-thumb entry-header\">\n\t\t\t\t\t\t\t\t\t<div class=\"wd-post-img post-img-wrapp\">\n\t\t\t\t\t\t<img width=\"320\" height=\"160\" src=\"https:\/\/desarrollocristiano.pe\/wp-content\/uploads\/2024\/11\/Navidad-consumismo-320x160.jpg\" class=\"attachment-large size-large\" alt=\"\" decoding=\"async\" loading=\"lazy\" srcset=\"https:\/\/desarrollocristiano.pe\/wp-content\/uploads\/2024\/11\/Navidad-consumismo-320x160.jpg 320w, https:\/\/desarrollocristiano.pe\/wp-content\/uploads\/2024\/11\/Navidad-consumismo-600x300.jpg 600w, https:\/\/desarrollocristiano.pe\/wp-content\/uploads\/2024\/11\/Navidad-consumismo-150x75.jpg 150w, https:\/\/desarrollocristiano.pe\/wp-content\/uploads\/2024\/11\/Navidad-consumismo-400x200.jpg 400w, https:\/\/desarrollocristiano.pe\/wp-content\/uploads\/2024\/11\/Navidad-consumismo.jpg 700w\" sizes=\"auto, (max-width: 320px) 100vw, 320px\" \/>\t\t\t\t\t<\/div>\n\t\t\t\t\t<a class=\"wd-fill\" href=\"https:\/\/desarrollocristiano.pe\/el-cristiano-frente-al-consumismo-una-perspectiva-biblica-en-la-epoca-navidena\/\"><\/a>\n\t\t\t\t\n\t\t\t\t\t\t\t\t\t\t\t\t<div class=\"wd-post-date wd-style-with-bg\">\n\t\t\t\t<span class=\"post-date-day\">\n\t\t\t\t\t11\t\t\t\t<\/span>\n\t\t\t\t<span class=\"post-date-month\">\n\t\t\t\t\tDic\t\t\t\t<\/span>\n\t\t\t<\/div>\n\t\t\t\t\t\t\t\t\t<\/div>\n\t\t\n\t\t<div class=\"wd-post-content article-body-container\">\n\t\t\t\t\t\t\t<div class=\"wd-post-cat wd-style-with-bg meta-post-categories\">\n\t\t\t\t\t<a href=\"https:\/\/desarrollocristiano.pe\/categorias\/vida-cristiana\/\" rel=\"category tag\">Vida Cristiana<\/a>\t\t\t\t<\/div>\n\t\t\t\n\t\t\t\t\t\t\t<h3 class=\"wd-post-title wd-entities-title title post-title\">\n\t\t\t\t\t<a href=\"https:\/\/desarrollocristiano.pe\/el-cristiano-frente-al-consumismo-una-perspectiva-biblica-en-la-epoca-navidena\/\" rel=\"bookmark\">El Cristiano Frente al Consumismo: Una Perspectiva B\u00edblica en la \u00c9poca Navide\u00f1a<\/a>\n\t\t\t\t<\/h3>\n\t\t\t\n\t\t\t\t\t\t\t<div class=\"wd-post-meta\">\n\t\t\t\t\t\t\t\t\t\t\t\t\t\t\t<div class=\"wd-post-author\">\n\t\t\t\t\t\t\t\t\t\t\t<span>Posteado por<\/span>\n\t\t\n\t\t\t\t\t<img alt='author-avatar' src='https:\/\/secure.gravatar.com\/avatar\/8f331515e2139e7ffacac78d5e21bc88ee625065cad5d063ef4da73b7cbcfc2d?s=18&#038;d=mm&#038;r=g' srcset='https:\/\/secure.gravatar.com\/avatar\/8f331515e2139e7ffacac78d5e21bc88ee625065cad5d063ef4da73b7cbcfc2d?s=36&#038;d=mm&#038;r=g 2x' class='avatar avatar-18 photo' height='18' width='18' loading='lazy' decoding='async'\/>\t\t\n\t\t\t\t\t<a href=\"https:\/\/desarrollocristiano.pe\/author\/aprnimda7720\/\" class=\"author\" rel=\"author\">Administrador<\/a>\n\t\t\t\t\t\t\t\t\t<\/div>\n\t\t\t\t\t<div class=\"wd-modified-date\">\n\t\t\t\t\t\t\t\t<time class=\"updated\" datetime=\"2024-12-11T12:54:05-05:00\">\n\t\t\t11\/12\/2024\t\t<\/time>\n\t\t\t\t\t\t\t<\/div>\n\n\t\t\t\t\t\t\t\t\t\t\t<div class=\"wd-post-share wd-tltp\">\n\t\t\t\t\t\t\t<div class=\"tooltip top\">\n\t\t\t\t\t\t\t\t<div class=\"tooltip-inner\">\n\t\t\t\t\t\t\t\t\t\t\t\t<div\n\t\t\t\t\t\tclass=\" wd-social-icons  wd-style-default wd-size-small social-share wd-shape-circle color-scheme-light text-center\">\n\t\t\t\t\n\t\t\t\t\n\t\t\t\t\t\t\t\t\t<a rel=\"noopener noreferrer nofollow\" href=\"https:\/\/www.facebook.com\/sharer\/sharer.php?u=https:\/\/desarrollocristiano.pe\/articulos-pastorales\/\" target=\"_blank\" class=\" wd-social-icon social-facebook\" aria-label=\"Facebook social link\">\n\t\t\t\t\t\t<span class=\"wd-icon\"><\/span>\n\t\t\t\t\t\t\t\t\t\t\t<\/a>\n\t\t\t\t\n\t\t\t\t\t\t\t\t\t<a rel=\"noopener noreferrer nofollow\" href=\"https:\/\/x.com\/share?url=https:\/\/desarrollocristiano.pe\/articulos-pastorales\/\" target=\"_blank\" class=\" wd-social-icon social-twitter\" aria-label=\"X social link\">\n\t\t\t\t\t\t<span class=\"wd-icon\"><\/span>\n\t\t\t\t\t\t\t\t\t\t\t<\/a>\n\t\t\t\t\n\t\t\t\t\n\t\t\t\t\t\t\t\t\t<a rel=\"noopener noreferrer nofollow\" href=\"mailto:?subject=Check%20this%20https:\/\/desarrollocristiano.pe\/articulos-pastorales\/\" target=\"_blank\" class=\" wd-social-icon social-email\" aria-label=\"Email social link\">\n\t\t\t\t\t\t<span class=\"wd-icon\"><\/span>\n\t\t\t\t\t\t\t\t\t\t\t<\/a>\n\t\t\t\t\n\t\t\t\t\n\t\t\t\t\n\t\t\t\t\n\t\t\t\t\t\t\t\t\t<a rel=\"noopener noreferrer nofollow\" href=\"https:\/\/pinterest.com\/pin\/create\/button\/?url=https:\/\/desarrollocristiano.pe\/articulos-pastorales\/&media=https:\/\/desarrollocristiano.pe\/wp-content\/uploads\/2024\/11\/Navidad-consumismo.jpg&description=El+Cristiano+Frente+al+Consumismo%3A+Una+Perspectiva+B%C3%ADblica+en+la+%C3%89poca+Navide%C3%B1a\" target=\"_blank\" class=\" wd-social-icon social-pinterest\" aria-label=\"Pinterest social link\">\n\t\t\t\t\t\t<span class=\"wd-icon\"><\/span>\n\t\t\t\t\t\t\t\t\t\t\t<\/a>\n\t\t\t\t\n\t\t\t\t\n\t\t\t\t\t\t\t\t\t<a rel=\"noopener noreferrer nofollow\" href=\"https:\/\/www.linkedin.com\/shareArticle?mini=true&url=https:\/\/desarrollocristiano.pe\/articulos-pastorales\/\" target=\"_blank\" class=\" wd-social-icon social-linkedin\" aria-label=\"Linkedin social link\">\n\t\t\t\t\t\t<span class=\"wd-icon\"><\/span>\n\t\t\t\t\t\t\t\t\t\t\t<\/a>\n\t\t\t\t\n\t\t\t\t\n\t\t\t\t\n\t\t\t\t\n\t\t\t\t\n\t\t\t\t\n\t\t\t\t\n\t\t\t\t\n\t\t\t\t\n\t\t\t\t\t\t\t\t\t<a rel=\"noopener noreferrer nofollow\" href=\"https:\/\/api.whatsapp.com\/send?text=https%3A%2F%2Fdesarrollocristiano.pe%2Farticulos-pastorales%2F\" target=\"_blank\" class=\"wd-hide-md  wd-social-icon social-whatsapp\" aria-label=\"WhatsApp social link\">\n\t\t\t\t\t\t<span class=\"wd-icon\"><\/span>\n\t\t\t\t\t\t\t\t\t\t\t<\/a>\n\n\t\t\t\t\t<a rel=\"noopener noreferrer nofollow\" href=\"whatsapp:\/\/send?text=https%3A%2F%2Fdesarrollocristiano.pe%2Farticulos-pastorales%2F\" target=\"_blank\" class=\"wd-hide-lg  wd-social-icon social-whatsapp\" aria-label=\"WhatsApp social link\">\n\t\t\t\t\t\t<span class=\"wd-icon\"><\/span>\n\t\t\t\t\t\t\t\t\t\t\t<\/a>\n\t\t\t\t\n\t\t\t\t\n\t\t\t\t\n\t\t\t\t\n\t\t\t\t\n\t\t\t\t\n\t\t\t\t\t\t\t\t\t<a rel=\"noopener noreferrer nofollow\" href=\"https:\/\/telegram.me\/share\/url?url=https:\/\/desarrollocristiano.pe\/articulos-pastorales\/\" target=\"_blank\" class=\" wd-social-icon social-tg\" aria-label=\"Telegram social link\">\n\t\t\t\t\t\t<span class=\"wd-icon\"><\/span>\n\t\t\t\t\t\t\t\t\t\t\t<\/a>\n\t\t\t\t\n\t\t\t\t\n\t\t\t<\/div>\n\n\t\t\t\t\t\t\t\t\t\t<\/div>\n\t\t\t\t\t\t\t\t<div class=\"tooltip-arrow\"><\/div>\n\t\t\t\t\t\t\t<\/div>\n\t\t\t\t\t\t<\/div>\n\t\t\t\t\t\n\t\t\t\t\t\t\t\t\t\t\t\t\t\t\t\t\t<div class=\"wd-post-reply wd-style-1\">\n\t\t\t\t\t\t\t<a href=\"https:\/\/desarrollocristiano.pe\/el-cristiano-frente-al-consumismo-una-perspectiva-biblica-en-la-epoca-navidena\/#respond\"><span class=\"wd-replies-count\">0<\/span><\/a>\t\t\t\t\t\t<\/div>\n\t\t\t\t\t\t\t\t\t<\/div>\n\t\t\t\n\t\t\t\t\t\t\t\t\t\t\t\t<div class=\"wd-post-excerpt entry-content\">\n\t\t\t\t\t\t<div class=\"wpb-content-wrapper\"><div class=\"vc_row wpb_row vc_row-fluid\"><div class=\"wpb_column vc_column_container vc_col-sm-12\"><div class=\"vc_column-inner\"><div class=\"wpb_wrapper\">\n\t<div class=\"wpb_text_column wpb_content_element texto_parrafo text-larger\" >\n\t\t<div class=\"wpb_wrapper\">\n\t\t\t<p>Por: <strong>Redacci\u00f3n DCP<\/strong><\/p>\n<p>En una \u00e9poca donde el materialismo ha alcanzado proporciones casi religiosas, d\u00edas como el <strong>Black Friday y la Navidad<\/strong>, la cual deber\u00eda ser una celebraci\u00f3n centrada en el nacimiento de nuestro Salvador, se han convertido en temporadas marcadas por el frenes\u00ed consumista. Es com\u00fan ver que en la \u00e9poca navide\u00f1a miles de personas llenan centros comerciales y plataformas digitales, buscando regalos y ofertas, en lo que se ha transformado en un ritual de consumo masivo. Como creyentes, es imperativo que examinemos esta realidad a la luz de las Escrituras y desarrollemos una respuesta b\u00edblica ante este fen\u00f3meno cultural.<\/p>\n<h2>La Ra\u00edz del Problema: Una Cosmovisi\u00f3n Materialista<\/h2>\n<p>El ap\u00f3stol Pablo advirti\u00f3 que <em>\u00ablos que quieren enriquecerse caen en tentaci\u00f3n y lazo, y en muchas codicias necias y da\u00f1osas, que hunden a los hombres en destrucci\u00f3n y perdici\u00f3n\u00bb<\/em> (1 Timoteo 6:9). Esta advertencia resuena con particular relevancia en nuestra era de consumismo desenfrenado. La Navidad, m\u00e1s que un tiempo de reflexi\u00f3n y gratitud, se ha convertido en un s\u00edmbolo de una cosmovisi\u00f3n que coloca la adquisici\u00f3n material en el centro de la existencia humana.<\/p>\n<p>La sociedad moderna ha adoptado lo que podr\u00edamos llamar una \u00abteolog\u00eda de la prosperidad secular\u00bb, donde la felicidad y la realizaci\u00f3n personal se miden por la capacidad de consumo. Esta perspectiva contradice directamente la ense\u00f1anza de nuestro Se\u00f1or Jesucristo, quien advirti\u00f3: <em>\u00abMirad, y guardaos de toda avaricia; porque la vida del hombre no consiste en la abundancia de los bienes que posee\u00bb<\/em> (Lucas 12:15).<\/p>\n<h2>El Consumismo como Idolatr\u00eda Moderna<\/h2>\n<p>Cuando examinamos el fen\u00f3meno del consumismo navide\u00f1o desde una perspectiva b\u00edblica, no podemos evitar ver los paralelos con la idolatr\u00eda antigua. As\u00ed como los israelitas construyeron un becerro de oro en el desierto, el hombre moderno ha erigido templos al consumo en forma de centros comerciales y plataformas de comercio electr\u00f3nico. La adoraci\u00f3n ya no se dirige a estatuas de madera o piedra, sino a las \u00faltimas tendencias tecnol\u00f3gicas y los regalos m\u00e1s populares.<\/p>\n<p>El profeta Isa\u00edas escribi\u00f3 sobre aquellos que <em>\u00abadoran la obra de sus manos, lo que fabricaron sus dedos\u00bb<\/em> (Isa\u00edas 2:8). \u00bfNo es esto precisamente lo que observamos en la veneraci\u00f3n moderna de los bienes materiales? Las compras compulsivas, el endeudamiento por regalos, y el af\u00e1n por cumplir con las expectativas sociales son manifestaciones contempor\u00e1neas de esta antigua forma de idolatr\u00eda.<\/p>\n<h2>La Respuesta B\u00edblica al Consumismo<\/h2>\n<p>El ant\u00eddoto b\u00edblico para el consumismo comienza con el contentamiento en Cristo. Pablo escribi\u00f3: <em>\u00abHe aprendido a contentarme, cualquiera que sea mi situaci\u00f3n\u00bb<\/em> (Filipenses 4:11). Este contentamiento no es una resignaci\u00f3n pasiva, sino una profunda satisfacci\u00f3n que surge de reconocer que en Cristo tenemos <em>\u00abtodas las cosas que pertenecen a la vida y a la piedad\u00bb<\/em> (2 Pedro 1:3).<\/p>\n<p>La Biblia no condena la celebraci\u00f3n ni la posesi\u00f3n de bienes materiales, pero nos llama a ser mayordomos sabios de los recursos que Dios nos ha confiado. Las compras navide\u00f1as deben evaluarse bajo la luz de la mayordom\u00eda cristiana. Debemos preguntarnos si nuestras decisiones reflejan necesidades reales y gratitud a Dios, o si est\u00e1n impulsadas por el deseo de cumplir expectativas sociales o satisfacer anhelos insatisfechos de nuestro coraz\u00f3n.<\/p>\n<p>Jes\u00fas nos instruy\u00f3 a <em>\u00abbuscar primeramente el reino de Dios y su justicia\u00bb<\/em> (Mateo 6:33). Esta instrucci\u00f3n fundamental debe permear cada decisi\u00f3n, evaluando su impacto en nuestra vida espiritual y en el avance del Reino de Dios. Aclaramos que el problema no est\u00e1 en las compras en s\u00ed mismas, sino en el coraz\u00f3n con el que se hacen. Cuando buscamos en ellas la felicidad o seguridad que solo el Se\u00f1or puede dar, corremos el riesgo de alejarnos de \u00c9l.<\/p>\n<h2>Viviendo la Verdad en un Mundo Consumista<\/h2>\n<p>Como creyentes, estamos llamados a ejercer discernimiento espiritual en todas las \u00e1reas de nuestra vida, incluyendo nuestros h\u00e1bitos de consumo. Esto significa examinar cuidadosamente nuestras motivaciones antes de realizar compras, aprender a distinguir entre necesidades reales y deseos superfluos, y considerar seriamente el impacto de nuestras decisiones en nuestro testimonio cristiano.<\/p>\n<p>En lugar de participar en el frenes\u00ed consumista, debemos enfocarnos en la generosidad. <em>\u00abM\u00e1s bienaventurado es dar que recibir\u00bb<\/em> (Hechos 20:35). Quiz\u00e1s, en lugar de gastar excesivamente en regalos, podr\u00edamos invertir en el Reino de Dios, ya sea a trav\u00e9s de donaciones, apoyo a obras misioneras, o ayuda a los necesitados.<\/p>\n<p>El estilo de vida cristiano debe caracterizarse por una simplicidad que refleje nuestra ciudadan\u00eda celestial. Pablo exhort\u00f3: <em>\u00abTeniendo sustento y abrigo, estemos contentos con esto\u00bb<\/em> (1 Timoteo 6:8). Esta simplicidad no es pobreza autoimpuesta, sino una liberaci\u00f3n de la tiran\u00eda del materialismo que nos permite vivir con libertad y contentamiento en Cristo.<\/p>\n<h2>Conclusi\u00f3n: Una Perspectiva Equilibrada<\/h2>\n<p>Como cristianos, no estamos llamados a un ascetismo radical ni a un rechazo total de las celebraciones navide\u00f1as. Sin embargo, debemos mantener una perspectiva b\u00edblica equilibrada que reconozca que <em>\u00abla piedad con contentamiento es gran ganancia\u00bb<\/em> (1 Timoteo 6:6).<\/p>\n<p>La Navidad, como cualquier otra expresi\u00f3n de la cultura consumista, debe ser abordada con sabidur\u00eda espiritual y discernimiento b\u00edblico. Que nuestras decisiones reflejen que tenemos un tesoro mayor que cualquier regalo temporal: <em>\u00abporque donde est\u00e9 vuestro tesoro, all\u00ed estar\u00e1 tambi\u00e9n vuestro coraz\u00f3n\u00bb<\/em> (Mateo 6:21).<\/p>\n<p>Que esta temporada sea un testimonio de nuestra verdadera riqueza en Cristo, reflejando nuestra herencia incorruptible y nuestra esperanza en el Salvador cuyo nacimiento celebramos.<\/p>\n<p>En un art\u00edculo anterior, exploramos el consumismo durante el Black Friday, puedes leer <a href=\"https:\/\/desarrollocristiano.pe\/la-cosmovision-biblica-del-consumismo-reflexionando-sobre-el-black-friday\/\">el art\u00edculo aqu\u00ed<\/a><\/p>\n\n\t\t<\/div>\n\t<\/div>\n<\/div><\/div><\/div><\/div><div class=\"vc_row wpb_row vc_row-fluid\"><div class=\"wpb_column vc_column_container vc_col-sm-12\"><div class=\"vc_column-inner\"><div class=\"wpb_wrapper\"><div class=\"vc_row wpb_row vc_inner vc_row-fluid\"><div class=\"wpb_column vc_column_container vc_col-sm-12\"><div class=\"vc_column-inner\"><div class=\"wpb_wrapper\">\n\t\t<div id=\"wd-6296826c864a3\" class=\"title-wrapper wd-wpb wd-set-mb reset-last-child  wd-rs-6296826c864a3 wd-title-color-default wd-title-style-default text-left vc_custom_1654030977032 wd-underline-colored\">\n\t\t\t\n\t\t\t<div class=\"liner-continer\">\n\t\t\t\t<h4 class=\"woodmart-title-container title  wd-font-weight- wd-fontsize-l\" >Libros relacionados recomendados<\/h4>\n\t\t\t\t\t\t\t<\/div>\n\t\t\t\n\t\t\t\n\t\t\t\n\t\t<\/div>\n\t\t\n\t\t<div class=\"woocommerce columns-4 \"><div class=\"wd-products-element\">\t\t\t<div class=\"wd-sticky-loader wd-content-loader\"><span class=\"wd-loader\"><\/span><\/div>\n\t\t\n<div class=\"products wd-products wd-grid-g grid-columns-4 elements-grid pagination-pagination\" data-source=\"main_loop\" data-min_price=\"\" data-max_price=\"\" data-columns=\"4\" style=\"--wd-col-lg:4;--wd-col-md:4;--wd-col-sm:2;--wd-gap-lg:30px;--wd-gap-sm:10px;\">\n<div class=\"wd-product wd-hover-icons wd-col product-grid-item product type-product post-67839 status-publish first instock product_cat-estudio-biblico product_cat-iglesia product_cat-ministerio-eclesial has-post-thumbnail taxable shipping-taxable purchasable product-type-simple\" data-loop=\"4\" data-id=\"67839\">\n\t\n\t<div class=\"product-wrapper\">\n\t<div class=\"product-element-top wd-quick-shop\">\n\t\t<a href=\"https:\/\/desarrollocristiano.pe\/producto\/el-camino-de-jesus\/\" class=\"product-image-link\" aria-label=\"EL CAMINO DE JESUS,\">\n\t\t\t<img loading=\"lazy\" decoding=\"async\" width=\"349\" height=\"500\" src=\"https:\/\/desarrollocristiano.pe\/wp-content\/uploads\/2020\/10\/9781588025418-1.jpg\" class=\"attachment-woocommerce_thumbnail size-woocommerce_thumbnail\" alt=\"EL CAMINO DE JESUS\" srcset=\"https:\/\/desarrollocristiano.pe\/wp-content\/uploads\/2020\/10\/9781588025418-1.jpg 349w, https:\/\/desarrollocristiano.pe\/wp-content\/uploads\/2020\/10\/9781588025418-1-150x215.jpg 150w, https:\/\/desarrollocristiano.pe\/wp-content\/uploads\/2020\/10\/9781588025418-1-320x458.jpg 320w\" sizes=\"auto, (max-width: 349px) 100vw, 349px\" \/>\t\t<\/a>\n\n\t\t\n\t\t<div class=\"wrapp-buttons\">\n\t\t\t<div class=\"wd-buttons\">\n\t\t\t\t<div class=\"wd-add-btn wd-action-btn wd-style-icon wd-add-cart-icon\"><\/div>\n\t\t\t\t\t\t\t\t\t\t\t\t\t\t<div class=\"quick-view wd-action-btn wd-style-icon wd-quick-view-icon\">\n\t\t\t<a\n\t\t\t\thref=\"https:\/\/desarrollocristiano.pe\/producto\/el-camino-de-jesus\/\"\n\t\t\t\tclass=\"open-quick-view quick-view-button\"\n\t\t\t\trel=\"nofollow\"\n\t\t\t\tdata-id=\"67839\"\n\t\t\t\t>Vista r\u00e1pida<\/a>\n\t\t<\/div>\n\t\t\t\t\t\t\t\t\t\t\t\t\t<\/div> \n\t\t<\/div>\n\t<\/div>\n\t\t\t\t\t<h3 class=\"wd-entities-title\"><a href=\"https:\/\/desarrollocristiano.pe\/producto\/el-camino-de-jesus\/\">EL CAMINO DE JESUS,<\/a><\/h3>\t\t\t\t\t\t<div class=\"libro-info\" style=\"font-size:small\"><div class=\"libro-autor\"><span class=\"libro-autor-label\">Autor:<\/span> EUGENE PETERSON<\/div><div class=\"libro-editorial\"><span class=\"libro-editorial-label\">Editorial:<\/span> PATMOS<\/div><\/div>\n\t<span class=\"price\"><span class=\"woocommerce-Price-amount amount\"><bdi><span class=\"woocommerce-Price-currencySymbol\">S\/<\/span>37.00<\/bdi><\/span><\/span>\n\n\t\t\n\t\t\n\t\t\t<\/div>\n<\/div>\n<div class=\"wd-product wd-hover-icons wd-col product-grid-item product type-product post-71011 status-publish instock product_cat-cosmovision product_cat-iglesia product_cat-realidad-contemporanea has-post-thumbnail taxable shipping-taxable purchasable product-type-simple\" data-loop=\"5\" data-id=\"71011\">\n\t\n\t<div class=\"product-wrapper\">\n\t<div class=\"product-element-top wd-quick-shop\">\n\t\t<a href=\"https:\/\/desarrollocristiano.pe\/producto\/una-vida-justa-y-sencilla\/\" class=\"product-image-link\" aria-label=\"Una vida justa y sencilla\">\n\t\t\t<img loading=\"lazy\" decoding=\"async\" width=\"334\" height=\"499\" src=\"https:\/\/desarrollocristiano.pe\/wp-content\/uploads\/2021\/01\/9788494790799.jpg\" class=\"attachment-woocommerce_thumbnail size-woocommerce_thumbnail\" alt=\"Una vida justa y sencilla\" srcset=\"https:\/\/desarrollocristiano.pe\/wp-content\/uploads\/2021\/01\/9788494790799.jpg 334w, https:\/\/desarrollocristiano.pe\/wp-content\/uploads\/2021\/01\/9788494790799-150x224.jpg 150w, https:\/\/desarrollocristiano.pe\/wp-content\/uploads\/2021\/01\/9788494790799-320x478.jpg 320w\" sizes=\"auto, (max-width: 334px) 100vw, 334px\" \/>\t\t<\/a>\n\n\t\t\n\t\t<div class=\"wrapp-buttons\">\n\t\t\t<div class=\"wd-buttons\">\n\t\t\t\t<div class=\"wd-add-btn wd-action-btn wd-style-icon wd-add-cart-icon\"><\/div>\n\t\t\t\t\t\t\t\t\t\t\t\t\t\t<div class=\"quick-view wd-action-btn wd-style-icon wd-quick-view-icon\">\n\t\t\t<a\n\t\t\t\thref=\"https:\/\/desarrollocristiano.pe\/producto\/una-vida-justa-y-sencilla\/\"\n\t\t\t\tclass=\"open-quick-view quick-view-button\"\n\t\t\t\trel=\"nofollow\"\n\t\t\t\tdata-id=\"71011\"\n\t\t\t\t>Vista r\u00e1pida<\/a>\n\t\t<\/div>\n\t\t\t\t\t\t\t\t\t\t\t\t\t<\/div> \n\t\t<\/div>\n\t<\/div>\n\t\t\t\t\t<h3 class=\"wd-entities-title\"><a href=\"https:\/\/desarrollocristiano.pe\/producto\/una-vida-justa-y-sencilla\/\">Una vida justa y sencilla<\/a><\/h3>\t\t\t\t\t\t<div class=\"libro-info\" style=\"font-size:small\"><div class=\"libro-autor\"><span class=\"libro-autor-label\">Autor:<\/span> Ruth Valerio<\/div><div class=\"libro-editorial\"><span class=\"libro-editorial-label\">Editorial:<\/span> EDITORIAL ANDAMIO<\/div><\/div>\n\t<span class=\"price\"><span class=\"woocommerce-Price-amount amount\"><bdi><span class=\"woocommerce-Price-currencySymbol\">S\/<\/span>87.00<\/bdi><\/span><\/span>\n\n\t\t\n\t\t\n\t\t\t<\/div>\n<\/div>\n<\/div>\n<\/div><\/div><\/div><\/div><\/div><\/div><\/div><\/div><\/div><\/div>\n<\/div>\t\t\t\t\t<\/div>\n\t\t\t\t\n\t\t\t\t\t\t\t\t\t<\/div>\n\t<\/div>\n<\/article>\n\n\t\t\t\t\t\t\t\t\t\t\t\n<article id=\"post-90209\" class=\"wd-post blog-design-chess blog-post-loop blog-design-small-images blog-style-bg wd-add-shadow wd-col post-90209 post type-post status-publish format-standard has-post-thumbnail hentry category-vida-cristiana tag-administracion-de-recursos tag-black-friday tag-consumismo tag-contentamiento-cristiano tag-cosmovision-biblica tag-cristianismo-practico tag-generosidad tag-idolatria tag-mayordomia-cristiana tag-prioridades-espirituales\">\n\t<div class=\"wd-post-inner article-inner\">\n\t\t\t\t\t<div class=\"wd-post-thumb entry-header\">\n\t\t\t\t\t\t\t\t\t<div class=\"wd-post-img post-img-wrapp\">\n\t\t\t\t\t\t<img width=\"320\" height=\"160\" src=\"https:\/\/desarrollocristiano.pe\/wp-content\/uploads\/2024\/11\/BF-consumismo-320x160.jpg\" class=\"attachment-large size-large\" alt=\"mujer tomando una decisi\u00f3n entre ir a la iglesia o entregarse al consumismo\" decoding=\"async\" loading=\"lazy\" srcset=\"https:\/\/desarrollocristiano.pe\/wp-content\/uploads\/2024\/11\/BF-consumismo-320x160.jpg 320w, https:\/\/desarrollocristiano.pe\/wp-content\/uploads\/2024\/11\/BF-consumismo-600x300.jpg 600w, https:\/\/desarrollocristiano.pe\/wp-content\/uploads\/2024\/11\/BF-consumismo-150x75.jpg 150w, https:\/\/desarrollocristiano.pe\/wp-content\/uploads\/2024\/11\/BF-consumismo-400x200.jpg 400w, https:\/\/desarrollocristiano.pe\/wp-content\/uploads\/2024\/11\/BF-consumismo.jpg 700w\" sizes=\"auto, (max-width: 320px) 100vw, 320px\" \/>\t\t\t\t\t<\/div>\n\t\t\t\t\t<a class=\"wd-fill\" href=\"https:\/\/desarrollocristiano.pe\/la-cosmovision-biblica-del-consumismo-reflexionando-sobre-el-black-friday\/\"><\/a>\n\t\t\t\t\n\t\t\t\t\t\t\t\t\t\t\t\t<div class=\"wd-post-date wd-style-with-bg\">\n\t\t\t\t<span class=\"post-date-day\">\n\t\t\t\t\t25\t\t\t\t<\/span>\n\t\t\t\t<span class=\"post-date-month\">\n\t\t\t\t\tNov\t\t\t\t<\/span>\n\t\t\t<\/div>\n\t\t\t\t\t\t\t\t\t<\/div>\n\t\t\n\t\t<div class=\"wd-post-content article-body-container\">\n\t\t\t\t\t\t\t<div class=\"wd-post-cat wd-style-with-bg meta-post-categories\">\n\t\t\t\t\t<a href=\"https:\/\/desarrollocristiano.pe\/categorias\/vida-cristiana\/\" rel=\"category tag\">Vida Cristiana<\/a>\t\t\t\t<\/div>\n\t\t\t\n\t\t\t\t\t\t\t<h3 class=\"wd-post-title wd-entities-title title post-title\">\n\t\t\t\t\t<a href=\"https:\/\/desarrollocristiano.pe\/la-cosmovision-biblica-del-consumismo-reflexionando-sobre-el-black-friday\/\" rel=\"bookmark\">La cosmovisi\u00f3n b\u00edblica del consumismo: Reflexionando sobre el Black Friday<\/a>\n\t\t\t\t<\/h3>\n\t\t\t\n\t\t\t\t\t\t\t<div class=\"wd-post-meta\">\n\t\t\t\t\t\t\t\t\t\t\t\t\t\t\t<div class=\"wd-post-author\">\n\t\t\t\t\t\t\t\t\t\t\t<span>Posteado por<\/span>\n\t\t\n\t\t\t\t\t<img alt='author-avatar' src='https:\/\/secure.gravatar.com\/avatar\/8f331515e2139e7ffacac78d5e21bc88ee625065cad5d063ef4da73b7cbcfc2d?s=18&#038;d=mm&#038;r=g' srcset='https:\/\/secure.gravatar.com\/avatar\/8f331515e2139e7ffacac78d5e21bc88ee625065cad5d063ef4da73b7cbcfc2d?s=36&#038;d=mm&#038;r=g 2x' class='avatar avatar-18 photo' height='18' width='18' loading='lazy' decoding='async'\/>\t\t\n\t\t\t\t\t<a href=\"https:\/\/desarrollocristiano.pe\/author\/aprnimda7720\/\" class=\"author\" rel=\"author\">Administrador<\/a>\n\t\t\t\t\t\t\t\t\t<\/div>\n\t\t\t\t\t<div class=\"wd-modified-date\">\n\t\t\t\t\t\t\t\t<time class=\"updated\" datetime=\"2024-11-25T15:42:25-05:00\">\n\t\t\t25\/11\/2024\t\t<\/time>\n\t\t\t\t\t\t\t<\/div>\n\n\t\t\t\t\t\t\t\t\t\t\t<div class=\"wd-post-share wd-tltp\">\n\t\t\t\t\t\t\t<div class=\"tooltip top\">\n\t\t\t\t\t\t\t\t<div class=\"tooltip-inner\">\n\t\t\t\t\t\t\t\t\t\t\t\t<div\n\t\t\t\t\t\tclass=\" wd-social-icons  wd-style-default wd-size-small social-share wd-shape-circle color-scheme-light text-center\">\n\t\t\t\t\n\t\t\t\t\n\t\t\t\t\t\t\t\t\t<a rel=\"noopener noreferrer nofollow\" href=\"https:\/\/www.facebook.com\/sharer\/sharer.php?u=https:\/\/desarrollocristiano.pe\/articulos-pastorales\/\" target=\"_blank\" class=\" wd-social-icon social-facebook\" aria-label=\"Facebook social link\">\n\t\t\t\t\t\t<span class=\"wd-icon\"><\/span>\n\t\t\t\t\t\t\t\t\t\t\t<\/a>\n\t\t\t\t\n\t\t\t\t\t\t\t\t\t<a rel=\"noopener noreferrer nofollow\" href=\"https:\/\/x.com\/share?url=https:\/\/desarrollocristiano.pe\/articulos-pastorales\/\" target=\"_blank\" class=\" wd-social-icon social-twitter\" aria-label=\"X social link\">\n\t\t\t\t\t\t<span class=\"wd-icon\"><\/span>\n\t\t\t\t\t\t\t\t\t\t\t<\/a>\n\t\t\t\t\n\t\t\t\t\n\t\t\t\t\t\t\t\t\t<a rel=\"noopener noreferrer nofollow\" href=\"mailto:?subject=Check%20this%20https:\/\/desarrollocristiano.pe\/articulos-pastorales\/\" target=\"_blank\" class=\" wd-social-icon social-email\" aria-label=\"Email social link\">\n\t\t\t\t\t\t<span class=\"wd-icon\"><\/span>\n\t\t\t\t\t\t\t\t\t\t\t<\/a>\n\t\t\t\t\n\t\t\t\t\n\t\t\t\t\n\t\t\t\t\n\t\t\t\t\t\t\t\t\t<a rel=\"noopener noreferrer nofollow\" href=\"https:\/\/pinterest.com\/pin\/create\/button\/?url=https:\/\/desarrollocristiano.pe\/articulos-pastorales\/&media=https:\/\/desarrollocristiano.pe\/wp-content\/uploads\/2024\/11\/BF-consumismo.jpg&description=La+cosmovisi%C3%B3n+b%C3%ADblica+del+consumismo%3A+Reflexionando+sobre+el+Black+Friday\" target=\"_blank\" class=\" wd-social-icon social-pinterest\" aria-label=\"Pinterest social link\">\n\t\t\t\t\t\t<span class=\"wd-icon\"><\/span>\n\t\t\t\t\t\t\t\t\t\t\t<\/a>\n\t\t\t\t\n\t\t\t\t\n\t\t\t\t\t\t\t\t\t<a rel=\"noopener noreferrer nofollow\" href=\"https:\/\/www.linkedin.com\/shareArticle?mini=true&url=https:\/\/desarrollocristiano.pe\/articulos-pastorales\/\" target=\"_blank\" class=\" wd-social-icon social-linkedin\" aria-label=\"Linkedin social link\">\n\t\t\t\t\t\t<span class=\"wd-icon\"><\/span>\n\t\t\t\t\t\t\t\t\t\t\t<\/a>\n\t\t\t\t\n\t\t\t\t\n\t\t\t\t\n\t\t\t\t\n\t\t\t\t\n\t\t\t\t\n\t\t\t\t\n\t\t\t\t\n\t\t\t\t\n\t\t\t\t\t\t\t\t\t<a rel=\"noopener noreferrer nofollow\" href=\"https:\/\/api.whatsapp.com\/send?text=https%3A%2F%2Fdesarrollocristiano.pe%2Farticulos-pastorales%2F\" target=\"_blank\" class=\"wd-hide-md  wd-social-icon social-whatsapp\" aria-label=\"WhatsApp social link\">\n\t\t\t\t\t\t<span class=\"wd-icon\"><\/span>\n\t\t\t\t\t\t\t\t\t\t\t<\/a>\n\n\t\t\t\t\t<a rel=\"noopener noreferrer nofollow\" href=\"whatsapp:\/\/send?text=https%3A%2F%2Fdesarrollocristiano.pe%2Farticulos-pastorales%2F\" target=\"_blank\" class=\"wd-hide-lg  wd-social-icon social-whatsapp\" aria-label=\"WhatsApp social link\">\n\t\t\t\t\t\t<span class=\"wd-icon\"><\/span>\n\t\t\t\t\t\t\t\t\t\t\t<\/a>\n\t\t\t\t\n\t\t\t\t\n\t\t\t\t\n\t\t\t\t\n\t\t\t\t\n\t\t\t\t\n\t\t\t\t\t\t\t\t\t<a rel=\"noopener noreferrer nofollow\" href=\"https:\/\/telegram.me\/share\/url?url=https:\/\/desarrollocristiano.pe\/articulos-pastorales\/\" target=\"_blank\" class=\" wd-social-icon social-tg\" aria-label=\"Telegram social link\">\n\t\t\t\t\t\t<span class=\"wd-icon\"><\/span>\n\t\t\t\t\t\t\t\t\t\t\t<\/a>\n\t\t\t\t\n\t\t\t\t\n\t\t\t<\/div>\n\n\t\t\t\t\t\t\t\t\t\t<\/div>\n\t\t\t\t\t\t\t\t<div class=\"tooltip-arrow\"><\/div>\n\t\t\t\t\t\t\t<\/div>\n\t\t\t\t\t\t<\/div>\n\t\t\t\t\t\n\t\t\t\t\t\t\t\t\t\t\t\t\t\t\t\t\t<div class=\"wd-post-reply wd-style-1\">\n\t\t\t\t\t\t\t<a href=\"https:\/\/desarrollocristiano.pe\/la-cosmovision-biblica-del-consumismo-reflexionando-sobre-el-black-friday\/#respond\"><span class=\"wd-replies-count\">0<\/span><\/a>\t\t\t\t\t\t<\/div>\n\t\t\t\t\t\t\t\t\t<\/div>\n\t\t\t\n\t\t\t\t\t\t\t\t\t\t\t\t<div class=\"wd-post-excerpt entry-content\">\n\t\t\t\t\t\t<div class=\"wpb-content-wrapper\"><div class=\"vc_row wpb_row vc_row-fluid\"><div class=\"wpb_column vc_column_container vc_col-sm-12\"><div class=\"vc_column-inner\"><div class=\"wpb_wrapper\">\n\t<div class=\"wpb_text_column wpb_content_element texto_parrafo text-larger\" >\n\t\t<div class=\"wpb_wrapper\">\n\t\t\t<p>Por: <strong>Redacci\u00f3n DCP<\/strong><\/p>\n<p>Por naturaleza, el ser humano est\u00e1 inclinado a buscar satisfacci\u00f3n en cosas creadas antes que en el Creador. En nuestra cultura actual, esta tendencia se manifiesta claramente en el consumismo, una mentalidad que glorifica la acumulaci\u00f3n de bienes materiales como el camino hacia la felicidad, el estatus y la realizaci\u00f3n personal. Este problema encuentra su m\u00e1xima expresi\u00f3n en fen\u00f3menos como el <strong>Black Friday y la navidad<\/strong>, una celebraci\u00f3n global del materialismo. Como cristianos, debemos abordar estas cuestiones desde una <strong>cosmovisi\u00f3n b\u00edblica<\/strong>, pregunt\u00e1ndonos c\u00f3mo Dios quiere que vivamos en un mundo saturado de consumismo.<\/p>\n<h2>El coraz\u00f3n del problema: la idolatr\u00eda del materialismo<\/h2>\n<p>La Escritura es clara en advertirnos contra la b\u00fasqueda de satisfacci\u00f3n en las cosas materiales. Jes\u00fas dijo:<\/p>\n<p>\u201cNo os hag\u00e1is tesoros en la tierra, donde la polilla y el or\u00edn corrompen, y donde ladrones minan y hurtan; sino haceos tesoros en el cielo, donde ni la polilla ni el or\u00edn corrompen, y donde ladrones no minan ni hurtan. Porque donde est\u00e9 vuestro tesoro, all\u00ed estar\u00e1 tambi\u00e9n vuestro coraz\u00f3n.\u201d (Mateo 6:19-21).<\/p>\n<p>El consumismo es, en esencia, una forma de idolatr\u00eda. Coloca las cosas creadas en el lugar que le corresponde solo a Dios. En el marco del Black Friday, esta idolatr\u00eda se evidencia cuando las personas se endeudan, sacrifican tiempo, paz e incluso relaciones para obtener bienes que prometen satisfacer, pero nunca lo logran.<\/p>\n<p>Pablo tambi\u00e9n advierte sobre esta trampa al escribir que \u201cla ra\u00edz de todos los males es el amor al dinero\u201d (1 Timoteo 6:10). Este amor no solo se refiere al dinero en s\u00ed, sino a lo que este puede comprar. La avaricia, el deseo desordenado por m\u00e1s, es una manifestaci\u00f3n de un coraz\u00f3n que ha reemplazado a Dios con la promesa falsa de la autosuficiencia material.<\/p>\n<h2>El Black Friday: una oportunidad para reflexionar<\/h2>\n<p>El <strong>Black Friday<\/strong>, aunque culturalmente neutral, expone el esp\u00edritu del consumismo de nuestra era. No es un problema en s\u00ed mismo aprovechar descuentos o hacer compras necesarias, pero el Black Friday se ha convertido en un s\u00edmbolo de la b\u00fasqueda desenfrenada de m\u00e1s cosas. Para el creyente, estas fechas representan una oportunidad para reflexionar sobre nuestras prioridades, nuestras motivaciones y nuestra cosmovisi\u00f3n.<\/p>\n<p>En este contexto, debemos plantearnos preguntas fundamentales:<\/p>\n<ol>\n<li><strong>\u00bfQu\u00e9 gobierna mi coraz\u00f3n?<\/strong><br \/>\nEl consumismo no es simplemente una cuesti\u00f3n econ\u00f3mica; es una cuesti\u00f3n espiritual. Santiago 4:1-3 nos recuerda que las pasiones desordenadas dentro de nosotros generan conflictos. Cuando el deseo de poseer nos domina, evidencia que hemos colocado algo m\u00e1s alto que la supremac\u00eda de Cristo en nuestras vidas.<\/li>\n<li><strong>\u00bfEstoy administrando mis recursos con sabidur\u00eda?<\/strong><br \/>\nTodo lo que tenemos proviene de Dios, y somos llamados a ser mayordomos fieles. Esto incluye administrar nuestro dinero de manera que glorifique a Dios y bendiga a otros. Gastar impulsivamente, endeudarse o buscar satisfacci\u00f3n en bienes materiales no refleja el car\u00e1cter de un siervo fiel (Lucas 16:10-13).<\/li>\n<li><strong>\u00bfEstoy modelando el contentamiento?<\/strong><br \/>\nEn Filipenses 4:11-13, Pablo escribe sobre aprender a estar contento en cualquier circunstancia. El Black Friday, y cualquier celebraci\u00f3n similar, debe ser una oportunidad para modelar este contentamiento, mostrando que nuestra satisfacci\u00f3n no est\u00e1 en lo que compramos, sino en Cristo.<\/li>\n<\/ol>\n<h2>Un llamado a la transformaci\u00f3n de la mente<\/h2>\n<p>El ap\u00f3stol Pablo nos exhorta en Romanos 12:2 a no conformarnos a este mundo, sino a ser transformados por la renovaci\u00f3n de nuestro entendimiento. Para enfrentar el consumismo desde una cosmovisi\u00f3n b\u00edblica, necesitamos una transformaci\u00f3n de nuestra mente y de nuestras prioridades.<\/p>\n<ol>\n<li><strong>Vivir con un prop\u00f3sito eterno<\/strong><br \/>\nLas cosas materiales no son intr\u00ednsecamente malas, pero deben ocupar su lugar adecuado en nuestra vida. Cuando Jes\u00fas habl\u00f3 de buscar primero el Reino de Dios y su justicia (Mateo 6:33), nos mostr\u00f3 que la prioridad del creyente es vivir con un prop\u00f3sito eterno, no terrenal.<\/li>\n<li><strong>Cultivar la generosidad<\/strong><br \/>\nEn lugar de centrarnos en lo que podemos adquirir, debemos reflexionar en c\u00f3mo podemos dar. Pablo escribe en 2 Corintios 9:6-8 que Dios ama al dador alegre, y que nuestra generosidad es una expresi\u00f3n tangible de nuestra confianza en Su provisi\u00f3n. Adem\u00e1s, Efesios 4:28 nos recuerda que trabajar no solo es para nuestro sustento personal, sino tambi\u00e9n para tener con qu\u00e9 ayudar a quienes est\u00e1n en necesidad: \u00abEl que hurtaba, no hurte m\u00e1s, sino trabaje, haciendo con sus manos lo que es bueno, para que tenga qu\u00e9 compartir con el que padece necesidad.\u00bb<\/li>\n<li><strong>Practicar la gratitud<\/strong><br \/>\nEl consumismo se alimenta de una mentalidad de escasez: la creencia de que siempre necesitamos m\u00e1s para ser felices. Pero el creyente, lleno de gratitud por lo que Dios ha provisto, puede decir con Pablo: \u00abPero gran ganancia es la piedad acompa\u00f1ada de contentamiento\u00bb (1 Timoteo 6:6).<\/li>\n<\/ol>\n<h2>C\u00f3mo responder al Black Friday como cristianos<\/h2>\n<p>Entonces, \u00bfc\u00f3mo debe el creyente afrontar celebraciones como el Black Friday dentro de un marco b\u00edblico correcto?<\/p>\n<ol>\n<li><strong>Evaluar nuestras motivaciones<\/strong><br \/>\nAntes de participar, debemos preguntarnos: \u00bfEstoy comprando esto por necesidad o por deseo desordenado? \u00bfEstoy siendo influenciado por la presi\u00f3n cultural o guiado por el Esp\u00edritu Santo?<\/li>\n<li><strong>Establecer l\u00edmites sabios<\/strong><br \/>\nEs prudente establecer un presupuesto y ce\u00f1irse a \u00e9l. Esto nos ayuda a evitar gastos impulsivos y demuestra que somos responsables con los recursos que Dios nos ha confiado.<\/li>\n<li><strong>Invertir en lo eterno<\/strong><br \/>\nEn lugar de gastar en exceso en cosas temporales, considera c\u00f3mo puedes usar este tiempo para bendecir a otros. Tal vez podr\u00edas donar a organizaciones cristianas, apoyar a familias necesitadas o invertir en recursos que edifiquen tu fe y la de otros.<\/li>\n<li><strong>Modelar una vida diferente<\/strong><br \/>\nEn un mundo obsesionado con las cosas materiales, los cristianos tienen la oportunidad de mostrar una forma diferente de vivir. Al priorizar a Cristo, la generosidad y el contentamiento, podemos ser una luz en medio de la oscuridad del consumismo (Mateo 5:16).<\/li>\n<\/ol>\n<h2>Conclusi\u00f3n: Cristo es suficiente<\/h2>\n<p>El Black Friday no es m\u00e1s que un reflejo de las prioridades de este mundo ca\u00eddo, pero tambi\u00e9n es una oportunidad para que los creyentes demuestren que nuestra esperanza y satisfacci\u00f3n no est\u00e1n en las cosas que perecen, sino en Cristo, quien es eterno.<\/p>\n<p>Al enfrentar cualquier tentaci\u00f3n hacia el consumismo, recordemos las palabras de Jes\u00fas:<\/p>\n<p>\u201cYo soy el pan de vida; el que viene a m\u00ed no tendr\u00e1 hambre, y el que cree en m\u00ed nunca tendr\u00e1 sed\u201d (Juan 6:35).<\/p>\n<p>Solo Cristo satisface plenamente. Nuestra respuesta al Black Friday, y a cualquier celebraci\u00f3n similar, debe reflejar esa verdad. Vivamos de tal manera que el mundo vea que nuestro tesoro est\u00e1 en el cielo, y que nuestra vida apunta a Aquel que nos redimi\u00f3 con Su preciosa sangre.<\/p>\n<p><strong>\u00abNo os conform\u00e9is a este siglo, sino transformaos por medio de la renovaci\u00f3n de vuestro entendimiento, para que comprob\u00e9is cu\u00e1l sea la buena voluntad de Dios, agradable y perfecta\u00bb<\/strong> (Romanos 12:2). Que esta verdad gu\u00ede nuestra conducta, incluso en d\u00edas como el Black Friday.<\/p>\n<p>El pr\u00f3ximo mes hablaremos m\u00e1s sobre el consumismo durante la \u00e9poca navide\u00f1a.<\/p>\n\n\t\t<\/div>\n\t<\/div>\n<\/div><\/div><\/div><\/div><div class=\"vc_row wpb_row vc_row-fluid\"><div class=\"wpb_column vc_column_container vc_col-sm-12\"><div class=\"vc_column-inner\"><div class=\"wpb_wrapper\"><div class=\"vc_row wpb_row vc_inner vc_row-fluid\"><div class=\"wpb_column vc_column_container vc_col-sm-12\"><div class=\"vc_column-inner\"><div class=\"wpb_wrapper\">\n\t\t<div id=\"wd-6296826c864a3\" class=\"title-wrapper wd-wpb wd-set-mb reset-last-child  wd-rs-6296826c864a3 wd-title-color-default wd-title-style-default text-left vc_custom_1654030977032 wd-underline-colored\">\n\t\t\t\n\t\t\t<div class=\"liner-continer\">\n\t\t\t\t<h4 class=\"woodmart-title-container title  wd-font-weight- wd-fontsize-l\" >Libros relacionados recomendados<\/h4>\n\t\t\t\t\t\t\t<\/div>\n\t\t\t\n\t\t\t\n\t\t\t\n\t\t<\/div>\n\t\t\n\t\t<div class=\"woocommerce columns-4 \"><div class=\"wd-products-element\">\t\t\t<div class=\"wd-sticky-loader wd-content-loader\"><span class=\"wd-loader\"><\/span><\/div>\n\t\t\n<div class=\"products wd-products wd-grid-g grid-columns-4 elements-grid pagination-pagination\" data-source=\"main_loop\" data-min_price=\"\" data-max_price=\"\" data-columns=\"4\" style=\"--wd-col-lg:4;--wd-col-md:4;--wd-col-sm:2;--wd-gap-lg:30px;--wd-gap-sm:10px;\">\n<div class=\"wd-product wd-hover-icons wd-col product-grid-item product type-product post-67839 status-publish instock product_cat-estudio-biblico product_cat-iglesia product_cat-ministerio-eclesial has-post-thumbnail taxable shipping-taxable purchasable product-type-simple\" data-loop=\"6\" data-id=\"67839\">\n\t\n\t<div class=\"product-wrapper\">\n\t<div class=\"product-element-top wd-quick-shop\">\n\t\t<a href=\"https:\/\/desarrollocristiano.pe\/producto\/el-camino-de-jesus\/\" class=\"product-image-link\" aria-label=\"EL CAMINO DE JESUS,\">\n\t\t\t<img loading=\"lazy\" decoding=\"async\" width=\"349\" height=\"500\" src=\"https:\/\/desarrollocristiano.pe\/wp-content\/uploads\/2020\/10\/9781588025418-1.jpg\" class=\"attachment-woocommerce_thumbnail size-woocommerce_thumbnail\" alt=\"EL CAMINO DE JESUS\" srcset=\"https:\/\/desarrollocristiano.pe\/wp-content\/uploads\/2020\/10\/9781588025418-1.jpg 349w, https:\/\/desarrollocristiano.pe\/wp-content\/uploads\/2020\/10\/9781588025418-1-150x215.jpg 150w, https:\/\/desarrollocristiano.pe\/wp-content\/uploads\/2020\/10\/9781588025418-1-320x458.jpg 320w\" sizes=\"auto, (max-width: 349px) 100vw, 349px\" \/>\t\t<\/a>\n\n\t\t\n\t\t<div class=\"wrapp-buttons\">\n\t\t\t<div class=\"wd-buttons\">\n\t\t\t\t<div class=\"wd-add-btn wd-action-btn wd-style-icon wd-add-cart-icon\"><\/div>\n\t\t\t\t\t\t\t\t\t\t\t\t\t\t<div class=\"quick-view wd-action-btn wd-style-icon wd-quick-view-icon\">\n\t\t\t<a\n\t\t\t\thref=\"https:\/\/desarrollocristiano.pe\/producto\/el-camino-de-jesus\/\"\n\t\t\t\tclass=\"open-quick-view quick-view-button\"\n\t\t\t\trel=\"nofollow\"\n\t\t\t\tdata-id=\"67839\"\n\t\t\t\t>Vista r\u00e1pida<\/a>\n\t\t<\/div>\n\t\t\t\t\t\t\t\t\t\t\t\t\t<\/div> \n\t\t<\/div>\n\t<\/div>\n\t\t\t\t\t<h3 class=\"wd-entities-title\"><a href=\"https:\/\/desarrollocristiano.pe\/producto\/el-camino-de-jesus\/\">EL CAMINO DE JESUS,<\/a><\/h3>\t\t\t\t\t\t<div class=\"libro-info\" style=\"font-size:small\"><div class=\"libro-autor\"><span class=\"libro-autor-label\">Autor:<\/span> EUGENE PETERSON<\/div><div class=\"libro-editorial\"><span class=\"libro-editorial-label\">Editorial:<\/span> PATMOS<\/div><\/div>\n\t<span class=\"price\"><span class=\"woocommerce-Price-amount amount\"><bdi><span class=\"woocommerce-Price-currencySymbol\">S\/<\/span>37.00<\/bdi><\/span><\/span>\n\n\t\t\n\t\t\n\t\t\t<\/div>\n<\/div>\n<div class=\"wd-product wd-hover-icons wd-col product-grid-item product type-product post-71011 status-publish last instock product_cat-cosmovision product_cat-iglesia product_cat-realidad-contemporanea has-post-thumbnail taxable shipping-taxable purchasable product-type-simple\" data-loop=\"7\" data-id=\"71011\">\n\t\n\t<div class=\"product-wrapper\">\n\t<div class=\"product-element-top wd-quick-shop\">\n\t\t<a href=\"https:\/\/desarrollocristiano.pe\/producto\/una-vida-justa-y-sencilla\/\" class=\"product-image-link\" aria-label=\"Una vida justa y sencilla\">\n\t\t\t<img loading=\"lazy\" decoding=\"async\" width=\"334\" height=\"499\" src=\"https:\/\/desarrollocristiano.pe\/wp-content\/uploads\/2021\/01\/9788494790799.jpg\" class=\"attachment-woocommerce_thumbnail size-woocommerce_thumbnail\" alt=\"Una vida justa y sencilla\" srcset=\"https:\/\/desarrollocristiano.pe\/wp-content\/uploads\/2021\/01\/9788494790799.jpg 334w, https:\/\/desarrollocristiano.pe\/wp-content\/uploads\/2021\/01\/9788494790799-150x224.jpg 150w, https:\/\/desarrollocristiano.pe\/wp-content\/uploads\/2021\/01\/9788494790799-320x478.jpg 320w\" sizes=\"auto, (max-width: 334px) 100vw, 334px\" \/>\t\t<\/a>\n\n\t\t\n\t\t<div class=\"wrapp-buttons\">\n\t\t\t<div class=\"wd-buttons\">\n\t\t\t\t<div class=\"wd-add-btn wd-action-btn wd-style-icon wd-add-cart-icon\"><\/div>\n\t\t\t\t\t\t\t\t\t\t\t\t\t\t<div class=\"quick-view wd-action-btn wd-style-icon wd-quick-view-icon\">\n\t\t\t<a\n\t\t\t\thref=\"https:\/\/desarrollocristiano.pe\/producto\/una-vida-justa-y-sencilla\/\"\n\t\t\t\tclass=\"open-quick-view quick-view-button\"\n\t\t\t\trel=\"nofollow\"\n\t\t\t\tdata-id=\"71011\"\n\t\t\t\t>Vista r\u00e1pida<\/a>\n\t\t<\/div>\n\t\t\t\t\t\t\t\t\t\t\t\t\t<\/div> \n\t\t<\/div>\n\t<\/div>\n\t\t\t\t\t<h3 class=\"wd-entities-title\"><a href=\"https:\/\/desarrollocristiano.pe\/producto\/una-vida-justa-y-sencilla\/\">Una vida justa y sencilla<\/a><\/h3>\t\t\t\t\t\t<div class=\"libro-info\" style=\"font-size:small\"><div class=\"libro-autor\"><span class=\"libro-autor-label\">Autor:<\/span> Ruth Valerio<\/div><div class=\"libro-editorial\"><span class=\"libro-editorial-label\">Editorial:<\/span> EDITORIAL ANDAMIO<\/div><\/div>\n\t<span class=\"price\"><span class=\"woocommerce-Price-amount amount\"><bdi><span class=\"woocommerce-Price-currencySymbol\">S\/<\/span>87.00<\/bdi><\/span><\/span>\n\n\t\t\n\t\t\n\t\t\t<\/div>\n<\/div>\n<\/div>\n<\/div><\/div><\/div><\/div><\/div><\/div><\/div><\/div><\/div><\/div>\n<\/div>\t\t\t\t\t<\/div>\n\t\t\t\t\n\t\t\t\t\t\t\t\t\t<\/div>\n\t<\/div>\n<\/article>\n\n\t\t\t\t\t\t\t\t\t\t\t\n<article id=\"post-88946\" class=\"wd-post blog-design-chess blog-post-loop blog-design-small-images blog-style-bg wd-add-shadow wd-col post-88946 post type-post status-publish format-standard has-post-thumbnail hentry category-biblia-y-teologia\">\n\t<div class=\"wd-post-inner article-inner\">\n\t\t\t\t\t<div class=\"wd-post-thumb entry-header\">\n\t\t\t\t\t\t\t\t\t<div class=\"wd-post-img post-img-wrapp\">\n\t\t\t\t\t\t<img width=\"320\" height=\"160\" src=\"https:\/\/desarrollocristiano.pe\/wp-content\/uploads\/2024\/10\/Biblia-reforma-320x160.jpg\" class=\"attachment-large size-large\" alt=\"\" decoding=\"async\" loading=\"lazy\" srcset=\"https:\/\/desarrollocristiano.pe\/wp-content\/uploads\/2024\/10\/Biblia-reforma-320x160.jpg 320w, https:\/\/desarrollocristiano.pe\/wp-content\/uploads\/2024\/10\/Biblia-reforma-600x300.jpg 600w, https:\/\/desarrollocristiano.pe\/wp-content\/uploads\/2024\/10\/Biblia-reforma-150x75.jpg 150w, https:\/\/desarrollocristiano.pe\/wp-content\/uploads\/2024\/10\/Biblia-reforma-400x200.jpg 400w, https:\/\/desarrollocristiano.pe\/wp-content\/uploads\/2024\/10\/Biblia-reforma.jpg 700w\" sizes=\"auto, (max-width: 320px) 100vw, 320px\" \/>\t\t\t\t\t<\/div>\n\t\t\t\t\t<a class=\"wd-fill\" href=\"https:\/\/desarrollocristiano.pe\/el-impacto-de-la-reforma-en-la-predicacion-biblica\/\"><\/a>\n\t\t\t\t\n\t\t\t\t\t\t\t\t\t\t\t\t<div class=\"wd-post-date wd-style-with-bg\">\n\t\t\t\t<span class=\"post-date-day\">\n\t\t\t\t\t30\t\t\t\t<\/span>\n\t\t\t\t<span class=\"post-date-month\">\n\t\t\t\t\tOct\t\t\t\t<\/span>\n\t\t\t<\/div>\n\t\t\t\t\t\t\t\t\t<\/div>\n\t\t\n\t\t<div class=\"wd-post-content article-body-container\">\n\t\t\t\t\t\t\t<div class=\"wd-post-cat wd-style-with-bg meta-post-categories\">\n\t\t\t\t\t<a href=\"https:\/\/desarrollocristiano.pe\/categorias\/biblia-y-teologia\/\" rel=\"category tag\">Biblia y Teolog\u00eda<\/a>\t\t\t\t<\/div>\n\t\t\t\n\t\t\t\t\t\t\t<h3 class=\"wd-post-title wd-entities-title title post-title\">\n\t\t\t\t\t<a href=\"https:\/\/desarrollocristiano.pe\/el-impacto-de-la-reforma-en-la-predicacion-biblica\/\" rel=\"bookmark\">El Impacto de la Reforma en la Predicaci\u00f3n B\u00edblica<\/a>\n\t\t\t\t<\/h3>\n\t\t\t\n\t\t\t\t\t\t\t<div class=\"wd-post-meta\">\n\t\t\t\t\t\t\t\t\t\t\t\t\t\t\t<div class=\"wd-post-author\">\n\t\t\t\t\t\t\t\t\t\t\t<span>Posteado por<\/span>\n\t\t\n\t\t\t\t\t<img alt='author-avatar' src='https:\/\/secure.gravatar.com\/avatar\/8f331515e2139e7ffacac78d5e21bc88ee625065cad5d063ef4da73b7cbcfc2d?s=18&#038;d=mm&#038;r=g' srcset='https:\/\/secure.gravatar.com\/avatar\/8f331515e2139e7ffacac78d5e21bc88ee625065cad5d063ef4da73b7cbcfc2d?s=36&#038;d=mm&#038;r=g 2x' class='avatar avatar-18 photo' height='18' width='18' loading='lazy' decoding='async'\/>\t\t\n\t\t\t\t\t<a href=\"https:\/\/desarrollocristiano.pe\/author\/aprnimda7720\/\" class=\"author\" rel=\"author\">Administrador<\/a>\n\t\t\t\t\t\t\t\t\t<\/div>\n\t\t\t\t\t<div class=\"wd-modified-date\">\n\t\t\t\t\t\t\t\t<time class=\"updated\" datetime=\"2024-10-30T20:41:20-05:00\">\n\t\t\t30\/10\/2024\t\t<\/time>\n\t\t\t\t\t\t\t<\/div>\n\n\t\t\t\t\t\t\t\t\t\t\t<div class=\"wd-post-share wd-tltp\">\n\t\t\t\t\t\t\t<div class=\"tooltip top\">\n\t\t\t\t\t\t\t\t<div class=\"tooltip-inner\">\n\t\t\t\t\t\t\t\t\t\t\t\t<div\n\t\t\t\t\t\tclass=\" wd-social-icons  wd-style-default wd-size-small social-share wd-shape-circle color-scheme-light text-center\">\n\t\t\t\t\n\t\t\t\t\n\t\t\t\t\t\t\t\t\t<a rel=\"noopener noreferrer nofollow\" href=\"https:\/\/www.facebook.com\/sharer\/sharer.php?u=https:\/\/desarrollocristiano.pe\/articulos-pastorales\/\" target=\"_blank\" class=\" wd-social-icon social-facebook\" aria-label=\"Facebook social link\">\n\t\t\t\t\t\t<span class=\"wd-icon\"><\/span>\n\t\t\t\t\t\t\t\t\t\t\t<\/a>\n\t\t\t\t\n\t\t\t\t\t\t\t\t\t<a rel=\"noopener noreferrer nofollow\" href=\"https:\/\/x.com\/share?url=https:\/\/desarrollocristiano.pe\/articulos-pastorales\/\" target=\"_blank\" class=\" wd-social-icon social-twitter\" aria-label=\"X social link\">\n\t\t\t\t\t\t<span class=\"wd-icon\"><\/span>\n\t\t\t\t\t\t\t\t\t\t\t<\/a>\n\t\t\t\t\n\t\t\t\t\n\t\t\t\t\t\t\t\t\t<a rel=\"noopener noreferrer nofollow\" href=\"mailto:?subject=Check%20this%20https:\/\/desarrollocristiano.pe\/articulos-pastorales\/\" target=\"_blank\" class=\" wd-social-icon social-email\" aria-label=\"Email social link\">\n\t\t\t\t\t\t<span class=\"wd-icon\"><\/span>\n\t\t\t\t\t\t\t\t\t\t\t<\/a>\n\t\t\t\t\n\t\t\t\t\n\t\t\t\t\n\t\t\t\t\n\t\t\t\t\t\t\t\t\t<a rel=\"noopener noreferrer nofollow\" href=\"https:\/\/pinterest.com\/pin\/create\/button\/?url=https:\/\/desarrollocristiano.pe\/articulos-pastorales\/&media=https:\/\/desarrollocristiano.pe\/wp-content\/uploads\/2024\/10\/Biblia-reforma.jpg&description=El+Impacto+de+la+Reforma+en+la+Predicaci%C3%B3n+B%C3%ADblica\" target=\"_blank\" class=\" wd-social-icon social-pinterest\" aria-label=\"Pinterest social link\">\n\t\t\t\t\t\t<span class=\"wd-icon\"><\/span>\n\t\t\t\t\t\t\t\t\t\t\t<\/a>\n\t\t\t\t\n\t\t\t\t\n\t\t\t\t\t\t\t\t\t<a rel=\"noopener noreferrer nofollow\" href=\"https:\/\/www.linkedin.com\/shareArticle?mini=true&url=https:\/\/desarrollocristiano.pe\/articulos-pastorales\/\" target=\"_blank\" class=\" wd-social-icon social-linkedin\" aria-label=\"Linkedin social link\">\n\t\t\t\t\t\t<span class=\"wd-icon\"><\/span>\n\t\t\t\t\t\t\t\t\t\t\t<\/a>\n\t\t\t\t\n\t\t\t\t\n\t\t\t\t\n\t\t\t\t\n\t\t\t\t\n\t\t\t\t\n\t\t\t\t\n\t\t\t\t\n\t\t\t\t\n\t\t\t\t\t\t\t\t\t<a rel=\"noopener noreferrer nofollow\" href=\"https:\/\/api.whatsapp.com\/send?text=https%3A%2F%2Fdesarrollocristiano.pe%2Farticulos-pastorales%2F\" target=\"_blank\" class=\"wd-hide-md  wd-social-icon social-whatsapp\" aria-label=\"WhatsApp social link\">\n\t\t\t\t\t\t<span class=\"wd-icon\"><\/span>\n\t\t\t\t\t\t\t\t\t\t\t<\/a>\n\n\t\t\t\t\t<a rel=\"noopener noreferrer nofollow\" href=\"whatsapp:\/\/send?text=https%3A%2F%2Fdesarrollocristiano.pe%2Farticulos-pastorales%2F\" target=\"_blank\" class=\"wd-hide-lg  wd-social-icon social-whatsapp\" aria-label=\"WhatsApp social link\">\n\t\t\t\t\t\t<span class=\"wd-icon\"><\/span>\n\t\t\t\t\t\t\t\t\t\t\t<\/a>\n\t\t\t\t\n\t\t\t\t\n\t\t\t\t\n\t\t\t\t\n\t\t\t\t\n\t\t\t\t\n\t\t\t\t\t\t\t\t\t<a rel=\"noopener noreferrer nofollow\" href=\"https:\/\/telegram.me\/share\/url?url=https:\/\/desarrollocristiano.pe\/articulos-pastorales\/\" target=\"_blank\" class=\" wd-social-icon social-tg\" aria-label=\"Telegram social link\">\n\t\t\t\t\t\t<span class=\"wd-icon\"><\/span>\n\t\t\t\t\t\t\t\t\t\t\t<\/a>\n\t\t\t\t\n\t\t\t\t\n\t\t\t<\/div>\n\n\t\t\t\t\t\t\t\t\t\t<\/div>\n\t\t\t\t\t\t\t\t<div class=\"tooltip-arrow\"><\/div>\n\t\t\t\t\t\t\t<\/div>\n\t\t\t\t\t\t<\/div>\n\t\t\t\t\t\n\t\t\t\t\t\t\t\t\t\t\t\t\t\t\t\t\t<div class=\"wd-post-reply wd-style-1\">\n\t\t\t\t\t\t\t<a href=\"https:\/\/desarrollocristiano.pe\/el-impacto-de-la-reforma-en-la-predicacion-biblica\/#respond\"><span class=\"wd-replies-count\">0<\/span><\/a>\t\t\t\t\t\t<\/div>\n\t\t\t\t\t\t\t\t\t<\/div>\n\t\t\t\n\t\t\t\t\t\t\t\t\t\t\t\t<div class=\"wd-post-excerpt entry-content\">\n\t\t\t\t\t\t<div class=\"wpb-content-wrapper\"><div class=\"vc_row wpb_row vc_row-fluid\"><div class=\"wpb_column vc_column_container vc_col-sm-12\"><div class=\"vc_column-inner\"><div class=\"wpb_wrapper\">\n\t<div class=\"wpb_text_column wpb_content_element texto_parrafo text-larger\" >\n\t\t<div class=\"wpb_wrapper\">\n\t\t\t<p>La Reforma Protestante, uno de los movimientos m\u00e1s determinantes de la historia de la cristiandad, trajo consigo una transformaci\u00f3n radical en la vida de la iglesia, afectando especialmente el n\u00facleo de la pr\u00e1ctica cristiana: la predicaci\u00f3n b\u00edblica. Iniciada por figuras como Mart\u00edn Lutero, Ulrico Zwinglio y Juan Calvino, este movimiento del siglo XVI busc\u00f3 una reforma profunda de la iglesia en todos sus aspectos. Al cuestionar las pr\u00e1cticas y doctrinas del catolicismo medieval, los reformadores impulsaron un retorno a las Escrituras como \u00fanica fuente de autoridad divina, transformando la predicaci\u00f3n en un medio poderoso para comunicar la verdad b\u00edblica a cada creyente.<\/p>\n<h3>1. El Sola Scriptura: Fundamento para la Predicaci\u00f3n<\/h3>\n<p>Uno de los principios m\u00e1s decisivos de la Reforma fue el <em>Sola Scriptura<\/em>, que significa \u201cSolo la Escritura\u201d. En el contexto del siglo XVI, este principio fue una afirmaci\u00f3n revolucionaria frente a una iglesia que hab\u00eda acumulado autoridad en la tradici\u00f3n, los concilios y la figura papal. En una \u00e9poca en que el clero y la jerarqu\u00eda eclesi\u00e1stica interpretaban las Escrituras a conveniencia, el <em>Sola Scriptura<\/em> devolvi\u00f3 la centralidad a la Biblia misma, afirmando que es la \u00fanica fuente inerrante y suficiente de la verdad revelada de Dios. Lutero, Calvino y sus contempor\u00e1neos argumentaron que la verdadera autoridad no reca\u00eda en el hombre ni en las instituciones, sino en la palabra escrita de Dios.<\/p>\n<p>Esto significaba que la predicaci\u00f3n deb\u00eda someterse enteramente al texto b\u00edblico. En lugar de a\u00f1adir interpretaciones tradicionales o doctrinas humanas, la labor del predicador consist\u00eda en exponer la Escritura de manera que los oyentes comprendieran su mensaje puro y sin adulteraci\u00f3n. Esta orientaci\u00f3n hacia la Biblia como \u00fanica regla de fe y pr\u00e1ctica marc\u00f3 un giro hacia la exposici\u00f3n fiel y clara del texto, eliminando las opiniones humanas como fuente de autoridad espiritual.<\/p>\n<h3>2. La Centralidad de la Exposici\u00f3n B\u00edblica<\/h3>\n<p>Antes de la Reforma, el serm\u00f3n ocupaba un lugar marginal en el culto, a menudo siendo eclipsado por los sacramentos, particularmente la misa. La predicaci\u00f3n era limitada, a menudo en lat\u00edn y de manera accesible solo a unos pocos entendidos. El cambio radical tra\u00eddo por los reformadores incluy\u00f3 la traducci\u00f3n de las Escrituras a las lenguas vern\u00e1culas y un \u00e9nfasis en que cada creyente deb\u00eda escuchar y comprender el mensaje de Dios en su propio idioma.<\/p>\n<p>Lutero y Calvino defendieron una predicaci\u00f3n expositiva que interpretara el significado literal del texto, abordando los contextos hist\u00f3ricos y teol\u00f3gicos para extraer el mensaje original. Este enfoque requer\u00eda una profunda preparaci\u00f3n y conocimiento del texto b\u00edblico y, en muchos casos, un regreso a los idiomas originales de las Escrituras: el hebreo y el griego. La predicaci\u00f3n expositiva se convirti\u00f3 as\u00ed en la esencia del ministerio pastoral reformado. Cada serm\u00f3n deb\u00eda extraer la doctrina y la aplicaci\u00f3n directamente del texto b\u00edblico, en lugar de estructurarse en torno a temas preconcebidos o tradiciones eclesi\u00e1sticas.<\/p>\n<p>Este cambio no solo afect\u00f3 la estructura de la predicaci\u00f3n sino tambi\u00e9n su contenido y prop\u00f3sito. La predicaci\u00f3n expositiva ten\u00eda como objetivo principal revelar a Cristo y comunicar su obra redentora a trav\u00e9s de cada pasaje de las Escrituras, en el Antiguo y el Nuevo Testamento. La Palabra, fielmente expuesta, no solo informaba, sino que tambi\u00e9n transformaba el coraz\u00f3n de los oyentes, apunt\u00e1ndolos hacia una vida de santidad y obediencia.<\/p>\n<h3>3. La Congregaci\u00f3n como Receptora Activa de la Palabra<\/h3>\n<p>La Reforma tambi\u00e9n implic\u00f3 un cambio en la percepci\u00f3n de la congregaci\u00f3n. La predicaci\u00f3n expositiva ten\u00eda un objetivo claro: edificar la iglesia, instruy\u00e9ndola en la doctrina y exhort\u00e1ndola a una vida conforme al evangelio. Esto marc\u00f3 un contraste con la iglesia medieval, donde los feligreses eran espectadores pasivos, que deb\u00edan confiar en las interpretaciones del clero sin posibilidad de una verificaci\u00f3n personal.<\/p>\n<p>Los reformadores defendieron que cada creyente deb\u00eda escuchar, interpretar y aplicar la Palabra de Dios en su propia vida. Calvino ense\u00f1aba que la fe en Cristo y el entendimiento de las Escrituras estaban al alcance de todos aquellos en quienes el Esp\u00edritu Santo obr\u00f3, y Lutero afirm\u00f3 la idea del sacerdocio de todos los creyentes. Esto significaba que el creyente com\u00fan ten\u00eda la capacidad y el derecho de conocer la Palabra de Dios por s\u00ed mismo, sin intermediarios.<\/p>\n<h3>4. El Ministerio Pastoral como Llamado a la Predicaci\u00f3n<\/h3>\n<p>El impacto de la Reforma en la predicaci\u00f3n tambi\u00e9n redefini\u00f3 la funci\u00f3n del pastor en la iglesia. A partir de entonces, el predicador ya no era simplemente un administrador de sacramentos, sino un maestro de la Escritura. La predicaci\u00f3n expositiva demandaba que el pastor fuera un conocedor profundo de la Biblia, comprometido con la oraci\u00f3n y capacitado en una interpretaci\u00f3n cuidadosa del texto. Juan Calvino, por ejemplo, dedicaba largas horas a la preparaci\u00f3n de sermones, y sus extensas series de predicaciones reflejaban su compromiso con el estudio b\u00edblico sistem\u00e1tico.<\/p>\n<p>Los reformadores comprend\u00edan que la predicaci\u00f3n es un medio por el cual el Esp\u00edritu Santo obra poderosamente en la vida del creyente. De ah\u00ed que Calvino, entre otros, afirmara que el p\u00falpito es el \u201ctrono de Dios\u201d, pues a trav\u00e9s de la predicaci\u00f3n, Dios mismo habla a su pueblo. La responsabilidad pastoral se entend\u00eda entonces como un ministerio esencialmente vinculado a la Palabra. Todo ministro deb\u00eda procurar alimentar a su congregaci\u00f3n con la Palabra de Dios, conforme a las ense\u00f1anzas apost\u00f3licas.<\/p>\n<h3>5. La Reforma y la Formaci\u00f3n Teol\u00f3gica<\/h3>\n<p>Dado el \u00e9nfasis en la exposici\u00f3n b\u00edblica y la precisi\u00f3n doctrinal, la Reforma tambi\u00e9n impuls\u00f3 la formaci\u00f3n teol\u00f3gica y el establecimiento de instituciones de formaci\u00f3n ministerial. Uno de los casos m\u00e1s influyentes fue el de la Academia de Ginebra, fundada por Calvino en 1559, con la visi\u00f3n de entrenar a pastores en la correcta interpretaci\u00f3n y ense\u00f1anza de las Escrituras. Esta formaci\u00f3n teol\u00f3gica rigurosa contribuy\u00f3 a la expansi\u00f3n de la Reforma en Europa y sent\u00f3 las bases para el desarrollo de la teolog\u00eda reformada.<\/p>\n<p>La teolog\u00eda y la predicaci\u00f3n se entrelazaron de manera inextricable. Los sermones de la Reforma no eran meros discursos de motivaci\u00f3n, sino explicaciones teol\u00f3gicas y exeg\u00e9ticas que apuntaban a una comprensi\u00f3n integral de la doctrina cristiana. Esto incluy\u00f3 temas complejos como la justificaci\u00f3n por la fe, la soberan\u00eda de Dios y la necesidad de la santificaci\u00f3n, expuestos de forma accesible y aplicable. La teolog\u00eda se convirti\u00f3 en el coraz\u00f3n de la predicaci\u00f3n reformada y en el est\u00e1ndar que guiar\u00eda la fe y la pr\u00e1ctica de la iglesia reformada.<\/p>\n<h3>6. La Transformaci\u00f3n de la Sociedad a trav\u00e9s de la Predicaci\u00f3n<\/h3>\n<p>Finalmente, la Reforma tuvo un impacto profundo y duradero en la sociedad europea a trav\u00e9s de la predicaci\u00f3n. Al abrir la Biblia a la audiencia general y exponer su contenido, los reformadores despertaron una conciencia de responsabilidad y virtud en la vida cotidiana. La predicaci\u00f3n no solo instaba a la vida espiritual, sino que tambi\u00e9n abordaba temas \u00e9ticos y sociales, formando ciudadanos instruidos en los principios de justicia, verdad y servicio.<\/p>\n<p>En ciudades como Ginebra, el serm\u00f3n dominical influ\u00eda directamente en la \u00e9tica p\u00fablica. Los pastores ense\u00f1aban sobre la honestidad en el trabajo, el respeto a la ley y la integridad en el hogar. As\u00ed, la predicaci\u00f3n reformada se convirti\u00f3 en un motor de cambio social, promoviendo comunidades centradas en los principios b\u00edblicos, donde el car\u00e1cter de los ciudadanos reflejara la santidad de Dios en todos los \u00e1mbitos de la vida.<\/p>\n<h3>Conclusi\u00f3n<\/h3>\n<p>El impacto de la Reforma en la predicaci\u00f3n b\u00edblica fue profundo y multifac\u00e9tico, estableciendo un modelo de predicaci\u00f3n expositiva que devolvi\u00f3 a la iglesia la centralidad de la Escritura. Al mismo tiempo, redefini\u00f3 el rol del predicador, empoder\u00f3 al creyente com\u00fan y promovi\u00f3 una transformaci\u00f3n que afect\u00f3 tanto la vida espiritual como la social de Europa. En el coraz\u00f3n de este movimiento estuvo la convicci\u00f3n de que la Biblia es la voz viva de Dios, y que, al ser proclamada fielmente, tiene el poder de transformar a individuos, iglesias y naciones.<\/p>\n<p>La Reforma, en su esencia, renov\u00f3 la iglesia a trav\u00e9s de la predicaci\u00f3n fiel y comprometida con la verdad b\u00edblica. Los ecos de esa reforma siguen resonando hoy, record\u00e1ndonos que la predicaci\u00f3n b\u00edblica no es simplemente un acto de comunicaci\u00f3n, sino una proclamaci\u00f3n divina que desaf\u00eda, consuela y fortalece al creyente en su peregrinaje de fe.<\/p>\n\n\t\t<\/div>\n\t<\/div>\n<\/div><\/div><\/div><\/div>\n<\/div>\t\t\t\t\t<\/div>\n\t\t\t\t\n\t\t\t\t\t\t\t\t\t<\/div>\n\t<\/div>\n<\/article>\n\n\t\t\t\t\t\t\t\t\t\t\t\n<article id=\"post-88334\" class=\"wd-post blog-design-chess blog-post-loop blog-design-small-images blog-style-bg wd-add-shadow wd-col post-88334 post type-post status-publish format-standard has-post-thumbnail hentry category-vida-cristiana\">\n\t<div class=\"wd-post-inner article-inner\">\n\t\t\t\t\t<div class=\"wd-post-thumb entry-header\">\n\t\t\t\t\t\t\t\t\t<div class=\"wd-post-img post-img-wrapp\">\n\t\t\t\t\t\t<img width=\"320\" height=\"160\" src=\"https:\/\/desarrollocristiano.pe\/wp-content\/uploads\/2024\/07\/diamaestro2-320x160.jpg\" class=\"attachment-large size-large\" alt=\"\" decoding=\"async\" loading=\"lazy\" srcset=\"https:\/\/desarrollocristiano.pe\/wp-content\/uploads\/2024\/07\/diamaestro2-320x160.jpg 320w, https:\/\/desarrollocristiano.pe\/wp-content\/uploads\/2024\/07\/diamaestro2-600x300.jpg 600w, https:\/\/desarrollocristiano.pe\/wp-content\/uploads\/2024\/07\/diamaestro2-150x75.jpg 150w, https:\/\/desarrollocristiano.pe\/wp-content\/uploads\/2024\/07\/diamaestro2-400x200.jpg 400w, https:\/\/desarrollocristiano.pe\/wp-content\/uploads\/2024\/07\/diamaestro2.jpg 700w\" sizes=\"auto, (max-width: 320px) 100vw, 320px\" \/>\t\t\t\t\t<\/div>\n\t\t\t\t\t<a class=\"wd-fill\" href=\"https:\/\/desarrollocristiano.pe\/al-maestro-con-carino\/\"><\/a>\n\t\t\t\t\n\t\t\t\t\t\t\t\t\t\t\t\t<div class=\"wd-post-date wd-style-with-bg\">\n\t\t\t\t<span class=\"post-date-day\">\n\t\t\t\t\t04\t\t\t\t<\/span>\n\t\t\t\t<span class=\"post-date-month\">\n\t\t\t\t\tJul\t\t\t\t<\/span>\n\t\t\t<\/div>\n\t\t\t\t\t\t\t\t\t<\/div>\n\t\t\n\t\t<div class=\"wd-post-content article-body-container\">\n\t\t\t\t\t\t\t<div class=\"wd-post-cat wd-style-with-bg meta-post-categories\">\n\t\t\t\t\t<a href=\"https:\/\/desarrollocristiano.pe\/categorias\/vida-cristiana\/\" rel=\"category tag\">Vida Cristiana<\/a>\t\t\t\t<\/div>\n\t\t\t\n\t\t\t\t\t\t\t<h3 class=\"wd-post-title wd-entities-title title post-title\">\n\t\t\t\t\t<a href=\"https:\/\/desarrollocristiano.pe\/al-maestro-con-carino\/\" rel=\"bookmark\">\u00a1AL MAESTRO CON CARI\u00d1O!<\/a>\n\t\t\t\t<\/h3>\n\t\t\t\n\t\t\t\t\t\t\t<div class=\"wd-post-meta\">\n\t\t\t\t\t\t\t\t\t\t\t\t\t\t\t<div class=\"wd-post-author\">\n\t\t\t\t\t\t\t\t\t\t\t<span>Posteado por<\/span>\n\t\t\n\t\t\t\t\t<img alt='author-avatar' src='https:\/\/secure.gravatar.com\/avatar\/8f331515e2139e7ffacac78d5e21bc88ee625065cad5d063ef4da73b7cbcfc2d?s=18&#038;d=mm&#038;r=g' srcset='https:\/\/secure.gravatar.com\/avatar\/8f331515e2139e7ffacac78d5e21bc88ee625065cad5d063ef4da73b7cbcfc2d?s=36&#038;d=mm&#038;r=g 2x' class='avatar avatar-18 photo' height='18' width='18' loading='lazy' decoding='async'\/>\t\t\n\t\t\t\t\t<a href=\"https:\/\/desarrollocristiano.pe\/author\/aprnimda7720\/\" class=\"author\" rel=\"author\">Administrador<\/a>\n\t\t\t\t\t\t\t\t\t<\/div>\n\t\t\t\t\t<div class=\"wd-modified-date\">\n\t\t\t\t\t\t\t\t<time class=\"updated\" datetime=\"2024-07-04T09:11:28-05:00\">\n\t\t\t04\/07\/2024\t\t<\/time>\n\t\t\t\t\t\t\t<\/div>\n\n\t\t\t\t\t\t\t\t\t\t\t<div class=\"wd-post-share wd-tltp\">\n\t\t\t\t\t\t\t<div class=\"tooltip top\">\n\t\t\t\t\t\t\t\t<div class=\"tooltip-inner\">\n\t\t\t\t\t\t\t\t\t\t\t\t<div\n\t\t\t\t\t\tclass=\" wd-social-icons  wd-style-default wd-size-small social-share wd-shape-circle color-scheme-light text-center\">\n\t\t\t\t\n\t\t\t\t\n\t\t\t\t\t\t\t\t\t<a rel=\"noopener noreferrer nofollow\" href=\"https:\/\/www.facebook.com\/sharer\/sharer.php?u=https:\/\/desarrollocristiano.pe\/articulos-pastorales\/\" target=\"_blank\" class=\" wd-social-icon social-facebook\" aria-label=\"Facebook social link\">\n\t\t\t\t\t\t<span class=\"wd-icon\"><\/span>\n\t\t\t\t\t\t\t\t\t\t\t<\/a>\n\t\t\t\t\n\t\t\t\t\t\t\t\t\t<a rel=\"noopener noreferrer nofollow\" href=\"https:\/\/x.com\/share?url=https:\/\/desarrollocristiano.pe\/articulos-pastorales\/\" target=\"_blank\" class=\" wd-social-icon social-twitter\" aria-label=\"X social link\">\n\t\t\t\t\t\t<span class=\"wd-icon\"><\/span>\n\t\t\t\t\t\t\t\t\t\t\t<\/a>\n\t\t\t\t\n\t\t\t\t\n\t\t\t\t\t\t\t\t\t<a rel=\"noopener noreferrer nofollow\" href=\"mailto:?subject=Check%20this%20https:\/\/desarrollocristiano.pe\/articulos-pastorales\/\" target=\"_blank\" class=\" wd-social-icon social-email\" aria-label=\"Email social link\">\n\t\t\t\t\t\t<span class=\"wd-icon\"><\/span>\n\t\t\t\t\t\t\t\t\t\t\t<\/a>\n\t\t\t\t\n\t\t\t\t\n\t\t\t\t\n\t\t\t\t\n\t\t\t\t\t\t\t\t\t<a rel=\"noopener noreferrer nofollow\" href=\"https:\/\/pinterest.com\/pin\/create\/button\/?url=https:\/\/desarrollocristiano.pe\/articulos-pastorales\/&media=https:\/\/desarrollocristiano.pe\/wp-content\/uploads\/2024\/07\/diamaestro2.jpg&description=%C2%A1AL+MAESTRO+CON+CARI%C3%91O%21\" target=\"_blank\" class=\" wd-social-icon social-pinterest\" aria-label=\"Pinterest social link\">\n\t\t\t\t\t\t<span class=\"wd-icon\"><\/span>\n\t\t\t\t\t\t\t\t\t\t\t<\/a>\n\t\t\t\t\n\t\t\t\t\n\t\t\t\t\t\t\t\t\t<a rel=\"noopener noreferrer nofollow\" href=\"https:\/\/www.linkedin.com\/shareArticle?mini=true&url=https:\/\/desarrollocristiano.pe\/articulos-pastorales\/\" target=\"_blank\" class=\" wd-social-icon social-linkedin\" aria-label=\"Linkedin social link\">\n\t\t\t\t\t\t<span class=\"wd-icon\"><\/span>\n\t\t\t\t\t\t\t\t\t\t\t<\/a>\n\t\t\t\t\n\t\t\t\t\n\t\t\t\t\n\t\t\t\t\n\t\t\t\t\n\t\t\t\t\n\t\t\t\t\n\t\t\t\t\n\t\t\t\t\n\t\t\t\t\t\t\t\t\t<a rel=\"noopener noreferrer nofollow\" href=\"https:\/\/api.whatsapp.com\/send?text=https%3A%2F%2Fdesarrollocristiano.pe%2Farticulos-pastorales%2F\" target=\"_blank\" class=\"wd-hide-md  wd-social-icon social-whatsapp\" aria-label=\"WhatsApp social link\">\n\t\t\t\t\t\t<span class=\"wd-icon\"><\/span>\n\t\t\t\t\t\t\t\t\t\t\t<\/a>\n\n\t\t\t\t\t<a rel=\"noopener noreferrer nofollow\" href=\"whatsapp:\/\/send?text=https%3A%2F%2Fdesarrollocristiano.pe%2Farticulos-pastorales%2F\" target=\"_blank\" class=\"wd-hide-lg  wd-social-icon social-whatsapp\" aria-label=\"WhatsApp social link\">\n\t\t\t\t\t\t<span class=\"wd-icon\"><\/span>\n\t\t\t\t\t\t\t\t\t\t\t<\/a>\n\t\t\t\t\n\t\t\t\t\n\t\t\t\t\n\t\t\t\t\n\t\t\t\t\n\t\t\t\t\n\t\t\t\t\t\t\t\t\t<a rel=\"noopener noreferrer nofollow\" href=\"https:\/\/telegram.me\/share\/url?url=https:\/\/desarrollocristiano.pe\/articulos-pastorales\/\" target=\"_blank\" class=\" wd-social-icon social-tg\" aria-label=\"Telegram social link\">\n\t\t\t\t\t\t<span class=\"wd-icon\"><\/span>\n\t\t\t\t\t\t\t\t\t\t\t<\/a>\n\t\t\t\t\n\t\t\t\t\n\t\t\t<\/div>\n\n\t\t\t\t\t\t\t\t\t\t<\/div>\n\t\t\t\t\t\t\t\t<div class=\"tooltip-arrow\"><\/div>\n\t\t\t\t\t\t\t<\/div>\n\t\t\t\t\t\t<\/div>\n\t\t\t\t\t\n\t\t\t\t\t\t\t\t\t\t\t\t\t\t\t\t\t<div class=\"wd-post-reply wd-style-1\">\n\t\t\t\t\t\t\t<a href=\"https:\/\/desarrollocristiano.pe\/al-maestro-con-carino\/#respond\"><span class=\"wd-replies-count\">0<\/span><\/a>\t\t\t\t\t\t<\/div>\n\t\t\t\t\t\t\t\t\t<\/div>\n\t\t\t\n\t\t\t\t\t\t\t\t\t\t\t\t<div class=\"wd-post-excerpt entry-content\">\n\t\t\t\t\t\t<div class=\"wpb-content-wrapper\"><div class=\"vc_row wpb_row vc_row-fluid\"><div class=\"wpb_column vc_column_container vc_col-sm-12\"><div class=\"vc_column-inner\"><div class=\"wpb_wrapper\">\n\t<div class=\"wpb_text_column wpb_content_element texto_parrafo text-larger\" >\n\t\t<div class=\"wpb_wrapper\">\n\t\t\t<p>Por <a href=\"https:\/\/www.facebook.com\/francisco.vergara.5836711\">Francisco Vergara<\/a><\/p>\n<p>\u00a1Al maestro con cari\u00f1o! era el nombre de una pel\u00edcula antigua (1967), protagonizada por Sidney Poitier, en la que se pon\u00eda de manifiesto el respeto por la labor docente ejercida en medio de precariedades y adversidades, pero que con mucho empuje y coraje deja las metodolog\u00edas tradicionales y adopta otras estrategias creativas para lograr ense\u00f1ar a una poblaci\u00f3n de un barrio problem\u00e1tico de Londres. Luego han salido muchas otras pel\u00edculas en las que se destacan distintos aspectos de aquellos que se dedican a la formaci\u00f3n de las nuevas generaciones. \u00bfSe acuerdan de alguna de ellas?<\/p>\n<p>Las personas que se dedican a las labores docentes, en los distintos niveles y en las diferentes instituciones educativas, han sido por lo general incomprendidos. Muchas veces han sufrido el menosprecio social por considerarlos profesionales de segunda o tercera categor\u00eda, sin tener en cuenta la importancia de su labor. Tambi\u00e9n es cierto que hay algunos que denigran tan noble profesi\u00f3n, pero son los pocos; la gran mayor\u00eda se compromete de por vida y sacrificialmente para llevar adelante la tarea, a costa de sus propias aspiraciones.<\/p>\n<p>Muchas veces las iglesias cristianas se han sumado a la falta de consideraci\u00f3n de lo que hacen los docentes voluntarios de los esfuerzos dominicales, academias b\u00edblicas o instituciones b\u00edblicas o teol\u00f3gicas, con los distintos grupos etarios y los variados programas de formaci\u00f3n. En realidad, en esta ocasi\u00f3n nos gustar\u00eda llamar la atenci\u00f3n a valorar el servicio que brindan las personas que se dedican a ense\u00f1ar, y a prepararse cada vez m\u00e1s y mejor, para dar un servicio de calidad.<\/p>\n<p>Encontramos en Mateo 5:1-7:29 la pieza maestra del Gran Maestro; comienza la secci\u00f3n diciendo que us\u00f3 una situaci\u00f3n de campo para ense\u00f1ar (5:1-2) y termina diciendo que la ense\u00f1anza fue extraordinaria, porque lo hac\u00eda con autoridad (7:28-29). Pero sabemos c\u00f3mo termin\u00f3 la historia, con el pedido de que el Maestro que los hab\u00eda deslumbrado con su ense\u00f1anza autoritativa sea crucificado, el pueblo siendo llevado a pedir a la autoridad romana la muerte del Maestro.<\/p>\n<p>Debemos tener una actitud correcta hacia el Gran Maestro, y tambi\u00e9n hacia los que hoy llevan a cabo tan abnegada tarea. Hay un texto en particular que me llama la atenci\u00f3n y me mueve a gratitud con aquellos que me ense\u00f1aron en la vida cristiana. Pablo escribiendo a los g\u00e1latas los exhorta: El que es ense\u00f1ado en la palabra, haga part\u00edcipe de toda cosa buena al que lo instruye (G\u00e1. 6:6). Seamos agradecidos con Dios y con Sus instrumentos que nos ense\u00f1an, desaf\u00edan y estimulan a seguir avanzando en nuestro conocimiento de la Palabra de Dios, para que nuestra vida sea ejemplo vivo, o en la expresi\u00f3n del ap\u00f3stol: cartas abiertas al mundo, aprovechando la operaci\u00f3n del Esp\u00edritu a trav\u00e9s de quienes nos ense\u00f1an la Palabra (2 Co. 3:2-3).<\/p>\n<p>Hay muchos textos b\u00edblicos que nos hablan de los maestros y su importancia en la continuidad del testimonio eclesial (2 Ti. 2:2); de su enorme responsabilidad (Stg. 3:1).<\/p>\n<p>\u00a1Demostremos nuestro cari\u00f1o a todos los que a pesar de las incomprensiones y dificultades se esfuerzan por ser de inspiraci\u00f3n a los estudiantes a su cargo!<\/p>\n<p>\u00a1Que el Se\u00f1or bendiga a todos los que se han preparado para servirlo en la tarea educativa!<\/p>\n<p>\u00a1Sigamos sirviendo a Dios y a Su pueblo!<\/p>\n\n\t\t<\/div>\n\t<\/div>\n<\/div><\/div><\/div><\/div>\n<\/div>\t\t\t\t\t<\/div>\n\t\t\t\t\n\t\t\t\t\t\t\t\t\t<\/div>\n\t<\/div>\n<\/article>\n\n\t\t\t\t\t\t\t\t\t\t\t\n<article id=\"post-88326\" class=\"wd-post blog-design-chess blog-post-loop blog-design-small-images blog-style-bg wd-add-shadow wd-col post-88326 post type-post status-publish format-standard has-post-thumbnail hentry category-vida-cristiana\">\n\t<div class=\"wd-post-inner article-inner\">\n\t\t\t\t\t<div class=\"wd-post-thumb entry-header\">\n\t\t\t\t\t\t\t\t\t<div class=\"wd-post-img post-img-wrapp\">\n\t\t\t\t\t\t<img width=\"320\" height=\"160\" src=\"https:\/\/desarrollocristiano.pe\/wp-content\/uploads\/2024\/07\/diamaestro1-320x160.jpg\" class=\"attachment-large size-large\" alt=\"\" decoding=\"async\" loading=\"lazy\" srcset=\"https:\/\/desarrollocristiano.pe\/wp-content\/uploads\/2024\/07\/diamaestro1-320x160.jpg 320w, https:\/\/desarrollocristiano.pe\/wp-content\/uploads\/2024\/07\/diamaestro1-600x300.jpg 600w, https:\/\/desarrollocristiano.pe\/wp-content\/uploads\/2024\/07\/diamaestro1-150x75.jpg 150w, https:\/\/desarrollocristiano.pe\/wp-content\/uploads\/2024\/07\/diamaestro1-400x200.jpg 400w, https:\/\/desarrollocristiano.pe\/wp-content\/uploads\/2024\/07\/diamaestro1.jpg 700w\" sizes=\"auto, (max-width: 320px) 100vw, 320px\" \/>\t\t\t\t\t<\/div>\n\t\t\t\t\t<a class=\"wd-fill\" href=\"https:\/\/desarrollocristiano.pe\/la-vocacion-del-maestro-cristiano-un-pilar-para-el-cambio-social\/\"><\/a>\n\t\t\t\t\n\t\t\t\t\t\t\t\t\t\t\t\t<div class=\"wd-post-date wd-style-with-bg\">\n\t\t\t\t<span class=\"post-date-day\">\n\t\t\t\t\t04\t\t\t\t<\/span>\n\t\t\t\t<span class=\"post-date-month\">\n\t\t\t\t\tJul\t\t\t\t<\/span>\n\t\t\t<\/div>\n\t\t\t\t\t\t\t\t\t<\/div>\n\t\t\n\t\t<div class=\"wd-post-content article-body-container\">\n\t\t\t\t\t\t\t<div class=\"wd-post-cat wd-style-with-bg meta-post-categories\">\n\t\t\t\t\t<a href=\"https:\/\/desarrollocristiano.pe\/categorias\/vida-cristiana\/\" rel=\"category tag\">Vida Cristiana<\/a>\t\t\t\t<\/div>\n\t\t\t\n\t\t\t\t\t\t\t<h3 class=\"wd-post-title wd-entities-title title post-title\">\n\t\t\t\t\t<a href=\"https:\/\/desarrollocristiano.pe\/la-vocacion-del-maestro-cristiano-un-pilar-para-el-cambio-social\/\" rel=\"bookmark\">La Vocaci\u00f3n del Maestro Cristiano: Un Pilar para el Cambio Social<\/a>\n\t\t\t\t<\/h3>\n\t\t\t\n\t\t\t\t\t\t\t<div class=\"wd-post-meta\">\n\t\t\t\t\t\t\t\t\t\t\t\t\t\t\t<div class=\"wd-post-author\">\n\t\t\t\t\t\t\t\t\t\t\t<span>Posteado por<\/span>\n\t\t\n\t\t\t\t\t<img alt='author-avatar' src='https:\/\/secure.gravatar.com\/avatar\/8f331515e2139e7ffacac78d5e21bc88ee625065cad5d063ef4da73b7cbcfc2d?s=18&#038;d=mm&#038;r=g' srcset='https:\/\/secure.gravatar.com\/avatar\/8f331515e2139e7ffacac78d5e21bc88ee625065cad5d063ef4da73b7cbcfc2d?s=36&#038;d=mm&#038;r=g 2x' class='avatar avatar-18 photo' height='18' width='18' loading='lazy' decoding='async'\/>\t\t\n\t\t\t\t\t<a href=\"https:\/\/desarrollocristiano.pe\/author\/aprnimda7720\/\" class=\"author\" rel=\"author\">Administrador<\/a>\n\t\t\t\t\t\t\t\t\t<\/div>\n\t\t\t\t\t<div class=\"wd-modified-date\">\n\t\t\t\t\t\t\t\t<time class=\"updated\" datetime=\"2024-07-04T09:08:31-05:00\">\n\t\t\t04\/07\/2024\t\t<\/time>\n\t\t\t\t\t\t\t<\/div>\n\n\t\t\t\t\t\t\t\t\t\t\t<div class=\"wd-post-share wd-tltp\">\n\t\t\t\t\t\t\t<div class=\"tooltip top\">\n\t\t\t\t\t\t\t\t<div class=\"tooltip-inner\">\n\t\t\t\t\t\t\t\t\t\t\t\t<div\n\t\t\t\t\t\tclass=\" wd-social-icons  wd-style-default wd-size-small social-share wd-shape-circle color-scheme-light text-center\">\n\t\t\t\t\n\t\t\t\t\n\t\t\t\t\t\t\t\t\t<a rel=\"noopener noreferrer nofollow\" href=\"https:\/\/www.facebook.com\/sharer\/sharer.php?u=https:\/\/desarrollocristiano.pe\/articulos-pastorales\/\" target=\"_blank\" class=\" wd-social-icon social-facebook\" aria-label=\"Facebook social link\">\n\t\t\t\t\t\t<span class=\"wd-icon\"><\/span>\n\t\t\t\t\t\t\t\t\t\t\t<\/a>\n\t\t\t\t\n\t\t\t\t\t\t\t\t\t<a rel=\"noopener noreferrer nofollow\" href=\"https:\/\/x.com\/share?url=https:\/\/desarrollocristiano.pe\/articulos-pastorales\/\" target=\"_blank\" class=\" wd-social-icon social-twitter\" aria-label=\"X social link\">\n\t\t\t\t\t\t<span class=\"wd-icon\"><\/span>\n\t\t\t\t\t\t\t\t\t\t\t<\/a>\n\t\t\t\t\n\t\t\t\t\n\t\t\t\t\t\t\t\t\t<a rel=\"noopener noreferrer nofollow\" href=\"mailto:?subject=Check%20this%20https:\/\/desarrollocristiano.pe\/articulos-pastorales\/\" target=\"_blank\" class=\" wd-social-icon social-email\" aria-label=\"Email social link\">\n\t\t\t\t\t\t<span class=\"wd-icon\"><\/span>\n\t\t\t\t\t\t\t\t\t\t\t<\/a>\n\t\t\t\t\n\t\t\t\t\n\t\t\t\t\n\t\t\t\t\n\t\t\t\t\t\t\t\t\t<a rel=\"noopener noreferrer nofollow\" href=\"https:\/\/pinterest.com\/pin\/create\/button\/?url=https:\/\/desarrollocristiano.pe\/articulos-pastorales\/&media=https:\/\/desarrollocristiano.pe\/wp-content\/uploads\/2024\/07\/diamaestro1.jpg&description=La+Vocaci%C3%B3n+del+Maestro+Cristiano%3A+Un+Pilar+para+el+Cambio+Social\" target=\"_blank\" class=\" wd-social-icon social-pinterest\" aria-label=\"Pinterest social link\">\n\t\t\t\t\t\t<span class=\"wd-icon\"><\/span>\n\t\t\t\t\t\t\t\t\t\t\t<\/a>\n\t\t\t\t\n\t\t\t\t\n\t\t\t\t\t\t\t\t\t<a rel=\"noopener noreferrer nofollow\" href=\"https:\/\/www.linkedin.com\/shareArticle?mini=true&url=https:\/\/desarrollocristiano.pe\/articulos-pastorales\/\" target=\"_blank\" class=\" wd-social-icon social-linkedin\" aria-label=\"Linkedin social link\">\n\t\t\t\t\t\t<span class=\"wd-icon\"><\/span>\n\t\t\t\t\t\t\t\t\t\t\t<\/a>\n\t\t\t\t\n\t\t\t\t\n\t\t\t\t\n\t\t\t\t\n\t\t\t\t\n\t\t\t\t\n\t\t\t\t\n\t\t\t\t\n\t\t\t\t\n\t\t\t\t\t\t\t\t\t<a rel=\"noopener noreferrer nofollow\" href=\"https:\/\/api.whatsapp.com\/send?text=https%3A%2F%2Fdesarrollocristiano.pe%2Farticulos-pastorales%2F\" target=\"_blank\" class=\"wd-hide-md  wd-social-icon social-whatsapp\" aria-label=\"WhatsApp social link\">\n\t\t\t\t\t\t<span class=\"wd-icon\"><\/span>\n\t\t\t\t\t\t\t\t\t\t\t<\/a>\n\n\t\t\t\t\t<a rel=\"noopener noreferrer nofollow\" href=\"whatsapp:\/\/send?text=https%3A%2F%2Fdesarrollocristiano.pe%2Farticulos-pastorales%2F\" target=\"_blank\" class=\"wd-hide-lg  wd-social-icon social-whatsapp\" aria-label=\"WhatsApp social link\">\n\t\t\t\t\t\t<span class=\"wd-icon\"><\/span>\n\t\t\t\t\t\t\t\t\t\t\t<\/a>\n\t\t\t\t\n\t\t\t\t\n\t\t\t\t\n\t\t\t\t\n\t\t\t\t\n\t\t\t\t\n\t\t\t\t\t\t\t\t\t<a rel=\"noopener noreferrer nofollow\" href=\"https:\/\/telegram.me\/share\/url?url=https:\/\/desarrollocristiano.pe\/articulos-pastorales\/\" target=\"_blank\" class=\" wd-social-icon social-tg\" aria-label=\"Telegram social link\">\n\t\t\t\t\t\t<span class=\"wd-icon\"><\/span>\n\t\t\t\t\t\t\t\t\t\t\t<\/a>\n\t\t\t\t\n\t\t\t\t\n\t\t\t<\/div>\n\n\t\t\t\t\t\t\t\t\t\t<\/div>\n\t\t\t\t\t\t\t\t<div class=\"tooltip-arrow\"><\/div>\n\t\t\t\t\t\t\t<\/div>\n\t\t\t\t\t\t<\/div>\n\t\t\t\t\t\n\t\t\t\t\t\t\t\t\t\t\t\t\t\t\t\t\t<div class=\"wd-post-reply wd-style-1\">\n\t\t\t\t\t\t\t<a href=\"https:\/\/desarrollocristiano.pe\/la-vocacion-del-maestro-cristiano-un-pilar-para-el-cambio-social\/#respond\"><span class=\"wd-replies-count\">0<\/span><\/a>\t\t\t\t\t\t<\/div>\n\t\t\t\t\t\t\t\t\t<\/div>\n\t\t\t\n\t\t\t\t\t\t\t\t\t\t\t\t<div class=\"wd-post-excerpt entry-content\">\n\t\t\t\t\t\t<div class=\"wpb-content-wrapper\"><div class=\"vc_row wpb_row vc_row-fluid\"><div class=\"wpb_column vc_column_container vc_col-sm-12\"><div class=\"vc_column-inner\"><div class=\"wpb_wrapper\">\n\t<div class=\"wpb_text_column wpb_content_element texto_parrafo text-larger\" >\n\t\t<div class=\"wpb_wrapper\">\n\t\t\t<p><strong>Por:\u00a0Dr. C\u00e9sar Morales C.<\/strong><\/p>\n<p>La figura del maestro ha sido siempre fundamental en la formaci\u00f3n de individuos y sociedades. En el contexto cristiano, esta figura adquiere un significado a\u00fan m\u00e1s profundo y trascendental. Un maestro cristiano no solo transmite conocimientos, sino que tambi\u00e9n encarna valores y principios que pueden transformar vidas y comunidades. Este art\u00edculo busca explorar la vocaci\u00f3n del maestro cristiano, resaltando su valor indispensable para generar cambios positivos en nuestra sociedad, con un enfoque en el ejemplo de Jes\u00fas como maestro y las reflexiones del autor Parker Palmer.<\/p>\n<p><strong>La Vocaci\u00f3n del Maestro Cristiano<\/strong><\/p>\n<p>La vocaci\u00f3n de ser maestro en un contexto cristiano va m\u00e1s all\u00e1 de la mera profesi\u00f3n; es un llamado divino a servir, guiar y educar con amor y paciencia. Un maestro cristiano es un agente de cambio, alguien que inspira y motiva a sus estudiantes a alcanzar su m\u00e1ximo potencial, no solo acad\u00e9mico sino tambi\u00e9n espiritual y moral. La vocaci\u00f3n del maestro cristiano se fundamenta en el amor al pr\u00f3jimo, la compasi\u00f3n y el deseo de ver a cada estudiante florecer en todas las \u00e1reas de su vida.<\/p>\n<p><strong>Jes\u00fas, el Maestro por Excelencia<\/strong><\/p>\n<p>Jes\u00fas de Nazaret es el ejemplo supremo de lo que significa ser un maestro. A trav\u00e9s de sus ense\u00f1anzas y su vida, mostr\u00f3 c\u00f3mo un maestro puede influir profundamente en sus seguidores. Jes\u00fas ense\u00f1aba con autoridad y claridad, utilizando par\u00e1bolas y ejemplos de la vida cotidiana para hacer comprensibles verdades espirituales profundas. Su m\u00e9todo no solo era instructivo sino transformador; sus palabras y acciones motivaban a las personas a reflexionar, cambiar y crecer.<\/p>\n<p>Un aspecto notable de la ense\u00f1anza de Jes\u00fas era su capacidad para ver el potencial en cada individuo, independientemente de su estatus social o pasado. Esta visi\u00f3n inclusiva y esperanzadora es una cualidad esencial para los maestros cristianos de hoy. Al igual que Jes\u00fas, estos maestros est\u00e1n llamados a ver y nutrir el potencial de cada uno de sus estudiantes, reconociendo que todos tienen algo valioso que aportar al mundo.<\/p>\n<p><strong>El Valor Transformador del Maestro Cristiano<\/strong><\/p>\n<p>En una sociedad en constante cambio y a menudo marcada por la desigualdad y la injusticia, el papel del maestro cristiano es crucial. Los maestros tienen la oportunidad de ser faros de luz y esperanza en sus comunidades. Al educar con una perspectiva cristiana, no solo imparten conocimientos acad\u00e9micos, sino que tambi\u00e9n forman a sus estudiantes en valores como la justicia, la compasi\u00f3n, la integridad y el respeto.<\/p>\n<p>Parker Palmer, un renombrado autor y educador, subraya en su obra \u00abEl Valor de Ense\u00f1ar\u00bb (Courage to Teach, 2007. Jossey-Bass) la importancia de la autenticidad y el compromiso en la vocaci\u00f3n docente. Palmer afirma: \u201cUn maestro puede cambiar vidas con la mezcla adecuada de tiza y desaf\u00edos\u201d. Esta cita resalta c\u00f3mo el impacto de un maestro va m\u00e1s all\u00e1 de los contenidos curriculares; se trata de desafiar a los estudiantes a pensar cr\u00edticamente, actuar \u00e9ticamente y vivir con prop\u00f3sito.<\/p>\n<p>Ser un maestro cristiano no est\u00e1 exento de desaf\u00edos. Requiere una dedicaci\u00f3n constante, una fe inquebrantable y una disposici\u00f3n para enfrentar y superar obst\u00e1culos. Los maestros cristianos a menudo deben lidiar con limitaciones de recursos, dificultades personales de los estudiantes y, en algunos casos, un entorno social que no valora adecuadamente la educaci\u00f3n. Sin embargo, las recompensas de esta vocaci\u00f3n son inmensas. Ver a un estudiante superar sus dificultades, alcanzar sus metas y convertirse en una persona \u00edntegra y compasiva es una satisfacci\u00f3n incomparable. Adem\u00e1s, los maestros cristianos saben que su labor tiene un valor eterno; est\u00e1n sembrando semillas que pueden dar frutos durante toda la vida de sus estudiantes y m\u00e1s all\u00e1.<\/p>\n<p><strong>Inspiraci\u00f3n para las Nuevas Generaciones<\/strong><\/p>\n<p>Para los j\u00f3venes y adultos que sienten un llamado a la ense\u00f1anza, es vital reconocer el impacto profundo y duradero que pueden tener en sus comunidades. La sociedad necesita m\u00e1s maestros que no solo ense\u00f1en, sino que tambi\u00e9n vivan sus valores y principios cristianos, sirviendo como modelos a seguir para sus estudiantes.<\/p>\n<p>La vocaci\u00f3n del maestro cristiano es, en \u00faltima instancia, una misi\u00f3n de amor y servicio. Es una oportunidad para reflejar el amor de Dios a trav\u00e9s de la educaci\u00f3n y para contribuir al bienestar y la transformaci\u00f3n de la sociedad. En un mundo que a menudo parece dividido y desorientado, los maestros cristianos tienen el poder de ser agentes de reconciliaci\u00f3n, paz y esperanza.<\/p>\n<p><strong>Un Llamado a la Acci\u00f3n<\/strong><\/p>\n<p>A todos aquellos que est\u00e1n descubriendo su vocaci\u00f3n de maestros, este es un llamado a involucrarse en este ministerio cristiano. Si sientes el llamado a ense\u00f1ar, no lo ignores. Tu papel como maestro cristiano puede ser una fuente de inspiraci\u00f3n y cambio en la vida de tus estudiantes y en tu comunidad. La ense\u00f1anza es una noble misi\u00f3n que requiere valent\u00eda, dedicaci\u00f3n y amor, pero las recompensas son incalculables y eternas.<\/p>\n<p>Otra cita de Parker Palmer nos recuerda que: \u201cLas preguntas existenciales de la vida son las que todos hacen con o sin el beneficio de la repuesta de Dios: \u00bfTiene mi vida sentido y prop\u00f3sito? \u00bfTengo los dones que el mundo quiere y necesita? \u00bfA qui\u00e9n y a qu\u00e9 sirvo? Pero nosotros, los cristianos, s\u00ed tenemos las respuestas\u201d (Courage to Teach, 2007. Jossey-Bass). T\u00fa puedes ser ese maestro que inspire, desaf\u00ede y transforme. \u00danete a esta noble vocaci\u00f3n y contribuye al cambio positivo en nuestra sociedad.<\/p>\n<p><strong>Conclusi\u00f3n<\/strong><\/p>\n<p>El maestro cristiano es un pilar esencial para el cambio social. A trav\u00e9s de su dedicaci\u00f3n, amor y fe, pueden inspirar y transformar vidas, siguiendo el ejemplo de Jes\u00fas. En la educaci\u00f3n cristiana, cada lecci\u00f3n es una oportunidad para sembrar valores duraderos y preparar a las futuras generaciones para enfrentar los desaf\u00edos del mundo con sabidur\u00eda y compasi\u00f3n. Estas son oportunidades para hacer una diferencia real y significativa en la vida de sus estudiantes y, por ende, en la sociedad en general. Que este llamado inspire a muchos a seguir el camino del servicio y la ense\u00f1anza, construyendo un futuro mejor para todos.<\/p>\n\n\t\t<\/div>\n\t<\/div>\n<\/div><\/div><\/div><\/div><div class=\"vc_row wpb_row vc_row-fluid vc_custom_1615074577655 vc_row-has-fill\"><div class=\"wpb_column vc_column_container vc_col-sm-12\"><div class=\"vc_column-inner\"><div class=\"wpb_wrapper\">\t\t\t<div class=\"info-box-wrapper inline-element\">\n\t\t\t\t<div id=\"wd-6686aba9c8746\" class=\" wd-rs-6686aba9c8746 wd-info-box wd-wpb text-left box-icon-align-left box-style- color-scheme- wd-bg-none wd-items-top \">\n\t\t\t\t\t\t\t\t\t\t\t<div class=\"box-icon-wrapper  box-with-icon box-icon-with-border\">\n\t\t\t\t\t\t\t<div class=\"info-box-icon\">\n\n\t\t\t\t\t\t\t\n\t\t\t\t\t\t\t\t\t\t\t\t\t\t\t\t\t<img loading=\"lazy\" decoding=\"async\" width=\"100\" height=\"100\" src=\"https:\/\/desarrollocristiano.pe\/wp-content\/uploads\/2024\/07\/CesarMorales-100x100.jpg\" class=\"attachment-100x100 size-100x100\" alt=\"\" srcset=\"https:\/\/desarrollocristiano.pe\/wp-content\/uploads\/2024\/07\/CesarMorales-100x100.jpg 100w, https:\/\/desarrollocristiano.pe\/wp-content\/uploads\/2024\/07\/CesarMorales-180x180.jpg 180w, https:\/\/desarrollocristiano.pe\/wp-content\/uploads\/2024\/07\/CesarMorales-150x150.jpg 150w, https:\/\/desarrollocristiano.pe\/wp-content\/uploads\/2024\/07\/CesarMorales.jpg 300w\" sizes=\"auto, (max-width: 100px) 100vw, 100px\" \/>\t\t\t\t\t\t\t\t\t\t\t\t\t\t\t\n\t\t\t\t\t\t\t<\/div>\n\t\t\t\t\t\t<\/div>\n\t\t\t\t\t\t\t\t\t\t<div class=\"info-box-content\">\n\t\t\t\t\t\t<h4 class=\"info-box-title title box-title-style-default wd-fontsize-m\">Sobre el autor<br \/>\n<\/h4>\t\t\t\t\t\t<div class=\"info-box-inner reset-last-child\"><\/p>\n<div class=\"col-md-10 col-12 align-self-center\">\n<p>El <strong>Dr. C\u00e9sar Morales<\/strong> es Licenciado en Teolog\u00eda del Seminario Evang\u00e9lico de Lima, Licenciado en Educaci\u00f3n de la Universidad San Ignacio de Loyola, Magister en Teolog\u00eda de la Universidad Queen\u2019s \u2013 Irlanda del Norte y Doctor en Educaci\u00f3n de la Universidad BIOLA EE.UU.<\/p>\n<\/div>\n<p>\n<\/div>\n\n\t\t\t\t\t\t\t\t\t\t\t<\/div>\n\n\t\t\t\t\t\n\t\t\t\t\t<style>#wd-6686aba9c8746 .info-box-icon {background-color:  !important;}<\/style>\t\t\t\t<\/div>\n\t\t\t<\/div>\n\t\t<\/div><\/div><\/div><\/div><div class=\"vc_row wpb_row vc_row-fluid\"><div class=\"wpb_column vc_column_container vc_col-sm-12\"><div class=\"vc_column-inner\"><div class=\"wpb_wrapper\"><div class=\"vc_row wpb_row vc_inner vc_row-fluid\"><div class=\"wpb_column vc_column_container vc_col-sm-12\"><div class=\"vc_column-inner\"><div class=\"wpb_wrapper\">\n\t\t<div id=\"wd-6296826c864a3\" class=\"title-wrapper wd-wpb wd-set-mb reset-last-child  wd-rs-6296826c864a3 wd-title-color-default wd-title-style-default text-left vc_custom_1654030977032 wd-underline-colored\">\n\t\t\t\n\t\t\t<div class=\"liner-continer\">\n\t\t\t\t<h4 class=\"woodmart-title-container title  wd-font-weight- wd-fontsize-l\" >Libros relacionados recomendados<\/h4>\n\t\t\t\t\t\t\t<\/div>\n\t\t\t\n\t\t\t\n\t\t\t\n\t\t<\/div>\n\t\t\n\t\t<div class=\"woocommerce columns-4 \"><div class=\"wd-products-element\">\t\t\t<div class=\"wd-sticky-loader wd-content-loader\"><span class=\"wd-loader\"><\/span><\/div>\n\t\t\n<div class=\"products wd-products wd-grid-g grid-columns-4 elements-grid pagination-pagination\" data-source=\"main_loop\" data-min_price=\"\" data-max_price=\"\" data-columns=\"4\" style=\"--wd-col-lg:4;--wd-col-md:4;--wd-col-sm:2;--wd-gap-lg:30px;--wd-gap-sm:10px;\">\n<div class=\"wd-product wd-hover-icons wd-col product-grid-item product type-product post-79195 status-publish first instock product_cat-cosmovision product_cat-iglesia product_cat-realidad-contemporanea has-post-thumbnail taxable shipping-taxable product-type-simple\" data-loop=\"8\" data-id=\"79195\">\n\t\n\t<div class=\"product-wrapper\">\n\t<div class=\"product-element-top wd-quick-shop\">\n\t\t<a href=\"https:\/\/desarrollocristiano.pe\/producto\/escolarizar-no-es-educar\/\" class=\"product-image-link\" aria-label=\"ESCOLARIZAR NO ES EDUCAR\">\n\t\t\t<img loading=\"lazy\" decoding=\"async\" width=\"267\" height=\"400\" src=\"https:\/\/desarrollocristiano.pe\/wp-content\/uploads\/2023\/01\/9781648360640.jpg\" class=\"attachment-woocommerce_thumbnail size-woocommerce_thumbnail\" alt=\"ESCOLARIZAR NO ES EDUCAR\" srcset=\"https:\/\/desarrollocristiano.pe\/wp-content\/uploads\/2023\/01\/9781648360640.jpg 267w, https:\/\/desarrollocristiano.pe\/wp-content\/uploads\/2023\/01\/9781648360640-150x225.jpg 150w\" sizes=\"auto, (max-width: 267px) 100vw, 267px\" \/>\t\t<\/a>\n\n\t\t\n\t\t<div class=\"wrapp-buttons\">\n\t\t\t<div class=\"wd-buttons\">\n\t\t\t\t<div class=\"wd-add-btn wd-action-btn wd-style-icon wd-add-cart-icon\"><\/div>\n\t\t\t\t\t\t\t\t\t\t\t\t\t\t<div class=\"quick-view wd-action-btn wd-style-icon wd-quick-view-icon\">\n\t\t\t<a\n\t\t\t\thref=\"https:\/\/desarrollocristiano.pe\/producto\/escolarizar-no-es-educar\/\"\n\t\t\t\tclass=\"open-quick-view quick-view-button\"\n\t\t\t\trel=\"nofollow\"\n\t\t\t\tdata-id=\"79195\"\n\t\t\t\t>Vista r\u00e1pida<\/a>\n\t\t<\/div>\n\t\t\t\t\t\t\t\t\t\t\t\t\t<\/div> \n\t\t<\/div>\n\t<\/div>\n\t\t\t\t\t<h3 class=\"wd-entities-title\"><a href=\"https:\/\/desarrollocristiano.pe\/producto\/escolarizar-no-es-educar\/\">ESCOLARIZAR NO ES EDUCAR<\/a><\/h3>\t\t\t\t\t\t<div class=\"libro-info\" style=\"font-size:small\"><div class=\"libro-autor\"><span class=\"libro-autor-label\">Autor:<\/span> DARROW MILLER<\/div><div class=\"libro-editorial\"><span class=\"libro-editorial-label\">Editorial:<\/span> JUCUM<\/div><\/div>\n\n\t\t\n\t\t\n\t\t\t<\/div>\n<\/div>\n<div class=\"wd-product wd-hover-icons wd-col product-grid-item product type-product post-79193 status-publish instock product_cat-apologetica product_cat-teologia has-post-thumbnail taxable shipping-taxable product-type-simple\" data-loop=\"9\" data-id=\"79193\">\n\t\n\t<div class=\"product-wrapper\">\n\t<div class=\"product-element-top wd-quick-shop\">\n\t\t<a href=\"https:\/\/desarrollocristiano.pe\/producto\/la-educacion-tiene-dios-algo-que-decir\/\" class=\"product-image-link\" aria-label=\"LA EDUCACI\u00d3N: \u00bfTIENE DIOS ALGO QU\u00c9 DECIR?\">\n\t\t\t<img loading=\"lazy\" decoding=\"async\" width=\"250\" height=\"250\" src=\"https:\/\/desarrollocristiano.pe\/wp-content\/uploads\/2023\/01\/9781648360626.jpg\" class=\"attachment-woocommerce_thumbnail size-woocommerce_thumbnail\" alt=\"LA EDUCACI\u00d3N: \u00bfTIENE DIOS ALGO QU\u00c9 DECIR?\" srcset=\"https:\/\/desarrollocristiano.pe\/wp-content\/uploads\/2023\/01\/9781648360626.jpg 250w, https:\/\/desarrollocristiano.pe\/wp-content\/uploads\/2023\/01\/9781648360626-180x180.jpg 180w, https:\/\/desarrollocristiano.pe\/wp-content\/uploads\/2023\/01\/9781648360626-150x150.jpg 150w\" sizes=\"auto, (max-width: 250px) 100vw, 250px\" \/>\t\t<\/a>\n\n\t\t\n\t\t<div class=\"wrapp-buttons\">\n\t\t\t<div class=\"wd-buttons\">\n\t\t\t\t<div class=\"wd-add-btn wd-action-btn wd-style-icon wd-add-cart-icon\"><\/div>\n\t\t\t\t\t\t\t\t\t\t\t\t\t\t<div class=\"quick-view wd-action-btn wd-style-icon wd-quick-view-icon\">\n\t\t\t<a\n\t\t\t\thref=\"https:\/\/desarrollocristiano.pe\/producto\/la-educacion-tiene-dios-algo-que-decir\/\"\n\t\t\t\tclass=\"open-quick-view quick-view-button\"\n\t\t\t\trel=\"nofollow\"\n\t\t\t\tdata-id=\"79193\"\n\t\t\t\t>Vista r\u00e1pida<\/a>\n\t\t<\/div>\n\t\t\t\t\t\t\t\t\t\t\t\t\t<\/div> \n\t\t<\/div>\n\t<\/div>\n\t\t\t\t\t<h3 class=\"wd-entities-title\"><a href=\"https:\/\/desarrollocristiano.pe\/producto\/la-educacion-tiene-dios-algo-que-decir\/\">LA EDUCACI\u00d3N: \u00bfTIENE DIOS ALGO QU\u00c9 DECIR?<\/a><\/h3>\t\t\t\t\t\t<div class=\"libro-info\" style=\"font-size:small\"><div class=\"libro-autor\"><span class=\"libro-autor-label\">Autor:<\/span> ISRAEL WAYNE<\/div><div class=\"libro-editorial\"><span class=\"libro-editorial-label\">Editorial:<\/span> JUCUM<\/div><\/div>\n\n\t\t\n\t\t\n\t\t\t<\/div>\n<\/div>\n<div class=\"wd-product wd-hover-icons wd-col product-grid-item product type-product post-85770 status-publish instock product_cat-cosmovision product_cat-iglesia product_cat-realidad-contemporanea has-post-thumbnail taxable shipping-taxable purchasable product-type-simple\" data-loop=\"10\" data-id=\"85770\">\n\t\n\t<div class=\"product-wrapper\">\n\t<div class=\"product-element-top wd-quick-shop\">\n\t\t<a href=\"https:\/\/desarrollocristiano.pe\/producto\/la-tercera-revolucion-educativa\/\" class=\"product-image-link\" aria-label=\"La Tercera Revolucion Educativa\">\n\t\t\t<img loading=\"lazy\" decoding=\"async\" width=\"262\" height=\"425\" src=\"https:\/\/desarrollocristiano.pe\/wp-content\/uploads\/2024\/02\/9781648360947-1.jpg\" class=\"attachment-woocommerce_thumbnail size-woocommerce_thumbnail\" alt=\"La Tercera Revolucion Educativa\" srcset=\"https:\/\/desarrollocristiano.pe\/wp-content\/uploads\/2024\/02\/9781648360947-1.jpg 262w, https:\/\/desarrollocristiano.pe\/wp-content\/uploads\/2024\/02\/9781648360947-1-150x243.jpg 150w\" sizes=\"auto, (max-width: 262px) 100vw, 262px\" \/>\t\t<\/a>\n\n\t\t\n\t\t<div class=\"wrapp-buttons\">\n\t\t\t<div class=\"wd-buttons\">\n\t\t\t\t<div class=\"wd-add-btn wd-action-btn wd-style-icon wd-add-cart-icon\"><\/div>\n\t\t\t\t\t\t\t\t\t\t\t\t\t\t<div class=\"quick-view wd-action-btn wd-style-icon wd-quick-view-icon\">\n\t\t\t<a\n\t\t\t\thref=\"https:\/\/desarrollocristiano.pe\/producto\/la-tercera-revolucion-educativa\/\"\n\t\t\t\tclass=\"open-quick-view quick-view-button\"\n\t\t\t\trel=\"nofollow\"\n\t\t\t\tdata-id=\"85770\"\n\t\t\t\t>Vista r\u00e1pida<\/a>\n\t\t<\/div>\n\t\t\t\t\t\t\t\t\t\t\t\t\t<\/div> \n\t\t<\/div>\n\t<\/div>\n\t\t\t\t\t<h3 class=\"wd-entities-title\"><a href=\"https:\/\/desarrollocristiano.pe\/producto\/la-tercera-revolucion-educativa\/\">La Tercera Revolucion Educativa<\/a><\/h3>\t\t\t\t\t\t<div class=\"libro-info\" style=\"font-size:small\"><div class=\"libro-autor\"><span class=\"libro-autor-label\">Autores:<\/span> DAVID MARSHALL, VISHAL MANGALWADI<\/div><div class=\"libro-editorial\"><span class=\"libro-editorial-label\">Editorial:<\/span> JUCUM<\/div><\/div>\n\t<span class=\"price\"><span class=\"woocommerce-Price-amount amount\"><bdi><span class=\"woocommerce-Price-currencySymbol\">S\/<\/span>45.00<\/bdi><\/span><\/span>\n\n\t\t\n\t\t\n\t\t\t<\/div>\n<\/div>\n<div class=\"wd-product wd-hover-icons wd-col product-grid-item product type-product post-66441 status-publish last instock product_cat-cosmovision product_cat-cosmovision-biblica product_cat-cosmovision-cristiana-en-la-educacion product_cat-cosmovision-directivos-docentes product_cat-docentes product_cat-formacion-docente product_cat-iglesia product_cat-primaria-y-secundaria-cosmovision-cristiana-en-la-educacion has-post-thumbnail taxable shipping-taxable purchasable product-type-simple\" data-loop=\"11\" data-id=\"66441\">\n\t\n\t<div class=\"product-wrapper\">\n\t<div class=\"product-element-top wd-quick-shop\">\n\t\t<a href=\"https:\/\/desarrollocristiano.pe\/producto\/supuestos-y-estilos-de-vida\/\" class=\"product-image-link\" aria-label=\"SUPUESTOS Y ESTILOS DE VIDA\">\n\t\t\t<img loading=\"lazy\" decoding=\"async\" width=\"600\" height=\"904\" src=\"https:\/\/desarrollocristiano.pe\/wp-content\/uploads\/2020\/10\/9781576587720-1-600x904.jpg\" class=\"attachment-woocommerce_thumbnail size-woocommerce_thumbnail\" alt=\"SUPUESTOS Y ESTILOS DE VIDA\" srcset=\"https:\/\/desarrollocristiano.pe\/wp-content\/uploads\/2020\/10\/9781576587720-1-600x904.jpg 600w, https:\/\/desarrollocristiano.pe\/wp-content\/uploads\/2020\/10\/9781576587720-1-150x226.jpg 150w, https:\/\/desarrollocristiano.pe\/wp-content\/uploads\/2020\/10\/9781576587720-1-320x482.jpg 320w, https:\/\/desarrollocristiano.pe\/wp-content\/uploads\/2020\/10\/9781576587720-1.jpg 664w\" sizes=\"auto, (max-width: 600px) 100vw, 600px\" \/>\t\t<\/a>\n\n\t\t\n\t\t<div class=\"wrapp-buttons\">\n\t\t\t<div class=\"wd-buttons\">\n\t\t\t\t<div class=\"wd-add-btn wd-action-btn wd-style-icon wd-add-cart-icon\"><\/div>\n\t\t\t\t\t\t\t\t\t\t\t\t\t\t<div class=\"quick-view wd-action-btn wd-style-icon wd-quick-view-icon\">\n\t\t\t<a\n\t\t\t\thref=\"https:\/\/desarrollocristiano.pe\/producto\/supuestos-y-estilos-de-vida\/\"\n\t\t\t\tclass=\"open-quick-view quick-view-button\"\n\t\t\t\trel=\"nofollow\"\n\t\t\t\tdata-id=\"66441\"\n\t\t\t\t>Vista r\u00e1pida<\/a>\n\t\t<\/div>\n\t\t\t\t\t\t\t\t\t\t\t\t\t<\/div> \n\t\t<\/div>\n\t<\/div>\n\t\t\t\t\t<h3 class=\"wd-entities-title\"><a href=\"https:\/\/desarrollocristiano.pe\/producto\/supuestos-y-estilos-de-vida\/\">SUPUESTOS Y ESTILOS DE VIDA<\/a><\/h3>\t\t\t\t\t\t<div class=\"libro-info\" style=\"font-size:small\"><div class=\"libro-autor\"><span class=\"libro-autor-label\">Autor:<\/span> CHRISTIAN OVERM<\/div><div class=\"libro-editorial\"><span class=\"libro-editorial-label\">Editorial:<\/span> JUCUM<\/div><\/div>\n\t<span class=\"price\"><span class=\"woocommerce-Price-amount amount\"><bdi><span class=\"woocommerce-Price-currencySymbol\">S\/<\/span>54.00<\/bdi><\/span><\/span>\n\n\t\t\n\t\t\n\t\t\t<\/div>\n<\/div>\n<\/div>\n<\/div><\/div><\/div><\/div><\/div><\/div><\/div><\/div><\/div><\/div>\n<\/div>\t\t\t\t\t<\/div>\n\t\t\t\t\n\t\t\t\t\t\t\t\t\t<\/div>\n\t<\/div>\n<\/article>\n\n\t\t\t\t\t\t\t\t\t\t\t\n<article id=\"post-88224\" class=\"wd-post blog-design-chess blog-post-loop blog-design-small-images blog-style-bg wd-add-shadow wd-col post-88224 post type-post status-publish format-standard has-post-thumbnail hentry category-reflexionando-en-semana-santa\">\n\t<div class=\"wd-post-inner article-inner\">\n\t\t\t\t\t<div class=\"wd-post-thumb entry-header\">\n\t\t\t\t\t\t\t\t\t<div class=\"wd-post-img post-img-wrapp\">\n\t\t\t\t\t\t<img width=\"320\" height=\"160\" src=\"https:\/\/desarrollocristiano.pe\/wp-content\/uploads\/2024\/03\/semana-santa-320x160.jpg\" class=\"attachment-large size-large\" alt=\"\" decoding=\"async\" loading=\"lazy\" srcset=\"https:\/\/desarrollocristiano.pe\/wp-content\/uploads\/2024\/03\/semana-santa-320x160.jpg 320w, https:\/\/desarrollocristiano.pe\/wp-content\/uploads\/2024\/03\/semana-santa-600x300.jpg 600w, https:\/\/desarrollocristiano.pe\/wp-content\/uploads\/2024\/03\/semana-santa-150x75.jpg 150w, https:\/\/desarrollocristiano.pe\/wp-content\/uploads\/2024\/03\/semana-santa-400x200.jpg 400w, https:\/\/desarrollocristiano.pe\/wp-content\/uploads\/2024\/03\/semana-santa.jpg 700w\" sizes=\"auto, (max-width: 320px) 100vw, 320px\" \/>\t\t\t\t\t<\/div>\n\t\t\t\t\t<a class=\"wd-fill\" href=\"https:\/\/desarrollocristiano.pe\/paz-a-ustedes\/\"><\/a>\n\t\t\t\t\n\t\t\t\t\t\t\t\t\t\t\t\t<div class=\"wd-post-date wd-style-with-bg\">\n\t\t\t\t<span class=\"post-date-day\">\n\t\t\t\t\t24\t\t\t\t<\/span>\n\t\t\t\t<span class=\"post-date-month\">\n\t\t\t\t\tMar\t\t\t\t<\/span>\n\t\t\t<\/div>\n\t\t\t\t\t\t\t\t\t<\/div>\n\t\t\n\t\t<div class=\"wd-post-content article-body-container\">\n\t\t\t\t\t\t\t<div class=\"wd-post-cat wd-style-with-bg meta-post-categories\">\n\t\t\t\t\t<a href=\"https:\/\/desarrollocristiano.pe\/categorias\/reflexionando-en-semana-santa\/\" rel=\"category tag\">Reflexionando en Semana Santa<\/a>\t\t\t\t<\/div>\n\t\t\t\n\t\t\t\t\t\t\t<h3 class=\"wd-post-title wd-entities-title title post-title\">\n\t\t\t\t\t<a href=\"https:\/\/desarrollocristiano.pe\/paz-a-ustedes\/\" rel=\"bookmark\">Paz a ustedes<\/a>\n\t\t\t\t<\/h3>\n\t\t\t\n\t\t\t\t\t\t\t<div class=\"wd-post-meta\">\n\t\t\t\t\t\t\t\t\t\t\t\t\t\t\t<div class=\"wd-post-author\">\n\t\t\t\t\t\t\t\t\t\t\t<span>Posteado por<\/span>\n\t\t\n\t\t\t\t\t<img alt='author-avatar' src='https:\/\/secure.gravatar.com\/avatar\/8f331515e2139e7ffacac78d5e21bc88ee625065cad5d063ef4da73b7cbcfc2d?s=18&#038;d=mm&#038;r=g' srcset='https:\/\/secure.gravatar.com\/avatar\/8f331515e2139e7ffacac78d5e21bc88ee625065cad5d063ef4da73b7cbcfc2d?s=36&#038;d=mm&#038;r=g 2x' class='avatar avatar-18 photo' height='18' width='18' loading='lazy' decoding='async'\/>\t\t\n\t\t\t\t\t<a href=\"https:\/\/desarrollocristiano.pe\/author\/aprnimda7720\/\" class=\"author\" rel=\"author\">Administrador<\/a>\n\t\t\t\t\t\t\t\t\t<\/div>\n\t\t\t\t\t<div class=\"wd-modified-date\">\n\t\t\t\t\t\t\t\t<time class=\"updated\" datetime=\"2024-03-24T18:40:25-05:00\">\n\t\t\t24\/03\/2024\t\t<\/time>\n\t\t\t\t\t\t\t<\/div>\n\n\t\t\t\t\t\t\t\t\t\t\t<div class=\"wd-post-share wd-tltp\">\n\t\t\t\t\t\t\t<div class=\"tooltip top\">\n\t\t\t\t\t\t\t\t<div class=\"tooltip-inner\">\n\t\t\t\t\t\t\t\t\t\t\t\t<div\n\t\t\t\t\t\tclass=\" wd-social-icons  wd-style-default wd-size-small social-share wd-shape-circle color-scheme-light text-center\">\n\t\t\t\t\n\t\t\t\t\n\t\t\t\t\t\t\t\t\t<a rel=\"noopener noreferrer nofollow\" href=\"https:\/\/www.facebook.com\/sharer\/sharer.php?u=https:\/\/desarrollocristiano.pe\/articulos-pastorales\/\" target=\"_blank\" class=\" wd-social-icon social-facebook\" aria-label=\"Facebook social link\">\n\t\t\t\t\t\t<span class=\"wd-icon\"><\/span>\n\t\t\t\t\t\t\t\t\t\t\t<\/a>\n\t\t\t\t\n\t\t\t\t\t\t\t\t\t<a rel=\"noopener noreferrer nofollow\" href=\"https:\/\/x.com\/share?url=https:\/\/desarrollocristiano.pe\/articulos-pastorales\/\" target=\"_blank\" class=\" wd-social-icon social-twitter\" aria-label=\"X social link\">\n\t\t\t\t\t\t<span class=\"wd-icon\"><\/span>\n\t\t\t\t\t\t\t\t\t\t\t<\/a>\n\t\t\t\t\n\t\t\t\t\n\t\t\t\t\t\t\t\t\t<a rel=\"noopener noreferrer nofollow\" href=\"mailto:?subject=Check%20this%20https:\/\/desarrollocristiano.pe\/articulos-pastorales\/\" target=\"_blank\" class=\" wd-social-icon social-email\" aria-label=\"Email social link\">\n\t\t\t\t\t\t<span class=\"wd-icon\"><\/span>\n\t\t\t\t\t\t\t\t\t\t\t<\/a>\n\t\t\t\t\n\t\t\t\t\n\t\t\t\t\n\t\t\t\t\n\t\t\t\t\t\t\t\t\t<a rel=\"noopener noreferrer nofollow\" href=\"https:\/\/pinterest.com\/pin\/create\/button\/?url=https:\/\/desarrollocristiano.pe\/articulos-pastorales\/&media=https:\/\/desarrollocristiano.pe\/wp-content\/uploads\/2024\/03\/semana-santa.jpg&description=Paz+a+ustedes\" target=\"_blank\" class=\" wd-social-icon social-pinterest\" aria-label=\"Pinterest social link\">\n\t\t\t\t\t\t<span class=\"wd-icon\"><\/span>\n\t\t\t\t\t\t\t\t\t\t\t<\/a>\n\t\t\t\t\n\t\t\t\t\n\t\t\t\t\t\t\t\t\t<a rel=\"noopener noreferrer nofollow\" href=\"https:\/\/www.linkedin.com\/shareArticle?mini=true&url=https:\/\/desarrollocristiano.pe\/articulos-pastorales\/\" target=\"_blank\" class=\" wd-social-icon social-linkedin\" aria-label=\"Linkedin social link\">\n\t\t\t\t\t\t<span class=\"wd-icon\"><\/span>\n\t\t\t\t\t\t\t\t\t\t\t<\/a>\n\t\t\t\t\n\t\t\t\t\n\t\t\t\t\n\t\t\t\t\n\t\t\t\t\n\t\t\t\t\n\t\t\t\t\n\t\t\t\t\n\t\t\t\t\n\t\t\t\t\t\t\t\t\t<a rel=\"noopener noreferrer nofollow\" href=\"https:\/\/api.whatsapp.com\/send?text=https%3A%2F%2Fdesarrollocristiano.pe%2Farticulos-pastorales%2F\" target=\"_blank\" class=\"wd-hide-md  wd-social-icon social-whatsapp\" aria-label=\"WhatsApp social link\">\n\t\t\t\t\t\t<span class=\"wd-icon\"><\/span>\n\t\t\t\t\t\t\t\t\t\t\t<\/a>\n\n\t\t\t\t\t<a rel=\"noopener noreferrer nofollow\" href=\"whatsapp:\/\/send?text=https%3A%2F%2Fdesarrollocristiano.pe%2Farticulos-pastorales%2F\" target=\"_blank\" class=\"wd-hide-lg  wd-social-icon social-whatsapp\" aria-label=\"WhatsApp social link\">\n\t\t\t\t\t\t<span class=\"wd-icon\"><\/span>\n\t\t\t\t\t\t\t\t\t\t\t<\/a>\n\t\t\t\t\n\t\t\t\t\n\t\t\t\t\n\t\t\t\t\n\t\t\t\t\n\t\t\t\t\n\t\t\t\t\t\t\t\t\t<a rel=\"noopener noreferrer nofollow\" href=\"https:\/\/telegram.me\/share\/url?url=https:\/\/desarrollocristiano.pe\/articulos-pastorales\/\" target=\"_blank\" class=\" wd-social-icon social-tg\" aria-label=\"Telegram social link\">\n\t\t\t\t\t\t<span class=\"wd-icon\"><\/span>\n\t\t\t\t\t\t\t\t\t\t\t<\/a>\n\t\t\t\t\n\t\t\t\t\n\t\t\t<\/div>\n\n\t\t\t\t\t\t\t\t\t\t<\/div>\n\t\t\t\t\t\t\t\t<div class=\"tooltip-arrow\"><\/div>\n\t\t\t\t\t\t\t<\/div>\n\t\t\t\t\t\t<\/div>\n\t\t\t\t\t\n\t\t\t\t\t\t\t\t\t\t\t\t\t\t\t\t\t<div class=\"wd-post-reply wd-style-1\">\n\t\t\t\t\t\t\t<a href=\"https:\/\/desarrollocristiano.pe\/paz-a-ustedes\/#respond\"><span class=\"wd-replies-count\">0<\/span><\/a>\t\t\t\t\t\t<\/div>\n\t\t\t\t\t\t\t\t\t<\/div>\n\t\t\t\n\t\t\t\t\t\t\t\t\t\t\t\t<div class=\"wd-post-excerpt entry-content\">\n\t\t\t\t\t\t<div class=\"wpb-content-wrapper\"><div class=\"vc_row wpb_row vc_row-fluid\"><div class=\"wpb_column vc_column_container vc_col-sm-12\"><div class=\"vc_column-inner\"><div class=\"wpb_wrapper\">\n\t<div class=\"wpb_text_column wpb_content_element texto_parrafo text-larger\" >\n\t\t<div class=\"wpb_wrapper\">\n\t\t\t<p>Por: <a href=\"https:\/\/twitter.com\/pepieri\">Pepe Mendoza<\/a><\/p>\n<p><span style=\"font-weight: 400;\">La Semana Santa siempre nos permite traer a la memoria de una manera m\u00e1s viva la obra monumental de nuestro Se\u00f1or Jesucristo a nuestro favor. Reflexionar hoy en la muerte y resurrecci\u00f3n de Jesucristo es posible a trav\u00e9s del testimonio fidedigno que el Se\u00f1or mismo nos dej\u00f3 en las p\u00e1ginas del Nuevo Testamento.\u00a0<\/span><\/p>\n<p><span style=\"font-weight: 400;\">Es indudable que los escritores del Nuevo Testamento, inspirados por el Esp\u00edritu Santo, escribieron con pasi\u00f3n sobre unos acontecimientos tan impresionantes, no solo por los sucesos mismos, sino porque eran el cumplimiento de las profec\u00edas de la antig\u00fcedad, que se convirtieron con justa raz\u00f3n en el centro de su proclamaci\u00f3n de las m\u00e1s grandes buenas noticias jam\u00e1s o\u00eddas en favor de la humanidad. El ap\u00f3stol Juan dijo: \u00abLo que hemos visto y o\u00eddo les proclamamos tambi\u00e9n a ustedes, para que tambi\u00e9n ustedes tengan comuni\u00f3n con nosotros\u00bb (1 Jn 1:3). Es importante destacar que la \u00abcomuni\u00f3n\u00bb entre nosotros, los cristianos de todas las \u00e9pocas y lugares, radica en el testimonio com\u00fan transferido fielmente entre generaciones de que Jesucristo, como lo dice el ap\u00f3stol Pedro, \u00ab\u2026 muri\u00f3 por los pecados una sola vez, el justo por los injustos, para llevarnos a Dios, muerto en la carne, pero vivificado en el esp\u00edritu\u00bb (1 P 3:18). No une a los cristianos su perfecci\u00f3n, moralidad, religiosidad o impecabilidad, sino la misericordia de Dios manifestada en Jesucristo, quien nos salva por gracia y no por nuestras obras.\u00a0<\/span><\/p>\n<p><span style=\"font-weight: 400;\">Ese testimonio de buenas noticias no solo es para los que todav\u00eda no conocen al Se\u00f1or y su obra, sino que es un recordatorio constante del amor de Dios para los que hemos ya cre\u00eddo, tal como Pablo lo enfatiza al decir:<\/span><\/p>\n<blockquote><p>\n<span style=\"font-weight: 400;\">\u00abPorque mientras a\u00fan \u00e9ramos d\u00e9biles, a su tiempo Cristo muri\u00f3 por los imp\u00edos. Porque dif\u00edcilmente habr\u00e1 alguien que muera por un justo, aunque tal vez alguno se atreva a morir por el bueno. Pero Dios demuestra su amor para con nosotros, en que siendo a\u00fan pecadores, Cristo muri\u00f3 por nosotros\u00bb (Ro 5:6-8).<\/span>\n<\/p><\/blockquote>\n<p><span style=\"font-weight: 400;\">Estamos hablando de una obra de amor inconmensurable e incomprensible. Los muertos (repito: \u00a1muertos!, no inconscientes, d\u00e9biles o simplemente ca\u00eddos) en sus delitos y pecados ahora viven (repito: \u00a1viven\u201d y no con una vida cualquiera, sino con vida \u00a1eterna!)\u00a0 por el poder de Aquel que dio su vida por nosotros, ocupando nuestro lugar y muriendo la muerte que merec\u00edamos, para resucitar y darnos la vida eterna que no merec\u00edamos. Esa es la raz\u00f3n por la que Pablo tambi\u00e9n extiende este inmenso significado para ampliarlo y decir:\u00a0<\/span><\/p>\n<blockquote><p>\n<span style=\"font-weight: 400;\">\u00abEntonces, \u00bfqu\u00e9 diremos a esto? Si Dios est\u00e1 por nosotros, \u00bfqui\u00e9n estar\u00e1 contra nosotros? El que no neg\u00f3 ni a Su propio Hijo, sino que lo entreg\u00f3 por todos nosotros, \u00bfc\u00f3mo no nos dar\u00e1 tambi\u00e9n junto con \u00c9l todas las cosas? [\u2026] Porque estoy convencido de que ni la muerte, ni la vida, ni \u00e1ngeles, ni principados, ni lo presente, ni lo por venir, ni los poderes, ni lo alto, ni lo profundo, ni ninguna otra cosa creada nos podr\u00e1 separar del amor de Dios que es en Cristo Jes\u00fas Se\u00f1or nuestro\u00bb (Ro 8:30-32, 38).<\/span>\n<\/p><\/blockquote>\n<p><span style=\"font-weight: 400;\">Celebrar la Semana Santa cada a\u00f1o es volver a reafirmar la verdad del amor y la gracia de Dios a nuestro favor que se extiende hasta el punto de reconocer que nuestra vida ha sido radicalmente cambiada en nuestra esencia y en nuestra posici\u00f3n delante de Dios, porque hemos resucitado con Cristo para vivir una vida nueva. Por eso somos llamados a poner \u00abla mira en las cosas de arriba, no en las de la tierra. Porque ustedes han muerto, y su vida est\u00e1 escondida con Cristo en Dios. Cuando Cristo, nuestra vida, sea manifestado, entonces ustedes tambi\u00e9n ser\u00e1n manifestados con \u00c9l en gloria\u00bb (Col 3:2-4).<\/span><\/p>\n<p><span style=\"font-weight: 400;\">Quise recalcar toda la tremenda realidad espiritual de la culminaci\u00f3n de la obra de Jesucristo a nuestro favor para que no dejemos que la conmemoraci\u00f3n de un evento de tal magnitud nos encuentre\u00a0 distra\u00eddos con respecto a las dimensiones de esa obra, hasta el punto de que terminemos, como la gran mayor\u00eda, simplemente aprovechando el tiempo para escapar unos d\u00edas de la ciudad, o nos\u00a0 dejemos llevar por la rutina simplemente para asistir a los eventos especiales que la iglesia prepara para estas fechas sin mucho \u00e1nimo y m\u00e1s por cumplir con un deber religioso.<\/span><\/p>\n<p><span style=\"font-weight: 400;\">Creo que el peligro de perder de vista la grandiosidad de la obra de Jesucristo tambi\u00e9n fue compartida por los mismos testigos presenciales. Los sucesos eran tan extraordinarios, tan inusuales, tan sobrenaturales y tan lejos de las expectativas meramente humanas de los disc\u00edpulos, que ellos terminaron desconcertados. \u00c9l testimonio de los cuatro evangelistas no oculta ni soslaya esa realidad inevitable. La muerte del maestro fue un tremendo dolor para ellos y su resurrecci\u00f3n fue algo realmente inesperado.<\/span><\/p>\n<p><span style=\"font-weight: 400;\">Por eso titul\u00e9 esta reflexi\u00f3n breve con las palabras que Jesucristo dijo cuando se apareci\u00f3 a los disc\u00edpulos, quienes, por cierto, Juan nos dice que estaban encerrados en un lugar \u00abpor miedo a los jud\u00edos\u00bb (Jn 20:19). En medio de sus temores, pensamientos contradictorios, tristezas y desesperanza, Jes\u00fas se aparece en medio de ellos, sin aviso y de forma sobrenatural, y les dice, \u00abPaz a ustedes\u00bb. La paz que Jes\u00fas afirma se evidencia dram\u00e1tica y claramente al mostrarles en sus manos y en su costado las huellas de su tormento mortal en la cruz. Sin embargo, las heridas que deber\u00edan evidenciar su muerte, en ese momento se convierten en la prueba suprema de que la muerte ha sido derrotada y Jesucristo vive para siempre.<\/span><\/p>\n<p><span style=\"font-weight: 400;\">No olvidemos al conmemorar esta Semana Santa que, m\u00e1s all\u00e1 de todo lo que estemos pasando, las pruebas, victorias o los sufrimientos que estemos enfrentando, Jesucristo ha vencido a la muerte (nuestro mayor enemigo), est\u00e1 hoy sentado a la diestra del Padre (con todo poder y autoridad) y nos ha prometido lo siguiente: \u00abY si me voy y les preparo un lugar, vendr\u00e9 otra vez y los tomar\u00e9 adonde Yo voy; para que d\u00f3nde Yo est\u00e9, all\u00ed est\u00e9n ustedes tambi\u00e9n\u00bb (Jn 14:3). Es indudable que ahora Jes\u00fas ha completado su obra de redenci\u00f3n, su amor por nosotros es inalterable y puede decirte a ti y a m\u00ed con absoluta propiedad una vez m\u00e1s:<\/span><\/p>\n<p style=\"text-align: center;\"><span style=\"font-weight: 400;\">\u00abPaz a ustedes\u00bb<br \/>\n<\/span><span style=\"font-weight: 400;\">(coloca tu nombre_________)<\/span><\/p>\n\n\t\t<\/div>\n\t<\/div>\n<\/div><\/div><\/div><\/div><div class=\"vc_row wpb_row vc_row-fluid vc_custom_1615074577655 vc_row-has-fill\"><div class=\"wpb_column vc_column_container vc_col-sm-12\"><div class=\"vc_column-inner\"><div class=\"wpb_wrapper\">\t\t\t<div class=\"info-box-wrapper\">\n\t\t\t\t<div id=\"wd-653995e9ef02b\" class=\" wd-rs-653995e9ef02b wd-info-box wd-wpb text-left box-icon-align-left box-style- color-scheme- wd-bg-none wd-items-top \">\n\t\t\t\t\t\t\t\t\t\t\t<div class=\"box-icon-wrapper  box-with-icon box-icon-simple\">\n\t\t\t\t\t\t\t<div class=\"info-box-icon\">\n\n\t\t\t\t\t\t\t\n\t\t\t\t\t\t\t\t\t\t\t\t\t\t\t\t\t<img loading=\"lazy\" decoding=\"async\" width=\"100\" height=\"100\" src=\"https:\/\/desarrollocristiano.pe\/wp-content\/uploads\/2021\/03\/pepemendoza-100x100.jpg\" class=\"attachment-100x100 size-100x100\" alt=\"\" \/>\t\t\t\t\t\t\t\t\t\t\t\t\t\t\t\n\t\t\t\t\t\t\t<\/div>\n\t\t\t\t\t\t<\/div>\n\t\t\t\t\t\t\t\t\t\t<div class=\"info-box-content\">\n\t\t\t\t\t\t\t\t\t\t\t\t<div class=\"info-box-inner reset-last-child\"><p><strong>Jos\u00e9<\/strong>\u00a0<strong>\u201cPepe\u201d Mendoza<\/strong> es el Asesor Editorial en Coalici\u00f3n por el Evangelio. Sirvi\u00f3 como pastor asociado en la Iglesia Bautista Internacional, en Rep\u00fablica Dominicana, y actualmente vive en Lima, Per\u00fa. Es profesor en el\u00a0<a title=\"\" href=\"http:\/\/institutois.org\/\">Instituto\u00a0Integridad &amp; Sabidur\u00eda<\/a>, colabora con el programa hispano del\u00a0<em><a href=\"https:\/\/www.sbts.edu\/hispanos\/\">Southern Baptist Theological Seminary<\/a><\/em>, y tambi\u00e9n trabaja como editor de libros y recursos cristianos. Est\u00e1 casado con Erika y tienen una hija, Adriana.<\/p>\n<p>Puedes encontrar a Jos\u00e9 \u00abPepe\u00bb Mendoza en:<\/p>\n<ul>\n<li>Twitter: <a href=\"https:\/\/twitter.com\/pepieri\" target=\"_blank\" rel=\"noopener noreferrer\">@pepieri<\/a><\/li>\n<\/ul>\n<p>\n<\/div>\n\n\t\t\t\t\t\t\t\t\t\t\t<\/div>\n\n\t\t\t\t\t\n\t\t\t\t\t\t\t\t\t<\/div>\n\t\t\t<\/div>\n\t\t<\/div><\/div><\/div><\/div>\n<\/div>\t\t\t\t\t<\/div>\n\t\t\t\t\n\t\t\t\t\t\t\t\t\t<\/div>\n\t<\/div>\n<\/article>\n\n\t\t\t\t\t\t\t\t\t\t\t\n<article id=\"post-88220\" class=\"wd-post blog-design-chess blog-post-loop blog-design-small-images blog-style-bg wd-add-shadow wd-col post-88220 post type-post status-publish format-standard has-post-thumbnail hentry category-reflexionando-en-semana-santa\">\n\t<div class=\"wd-post-inner article-inner\">\n\t\t\t\t\t<div class=\"wd-post-thumb entry-header\">\n\t\t\t\t\t\t\t\t\t<div class=\"wd-post-img post-img-wrapp\">\n\t\t\t\t\t\t<img width=\"320\" height=\"160\" src=\"https:\/\/desarrollocristiano.pe\/wp-content\/uploads\/2024\/03\/Cruz-Jesus-320x160.jpg\" class=\"attachment-large size-large\" alt=\"\" decoding=\"async\" loading=\"lazy\" srcset=\"https:\/\/desarrollocristiano.pe\/wp-content\/uploads\/2024\/03\/Cruz-Jesus-320x160.jpg 320w, https:\/\/desarrollocristiano.pe\/wp-content\/uploads\/2024\/03\/Cruz-Jesus-600x300.jpg 600w, https:\/\/desarrollocristiano.pe\/wp-content\/uploads\/2024\/03\/Cruz-Jesus-150x75.jpg 150w, https:\/\/desarrollocristiano.pe\/wp-content\/uploads\/2024\/03\/Cruz-Jesus-400x200.jpg 400w, https:\/\/desarrollocristiano.pe\/wp-content\/uploads\/2024\/03\/Cruz-Jesus.jpg 700w\" sizes=\"auto, (max-width: 320px) 100vw, 320px\" \/>\t\t\t\t\t<\/div>\n\t\t\t\t\t<a class=\"wd-fill\" href=\"https:\/\/desarrollocristiano.pe\/por-que-jesus-no-bajo-de-la-cruz-para-evitar-su-muerte\/\"><\/a>\n\t\t\t\t\n\t\t\t\t\t\t\t\t\t\t\t\t<div class=\"wd-post-date wd-style-with-bg\">\n\t\t\t\t<span class=\"post-date-day\">\n\t\t\t\t\t19\t\t\t\t<\/span>\n\t\t\t\t<span class=\"post-date-month\">\n\t\t\t\t\tMar\t\t\t\t<\/span>\n\t\t\t<\/div>\n\t\t\t\t\t\t\t\t\t<\/div>\n\t\t\n\t\t<div class=\"wd-post-content article-body-container\">\n\t\t\t\t\t\t\t<div class=\"wd-post-cat wd-style-with-bg meta-post-categories\">\n\t\t\t\t\t<a href=\"https:\/\/desarrollocristiano.pe\/categorias\/reflexionando-en-semana-santa\/\" rel=\"category tag\">Reflexionando en Semana Santa<\/a>\t\t\t\t<\/div>\n\t\t\t\n\t\t\t\t\t\t\t<h3 class=\"wd-post-title wd-entities-title title post-title\">\n\t\t\t\t\t<a href=\"https:\/\/desarrollocristiano.pe\/por-que-jesus-no-bajo-de-la-cruz-para-evitar-su-muerte\/\" rel=\"bookmark\">Por qu\u00e9 Jes\u00fas no baj\u00f3 de la cruz para evitar Su muerte<\/a>\n\t\t\t\t<\/h3>\n\t\t\t\n\t\t\t\t\t\t\t<div class=\"wd-post-meta\">\n\t\t\t\t\t\t\t\t\t\t\t\t\t\t\t<div class=\"wd-post-author\">\n\t\t\t\t\t\t\t\t\t\t\t<span>Posteado por<\/span>\n\t\t\n\t\t\t\t\t<img alt='author-avatar' src='https:\/\/secure.gravatar.com\/avatar\/8f331515e2139e7ffacac78d5e21bc88ee625065cad5d063ef4da73b7cbcfc2d?s=18&#038;d=mm&#038;r=g' srcset='https:\/\/secure.gravatar.com\/avatar\/8f331515e2139e7ffacac78d5e21bc88ee625065cad5d063ef4da73b7cbcfc2d?s=36&#038;d=mm&#038;r=g 2x' class='avatar avatar-18 photo' height='18' width='18' loading='lazy' decoding='async'\/>\t\t\n\t\t\t\t\t<a href=\"https:\/\/desarrollocristiano.pe\/author\/aprnimda7720\/\" class=\"author\" rel=\"author\">Administrador<\/a>\n\t\t\t\t\t\t\t\t\t<\/div>\n\t\t\t\t\t<div class=\"wd-modified-date\">\n\t\t\t\t\t\t\t\t<time class=\"updated\" datetime=\"2024-03-19T14:31:12-05:00\">\n\t\t\t19\/03\/2024\t\t<\/time>\n\t\t\t\t\t\t\t<\/div>\n\n\t\t\t\t\t\t\t\t\t\t\t<div class=\"wd-post-share wd-tltp\">\n\t\t\t\t\t\t\t<div class=\"tooltip top\">\n\t\t\t\t\t\t\t\t<div class=\"tooltip-inner\">\n\t\t\t\t\t\t\t\t\t\t\t\t<div\n\t\t\t\t\t\tclass=\" wd-social-icons  wd-style-default wd-size-small social-share wd-shape-circle color-scheme-light text-center\">\n\t\t\t\t\n\t\t\t\t\n\t\t\t\t\t\t\t\t\t<a rel=\"noopener noreferrer nofollow\" href=\"https:\/\/www.facebook.com\/sharer\/sharer.php?u=https:\/\/desarrollocristiano.pe\/articulos-pastorales\/\" target=\"_blank\" class=\" wd-social-icon social-facebook\" aria-label=\"Facebook social link\">\n\t\t\t\t\t\t<span class=\"wd-icon\"><\/span>\n\t\t\t\t\t\t\t\t\t\t\t<\/a>\n\t\t\t\t\n\t\t\t\t\t\t\t\t\t<a rel=\"noopener noreferrer nofollow\" href=\"https:\/\/x.com\/share?url=https:\/\/desarrollocristiano.pe\/articulos-pastorales\/\" target=\"_blank\" class=\" wd-social-icon social-twitter\" aria-label=\"X social link\">\n\t\t\t\t\t\t<span class=\"wd-icon\"><\/span>\n\t\t\t\t\t\t\t\t\t\t\t<\/a>\n\t\t\t\t\n\t\t\t\t\n\t\t\t\t\t\t\t\t\t<a rel=\"noopener noreferrer nofollow\" href=\"mailto:?subject=Check%20this%20https:\/\/desarrollocristiano.pe\/articulos-pastorales\/\" target=\"_blank\" class=\" wd-social-icon social-email\" aria-label=\"Email social link\">\n\t\t\t\t\t\t<span class=\"wd-icon\"><\/span>\n\t\t\t\t\t\t\t\t\t\t\t<\/a>\n\t\t\t\t\n\t\t\t\t\n\t\t\t\t\n\t\t\t\t\n\t\t\t\t\t\t\t\t\t<a rel=\"noopener noreferrer nofollow\" href=\"https:\/\/pinterest.com\/pin\/create\/button\/?url=https:\/\/desarrollocristiano.pe\/articulos-pastorales\/&media=https:\/\/desarrollocristiano.pe\/wp-content\/uploads\/2024\/03\/Cruz-Jesus.jpg&description=Por+qu%C3%A9+Jes%C3%BAs+no+baj%C3%B3+de+la+cruz+para+evitar+Su+muerte\" target=\"_blank\" class=\" wd-social-icon social-pinterest\" aria-label=\"Pinterest social link\">\n\t\t\t\t\t\t<span class=\"wd-icon\"><\/span>\n\t\t\t\t\t\t\t\t\t\t\t<\/a>\n\t\t\t\t\n\t\t\t\t\n\t\t\t\t\t\t\t\t\t<a rel=\"noopener noreferrer nofollow\" href=\"https:\/\/www.linkedin.com\/shareArticle?mini=true&url=https:\/\/desarrollocristiano.pe\/articulos-pastorales\/\" target=\"_blank\" class=\" wd-social-icon social-linkedin\" aria-label=\"Linkedin social link\">\n\t\t\t\t\t\t<span class=\"wd-icon\"><\/span>\n\t\t\t\t\t\t\t\t\t\t\t<\/a>\n\t\t\t\t\n\t\t\t\t\n\t\t\t\t\n\t\t\t\t\n\t\t\t\t\n\t\t\t\t\n\t\t\t\t\n\t\t\t\t\n\t\t\t\t\n\t\t\t\t\t\t\t\t\t<a rel=\"noopener noreferrer nofollow\" href=\"https:\/\/api.whatsapp.com\/send?text=https%3A%2F%2Fdesarrollocristiano.pe%2Farticulos-pastorales%2F\" target=\"_blank\" class=\"wd-hide-md  wd-social-icon social-whatsapp\" aria-label=\"WhatsApp social link\">\n\t\t\t\t\t\t<span class=\"wd-icon\"><\/span>\n\t\t\t\t\t\t\t\t\t\t\t<\/a>\n\n\t\t\t\t\t<a rel=\"noopener noreferrer nofollow\" href=\"whatsapp:\/\/send?text=https%3A%2F%2Fdesarrollocristiano.pe%2Farticulos-pastorales%2F\" target=\"_blank\" class=\"wd-hide-lg  wd-social-icon social-whatsapp\" aria-label=\"WhatsApp social link\">\n\t\t\t\t\t\t<span class=\"wd-icon\"><\/span>\n\t\t\t\t\t\t\t\t\t\t\t<\/a>\n\t\t\t\t\n\t\t\t\t\n\t\t\t\t\n\t\t\t\t\n\t\t\t\t\n\t\t\t\t\n\t\t\t\t\t\t\t\t\t<a rel=\"noopener noreferrer nofollow\" href=\"https:\/\/telegram.me\/share\/url?url=https:\/\/desarrollocristiano.pe\/articulos-pastorales\/\" target=\"_blank\" class=\" wd-social-icon social-tg\" aria-label=\"Telegram social link\">\n\t\t\t\t\t\t<span class=\"wd-icon\"><\/span>\n\t\t\t\t\t\t\t\t\t\t\t<\/a>\n\t\t\t\t\n\t\t\t\t\n\t\t\t<\/div>\n\n\t\t\t\t\t\t\t\t\t\t<\/div>\n\t\t\t\t\t\t\t\t<div class=\"tooltip-arrow\"><\/div>\n\t\t\t\t\t\t\t<\/div>\n\t\t\t\t\t\t<\/div>\n\t\t\t\t\t\n\t\t\t\t\t\t\t\t\t\t\t\t\t\t\t\t\t<div class=\"wd-post-reply wd-style-1\">\n\t\t\t\t\t\t\t<a href=\"https:\/\/desarrollocristiano.pe\/por-que-jesus-no-bajo-de-la-cruz-para-evitar-su-muerte\/#respond\"><span class=\"wd-replies-count\">0<\/span><\/a>\t\t\t\t\t\t<\/div>\n\t\t\t\t\t\t\t\t\t<\/div>\n\t\t\t\n\t\t\t\t\t\t\t\t\t\t\t\t<div class=\"wd-post-excerpt entry-content\">\n\t\t\t\t\t\t<div class=\"wpb-content-wrapper\"><div class=\"vc_row wpb_row vc_row-fluid\"><div class=\"wpb_column vc_column_container vc_col-sm-12\"><div class=\"vc_column-inner\"><div class=\"wpb_wrapper\">\n\t<div class=\"wpb_text_column wpb_content_element texto_parrafo text-larger\" >\n\t\t<div class=\"wpb_wrapper\">\n\t\t\t<p>Por: <a href=\"https:\/\/twitter.com\/matiaspeletay\"><b>Mat\u00edas <\/b><b>Peletay<\/b><\/a><br \/>\nFuente: <a href=\"https:\/\/www.coalicionporelevangelio.org\/articulo\/jesus-no-bajo-cruz-amor\/\" target=\"_blank\" rel=\"noopener noreferrer\">Coalici\u00f3n por el Evangelio<\/a><\/p>\n<div class=\"normal_blockquote\">\n<blockquote><p>\nDe igual manera, tambi\u00e9n los principales sacerdotes, junto con los escribas y los ancianos, burl\u00e1ndose de \u00c9l, dec\u00edan: \u00abA otros salv\u00f3; a \u00c9l mismo no puede salvarse. Rey de Israel es; que baje ahora de la cruz, y creeremos en \u00c9l\u00bb (<a class=\"rtBibleRef\" href=\"https:\/\/biblia.com\/bible\/nblh\/Mat%2027.41-42?culture=es\" target=\"_blank\" rel=\"noopener\" data-reference=\"Mat 27.41-42\" data-version=\"nblh\" data-purpose=\"bible-reference\">Mt 27:41-42<\/a>).\n<\/p><\/blockquote>\n<\/div>\n<p>Cuando Jes\u00fas estaba clavado en la cruz, en el momento de Su agon\u00eda, los principales sacerdotes y ancianos del pueblo le ofrecieron un trato tentador: si se bajaba de la cruz, es decir, si se liberaba de una manera milagrosa, ellos estar\u00edan dispuestos a creer que \u00c9l era el Cristo. La propuesta era atractiva, pues significaba evitar el dolor y conseguir que muchas personas creyeran en \u00c9l. Pero Jes\u00fas decidi\u00f3 quedarse en la cruz.<\/p>\n<p>&nbsp;<\/p>\n<p>Para entender mejor esta oferta de \u00faltimo momento de parte de los l\u00edderes espirituales de Israel, podemos hacer un breve repaso de sus interacciones con Jes\u00fas.<\/p>\n<h3><b>Una generaci\u00f3n incr\u00e9dula<\/b><\/h3>\n<p>Los sacerdotes y l\u00edderes del pueblo se ve\u00edan a s\u00ed mismos como los pastores del pueblo de la naci\u00f3n, eran los instructores que guiaban a los dem\u00e1s a trav\u00e9s de sus ense\u00f1anzas. No estaban del todo equivocados. Pero el deseo de poder y la corrupci\u00f3n del coraz\u00f3n humano hab\u00edan hecho que estos pastores se desviaran y desviaran al resto del pueblo con ellos. La corrupci\u00f3n de estos l\u00edderes espirituales se hab\u00eda acumulado por tanto tiempo que Dios hab\u00eda decidi\u00f3 arrebatarles su posici\u00f3n y pastorear \u00c9l mismo a Su reba\u00f1o (<a class=\"rtBibleRef\" href=\"https:\/\/biblia.com\/bible\/nblh\/Eze%2034.11-16?culture=es\" target=\"_blank\" rel=\"noopener\" data-reference=\"Eze 34.11-16\" data-version=\"nblh\" data-purpose=\"bible-reference\">Ez 34:11-16<\/a>).\u00a0<a href=\"https:\/\/www.coalicionporelevangelio.org\/podcasts\/un-sermon-para-tu-semana-podcast\/jesus-es-mi-pastor\/\">Dios mismo ser\u00eda el pastor<\/a>\u00a0que los l\u00edderes deb\u00edan ser, pero que no fueron.<\/p>\n<p>Esta fue una de las promesas que Jes\u00fas, el buen pastor, vino a cumplir. Cuando comenz\u00f3 a ense\u00f1ar, los oyentes sab\u00edan que era distinto a los escribas, sacerdotes y dem\u00e1s l\u00edderes (<a class=\"rtBibleRef\" href=\"https:\/\/biblia.com\/bible\/nblh\/Mar%201.22?culture=es\" target=\"_blank\" rel=\"noopener\" data-reference=\"Mar 1.22\" data-version=\"nblh\" data-purpose=\"bible-reference\">Mr 1:22<\/a>). Mientras m\u00e1s conocido era Jes\u00fas, m\u00e1s despertaba la envidia de los l\u00edderes espirituales de la naci\u00f3n. Luego del milagro tremendo de multiplicar los panes, unos fariseos se acercaron a Jes\u00fas para discutir con \u00c9l. Estos maestros de la ley exig\u00edan una se\u00f1al del cielo (<a class=\"rtBibleRef\" href=\"https:\/\/biblia.com\/bible\/nblh\/Mar%208.11-13?culture=es\" target=\"_blank\" rel=\"noopener\" data-reference=\"Mar 8.11-13\" data-version=\"nblh\" data-purpose=\"bible-reference\">Mr 8:11-13<\/a>). Actuaban como los jueces de la fe, como los \u00fanicos capaces de certificar si este hombre, que dec\u00eda ser Dios, era realmente un enviado del cielo. Esta actitud arrogante les imped\u00eda ver las obras de Jes\u00fas\u00a0<a href=\"https:\/\/www.coalicionporelevangelio.org\/articulo\/aprender-ver-jesus-antiguo-testamento\/\">a la luz del Antiguo Testamento<\/a>, para entender que las promesas de Dios se estaban cumpliendo en \u00c9l.<\/p>\n<p>Cuando Jes\u00fas se dirigi\u00f3 a Jerusal\u00e9n para llevar a cabo Su plan como el Mes\u00edas de Dios, Sus palabras expresaban claramente que este plan inclu\u00eda ser rechazado por los sacerdotes y principales del pueblo (<a class=\"rtBibleRef\" href=\"https:\/\/biblia.com\/bible\/nblh\/Mar%208.31-32?culture=es\" target=\"_blank\" rel=\"noopener\" data-reference=\"Mar 8.31-32\" data-version=\"nblh\" data-purpose=\"bible-reference\">Mr 8:31-32<\/a>). En la ciudad de Jerusal\u00e9n, Jes\u00fas fue\u00a0<a href=\"https:\/\/www.coalicionporelevangelio.org\/articulo\/en-que-se-parece-el-domingo-de-ramos-al-evangelio-de-la-prosperidad\/\">recibido por la multitud<\/a>\u00a0como el rey esperado, una aclamaci\u00f3n popular que f\u00e1cilmente podr\u00eda haber aumentado el resentimiento de los l\u00edderes de la ciudad. \u00a1Cu\u00e1nto m\u00e1s luego de que Jes\u00fas ech\u00f3 a los mercaderes del templo! El esc\u00e1ndalo era p\u00fablico, la autoridad de los sacerdotes y escribas era desafiada y la figura de Jes\u00fas crec\u00eda.<\/p>\n<p>Por eso los sacerdotes, escribas y ancianos le salieron al encuentro para demandar explicaciones: \u00ab\u00bfCon qu\u00e9 autoridad haces estas cosas, o qui\u00e9n te dio autoridad para hacer esto?\u00bb (<a class=\"rtBibleRef\" href=\"https:\/\/biblia.com\/bible\/nblh\/Mar%2011.28?culture=es\" target=\"_blank\" rel=\"noopener\" data-reference=\"Mar 11.28\" data-version=\"nblh\" data-purpose=\"bible-reference\">Mr 11:28<\/a>). Pero Jes\u00fas no les respondi\u00f3. La pregunta solo ten\u00eda el prop\u00f3sito de censurar, de castigar y prohibir que \u00c9l siguiera ense\u00f1ando y modificando las costumbres. Los l\u00edderes no estaban dispuestos a aprender o a escuchar alguna explicaci\u00f3n de parte de Jes\u00fas.<\/p>\n<p>Las se\u00f1ales estaban a la vista: los ciegos ve\u00edan, los cojos andaban, los muertos eran resucitados y el evangelio era anunciado a los pobres (<a class=\"rtBibleRef\" href=\"https:\/\/biblia.com\/bible\/nblh\/Mat%2011.5-6?culture=es\" target=\"_blank\" rel=\"noopener\" data-reference=\"Mat 11.5-6\" data-version=\"nblh\" data-purpose=\"bible-reference\">Mt 11:5-6<\/a>). Las promesas de Dios, escritas por los profetas, se estaban cumpliendo ante los ojos de los escribas y fariseos, pero su corrupci\u00f3n no les permit\u00eda verlas. Su deseo de mantener el poder y su orgullo les imped\u00eda reconocer las se\u00f1ales. Una generaci\u00f3n perversa y ad\u00faltera que exig\u00eda se\u00f1ales, pero que no era capaz de entender los tiempos acordes a las Escrituras.<\/p>\n<p>Tal era la ceguera de su pecado, que cuando este liderazgo finalmente logr\u00f3 llevar a Jes\u00fas a la cruz, segu\u00eda pidi\u00e9ndole se\u00f1ales a este hombre moribundo. Claro que lo hac\u00edan para burlarse, como lo hac\u00eda el resto de las personas que pasaban por all\u00ed, pero a\u00fan as\u00ed se atrevieron a asegurar que ellos estar\u00edan dispuestos a creer que Jes\u00fas era el Mes\u00edas, si demostraba una se\u00f1al poderosa y se bajaba de la cruz. \u00bfPuedes imaginarlo? Jes\u00fas liber\u00e1ndose de los clavos ante la multitud, recomponiendo Su cuerpo maltratado y castigado hasta el cansancio y revirtiendo todo Su sufrimiento para bajarse sano y sin un rasgu\u00f1o. Esa s\u00ed que ser\u00eda una se\u00f1al tremenda a ojos humanos.<\/p>\n<p>\u00bfNo era esa invitaci\u00f3n de los l\u00edderes del pueblo una buena oportunidad para demostrar que Jes\u00fas era el verdadero Hijo de Dios? \u00bfNo se hubieran convertido los l\u00edderes de la naci\u00f3n y tras ellos, el resto del pueblo? A muchos de nosotros nos gustar\u00eda pensar que s\u00ed, porque es el tipo de se\u00f1al y manifestaci\u00f3n que nos gusta buscar.<\/p>\n<p>Nos puede ayudar recordar la conocida par\u00e1bola de L\u00e1zaro y el hombre rico (<a class=\"rtBibleRef\" href=\"https:\/\/biblia.com\/bible\/nblh\/Luc%2016.19-31?culture=es\" target=\"_blank\" rel=\"noopener\" data-reference=\"Luc 16.19-31\" data-version=\"nblh\" data-purpose=\"bible-reference\">Lc 16:19-31<\/a>), donde Jes\u00fas cont\u00f3 que el personaje rico aseguraba que si alguien de entre los muertos se levantaba y anunciaba la verdad a sus familiares, entonces se arrepentir\u00edan y ser\u00edan salvos. Parece l\u00f3gico. \u00bfQui\u00e9n no creer\u00eda si ve a un muerto resucitar para transmitirle un mensaje? Pero la respuesta de Abraham en la par\u00e1bola fue: \u00abSi no escuchan a Mois\u00e9s y a los profetas, tampoco se persuadir\u00e1n si alguien se levanta de entre los muertos\u00bb (v. 31). Si no creen por\u00a0<a href=\"https:\/\/www.coalicionporelevangelio.org\/articulo\/sola-scriptura\/\">el testimonio de las Escrituras<\/a>, la Palabra de Dios, no creer\u00e1n, aunque se levanten los muertos delante de sus propios ojos. Otro L\u00e1zaro, el amigo de Jes\u00fas, fue resucitado ante la vista de muchos, pero no todos los testigos creyeron (<a class=\"rtBibleRef\" href=\"https:\/\/biblia.com\/bible\/nblh\/Juan%2011.45-46?culture=es\" target=\"_blank\" rel=\"noopener\" data-reference=\"Juan 11.45-46\" data-version=\"nblh\" data-purpose=\"bible-reference\">Jn 11:45-46<\/a>).<\/p>\n<p>Esto mismo podr\u00edamos decir de los principales sacerdotes y escribas que miraban a Cristo en la cruz. Aunque Jes\u00fas se hubiera bajado en una manifestaci\u00f3n de poder ante sus ojos, sus corazones habr\u00edan seguido endurecidos. \u00bf<a href=\"https:\/\/www.coalicionporelevangelio.org\/articulo\/milagros-de-jesus\/\">Cu\u00e1ntos milagros hab\u00eda hecho Jes\u00fas<\/a>\u00a0antes y no fueron suficientes para sus pretensiones? Los mismos l\u00edderes lo reconocieron: \u00aba otros salv\u00f3\u00bb. Sab\u00edan muy bien que Jes\u00fas era capaz de hacer cosas extraordinarias, por eso se burlaban de Su condici\u00f3n dolorosa y aparentemente derrotada mientras estaba clavado en el madero.<\/p>\n<h3><b>Se qued\u00f3 en la cruz<\/b><\/h3>\n<p>Por m\u00e1s tentadora que parec\u00eda la oferta en t\u00e9rminos humanos, el plan eterno de Dios era diferente.\u00a0<a href=\"https:\/\/www.coalicionporelevangelio.org\/articulo\/como-jesus-cumplio-la-pascua\/\">Jes\u00fas es el cordero preparado<\/a>\u00a0desde antes de la fundaci\u00f3n del mundo para pagar el precio de nuestro rescate (<a class=\"rtBibleRef\" href=\"https:\/\/biblia.com\/bible\/nblh\/1%20Ped%201.18-20?culture=es\" target=\"_blank\" rel=\"noopener\" data-reference=\"1 Ped 1.18-20\" data-version=\"nblh\" data-purpose=\"bible-reference\">1 P 1:18-20<\/a>). La muerte de Jes\u00fas era necesaria para nuestra salvaci\u00f3n. La crucifixi\u00f3n parec\u00eda una escena de derrota, pero en realidad era el triunfo de Cristo sobre el pecado de Su pueblo. Jes\u00fas estaba destruyendo la condena que pend\u00eda sobre nuestras cabezas (<a class=\"rtBibleRef\" href=\"https:\/\/biblia.com\/bible\/nblh\/Col%202.14?culture=es\" target=\"_blank\" rel=\"noopener\" data-reference=\"Col 2.14\" data-version=\"nblh\" data-purpose=\"bible-reference\">Col 2:14<\/a>) y, en Su mismo cuerpo, borr\u00f3 nuestra enemistad con Dios (<a class=\"rtBibleRef\" href=\"https:\/\/biblia.com\/bible\/nblh\/Efe%202.16?culture=es\" target=\"_blank\" rel=\"noopener\" data-reference=\"Efe 2.16\" data-version=\"nblh\" data-purpose=\"bible-reference\">Ef 2:16<\/a>).<\/p>\n<p>Quedarse en la cruz fue la verdadera victoria, la verdadera manifestaci\u00f3n de poder. Para mentes humanas nubladas por el pecado, Jes\u00fas era un abatido, un pobre hombre derrotado e incapaz de evitar su muerte. Un herido por Dios. Pero nada estaba m\u00e1s lejos de la verdad, pues \u00c9l estaba llevando nuestras enfermedades y sufriendo nuestros dolores, para que todo aquel que cree en \u00c9l tenga vida eterna (<a class=\"rtBibleRef\" href=\"https:\/\/biblia.com\/bible\/nblh\/Juan%203.16?culture=es\" target=\"_blank\" rel=\"noopener\" data-reference=\"Juan 3.16\" data-version=\"nblh\" data-purpose=\"bible-reference\">Jn 3:16<\/a>).<\/p>\n<p>En nuestra mirada humana, limitada y ego\u00edsta, hubi\u00e9ramos pensado que bajarse de la cruz podr\u00eda haber sido la mejor opci\u00f3n. Una demostraci\u00f3n tan potente y p\u00fablica podr\u00eda haber convencido a muchos. Pero Jes\u00fas, conociendo el plan eterno del Padre, puso Sus ojos en los frutos de Su aflicci\u00f3n (<a class=\"rtBibleRef\" href=\"https:\/\/biblia.com\/bible\/nblh\/Heb%2012.2?culture=es\" target=\"_blank\" rel=\"noopener\" data-reference=\"Heb 12.2\" data-version=\"nblh\" data-purpose=\"bible-reference\">Heb 12:2<\/a>). El amor a Su pueblo lo mantuvo en la cruz; mir\u00f3 al resultado y a los beneficiarios de Su muerte y, entonces, soport\u00f3 las burlas, el desprecio y la muerte. Se qued\u00f3 en la cruz no por falta de poder, sino por el poder de Su amor.<\/p>\n<p>Al final, morir por amor era el paso previo y necesario para resucitar con poder, y de esa manera consumar la redenci\u00f3n de los Suyos.<\/p>\n<h3><b>Nuestros ojos lo vieron<\/b><\/h3>\n<p>Ninguno de los testigos de Su muerte pudo discernir lo que realmente estaba sucediendo. Ni los burladores que pasaban, ni los sacerdotes y escribas que le injuriaban con arrogancia, ni Sus disc\u00edpulos que huyeron, ni las mujeres que le lloraron. Fue la gloria\u00a0<a href=\"https:\/\/www.coalicionporelevangelio.org\/articulo\/que-significa-la-resurreccion-de-cristo-para-nosotros\/\">del Cristo resucitado<\/a>\u00a0lo que convenci\u00f3 a Sus disc\u00edpulos de su fe y lo que les permiti\u00f3 entender el verdadero sentido y significado de la cruz.<\/p>\n<p>Pero \u00bfc\u00f3mo convencer a aquellos que no pueden ver con sus ojos f\u00edsicos a Jes\u00fas resucitado? La respuesta est\u00e1 en lo que Abraham le dijo al hombre rico en la par\u00e1bola que Jes\u00fas relat\u00f3: \u00aba Mois\u00e9s y a los profetas tienen\u00bb. El Esp\u00edritu de Dios nos muestra la gloria de Cristo en las Escrituras, en Mois\u00e9s y en los profetas. Es imposible entender, ver y conocer el significado de la cruz fuera de las Escrituras y sin la ayuda del Esp\u00edritu Santo. Gracias a\u00a0<a href=\"https:\/\/www.coalicionporelevangelio.org\/articulo\/espiritu-santo-lees-biblia\/\">la iluminaci\u00f3n del Esp\u00edritu<\/a>, podemos entender cu\u00e1l fue el poder que actu\u00f3 en la resurrecci\u00f3n y coronaci\u00f3n de Jes\u00fas, y que ahora vive en nosotros si hemos aceptado la redenci\u00f3n por la fe (<a class=\"rtBibleRef\" href=\"https:\/\/biblia.com\/bible\/nblh\/Efe%201.18-19?culture=es\" target=\"_blank\" rel=\"noopener\" data-reference=\"Efe 1.18-19\" data-version=\"nblh\" data-purpose=\"bible-reference\">Ef 1:18-19<\/a>).<\/p>\n<p>Al conmemorar el d\u00eda de la muerte de Jes\u00fas, nosotros vemos mucho m\u00e1s que una cruz de dolor, como solo ve\u00edan aquellos l\u00edderes espirituales de Israel. Nosotros vemos la gloria de Cristo, Su triunfo sobre el pecado y el precio de nuestro rescate.<\/p>\n<p>Los sacerdotes y ancianos, ciegos en su arrogancia, se burlaron del Salvador en Su sufrimiento. Pero cuando escucharon la predicaci\u00f3n del evangelio y el Esp\u00edritu actu\u00f3 por la Palabra, muchos jud\u00edos fueron convencidos de sus pecados y respondieron con arrepentimiento y fe (<a class=\"rtBibleRef\" href=\"https:\/\/biblia.com\/bible\/nblh\/Hech%202.37-39?culture=es\" target=\"_blank\" rel=\"noopener\" data-reference=\"Hech 2.37-39\" data-version=\"nblh\" data-purpose=\"bible-reference\">Hch 2:37-39<\/a>). Gracias a la predicaci\u00f3n y al testimonio de la iglesia de Jerusal\u00e9n, incluso muchos sacerdotes vinieron a la fe (<a class=\"rtBibleRef\" href=\"https:\/\/biblia.com\/bible\/nblh\/Hech%206.7?culture=es\" target=\"_blank\" rel=\"noopener\" data-reference=\"Hech 6.7\" data-version=\"nblh\" data-purpose=\"bible-reference\">Hch 6:7<\/a>). Tal vez muchos de ellos hab\u00edan contemplado a Cristo en la cruz y menearon la cabeza, algunos en forma de burla y otros con decepci\u00f3n. Tal vez se convirti\u00f3 alguno de aquellos que gritaron con soberbia: \u00abque baje ahora de la cruz, y creeremos en \u00c9l\u00bb.<\/p>\n<p>Jes\u00fas no se baj\u00f3 de la cruz, sino que se qued\u00f3 por amor hasta que Su obra fue consumada (<a class=\"rtBibleRef\" href=\"https:\/\/biblia.com\/bible\/nblh\/Juan%2019.30?culture=es\" target=\"_blank\" rel=\"noopener\" data-reference=\"Juan 19.30\" data-version=\"nblh\" data-purpose=\"bible-reference\">Jn 19:30<\/a>), y por eso muchos sacerdotes despu\u00e9s pudieron creer. De la misma manera nosotros creemos en Dios y hemos recibido Su perd\u00f3n, porque Cristo no se baj\u00f3 de la cruz, sino que se qued\u00f3 all\u00ed por amor.<\/p>\n\n\t\t<\/div>\n\t<\/div>\n<\/div><\/div><\/div><\/div><div class=\"vc_row wpb_row vc_row-fluid vc_custom_1615074577655 vc_row-has-fill\"><div class=\"wpb_column vc_column_container vc_col-sm-12\"><div class=\"vc_column-inner\"><div class=\"wpb_wrapper\">\t\t\t<div class=\"info-box-wrapper inline-element\">\n\t\t\t\t<div id=\"wd-65f9e699851e8\" class=\" wd-rs-65f9e699851e8 wd-info-box wd-wpb text-left box-icon-align-left box-style- color-scheme- wd-bg-none wd-items-top \">\n\t\t\t\t\t\t\t\t\t\t<div class=\"info-box-content\">\n\t\t\t\t\t\t<h4 class=\"info-box-title title box-title-style-default wd-fontsize-m\">Sobre el autor<\/h4>\t\t\t\t\t\t<div class=\"info-box-inner reset-last-child\"><p><b>Mat\u00edas Peletay<\/b>\u00a0sirve como editor en Coalici\u00f3n por el Evangelio. Vive en Cachi (Salta, Argentina) con su esposa Ivana y su hija Abigail, y juntos sirven como misioneros de la Iglesia B\u00edblica Bautista Crecer. Puedes escucharlo en el podcast\u00a0<a href=\"http:\/\/bosquejospodcast.buzzsprout.com\/\"><em>Bosquejos<\/em><\/a>\u00a0y seguirlo en\u00a0<a href=\"https:\/\/twitter.com\/matiaspeletay\">Twitter<\/a>.<\/p>\n<\/div>\n\n\t\t\t\t\t\t\t\t\t\t\t<\/div>\n\n\t\t\t\t\t\n\t\t\t\t\t<style>#wd-65f9e699851e8 .info-box-icon {background-color:  !important;}<\/style>\t\t\t\t<\/div>\n\t\t\t<\/div>\n\t\t<\/div><\/div><\/div><\/div>\n<\/div>\t\t\t\t\t<\/div>\n\t\t\t\t\n\t\t\t\t\t\t\t\t\t<\/div>\n\t<\/div>\n<\/article>\n\n\t\t\t\t\t\t\t\t\t\t\t\n<article id=\"post-83235\" class=\"wd-post blog-design-chess blog-post-loop blog-design-small-images blog-style-bg wd-add-shadow wd-col post-83235 post type-post status-publish format-standard has-post-thumbnail hentry category-vida-cristiana\">\n\t<div class=\"wd-post-inner article-inner\">\n\t\t\t\t\t<div class=\"wd-post-thumb entry-header\">\n\t\t\t\t\t\t\t\t\t<div class=\"wd-post-img post-img-wrapp\">\n\t\t\t\t\t\t<img width=\"320\" height=\"160\" src=\"https:\/\/desarrollocristiano.pe\/wp-content\/uploads\/2024\/02\/regresoClases-320x160.jpg\" class=\"attachment-large size-large\" alt=\"\" decoding=\"async\" loading=\"lazy\" srcset=\"https:\/\/desarrollocristiano.pe\/wp-content\/uploads\/2024\/02\/regresoClases-320x160.jpg 320w, https:\/\/desarrollocristiano.pe\/wp-content\/uploads\/2024\/02\/regresoClases-600x300.jpg 600w, https:\/\/desarrollocristiano.pe\/wp-content\/uploads\/2024\/02\/regresoClases-150x75.jpg 150w, https:\/\/desarrollocristiano.pe\/wp-content\/uploads\/2024\/02\/regresoClases-400x200.jpg 400w, https:\/\/desarrollocristiano.pe\/wp-content\/uploads\/2024\/02\/regresoClases.jpg 700w\" sizes=\"auto, (max-width: 320px) 100vw, 320px\" \/>\t\t\t\t\t<\/div>\n\t\t\t\t\t<a class=\"wd-fill\" href=\"https:\/\/desarrollocristiano.pe\/retorno-seguro-tarea-por-emprender\/\"><\/a>\n\t\t\t\t\n\t\t\t\t\t\t\t\t\t\t\t\t<div class=\"wd-post-date wd-style-with-bg\">\n\t\t\t\t<span class=\"post-date-day\">\n\t\t\t\t\t22\t\t\t\t<\/span>\n\t\t\t\t<span class=\"post-date-month\">\n\t\t\t\t\tFeb\t\t\t\t<\/span>\n\t\t\t<\/div>\n\t\t\t\t\t\t\t\t\t<\/div>\n\t\t\n\t\t<div class=\"wd-post-content article-body-container\">\n\t\t\t\t\t\t\t<div class=\"wd-post-cat wd-style-with-bg meta-post-categories\">\n\t\t\t\t\t<a href=\"https:\/\/desarrollocristiano.pe\/categorias\/vida-cristiana\/\" rel=\"category tag\">Vida Cristiana<\/a>\t\t\t\t<\/div>\n\t\t\t\n\t\t\t\t\t\t\t<h3 class=\"wd-post-title wd-entities-title title post-title\">\n\t\t\t\t\t<a href=\"https:\/\/desarrollocristiano.pe\/retorno-seguro-tarea-por-emprender\/\" rel=\"bookmark\">Retorno seguro, tarea por emprender<\/a>\n\t\t\t\t<\/h3>\n\t\t\t\n\t\t\t\t\t\t\t<div class=\"wd-post-meta\">\n\t\t\t\t\t\t\t\t\t\t\t\t\t\t\t<div class=\"wd-post-author\">\n\t\t\t\t\t\t\t\t\t\t\t<span>Posteado por<\/span>\n\t\t\n\t\t\t\t\t<img alt='author-avatar' src='https:\/\/secure.gravatar.com\/avatar\/8f331515e2139e7ffacac78d5e21bc88ee625065cad5d063ef4da73b7cbcfc2d?s=18&#038;d=mm&#038;r=g' srcset='https:\/\/secure.gravatar.com\/avatar\/8f331515e2139e7ffacac78d5e21bc88ee625065cad5d063ef4da73b7cbcfc2d?s=36&#038;d=mm&#038;r=g 2x' class='avatar avatar-18 photo' height='18' width='18' loading='lazy' decoding='async'\/>\t\t\n\t\t\t\t\t<a href=\"https:\/\/desarrollocristiano.pe\/author\/aprnimda7720\/\" class=\"author\" rel=\"author\">Administrador<\/a>\n\t\t\t\t\t\t\t\t\t<\/div>\n\t\t\t\t\t<div class=\"wd-modified-date\">\n\t\t\t\t\t\t\t\t<time class=\"updated\" datetime=\"2024-02-22T14:40:07-05:00\">\n\t\t\t22\/02\/2024\t\t<\/time>\n\t\t\t\t\t\t\t<\/div>\n\n\t\t\t\t\t\t\t\t\t\t\t<div class=\"wd-post-share wd-tltp\">\n\t\t\t\t\t\t\t<div class=\"tooltip top\">\n\t\t\t\t\t\t\t\t<div class=\"tooltip-inner\">\n\t\t\t\t\t\t\t\t\t\t\t\t<div\n\t\t\t\t\t\tclass=\" wd-social-icons  wd-style-default wd-size-small social-share wd-shape-circle color-scheme-light text-center\">\n\t\t\t\t\n\t\t\t\t\n\t\t\t\t\t\t\t\t\t<a rel=\"noopener noreferrer nofollow\" href=\"https:\/\/www.facebook.com\/sharer\/sharer.php?u=https:\/\/desarrollocristiano.pe\/articulos-pastorales\/\" target=\"_blank\" class=\" wd-social-icon social-facebook\" aria-label=\"Facebook social link\">\n\t\t\t\t\t\t<span class=\"wd-icon\"><\/span>\n\t\t\t\t\t\t\t\t\t\t\t<\/a>\n\t\t\t\t\n\t\t\t\t\t\t\t\t\t<a rel=\"noopener noreferrer nofollow\" href=\"https:\/\/x.com\/share?url=https:\/\/desarrollocristiano.pe\/articulos-pastorales\/\" target=\"_blank\" class=\" wd-social-icon social-twitter\" aria-label=\"X social link\">\n\t\t\t\t\t\t<span class=\"wd-icon\"><\/span>\n\t\t\t\t\t\t\t\t\t\t\t<\/a>\n\t\t\t\t\n\t\t\t\t\n\t\t\t\t\t\t\t\t\t<a rel=\"noopener noreferrer nofollow\" href=\"mailto:?subject=Check%20this%20https:\/\/desarrollocristiano.pe\/articulos-pastorales\/\" target=\"_blank\" class=\" wd-social-icon social-email\" aria-label=\"Email social link\">\n\t\t\t\t\t\t<span class=\"wd-icon\"><\/span>\n\t\t\t\t\t\t\t\t\t\t\t<\/a>\n\t\t\t\t\n\t\t\t\t\n\t\t\t\t\n\t\t\t\t\n\t\t\t\t\t\t\t\t\t<a rel=\"noopener noreferrer nofollow\" href=\"https:\/\/pinterest.com\/pin\/create\/button\/?url=https:\/\/desarrollocristiano.pe\/articulos-pastorales\/&media=https:\/\/desarrollocristiano.pe\/wp-content\/uploads\/2024\/02\/regresoClases.jpg&description=Retorno+seguro%2C+tarea+por+emprender\" target=\"_blank\" class=\" wd-social-icon social-pinterest\" aria-label=\"Pinterest social link\">\n\t\t\t\t\t\t<span class=\"wd-icon\"><\/span>\n\t\t\t\t\t\t\t\t\t\t\t<\/a>\n\t\t\t\t\n\t\t\t\t\n\t\t\t\t\t\t\t\t\t<a rel=\"noopener noreferrer nofollow\" href=\"https:\/\/www.linkedin.com\/shareArticle?mini=true&url=https:\/\/desarrollocristiano.pe\/articulos-pastorales\/\" target=\"_blank\" class=\" wd-social-icon social-linkedin\" aria-label=\"Linkedin social link\">\n\t\t\t\t\t\t<span class=\"wd-icon\"><\/span>\n\t\t\t\t\t\t\t\t\t\t\t<\/a>\n\t\t\t\t\n\t\t\t\t\n\t\t\t\t\n\t\t\t\t\n\t\t\t\t\n\t\t\t\t\n\t\t\t\t\n\t\t\t\t\n\t\t\t\t\n\t\t\t\t\t\t\t\t\t<a rel=\"noopener noreferrer nofollow\" href=\"https:\/\/api.whatsapp.com\/send?text=https%3A%2F%2Fdesarrollocristiano.pe%2Farticulos-pastorales%2F\" target=\"_blank\" class=\"wd-hide-md  wd-social-icon social-whatsapp\" aria-label=\"WhatsApp social link\">\n\t\t\t\t\t\t<span class=\"wd-icon\"><\/span>\n\t\t\t\t\t\t\t\t\t\t\t<\/a>\n\n\t\t\t\t\t<a rel=\"noopener noreferrer nofollow\" href=\"whatsapp:\/\/send?text=https%3A%2F%2Fdesarrollocristiano.pe%2Farticulos-pastorales%2F\" target=\"_blank\" class=\"wd-hide-lg  wd-social-icon social-whatsapp\" aria-label=\"WhatsApp social link\">\n\t\t\t\t\t\t<span class=\"wd-icon\"><\/span>\n\t\t\t\t\t\t\t\t\t\t\t<\/a>\n\t\t\t\t\n\t\t\t\t\n\t\t\t\t\n\t\t\t\t\n\t\t\t\t\n\t\t\t\t\n\t\t\t\t\t\t\t\t\t<a rel=\"noopener noreferrer nofollow\" href=\"https:\/\/telegram.me\/share\/url?url=https:\/\/desarrollocristiano.pe\/articulos-pastorales\/\" target=\"_blank\" class=\" wd-social-icon social-tg\" aria-label=\"Telegram social link\">\n\t\t\t\t\t\t<span class=\"wd-icon\"><\/span>\n\t\t\t\t\t\t\t\t\t\t\t<\/a>\n\t\t\t\t\n\t\t\t\t\n\t\t\t<\/div>\n\n\t\t\t\t\t\t\t\t\t\t<\/div>\n\t\t\t\t\t\t\t\t<div class=\"tooltip-arrow\"><\/div>\n\t\t\t\t\t\t\t<\/div>\n\t\t\t\t\t\t<\/div>\n\t\t\t\t\t\n\t\t\t\t\t\t\t\t\t\t\t\t\t\t\t\t\t<div class=\"wd-post-reply wd-style-1\">\n\t\t\t\t\t\t\t<a href=\"https:\/\/desarrollocristiano.pe\/retorno-seguro-tarea-por-emprender\/#respond\"><span class=\"wd-replies-count\">0<\/span><\/a>\t\t\t\t\t\t<\/div>\n\t\t\t\t\t\t\t\t\t<\/div>\n\t\t\t\n\t\t\t\t\t\t\t\t\t\t\t\t<div class=\"wd-post-excerpt entry-content\">\n\t\t\t\t\t\t<div class=\"wpb-content-wrapper\"><div class=\"vc_row wpb_row vc_row-fluid\"><div class=\"wpb_column vc_column_container vc_col-sm-12\"><div class=\"vc_column-inner\"><div class=\"wpb_wrapper\">\n\t<div class=\"wpb_text_column wpb_content_element texto_parrafo text-larger\" >\n\t\t<div class=\"wpb_wrapper\">\n\t\t\t<p>Por: <b>Jose Guillermo Garc\u00eda Martines<\/b><\/p>\n<p><span style=\"font-weight: 400;\">Se avecinan d\u00edas de clases. Pronto, en algunas semanas m\u00e1s se producir\u00e1 en algunos de nuestros pa\u00edses, el retorno de los infantes, de adolescentes, de los \u201cprofes\u201d y de los padres y madres a la escuela; a los horarios, reglamentos, reuniones y dem\u00e1s responsabilidades que ello conlleva.\u00a0<\/span><\/p>\n<p><span style=\"font-weight: 400;\">El retorno a las aulas, marca el inicio de un nuevo periodo escolar que est\u00e1 pleno de emociones por parte de los estudiantes que van a un grado nuevo, nuevas amistades posiblemente, as\u00ed como, deberes importantes como aprobar el a\u00f1o de estudios.\u00a0 Por parte de los padres, tambi\u00e9n hay grandes emociones, \u201cmis ni\u00f1os, ni\u00f1as ya vuelven a su segundo hogar, aprender\u00e1n mucho\u201d pero estas se mezclan con preocupaciones \u2026 la lonchera, los \u00fatiles, el uniforme, la matr\u00edcula, y cuantas otras cosas rodean al reinicio de convivencia escolar. Por su lado, los maestros, vienen con sus reflexiones, sus desaf\u00edos, sus compromisos, expectativas y sue\u00f1os,\u00a0 de que este a\u00f1o escolar ser\u00e1 mejor que el anterior.\u00a0<\/span><\/p>\n<p><span style=\"font-weight: 400;\">Volver a las aulas, nos permite apreciar diversas formas de enfrentar el momento, para algunos es el momento de volver a la rutina de actividades ya repetidas en los a\u00f1os de labores, para otros, ser\u00e1 el tiempo del reencuentro, del intercambio de experiencias vacacionales, de momentos vividos intensamente.<\/span><\/p>\n<p><span style=\"font-weight: 400;\">Continuar\u00e9 este art\u00edculo, enfoc\u00e1ndome en la labor del docente. En el artista, el estratega, el mentor, el facilitador de experiencias de aprendizaje; el consejero, mi coach, mi amigo!; en aquella persona, que desde semanas antes de este momento de reinicio, ya empez\u00f3 el a\u00f1o escolar. Despu\u00e9s de la algarab\u00eda de las celebraciones navide\u00f1as, del inicio de un venturoso a\u00f1o nuevo y algunos d\u00edas de recreaci\u00f3n con sus familiares; de pronto, ya se inscribi\u00f3 en un nuevo curso de capacitaci\u00f3n, para implementar nuevas estrategias de ense\u00f1anza en su desempe\u00f1o en el aula; asimismo, ya se recorri\u00f3 las tiendas y mercados donde se promueven los materiales para ense\u00f1ar; volvi\u00f3 a casa con muchas ideas, con cartulinas, papeles de colores, tijeras y dem\u00e1s insumos para\u2026 preparar sus\u00a0 materiales did\u00e1cticos y por \u00faltimo, pero no por ello menos importante, ha visitado la librer\u00eda, buscado libros con valores, mejor de \u00edndole cristiana y con grandes verdades para encantar a sus peques y joviales adolescentes.<\/span><\/p>\n<p><span style=\"font-weight: 400;\">Los maestros, las maestras que tienen una cosmovisi\u00f3n cristiana, que saben que desarrollan una labor para la eternidad, no pueden pensar en todas estas actividades si no han conversado con su creador, sino han revisado una y otra vez los consejos sabios de las Sagradas Escrituras para relacionarlas con sus materias escolares, si no han empleado una parte de su tiempo en alabarle y agradecerle por sus misericordias y maravillas, por su escuela, por sus estudiantes, sino est\u00e1n comprometidos con un curso b\u00edblico y pasando la experiencia de ser alumnos.<\/span><\/p>\n<p><span style=\"font-weight: 400;\">Hermanas maestras y hermanos maestros, para un retorno a clases y \u201ccolocar nuevamente nuestras manos en el arado de Dios, en la escuela\u201d (Luc.9:6) debemos tener presente algunos prop\u00f3sitos importantes:<\/span><\/p>\n<ol>\n<li style=\"list-style-type: none;\">\n<ol>\n<li style=\"font-weight: 400;\" aria-level=\"1\"><span style=\"font-weight: 400;\"><span style=\"font-weight: 400;\">Debe tener una cosmovisi\u00f3n b\u00edblica muy clara y entendible para compartir y desarrollar esa misma en sus alumnos. Salmo 78- Cont\u00e9mosles las maravillas de la creaci\u00f3n de Dios para que conozcan su verdad y guarden sus mandamientos. Ense\u00f1emos el prop\u00f3sito de la muerte de Jes\u00fas en la cruz, demos a conocer la misericordia de Dios al proveernos a Jes\u00fas como nuestro Salvador y Se\u00f1or.<\/span><\/span>&nbsp;<\/li>\n<li style=\"font-weight: 400;\" aria-level=\"1\"><span style=\"font-weight: 400;\">Debemos prepararnos bien, para hacer bien nuestro trabajo. Colosenses 3:23 <\/span><span style=\"font-weight: 400;\">Y todo lo que hag\u00e1is, hacedlo de coraz\u00f3n, como para el Se\u00f1or y no para los hombres. Un docente debe conocer nuevas formas de ense\u00f1ar, de evaluar los aprendizajes, desarrollar habilidades para motivar, interrogar; ser un modelo de constancia, resiliencia. Emplear las nuevas tecnolog\u00edas para presentar mejor su mensaje, etc.\u00a0 No olvidemos somos modelos ante los ojos de padres e hijos. <\/span><i><i><span style=\"font-weight: 400;\">Nuestras cartas sois vosotros, escritas en nuestros corazones, conocidas y le\u00eddas por todos los hombres; 2Co. 3:2<\/span><\/i><\/i>&nbsp;<\/li>\n<li style=\"font-weight: 400;\" aria-level=\"1\"><span style=\"font-weight: 400;\"><span style=\"font-weight: 400;\">No nos conformemos con lo que encontramos en este mundo, renovemos nuestra ense\u00f1anza con principios de la Palabra de Dios, permitamos que Dios nos transforme y comprobemos su agradable y perfecta voluntad. Romanos 12:2\u00a0 Este pasaje nos refiere el consejo de Pablo a los recientes\u00a0 hermanos romanos, les hace ver que la violencia, la inmoralidad, la adoraci\u00f3n a otros dioses, la liberalidad en su pensamiento dominaba en esa regi\u00f3n en esos pobladores; pero, ahora que conoc\u00edan a Cristo, que le segu\u00edan era imprescindible abandonar esas pr\u00e1cticas y renovarse en su pensar, en su actuar y aun en su hablar que Jes\u00fas les hab\u00eda ense\u00f1ado. De la misma manera maestro, maestra, desechemos la ideolog\u00eda que trastoca lo establecido por Dios como por ejemplo, la familia, constituida por pap\u00e1, mam\u00e1 e hijos; no hay otra forma; o tambi\u00e9n, la idea de que debemos agradecer a la \u201cmadre tierra\u201d o en relaci\u00f3n al nacimiento de Jes\u00fas, papa Noel es el abuelito de la navidad y otros casos mas\u2026Colegas tenemos mucho que ense\u00f1ar, estudiemos a fondo las Sagradas Escrituras.<\/span><\/span>&nbsp;<\/li>\n<li style=\"font-weight: 400;\" aria-level=\"1\"><span style=\"font-weight: 400;\"><span style=\"font-weight: 400;\">Preparemos actividades, en el tiempo inicial del retorno, de poder conocer a nuestros alumnos. Dios nos ha creado \u00fanicos e irrepetibles, con talentos valiosos que podemos usar para servir a Dios y a nuestro pr\u00f3jimo. Por ello cada maestro debe conocer a sus alumnos, que caracter\u00edsticas tienen y cu\u00e1les son sus necesidades para formarlos debidamente. Nuestros alumnos tienen, como nosotros los adultos, estilos y ritmos de aprendizajes, lo que hace necesario que generemos ambientes, estrategias, enfoques metodol\u00f3gicos que les permitan desarrollar sus destrezas y habilidades y lleguen a ser capaces y competentes. Un h\u00e1bil carpintero emplea la madera recta para hacer varas, la madera curva para hacer ruedas. Las que son largas, para hacer vigas y postes. Asimismo un h\u00e1bil profesor, sabe encontrar en cada alumno una vida creada para alabar y servir a Dios, desarrollemos su potencial y ser\u00e1n de gran bendici\u00f3n para nuestra sociedad.<\/span><\/span>&nbsp;<\/li>\n<li style=\"font-weight: 400;\" aria-level=\"1\"><span style=\"font-weight: 400;\">Recordemos tres principios importantes para el nuevo a\u00f1o escolar: Recibamos la instrucci\u00f3n de la Palabra para ense\u00f1ar; laboremos conscientes del actuar del ES en nuestras vidas y tengamos a la oraci\u00f3n como la herramienta para conversar con nuestro amado Se\u00f1or y equiparnos con estrategias, innovaciones y gozo de ense\u00f1ar<\/span><\/li>\n<\/ol>\n<\/li>\n<\/ol>\n<p><span style=\"font-weight: 400;\">Finalmente, les comparto la respuesta a una pregunta que manifest\u00f3 el Pastor y tambi\u00e9n director de una escuela cristiana en Rep\u00fablica Dominicana, Lester Flaquer, en una entrevista <\/span><b><i>\u201c<\/i><\/b><b><i>\u00bfQu\u00e9 consejos dar\u00eda a un profesor que desea ser fiel a su vocaci\u00f3n en medio de una cultura secularizada? <\/i><\/b><span style=\"font-weight: 400;\">El dijo:<\/span><i><span style=\"font-weight: 400;\"> El consejo m\u00e1s importante ser\u00eda \u00e9ste: <\/span><\/i><b><i>compra la verdad y no la vendas<\/i><\/b><i><span style=\"font-weight: 400;\">, <\/span><\/i><b><i>tal como nos ense\u00f1a el evangelio\u2026<\/i><\/b><i><span style=\"font-weight: 400;\">\u00a0<\/span><\/i><\/p>\n<p><span style=\"font-weight: 400;\">La respuesta es desafiante para cada maestro, Estamos en un mundo que no est\u00e1 simplemente secularizado, sino que adem\u00e1s es agresivo con sus posturas.\u00a0<\/span><\/p>\n<p><span style=\"font-weight: 400;\">Debemos desarrollar en nuestros estudiantes una mente muy clara, respecto a lo Dios llama bueno y malo. Estamos rodeados de eventos, invitaciones y practicas seculares muy atractivas pero que niegan y desconocen al Creador, y muchos de nuestros estudiantes que no tienen argumentos s\u00f3lidos para decir que NO a estas, caen rendidos, atra\u00eddos cual mosca en la telara\u00f1a, de una serie de mentiras que el mundo cree y hasta defiende.\u00a0 1 Pedro 1:14, 15<\/span><\/p>\n<p><span style=\"font-weight: 400;\">\u00a0Reitero\u2026colegas, tenemos mucho que formar, educar en las vidas de nuestra \u201cmanada peque\u00f1a\u201d que nos ha dado Dios en nuestra aula. Luc. 12:32<\/span><\/p>\n<p><span style=\"font-weight: 400;\">Un abrazo<\/span><\/p>\n\n\t\t<\/div>\n\t<\/div>\n<\/div><\/div><\/div><\/div><div class=\"vc_row wpb_row vc_row-fluid vc_custom_1615074577655 vc_row-has-fill\"><div class=\"wpb_column vc_column_container vc_col-sm-12\"><div class=\"vc_column-inner vc_custom_1615070652059\"><div class=\"wpb_wrapper\">\t\t\t<div class=\"info-box-wrapper\">\n\t\t\t\t<div id=\"wd-65d5393f45008\" class=\" wd-rs-65d5393f45008 wd-info-box wd-wpb text-left box-icon-align-left box-style- color-scheme- wd-bg-none wd-items-top \">\n\t\t\t\t\t\t\t\t\t\t<div class=\"info-box-content\">\n\t\t\t\t\t\t\t\t\t\t\t\t<div class=\"info-box-inner reset-last-child\"><p><span style=\"font-weight: 400;\">Jos\u00e9 Guillermo Garc\u00eda Mart\u00ednez<\/span><\/p>\n<p><span style=\"font-weight: 400;\">Maestro cristiano desde la ni\u00f1ez<br \/>\n<\/span><span style=\"font-weight: 400;\">Docente de Secundaria: \u00c1rea Comunicaci\u00f3n<br \/>\n<\/span><span style=\"font-weight: 400;\">Ex director del Colegio San Andr\u00e9s<br \/>\n<\/span><span style=\"font-weight: 400;\">Ex director del Elim, Centro de Lima<\/span><\/p>\n<\/div>\n\n\t\t\t\t\t\t\t\t\t\t\t<\/div>\n\n\t\t\t\t\t\n\t\t\t\t\t\t\t\t\t<\/div>\n\t\t\t<\/div>\n\t\t<\/div><\/div><\/div><\/div><div class=\"vc_row wpb_row vc_row-fluid\"><div class=\"wpb_column vc_column_container vc_col-sm-12\"><div class=\"vc_column-inner\"><div class=\"wpb_wrapper\"><\/div><\/div><\/div><\/div>\n<\/div>\t\t\t\t\t<\/div>\n\t\t\t\t\n\t\t\t\t\t\t\t\t\t<\/div>\n\t<\/div>\n<\/article>\n\n\t\t\t\t\t\n\t\t\t\t\t","status":"have-posts","nextPage":"https:\/\/desarrollocristiano.pe\/articulos-pastorales\/page\/3\/?woo_ajax=1","currentPage":"https:\/\/desarrollocristiano.pe\/articulos-pastorales\/page\/2"}