
			
				

					
				

			
		{"items":"\n\t\t\t\t\t\t\t\t\t\t\t\t\t\t<link rel=\"stylesheet\" id=\"wd-post-types-mod-categories-style-bg-css\" href=\"https:\/\/desarrollocristiano.pe\/wp-content\/themes\/woodmart\/css\/parts\/post-types-mod-categories-style-bg.min.css?ver=8.2.7\" type=\"text\/css\" media=\"all\" \/> \t\t\t\n<article id=\"post-51472\" class=\"wd-post blog-design-chess blog-post-loop blog-design-small-images blog-style-bg wd-add-shadow wd-col post-51472 post type-post status-publish format-standard has-post-thumbnail hentry category-heroes-de-la-fe\">\n\t<div class=\"wd-post-inner article-inner\">\n\t\t\t\t\t<div class=\"wd-post-thumb entry-header\">\n\t\t\t\t\t\t\t\t\t<div class=\"wd-post-img post-img-wrapp\">\n\t\t\t\t\t\t<img width=\"320\" height=\"180\" src=\"https:\/\/desarrollocristiano.pe\/wp-content\/uploads\/2020\/11\/jonathan-edwards-320x180.jpg\" class=\"attachment-large size-large\" alt=\"Jonathan Edwards\" decoding=\"async\" fetchpriority=\"high\" srcset=\"https:\/\/desarrollocristiano.pe\/wp-content\/uploads\/2020\/11\/jonathan-edwards-320x180.jpg 320w, https:\/\/desarrollocristiano.pe\/wp-content\/uploads\/2020\/11\/jonathan-edwards-600x337.jpg 600w, https:\/\/desarrollocristiano.pe\/wp-content\/uploads\/2020\/11\/jonathan-edwards-150x84.jpg 150w, https:\/\/desarrollocristiano.pe\/wp-content\/uploads\/2020\/11\/jonathan-edwards.jpg 620w\" sizes=\"(max-width: 320px) 100vw, 320px\" \/>\t\t\t\t\t<\/div>\n\t\t\t\t\t<a class=\"wd-fill\" href=\"https:\/\/desarrollocristiano.pe\/por-la-fe-historias-que-inspiran\/\"><\/a>\n\t\t\t\t\n\t\t\t\t\t\t\t\t\t\t\t\t<link rel=\"stylesheet\" id=\"wd-post-types-mod-date-style-bg-css\" href=\"https:\/\/desarrollocristiano.pe\/wp-content\/themes\/woodmart\/css\/parts\/post-types-mod-date-style-bg.min.css?ver=8.2.7\" type=\"text\/css\" media=\"all\" \/> \t\t\t\t\t\t<div class=\"wd-post-date wd-style-with-bg\">\n\t\t\t\t<span class=\"post-date-day\">\n\t\t\t\t\t05\t\t\t\t<\/span>\n\t\t\t\t<span class=\"post-date-month\">\n\t\t\t\t\tNov\t\t\t\t<\/span>\n\t\t\t<\/div>\n\t\t\t\t\t\t\t\t\t<\/div>\n\t\t\n\t\t<div class=\"wd-post-content article-body-container\">\n\t\t\t\t\t\t\t<div class=\"wd-post-cat wd-style-with-bg meta-post-categories\">\n\t\t\t\t\t<a href=\"https:\/\/desarrollocristiano.pe\/categorias\/heroes-de-la-fe\/\" rel=\"category tag\">H\u00e9roes de la Fe<\/a>\t\t\t\t<\/div>\n\t\t\t\n\t\t\t\t\t\t\t<h3 class=\"wd-post-title wd-entities-title title post-title\">\n\t\t\t\t\t<a href=\"https:\/\/desarrollocristiano.pe\/por-la-fe-historias-que-inspiran\/\" rel=\"bookmark\">POR LA FE \u2013 HISTORIAS QUE INSPIRAN: SEVERO PREDICADOR<\/a>\n\t\t\t\t<\/h3>\n\t\t\t\n\t\t\t\t\t\t\t<div class=\"wd-post-meta\">\n\t\t\t\t\t\t\t\t\t\t\t\t\t<link rel=\"stylesheet\" id=\"wd-blog-mod-author-css\" href=\"https:\/\/desarrollocristiano.pe\/wp-content\/themes\/woodmart\/css\/parts\/blog-mod-author.min.css?ver=8.2.7\" type=\"text\/css\" media=\"all\" \/> \t\t\t\t\t\t\t\t<div class=\"wd-post-author\">\n\t\t\t\t\t\t\t\t\t\t\t<span>Posteado por<\/span>\n\t\t\n\t\t\t\t\t<img alt='author-avatar' src='https:\/\/secure.gravatar.com\/avatar\/8f331515e2139e7ffacac78d5e21bc88ee625065cad5d063ef4da73b7cbcfc2d?s=18&#038;d=mm&#038;r=g' srcset='https:\/\/secure.gravatar.com\/avatar\/8f331515e2139e7ffacac78d5e21bc88ee625065cad5d063ef4da73b7cbcfc2d?s=36&#038;d=mm&#038;r=g 2x' class='avatar avatar-18 photo' height='18' width='18' decoding='async'\/>\t\t\n\t\t\t\t\t<a href=\"https:\/\/desarrollocristiano.pe\/author\/aprnimda7720\/\" class=\"author\" rel=\"author\">Administrador<\/a>\n\t\t\t\t\t\t\t\t\t<\/div>\n\t\t\t\t\t<div class=\"wd-modified-date\">\n\t\t\t\t\t\t\t\t<time class=\"updated\" datetime=\"2020-11-09T07:40:54-05:00\">\n\t\t\t09\/11\/2020\t\t<\/time>\n\t\t\t\t\t\t\t<\/div>\n\n\t\t\t\t\t\t\t\t\t\t\t<div class=\"wd-post-share wd-tltp\">\n\t\t\t\t\t\t\t<div class=\"tooltip top\">\n\t\t\t\t\t\t\t\t<div class=\"tooltip-inner\">\n\t\t\t\t\t\t\t\t\t\t\t\t<link rel=\"stylesheet\" id=\"wd-social-icons-css\" href=\"https:\/\/desarrollocristiano.pe\/wp-content\/themes\/woodmart\/css\/parts\/el-social-icons.min.css?ver=8.2.7\" type=\"text\/css\" media=\"all\" \/> \t\t\t\t\t\t<div\n\t\t\t\t\t\tclass=\" wd-social-icons  wd-style-default wd-size-small social-share wd-shape-circle color-scheme-light text-center\">\n\t\t\t\t\n\t\t\t\t\n\t\t\t\t\t\t\t\t\t<a rel=\"noopener noreferrer nofollow\" href=\"https:\/\/www.facebook.com\/sharer\/sharer.php?u=https:\/\/desarrollocristiano.pe\/articulos-pastorales\/\" target=\"_blank\" class=\" wd-social-icon social-facebook\" aria-label=\"Facebook social link\">\n\t\t\t\t\t\t<span class=\"wd-icon\"><\/span>\n\t\t\t\t\t\t\t\t\t\t\t<\/a>\n\t\t\t\t\n\t\t\t\t\t\t\t\t\t<a rel=\"noopener noreferrer nofollow\" href=\"https:\/\/x.com\/share?url=https:\/\/desarrollocristiano.pe\/articulos-pastorales\/\" target=\"_blank\" class=\" wd-social-icon social-twitter\" aria-label=\"X social link\">\n\t\t\t\t\t\t<span class=\"wd-icon\"><\/span>\n\t\t\t\t\t\t\t\t\t\t\t<\/a>\n\t\t\t\t\n\t\t\t\t\n\t\t\t\t\t\t\t\t\t<a rel=\"noopener noreferrer nofollow\" href=\"mailto:?subject=Check%20this%20https:\/\/desarrollocristiano.pe\/articulos-pastorales\/\" target=\"_blank\" class=\" wd-social-icon social-email\" aria-label=\"Email social link\">\n\t\t\t\t\t\t<span class=\"wd-icon\"><\/span>\n\t\t\t\t\t\t\t\t\t\t\t<\/a>\n\t\t\t\t\n\t\t\t\t\n\t\t\t\t\n\t\t\t\t\n\t\t\t\t\t\t\t\t\t<a rel=\"noopener noreferrer nofollow\" href=\"https:\/\/pinterest.com\/pin\/create\/button\/?url=https:\/\/desarrollocristiano.pe\/articulos-pastorales\/&media=https:\/\/desarrollocristiano.pe\/wp-content\/uploads\/2020\/11\/jonathan-edwards.jpg&description=POR+LA+FE+%E2%80%93+HISTORIAS+QUE+INSPIRAN%3A+SEVERO+PREDICADOR\" target=\"_blank\" class=\" wd-social-icon social-pinterest\" aria-label=\"Pinterest social link\">\n\t\t\t\t\t\t<span class=\"wd-icon\"><\/span>\n\t\t\t\t\t\t\t\t\t\t\t<\/a>\n\t\t\t\t\n\t\t\t\t\n\t\t\t\t\t\t\t\t\t<a rel=\"noopener noreferrer nofollow\" href=\"https:\/\/www.linkedin.com\/shareArticle?mini=true&url=https:\/\/desarrollocristiano.pe\/articulos-pastorales\/\" target=\"_blank\" class=\" wd-social-icon social-linkedin\" aria-label=\"Linkedin social link\">\n\t\t\t\t\t\t<span class=\"wd-icon\"><\/span>\n\t\t\t\t\t\t\t\t\t\t\t<\/a>\n\t\t\t\t\n\t\t\t\t\n\t\t\t\t\n\t\t\t\t\n\t\t\t\t\n\t\t\t\t\n\t\t\t\t\n\t\t\t\t\n\t\t\t\t\n\t\t\t\t\t\t\t\t\t<a rel=\"noopener noreferrer nofollow\" href=\"https:\/\/api.whatsapp.com\/send?text=https%3A%2F%2Fdesarrollocristiano.pe%2Farticulos-pastorales%2F\" target=\"_blank\" class=\"wd-hide-md  wd-social-icon social-whatsapp\" aria-label=\"WhatsApp social link\">\n\t\t\t\t\t\t<span class=\"wd-icon\"><\/span>\n\t\t\t\t\t\t\t\t\t\t\t<\/a>\n\n\t\t\t\t\t<a rel=\"noopener noreferrer nofollow\" href=\"whatsapp:\/\/send?text=https%3A%2F%2Fdesarrollocristiano.pe%2Farticulos-pastorales%2F\" target=\"_blank\" class=\"wd-hide-lg  wd-social-icon social-whatsapp\" aria-label=\"WhatsApp social link\">\n\t\t\t\t\t\t<span class=\"wd-icon\"><\/span>\n\t\t\t\t\t\t\t\t\t\t\t<\/a>\n\t\t\t\t\n\t\t\t\t\n\t\t\t\t\n\t\t\t\t\n\t\t\t\t\n\t\t\t\t\n\t\t\t\t\t\t\t\t\t<a rel=\"noopener noreferrer nofollow\" href=\"https:\/\/telegram.me\/share\/url?url=https:\/\/desarrollocristiano.pe\/articulos-pastorales\/\" target=\"_blank\" class=\" wd-social-icon social-tg\" aria-label=\"Telegram social link\">\n\t\t\t\t\t\t<span class=\"wd-icon\"><\/span>\n\t\t\t\t\t\t\t\t\t\t\t<\/a>\n\t\t\t\t\n\t\t\t\t\n\t\t\t<\/div>\n\n\t\t\t\t\t\t\t\t\t\t<\/div>\n\t\t\t\t\t\t\t\t<div class=\"tooltip-arrow\"><\/div>\n\t\t\t\t\t\t\t<\/div>\n\t\t\t\t\t\t<\/div>\n\t\t\t\t\t\n\t\t\t\t\t\t\t\t\t\t\t\t\t\t<link rel=\"stylesheet\" id=\"wd-blog-mod-comments-button-css\" href=\"https:\/\/desarrollocristiano.pe\/wp-content\/themes\/woodmart\/css\/parts\/blog-mod-comments-button.min.css?ver=8.2.7\" type=\"text\/css\" media=\"all\" \/> \t\t\t\t\t\t\t\t\t<div class=\"wd-post-reply wd-style-1\">\n\t\t\t\t\t\t\t<a href=\"https:\/\/desarrollocristiano.pe\/por-la-fe-historias-que-inspiran\/#respond\"><span class=\"wd-replies-count\">0<\/span><\/a>\t\t\t\t\t\t<\/div>\n\t\t\t\t\t\t\t\t\t<\/div>\n\t\t\t\n\t\t\t\t\t\t\t\t\t\t\t\t<div class=\"wd-post-excerpt entry-content\">\n\t\t\t\t\t\t<div class=\"wpb-content-wrapper\"><div class=\"vc_row wpb_row vc_row-fluid\"><div class=\"wpb_column vc_column_container vc_col-sm-12\"><div class=\"vc_column-inner\"><div class=\"wpb_wrapper\">\n\t<div class=\"wpb_text_column wpb_content_element text-larger\" >\n\t\t<div class=\"wpb_wrapper\">\n\t\t\t<p style=\"font-weight: 400; text-align: justify;\"><span style=\"font-style: inherit; font-weight: inherit;\">En febrero de 1740, Jonathan Edwards predic\u00f3 el serm\u00f3n de ordenaci\u00f3n de una congregaci\u00f3n de Cold Spring, Massachusetts. Le record\u00f3 al nuevo pastor, Edward Billing, que Dios no les encarg\u00f3 a los ministros determinar su misi\u00f3n.<\/span><\/p>\n<p style=\"font-weight: 400; text-align: justify;\"><span style=\"font-style: inherit; font-weight: inherit;\">\u00a0<\/span><span style=\"font-style: inherit; font-weight: inherit;\">\u00abLos ministros \u2014proclam\u00f3 el afamado pastor de Northampton\u2014 son enviados para completar la misi\u00f3n que Dios les encomend\u00f3. Deben predicar el mensaje que \u00e9l les ordena. \u00c9l ha puesto en sus manos un libro que contiene un resumen de doctrinas y les manda que prediquen esa Palabra\u00bb.<\/span><\/p>\n<p style=\"font-weight: 400; text-align: justify;\"><span style=\"font-style: inherit; font-weight: inherit;\">\u00a0<\/span><span style=\"font-style: inherit; font-weight: inherit;\">As\u00ed como la Palabra que predicaban no proven\u00eda de ellos mismos, y muchas veces chocaba con las suposiciones humanas, Edwards cre\u00eda que ocurr\u00eda lo mismo con el cuidado de las almas.<\/span><\/p>\n<p style=\"font-weight: 400; text-align: justify;\"><span style=\"font-style: inherit; font-weight: inherit;\">\u00a0<\/span><span style=\"font-style: inherit; font-weight: inherit;\">Con esas convicciones, Edwards asumi\u00f3 el pastorado en Northampton. El 11 de febrero de 1729, la ciudad hab\u00eda perdido a dos importantes l\u00edderes espirituales: a Solomon Stoddard, el ministro de los \u00faltimos cincuenta y siete a\u00f1os, y a Ebenezer Strong, el anciano.<\/span><\/p>\n<p style=\"font-weight: 400; text-align: justify;\"><span style=\"font-style: inherit; font-weight: inherit;\">\u00a0<\/span><span style=\"font-style: inherit; font-weight: inherit;\">Aunque entend\u00eda el dolor de su congregaci\u00f3n, el nuevo l\u00edder espiritual de Northampton consideraba estas muertes como se\u00f1ales del desagrado de Dios, y les rog\u00f3 a los ciudadanos del pueblo que se arrepintieran: \u00abExaminen qu\u00e9 han hecho para desagradar a Dios [\u2026] Todos deber\u00edan reflexionar sobre s\u00ed mismos, observar en su coraz\u00f3n la vida pasada y transformar sus pasos para testimonio de Dios\u00bb.<\/span><\/p>\n<p style=\"font-weight: 400; text-align: justify;\"><span style=\"font-style: inherit; font-weight: inherit;\">\u00a0<\/span><span style=\"font-style: inherit; font-weight: inherit;\">Desde sus primeros d\u00edas como pastor,\u00a0Edwards combin\u00f3 la convicci\u00f3n del amor de Dios por su pueblo con sermones estrictos\u00a0acerca de lo que les exig\u00eda el pacto a sus beneficiaros.<\/span><\/p>\n<p style=\"font-weight: 400; text-align: justify;\"><strong><span style=\"font-style: inherit; font-weight: inherit;\">\u00a0<\/span><\/strong><strong><span style=\"font-style: inherit; font-weight: inherit;\">Cuidado pastoral s\u00ed, consentir no<\/span><\/strong><\/p>\n<p style=\"font-weight: 400; text-align: justify;\"><span style=\"font-style: inherit; font-weight: inherit;\">Las impresiones de severidad, incluso de frialdad y distancia, fueron consolidadas por una decisi\u00f3n que tom\u00f3 Edwards al comienzo de su ministerio en Northampton,\u00a0que se desarrollar\u00eda durante veinti\u00fan a\u00f1os. Decidi\u00f3 que no realizar\u00eda visitas pastorales, pr\u00e1ctica pastoral a la \u00a0que sus fieles estaban acostumbrados, sino que solamente estar\u00eda a su lado cuando lo llamaran por casos de enfermedad u otra emergencia.<\/span><\/p>\n<p style=\"font-weight: 400; text-align: justify;\"><span style=\"font-style: inherit; font-weight: inherit;\">\u00a0<\/span><span style=\"font-style: inherit; font-weight: inherit;\">Su \u00abdisc\u00edpulo\u00bb Samuel Hopkins escribi\u00f3 que Edwards bas\u00f3 su decisi\u00f3n en una evaluaci\u00f3n realista de sus propios dones. \u00c9l cre\u00eda que simplemente no coincidir\u00eda con la\u00a0simpat\u00eda de aquellos ministros que ten\u00edan el \u00abdon de introducir un discurso rentable y religioso de una manera libre, natural, y\u2026 sin ning\u00fan esquema\u00bb. Por lo tanto, sent\u00eda que le vendr\u00eda \u00abbien a las almas [\u2026] que \u00e9l les predicara, escribiera y conversara en su despacho con las personas que ten\u00edan inquietudes religiosas, y procuraban modificarlas\u00bb.<\/span><\/p>\n<p style=\"font-weight: 400; text-align: justify;\"><span style=\"font-style: inherit; font-weight: inherit;\">\u00a0<\/span><span style=\"font-style: inherit; font-weight: inherit;\">Hopkins record\u00f3 con cari\u00f1o el afecto y la preocupaci\u00f3n que el pastor de Northampton sent\u00eda por su pueblo: \u00abPor el bien de ellos siempre escrib\u00eda, pensaba, trabajaba, oraba; y los amaba por encima de cualquier otro pueblo bajo el cielo\u00bb.<\/span><\/p>\n<p style=\"font-weight: 400; text-align: justify;\"><span style=\"font-style: inherit; font-weight: inherit;\">\u00a0<\/span><span style=\"font-style: inherit; font-weight: inherit;\">Durante el famoso Despertar de las d\u00e9cadas de 1730 y 1740, el despacho que ten\u00eda en su casa se llenaba de gente que buscaba \u00abpresentarle sus inquietudes espirituales\u00bb, comenta Hopkins. Edwards aconsejaba a cada uno.<\/span><\/p>\n<p style=\"font-weight: 400; text-align: justify;\"><span style=\"font-style: inherit; font-weight: inherit;\">Durante los a\u00f1os del avivamiento, Edwards continu\u00f3 desarrollando todas las tareas habituales de un ministro con su reba\u00f1o, entre ellas, unas cuarenta bodas. Algunas de estas involucraban a \u00a0j\u00f3venes a quienes hab\u00eda aconsejado y ense\u00f1ado, como Lyman Sadoc, que se cas\u00f3 con Sarah Clark el 31 de enero de 1745.<\/span><\/p>\n<p style=\"font-weight: 400; text-align: justify;\"><span style=\"font-style: inherit; font-weight: inherit;\">Adem\u00e1s de darles consejos espirituales a los hermanos de la iglesia, ense\u00f1arles a sus hijos, y oficiar su matrimonio, Edwards fomentaba su desarrollo intelectual, prest\u00e1ndoles libros de su biblioteca personal. A principios de la d\u00e9cada de 1730, al menos nueve personas de su congregaci\u00f3n recibieron libros de su biblioteca, que iban desde el catecismo de Isaac Watts a un tratado sobre el bautismo infantil.<\/span><\/p>\n<p style=\"font-weight: 400;\"><strong><span style=\"font-style: inherit; font-weight: inherit;\">La clase de predicaci\u00f3n que Dios quiere<\/span><\/strong><\/p>\n<p style=\"font-weight: 400; text-align: justify;\"><span style=\"font-style: inherit; font-weight: inherit;\">A medida que el Despertar inundaba Northampton, Edwards abord\u00f3 aquello que entend\u00eda como su principal responsabilidad pastoral: predicar. El ministro fiel, ense\u00f1aba, \u00abbusca pronunciar palabras agradables, y hace todo lo que de \u00e9l dependa para que su pr\u00e9dica \u00a0influya y opere cambios en sus oyentes, para verlos atentos, dispuestos a escuchar y aprender, aceptando lo que \u00e9l les ofrece con la inquietud de hacer lo mismo que \u00e9l\u00bb.<\/span><\/p>\n<p style=\"font-weight: 400; text-align: justify;\"><span style=\"font-style: inherit; font-weight: inherit;\">Como la mayor\u00eda de los puritanos,\u00a0Edwards predicaba la Biblia, dividiendo sus sermones en tres secciones: \u00abtexto\u00bb, \u00abdoctrina\u00bb y \u00abaplicaci\u00f3n\u00bb, cada uno impregnado de las Escrituras. Incluso su propia forma de hablar a menudo era sorprendentemente b\u00edblica. Escog\u00eda sus palabras con cuidado por las im\u00e1genes que creaba en la mente de sus oyentes.<\/span><\/p>\n<p style=\"font-weight: 400; text-align: justify;\"><span style=\"font-style: inherit; font-weight: inherit;\">Aunque desde el principio, se basaba en sus notas mientras predicaba, Edwards cre\u00eda que esta costumbre era \u00abuna deficiencia y una debilidad\u00bb, por eso se inclin\u00f3 a desarrollar un formato esquem\u00e1tico durante la d\u00e9cada de 1740. Su estilo, aunque restringido, era poderoso.<\/span><\/p>\n<p style=\"font-weight: 400; text-align: justify;\"><span style=\"font-style: inherit; font-weight: inherit;\">\u00abSus palabras \u2014recuerda Hopkins\u2014 descubr\u00edan un alto grado de fervor interior, y llegaban con gran peso a la mente de sus oyentes\u00bb.<\/span><\/p>\n<p style=\"font-weight: 400; text-align: justify;\"><span style=\"font-style: inherit; font-weight: inherit;\">Otra persona que lo escuch\u00f3 predicar record\u00f3 su \u00abpoder para presentar una verdad importante delante de la audiencia, con el peso abrumador del debate, y con tal intensidad de sentimiento que toda el alma del hablante era arrojada hacia aquellos que lo escuchaban\u00bb.<\/span><\/p>\n<p style=\"font-weight: 400; text-align: justify;\"><span style=\"font-style: inherit; font-weight: inherit;\">El resultado, comentaba el observador, era que \u00abla atenci\u00f3n solemne de toda la audiencia resultaba en fascinaci\u00f3n, desde el principio hasta el fin, y les dejaba impresiones imposibles de borrar\u00bb. Este admirador, por lo menos, denomin\u00f3 a Edwards como \u00abel hombre m\u00e1s elocuente que he o\u00eddo hablar\u00bb.<\/span><\/p>\n<p style=\"font-weight: 400;\"><strong><span style=\"font-style: inherit; font-weight: inherit;\">Brazos abiertos, reprensi\u00f3n tajante<\/span><\/strong><\/p>\n<p style=\"font-weight: 400; text-align: justify;\"><span style=\"font-style: inherit; font-weight: inherit;\">Edwards no solo esperaba ver almas convertidas por su ministerio, tambi\u00e9n deseaba crear una comunidad vibrante de creyentes. Anhelaba que todos en Northampton experimentaran una verdadera religi\u00f3n desde el coraz\u00f3n y la mente; no descuidaba a las mujeres de la ciudad, ni a los ni\u00f1os, ni a los esclavos.<\/span><\/p>\n<p style=\"font-weight: 400; text-align: justify;\"><span style=\"font-style: inherit; font-weight: inherit;\">En sus escritos de renacimiento, destac\u00f3 las experiencias del despertar de distintos ciudadanos como la de Abigail Hutchinson y la de otra persona, una mujer que no dio su nombre pero que en realidad era su esposa Sarah. Se alegraba al ver a los j\u00f3venes de la ciudad, como Phoebe Palmer de cuatro a\u00f1os, quien conoci\u00f3 la gracia de Dios en 1735, \u00aby dedicaba su tiempo a hablar acerca de la excelencia y el amor incondicional de Jesucristo\u00bb.<\/span><\/p>\n<p style=\"font-weight: 400; text-align: justify;\"><span style=\"font-style: inherit; font-weight: inherit;\">Y les abri\u00f3 las puertas de la iglesia a los afroamericanos en un grado poco com\u00fan en esa \u00e9poca, admitiendo varios esclavos negros como miembros en la d\u00e9cada de 1730.<\/span><\/p>\n<p style=\"font-weight: 400; text-align: justify;\"><span style=\"font-style: inherit; font-weight: inherit;\">La preocupaci\u00f3n de Edwards por el bienestar espiritual de su comunidad lo llev\u00f3 a tomar medidas disciplinarias que hoy nos parecen duras, a pesar de que eran comunes en las iglesias coloniales. Una de esas acciones ocurri\u00f3 en 1744, cuando varias ni\u00f1as de Northampton le informaron que algunos j\u00f3venes hab\u00edan utilizado un manual de comadrona para burlarse de ellas.<\/span><\/p>\n<p style=\"font-weight: 400; text-align: justify;\"><span style=\"font-style: inherit; font-weight: inherit;\">En primer lugar, Edwards predic\u00f3 un serm\u00f3n acerca de Hebreos 12.15\u00ad\u201316, en el que habl\u00f3 en contra del pecado. Luego convoc\u00f3 a una reuni\u00f3n a la iglesia. Poco despu\u00e9s de esa asamblea, Edwards elabor\u00f3 una lista de las personas que tuvieron que ver con las acciones de esos j\u00f3venes. Unos d\u00edas despu\u00e9s, el comit\u00e9 de la iglesia se reuni\u00f3 para conocer los hechos del caso.<\/span><\/p>\n<p style=\"font-weight: 400; text-align: justify;\"><span style=\"font-style: inherit; font-weight: inherit;\">Mientras que los j\u00f3venes acusados ridiculizaron a la iglesia y a su pastor durante el proceso, al menos dos de ellos finalmente confesaron haber tenido una \u00abconducta ofensiva hacia la autoridad de la iglesia\u00bb.<\/span><\/p>\n<p style=\"font-weight: 400; text-align: justify;\"><span style=\"font-style: inherit; font-weight: inherit;\">Durante todo el procedimiento, y de hecho a lo largo de todo su pastorado en Northampton, Edwards defendi\u00f3 su autoridad. No lo hizo por orgullo de su posici\u00f3n, sino porque observ\u00f3 que cuando la gente no respetaba el pacto de la iglesia, tampoco pod\u00edan vivir a la altura de la fe que profesaban.<\/span><\/p>\n<p style=\"font-weight: 400; text-align: justify;\"><strong><span style=\"font-style: inherit; font-weight: inherit;\">Condiciones para la comuni\u00f3n<\/span><\/strong><\/p>\n<p style=\"font-weight: 400; text-align: justify;\"><span style=\"font-style: inherit; font-weight: inherit;\">Durante su pastorado en Northampton, la comprensi\u00f3n de Edwards de esta profesi\u00f3n de fe se vio modificada. Solomon Stoddard, ex pastor de la ciudad y su abuelo materno, hab\u00eda ense\u00f1ado que la Cena del Se\u00f1or era una ordenanza de conversi\u00f3n, o un medio por el cual Dios pod\u00eda impartir su gracia salvadora. Durante la primera d\u00e9cada de su ministerio, Edwards estuvo de acuerdo con su abuelo. Sin embargo, como el fuego del Despertar se enfri\u00f3, creci\u00f3 la preocupaci\u00f3n Edwards por los cristianos que no pod\u00edan mantenerse interesados \u200b\u200ben los asuntos espirituales. Consecuentemente, repens\u00f3 lo que entend\u00eda como la verdadera religi\u00f3n y sus resultados sobre los cristianos.<\/span><\/p>\n<p style=\"font-weight: 400; text-align: justify;\"><span style=\"font-style: inherit; font-weight: inherit;\">Su enfoque en cuanto a los afectos religiosos, \u00ablos ejercicios vigorosos y prudentes\u00bb del coraz\u00f3n, llev\u00f3 a Edwards a esperar que la religi\u00f3n influyera tanto en el coraz\u00f3n como en la mente. Convencido de que muchas de las conversiones del Despertar eran falsas, inst\u00f3 a su congregaci\u00f3n a adoptar una pol\u00edtica de admisi\u00f3n m\u00e1s estricta, que requer\u00eda que los nuevos miembros profesaran p\u00fablicamente su fe antes de que se les permitiera participar de la Comuni\u00f3n. Este movimiento intensific\u00f3 las tensiones dentro de la Iglesia y finalmente provoc\u00f3 su despido.<\/span><\/p>\n<p style=\"font-weight: 400; text-align: justify;\"><span style=\"font-style: inherit; font-weight: inherit;\">Para Edwards, este era el precio que un pastor fiel deb\u00eda estar dispuesto a pagar por mantener una disciplina efectiva. Los riesgos eran demasiado altos para admitir cualquier palabrer\u00eda ministerial. En la ordenaci\u00f3n de David White en noviembre de 1736, record\u00f3 a sus oyentes que \u00abel trabajo de los ministros es rescatar las almas perdidas y llevarlas a la felicidad eterna, que es la obra misma por la que Cristo vino al mundo y por la cual derram\u00f3 su sangre. Dios busca que seamos instrumentos del \u00e9xito de Cristo en la obra de la redenci\u00f3n; esa es la obra m\u00e1s gloriosa\u00bb.<\/span><\/p>\n<p><!-- \/wp:post-content -->\u00a0<\/p>\n<p><!-- wp:paragraph {\"fontSize\":\"small\"} --><\/p>\n<p class=\"has-small-font-size\">Usado con permiso de Desarrollo Cristiano Internacional<br \/>Fuente: <a href=\"http:\/\/desarrollocristiano.com\/por-la-fe-historias-que-inspiran-severo-predicador\/\" target=\"_blank\" rel=\"noopener noreferrer\">http:\/\/desarrollocristiano.com\/por-la-fe-historias-que-inspiran-severo-predicador\/<\/a><\/p>\n<p><!-- \/wp:paragraph -->\u00a0<\/p>\n\n\t\t<\/div>\n\t<\/div>\n<\/div><\/div><\/div><\/div>\r\n<\/div>\t\t\t\t\t<\/div>\n\t\t\t\t\n\t\t\t\t\t\t\t\t\t<\/div>\n\t<\/div>\n<\/article>\n\n\t\t\t\t\t\t\t\t\t\t\t\n<article id=\"post-49574\" class=\"wd-post blog-design-chess blog-post-loop blog-design-small-images blog-style-bg wd-add-shadow wd-col post-49574 post type-post status-publish format-standard has-post-thumbnail hentry category-valores-del-reino\">\n\t<div class=\"wd-post-inner article-inner\">\n\t\t\t\t\t<div class=\"wd-post-thumb entry-header\">\n\t\t\t\t\t\t\t\t\t<div class=\"wd-post-img post-img-wrapp\">\n\t\t\t\t\t\t<img width=\"320\" height=\"178\" src=\"https:\/\/desarrollocristiano.pe\/wp-content\/uploads\/2020\/10\/fe-esperanza-2-religion-320x178.jpg\" class=\"attachment-large size-large\" alt=\"Fe\" decoding=\"async\" srcset=\"https:\/\/desarrollocristiano.pe\/wp-content\/uploads\/2020\/10\/fe-esperanza-2-religion-320x178.jpg 320w, https:\/\/desarrollocristiano.pe\/wp-content\/uploads\/2020\/10\/fe-esperanza-2-religion-600x333.jpg 600w, https:\/\/desarrollocristiano.pe\/wp-content\/uploads\/2020\/10\/fe-esperanza-2-religion-150x83.jpg 150w, https:\/\/desarrollocristiano.pe\/wp-content\/uploads\/2020\/10\/fe-esperanza-2-religion-1200x667.jpg 1200w, https:\/\/desarrollocristiano.pe\/wp-content\/uploads\/2020\/10\/fe-esperanza-2-religion-768x427.jpg 768w, https:\/\/desarrollocristiano.pe\/wp-content\/uploads\/2020\/10\/fe-esperanza-2-religion-1536x853.jpg 1536w, https:\/\/desarrollocristiano.pe\/wp-content\/uploads\/2020\/10\/fe-esperanza-2-religion.jpg 1849w\" sizes=\"(max-width: 320px) 100vw, 320px\" \/>\t\t\t\t\t<\/div>\n\t\t\t\t\t<a class=\"wd-fill\" href=\"https:\/\/desarrollocristiano.pe\/fe\/\"><\/a>\n\t\t\t\t\n\t\t\t\t\t\t\t\t\t\t\t\t<div class=\"wd-post-date wd-style-with-bg\">\n\t\t\t\t<span class=\"post-date-day\">\n\t\t\t\t\t29\t\t\t\t<\/span>\n\t\t\t\t<span class=\"post-date-month\">\n\t\t\t\t\tOct\t\t\t\t<\/span>\n\t\t\t<\/div>\n\t\t\t\t\t\t\t\t\t<\/div>\n\t\t\n\t\t<div class=\"wd-post-content article-body-container\">\n\t\t\t\t\t\t\t<div class=\"wd-post-cat wd-style-with-bg meta-post-categories\">\n\t\t\t\t\t<a href=\"https:\/\/desarrollocristiano.pe\/categorias\/valores-del-reino\/\" rel=\"category tag\">Valores del Reino<\/a>\t\t\t\t<\/div>\n\t\t\t\n\t\t\t\t\t\t\t<h3 class=\"wd-post-title wd-entities-title title post-title\">\n\t\t\t\t\t<a href=\"https:\/\/desarrollocristiano.pe\/fe\/\" rel=\"bookmark\">FE<\/a>\n\t\t\t\t<\/h3>\n\t\t\t\n\t\t\t\t\t\t\t<div class=\"wd-post-meta\">\n\t\t\t\t\t\t\t\t\t\t\t\t\t\t\t<div class=\"wd-post-author\">\n\t\t\t\t\t\t\t\t\t\t\t<span>Posteado por<\/span>\n\t\t\n\t\t\t\t\t<img alt='author-avatar' src='https:\/\/secure.gravatar.com\/avatar\/8f331515e2139e7ffacac78d5e21bc88ee625065cad5d063ef4da73b7cbcfc2d?s=18&#038;d=mm&#038;r=g' srcset='https:\/\/secure.gravatar.com\/avatar\/8f331515e2139e7ffacac78d5e21bc88ee625065cad5d063ef4da73b7cbcfc2d?s=36&#038;d=mm&#038;r=g 2x' class='avatar avatar-18 photo' height='18' width='18' loading='lazy' decoding='async'\/>\t\t\n\t\t\t\t\t<a href=\"https:\/\/desarrollocristiano.pe\/author\/aprnimda7720\/\" class=\"author\" rel=\"author\">Administrador<\/a>\n\t\t\t\t\t\t\t\t\t<\/div>\n\t\t\t\t\t<div class=\"wd-modified-date\">\n\t\t\t\t\t\t\t\t<time class=\"updated\" datetime=\"2020-11-09T07:50:48-05:00\">\n\t\t\t09\/11\/2020\t\t<\/time>\n\t\t\t\t\t\t\t<\/div>\n\n\t\t\t\t\t\t\t\t\t\t\t<div class=\"wd-post-share wd-tltp\">\n\t\t\t\t\t\t\t<div class=\"tooltip top\">\n\t\t\t\t\t\t\t\t<div class=\"tooltip-inner\">\n\t\t\t\t\t\t\t\t\t\t\t\t<div\n\t\t\t\t\t\tclass=\" wd-social-icons  wd-style-default wd-size-small social-share wd-shape-circle color-scheme-light text-center\">\n\t\t\t\t\n\t\t\t\t\n\t\t\t\t\t\t\t\t\t<a rel=\"noopener noreferrer nofollow\" href=\"https:\/\/www.facebook.com\/sharer\/sharer.php?u=https:\/\/desarrollocristiano.pe\/articulos-pastorales\/\" target=\"_blank\" class=\" wd-social-icon social-facebook\" aria-label=\"Facebook social link\">\n\t\t\t\t\t\t<span class=\"wd-icon\"><\/span>\n\t\t\t\t\t\t\t\t\t\t\t<\/a>\n\t\t\t\t\n\t\t\t\t\t\t\t\t\t<a rel=\"noopener noreferrer nofollow\" href=\"https:\/\/x.com\/share?url=https:\/\/desarrollocristiano.pe\/articulos-pastorales\/\" target=\"_blank\" class=\" wd-social-icon social-twitter\" aria-label=\"X social link\">\n\t\t\t\t\t\t<span class=\"wd-icon\"><\/span>\n\t\t\t\t\t\t\t\t\t\t\t<\/a>\n\t\t\t\t\n\t\t\t\t\n\t\t\t\t\t\t\t\t\t<a rel=\"noopener noreferrer nofollow\" href=\"mailto:?subject=Check%20this%20https:\/\/desarrollocristiano.pe\/articulos-pastorales\/\" target=\"_blank\" class=\" wd-social-icon social-email\" aria-label=\"Email social link\">\n\t\t\t\t\t\t<span class=\"wd-icon\"><\/span>\n\t\t\t\t\t\t\t\t\t\t\t<\/a>\n\t\t\t\t\n\t\t\t\t\n\t\t\t\t\n\t\t\t\t\n\t\t\t\t\t\t\t\t\t<a rel=\"noopener noreferrer nofollow\" href=\"https:\/\/pinterest.com\/pin\/create\/button\/?url=https:\/\/desarrollocristiano.pe\/articulos-pastorales\/&media=https:\/\/desarrollocristiano.pe\/wp-content\/uploads\/2020\/10\/fe-esperanza-2-religion.jpg&description=FE\" target=\"_blank\" class=\" wd-social-icon social-pinterest\" aria-label=\"Pinterest social link\">\n\t\t\t\t\t\t<span class=\"wd-icon\"><\/span>\n\t\t\t\t\t\t\t\t\t\t\t<\/a>\n\t\t\t\t\n\t\t\t\t\n\t\t\t\t\t\t\t\t\t<a rel=\"noopener noreferrer nofollow\" href=\"https:\/\/www.linkedin.com\/shareArticle?mini=true&url=https:\/\/desarrollocristiano.pe\/articulos-pastorales\/\" target=\"_blank\" class=\" wd-social-icon social-linkedin\" aria-label=\"Linkedin social link\">\n\t\t\t\t\t\t<span class=\"wd-icon\"><\/span>\n\t\t\t\t\t\t\t\t\t\t\t<\/a>\n\t\t\t\t\n\t\t\t\t\n\t\t\t\t\n\t\t\t\t\n\t\t\t\t\n\t\t\t\t\n\t\t\t\t\n\t\t\t\t\n\t\t\t\t\n\t\t\t\t\t\t\t\t\t<a rel=\"noopener noreferrer nofollow\" href=\"https:\/\/api.whatsapp.com\/send?text=https%3A%2F%2Fdesarrollocristiano.pe%2Farticulos-pastorales%2F\" target=\"_blank\" class=\"wd-hide-md  wd-social-icon social-whatsapp\" aria-label=\"WhatsApp social link\">\n\t\t\t\t\t\t<span class=\"wd-icon\"><\/span>\n\t\t\t\t\t\t\t\t\t\t\t<\/a>\n\n\t\t\t\t\t<a rel=\"noopener noreferrer nofollow\" href=\"whatsapp:\/\/send?text=https%3A%2F%2Fdesarrollocristiano.pe%2Farticulos-pastorales%2F\" target=\"_blank\" class=\"wd-hide-lg  wd-social-icon social-whatsapp\" aria-label=\"WhatsApp social link\">\n\t\t\t\t\t\t<span class=\"wd-icon\"><\/span>\n\t\t\t\t\t\t\t\t\t\t\t<\/a>\n\t\t\t\t\n\t\t\t\t\n\t\t\t\t\n\t\t\t\t\n\t\t\t\t\n\t\t\t\t\n\t\t\t\t\t\t\t\t\t<a rel=\"noopener noreferrer nofollow\" href=\"https:\/\/telegram.me\/share\/url?url=https:\/\/desarrollocristiano.pe\/articulos-pastorales\/\" target=\"_blank\" class=\" wd-social-icon social-tg\" aria-label=\"Telegram social link\">\n\t\t\t\t\t\t<span class=\"wd-icon\"><\/span>\n\t\t\t\t\t\t\t\t\t\t\t<\/a>\n\t\t\t\t\n\t\t\t\t\n\t\t\t<\/div>\n\n\t\t\t\t\t\t\t\t\t\t<\/div>\n\t\t\t\t\t\t\t\t<div class=\"tooltip-arrow\"><\/div>\n\t\t\t\t\t\t\t<\/div>\n\t\t\t\t\t\t<\/div>\n\t\t\t\t\t\n\t\t\t\t\t\t\t\t\t\t\t\t\t\t\t\t\t<div class=\"wd-post-reply wd-style-1\">\n\t\t\t\t\t\t\t<a href=\"https:\/\/desarrollocristiano.pe\/fe\/#respond\"><span class=\"wd-replies-count\">0<\/span><\/a>\t\t\t\t\t\t<\/div>\n\t\t\t\t\t\t\t\t\t<\/div>\n\t\t\t\n\t\t\t\t\t\t\t\t\t\t\t\t<div class=\"wd-post-excerpt entry-content\">\n\t\t\t\t\t\t<div class=\"wpb-content-wrapper\"><div class=\"vc_row wpb_row vc_row-fluid\"><div class=\"wpb_column vc_column_container vc_col-sm-12\"><div class=\"vc_column-inner\"><div class=\"wpb_wrapper\"><\/div><\/div><\/div><\/div><div class=\"vc_row wpb_row vc_row-fluid\"><div class=\"wpb_column vc_column_container vc_col-sm-12\"><div class=\"vc_column-inner\"><div class=\"wpb_wrapper\">\n\t<div class=\"wpb_text_column wpb_content_element text-larger\" >\n\t\t<div class=\"wpb_wrapper\">\n\t\t\t<p style=\"text-align: justify;\"><a class=\"bible-gateway\" href=\"http:\/\/biblegateway.com\/passage\/?search=Habacuc+7%3A1-10&amp;version=RVR1960\" target=\"_blank\" rel=\"noopener noreferrer\">Habacuc 7:1-10<\/a><\/p>\n<div>\n<p style=\"text-align: justify;\">Los enviados del centuri\u00f3n comunicaron a Jes\u00fas el mensaje que les hab\u00eda sido confiado, un mensaje que dej\u00f3 at\u00f3nito al Cristo. Dirigi\u00e9ndose a la multitud, exclam\u00f3:\u00a0<strong>\u00ab<i>Os digo que ni aun en Israel he hallado tanta fe.\u00bb<\/i><\/strong><i>\u00a0<\/i>Esta es, por dem\u00e1s, una sorprendente declaraci\u00f3n. Este hombre ten\u00eda una perspectiva sobre la\u00a0<a title=\"MInisterio y vida espiritual\" href=\"http:\/\/www.desarrollocristiano.com\/articulo.php?id=1599\">vida espiritual<\/a>\u00a0que merece nuestra atenci\u00f3n.<\/p>\n<p style=\"text-align: justify;\">Examinemos, por un momento, sus palabras. Explicando que era innecesario su presencia f\u00edsica en la casa del centuri\u00f3n, a\u00f1adi\u00f3:\u00a0<i>\u00abdi la palabra y mi siervo ser\u00e1 sanado, pues tambi\u00e9n yo soy hombre puesto bajo\u00a0<a title=\"Autoridad y dominio\" href=\"http:\/\/www.desarrollocristiano.com\/articulo.php?id=255\">autoridad<\/a>, y tengo soldados bajo mis \u00f3rdenes, y digo a este: \u201cVe\u201d, y va; y al otro: \u201cVen\u201d, y viene; y a mi siervo: \u201cHaz esto\u201d, y lo hace.\u00bb<br \/><\/i><br \/>Con seguridad existe una dimensi\u00f3n m\u00e1s profunda en las palabras de este romano de lo que nosotros podemos captar. No obstante, creo que podemos resaltar al menos dos elementos fundamentales relacionados con la fe.\u00a0La fe reconoce que cuando Dios habla tiene autoridad absoluta para decir lo que dice.\u00a0En primer lugar, este hombre entend\u00eda que la\u00a0<strong>fe descansa sobre la palabra hablada<\/strong>.<\/p>\n<p style=\"text-align: justify;\">Para los que somos parte del pueblo de Dios, esta es una importante distinci\u00f3n. Demasiados cristianos creen que la\u00a0<a title=\"Fe que da autoridad\" href=\"http:\/\/www.desarrollocristiano.com\/devocional.php?id=762&amp;c=all\">fe<\/a>\u00a0es una especie de sentimiento de entusiasmo o pasi\u00f3n.Cuanto m\u00e1s positivo sea este sentimiento m\u00e1s probable se cree son las posibilidades de que se cumpla lo que el sentimiento anhela. Por esta raz\u00f3n somos animados, con frecuencia, a cantar con m\u00e1s fe o a orar con mucha fe. La fe que se tiene en mente es una especie de fervor santo que, supuestamente, impacta al mundo espiritual.<\/p>\n<p style=\"text-align: justify;\">La fe b\u00edblica se fundamenta sobre algo mucho m\u00e1s s\u00f3lido y confiable que esto,<strong>\u00a0la Palabra eterna del Dios todopoderoso<\/strong>. Pablo claramente se\u00f1ala esto en Romanos:\u00a0<i>\u00abAs\u00ed que la fe es por el o\u00edr, y el o\u00edr, por la palabra de Dios.\u00bb\u00a0<\/i>(10.17). Fe, entonces, es algo que se nutre exclusivamente de las Palabras que han sido pronunciadas por la boca de Aquel que es soberano.<\/p>\n<p style=\"text-align: justify;\">Esto nos lleva a la segunda observaci\u00f3n sobre la fe. El centuri\u00f3n entend\u00eda que una parte esencial de la fe tiene que ver con la autoridad del que pronuncia las palabras que la sustentan. Esto es algo que, como parte de un sistema militar, entend\u00eda claramente. Ning\u00fan soldado en actividad osar\u00eda dudar de la autoridad de un oficial de rango superior. Todo el edificio militar descansa sobre el hecho de que el que da las \u00f3rdenes goza de una autoridad incuestionable a los ojos de los que las reciben.<\/p>\n<p style=\"text-align: justify;\">Del mismo modo, la fe reconoce que cuando Dios habla tiene autoridad absoluta para decir lo que dice. Sus hijos pueden creer sus Palabras, porque est\u00e1n respaldadas por su posici\u00f3n de soberano del Universo.\u00a0<strong>Si no existe un reconocimiento de esta autoridad total y absoluta, no se puede ejercer fe<\/strong>. El centuri\u00f3n reconoc\u00eda la\u00a0<a title=\"La autoridad: Peligros y Patrones\" href=\"http:\/\/www.desarrollocristiano.com\/articulo.php?id=2084\">autoridad\u00a0<\/a>del Cristo y entend\u00eda, por ello, que no hac\u00eda falta que estuviera f\u00edsicamente presente para que ocurriera algo. Bastaba que simplemente pronunciara palabras al respecto. Y as\u00ed fue. Habl\u00f3, y\u00a0<i>\u00abal regresar a casa los que hab\u00edan sido enviados, hallaron sano al siervo que hab\u00eda estado enfermo\u00bb.\u00a0<\/i><i>\u00ab\u00a1Conc\u00e9denos, Se\u00f1or, vivir en esta dimensi\u00f3n de la fe! Am\u00e9n.\u00bb<\/i><\/p>\n<\/div>\n<p>&nbsp;<\/p>\n<p>Producido y editado por Desarrollo Cristiano para www.DesarrolloCristiano.com. Todos los derechos reservados.<\/p>\n<p><!-- \/wp:post-content -->\u00a0<\/p>\n<p><!-- wp:paragraph {\"fontSize\":\"small\"} --><\/p>\n<p class=\"has-small-font-size\">Usado con permiso de Desarrollo Cristiano Internacional<br \/>Fuente: <a href=\"http:\/\/desarrollocristiano.com\/devocional\/fe\/\" target=\"_blank\" rel=\"noopener noreferrer\">http:\/\/desarrollocristiano.com\/devocional\/fe\/<\/a><\/p>\n<p><!-- \/wp:paragraph -->\u00a0<\/p>\n\n\t\t<\/div>\n\t<\/div>\n<\/div><\/div><\/div><\/div>\r\n<\/div>\t\t\t\t\t<\/div>\n\t\t\t\t\n\t\t\t\t\t\t\t\t\t<\/div>\n\t<\/div>\n<\/article>\n\n\t\t\t\t\t\t\t\t\t\t\t\n<article id=\"post-49566\" class=\"wd-post blog-design-chess blog-post-loop blog-design-small-images blog-style-bg wd-add-shadow wd-col post-49566 post type-post status-publish format-standard has-post-thumbnail hentry category-heroes-de-la-fe\">\n\t<div class=\"wd-post-inner article-inner\">\n\t\t\t\t\t<div class=\"wd-post-thumb entry-header\">\n\t\t\t\t\t\t\t\t\t<div class=\"wd-post-img post-img-wrapp\">\n\t\t\t\t\t\t<img width=\"320\" height=\"180\" src=\"https:\/\/desarrollocristiano.pe\/wp-content\/uploads\/2020\/10\/lutero-320x180.jpg\" class=\"attachment-large size-large\" alt=\"Mart\u00edn Lutero\" decoding=\"async\" loading=\"lazy\" srcset=\"https:\/\/desarrollocristiano.pe\/wp-content\/uploads\/2020\/10\/lutero-320x180.jpg 320w, https:\/\/desarrollocristiano.pe\/wp-content\/uploads\/2020\/10\/lutero-600x338.jpg 600w, https:\/\/desarrollocristiano.pe\/wp-content\/uploads\/2020\/10\/lutero-150x84.jpg 150w, https:\/\/desarrollocristiano.pe\/wp-content\/uploads\/2020\/10\/lutero-1200x675.jpg 1200w, https:\/\/desarrollocristiano.pe\/wp-content\/uploads\/2020\/10\/lutero-768x432.jpg 768w, https:\/\/desarrollocristiano.pe\/wp-content\/uploads\/2020\/10\/lutero.jpg 1280w\" sizes=\"auto, (max-width: 320px) 100vw, 320px\" \/>\t\t\t\t\t<\/div>\n\t\t\t\t\t<a class=\"wd-fill\" href=\"https:\/\/desarrollocristiano.pe\/lutero-padre-de-la-reforma-hombre-de-la-biblia\/\"><\/a>\n\t\t\t\t\n\t\t\t\t\t\t\t\t\t\t\t\t<div class=\"wd-post-date wd-style-with-bg\">\n\t\t\t\t<span class=\"post-date-day\">\n\t\t\t\t\t29\t\t\t\t<\/span>\n\t\t\t\t<span class=\"post-date-month\">\n\t\t\t\t\tOct\t\t\t\t<\/span>\n\t\t\t<\/div>\n\t\t\t\t\t\t\t\t\t<\/div>\n\t\t\n\t\t<div class=\"wd-post-content article-body-container\">\n\t\t\t\t\t\t\t<div class=\"wd-post-cat wd-style-with-bg meta-post-categories\">\n\t\t\t\t\t<a href=\"https:\/\/desarrollocristiano.pe\/categorias\/heroes-de-la-fe\/\" rel=\"category tag\">H\u00e9roes de la Fe<\/a>\t\t\t\t<\/div>\n\t\t\t\n\t\t\t\t\t\t\t<h3 class=\"wd-post-title wd-entities-title title post-title\">\n\t\t\t\t\t<a href=\"https:\/\/desarrollocristiano.pe\/lutero-padre-de-la-reforma-hombre-de-la-biblia\/\" rel=\"bookmark\">LUTERO: PADRE DE LA REFORMA, HOMBRE DE LA BIBLIA<\/a>\n\t\t\t\t<\/h3>\n\t\t\t\n\t\t\t\t\t\t\t<div class=\"wd-post-meta\">\n\t\t\t\t\t\t\t\t\t\t\t\t\t\t\t<div class=\"wd-post-author\">\n\t\t\t\t\t\t\t\t\t\t\t<span>Posteado por<\/span>\n\t\t\n\t\t\t\t\t<img alt='author-avatar' src='https:\/\/secure.gravatar.com\/avatar\/8f331515e2139e7ffacac78d5e21bc88ee625065cad5d063ef4da73b7cbcfc2d?s=18&#038;d=mm&#038;r=g' srcset='https:\/\/secure.gravatar.com\/avatar\/8f331515e2139e7ffacac78d5e21bc88ee625065cad5d063ef4da73b7cbcfc2d?s=36&#038;d=mm&#038;r=g 2x' class='avatar avatar-18 photo' height='18' width='18' loading='lazy' decoding='async'\/>\t\t\n\t\t\t\t\t<a href=\"https:\/\/desarrollocristiano.pe\/author\/aprnimda7720\/\" class=\"author\" rel=\"author\">Administrador<\/a>\n\t\t\t\t\t\t\t\t\t<\/div>\n\t\t\t\t\t<div class=\"wd-modified-date\">\n\t\t\t\t\t\t\t\t<time class=\"updated\" datetime=\"2020-11-09T07:51:40-05:00\">\n\t\t\t09\/11\/2020\t\t<\/time>\n\t\t\t\t\t\t\t<\/div>\n\n\t\t\t\t\t\t\t\t\t\t\t<div class=\"wd-post-share wd-tltp\">\n\t\t\t\t\t\t\t<div class=\"tooltip top\">\n\t\t\t\t\t\t\t\t<div class=\"tooltip-inner\">\n\t\t\t\t\t\t\t\t\t\t\t\t<div\n\t\t\t\t\t\tclass=\" wd-social-icons  wd-style-default wd-size-small social-share wd-shape-circle color-scheme-light text-center\">\n\t\t\t\t\n\t\t\t\t\n\t\t\t\t\t\t\t\t\t<a rel=\"noopener noreferrer nofollow\" href=\"https:\/\/www.facebook.com\/sharer\/sharer.php?u=https:\/\/desarrollocristiano.pe\/articulos-pastorales\/\" target=\"_blank\" class=\" wd-social-icon social-facebook\" aria-label=\"Facebook social link\">\n\t\t\t\t\t\t<span class=\"wd-icon\"><\/span>\n\t\t\t\t\t\t\t\t\t\t\t<\/a>\n\t\t\t\t\n\t\t\t\t\t\t\t\t\t<a rel=\"noopener noreferrer nofollow\" href=\"https:\/\/x.com\/share?url=https:\/\/desarrollocristiano.pe\/articulos-pastorales\/\" target=\"_blank\" class=\" wd-social-icon social-twitter\" aria-label=\"X social link\">\n\t\t\t\t\t\t<span class=\"wd-icon\"><\/span>\n\t\t\t\t\t\t\t\t\t\t\t<\/a>\n\t\t\t\t\n\t\t\t\t\n\t\t\t\t\t\t\t\t\t<a rel=\"noopener noreferrer nofollow\" href=\"mailto:?subject=Check%20this%20https:\/\/desarrollocristiano.pe\/articulos-pastorales\/\" target=\"_blank\" class=\" wd-social-icon social-email\" aria-label=\"Email social link\">\n\t\t\t\t\t\t<span class=\"wd-icon\"><\/span>\n\t\t\t\t\t\t\t\t\t\t\t<\/a>\n\t\t\t\t\n\t\t\t\t\n\t\t\t\t\n\t\t\t\t\n\t\t\t\t\t\t\t\t\t<a rel=\"noopener noreferrer nofollow\" href=\"https:\/\/pinterest.com\/pin\/create\/button\/?url=https:\/\/desarrollocristiano.pe\/articulos-pastorales\/&media=https:\/\/desarrollocristiano.pe\/wp-content\/uploads\/2020\/10\/lutero.jpg&description=LUTERO%3A+PADRE+DE+LA+REFORMA%2C+HOMBRE+DE+LA+BIBLIA\" target=\"_blank\" class=\" wd-social-icon social-pinterest\" aria-label=\"Pinterest social link\">\n\t\t\t\t\t\t<span class=\"wd-icon\"><\/span>\n\t\t\t\t\t\t\t\t\t\t\t<\/a>\n\t\t\t\t\n\t\t\t\t\n\t\t\t\t\t\t\t\t\t<a rel=\"noopener noreferrer nofollow\" href=\"https:\/\/www.linkedin.com\/shareArticle?mini=true&url=https:\/\/desarrollocristiano.pe\/articulos-pastorales\/\" target=\"_blank\" class=\" wd-social-icon social-linkedin\" aria-label=\"Linkedin social link\">\n\t\t\t\t\t\t<span class=\"wd-icon\"><\/span>\n\t\t\t\t\t\t\t\t\t\t\t<\/a>\n\t\t\t\t\n\t\t\t\t\n\t\t\t\t\n\t\t\t\t\n\t\t\t\t\n\t\t\t\t\n\t\t\t\t\n\t\t\t\t\n\t\t\t\t\n\t\t\t\t\t\t\t\t\t<a rel=\"noopener noreferrer nofollow\" href=\"https:\/\/api.whatsapp.com\/send?text=https%3A%2F%2Fdesarrollocristiano.pe%2Farticulos-pastorales%2F\" target=\"_blank\" class=\"wd-hide-md  wd-social-icon social-whatsapp\" aria-label=\"WhatsApp social link\">\n\t\t\t\t\t\t<span class=\"wd-icon\"><\/span>\n\t\t\t\t\t\t\t\t\t\t\t<\/a>\n\n\t\t\t\t\t<a rel=\"noopener noreferrer nofollow\" href=\"whatsapp:\/\/send?text=https%3A%2F%2Fdesarrollocristiano.pe%2Farticulos-pastorales%2F\" target=\"_blank\" class=\"wd-hide-lg  wd-social-icon social-whatsapp\" aria-label=\"WhatsApp social link\">\n\t\t\t\t\t\t<span class=\"wd-icon\"><\/span>\n\t\t\t\t\t\t\t\t\t\t\t<\/a>\n\t\t\t\t\n\t\t\t\t\n\t\t\t\t\n\t\t\t\t\n\t\t\t\t\n\t\t\t\t\n\t\t\t\t\t\t\t\t\t<a rel=\"noopener noreferrer nofollow\" href=\"https:\/\/telegram.me\/share\/url?url=https:\/\/desarrollocristiano.pe\/articulos-pastorales\/\" target=\"_blank\" class=\" wd-social-icon social-tg\" aria-label=\"Telegram social link\">\n\t\t\t\t\t\t<span class=\"wd-icon\"><\/span>\n\t\t\t\t\t\t\t\t\t\t\t<\/a>\n\t\t\t\t\n\t\t\t\t\n\t\t\t<\/div>\n\n\t\t\t\t\t\t\t\t\t\t<\/div>\n\t\t\t\t\t\t\t\t<div class=\"tooltip-arrow\"><\/div>\n\t\t\t\t\t\t\t<\/div>\n\t\t\t\t\t\t<\/div>\n\t\t\t\t\t\n\t\t\t\t\t\t\t\t\t\t\t\t\t\t\t\t\t<div class=\"wd-post-reply wd-style-1\">\n\t\t\t\t\t\t\t<a href=\"https:\/\/desarrollocristiano.pe\/lutero-padre-de-la-reforma-hombre-de-la-biblia\/#respond\"><span class=\"wd-replies-count\">0<\/span><\/a>\t\t\t\t\t\t<\/div>\n\t\t\t\t\t\t\t\t\t<\/div>\n\t\t\t\n\t\t\t\t\t\t\t\t\t\t\t\t<div class=\"wd-post-excerpt entry-content\">\n\t\t\t\t\t\t<div class=\"wpb-content-wrapper\"><div class=\"vc_row wpb_row vc_row-fluid\"><div class=\"wpb_column vc_column_container vc_col-sm-12\"><div class=\"vc_column-inner\"><div class=\"wpb_wrapper\">\n\t<div class=\"wpb_text_column wpb_content_element text-larger\" >\n\t\t<div class=\"wpb_wrapper\">\n\t\t\t<p style=\"text-align:justify\">Hace algunos a\u00f1os, cuando faltaba relativamente poco tiempo para celebrarse el 450 aniversario del fallecimiento de\u00a0<a href=\"http:\/\/www.desarrollocristiano.com\/articulo.php?id=639\" target=\"_blank\" rel=\"noreferrer noopener\">Mart\u00edn Lutero<\/a>\u00a0(ocurrido un 18 de febrero), recorri\u00f3 el mundo la noticia de un descubrimiento catalogado como \u00absensacional\u00bb. En efecto, los peri\u00f3dicos de muchos pa\u00edses publicaron art\u00edculos con t\u00edtulos semejantes a \u00e9stos: \u00abApareci\u00f3 la Biblia de Lutero\u00bb, \u00abDescubierta la Biblia de bolsillo de Lutero\u00bb.<\/p>\n<p style=\"text-align:justify\">La noticia no pod\u00eda ser m\u00e1s oportuna. Informaciones que se ten\u00edan de algunos aspectos de la vida del\u00a0<strong>reformador del siglo XVI<\/strong>, basadas en testimonios muy posteriores y por ello, de segunda mano, han sido ahora ratificadas como verdaderas.<br \/>La Biblia en cuesti\u00f3n fue descubierta por el investigador espa\u00f1ol Manuel Santos Noya, en la Biblioteca Estatal de Wittenberg, donde se dedicaba a catalogar viejas Biblias latinas. Al parecer, en dicha biblioteca hay unas catorce mil Biblias, en m\u00e1s de doscientos idiomas. Mientras revisaba un ejemplar en lat\u00edn de 1519, publicado en Lyon, al doctor Santos le llam\u00f3 la atenci\u00f3n que esa Biblia tuviera notas escritas a mano. El an\u00e1lisis cuidadoso de la caligraf\u00eda y el estudio del contenido de las notas han demostrado que se trata del ejemplar utilizado por el propio Mart\u00edn Lutero cuando, en el castillo de Wartburg, entre 1521 y 1522, tradujo el Nuevo Testamento al alem\u00e1n.Mart\u00edn Lutero se desempe\u00f1\u00f3 como profesor de Sagrada Escritura en la Universidad de Wittenberg, donde dict\u00f3 cursos sobre los Salmos y las ep\u00edstolas\u00a0<strong>El hombre de la Biblia.<\/strong><\/p>\n<p style=\"text-align:justify\">Este descubrimiento da pie para recordar un hecho que fuera fundamental en el movimiento reformista iniciado por el monje agustino: el lugar important\u00edsimo que la Biblia ocup\u00f3 en la vida personal de\u00a0<a href=\"http:\/\/www.desarrollocristiano.com\/articulo.php?id=638\" target=\"_blank\" rel=\"noreferrer noopener\">Mart\u00edn Lutero<\/a>\u00a0y en la r<strong>eforma protestante<\/strong>, de la que fuera incansable palad\u00edn. Ese estatus privilegiado de la Sagrada Biblia, expresado en la conocida frase\u00a0<em><strong>Sola Scriptura<\/strong><\/em>, ha sido herencia indiscutible de las iglesias hijas de la Reforma, y de todos aquellos movimientos que, aun sin nexo hist\u00f3rico con ella, recogieron el manto y se autodefinen como protestantes o evang\u00e9licos.<br \/>Mart\u00edn Lutero fue el hombre de la Biblia. No en vano se desempe\u00f1\u00f3 como profesor de Sagrada Escritura en la Universidad de Wittenberg, donde dict\u00f3 cursos sobre los Salmos y sobre las ep\u00edstolas a los Romanos y a los G\u00e1latas. Cuando despu\u00e9s de haber clavado sus\u00a0<strong>95 tesis<\/strong>\u00a0en la puerta de la iglesia del castillo de Wittenberg lo conminaron para que se retractase de sus ense\u00f1anzas, contest\u00f3 que no lo har\u00eda a menos que le demostraran, con base en las Escrituras, que estaba equivocado.<\/p>\n<p style=\"text-align:justify\">Como traductor de la Biblia a su idioma natal, Lutero contribuy\u00f3 de manera decisiva a darle configuraci\u00f3n al alem\u00e1n literario de su \u00e9poca. As\u00ed lo han se\u00f1alado los especialistas en la literatura de esa lengua. Pero, m\u00e1s que ese simple aspecto cultural por muy importante que sea, la vida y la obra del monje Mart\u00edn se agigantan para la historia, tanto por la radicalidad (en el sentido etimol\u00f3gico de la palabra, de ir a las ra\u00edces) de sus posiciones teol\u00f3gicas, como por el legado que dej\u00f3 a quienes, con sinceridad, quisieron adorar a Dios con toda libertad, seg\u00fan los dictados de su conciencia y bajo la gu\u00eda inigualable de las Sagradas Letras.<\/p>\n<p style=\"text-align:justify\"><strong>Lugar de privilegio<\/strong><br \/>Para \u00e9l la Escritura ocupaba un lugar de privilegio en todo lo referido a las definiciones dogm\u00e1ticas; es decir, a la determinaci\u00f3n de la doctrina de la Iglesia. Ello no implicaba desprecio hacia otras formas de transmisi\u00f3n de la ense\u00f1anza cristiana (como por ejemplo, los documentos de los Padres de la Iglesia), sino subordinaci\u00f3n de \u00e9stas a aquella. En otras palabras, los escritos cristianos a lo largo de los siglos son de incalculable valor para iluminar el sentido del texto b\u00edblico; pero esos escritos han de ser juzgados a la luz de las Sagradas Escrituras, y no a la inversa. El patr\u00f3n es la Biblia. Esta es la norma normans, o sea, la norma que norma, la regla que regula; lo otro, en tanto que sea de valor, ser\u00e1 norma normata, es decir, norma que est\u00e1 sujeta a otra norma superior (lo que significa que se trata de una norma que es, a su vez, normada).<br \/>La Biblia descubierta, a la que nos hemos referido en el primer p\u00e1rrafo, debido a su tama\u00f1o ha sido calificada como \u00abBiblia de bolsillo\u00bb. Las notas manuscritas revelan que Lutero sigui\u00f3 us\u00e1ndola aun despu\u00e9s de haber concluido la traducci\u00f3n. Podemos imaginarnos, quiz\u00e1s con s\u00f3lo un peque\u00f1\u00edsimo margen de error, que se trata de una Biblia que Lutero llevaba siempre consigo, lista para recibir las glosas marginales del inquieto biblista.<\/p>\n<p style=\"text-align:justify\">Esta comprensi\u00f3n que\u00a0<a href=\"http:\/\/www.desarrollocristiano.com\/libro.php?id=117&amp;c=all\" target=\"_blank\" rel=\"noreferrer noopener\">Lutero<\/a>\u00a0ten\u00eda de las Escrituras ha sido fundamental para todas las iglesias cristianas de la \u00abtradici\u00f3n protestante\u00bb (en el amplio sentido del t\u00e9rmino, seg\u00fan apuntamos antes). Por eso son preocupantes algunos fen\u00f3menos que est\u00e1n proliferando \u00faltimamente entre las iglesias evang\u00e9licas.Conocer la Biblia es mucho m\u00e1s, que el s\u00f3lo repetirla. La ignorancia en este aspecto nos convierte en presa f\u00e1cil de cualquier \u00abviento de doctrina\u00bb.\u00a0Uno de esos fen\u00f3menos en particular es en sobremanera inquietante. Nos referimos al desplazamiento de las Sagradas Escrituras hacia posiciones secundarias, en favor de la entronizaci\u00f3n de otros factores de la experiencia cristiana: los sentimientos (\u00bfse estar\u00e1n transformando esas iglesias en comunidades hedonistas, en las que se busca \u00abpasar un rato tranquilo\u00bb y \u00absentirse bien y felices\u00bb?), una mal concebida \u00abalabanza\u00bb (\u00bfsuplantar\u00e1n con la m\u00fasica y el canto a la Biblia y a la teolog\u00eda en el lugar que les corresponde en la liturgia y en la vida cristiana?), y una pobre pr\u00e1ctica de evangelizaci\u00f3n (importan ahora, m\u00e1s que la sencillez y las exigencias del mensaje del evangelio, el \u00abteatrismo\u00bb y la espectacularidad que Jes\u00fas rechaz\u00f3 con tanto vigor en la tentaci\u00f3n del desierto).<\/p>\n<p style=\"text-align:justify\"><strong>Modas religiosas<\/strong><br \/>Lo anterior puede parecer muy duro, pero hemos estado en cultos evang\u00e9licos en los que no se ha le\u00eddo la Biblia, o en los que se dedica al canto mucho m\u00e1s tiempo del que se dedica, en conjunto, a leer la Biblia y a comentarla. Para empeorar la situaci\u00f3n, muchos de esos c\u00e1nticos est\u00e1n vac\u00edos de mensaje o tienen contenidos antib\u00edblicos, o son simplemente repeticiones hasta el infinito de ciertas expresiones efectistas, con lo que lo \u00fanico que se logra es crear un estado de \u00abeuforia\u00bb en el adorador. (A prop\u00f3sito, y si se nos permite el atrevimiento, recomendamos a los lectores buscar en el diccionario el significado de la palabra euforia).<\/p>\n<p style=\"text-align:justify\">Las\u00a0<strong>\u00abmodas religiosas\u00bb\u00a0<\/strong>(de las que tampoco se escapan ciertos sectores de la Iglesia Cat\u00f3lica) s\u00f3lo revelan un hecho: la extraordinaria fragilidad del conocimiento b\u00edblico que poseen los cristianos de hoy en d\u00eda. No nos referimos principalmente a la memorizaci\u00f3n de textos b\u00edblicos, aunque lo consideramos un buen h\u00e1bito y de suma importancia. Conocer la Biblia es mucho m\u00e1s, much\u00edsimo m\u00e1s que el s\u00f3lo repetirla. La ignorancia que muchos cristianos revelan en este aspecto los convierte en presa f\u00e1cil de cualquier \u00abviento de doctrina\u00bb. Lo dicho resalta el significado y la pertinencia de la figura de\u00a0<strong>Mart\u00edn Lutero<\/strong>\u00a0para nuestra \u00e9poca, aunque ya hayan transcurrido 450 a\u00f1os desde su fallecimiento. Esa memoria nos recuerda nuestra herencia (sol\u00edan identificarnos como \u00abel pueblo del Libro\u00bb) y llama nuestra atenci\u00f3n sobre la debilidad de nuestro cristianismo moderno, que subordina la\u00a0<a href=\"http:\/\/www.desarrollocristiano.com\/articulo.php?id=1081\">Escritura\u00a0<\/a>a la emoci\u00f3n, en vez de subordinar esta \u00faltima \u00aba la Ley y los Profetas\u00bb.<\/p>\n<p style=\"text-align:justify\">\n<p>Plutarco Bonilla, oriundo de las Islas Canarias, es consultor de traducciones de las Sociedades B\u00edblicas Unidas y es editor de la revista Traducci\u00f3n de la Biblia. Actualmente vive en Costa Rica con su esposa Esperanza. \u00a9Copyright 2009, todos los derechos reservados.<\/p>\n<p style=\"text-align:justify\">\n<p class=\"has-small-font-size\">Usado con permiso de Desarrollo Cristiano Internacional<br \/>Fuente: <a href=\"http:\/\/desarrollocristiano.com\/lutero-padre-de-la-reforma-hombre-de-la-biblia\/\">http:\/\/desarrollocristiano.com\/lutero-padre-de-la-reforma-hombre-de-la-biblia\/<\/a><\/p>\n<p>\u00a0<\/p>\n\n\t\t<\/div>\n\t<\/div>\n<\/div><\/div><\/div><\/div>\r\n<\/div>\t\t\t\t\t<\/div>\n\t\t\t\t\n\t\t\t\t\t\t\t\t\t<\/div>\n\t<\/div>\n<\/article>\n\n\t\t\t\t\t\n\t\t\t\t\t","status":"no-more-posts","nextPage":"?woo_ajax=1","currentPage":"https:\/\/desarrollocristiano.pe\/articulos-pastorales\/page\/10"}